{"id":953283,"date":"2017-09-19T19:27:01","date_gmt":"2017-09-19T19:27:01","guid":{"rendered":"http:\/\/www.eldigitaldeasturias.com\/noticias\/?p=953283"},"modified":"2017-09-19T19:27:01","modified_gmt":"2017-09-19T19:27:01","slug":"arranca-el-curso-escolar-con-mas-becas-y-el-reto-de-alcanzar-un-pacto-educativo","status":"publish","type":"post","link":"https:\/\/www.eldigitaldeasturias.com\/noticias\/arranca-el-curso-escolar-con-mas-becas-y-el-reto-de-alcanzar-un-pacto-educativo\/","title":{"rendered":"Arranca el curso escolar con m\u00e1s becas y el reto de alcanzar un pacto educativo"},"content":{"rendered":"<p><img loading=\"lazy\" decoding=\"async\" class=\"alignleft size-medium wp-image-953284\" src=\"https:\/\/www.eldigitaldeasturias.com\/noticias\/wp-content\/uploads\/2017\/09\/190917-curso-360x239.jpg\" alt=\"\" width=\"360\" height=\"239\" \/>La Reina Letizia, acompa\u00f1ada por el ministro de Educaci\u00f3n, Cultura y Deporte, \u00cd\u00f1igo M\u00e9ndez de Vigo, y el presidente Gobierno de Canarias, Fernando Clavijo, ha inaugurado el Curso Escolar 2017-2018 en el Colegio de Educaci\u00f3n Infantil y Primaria &#8216;San Mat\u00edas&#8217;, de San Crist\u00f3bal de La Laguna (Santa Cruz de Tenerife).<\/p>\n<p>En el transcurso de su visita, la Reina Letizia y el ministro de Educaci\u00f3n, Cultura y Deporte han recorrido las instalaciones del centro, saludando a los alumnos de Infantil y Primaria, quienes les han mostrado trabajos manuales, pr\u00e1cticas elaboradas a trav\u00e9s de productos gastron\u00f3micos canarios. Adem\u00e1s, han conocido a los escolares ganadores del segundo premio nacional del proyecto sobre Energ\u00edas Limpias de Endesa y han podido conversar con padres y docentes.<\/p>\n<p>El curso ha comenzado con total normalidad en todas las comunidades aut\u00f3nomas y est\u00e1 dirigido a m\u00e1s de 8.150.000 alumnos, lo que supone un ligero incremento respecto al curso anterior. Un curso en el que ya trabajan los casi 700.000 profesores en los 28.400 centros educativos de toda Espa\u00f1a.<\/p>\n<p><strong>Reto de alcanzar el Pacto de Estado Social y Pol\u00edtico por la Educaci\u00f3n<\/strong><\/p>\n<p>En este comienzo de curso, nos encontramos ante un gran reto planteado por el presidente del Gobierno, Mariano Rajoy, en su discurso de investidura en el Congreso de los Diputados: el de alcanzar el Pacto de Estado Social y Pol\u00edtico por la Educaci\u00f3n, para el que se trabaja en el marco de la subcomisi\u00f3n de Educaci\u00f3n del Congreso de los Diputados y en el Senado de Espa\u00f1a.<\/p>\n<p><strong>Menos abandono escolar y m\u00e1s becas<\/strong><\/p>\n<p>Es la sociedad la que demanda un pacto de estas caracter\u00edsticas, que d\u00e9 lugar a un nuevo contexto legislativo y perdurable en el tiempo para afianzar un sistema educativo que ha seguido cosechando buenos resultados, como la reducci\u00f3n del abandono educativo temprano -que en el segundo trimestre de 2017 se sit\u00faa en el 18,2%-, con un descenso de m\u00e1s de 8 puntos desde finales de 2011, y est\u00e1 cerca del objetivo europeo del 15% para 2020.<\/p>\n<p>Un nuevo curso para el que se ha incrementado la dotaci\u00f3n presupuestaria para el sistema estatal de becas y ayudas al estudio en los Presupuestos Generales del Estado de 2017, alcanzando la cifra m\u00e1s alta de la serie hist\u00f3rica: 1.420,3 millones de euros. Un importe que ha crecido desde 2012 casi un 25%.<\/p>\n<p>En materia de becas, otra de las novedades importantes es la partida destinada a la compra de libros de texto y material did\u00e1ctico. Este curso, el Ministerio de Educaci\u00f3n, Cultura y Deporte destina un total de 50 millones de euros, el doble de lo que se estaba destinando hasta este momento.<\/p>\n<p>Adem\u00e1s, gracias a las cuentas del Gobierno para 2017, se potencian este curso los programas para la formaci\u00f3n, perfeccionamiento, movilidad del profesorado y refuerzo escolar, a cuya financiaci\u00f3n se destinan 115 millones de euros.<\/p>\n<p><strong>M\u00e1ximos niveles en atenci\u00f3n de Educaci\u00f3n Infantil<\/strong><\/p>\n<p>Por otra parte, se trata de un curso escolar que sigue en la buena direcci\u00f3n marcada el pasado a\u00f1o, a partir de una atenci\u00f3n de los alumnos en la Escuela Infantil cercana al 100%. Mientras la media europea de esta etapa -comprendida entre los 3 y 6 a\u00f1os- es del 94,8 %, en Espa\u00f1a es del 97,7%.<\/p>\n<p>Asimismo, en este curso estar\u00e1 definitivamente implantado el Plan Estrat\u00e9gico de Convivencia Escolar y el Plan Estrat\u00e9gico de Salud Escolar y Estilos de Vida Saludables.<\/p>\n<p>Adem\u00e1s, se incorporan novedades como las que suponen que los padres de ni\u00f1os prematuros puedan escolarizarles, ateni\u00e9ndose a la edad corregida, es decir, a la que debieron nacer y no a la real. Se trata de una medida opcional para las familias -impulsada por el Ministerio para Ceuta y Melilla- que puede ser tomada como referencia por las Comunidades Aut\u00f3nomas para desarrollar sus propias normas.<\/p>\n<p>Asimismo, en Ceuta y Melilla, ciudades aut\u00f3nomas en las que el Ministerio de Educaci\u00f3n, Cultura y Deporte cuenta con competencia directa, convencido este departamento de la necesidad de fomentar la lectura en las aulas, se va a garantizar que los centros puedan destinar una hora diaria (fuera del horario lectivo) para la lectura. Otro tanto sucede con la ampliaci\u00f3n a tres horas semanales de la actividad f\u00edsica en Ceuta y Melilla, pr\u00e1ctica a la que se anima al resto de las autonom\u00edas.<\/p>\n<p>&nbsp;<\/p>\n","protected":false},"excerpt":{"rendered":"<p>La Reina Letizia, acompa\u00f1ada por el ministro de Educaci\u00f3n, Cultura y Deporte, \u00cd\u00f1igo M\u00e9ndez de Vigo, y el presidente Gobierno de Canarias, Fernando Clavijo, ha inaugurado el Curso Escolar 2017-2018 en el Colegio de Educaci\u00f3n Infantil y Primaria &#8216;San Mat\u00edas&#8217;, de San Crist\u00f3bal de La Laguna (Santa Cruz de Tenerife). En el transcurso de su [&hellip;]<\/p>\n","protected":false},"author":1,"featured_media":953284,"comment_status":"closed","ping_status":"closed","sticky":false,"template":"","format":"standard","meta":{"footnotes":""},"categories":[1],"tags":[],"class_list":["post-953283","post","type-post","status-publish","format-standard","has-post-thumbnail","hentry","category-actualidad"],"aioseo_notices":[],"aioseo_head":"\n\t\t<!-- All in One SEO Pro 5.0.1 - aioseo.com -->\n\t<meta name=\"description\" content=\"La Reina Letizia, acompa\u00f1ada por el ministro de Educaci\u00f3n, Cultura y Deporte, \u00cd\u00f1igo M\u00e9ndez de Vigo, y el presidente Gobierno de Canarias, Fernando Clavijo, ha inaugurado el Curso Escolar 2017-2018 en el Colegio de Educaci\u00f3n Infantil y Primaria &#039;San Mat\u00edas&#039;, de San Crist\u00f3bal de La Laguna (Santa Cruz de Tenerife). En el transcurso de su\" \/>\n\t<meta name=\"robots\" content=\"max-image-preview:large\" \/>\n\t<meta name=\"author\" content=\"El Digital de Asturias\"\/>\n\t<meta name=\"google-site-verification\" content=\"UA-38556648-1\" \/>\n\t<meta name=\"msvalidate.01\" content=\"7dfe9f3f1b24437ab69f4f2559babe99\" \/>\n\t<meta name=\"keywords\" content=\"actualidad\" \/>\n\t<link rel=\"canonical\" href=\"https:\/\/www.eldigitaldeasturias.com\/noticias\/arranca-el-curso-escolar-con-mas-becas-y-el-reto-de-alcanzar-un-pacto-educativo\/\" \/>\n\t<meta name=\"generator\" content=\"All in One SEO Pro (AIOSEO) 5.0.1\" \/>\n\t\t<meta property=\"og:locale\" content=\"es_ES\" \/>\n\t\t<meta property=\"og:site_name\" content=\"El Digital de Asturias\" \/>\n\t\t<meta property=\"og:type\" content=\"article\" \/>\n\t\t<meta property=\"og:title\" content=\"Arranca el curso escolar con m\u00e1s becas y el reto de alcanzar un pacto educativo - El Digital de Asturias\" \/>\n\t\t<meta property=\"og:description\" content=\"La Reina Letizia, acompa\u00f1ada por el ministro de Educaci\u00f3n, Cultura y Deporte, \u00cd\u00f1igo M\u00e9ndez de Vigo, y el presidente Gobierno de Canarias, Fernando Clavijo, ha inaugurado el Curso Escolar 2017-2018 en el Colegio de Educaci\u00f3n Infantil y Primaria &#039;San Mat\u00edas&#039;, de San Crist\u00f3bal de La Laguna (Santa Cruz de Tenerife). En el transcurso de su\" \/>\n\t\t<meta property=\"og:url\" content=\"https:\/\/www.eldigitaldeasturias.com\/noticias\/arranca-el-curso-escolar-con-mas-becas-y-el-reto-de-alcanzar-un-pacto-educativo\/\" \/>\n\t\t<meta property=\"article:tag\" content=\"actualidad\" \/>\n\t\t<meta property=\"article:published_time\" content=\"2017-09-19T19:27:01+00:00\" \/>\n\t\t<meta property=\"article:modified_time\" content=\"2017-09-19T19:27:01+00:00\" \/>\n\t\t<meta property=\"article:publisher\" content=\"https:\/\/facebook.com\/eldigitaldeasturias\" \/>\n\t\t<meta name=\"twitter:card\" content=\"summary_large_image\" \/>\n\t\t<meta name=\"twitter:title\" content=\"Arranca el curso escolar con m\u00e1s becas y el reto de alcanzar un pacto educativo - El Digital de Asturias\" \/>\n\t\t<meta name=\"twitter:description\" content=\"La Reina Letizia, acompa\u00f1ada por el ministro de Educaci\u00f3n, Cultura y Deporte, \u00cd\u00f1igo M\u00e9ndez de Vigo, y el presidente Gobierno de Canarias, Fernando Clavijo, ha inaugurado el Curso Escolar 2017-2018 en el Colegio de Educaci\u00f3n Infantil y Primaria &#039;San Mat\u00edas&#039;, de San Crist\u00f3bal de La Laguna (Santa Cruz de Tenerife). En el transcurso de su\" \/>\n\t\t<meta name=\"twitter:image\" content=\"https:\/\/www.eldigitaldeasturias.com\/noticias\/wp-content\/uploads\/2020\/12\/EDA-1.jpg\" \/>\n\t\t<meta name=\"twitter:label1\" content=\"Escrito por\" \/>\n\t\t<meta name=\"twitter:data1\" content=\"El Digital de Asturias\" \/>\n\t\t<meta name=\"twitter:label2\" content=\"Tiempo de lectura estimado\" \/>\n\t\t<meta name=\"twitter:data2\" content=\"4 minutos\" \/>\n\t\t<script type=\"application\/ld+json\" class=\"aioseo-schema\">\n\t\t\t{\"@context\":\"https:\\\/\\\/schema.org\",\"@graph\":[{\"@type\":\"BlogPosting\",\"@id\":\"https:\\\/\\\/www.eldigitaldeasturias.com\\\/noticias\\\/arranca-el-curso-escolar-con-mas-becas-y-el-reto-de-alcanzar-un-pacto-educativo\\\/#blogposting\",\"name\":\"Arranca el curso escolar con m\\u00e1s becas y el reto de alcanzar un pacto educativo - El Digital de Asturias\",\"headline\":\"Arranca el curso escolar con m\\u00e1s becas y el reto de alcanzar un pacto educativo\",\"author\":{\"@id\":\"https:\\\/\\\/www.eldigitaldeasturias.com\\\/noticias\\\/author\\\/admin\\\/#author\"},\"publisher\":{\"@id\":\"https:\\\/\\\/www.eldigitaldeasturias.com\\\/noticias\\\/#organization\"},\"image\":{\"@type\":\"ImageObject\",\"url\":953284},\"datePublished\":\"2017-09-19T19:27:01+02:00\",\"dateModified\":\"2017-09-19T19:27:01+02:00\",\"inLanguage\":\"es-ES\",\"mainEntityOfPage\":{\"@id\":\"https:\\\/\\\/www.eldigitaldeasturias.com\\\/noticias\\\/arranca-el-curso-escolar-con-mas-becas-y-el-reto-de-alcanzar-un-pacto-educativo\\\/#webpage\"},\"isPartOf\":{\"@id\":\"https:\\\/\\\/www.eldigitaldeasturias.com\\\/noticias\\\/arranca-el-curso-escolar-con-mas-becas-y-el-reto-de-alcanzar-un-pacto-educativo\\\/#webpage\"},\"articleSection\":\"Actualidad\"},{\"@type\":\"BreadcrumbList\",\"@id\":\"https:\\\/\\\/www.eldigitaldeasturias.com\\\/noticias\\\/arranca-el-curso-escolar-con-mas-becas-y-el-reto-de-alcanzar-un-pacto-educativo\\\/#breadcrumblist\",\"itemListElement\":[{\"@type\":\"ListItem\",\"@id\":\"https:\\\/\\\/www.eldigitaldeasturias.com\\\/noticias#listItem\",\"position\":1,\"name\":\"Home\",\"item\":\"https:\\\/\\\/www.eldigitaldeasturias.com\\\/noticias\",\"nextItem\":{\"@type\":\"ListItem\",\"@id\":\"https:\\\/\\\/www.eldigitaldeasturias.com\\\/noticias\\\/category\\\/actualidad\\\/#listItem\",\"name\":\"Actualidad\"}},{\"@type\":\"ListItem\",\"@id\":\"https:\\\/\\\/www.eldigitaldeasturias.com\\\/noticias\\\/category\\\/actualidad\\\/#listItem\",\"position\":2,\"name\":\"Actualidad\",\"item\":\"https:\\\/\\\/www.eldigitaldeasturias.com\\\/noticias\\\/category\\\/actualidad\\\/\",\"nextItem\":{\"@type\":\"ListItem\",\"@id\":\"https:\\\/\\\/www.eldigitaldeasturias.com\\\/noticias\\\/arranca-el-curso-escolar-con-mas-becas-y-el-reto-de-alcanzar-un-pacto-educativo\\\/#listItem\",\"name\":\"Arranca el curso escolar con m\\u00e1s becas y el reto de alcanzar un pacto educativo\"},\"previousItem\":{\"@type\":\"ListItem\",\"@id\":\"https:\\\/\\\/www.eldigitaldeasturias.com\\\/noticias#listItem\",\"name\":\"Home\"}},{\"@type\":\"ListItem\",\"@id\":\"https:\\\/\\\/www.eldigitaldeasturias.com\\\/noticias\\\/arranca-el-curso-escolar-con-mas-becas-y-el-reto-de-alcanzar-un-pacto-educativo\\\/#listItem\",\"position\":3,\"name\":\"Arranca el curso escolar con m\\u00e1s becas y el reto de alcanzar un pacto educativo\",\"previousItem\":{\"@type\":\"ListItem\",\"@id\":\"https:\\\/\\\/www.eldigitaldeasturias.com\\\/noticias\\\/category\\\/actualidad\\\/#listItem\",\"name\":\"Actualidad\"}}]},{\"@type\":\"Organization\",\"@id\":\"https:\\\/\\\/www.eldigitaldeasturias.com\\\/noticias\\\/#organization\",\"name\":\"El Digital de Asturias\",\"description\":\"Hemeroteca\",\"url\":\"https:\\\/\\\/www.eldigitaldeasturias.com\\\/noticias\\\/\",\"email\":\"info@eldigitaldeasturias.com\",\"telephone\":\"+34652131393\",\"logo\":{\"@type\":\"ImageObject\",\"url\":\"https:\\\/\\\/www.eldigitaldeasturias.com\\\/noticias\\\/wp-content\\\/uploads\\\/2020\\\/12\\\/EDA.jpg\",\"@id\":\"https:\\\/\\\/www.eldigitaldeasturias.com\\\/noticias\\\/arranca-el-curso-escolar-con-mas-becas-y-el-reto-de-alcanzar-un-pacto-educativo\\\/#organizationLogo\"},\"image\":{\"@id\":\"https:\\\/\\\/www.eldigitaldeasturias.com\\\/noticias\\\/arranca-el-curso-escolar-con-mas-becas-y-el-reto-de-alcanzar-un-pacto-educativo\\\/#organizationLogo\"},\"sameAs\":[\"https:\\\/\\\/facebook.com\\\/eldigitaldeasturias\",\"https:\\\/\\\/www.youtube.com\\\/channel\\\/UCZP-2wLEB9Rv6erhFmqVnvg\"],\"address\":{\"@id\":\"https:\\\/\\\/www.eldigitaldeasturias.com\\\/noticias\\\/#postaladdress\",\"@type\":\"PostalAddress\",\"streetAddress\":\"san antonio 4\",\"postalCode\":\"33430\",\"addressLocality\":\"Cand\\u00e1s\",\"addressRegion\":\"Asturias\",\"addressCountry\":\"ES\"}},{\"@type\":\"Person\",\"@id\":\"https:\\\/\\\/www.eldigitaldeasturias.com\\\/noticias\\\/author\\\/admin\\\/#author\",\"url\":\"https:\\\/\\\/www.eldigitaldeasturias.com\\\/noticias\\\/author\\\/admin\\\/\",\"name\":\"El Digital de Asturias\",\"image\":{\"@type\":\"ImageObject\",\"@id\":\"https:\\\/\\\/www.eldigitaldeasturias.com\\\/noticias\\\/arranca-el-curso-escolar-con-mas-becas-y-el-reto-de-alcanzar-un-pacto-educativo\\\/#authorImage\",\"url\":\"https:\\\/\\\/secure.gravatar.com\\\/avatar\\\/df2aeffc32bcd13f8d26072ef8a91b623d677766deac7f97ca815868cd41bf5e?s=96&d=mm&r=g\",\"width\":96,\"height\":96,\"caption\":\"El Digital de Asturias\"}},{\"@type\":\"WebPage\",\"@id\":\"https:\\\/\\\/www.eldigitaldeasturias.com\\\/noticias\\\/arranca-el-curso-escolar-con-mas-becas-y-el-reto-de-alcanzar-un-pacto-educativo\\\/#webpage\",\"url\":\"https:\\\/\\\/www.eldigitaldeasturias.com\\\/noticias\\\/arranca-el-curso-escolar-con-mas-becas-y-el-reto-de-alcanzar-un-pacto-educativo\\\/\",\"name\":\"Arranca el curso escolar con m\\u00e1s becas y el reto de alcanzar un pacto educativo - El Digital de Asturias\",\"description\":\"La Reina Letizia, acompa\\u00f1ada por el ministro de Educaci\\u00f3n, Cultura y Deporte, \\u00cd\\u00f1igo M\\u00e9ndez de Vigo, y el presidente Gobierno de Canarias, Fernando Clavijo, ha inaugurado el Curso Escolar 2017-2018 en el Colegio de Educaci\\u00f3n Infantil y Primaria 'San Mat\\u00edas', de San Crist\\u00f3bal de La Laguna (Santa Cruz de Tenerife). En el transcurso de su\",\"inLanguage\":\"es-ES\",\"isPartOf\":{\"@id\":\"https:\\\/\\\/www.eldigitaldeasturias.com\\\/noticias\\\/#website\"},\"breadcrumb\":{\"@id\":\"https:\\\/\\\/www.eldigitaldeasturias.com\\\/noticias\\\/arranca-el-curso-escolar-con-mas-becas-y-el-reto-de-alcanzar-un-pacto-educativo\\\/#breadcrumblist\"},\"author\":{\"@id\":\"https:\\\/\\\/www.eldigitaldeasturias.com\\\/noticias\\\/author\\\/admin\\\/#author\"},\"creator\":{\"@id\":\"https:\\\/\\\/www.eldigitaldeasturias.com\\\/noticias\\\/author\\\/admin\\\/#author\"},\"image\":{\"@type\":\"ImageObject\",\"url\":953284,\"@id\":\"https:\\\/\\\/www.eldigitaldeasturias.com\\\/noticias\\\/arranca-el-curso-escolar-con-mas-becas-y-el-reto-de-alcanzar-un-pacto-educativo\\\/#mainImage\"},\"primaryImageOfPage\":{\"@id\":\"https:\\\/\\\/www.eldigitaldeasturias.com\\\/noticias\\\/arranca-el-curso-escolar-con-mas-becas-y-el-reto-de-alcanzar-un-pacto-educativo\\\/#mainImage\"},\"datePublished\":\"2017-09-19T19:27:01+02:00\",\"dateModified\":\"2017-09-19T19:27:01+02:00\"},{\"@type\":\"WebSite\",\"@id\":\"https:\\\/\\\/www.eldigitaldeasturias.com\\\/noticias\\\/#website\",\"url\":\"https:\\\/\\\/www.eldigitaldeasturias.com\\\/noticias\\\/\",\"name\":\"El Digital de Asturias - Diario de actualidad y noticias\",\"alternateName\":\"El Digital de Asturias - Diario de actualidad y noticias\",\"description\":\"Hemeroteca\",\"inLanguage\":\"es-ES\",\"publisher\":{\"@id\":\"https:\\\/\\\/www.eldigitaldeasturias.com\\\/noticias\\\/#organization\"}}]}\n\t\t<\/script>\n\t\t<!-- All in One SEO Pro -->\r\n\t\t<title>Arranca el curso escolar con m\u00e1s becas y el reto de alcanzar un pacto educativo - El Digital de Asturias<\/title>\n\n","aioseo_head_json":{"title":"Arranca el curso escolar con m\u00e1s becas y el reto de alcanzar un pacto educativo - El Digital de Asturias","description":"La Reina Letizia, acompa\u00f1ada por el ministro de Educaci\u00f3n, Cultura y Deporte, \u00cd\u00f1igo M\u00e9ndez de Vigo, y el presidente Gobierno de Canarias, Fernando Clavijo, ha inaugurado el Curso Escolar 2017-2018 en el Colegio de Educaci\u00f3n Infantil y Primaria 'San Mat\u00edas', de San Crist\u00f3bal de La Laguna (Santa Cruz de Tenerife). En el transcurso de su","canonical_url":"https:\/\/www.eldigitaldeasturias.com\/noticias\/arranca-el-curso-escolar-con-mas-becas-y-el-reto-de-alcanzar-un-pacto-educativo\/","robots":"max-image-preview:large","keywords":"actualidad","webmasterTools":{"google-site-verification":"UA-38556648-1","msvalidate.01":"7dfe9f3f1b24437ab69f4f2559babe99","miscellaneous":""},"schema":{"@context":"https:\/\/schema.org","@graph":[{"@type":"BlogPosting","@id":"https:\/\/www.eldigitaldeasturias.com\/noticias\/arranca-el-curso-escolar-con-mas-becas-y-el-reto-de-alcanzar-un-pacto-educativo\/#blogposting","name":"Arranca el curso escolar con m\u00e1s becas y el reto de alcanzar un pacto educativo - El Digital de Asturias","headline":"Arranca el curso escolar con m\u00e1s becas y el reto de alcanzar un pacto educativo","author":{"@id":"https:\/\/www.eldigitaldeasturias.com\/noticias\/author\/admin\/#author"},"publisher":{"@id":"https:\/\/www.eldigitaldeasturias.com\/noticias\/#organization"},"image":{"@type":"ImageObject","url":953284},"datePublished":"2017-09-19T19:27:01+02:00","dateModified":"2017-09-19T19:27:01+02:00","inLanguage":"es-ES","mainEntityOfPage":{"@id":"https:\/\/www.eldigitaldeasturias.com\/noticias\/arranca-el-curso-escolar-con-mas-becas-y-el-reto-de-alcanzar-un-pacto-educativo\/#webpage"},"isPartOf":{"@id":"https:\/\/www.eldigitaldeasturias.com\/noticias\/arranca-el-curso-escolar-con-mas-becas-y-el-reto-de-alcanzar-un-pacto-educativo\/#webpage"},"articleSection":"Actualidad"},{"@type":"BreadcrumbList","@id":"https:\/\/www.eldigitaldeasturias.com\/noticias\/arranca-el-curso-escolar-con-mas-becas-y-el-reto-de-alcanzar-un-pacto-educativo\/#breadcrumblist","itemListElement":[{"@type":"ListItem","@id":"https:\/\/www.eldigitaldeasturias.com\/noticias#listItem","position":1,"name":"Home","item":"https:\/\/www.eldigitaldeasturias.com\/noticias","nextItem":{"@type":"ListItem","@id":"https:\/\/www.eldigitaldeasturias.com\/noticias\/category\/actualidad\/#listItem","name":"Actualidad"}},{"@type":"ListItem","@id":"https:\/\/www.eldigitaldeasturias.com\/noticias\/category\/actualidad\/#listItem","position":2,"name":"Actualidad","item":"https:\/\/www.eldigitaldeasturias.com\/noticias\/category\/actualidad\/","nextItem":{"@type":"ListItem","@id":"https:\/\/www.eldigitaldeasturias.com\/noticias\/arranca-el-curso-escolar-con-mas-becas-y-el-reto-de-alcanzar-un-pacto-educativo\/#listItem","name":"Arranca el curso escolar con m\u00e1s becas y el reto de alcanzar un pacto educativo"},"previousItem":{"@type":"ListItem","@id":"https:\/\/www.eldigitaldeasturias.com\/noticias#listItem","name":"Home"}},{"@type":"ListItem","@id":"https:\/\/www.eldigitaldeasturias.com\/noticias\/arranca-el-curso-escolar-con-mas-becas-y-el-reto-de-alcanzar-un-pacto-educativo\/#listItem","position":3,"name":"Arranca el curso escolar con m\u00e1s becas y el reto de alcanzar un pacto educativo","previousItem":{"@type":"ListItem","@id":"https:\/\/www.eldigitaldeasturias.com\/noticias\/category\/actualidad\/#listItem","name":"Actualidad"}}]},{"@type":"Organization","@id":"https:\/\/www.eldigitaldeasturias.com\/noticias\/#organization","name":"El Digital de Asturias","description":"Hemeroteca","url":"https:\/\/www.eldigitaldeasturias.com\/noticias\/","email":"info@eldigitaldeasturias.com","telephone":"+34652131393","logo":{"@type":"ImageObject","url":"https:\/\/www.eldigitaldeasturias.com\/noticias\/wp-content\/uploads\/2020\/12\/EDA.jpg","@id":"https:\/\/www.eldigitaldeasturias.com\/noticias\/arranca-el-curso-escolar-con-mas-becas-y-el-reto-de-alcanzar-un-pacto-educativo\/#organizationLogo"},"image":{"@id":"https:\/\/www.eldigitaldeasturias.com\/noticias\/arranca-el-curso-escolar-con-mas-becas-y-el-reto-de-alcanzar-un-pacto-educativo\/#organizationLogo"},"sameAs":["https:\/\/facebook.com\/eldigitaldeasturias","https:\/\/www.youtube.com\/channel\/UCZP-2wLEB9Rv6erhFmqVnvg"],"address":{"@id":"https:\/\/www.eldigitaldeasturias.com\/noticias\/#postaladdress","@type":"PostalAddress","streetAddress":"san antonio 4","postalCode":"33430","addressLocality":"Cand\u00e1s","addressRegion":"Asturias","addressCountry":"ES"}},{"@type":"Person","@id":"https:\/\/www.eldigitaldeasturias.com\/noticias\/author\/admin\/#author","url":"https:\/\/www.eldigitaldeasturias.com\/noticias\/author\/admin\/","name":"El Digital de Asturias","image":{"@type":"ImageObject","@id":"https:\/\/www.eldigitaldeasturias.com\/noticias\/arranca-el-curso-escolar-con-mas-becas-y-el-reto-de-alcanzar-un-pacto-educativo\/#authorImage","url":"https:\/\/secure.gravatar.com\/avatar\/df2aeffc32bcd13f8d26072ef8a91b623d677766deac7f97ca815868cd41bf5e?s=96&d=mm&r=g","width":96,"height":96,"caption":"El Digital de Asturias"}},{"@type":"WebPage","@id":"https:\/\/www.eldigitaldeasturias.com\/noticias\/arranca-el-curso-escolar-con-mas-becas-y-el-reto-de-alcanzar-un-pacto-educativo\/#webpage","url":"https:\/\/www.eldigitaldeasturias.com\/noticias\/arranca-el-curso-escolar-con-mas-becas-y-el-reto-de-alcanzar-un-pacto-educativo\/","name":"Arranca el curso escolar con m\u00e1s becas y el reto de alcanzar un pacto educativo - El Digital de Asturias","description":"La Reina Letizia, acompa\u00f1ada por el ministro de Educaci\u00f3n, Cultura y Deporte, \u00cd\u00f1igo M\u00e9ndez de Vigo, y el presidente Gobierno de Canarias, Fernando Clavijo, ha inaugurado el Curso Escolar 2017-2018 en el Colegio de Educaci\u00f3n Infantil y Primaria 'San Mat\u00edas', de San Crist\u00f3bal de La Laguna (Santa Cruz de Tenerife). En el transcurso de su","inLanguage":"es-ES","isPartOf":{"@id":"https:\/\/www.eldigitaldeasturias.com\/noticias\/#website"},"breadcrumb":{"@id":"https:\/\/www.eldigitaldeasturias.com\/noticias\/arranca-el-curso-escolar-con-mas-becas-y-el-reto-de-alcanzar-un-pacto-educativo\/#breadcrumblist"},"author":{"@id":"https:\/\/www.eldigitaldeasturias.com\/noticias\/author\/admin\/#author"},"creator":{"@id":"https:\/\/www.eldigitaldeasturias.com\/noticias\/author\/admin\/#author"},"image":{"@type":"ImageObject","url":953284,"@id":"https:\/\/www.eldigitaldeasturias.com\/noticias\/arranca-el-curso-escolar-con-mas-becas-y-el-reto-de-alcanzar-un-pacto-educativo\/#mainImage"},"primaryImageOfPage":{"@id":"https:\/\/www.eldigitaldeasturias.com\/noticias\/arranca-el-curso-escolar-con-mas-becas-y-el-reto-de-alcanzar-un-pacto-educativo\/#mainImage"},"datePublished":"2017-09-19T19:27:01+02:00","dateModified":"2017-09-19T19:27:01+02:00"},{"@type":"WebSite","@id":"https:\/\/www.eldigitaldeasturias.com\/noticias\/#website","url":"https:\/\/www.eldigitaldeasturias.com\/noticias\/","name":"El Digital de Asturias - Diario de actualidad y noticias","alternateName":"El Digital de Asturias - Diario de actualidad y noticias","description":"Hemeroteca","inLanguage":"es-ES","publisher":{"@id":"https:\/\/www.eldigitaldeasturias.com\/noticias\/#organization"}}]},"og:locale":"es_ES","og:site_name":"El Digital de Asturias","og:type":"article","og:title":"Arranca el curso escolar con m\u00e1s becas y el reto de alcanzar un pacto educativo - El Digital de Asturias","og:description":"La Reina Letizia, acompa\u00f1ada por el ministro de Educaci\u00f3n, Cultura y Deporte, \u00cd\u00f1igo M\u00e9ndez de Vigo, y el presidente Gobierno de Canarias, Fernando Clavijo, ha inaugurado el Curso Escolar 2017-2018 en el Colegio de Educaci\u00f3n Infantil y Primaria 'San Mat\u00edas', de San Crist\u00f3bal de La Laguna (Santa Cruz de Tenerife). En el transcurso de su","og:url":"https:\/\/www.eldigitaldeasturias.com\/noticias\/arranca-el-curso-escolar-con-mas-becas-y-el-reto-de-alcanzar-un-pacto-educativo\/","article:tag":["actualidad"],"article:published_time":"2017-09-19T19:27:01+00:00","article:modified_time":"2017-09-19T19:27:01+00:00","article:publisher":"https:\/\/facebook.com\/eldigitaldeasturias","twitter:card":"summary_large_image","twitter:title":"Arranca el curso escolar con m\u00e1s becas y el reto de alcanzar un pacto educativo - El Digital de Asturias","twitter:description":"La Reina Letizia, acompa\u00f1ada por el ministro de Educaci\u00f3n, Cultura y Deporte, \u00cd\u00f1igo M\u00e9ndez de Vigo, y el presidente Gobierno de Canarias, Fernando Clavijo, ha inaugurado el Curso Escolar 2017-2018 en el Colegio de Educaci\u00f3n Infantil y Primaria 'San Mat\u00edas', de San Crist\u00f3bal de La Laguna (Santa Cruz de Tenerife). En el transcurso de su","twitter:image":"https:\/\/www.eldigitaldeasturias.com\/noticias\/wp-content\/uploads\/2020\/12\/EDA-1.jpg","twitter:label1":"Escrito por","twitter:data1":"El Digital de Asturias","twitter:label2":"Tiempo de lectura estimado","twitter:data2":"4 minutos"},"aioseo_meta_data":{"post_id":"953283","title":null,"description":null,"keywords":null,"keyphrases":null,"primary_term":null,"canonical_url":null,"og_title":null,"og_description":null,"og_object_type":"default","og_image_type":"default","og_image_url":null,"og_image_width":null,"og_image_height":null,"og_image_custom_url":null,"og_image_custom_fields":null,"og_video":null,"og_custom_url":null,"og_article_section":null,"og_article_tags":null,"twitter_use_og":false,"twitter_card":"default","twitter_image_type":"default","twitter_image_url":null,"twitter_image_custom_url":null,"twitter_image_custom_fields":null,"twitter_title":null,"twitter_description":null,"schema":{"blockGraphs":[],"customGraphs":[],"default":{"data":{"Article":[],"Course":[],"Dataset":[],"FAQPage":[],"Movie":[],"Person":[],"Product":[],"ProductReview":[],"Car":[],"Recipe":[],"Service":[],"SoftwareApplication":[],"WebPage":[]},"graphName":"","isEnabled":true},"graphs":[],"defaultGraph":"","defaultPostTypeGraph":""},"schema_type":null,"schema_type_options":null,"pillar_content":false,"robots_default":true,"robots_noindex":false,"robots_noarchive":false,"robots_nosnippet":false,"robots_nofollow":false,"robots_noimageindex":false,"robots_noodp":false,"robots_notranslate":false,"robots_max_snippet":null,"robots_max_videopreview":null,"robots_max_imagepreview":"large","priority":null,"frequency":null,"local_seo":null,"seo_analyzer_scan_date":"2025-12-06 01:51:45","breadcrumb_settings":null,"limit_modified_date":false,"open_ai":null,"ai":null,"created":"2020-12-21 12:57:25","updated":"2025-12-06 01:51:45","focus_keyword":null,"additional_keywords":null,"truseo_locale":null},"aioseo_breadcrumb":"<div class=\"aioseo-breadcrumbs\"><span class=\"aioseo-breadcrumb\">\n\t<a href=\"https:\/\/www.eldigitaldeasturias.com\/noticias\" title=\"Home\">Home<\/a>\n<\/span><span class=\"aioseo-breadcrumb-separator\">\u2013<\/span><span class=\"aioseo-breadcrumb\">\n\t<a href=\"https:\/\/www.eldigitaldeasturias.com\/noticias\/category\/actualidad\/\" title=\"Actualidad\">Actualidad<\/a>\n<\/span><span class=\"aioseo-breadcrumb-separator\">\u2013<\/span><span class=\"aioseo-breadcrumb\">\n\t<a href=\"https:\/\/www.eldigitaldeasturias.com\/noticias\/arranca-el-curso-escolar-con-mas-becas-y-el-reto-de-alcanzar-un-pacto-educativo\/\" title=\"Arranca el curso escolar con m\u00e1s becas y el reto de alcanzar un pacto educativo\">Arranca el curso escolar con m\u00e1s becas y el reto de alcanzar un pacto educativo<\/a>\n<\/span><\/div>","aioseo_breadcrumb_json":[{"label":"Home","link":"https:\/\/www.eldigitaldeasturias.com\/noticias"},{"label":"Actualidad","link":"https:\/\/www.eldigitaldeasturias.com\/noticias\/category\/actualidad\/"},{"label":"Arranca el curso escolar con m\u00e1s becas y el reto de alcanzar un pacto educativo","link":"https:\/\/www.eldigitaldeasturias.com\/noticias\/arranca-el-curso-escolar-con-mas-becas-y-el-reto-de-alcanzar-un-pacto-educativo\/"}],"_links":{"self":[{"href":"https:\/\/www.eldigitaldeasturias.com\/noticias\/wp-json\/wp\/v2\/posts\/953283","targetHints":{"allow":["GET"]}}],"collection":[{"href":"https:\/\/www.eldigitaldeasturias.com\/noticias\/wp-json\/wp\/v2\/posts"}],"about":[{"href":"https:\/\/www.eldigitaldeasturias.com\/noticias\/wp-json\/wp\/v2\/types\/post"}],"author":[{"embeddable":true,"href":"https:\/\/www.eldigitaldeasturias.com\/noticias\/wp-json\/wp\/v2\/users\/1"}],"replies":[{"embeddable":true,"href":"https:\/\/www.eldigitaldeasturias.com\/noticias\/wp-json\/wp\/v2\/comments?post=953283"}],"version-history":[{"count":0,"href":"https:\/\/www.eldigitaldeasturias.com\/noticias\/wp-json\/wp\/v2\/posts\/953283\/revisions"}],"wp:attachment":[{"href":"https:\/\/www.eldigitaldeasturias.com\/noticias\/wp-json\/wp\/v2\/media?parent=953283"}],"wp:term":[{"taxonomy":"category","embeddable":true,"href":"https:\/\/www.eldigitaldeasturias.com\/noticias\/wp-json\/wp\/v2\/categories?post=953283"},{"taxonomy":"post_tag","embeddable":true,"href":"https:\/\/www.eldigitaldeasturias.com\/noticias\/wp-json\/wp\/v2\/tags?post=953283"}],"curies":[{"name":"wp","href":"https:\/\/api.w.org\/{rel}","templated":true}]}}