{"id":953276,"date":"2017-09-19T19:21:18","date_gmt":"2017-09-19T19:21:18","guid":{"rendered":"http:\/\/www.eldigitaldeasturias.com\/noticias\/?p=953276"},"modified":"2017-09-19T19:21:18","modified_gmt":"2017-09-19T19:21:18","slug":"la-academia-de-cine-lamenta-la-perdida-de-jose-salcedo","status":"publish","type":"post","link":"https:\/\/www.eldigitaldeasturias.com\/noticias\/la-academia-de-cine-lamenta-la-perdida-de-jose-salcedo\/","title":{"rendered":"La Academia de Cine lamenta la p\u00e9rdida de Jos\u00e9 Salcedo"},"content":{"rendered":"<p><img loading=\"lazy\" decoding=\"async\" class=\"alignleft size-medium wp-image-953277\" src=\"https:\/\/www.eldigitaldeasturias.com\/noticias\/wp-content\/uploads\/2017\/09\/Salcedo-320x320.jpg\" alt=\"\" width=\"320\" height=\"320\" \/>La Academia de Cine lamenta profundamente la p\u00e9rdida de Jos\u00e9 Salcedo, uno de los m\u00e1s potentes montadores espa\u00f1oles, que falleci\u00f3 este martes en Madrid, a los 68 a\u00f1os de edad. Reconocido con la Medalla de Oro 2017 de la instituci\u00f3n, galard\u00f3n cuya entrega estaba prevista para las pr\u00f3ximas semanas, y con tres Premios Goya por Mujeres al borde de un ataque de nervios, Nadie hablar\u00e1 de nosotras cuando hayamos muerto y Todo sobre mi madre, el prol\u00edfico montador manchego conoc\u00eda todos los secretos que esconde la sala de montaje, oficio en el que empez\u00f3 como auxiliar y ayudante de dos maestros: Pablo del Amo y Pedro del Rey.<\/p>\n<p>\u201cLa Academia lamenta profundamente la p\u00e9rdida de uno de los montadores de referencia del cine espa\u00f1ol. Jos\u00e9 Salcedo era uno de los pocos nombres propios que, en un oficio tan determinante para el cine como es el montaje, era siempre sin\u00f3nimo de excelencia, como demostr\u00f3 en las m\u00e1s de 150 pel\u00edculas que llevan su firma\u201d, expres\u00f3 la presidenta de la Academia, Yvonne Blake, nada m\u00e1s conocer la noticia.<\/p>\n<p>\u201cDesde la Academia estamos preparando con cari\u00f1o lo que deb\u00eda ser la entrega de su Medalla de Oro, y que ahora se convertir\u00e1 en un homenaje para \u00e9l y los suyos. Un d\u00eda para recordar a Salcedo, y la marca ya inolvidable que ha dejado en el cine espa\u00f1ol\u201d, resalt\u00f3 Blake.<\/p>\n<p>Montador por excelencia de Pedro Almod\u00f3var, que cont\u00f3 con este veterano profesional en todas sus obras desde Pepi, Luci, Bom y otras chicas del mont\u00f3n hasta Julieta, Salcedo ha compartido su larga carrera con, entre otros, Eloy de la Iglesia, Agust\u00edn D\u00edaz Yanes, Jos\u00e9 Luis Borau, Jaime Ch\u00e1varri, Pedro Olea, Gonzalo Su\u00e1rez, Manuel G\u00f3mez Pereira, Manuel Guti\u00e9rrez Arag\u00f3n, Santiago Tabernero, Juan Luis Iborra, Yolanda Garc\u00eda Serrano, Josetxo San Mateo, Daniel Calparsoro y Luis Bu\u00f1uel, con el que comenz\u00f3 de ayudante en Tristana.<\/p>\n<p>Jos\u00e9 Salcedo (Ciudad Real, 1949) mont\u00f3 su primera pel\u00edcula a los veintitr\u00e9s a\u00f1os y, desde entonces, ha aparecido en los t\u00edtulos de cr\u00e9dito de m\u00e1s de 150 producciones, la \u00faltima Nadie muere en Ambros\u00eda, t\u00edtulo que, como Oro, ten\u00eda pendiente de estreno.<\/p>\n<p>\u201cYo monto desde el coraz\u00f3n\u00bb, dec\u00eda siempre este risue\u00f1o t\u00e9cnico que llevaba el cine en la sangre y que no dej\u00f3 de reinventar el medio desde su mesa de trabajo. Toda una lecci\u00f3n de dedicaci\u00f3n de este veterano profesional a quien la Academia dedica este mes un ciclo con algunas de las pel\u00edculas en las que trabaj\u00f3.<\/p>\n<p>&nbsp;<\/p>\n","protected":false},"excerpt":{"rendered":"<p>La Academia de Cine lamenta profundamente la p\u00e9rdida de Jos\u00e9 Salcedo, uno de los m\u00e1s potentes montadores espa\u00f1oles, que falleci\u00f3 este martes en Madrid, a los 68 a\u00f1os de edad. Reconocido con la Medalla de Oro 2017 de la instituci\u00f3n, galard\u00f3n cuya entrega estaba prevista para las pr\u00f3ximas semanas, y con tres Premios Goya por [&hellip;]<\/p>\n","protected":false},"author":1,"featured_media":953277,"comment_status":"closed","ping_status":"closed","sticky":false,"template":"","format":"standard","meta":{"footnotes":""},"categories":[1],"tags":[],"class_list":["post-953276","post","type-post","status-publish","format-standard","has-post-thumbnail","hentry","category-actualidad"],"aioseo_notices":[],"aioseo_head":"\n\t\t<!-- All in One SEO Pro 5.0.1 - aioseo.com -->\n\t<meta name=\"description\" content=\"La Academia de Cine lamenta profundamente la p\u00e9rdida de Jos\u00e9 Salcedo, uno de los m\u00e1s potentes montadores espa\u00f1oles, que falleci\u00f3 este martes en Madrid, a los 68 a\u00f1os de edad. Reconocido con la Medalla de Oro 2017 de la instituci\u00f3n, galard\u00f3n cuya entrega estaba prevista para las pr\u00f3ximas semanas, y con tres Premios Goya por\" \/>\n\t<meta name=\"robots\" content=\"max-image-preview:large\" \/>\n\t<meta name=\"author\" content=\"El Digital de Asturias\"\/>\n\t<meta name=\"google-site-verification\" content=\"UA-38556648-1\" \/>\n\t<meta name=\"msvalidate.01\" content=\"7dfe9f3f1b24437ab69f4f2559babe99\" \/>\n\t<meta name=\"keywords\" content=\"actualidad\" \/>\n\t<link rel=\"canonical\" href=\"https:\/\/www.eldigitaldeasturias.com\/noticias\/la-academia-de-cine-lamenta-la-perdida-de-jose-salcedo\/\" \/>\n\t<meta name=\"generator\" content=\"All in One SEO Pro (AIOSEO) 5.0.1\" \/>\n\t\t<meta property=\"og:locale\" content=\"es_ES\" \/>\n\t\t<meta property=\"og:site_name\" content=\"El Digital de Asturias\" \/>\n\t\t<meta property=\"og:type\" content=\"article\" \/>\n\t\t<meta property=\"og:title\" content=\"La Academia de Cine lamenta la p\u00e9rdida de Jos\u00e9 Salcedo - El Digital de Asturias\" \/>\n\t\t<meta property=\"og:description\" content=\"La Academia de Cine lamenta profundamente la p\u00e9rdida de Jos\u00e9 Salcedo, uno de los m\u00e1s potentes montadores espa\u00f1oles, que falleci\u00f3 este martes en Madrid, a los 68 a\u00f1os de edad. Reconocido con la Medalla de Oro 2017 de la instituci\u00f3n, galard\u00f3n cuya entrega estaba prevista para las pr\u00f3ximas semanas, y con tres Premios Goya por\" \/>\n\t\t<meta property=\"og:url\" content=\"https:\/\/www.eldigitaldeasturias.com\/noticias\/la-academia-de-cine-lamenta-la-perdida-de-jose-salcedo\/\" \/>\n\t\t<meta property=\"article:tag\" content=\"actualidad\" \/>\n\t\t<meta property=\"article:published_time\" content=\"2017-09-19T19:21:18+00:00\" \/>\n\t\t<meta property=\"article:modified_time\" content=\"2017-09-19T19:21:18+00:00\" \/>\n\t\t<meta property=\"article:publisher\" content=\"https:\/\/facebook.com\/eldigitaldeasturias\" \/>\n\t\t<meta name=\"twitter:card\" content=\"summary_large_image\" \/>\n\t\t<meta name=\"twitter:title\" content=\"La Academia de Cine lamenta la p\u00e9rdida de Jos\u00e9 Salcedo - El Digital de Asturias\" \/>\n\t\t<meta name=\"twitter:description\" content=\"La Academia de Cine lamenta profundamente la p\u00e9rdida de Jos\u00e9 Salcedo, uno de los m\u00e1s potentes montadores espa\u00f1oles, que falleci\u00f3 este martes en Madrid, a los 68 a\u00f1os de edad. Reconocido con la Medalla de Oro 2017 de la instituci\u00f3n, galard\u00f3n cuya entrega estaba prevista para las pr\u00f3ximas semanas, y con tres Premios Goya por\" \/>\n\t\t<meta name=\"twitter:image\" content=\"https:\/\/www.eldigitaldeasturias.com\/noticias\/wp-content\/uploads\/2020\/12\/EDA-1.jpg\" \/>\n\t\t<meta name=\"twitter:label1\" content=\"Escrito por\" \/>\n\t\t<meta name=\"twitter:data1\" content=\"El Digital de Asturias\" \/>\n\t\t<meta name=\"twitter:label2\" content=\"Tiempo de lectura estimado\" \/>\n\t\t<meta name=\"twitter:data2\" content=\"2 minutos\" \/>\n\t\t<script type=\"application\/ld+json\" class=\"aioseo-schema\">\n\t\t\t{\"@context\":\"https:\\\/\\\/schema.org\",\"@graph\":[{\"@type\":\"BlogPosting\",\"@id\":\"https:\\\/\\\/www.eldigitaldeasturias.com\\\/noticias\\\/la-academia-de-cine-lamenta-la-perdida-de-jose-salcedo\\\/#blogposting\",\"name\":\"La Academia de Cine lamenta la p\\u00e9rdida de Jos\\u00e9 Salcedo - El Digital de Asturias\",\"headline\":\"La Academia de Cine lamenta la p\\u00e9rdida de Jos\\u00e9 Salcedo\",\"author\":{\"@id\":\"https:\\\/\\\/www.eldigitaldeasturias.com\\\/noticias\\\/author\\\/admin\\\/#author\"},\"publisher\":{\"@id\":\"https:\\\/\\\/www.eldigitaldeasturias.com\\\/noticias\\\/#organization\"},\"image\":{\"@type\":\"ImageObject\",\"url\":953277},\"datePublished\":\"2017-09-19T19:21:18+02:00\",\"dateModified\":\"2017-09-19T19:21:18+02:00\",\"inLanguage\":\"es-ES\",\"mainEntityOfPage\":{\"@id\":\"https:\\\/\\\/www.eldigitaldeasturias.com\\\/noticias\\\/la-academia-de-cine-lamenta-la-perdida-de-jose-salcedo\\\/#webpage\"},\"isPartOf\":{\"@id\":\"https:\\\/\\\/www.eldigitaldeasturias.com\\\/noticias\\\/la-academia-de-cine-lamenta-la-perdida-de-jose-salcedo\\\/#webpage\"},\"articleSection\":\"Actualidad\"},{\"@type\":\"BreadcrumbList\",\"@id\":\"https:\\\/\\\/www.eldigitaldeasturias.com\\\/noticias\\\/la-academia-de-cine-lamenta-la-perdida-de-jose-salcedo\\\/#breadcrumblist\",\"itemListElement\":[{\"@type\":\"ListItem\",\"@id\":\"https:\\\/\\\/www.eldigitaldeasturias.com\\\/noticias#listItem\",\"position\":1,\"name\":\"Home\",\"item\":\"https:\\\/\\\/www.eldigitaldeasturias.com\\\/noticias\",\"nextItem\":{\"@type\":\"ListItem\",\"@id\":\"https:\\\/\\\/www.eldigitaldeasturias.com\\\/noticias\\\/category\\\/actualidad\\\/#listItem\",\"name\":\"Actualidad\"}},{\"@type\":\"ListItem\",\"@id\":\"https:\\\/\\\/www.eldigitaldeasturias.com\\\/noticias\\\/category\\\/actualidad\\\/#listItem\",\"position\":2,\"name\":\"Actualidad\",\"item\":\"https:\\\/\\\/www.eldigitaldeasturias.com\\\/noticias\\\/category\\\/actualidad\\\/\",\"nextItem\":{\"@type\":\"ListItem\",\"@id\":\"https:\\\/\\\/www.eldigitaldeasturias.com\\\/noticias\\\/la-academia-de-cine-lamenta-la-perdida-de-jose-salcedo\\\/#listItem\",\"name\":\"La Academia de Cine lamenta la p\\u00e9rdida de Jos\\u00e9 Salcedo\"},\"previousItem\":{\"@type\":\"ListItem\",\"@id\":\"https:\\\/\\\/www.eldigitaldeasturias.com\\\/noticias#listItem\",\"name\":\"Home\"}},{\"@type\":\"ListItem\",\"@id\":\"https:\\\/\\\/www.eldigitaldeasturias.com\\\/noticias\\\/la-academia-de-cine-lamenta-la-perdida-de-jose-salcedo\\\/#listItem\",\"position\":3,\"name\":\"La Academia de Cine lamenta la p\\u00e9rdida de Jos\\u00e9 Salcedo\",\"previousItem\":{\"@type\":\"ListItem\",\"@id\":\"https:\\\/\\\/www.eldigitaldeasturias.com\\\/noticias\\\/category\\\/actualidad\\\/#listItem\",\"name\":\"Actualidad\"}}]},{\"@type\":\"Organization\",\"@id\":\"https:\\\/\\\/www.eldigitaldeasturias.com\\\/noticias\\\/#organization\",\"name\":\"El Digital de Asturias\",\"description\":\"Hemeroteca\",\"url\":\"https:\\\/\\\/www.eldigitaldeasturias.com\\\/noticias\\\/\",\"email\":\"info@eldigitaldeasturias.com\",\"telephone\":\"+34652131393\",\"logo\":{\"@type\":\"ImageObject\",\"url\":\"https:\\\/\\\/www.eldigitaldeasturias.com\\\/noticias\\\/wp-content\\\/uploads\\\/2020\\\/12\\\/EDA.jpg\",\"@id\":\"https:\\\/\\\/www.eldigitaldeasturias.com\\\/noticias\\\/la-academia-de-cine-lamenta-la-perdida-de-jose-salcedo\\\/#organizationLogo\"},\"image\":{\"@id\":\"https:\\\/\\\/www.eldigitaldeasturias.com\\\/noticias\\\/la-academia-de-cine-lamenta-la-perdida-de-jose-salcedo\\\/#organizationLogo\"},\"sameAs\":[\"https:\\\/\\\/facebook.com\\\/eldigitaldeasturias\",\"https:\\\/\\\/www.youtube.com\\\/channel\\\/UCZP-2wLEB9Rv6erhFmqVnvg\"],\"address\":{\"@id\":\"https:\\\/\\\/www.eldigitaldeasturias.com\\\/noticias\\\/#postaladdress\",\"@type\":\"PostalAddress\",\"streetAddress\":\"san antonio 4\",\"postalCode\":\"33430\",\"addressLocality\":\"Cand\\u00e1s\",\"addressRegion\":\"Asturias\",\"addressCountry\":\"ES\"}},{\"@type\":\"Person\",\"@id\":\"https:\\\/\\\/www.eldigitaldeasturias.com\\\/noticias\\\/author\\\/admin\\\/#author\",\"url\":\"https:\\\/\\\/www.eldigitaldeasturias.com\\\/noticias\\\/author\\\/admin\\\/\",\"name\":\"El Digital de Asturias\",\"image\":{\"@type\":\"ImageObject\",\"@id\":\"https:\\\/\\\/www.eldigitaldeasturias.com\\\/noticias\\\/la-academia-de-cine-lamenta-la-perdida-de-jose-salcedo\\\/#authorImage\",\"url\":\"https:\\\/\\\/secure.gravatar.com\\\/avatar\\\/df2aeffc32bcd13f8d26072ef8a91b623d677766deac7f97ca815868cd41bf5e?s=96&d=mm&r=g\",\"width\":96,\"height\":96,\"caption\":\"El Digital de Asturias\"}},{\"@type\":\"WebPage\",\"@id\":\"https:\\\/\\\/www.eldigitaldeasturias.com\\\/noticias\\\/la-academia-de-cine-lamenta-la-perdida-de-jose-salcedo\\\/#webpage\",\"url\":\"https:\\\/\\\/www.eldigitaldeasturias.com\\\/noticias\\\/la-academia-de-cine-lamenta-la-perdida-de-jose-salcedo\\\/\",\"name\":\"La Academia de Cine lamenta la p\\u00e9rdida de Jos\\u00e9 Salcedo - El Digital de Asturias\",\"description\":\"La Academia de Cine lamenta profundamente la p\\u00e9rdida de Jos\\u00e9 Salcedo, uno de los m\\u00e1s potentes montadores espa\\u00f1oles, que falleci\\u00f3 este martes en Madrid, a los 68 a\\u00f1os de edad. Reconocido con la Medalla de Oro 2017 de la instituci\\u00f3n, galard\\u00f3n cuya entrega estaba prevista para las pr\\u00f3ximas semanas, y con tres Premios Goya por\",\"inLanguage\":\"es-ES\",\"isPartOf\":{\"@id\":\"https:\\\/\\\/www.eldigitaldeasturias.com\\\/noticias\\\/#website\"},\"breadcrumb\":{\"@id\":\"https:\\\/\\\/www.eldigitaldeasturias.com\\\/noticias\\\/la-academia-de-cine-lamenta-la-perdida-de-jose-salcedo\\\/#breadcrumblist\"},\"author\":{\"@id\":\"https:\\\/\\\/www.eldigitaldeasturias.com\\\/noticias\\\/author\\\/admin\\\/#author\"},\"creator\":{\"@id\":\"https:\\\/\\\/www.eldigitaldeasturias.com\\\/noticias\\\/author\\\/admin\\\/#author\"},\"image\":{\"@type\":\"ImageObject\",\"url\":953277,\"@id\":\"https:\\\/\\\/www.eldigitaldeasturias.com\\\/noticias\\\/la-academia-de-cine-lamenta-la-perdida-de-jose-salcedo\\\/#mainImage\"},\"primaryImageOfPage\":{\"@id\":\"https:\\\/\\\/www.eldigitaldeasturias.com\\\/noticias\\\/la-academia-de-cine-lamenta-la-perdida-de-jose-salcedo\\\/#mainImage\"},\"datePublished\":\"2017-09-19T19:21:18+02:00\",\"dateModified\":\"2017-09-19T19:21:18+02:00\"},{\"@type\":\"WebSite\",\"@id\":\"https:\\\/\\\/www.eldigitaldeasturias.com\\\/noticias\\\/#website\",\"url\":\"https:\\\/\\\/www.eldigitaldeasturias.com\\\/noticias\\\/\",\"name\":\"El Digital de Asturias - Diario de actualidad y noticias\",\"alternateName\":\"El Digital de Asturias - Diario de actualidad y noticias\",\"description\":\"Hemeroteca\",\"inLanguage\":\"es-ES\",\"publisher\":{\"@id\":\"https:\\\/\\\/www.eldigitaldeasturias.com\\\/noticias\\\/#organization\"}}]}\n\t\t<\/script>\n\t\t<!-- All in One SEO Pro -->\r\n\t\t<title>La Academia de Cine lamenta la p\u00e9rdida de Jos\u00e9 Salcedo - El Digital de Asturias<\/title>\n\n","aioseo_head_json":{"title":"La Academia de Cine lamenta la p\u00e9rdida de Jos\u00e9 Salcedo - El Digital de Asturias","description":"La Academia de Cine lamenta profundamente la p\u00e9rdida de Jos\u00e9 Salcedo, uno de los m\u00e1s potentes montadores espa\u00f1oles, que falleci\u00f3 este martes en Madrid, a los 68 a\u00f1os de edad. Reconocido con la Medalla de Oro 2017 de la instituci\u00f3n, galard\u00f3n cuya entrega estaba prevista para las pr\u00f3ximas semanas, y con tres Premios Goya por","canonical_url":"https:\/\/www.eldigitaldeasturias.com\/noticias\/la-academia-de-cine-lamenta-la-perdida-de-jose-salcedo\/","robots":"max-image-preview:large","keywords":"actualidad","webmasterTools":{"google-site-verification":"UA-38556648-1","msvalidate.01":"7dfe9f3f1b24437ab69f4f2559babe99","miscellaneous":""},"schema":{"@context":"https:\/\/schema.org","@graph":[{"@type":"BlogPosting","@id":"https:\/\/www.eldigitaldeasturias.com\/noticias\/la-academia-de-cine-lamenta-la-perdida-de-jose-salcedo\/#blogposting","name":"La Academia de Cine lamenta la p\u00e9rdida de Jos\u00e9 Salcedo - El Digital de Asturias","headline":"La Academia de Cine lamenta la p\u00e9rdida de Jos\u00e9 Salcedo","author":{"@id":"https:\/\/www.eldigitaldeasturias.com\/noticias\/author\/admin\/#author"},"publisher":{"@id":"https:\/\/www.eldigitaldeasturias.com\/noticias\/#organization"},"image":{"@type":"ImageObject","url":953277},"datePublished":"2017-09-19T19:21:18+02:00","dateModified":"2017-09-19T19:21:18+02:00","inLanguage":"es-ES","mainEntityOfPage":{"@id":"https:\/\/www.eldigitaldeasturias.com\/noticias\/la-academia-de-cine-lamenta-la-perdida-de-jose-salcedo\/#webpage"},"isPartOf":{"@id":"https:\/\/www.eldigitaldeasturias.com\/noticias\/la-academia-de-cine-lamenta-la-perdida-de-jose-salcedo\/#webpage"},"articleSection":"Actualidad"},{"@type":"BreadcrumbList","@id":"https:\/\/www.eldigitaldeasturias.com\/noticias\/la-academia-de-cine-lamenta-la-perdida-de-jose-salcedo\/#breadcrumblist","itemListElement":[{"@type":"ListItem","@id":"https:\/\/www.eldigitaldeasturias.com\/noticias#listItem","position":1,"name":"Home","item":"https:\/\/www.eldigitaldeasturias.com\/noticias","nextItem":{"@type":"ListItem","@id":"https:\/\/www.eldigitaldeasturias.com\/noticias\/category\/actualidad\/#listItem","name":"Actualidad"}},{"@type":"ListItem","@id":"https:\/\/www.eldigitaldeasturias.com\/noticias\/category\/actualidad\/#listItem","position":2,"name":"Actualidad","item":"https:\/\/www.eldigitaldeasturias.com\/noticias\/category\/actualidad\/","nextItem":{"@type":"ListItem","@id":"https:\/\/www.eldigitaldeasturias.com\/noticias\/la-academia-de-cine-lamenta-la-perdida-de-jose-salcedo\/#listItem","name":"La Academia de Cine lamenta la p\u00e9rdida de Jos\u00e9 Salcedo"},"previousItem":{"@type":"ListItem","@id":"https:\/\/www.eldigitaldeasturias.com\/noticias#listItem","name":"Home"}},{"@type":"ListItem","@id":"https:\/\/www.eldigitaldeasturias.com\/noticias\/la-academia-de-cine-lamenta-la-perdida-de-jose-salcedo\/#listItem","position":3,"name":"La Academia de Cine lamenta la p\u00e9rdida de Jos\u00e9 Salcedo","previousItem":{"@type":"ListItem","@id":"https:\/\/www.eldigitaldeasturias.com\/noticias\/category\/actualidad\/#listItem","name":"Actualidad"}}]},{"@type":"Organization","@id":"https:\/\/www.eldigitaldeasturias.com\/noticias\/#organization","name":"El Digital de Asturias","description":"Hemeroteca","url":"https:\/\/www.eldigitaldeasturias.com\/noticias\/","email":"info@eldigitaldeasturias.com","telephone":"+34652131393","logo":{"@type":"ImageObject","url":"https:\/\/www.eldigitaldeasturias.com\/noticias\/wp-content\/uploads\/2020\/12\/EDA.jpg","@id":"https:\/\/www.eldigitaldeasturias.com\/noticias\/la-academia-de-cine-lamenta-la-perdida-de-jose-salcedo\/#organizationLogo"},"image":{"@id":"https:\/\/www.eldigitaldeasturias.com\/noticias\/la-academia-de-cine-lamenta-la-perdida-de-jose-salcedo\/#organizationLogo"},"sameAs":["https:\/\/facebook.com\/eldigitaldeasturias","https:\/\/www.youtube.com\/channel\/UCZP-2wLEB9Rv6erhFmqVnvg"],"address":{"@id":"https:\/\/www.eldigitaldeasturias.com\/noticias\/#postaladdress","@type":"PostalAddress","streetAddress":"san antonio 4","postalCode":"33430","addressLocality":"Cand\u00e1s","addressRegion":"Asturias","addressCountry":"ES"}},{"@type":"Person","@id":"https:\/\/www.eldigitaldeasturias.com\/noticias\/author\/admin\/#author","url":"https:\/\/www.eldigitaldeasturias.com\/noticias\/author\/admin\/","name":"El Digital de Asturias","image":{"@type":"ImageObject","@id":"https:\/\/www.eldigitaldeasturias.com\/noticias\/la-academia-de-cine-lamenta-la-perdida-de-jose-salcedo\/#authorImage","url":"https:\/\/secure.gravatar.com\/avatar\/df2aeffc32bcd13f8d26072ef8a91b623d677766deac7f97ca815868cd41bf5e?s=96&d=mm&r=g","width":96,"height":96,"caption":"El Digital de Asturias"}},{"@type":"WebPage","@id":"https:\/\/www.eldigitaldeasturias.com\/noticias\/la-academia-de-cine-lamenta-la-perdida-de-jose-salcedo\/#webpage","url":"https:\/\/www.eldigitaldeasturias.com\/noticias\/la-academia-de-cine-lamenta-la-perdida-de-jose-salcedo\/","name":"La Academia de Cine lamenta la p\u00e9rdida de Jos\u00e9 Salcedo - El Digital de Asturias","description":"La Academia de Cine lamenta profundamente la p\u00e9rdida de Jos\u00e9 Salcedo, uno de los m\u00e1s potentes montadores espa\u00f1oles, que falleci\u00f3 este martes en Madrid, a los 68 a\u00f1os de edad. Reconocido con la Medalla de Oro 2017 de la instituci\u00f3n, galard\u00f3n cuya entrega estaba prevista para las pr\u00f3ximas semanas, y con tres Premios Goya por","inLanguage":"es-ES","isPartOf":{"@id":"https:\/\/www.eldigitaldeasturias.com\/noticias\/#website"},"breadcrumb":{"@id":"https:\/\/www.eldigitaldeasturias.com\/noticias\/la-academia-de-cine-lamenta-la-perdida-de-jose-salcedo\/#breadcrumblist"},"author":{"@id":"https:\/\/www.eldigitaldeasturias.com\/noticias\/author\/admin\/#author"},"creator":{"@id":"https:\/\/www.eldigitaldeasturias.com\/noticias\/author\/admin\/#author"},"image":{"@type":"ImageObject","url":953277,"@id":"https:\/\/www.eldigitaldeasturias.com\/noticias\/la-academia-de-cine-lamenta-la-perdida-de-jose-salcedo\/#mainImage"},"primaryImageOfPage":{"@id":"https:\/\/www.eldigitaldeasturias.com\/noticias\/la-academia-de-cine-lamenta-la-perdida-de-jose-salcedo\/#mainImage"},"datePublished":"2017-09-19T19:21:18+02:00","dateModified":"2017-09-19T19:21:18+02:00"},{"@type":"WebSite","@id":"https:\/\/www.eldigitaldeasturias.com\/noticias\/#website","url":"https:\/\/www.eldigitaldeasturias.com\/noticias\/","name":"El Digital de Asturias - Diario de actualidad y noticias","alternateName":"El Digital de Asturias - Diario de actualidad y noticias","description":"Hemeroteca","inLanguage":"es-ES","publisher":{"@id":"https:\/\/www.eldigitaldeasturias.com\/noticias\/#organization"}}]},"og:locale":"es_ES","og:site_name":"El Digital de Asturias","og:type":"article","og:title":"La Academia de Cine lamenta la p\u00e9rdida de Jos\u00e9 Salcedo - El Digital de Asturias","og:description":"La Academia de Cine lamenta profundamente la p\u00e9rdida de Jos\u00e9 Salcedo, uno de los m\u00e1s potentes montadores espa\u00f1oles, que falleci\u00f3 este martes en Madrid, a los 68 a\u00f1os de edad. Reconocido con la Medalla de Oro 2017 de la instituci\u00f3n, galard\u00f3n cuya entrega estaba prevista para las pr\u00f3ximas semanas, y con tres Premios Goya por","og:url":"https:\/\/www.eldigitaldeasturias.com\/noticias\/la-academia-de-cine-lamenta-la-perdida-de-jose-salcedo\/","article:tag":["actualidad"],"article:published_time":"2017-09-19T19:21:18+00:00","article:modified_time":"2017-09-19T19:21:18+00:00","article:publisher":"https:\/\/facebook.com\/eldigitaldeasturias","twitter:card":"summary_large_image","twitter:title":"La Academia de Cine lamenta la p\u00e9rdida de Jos\u00e9 Salcedo - El Digital de Asturias","twitter:description":"La Academia de Cine lamenta profundamente la p\u00e9rdida de Jos\u00e9 Salcedo, uno de los m\u00e1s potentes montadores espa\u00f1oles, que falleci\u00f3 este martes en Madrid, a los 68 a\u00f1os de edad. Reconocido con la Medalla de Oro 2017 de la instituci\u00f3n, galard\u00f3n cuya entrega estaba prevista para las pr\u00f3ximas semanas, y con tres Premios Goya por","twitter:image":"https:\/\/www.eldigitaldeasturias.com\/noticias\/wp-content\/uploads\/2020\/12\/EDA-1.jpg","twitter:label1":"Escrito por","twitter:data1":"El Digital de Asturias","twitter:label2":"Tiempo de lectura estimado","twitter:data2":"2 minutos"},"aioseo_meta_data":{"post_id":"953276","title":null,"description":null,"keywords":null,"keyphrases":null,"primary_term":null,"canonical_url":null,"og_title":null,"og_description":null,"og_object_type":"default","og_image_type":"default","og_image_url":null,"og_image_width":null,"og_image_height":null,"og_image_custom_url":null,"og_image_custom_fields":null,"og_video":null,"og_custom_url":null,"og_article_section":null,"og_article_tags":null,"twitter_use_og":false,"twitter_card":"default","twitter_image_type":"default","twitter_image_url":null,"twitter_image_custom_url":null,"twitter_image_custom_fields":null,"twitter_title":null,"twitter_description":null,"schema":{"blockGraphs":[],"customGraphs":[],"default":{"data":{"Article":[],"Course":[],"Dataset":[],"FAQPage":[],"Movie":[],"Person":[],"Product":[],"ProductReview":[],"Car":[],"Recipe":[],"Service":[],"SoftwareApplication":[],"WebPage":[]},"graphName":"","isEnabled":true},"graphs":[],"defaultGraph":"","defaultPostTypeGraph":""},"schema_type":null,"schema_type_options":null,"pillar_content":false,"robots_default":true,"robots_noindex":false,"robots_noarchive":false,"robots_nosnippet":false,"robots_nofollow":false,"robots_noimageindex":false,"robots_noodp":false,"robots_notranslate":false,"robots_max_snippet":null,"robots_max_videopreview":null,"robots_max_imagepreview":"large","priority":null,"frequency":null,"local_seo":null,"seo_analyzer_scan_date":"2025-12-06 01:47:12","breadcrumb_settings":null,"limit_modified_date":false,"open_ai":null,"ai":null,"created":"2020-12-21 12:57:25","updated":"2025-12-06 01:47:12","focus_keyword":null,"additional_keywords":null,"truseo_locale":null},"aioseo_breadcrumb":"<div class=\"aioseo-breadcrumbs\"><span class=\"aioseo-breadcrumb\">\n\t<a href=\"https:\/\/www.eldigitaldeasturias.com\/noticias\" title=\"Home\">Home<\/a>\n<\/span><span class=\"aioseo-breadcrumb-separator\">\u2013<\/span><span class=\"aioseo-breadcrumb\">\n\t<a href=\"https:\/\/www.eldigitaldeasturias.com\/noticias\/category\/actualidad\/\" title=\"Actualidad\">Actualidad<\/a>\n<\/span><span class=\"aioseo-breadcrumb-separator\">\u2013<\/span><span class=\"aioseo-breadcrumb\">\n\t<a href=\"https:\/\/www.eldigitaldeasturias.com\/noticias\/la-academia-de-cine-lamenta-la-perdida-de-jose-salcedo\/\" title=\"La Academia de Cine lamenta la p\u00e9rdida de Jos\u00e9 Salcedo\">La Academia de Cine lamenta la p\u00e9rdida de Jos\u00e9 Salcedo<\/a>\n<\/span><\/div>","aioseo_breadcrumb_json":[{"label":"Home","link":"https:\/\/www.eldigitaldeasturias.com\/noticias"},{"label":"Actualidad","link":"https:\/\/www.eldigitaldeasturias.com\/noticias\/category\/actualidad\/"},{"label":"La Academia de Cine lamenta la p\u00e9rdida de Jos\u00e9 Salcedo","link":"https:\/\/www.eldigitaldeasturias.com\/noticias\/la-academia-de-cine-lamenta-la-perdida-de-jose-salcedo\/"}],"_links":{"self":[{"href":"https:\/\/www.eldigitaldeasturias.com\/noticias\/wp-json\/wp\/v2\/posts\/953276","targetHints":{"allow":["GET"]}}],"collection":[{"href":"https:\/\/www.eldigitaldeasturias.com\/noticias\/wp-json\/wp\/v2\/posts"}],"about":[{"href":"https:\/\/www.eldigitaldeasturias.com\/noticias\/wp-json\/wp\/v2\/types\/post"}],"author":[{"embeddable":true,"href":"https:\/\/www.eldigitaldeasturias.com\/noticias\/wp-json\/wp\/v2\/users\/1"}],"replies":[{"embeddable":true,"href":"https:\/\/www.eldigitaldeasturias.com\/noticias\/wp-json\/wp\/v2\/comments?post=953276"}],"version-history":[{"count":0,"href":"https:\/\/www.eldigitaldeasturias.com\/noticias\/wp-json\/wp\/v2\/posts\/953276\/revisions"}],"wp:attachment":[{"href":"https:\/\/www.eldigitaldeasturias.com\/noticias\/wp-json\/wp\/v2\/media?parent=953276"}],"wp:term":[{"taxonomy":"category","embeddable":true,"href":"https:\/\/www.eldigitaldeasturias.com\/noticias\/wp-json\/wp\/v2\/categories?post=953276"},{"taxonomy":"post_tag","embeddable":true,"href":"https:\/\/www.eldigitaldeasturias.com\/noticias\/wp-json\/wp\/v2\/tags?post=953276"}],"curies":[{"name":"wp","href":"https:\/\/api.w.org\/{rel}","templated":true}]}}