{"id":953271,"date":"2017-09-19T19:18:02","date_gmt":"2017-09-19T19:18:02","guid":{"rendered":"http:\/\/www.eldigitaldeasturias.com\/noticias\/?p=953271"},"modified":"2017-09-19T19:18:02","modified_gmt":"2017-09-19T19:18:02","slug":"jose-antonio-nieto-se-reune-con-el-presidente-del-sindicato-profesional-de-enfermeria","status":"publish","type":"post","link":"https:\/\/www.eldigitaldeasturias.com\/noticias\/jose-antonio-nieto-se-reune-con-el-presidente-del-sindicato-profesional-de-enfermeria\/","title":{"rendered":"Jos\u00e9 Antonio Nieto se re\u00fane con el presidente del Sindicato Profesional de Enfermer\u00eda"},"content":{"rendered":"<p><img loading=\"lazy\" decoding=\"async\" class=\"alignleft size-medium wp-image-953272\" src=\"https:\/\/www.eldigitaldeasturias.com\/noticias\/wp-content\/uploads\/2017\/09\/190917reuni\u00f3n_SATSE-360x239.jpg\" alt=\"\" width=\"360\" height=\"239\" \/>El secretario de Estado de Seguridad, Jos\u00e9 Antonio Nieto, se ha reunido con Manuel Cascos, presidente nacional del Sindicato Profesional de Enfermer\u00eda (SATSE). Ambos han analizado de una forma constructiva la Instrucci\u00f3n 3\/17, de la Secretar\u00eda de Estado de Seguridad, sobre medidas policiales frente a agresiones a profesionales de la salud, puesta en marcha hace poco m\u00e1s de un mes.<\/p>\n<p>En los \u00faltimos a\u00f1os se ha venido apreciando un incremento significativo del n\u00famero de actos violentos dirigidos contra profesionales de la salud. Estos sucesos principalmente se concentraban en el sector de la atenci\u00f3n primaria y consist\u00edan fundamentalmente en los tipos penales de lesiones, amenazas, coacciones o injurias.<\/p>\n<p><strong>Mayor protecci\u00f3n y seguridad jur\u00eddica<\/strong><\/p>\n<p>En este sentido, la Instrucci\u00f3n 3\/17, de la Secretar\u00eda de Estado de Seguridad, sobre medidas policiales a adoptar frente a agresiones a profesionales de la salud, presentada el pasado 5 de julio, busca establecer un protocolo de actuaci\u00f3n ante cualquier tipo de agresi\u00f3n o manifestaci\u00f3n de violencia e intimidaci\u00f3n dirigida al personal sanitario. De esta manera, el conjunto de estos profesionales, que desarrollan una funci\u00f3n tan esencial para el conjunto de la sociedad, cuentan con un mecanismo que les proporciona mayor protecci\u00f3n y seguridad jur\u00eddica.<\/p>\n<p>El presidente nacional del Sindicato Profesional de Enfermer\u00eda (SATSE) ha querido trasladar una valoraci\u00f3n positiva sobre la Instrucci\u00f3n 3\/17 al secretario de Estado de Seguridad, a quien tambi\u00e9n ha solicitado un mayor protagonismo de estos profesionales de la sanidad en su puesta en marcha. A este respecto, Jos\u00e9 Antonio Nieto se ha comprometido a articular los mecanismos para plasmar dicha mayor presencia.<\/p>\n<p>Otro de los temas tratados en la reuni\u00f3n ha sido la transferencia de la sanidad penitenciaria a las comunidades aut\u00f3nomas. El presidente del SATSE ha valorado positivamente ese traspaso de las competencias y tanto \u00e9l como el secretario de Estado de Seguridad han coincidido en la necesidad de que los internos tengan el mismo derecho de acceso a la sanidad que cualquier otra persona del territorio.<\/p>\n<p>&nbsp;<\/p>\n","protected":false},"excerpt":{"rendered":"<p>El secretario de Estado de Seguridad, Jos\u00e9 Antonio Nieto, se ha reunido con Manuel Cascos, presidente nacional del Sindicato Profesional de Enfermer\u00eda (SATSE). Ambos han analizado de una forma constructiva la Instrucci\u00f3n 3\/17, de la Secretar\u00eda de Estado de Seguridad, sobre medidas policiales frente a agresiones a profesionales de la salud, puesta en marcha hace [&hellip;]<\/p>\n","protected":false},"author":1,"featured_media":953272,"comment_status":"closed","ping_status":"closed","sticky":false,"template":"","format":"standard","meta":{"footnotes":""},"categories":[1],"tags":[],"class_list":["post-953271","post","type-post","status-publish","format-standard","has-post-thumbnail","hentry","category-actualidad"],"aioseo_notices":[],"aioseo_head":"\n\t\t<!-- All in One SEO Pro 5.0.1 - aioseo.com -->\n\t<meta name=\"description\" content=\"El secretario de Estado de Seguridad, Jos\u00e9 Antonio Nieto, se ha reunido con Manuel Cascos, presidente nacional del Sindicato Profesional de Enfermer\u00eda (SATSE). Ambos han analizado de una forma constructiva la Instrucci\u00f3n 3\/17, de la Secretar\u00eda de Estado de Seguridad, sobre medidas policiales frente a agresiones a profesionales de la salud, puesta en marcha hace\" \/>\n\t<meta name=\"robots\" content=\"max-image-preview:large\" \/>\n\t<meta name=\"author\" content=\"El Digital de Asturias\"\/>\n\t<meta name=\"google-site-verification\" content=\"UA-38556648-1\" \/>\n\t<meta name=\"msvalidate.01\" content=\"7dfe9f3f1b24437ab69f4f2559babe99\" \/>\n\t<meta name=\"keywords\" content=\"actualidad\" \/>\n\t<link rel=\"canonical\" href=\"https:\/\/www.eldigitaldeasturias.com\/noticias\/jose-antonio-nieto-se-reune-con-el-presidente-del-sindicato-profesional-de-enfermeria\/\" \/>\n\t<meta name=\"generator\" content=\"All in One SEO Pro (AIOSEO) 5.0.1\" \/>\n\t\t<meta property=\"og:locale\" content=\"es_ES\" \/>\n\t\t<meta property=\"og:site_name\" content=\"El Digital de Asturias\" \/>\n\t\t<meta property=\"og:type\" content=\"article\" \/>\n\t\t<meta property=\"og:title\" content=\"Jos\u00e9 Antonio Nieto se re\u00fane con el presidente del Sindicato Profesional de Enfermer\u00eda - El Digital de Asturias\" \/>\n\t\t<meta property=\"og:description\" content=\"El secretario de Estado de Seguridad, Jos\u00e9 Antonio Nieto, se ha reunido con Manuel Cascos, presidente nacional del Sindicato Profesional de Enfermer\u00eda (SATSE). Ambos han analizado de una forma constructiva la Instrucci\u00f3n 3\/17, de la Secretar\u00eda de Estado de Seguridad, sobre medidas policiales frente a agresiones a profesionales de la salud, puesta en marcha hace\" \/>\n\t\t<meta property=\"og:url\" content=\"https:\/\/www.eldigitaldeasturias.com\/noticias\/jose-antonio-nieto-se-reune-con-el-presidente-del-sindicato-profesional-de-enfermeria\/\" \/>\n\t\t<meta property=\"article:tag\" content=\"actualidad\" \/>\n\t\t<meta property=\"article:published_time\" content=\"2017-09-19T19:18:02+00:00\" \/>\n\t\t<meta property=\"article:modified_time\" content=\"2017-09-19T19:18:02+00:00\" \/>\n\t\t<meta property=\"article:publisher\" content=\"https:\/\/facebook.com\/eldigitaldeasturias\" \/>\n\t\t<meta name=\"twitter:card\" content=\"summary_large_image\" \/>\n\t\t<meta name=\"twitter:title\" content=\"Jos\u00e9 Antonio Nieto se re\u00fane con el presidente del Sindicato Profesional de Enfermer\u00eda - El Digital de Asturias\" \/>\n\t\t<meta name=\"twitter:description\" content=\"El secretario de Estado de Seguridad, Jos\u00e9 Antonio Nieto, se ha reunido con Manuel Cascos, presidente nacional del Sindicato Profesional de Enfermer\u00eda (SATSE). Ambos han analizado de una forma constructiva la Instrucci\u00f3n 3\/17, de la Secretar\u00eda de Estado de Seguridad, sobre medidas policiales frente a agresiones a profesionales de la salud, puesta en marcha hace\" \/>\n\t\t<meta name=\"twitter:image\" content=\"https:\/\/www.eldigitaldeasturias.com\/noticias\/wp-content\/uploads\/2020\/12\/EDA-1.jpg\" \/>\n\t\t<meta name=\"twitter:label1\" content=\"Escrito por\" \/>\n\t\t<meta name=\"twitter:data1\" content=\"El Digital de Asturias\" \/>\n\t\t<meta name=\"twitter:label2\" content=\"Tiempo de lectura estimado\" \/>\n\t\t<meta name=\"twitter:data2\" content=\"2 minutos\" \/>\n\t\t<script type=\"application\/ld+json\" class=\"aioseo-schema\">\n\t\t\t{\"@context\":\"https:\\\/\\\/schema.org\",\"@graph\":[{\"@type\":\"BlogPosting\",\"@id\":\"https:\\\/\\\/www.eldigitaldeasturias.com\\\/noticias\\\/jose-antonio-nieto-se-reune-con-el-presidente-del-sindicato-profesional-de-enfermeria\\\/#blogposting\",\"name\":\"Jos\\u00e9 Antonio Nieto se re\\u00fane con el presidente del Sindicato Profesional de Enfermer\\u00eda - El Digital de Asturias\",\"headline\":\"Jos\\u00e9 Antonio Nieto se re\\u00fane con el presidente del Sindicato Profesional de Enfermer\\u00eda\",\"author\":{\"@id\":\"https:\\\/\\\/www.eldigitaldeasturias.com\\\/noticias\\\/author\\\/admin\\\/#author\"},\"publisher\":{\"@id\":\"https:\\\/\\\/www.eldigitaldeasturias.com\\\/noticias\\\/#organization\"},\"image\":{\"@type\":\"ImageObject\",\"url\":953272},\"datePublished\":\"2017-09-19T19:18:02+02:00\",\"dateModified\":\"2017-09-19T19:18:02+02:00\",\"inLanguage\":\"es-ES\",\"mainEntityOfPage\":{\"@id\":\"https:\\\/\\\/www.eldigitaldeasturias.com\\\/noticias\\\/jose-antonio-nieto-se-reune-con-el-presidente-del-sindicato-profesional-de-enfermeria\\\/#webpage\"},\"isPartOf\":{\"@id\":\"https:\\\/\\\/www.eldigitaldeasturias.com\\\/noticias\\\/jose-antonio-nieto-se-reune-con-el-presidente-del-sindicato-profesional-de-enfermeria\\\/#webpage\"},\"articleSection\":\"Actualidad\"},{\"@type\":\"BreadcrumbList\",\"@id\":\"https:\\\/\\\/www.eldigitaldeasturias.com\\\/noticias\\\/jose-antonio-nieto-se-reune-con-el-presidente-del-sindicato-profesional-de-enfermeria\\\/#breadcrumblist\",\"itemListElement\":[{\"@type\":\"ListItem\",\"@id\":\"https:\\\/\\\/www.eldigitaldeasturias.com\\\/noticias#listItem\",\"position\":1,\"name\":\"Home\",\"item\":\"https:\\\/\\\/www.eldigitaldeasturias.com\\\/noticias\",\"nextItem\":{\"@type\":\"ListItem\",\"@id\":\"https:\\\/\\\/www.eldigitaldeasturias.com\\\/noticias\\\/category\\\/actualidad\\\/#listItem\",\"name\":\"Actualidad\"}},{\"@type\":\"ListItem\",\"@id\":\"https:\\\/\\\/www.eldigitaldeasturias.com\\\/noticias\\\/category\\\/actualidad\\\/#listItem\",\"position\":2,\"name\":\"Actualidad\",\"item\":\"https:\\\/\\\/www.eldigitaldeasturias.com\\\/noticias\\\/category\\\/actualidad\\\/\",\"nextItem\":{\"@type\":\"ListItem\",\"@id\":\"https:\\\/\\\/www.eldigitaldeasturias.com\\\/noticias\\\/jose-antonio-nieto-se-reune-con-el-presidente-del-sindicato-profesional-de-enfermeria\\\/#listItem\",\"name\":\"Jos\\u00e9 Antonio Nieto se re\\u00fane con el presidente del Sindicato Profesional de Enfermer\\u00eda\"},\"previousItem\":{\"@type\":\"ListItem\",\"@id\":\"https:\\\/\\\/www.eldigitaldeasturias.com\\\/noticias#listItem\",\"name\":\"Home\"}},{\"@type\":\"ListItem\",\"@id\":\"https:\\\/\\\/www.eldigitaldeasturias.com\\\/noticias\\\/jose-antonio-nieto-se-reune-con-el-presidente-del-sindicato-profesional-de-enfermeria\\\/#listItem\",\"position\":3,\"name\":\"Jos\\u00e9 Antonio Nieto se re\\u00fane con el presidente del Sindicato Profesional de Enfermer\\u00eda\",\"previousItem\":{\"@type\":\"ListItem\",\"@id\":\"https:\\\/\\\/www.eldigitaldeasturias.com\\\/noticias\\\/category\\\/actualidad\\\/#listItem\",\"name\":\"Actualidad\"}}]},{\"@type\":\"Organization\",\"@id\":\"https:\\\/\\\/www.eldigitaldeasturias.com\\\/noticias\\\/#organization\",\"name\":\"El Digital de Asturias\",\"description\":\"Hemeroteca\",\"url\":\"https:\\\/\\\/www.eldigitaldeasturias.com\\\/noticias\\\/\",\"email\":\"info@eldigitaldeasturias.com\",\"telephone\":\"+34652131393\",\"logo\":{\"@type\":\"ImageObject\",\"url\":\"https:\\\/\\\/www.eldigitaldeasturias.com\\\/noticias\\\/wp-content\\\/uploads\\\/2020\\\/12\\\/EDA.jpg\",\"@id\":\"https:\\\/\\\/www.eldigitaldeasturias.com\\\/noticias\\\/jose-antonio-nieto-se-reune-con-el-presidente-del-sindicato-profesional-de-enfermeria\\\/#organizationLogo\"},\"image\":{\"@id\":\"https:\\\/\\\/www.eldigitaldeasturias.com\\\/noticias\\\/jose-antonio-nieto-se-reune-con-el-presidente-del-sindicato-profesional-de-enfermeria\\\/#organizationLogo\"},\"sameAs\":[\"https:\\\/\\\/facebook.com\\\/eldigitaldeasturias\",\"https:\\\/\\\/www.youtube.com\\\/channel\\\/UCZP-2wLEB9Rv6erhFmqVnvg\"],\"address\":{\"@id\":\"https:\\\/\\\/www.eldigitaldeasturias.com\\\/noticias\\\/#postaladdress\",\"@type\":\"PostalAddress\",\"streetAddress\":\"san antonio 4\",\"postalCode\":\"33430\",\"addressLocality\":\"Cand\\u00e1s\",\"addressRegion\":\"Asturias\",\"addressCountry\":\"ES\"}},{\"@type\":\"Person\",\"@id\":\"https:\\\/\\\/www.eldigitaldeasturias.com\\\/noticias\\\/author\\\/admin\\\/#author\",\"url\":\"https:\\\/\\\/www.eldigitaldeasturias.com\\\/noticias\\\/author\\\/admin\\\/\",\"name\":\"El Digital de Asturias\",\"image\":{\"@type\":\"ImageObject\",\"@id\":\"https:\\\/\\\/www.eldigitaldeasturias.com\\\/noticias\\\/jose-antonio-nieto-se-reune-con-el-presidente-del-sindicato-profesional-de-enfermeria\\\/#authorImage\",\"url\":\"https:\\\/\\\/secure.gravatar.com\\\/avatar\\\/df2aeffc32bcd13f8d26072ef8a91b623d677766deac7f97ca815868cd41bf5e?s=96&d=mm&r=g\",\"width\":96,\"height\":96,\"caption\":\"El Digital de Asturias\"}},{\"@type\":\"WebPage\",\"@id\":\"https:\\\/\\\/www.eldigitaldeasturias.com\\\/noticias\\\/jose-antonio-nieto-se-reune-con-el-presidente-del-sindicato-profesional-de-enfermeria\\\/#webpage\",\"url\":\"https:\\\/\\\/www.eldigitaldeasturias.com\\\/noticias\\\/jose-antonio-nieto-se-reune-con-el-presidente-del-sindicato-profesional-de-enfermeria\\\/\",\"name\":\"Jos\\u00e9 Antonio Nieto se re\\u00fane con el presidente del Sindicato Profesional de Enfermer\\u00eda - El Digital de Asturias\",\"description\":\"El secretario de Estado de Seguridad, Jos\\u00e9 Antonio Nieto, se ha reunido con Manuel Cascos, presidente nacional del Sindicato Profesional de Enfermer\\u00eda (SATSE). Ambos han analizado de una forma constructiva la Instrucci\\u00f3n 3\\\/17, de la Secretar\\u00eda de Estado de Seguridad, sobre medidas policiales frente a agresiones a profesionales de la salud, puesta en marcha hace\",\"inLanguage\":\"es-ES\",\"isPartOf\":{\"@id\":\"https:\\\/\\\/www.eldigitaldeasturias.com\\\/noticias\\\/#website\"},\"breadcrumb\":{\"@id\":\"https:\\\/\\\/www.eldigitaldeasturias.com\\\/noticias\\\/jose-antonio-nieto-se-reune-con-el-presidente-del-sindicato-profesional-de-enfermeria\\\/#breadcrumblist\"},\"author\":{\"@id\":\"https:\\\/\\\/www.eldigitaldeasturias.com\\\/noticias\\\/author\\\/admin\\\/#author\"},\"creator\":{\"@id\":\"https:\\\/\\\/www.eldigitaldeasturias.com\\\/noticias\\\/author\\\/admin\\\/#author\"},\"image\":{\"@type\":\"ImageObject\",\"url\":953272,\"@id\":\"https:\\\/\\\/www.eldigitaldeasturias.com\\\/noticias\\\/jose-antonio-nieto-se-reune-con-el-presidente-del-sindicato-profesional-de-enfermeria\\\/#mainImage\"},\"primaryImageOfPage\":{\"@id\":\"https:\\\/\\\/www.eldigitaldeasturias.com\\\/noticias\\\/jose-antonio-nieto-se-reune-con-el-presidente-del-sindicato-profesional-de-enfermeria\\\/#mainImage\"},\"datePublished\":\"2017-09-19T19:18:02+02:00\",\"dateModified\":\"2017-09-19T19:18:02+02:00\"},{\"@type\":\"WebSite\",\"@id\":\"https:\\\/\\\/www.eldigitaldeasturias.com\\\/noticias\\\/#website\",\"url\":\"https:\\\/\\\/www.eldigitaldeasturias.com\\\/noticias\\\/\",\"name\":\"El Digital de Asturias - Diario de actualidad y noticias\",\"alternateName\":\"El Digital de Asturias - Diario de actualidad y noticias\",\"description\":\"Hemeroteca\",\"inLanguage\":\"es-ES\",\"publisher\":{\"@id\":\"https:\\\/\\\/www.eldigitaldeasturias.com\\\/noticias\\\/#organization\"}}]}\n\t\t<\/script>\n\t\t<!-- All in One SEO Pro -->\r\n\t\t<title>Jos\u00e9 Antonio Nieto se re\u00fane con el presidente del Sindicato Profesional de Enfermer\u00eda - El Digital de Asturias<\/title>\n\n","aioseo_head_json":{"title":"Jos\u00e9 Antonio Nieto se re\u00fane con el presidente del Sindicato Profesional de Enfermer\u00eda - El Digital de Asturias","description":"El secretario de Estado de Seguridad, Jos\u00e9 Antonio Nieto, se ha reunido con Manuel Cascos, presidente nacional del Sindicato Profesional de Enfermer\u00eda (SATSE). Ambos han analizado de una forma constructiva la Instrucci\u00f3n 3\/17, de la Secretar\u00eda de Estado de Seguridad, sobre medidas policiales frente a agresiones a profesionales de la salud, puesta en marcha hace","canonical_url":"https:\/\/www.eldigitaldeasturias.com\/noticias\/jose-antonio-nieto-se-reune-con-el-presidente-del-sindicato-profesional-de-enfermeria\/","robots":"max-image-preview:large","keywords":"actualidad","webmasterTools":{"google-site-verification":"UA-38556648-1","msvalidate.01":"7dfe9f3f1b24437ab69f4f2559babe99","miscellaneous":""},"schema":{"@context":"https:\/\/schema.org","@graph":[{"@type":"BlogPosting","@id":"https:\/\/www.eldigitaldeasturias.com\/noticias\/jose-antonio-nieto-se-reune-con-el-presidente-del-sindicato-profesional-de-enfermeria\/#blogposting","name":"Jos\u00e9 Antonio Nieto se re\u00fane con el presidente del Sindicato Profesional de Enfermer\u00eda - El Digital de Asturias","headline":"Jos\u00e9 Antonio Nieto se re\u00fane con el presidente del Sindicato Profesional de Enfermer\u00eda","author":{"@id":"https:\/\/www.eldigitaldeasturias.com\/noticias\/author\/admin\/#author"},"publisher":{"@id":"https:\/\/www.eldigitaldeasturias.com\/noticias\/#organization"},"image":{"@type":"ImageObject","url":953272},"datePublished":"2017-09-19T19:18:02+02:00","dateModified":"2017-09-19T19:18:02+02:00","inLanguage":"es-ES","mainEntityOfPage":{"@id":"https:\/\/www.eldigitaldeasturias.com\/noticias\/jose-antonio-nieto-se-reune-con-el-presidente-del-sindicato-profesional-de-enfermeria\/#webpage"},"isPartOf":{"@id":"https:\/\/www.eldigitaldeasturias.com\/noticias\/jose-antonio-nieto-se-reune-con-el-presidente-del-sindicato-profesional-de-enfermeria\/#webpage"},"articleSection":"Actualidad"},{"@type":"BreadcrumbList","@id":"https:\/\/www.eldigitaldeasturias.com\/noticias\/jose-antonio-nieto-se-reune-con-el-presidente-del-sindicato-profesional-de-enfermeria\/#breadcrumblist","itemListElement":[{"@type":"ListItem","@id":"https:\/\/www.eldigitaldeasturias.com\/noticias#listItem","position":1,"name":"Home","item":"https:\/\/www.eldigitaldeasturias.com\/noticias","nextItem":{"@type":"ListItem","@id":"https:\/\/www.eldigitaldeasturias.com\/noticias\/category\/actualidad\/#listItem","name":"Actualidad"}},{"@type":"ListItem","@id":"https:\/\/www.eldigitaldeasturias.com\/noticias\/category\/actualidad\/#listItem","position":2,"name":"Actualidad","item":"https:\/\/www.eldigitaldeasturias.com\/noticias\/category\/actualidad\/","nextItem":{"@type":"ListItem","@id":"https:\/\/www.eldigitaldeasturias.com\/noticias\/jose-antonio-nieto-se-reune-con-el-presidente-del-sindicato-profesional-de-enfermeria\/#listItem","name":"Jos\u00e9 Antonio Nieto se re\u00fane con el presidente del Sindicato Profesional de Enfermer\u00eda"},"previousItem":{"@type":"ListItem","@id":"https:\/\/www.eldigitaldeasturias.com\/noticias#listItem","name":"Home"}},{"@type":"ListItem","@id":"https:\/\/www.eldigitaldeasturias.com\/noticias\/jose-antonio-nieto-se-reune-con-el-presidente-del-sindicato-profesional-de-enfermeria\/#listItem","position":3,"name":"Jos\u00e9 Antonio Nieto se re\u00fane con el presidente del Sindicato Profesional de Enfermer\u00eda","previousItem":{"@type":"ListItem","@id":"https:\/\/www.eldigitaldeasturias.com\/noticias\/category\/actualidad\/#listItem","name":"Actualidad"}}]},{"@type":"Organization","@id":"https:\/\/www.eldigitaldeasturias.com\/noticias\/#organization","name":"El Digital de Asturias","description":"Hemeroteca","url":"https:\/\/www.eldigitaldeasturias.com\/noticias\/","email":"info@eldigitaldeasturias.com","telephone":"+34652131393","logo":{"@type":"ImageObject","url":"https:\/\/www.eldigitaldeasturias.com\/noticias\/wp-content\/uploads\/2020\/12\/EDA.jpg","@id":"https:\/\/www.eldigitaldeasturias.com\/noticias\/jose-antonio-nieto-se-reune-con-el-presidente-del-sindicato-profesional-de-enfermeria\/#organizationLogo"},"image":{"@id":"https:\/\/www.eldigitaldeasturias.com\/noticias\/jose-antonio-nieto-se-reune-con-el-presidente-del-sindicato-profesional-de-enfermeria\/#organizationLogo"},"sameAs":["https:\/\/facebook.com\/eldigitaldeasturias","https:\/\/www.youtube.com\/channel\/UCZP-2wLEB9Rv6erhFmqVnvg"],"address":{"@id":"https:\/\/www.eldigitaldeasturias.com\/noticias\/#postaladdress","@type":"PostalAddress","streetAddress":"san antonio 4","postalCode":"33430","addressLocality":"Cand\u00e1s","addressRegion":"Asturias","addressCountry":"ES"}},{"@type":"Person","@id":"https:\/\/www.eldigitaldeasturias.com\/noticias\/author\/admin\/#author","url":"https:\/\/www.eldigitaldeasturias.com\/noticias\/author\/admin\/","name":"El Digital de Asturias","image":{"@type":"ImageObject","@id":"https:\/\/www.eldigitaldeasturias.com\/noticias\/jose-antonio-nieto-se-reune-con-el-presidente-del-sindicato-profesional-de-enfermeria\/#authorImage","url":"https:\/\/secure.gravatar.com\/avatar\/df2aeffc32bcd13f8d26072ef8a91b623d677766deac7f97ca815868cd41bf5e?s=96&d=mm&r=g","width":96,"height":96,"caption":"El Digital de Asturias"}},{"@type":"WebPage","@id":"https:\/\/www.eldigitaldeasturias.com\/noticias\/jose-antonio-nieto-se-reune-con-el-presidente-del-sindicato-profesional-de-enfermeria\/#webpage","url":"https:\/\/www.eldigitaldeasturias.com\/noticias\/jose-antonio-nieto-se-reune-con-el-presidente-del-sindicato-profesional-de-enfermeria\/","name":"Jos\u00e9 Antonio Nieto se re\u00fane con el presidente del Sindicato Profesional de Enfermer\u00eda - El Digital de Asturias","description":"El secretario de Estado de Seguridad, Jos\u00e9 Antonio Nieto, se ha reunido con Manuel Cascos, presidente nacional del Sindicato Profesional de Enfermer\u00eda (SATSE). Ambos han analizado de una forma constructiva la Instrucci\u00f3n 3\/17, de la Secretar\u00eda de Estado de Seguridad, sobre medidas policiales frente a agresiones a profesionales de la salud, puesta en marcha hace","inLanguage":"es-ES","isPartOf":{"@id":"https:\/\/www.eldigitaldeasturias.com\/noticias\/#website"},"breadcrumb":{"@id":"https:\/\/www.eldigitaldeasturias.com\/noticias\/jose-antonio-nieto-se-reune-con-el-presidente-del-sindicato-profesional-de-enfermeria\/#breadcrumblist"},"author":{"@id":"https:\/\/www.eldigitaldeasturias.com\/noticias\/author\/admin\/#author"},"creator":{"@id":"https:\/\/www.eldigitaldeasturias.com\/noticias\/author\/admin\/#author"},"image":{"@type":"ImageObject","url":953272,"@id":"https:\/\/www.eldigitaldeasturias.com\/noticias\/jose-antonio-nieto-se-reune-con-el-presidente-del-sindicato-profesional-de-enfermeria\/#mainImage"},"primaryImageOfPage":{"@id":"https:\/\/www.eldigitaldeasturias.com\/noticias\/jose-antonio-nieto-se-reune-con-el-presidente-del-sindicato-profesional-de-enfermeria\/#mainImage"},"datePublished":"2017-09-19T19:18:02+02:00","dateModified":"2017-09-19T19:18:02+02:00"},{"@type":"WebSite","@id":"https:\/\/www.eldigitaldeasturias.com\/noticias\/#website","url":"https:\/\/www.eldigitaldeasturias.com\/noticias\/","name":"El Digital de Asturias - Diario de actualidad y noticias","alternateName":"El Digital de Asturias - Diario de actualidad y noticias","description":"Hemeroteca","inLanguage":"es-ES","publisher":{"@id":"https:\/\/www.eldigitaldeasturias.com\/noticias\/#organization"}}]},"og:locale":"es_ES","og:site_name":"El Digital de Asturias","og:type":"article","og:title":"Jos\u00e9 Antonio Nieto se re\u00fane con el presidente del Sindicato Profesional de Enfermer\u00eda - El Digital de Asturias","og:description":"El secretario de Estado de Seguridad, Jos\u00e9 Antonio Nieto, se ha reunido con Manuel Cascos, presidente nacional del Sindicato Profesional de Enfermer\u00eda (SATSE). Ambos han analizado de una forma constructiva la Instrucci\u00f3n 3\/17, de la Secretar\u00eda de Estado de Seguridad, sobre medidas policiales frente a agresiones a profesionales de la salud, puesta en marcha hace","og:url":"https:\/\/www.eldigitaldeasturias.com\/noticias\/jose-antonio-nieto-se-reune-con-el-presidente-del-sindicato-profesional-de-enfermeria\/","article:tag":["actualidad"],"article:published_time":"2017-09-19T19:18:02+00:00","article:modified_time":"2017-09-19T19:18:02+00:00","article:publisher":"https:\/\/facebook.com\/eldigitaldeasturias","twitter:card":"summary_large_image","twitter:title":"Jos\u00e9 Antonio Nieto se re\u00fane con el presidente del Sindicato Profesional de Enfermer\u00eda - El Digital de Asturias","twitter:description":"El secretario de Estado de Seguridad, Jos\u00e9 Antonio Nieto, se ha reunido con Manuel Cascos, presidente nacional del Sindicato Profesional de Enfermer\u00eda (SATSE). Ambos han analizado de una forma constructiva la Instrucci\u00f3n 3\/17, de la Secretar\u00eda de Estado de Seguridad, sobre medidas policiales frente a agresiones a profesionales de la salud, puesta en marcha hace","twitter:image":"https:\/\/www.eldigitaldeasturias.com\/noticias\/wp-content\/uploads\/2020\/12\/EDA-1.jpg","twitter:label1":"Escrito por","twitter:data1":"El Digital de Asturias","twitter:label2":"Tiempo de lectura estimado","twitter:data2":"2 minutos"},"aioseo_meta_data":{"post_id":"953271","title":null,"description":null,"keywords":null,"keyphrases":null,"primary_term":null,"canonical_url":null,"og_title":null,"og_description":null,"og_object_type":"default","og_image_type":"default","og_image_url":null,"og_image_width":null,"og_image_height":null,"og_image_custom_url":null,"og_image_custom_fields":null,"og_video":null,"og_custom_url":null,"og_article_section":null,"og_article_tags":null,"twitter_use_og":false,"twitter_card":"default","twitter_image_type":"default","twitter_image_url":null,"twitter_image_custom_url":null,"twitter_image_custom_fields":null,"twitter_title":null,"twitter_description":null,"schema":{"blockGraphs":[],"customGraphs":[],"default":{"data":{"Article":[],"Course":[],"Dataset":[],"FAQPage":[],"Movie":[],"Person":[],"Product":[],"ProductReview":[],"Car":[],"Recipe":[],"Service":[],"SoftwareApplication":[],"WebPage":[]},"graphName":"","isEnabled":true},"graphs":[],"defaultGraph":"","defaultPostTypeGraph":""},"schema_type":null,"schema_type_options":null,"pillar_content":false,"robots_default":true,"robots_noindex":false,"robots_noarchive":false,"robots_nosnippet":false,"robots_nofollow":false,"robots_noimageindex":false,"robots_noodp":false,"robots_notranslate":false,"robots_max_snippet":null,"robots_max_videopreview":null,"robots_max_imagepreview":"large","priority":null,"frequency":null,"local_seo":null,"seo_analyzer_scan_date":"2025-12-06 01:44:20","breadcrumb_settings":null,"limit_modified_date":false,"open_ai":null,"ai":null,"created":"2020-12-21 12:57:25","updated":"2025-12-06 01:44:20","focus_keyword":null,"additional_keywords":null,"truseo_locale":null},"aioseo_breadcrumb":"<div class=\"aioseo-breadcrumbs\"><span class=\"aioseo-breadcrumb\">\n\t<a href=\"https:\/\/www.eldigitaldeasturias.com\/noticias\" title=\"Home\">Home<\/a>\n<\/span><span class=\"aioseo-breadcrumb-separator\">\u2013<\/span><span class=\"aioseo-breadcrumb\">\n\t<a href=\"https:\/\/www.eldigitaldeasturias.com\/noticias\/category\/actualidad\/\" title=\"Actualidad\">Actualidad<\/a>\n<\/span><span class=\"aioseo-breadcrumb-separator\">\u2013<\/span><span class=\"aioseo-breadcrumb\">\n\t<a href=\"https:\/\/www.eldigitaldeasturias.com\/noticias\/jose-antonio-nieto-se-reune-con-el-presidente-del-sindicato-profesional-de-enfermeria\/\" title=\"Jos\u00e9 Antonio Nieto se re\u00fane con el presidente del Sindicato Profesional de Enfermer\u00eda\">Jos\u00e9 Antonio Nieto se re\u00fane con el presidente del Sindicato Profesional de Enfermer\u00eda<\/a>\n<\/span><\/div>","aioseo_breadcrumb_json":[{"label":"Home","link":"https:\/\/www.eldigitaldeasturias.com\/noticias"},{"label":"Actualidad","link":"https:\/\/www.eldigitaldeasturias.com\/noticias\/category\/actualidad\/"},{"label":"Jos\u00e9 Antonio Nieto se re\u00fane con el presidente del Sindicato Profesional de Enfermer\u00eda","link":"https:\/\/www.eldigitaldeasturias.com\/noticias\/jose-antonio-nieto-se-reune-con-el-presidente-del-sindicato-profesional-de-enfermeria\/"}],"_links":{"self":[{"href":"https:\/\/www.eldigitaldeasturias.com\/noticias\/wp-json\/wp\/v2\/posts\/953271","targetHints":{"allow":["GET"]}}],"collection":[{"href":"https:\/\/www.eldigitaldeasturias.com\/noticias\/wp-json\/wp\/v2\/posts"}],"about":[{"href":"https:\/\/www.eldigitaldeasturias.com\/noticias\/wp-json\/wp\/v2\/types\/post"}],"author":[{"embeddable":true,"href":"https:\/\/www.eldigitaldeasturias.com\/noticias\/wp-json\/wp\/v2\/users\/1"}],"replies":[{"embeddable":true,"href":"https:\/\/www.eldigitaldeasturias.com\/noticias\/wp-json\/wp\/v2\/comments?post=953271"}],"version-history":[{"count":0,"href":"https:\/\/www.eldigitaldeasturias.com\/noticias\/wp-json\/wp\/v2\/posts\/953271\/revisions"}],"wp:attachment":[{"href":"https:\/\/www.eldigitaldeasturias.com\/noticias\/wp-json\/wp\/v2\/media?parent=953271"}],"wp:term":[{"taxonomy":"category","embeddable":true,"href":"https:\/\/www.eldigitaldeasturias.com\/noticias\/wp-json\/wp\/v2\/categories?post=953271"},{"taxonomy":"post_tag","embeddable":true,"href":"https:\/\/www.eldigitaldeasturias.com\/noticias\/wp-json\/wp\/v2\/tags?post=953271"}],"curies":[{"name":"wp","href":"https:\/\/api.w.org\/{rel}","templated":true}]}}