{"id":953268,"date":"2017-09-19T19:16:33","date_gmt":"2017-09-19T19:16:33","guid":{"rendered":"http:\/\/www.eldigitaldeasturias.com\/noticias\/?p=953268"},"modified":"2017-09-19T19:16:33","modified_gmt":"2017-09-19T19:16:33","slug":"austral-obtiene-el-premio-nacional-a-la-mejor-labor-editorial-cultural-2017","status":"publish","type":"post","link":"https:\/\/www.eldigitaldeasturias.com\/noticias\/austral-obtiene-el-premio-nacional-a-la-mejor-labor-editorial-cultural-2017\/","title":{"rendered":"Austral obtiene el Premio Nacional a la Mejor Labor Editorial Cultural 2017"},"content":{"rendered":"<p><img loading=\"lazy\" decoding=\"async\" class=\"alignleft size-medium wp-image-953269\" src=\"https:\/\/www.eldigitaldeasturias.com\/noticias\/wp-content\/uploads\/2017\/09\/libros-360x239.jpg\" alt=\"\" width=\"360\" height=\"239\" \/>El sello editorial Austral ha obtenido el Premio Nacional a la Mejor Labor Editorial Cultural correspondiente al a\u00f1o 2017 por \u00abuna labor divulgativa con la que se identifican varias generaciones de espa\u00f1oles que empezaron a leer, y a pensar, con sus libros de bolsillo, por la amplitud de un fondo editorial que re\u00fane con acierto cl\u00e1sicos de la literatura universal y t\u00edtulos contempor\u00e1neos imprescindibles\u00bb.<\/p>\n<p>Adem\u00e1s, el jurado ha tenido en cuenta \u00absu af\u00e1n de renovaci\u00f3n\u00bb y \u00abla apuesta por ofrecer a los j\u00f3venes lectores los t\u00edtulos de siempre con un formato novedoso y atractivo\u00bb.<\/p>\n<p>El premio, que concede el Ministerio de Educaci\u00f3n, Cultura y Deporte, tiene por objeto distinguir el conjunto de la labor editorial de una persona f\u00edsica o jur\u00eddica que haya destacado por su aportaci\u00f3n sobresaliente e innovadora a la vida cultural espa\u00f1ola. Tiene car\u00e1cter honor\u00edfico y, por ello, carece de dotaci\u00f3n econ\u00f3mica.<\/p>\n<p><strong>Austral<\/strong><\/p>\n<p>El sello editorial Austral, del Grupo Planeta, ofrece un amplio cat\u00e1logo en formato &#8216;de bolsillo&#8217; con voluntad de acercar al lector contempor\u00e1neo todos los cl\u00e1sicos de la literatura y del pensamiento universal.<\/p>\n<p>El cat\u00e1logo est\u00e1 dividido en cinco colecciones. Una de ellas re\u00fane a los autores anteriores a 1927; en otra tienen cabida todos aquellos autores posteriores a 1927 considerados cl\u00e1sicos contempor\u00e1neos; una tercera re\u00fane las obras recomendadas en los programas de estudio de secundaria con complementos did\u00e1cticos; una cuarta presenta los textos m\u00e1s relevantes en una edici\u00f3n b\u00e1sica y de peque\u00f1o formato. Y finalmente, una \u00faltima colecci\u00f3n que re\u00fane las obras m\u00e1s emblem\u00e1ticas de la literatura universal en edici\u00f3n de tapa dura.<\/p>\n<p>Jurado<\/p>\n<p>El jurado ha estado presidido por el director general de Industrias Culturales y del Libro, \u00d3scar S\u00e1enz de Santa Mar\u00eda, y ha actuado como vicepresidente el subdirector general del Libro, la Lectura y las Letras Espa\u00f1olas, Javier Pascual. Los dem\u00e1s componentes del jurado han sido Antonio Maria \u00c1vila, designado por la Federaci\u00f3n de Gremios de Editores de Espa\u00f1a (FGEE); Eva Cosculluela, por la Confederaci\u00f3n Espa\u00f1ola de Gremios y Asociaciones de Libreros (CEGAL); Remedios S\u00e1nchez, por la Asociaci\u00f3n Colegial de Escritores de Espa\u00f1a (ACE); Inmaculada Delgado, por la Conferencia de Rectores de las Universidades Espa\u00f1olas (CRUE); M\u00f3nica D\u00edaz, por la Federaci\u00f3n de Asociaciones Nacionales de Distribuidores de Ediciones (FANDE); Mar\u00eda Manjavacas, por la Federaci\u00f3n de Asociaciones de Periodistas de Espa\u00f1a (FAPE); Mari\u00e1n L\u00f3pez, por el Instituto de Investigaciones Feministas de la Universidad Complutense de Madrid; y los representantes de las editoras galardonadas en las ediciones de 2016 y 2015, Agust\u00edn P\u00e1niker (Editorial Kair\u00f3s) y Jos\u00e9 Miguel Garc\u00eda (Antonio Machado Libros).<\/p>\n<p>&nbsp;<\/p>\n","protected":false},"excerpt":{"rendered":"<p>El sello editorial Austral ha obtenido el Premio Nacional a la Mejor Labor Editorial Cultural correspondiente al a\u00f1o 2017 por \u00abuna labor divulgativa con la que se identifican varias generaciones de espa\u00f1oles que empezaron a leer, y a pensar, con sus libros de bolsillo, por la amplitud de un fondo editorial que re\u00fane con acierto [&hellip;]<\/p>\n","protected":false},"author":1,"featured_media":953269,"comment_status":"closed","ping_status":"closed","sticky":false,"template":"","format":"standard","meta":{"footnotes":""},"categories":[1],"tags":[],"class_list":["post-953268","post","type-post","status-publish","format-standard","has-post-thumbnail","hentry","category-actualidad"],"aioseo_notices":[],"aioseo_head":"\n\t\t<!-- All in One SEO Pro 5.0.1 - aioseo.com -->\n\t<meta name=\"description\" content=\"El sello editorial Austral ha obtenido el Premio Nacional a la Mejor Labor Editorial Cultural correspondiente al a\u00f1o 2017 por &quot;una labor divulgativa con la que se identifican varias generaciones de espa\u00f1oles que empezaron a leer, y a pensar, con sus libros de bolsillo, por la amplitud de un fondo editorial que re\u00fane con acierto\" \/>\n\t<meta name=\"robots\" content=\"max-image-preview:large\" \/>\n\t<meta name=\"author\" content=\"El Digital de Asturias\"\/>\n\t<meta name=\"google-site-verification\" content=\"UA-38556648-1\" \/>\n\t<meta name=\"msvalidate.01\" content=\"7dfe9f3f1b24437ab69f4f2559babe99\" \/>\n\t<meta name=\"keywords\" content=\"actualidad\" \/>\n\t<link rel=\"canonical\" href=\"https:\/\/www.eldigitaldeasturias.com\/noticias\/austral-obtiene-el-premio-nacional-a-la-mejor-labor-editorial-cultural-2017\/\" \/>\n\t<meta name=\"generator\" content=\"All in One SEO Pro (AIOSEO) 5.0.1\" \/>\n\t\t<meta property=\"og:locale\" content=\"es_ES\" \/>\n\t\t<meta property=\"og:site_name\" content=\"El Digital de Asturias\" \/>\n\t\t<meta property=\"og:type\" content=\"article\" \/>\n\t\t<meta property=\"og:title\" content=\"Austral obtiene el Premio Nacional a la Mejor Labor Editorial Cultural 2017 - El Digital de Asturias\" \/>\n\t\t<meta property=\"og:description\" content=\"El sello editorial Austral ha obtenido el Premio Nacional a la Mejor Labor Editorial Cultural correspondiente al a\u00f1o 2017 por &quot;una labor divulgativa con la que se identifican varias generaciones de espa\u00f1oles que empezaron a leer, y a pensar, con sus libros de bolsillo, por la amplitud de un fondo editorial que re\u00fane con acierto\" \/>\n\t\t<meta property=\"og:url\" content=\"https:\/\/www.eldigitaldeasturias.com\/noticias\/austral-obtiene-el-premio-nacional-a-la-mejor-labor-editorial-cultural-2017\/\" \/>\n\t\t<meta property=\"article:tag\" content=\"actualidad\" \/>\n\t\t<meta property=\"article:published_time\" content=\"2017-09-19T19:16:33+00:00\" \/>\n\t\t<meta property=\"article:modified_time\" content=\"2017-09-19T19:16:33+00:00\" \/>\n\t\t<meta property=\"article:publisher\" content=\"https:\/\/facebook.com\/eldigitaldeasturias\" \/>\n\t\t<meta name=\"twitter:card\" content=\"summary_large_image\" \/>\n\t\t<meta name=\"twitter:title\" content=\"Austral obtiene el Premio Nacional a la Mejor Labor Editorial Cultural 2017 - El Digital de Asturias\" \/>\n\t\t<meta name=\"twitter:description\" content=\"El sello editorial Austral ha obtenido el Premio Nacional a la Mejor Labor Editorial Cultural correspondiente al a\u00f1o 2017 por &quot;una labor divulgativa con la que se identifican varias generaciones de espa\u00f1oles que empezaron a leer, y a pensar, con sus libros de bolsillo, por la amplitud de un fondo editorial que re\u00fane con acierto\" \/>\n\t\t<meta name=\"twitter:image\" content=\"https:\/\/www.eldigitaldeasturias.com\/noticias\/wp-content\/uploads\/2020\/12\/EDA-1.jpg\" \/>\n\t\t<meta name=\"twitter:label1\" content=\"Escrito por\" \/>\n\t\t<meta name=\"twitter:data1\" content=\"El Digital de Asturias\" \/>\n\t\t<meta name=\"twitter:label2\" content=\"Tiempo de lectura estimado\" \/>\n\t\t<meta name=\"twitter:data2\" content=\"2 minutos\" \/>\n\t\t<script type=\"application\/ld+json\" class=\"aioseo-schema\">\n\t\t\t{\"@context\":\"https:\\\/\\\/schema.org\",\"@graph\":[{\"@type\":\"BlogPosting\",\"@id\":\"https:\\\/\\\/www.eldigitaldeasturias.com\\\/noticias\\\/austral-obtiene-el-premio-nacional-a-la-mejor-labor-editorial-cultural-2017\\\/#blogposting\",\"name\":\"Austral obtiene el Premio Nacional a la Mejor Labor Editorial Cultural 2017 - El Digital de Asturias\",\"headline\":\"Austral obtiene el Premio Nacional a la Mejor Labor Editorial Cultural 2017\",\"author\":{\"@id\":\"https:\\\/\\\/www.eldigitaldeasturias.com\\\/noticias\\\/author\\\/admin\\\/#author\"},\"publisher\":{\"@id\":\"https:\\\/\\\/www.eldigitaldeasturias.com\\\/noticias\\\/#organization\"},\"image\":{\"@type\":\"ImageObject\",\"url\":953269},\"datePublished\":\"2017-09-19T19:16:33+02:00\",\"dateModified\":\"2017-09-19T19:16:33+02:00\",\"inLanguage\":\"es-ES\",\"mainEntityOfPage\":{\"@id\":\"https:\\\/\\\/www.eldigitaldeasturias.com\\\/noticias\\\/austral-obtiene-el-premio-nacional-a-la-mejor-labor-editorial-cultural-2017\\\/#webpage\"},\"isPartOf\":{\"@id\":\"https:\\\/\\\/www.eldigitaldeasturias.com\\\/noticias\\\/austral-obtiene-el-premio-nacional-a-la-mejor-labor-editorial-cultural-2017\\\/#webpage\"},\"articleSection\":\"Actualidad\"},{\"@type\":\"BreadcrumbList\",\"@id\":\"https:\\\/\\\/www.eldigitaldeasturias.com\\\/noticias\\\/austral-obtiene-el-premio-nacional-a-la-mejor-labor-editorial-cultural-2017\\\/#breadcrumblist\",\"itemListElement\":[{\"@type\":\"ListItem\",\"@id\":\"https:\\\/\\\/www.eldigitaldeasturias.com\\\/noticias#listItem\",\"position\":1,\"name\":\"Home\",\"item\":\"https:\\\/\\\/www.eldigitaldeasturias.com\\\/noticias\",\"nextItem\":{\"@type\":\"ListItem\",\"@id\":\"https:\\\/\\\/www.eldigitaldeasturias.com\\\/noticias\\\/category\\\/actualidad\\\/#listItem\",\"name\":\"Actualidad\"}},{\"@type\":\"ListItem\",\"@id\":\"https:\\\/\\\/www.eldigitaldeasturias.com\\\/noticias\\\/category\\\/actualidad\\\/#listItem\",\"position\":2,\"name\":\"Actualidad\",\"item\":\"https:\\\/\\\/www.eldigitaldeasturias.com\\\/noticias\\\/category\\\/actualidad\\\/\",\"nextItem\":{\"@type\":\"ListItem\",\"@id\":\"https:\\\/\\\/www.eldigitaldeasturias.com\\\/noticias\\\/austral-obtiene-el-premio-nacional-a-la-mejor-labor-editorial-cultural-2017\\\/#listItem\",\"name\":\"Austral obtiene el Premio Nacional a la Mejor Labor Editorial Cultural 2017\"},\"previousItem\":{\"@type\":\"ListItem\",\"@id\":\"https:\\\/\\\/www.eldigitaldeasturias.com\\\/noticias#listItem\",\"name\":\"Home\"}},{\"@type\":\"ListItem\",\"@id\":\"https:\\\/\\\/www.eldigitaldeasturias.com\\\/noticias\\\/austral-obtiene-el-premio-nacional-a-la-mejor-labor-editorial-cultural-2017\\\/#listItem\",\"position\":3,\"name\":\"Austral obtiene el Premio Nacional a la Mejor Labor Editorial Cultural 2017\",\"previousItem\":{\"@type\":\"ListItem\",\"@id\":\"https:\\\/\\\/www.eldigitaldeasturias.com\\\/noticias\\\/category\\\/actualidad\\\/#listItem\",\"name\":\"Actualidad\"}}]},{\"@type\":\"Organization\",\"@id\":\"https:\\\/\\\/www.eldigitaldeasturias.com\\\/noticias\\\/#organization\",\"name\":\"El Digital de Asturias\",\"description\":\"Hemeroteca\",\"url\":\"https:\\\/\\\/www.eldigitaldeasturias.com\\\/noticias\\\/\",\"email\":\"info@eldigitaldeasturias.com\",\"telephone\":\"+34652131393\",\"logo\":{\"@type\":\"ImageObject\",\"url\":\"https:\\\/\\\/www.eldigitaldeasturias.com\\\/noticias\\\/wp-content\\\/uploads\\\/2020\\\/12\\\/EDA.jpg\",\"@id\":\"https:\\\/\\\/www.eldigitaldeasturias.com\\\/noticias\\\/austral-obtiene-el-premio-nacional-a-la-mejor-labor-editorial-cultural-2017\\\/#organizationLogo\"},\"image\":{\"@id\":\"https:\\\/\\\/www.eldigitaldeasturias.com\\\/noticias\\\/austral-obtiene-el-premio-nacional-a-la-mejor-labor-editorial-cultural-2017\\\/#organizationLogo\"},\"sameAs\":[\"https:\\\/\\\/facebook.com\\\/eldigitaldeasturias\",\"https:\\\/\\\/www.youtube.com\\\/channel\\\/UCZP-2wLEB9Rv6erhFmqVnvg\"],\"address\":{\"@id\":\"https:\\\/\\\/www.eldigitaldeasturias.com\\\/noticias\\\/#postaladdress\",\"@type\":\"PostalAddress\",\"streetAddress\":\"san antonio 4\",\"postalCode\":\"33430\",\"addressLocality\":\"Cand\\u00e1s\",\"addressRegion\":\"Asturias\",\"addressCountry\":\"ES\"}},{\"@type\":\"Person\",\"@id\":\"https:\\\/\\\/www.eldigitaldeasturias.com\\\/noticias\\\/author\\\/admin\\\/#author\",\"url\":\"https:\\\/\\\/www.eldigitaldeasturias.com\\\/noticias\\\/author\\\/admin\\\/\",\"name\":\"El Digital de Asturias\",\"image\":{\"@type\":\"ImageObject\",\"@id\":\"https:\\\/\\\/www.eldigitaldeasturias.com\\\/noticias\\\/austral-obtiene-el-premio-nacional-a-la-mejor-labor-editorial-cultural-2017\\\/#authorImage\",\"url\":\"https:\\\/\\\/secure.gravatar.com\\\/avatar\\\/df2aeffc32bcd13f8d26072ef8a91b623d677766deac7f97ca815868cd41bf5e?s=96&d=mm&r=g\",\"width\":96,\"height\":96,\"caption\":\"El Digital de Asturias\"}},{\"@type\":\"WebPage\",\"@id\":\"https:\\\/\\\/www.eldigitaldeasturias.com\\\/noticias\\\/austral-obtiene-el-premio-nacional-a-la-mejor-labor-editorial-cultural-2017\\\/#webpage\",\"url\":\"https:\\\/\\\/www.eldigitaldeasturias.com\\\/noticias\\\/austral-obtiene-el-premio-nacional-a-la-mejor-labor-editorial-cultural-2017\\\/\",\"name\":\"Austral obtiene el Premio Nacional a la Mejor Labor Editorial Cultural 2017 - El Digital de Asturias\",\"description\":\"El sello editorial Austral ha obtenido el Premio Nacional a la Mejor Labor Editorial Cultural correspondiente al a\\u00f1o 2017 por \\\"una labor divulgativa con la que se identifican varias generaciones de espa\\u00f1oles que empezaron a leer, y a pensar, con sus libros de bolsillo, por la amplitud de un fondo editorial que re\\u00fane con acierto\",\"inLanguage\":\"es-ES\",\"isPartOf\":{\"@id\":\"https:\\\/\\\/www.eldigitaldeasturias.com\\\/noticias\\\/#website\"},\"breadcrumb\":{\"@id\":\"https:\\\/\\\/www.eldigitaldeasturias.com\\\/noticias\\\/austral-obtiene-el-premio-nacional-a-la-mejor-labor-editorial-cultural-2017\\\/#breadcrumblist\"},\"author\":{\"@id\":\"https:\\\/\\\/www.eldigitaldeasturias.com\\\/noticias\\\/author\\\/admin\\\/#author\"},\"creator\":{\"@id\":\"https:\\\/\\\/www.eldigitaldeasturias.com\\\/noticias\\\/author\\\/admin\\\/#author\"},\"image\":{\"@type\":\"ImageObject\",\"url\":953269,\"@id\":\"https:\\\/\\\/www.eldigitaldeasturias.com\\\/noticias\\\/austral-obtiene-el-premio-nacional-a-la-mejor-labor-editorial-cultural-2017\\\/#mainImage\"},\"primaryImageOfPage\":{\"@id\":\"https:\\\/\\\/www.eldigitaldeasturias.com\\\/noticias\\\/austral-obtiene-el-premio-nacional-a-la-mejor-labor-editorial-cultural-2017\\\/#mainImage\"},\"datePublished\":\"2017-09-19T19:16:33+02:00\",\"dateModified\":\"2017-09-19T19:16:33+02:00\"},{\"@type\":\"WebSite\",\"@id\":\"https:\\\/\\\/www.eldigitaldeasturias.com\\\/noticias\\\/#website\",\"url\":\"https:\\\/\\\/www.eldigitaldeasturias.com\\\/noticias\\\/\",\"name\":\"El Digital de Asturias - Diario de actualidad y noticias\",\"alternateName\":\"El Digital de Asturias - Diario de actualidad y noticias\",\"description\":\"Hemeroteca\",\"inLanguage\":\"es-ES\",\"publisher\":{\"@id\":\"https:\\\/\\\/www.eldigitaldeasturias.com\\\/noticias\\\/#organization\"}}]}\n\t\t<\/script>\n\t\t<!-- All in One SEO Pro -->\r\n\t\t<title>Austral obtiene el Premio Nacional a la Mejor Labor Editorial Cultural 2017 - El Digital de Asturias<\/title>\n\n","aioseo_head_json":{"title":"Austral obtiene el Premio Nacional a la Mejor Labor Editorial Cultural 2017 - El Digital de Asturias","description":"El sello editorial Austral ha obtenido el Premio Nacional a la Mejor Labor Editorial Cultural correspondiente al a\u00f1o 2017 por \"una labor divulgativa con la que se identifican varias generaciones de espa\u00f1oles que empezaron a leer, y a pensar, con sus libros de bolsillo, por la amplitud de un fondo editorial que re\u00fane con acierto","canonical_url":"https:\/\/www.eldigitaldeasturias.com\/noticias\/austral-obtiene-el-premio-nacional-a-la-mejor-labor-editorial-cultural-2017\/","robots":"max-image-preview:large","keywords":"actualidad","webmasterTools":{"google-site-verification":"UA-38556648-1","msvalidate.01":"7dfe9f3f1b24437ab69f4f2559babe99","miscellaneous":""},"schema":{"@context":"https:\/\/schema.org","@graph":[{"@type":"BlogPosting","@id":"https:\/\/www.eldigitaldeasturias.com\/noticias\/austral-obtiene-el-premio-nacional-a-la-mejor-labor-editorial-cultural-2017\/#blogposting","name":"Austral obtiene el Premio Nacional a la Mejor Labor Editorial Cultural 2017 - El Digital de Asturias","headline":"Austral obtiene el Premio Nacional a la Mejor Labor Editorial Cultural 2017","author":{"@id":"https:\/\/www.eldigitaldeasturias.com\/noticias\/author\/admin\/#author"},"publisher":{"@id":"https:\/\/www.eldigitaldeasturias.com\/noticias\/#organization"},"image":{"@type":"ImageObject","url":953269},"datePublished":"2017-09-19T19:16:33+02:00","dateModified":"2017-09-19T19:16:33+02:00","inLanguage":"es-ES","mainEntityOfPage":{"@id":"https:\/\/www.eldigitaldeasturias.com\/noticias\/austral-obtiene-el-premio-nacional-a-la-mejor-labor-editorial-cultural-2017\/#webpage"},"isPartOf":{"@id":"https:\/\/www.eldigitaldeasturias.com\/noticias\/austral-obtiene-el-premio-nacional-a-la-mejor-labor-editorial-cultural-2017\/#webpage"},"articleSection":"Actualidad"},{"@type":"BreadcrumbList","@id":"https:\/\/www.eldigitaldeasturias.com\/noticias\/austral-obtiene-el-premio-nacional-a-la-mejor-labor-editorial-cultural-2017\/#breadcrumblist","itemListElement":[{"@type":"ListItem","@id":"https:\/\/www.eldigitaldeasturias.com\/noticias#listItem","position":1,"name":"Home","item":"https:\/\/www.eldigitaldeasturias.com\/noticias","nextItem":{"@type":"ListItem","@id":"https:\/\/www.eldigitaldeasturias.com\/noticias\/category\/actualidad\/#listItem","name":"Actualidad"}},{"@type":"ListItem","@id":"https:\/\/www.eldigitaldeasturias.com\/noticias\/category\/actualidad\/#listItem","position":2,"name":"Actualidad","item":"https:\/\/www.eldigitaldeasturias.com\/noticias\/category\/actualidad\/","nextItem":{"@type":"ListItem","@id":"https:\/\/www.eldigitaldeasturias.com\/noticias\/austral-obtiene-el-premio-nacional-a-la-mejor-labor-editorial-cultural-2017\/#listItem","name":"Austral obtiene el Premio Nacional a la Mejor Labor Editorial Cultural 2017"},"previousItem":{"@type":"ListItem","@id":"https:\/\/www.eldigitaldeasturias.com\/noticias#listItem","name":"Home"}},{"@type":"ListItem","@id":"https:\/\/www.eldigitaldeasturias.com\/noticias\/austral-obtiene-el-premio-nacional-a-la-mejor-labor-editorial-cultural-2017\/#listItem","position":3,"name":"Austral obtiene el Premio Nacional a la Mejor Labor Editorial Cultural 2017","previousItem":{"@type":"ListItem","@id":"https:\/\/www.eldigitaldeasturias.com\/noticias\/category\/actualidad\/#listItem","name":"Actualidad"}}]},{"@type":"Organization","@id":"https:\/\/www.eldigitaldeasturias.com\/noticias\/#organization","name":"El Digital de Asturias","description":"Hemeroteca","url":"https:\/\/www.eldigitaldeasturias.com\/noticias\/","email":"info@eldigitaldeasturias.com","telephone":"+34652131393","logo":{"@type":"ImageObject","url":"https:\/\/www.eldigitaldeasturias.com\/noticias\/wp-content\/uploads\/2020\/12\/EDA.jpg","@id":"https:\/\/www.eldigitaldeasturias.com\/noticias\/austral-obtiene-el-premio-nacional-a-la-mejor-labor-editorial-cultural-2017\/#organizationLogo"},"image":{"@id":"https:\/\/www.eldigitaldeasturias.com\/noticias\/austral-obtiene-el-premio-nacional-a-la-mejor-labor-editorial-cultural-2017\/#organizationLogo"},"sameAs":["https:\/\/facebook.com\/eldigitaldeasturias","https:\/\/www.youtube.com\/channel\/UCZP-2wLEB9Rv6erhFmqVnvg"],"address":{"@id":"https:\/\/www.eldigitaldeasturias.com\/noticias\/#postaladdress","@type":"PostalAddress","streetAddress":"san antonio 4","postalCode":"33430","addressLocality":"Cand\u00e1s","addressRegion":"Asturias","addressCountry":"ES"}},{"@type":"Person","@id":"https:\/\/www.eldigitaldeasturias.com\/noticias\/author\/admin\/#author","url":"https:\/\/www.eldigitaldeasturias.com\/noticias\/author\/admin\/","name":"El Digital de Asturias","image":{"@type":"ImageObject","@id":"https:\/\/www.eldigitaldeasturias.com\/noticias\/austral-obtiene-el-premio-nacional-a-la-mejor-labor-editorial-cultural-2017\/#authorImage","url":"https:\/\/secure.gravatar.com\/avatar\/df2aeffc32bcd13f8d26072ef8a91b623d677766deac7f97ca815868cd41bf5e?s=96&d=mm&r=g","width":96,"height":96,"caption":"El Digital de Asturias"}},{"@type":"WebPage","@id":"https:\/\/www.eldigitaldeasturias.com\/noticias\/austral-obtiene-el-premio-nacional-a-la-mejor-labor-editorial-cultural-2017\/#webpage","url":"https:\/\/www.eldigitaldeasturias.com\/noticias\/austral-obtiene-el-premio-nacional-a-la-mejor-labor-editorial-cultural-2017\/","name":"Austral obtiene el Premio Nacional a la Mejor Labor Editorial Cultural 2017 - El Digital de Asturias","description":"El sello editorial Austral ha obtenido el Premio Nacional a la Mejor Labor Editorial Cultural correspondiente al a\u00f1o 2017 por \"una labor divulgativa con la que se identifican varias generaciones de espa\u00f1oles que empezaron a leer, y a pensar, con sus libros de bolsillo, por la amplitud de un fondo editorial que re\u00fane con acierto","inLanguage":"es-ES","isPartOf":{"@id":"https:\/\/www.eldigitaldeasturias.com\/noticias\/#website"},"breadcrumb":{"@id":"https:\/\/www.eldigitaldeasturias.com\/noticias\/austral-obtiene-el-premio-nacional-a-la-mejor-labor-editorial-cultural-2017\/#breadcrumblist"},"author":{"@id":"https:\/\/www.eldigitaldeasturias.com\/noticias\/author\/admin\/#author"},"creator":{"@id":"https:\/\/www.eldigitaldeasturias.com\/noticias\/author\/admin\/#author"},"image":{"@type":"ImageObject","url":953269,"@id":"https:\/\/www.eldigitaldeasturias.com\/noticias\/austral-obtiene-el-premio-nacional-a-la-mejor-labor-editorial-cultural-2017\/#mainImage"},"primaryImageOfPage":{"@id":"https:\/\/www.eldigitaldeasturias.com\/noticias\/austral-obtiene-el-premio-nacional-a-la-mejor-labor-editorial-cultural-2017\/#mainImage"},"datePublished":"2017-09-19T19:16:33+02:00","dateModified":"2017-09-19T19:16:33+02:00"},{"@type":"WebSite","@id":"https:\/\/www.eldigitaldeasturias.com\/noticias\/#website","url":"https:\/\/www.eldigitaldeasturias.com\/noticias\/","name":"El Digital de Asturias - Diario de actualidad y noticias","alternateName":"El Digital de Asturias - Diario de actualidad y noticias","description":"Hemeroteca","inLanguage":"es-ES","publisher":{"@id":"https:\/\/www.eldigitaldeasturias.com\/noticias\/#organization"}}]},"og:locale":"es_ES","og:site_name":"El Digital de Asturias","og:type":"article","og:title":"Austral obtiene el Premio Nacional a la Mejor Labor Editorial Cultural 2017 - El Digital de Asturias","og:description":"El sello editorial Austral ha obtenido el Premio Nacional a la Mejor Labor Editorial Cultural correspondiente al a\u00f1o 2017 por &quot;una labor divulgativa con la que se identifican varias generaciones de espa\u00f1oles que empezaron a leer, y a pensar, con sus libros de bolsillo, por la amplitud de un fondo editorial que re\u00fane con acierto","og:url":"https:\/\/www.eldigitaldeasturias.com\/noticias\/austral-obtiene-el-premio-nacional-a-la-mejor-labor-editorial-cultural-2017\/","article:tag":["actualidad"],"article:published_time":"2017-09-19T19:16:33+00:00","article:modified_time":"2017-09-19T19:16:33+00:00","article:publisher":"https:\/\/facebook.com\/eldigitaldeasturias","twitter:card":"summary_large_image","twitter:title":"Austral obtiene el Premio Nacional a la Mejor Labor Editorial Cultural 2017 - El Digital de Asturias","twitter:description":"El sello editorial Austral ha obtenido el Premio Nacional a la Mejor Labor Editorial Cultural correspondiente al a\u00f1o 2017 por &quot;una labor divulgativa con la que se identifican varias generaciones de espa\u00f1oles que empezaron a leer, y a pensar, con sus libros de bolsillo, por la amplitud de un fondo editorial que re\u00fane con acierto","twitter:image":"https:\/\/www.eldigitaldeasturias.com\/noticias\/wp-content\/uploads\/2020\/12\/EDA-1.jpg","twitter:label1":"Escrito por","twitter:data1":"El Digital de Asturias","twitter:label2":"Tiempo de lectura estimado","twitter:data2":"2 minutos"},"aioseo_meta_data":{"post_id":"953268","title":null,"description":null,"keywords":null,"keyphrases":null,"primary_term":null,"canonical_url":null,"og_title":null,"og_description":null,"og_object_type":"default","og_image_type":"default","og_image_url":null,"og_image_width":null,"og_image_height":null,"og_image_custom_url":null,"og_image_custom_fields":null,"og_video":null,"og_custom_url":null,"og_article_section":null,"og_article_tags":null,"twitter_use_og":false,"twitter_card":"default","twitter_image_type":"default","twitter_image_url":null,"twitter_image_custom_url":null,"twitter_image_custom_fields":null,"twitter_title":null,"twitter_description":null,"schema":{"blockGraphs":[],"customGraphs":[],"default":{"data":{"Article":[],"Course":[],"Dataset":[],"FAQPage":[],"Movie":[],"Person":[],"Product":[],"ProductReview":[],"Car":[],"Recipe":[],"Service":[],"SoftwareApplication":[],"WebPage":[]},"graphName":"","isEnabled":true},"graphs":[],"defaultGraph":"","defaultPostTypeGraph":""},"schema_type":null,"schema_type_options":null,"pillar_content":false,"robots_default":true,"robots_noindex":false,"robots_noarchive":false,"robots_nosnippet":false,"robots_nofollow":false,"robots_noimageindex":false,"robots_noodp":false,"robots_notranslate":false,"robots_max_snippet":null,"robots_max_videopreview":null,"robots_max_imagepreview":"large","priority":null,"frequency":null,"local_seo":null,"seo_analyzer_scan_date":"2025-12-06 01:44:19","breadcrumb_settings":null,"limit_modified_date":false,"open_ai":null,"ai":null,"created":"2020-12-21 12:57:25","updated":"2025-12-06 01:44:19","focus_keyword":null,"additional_keywords":null,"truseo_locale":null},"aioseo_breadcrumb":"<div class=\"aioseo-breadcrumbs\"><span class=\"aioseo-breadcrumb\">\n\t<a href=\"https:\/\/www.eldigitaldeasturias.com\/noticias\" title=\"Home\">Home<\/a>\n<\/span><span class=\"aioseo-breadcrumb-separator\">\u2013<\/span><span class=\"aioseo-breadcrumb\">\n\t<a href=\"https:\/\/www.eldigitaldeasturias.com\/noticias\/category\/actualidad\/\" title=\"Actualidad\">Actualidad<\/a>\n<\/span><span class=\"aioseo-breadcrumb-separator\">\u2013<\/span><span class=\"aioseo-breadcrumb\">\n\t<a href=\"https:\/\/www.eldigitaldeasturias.com\/noticias\/austral-obtiene-el-premio-nacional-a-la-mejor-labor-editorial-cultural-2017\/\" title=\"Austral obtiene el Premio Nacional a la Mejor Labor Editorial Cultural 2017\">Austral obtiene el Premio Nacional a la Mejor Labor Editorial Cultural 2017<\/a>\n<\/span><\/div>","aioseo_breadcrumb_json":[{"label":"Home","link":"https:\/\/www.eldigitaldeasturias.com\/noticias"},{"label":"Actualidad","link":"https:\/\/www.eldigitaldeasturias.com\/noticias\/category\/actualidad\/"},{"label":"Austral obtiene el Premio Nacional a la Mejor Labor Editorial Cultural 2017","link":"https:\/\/www.eldigitaldeasturias.com\/noticias\/austral-obtiene-el-premio-nacional-a-la-mejor-labor-editorial-cultural-2017\/"}],"_links":{"self":[{"href":"https:\/\/www.eldigitaldeasturias.com\/noticias\/wp-json\/wp\/v2\/posts\/953268","targetHints":{"allow":["GET"]}}],"collection":[{"href":"https:\/\/www.eldigitaldeasturias.com\/noticias\/wp-json\/wp\/v2\/posts"}],"about":[{"href":"https:\/\/www.eldigitaldeasturias.com\/noticias\/wp-json\/wp\/v2\/types\/post"}],"author":[{"embeddable":true,"href":"https:\/\/www.eldigitaldeasturias.com\/noticias\/wp-json\/wp\/v2\/users\/1"}],"replies":[{"embeddable":true,"href":"https:\/\/www.eldigitaldeasturias.com\/noticias\/wp-json\/wp\/v2\/comments?post=953268"}],"version-history":[{"count":0,"href":"https:\/\/www.eldigitaldeasturias.com\/noticias\/wp-json\/wp\/v2\/posts\/953268\/revisions"}],"wp:attachment":[{"href":"https:\/\/www.eldigitaldeasturias.com\/noticias\/wp-json\/wp\/v2\/media?parent=953268"}],"wp:term":[{"taxonomy":"category","embeddable":true,"href":"https:\/\/www.eldigitaldeasturias.com\/noticias\/wp-json\/wp\/v2\/categories?post=953268"},{"taxonomy":"post_tag","embeddable":true,"href":"https:\/\/www.eldigitaldeasturias.com\/noticias\/wp-json\/wp\/v2\/tags?post=953268"}],"curies":[{"name":"wp","href":"https:\/\/api.w.org\/{rel}","templated":true}]}}