{"id":953260,"date":"2017-09-19T19:08:20","date_gmt":"2017-09-19T19:08:20","guid":{"rendered":"http:\/\/www.eldigitaldeasturias.com\/noticias\/?p=953260"},"modified":"2017-09-19T19:08:20","modified_gmt":"2017-09-19T19:08:20","slug":"contratar-una-asistenta-sera-mas-caro-en-2017","status":"publish","type":"post","link":"https:\/\/www.eldigitaldeasturias.com\/noticias\/contratar-una-asistenta-sera-mas-caro-en-2017\/","title":{"rendered":"Contratar una asistenta ser\u00e1 m\u00e1s caro en 2017"},"content":{"rendered":"<p><img loading=\"lazy\" decoding=\"async\" class=\"alignleft size-medium wp-image-953261\" src=\"https:\/\/www.eldigitaldeasturias.com\/noticias\/wp-content\/uploads\/2017\/09\/1505836930_contratar_asistenta-360x195.jpg\" alt=\"\" width=\"360\" height=\"195\" \/>En el sector del servicio dom\u00e9stico, tanto los salarios como la jornada de trabajo (entre otras condiciones) est\u00e1n \u00edntimamente relacionados con las posibilidades econ\u00f3micas de estos empleadores.<\/p>\n<p>De continuar vigente la desaparici\u00f3n de esta reducci\u00f3n del 20%, personas que pod\u00edan hasta ahora permitirse tener una asistenta en el hogar pueden verse obligados a prescindir de este trabajador debido a este aumento en la cotizaci\u00f3n por contingencias comunes.<\/p>\n<p><em>\u201cSe trata de un golpe que afecta seriamente a la situaci\u00f3n de los trabajadores y trabajadoras del sector del servicio dom\u00e9stico en Espa\u00f1a. Ahora, sumado a la precariedad de los salarios y a los contratos basura o ilegales, muchos empleados de este sector perder\u00e1n su trabajo debido a la desaparici\u00f3n de esta reducci\u00f3n\u201d<\/em> afirman en Serviasistentes, el <a href=\"https:\/\/www.serviasistentes.com\/\" target=\"_blank\" rel=\"nofollow noopener\"><span style=\"color: #ff0000;\"><strong>portal<\/strong><\/span> <span style=\"color: #ff0000;\"><strong>de servicio dom\u00e9stico<\/strong><\/span><\/a> l\u00edder en Espa\u00f1a.<\/p>\n<p><strong>\u00bfC\u00f3mo es trabajar en servicio dom\u00e9stico en Espa\u00f1a?<\/strong><\/p>\n<p>Los trabajadores del sector del servicio dom\u00e9stico en nuestro pa\u00eds reciben los salarios m\u00e1s bajos de todas las ramas de actividad. De hecho, su salario medio bruto mensual es un 60% menor que el salario medio del conjunto de los trabajadores por cuenta ajena. Adem\u00e1s, s\u00f3lo un 2,4% de los trabajadores de este sector lo son a jornada completa, seg\u00fan datos revelados por el <span style=\"color: #ff0000;\"><strong>diario La Cerca<\/strong><\/span>.<\/p>\n<p>Por otro lado, no en todos los hogares en los que se da empleo a una persona para realizar labores dom\u00e9sticas este trabajador se ha dado de alta correctamente y existe un contrato que cumpla las condiciones legales establecidas.<\/p>\n<p>Y por si todo esto fuera poco, m\u00e1s del 68% de los asalariados como personal dom\u00e9stico no llegan a los 1.000 euros brutos al mes.<\/p>\n<p><strong>Una mala noticia para el sector del servicio dom\u00e9stico<\/strong><\/p>\n<p>Si ya de por s\u00ed la situaci\u00f3n de los trabajadores en este sector era precaria, ahora que se ha eliminado la reducci\u00f3n del 20% incluso se arriesgan a perder su trabajo. En la mayor\u00eda de los casos quienes contratan empleados de servicio dom\u00e9stico son tambi\u00e9n trabajadores, lo que significa que debido a este aumento de la aportaci\u00f3n a las contingencias comunes pueden verse obligados a reducir las horas de ese trabajador, los d\u00edas laborales que trabaja o incluso despedirle.<\/p>\n<p>S\u00f3lo el tiempo y mucho esfuerzo puede mejorar la situaci\u00f3n actual de los trabajadores de servicio dom\u00e9stico en Espa\u00f1a, que cada vez lo tienen m\u00e1s dif\u00edcil para encontrar trabajo.<\/p>\n<p>&nbsp;<\/p>\n","protected":false},"excerpt":{"rendered":"<p>En el sector del servicio dom\u00e9stico, tanto los salarios como la jornada de trabajo (entre otras condiciones) est\u00e1n \u00edntimamente relacionados con las posibilidades econ\u00f3micas de estos empleadores. De continuar vigente la desaparici\u00f3n de esta reducci\u00f3n del 20%, personas que pod\u00edan hasta ahora permitirse tener una asistenta en el hogar pueden verse obligados a prescindir de [&hellip;]<\/p>\n","protected":false},"author":1,"featured_media":953261,"comment_status":"closed","ping_status":"closed","sticky":false,"template":"","format":"standard","meta":{"footnotes":""},"categories":[1],"tags":[],"class_list":["post-953260","post","type-post","status-publish","format-standard","has-post-thumbnail","hentry","category-actualidad"],"aioseo_notices":[],"aioseo_head":"\n\t\t<!-- All in One SEO Pro 5.0.1 - aioseo.com -->\n\t<meta name=\"description\" content=\"En el sector del servicio dom\u00e9stico, tanto los salarios como la jornada de trabajo (entre otras condiciones) est\u00e1n \u00edntimamente relacionados con las posibilidades econ\u00f3micas de estos empleadores. De continuar vigente la desaparici\u00f3n de esta reducci\u00f3n del 20%, personas que pod\u00edan hasta ahora permitirse tener una asistenta en el hogar pueden verse obligados a prescindir de\" \/>\n\t<meta name=\"robots\" content=\"max-image-preview:large\" \/>\n\t<meta name=\"author\" content=\"El Digital de Asturias\"\/>\n\t<meta name=\"google-site-verification\" content=\"UA-38556648-1\" \/>\n\t<meta name=\"msvalidate.01\" content=\"7dfe9f3f1b24437ab69f4f2559babe99\" \/>\n\t<meta name=\"keywords\" content=\"actualidad\" \/>\n\t<link rel=\"canonical\" href=\"https:\/\/www.eldigitaldeasturias.com\/noticias\/contratar-una-asistenta-sera-mas-caro-en-2017\/\" \/>\n\t<meta name=\"generator\" content=\"All in One SEO Pro (AIOSEO) 5.0.1\" \/>\n\t\t<meta property=\"og:locale\" content=\"es_ES\" \/>\n\t\t<meta property=\"og:site_name\" content=\"El Digital de Asturias\" \/>\n\t\t<meta property=\"og:type\" content=\"article\" \/>\n\t\t<meta property=\"og:title\" content=\"Contratar una asistenta ser\u00e1 m\u00e1s caro en 2017 - El Digital de Asturias\" \/>\n\t\t<meta property=\"og:description\" content=\"En el sector del servicio dom\u00e9stico, tanto los salarios como la jornada de trabajo (entre otras condiciones) est\u00e1n \u00edntimamente relacionados con las posibilidades econ\u00f3micas de estos empleadores. De continuar vigente la desaparici\u00f3n de esta reducci\u00f3n del 20%, personas que pod\u00edan hasta ahora permitirse tener una asistenta en el hogar pueden verse obligados a prescindir de\" \/>\n\t\t<meta property=\"og:url\" content=\"https:\/\/www.eldigitaldeasturias.com\/noticias\/contratar-una-asistenta-sera-mas-caro-en-2017\/\" \/>\n\t\t<meta property=\"article:tag\" content=\"actualidad\" \/>\n\t\t<meta property=\"article:published_time\" content=\"2017-09-19T19:08:20+00:00\" \/>\n\t\t<meta property=\"article:modified_time\" content=\"2017-09-19T19:08:20+00:00\" \/>\n\t\t<meta property=\"article:publisher\" content=\"https:\/\/facebook.com\/eldigitaldeasturias\" \/>\n\t\t<meta name=\"twitter:card\" content=\"summary_large_image\" \/>\n\t\t<meta name=\"twitter:title\" content=\"Contratar una asistenta ser\u00e1 m\u00e1s caro en 2017 - El Digital de Asturias\" \/>\n\t\t<meta name=\"twitter:description\" content=\"En el sector del servicio dom\u00e9stico, tanto los salarios como la jornada de trabajo (entre otras condiciones) est\u00e1n \u00edntimamente relacionados con las posibilidades econ\u00f3micas de estos empleadores. De continuar vigente la desaparici\u00f3n de esta reducci\u00f3n del 20%, personas que pod\u00edan hasta ahora permitirse tener una asistenta en el hogar pueden verse obligados a prescindir de\" \/>\n\t\t<meta name=\"twitter:image\" content=\"https:\/\/www.eldigitaldeasturias.com\/noticias\/wp-content\/uploads\/2020\/12\/EDA-1.jpg\" \/>\n\t\t<meta name=\"twitter:label1\" content=\"Escrito por\" \/>\n\t\t<meta name=\"twitter:data1\" content=\"El Digital de Asturias\" \/>\n\t\t<meta name=\"twitter:label2\" content=\"Tiempo de lectura estimado\" \/>\n\t\t<meta name=\"twitter:data2\" content=\"2 minutos\" \/>\n\t\t<script type=\"application\/ld+json\" class=\"aioseo-schema\">\n\t\t\t{\"@context\":\"https:\\\/\\\/schema.org\",\"@graph\":[{\"@type\":\"BlogPosting\",\"@id\":\"https:\\\/\\\/www.eldigitaldeasturias.com\\\/noticias\\\/contratar-una-asistenta-sera-mas-caro-en-2017\\\/#blogposting\",\"name\":\"Contratar una asistenta ser\\u00e1 m\\u00e1s caro en 2017 - El Digital de Asturias\",\"headline\":\"Contratar una asistenta ser\\u00e1 m\\u00e1s caro en 2017\",\"author\":{\"@id\":\"https:\\\/\\\/www.eldigitaldeasturias.com\\\/noticias\\\/author\\\/admin\\\/#author\"},\"publisher\":{\"@id\":\"https:\\\/\\\/www.eldigitaldeasturias.com\\\/noticias\\\/#organization\"},\"image\":{\"@type\":\"ImageObject\",\"url\":953261},\"datePublished\":\"2017-09-19T19:08:20+02:00\",\"dateModified\":\"2017-09-19T19:08:20+02:00\",\"inLanguage\":\"es-ES\",\"mainEntityOfPage\":{\"@id\":\"https:\\\/\\\/www.eldigitaldeasturias.com\\\/noticias\\\/contratar-una-asistenta-sera-mas-caro-en-2017\\\/#webpage\"},\"isPartOf\":{\"@id\":\"https:\\\/\\\/www.eldigitaldeasturias.com\\\/noticias\\\/contratar-una-asistenta-sera-mas-caro-en-2017\\\/#webpage\"},\"articleSection\":\"Actualidad\"},{\"@type\":\"BreadcrumbList\",\"@id\":\"https:\\\/\\\/www.eldigitaldeasturias.com\\\/noticias\\\/contratar-una-asistenta-sera-mas-caro-en-2017\\\/#breadcrumblist\",\"itemListElement\":[{\"@type\":\"ListItem\",\"@id\":\"https:\\\/\\\/www.eldigitaldeasturias.com\\\/noticias#listItem\",\"position\":1,\"name\":\"Home\",\"item\":\"https:\\\/\\\/www.eldigitaldeasturias.com\\\/noticias\",\"nextItem\":{\"@type\":\"ListItem\",\"@id\":\"https:\\\/\\\/www.eldigitaldeasturias.com\\\/noticias\\\/category\\\/actualidad\\\/#listItem\",\"name\":\"Actualidad\"}},{\"@type\":\"ListItem\",\"@id\":\"https:\\\/\\\/www.eldigitaldeasturias.com\\\/noticias\\\/category\\\/actualidad\\\/#listItem\",\"position\":2,\"name\":\"Actualidad\",\"item\":\"https:\\\/\\\/www.eldigitaldeasturias.com\\\/noticias\\\/category\\\/actualidad\\\/\",\"nextItem\":{\"@type\":\"ListItem\",\"@id\":\"https:\\\/\\\/www.eldigitaldeasturias.com\\\/noticias\\\/contratar-una-asistenta-sera-mas-caro-en-2017\\\/#listItem\",\"name\":\"Contratar una asistenta ser\\u00e1 m\\u00e1s caro en 2017\"},\"previousItem\":{\"@type\":\"ListItem\",\"@id\":\"https:\\\/\\\/www.eldigitaldeasturias.com\\\/noticias#listItem\",\"name\":\"Home\"}},{\"@type\":\"ListItem\",\"@id\":\"https:\\\/\\\/www.eldigitaldeasturias.com\\\/noticias\\\/contratar-una-asistenta-sera-mas-caro-en-2017\\\/#listItem\",\"position\":3,\"name\":\"Contratar una asistenta ser\\u00e1 m\\u00e1s caro en 2017\",\"previousItem\":{\"@type\":\"ListItem\",\"@id\":\"https:\\\/\\\/www.eldigitaldeasturias.com\\\/noticias\\\/category\\\/actualidad\\\/#listItem\",\"name\":\"Actualidad\"}}]},{\"@type\":\"Organization\",\"@id\":\"https:\\\/\\\/www.eldigitaldeasturias.com\\\/noticias\\\/#organization\",\"name\":\"El Digital de Asturias\",\"description\":\"Hemeroteca\",\"url\":\"https:\\\/\\\/www.eldigitaldeasturias.com\\\/noticias\\\/\",\"email\":\"info@eldigitaldeasturias.com\",\"telephone\":\"+34652131393\",\"logo\":{\"@type\":\"ImageObject\",\"url\":\"https:\\\/\\\/www.eldigitaldeasturias.com\\\/noticias\\\/wp-content\\\/uploads\\\/2020\\\/12\\\/EDA.jpg\",\"@id\":\"https:\\\/\\\/www.eldigitaldeasturias.com\\\/noticias\\\/contratar-una-asistenta-sera-mas-caro-en-2017\\\/#organizationLogo\"},\"image\":{\"@id\":\"https:\\\/\\\/www.eldigitaldeasturias.com\\\/noticias\\\/contratar-una-asistenta-sera-mas-caro-en-2017\\\/#organizationLogo\"},\"sameAs\":[\"https:\\\/\\\/facebook.com\\\/eldigitaldeasturias\",\"https:\\\/\\\/www.youtube.com\\\/channel\\\/UCZP-2wLEB9Rv6erhFmqVnvg\"],\"address\":{\"@id\":\"https:\\\/\\\/www.eldigitaldeasturias.com\\\/noticias\\\/#postaladdress\",\"@type\":\"PostalAddress\",\"streetAddress\":\"san antonio 4\",\"postalCode\":\"33430\",\"addressLocality\":\"Cand\\u00e1s\",\"addressRegion\":\"Asturias\",\"addressCountry\":\"ES\"}},{\"@type\":\"Person\",\"@id\":\"https:\\\/\\\/www.eldigitaldeasturias.com\\\/noticias\\\/author\\\/admin\\\/#author\",\"url\":\"https:\\\/\\\/www.eldigitaldeasturias.com\\\/noticias\\\/author\\\/admin\\\/\",\"name\":\"El Digital de Asturias\",\"image\":{\"@type\":\"ImageObject\",\"@id\":\"https:\\\/\\\/www.eldigitaldeasturias.com\\\/noticias\\\/contratar-una-asistenta-sera-mas-caro-en-2017\\\/#authorImage\",\"url\":\"https:\\\/\\\/secure.gravatar.com\\\/avatar\\\/df2aeffc32bcd13f8d26072ef8a91b623d677766deac7f97ca815868cd41bf5e?s=96&d=mm&r=g\",\"width\":96,\"height\":96,\"caption\":\"El Digital de Asturias\"}},{\"@type\":\"WebPage\",\"@id\":\"https:\\\/\\\/www.eldigitaldeasturias.com\\\/noticias\\\/contratar-una-asistenta-sera-mas-caro-en-2017\\\/#webpage\",\"url\":\"https:\\\/\\\/www.eldigitaldeasturias.com\\\/noticias\\\/contratar-una-asistenta-sera-mas-caro-en-2017\\\/\",\"name\":\"Contratar una asistenta ser\\u00e1 m\\u00e1s caro en 2017 - El Digital de Asturias\",\"description\":\"En el sector del servicio dom\\u00e9stico, tanto los salarios como la jornada de trabajo (entre otras condiciones) est\\u00e1n \\u00edntimamente relacionados con las posibilidades econ\\u00f3micas de estos empleadores. De continuar vigente la desaparici\\u00f3n de esta reducci\\u00f3n del 20%, personas que pod\\u00edan hasta ahora permitirse tener una asistenta en el hogar pueden verse obligados a prescindir de\",\"inLanguage\":\"es-ES\",\"isPartOf\":{\"@id\":\"https:\\\/\\\/www.eldigitaldeasturias.com\\\/noticias\\\/#website\"},\"breadcrumb\":{\"@id\":\"https:\\\/\\\/www.eldigitaldeasturias.com\\\/noticias\\\/contratar-una-asistenta-sera-mas-caro-en-2017\\\/#breadcrumblist\"},\"author\":{\"@id\":\"https:\\\/\\\/www.eldigitaldeasturias.com\\\/noticias\\\/author\\\/admin\\\/#author\"},\"creator\":{\"@id\":\"https:\\\/\\\/www.eldigitaldeasturias.com\\\/noticias\\\/author\\\/admin\\\/#author\"},\"image\":{\"@type\":\"ImageObject\",\"url\":953261,\"@id\":\"https:\\\/\\\/www.eldigitaldeasturias.com\\\/noticias\\\/contratar-una-asistenta-sera-mas-caro-en-2017\\\/#mainImage\"},\"primaryImageOfPage\":{\"@id\":\"https:\\\/\\\/www.eldigitaldeasturias.com\\\/noticias\\\/contratar-una-asistenta-sera-mas-caro-en-2017\\\/#mainImage\"},\"datePublished\":\"2017-09-19T19:08:20+02:00\",\"dateModified\":\"2017-09-19T19:08:20+02:00\"},{\"@type\":\"WebSite\",\"@id\":\"https:\\\/\\\/www.eldigitaldeasturias.com\\\/noticias\\\/#website\",\"url\":\"https:\\\/\\\/www.eldigitaldeasturias.com\\\/noticias\\\/\",\"name\":\"El Digital de Asturias - Diario de actualidad y noticias\",\"alternateName\":\"El Digital de Asturias - Diario de actualidad y noticias\",\"description\":\"Hemeroteca\",\"inLanguage\":\"es-ES\",\"publisher\":{\"@id\":\"https:\\\/\\\/www.eldigitaldeasturias.com\\\/noticias\\\/#organization\"}}]}\n\t\t<\/script>\n\t\t<!-- All in One SEO Pro -->\r\n\t\t<title>Contratar una asistenta ser\u00e1 m\u00e1s caro en 2017 - El Digital de Asturias<\/title>\n\n","aioseo_head_json":{"title":"Contratar una asistenta ser\u00e1 m\u00e1s caro en 2017 - El Digital de Asturias","description":"En el sector del servicio dom\u00e9stico, tanto los salarios como la jornada de trabajo (entre otras condiciones) est\u00e1n \u00edntimamente relacionados con las posibilidades econ\u00f3micas de estos empleadores. De continuar vigente la desaparici\u00f3n de esta reducci\u00f3n del 20%, personas que pod\u00edan hasta ahora permitirse tener una asistenta en el hogar pueden verse obligados a prescindir de","canonical_url":"https:\/\/www.eldigitaldeasturias.com\/noticias\/contratar-una-asistenta-sera-mas-caro-en-2017\/","robots":"max-image-preview:large","keywords":"actualidad","webmasterTools":{"google-site-verification":"UA-38556648-1","msvalidate.01":"7dfe9f3f1b24437ab69f4f2559babe99","miscellaneous":""},"schema":{"@context":"https:\/\/schema.org","@graph":[{"@type":"BlogPosting","@id":"https:\/\/www.eldigitaldeasturias.com\/noticias\/contratar-una-asistenta-sera-mas-caro-en-2017\/#blogposting","name":"Contratar una asistenta ser\u00e1 m\u00e1s caro en 2017 - El Digital de Asturias","headline":"Contratar una asistenta ser\u00e1 m\u00e1s caro en 2017","author":{"@id":"https:\/\/www.eldigitaldeasturias.com\/noticias\/author\/admin\/#author"},"publisher":{"@id":"https:\/\/www.eldigitaldeasturias.com\/noticias\/#organization"},"image":{"@type":"ImageObject","url":953261},"datePublished":"2017-09-19T19:08:20+02:00","dateModified":"2017-09-19T19:08:20+02:00","inLanguage":"es-ES","mainEntityOfPage":{"@id":"https:\/\/www.eldigitaldeasturias.com\/noticias\/contratar-una-asistenta-sera-mas-caro-en-2017\/#webpage"},"isPartOf":{"@id":"https:\/\/www.eldigitaldeasturias.com\/noticias\/contratar-una-asistenta-sera-mas-caro-en-2017\/#webpage"},"articleSection":"Actualidad"},{"@type":"BreadcrumbList","@id":"https:\/\/www.eldigitaldeasturias.com\/noticias\/contratar-una-asistenta-sera-mas-caro-en-2017\/#breadcrumblist","itemListElement":[{"@type":"ListItem","@id":"https:\/\/www.eldigitaldeasturias.com\/noticias#listItem","position":1,"name":"Home","item":"https:\/\/www.eldigitaldeasturias.com\/noticias","nextItem":{"@type":"ListItem","@id":"https:\/\/www.eldigitaldeasturias.com\/noticias\/category\/actualidad\/#listItem","name":"Actualidad"}},{"@type":"ListItem","@id":"https:\/\/www.eldigitaldeasturias.com\/noticias\/category\/actualidad\/#listItem","position":2,"name":"Actualidad","item":"https:\/\/www.eldigitaldeasturias.com\/noticias\/category\/actualidad\/","nextItem":{"@type":"ListItem","@id":"https:\/\/www.eldigitaldeasturias.com\/noticias\/contratar-una-asistenta-sera-mas-caro-en-2017\/#listItem","name":"Contratar una asistenta ser\u00e1 m\u00e1s caro en 2017"},"previousItem":{"@type":"ListItem","@id":"https:\/\/www.eldigitaldeasturias.com\/noticias#listItem","name":"Home"}},{"@type":"ListItem","@id":"https:\/\/www.eldigitaldeasturias.com\/noticias\/contratar-una-asistenta-sera-mas-caro-en-2017\/#listItem","position":3,"name":"Contratar una asistenta ser\u00e1 m\u00e1s caro en 2017","previousItem":{"@type":"ListItem","@id":"https:\/\/www.eldigitaldeasturias.com\/noticias\/category\/actualidad\/#listItem","name":"Actualidad"}}]},{"@type":"Organization","@id":"https:\/\/www.eldigitaldeasturias.com\/noticias\/#organization","name":"El Digital de Asturias","description":"Hemeroteca","url":"https:\/\/www.eldigitaldeasturias.com\/noticias\/","email":"info@eldigitaldeasturias.com","telephone":"+34652131393","logo":{"@type":"ImageObject","url":"https:\/\/www.eldigitaldeasturias.com\/noticias\/wp-content\/uploads\/2020\/12\/EDA.jpg","@id":"https:\/\/www.eldigitaldeasturias.com\/noticias\/contratar-una-asistenta-sera-mas-caro-en-2017\/#organizationLogo"},"image":{"@id":"https:\/\/www.eldigitaldeasturias.com\/noticias\/contratar-una-asistenta-sera-mas-caro-en-2017\/#organizationLogo"},"sameAs":["https:\/\/facebook.com\/eldigitaldeasturias","https:\/\/www.youtube.com\/channel\/UCZP-2wLEB9Rv6erhFmqVnvg"],"address":{"@id":"https:\/\/www.eldigitaldeasturias.com\/noticias\/#postaladdress","@type":"PostalAddress","streetAddress":"san antonio 4","postalCode":"33430","addressLocality":"Cand\u00e1s","addressRegion":"Asturias","addressCountry":"ES"}},{"@type":"Person","@id":"https:\/\/www.eldigitaldeasturias.com\/noticias\/author\/admin\/#author","url":"https:\/\/www.eldigitaldeasturias.com\/noticias\/author\/admin\/","name":"El Digital de Asturias","image":{"@type":"ImageObject","@id":"https:\/\/www.eldigitaldeasturias.com\/noticias\/contratar-una-asistenta-sera-mas-caro-en-2017\/#authorImage","url":"https:\/\/secure.gravatar.com\/avatar\/df2aeffc32bcd13f8d26072ef8a91b623d677766deac7f97ca815868cd41bf5e?s=96&d=mm&r=g","width":96,"height":96,"caption":"El Digital de Asturias"}},{"@type":"WebPage","@id":"https:\/\/www.eldigitaldeasturias.com\/noticias\/contratar-una-asistenta-sera-mas-caro-en-2017\/#webpage","url":"https:\/\/www.eldigitaldeasturias.com\/noticias\/contratar-una-asistenta-sera-mas-caro-en-2017\/","name":"Contratar una asistenta ser\u00e1 m\u00e1s caro en 2017 - El Digital de Asturias","description":"En el sector del servicio dom\u00e9stico, tanto los salarios como la jornada de trabajo (entre otras condiciones) est\u00e1n \u00edntimamente relacionados con las posibilidades econ\u00f3micas de estos empleadores. De continuar vigente la desaparici\u00f3n de esta reducci\u00f3n del 20%, personas que pod\u00edan hasta ahora permitirse tener una asistenta en el hogar pueden verse obligados a prescindir de","inLanguage":"es-ES","isPartOf":{"@id":"https:\/\/www.eldigitaldeasturias.com\/noticias\/#website"},"breadcrumb":{"@id":"https:\/\/www.eldigitaldeasturias.com\/noticias\/contratar-una-asistenta-sera-mas-caro-en-2017\/#breadcrumblist"},"author":{"@id":"https:\/\/www.eldigitaldeasturias.com\/noticias\/author\/admin\/#author"},"creator":{"@id":"https:\/\/www.eldigitaldeasturias.com\/noticias\/author\/admin\/#author"},"image":{"@type":"ImageObject","url":953261,"@id":"https:\/\/www.eldigitaldeasturias.com\/noticias\/contratar-una-asistenta-sera-mas-caro-en-2017\/#mainImage"},"primaryImageOfPage":{"@id":"https:\/\/www.eldigitaldeasturias.com\/noticias\/contratar-una-asistenta-sera-mas-caro-en-2017\/#mainImage"},"datePublished":"2017-09-19T19:08:20+02:00","dateModified":"2017-09-19T19:08:20+02:00"},{"@type":"WebSite","@id":"https:\/\/www.eldigitaldeasturias.com\/noticias\/#website","url":"https:\/\/www.eldigitaldeasturias.com\/noticias\/","name":"El Digital de Asturias - Diario de actualidad y noticias","alternateName":"El Digital de Asturias - Diario de actualidad y noticias","description":"Hemeroteca","inLanguage":"es-ES","publisher":{"@id":"https:\/\/www.eldigitaldeasturias.com\/noticias\/#organization"}}]},"og:locale":"es_ES","og:site_name":"El Digital de Asturias","og:type":"article","og:title":"Contratar una asistenta ser\u00e1 m\u00e1s caro en 2017 - El Digital de Asturias","og:description":"En el sector del servicio dom\u00e9stico, tanto los salarios como la jornada de trabajo (entre otras condiciones) est\u00e1n \u00edntimamente relacionados con las posibilidades econ\u00f3micas de estos empleadores. De continuar vigente la desaparici\u00f3n de esta reducci\u00f3n del 20%, personas que pod\u00edan hasta ahora permitirse tener una asistenta en el hogar pueden verse obligados a prescindir de","og:url":"https:\/\/www.eldigitaldeasturias.com\/noticias\/contratar-una-asistenta-sera-mas-caro-en-2017\/","article:tag":["actualidad"],"article:published_time":"2017-09-19T19:08:20+00:00","article:modified_time":"2017-09-19T19:08:20+00:00","article:publisher":"https:\/\/facebook.com\/eldigitaldeasturias","twitter:card":"summary_large_image","twitter:title":"Contratar una asistenta ser\u00e1 m\u00e1s caro en 2017 - El Digital de Asturias","twitter:description":"En el sector del servicio dom\u00e9stico, tanto los salarios como la jornada de trabajo (entre otras condiciones) est\u00e1n \u00edntimamente relacionados con las posibilidades econ\u00f3micas de estos empleadores. De continuar vigente la desaparici\u00f3n de esta reducci\u00f3n del 20%, personas que pod\u00edan hasta ahora permitirse tener una asistenta en el hogar pueden verse obligados a prescindir de","twitter:image":"https:\/\/www.eldigitaldeasturias.com\/noticias\/wp-content\/uploads\/2020\/12\/EDA-1.jpg","twitter:label1":"Escrito por","twitter:data1":"El Digital de Asturias","twitter:label2":"Tiempo de lectura estimado","twitter:data2":"2 minutos"},"aioseo_meta_data":{"post_id":"953260","title":null,"description":null,"keywords":null,"keyphrases":null,"primary_term":null,"canonical_url":null,"og_title":null,"og_description":null,"og_object_type":"default","og_image_type":"default","og_image_url":null,"og_image_width":null,"og_image_height":null,"og_image_custom_url":null,"og_image_custom_fields":null,"og_video":null,"og_custom_url":null,"og_article_section":null,"og_article_tags":null,"twitter_use_og":false,"twitter_card":"default","twitter_image_type":"default","twitter_image_url":null,"twitter_image_custom_url":null,"twitter_image_custom_fields":null,"twitter_title":null,"twitter_description":null,"schema":{"blockGraphs":[],"customGraphs":[],"default":{"data":{"Article":[],"Course":[],"Dataset":[],"FAQPage":[],"Movie":[],"Person":[],"Product":[],"ProductReview":[],"Car":[],"Recipe":[],"Service":[],"SoftwareApplication":[],"WebPage":[]},"graphName":"","isEnabled":true},"graphs":[],"defaultGraph":"","defaultPostTypeGraph":""},"schema_type":null,"schema_type_options":null,"pillar_content":false,"robots_default":true,"robots_noindex":false,"robots_noarchive":false,"robots_nosnippet":false,"robots_nofollow":false,"robots_noimageindex":false,"robots_noodp":false,"robots_notranslate":false,"robots_max_snippet":null,"robots_max_videopreview":null,"robots_max_imagepreview":"large","priority":null,"frequency":null,"local_seo":null,"seo_analyzer_scan_date":"2025-12-06 01:41:34","breadcrumb_settings":null,"limit_modified_date":false,"open_ai":null,"ai":null,"created":"2020-12-21 12:57:25","updated":"2025-12-06 01:41:34","focus_keyword":null,"additional_keywords":null,"truseo_locale":null},"aioseo_breadcrumb":"<div class=\"aioseo-breadcrumbs\"><span class=\"aioseo-breadcrumb\">\n\t<a href=\"https:\/\/www.eldigitaldeasturias.com\/noticias\" title=\"Home\">Home<\/a>\n<\/span><span class=\"aioseo-breadcrumb-separator\">\u2013<\/span><span class=\"aioseo-breadcrumb\">\n\t<a href=\"https:\/\/www.eldigitaldeasturias.com\/noticias\/category\/actualidad\/\" title=\"Actualidad\">Actualidad<\/a>\n<\/span><span class=\"aioseo-breadcrumb-separator\">\u2013<\/span><span class=\"aioseo-breadcrumb\">\n\t<a href=\"https:\/\/www.eldigitaldeasturias.com\/noticias\/contratar-una-asistenta-sera-mas-caro-en-2017\/\" title=\"Contratar una asistenta ser\u00e1 m\u00e1s caro en 2017\">Contratar una asistenta ser\u00e1 m\u00e1s caro en 2017<\/a>\n<\/span><\/div>","aioseo_breadcrumb_json":[{"label":"Home","link":"https:\/\/www.eldigitaldeasturias.com\/noticias"},{"label":"Actualidad","link":"https:\/\/www.eldigitaldeasturias.com\/noticias\/category\/actualidad\/"},{"label":"Contratar una asistenta ser\u00e1 m\u00e1s caro en 2017","link":"https:\/\/www.eldigitaldeasturias.com\/noticias\/contratar-una-asistenta-sera-mas-caro-en-2017\/"}],"_links":{"self":[{"href":"https:\/\/www.eldigitaldeasturias.com\/noticias\/wp-json\/wp\/v2\/posts\/953260","targetHints":{"allow":["GET"]}}],"collection":[{"href":"https:\/\/www.eldigitaldeasturias.com\/noticias\/wp-json\/wp\/v2\/posts"}],"about":[{"href":"https:\/\/www.eldigitaldeasturias.com\/noticias\/wp-json\/wp\/v2\/types\/post"}],"author":[{"embeddable":true,"href":"https:\/\/www.eldigitaldeasturias.com\/noticias\/wp-json\/wp\/v2\/users\/1"}],"replies":[{"embeddable":true,"href":"https:\/\/www.eldigitaldeasturias.com\/noticias\/wp-json\/wp\/v2\/comments?post=953260"}],"version-history":[{"count":0,"href":"https:\/\/www.eldigitaldeasturias.com\/noticias\/wp-json\/wp\/v2\/posts\/953260\/revisions"}],"wp:attachment":[{"href":"https:\/\/www.eldigitaldeasturias.com\/noticias\/wp-json\/wp\/v2\/media?parent=953260"}],"wp:term":[{"taxonomy":"category","embeddable":true,"href":"https:\/\/www.eldigitaldeasturias.com\/noticias\/wp-json\/wp\/v2\/categories?post=953260"},{"taxonomy":"post_tag","embeddable":true,"href":"https:\/\/www.eldigitaldeasturias.com\/noticias\/wp-json\/wp\/v2\/tags?post=953260"}],"curies":[{"name":"wp","href":"https:\/\/api.w.org\/{rel}","templated":true}]}}