{"id":953196,"date":"2017-09-19T11:13:06","date_gmt":"2017-09-19T11:13:06","guid":{"rendered":"http:\/\/www.eldigitaldeasturias.com\/noticias\/?p=953196"},"modified":"2017-09-19T11:13:06","modified_gmt":"2017-09-19T11:13:06","slug":"dastis-asiste-a-la-reunion-de-alto-nivel-sobre-la-prevencion-de-la-explotacion-y-los-abusos-sexuales-en-las-naciones-unidas","status":"publish","type":"post","link":"https:\/\/www.eldigitaldeasturias.com\/noticias\/dastis-asiste-a-la-reunion-de-alto-nivel-sobre-la-prevencion-de-la-explotacion-y-los-abusos-sexuales-en-las-naciones-unidas\/","title":{"rendered":"Dastis asiste a la Reuni\u00f3n de Alto Nivel sobre la Prevenci\u00f3n de la Explotaci\u00f3n y los Abusos Sexuales en las Naciones Unidas"},"content":{"rendered":"<p><img loading=\"lazy\" decoding=\"async\" class=\"alignleft size-medium wp-image-953197\" src=\"https:\/\/www.eldigitaldeasturias.com\/noticias\/wp-content\/uploads\/2017\/09\/161116Alfonso-Dastis-maex-360x239.jpg\" alt=\"\" width=\"360\" height=\"239\" \/>El ministro de Asuntos Exteriores y de Cooperaci\u00f3n, Alfonso Dastis, ha participado en la Reuni\u00f3n de Alto Nivel sobre la Prevenci\u00f3n de la Explotaci\u00f3n y los Abusos Sexuales, convocada por el secretario General de las Naciones Unidas, Ant\u00f3nio Guterres.<\/p>\n<p>\u200bEspa\u00f1a est\u00e1 comprometida con la prevenci\u00f3n y la erradicaci\u00f3n de la explotaci\u00f3n y abusos sexuales cometidos por el personal de Naciones Unidas, as\u00ed como con la defensa de los derechos de las v\u00edctimas de estos actos, que menoscaban la encomiable labor de la ONU en el mantenimiento de la paz. Con su participaci\u00f3n en el acto, el ministro Dastis ha querido dejar patente el apoyo de Espa\u00f1a a los trabajos de la Secretar\u00eda General de la ONU para reforzar y hacer efectiva la pol\u00edtica de tolerancia cero frente a la explotaci\u00f3n y el abuso sexuales.<\/p>\n<p>En esta reuni\u00f3n, se ha presentado el C\u00edrculo de Liderazgo, creado por el secretario general Guterres como iniciativa que agrupa a dirigentes mundiales particularmente comprometidos con esta agenda, y del cual forma parte el presidente del Gobierno, Mariano Rajoy. Asimismo, Espa\u00f1a ha trasladado su intenci\u00f3n de firmar el Pacto Voluntario, propuesto por el secretario general, como manifestaci\u00f3n del compromiso espa\u00f1ol contra la lacra de la explotaci\u00f3n y el abuso sexuales.<\/p>\n<p>Espa\u00f1a ha impulsado la Agenda de Mujeres, Paz y Seguridad durante su presencia en el Consejo de Seguridad y ha aprobado recientemente el II Plan Nacional de Acci\u00f3n sobre esta materia. Asimismo, Espa\u00f1a desempe\u00f1\u00f3 un papel muy activo en la adopci\u00f3n de la resoluci\u00f3n 2272 sobre Explotaci\u00f3n y Abusos Sexuales en Misiones de Paz de 2016 y ha trasladado todo su apoyo a Jane Connors en su labor como la primera Defensora de los Derechos de las V\u00edctimas de Abusos Sexuales de las Naciones Unidas.<\/p>\n<p>&nbsp;<\/p>\n<p>&nbsp;<\/p>\n","protected":false},"excerpt":{"rendered":"<p>El ministro de Asuntos Exteriores y de Cooperaci\u00f3n, Alfonso Dastis, ha participado en la Reuni\u00f3n de Alto Nivel sobre la Prevenci\u00f3n de la Explotaci\u00f3n y los Abusos Sexuales, convocada por el secretario General de las Naciones Unidas, Ant\u00f3nio Guterres. \u200bEspa\u00f1a est\u00e1 comprometida con la prevenci\u00f3n y la erradicaci\u00f3n de la explotaci\u00f3n y abusos sexuales cometidos [&hellip;]<\/p>\n","protected":false},"author":1,"featured_media":953197,"comment_status":"closed","ping_status":"closed","sticky":false,"template":"","format":"standard","meta":{"footnotes":""},"categories":[1],"tags":[],"class_list":["post-953196","post","type-post","status-publish","format-standard","has-post-thumbnail","hentry","category-actualidad"],"aioseo_notices":[],"aioseo_head":"\n\t\t<!-- All in One SEO Pro 5.0.1 - aioseo.com -->\n\t<meta name=\"description\" content=\"El ministro de Asuntos Exteriores y de Cooperaci\u00f3n, Alfonso Dastis, ha participado en la Reuni\u00f3n de Alto Nivel sobre la Prevenci\u00f3n de la Explotaci\u00f3n y los Abusos Sexuales, convocada por el secretario General de las Naciones Unidas, Ant\u00f3nio Guterres. \u200bEspa\u00f1a est\u00e1 comprometida con la prevenci\u00f3n y la erradicaci\u00f3n de la explotaci\u00f3n y abusos sexuales cometidos\" \/>\n\t<meta name=\"robots\" content=\"max-image-preview:large\" \/>\n\t<meta name=\"author\" content=\"El Digital de Asturias\"\/>\n\t<meta name=\"google-site-verification\" content=\"UA-38556648-1\" \/>\n\t<meta name=\"msvalidate.01\" content=\"7dfe9f3f1b24437ab69f4f2559babe99\" \/>\n\t<meta name=\"keywords\" content=\"actualidad\" \/>\n\t<link rel=\"canonical\" href=\"https:\/\/www.eldigitaldeasturias.com\/noticias\/dastis-asiste-a-la-reunion-de-alto-nivel-sobre-la-prevencion-de-la-explotacion-y-los-abusos-sexuales-en-las-naciones-unidas\/\" \/>\n\t<meta name=\"generator\" content=\"All in One SEO Pro (AIOSEO) 5.0.1\" \/>\n\t\t<meta property=\"og:locale\" content=\"es_ES\" \/>\n\t\t<meta property=\"og:site_name\" content=\"El Digital de Asturias\" \/>\n\t\t<meta property=\"og:type\" content=\"article\" \/>\n\t\t<meta property=\"og:title\" content=\"Dastis asiste a la Reuni\u00f3n de Alto Nivel sobre la Prevenci\u00f3n de la Explotaci\u00f3n y los Abusos Sexuales en las Naciones Unidas - El Digital de Asturias\" \/>\n\t\t<meta property=\"og:description\" content=\"El ministro de Asuntos Exteriores y de Cooperaci\u00f3n, Alfonso Dastis, ha participado en la Reuni\u00f3n de Alto Nivel sobre la Prevenci\u00f3n de la Explotaci\u00f3n y los Abusos Sexuales, convocada por el secretario General de las Naciones Unidas, Ant\u00f3nio Guterres. \u200bEspa\u00f1a est\u00e1 comprometida con la prevenci\u00f3n y la erradicaci\u00f3n de la explotaci\u00f3n y abusos sexuales cometidos\" \/>\n\t\t<meta property=\"og:url\" content=\"https:\/\/www.eldigitaldeasturias.com\/noticias\/dastis-asiste-a-la-reunion-de-alto-nivel-sobre-la-prevencion-de-la-explotacion-y-los-abusos-sexuales-en-las-naciones-unidas\/\" \/>\n\t\t<meta property=\"article:tag\" content=\"actualidad\" \/>\n\t\t<meta property=\"article:published_time\" content=\"2017-09-19T11:13:06+00:00\" \/>\n\t\t<meta property=\"article:modified_time\" content=\"2017-09-19T11:13:06+00:00\" \/>\n\t\t<meta property=\"article:publisher\" content=\"https:\/\/facebook.com\/eldigitaldeasturias\" \/>\n\t\t<meta name=\"twitter:card\" content=\"summary_large_image\" \/>\n\t\t<meta name=\"twitter:title\" content=\"Dastis asiste a la Reuni\u00f3n de Alto Nivel sobre la Prevenci\u00f3n de la Explotaci\u00f3n y los Abusos Sexuales en las Naciones Unidas - El Digital de Asturias\" \/>\n\t\t<meta name=\"twitter:description\" content=\"El ministro de Asuntos Exteriores y de Cooperaci\u00f3n, Alfonso Dastis, ha participado en la Reuni\u00f3n de Alto Nivel sobre la Prevenci\u00f3n de la Explotaci\u00f3n y los Abusos Sexuales, convocada por el secretario General de las Naciones Unidas, Ant\u00f3nio Guterres. \u200bEspa\u00f1a est\u00e1 comprometida con la prevenci\u00f3n y la erradicaci\u00f3n de la explotaci\u00f3n y abusos sexuales cometidos\" \/>\n\t\t<meta name=\"twitter:image\" content=\"https:\/\/www.eldigitaldeasturias.com\/noticias\/wp-content\/uploads\/2020\/12\/EDA-1.jpg\" \/>\n\t\t<meta name=\"twitter:label1\" content=\"Escrito por\" \/>\n\t\t<meta name=\"twitter:data1\" content=\"El Digital de Asturias\" \/>\n\t\t<meta name=\"twitter:label2\" content=\"Tiempo de lectura estimado\" \/>\n\t\t<meta name=\"twitter:data2\" content=\"2 minutos\" \/>\n\t\t<script type=\"application\/ld+json\" class=\"aioseo-schema\">\n\t\t\t{\"@context\":\"https:\\\/\\\/schema.org\",\"@graph\":[{\"@type\":\"BlogPosting\",\"@id\":\"https:\\\/\\\/www.eldigitaldeasturias.com\\\/noticias\\\/dastis-asiste-a-la-reunion-de-alto-nivel-sobre-la-prevencion-de-la-explotacion-y-los-abusos-sexuales-en-las-naciones-unidas\\\/#blogposting\",\"name\":\"Dastis asiste a la Reuni\\u00f3n de Alto Nivel sobre la Prevenci\\u00f3n de la Explotaci\\u00f3n y los Abusos Sexuales en las Naciones Unidas - El Digital de Asturias\",\"headline\":\"Dastis asiste a la Reuni\\u00f3n de Alto Nivel sobre la Prevenci\\u00f3n de la Explotaci\\u00f3n y los Abusos Sexuales en las Naciones Unidas\",\"author\":{\"@id\":\"https:\\\/\\\/www.eldigitaldeasturias.com\\\/noticias\\\/author\\\/admin\\\/#author\"},\"publisher\":{\"@id\":\"https:\\\/\\\/www.eldigitaldeasturias.com\\\/noticias\\\/#organization\"},\"image\":{\"@type\":\"ImageObject\",\"url\":953197},\"datePublished\":\"2017-09-19T11:13:06+02:00\",\"dateModified\":\"2017-09-19T11:13:06+02:00\",\"inLanguage\":\"es-ES\",\"mainEntityOfPage\":{\"@id\":\"https:\\\/\\\/www.eldigitaldeasturias.com\\\/noticias\\\/dastis-asiste-a-la-reunion-de-alto-nivel-sobre-la-prevencion-de-la-explotacion-y-los-abusos-sexuales-en-las-naciones-unidas\\\/#webpage\"},\"isPartOf\":{\"@id\":\"https:\\\/\\\/www.eldigitaldeasturias.com\\\/noticias\\\/dastis-asiste-a-la-reunion-de-alto-nivel-sobre-la-prevencion-de-la-explotacion-y-los-abusos-sexuales-en-las-naciones-unidas\\\/#webpage\"},\"articleSection\":\"Actualidad\"},{\"@type\":\"BreadcrumbList\",\"@id\":\"https:\\\/\\\/www.eldigitaldeasturias.com\\\/noticias\\\/dastis-asiste-a-la-reunion-de-alto-nivel-sobre-la-prevencion-de-la-explotacion-y-los-abusos-sexuales-en-las-naciones-unidas\\\/#breadcrumblist\",\"itemListElement\":[{\"@type\":\"ListItem\",\"@id\":\"https:\\\/\\\/www.eldigitaldeasturias.com\\\/noticias#listItem\",\"position\":1,\"name\":\"Home\",\"item\":\"https:\\\/\\\/www.eldigitaldeasturias.com\\\/noticias\",\"nextItem\":{\"@type\":\"ListItem\",\"@id\":\"https:\\\/\\\/www.eldigitaldeasturias.com\\\/noticias\\\/category\\\/actualidad\\\/#listItem\",\"name\":\"Actualidad\"}},{\"@type\":\"ListItem\",\"@id\":\"https:\\\/\\\/www.eldigitaldeasturias.com\\\/noticias\\\/category\\\/actualidad\\\/#listItem\",\"position\":2,\"name\":\"Actualidad\",\"item\":\"https:\\\/\\\/www.eldigitaldeasturias.com\\\/noticias\\\/category\\\/actualidad\\\/\",\"nextItem\":{\"@type\":\"ListItem\",\"@id\":\"https:\\\/\\\/www.eldigitaldeasturias.com\\\/noticias\\\/dastis-asiste-a-la-reunion-de-alto-nivel-sobre-la-prevencion-de-la-explotacion-y-los-abusos-sexuales-en-las-naciones-unidas\\\/#listItem\",\"name\":\"Dastis asiste a la Reuni\\u00f3n de Alto Nivel sobre la Prevenci\\u00f3n de la Explotaci\\u00f3n y los Abusos Sexuales en las Naciones Unidas\"},\"previousItem\":{\"@type\":\"ListItem\",\"@id\":\"https:\\\/\\\/www.eldigitaldeasturias.com\\\/noticias#listItem\",\"name\":\"Home\"}},{\"@type\":\"ListItem\",\"@id\":\"https:\\\/\\\/www.eldigitaldeasturias.com\\\/noticias\\\/dastis-asiste-a-la-reunion-de-alto-nivel-sobre-la-prevencion-de-la-explotacion-y-los-abusos-sexuales-en-las-naciones-unidas\\\/#listItem\",\"position\":3,\"name\":\"Dastis asiste a la Reuni\\u00f3n de Alto Nivel sobre la Prevenci\\u00f3n de la Explotaci\\u00f3n y los Abusos Sexuales en las Naciones Unidas\",\"previousItem\":{\"@type\":\"ListItem\",\"@id\":\"https:\\\/\\\/www.eldigitaldeasturias.com\\\/noticias\\\/category\\\/actualidad\\\/#listItem\",\"name\":\"Actualidad\"}}]},{\"@type\":\"Organization\",\"@id\":\"https:\\\/\\\/www.eldigitaldeasturias.com\\\/noticias\\\/#organization\",\"name\":\"El Digital de Asturias\",\"description\":\"Hemeroteca\",\"url\":\"https:\\\/\\\/www.eldigitaldeasturias.com\\\/noticias\\\/\",\"email\":\"info@eldigitaldeasturias.com\",\"telephone\":\"+34652131393\",\"logo\":{\"@type\":\"ImageObject\",\"url\":\"https:\\\/\\\/www.eldigitaldeasturias.com\\\/noticias\\\/wp-content\\\/uploads\\\/2020\\\/12\\\/EDA.jpg\",\"@id\":\"https:\\\/\\\/www.eldigitaldeasturias.com\\\/noticias\\\/dastis-asiste-a-la-reunion-de-alto-nivel-sobre-la-prevencion-de-la-explotacion-y-los-abusos-sexuales-en-las-naciones-unidas\\\/#organizationLogo\"},\"image\":{\"@id\":\"https:\\\/\\\/www.eldigitaldeasturias.com\\\/noticias\\\/dastis-asiste-a-la-reunion-de-alto-nivel-sobre-la-prevencion-de-la-explotacion-y-los-abusos-sexuales-en-las-naciones-unidas\\\/#organizationLogo\"},\"sameAs\":[\"https:\\\/\\\/facebook.com\\\/eldigitaldeasturias\",\"https:\\\/\\\/www.youtube.com\\\/channel\\\/UCZP-2wLEB9Rv6erhFmqVnvg\"],\"address\":{\"@id\":\"https:\\\/\\\/www.eldigitaldeasturias.com\\\/noticias\\\/#postaladdress\",\"@type\":\"PostalAddress\",\"streetAddress\":\"san antonio 4\",\"postalCode\":\"33430\",\"addressLocality\":\"Cand\\u00e1s\",\"addressRegion\":\"Asturias\",\"addressCountry\":\"ES\"}},{\"@type\":\"Person\",\"@id\":\"https:\\\/\\\/www.eldigitaldeasturias.com\\\/noticias\\\/author\\\/admin\\\/#author\",\"url\":\"https:\\\/\\\/www.eldigitaldeasturias.com\\\/noticias\\\/author\\\/admin\\\/\",\"name\":\"El Digital de Asturias\",\"image\":{\"@type\":\"ImageObject\",\"@id\":\"https:\\\/\\\/www.eldigitaldeasturias.com\\\/noticias\\\/dastis-asiste-a-la-reunion-de-alto-nivel-sobre-la-prevencion-de-la-explotacion-y-los-abusos-sexuales-en-las-naciones-unidas\\\/#authorImage\",\"url\":\"https:\\\/\\\/secure.gravatar.com\\\/avatar\\\/df2aeffc32bcd13f8d26072ef8a91b623d677766deac7f97ca815868cd41bf5e?s=96&d=mm&r=g\",\"width\":96,\"height\":96,\"caption\":\"El Digital de Asturias\"}},{\"@type\":\"WebPage\",\"@id\":\"https:\\\/\\\/www.eldigitaldeasturias.com\\\/noticias\\\/dastis-asiste-a-la-reunion-de-alto-nivel-sobre-la-prevencion-de-la-explotacion-y-los-abusos-sexuales-en-las-naciones-unidas\\\/#webpage\",\"url\":\"https:\\\/\\\/www.eldigitaldeasturias.com\\\/noticias\\\/dastis-asiste-a-la-reunion-de-alto-nivel-sobre-la-prevencion-de-la-explotacion-y-los-abusos-sexuales-en-las-naciones-unidas\\\/\",\"name\":\"Dastis asiste a la Reuni\\u00f3n de Alto Nivel sobre la Prevenci\\u00f3n de la Explotaci\\u00f3n y los Abusos Sexuales en las Naciones Unidas - El Digital de Asturias\",\"description\":\"El ministro de Asuntos Exteriores y de Cooperaci\\u00f3n, Alfonso Dastis, ha participado en la Reuni\\u00f3n de Alto Nivel sobre la Prevenci\\u00f3n de la Explotaci\\u00f3n y los Abusos Sexuales, convocada por el secretario General de las Naciones Unidas, Ant\\u00f3nio Guterres. \\u200bEspa\\u00f1a est\\u00e1 comprometida con la prevenci\\u00f3n y la erradicaci\\u00f3n de la explotaci\\u00f3n y abusos sexuales cometidos\",\"inLanguage\":\"es-ES\",\"isPartOf\":{\"@id\":\"https:\\\/\\\/www.eldigitaldeasturias.com\\\/noticias\\\/#website\"},\"breadcrumb\":{\"@id\":\"https:\\\/\\\/www.eldigitaldeasturias.com\\\/noticias\\\/dastis-asiste-a-la-reunion-de-alto-nivel-sobre-la-prevencion-de-la-explotacion-y-los-abusos-sexuales-en-las-naciones-unidas\\\/#breadcrumblist\"},\"author\":{\"@id\":\"https:\\\/\\\/www.eldigitaldeasturias.com\\\/noticias\\\/author\\\/admin\\\/#author\"},\"creator\":{\"@id\":\"https:\\\/\\\/www.eldigitaldeasturias.com\\\/noticias\\\/author\\\/admin\\\/#author\"},\"image\":{\"@type\":\"ImageObject\",\"url\":953197,\"@id\":\"https:\\\/\\\/www.eldigitaldeasturias.com\\\/noticias\\\/dastis-asiste-a-la-reunion-de-alto-nivel-sobre-la-prevencion-de-la-explotacion-y-los-abusos-sexuales-en-las-naciones-unidas\\\/#mainImage\"},\"primaryImageOfPage\":{\"@id\":\"https:\\\/\\\/www.eldigitaldeasturias.com\\\/noticias\\\/dastis-asiste-a-la-reunion-de-alto-nivel-sobre-la-prevencion-de-la-explotacion-y-los-abusos-sexuales-en-las-naciones-unidas\\\/#mainImage\"},\"datePublished\":\"2017-09-19T11:13:06+02:00\",\"dateModified\":\"2017-09-19T11:13:06+02:00\"},{\"@type\":\"WebSite\",\"@id\":\"https:\\\/\\\/www.eldigitaldeasturias.com\\\/noticias\\\/#website\",\"url\":\"https:\\\/\\\/www.eldigitaldeasturias.com\\\/noticias\\\/\",\"name\":\"El Digital de Asturias - Diario de actualidad y noticias\",\"alternateName\":\"El Digital de Asturias - Diario de actualidad y noticias\",\"description\":\"Hemeroteca\",\"inLanguage\":\"es-ES\",\"publisher\":{\"@id\":\"https:\\\/\\\/www.eldigitaldeasturias.com\\\/noticias\\\/#organization\"}}]}\n\t\t<\/script>\n\t\t<!-- All in One SEO Pro -->\r\n\t\t<title>Dastis asiste a la Reuni\u00f3n de Alto Nivel sobre la Prevenci\u00f3n de la Explotaci\u00f3n y los Abusos Sexuales en las Naciones Unidas - El Digital de Asturias<\/title>\n\n","aioseo_head_json":{"title":"Dastis asiste a la Reuni\u00f3n de Alto Nivel sobre la Prevenci\u00f3n de la Explotaci\u00f3n y los Abusos Sexuales en las Naciones Unidas - El Digital de Asturias","description":"El ministro de Asuntos Exteriores y de Cooperaci\u00f3n, Alfonso Dastis, ha participado en la Reuni\u00f3n de Alto Nivel sobre la Prevenci\u00f3n de la Explotaci\u00f3n y los Abusos Sexuales, convocada por el secretario General de las Naciones Unidas, Ant\u00f3nio Guterres. \u200bEspa\u00f1a est\u00e1 comprometida con la prevenci\u00f3n y la erradicaci\u00f3n de la explotaci\u00f3n y abusos sexuales cometidos","canonical_url":"https:\/\/www.eldigitaldeasturias.com\/noticias\/dastis-asiste-a-la-reunion-de-alto-nivel-sobre-la-prevencion-de-la-explotacion-y-los-abusos-sexuales-en-las-naciones-unidas\/","robots":"max-image-preview:large","keywords":"actualidad","webmasterTools":{"google-site-verification":"UA-38556648-1","msvalidate.01":"7dfe9f3f1b24437ab69f4f2559babe99","miscellaneous":""},"schema":{"@context":"https:\/\/schema.org","@graph":[{"@type":"BlogPosting","@id":"https:\/\/www.eldigitaldeasturias.com\/noticias\/dastis-asiste-a-la-reunion-de-alto-nivel-sobre-la-prevencion-de-la-explotacion-y-los-abusos-sexuales-en-las-naciones-unidas\/#blogposting","name":"Dastis asiste a la Reuni\u00f3n de Alto Nivel sobre la Prevenci\u00f3n de la Explotaci\u00f3n y los Abusos Sexuales en las Naciones Unidas - El Digital de Asturias","headline":"Dastis asiste a la Reuni\u00f3n de Alto Nivel sobre la Prevenci\u00f3n de la Explotaci\u00f3n y los Abusos Sexuales en las Naciones Unidas","author":{"@id":"https:\/\/www.eldigitaldeasturias.com\/noticias\/author\/admin\/#author"},"publisher":{"@id":"https:\/\/www.eldigitaldeasturias.com\/noticias\/#organization"},"image":{"@type":"ImageObject","url":953197},"datePublished":"2017-09-19T11:13:06+02:00","dateModified":"2017-09-19T11:13:06+02:00","inLanguage":"es-ES","mainEntityOfPage":{"@id":"https:\/\/www.eldigitaldeasturias.com\/noticias\/dastis-asiste-a-la-reunion-de-alto-nivel-sobre-la-prevencion-de-la-explotacion-y-los-abusos-sexuales-en-las-naciones-unidas\/#webpage"},"isPartOf":{"@id":"https:\/\/www.eldigitaldeasturias.com\/noticias\/dastis-asiste-a-la-reunion-de-alto-nivel-sobre-la-prevencion-de-la-explotacion-y-los-abusos-sexuales-en-las-naciones-unidas\/#webpage"},"articleSection":"Actualidad"},{"@type":"BreadcrumbList","@id":"https:\/\/www.eldigitaldeasturias.com\/noticias\/dastis-asiste-a-la-reunion-de-alto-nivel-sobre-la-prevencion-de-la-explotacion-y-los-abusos-sexuales-en-las-naciones-unidas\/#breadcrumblist","itemListElement":[{"@type":"ListItem","@id":"https:\/\/www.eldigitaldeasturias.com\/noticias#listItem","position":1,"name":"Home","item":"https:\/\/www.eldigitaldeasturias.com\/noticias","nextItem":{"@type":"ListItem","@id":"https:\/\/www.eldigitaldeasturias.com\/noticias\/category\/actualidad\/#listItem","name":"Actualidad"}},{"@type":"ListItem","@id":"https:\/\/www.eldigitaldeasturias.com\/noticias\/category\/actualidad\/#listItem","position":2,"name":"Actualidad","item":"https:\/\/www.eldigitaldeasturias.com\/noticias\/category\/actualidad\/","nextItem":{"@type":"ListItem","@id":"https:\/\/www.eldigitaldeasturias.com\/noticias\/dastis-asiste-a-la-reunion-de-alto-nivel-sobre-la-prevencion-de-la-explotacion-y-los-abusos-sexuales-en-las-naciones-unidas\/#listItem","name":"Dastis asiste a la Reuni\u00f3n de Alto Nivel sobre la Prevenci\u00f3n de la Explotaci\u00f3n y los Abusos Sexuales en las Naciones Unidas"},"previousItem":{"@type":"ListItem","@id":"https:\/\/www.eldigitaldeasturias.com\/noticias#listItem","name":"Home"}},{"@type":"ListItem","@id":"https:\/\/www.eldigitaldeasturias.com\/noticias\/dastis-asiste-a-la-reunion-de-alto-nivel-sobre-la-prevencion-de-la-explotacion-y-los-abusos-sexuales-en-las-naciones-unidas\/#listItem","position":3,"name":"Dastis asiste a la Reuni\u00f3n de Alto Nivel sobre la Prevenci\u00f3n de la Explotaci\u00f3n y los Abusos Sexuales en las Naciones Unidas","previousItem":{"@type":"ListItem","@id":"https:\/\/www.eldigitaldeasturias.com\/noticias\/category\/actualidad\/#listItem","name":"Actualidad"}}]},{"@type":"Organization","@id":"https:\/\/www.eldigitaldeasturias.com\/noticias\/#organization","name":"El Digital de Asturias","description":"Hemeroteca","url":"https:\/\/www.eldigitaldeasturias.com\/noticias\/","email":"info@eldigitaldeasturias.com","telephone":"+34652131393","logo":{"@type":"ImageObject","url":"https:\/\/www.eldigitaldeasturias.com\/noticias\/wp-content\/uploads\/2020\/12\/EDA.jpg","@id":"https:\/\/www.eldigitaldeasturias.com\/noticias\/dastis-asiste-a-la-reunion-de-alto-nivel-sobre-la-prevencion-de-la-explotacion-y-los-abusos-sexuales-en-las-naciones-unidas\/#organizationLogo"},"image":{"@id":"https:\/\/www.eldigitaldeasturias.com\/noticias\/dastis-asiste-a-la-reunion-de-alto-nivel-sobre-la-prevencion-de-la-explotacion-y-los-abusos-sexuales-en-las-naciones-unidas\/#organizationLogo"},"sameAs":["https:\/\/facebook.com\/eldigitaldeasturias","https:\/\/www.youtube.com\/channel\/UCZP-2wLEB9Rv6erhFmqVnvg"],"address":{"@id":"https:\/\/www.eldigitaldeasturias.com\/noticias\/#postaladdress","@type":"PostalAddress","streetAddress":"san antonio 4","postalCode":"33430","addressLocality":"Cand\u00e1s","addressRegion":"Asturias","addressCountry":"ES"}},{"@type":"Person","@id":"https:\/\/www.eldigitaldeasturias.com\/noticias\/author\/admin\/#author","url":"https:\/\/www.eldigitaldeasturias.com\/noticias\/author\/admin\/","name":"El Digital de Asturias","image":{"@type":"ImageObject","@id":"https:\/\/www.eldigitaldeasturias.com\/noticias\/dastis-asiste-a-la-reunion-de-alto-nivel-sobre-la-prevencion-de-la-explotacion-y-los-abusos-sexuales-en-las-naciones-unidas\/#authorImage","url":"https:\/\/secure.gravatar.com\/avatar\/df2aeffc32bcd13f8d26072ef8a91b623d677766deac7f97ca815868cd41bf5e?s=96&d=mm&r=g","width":96,"height":96,"caption":"El Digital de Asturias"}},{"@type":"WebPage","@id":"https:\/\/www.eldigitaldeasturias.com\/noticias\/dastis-asiste-a-la-reunion-de-alto-nivel-sobre-la-prevencion-de-la-explotacion-y-los-abusos-sexuales-en-las-naciones-unidas\/#webpage","url":"https:\/\/www.eldigitaldeasturias.com\/noticias\/dastis-asiste-a-la-reunion-de-alto-nivel-sobre-la-prevencion-de-la-explotacion-y-los-abusos-sexuales-en-las-naciones-unidas\/","name":"Dastis asiste a la Reuni\u00f3n de Alto Nivel sobre la Prevenci\u00f3n de la Explotaci\u00f3n y los Abusos Sexuales en las Naciones Unidas - El Digital de Asturias","description":"El ministro de Asuntos Exteriores y de Cooperaci\u00f3n, Alfonso Dastis, ha participado en la Reuni\u00f3n de Alto Nivel sobre la Prevenci\u00f3n de la Explotaci\u00f3n y los Abusos Sexuales, convocada por el secretario General de las Naciones Unidas, Ant\u00f3nio Guterres. \u200bEspa\u00f1a est\u00e1 comprometida con la prevenci\u00f3n y la erradicaci\u00f3n de la explotaci\u00f3n y abusos sexuales cometidos","inLanguage":"es-ES","isPartOf":{"@id":"https:\/\/www.eldigitaldeasturias.com\/noticias\/#website"},"breadcrumb":{"@id":"https:\/\/www.eldigitaldeasturias.com\/noticias\/dastis-asiste-a-la-reunion-de-alto-nivel-sobre-la-prevencion-de-la-explotacion-y-los-abusos-sexuales-en-las-naciones-unidas\/#breadcrumblist"},"author":{"@id":"https:\/\/www.eldigitaldeasturias.com\/noticias\/author\/admin\/#author"},"creator":{"@id":"https:\/\/www.eldigitaldeasturias.com\/noticias\/author\/admin\/#author"},"image":{"@type":"ImageObject","url":953197,"@id":"https:\/\/www.eldigitaldeasturias.com\/noticias\/dastis-asiste-a-la-reunion-de-alto-nivel-sobre-la-prevencion-de-la-explotacion-y-los-abusos-sexuales-en-las-naciones-unidas\/#mainImage"},"primaryImageOfPage":{"@id":"https:\/\/www.eldigitaldeasturias.com\/noticias\/dastis-asiste-a-la-reunion-de-alto-nivel-sobre-la-prevencion-de-la-explotacion-y-los-abusos-sexuales-en-las-naciones-unidas\/#mainImage"},"datePublished":"2017-09-19T11:13:06+02:00","dateModified":"2017-09-19T11:13:06+02:00"},{"@type":"WebSite","@id":"https:\/\/www.eldigitaldeasturias.com\/noticias\/#website","url":"https:\/\/www.eldigitaldeasturias.com\/noticias\/","name":"El Digital de Asturias - Diario de actualidad y noticias","alternateName":"El Digital de Asturias - Diario de actualidad y noticias","description":"Hemeroteca","inLanguage":"es-ES","publisher":{"@id":"https:\/\/www.eldigitaldeasturias.com\/noticias\/#organization"}}]},"og:locale":"es_ES","og:site_name":"El Digital de Asturias","og:type":"article","og:title":"Dastis asiste a la Reuni\u00f3n de Alto Nivel sobre la Prevenci\u00f3n de la Explotaci\u00f3n y los Abusos Sexuales en las Naciones Unidas - El Digital de Asturias","og:description":"El ministro de Asuntos Exteriores y de Cooperaci\u00f3n, Alfonso Dastis, ha participado en la Reuni\u00f3n de Alto Nivel sobre la Prevenci\u00f3n de la Explotaci\u00f3n y los Abusos Sexuales, convocada por el secretario General de las Naciones Unidas, Ant\u00f3nio Guterres. \u200bEspa\u00f1a est\u00e1 comprometida con la prevenci\u00f3n y la erradicaci\u00f3n de la explotaci\u00f3n y abusos sexuales cometidos","og:url":"https:\/\/www.eldigitaldeasturias.com\/noticias\/dastis-asiste-a-la-reunion-de-alto-nivel-sobre-la-prevencion-de-la-explotacion-y-los-abusos-sexuales-en-las-naciones-unidas\/","article:tag":["actualidad"],"article:published_time":"2017-09-19T11:13:06+00:00","article:modified_time":"2017-09-19T11:13:06+00:00","article:publisher":"https:\/\/facebook.com\/eldigitaldeasturias","twitter:card":"summary_large_image","twitter:title":"Dastis asiste a la Reuni\u00f3n de Alto Nivel sobre la Prevenci\u00f3n de la Explotaci\u00f3n y los Abusos Sexuales en las Naciones Unidas - El Digital de Asturias","twitter:description":"El ministro de Asuntos Exteriores y de Cooperaci\u00f3n, Alfonso Dastis, ha participado en la Reuni\u00f3n de Alto Nivel sobre la Prevenci\u00f3n de la Explotaci\u00f3n y los Abusos Sexuales, convocada por el secretario General de las Naciones Unidas, Ant\u00f3nio Guterres. \u200bEspa\u00f1a est\u00e1 comprometida con la prevenci\u00f3n y la erradicaci\u00f3n de la explotaci\u00f3n y abusos sexuales cometidos","twitter:image":"https:\/\/www.eldigitaldeasturias.com\/noticias\/wp-content\/uploads\/2020\/12\/EDA-1.jpg","twitter:label1":"Escrito por","twitter:data1":"El Digital de Asturias","twitter:label2":"Tiempo de lectura estimado","twitter:data2":"2 minutos"},"aioseo_meta_data":{"post_id":"953196","title":null,"description":null,"keywords":null,"keyphrases":null,"primary_term":null,"canonical_url":null,"og_title":null,"og_description":null,"og_object_type":"default","og_image_type":"default","og_image_url":null,"og_image_width":null,"og_image_height":null,"og_image_custom_url":null,"og_image_custom_fields":null,"og_video":null,"og_custom_url":null,"og_article_section":null,"og_article_tags":null,"twitter_use_og":false,"twitter_card":"default","twitter_image_type":"default","twitter_image_url":null,"twitter_image_custom_url":null,"twitter_image_custom_fields":null,"twitter_title":null,"twitter_description":null,"schema":{"blockGraphs":[],"customGraphs":[],"default":{"data":{"Article":[],"Course":[],"Dataset":[],"FAQPage":[],"Movie":[],"Person":[],"Product":[],"ProductReview":[],"Car":[],"Recipe":[],"Service":[],"SoftwareApplication":[],"WebPage":[]},"graphName":"","isEnabled":true},"graphs":[],"defaultGraph":"","defaultPostTypeGraph":""},"schema_type":null,"schema_type_options":null,"pillar_content":false,"robots_default":true,"robots_noindex":false,"robots_noarchive":false,"robots_nosnippet":false,"robots_nofollow":false,"robots_noimageindex":false,"robots_noodp":false,"robots_notranslate":false,"robots_max_snippet":null,"robots_max_videopreview":null,"robots_max_imagepreview":"large","priority":null,"frequency":null,"local_seo":null,"seo_analyzer_scan_date":"2025-12-06 01:28:09","breadcrumb_settings":null,"limit_modified_date":false,"open_ai":null,"ai":null,"created":"2020-12-21 12:57:25","updated":"2025-12-06 01:28:09","focus_keyword":null,"additional_keywords":null,"truseo_locale":null},"aioseo_breadcrumb":"<div class=\"aioseo-breadcrumbs\"><span class=\"aioseo-breadcrumb\">\n\t<a href=\"https:\/\/www.eldigitaldeasturias.com\/noticias\" title=\"Home\">Home<\/a>\n<\/span><span class=\"aioseo-breadcrumb-separator\">\u2013<\/span><span class=\"aioseo-breadcrumb\">\n\t<a href=\"https:\/\/www.eldigitaldeasturias.com\/noticias\/category\/actualidad\/\" title=\"Actualidad\">Actualidad<\/a>\n<\/span><span class=\"aioseo-breadcrumb-separator\">\u2013<\/span><span class=\"aioseo-breadcrumb\">\n\t<a href=\"https:\/\/www.eldigitaldeasturias.com\/noticias\/dastis-asiste-a-la-reunion-de-alto-nivel-sobre-la-prevencion-de-la-explotacion-y-los-abusos-sexuales-en-las-naciones-unidas\/\" title=\"Dastis asiste a la Reuni\u00f3n de Alto Nivel sobre la Prevenci\u00f3n de la Explotaci\u00f3n y los Abusos Sexuales en las Naciones Unidas\">Dastis asiste a la Reuni\u00f3n de Alto Nivel sobre la Prevenci\u00f3n de la Explotaci\u00f3n y los Abusos Sexuales en las Naciones Unidas<\/a>\n<\/span><\/div>","aioseo_breadcrumb_json":[{"label":"Home","link":"https:\/\/www.eldigitaldeasturias.com\/noticias"},{"label":"Actualidad","link":"https:\/\/www.eldigitaldeasturias.com\/noticias\/category\/actualidad\/"},{"label":"Dastis asiste a la Reuni\u00f3n de Alto Nivel sobre la Prevenci\u00f3n de la Explotaci\u00f3n y los Abusos Sexuales en las Naciones Unidas","link":"https:\/\/www.eldigitaldeasturias.com\/noticias\/dastis-asiste-a-la-reunion-de-alto-nivel-sobre-la-prevencion-de-la-explotacion-y-los-abusos-sexuales-en-las-naciones-unidas\/"}],"_links":{"self":[{"href":"https:\/\/www.eldigitaldeasturias.com\/noticias\/wp-json\/wp\/v2\/posts\/953196","targetHints":{"allow":["GET"]}}],"collection":[{"href":"https:\/\/www.eldigitaldeasturias.com\/noticias\/wp-json\/wp\/v2\/posts"}],"about":[{"href":"https:\/\/www.eldigitaldeasturias.com\/noticias\/wp-json\/wp\/v2\/types\/post"}],"author":[{"embeddable":true,"href":"https:\/\/www.eldigitaldeasturias.com\/noticias\/wp-json\/wp\/v2\/users\/1"}],"replies":[{"embeddable":true,"href":"https:\/\/www.eldigitaldeasturias.com\/noticias\/wp-json\/wp\/v2\/comments?post=953196"}],"version-history":[{"count":0,"href":"https:\/\/www.eldigitaldeasturias.com\/noticias\/wp-json\/wp\/v2\/posts\/953196\/revisions"}],"wp:attachment":[{"href":"https:\/\/www.eldigitaldeasturias.com\/noticias\/wp-json\/wp\/v2\/media?parent=953196"}],"wp:term":[{"taxonomy":"category","embeddable":true,"href":"https:\/\/www.eldigitaldeasturias.com\/noticias\/wp-json\/wp\/v2\/categories?post=953196"},{"taxonomy":"post_tag","embeddable":true,"href":"https:\/\/www.eldigitaldeasturias.com\/noticias\/wp-json\/wp\/v2\/tags?post=953196"}],"curies":[{"name":"wp","href":"https:\/\/api.w.org\/{rel}","templated":true}]}}