{"id":953113,"date":"2017-09-18T12:53:54","date_gmt":"2017-09-18T12:53:54","guid":{"rendered":"http:\/\/www.eldigitaldeasturias.com\/noticias\/?p=953113"},"modified":"2017-09-18T12:53:54","modified_gmt":"2017-09-18T12:53:54","slug":"interior-renueva-la-imagen-de-la-web-de-la-iniciativa-stop-radicalismos","status":"publish","type":"post","link":"https:\/\/www.eldigitaldeasturias.com\/noticias\/interior-renueva-la-imagen-de-la-web-de-la-iniciativa-stop-radicalismos\/","title":{"rendered":"Interior renueva la imagen de la web de la iniciativa &#8216;Stop Radicalismos&#8217;"},"content":{"rendered":"<p><img loading=\"lazy\" decoding=\"async\" class=\"alignleft size-medium wp-image-953114\" src=\"https:\/\/www.eldigitaldeasturias.com\/noticias\/wp-content\/uploads\/2017\/09\/22062017_Stop-1-360x239.jpg\" alt=\"\" width=\"360\" height=\"239\" \/>El Departamento que dirige Juan Ignacio Zoido ha renovado la imagen de la web de la iniciativa &#8216;Stop Radicalismos&#8217; (www.stop-radicalismos.es), que pone a disposici\u00f3n de los ciudadanos una serie de canales para que comuniquen, de forma confidencial y segura, posibles casos de radicalizaci\u00f3n en su entorno. Tal y como anunci\u00f3 el ministro del Interior durante la presentaci\u00f3n de la nueva campa\u00f1a &#8216;Stop Radicalismos&#8217; el pasado mes de abril, el nuevo portal es m\u00e1s actual y est\u00e1 adaptado a la imagen de la nueva campa\u00f1a.<\/p>\n<p>La nueva web est\u00e1 disponible en castellano y en todas las lenguas reconocidas como oficiales en las respectivas Comunidades Aut\u00f3nomas de acuerdo con sus Estatutos, es decir, en catal\u00e1n, gallego, euskera y valenciano. Adem\u00e1s, y con el fin de ampliar la difusi\u00f3n del proyecto &#8216;Stop Radicalismos&#8217;, se ofrece a los usuarios la posibilidad de consultar la informaci\u00f3n de la web en ingl\u00e9s, franc\u00e9s y \u00e1rabe.<\/p>\n<p>Todo ello con el objetivo de concienciar a los ciudadanos en la importancia de la prevenci\u00f3n en materia de radicalizaci\u00f3n, y lograr su implicaci\u00f3n y esencial colaboraci\u00f3n en la detecci\u00f3n de posibles casos de radicalizaci\u00f3n en su entorno m\u00e1s pr\u00f3ximo. Esta iniciativa \u00abse constituye como una herramienta clave en la lucha contra la radicalizaci\u00f3n\u00bb, subray\u00f3 Zoido durante la presentaci\u00f3n de la nueva campa\u00f1a.<\/p>\n<p><strong>Resultados de &#8216;Stop Radicalismos&#8217;<\/strong><\/p>\n<p>Desde su puesta en marcha, en diciembre de 2015, el Centro de Coordinaci\u00f3n de Informaci\u00f3n sobre Radicalizaci\u00f3n (CCIR), dependiente del Centro de Inteligencia contra el Terrorismo y el Crimen Organizado (CITCO) y operativo las 24 horas del d\u00eda los 365 d\u00edas del a\u00f1o, ha recibido un total de 4.761 comunicaciones a trav\u00e9s de los canales a disposici\u00f3n de los ciudadanos.<\/p>\n<p>El 45% de las comunicaciones se han recibido a trav\u00e9s de la p\u00e1gina web www.stop-radicalismos.es; el 25% a trav\u00e9s del tel\u00e9fono gratuito 900 822 066, y el 11% v\u00eda Alertcops, la aplicaci\u00f3n m\u00f3vil gratuita de alertas de seguridad ciudadana.<\/p>\n<p>Asimismo, en la p\u00e1gina web www.stop-radicalismos.es se pone a disposici\u00f3n de los ciudadanos un correo electr\u00f3nico, stop-radicalismos@interior.es, a trav\u00e9s del que se han recibido el 19% de las comunicaciones.<\/p>\n<p>Tras ser valoradas, se ha determinado que alrededor del 34% de las informaciones recibidas conten\u00edan datos que se consideran de inter\u00e9s policial, y por consiguiente han sido remitidas a las Fuerzas y Cuerpos de Seguridad del Estado.<\/p>\n<p>Desde el punto de vista de distribuci\u00f3n geogr\u00e1fica, y teniendo en cuenta \u00fanicamente las comunicaciones que han resultado de inter\u00e9s policial, cabe se\u00f1alar que la mayor\u00eda han procedido de las comunidades aut\u00f3nomas de Madrid, Catalu\u00f1a y Andaluc\u00eda.<\/p>\n<p>Finalmente, cabe destacar que, a ra\u00edz de las comunicaciones recibidas a trav\u00e9s de &#8216;Stop Radicalismos&#8217;, se han producido 58 coincidencias con investigaciones abiertas por los cuerpos policiales, 38 de ellas relacionadas con terrorismo y 20 con crimen organizado. Asimismo, y gracias a las informaciones facilitadas por el Centro de Coordinaci\u00f3n de Informaci\u00f3n sobre Radicalizaci\u00f3n, se han abierto 52 investigaciones y se han practicado 3 detenciones.<\/p>\n<p><strong>Colaboraci\u00f3n ciudadana tras los atentados de Barcelona y Cambrils<\/strong><\/p>\n<p>Entre los d\u00edas 17 y 26 de agosto, d\u00eda de los atentados terroristas perpetrados en las ciudades de Barcelona y Cambrils y fechas posteriores, el Centro de Coordinaci\u00f3n de Informaci\u00f3n sobre Radicalizaci\u00f3n recibi\u00f3 643 comunicaciones, siendo el d\u00eda posterior a los atentados el de mayor actividad desde la puesta en marcha del Centro. En este sentido, el 18 de agosto se recibieron 151 comunicaciones por parte de los ciudadanos. Esto pone de relieve el fuerte impacto que produjeron los atentados en la actividad del Centro de Coordinaci\u00f3n de Informaci\u00f3n sobre Radicalizaci\u00f3n.<\/p>\n<p>Del total de comunicaciones recibidas entre el 17 y el 26 de agosto, el 45% resultaron de inter\u00e9s policial. Los canales m\u00e1s utilizados fueron el portal de &#8216;Stop Radicalismos&#8217; (37%) y el correo electr\u00f3nico (28%), seguidos por el tel\u00e9fono (27%) y la aplicaci\u00f3n m\u00f3vil Alertcops (7%).<\/p>\n<p>&nbsp;<\/p>\n<p>&nbsp;<\/p>\n","protected":false},"excerpt":{"rendered":"<p>El Departamento que dirige Juan Ignacio Zoido ha renovado la imagen de la web de la iniciativa &#8216;Stop Radicalismos&#8217; (www.stop-radicalismos.es), que pone a disposici\u00f3n de los ciudadanos una serie de canales para que comuniquen, de forma confidencial y segura, posibles casos de radicalizaci\u00f3n en su entorno. Tal y como anunci\u00f3 el ministro del Interior durante [&hellip;]<\/p>\n","protected":false},"author":1,"featured_media":953114,"comment_status":"closed","ping_status":"closed","sticky":false,"template":"","format":"standard","meta":{"footnotes":""},"categories":[1],"tags":[],"class_list":["post-953113","post","type-post","status-publish","format-standard","has-post-thumbnail","hentry","category-actualidad"],"aioseo_notices":[],"aioseo_head":"\n\t\t<!-- All in One SEO Pro 5.0.1 - aioseo.com -->\n\t<meta name=\"description\" content=\"El Departamento que dirige Juan Ignacio Zoido ha renovado la imagen de la web de la iniciativa &#039;Stop Radicalismos&#039; (www.stop-radicalismos.es), que pone a disposici\u00f3n de los ciudadanos una serie de canales para que comuniquen, de forma confidencial y segura, posibles casos de radicalizaci\u00f3n en su entorno. Tal y como anunci\u00f3 el ministro del Interior durante\" \/>\n\t<meta name=\"robots\" content=\"max-image-preview:large\" \/>\n\t<meta name=\"author\" content=\"El Digital de Asturias\"\/>\n\t<meta name=\"google-site-verification\" content=\"UA-38556648-1\" \/>\n\t<meta name=\"msvalidate.01\" content=\"7dfe9f3f1b24437ab69f4f2559babe99\" \/>\n\t<meta name=\"keywords\" content=\"actualidad\" \/>\n\t<link rel=\"canonical\" href=\"https:\/\/www.eldigitaldeasturias.com\/noticias\/interior-renueva-la-imagen-de-la-web-de-la-iniciativa-stop-radicalismos\/\" \/>\n\t<meta name=\"generator\" content=\"All in One SEO Pro (AIOSEO) 5.0.1\" \/>\n\t\t<meta property=\"og:locale\" content=\"es_ES\" \/>\n\t\t<meta property=\"og:site_name\" content=\"El Digital de Asturias\" \/>\n\t\t<meta property=\"og:type\" content=\"article\" \/>\n\t\t<meta property=\"og:title\" content=\"Interior renueva la imagen de la web de la iniciativa \u2018Stop Radicalismos\u2019 - El Digital de Asturias\" \/>\n\t\t<meta property=\"og:description\" content=\"El Departamento que dirige Juan Ignacio Zoido ha renovado la imagen de la web de la iniciativa &#039;Stop Radicalismos&#039; (www.stop-radicalismos.es), que pone a disposici\u00f3n de los ciudadanos una serie de canales para que comuniquen, de forma confidencial y segura, posibles casos de radicalizaci\u00f3n en su entorno. Tal y como anunci\u00f3 el ministro del Interior durante\" \/>\n\t\t<meta property=\"og:url\" content=\"https:\/\/www.eldigitaldeasturias.com\/noticias\/interior-renueva-la-imagen-de-la-web-de-la-iniciativa-stop-radicalismos\/\" \/>\n\t\t<meta property=\"article:tag\" content=\"actualidad\" \/>\n\t\t<meta property=\"article:published_time\" content=\"2017-09-18T12:53:54+00:00\" \/>\n\t\t<meta property=\"article:modified_time\" content=\"2017-09-18T12:53:54+00:00\" \/>\n\t\t<meta property=\"article:publisher\" content=\"https:\/\/facebook.com\/eldigitaldeasturias\" \/>\n\t\t<meta name=\"twitter:card\" content=\"summary_large_image\" \/>\n\t\t<meta name=\"twitter:title\" content=\"Interior renueva la imagen de la web de la iniciativa \u2018Stop Radicalismos\u2019 - El Digital de Asturias\" \/>\n\t\t<meta name=\"twitter:description\" content=\"El Departamento que dirige Juan Ignacio Zoido ha renovado la imagen de la web de la iniciativa &#039;Stop Radicalismos&#039; (www.stop-radicalismos.es), que pone a disposici\u00f3n de los ciudadanos una serie de canales para que comuniquen, de forma confidencial y segura, posibles casos de radicalizaci\u00f3n en su entorno. Tal y como anunci\u00f3 el ministro del Interior durante\" \/>\n\t\t<meta name=\"twitter:image\" content=\"https:\/\/www.eldigitaldeasturias.com\/noticias\/wp-content\/uploads\/2020\/12\/EDA-1.jpg\" \/>\n\t\t<meta name=\"twitter:label1\" content=\"Escrito por\" \/>\n\t\t<meta name=\"twitter:data1\" content=\"El Digital de Asturias\" \/>\n\t\t<meta name=\"twitter:label2\" content=\"Tiempo de lectura estimado\" \/>\n\t\t<meta name=\"twitter:data2\" content=\"3 minutos\" \/>\n\t\t<script type=\"application\/ld+json\" class=\"aioseo-schema\">\n\t\t\t{\"@context\":\"https:\\\/\\\/schema.org\",\"@graph\":[{\"@type\":\"BlogPosting\",\"@id\":\"https:\\\/\\\/www.eldigitaldeasturias.com\\\/noticias\\\/interior-renueva-la-imagen-de-la-web-de-la-iniciativa-stop-radicalismos\\\/#blogposting\",\"name\":\"Interior renueva la imagen de la web de la iniciativa \\u2018Stop Radicalismos\\u2019 - El Digital de Asturias\",\"headline\":\"Interior renueva la imagen de la web de la iniciativa &#8216;Stop Radicalismos&#8217;\",\"author\":{\"@id\":\"https:\\\/\\\/www.eldigitaldeasturias.com\\\/noticias\\\/author\\\/admin\\\/#author\"},\"publisher\":{\"@id\":\"https:\\\/\\\/www.eldigitaldeasturias.com\\\/noticias\\\/#organization\"},\"image\":{\"@type\":\"ImageObject\",\"url\":953114},\"datePublished\":\"2017-09-18T12:53:54+02:00\",\"dateModified\":\"2017-09-18T12:53:54+02:00\",\"inLanguage\":\"es-ES\",\"mainEntityOfPage\":{\"@id\":\"https:\\\/\\\/www.eldigitaldeasturias.com\\\/noticias\\\/interior-renueva-la-imagen-de-la-web-de-la-iniciativa-stop-radicalismos\\\/#webpage\"},\"isPartOf\":{\"@id\":\"https:\\\/\\\/www.eldigitaldeasturias.com\\\/noticias\\\/interior-renueva-la-imagen-de-la-web-de-la-iniciativa-stop-radicalismos\\\/#webpage\"},\"articleSection\":\"Actualidad\"},{\"@type\":\"BreadcrumbList\",\"@id\":\"https:\\\/\\\/www.eldigitaldeasturias.com\\\/noticias\\\/interior-renueva-la-imagen-de-la-web-de-la-iniciativa-stop-radicalismos\\\/#breadcrumblist\",\"itemListElement\":[{\"@type\":\"ListItem\",\"@id\":\"https:\\\/\\\/www.eldigitaldeasturias.com\\\/noticias#listItem\",\"position\":1,\"name\":\"Home\",\"item\":\"https:\\\/\\\/www.eldigitaldeasturias.com\\\/noticias\",\"nextItem\":{\"@type\":\"ListItem\",\"@id\":\"https:\\\/\\\/www.eldigitaldeasturias.com\\\/noticias\\\/category\\\/actualidad\\\/#listItem\",\"name\":\"Actualidad\"}},{\"@type\":\"ListItem\",\"@id\":\"https:\\\/\\\/www.eldigitaldeasturias.com\\\/noticias\\\/category\\\/actualidad\\\/#listItem\",\"position\":2,\"name\":\"Actualidad\",\"item\":\"https:\\\/\\\/www.eldigitaldeasturias.com\\\/noticias\\\/category\\\/actualidad\\\/\",\"nextItem\":{\"@type\":\"ListItem\",\"@id\":\"https:\\\/\\\/www.eldigitaldeasturias.com\\\/noticias\\\/interior-renueva-la-imagen-de-la-web-de-la-iniciativa-stop-radicalismos\\\/#listItem\",\"name\":\"Interior renueva la imagen de la web de la iniciativa &#8216;Stop Radicalismos&#8217;\"},\"previousItem\":{\"@type\":\"ListItem\",\"@id\":\"https:\\\/\\\/www.eldigitaldeasturias.com\\\/noticias#listItem\",\"name\":\"Home\"}},{\"@type\":\"ListItem\",\"@id\":\"https:\\\/\\\/www.eldigitaldeasturias.com\\\/noticias\\\/interior-renueva-la-imagen-de-la-web-de-la-iniciativa-stop-radicalismos\\\/#listItem\",\"position\":3,\"name\":\"Interior renueva la imagen de la web de la iniciativa &#8216;Stop Radicalismos&#8217;\",\"previousItem\":{\"@type\":\"ListItem\",\"@id\":\"https:\\\/\\\/www.eldigitaldeasturias.com\\\/noticias\\\/category\\\/actualidad\\\/#listItem\",\"name\":\"Actualidad\"}}]},{\"@type\":\"Organization\",\"@id\":\"https:\\\/\\\/www.eldigitaldeasturias.com\\\/noticias\\\/#organization\",\"name\":\"El Digital de Asturias\",\"description\":\"Hemeroteca\",\"url\":\"https:\\\/\\\/www.eldigitaldeasturias.com\\\/noticias\\\/\",\"email\":\"info@eldigitaldeasturias.com\",\"telephone\":\"+34652131393\",\"logo\":{\"@type\":\"ImageObject\",\"url\":\"https:\\\/\\\/www.eldigitaldeasturias.com\\\/noticias\\\/wp-content\\\/uploads\\\/2020\\\/12\\\/EDA.jpg\",\"@id\":\"https:\\\/\\\/www.eldigitaldeasturias.com\\\/noticias\\\/interior-renueva-la-imagen-de-la-web-de-la-iniciativa-stop-radicalismos\\\/#organizationLogo\"},\"image\":{\"@id\":\"https:\\\/\\\/www.eldigitaldeasturias.com\\\/noticias\\\/interior-renueva-la-imagen-de-la-web-de-la-iniciativa-stop-radicalismos\\\/#organizationLogo\"},\"sameAs\":[\"https:\\\/\\\/facebook.com\\\/eldigitaldeasturias\",\"https:\\\/\\\/www.youtube.com\\\/channel\\\/UCZP-2wLEB9Rv6erhFmqVnvg\"],\"address\":{\"@id\":\"https:\\\/\\\/www.eldigitaldeasturias.com\\\/noticias\\\/#postaladdress\",\"@type\":\"PostalAddress\",\"streetAddress\":\"san antonio 4\",\"postalCode\":\"33430\",\"addressLocality\":\"Cand\\u00e1s\",\"addressRegion\":\"Asturias\",\"addressCountry\":\"ES\"}},{\"@type\":\"Person\",\"@id\":\"https:\\\/\\\/www.eldigitaldeasturias.com\\\/noticias\\\/author\\\/admin\\\/#author\",\"url\":\"https:\\\/\\\/www.eldigitaldeasturias.com\\\/noticias\\\/author\\\/admin\\\/\",\"name\":\"El Digital de Asturias\",\"image\":{\"@type\":\"ImageObject\",\"@id\":\"https:\\\/\\\/www.eldigitaldeasturias.com\\\/noticias\\\/interior-renueva-la-imagen-de-la-web-de-la-iniciativa-stop-radicalismos\\\/#authorImage\",\"url\":\"https:\\\/\\\/secure.gravatar.com\\\/avatar\\\/df2aeffc32bcd13f8d26072ef8a91b623d677766deac7f97ca815868cd41bf5e?s=96&d=mm&r=g\",\"width\":96,\"height\":96,\"caption\":\"El Digital de Asturias\"}},{\"@type\":\"WebPage\",\"@id\":\"https:\\\/\\\/www.eldigitaldeasturias.com\\\/noticias\\\/interior-renueva-la-imagen-de-la-web-de-la-iniciativa-stop-radicalismos\\\/#webpage\",\"url\":\"https:\\\/\\\/www.eldigitaldeasturias.com\\\/noticias\\\/interior-renueva-la-imagen-de-la-web-de-la-iniciativa-stop-radicalismos\\\/\",\"name\":\"Interior renueva la imagen de la web de la iniciativa \\u2018Stop Radicalismos\\u2019 - El Digital de Asturias\",\"description\":\"El Departamento que dirige Juan Ignacio Zoido ha renovado la imagen de la web de la iniciativa 'Stop Radicalismos' (www.stop-radicalismos.es), que pone a disposici\\u00f3n de los ciudadanos una serie de canales para que comuniquen, de forma confidencial y segura, posibles casos de radicalizaci\\u00f3n en su entorno. Tal y como anunci\\u00f3 el ministro del Interior durante\",\"inLanguage\":\"es-ES\",\"isPartOf\":{\"@id\":\"https:\\\/\\\/www.eldigitaldeasturias.com\\\/noticias\\\/#website\"},\"breadcrumb\":{\"@id\":\"https:\\\/\\\/www.eldigitaldeasturias.com\\\/noticias\\\/interior-renueva-la-imagen-de-la-web-de-la-iniciativa-stop-radicalismos\\\/#breadcrumblist\"},\"author\":{\"@id\":\"https:\\\/\\\/www.eldigitaldeasturias.com\\\/noticias\\\/author\\\/admin\\\/#author\"},\"creator\":{\"@id\":\"https:\\\/\\\/www.eldigitaldeasturias.com\\\/noticias\\\/author\\\/admin\\\/#author\"},\"image\":{\"@type\":\"ImageObject\",\"url\":953114,\"@id\":\"https:\\\/\\\/www.eldigitaldeasturias.com\\\/noticias\\\/interior-renueva-la-imagen-de-la-web-de-la-iniciativa-stop-radicalismos\\\/#mainImage\"},\"primaryImageOfPage\":{\"@id\":\"https:\\\/\\\/www.eldigitaldeasturias.com\\\/noticias\\\/interior-renueva-la-imagen-de-la-web-de-la-iniciativa-stop-radicalismos\\\/#mainImage\"},\"datePublished\":\"2017-09-18T12:53:54+02:00\",\"dateModified\":\"2017-09-18T12:53:54+02:00\"},{\"@type\":\"WebSite\",\"@id\":\"https:\\\/\\\/www.eldigitaldeasturias.com\\\/noticias\\\/#website\",\"url\":\"https:\\\/\\\/www.eldigitaldeasturias.com\\\/noticias\\\/\",\"name\":\"El Digital de Asturias - Diario de actualidad y noticias\",\"alternateName\":\"El Digital de Asturias - Diario de actualidad y noticias\",\"description\":\"Hemeroteca\",\"inLanguage\":\"es-ES\",\"publisher\":{\"@id\":\"https:\\\/\\\/www.eldigitaldeasturias.com\\\/noticias\\\/#organization\"}}]}\n\t\t<\/script>\n\t\t<!-- All in One SEO Pro -->\r\n\t\t<title>Interior renueva la imagen de la web de la iniciativa \u2018Stop Radicalismos\u2019 - El Digital de Asturias<\/title>\n\n","aioseo_head_json":{"title":"Interior renueva la imagen de la web de la iniciativa \u2018Stop Radicalismos\u2019 - El Digital de Asturias","description":"El Departamento que dirige Juan Ignacio Zoido ha renovado la imagen de la web de la iniciativa 'Stop Radicalismos' (www.stop-radicalismos.es), que pone a disposici\u00f3n de los ciudadanos una serie de canales para que comuniquen, de forma confidencial y segura, posibles casos de radicalizaci\u00f3n en su entorno. Tal y como anunci\u00f3 el ministro del Interior durante","canonical_url":"https:\/\/www.eldigitaldeasturias.com\/noticias\/interior-renueva-la-imagen-de-la-web-de-la-iniciativa-stop-radicalismos\/","robots":"max-image-preview:large","keywords":"actualidad","webmasterTools":{"google-site-verification":"UA-38556648-1","msvalidate.01":"7dfe9f3f1b24437ab69f4f2559babe99","miscellaneous":""},"schema":{"@context":"https:\/\/schema.org","@graph":[{"@type":"BlogPosting","@id":"https:\/\/www.eldigitaldeasturias.com\/noticias\/interior-renueva-la-imagen-de-la-web-de-la-iniciativa-stop-radicalismos\/#blogposting","name":"Interior renueva la imagen de la web de la iniciativa \u2018Stop Radicalismos\u2019 - El Digital de Asturias","headline":"Interior renueva la imagen de la web de la iniciativa &#8216;Stop Radicalismos&#8217;","author":{"@id":"https:\/\/www.eldigitaldeasturias.com\/noticias\/author\/admin\/#author"},"publisher":{"@id":"https:\/\/www.eldigitaldeasturias.com\/noticias\/#organization"},"image":{"@type":"ImageObject","url":953114},"datePublished":"2017-09-18T12:53:54+02:00","dateModified":"2017-09-18T12:53:54+02:00","inLanguage":"es-ES","mainEntityOfPage":{"@id":"https:\/\/www.eldigitaldeasturias.com\/noticias\/interior-renueva-la-imagen-de-la-web-de-la-iniciativa-stop-radicalismos\/#webpage"},"isPartOf":{"@id":"https:\/\/www.eldigitaldeasturias.com\/noticias\/interior-renueva-la-imagen-de-la-web-de-la-iniciativa-stop-radicalismos\/#webpage"},"articleSection":"Actualidad"},{"@type":"BreadcrumbList","@id":"https:\/\/www.eldigitaldeasturias.com\/noticias\/interior-renueva-la-imagen-de-la-web-de-la-iniciativa-stop-radicalismos\/#breadcrumblist","itemListElement":[{"@type":"ListItem","@id":"https:\/\/www.eldigitaldeasturias.com\/noticias#listItem","position":1,"name":"Home","item":"https:\/\/www.eldigitaldeasturias.com\/noticias","nextItem":{"@type":"ListItem","@id":"https:\/\/www.eldigitaldeasturias.com\/noticias\/category\/actualidad\/#listItem","name":"Actualidad"}},{"@type":"ListItem","@id":"https:\/\/www.eldigitaldeasturias.com\/noticias\/category\/actualidad\/#listItem","position":2,"name":"Actualidad","item":"https:\/\/www.eldigitaldeasturias.com\/noticias\/category\/actualidad\/","nextItem":{"@type":"ListItem","@id":"https:\/\/www.eldigitaldeasturias.com\/noticias\/interior-renueva-la-imagen-de-la-web-de-la-iniciativa-stop-radicalismos\/#listItem","name":"Interior renueva la imagen de la web de la iniciativa &#8216;Stop Radicalismos&#8217;"},"previousItem":{"@type":"ListItem","@id":"https:\/\/www.eldigitaldeasturias.com\/noticias#listItem","name":"Home"}},{"@type":"ListItem","@id":"https:\/\/www.eldigitaldeasturias.com\/noticias\/interior-renueva-la-imagen-de-la-web-de-la-iniciativa-stop-radicalismos\/#listItem","position":3,"name":"Interior renueva la imagen de la web de la iniciativa &#8216;Stop Radicalismos&#8217;","previousItem":{"@type":"ListItem","@id":"https:\/\/www.eldigitaldeasturias.com\/noticias\/category\/actualidad\/#listItem","name":"Actualidad"}}]},{"@type":"Organization","@id":"https:\/\/www.eldigitaldeasturias.com\/noticias\/#organization","name":"El Digital de Asturias","description":"Hemeroteca","url":"https:\/\/www.eldigitaldeasturias.com\/noticias\/","email":"info@eldigitaldeasturias.com","telephone":"+34652131393","logo":{"@type":"ImageObject","url":"https:\/\/www.eldigitaldeasturias.com\/noticias\/wp-content\/uploads\/2020\/12\/EDA.jpg","@id":"https:\/\/www.eldigitaldeasturias.com\/noticias\/interior-renueva-la-imagen-de-la-web-de-la-iniciativa-stop-radicalismos\/#organizationLogo"},"image":{"@id":"https:\/\/www.eldigitaldeasturias.com\/noticias\/interior-renueva-la-imagen-de-la-web-de-la-iniciativa-stop-radicalismos\/#organizationLogo"},"sameAs":["https:\/\/facebook.com\/eldigitaldeasturias","https:\/\/www.youtube.com\/channel\/UCZP-2wLEB9Rv6erhFmqVnvg"],"address":{"@id":"https:\/\/www.eldigitaldeasturias.com\/noticias\/#postaladdress","@type":"PostalAddress","streetAddress":"san antonio 4","postalCode":"33430","addressLocality":"Cand\u00e1s","addressRegion":"Asturias","addressCountry":"ES"}},{"@type":"Person","@id":"https:\/\/www.eldigitaldeasturias.com\/noticias\/author\/admin\/#author","url":"https:\/\/www.eldigitaldeasturias.com\/noticias\/author\/admin\/","name":"El Digital de Asturias","image":{"@type":"ImageObject","@id":"https:\/\/www.eldigitaldeasturias.com\/noticias\/interior-renueva-la-imagen-de-la-web-de-la-iniciativa-stop-radicalismos\/#authorImage","url":"https:\/\/secure.gravatar.com\/avatar\/df2aeffc32bcd13f8d26072ef8a91b623d677766deac7f97ca815868cd41bf5e?s=96&d=mm&r=g","width":96,"height":96,"caption":"El Digital de Asturias"}},{"@type":"WebPage","@id":"https:\/\/www.eldigitaldeasturias.com\/noticias\/interior-renueva-la-imagen-de-la-web-de-la-iniciativa-stop-radicalismos\/#webpage","url":"https:\/\/www.eldigitaldeasturias.com\/noticias\/interior-renueva-la-imagen-de-la-web-de-la-iniciativa-stop-radicalismos\/","name":"Interior renueva la imagen de la web de la iniciativa \u2018Stop Radicalismos\u2019 - El Digital de Asturias","description":"El Departamento que dirige Juan Ignacio Zoido ha renovado la imagen de la web de la iniciativa 'Stop Radicalismos' (www.stop-radicalismos.es), que pone a disposici\u00f3n de los ciudadanos una serie de canales para que comuniquen, de forma confidencial y segura, posibles casos de radicalizaci\u00f3n en su entorno. Tal y como anunci\u00f3 el ministro del Interior durante","inLanguage":"es-ES","isPartOf":{"@id":"https:\/\/www.eldigitaldeasturias.com\/noticias\/#website"},"breadcrumb":{"@id":"https:\/\/www.eldigitaldeasturias.com\/noticias\/interior-renueva-la-imagen-de-la-web-de-la-iniciativa-stop-radicalismos\/#breadcrumblist"},"author":{"@id":"https:\/\/www.eldigitaldeasturias.com\/noticias\/author\/admin\/#author"},"creator":{"@id":"https:\/\/www.eldigitaldeasturias.com\/noticias\/author\/admin\/#author"},"image":{"@type":"ImageObject","url":953114,"@id":"https:\/\/www.eldigitaldeasturias.com\/noticias\/interior-renueva-la-imagen-de-la-web-de-la-iniciativa-stop-radicalismos\/#mainImage"},"primaryImageOfPage":{"@id":"https:\/\/www.eldigitaldeasturias.com\/noticias\/interior-renueva-la-imagen-de-la-web-de-la-iniciativa-stop-radicalismos\/#mainImage"},"datePublished":"2017-09-18T12:53:54+02:00","dateModified":"2017-09-18T12:53:54+02:00"},{"@type":"WebSite","@id":"https:\/\/www.eldigitaldeasturias.com\/noticias\/#website","url":"https:\/\/www.eldigitaldeasturias.com\/noticias\/","name":"El Digital de Asturias - Diario de actualidad y noticias","alternateName":"El Digital de Asturias - Diario de actualidad y noticias","description":"Hemeroteca","inLanguage":"es-ES","publisher":{"@id":"https:\/\/www.eldigitaldeasturias.com\/noticias\/#organization"}}]},"og:locale":"es_ES","og:site_name":"El Digital de Asturias","og:type":"article","og:title":"Interior renueva la imagen de la web de la iniciativa \u2018Stop Radicalismos\u2019 - El Digital de Asturias","og:description":"El Departamento que dirige Juan Ignacio Zoido ha renovado la imagen de la web de la iniciativa 'Stop Radicalismos' (www.stop-radicalismos.es), que pone a disposici\u00f3n de los ciudadanos una serie de canales para que comuniquen, de forma confidencial y segura, posibles casos de radicalizaci\u00f3n en su entorno. Tal y como anunci\u00f3 el ministro del Interior durante","og:url":"https:\/\/www.eldigitaldeasturias.com\/noticias\/interior-renueva-la-imagen-de-la-web-de-la-iniciativa-stop-radicalismos\/","article:tag":["actualidad"],"article:published_time":"2017-09-18T12:53:54+00:00","article:modified_time":"2017-09-18T12:53:54+00:00","article:publisher":"https:\/\/facebook.com\/eldigitaldeasturias","twitter:card":"summary_large_image","twitter:title":"Interior renueva la imagen de la web de la iniciativa \u2018Stop Radicalismos\u2019 - El Digital de Asturias","twitter:description":"El Departamento que dirige Juan Ignacio Zoido ha renovado la imagen de la web de la iniciativa 'Stop Radicalismos' (www.stop-radicalismos.es), que pone a disposici\u00f3n de los ciudadanos una serie de canales para que comuniquen, de forma confidencial y segura, posibles casos de radicalizaci\u00f3n en su entorno. Tal y como anunci\u00f3 el ministro del Interior durante","twitter:image":"https:\/\/www.eldigitaldeasturias.com\/noticias\/wp-content\/uploads\/2020\/12\/EDA-1.jpg","twitter:label1":"Escrito por","twitter:data1":"El Digital de Asturias","twitter:label2":"Tiempo de lectura estimado","twitter:data2":"3 minutos"},"aioseo_meta_data":{"post_id":"953113","title":null,"description":null,"keywords":null,"keyphrases":null,"primary_term":null,"canonical_url":null,"og_title":null,"og_description":null,"og_object_type":"default","og_image_type":"default","og_image_url":null,"og_image_width":null,"og_image_height":null,"og_image_custom_url":null,"og_image_custom_fields":null,"og_video":null,"og_custom_url":null,"og_article_section":null,"og_article_tags":null,"twitter_use_og":false,"twitter_card":"default","twitter_image_type":"default","twitter_image_url":null,"twitter_image_custom_url":null,"twitter_image_custom_fields":null,"twitter_title":null,"twitter_description":null,"schema":{"blockGraphs":[],"customGraphs":[],"default":{"data":{"Article":[],"Course":[],"Dataset":[],"FAQPage":[],"Movie":[],"Person":[],"Product":[],"ProductReview":[],"Car":[],"Recipe":[],"Service":[],"SoftwareApplication":[],"WebPage":[]},"graphName":"","isEnabled":true},"graphs":[],"defaultGraph":"","defaultPostTypeGraph":""},"schema_type":null,"schema_type_options":null,"pillar_content":false,"robots_default":true,"robots_noindex":false,"robots_noarchive":false,"robots_nosnippet":false,"robots_nofollow":false,"robots_noimageindex":false,"robots_noodp":false,"robots_notranslate":false,"robots_max_snippet":null,"robots_max_videopreview":null,"robots_max_imagepreview":"large","priority":null,"frequency":null,"local_seo":null,"seo_analyzer_scan_date":"2025-12-06 01:09:49","breadcrumb_settings":null,"limit_modified_date":false,"open_ai":null,"ai":null,"created":"2020-12-21 12:57:25","updated":"2025-12-06 01:09:49","focus_keyword":null,"additional_keywords":null,"truseo_locale":null},"aioseo_breadcrumb":"<div class=\"aioseo-breadcrumbs\"><span class=\"aioseo-breadcrumb\">\n\t<a href=\"https:\/\/www.eldigitaldeasturias.com\/noticias\" title=\"Home\">Home<\/a>\n<\/span><span class=\"aioseo-breadcrumb-separator\">\u2013<\/span><span class=\"aioseo-breadcrumb\">\n\t<a href=\"https:\/\/www.eldigitaldeasturias.com\/noticias\/category\/actualidad\/\" title=\"Actualidad\">Actualidad<\/a>\n<\/span><span class=\"aioseo-breadcrumb-separator\">\u2013<\/span><span class=\"aioseo-breadcrumb\">\n\t<a href=\"https:\/\/www.eldigitaldeasturias.com\/noticias\/interior-renueva-la-imagen-de-la-web-de-la-iniciativa-stop-radicalismos\/\" title=\"Interior renueva la imagen de la web de la iniciativa \u2018Stop Radicalismos\u2019\">Interior renueva la imagen de la web de la iniciativa \u2018Stop Radicalismos\u2019<\/a>\n<\/span><\/div>","aioseo_breadcrumb_json":[{"label":"Home","link":"https:\/\/www.eldigitaldeasturias.com\/noticias"},{"label":"Actualidad","link":"https:\/\/www.eldigitaldeasturias.com\/noticias\/category\/actualidad\/"},{"label":"Interior renueva la imagen de la web de la iniciativa &#8216;Stop Radicalismos&#8217;","link":"https:\/\/www.eldigitaldeasturias.com\/noticias\/interior-renueva-la-imagen-de-la-web-de-la-iniciativa-stop-radicalismos\/"}],"_links":{"self":[{"href":"https:\/\/www.eldigitaldeasturias.com\/noticias\/wp-json\/wp\/v2\/posts\/953113","targetHints":{"allow":["GET"]}}],"collection":[{"href":"https:\/\/www.eldigitaldeasturias.com\/noticias\/wp-json\/wp\/v2\/posts"}],"about":[{"href":"https:\/\/www.eldigitaldeasturias.com\/noticias\/wp-json\/wp\/v2\/types\/post"}],"author":[{"embeddable":true,"href":"https:\/\/www.eldigitaldeasturias.com\/noticias\/wp-json\/wp\/v2\/users\/1"}],"replies":[{"embeddable":true,"href":"https:\/\/www.eldigitaldeasturias.com\/noticias\/wp-json\/wp\/v2\/comments?post=953113"}],"version-history":[{"count":0,"href":"https:\/\/www.eldigitaldeasturias.com\/noticias\/wp-json\/wp\/v2\/posts\/953113\/revisions"}],"wp:attachment":[{"href":"https:\/\/www.eldigitaldeasturias.com\/noticias\/wp-json\/wp\/v2\/media?parent=953113"}],"wp:term":[{"taxonomy":"category","embeddable":true,"href":"https:\/\/www.eldigitaldeasturias.com\/noticias\/wp-json\/wp\/v2\/categories?post=953113"},{"taxonomy":"post_tag","embeddable":true,"href":"https:\/\/www.eldigitaldeasturias.com\/noticias\/wp-json\/wp\/v2\/tags?post=953113"}],"curies":[{"name":"wp","href":"https:\/\/api.w.org\/{rel}","templated":true}]}}