{"id":953001,"date":"2017-09-16T17:31:14","date_gmt":"2017-09-16T17:31:14","guid":{"rendered":"http:\/\/www.eldigitaldeasturias.com\/noticias\/?p=953001"},"modified":"2017-09-16T17:31:14","modified_gmt":"2017-09-16T17:31:14","slug":"javier-arenas-la-republica-del-odio-a-espana-no-va-a-triunfar","status":"publish","type":"post","link":"https:\/\/www.eldigitaldeasturias.com\/noticias\/javier-arenas-la-republica-del-odio-a-espana-no-va-a-triunfar\/","title":{"rendered":"Javier Arenas: \u00abLa rep\u00fablica del odio a Espa\u00f1a no va a triunfar\u00bb"},"content":{"rendered":"<p><img loading=\"lazy\" decoding=\"async\" class=\"alignleft size-medium wp-image-953002\" src=\"https:\/\/www.eldigitaldeasturias.com\/noticias\/wp-content\/uploads\/2017\/09\/201701281-360x163.jpg\" alt=\"\" width=\"360\" height=\"163\" \/>El vicesecretario de Pol\u00edtica Auton\u00f3mica y Local del PP, Javier Arenas, ha asegurado hoy que la Rep\u00fablica del odio a Espa\u00f1a, que est\u00e1n planteando algunos, no va a triunfar, porque el Estado de Derecho \u201cno tolera que se atente contra \u00e9l y tiene instrumentos suficientes\u201d.<\/p>\n<p>Tambi\u00e9n ha recordado que hay una mayor\u00eda silenciosa \u201cque no est\u00e1 de acuerdo con este desvar\u00edo y esta locura\u201d, y que esa mayor\u00eda, que quiere seguir siendo catalana, espa\u00f1ola y europea, triunfar\u00e1, \u201cporque Catalu\u00f1a es mucho m\u00e1s que los separatistas de Catalu\u00f1a\u201d.<\/p>\n<p>As\u00ed, ha denunciado la estrategia de los que no cumplen la ley, que, \u201cest\u00e1n persiguiendo a gente corriente que no est\u00e1 de acuerdo con su estrategia separatista, es el modelo del fascismo, hostigar a los que denuncian lo que est\u00e1n haciendo\u201d.<\/p>\n<p>Durante su intervenci\u00f3n en la apertura del curso pol\u00edtico del PP de Sevilla, que ha tenido lugar en el Parador de Carmona, el dirigente popular ha afirmado que \u201cno hay conducta m\u00e1s alejada de la democracia\u201d que la de los independentistas.<\/p>\n<p><strong>DEFENSA DE LA DEMOCRACIA<\/strong><\/p>\n<p>Ha destacado que lo que est\u00e1 sucediendo en Espa\u00f1a es que \u201chay unos se\u00f1ores que se quieren cargar la democracia y exigir a los ciudadanos que como ellos han cometido delitos ,ellos tambi\u00e9n los cometan\u201d. \u201cNosotros tenemos que denunciar que los separatistas se quieren cargar la democracia, ellos y sus c\u00f3mplices, Otegui, Bildu y tambi\u00e9n Podemos\u201d, ha se\u00f1alado.<\/p>\n<p><strong>APOYO A LOS ALCALDES<\/strong><\/p>\n<p>Tambi\u00e9n ha recordado a los alcaldes, concejales y funcionarios de Catalu\u00f1a, \u201cque est\u00e1n dando la cara por el respeto a la legalidad, sin aceptar presiones y amenazas de los separatistas, neg\u00e1ndose a avalar con sus firmas las ilegalidades que se est\u00e1n cometiendo\u201d, y ha afirmado que hoy \u201cson h\u00e9roes de la democracia en Catalu\u00f1a y Espa\u00f1a\u201d, al tiempo que les ha trasladado el apoyo de todos \u201cqueremos decirles que estamos muy cerca de ellos\u201d, ha destacado.<\/p>\n<p>&nbsp;<\/p>\n","protected":false},"excerpt":{"rendered":"<p>El vicesecretario de Pol\u00edtica Auton\u00f3mica y Local del PP, Javier Arenas, ha asegurado hoy que la Rep\u00fablica del odio a Espa\u00f1a, que est\u00e1n planteando algunos, no va a triunfar, porque el Estado de Derecho \u201cno tolera que se atente contra \u00e9l y tiene instrumentos suficientes\u201d. Tambi\u00e9n ha recordado que hay una mayor\u00eda silenciosa \u201cque no [&hellip;]<\/p>\n","protected":false},"author":1,"featured_media":953002,"comment_status":"closed","ping_status":"closed","sticky":false,"template":"","format":"standard","meta":{"footnotes":""},"categories":[1],"tags":[],"class_list":["post-953001","post","type-post","status-publish","format-standard","has-post-thumbnail","hentry","category-actualidad"],"aioseo_notices":[],"aioseo_head":"\n\t\t<!-- All in One SEO Pro 5.0.1 - aioseo.com -->\n\t<meta name=\"description\" content=\"El vicesecretario de Pol\u00edtica Auton\u00f3mica y Local del PP, Javier Arenas, ha asegurado hoy que la Rep\u00fablica del odio a Espa\u00f1a, que est\u00e1n planteando algunos, no va a triunfar, porque el Estado de Derecho \u201cno tolera que se atente contra \u00e9l y tiene instrumentos suficientes\u201d. Tambi\u00e9n ha recordado que hay una mayor\u00eda silenciosa \u201cque no\" \/>\n\t<meta name=\"robots\" content=\"max-image-preview:large\" \/>\n\t<meta name=\"author\" content=\"El Digital de Asturias\"\/>\n\t<meta name=\"google-site-verification\" content=\"UA-38556648-1\" \/>\n\t<meta name=\"msvalidate.01\" content=\"7dfe9f3f1b24437ab69f4f2559babe99\" \/>\n\t<meta name=\"keywords\" content=\"actualidad\" \/>\n\t<link rel=\"canonical\" href=\"https:\/\/www.eldigitaldeasturias.com\/noticias\/javier-arenas-la-republica-del-odio-a-espana-no-va-a-triunfar\/\" \/>\n\t<meta name=\"generator\" content=\"All in One SEO Pro (AIOSEO) 5.0.1\" \/>\n\t\t<meta property=\"og:locale\" content=\"es_ES\" \/>\n\t\t<meta property=\"og:site_name\" content=\"El Digital de Asturias\" \/>\n\t\t<meta property=\"og:type\" content=\"article\" \/>\n\t\t<meta property=\"og:title\" content=\"Javier Arenas: \u00abLa rep\u00fablica del odio a Espa\u00f1a no va a triunfar\u00bb - El Digital de Asturias\" \/>\n\t\t<meta property=\"og:description\" content=\"El vicesecretario de Pol\u00edtica Auton\u00f3mica y Local del PP, Javier Arenas, ha asegurado hoy que la Rep\u00fablica del odio a Espa\u00f1a, que est\u00e1n planteando algunos, no va a triunfar, porque el Estado de Derecho \u201cno tolera que se atente contra \u00e9l y tiene instrumentos suficientes\u201d. Tambi\u00e9n ha recordado que hay una mayor\u00eda silenciosa \u201cque no\" \/>\n\t\t<meta property=\"og:url\" content=\"https:\/\/www.eldigitaldeasturias.com\/noticias\/javier-arenas-la-republica-del-odio-a-espana-no-va-a-triunfar\/\" \/>\n\t\t<meta property=\"article:tag\" content=\"actualidad\" \/>\n\t\t<meta property=\"article:published_time\" content=\"2017-09-16T17:31:14+00:00\" \/>\n\t\t<meta property=\"article:modified_time\" content=\"2017-09-16T17:31:14+00:00\" \/>\n\t\t<meta property=\"article:publisher\" content=\"https:\/\/facebook.com\/eldigitaldeasturias\" \/>\n\t\t<meta name=\"twitter:card\" content=\"summary_large_image\" \/>\n\t\t<meta name=\"twitter:title\" content=\"Javier Arenas: \u00abLa rep\u00fablica del odio a Espa\u00f1a no va a triunfar\u00bb - El Digital de Asturias\" \/>\n\t\t<meta name=\"twitter:description\" content=\"El vicesecretario de Pol\u00edtica Auton\u00f3mica y Local del PP, Javier Arenas, ha asegurado hoy que la Rep\u00fablica del odio a Espa\u00f1a, que est\u00e1n planteando algunos, no va a triunfar, porque el Estado de Derecho \u201cno tolera que se atente contra \u00e9l y tiene instrumentos suficientes\u201d. Tambi\u00e9n ha recordado que hay una mayor\u00eda silenciosa \u201cque no\" \/>\n\t\t<meta name=\"twitter:image\" content=\"https:\/\/www.eldigitaldeasturias.com\/noticias\/wp-content\/uploads\/2020\/12\/EDA-1.jpg\" \/>\n\t\t<meta name=\"twitter:label1\" content=\"Escrito por\" \/>\n\t\t<meta name=\"twitter:data1\" content=\"El Digital de Asturias\" \/>\n\t\t<meta name=\"twitter:label2\" content=\"Tiempo de lectura estimado\" \/>\n\t\t<meta name=\"twitter:data2\" content=\"2 minutos\" \/>\n\t\t<script type=\"application\/ld+json\" class=\"aioseo-schema\">\n\t\t\t{\"@context\":\"https:\\\/\\\/schema.org\",\"@graph\":[{\"@type\":\"BlogPosting\",\"@id\":\"https:\\\/\\\/www.eldigitaldeasturias.com\\\/noticias\\\/javier-arenas-la-republica-del-odio-a-espana-no-va-a-triunfar\\\/#blogposting\",\"name\":\"Javier Arenas: \\u00abLa rep\\u00fablica del odio a Espa\\u00f1a no va a triunfar\\u00bb - El Digital de Asturias\",\"headline\":\"Javier Arenas: \\u00abLa rep\\u00fablica del odio a Espa\\u00f1a no va a triunfar\\u00bb\",\"author\":{\"@id\":\"https:\\\/\\\/www.eldigitaldeasturias.com\\\/noticias\\\/author\\\/admin\\\/#author\"},\"publisher\":{\"@id\":\"https:\\\/\\\/www.eldigitaldeasturias.com\\\/noticias\\\/#organization\"},\"image\":{\"@type\":\"ImageObject\",\"url\":953002},\"datePublished\":\"2017-09-16T17:31:14+02:00\",\"dateModified\":\"2017-09-16T17:31:14+02:00\",\"inLanguage\":\"es-ES\",\"mainEntityOfPage\":{\"@id\":\"https:\\\/\\\/www.eldigitaldeasturias.com\\\/noticias\\\/javier-arenas-la-republica-del-odio-a-espana-no-va-a-triunfar\\\/#webpage\"},\"isPartOf\":{\"@id\":\"https:\\\/\\\/www.eldigitaldeasturias.com\\\/noticias\\\/javier-arenas-la-republica-del-odio-a-espana-no-va-a-triunfar\\\/#webpage\"},\"articleSection\":\"Actualidad\"},{\"@type\":\"BreadcrumbList\",\"@id\":\"https:\\\/\\\/www.eldigitaldeasturias.com\\\/noticias\\\/javier-arenas-la-republica-del-odio-a-espana-no-va-a-triunfar\\\/#breadcrumblist\",\"itemListElement\":[{\"@type\":\"ListItem\",\"@id\":\"https:\\\/\\\/www.eldigitaldeasturias.com\\\/noticias#listItem\",\"position\":1,\"name\":\"Home\",\"item\":\"https:\\\/\\\/www.eldigitaldeasturias.com\\\/noticias\",\"nextItem\":{\"@type\":\"ListItem\",\"@id\":\"https:\\\/\\\/www.eldigitaldeasturias.com\\\/noticias\\\/category\\\/actualidad\\\/#listItem\",\"name\":\"Actualidad\"}},{\"@type\":\"ListItem\",\"@id\":\"https:\\\/\\\/www.eldigitaldeasturias.com\\\/noticias\\\/category\\\/actualidad\\\/#listItem\",\"position\":2,\"name\":\"Actualidad\",\"item\":\"https:\\\/\\\/www.eldigitaldeasturias.com\\\/noticias\\\/category\\\/actualidad\\\/\",\"nextItem\":{\"@type\":\"ListItem\",\"@id\":\"https:\\\/\\\/www.eldigitaldeasturias.com\\\/noticias\\\/javier-arenas-la-republica-del-odio-a-espana-no-va-a-triunfar\\\/#listItem\",\"name\":\"Javier Arenas: \\u00abLa rep\\u00fablica del odio a Espa\\u00f1a no va a triunfar\\u00bb\"},\"previousItem\":{\"@type\":\"ListItem\",\"@id\":\"https:\\\/\\\/www.eldigitaldeasturias.com\\\/noticias#listItem\",\"name\":\"Home\"}},{\"@type\":\"ListItem\",\"@id\":\"https:\\\/\\\/www.eldigitaldeasturias.com\\\/noticias\\\/javier-arenas-la-republica-del-odio-a-espana-no-va-a-triunfar\\\/#listItem\",\"position\":3,\"name\":\"Javier Arenas: \\u00abLa rep\\u00fablica del odio a Espa\\u00f1a no va a triunfar\\u00bb\",\"previousItem\":{\"@type\":\"ListItem\",\"@id\":\"https:\\\/\\\/www.eldigitaldeasturias.com\\\/noticias\\\/category\\\/actualidad\\\/#listItem\",\"name\":\"Actualidad\"}}]},{\"@type\":\"Organization\",\"@id\":\"https:\\\/\\\/www.eldigitaldeasturias.com\\\/noticias\\\/#organization\",\"name\":\"El Digital de Asturias\",\"description\":\"Hemeroteca\",\"url\":\"https:\\\/\\\/www.eldigitaldeasturias.com\\\/noticias\\\/\",\"email\":\"info@eldigitaldeasturias.com\",\"telephone\":\"+34652131393\",\"logo\":{\"@type\":\"ImageObject\",\"url\":\"https:\\\/\\\/www.eldigitaldeasturias.com\\\/noticias\\\/wp-content\\\/uploads\\\/2020\\\/12\\\/EDA.jpg\",\"@id\":\"https:\\\/\\\/www.eldigitaldeasturias.com\\\/noticias\\\/javier-arenas-la-republica-del-odio-a-espana-no-va-a-triunfar\\\/#organizationLogo\"},\"image\":{\"@id\":\"https:\\\/\\\/www.eldigitaldeasturias.com\\\/noticias\\\/javier-arenas-la-republica-del-odio-a-espana-no-va-a-triunfar\\\/#organizationLogo\"},\"sameAs\":[\"https:\\\/\\\/facebook.com\\\/eldigitaldeasturias\",\"https:\\\/\\\/www.youtube.com\\\/channel\\\/UCZP-2wLEB9Rv6erhFmqVnvg\"],\"address\":{\"@id\":\"https:\\\/\\\/www.eldigitaldeasturias.com\\\/noticias\\\/#postaladdress\",\"@type\":\"PostalAddress\",\"streetAddress\":\"san antonio 4\",\"postalCode\":\"33430\",\"addressLocality\":\"Cand\\u00e1s\",\"addressRegion\":\"Asturias\",\"addressCountry\":\"ES\"}},{\"@type\":\"Person\",\"@id\":\"https:\\\/\\\/www.eldigitaldeasturias.com\\\/noticias\\\/author\\\/admin\\\/#author\",\"url\":\"https:\\\/\\\/www.eldigitaldeasturias.com\\\/noticias\\\/author\\\/admin\\\/\",\"name\":\"El Digital de Asturias\",\"image\":{\"@type\":\"ImageObject\",\"@id\":\"https:\\\/\\\/www.eldigitaldeasturias.com\\\/noticias\\\/javier-arenas-la-republica-del-odio-a-espana-no-va-a-triunfar\\\/#authorImage\",\"url\":\"https:\\\/\\\/secure.gravatar.com\\\/avatar\\\/df2aeffc32bcd13f8d26072ef8a91b623d677766deac7f97ca815868cd41bf5e?s=96&d=mm&r=g\",\"width\":96,\"height\":96,\"caption\":\"El Digital de Asturias\"}},{\"@type\":\"WebPage\",\"@id\":\"https:\\\/\\\/www.eldigitaldeasturias.com\\\/noticias\\\/javier-arenas-la-republica-del-odio-a-espana-no-va-a-triunfar\\\/#webpage\",\"url\":\"https:\\\/\\\/www.eldigitaldeasturias.com\\\/noticias\\\/javier-arenas-la-republica-del-odio-a-espana-no-va-a-triunfar\\\/\",\"name\":\"Javier Arenas: \\u00abLa rep\\u00fablica del odio a Espa\\u00f1a no va a triunfar\\u00bb - El Digital de Asturias\",\"description\":\"El vicesecretario de Pol\\u00edtica Auton\\u00f3mica y Local del PP, Javier Arenas, ha asegurado hoy que la Rep\\u00fablica del odio a Espa\\u00f1a, que est\\u00e1n planteando algunos, no va a triunfar, porque el Estado de Derecho \\u201cno tolera que se atente contra \\u00e9l y tiene instrumentos suficientes\\u201d. Tambi\\u00e9n ha recordado que hay una mayor\\u00eda silenciosa \\u201cque no\",\"inLanguage\":\"es-ES\",\"isPartOf\":{\"@id\":\"https:\\\/\\\/www.eldigitaldeasturias.com\\\/noticias\\\/#website\"},\"breadcrumb\":{\"@id\":\"https:\\\/\\\/www.eldigitaldeasturias.com\\\/noticias\\\/javier-arenas-la-republica-del-odio-a-espana-no-va-a-triunfar\\\/#breadcrumblist\"},\"author\":{\"@id\":\"https:\\\/\\\/www.eldigitaldeasturias.com\\\/noticias\\\/author\\\/admin\\\/#author\"},\"creator\":{\"@id\":\"https:\\\/\\\/www.eldigitaldeasturias.com\\\/noticias\\\/author\\\/admin\\\/#author\"},\"image\":{\"@type\":\"ImageObject\",\"url\":953002,\"@id\":\"https:\\\/\\\/www.eldigitaldeasturias.com\\\/noticias\\\/javier-arenas-la-republica-del-odio-a-espana-no-va-a-triunfar\\\/#mainImage\"},\"primaryImageOfPage\":{\"@id\":\"https:\\\/\\\/www.eldigitaldeasturias.com\\\/noticias\\\/javier-arenas-la-republica-del-odio-a-espana-no-va-a-triunfar\\\/#mainImage\"},\"datePublished\":\"2017-09-16T17:31:14+02:00\",\"dateModified\":\"2017-09-16T17:31:14+02:00\"},{\"@type\":\"WebSite\",\"@id\":\"https:\\\/\\\/www.eldigitaldeasturias.com\\\/noticias\\\/#website\",\"url\":\"https:\\\/\\\/www.eldigitaldeasturias.com\\\/noticias\\\/\",\"name\":\"El Digital de Asturias - Diario de actualidad y noticias\",\"alternateName\":\"El Digital de Asturias - Diario de actualidad y noticias\",\"description\":\"Hemeroteca\",\"inLanguage\":\"es-ES\",\"publisher\":{\"@id\":\"https:\\\/\\\/www.eldigitaldeasturias.com\\\/noticias\\\/#organization\"}}]}\n\t\t<\/script>\n\t\t<!-- All in One SEO Pro -->\r\n\t\t<title>Javier Arenas: \u00abLa rep\u00fablica del odio a Espa\u00f1a no va a triunfar\u00bb - El Digital de Asturias<\/title>\n\n","aioseo_head_json":{"title":"Javier Arenas: \u00abLa rep\u00fablica del odio a Espa\u00f1a no va a triunfar\u00bb - El Digital de Asturias","description":"El vicesecretario de Pol\u00edtica Auton\u00f3mica y Local del PP, Javier Arenas, ha asegurado hoy que la Rep\u00fablica del odio a Espa\u00f1a, que est\u00e1n planteando algunos, no va a triunfar, porque el Estado de Derecho \u201cno tolera que se atente contra \u00e9l y tiene instrumentos suficientes\u201d. Tambi\u00e9n ha recordado que hay una mayor\u00eda silenciosa \u201cque no","canonical_url":"https:\/\/www.eldigitaldeasturias.com\/noticias\/javier-arenas-la-republica-del-odio-a-espana-no-va-a-triunfar\/","robots":"max-image-preview:large","keywords":"actualidad","webmasterTools":{"google-site-verification":"UA-38556648-1","msvalidate.01":"7dfe9f3f1b24437ab69f4f2559babe99","miscellaneous":""},"schema":{"@context":"https:\/\/schema.org","@graph":[{"@type":"BlogPosting","@id":"https:\/\/www.eldigitaldeasturias.com\/noticias\/javier-arenas-la-republica-del-odio-a-espana-no-va-a-triunfar\/#blogposting","name":"Javier Arenas: \u00abLa rep\u00fablica del odio a Espa\u00f1a no va a triunfar\u00bb - El Digital de Asturias","headline":"Javier Arenas: \u00abLa rep\u00fablica del odio a Espa\u00f1a no va a triunfar\u00bb","author":{"@id":"https:\/\/www.eldigitaldeasturias.com\/noticias\/author\/admin\/#author"},"publisher":{"@id":"https:\/\/www.eldigitaldeasturias.com\/noticias\/#organization"},"image":{"@type":"ImageObject","url":953002},"datePublished":"2017-09-16T17:31:14+02:00","dateModified":"2017-09-16T17:31:14+02:00","inLanguage":"es-ES","mainEntityOfPage":{"@id":"https:\/\/www.eldigitaldeasturias.com\/noticias\/javier-arenas-la-republica-del-odio-a-espana-no-va-a-triunfar\/#webpage"},"isPartOf":{"@id":"https:\/\/www.eldigitaldeasturias.com\/noticias\/javier-arenas-la-republica-del-odio-a-espana-no-va-a-triunfar\/#webpage"},"articleSection":"Actualidad"},{"@type":"BreadcrumbList","@id":"https:\/\/www.eldigitaldeasturias.com\/noticias\/javier-arenas-la-republica-del-odio-a-espana-no-va-a-triunfar\/#breadcrumblist","itemListElement":[{"@type":"ListItem","@id":"https:\/\/www.eldigitaldeasturias.com\/noticias#listItem","position":1,"name":"Home","item":"https:\/\/www.eldigitaldeasturias.com\/noticias","nextItem":{"@type":"ListItem","@id":"https:\/\/www.eldigitaldeasturias.com\/noticias\/category\/actualidad\/#listItem","name":"Actualidad"}},{"@type":"ListItem","@id":"https:\/\/www.eldigitaldeasturias.com\/noticias\/category\/actualidad\/#listItem","position":2,"name":"Actualidad","item":"https:\/\/www.eldigitaldeasturias.com\/noticias\/category\/actualidad\/","nextItem":{"@type":"ListItem","@id":"https:\/\/www.eldigitaldeasturias.com\/noticias\/javier-arenas-la-republica-del-odio-a-espana-no-va-a-triunfar\/#listItem","name":"Javier Arenas: \u00abLa rep\u00fablica del odio a Espa\u00f1a no va a triunfar\u00bb"},"previousItem":{"@type":"ListItem","@id":"https:\/\/www.eldigitaldeasturias.com\/noticias#listItem","name":"Home"}},{"@type":"ListItem","@id":"https:\/\/www.eldigitaldeasturias.com\/noticias\/javier-arenas-la-republica-del-odio-a-espana-no-va-a-triunfar\/#listItem","position":3,"name":"Javier Arenas: \u00abLa rep\u00fablica del odio a Espa\u00f1a no va a triunfar\u00bb","previousItem":{"@type":"ListItem","@id":"https:\/\/www.eldigitaldeasturias.com\/noticias\/category\/actualidad\/#listItem","name":"Actualidad"}}]},{"@type":"Organization","@id":"https:\/\/www.eldigitaldeasturias.com\/noticias\/#organization","name":"El Digital de Asturias","description":"Hemeroteca","url":"https:\/\/www.eldigitaldeasturias.com\/noticias\/","email":"info@eldigitaldeasturias.com","telephone":"+34652131393","logo":{"@type":"ImageObject","url":"https:\/\/www.eldigitaldeasturias.com\/noticias\/wp-content\/uploads\/2020\/12\/EDA.jpg","@id":"https:\/\/www.eldigitaldeasturias.com\/noticias\/javier-arenas-la-republica-del-odio-a-espana-no-va-a-triunfar\/#organizationLogo"},"image":{"@id":"https:\/\/www.eldigitaldeasturias.com\/noticias\/javier-arenas-la-republica-del-odio-a-espana-no-va-a-triunfar\/#organizationLogo"},"sameAs":["https:\/\/facebook.com\/eldigitaldeasturias","https:\/\/www.youtube.com\/channel\/UCZP-2wLEB9Rv6erhFmqVnvg"],"address":{"@id":"https:\/\/www.eldigitaldeasturias.com\/noticias\/#postaladdress","@type":"PostalAddress","streetAddress":"san antonio 4","postalCode":"33430","addressLocality":"Cand\u00e1s","addressRegion":"Asturias","addressCountry":"ES"}},{"@type":"Person","@id":"https:\/\/www.eldigitaldeasturias.com\/noticias\/author\/admin\/#author","url":"https:\/\/www.eldigitaldeasturias.com\/noticias\/author\/admin\/","name":"El Digital de Asturias","image":{"@type":"ImageObject","@id":"https:\/\/www.eldigitaldeasturias.com\/noticias\/javier-arenas-la-republica-del-odio-a-espana-no-va-a-triunfar\/#authorImage","url":"https:\/\/secure.gravatar.com\/avatar\/df2aeffc32bcd13f8d26072ef8a91b623d677766deac7f97ca815868cd41bf5e?s=96&d=mm&r=g","width":96,"height":96,"caption":"El Digital de Asturias"}},{"@type":"WebPage","@id":"https:\/\/www.eldigitaldeasturias.com\/noticias\/javier-arenas-la-republica-del-odio-a-espana-no-va-a-triunfar\/#webpage","url":"https:\/\/www.eldigitaldeasturias.com\/noticias\/javier-arenas-la-republica-del-odio-a-espana-no-va-a-triunfar\/","name":"Javier Arenas: \u00abLa rep\u00fablica del odio a Espa\u00f1a no va a triunfar\u00bb - El Digital de Asturias","description":"El vicesecretario de Pol\u00edtica Auton\u00f3mica y Local del PP, Javier Arenas, ha asegurado hoy que la Rep\u00fablica del odio a Espa\u00f1a, que est\u00e1n planteando algunos, no va a triunfar, porque el Estado de Derecho \u201cno tolera que se atente contra \u00e9l y tiene instrumentos suficientes\u201d. Tambi\u00e9n ha recordado que hay una mayor\u00eda silenciosa \u201cque no","inLanguage":"es-ES","isPartOf":{"@id":"https:\/\/www.eldigitaldeasturias.com\/noticias\/#website"},"breadcrumb":{"@id":"https:\/\/www.eldigitaldeasturias.com\/noticias\/javier-arenas-la-republica-del-odio-a-espana-no-va-a-triunfar\/#breadcrumblist"},"author":{"@id":"https:\/\/www.eldigitaldeasturias.com\/noticias\/author\/admin\/#author"},"creator":{"@id":"https:\/\/www.eldigitaldeasturias.com\/noticias\/author\/admin\/#author"},"image":{"@type":"ImageObject","url":953002,"@id":"https:\/\/www.eldigitaldeasturias.com\/noticias\/javier-arenas-la-republica-del-odio-a-espana-no-va-a-triunfar\/#mainImage"},"primaryImageOfPage":{"@id":"https:\/\/www.eldigitaldeasturias.com\/noticias\/javier-arenas-la-republica-del-odio-a-espana-no-va-a-triunfar\/#mainImage"},"datePublished":"2017-09-16T17:31:14+02:00","dateModified":"2017-09-16T17:31:14+02:00"},{"@type":"WebSite","@id":"https:\/\/www.eldigitaldeasturias.com\/noticias\/#website","url":"https:\/\/www.eldigitaldeasturias.com\/noticias\/","name":"El Digital de Asturias - Diario de actualidad y noticias","alternateName":"El Digital de Asturias - Diario de actualidad y noticias","description":"Hemeroteca","inLanguage":"es-ES","publisher":{"@id":"https:\/\/www.eldigitaldeasturias.com\/noticias\/#organization"}}]},"og:locale":"es_ES","og:site_name":"El Digital de Asturias","og:type":"article","og:title":"Javier Arenas: \u00abLa rep\u00fablica del odio a Espa\u00f1a no va a triunfar\u00bb - El Digital de Asturias","og:description":"El vicesecretario de Pol\u00edtica Auton\u00f3mica y Local del PP, Javier Arenas, ha asegurado hoy que la Rep\u00fablica del odio a Espa\u00f1a, que est\u00e1n planteando algunos, no va a triunfar, porque el Estado de Derecho \u201cno tolera que se atente contra \u00e9l y tiene instrumentos suficientes\u201d. Tambi\u00e9n ha recordado que hay una mayor\u00eda silenciosa \u201cque no","og:url":"https:\/\/www.eldigitaldeasturias.com\/noticias\/javier-arenas-la-republica-del-odio-a-espana-no-va-a-triunfar\/","article:tag":["actualidad"],"article:published_time":"2017-09-16T17:31:14+00:00","article:modified_time":"2017-09-16T17:31:14+00:00","article:publisher":"https:\/\/facebook.com\/eldigitaldeasturias","twitter:card":"summary_large_image","twitter:title":"Javier Arenas: \u00abLa rep\u00fablica del odio a Espa\u00f1a no va a triunfar\u00bb - El Digital de Asturias","twitter:description":"El vicesecretario de Pol\u00edtica Auton\u00f3mica y Local del PP, Javier Arenas, ha asegurado hoy que la Rep\u00fablica del odio a Espa\u00f1a, que est\u00e1n planteando algunos, no va a triunfar, porque el Estado de Derecho \u201cno tolera que se atente contra \u00e9l y tiene instrumentos suficientes\u201d. Tambi\u00e9n ha recordado que hay una mayor\u00eda silenciosa \u201cque no","twitter:image":"https:\/\/www.eldigitaldeasturias.com\/noticias\/wp-content\/uploads\/2020\/12\/EDA-1.jpg","twitter:label1":"Escrito por","twitter:data1":"El Digital de Asturias","twitter:label2":"Tiempo de lectura estimado","twitter:data2":"2 minutos"},"aioseo_meta_data":{"post_id":"953001","title":null,"description":null,"keywords":null,"keyphrases":null,"primary_term":null,"canonical_url":null,"og_title":null,"og_description":null,"og_object_type":"default","og_image_type":"default","og_image_url":null,"og_image_width":null,"og_image_height":null,"og_image_custom_url":null,"og_image_custom_fields":null,"og_video":null,"og_custom_url":null,"og_article_section":null,"og_article_tags":null,"twitter_use_og":false,"twitter_card":"default","twitter_image_type":"default","twitter_image_url":null,"twitter_image_custom_url":null,"twitter_image_custom_fields":null,"twitter_title":null,"twitter_description":null,"schema":{"blockGraphs":[],"customGraphs":[],"default":{"data":{"Article":[],"Course":[],"Dataset":[],"FAQPage":[],"Movie":[],"Person":[],"Product":[],"ProductReview":[],"Car":[],"Recipe":[],"Service":[],"SoftwareApplication":[],"WebPage":[]},"graphName":"","isEnabled":true},"graphs":[],"defaultGraph":"","defaultPostTypeGraph":""},"schema_type":null,"schema_type_options":null,"pillar_content":false,"robots_default":true,"robots_noindex":false,"robots_noarchive":false,"robots_nosnippet":false,"robots_nofollow":false,"robots_noimageindex":false,"robots_noodp":false,"robots_notranslate":false,"robots_max_snippet":null,"robots_max_videopreview":null,"robots_max_imagepreview":"large","priority":null,"frequency":null,"local_seo":null,"seo_analyzer_scan_date":"2025-12-06 00:53:49","breadcrumb_settings":null,"limit_modified_date":false,"open_ai":null,"ai":null,"created":"2020-12-21 12:57:32","updated":"2025-12-06 00:53:49","focus_keyword":null,"additional_keywords":null,"truseo_locale":null},"aioseo_breadcrumb":"<div class=\"aioseo-breadcrumbs\"><span class=\"aioseo-breadcrumb\">\n\t<a href=\"https:\/\/www.eldigitaldeasturias.com\/noticias\" title=\"Home\">Home<\/a>\n<\/span><span class=\"aioseo-breadcrumb-separator\">\u2013<\/span><span class=\"aioseo-breadcrumb\">\n\t<a href=\"https:\/\/www.eldigitaldeasturias.com\/noticias\/category\/actualidad\/\" title=\"Actualidad\">Actualidad<\/a>\n<\/span><span class=\"aioseo-breadcrumb-separator\">\u2013<\/span><span class=\"aioseo-breadcrumb\">\n\t<a href=\"https:\/\/www.eldigitaldeasturias.com\/noticias\/javier-arenas-la-republica-del-odio-a-espana-no-va-a-triunfar\/\" title=\"Javier Arenas: \u00abLa rep\u00fablica del odio a Espa\u00f1a no va a triunfar\u00bb\">Javier Arenas: \u00abLa rep\u00fablica del odio a Espa\u00f1a no va a triunfar\u00bb<\/a>\n<\/span><\/div>","aioseo_breadcrumb_json":[{"label":"Home","link":"https:\/\/www.eldigitaldeasturias.com\/noticias"},{"label":"Actualidad","link":"https:\/\/www.eldigitaldeasturias.com\/noticias\/category\/actualidad\/"},{"label":"Javier Arenas: \u00abLa rep\u00fablica del odio a Espa\u00f1a no va a triunfar\u00bb","link":"https:\/\/www.eldigitaldeasturias.com\/noticias\/javier-arenas-la-republica-del-odio-a-espana-no-va-a-triunfar\/"}],"_links":{"self":[{"href":"https:\/\/www.eldigitaldeasturias.com\/noticias\/wp-json\/wp\/v2\/posts\/953001","targetHints":{"allow":["GET"]}}],"collection":[{"href":"https:\/\/www.eldigitaldeasturias.com\/noticias\/wp-json\/wp\/v2\/posts"}],"about":[{"href":"https:\/\/www.eldigitaldeasturias.com\/noticias\/wp-json\/wp\/v2\/types\/post"}],"author":[{"embeddable":true,"href":"https:\/\/www.eldigitaldeasturias.com\/noticias\/wp-json\/wp\/v2\/users\/1"}],"replies":[{"embeddable":true,"href":"https:\/\/www.eldigitaldeasturias.com\/noticias\/wp-json\/wp\/v2\/comments?post=953001"}],"version-history":[{"count":0,"href":"https:\/\/www.eldigitaldeasturias.com\/noticias\/wp-json\/wp\/v2\/posts\/953001\/revisions"}],"wp:attachment":[{"href":"https:\/\/www.eldigitaldeasturias.com\/noticias\/wp-json\/wp\/v2\/media?parent=953001"}],"wp:term":[{"taxonomy":"category","embeddable":true,"href":"https:\/\/www.eldigitaldeasturias.com\/noticias\/wp-json\/wp\/v2\/categories?post=953001"},{"taxonomy":"post_tag","embeddable":true,"href":"https:\/\/www.eldigitaldeasturias.com\/noticias\/wp-json\/wp\/v2\/tags?post=953001"}],"curies":[{"name":"wp","href":"https:\/\/api.w.org\/{rel}","templated":true}]}}