{"id":952971,"date":"2017-09-16T16:24:07","date_gmt":"2017-09-16T16:24:07","guid":{"rendered":"http:\/\/www.eldigitaldeasturias.com\/noticias\/?p=952971"},"modified":"2017-09-16T16:24:07","modified_gmt":"2017-09-16T16:24:07","slug":"vox-consolida-su-relacion-con-la-derecha-alternativa-europea","status":"publish","type":"post","link":"https:\/\/www.eldigitaldeasturias.com\/noticias\/vox-consolida-su-relacion-con-la-derecha-alternativa-europea\/","title":{"rendered":"VOX consolida su relaci\u00f3n con la derecha alternativa europea"},"content":{"rendered":"<p><img loading=\"lazy\" decoding=\"async\" class=\"alignleft size-medium wp-image-952972\" src=\"https:\/\/www.eldigitaldeasturias.com\/noticias\/wp-content\/uploads\/2017\/09\/VOX-NOTA-360x174.jpg\" alt=\"\" width=\"360\" height=\"174\" \/>La Oficina del Parlamento Europeo de Madrid ha acogido un coloquio internacional con la presencia de doce representantes de partidos del Eurogrupo Europa de las Naciones y las Libertades y otros participantes como Rafael Bardaj\u00ed, miembro de GEES (Grupo de Estudios Estrat\u00e9gicos) y ex asesor de los gobiernos de Jos\u00e9 Mar\u00eda Aznar en materia de Defensa.<\/p>\n<p>La conferencia, titulada \u00abPost-Bruselas, para una construcci\u00f3n pol\u00edtica de la Europa de las naciones\u00bb, ha servido para afianzar las relaciones de VOX con partidos que formar parte del Eurogrupo Europa de las Naciones y las Libertades.<\/p>\n<p>Santiago Abascal ha mantenido un encuentro con Nicolas Bay, secretario general del Frente Nacional y presidente del citado eurogrupo, con quien ha podido analizar el futuro de la Uni\u00f3n Europa, la amenaza del islamismo y el avance en la colaboraci\u00f3n entre VOX y los diferentes partidos del eurogrupo citado anteriormente.<\/p>\n<p>Nicolas Bay ha declarado que \u00abla inmigraci\u00f3n masiva, tal como la conocemos hoy en d\u00eda, amenaza la esencia de cada una de nuestras naciones\u00bb y ha a\u00f1adido que \u00abcuando Espa\u00f1a lucha contra la inmigraci\u00f3n ilegal, ella defiende a todas las Naciones de Europa\u00bb.<\/p>\n<p>Santiago Abascal ha explicado \u00abla necesidad de hacer que prevalezca nuestro modelo de civilizaci\u00f3n, incompatible con el discurso totalitario que realizan los imanes salafistas\u00bb. Y le ha detallado las propuestas de VOX en este terreno: \u00abcierre de las mezquitas fundamentalistas y la expulsi\u00f3n de los imanes que no condenen el yihadismo; la retirada de la nacionalidad y expulsi\u00f3n de Europa de quienes muestren por cualquier medio su apoyo al fundamentalismo isl\u00e1mico, el endurecimiento penal, hasta la cadena perpetua efectiva, para los terroristas yihadista; iniciativas internacionales de intervenci\u00f3n militar contra el Califato Isl\u00e1mico; la suspensi\u00f3n de alianzas con reg\u00edmenes sospechosos de financiar la yihad o expandir el islam fundamentalista; un cambio dr\u00e1stico en pol\u00edtica sobre refugiados priorizando refugiados cristianos, yazad\u00edes y otras minor\u00edas perseguidas, y con la oposici\u00f3n a la entrada de Turqu\u00eda (donde se engorda la yihad) en Europa, evitando as\u00ed que la UE sea fronteriza con Siria e Irak\u00bb.<\/p>\n<p><strong>VOX y el Frente Nacional franc\u00e9s<\/strong><\/p>\n<p>VOX ha mantenido encuentros con partidos europeos que sostienen puntos coincidentes sobre el \u201cdiagn\u00f3stico\u201d de los problemas que sufre Europa y el posible \u201ctratamiento pol\u00edtico\u201d que se debe aplicar. Estos puntos coincidentes son la defensa de los intereses nacionales frente a los organismos supranacionales, el mayor control de las fronteras y de la inmigraci\u00f3n masiva y la importancia de garantizar las identidades nacionales de los estados miembros de la UE.<\/p>\n<p>En este contexto, VOX ha avanzado en los \u00faltimos meses estas relaciones y abriendo perspectiva de colaboraciones futuras con estos partidos. El 21 de enero de este a\u00f1o, Santiago Abascal particip\u00f3 en la cumbre \u00abLibertad para Europa\u201d, en Coblenza, junto a los l\u00edderes de los partidos integrados en el grupo \u201cEuropa de las Naciones y de las Libertades\u201d del Parlamento Europeo, entre los que caben destacar Marine Le Pen, del Frente Nacional franc\u00e9s, Frauke Petry, de Alternativa por Alemania, y Geert Wilders, del partido holand\u00e9s PVV (Partido de la Libertad).<\/p>\n<p>En el caso del Frente Nacional Franc\u00e9s, respetando las diferencias y centr\u00e1ndose en los puntos coincidentes, una delegaci\u00f3n de VOX mantuvo, el d\u00eda 9 de noviembre de 2016, una reuni\u00f3n con Louis Aliot, vicepresidente del partido Frente Nacional franc\u00e9s en el Parlamento Europeo de Bruselas (B\u00e9lgica) como punto de partida de estas relaciones y el pasado 25 de febrero Edouard Ferrand, vicepresidente del Eurogrupo Europa de las Naciones y de las Libertades y Miembro del Comit\u00e9 Pol\u00edtico del Front National franc\u00e9s, particip\u00f3 en la conferencia \u201cLa nueva era en la pol\u00edtica mundial\u201d del Campus de Invierno de VOX que el partido celebr\u00f3 en Burgos. Durante la conferencia, Edouard Ferrand afirm\u00f3: \u201cEs cr\u00edtico que el pueblo espa\u00f1ol desarrolle y expanda un verdadero movimiento popular al servicio de su soberan\u00eda y de su identidad. Y eso se har\u00e1 aqu\u00ed con VOX. Amigos de VOX, no est\u00e1is solos. Somos capaces hoy por hoy, con el grupo Europa de las Naciones y de las Libertades en el Parlamento Europeo, con el Movimiento por una Europa de las Naciones y de las Libertades, de proponer un proyecto europeo totalmente alternativo a la Europa mundialista de Bruselas\u201d.<\/p>\n<p>Finalmente, el 17 de abril de 2017, Santiago Abascal, junto a varios miembros del Comit\u00e9 Ejecutivo Nacional (CEN) de VOX, mantuvo un encuentro con Marine Le Pen en la ciudad francesa de Perpi\u00f1\u00e1n durante la campa\u00f1a electoral de las elecciones francesas.<\/p>\n<p>&nbsp;<\/p>\n","protected":false},"excerpt":{"rendered":"<p>La Oficina del Parlamento Europeo de Madrid ha acogido un coloquio internacional con la presencia de doce representantes de partidos del Eurogrupo Europa de las Naciones y las Libertades y otros participantes como Rafael Bardaj\u00ed, miembro de GEES (Grupo de Estudios Estrat\u00e9gicos) y ex asesor de los gobiernos de Jos\u00e9 Mar\u00eda Aznar en materia de [&hellip;]<\/p>\n","protected":false},"author":1,"featured_media":952972,"comment_status":"closed","ping_status":"closed","sticky":false,"template":"","format":"standard","meta":{"footnotes":""},"categories":[1],"tags":[],"class_list":["post-952971","post","type-post","status-publish","format-standard","has-post-thumbnail","hentry","category-actualidad"],"aioseo_notices":[],"aioseo_head":"\n\t\t<!-- All in One SEO Pro 5.0.1 - aioseo.com -->\n\t<meta name=\"description\" content=\"La Oficina del Parlamento Europeo de Madrid ha acogido un coloquio internacional con la presencia de doce representantes de partidos del Eurogrupo Europa de las Naciones y las Libertades y otros participantes como Rafael Bardaj\u00ed, miembro de GEES (Grupo de Estudios Estrat\u00e9gicos) y ex asesor de los gobiernos de Jos\u00e9 Mar\u00eda Aznar en materia de\" \/>\n\t<meta name=\"robots\" content=\"max-image-preview:large\" \/>\n\t<meta name=\"author\" content=\"El Digital de Asturias\"\/>\n\t<meta name=\"google-site-verification\" content=\"UA-38556648-1\" \/>\n\t<meta name=\"msvalidate.01\" content=\"7dfe9f3f1b24437ab69f4f2559babe99\" \/>\n\t<meta name=\"keywords\" content=\"actualidad\" \/>\n\t<link rel=\"canonical\" href=\"https:\/\/www.eldigitaldeasturias.com\/noticias\/vox-consolida-su-relacion-con-la-derecha-alternativa-europea\/\" \/>\n\t<meta name=\"generator\" content=\"All in One SEO Pro (AIOSEO) 5.0.1\" \/>\n\t\t<meta property=\"og:locale\" content=\"es_ES\" \/>\n\t\t<meta property=\"og:site_name\" content=\"El Digital de Asturias\" \/>\n\t\t<meta property=\"og:type\" content=\"article\" \/>\n\t\t<meta property=\"og:title\" content=\"VOX consolida su relaci\u00f3n con la derecha alternativa europea - El Digital de Asturias\" \/>\n\t\t<meta property=\"og:description\" content=\"La Oficina del Parlamento Europeo de Madrid ha acogido un coloquio internacional con la presencia de doce representantes de partidos del Eurogrupo Europa de las Naciones y las Libertades y otros participantes como Rafael Bardaj\u00ed, miembro de GEES (Grupo de Estudios Estrat\u00e9gicos) y ex asesor de los gobiernos de Jos\u00e9 Mar\u00eda Aznar en materia de\" \/>\n\t\t<meta property=\"og:url\" content=\"https:\/\/www.eldigitaldeasturias.com\/noticias\/vox-consolida-su-relacion-con-la-derecha-alternativa-europea\/\" \/>\n\t\t<meta property=\"article:tag\" content=\"actualidad\" \/>\n\t\t<meta property=\"article:published_time\" content=\"2017-09-16T16:24:07+00:00\" \/>\n\t\t<meta property=\"article:modified_time\" content=\"2017-09-16T16:24:07+00:00\" \/>\n\t\t<meta property=\"article:publisher\" content=\"https:\/\/facebook.com\/eldigitaldeasturias\" \/>\n\t\t<meta name=\"twitter:card\" content=\"summary_large_image\" \/>\n\t\t<meta name=\"twitter:title\" content=\"VOX consolida su relaci\u00f3n con la derecha alternativa europea - El Digital de Asturias\" \/>\n\t\t<meta name=\"twitter:description\" content=\"La Oficina del Parlamento Europeo de Madrid ha acogido un coloquio internacional con la presencia de doce representantes de partidos del Eurogrupo Europa de las Naciones y las Libertades y otros participantes como Rafael Bardaj\u00ed, miembro de GEES (Grupo de Estudios Estrat\u00e9gicos) y ex asesor de los gobiernos de Jos\u00e9 Mar\u00eda Aznar en materia de\" \/>\n\t\t<meta name=\"twitter:image\" content=\"https:\/\/www.eldigitaldeasturias.com\/noticias\/wp-content\/uploads\/2020\/12\/EDA-1.jpg\" \/>\n\t\t<meta name=\"twitter:label1\" content=\"Escrito por\" \/>\n\t\t<meta name=\"twitter:data1\" content=\"El Digital de Asturias\" \/>\n\t\t<meta name=\"twitter:label2\" content=\"Tiempo de lectura estimado\" \/>\n\t\t<meta name=\"twitter:data2\" content=\"4 minutos\" \/>\n\t\t<script type=\"application\/ld+json\" class=\"aioseo-schema\">\n\t\t\t{\"@context\":\"https:\\\/\\\/schema.org\",\"@graph\":[{\"@type\":\"BlogPosting\",\"@id\":\"https:\\\/\\\/www.eldigitaldeasturias.com\\\/noticias\\\/vox-consolida-su-relacion-con-la-derecha-alternativa-europea\\\/#blogposting\",\"name\":\"VOX consolida su relaci\\u00f3n con la derecha alternativa europea - El Digital de Asturias\",\"headline\":\"VOX consolida su relaci\\u00f3n con la derecha alternativa europea\",\"author\":{\"@id\":\"https:\\\/\\\/www.eldigitaldeasturias.com\\\/noticias\\\/author\\\/admin\\\/#author\"},\"publisher\":{\"@id\":\"https:\\\/\\\/www.eldigitaldeasturias.com\\\/noticias\\\/#organization\"},\"image\":{\"@type\":\"ImageObject\",\"url\":952972},\"datePublished\":\"2017-09-16T16:24:07+02:00\",\"dateModified\":\"2017-09-16T16:24:07+02:00\",\"inLanguage\":\"es-ES\",\"mainEntityOfPage\":{\"@id\":\"https:\\\/\\\/www.eldigitaldeasturias.com\\\/noticias\\\/vox-consolida-su-relacion-con-la-derecha-alternativa-europea\\\/#webpage\"},\"isPartOf\":{\"@id\":\"https:\\\/\\\/www.eldigitaldeasturias.com\\\/noticias\\\/vox-consolida-su-relacion-con-la-derecha-alternativa-europea\\\/#webpage\"},\"articleSection\":\"Actualidad\"},{\"@type\":\"BreadcrumbList\",\"@id\":\"https:\\\/\\\/www.eldigitaldeasturias.com\\\/noticias\\\/vox-consolida-su-relacion-con-la-derecha-alternativa-europea\\\/#breadcrumblist\",\"itemListElement\":[{\"@type\":\"ListItem\",\"@id\":\"https:\\\/\\\/www.eldigitaldeasturias.com\\\/noticias#listItem\",\"position\":1,\"name\":\"Home\",\"item\":\"https:\\\/\\\/www.eldigitaldeasturias.com\\\/noticias\",\"nextItem\":{\"@type\":\"ListItem\",\"@id\":\"https:\\\/\\\/www.eldigitaldeasturias.com\\\/noticias\\\/category\\\/actualidad\\\/#listItem\",\"name\":\"Actualidad\"}},{\"@type\":\"ListItem\",\"@id\":\"https:\\\/\\\/www.eldigitaldeasturias.com\\\/noticias\\\/category\\\/actualidad\\\/#listItem\",\"position\":2,\"name\":\"Actualidad\",\"item\":\"https:\\\/\\\/www.eldigitaldeasturias.com\\\/noticias\\\/category\\\/actualidad\\\/\",\"nextItem\":{\"@type\":\"ListItem\",\"@id\":\"https:\\\/\\\/www.eldigitaldeasturias.com\\\/noticias\\\/vox-consolida-su-relacion-con-la-derecha-alternativa-europea\\\/#listItem\",\"name\":\"VOX consolida su relaci\\u00f3n con la derecha alternativa europea\"},\"previousItem\":{\"@type\":\"ListItem\",\"@id\":\"https:\\\/\\\/www.eldigitaldeasturias.com\\\/noticias#listItem\",\"name\":\"Home\"}},{\"@type\":\"ListItem\",\"@id\":\"https:\\\/\\\/www.eldigitaldeasturias.com\\\/noticias\\\/vox-consolida-su-relacion-con-la-derecha-alternativa-europea\\\/#listItem\",\"position\":3,\"name\":\"VOX consolida su relaci\\u00f3n con la derecha alternativa europea\",\"previousItem\":{\"@type\":\"ListItem\",\"@id\":\"https:\\\/\\\/www.eldigitaldeasturias.com\\\/noticias\\\/category\\\/actualidad\\\/#listItem\",\"name\":\"Actualidad\"}}]},{\"@type\":\"Organization\",\"@id\":\"https:\\\/\\\/www.eldigitaldeasturias.com\\\/noticias\\\/#organization\",\"name\":\"El Digital de Asturias\",\"description\":\"Hemeroteca\",\"url\":\"https:\\\/\\\/www.eldigitaldeasturias.com\\\/noticias\\\/\",\"email\":\"info@eldigitaldeasturias.com\",\"telephone\":\"+34652131393\",\"logo\":{\"@type\":\"ImageObject\",\"url\":\"https:\\\/\\\/www.eldigitaldeasturias.com\\\/noticias\\\/wp-content\\\/uploads\\\/2020\\\/12\\\/EDA.jpg\",\"@id\":\"https:\\\/\\\/www.eldigitaldeasturias.com\\\/noticias\\\/vox-consolida-su-relacion-con-la-derecha-alternativa-europea\\\/#organizationLogo\"},\"image\":{\"@id\":\"https:\\\/\\\/www.eldigitaldeasturias.com\\\/noticias\\\/vox-consolida-su-relacion-con-la-derecha-alternativa-europea\\\/#organizationLogo\"},\"sameAs\":[\"https:\\\/\\\/facebook.com\\\/eldigitaldeasturias\",\"https:\\\/\\\/www.youtube.com\\\/channel\\\/UCZP-2wLEB9Rv6erhFmqVnvg\"],\"address\":{\"@id\":\"https:\\\/\\\/www.eldigitaldeasturias.com\\\/noticias\\\/#postaladdress\",\"@type\":\"PostalAddress\",\"streetAddress\":\"san antonio 4\",\"postalCode\":\"33430\",\"addressLocality\":\"Cand\\u00e1s\",\"addressRegion\":\"Asturias\",\"addressCountry\":\"ES\"}},{\"@type\":\"Person\",\"@id\":\"https:\\\/\\\/www.eldigitaldeasturias.com\\\/noticias\\\/author\\\/admin\\\/#author\",\"url\":\"https:\\\/\\\/www.eldigitaldeasturias.com\\\/noticias\\\/author\\\/admin\\\/\",\"name\":\"El Digital de Asturias\",\"image\":{\"@type\":\"ImageObject\",\"@id\":\"https:\\\/\\\/www.eldigitaldeasturias.com\\\/noticias\\\/vox-consolida-su-relacion-con-la-derecha-alternativa-europea\\\/#authorImage\",\"url\":\"https:\\\/\\\/secure.gravatar.com\\\/avatar\\\/df2aeffc32bcd13f8d26072ef8a91b623d677766deac7f97ca815868cd41bf5e?s=96&d=mm&r=g\",\"width\":96,\"height\":96,\"caption\":\"El Digital de Asturias\"}},{\"@type\":\"WebPage\",\"@id\":\"https:\\\/\\\/www.eldigitaldeasturias.com\\\/noticias\\\/vox-consolida-su-relacion-con-la-derecha-alternativa-europea\\\/#webpage\",\"url\":\"https:\\\/\\\/www.eldigitaldeasturias.com\\\/noticias\\\/vox-consolida-su-relacion-con-la-derecha-alternativa-europea\\\/\",\"name\":\"VOX consolida su relaci\\u00f3n con la derecha alternativa europea - El Digital de Asturias\",\"description\":\"La Oficina del Parlamento Europeo de Madrid ha acogido un coloquio internacional con la presencia de doce representantes de partidos del Eurogrupo Europa de las Naciones y las Libertades y otros participantes como Rafael Bardaj\\u00ed, miembro de GEES (Grupo de Estudios Estrat\\u00e9gicos) y ex asesor de los gobiernos de Jos\\u00e9 Mar\\u00eda Aznar en materia de\",\"inLanguage\":\"es-ES\",\"isPartOf\":{\"@id\":\"https:\\\/\\\/www.eldigitaldeasturias.com\\\/noticias\\\/#website\"},\"breadcrumb\":{\"@id\":\"https:\\\/\\\/www.eldigitaldeasturias.com\\\/noticias\\\/vox-consolida-su-relacion-con-la-derecha-alternativa-europea\\\/#breadcrumblist\"},\"author\":{\"@id\":\"https:\\\/\\\/www.eldigitaldeasturias.com\\\/noticias\\\/author\\\/admin\\\/#author\"},\"creator\":{\"@id\":\"https:\\\/\\\/www.eldigitaldeasturias.com\\\/noticias\\\/author\\\/admin\\\/#author\"},\"image\":{\"@type\":\"ImageObject\",\"url\":952972,\"@id\":\"https:\\\/\\\/www.eldigitaldeasturias.com\\\/noticias\\\/vox-consolida-su-relacion-con-la-derecha-alternativa-europea\\\/#mainImage\"},\"primaryImageOfPage\":{\"@id\":\"https:\\\/\\\/www.eldigitaldeasturias.com\\\/noticias\\\/vox-consolida-su-relacion-con-la-derecha-alternativa-europea\\\/#mainImage\"},\"datePublished\":\"2017-09-16T16:24:07+02:00\",\"dateModified\":\"2017-09-16T16:24:07+02:00\"},{\"@type\":\"WebSite\",\"@id\":\"https:\\\/\\\/www.eldigitaldeasturias.com\\\/noticias\\\/#website\",\"url\":\"https:\\\/\\\/www.eldigitaldeasturias.com\\\/noticias\\\/\",\"name\":\"El Digital de Asturias - Diario de actualidad y noticias\",\"alternateName\":\"El Digital de Asturias - Diario de actualidad y noticias\",\"description\":\"Hemeroteca\",\"inLanguage\":\"es-ES\",\"publisher\":{\"@id\":\"https:\\\/\\\/www.eldigitaldeasturias.com\\\/noticias\\\/#organization\"}}]}\n\t\t<\/script>\n\t\t<!-- All in One SEO Pro -->\r\n\t\t<title>VOX consolida su relaci\u00f3n con la derecha alternativa europea - El Digital de Asturias<\/title>\n\n","aioseo_head_json":{"title":"VOX consolida su relaci\u00f3n con la derecha alternativa europea - El Digital de Asturias","description":"La Oficina del Parlamento Europeo de Madrid ha acogido un coloquio internacional con la presencia de doce representantes de partidos del Eurogrupo Europa de las Naciones y las Libertades y otros participantes como Rafael Bardaj\u00ed, miembro de GEES (Grupo de Estudios Estrat\u00e9gicos) y ex asesor de los gobiernos de Jos\u00e9 Mar\u00eda Aznar en materia de","canonical_url":"https:\/\/www.eldigitaldeasturias.com\/noticias\/vox-consolida-su-relacion-con-la-derecha-alternativa-europea\/","robots":"max-image-preview:large","keywords":"actualidad","webmasterTools":{"google-site-verification":"UA-38556648-1","msvalidate.01":"7dfe9f3f1b24437ab69f4f2559babe99","miscellaneous":""},"schema":{"@context":"https:\/\/schema.org","@graph":[{"@type":"BlogPosting","@id":"https:\/\/www.eldigitaldeasturias.com\/noticias\/vox-consolida-su-relacion-con-la-derecha-alternativa-europea\/#blogposting","name":"VOX consolida su relaci\u00f3n con la derecha alternativa europea - El Digital de Asturias","headline":"VOX consolida su relaci\u00f3n con la derecha alternativa europea","author":{"@id":"https:\/\/www.eldigitaldeasturias.com\/noticias\/author\/admin\/#author"},"publisher":{"@id":"https:\/\/www.eldigitaldeasturias.com\/noticias\/#organization"},"image":{"@type":"ImageObject","url":952972},"datePublished":"2017-09-16T16:24:07+02:00","dateModified":"2017-09-16T16:24:07+02:00","inLanguage":"es-ES","mainEntityOfPage":{"@id":"https:\/\/www.eldigitaldeasturias.com\/noticias\/vox-consolida-su-relacion-con-la-derecha-alternativa-europea\/#webpage"},"isPartOf":{"@id":"https:\/\/www.eldigitaldeasturias.com\/noticias\/vox-consolida-su-relacion-con-la-derecha-alternativa-europea\/#webpage"},"articleSection":"Actualidad"},{"@type":"BreadcrumbList","@id":"https:\/\/www.eldigitaldeasturias.com\/noticias\/vox-consolida-su-relacion-con-la-derecha-alternativa-europea\/#breadcrumblist","itemListElement":[{"@type":"ListItem","@id":"https:\/\/www.eldigitaldeasturias.com\/noticias#listItem","position":1,"name":"Home","item":"https:\/\/www.eldigitaldeasturias.com\/noticias","nextItem":{"@type":"ListItem","@id":"https:\/\/www.eldigitaldeasturias.com\/noticias\/category\/actualidad\/#listItem","name":"Actualidad"}},{"@type":"ListItem","@id":"https:\/\/www.eldigitaldeasturias.com\/noticias\/category\/actualidad\/#listItem","position":2,"name":"Actualidad","item":"https:\/\/www.eldigitaldeasturias.com\/noticias\/category\/actualidad\/","nextItem":{"@type":"ListItem","@id":"https:\/\/www.eldigitaldeasturias.com\/noticias\/vox-consolida-su-relacion-con-la-derecha-alternativa-europea\/#listItem","name":"VOX consolida su relaci\u00f3n con la derecha alternativa europea"},"previousItem":{"@type":"ListItem","@id":"https:\/\/www.eldigitaldeasturias.com\/noticias#listItem","name":"Home"}},{"@type":"ListItem","@id":"https:\/\/www.eldigitaldeasturias.com\/noticias\/vox-consolida-su-relacion-con-la-derecha-alternativa-europea\/#listItem","position":3,"name":"VOX consolida su relaci\u00f3n con la derecha alternativa europea","previousItem":{"@type":"ListItem","@id":"https:\/\/www.eldigitaldeasturias.com\/noticias\/category\/actualidad\/#listItem","name":"Actualidad"}}]},{"@type":"Organization","@id":"https:\/\/www.eldigitaldeasturias.com\/noticias\/#organization","name":"El Digital de Asturias","description":"Hemeroteca","url":"https:\/\/www.eldigitaldeasturias.com\/noticias\/","email":"info@eldigitaldeasturias.com","telephone":"+34652131393","logo":{"@type":"ImageObject","url":"https:\/\/www.eldigitaldeasturias.com\/noticias\/wp-content\/uploads\/2020\/12\/EDA.jpg","@id":"https:\/\/www.eldigitaldeasturias.com\/noticias\/vox-consolida-su-relacion-con-la-derecha-alternativa-europea\/#organizationLogo"},"image":{"@id":"https:\/\/www.eldigitaldeasturias.com\/noticias\/vox-consolida-su-relacion-con-la-derecha-alternativa-europea\/#organizationLogo"},"sameAs":["https:\/\/facebook.com\/eldigitaldeasturias","https:\/\/www.youtube.com\/channel\/UCZP-2wLEB9Rv6erhFmqVnvg"],"address":{"@id":"https:\/\/www.eldigitaldeasturias.com\/noticias\/#postaladdress","@type":"PostalAddress","streetAddress":"san antonio 4","postalCode":"33430","addressLocality":"Cand\u00e1s","addressRegion":"Asturias","addressCountry":"ES"}},{"@type":"Person","@id":"https:\/\/www.eldigitaldeasturias.com\/noticias\/author\/admin\/#author","url":"https:\/\/www.eldigitaldeasturias.com\/noticias\/author\/admin\/","name":"El Digital de Asturias","image":{"@type":"ImageObject","@id":"https:\/\/www.eldigitaldeasturias.com\/noticias\/vox-consolida-su-relacion-con-la-derecha-alternativa-europea\/#authorImage","url":"https:\/\/secure.gravatar.com\/avatar\/df2aeffc32bcd13f8d26072ef8a91b623d677766deac7f97ca815868cd41bf5e?s=96&d=mm&r=g","width":96,"height":96,"caption":"El Digital de Asturias"}},{"@type":"WebPage","@id":"https:\/\/www.eldigitaldeasturias.com\/noticias\/vox-consolida-su-relacion-con-la-derecha-alternativa-europea\/#webpage","url":"https:\/\/www.eldigitaldeasturias.com\/noticias\/vox-consolida-su-relacion-con-la-derecha-alternativa-europea\/","name":"VOX consolida su relaci\u00f3n con la derecha alternativa europea - El Digital de Asturias","description":"La Oficina del Parlamento Europeo de Madrid ha acogido un coloquio internacional con la presencia de doce representantes de partidos del Eurogrupo Europa de las Naciones y las Libertades y otros participantes como Rafael Bardaj\u00ed, miembro de GEES (Grupo de Estudios Estrat\u00e9gicos) y ex asesor de los gobiernos de Jos\u00e9 Mar\u00eda Aznar en materia de","inLanguage":"es-ES","isPartOf":{"@id":"https:\/\/www.eldigitaldeasturias.com\/noticias\/#website"},"breadcrumb":{"@id":"https:\/\/www.eldigitaldeasturias.com\/noticias\/vox-consolida-su-relacion-con-la-derecha-alternativa-europea\/#breadcrumblist"},"author":{"@id":"https:\/\/www.eldigitaldeasturias.com\/noticias\/author\/admin\/#author"},"creator":{"@id":"https:\/\/www.eldigitaldeasturias.com\/noticias\/author\/admin\/#author"},"image":{"@type":"ImageObject","url":952972,"@id":"https:\/\/www.eldigitaldeasturias.com\/noticias\/vox-consolida-su-relacion-con-la-derecha-alternativa-europea\/#mainImage"},"primaryImageOfPage":{"@id":"https:\/\/www.eldigitaldeasturias.com\/noticias\/vox-consolida-su-relacion-con-la-derecha-alternativa-europea\/#mainImage"},"datePublished":"2017-09-16T16:24:07+02:00","dateModified":"2017-09-16T16:24:07+02:00"},{"@type":"WebSite","@id":"https:\/\/www.eldigitaldeasturias.com\/noticias\/#website","url":"https:\/\/www.eldigitaldeasturias.com\/noticias\/","name":"El Digital de Asturias - Diario de actualidad y noticias","alternateName":"El Digital de Asturias - Diario de actualidad y noticias","description":"Hemeroteca","inLanguage":"es-ES","publisher":{"@id":"https:\/\/www.eldigitaldeasturias.com\/noticias\/#organization"}}]},"og:locale":"es_ES","og:site_name":"El Digital de Asturias","og:type":"article","og:title":"VOX consolida su relaci\u00f3n con la derecha alternativa europea - El Digital de Asturias","og:description":"La Oficina del Parlamento Europeo de Madrid ha acogido un coloquio internacional con la presencia de doce representantes de partidos del Eurogrupo Europa de las Naciones y las Libertades y otros participantes como Rafael Bardaj\u00ed, miembro de GEES (Grupo de Estudios Estrat\u00e9gicos) y ex asesor de los gobiernos de Jos\u00e9 Mar\u00eda Aznar en materia de","og:url":"https:\/\/www.eldigitaldeasturias.com\/noticias\/vox-consolida-su-relacion-con-la-derecha-alternativa-europea\/","article:tag":["actualidad"],"article:published_time":"2017-09-16T16:24:07+00:00","article:modified_time":"2017-09-16T16:24:07+00:00","article:publisher":"https:\/\/facebook.com\/eldigitaldeasturias","twitter:card":"summary_large_image","twitter:title":"VOX consolida su relaci\u00f3n con la derecha alternativa europea - El Digital de Asturias","twitter:description":"La Oficina del Parlamento Europeo de Madrid ha acogido un coloquio internacional con la presencia de doce representantes de partidos del Eurogrupo Europa de las Naciones y las Libertades y otros participantes como Rafael Bardaj\u00ed, miembro de GEES (Grupo de Estudios Estrat\u00e9gicos) y ex asesor de los gobiernos de Jos\u00e9 Mar\u00eda Aznar en materia de","twitter:image":"https:\/\/www.eldigitaldeasturias.com\/noticias\/wp-content\/uploads\/2020\/12\/EDA-1.jpg","twitter:label1":"Escrito por","twitter:data1":"El Digital de Asturias","twitter:label2":"Tiempo de lectura estimado","twitter:data2":"4 minutos"},"aioseo_meta_data":{"post_id":"952971","title":null,"description":null,"keywords":null,"keyphrases":null,"primary_term":null,"canonical_url":null,"og_title":null,"og_description":null,"og_object_type":"default","og_image_type":"default","og_image_url":null,"og_image_width":null,"og_image_height":null,"og_image_custom_url":null,"og_image_custom_fields":null,"og_video":null,"og_custom_url":null,"og_article_section":null,"og_article_tags":null,"twitter_use_og":false,"twitter_card":"default","twitter_image_type":"default","twitter_image_url":null,"twitter_image_custom_url":null,"twitter_image_custom_fields":null,"twitter_title":null,"twitter_description":null,"schema":{"blockGraphs":[],"customGraphs":[],"default":{"data":{"Article":[],"Course":[],"Dataset":[],"FAQPage":[],"Movie":[],"Person":[],"Product":[],"ProductReview":[],"Car":[],"Recipe":[],"Service":[],"SoftwareApplication":[],"WebPage":[]},"graphName":"","isEnabled":true},"graphs":[]},"schema_type":null,"schema_type_options":null,"pillar_content":false,"robots_default":true,"robots_noindex":false,"robots_noarchive":false,"robots_nosnippet":false,"robots_nofollow":false,"robots_noimageindex":false,"robots_noodp":false,"robots_notranslate":false,"robots_max_snippet":null,"robots_max_videopreview":null,"robots_max_imagepreview":"large","priority":null,"frequency":null,"local_seo":null,"seo_analyzer_scan_date":"2025-12-06 00:46:08","breadcrumb_settings":null,"limit_modified_date":false,"open_ai":null,"ai":null,"created":"2020-12-21 12:57:32","updated":"2025-12-06 00:46:08","focus_keyword":null,"additional_keywords":null,"truseo_locale":null},"aioseo_breadcrumb":"<div class=\"aioseo-breadcrumbs\"><span class=\"aioseo-breadcrumb\">\n\t<a href=\"https:\/\/www.eldigitaldeasturias.com\/noticias\" title=\"Home\">Home<\/a>\n<\/span><span class=\"aioseo-breadcrumb-separator\">\u2013<\/span><span class=\"aioseo-breadcrumb\">\n\t<a href=\"https:\/\/www.eldigitaldeasturias.com\/noticias\/category\/actualidad\/\" title=\"Actualidad\">Actualidad<\/a>\n<\/span><span class=\"aioseo-breadcrumb-separator\">\u2013<\/span><span class=\"aioseo-breadcrumb\">\n\t<a href=\"https:\/\/www.eldigitaldeasturias.com\/noticias\/vox-consolida-su-relacion-con-la-derecha-alternativa-europea\/\" title=\"VOX consolida su relaci\u00f3n con la derecha alternativa europea\">VOX consolida su relaci\u00f3n con la derecha alternativa europea<\/a>\n<\/span><\/div>","aioseo_breadcrumb_json":[{"label":"Home","link":"https:\/\/www.eldigitaldeasturias.com\/noticias"},{"label":"Actualidad","link":"https:\/\/www.eldigitaldeasturias.com\/noticias\/category\/actualidad\/"},{"label":"VOX consolida su relaci\u00f3n con la derecha alternativa europea","link":"https:\/\/www.eldigitaldeasturias.com\/noticias\/vox-consolida-su-relacion-con-la-derecha-alternativa-europea\/"}],"_links":{"self":[{"href":"https:\/\/www.eldigitaldeasturias.com\/noticias\/wp-json\/wp\/v2\/posts\/952971","targetHints":{"allow":["GET"]}}],"collection":[{"href":"https:\/\/www.eldigitaldeasturias.com\/noticias\/wp-json\/wp\/v2\/posts"}],"about":[{"href":"https:\/\/www.eldigitaldeasturias.com\/noticias\/wp-json\/wp\/v2\/types\/post"}],"author":[{"embeddable":true,"href":"https:\/\/www.eldigitaldeasturias.com\/noticias\/wp-json\/wp\/v2\/users\/1"}],"replies":[{"embeddable":true,"href":"https:\/\/www.eldigitaldeasturias.com\/noticias\/wp-json\/wp\/v2\/comments?post=952971"}],"version-history":[{"count":0,"href":"https:\/\/www.eldigitaldeasturias.com\/noticias\/wp-json\/wp\/v2\/posts\/952971\/revisions"}],"wp:attachment":[{"href":"https:\/\/www.eldigitaldeasturias.com\/noticias\/wp-json\/wp\/v2\/media?parent=952971"}],"wp:term":[{"taxonomy":"category","embeddable":true,"href":"https:\/\/www.eldigitaldeasturias.com\/noticias\/wp-json\/wp\/v2\/categories?post=952971"},{"taxonomy":"post_tag","embeddable":true,"href":"https:\/\/www.eldigitaldeasturias.com\/noticias\/wp-json\/wp\/v2\/tags?post=952971"}],"curies":[{"name":"wp","href":"https:\/\/api.w.org\/{rel}","templated":true}]}}