{"id":952930,"date":"2017-09-15T19:46:18","date_gmt":"2017-09-15T19:46:18","guid":{"rendered":"http:\/\/www.eldigitaldeasturias.com\/noticias\/?p=952930"},"modified":"2017-09-15T19:46:18","modified_gmt":"2017-09-15T19:46:18","slug":"garcia-tejerina-ha-visitado-el-centro-de-produccion-de-mahou-san-miguel-en-alovera","status":"publish","type":"post","link":"https:\/\/www.eldigitaldeasturias.com\/noticias\/garcia-tejerina-ha-visitado-el-centro-de-produccion-de-mahou-san-miguel-en-alovera\/","title":{"rendered":"Garc\u00eda Tejerina ha visitado el centro de producci\u00f3n de Mahou San Miguel, en Alovera"},"content":{"rendered":"<p><img loading=\"lazy\" decoding=\"async\" class=\"alignleft size-medium wp-image-952931\" src=\"https:\/\/www.eldigitaldeasturias.com\/noticias\/wp-content\/uploads\/2017\/09\/14092017_Tejerina-360x239.jpg\" alt=\"\" width=\"360\" height=\"239\" \/>La ministra de Agricultura y Pesca, Alimentaci\u00f3n y Medio Ambiente, Isabel Garc\u00eda Tejerina, ha subrayado el valor que aporta el sector cervecero espa\u00f1ol al crecimiento de la econom\u00eda nacional. As\u00ed, la elaboraci\u00f3n de la cerveza contribuye de forma significativa a la creaci\u00f3n de m\u00e1s de 344.000 puestos de trabajo, el 90% en hosteler\u00eda, donde su venta puede representar hasta un 40% de la facturaci\u00f3n. Y su valor en el mercado supera los 15.000 millones de euros, lo que supone un 1,4% del PIB.<\/p>\n<p>\u200bIsabel Garc\u00eda Tejerina ha visitado el centro de producci\u00f3n de Mahou San Miguel, en Alovera (Guadalajara), donde ha inaugurado la nueva Bodega de Barricas para el envejecimiento de la cerveza en barrica de roble. Durante su visita, la ministra ha estado acompa\u00f1ada por el consejero delegado y el director general de la compa\u00f1\u00eda, el delegado del Gobierno, la alcaldesa de Alovera, el secretario general de Agricultura y Alimentaci\u00f3n del MAPAMA y el director general de Cerveceros de Espa\u00f1a, entre otras autoridades.<\/p>\n<p>En su intervenci\u00f3n, Garc\u00eda Tejerina ha puesto en valor la trayectoria empresarial de Mahou, con 127 a\u00f1os de historia y siete generaciones, \u00abtodo un modelo de gesti\u00f3n eficaz y de transmisi\u00f3n de valores empresariales y humanos\u00bb. Se trata de \u00abuna empresa pionera, en un sector moderno, bien dimensionado y con un alto grado de responsabilidad social\u00bb, ha a\u00f1adido.<\/p>\n<p>Asimismo, Garc\u00eda Tejerina ha se\u00f1alado que esta compa\u00f1\u00eda es un buen ejemplo de la pujanza de la industria de la alimentaci\u00f3n espa\u00f1ola, el primer sector industrial del pa\u00eds, que en 2016 alcanz\u00f3 los 96.400 millones de euros de producci\u00f3n. La ministra tambi\u00e9n ha destacado el valor de la exportaci\u00f3n agroalimentaria, que en el a\u00f1o m\u00f3vil a junio de 2017 ha sobrepasado ya los 49.000 millones de euros, un 58% m\u00e1s que en 2011.<\/p>\n<p>En este sentido, la ministra ha destacado la contribuci\u00f3n del Gobierno para que el sector agroalimentario sea cada vez m\u00e1s competitivo y mejor vertebrado. As\u00ed, desde 2011 ha proporcionado diferentes instrumentos para lograrlo, como las leyes de Mejora de la Cadena Alimentaria o de Fomento de la Integraci\u00f3n Cooperativa, as\u00ed como las l\u00edneas de internacionalizaci\u00f3n o programas como el de Innovaci\u00f3n e Investigaci\u00f3n Agroalimentaria y Forestal.<\/p>\n<p><strong>Contribuci\u00f3n del sector cervecero<\/strong><\/p>\n<p>Por otra parte, Garc\u00eda Tejerina ha indicado que el sector cervecero espa\u00f1ol tuvo una producci\u00f3n en 2016 de 36,5 millones de hect\u00f3litros, un 4,3% m\u00e1s que el a\u00f1o anterior, lo que le sit\u00faa como el cuarto pa\u00eds productor de la Uni\u00f3n Europea. Y en cuanto a los mercados internacionales, la ministra ha apuntado que las exportaciones este sector ha crecido, en los \u00faltimos diez a\u00f1os, un 261%.<\/p>\n<p>Adem\u00e1s, contribuye al crecimiento del sector primario, con 320.000 hect\u00e1reas dedicadas al cultivo de cebada, para obtener 485.000 toneladas de malta, y 530 hect\u00e1reas destinadas a la producci\u00f3n de l\u00fapulo.<\/p>\n<p>En relaci\u00f3n con el consumo, Garc\u00eda Tejerina ha comentado que su patr\u00f3n se caracteriza por la moderaci\u00f3n y la responsabilidad, enmarcado en un h\u00e1bito de relaci\u00f3n social, relacionado mayoritariamente con el consumo de alimentos.<\/p>\n<p>&nbsp;<\/p>\n","protected":false},"excerpt":{"rendered":"<p>La ministra de Agricultura y Pesca, Alimentaci\u00f3n y Medio Ambiente, Isabel Garc\u00eda Tejerina, ha subrayado el valor que aporta el sector cervecero espa\u00f1ol al crecimiento de la econom\u00eda nacional. As\u00ed, la elaboraci\u00f3n de la cerveza contribuye de forma significativa a la creaci\u00f3n de m\u00e1s de 344.000 puestos de trabajo, el 90% en hosteler\u00eda, donde su [&hellip;]<\/p>\n","protected":false},"author":1,"featured_media":952931,"comment_status":"closed","ping_status":"closed","sticky":false,"template":"","format":"standard","meta":{"footnotes":""},"categories":[1],"tags":[],"class_list":["post-952930","post","type-post","status-publish","format-standard","has-post-thumbnail","hentry","category-actualidad"],"aioseo_notices":[],"aioseo_head":"\n\t\t<!-- All in One SEO Pro 5.0.1 - aioseo.com -->\n\t<meta name=\"description\" content=\"La ministra de Agricultura y Pesca, Alimentaci\u00f3n y Medio Ambiente, Isabel Garc\u00eda Tejerina, ha subrayado el valor que aporta el sector cervecero espa\u00f1ol al crecimiento de la econom\u00eda nacional. As\u00ed, la elaboraci\u00f3n de la cerveza contribuye de forma significativa a la creaci\u00f3n de m\u00e1s de 344.000 puestos de trabajo, el 90% en hosteler\u00eda, donde su\" \/>\n\t<meta name=\"robots\" content=\"max-image-preview:large\" \/>\n\t<meta name=\"author\" content=\"El Digital de Asturias\"\/>\n\t<meta name=\"google-site-verification\" content=\"UA-38556648-1\" \/>\n\t<meta name=\"msvalidate.01\" content=\"7dfe9f3f1b24437ab69f4f2559babe99\" \/>\n\t<meta name=\"keywords\" content=\"actualidad\" \/>\n\t<link rel=\"canonical\" href=\"https:\/\/www.eldigitaldeasturias.com\/noticias\/garcia-tejerina-ha-visitado-el-centro-de-produccion-de-mahou-san-miguel-en-alovera\/\" \/>\n\t<meta name=\"generator\" content=\"All in One SEO Pro (AIOSEO) 5.0.1\" \/>\n\t\t<meta property=\"og:locale\" content=\"es_ES\" \/>\n\t\t<meta property=\"og:site_name\" content=\"El Digital de Asturias\" \/>\n\t\t<meta property=\"og:type\" content=\"article\" \/>\n\t\t<meta property=\"og:title\" content=\"Garc\u00eda Tejerina ha visitado el centro de producci\u00f3n de Mahou San Miguel, en Alovera - El Digital de Asturias\" \/>\n\t\t<meta property=\"og:description\" content=\"La ministra de Agricultura y Pesca, Alimentaci\u00f3n y Medio Ambiente, Isabel Garc\u00eda Tejerina, ha subrayado el valor que aporta el sector cervecero espa\u00f1ol al crecimiento de la econom\u00eda nacional. As\u00ed, la elaboraci\u00f3n de la cerveza contribuye de forma significativa a la creaci\u00f3n de m\u00e1s de 344.000 puestos de trabajo, el 90% en hosteler\u00eda, donde su\" \/>\n\t\t<meta property=\"og:url\" content=\"https:\/\/www.eldigitaldeasturias.com\/noticias\/garcia-tejerina-ha-visitado-el-centro-de-produccion-de-mahou-san-miguel-en-alovera\/\" \/>\n\t\t<meta property=\"article:tag\" content=\"actualidad\" \/>\n\t\t<meta property=\"article:published_time\" content=\"2017-09-15T19:46:18+00:00\" \/>\n\t\t<meta property=\"article:modified_time\" content=\"2017-09-15T19:46:18+00:00\" \/>\n\t\t<meta property=\"article:publisher\" content=\"https:\/\/facebook.com\/eldigitaldeasturias\" \/>\n\t\t<meta name=\"twitter:card\" content=\"summary_large_image\" \/>\n\t\t<meta name=\"twitter:title\" content=\"Garc\u00eda Tejerina ha visitado el centro de producci\u00f3n de Mahou San Miguel, en Alovera - El Digital de Asturias\" \/>\n\t\t<meta name=\"twitter:description\" content=\"La ministra de Agricultura y Pesca, Alimentaci\u00f3n y Medio Ambiente, Isabel Garc\u00eda Tejerina, ha subrayado el valor que aporta el sector cervecero espa\u00f1ol al crecimiento de la econom\u00eda nacional. As\u00ed, la elaboraci\u00f3n de la cerveza contribuye de forma significativa a la creaci\u00f3n de m\u00e1s de 344.000 puestos de trabajo, el 90% en hosteler\u00eda, donde su\" \/>\n\t\t<meta name=\"twitter:image\" content=\"https:\/\/www.eldigitaldeasturias.com\/noticias\/wp-content\/uploads\/2020\/12\/EDA-1.jpg\" \/>\n\t\t<meta name=\"twitter:label1\" content=\"Escrito por\" \/>\n\t\t<meta name=\"twitter:data1\" content=\"El Digital de Asturias\" \/>\n\t\t<meta name=\"twitter:label2\" content=\"Tiempo de lectura estimado\" \/>\n\t\t<meta name=\"twitter:data2\" content=\"3 minutos\" \/>\n\t\t<script type=\"application\/ld+json\" class=\"aioseo-schema\">\n\t\t\t{\"@context\":\"https:\\\/\\\/schema.org\",\"@graph\":[{\"@type\":\"BlogPosting\",\"@id\":\"https:\\\/\\\/www.eldigitaldeasturias.com\\\/noticias\\\/garcia-tejerina-ha-visitado-el-centro-de-produccion-de-mahou-san-miguel-en-alovera\\\/#blogposting\",\"name\":\"Garc\\u00eda Tejerina ha visitado el centro de producci\\u00f3n de Mahou San Miguel, en Alovera - El Digital de Asturias\",\"headline\":\"Garc\\u00eda Tejerina ha visitado el centro de producci\\u00f3n de Mahou San Miguel, en Alovera\",\"author\":{\"@id\":\"https:\\\/\\\/www.eldigitaldeasturias.com\\\/noticias\\\/author\\\/admin\\\/#author\"},\"publisher\":{\"@id\":\"https:\\\/\\\/www.eldigitaldeasturias.com\\\/noticias\\\/#organization\"},\"image\":{\"@type\":\"ImageObject\",\"url\":952931},\"datePublished\":\"2017-09-15T19:46:18+02:00\",\"dateModified\":\"2017-09-15T19:46:18+02:00\",\"inLanguage\":\"es-ES\",\"mainEntityOfPage\":{\"@id\":\"https:\\\/\\\/www.eldigitaldeasturias.com\\\/noticias\\\/garcia-tejerina-ha-visitado-el-centro-de-produccion-de-mahou-san-miguel-en-alovera\\\/#webpage\"},\"isPartOf\":{\"@id\":\"https:\\\/\\\/www.eldigitaldeasturias.com\\\/noticias\\\/garcia-tejerina-ha-visitado-el-centro-de-produccion-de-mahou-san-miguel-en-alovera\\\/#webpage\"},\"articleSection\":\"Actualidad\"},{\"@type\":\"BreadcrumbList\",\"@id\":\"https:\\\/\\\/www.eldigitaldeasturias.com\\\/noticias\\\/garcia-tejerina-ha-visitado-el-centro-de-produccion-de-mahou-san-miguel-en-alovera\\\/#breadcrumblist\",\"itemListElement\":[{\"@type\":\"ListItem\",\"@id\":\"https:\\\/\\\/www.eldigitaldeasturias.com\\\/noticias#listItem\",\"position\":1,\"name\":\"Home\",\"item\":\"https:\\\/\\\/www.eldigitaldeasturias.com\\\/noticias\",\"nextItem\":{\"@type\":\"ListItem\",\"@id\":\"https:\\\/\\\/www.eldigitaldeasturias.com\\\/noticias\\\/category\\\/actualidad\\\/#listItem\",\"name\":\"Actualidad\"}},{\"@type\":\"ListItem\",\"@id\":\"https:\\\/\\\/www.eldigitaldeasturias.com\\\/noticias\\\/category\\\/actualidad\\\/#listItem\",\"position\":2,\"name\":\"Actualidad\",\"item\":\"https:\\\/\\\/www.eldigitaldeasturias.com\\\/noticias\\\/category\\\/actualidad\\\/\",\"nextItem\":{\"@type\":\"ListItem\",\"@id\":\"https:\\\/\\\/www.eldigitaldeasturias.com\\\/noticias\\\/garcia-tejerina-ha-visitado-el-centro-de-produccion-de-mahou-san-miguel-en-alovera\\\/#listItem\",\"name\":\"Garc\\u00eda Tejerina ha visitado el centro de producci\\u00f3n de Mahou San Miguel, en Alovera\"},\"previousItem\":{\"@type\":\"ListItem\",\"@id\":\"https:\\\/\\\/www.eldigitaldeasturias.com\\\/noticias#listItem\",\"name\":\"Home\"}},{\"@type\":\"ListItem\",\"@id\":\"https:\\\/\\\/www.eldigitaldeasturias.com\\\/noticias\\\/garcia-tejerina-ha-visitado-el-centro-de-produccion-de-mahou-san-miguel-en-alovera\\\/#listItem\",\"position\":3,\"name\":\"Garc\\u00eda Tejerina ha visitado el centro de producci\\u00f3n de Mahou San Miguel, en Alovera\",\"previousItem\":{\"@type\":\"ListItem\",\"@id\":\"https:\\\/\\\/www.eldigitaldeasturias.com\\\/noticias\\\/category\\\/actualidad\\\/#listItem\",\"name\":\"Actualidad\"}}]},{\"@type\":\"Organization\",\"@id\":\"https:\\\/\\\/www.eldigitaldeasturias.com\\\/noticias\\\/#organization\",\"name\":\"El Digital de Asturias\",\"description\":\"Hemeroteca\",\"url\":\"https:\\\/\\\/www.eldigitaldeasturias.com\\\/noticias\\\/\",\"email\":\"info@eldigitaldeasturias.com\",\"telephone\":\"+34652131393\",\"logo\":{\"@type\":\"ImageObject\",\"url\":\"https:\\\/\\\/www.eldigitaldeasturias.com\\\/noticias\\\/wp-content\\\/uploads\\\/2020\\\/12\\\/EDA.jpg\",\"@id\":\"https:\\\/\\\/www.eldigitaldeasturias.com\\\/noticias\\\/garcia-tejerina-ha-visitado-el-centro-de-produccion-de-mahou-san-miguel-en-alovera\\\/#organizationLogo\"},\"image\":{\"@id\":\"https:\\\/\\\/www.eldigitaldeasturias.com\\\/noticias\\\/garcia-tejerina-ha-visitado-el-centro-de-produccion-de-mahou-san-miguel-en-alovera\\\/#organizationLogo\"},\"sameAs\":[\"https:\\\/\\\/facebook.com\\\/eldigitaldeasturias\",\"https:\\\/\\\/www.youtube.com\\\/channel\\\/UCZP-2wLEB9Rv6erhFmqVnvg\"],\"address\":{\"@id\":\"https:\\\/\\\/www.eldigitaldeasturias.com\\\/noticias\\\/#postaladdress\",\"@type\":\"PostalAddress\",\"streetAddress\":\"san antonio 4\",\"postalCode\":\"33430\",\"addressLocality\":\"Cand\\u00e1s\",\"addressRegion\":\"Asturias\",\"addressCountry\":\"ES\"}},{\"@type\":\"Person\",\"@id\":\"https:\\\/\\\/www.eldigitaldeasturias.com\\\/noticias\\\/author\\\/admin\\\/#author\",\"url\":\"https:\\\/\\\/www.eldigitaldeasturias.com\\\/noticias\\\/author\\\/admin\\\/\",\"name\":\"El Digital de Asturias\",\"image\":{\"@type\":\"ImageObject\",\"@id\":\"https:\\\/\\\/www.eldigitaldeasturias.com\\\/noticias\\\/garcia-tejerina-ha-visitado-el-centro-de-produccion-de-mahou-san-miguel-en-alovera\\\/#authorImage\",\"url\":\"https:\\\/\\\/secure.gravatar.com\\\/avatar\\\/df2aeffc32bcd13f8d26072ef8a91b623d677766deac7f97ca815868cd41bf5e?s=96&d=mm&r=g\",\"width\":96,\"height\":96,\"caption\":\"El Digital de Asturias\"}},{\"@type\":\"WebPage\",\"@id\":\"https:\\\/\\\/www.eldigitaldeasturias.com\\\/noticias\\\/garcia-tejerina-ha-visitado-el-centro-de-produccion-de-mahou-san-miguel-en-alovera\\\/#webpage\",\"url\":\"https:\\\/\\\/www.eldigitaldeasturias.com\\\/noticias\\\/garcia-tejerina-ha-visitado-el-centro-de-produccion-de-mahou-san-miguel-en-alovera\\\/\",\"name\":\"Garc\\u00eda Tejerina ha visitado el centro de producci\\u00f3n de Mahou San Miguel, en Alovera - El Digital de Asturias\",\"description\":\"La ministra de Agricultura y Pesca, Alimentaci\\u00f3n y Medio Ambiente, Isabel Garc\\u00eda Tejerina, ha subrayado el valor que aporta el sector cervecero espa\\u00f1ol al crecimiento de la econom\\u00eda nacional. As\\u00ed, la elaboraci\\u00f3n de la cerveza contribuye de forma significativa a la creaci\\u00f3n de m\\u00e1s de 344.000 puestos de trabajo, el 90% en hosteler\\u00eda, donde su\",\"inLanguage\":\"es-ES\",\"isPartOf\":{\"@id\":\"https:\\\/\\\/www.eldigitaldeasturias.com\\\/noticias\\\/#website\"},\"breadcrumb\":{\"@id\":\"https:\\\/\\\/www.eldigitaldeasturias.com\\\/noticias\\\/garcia-tejerina-ha-visitado-el-centro-de-produccion-de-mahou-san-miguel-en-alovera\\\/#breadcrumblist\"},\"author\":{\"@id\":\"https:\\\/\\\/www.eldigitaldeasturias.com\\\/noticias\\\/author\\\/admin\\\/#author\"},\"creator\":{\"@id\":\"https:\\\/\\\/www.eldigitaldeasturias.com\\\/noticias\\\/author\\\/admin\\\/#author\"},\"image\":{\"@type\":\"ImageObject\",\"url\":952931,\"@id\":\"https:\\\/\\\/www.eldigitaldeasturias.com\\\/noticias\\\/garcia-tejerina-ha-visitado-el-centro-de-produccion-de-mahou-san-miguel-en-alovera\\\/#mainImage\"},\"primaryImageOfPage\":{\"@id\":\"https:\\\/\\\/www.eldigitaldeasturias.com\\\/noticias\\\/garcia-tejerina-ha-visitado-el-centro-de-produccion-de-mahou-san-miguel-en-alovera\\\/#mainImage\"},\"datePublished\":\"2017-09-15T19:46:18+02:00\",\"dateModified\":\"2017-09-15T19:46:18+02:00\"},{\"@type\":\"WebSite\",\"@id\":\"https:\\\/\\\/www.eldigitaldeasturias.com\\\/noticias\\\/#website\",\"url\":\"https:\\\/\\\/www.eldigitaldeasturias.com\\\/noticias\\\/\",\"name\":\"El Digital de Asturias - Diario de actualidad y noticias\",\"alternateName\":\"El Digital de Asturias - Diario de actualidad y noticias\",\"description\":\"Hemeroteca\",\"inLanguage\":\"es-ES\",\"publisher\":{\"@id\":\"https:\\\/\\\/www.eldigitaldeasturias.com\\\/noticias\\\/#organization\"}}]}\n\t\t<\/script>\n\t\t<!-- All in One SEO Pro -->\r\n\t\t<title>Garc\u00eda Tejerina ha visitado el centro de producci\u00f3n de Mahou San Miguel, en Alovera - El Digital de Asturias<\/title>\n\n","aioseo_head_json":{"title":"Garc\u00eda Tejerina ha visitado el centro de producci\u00f3n de Mahou San Miguel, en Alovera - El Digital de Asturias","description":"La ministra de Agricultura y Pesca, Alimentaci\u00f3n y Medio Ambiente, Isabel Garc\u00eda Tejerina, ha subrayado el valor que aporta el sector cervecero espa\u00f1ol al crecimiento de la econom\u00eda nacional. As\u00ed, la elaboraci\u00f3n de la cerveza contribuye de forma significativa a la creaci\u00f3n de m\u00e1s de 344.000 puestos de trabajo, el 90% en hosteler\u00eda, donde su","canonical_url":"https:\/\/www.eldigitaldeasturias.com\/noticias\/garcia-tejerina-ha-visitado-el-centro-de-produccion-de-mahou-san-miguel-en-alovera\/","robots":"max-image-preview:large","keywords":"actualidad","webmasterTools":{"google-site-verification":"UA-38556648-1","msvalidate.01":"7dfe9f3f1b24437ab69f4f2559babe99","miscellaneous":""},"schema":{"@context":"https:\/\/schema.org","@graph":[{"@type":"BlogPosting","@id":"https:\/\/www.eldigitaldeasturias.com\/noticias\/garcia-tejerina-ha-visitado-el-centro-de-produccion-de-mahou-san-miguel-en-alovera\/#blogposting","name":"Garc\u00eda Tejerina ha visitado el centro de producci\u00f3n de Mahou San Miguel, en Alovera - El Digital de Asturias","headline":"Garc\u00eda Tejerina ha visitado el centro de producci\u00f3n de Mahou San Miguel, en Alovera","author":{"@id":"https:\/\/www.eldigitaldeasturias.com\/noticias\/author\/admin\/#author"},"publisher":{"@id":"https:\/\/www.eldigitaldeasturias.com\/noticias\/#organization"},"image":{"@type":"ImageObject","url":952931},"datePublished":"2017-09-15T19:46:18+02:00","dateModified":"2017-09-15T19:46:18+02:00","inLanguage":"es-ES","mainEntityOfPage":{"@id":"https:\/\/www.eldigitaldeasturias.com\/noticias\/garcia-tejerina-ha-visitado-el-centro-de-produccion-de-mahou-san-miguel-en-alovera\/#webpage"},"isPartOf":{"@id":"https:\/\/www.eldigitaldeasturias.com\/noticias\/garcia-tejerina-ha-visitado-el-centro-de-produccion-de-mahou-san-miguel-en-alovera\/#webpage"},"articleSection":"Actualidad"},{"@type":"BreadcrumbList","@id":"https:\/\/www.eldigitaldeasturias.com\/noticias\/garcia-tejerina-ha-visitado-el-centro-de-produccion-de-mahou-san-miguel-en-alovera\/#breadcrumblist","itemListElement":[{"@type":"ListItem","@id":"https:\/\/www.eldigitaldeasturias.com\/noticias#listItem","position":1,"name":"Home","item":"https:\/\/www.eldigitaldeasturias.com\/noticias","nextItem":{"@type":"ListItem","@id":"https:\/\/www.eldigitaldeasturias.com\/noticias\/category\/actualidad\/#listItem","name":"Actualidad"}},{"@type":"ListItem","@id":"https:\/\/www.eldigitaldeasturias.com\/noticias\/category\/actualidad\/#listItem","position":2,"name":"Actualidad","item":"https:\/\/www.eldigitaldeasturias.com\/noticias\/category\/actualidad\/","nextItem":{"@type":"ListItem","@id":"https:\/\/www.eldigitaldeasturias.com\/noticias\/garcia-tejerina-ha-visitado-el-centro-de-produccion-de-mahou-san-miguel-en-alovera\/#listItem","name":"Garc\u00eda Tejerina ha visitado el centro de producci\u00f3n de Mahou San Miguel, en Alovera"},"previousItem":{"@type":"ListItem","@id":"https:\/\/www.eldigitaldeasturias.com\/noticias#listItem","name":"Home"}},{"@type":"ListItem","@id":"https:\/\/www.eldigitaldeasturias.com\/noticias\/garcia-tejerina-ha-visitado-el-centro-de-produccion-de-mahou-san-miguel-en-alovera\/#listItem","position":3,"name":"Garc\u00eda Tejerina ha visitado el centro de producci\u00f3n de Mahou San Miguel, en Alovera","previousItem":{"@type":"ListItem","@id":"https:\/\/www.eldigitaldeasturias.com\/noticias\/category\/actualidad\/#listItem","name":"Actualidad"}}]},{"@type":"Organization","@id":"https:\/\/www.eldigitaldeasturias.com\/noticias\/#organization","name":"El Digital de Asturias","description":"Hemeroteca","url":"https:\/\/www.eldigitaldeasturias.com\/noticias\/","email":"info@eldigitaldeasturias.com","telephone":"+34652131393","logo":{"@type":"ImageObject","url":"https:\/\/www.eldigitaldeasturias.com\/noticias\/wp-content\/uploads\/2020\/12\/EDA.jpg","@id":"https:\/\/www.eldigitaldeasturias.com\/noticias\/garcia-tejerina-ha-visitado-el-centro-de-produccion-de-mahou-san-miguel-en-alovera\/#organizationLogo"},"image":{"@id":"https:\/\/www.eldigitaldeasturias.com\/noticias\/garcia-tejerina-ha-visitado-el-centro-de-produccion-de-mahou-san-miguel-en-alovera\/#organizationLogo"},"sameAs":["https:\/\/facebook.com\/eldigitaldeasturias","https:\/\/www.youtube.com\/channel\/UCZP-2wLEB9Rv6erhFmqVnvg"],"address":{"@id":"https:\/\/www.eldigitaldeasturias.com\/noticias\/#postaladdress","@type":"PostalAddress","streetAddress":"san antonio 4","postalCode":"33430","addressLocality":"Cand\u00e1s","addressRegion":"Asturias","addressCountry":"ES"}},{"@type":"Person","@id":"https:\/\/www.eldigitaldeasturias.com\/noticias\/author\/admin\/#author","url":"https:\/\/www.eldigitaldeasturias.com\/noticias\/author\/admin\/","name":"El Digital de Asturias","image":{"@type":"ImageObject","@id":"https:\/\/www.eldigitaldeasturias.com\/noticias\/garcia-tejerina-ha-visitado-el-centro-de-produccion-de-mahou-san-miguel-en-alovera\/#authorImage","url":"https:\/\/secure.gravatar.com\/avatar\/df2aeffc32bcd13f8d26072ef8a91b623d677766deac7f97ca815868cd41bf5e?s=96&d=mm&r=g","width":96,"height":96,"caption":"El Digital de Asturias"}},{"@type":"WebPage","@id":"https:\/\/www.eldigitaldeasturias.com\/noticias\/garcia-tejerina-ha-visitado-el-centro-de-produccion-de-mahou-san-miguel-en-alovera\/#webpage","url":"https:\/\/www.eldigitaldeasturias.com\/noticias\/garcia-tejerina-ha-visitado-el-centro-de-produccion-de-mahou-san-miguel-en-alovera\/","name":"Garc\u00eda Tejerina ha visitado el centro de producci\u00f3n de Mahou San Miguel, en Alovera - El Digital de Asturias","description":"La ministra de Agricultura y Pesca, Alimentaci\u00f3n y Medio Ambiente, Isabel Garc\u00eda Tejerina, ha subrayado el valor que aporta el sector cervecero espa\u00f1ol al crecimiento de la econom\u00eda nacional. As\u00ed, la elaboraci\u00f3n de la cerveza contribuye de forma significativa a la creaci\u00f3n de m\u00e1s de 344.000 puestos de trabajo, el 90% en hosteler\u00eda, donde su","inLanguage":"es-ES","isPartOf":{"@id":"https:\/\/www.eldigitaldeasturias.com\/noticias\/#website"},"breadcrumb":{"@id":"https:\/\/www.eldigitaldeasturias.com\/noticias\/garcia-tejerina-ha-visitado-el-centro-de-produccion-de-mahou-san-miguel-en-alovera\/#breadcrumblist"},"author":{"@id":"https:\/\/www.eldigitaldeasturias.com\/noticias\/author\/admin\/#author"},"creator":{"@id":"https:\/\/www.eldigitaldeasturias.com\/noticias\/author\/admin\/#author"},"image":{"@type":"ImageObject","url":952931,"@id":"https:\/\/www.eldigitaldeasturias.com\/noticias\/garcia-tejerina-ha-visitado-el-centro-de-produccion-de-mahou-san-miguel-en-alovera\/#mainImage"},"primaryImageOfPage":{"@id":"https:\/\/www.eldigitaldeasturias.com\/noticias\/garcia-tejerina-ha-visitado-el-centro-de-produccion-de-mahou-san-miguel-en-alovera\/#mainImage"},"datePublished":"2017-09-15T19:46:18+02:00","dateModified":"2017-09-15T19:46:18+02:00"},{"@type":"WebSite","@id":"https:\/\/www.eldigitaldeasturias.com\/noticias\/#website","url":"https:\/\/www.eldigitaldeasturias.com\/noticias\/","name":"El Digital de Asturias - Diario de actualidad y noticias","alternateName":"El Digital de Asturias - Diario de actualidad y noticias","description":"Hemeroteca","inLanguage":"es-ES","publisher":{"@id":"https:\/\/www.eldigitaldeasturias.com\/noticias\/#organization"}}]},"og:locale":"es_ES","og:site_name":"El Digital de Asturias","og:type":"article","og:title":"Garc\u00eda Tejerina ha visitado el centro de producci\u00f3n de Mahou San Miguel, en Alovera - El Digital de Asturias","og:description":"La ministra de Agricultura y Pesca, Alimentaci\u00f3n y Medio Ambiente, Isabel Garc\u00eda Tejerina, ha subrayado el valor que aporta el sector cervecero espa\u00f1ol al crecimiento de la econom\u00eda nacional. As\u00ed, la elaboraci\u00f3n de la cerveza contribuye de forma significativa a la creaci\u00f3n de m\u00e1s de 344.000 puestos de trabajo, el 90% en hosteler\u00eda, donde su","og:url":"https:\/\/www.eldigitaldeasturias.com\/noticias\/garcia-tejerina-ha-visitado-el-centro-de-produccion-de-mahou-san-miguel-en-alovera\/","article:tag":["actualidad"],"article:published_time":"2017-09-15T19:46:18+00:00","article:modified_time":"2017-09-15T19:46:18+00:00","article:publisher":"https:\/\/facebook.com\/eldigitaldeasturias","twitter:card":"summary_large_image","twitter:title":"Garc\u00eda Tejerina ha visitado el centro de producci\u00f3n de Mahou San Miguel, en Alovera - El Digital de Asturias","twitter:description":"La ministra de Agricultura y Pesca, Alimentaci\u00f3n y Medio Ambiente, Isabel Garc\u00eda Tejerina, ha subrayado el valor que aporta el sector cervecero espa\u00f1ol al crecimiento de la econom\u00eda nacional. As\u00ed, la elaboraci\u00f3n de la cerveza contribuye de forma significativa a la creaci\u00f3n de m\u00e1s de 344.000 puestos de trabajo, el 90% en hosteler\u00eda, donde su","twitter:image":"https:\/\/www.eldigitaldeasturias.com\/noticias\/wp-content\/uploads\/2020\/12\/EDA-1.jpg","twitter:label1":"Escrito por","twitter:data1":"El Digital de Asturias","twitter:label2":"Tiempo de lectura estimado","twitter:data2":"3 minutos"},"aioseo_meta_data":{"post_id":"952930","title":null,"description":null,"keywords":null,"keyphrases":null,"primary_term":null,"canonical_url":null,"og_title":null,"og_description":null,"og_object_type":"default","og_image_type":"default","og_image_url":null,"og_image_width":null,"og_image_height":null,"og_image_custom_url":null,"og_image_custom_fields":null,"og_video":null,"og_custom_url":null,"og_article_section":null,"og_article_tags":null,"twitter_use_og":false,"twitter_card":"default","twitter_image_type":"default","twitter_image_url":null,"twitter_image_custom_url":null,"twitter_image_custom_fields":null,"twitter_title":null,"twitter_description":null,"schema":{"blockGraphs":[],"customGraphs":[],"default":{"data":{"Article":[],"Course":[],"Dataset":[],"FAQPage":[],"Movie":[],"Person":[],"Product":[],"ProductReview":[],"Car":[],"Recipe":[],"Service":[],"SoftwareApplication":[],"WebPage":[]},"graphName":"","isEnabled":true},"graphs":[],"defaultGraph":"","defaultPostTypeGraph":""},"schema_type":null,"schema_type_options":null,"pillar_content":false,"robots_default":true,"robots_noindex":false,"robots_noarchive":false,"robots_nosnippet":false,"robots_nofollow":false,"robots_noimageindex":false,"robots_noodp":false,"robots_notranslate":false,"robots_max_snippet":null,"robots_max_videopreview":null,"robots_max_imagepreview":"large","priority":null,"frequency":null,"local_seo":null,"seo_analyzer_scan_date":"2025-12-06 00:40:06","breadcrumb_settings":null,"limit_modified_date":false,"open_ai":null,"ai":null,"created":"2020-12-21 12:57:32","updated":"2025-12-06 00:40:06","focus_keyword":null,"additional_keywords":null,"truseo_locale":null},"aioseo_breadcrumb":"<div class=\"aioseo-breadcrumbs\"><span class=\"aioseo-breadcrumb\">\n\t<a href=\"https:\/\/www.eldigitaldeasturias.com\/noticias\" title=\"Home\">Home<\/a>\n<\/span><span class=\"aioseo-breadcrumb-separator\">\u2013<\/span><span class=\"aioseo-breadcrumb\">\n\t<a href=\"https:\/\/www.eldigitaldeasturias.com\/noticias\/category\/actualidad\/\" title=\"Actualidad\">Actualidad<\/a>\n<\/span><span class=\"aioseo-breadcrumb-separator\">\u2013<\/span><span class=\"aioseo-breadcrumb\">\n\t<a href=\"https:\/\/www.eldigitaldeasturias.com\/noticias\/garcia-tejerina-ha-visitado-el-centro-de-produccion-de-mahou-san-miguel-en-alovera\/\" title=\"Garc\u00eda Tejerina ha visitado el centro de producci\u00f3n de Mahou San Miguel, en Alovera\">Garc\u00eda Tejerina ha visitado el centro de producci\u00f3n de Mahou San Miguel, en Alovera<\/a>\n<\/span><\/div>","aioseo_breadcrumb_json":[{"label":"Home","link":"https:\/\/www.eldigitaldeasturias.com\/noticias"},{"label":"Actualidad","link":"https:\/\/www.eldigitaldeasturias.com\/noticias\/category\/actualidad\/"},{"label":"Garc\u00eda Tejerina ha visitado el centro de producci\u00f3n de Mahou San Miguel, en Alovera","link":"https:\/\/www.eldigitaldeasturias.com\/noticias\/garcia-tejerina-ha-visitado-el-centro-de-produccion-de-mahou-san-miguel-en-alovera\/"}],"_links":{"self":[{"href":"https:\/\/www.eldigitaldeasturias.com\/noticias\/wp-json\/wp\/v2\/posts\/952930","targetHints":{"allow":["GET"]}}],"collection":[{"href":"https:\/\/www.eldigitaldeasturias.com\/noticias\/wp-json\/wp\/v2\/posts"}],"about":[{"href":"https:\/\/www.eldigitaldeasturias.com\/noticias\/wp-json\/wp\/v2\/types\/post"}],"author":[{"embeddable":true,"href":"https:\/\/www.eldigitaldeasturias.com\/noticias\/wp-json\/wp\/v2\/users\/1"}],"replies":[{"embeddable":true,"href":"https:\/\/www.eldigitaldeasturias.com\/noticias\/wp-json\/wp\/v2\/comments?post=952930"}],"version-history":[{"count":0,"href":"https:\/\/www.eldigitaldeasturias.com\/noticias\/wp-json\/wp\/v2\/posts\/952930\/revisions"}],"wp:attachment":[{"href":"https:\/\/www.eldigitaldeasturias.com\/noticias\/wp-json\/wp\/v2\/media?parent=952930"}],"wp:term":[{"taxonomy":"category","embeddable":true,"href":"https:\/\/www.eldigitaldeasturias.com\/noticias\/wp-json\/wp\/v2\/categories?post=952930"},{"taxonomy":"post_tag","embeddable":true,"href":"https:\/\/www.eldigitaldeasturias.com\/noticias\/wp-json\/wp\/v2\/tags?post=952930"}],"curies":[{"name":"wp","href":"https:\/\/api.w.org\/{rel}","templated":true}]}}