{"id":952868,"date":"2017-09-14T21:13:13","date_gmt":"2017-09-14T21:13:13","guid":{"rendered":"http:\/\/www.eldigitaldeasturias.com\/noticias\/?p=952868"},"modified":"2017-09-14T21:13:13","modified_gmt":"2017-09-14T21:13:13","slug":"saenz-de-santamaria-no-nos-va-a-temblar-el-pulso-en-hacer-lo-que-tengamos-que-hacer-siempre-dentro-de-la-ley","status":"publish","type":"post","link":"https:\/\/www.eldigitaldeasturias.com\/noticias\/saenz-de-santamaria-no-nos-va-a-temblar-el-pulso-en-hacer-lo-que-tengamos-que-hacer-siempre-dentro-de-la-ley\/","title":{"rendered":"S\u00e1enz de Santamar\u00eda: \u201cNo nos va a temblar el pulso en hacer lo que tengamos que hacer siempre dentro de la ley\u201d"},"content":{"rendered":"<p><img loading=\"lazy\" decoding=\"async\" class=\"alignleft size-medium wp-image-952869\" src=\"https:\/\/www.eldigitaldeasturias.com\/noticias\/wp-content\/uploads\/2017\/09\/u2a6355-360x163.jpg\" alt=\"\" width=\"360\" height=\"163\" \/>S\u00e1enz de Santamar\u00eda ha querido comenzar aclarando en primer lugar, que el refer\u00e9ndum ilegal que algunos planean \u201cno se va a celebrar\u201d, ya que \u201cel Estado de Derecho siempre tiene un plan: cumplir con la legalidad\u201d. Critica la desproporcionalidad que est\u00e1 cometiendo el govern de Catalu\u00f1a a la hora de presionar a los alcaldes para que cometan una ilegalidad.<\/p>\n<p>La vicepresidenta del Gobierno aclara que lo visto el pasado 11 de septiembre en la Diada fue un n\u00famero reducido de personas que se manifestaron. \u201cMuchas menos personas que en otros a\u00f1os\u201d. En relaci\u00f3n con el refer\u00e9ndum ilegal, asegura que \u201cesas demandas tiene sus cauces, empezando por una propuesta, una reforma de la constituci\u00f3n, etc.\u201d. S\u00e1enz de Santamar\u00eda defiende que la Generalitat ha decidido saltarse la ley y desobedecer porque sab\u00edan que no iban a conseguir lo que quer\u00edan.<\/p>\n<p>En esta misma l\u00ednea, la vicepresidenta ha aludido a la usencia de comunicaci\u00f3n pol\u00edtica con el Gobierno de Puigdemont ya que seg\u00fan afirma, \u201clo \u00fanico que hicieron fue ponernos un refer\u00e9ndum encima de la mesa sin darnos otra opci\u00f3n\u201d. Asegura que \u201cmientras no repongan lo hecho, no pensaremos que su voluntad de dialogo ser\u00eda sincera\u201d.<\/p>\n<p>\u201cNo nos va a temblar el pulso en hacer lo que tengamos que hacer siempre dentro de la ley\u201d, sentencia.<\/p>\n<p>Por \u00faltimo, a la pregunta de si estaba previsto todo lo que est\u00e1 pasando, la vicepresidenta ha confirmado que est\u00e1n muy tranquilos por haberse puesto en todos los escenarios, ya que \u201cpara todos ellos hay una respuesta\u201d.<\/p>\n<p>&nbsp;<\/p>\n","protected":false},"excerpt":{"rendered":"<p>S\u00e1enz de Santamar\u00eda ha querido comenzar aclarando en primer lugar, que el refer\u00e9ndum ilegal que algunos planean \u201cno se va a celebrar\u201d, ya que \u201cel Estado de Derecho siempre tiene un plan: cumplir con la legalidad\u201d. Critica la desproporcionalidad que est\u00e1 cometiendo el govern de Catalu\u00f1a a la hora de presionar a los alcaldes para [&hellip;]<\/p>\n","protected":false},"author":1,"featured_media":952869,"comment_status":"closed","ping_status":"closed","sticky":false,"template":"","format":"standard","meta":{"footnotes":""},"categories":[1],"tags":[],"class_list":["post-952868","post","type-post","status-publish","format-standard","has-post-thumbnail","hentry","category-actualidad"],"aioseo_notices":[],"aioseo_head":"\n\t\t<!-- All in One SEO Pro 5.0.1 - aioseo.com -->\n\t<meta name=\"description\" content=\"S\u00e1enz de Santamar\u00eda ha querido comenzar aclarando en primer lugar, que el refer\u00e9ndum ilegal que algunos planean \u201cno se va a celebrar\u201d, ya que \u201cel Estado de Derecho siempre tiene un plan: cumplir con la legalidad\u201d. Critica la desproporcionalidad que est\u00e1 cometiendo el govern de Catalu\u00f1a a la hora de presionar a los alcaldes para\" \/>\n\t<meta name=\"robots\" content=\"max-image-preview:large\" \/>\n\t<meta name=\"author\" content=\"El Digital de Asturias\"\/>\n\t<meta name=\"google-site-verification\" content=\"UA-38556648-1\" \/>\n\t<meta name=\"msvalidate.01\" content=\"7dfe9f3f1b24437ab69f4f2559babe99\" \/>\n\t<meta name=\"keywords\" content=\"actualidad\" \/>\n\t<link rel=\"canonical\" href=\"https:\/\/www.eldigitaldeasturias.com\/noticias\/saenz-de-santamaria-no-nos-va-a-temblar-el-pulso-en-hacer-lo-que-tengamos-que-hacer-siempre-dentro-de-la-ley\/\" \/>\n\t<meta name=\"generator\" content=\"All in One SEO Pro (AIOSEO) 5.0.1\" \/>\n\t\t<meta property=\"og:locale\" content=\"es_ES\" \/>\n\t\t<meta property=\"og:site_name\" content=\"El Digital de Asturias\" \/>\n\t\t<meta property=\"og:type\" content=\"article\" \/>\n\t\t<meta property=\"og:title\" content=\"S\u00e1enz de Santamar\u00eda: \u201cNo nos va a temblar el pulso en hacer lo que tengamos que hacer siempre dentro de la ley\u201d - El Digital de Asturias\" \/>\n\t\t<meta property=\"og:description\" content=\"S\u00e1enz de Santamar\u00eda ha querido comenzar aclarando en primer lugar, que el refer\u00e9ndum ilegal que algunos planean \u201cno se va a celebrar\u201d, ya que \u201cel Estado de Derecho siempre tiene un plan: cumplir con la legalidad\u201d. Critica la desproporcionalidad que est\u00e1 cometiendo el govern de Catalu\u00f1a a la hora de presionar a los alcaldes para\" \/>\n\t\t<meta property=\"og:url\" content=\"https:\/\/www.eldigitaldeasturias.com\/noticias\/saenz-de-santamaria-no-nos-va-a-temblar-el-pulso-en-hacer-lo-que-tengamos-que-hacer-siempre-dentro-de-la-ley\/\" \/>\n\t\t<meta property=\"article:tag\" content=\"actualidad\" \/>\n\t\t<meta property=\"article:published_time\" content=\"2017-09-14T21:13:13+00:00\" \/>\n\t\t<meta property=\"article:modified_time\" content=\"2017-09-14T21:13:13+00:00\" \/>\n\t\t<meta property=\"article:publisher\" content=\"https:\/\/facebook.com\/eldigitaldeasturias\" \/>\n\t\t<meta name=\"twitter:card\" content=\"summary_large_image\" \/>\n\t\t<meta name=\"twitter:title\" content=\"S\u00e1enz de Santamar\u00eda: \u201cNo nos va a temblar el pulso en hacer lo que tengamos que hacer siempre dentro de la ley\u201d - El Digital de Asturias\" \/>\n\t\t<meta name=\"twitter:description\" content=\"S\u00e1enz de Santamar\u00eda ha querido comenzar aclarando en primer lugar, que el refer\u00e9ndum ilegal que algunos planean \u201cno se va a celebrar\u201d, ya que \u201cel Estado de Derecho siempre tiene un plan: cumplir con la legalidad\u201d. Critica la desproporcionalidad que est\u00e1 cometiendo el govern de Catalu\u00f1a a la hora de presionar a los alcaldes para\" \/>\n\t\t<meta name=\"twitter:image\" content=\"https:\/\/www.eldigitaldeasturias.com\/noticias\/wp-content\/uploads\/2020\/12\/EDA-1.jpg\" \/>\n\t\t<meta name=\"twitter:label1\" content=\"Escrito por\" \/>\n\t\t<meta name=\"twitter:data1\" content=\"El Digital de Asturias\" \/>\n\t\t<meta name=\"twitter:label2\" content=\"Tiempo de lectura estimado\" \/>\n\t\t<meta name=\"twitter:data2\" content=\"1 minuto\" \/>\n\t\t<script type=\"application\/ld+json\" class=\"aioseo-schema\">\n\t\t\t{\"@context\":\"https:\\\/\\\/schema.org\",\"@graph\":[{\"@type\":\"BlogPosting\",\"@id\":\"https:\\\/\\\/www.eldigitaldeasturias.com\\\/noticias\\\/saenz-de-santamaria-no-nos-va-a-temblar-el-pulso-en-hacer-lo-que-tengamos-que-hacer-siempre-dentro-de-la-ley\\\/#blogposting\",\"name\":\"S\\u00e1enz de Santamar\\u00eda: \\u201cNo nos va a temblar el pulso en hacer lo que tengamos que hacer siempre dentro de la ley\\u201d - El Digital de Asturias\",\"headline\":\"S\\u00e1enz de Santamar\\u00eda: \\u201cNo nos va a temblar el pulso en hacer lo que tengamos que hacer siempre dentro de la ley\\u201d\",\"author\":{\"@id\":\"https:\\\/\\\/www.eldigitaldeasturias.com\\\/noticias\\\/author\\\/admin\\\/#author\"},\"publisher\":{\"@id\":\"https:\\\/\\\/www.eldigitaldeasturias.com\\\/noticias\\\/#organization\"},\"image\":{\"@type\":\"ImageObject\",\"url\":952869},\"datePublished\":\"2017-09-14T21:13:13+02:00\",\"dateModified\":\"2017-09-14T21:13:13+02:00\",\"inLanguage\":\"es-ES\",\"mainEntityOfPage\":{\"@id\":\"https:\\\/\\\/www.eldigitaldeasturias.com\\\/noticias\\\/saenz-de-santamaria-no-nos-va-a-temblar-el-pulso-en-hacer-lo-que-tengamos-que-hacer-siempre-dentro-de-la-ley\\\/#webpage\"},\"isPartOf\":{\"@id\":\"https:\\\/\\\/www.eldigitaldeasturias.com\\\/noticias\\\/saenz-de-santamaria-no-nos-va-a-temblar-el-pulso-en-hacer-lo-que-tengamos-que-hacer-siempre-dentro-de-la-ley\\\/#webpage\"},\"articleSection\":\"Actualidad\"},{\"@type\":\"BreadcrumbList\",\"@id\":\"https:\\\/\\\/www.eldigitaldeasturias.com\\\/noticias\\\/saenz-de-santamaria-no-nos-va-a-temblar-el-pulso-en-hacer-lo-que-tengamos-que-hacer-siempre-dentro-de-la-ley\\\/#breadcrumblist\",\"itemListElement\":[{\"@type\":\"ListItem\",\"@id\":\"https:\\\/\\\/www.eldigitaldeasturias.com\\\/noticias#listItem\",\"position\":1,\"name\":\"Home\",\"item\":\"https:\\\/\\\/www.eldigitaldeasturias.com\\\/noticias\",\"nextItem\":{\"@type\":\"ListItem\",\"@id\":\"https:\\\/\\\/www.eldigitaldeasturias.com\\\/noticias\\\/category\\\/actualidad\\\/#listItem\",\"name\":\"Actualidad\"}},{\"@type\":\"ListItem\",\"@id\":\"https:\\\/\\\/www.eldigitaldeasturias.com\\\/noticias\\\/category\\\/actualidad\\\/#listItem\",\"position\":2,\"name\":\"Actualidad\",\"item\":\"https:\\\/\\\/www.eldigitaldeasturias.com\\\/noticias\\\/category\\\/actualidad\\\/\",\"nextItem\":{\"@type\":\"ListItem\",\"@id\":\"https:\\\/\\\/www.eldigitaldeasturias.com\\\/noticias\\\/saenz-de-santamaria-no-nos-va-a-temblar-el-pulso-en-hacer-lo-que-tengamos-que-hacer-siempre-dentro-de-la-ley\\\/#listItem\",\"name\":\"S\\u00e1enz de Santamar\\u00eda: \\u201cNo nos va a temblar el pulso en hacer lo que tengamos que hacer siempre dentro de la ley\\u201d\"},\"previousItem\":{\"@type\":\"ListItem\",\"@id\":\"https:\\\/\\\/www.eldigitaldeasturias.com\\\/noticias#listItem\",\"name\":\"Home\"}},{\"@type\":\"ListItem\",\"@id\":\"https:\\\/\\\/www.eldigitaldeasturias.com\\\/noticias\\\/saenz-de-santamaria-no-nos-va-a-temblar-el-pulso-en-hacer-lo-que-tengamos-que-hacer-siempre-dentro-de-la-ley\\\/#listItem\",\"position\":3,\"name\":\"S\\u00e1enz de Santamar\\u00eda: \\u201cNo nos va a temblar el pulso en hacer lo que tengamos que hacer siempre dentro de la ley\\u201d\",\"previousItem\":{\"@type\":\"ListItem\",\"@id\":\"https:\\\/\\\/www.eldigitaldeasturias.com\\\/noticias\\\/category\\\/actualidad\\\/#listItem\",\"name\":\"Actualidad\"}}]},{\"@type\":\"Organization\",\"@id\":\"https:\\\/\\\/www.eldigitaldeasturias.com\\\/noticias\\\/#organization\",\"name\":\"El Digital de Asturias\",\"description\":\"Hemeroteca\",\"url\":\"https:\\\/\\\/www.eldigitaldeasturias.com\\\/noticias\\\/\",\"email\":\"info@eldigitaldeasturias.com\",\"telephone\":\"+34652131393\",\"logo\":{\"@type\":\"ImageObject\",\"url\":\"https:\\\/\\\/www.eldigitaldeasturias.com\\\/noticias\\\/wp-content\\\/uploads\\\/2020\\\/12\\\/EDA.jpg\",\"@id\":\"https:\\\/\\\/www.eldigitaldeasturias.com\\\/noticias\\\/saenz-de-santamaria-no-nos-va-a-temblar-el-pulso-en-hacer-lo-que-tengamos-que-hacer-siempre-dentro-de-la-ley\\\/#organizationLogo\"},\"image\":{\"@id\":\"https:\\\/\\\/www.eldigitaldeasturias.com\\\/noticias\\\/saenz-de-santamaria-no-nos-va-a-temblar-el-pulso-en-hacer-lo-que-tengamos-que-hacer-siempre-dentro-de-la-ley\\\/#organizationLogo\"},\"sameAs\":[\"https:\\\/\\\/facebook.com\\\/eldigitaldeasturias\",\"https:\\\/\\\/www.youtube.com\\\/channel\\\/UCZP-2wLEB9Rv6erhFmqVnvg\"],\"address\":{\"@id\":\"https:\\\/\\\/www.eldigitaldeasturias.com\\\/noticias\\\/#postaladdress\",\"@type\":\"PostalAddress\",\"streetAddress\":\"san antonio 4\",\"postalCode\":\"33430\",\"addressLocality\":\"Cand\\u00e1s\",\"addressRegion\":\"Asturias\",\"addressCountry\":\"ES\"}},{\"@type\":\"Person\",\"@id\":\"https:\\\/\\\/www.eldigitaldeasturias.com\\\/noticias\\\/author\\\/admin\\\/#author\",\"url\":\"https:\\\/\\\/www.eldigitaldeasturias.com\\\/noticias\\\/author\\\/admin\\\/\",\"name\":\"El Digital de Asturias\",\"image\":{\"@type\":\"ImageObject\",\"@id\":\"https:\\\/\\\/www.eldigitaldeasturias.com\\\/noticias\\\/saenz-de-santamaria-no-nos-va-a-temblar-el-pulso-en-hacer-lo-que-tengamos-que-hacer-siempre-dentro-de-la-ley\\\/#authorImage\",\"url\":\"https:\\\/\\\/secure.gravatar.com\\\/avatar\\\/df2aeffc32bcd13f8d26072ef8a91b623d677766deac7f97ca815868cd41bf5e?s=96&d=mm&r=g\",\"width\":96,\"height\":96,\"caption\":\"El Digital de Asturias\"}},{\"@type\":\"WebPage\",\"@id\":\"https:\\\/\\\/www.eldigitaldeasturias.com\\\/noticias\\\/saenz-de-santamaria-no-nos-va-a-temblar-el-pulso-en-hacer-lo-que-tengamos-que-hacer-siempre-dentro-de-la-ley\\\/#webpage\",\"url\":\"https:\\\/\\\/www.eldigitaldeasturias.com\\\/noticias\\\/saenz-de-santamaria-no-nos-va-a-temblar-el-pulso-en-hacer-lo-que-tengamos-que-hacer-siempre-dentro-de-la-ley\\\/\",\"name\":\"S\\u00e1enz de Santamar\\u00eda: \\u201cNo nos va a temblar el pulso en hacer lo que tengamos que hacer siempre dentro de la ley\\u201d - El Digital de Asturias\",\"description\":\"S\\u00e1enz de Santamar\\u00eda ha querido comenzar aclarando en primer lugar, que el refer\\u00e9ndum ilegal que algunos planean \\u201cno se va a celebrar\\u201d, ya que \\u201cel Estado de Derecho siempre tiene un plan: cumplir con la legalidad\\u201d. Critica la desproporcionalidad que est\\u00e1 cometiendo el govern de Catalu\\u00f1a a la hora de presionar a los alcaldes para\",\"inLanguage\":\"es-ES\",\"isPartOf\":{\"@id\":\"https:\\\/\\\/www.eldigitaldeasturias.com\\\/noticias\\\/#website\"},\"breadcrumb\":{\"@id\":\"https:\\\/\\\/www.eldigitaldeasturias.com\\\/noticias\\\/saenz-de-santamaria-no-nos-va-a-temblar-el-pulso-en-hacer-lo-que-tengamos-que-hacer-siempre-dentro-de-la-ley\\\/#breadcrumblist\"},\"author\":{\"@id\":\"https:\\\/\\\/www.eldigitaldeasturias.com\\\/noticias\\\/author\\\/admin\\\/#author\"},\"creator\":{\"@id\":\"https:\\\/\\\/www.eldigitaldeasturias.com\\\/noticias\\\/author\\\/admin\\\/#author\"},\"image\":{\"@type\":\"ImageObject\",\"url\":952869,\"@id\":\"https:\\\/\\\/www.eldigitaldeasturias.com\\\/noticias\\\/saenz-de-santamaria-no-nos-va-a-temblar-el-pulso-en-hacer-lo-que-tengamos-que-hacer-siempre-dentro-de-la-ley\\\/#mainImage\"},\"primaryImageOfPage\":{\"@id\":\"https:\\\/\\\/www.eldigitaldeasturias.com\\\/noticias\\\/saenz-de-santamaria-no-nos-va-a-temblar-el-pulso-en-hacer-lo-que-tengamos-que-hacer-siempre-dentro-de-la-ley\\\/#mainImage\"},\"datePublished\":\"2017-09-14T21:13:13+02:00\",\"dateModified\":\"2017-09-14T21:13:13+02:00\"},{\"@type\":\"WebSite\",\"@id\":\"https:\\\/\\\/www.eldigitaldeasturias.com\\\/noticias\\\/#website\",\"url\":\"https:\\\/\\\/www.eldigitaldeasturias.com\\\/noticias\\\/\",\"name\":\"El Digital de Asturias - Diario de actualidad y noticias\",\"alternateName\":\"El Digital de Asturias - Diario de actualidad y noticias\",\"description\":\"Hemeroteca\",\"inLanguage\":\"es-ES\",\"publisher\":{\"@id\":\"https:\\\/\\\/www.eldigitaldeasturias.com\\\/noticias\\\/#organization\"}}]}\n\t\t<\/script>\n\t\t<!-- All in One SEO Pro -->\r\n\t\t<title>S\u00e1enz de Santamar\u00eda: \u201cNo nos va a temblar el pulso en hacer lo que tengamos que hacer siempre dentro de la ley\u201d - El Digital de Asturias<\/title>\n\n","aioseo_head_json":{"title":"S\u00e1enz de Santamar\u00eda: \u201cNo nos va a temblar el pulso en hacer lo que tengamos que hacer siempre dentro de la ley\u201d - El Digital de Asturias","description":"S\u00e1enz de Santamar\u00eda ha querido comenzar aclarando en primer lugar, que el refer\u00e9ndum ilegal que algunos planean \u201cno se va a celebrar\u201d, ya que \u201cel Estado de Derecho siempre tiene un plan: cumplir con la legalidad\u201d. Critica la desproporcionalidad que est\u00e1 cometiendo el govern de Catalu\u00f1a a la hora de presionar a los alcaldes para","canonical_url":"https:\/\/www.eldigitaldeasturias.com\/noticias\/saenz-de-santamaria-no-nos-va-a-temblar-el-pulso-en-hacer-lo-que-tengamos-que-hacer-siempre-dentro-de-la-ley\/","robots":"max-image-preview:large","keywords":"actualidad","webmasterTools":{"google-site-verification":"UA-38556648-1","msvalidate.01":"7dfe9f3f1b24437ab69f4f2559babe99","miscellaneous":""},"schema":{"@context":"https:\/\/schema.org","@graph":[{"@type":"BlogPosting","@id":"https:\/\/www.eldigitaldeasturias.com\/noticias\/saenz-de-santamaria-no-nos-va-a-temblar-el-pulso-en-hacer-lo-que-tengamos-que-hacer-siempre-dentro-de-la-ley\/#blogposting","name":"S\u00e1enz de Santamar\u00eda: \u201cNo nos va a temblar el pulso en hacer lo que tengamos que hacer siempre dentro de la ley\u201d - El Digital de Asturias","headline":"S\u00e1enz de Santamar\u00eda: \u201cNo nos va a temblar el pulso en hacer lo que tengamos que hacer siempre dentro de la ley\u201d","author":{"@id":"https:\/\/www.eldigitaldeasturias.com\/noticias\/author\/admin\/#author"},"publisher":{"@id":"https:\/\/www.eldigitaldeasturias.com\/noticias\/#organization"},"image":{"@type":"ImageObject","url":952869},"datePublished":"2017-09-14T21:13:13+02:00","dateModified":"2017-09-14T21:13:13+02:00","inLanguage":"es-ES","mainEntityOfPage":{"@id":"https:\/\/www.eldigitaldeasturias.com\/noticias\/saenz-de-santamaria-no-nos-va-a-temblar-el-pulso-en-hacer-lo-que-tengamos-que-hacer-siempre-dentro-de-la-ley\/#webpage"},"isPartOf":{"@id":"https:\/\/www.eldigitaldeasturias.com\/noticias\/saenz-de-santamaria-no-nos-va-a-temblar-el-pulso-en-hacer-lo-que-tengamos-que-hacer-siempre-dentro-de-la-ley\/#webpage"},"articleSection":"Actualidad"},{"@type":"BreadcrumbList","@id":"https:\/\/www.eldigitaldeasturias.com\/noticias\/saenz-de-santamaria-no-nos-va-a-temblar-el-pulso-en-hacer-lo-que-tengamos-que-hacer-siempre-dentro-de-la-ley\/#breadcrumblist","itemListElement":[{"@type":"ListItem","@id":"https:\/\/www.eldigitaldeasturias.com\/noticias#listItem","position":1,"name":"Home","item":"https:\/\/www.eldigitaldeasturias.com\/noticias","nextItem":{"@type":"ListItem","@id":"https:\/\/www.eldigitaldeasturias.com\/noticias\/category\/actualidad\/#listItem","name":"Actualidad"}},{"@type":"ListItem","@id":"https:\/\/www.eldigitaldeasturias.com\/noticias\/category\/actualidad\/#listItem","position":2,"name":"Actualidad","item":"https:\/\/www.eldigitaldeasturias.com\/noticias\/category\/actualidad\/","nextItem":{"@type":"ListItem","@id":"https:\/\/www.eldigitaldeasturias.com\/noticias\/saenz-de-santamaria-no-nos-va-a-temblar-el-pulso-en-hacer-lo-que-tengamos-que-hacer-siempre-dentro-de-la-ley\/#listItem","name":"S\u00e1enz de Santamar\u00eda: \u201cNo nos va a temblar el pulso en hacer lo que tengamos que hacer siempre dentro de la ley\u201d"},"previousItem":{"@type":"ListItem","@id":"https:\/\/www.eldigitaldeasturias.com\/noticias#listItem","name":"Home"}},{"@type":"ListItem","@id":"https:\/\/www.eldigitaldeasturias.com\/noticias\/saenz-de-santamaria-no-nos-va-a-temblar-el-pulso-en-hacer-lo-que-tengamos-que-hacer-siempre-dentro-de-la-ley\/#listItem","position":3,"name":"S\u00e1enz de Santamar\u00eda: \u201cNo nos va a temblar el pulso en hacer lo que tengamos que hacer siempre dentro de la ley\u201d","previousItem":{"@type":"ListItem","@id":"https:\/\/www.eldigitaldeasturias.com\/noticias\/category\/actualidad\/#listItem","name":"Actualidad"}}]},{"@type":"Organization","@id":"https:\/\/www.eldigitaldeasturias.com\/noticias\/#organization","name":"El Digital de Asturias","description":"Hemeroteca","url":"https:\/\/www.eldigitaldeasturias.com\/noticias\/","email":"info@eldigitaldeasturias.com","telephone":"+34652131393","logo":{"@type":"ImageObject","url":"https:\/\/www.eldigitaldeasturias.com\/noticias\/wp-content\/uploads\/2020\/12\/EDA.jpg","@id":"https:\/\/www.eldigitaldeasturias.com\/noticias\/saenz-de-santamaria-no-nos-va-a-temblar-el-pulso-en-hacer-lo-que-tengamos-que-hacer-siempre-dentro-de-la-ley\/#organizationLogo"},"image":{"@id":"https:\/\/www.eldigitaldeasturias.com\/noticias\/saenz-de-santamaria-no-nos-va-a-temblar-el-pulso-en-hacer-lo-que-tengamos-que-hacer-siempre-dentro-de-la-ley\/#organizationLogo"},"sameAs":["https:\/\/facebook.com\/eldigitaldeasturias","https:\/\/www.youtube.com\/channel\/UCZP-2wLEB9Rv6erhFmqVnvg"],"address":{"@id":"https:\/\/www.eldigitaldeasturias.com\/noticias\/#postaladdress","@type":"PostalAddress","streetAddress":"san antonio 4","postalCode":"33430","addressLocality":"Cand\u00e1s","addressRegion":"Asturias","addressCountry":"ES"}},{"@type":"Person","@id":"https:\/\/www.eldigitaldeasturias.com\/noticias\/author\/admin\/#author","url":"https:\/\/www.eldigitaldeasturias.com\/noticias\/author\/admin\/","name":"El Digital de Asturias","image":{"@type":"ImageObject","@id":"https:\/\/www.eldigitaldeasturias.com\/noticias\/saenz-de-santamaria-no-nos-va-a-temblar-el-pulso-en-hacer-lo-que-tengamos-que-hacer-siempre-dentro-de-la-ley\/#authorImage","url":"https:\/\/secure.gravatar.com\/avatar\/df2aeffc32bcd13f8d26072ef8a91b623d677766deac7f97ca815868cd41bf5e?s=96&d=mm&r=g","width":96,"height":96,"caption":"El Digital de Asturias"}},{"@type":"WebPage","@id":"https:\/\/www.eldigitaldeasturias.com\/noticias\/saenz-de-santamaria-no-nos-va-a-temblar-el-pulso-en-hacer-lo-que-tengamos-que-hacer-siempre-dentro-de-la-ley\/#webpage","url":"https:\/\/www.eldigitaldeasturias.com\/noticias\/saenz-de-santamaria-no-nos-va-a-temblar-el-pulso-en-hacer-lo-que-tengamos-que-hacer-siempre-dentro-de-la-ley\/","name":"S\u00e1enz de Santamar\u00eda: \u201cNo nos va a temblar el pulso en hacer lo que tengamos que hacer siempre dentro de la ley\u201d - El Digital de Asturias","description":"S\u00e1enz de Santamar\u00eda ha querido comenzar aclarando en primer lugar, que el refer\u00e9ndum ilegal que algunos planean \u201cno se va a celebrar\u201d, ya que \u201cel Estado de Derecho siempre tiene un plan: cumplir con la legalidad\u201d. Critica la desproporcionalidad que est\u00e1 cometiendo el govern de Catalu\u00f1a a la hora de presionar a los alcaldes para","inLanguage":"es-ES","isPartOf":{"@id":"https:\/\/www.eldigitaldeasturias.com\/noticias\/#website"},"breadcrumb":{"@id":"https:\/\/www.eldigitaldeasturias.com\/noticias\/saenz-de-santamaria-no-nos-va-a-temblar-el-pulso-en-hacer-lo-que-tengamos-que-hacer-siempre-dentro-de-la-ley\/#breadcrumblist"},"author":{"@id":"https:\/\/www.eldigitaldeasturias.com\/noticias\/author\/admin\/#author"},"creator":{"@id":"https:\/\/www.eldigitaldeasturias.com\/noticias\/author\/admin\/#author"},"image":{"@type":"ImageObject","url":952869,"@id":"https:\/\/www.eldigitaldeasturias.com\/noticias\/saenz-de-santamaria-no-nos-va-a-temblar-el-pulso-en-hacer-lo-que-tengamos-que-hacer-siempre-dentro-de-la-ley\/#mainImage"},"primaryImageOfPage":{"@id":"https:\/\/www.eldigitaldeasturias.com\/noticias\/saenz-de-santamaria-no-nos-va-a-temblar-el-pulso-en-hacer-lo-que-tengamos-que-hacer-siempre-dentro-de-la-ley\/#mainImage"},"datePublished":"2017-09-14T21:13:13+02:00","dateModified":"2017-09-14T21:13:13+02:00"},{"@type":"WebSite","@id":"https:\/\/www.eldigitaldeasturias.com\/noticias\/#website","url":"https:\/\/www.eldigitaldeasturias.com\/noticias\/","name":"El Digital de Asturias - Diario de actualidad y noticias","alternateName":"El Digital de Asturias - Diario de actualidad y noticias","description":"Hemeroteca","inLanguage":"es-ES","publisher":{"@id":"https:\/\/www.eldigitaldeasturias.com\/noticias\/#organization"}}]},"og:locale":"es_ES","og:site_name":"El Digital de Asturias","og:type":"article","og:title":"S\u00e1enz de Santamar\u00eda: \u201cNo nos va a temblar el pulso en hacer lo que tengamos que hacer siempre dentro de la ley\u201d - El Digital de Asturias","og:description":"S\u00e1enz de Santamar\u00eda ha querido comenzar aclarando en primer lugar, que el refer\u00e9ndum ilegal que algunos planean \u201cno se va a celebrar\u201d, ya que \u201cel Estado de Derecho siempre tiene un plan: cumplir con la legalidad\u201d. Critica la desproporcionalidad que est\u00e1 cometiendo el govern de Catalu\u00f1a a la hora de presionar a los alcaldes para","og:url":"https:\/\/www.eldigitaldeasturias.com\/noticias\/saenz-de-santamaria-no-nos-va-a-temblar-el-pulso-en-hacer-lo-que-tengamos-que-hacer-siempre-dentro-de-la-ley\/","article:tag":["actualidad"],"article:published_time":"2017-09-14T21:13:13+00:00","article:modified_time":"2017-09-14T21:13:13+00:00","article:publisher":"https:\/\/facebook.com\/eldigitaldeasturias","twitter:card":"summary_large_image","twitter:title":"S\u00e1enz de Santamar\u00eda: \u201cNo nos va a temblar el pulso en hacer lo que tengamos que hacer siempre dentro de la ley\u201d - El Digital de Asturias","twitter:description":"S\u00e1enz de Santamar\u00eda ha querido comenzar aclarando en primer lugar, que el refer\u00e9ndum ilegal que algunos planean \u201cno se va a celebrar\u201d, ya que \u201cel Estado de Derecho siempre tiene un plan: cumplir con la legalidad\u201d. Critica la desproporcionalidad que est\u00e1 cometiendo el govern de Catalu\u00f1a a la hora de presionar a los alcaldes para","twitter:image":"https:\/\/www.eldigitaldeasturias.com\/noticias\/wp-content\/uploads\/2020\/12\/EDA-1.jpg","twitter:label1":"Escrito por","twitter:data1":"El Digital de Asturias","twitter:label2":"Tiempo de lectura estimado","twitter:data2":"1 minuto"},"aioseo_meta_data":{"post_id":"952868","title":null,"description":null,"keywords":null,"keyphrases":null,"primary_term":null,"canonical_url":null,"og_title":null,"og_description":null,"og_object_type":"default","og_image_type":"default","og_image_url":null,"og_image_width":null,"og_image_height":null,"og_image_custom_url":null,"og_image_custom_fields":null,"og_video":null,"og_custom_url":null,"og_article_section":null,"og_article_tags":null,"twitter_use_og":false,"twitter_card":"default","twitter_image_type":"default","twitter_image_url":null,"twitter_image_custom_url":null,"twitter_image_custom_fields":null,"twitter_title":null,"twitter_description":null,"schema":{"blockGraphs":[],"customGraphs":[],"default":{"data":{"Article":[],"Course":[],"Dataset":[],"FAQPage":[],"Movie":[],"Person":[],"Product":[],"ProductReview":[],"Car":[],"Recipe":[],"Service":[],"SoftwareApplication":[],"WebPage":[]},"graphName":"","isEnabled":true},"graphs":[],"defaultGraph":"","defaultPostTypeGraph":""},"schema_type":null,"schema_type_options":null,"pillar_content":false,"robots_default":true,"robots_noindex":false,"robots_noarchive":false,"robots_nosnippet":false,"robots_nofollow":false,"robots_noimageindex":false,"robots_noodp":false,"robots_notranslate":false,"robots_max_snippet":null,"robots_max_videopreview":null,"robots_max_imagepreview":"large","priority":null,"frequency":null,"local_seo":null,"seo_analyzer_scan_date":"2025-12-06 00:25:13","breadcrumb_settings":null,"limit_modified_date":false,"open_ai":null,"ai":null,"created":"2020-12-21 12:57:32","updated":"2025-12-06 00:25:13","focus_keyword":null,"additional_keywords":null,"truseo_locale":null},"aioseo_breadcrumb":"<div class=\"aioseo-breadcrumbs\"><span class=\"aioseo-breadcrumb\">\n\t<a href=\"https:\/\/www.eldigitaldeasturias.com\/noticias\" title=\"Home\">Home<\/a>\n<\/span><span class=\"aioseo-breadcrumb-separator\">\u2013<\/span><span class=\"aioseo-breadcrumb\">\n\t<a href=\"https:\/\/www.eldigitaldeasturias.com\/noticias\/category\/actualidad\/\" title=\"Actualidad\">Actualidad<\/a>\n<\/span><span class=\"aioseo-breadcrumb-separator\">\u2013<\/span><span class=\"aioseo-breadcrumb\">\n\t<a href=\"https:\/\/www.eldigitaldeasturias.com\/noticias\/saenz-de-santamaria-no-nos-va-a-temblar-el-pulso-en-hacer-lo-que-tengamos-que-hacer-siempre-dentro-de-la-ley\/\" title=\"S\u00e1enz de Santamar\u00eda: \u201cNo nos va a temblar el pulso en hacer lo que tengamos que hacer siempre dentro de la ley\u201d\">S\u00e1enz de Santamar\u00eda: \u201cNo nos va a temblar el pulso en hacer lo que tengamos que hacer siempre dentro de la ley\u201d<\/a>\n<\/span><\/div>","aioseo_breadcrumb_json":[{"label":"Home","link":"https:\/\/www.eldigitaldeasturias.com\/noticias"},{"label":"Actualidad","link":"https:\/\/www.eldigitaldeasturias.com\/noticias\/category\/actualidad\/"},{"label":"S\u00e1enz de Santamar\u00eda: \u201cNo nos va a temblar el pulso en hacer lo que tengamos que hacer siempre dentro de la ley\u201d","link":"https:\/\/www.eldigitaldeasturias.com\/noticias\/saenz-de-santamaria-no-nos-va-a-temblar-el-pulso-en-hacer-lo-que-tengamos-que-hacer-siempre-dentro-de-la-ley\/"}],"_links":{"self":[{"href":"https:\/\/www.eldigitaldeasturias.com\/noticias\/wp-json\/wp\/v2\/posts\/952868","targetHints":{"allow":["GET"]}}],"collection":[{"href":"https:\/\/www.eldigitaldeasturias.com\/noticias\/wp-json\/wp\/v2\/posts"}],"about":[{"href":"https:\/\/www.eldigitaldeasturias.com\/noticias\/wp-json\/wp\/v2\/types\/post"}],"author":[{"embeddable":true,"href":"https:\/\/www.eldigitaldeasturias.com\/noticias\/wp-json\/wp\/v2\/users\/1"}],"replies":[{"embeddable":true,"href":"https:\/\/www.eldigitaldeasturias.com\/noticias\/wp-json\/wp\/v2\/comments?post=952868"}],"version-history":[{"count":0,"href":"https:\/\/www.eldigitaldeasturias.com\/noticias\/wp-json\/wp\/v2\/posts\/952868\/revisions"}],"wp:attachment":[{"href":"https:\/\/www.eldigitaldeasturias.com\/noticias\/wp-json\/wp\/v2\/media?parent=952868"}],"wp:term":[{"taxonomy":"category","embeddable":true,"href":"https:\/\/www.eldigitaldeasturias.com\/noticias\/wp-json\/wp\/v2\/categories?post=952868"},{"taxonomy":"post_tag","embeddable":true,"href":"https:\/\/www.eldigitaldeasturias.com\/noticias\/wp-json\/wp\/v2\/tags?post=952868"}],"curies":[{"name":"wp","href":"https:\/\/api.w.org\/{rel}","templated":true}]}}