{"id":952863,"date":"2017-09-14T21:09:23","date_gmt":"2017-09-14T21:09:23","guid":{"rendered":"http:\/\/www.eldigitaldeasturias.com\/noticias\/?p=952863"},"modified":"2017-09-14T21:09:23","modified_gmt":"2017-09-14T21:09:23","slug":"tomas-burgos-las-pensiones-se-pagan-en-cataluna-gracias-a-la-solidaridad-de-todos-los-espanoles","status":"publish","type":"post","link":"https:\/\/www.eldigitaldeasturias.com\/noticias\/tomas-burgos-las-pensiones-se-pagan-en-cataluna-gracias-a-la-solidaridad-de-todos-los-espanoles\/","title":{"rendered":"Tom\u00e1s Burgos: \u00abLas pensiones se pagan en Catalu\u00f1a gracias a la solidaridad de todos los espa\u00f1oles\u00bb"},"content":{"rendered":"<p><img loading=\"lazy\" decoding=\"async\" class=\"alignleft size-medium wp-image-791443\" src=\"https:\/\/www.eldigitaldeasturias.com\/noticias\/wp-content\/uploads\/2015\/06\/jubilados-360x270.jpg\" alt=\"\" width=\"360\" height=\"270\" \/>El secretario de Estado de Seguridad Social, Tom\u00e1s Burgos, ha asegurado tras conocerse un informe de la Generalitat sobre el futuro de las pensiones que \u00ablas pensiones se pagan en Catalu\u00f1a gracias a la solidaridad de todos los espa\u00f1oles\u00bb.<\/p>\n<p>\u200bEl responsable del Ministerio de Empleo y Seguridad Social ha manifestado que \u00abla Seguridad Social espa\u00f1ola, siguiendo los principios de solidaridad entre espa\u00f1oles que la ha definido siempre, seguir\u00e1 garantizando sus pensiones\u00bb. El sistema paga mensualmente m\u00e1s de 9,5 millones de pensiones, de las que m\u00e1s de 1,7 millones son de Catalu\u00f1a.<\/p>\n<p>Tom\u00e1s Burgos ha asegurado que el derecho de los ciudadanos a recibir sus pensiones \u00abest\u00e1 en una Seguridad Social estable, fuerte y solidaria como la que tenemos en Espa\u00f1a\u00bb, a lo que ha a\u00f1adido que \u00abeso es especialmente importante en Catalu\u00f1a donde el desfase entre ingresos y gastos no ha dejado de crecer\u00bb.<\/p>\n<p>\u00abEste Gobierno no permitir\u00e1 que los pensionistas de Catalu\u00f1a sean rehenes de ninguna enso\u00f1aci\u00f3n independentista\u00bb, ha asegurado Burgos, quien ha matizado que el informe de la Generalitat pretende sostener que \u00abes bueno para los pensionistas catalanes romper la Caja \u00danica y la Seguridad Social espa\u00f1ola\u00bb.<\/p>\n<p>Seg\u00fan ha recalcado Tom\u00e1s Burgos, la Caja \u00danica es la mayor expresi\u00f3n del Estado P\u00fablico solidario y social y \u00abesta solidaridad es especialmente importante respecto a Catalu\u00f1a\u00bb. \u00abEn esta comunidad aut\u00f3noma\u00bb, ha dicho el secretario de Estado, \u00abes donde existe el desfase m\u00e1s notable entre los ingresos de cotizaciones y los gastos en pensiones\u00bb.<\/p>\n<p>\u00abEs precisamente la unidad del sistema lo que garantiza y garantizar\u00e1 la superaci\u00f3n de la actual situaci\u00f3n de d\u00e9ficit a trav\u00e9s de la integraci\u00f3n de los esfuerzos de todos los territorios del Estado\u00bb ha advertido Tom\u00e1s Burgos, a lo que ha a\u00f1adido que es una irresponsabilidad emitir un informe, \u00abplagado de errores conceptuales y de manipulaciones en las cantidades tratadas tendenciosamente que pretenden enga\u00f1ar a los ciudadanos y que solo conduce a la inseguridad jur\u00eddica de los ciudadanos catalanes\u00bb.<\/p>\n<p>&nbsp;<\/p>\n","protected":false},"excerpt":{"rendered":"<p>El secretario de Estado de Seguridad Social, Tom\u00e1s Burgos, ha asegurado tras conocerse un informe de la Generalitat sobre el futuro de las pensiones que \u00ablas pensiones se pagan en Catalu\u00f1a gracias a la solidaridad de todos los espa\u00f1oles\u00bb. \u200bEl responsable del Ministerio de Empleo y Seguridad Social ha manifestado que \u00abla Seguridad Social espa\u00f1ola, [&hellip;]<\/p>\n","protected":false},"author":1,"featured_media":791443,"comment_status":"closed","ping_status":"closed","sticky":false,"template":"","format":"standard","meta":{"footnotes":""},"categories":[1],"tags":[],"class_list":["post-952863","post","type-post","status-publish","format-standard","has-post-thumbnail","hentry","category-actualidad"],"aioseo_notices":[],"aioseo_head":"\n\t\t<!-- All in One SEO Pro 5.0.1 - aioseo.com -->\n\t<meta name=\"description\" content=\"El secretario de Estado de Seguridad Social, Tom\u00e1s Burgos, ha asegurado tras conocerse un informe de la Generalitat sobre el futuro de las pensiones que &quot;las pensiones se pagan en Catalu\u00f1a gracias a la solidaridad de todos los espa\u00f1oles&quot;. \u200bEl responsable del Ministerio de Empleo y Seguridad Social ha manifestado que &quot;la Seguridad Social espa\u00f1ola,\" \/>\n\t<meta name=\"robots\" content=\"max-image-preview:large\" \/>\n\t<meta name=\"author\" content=\"El Digital de Asturias\"\/>\n\t<meta name=\"google-site-verification\" content=\"UA-38556648-1\" \/>\n\t<meta name=\"msvalidate.01\" content=\"7dfe9f3f1b24437ab69f4f2559babe99\" \/>\n\t<meta name=\"keywords\" content=\"actualidad\" \/>\n\t<link rel=\"canonical\" href=\"https:\/\/www.eldigitaldeasturias.com\/noticias\/tomas-burgos-las-pensiones-se-pagan-en-cataluna-gracias-a-la-solidaridad-de-todos-los-espanoles\/\" \/>\n\t<meta name=\"generator\" content=\"All in One SEO Pro (AIOSEO) 5.0.1\" \/>\n\t\t<meta property=\"og:locale\" content=\"es_ES\" \/>\n\t\t<meta property=\"og:site_name\" content=\"El Digital de Asturias\" \/>\n\t\t<meta property=\"og:type\" content=\"article\" \/>\n\t\t<meta property=\"og:title\" content=\"Tom\u00e1s Burgos: \u00abLas pensiones se pagan en Catalu\u00f1a gracias a la solidaridad de todos los espa\u00f1oles\u00bb - El Digital de Asturias\" \/>\n\t\t<meta property=\"og:description\" content=\"El secretario de Estado de Seguridad Social, Tom\u00e1s Burgos, ha asegurado tras conocerse un informe de la Generalitat sobre el futuro de las pensiones que &quot;las pensiones se pagan en Catalu\u00f1a gracias a la solidaridad de todos los espa\u00f1oles&quot;. \u200bEl responsable del Ministerio de Empleo y Seguridad Social ha manifestado que &quot;la Seguridad Social espa\u00f1ola,\" \/>\n\t\t<meta property=\"og:url\" content=\"https:\/\/www.eldigitaldeasturias.com\/noticias\/tomas-burgos-las-pensiones-se-pagan-en-cataluna-gracias-a-la-solidaridad-de-todos-los-espanoles\/\" \/>\n\t\t<meta property=\"article:tag\" content=\"actualidad\" \/>\n\t\t<meta property=\"article:published_time\" content=\"2017-09-14T21:09:23+00:00\" \/>\n\t\t<meta property=\"article:modified_time\" content=\"2017-09-14T21:09:23+00:00\" \/>\n\t\t<meta property=\"article:publisher\" content=\"https:\/\/facebook.com\/eldigitaldeasturias\" \/>\n\t\t<meta name=\"twitter:card\" content=\"summary_large_image\" \/>\n\t\t<meta name=\"twitter:title\" content=\"Tom\u00e1s Burgos: \u00abLas pensiones se pagan en Catalu\u00f1a gracias a la solidaridad de todos los espa\u00f1oles\u00bb - El Digital de Asturias\" \/>\n\t\t<meta name=\"twitter:description\" content=\"El secretario de Estado de Seguridad Social, Tom\u00e1s Burgos, ha asegurado tras conocerse un informe de la Generalitat sobre el futuro de las pensiones que &quot;las pensiones se pagan en Catalu\u00f1a gracias a la solidaridad de todos los espa\u00f1oles&quot;. \u200bEl responsable del Ministerio de Empleo y Seguridad Social ha manifestado que &quot;la Seguridad Social espa\u00f1ola,\" \/>\n\t\t<meta name=\"twitter:image\" content=\"https:\/\/www.eldigitaldeasturias.com\/noticias\/wp-content\/uploads\/2020\/12\/EDA-1.jpg\" \/>\n\t\t<meta name=\"twitter:label1\" content=\"Escrito por\" \/>\n\t\t<meta name=\"twitter:data1\" content=\"El Digital de Asturias\" \/>\n\t\t<meta name=\"twitter:label2\" content=\"Tiempo de lectura estimado\" \/>\n\t\t<meta name=\"twitter:data2\" content=\"2 minutos\" \/>\n\t\t<script type=\"application\/ld+json\" class=\"aioseo-schema\">\n\t\t\t{\"@context\":\"https:\\\/\\\/schema.org\",\"@graph\":[{\"@type\":\"BlogPosting\",\"@id\":\"https:\\\/\\\/www.eldigitaldeasturias.com\\\/noticias\\\/tomas-burgos-las-pensiones-se-pagan-en-cataluna-gracias-a-la-solidaridad-de-todos-los-espanoles\\\/#blogposting\",\"name\":\"Tom\\u00e1s Burgos: \\u00abLas pensiones se pagan en Catalu\\u00f1a gracias a la solidaridad de todos los espa\\u00f1oles\\u00bb - El Digital de Asturias\",\"headline\":\"Tom\\u00e1s Burgos: \\u00abLas pensiones se pagan en Catalu\\u00f1a gracias a la solidaridad de todos los espa\\u00f1oles\\u00bb\",\"author\":{\"@id\":\"https:\\\/\\\/www.eldigitaldeasturias.com\\\/noticias\\\/author\\\/admin\\\/#author\"},\"publisher\":{\"@id\":\"https:\\\/\\\/www.eldigitaldeasturias.com\\\/noticias\\\/#organization\"},\"image\":{\"@type\":\"ImageObject\",\"url\":791443},\"datePublished\":\"2017-09-14T21:09:23+02:00\",\"dateModified\":\"2017-09-14T21:09:23+02:00\",\"inLanguage\":\"es-ES\",\"mainEntityOfPage\":{\"@id\":\"https:\\\/\\\/www.eldigitaldeasturias.com\\\/noticias\\\/tomas-burgos-las-pensiones-se-pagan-en-cataluna-gracias-a-la-solidaridad-de-todos-los-espanoles\\\/#webpage\"},\"isPartOf\":{\"@id\":\"https:\\\/\\\/www.eldigitaldeasturias.com\\\/noticias\\\/tomas-burgos-las-pensiones-se-pagan-en-cataluna-gracias-a-la-solidaridad-de-todos-los-espanoles\\\/#webpage\"},\"articleSection\":\"Actualidad\"},{\"@type\":\"BreadcrumbList\",\"@id\":\"https:\\\/\\\/www.eldigitaldeasturias.com\\\/noticias\\\/tomas-burgos-las-pensiones-se-pagan-en-cataluna-gracias-a-la-solidaridad-de-todos-los-espanoles\\\/#breadcrumblist\",\"itemListElement\":[{\"@type\":\"ListItem\",\"@id\":\"https:\\\/\\\/www.eldigitaldeasturias.com\\\/noticias#listItem\",\"position\":1,\"name\":\"Home\",\"item\":\"https:\\\/\\\/www.eldigitaldeasturias.com\\\/noticias\",\"nextItem\":{\"@type\":\"ListItem\",\"@id\":\"https:\\\/\\\/www.eldigitaldeasturias.com\\\/noticias\\\/category\\\/actualidad\\\/#listItem\",\"name\":\"Actualidad\"}},{\"@type\":\"ListItem\",\"@id\":\"https:\\\/\\\/www.eldigitaldeasturias.com\\\/noticias\\\/category\\\/actualidad\\\/#listItem\",\"position\":2,\"name\":\"Actualidad\",\"item\":\"https:\\\/\\\/www.eldigitaldeasturias.com\\\/noticias\\\/category\\\/actualidad\\\/\",\"nextItem\":{\"@type\":\"ListItem\",\"@id\":\"https:\\\/\\\/www.eldigitaldeasturias.com\\\/noticias\\\/tomas-burgos-las-pensiones-se-pagan-en-cataluna-gracias-a-la-solidaridad-de-todos-los-espanoles\\\/#listItem\",\"name\":\"Tom\\u00e1s Burgos: \\u00abLas pensiones se pagan en Catalu\\u00f1a gracias a la solidaridad de todos los espa\\u00f1oles\\u00bb\"},\"previousItem\":{\"@type\":\"ListItem\",\"@id\":\"https:\\\/\\\/www.eldigitaldeasturias.com\\\/noticias#listItem\",\"name\":\"Home\"}},{\"@type\":\"ListItem\",\"@id\":\"https:\\\/\\\/www.eldigitaldeasturias.com\\\/noticias\\\/tomas-burgos-las-pensiones-se-pagan-en-cataluna-gracias-a-la-solidaridad-de-todos-los-espanoles\\\/#listItem\",\"position\":3,\"name\":\"Tom\\u00e1s Burgos: \\u00abLas pensiones se pagan en Catalu\\u00f1a gracias a la solidaridad de todos los espa\\u00f1oles\\u00bb\",\"previousItem\":{\"@type\":\"ListItem\",\"@id\":\"https:\\\/\\\/www.eldigitaldeasturias.com\\\/noticias\\\/category\\\/actualidad\\\/#listItem\",\"name\":\"Actualidad\"}}]},{\"@type\":\"Organization\",\"@id\":\"https:\\\/\\\/www.eldigitaldeasturias.com\\\/noticias\\\/#organization\",\"name\":\"El Digital de Asturias\",\"description\":\"Hemeroteca\",\"url\":\"https:\\\/\\\/www.eldigitaldeasturias.com\\\/noticias\\\/\",\"email\":\"info@eldigitaldeasturias.com\",\"telephone\":\"+34652131393\",\"logo\":{\"@type\":\"ImageObject\",\"url\":\"https:\\\/\\\/www.eldigitaldeasturias.com\\\/noticias\\\/wp-content\\\/uploads\\\/2020\\\/12\\\/EDA.jpg\",\"@id\":\"https:\\\/\\\/www.eldigitaldeasturias.com\\\/noticias\\\/tomas-burgos-las-pensiones-se-pagan-en-cataluna-gracias-a-la-solidaridad-de-todos-los-espanoles\\\/#organizationLogo\"},\"image\":{\"@id\":\"https:\\\/\\\/www.eldigitaldeasturias.com\\\/noticias\\\/tomas-burgos-las-pensiones-se-pagan-en-cataluna-gracias-a-la-solidaridad-de-todos-los-espanoles\\\/#organizationLogo\"},\"sameAs\":[\"https:\\\/\\\/facebook.com\\\/eldigitaldeasturias\",\"https:\\\/\\\/www.youtube.com\\\/channel\\\/UCZP-2wLEB9Rv6erhFmqVnvg\"],\"address\":{\"@id\":\"https:\\\/\\\/www.eldigitaldeasturias.com\\\/noticias\\\/#postaladdress\",\"@type\":\"PostalAddress\",\"streetAddress\":\"san antonio 4\",\"postalCode\":\"33430\",\"addressLocality\":\"Cand\\u00e1s\",\"addressRegion\":\"Asturias\",\"addressCountry\":\"ES\"}},{\"@type\":\"Person\",\"@id\":\"https:\\\/\\\/www.eldigitaldeasturias.com\\\/noticias\\\/author\\\/admin\\\/#author\",\"url\":\"https:\\\/\\\/www.eldigitaldeasturias.com\\\/noticias\\\/author\\\/admin\\\/\",\"name\":\"El Digital de Asturias\",\"image\":{\"@type\":\"ImageObject\",\"@id\":\"https:\\\/\\\/www.eldigitaldeasturias.com\\\/noticias\\\/tomas-burgos-las-pensiones-se-pagan-en-cataluna-gracias-a-la-solidaridad-de-todos-los-espanoles\\\/#authorImage\",\"url\":\"https:\\\/\\\/secure.gravatar.com\\\/avatar\\\/df2aeffc32bcd13f8d26072ef8a91b623d677766deac7f97ca815868cd41bf5e?s=96&d=mm&r=g\",\"width\":96,\"height\":96,\"caption\":\"El Digital de Asturias\"}},{\"@type\":\"WebPage\",\"@id\":\"https:\\\/\\\/www.eldigitaldeasturias.com\\\/noticias\\\/tomas-burgos-las-pensiones-se-pagan-en-cataluna-gracias-a-la-solidaridad-de-todos-los-espanoles\\\/#webpage\",\"url\":\"https:\\\/\\\/www.eldigitaldeasturias.com\\\/noticias\\\/tomas-burgos-las-pensiones-se-pagan-en-cataluna-gracias-a-la-solidaridad-de-todos-los-espanoles\\\/\",\"name\":\"Tom\\u00e1s Burgos: \\u00abLas pensiones se pagan en Catalu\\u00f1a gracias a la solidaridad de todos los espa\\u00f1oles\\u00bb - El Digital de Asturias\",\"description\":\"El secretario de Estado de Seguridad Social, Tom\\u00e1s Burgos, ha asegurado tras conocerse un informe de la Generalitat sobre el futuro de las pensiones que \\\"las pensiones se pagan en Catalu\\u00f1a gracias a la solidaridad de todos los espa\\u00f1oles\\\". \\u200bEl responsable del Ministerio de Empleo y Seguridad Social ha manifestado que \\\"la Seguridad Social espa\\u00f1ola,\",\"inLanguage\":\"es-ES\",\"isPartOf\":{\"@id\":\"https:\\\/\\\/www.eldigitaldeasturias.com\\\/noticias\\\/#website\"},\"breadcrumb\":{\"@id\":\"https:\\\/\\\/www.eldigitaldeasturias.com\\\/noticias\\\/tomas-burgos-las-pensiones-se-pagan-en-cataluna-gracias-a-la-solidaridad-de-todos-los-espanoles\\\/#breadcrumblist\"},\"author\":{\"@id\":\"https:\\\/\\\/www.eldigitaldeasturias.com\\\/noticias\\\/author\\\/admin\\\/#author\"},\"creator\":{\"@id\":\"https:\\\/\\\/www.eldigitaldeasturias.com\\\/noticias\\\/author\\\/admin\\\/#author\"},\"image\":{\"@type\":\"ImageObject\",\"url\":791443,\"@id\":\"https:\\\/\\\/www.eldigitaldeasturias.com\\\/noticias\\\/tomas-burgos-las-pensiones-se-pagan-en-cataluna-gracias-a-la-solidaridad-de-todos-los-espanoles\\\/#mainImage\"},\"primaryImageOfPage\":{\"@id\":\"https:\\\/\\\/www.eldigitaldeasturias.com\\\/noticias\\\/tomas-burgos-las-pensiones-se-pagan-en-cataluna-gracias-a-la-solidaridad-de-todos-los-espanoles\\\/#mainImage\"},\"datePublished\":\"2017-09-14T21:09:23+02:00\",\"dateModified\":\"2017-09-14T21:09:23+02:00\"},{\"@type\":\"WebSite\",\"@id\":\"https:\\\/\\\/www.eldigitaldeasturias.com\\\/noticias\\\/#website\",\"url\":\"https:\\\/\\\/www.eldigitaldeasturias.com\\\/noticias\\\/\",\"name\":\"El Digital de Asturias - Diario de actualidad y noticias\",\"alternateName\":\"El Digital de Asturias - Diario de actualidad y noticias\",\"description\":\"Hemeroteca\",\"inLanguage\":\"es-ES\",\"publisher\":{\"@id\":\"https:\\\/\\\/www.eldigitaldeasturias.com\\\/noticias\\\/#organization\"}}]}\n\t\t<\/script>\n\t\t<!-- All in One SEO Pro -->\r\n\t\t<title>Tom\u00e1s Burgos: \u00abLas pensiones se pagan en Catalu\u00f1a gracias a la solidaridad de todos los espa\u00f1oles\u00bb - El Digital de Asturias<\/title>\n\n","aioseo_head_json":{"title":"Tom\u00e1s Burgos: \u00abLas pensiones se pagan en Catalu\u00f1a gracias a la solidaridad de todos los espa\u00f1oles\u00bb - El Digital de Asturias","description":"El secretario de Estado de Seguridad Social, Tom\u00e1s Burgos, ha asegurado tras conocerse un informe de la Generalitat sobre el futuro de las pensiones que \"las pensiones se pagan en Catalu\u00f1a gracias a la solidaridad de todos los espa\u00f1oles\". \u200bEl responsable del Ministerio de Empleo y Seguridad Social ha manifestado que \"la Seguridad Social espa\u00f1ola,","canonical_url":"https:\/\/www.eldigitaldeasturias.com\/noticias\/tomas-burgos-las-pensiones-se-pagan-en-cataluna-gracias-a-la-solidaridad-de-todos-los-espanoles\/","robots":"max-image-preview:large","keywords":"actualidad","webmasterTools":{"google-site-verification":"UA-38556648-1","msvalidate.01":"7dfe9f3f1b24437ab69f4f2559babe99","miscellaneous":""},"schema":{"@context":"https:\/\/schema.org","@graph":[{"@type":"BlogPosting","@id":"https:\/\/www.eldigitaldeasturias.com\/noticias\/tomas-burgos-las-pensiones-se-pagan-en-cataluna-gracias-a-la-solidaridad-de-todos-los-espanoles\/#blogposting","name":"Tom\u00e1s Burgos: \u00abLas pensiones se pagan en Catalu\u00f1a gracias a la solidaridad de todos los espa\u00f1oles\u00bb - El Digital de Asturias","headline":"Tom\u00e1s Burgos: \u00abLas pensiones se pagan en Catalu\u00f1a gracias a la solidaridad de todos los espa\u00f1oles\u00bb","author":{"@id":"https:\/\/www.eldigitaldeasturias.com\/noticias\/author\/admin\/#author"},"publisher":{"@id":"https:\/\/www.eldigitaldeasturias.com\/noticias\/#organization"},"image":{"@type":"ImageObject","url":791443},"datePublished":"2017-09-14T21:09:23+02:00","dateModified":"2017-09-14T21:09:23+02:00","inLanguage":"es-ES","mainEntityOfPage":{"@id":"https:\/\/www.eldigitaldeasturias.com\/noticias\/tomas-burgos-las-pensiones-se-pagan-en-cataluna-gracias-a-la-solidaridad-de-todos-los-espanoles\/#webpage"},"isPartOf":{"@id":"https:\/\/www.eldigitaldeasturias.com\/noticias\/tomas-burgos-las-pensiones-se-pagan-en-cataluna-gracias-a-la-solidaridad-de-todos-los-espanoles\/#webpage"},"articleSection":"Actualidad"},{"@type":"BreadcrumbList","@id":"https:\/\/www.eldigitaldeasturias.com\/noticias\/tomas-burgos-las-pensiones-se-pagan-en-cataluna-gracias-a-la-solidaridad-de-todos-los-espanoles\/#breadcrumblist","itemListElement":[{"@type":"ListItem","@id":"https:\/\/www.eldigitaldeasturias.com\/noticias#listItem","position":1,"name":"Home","item":"https:\/\/www.eldigitaldeasturias.com\/noticias","nextItem":{"@type":"ListItem","@id":"https:\/\/www.eldigitaldeasturias.com\/noticias\/category\/actualidad\/#listItem","name":"Actualidad"}},{"@type":"ListItem","@id":"https:\/\/www.eldigitaldeasturias.com\/noticias\/category\/actualidad\/#listItem","position":2,"name":"Actualidad","item":"https:\/\/www.eldigitaldeasturias.com\/noticias\/category\/actualidad\/","nextItem":{"@type":"ListItem","@id":"https:\/\/www.eldigitaldeasturias.com\/noticias\/tomas-burgos-las-pensiones-se-pagan-en-cataluna-gracias-a-la-solidaridad-de-todos-los-espanoles\/#listItem","name":"Tom\u00e1s Burgos: \u00abLas pensiones se pagan en Catalu\u00f1a gracias a la solidaridad de todos los espa\u00f1oles\u00bb"},"previousItem":{"@type":"ListItem","@id":"https:\/\/www.eldigitaldeasturias.com\/noticias#listItem","name":"Home"}},{"@type":"ListItem","@id":"https:\/\/www.eldigitaldeasturias.com\/noticias\/tomas-burgos-las-pensiones-se-pagan-en-cataluna-gracias-a-la-solidaridad-de-todos-los-espanoles\/#listItem","position":3,"name":"Tom\u00e1s Burgos: \u00abLas pensiones se pagan en Catalu\u00f1a gracias a la solidaridad de todos los espa\u00f1oles\u00bb","previousItem":{"@type":"ListItem","@id":"https:\/\/www.eldigitaldeasturias.com\/noticias\/category\/actualidad\/#listItem","name":"Actualidad"}}]},{"@type":"Organization","@id":"https:\/\/www.eldigitaldeasturias.com\/noticias\/#organization","name":"El Digital de Asturias","description":"Hemeroteca","url":"https:\/\/www.eldigitaldeasturias.com\/noticias\/","email":"info@eldigitaldeasturias.com","telephone":"+34652131393","logo":{"@type":"ImageObject","url":"https:\/\/www.eldigitaldeasturias.com\/noticias\/wp-content\/uploads\/2020\/12\/EDA.jpg","@id":"https:\/\/www.eldigitaldeasturias.com\/noticias\/tomas-burgos-las-pensiones-se-pagan-en-cataluna-gracias-a-la-solidaridad-de-todos-los-espanoles\/#organizationLogo"},"image":{"@id":"https:\/\/www.eldigitaldeasturias.com\/noticias\/tomas-burgos-las-pensiones-se-pagan-en-cataluna-gracias-a-la-solidaridad-de-todos-los-espanoles\/#organizationLogo"},"sameAs":["https:\/\/facebook.com\/eldigitaldeasturias","https:\/\/www.youtube.com\/channel\/UCZP-2wLEB9Rv6erhFmqVnvg"],"address":{"@id":"https:\/\/www.eldigitaldeasturias.com\/noticias\/#postaladdress","@type":"PostalAddress","streetAddress":"san antonio 4","postalCode":"33430","addressLocality":"Cand\u00e1s","addressRegion":"Asturias","addressCountry":"ES"}},{"@type":"Person","@id":"https:\/\/www.eldigitaldeasturias.com\/noticias\/author\/admin\/#author","url":"https:\/\/www.eldigitaldeasturias.com\/noticias\/author\/admin\/","name":"El Digital de Asturias","image":{"@type":"ImageObject","@id":"https:\/\/www.eldigitaldeasturias.com\/noticias\/tomas-burgos-las-pensiones-se-pagan-en-cataluna-gracias-a-la-solidaridad-de-todos-los-espanoles\/#authorImage","url":"https:\/\/secure.gravatar.com\/avatar\/df2aeffc32bcd13f8d26072ef8a91b623d677766deac7f97ca815868cd41bf5e?s=96&d=mm&r=g","width":96,"height":96,"caption":"El Digital de Asturias"}},{"@type":"WebPage","@id":"https:\/\/www.eldigitaldeasturias.com\/noticias\/tomas-burgos-las-pensiones-se-pagan-en-cataluna-gracias-a-la-solidaridad-de-todos-los-espanoles\/#webpage","url":"https:\/\/www.eldigitaldeasturias.com\/noticias\/tomas-burgos-las-pensiones-se-pagan-en-cataluna-gracias-a-la-solidaridad-de-todos-los-espanoles\/","name":"Tom\u00e1s Burgos: \u00abLas pensiones se pagan en Catalu\u00f1a gracias a la solidaridad de todos los espa\u00f1oles\u00bb - El Digital de Asturias","description":"El secretario de Estado de Seguridad Social, Tom\u00e1s Burgos, ha asegurado tras conocerse un informe de la Generalitat sobre el futuro de las pensiones que \"las pensiones se pagan en Catalu\u00f1a gracias a la solidaridad de todos los espa\u00f1oles\". \u200bEl responsable del Ministerio de Empleo y Seguridad Social ha manifestado que \"la Seguridad Social espa\u00f1ola,","inLanguage":"es-ES","isPartOf":{"@id":"https:\/\/www.eldigitaldeasturias.com\/noticias\/#website"},"breadcrumb":{"@id":"https:\/\/www.eldigitaldeasturias.com\/noticias\/tomas-burgos-las-pensiones-se-pagan-en-cataluna-gracias-a-la-solidaridad-de-todos-los-espanoles\/#breadcrumblist"},"author":{"@id":"https:\/\/www.eldigitaldeasturias.com\/noticias\/author\/admin\/#author"},"creator":{"@id":"https:\/\/www.eldigitaldeasturias.com\/noticias\/author\/admin\/#author"},"image":{"@type":"ImageObject","url":791443,"@id":"https:\/\/www.eldigitaldeasturias.com\/noticias\/tomas-burgos-las-pensiones-se-pagan-en-cataluna-gracias-a-la-solidaridad-de-todos-los-espanoles\/#mainImage"},"primaryImageOfPage":{"@id":"https:\/\/www.eldigitaldeasturias.com\/noticias\/tomas-burgos-las-pensiones-se-pagan-en-cataluna-gracias-a-la-solidaridad-de-todos-los-espanoles\/#mainImage"},"datePublished":"2017-09-14T21:09:23+02:00","dateModified":"2017-09-14T21:09:23+02:00"},{"@type":"WebSite","@id":"https:\/\/www.eldigitaldeasturias.com\/noticias\/#website","url":"https:\/\/www.eldigitaldeasturias.com\/noticias\/","name":"El Digital de Asturias - Diario de actualidad y noticias","alternateName":"El Digital de Asturias - Diario de actualidad y noticias","description":"Hemeroteca","inLanguage":"es-ES","publisher":{"@id":"https:\/\/www.eldigitaldeasturias.com\/noticias\/#organization"}}]},"og:locale":"es_ES","og:site_name":"El Digital de Asturias","og:type":"article","og:title":"Tom\u00e1s Burgos: \u00abLas pensiones se pagan en Catalu\u00f1a gracias a la solidaridad de todos los espa\u00f1oles\u00bb - El Digital de Asturias","og:description":"El secretario de Estado de Seguridad Social, Tom\u00e1s Burgos, ha asegurado tras conocerse un informe de la Generalitat sobre el futuro de las pensiones que &quot;las pensiones se pagan en Catalu\u00f1a gracias a la solidaridad de todos los espa\u00f1oles&quot;. \u200bEl responsable del Ministerio de Empleo y Seguridad Social ha manifestado que &quot;la Seguridad Social espa\u00f1ola,","og:url":"https:\/\/www.eldigitaldeasturias.com\/noticias\/tomas-burgos-las-pensiones-se-pagan-en-cataluna-gracias-a-la-solidaridad-de-todos-los-espanoles\/","article:tag":["actualidad"],"article:published_time":"2017-09-14T21:09:23+00:00","article:modified_time":"2017-09-14T21:09:23+00:00","article:publisher":"https:\/\/facebook.com\/eldigitaldeasturias","twitter:card":"summary_large_image","twitter:title":"Tom\u00e1s Burgos: \u00abLas pensiones se pagan en Catalu\u00f1a gracias a la solidaridad de todos los espa\u00f1oles\u00bb - El Digital de Asturias","twitter:description":"El secretario de Estado de Seguridad Social, Tom\u00e1s Burgos, ha asegurado tras conocerse un informe de la Generalitat sobre el futuro de las pensiones que &quot;las pensiones se pagan en Catalu\u00f1a gracias a la solidaridad de todos los espa\u00f1oles&quot;. \u200bEl responsable del Ministerio de Empleo y Seguridad Social ha manifestado que &quot;la Seguridad Social espa\u00f1ola,","twitter:image":"https:\/\/www.eldigitaldeasturias.com\/noticias\/wp-content\/uploads\/2020\/12\/EDA-1.jpg","twitter:label1":"Escrito por","twitter:data1":"El Digital de Asturias","twitter:label2":"Tiempo de lectura estimado","twitter:data2":"2 minutos"},"aioseo_meta_data":{"post_id":"952863","title":null,"description":null,"keywords":null,"keyphrases":null,"primary_term":null,"canonical_url":null,"og_title":null,"og_description":null,"og_object_type":"default","og_image_type":"default","og_image_url":null,"og_image_width":null,"og_image_height":null,"og_image_custom_url":null,"og_image_custom_fields":null,"og_video":null,"og_custom_url":null,"og_article_section":null,"og_article_tags":null,"twitter_use_og":false,"twitter_card":"default","twitter_image_type":"default","twitter_image_url":null,"twitter_image_custom_url":null,"twitter_image_custom_fields":null,"twitter_title":null,"twitter_description":null,"schema":{"blockGraphs":[],"customGraphs":[],"default":{"data":{"Article":[],"Course":[],"Dataset":[],"FAQPage":[],"Movie":[],"Person":[],"Product":[],"ProductReview":[],"Car":[],"Recipe":[],"Service":[],"SoftwareApplication":[],"WebPage":[]},"graphName":"","isEnabled":true},"graphs":[],"defaultGraph":"","defaultPostTypeGraph":""},"schema_type":null,"schema_type_options":null,"pillar_content":false,"robots_default":true,"robots_noindex":false,"robots_noarchive":false,"robots_nosnippet":false,"robots_nofollow":false,"robots_noimageindex":false,"robots_noodp":false,"robots_notranslate":false,"robots_max_snippet":null,"robots_max_videopreview":null,"robots_max_imagepreview":"large","priority":null,"frequency":null,"local_seo":null,"seo_analyzer_scan_date":"2025-12-06 00:25:12","breadcrumb_settings":null,"limit_modified_date":false,"open_ai":null,"ai":null,"created":"2020-12-21 12:57:32","updated":"2025-12-06 00:25:12","focus_keyword":null,"additional_keywords":null,"truseo_locale":null},"aioseo_breadcrumb":"<div class=\"aioseo-breadcrumbs\"><span class=\"aioseo-breadcrumb\">\n\t<a href=\"https:\/\/www.eldigitaldeasturias.com\/noticias\" title=\"Home\">Home<\/a>\n<\/span><span class=\"aioseo-breadcrumb-separator\">\u2013<\/span><span class=\"aioseo-breadcrumb\">\n\t<a href=\"https:\/\/www.eldigitaldeasturias.com\/noticias\/category\/actualidad\/\" title=\"Actualidad\">Actualidad<\/a>\n<\/span><span class=\"aioseo-breadcrumb-separator\">\u2013<\/span><span class=\"aioseo-breadcrumb\">\n\t<a href=\"https:\/\/www.eldigitaldeasturias.com\/noticias\/tomas-burgos-las-pensiones-se-pagan-en-cataluna-gracias-a-la-solidaridad-de-todos-los-espanoles\/\" title=\"Tom\u00e1s Burgos: \u00abLas pensiones se pagan en Catalu\u00f1a gracias a la solidaridad de todos los espa\u00f1oles\u00bb\">Tom\u00e1s Burgos: \u00abLas pensiones se pagan en Catalu\u00f1a gracias a la solidaridad de todos los espa\u00f1oles\u00bb<\/a>\n<\/span><\/div>","aioseo_breadcrumb_json":[{"label":"Home","link":"https:\/\/www.eldigitaldeasturias.com\/noticias"},{"label":"Actualidad","link":"https:\/\/www.eldigitaldeasturias.com\/noticias\/category\/actualidad\/"},{"label":"Tom\u00e1s Burgos: \u00abLas pensiones se pagan en Catalu\u00f1a gracias a la solidaridad de todos los espa\u00f1oles\u00bb","link":"https:\/\/www.eldigitaldeasturias.com\/noticias\/tomas-burgos-las-pensiones-se-pagan-en-cataluna-gracias-a-la-solidaridad-de-todos-los-espanoles\/"}],"_links":{"self":[{"href":"https:\/\/www.eldigitaldeasturias.com\/noticias\/wp-json\/wp\/v2\/posts\/952863","targetHints":{"allow":["GET"]}}],"collection":[{"href":"https:\/\/www.eldigitaldeasturias.com\/noticias\/wp-json\/wp\/v2\/posts"}],"about":[{"href":"https:\/\/www.eldigitaldeasturias.com\/noticias\/wp-json\/wp\/v2\/types\/post"}],"author":[{"embeddable":true,"href":"https:\/\/www.eldigitaldeasturias.com\/noticias\/wp-json\/wp\/v2\/users\/1"}],"replies":[{"embeddable":true,"href":"https:\/\/www.eldigitaldeasturias.com\/noticias\/wp-json\/wp\/v2\/comments?post=952863"}],"version-history":[{"count":0,"href":"https:\/\/www.eldigitaldeasturias.com\/noticias\/wp-json\/wp\/v2\/posts\/952863\/revisions"}],"wp:attachment":[{"href":"https:\/\/www.eldigitaldeasturias.com\/noticias\/wp-json\/wp\/v2\/media?parent=952863"}],"wp:term":[{"taxonomy":"category","embeddable":true,"href":"https:\/\/www.eldigitaldeasturias.com\/noticias\/wp-json\/wp\/v2\/categories?post=952863"},{"taxonomy":"post_tag","embeddable":true,"href":"https:\/\/www.eldigitaldeasturias.com\/noticias\/wp-json\/wp\/v2\/tags?post=952863"}],"curies":[{"name":"wp","href":"https:\/\/api.w.org\/{rel}","templated":true}]}}