{"id":952857,"date":"2017-09-14T21:03:34","date_gmt":"2017-09-14T21:03:34","guid":{"rendered":"http:\/\/www.eldigitaldeasturias.com\/noticias\/?p=952857"},"modified":"2017-09-14T21:03:34","modified_gmt":"2017-09-14T21:03:34","slug":"mendez-de-vigo-anuncia-la-creacion-de-las-ayudas-beatriz-galindo","status":"publish","type":"post","link":"https:\/\/www.eldigitaldeasturias.com\/noticias\/mendez-de-vigo-anuncia-la-creacion-de-las-ayudas-beatriz-galindo\/","title":{"rendered":"M\u00e9ndez de Vigo anuncia la creaci\u00f3n de las ayudas &#8216;Beatriz Galindo&#8217;"},"content":{"rendered":"<p><img loading=\"lazy\" decoding=\"async\" class=\"alignleft size-medium wp-image-952858\" src=\"https:\/\/www.eldigitaldeasturias.com\/noticias\/wp-content\/uploads\/2017\/09\/140917-educacion-360x239.jpg\" alt=\"\" width=\"360\" height=\"239\" \/>El ministro de Educaci\u00f3n, Cultura y Deporte, \u00cd\u00f1igo M\u00e9ndez de Vigo, ha anunciado en Salamanca, durante la inauguraci\u00f3n del curso universitario, la puesta en marcha de las ayudas &#8216;Beatriz Galindo&#8217; para \u00abatraer y recuperar talento investigador a nuestras universidades\u00bb. Adem\u00e1s, ha avanzado que su Departamento destinar\u00e1 en los Presupuestos Generales del Estado de 2018 un mill\u00f3n de euros para movilidad con Iberoam\u00e9rica, dentro de la cofinanciaci\u00f3n que hace nuestro pa\u00eds al Programa Erasmus+.<\/p>\n<p>El ministro ha concretado que estas ayudas tendr\u00e1n una inversi\u00f3n de 10 millones de euros, y \u00abse articular\u00e1n a trav\u00e9s de un contrato de investigador entre la Universidad y el investigador, tendr\u00e1n una duraci\u00f3n de 4 a\u00f1os y la obligaci\u00f3n por parte de las universidades de incorporar ese talento a sus plantillas\u00bb.<\/p>\n<p>La denominaci\u00f3n de &#8216;Beatriz Galindo&#8217; a estas ayudas se hace en honor a esta destacada escritora y humanista espa\u00f1ola, ex alumna de la universidad de Salamanca, y preceptora de la Reina Isabel la Cat\u00f3lica, monarca que dio un gran impulso al acceso de las mujeres a la educaci\u00f3n y la cultura.<\/p>\n<p>De la misma manera, en su discurso, \u00cd\u00f1igo M\u00e9ndez de Vigo ha anunciado que su Departamento destinar\u00e1 en los Presupuestos Generales del Estado del a\u00f1o que viene 1 mill\u00f3n de euros para movilidad con Iberoam\u00e9rica, dentro de la cofinanciaci\u00f3n que hace nuestro pa\u00eds al Programa Erasmus+.<\/p>\n<p>\u00abSe trata -ha dicho- de reforzar los lazos tradicionales que ha tenido nuestro sistema universitario con el sistema universitario iberoamericano\u00bb.<\/p>\n<p>M\u00e9ndez de Vigo ha recordado que en 2017 se han destinado 178,2 millones de euros para el Programa Erasmus+ \u00abque se traduce en un 13% m\u00e1s de inversi\u00f3n que en 2016\u00bb y ha subrayado que \u00abdesde el a\u00f1o pasado se destinan ayudas adicionales para los estudiantes con menos recursos econ\u00f3micos y con discapacidad\u00bb.<\/p>\n<p><strong>Mayores facilidades para los universitarios<\/strong><\/p>\n<p>El ministro de Educaci\u00f3n, Cultura y Deporte ha asegurado que la Universidad es \u00abun mecanismo eficaz de progreso social\u00bb, y por lo tanto ha recalcado que el papel de los poderes p\u00fablicos es \u00abgarantizar que a ella puedan acceder todos los ciudadanos que queriendo estudiar no puedan hacerlo por motivos econ\u00f3micos\u00bb.<\/p>\n<p>En este sentido, M\u00e9ndez de Vigo ha recordado que este a\u00f1o su Ministerio destina 1.420,3 millones de euros a becas generales y ayudas a los estudiantes, \u00ablo que supone un 25% m\u00e1s que en 2012, y un 142% m\u00e1s si nos fijamos en las cifras de hace una d\u00e9cada\u00bb.<\/p>\n<p>Adem\u00e1s, M\u00e9ndez de Vigo ha subrayado otra de las novedades con la que empieza el curso universitario 2017-2018 como es la reducci\u00f3n de las tasas de los M\u00e1ster no habilitantes acercando sus tasas a las de los M\u00e1ster habilitantes y de los Grados universitarios.<\/p>\n<p>\u00abHemos dado esta facilidad a las Comunidades Aut\u00f3nomas para que lo hagan. Estas tasas, a partir de este curso, tendr\u00e1n que cubrir en primera matr\u00edcula entre el 15 y el 50% del coste del t\u00edtulo (frente al 40-50% anterior)\u00bb, ha dicho.<\/p>\n<blockquote><p><strong><em>El ministro de Educaci\u00f3n, Cultura y Deporte ha subrayado que el n\u00famero de profesores del sistema universitario espa\u00f1ol est\u00e1 creciendo desde el curso 2014-2015.<\/em><\/strong><\/p><\/blockquote>\n<p>De ah\u00ed que haya asegurado que en enero de 2017 hab\u00eda aumentado 1,7 puntos respecto del mismo mes de 2016 \u00abgracias a la elevaci\u00f3n de la tasa de reposici\u00f3n del profesorado al 100% en el a\u00f1o 2016 y 2017, y a la aprobaci\u00f3n de la promoci\u00f3n interna entre los cuerpos funcionariales universitarios y la posibilidad de movilidad sin ocupar tasa de reposici\u00f3n, que han reducido la presi\u00f3n en ese \u00e1mbito\u00bb.<\/p>\n<p>\u00abTodo ello -ha seguido- con la satisfacci\u00f3n de ver como nuestro pa\u00eds ha superado ya el objetivo europeo del 40% de poblaci\u00f3n de 30 a 34 a\u00f1os con estudios superiores, un dato que es importante se\u00f1alar, ya que la transici\u00f3n al mercado laboral es m\u00e1s sencilla conforme mejora la cualificaci\u00f3n acad\u00e9mica\u00bb.<\/p>\n<p><strong>La Universidad de Salamanca, un ejemplo para Espa\u00f1a<\/strong><\/p>\n<p>El ministro de Educaci\u00f3n, Cultura y Deporte ha dicho que la Universidad de Salamanca \u00abdesde el siglo XIII ha contribuido de una forma relevante a la ciencia, la cultura y la historia de nuestro pa\u00eds\u00bb.<\/p>\n<p>En su discurso ha aprovechado para recordar que en ella estudi\u00f3 Adolfo Su\u00e1rez \u00abcuya figura debe ser especialmente recordada hoy, cuando se intenta quebrar el orden constitucional que los espa\u00f1oles decidimos darnos hace 40 a\u00f1os y que se ha traducido en la mayor \u00e9poca de estabilidad, prosperidad y crecimiento en nuestra historia reciente\u00bb.<\/p>\n<p>M\u00e9ndez de Vigo ha alabado \u00absu formaci\u00f3n y educaci\u00f3n\u00bb como ejemplo de lo que la Universidad de Salamanca ofrece a Espa\u00f1a y como ejemplo de que \u00ablas instituciones educativas que apuntan a la excelencia pueden transformar decisivamente una sociedad\u00bb.<\/p>\n<p><strong>VIII Centenario de la Universidad de Salamanca<\/strong><\/p>\n<p>\u00cd\u00f1igo M\u00e9ndez de Vigo ha recordado que el acto inaugural de hoy abre \u00abun a\u00f1o de celebraciones en el que contar\u00e1n con la colaboraci\u00f3n del Gobierno\u00bb en el programa de actividades de celebraci\u00f3n del octavo Centenario de la Universidad de Salamanca que tendr\u00e1 lugar en 2018.<\/p>\n<p><strong>Este programa de actividades comprende cinco l\u00edneas de actuaci\u00f3n:<\/strong><\/p>\n<p>1.La consolidaci\u00f3n del liderazgo en la investigaci\u00f3n y ense\u00f1anza del espa\u00f1ol mediante la creaci\u00f3n, entre otras medidas, del Centro Internacional del Espa\u00f1ol de la Universidad de Salamanca.<\/p>\n<p>2.El establecimiento de un nuevo espacio com\u00fan internacional de Educaci\u00f3n Superior Europeo, Latinoamericano y del Caribe.<\/p>\n<p>3.La puesta en marcha de medidas para el fomento de la excelencia y la mejora de los niveles acad\u00e9micos de la universidad, como un programa de Becas de excelencia o el establecimiento de \u00abC\u00e1tedras VIII Centenario\u00bb.<\/p>\n<p>4.En el aspecto cultural, las actividades se centran en la adquisici\u00f3n, recuperaci\u00f3n y difusi\u00f3n del patrimonio material e inmaterial de la Universidad de Salamanca as\u00ed como el relacionado con el Estudio Salmantino.<\/p>\n<p>5.La realizaci\u00f3n de actividades culturales para la promoci\u00f3n nacional e internacional de este aniversario, de la imagen de la Universidad de Salamanca y del sistema universitario espa\u00f1ol.<\/p>\n<p>&nbsp;<\/p>\n<p>&nbsp;<\/p>\n","protected":false},"excerpt":{"rendered":"<p>El ministro de Educaci\u00f3n, Cultura y Deporte, \u00cd\u00f1igo M\u00e9ndez de Vigo, ha anunciado en Salamanca, durante la inauguraci\u00f3n del curso universitario, la puesta en marcha de las ayudas &#8216;Beatriz Galindo&#8217; para \u00abatraer y recuperar talento investigador a nuestras universidades\u00bb. Adem\u00e1s, ha avanzado que su Departamento destinar\u00e1 en los Presupuestos Generales del Estado de 2018 un [&hellip;]<\/p>\n","protected":false},"author":1,"featured_media":952858,"comment_status":"closed","ping_status":"closed","sticky":false,"template":"","format":"standard","meta":{"footnotes":""},"categories":[1],"tags":[],"class_list":["post-952857","post","type-post","status-publish","format-standard","has-post-thumbnail","hentry","category-actualidad"],"aioseo_notices":[],"aioseo_head":"\n\t\t<!-- All in One SEO Pro 5.0.1 - aioseo.com -->\n\t<meta name=\"description\" content=\"El ministro de Educaci\u00f3n, Cultura y Deporte, \u00cd\u00f1igo M\u00e9ndez de Vigo, ha anunciado en Salamanca, durante la inauguraci\u00f3n del curso universitario, la puesta en marcha de las ayudas &#039;Beatriz Galindo&#039; para &quot;atraer y recuperar talento investigador a nuestras universidades&quot;. Adem\u00e1s, ha avanzado que su Departamento destinar\u00e1 en los Presupuestos Generales del Estado de 2018 un\" \/>\n\t<meta name=\"robots\" content=\"max-image-preview:large\" \/>\n\t<meta name=\"author\" content=\"El Digital de Asturias\"\/>\n\t<meta name=\"google-site-verification\" content=\"UA-38556648-1\" \/>\n\t<meta name=\"msvalidate.01\" content=\"7dfe9f3f1b24437ab69f4f2559babe99\" \/>\n\t<meta name=\"keywords\" content=\"actualidad\" \/>\n\t<link rel=\"canonical\" href=\"https:\/\/www.eldigitaldeasturias.com\/noticias\/mendez-de-vigo-anuncia-la-creacion-de-las-ayudas-beatriz-galindo\/\" \/>\n\t<meta name=\"generator\" content=\"All in One SEO Pro (AIOSEO) 5.0.1\" \/>\n\t\t<meta property=\"og:locale\" content=\"es_ES\" \/>\n\t\t<meta property=\"og:site_name\" content=\"El Digital de Asturias\" \/>\n\t\t<meta property=\"og:type\" content=\"article\" \/>\n\t\t<meta property=\"og:title\" content=\"M\u00e9ndez de Vigo anuncia la creaci\u00f3n de las ayudas \u2018Beatriz Galindo\u2019 - El Digital de Asturias\" \/>\n\t\t<meta property=\"og:description\" content=\"El ministro de Educaci\u00f3n, Cultura y Deporte, \u00cd\u00f1igo M\u00e9ndez de Vigo, ha anunciado en Salamanca, durante la inauguraci\u00f3n del curso universitario, la puesta en marcha de las ayudas &#039;Beatriz Galindo&#039; para &quot;atraer y recuperar talento investigador a nuestras universidades&quot;. Adem\u00e1s, ha avanzado que su Departamento destinar\u00e1 en los Presupuestos Generales del Estado de 2018 un\" \/>\n\t\t<meta property=\"og:url\" content=\"https:\/\/www.eldigitaldeasturias.com\/noticias\/mendez-de-vigo-anuncia-la-creacion-de-las-ayudas-beatriz-galindo\/\" \/>\n\t\t<meta property=\"article:tag\" content=\"actualidad\" \/>\n\t\t<meta property=\"article:published_time\" content=\"2017-09-14T21:03:34+00:00\" \/>\n\t\t<meta property=\"article:modified_time\" content=\"2017-09-14T21:03:34+00:00\" \/>\n\t\t<meta property=\"article:publisher\" content=\"https:\/\/facebook.com\/eldigitaldeasturias\" \/>\n\t\t<meta name=\"twitter:card\" content=\"summary_large_image\" \/>\n\t\t<meta name=\"twitter:title\" content=\"M\u00e9ndez de Vigo anuncia la creaci\u00f3n de las ayudas \u2018Beatriz Galindo\u2019 - El Digital de Asturias\" \/>\n\t\t<meta name=\"twitter:description\" content=\"El ministro de Educaci\u00f3n, Cultura y Deporte, \u00cd\u00f1igo M\u00e9ndez de Vigo, ha anunciado en Salamanca, durante la inauguraci\u00f3n del curso universitario, la puesta en marcha de las ayudas &#039;Beatriz Galindo&#039; para &quot;atraer y recuperar talento investigador a nuestras universidades&quot;. Adem\u00e1s, ha avanzado que su Departamento destinar\u00e1 en los Presupuestos Generales del Estado de 2018 un\" \/>\n\t\t<meta name=\"twitter:image\" content=\"https:\/\/www.eldigitaldeasturias.com\/noticias\/wp-content\/uploads\/2020\/12\/EDA-1.jpg\" \/>\n\t\t<meta name=\"twitter:label1\" content=\"Escrito por\" \/>\n\t\t<meta name=\"twitter:data1\" content=\"El Digital de Asturias\" \/>\n\t\t<meta name=\"twitter:label2\" content=\"Tiempo de lectura estimado\" \/>\n\t\t<meta name=\"twitter:data2\" content=\"5 minutos\" \/>\n\t\t<script type=\"application\/ld+json\" class=\"aioseo-schema\">\n\t\t\t{\"@context\":\"https:\\\/\\\/schema.org\",\"@graph\":[{\"@type\":\"BlogPosting\",\"@id\":\"https:\\\/\\\/www.eldigitaldeasturias.com\\\/noticias\\\/mendez-de-vigo-anuncia-la-creacion-de-las-ayudas-beatriz-galindo\\\/#blogposting\",\"name\":\"M\\u00e9ndez de Vigo anuncia la creaci\\u00f3n de las ayudas \\u2018Beatriz Galindo\\u2019 - El Digital de Asturias\",\"headline\":\"M\\u00e9ndez de Vigo anuncia la creaci\\u00f3n de las ayudas &#8216;Beatriz Galindo&#8217;\",\"author\":{\"@id\":\"https:\\\/\\\/www.eldigitaldeasturias.com\\\/noticias\\\/author\\\/admin\\\/#author\"},\"publisher\":{\"@id\":\"https:\\\/\\\/www.eldigitaldeasturias.com\\\/noticias\\\/#organization\"},\"image\":{\"@type\":\"ImageObject\",\"url\":952858},\"datePublished\":\"2017-09-14T21:03:34+02:00\",\"dateModified\":\"2017-09-14T21:03:34+02:00\",\"inLanguage\":\"es-ES\",\"mainEntityOfPage\":{\"@id\":\"https:\\\/\\\/www.eldigitaldeasturias.com\\\/noticias\\\/mendez-de-vigo-anuncia-la-creacion-de-las-ayudas-beatriz-galindo\\\/#webpage\"},\"isPartOf\":{\"@id\":\"https:\\\/\\\/www.eldigitaldeasturias.com\\\/noticias\\\/mendez-de-vigo-anuncia-la-creacion-de-las-ayudas-beatriz-galindo\\\/#webpage\"},\"articleSection\":\"Actualidad\"},{\"@type\":\"BreadcrumbList\",\"@id\":\"https:\\\/\\\/www.eldigitaldeasturias.com\\\/noticias\\\/mendez-de-vigo-anuncia-la-creacion-de-las-ayudas-beatriz-galindo\\\/#breadcrumblist\",\"itemListElement\":[{\"@type\":\"ListItem\",\"@id\":\"https:\\\/\\\/www.eldigitaldeasturias.com\\\/noticias#listItem\",\"position\":1,\"name\":\"Home\",\"item\":\"https:\\\/\\\/www.eldigitaldeasturias.com\\\/noticias\",\"nextItem\":{\"@type\":\"ListItem\",\"@id\":\"https:\\\/\\\/www.eldigitaldeasturias.com\\\/noticias\\\/category\\\/actualidad\\\/#listItem\",\"name\":\"Actualidad\"}},{\"@type\":\"ListItem\",\"@id\":\"https:\\\/\\\/www.eldigitaldeasturias.com\\\/noticias\\\/category\\\/actualidad\\\/#listItem\",\"position\":2,\"name\":\"Actualidad\",\"item\":\"https:\\\/\\\/www.eldigitaldeasturias.com\\\/noticias\\\/category\\\/actualidad\\\/\",\"nextItem\":{\"@type\":\"ListItem\",\"@id\":\"https:\\\/\\\/www.eldigitaldeasturias.com\\\/noticias\\\/mendez-de-vigo-anuncia-la-creacion-de-las-ayudas-beatriz-galindo\\\/#listItem\",\"name\":\"M\\u00e9ndez de Vigo anuncia la creaci\\u00f3n de las ayudas &#8216;Beatriz Galindo&#8217;\"},\"previousItem\":{\"@type\":\"ListItem\",\"@id\":\"https:\\\/\\\/www.eldigitaldeasturias.com\\\/noticias#listItem\",\"name\":\"Home\"}},{\"@type\":\"ListItem\",\"@id\":\"https:\\\/\\\/www.eldigitaldeasturias.com\\\/noticias\\\/mendez-de-vigo-anuncia-la-creacion-de-las-ayudas-beatriz-galindo\\\/#listItem\",\"position\":3,\"name\":\"M\\u00e9ndez de Vigo anuncia la creaci\\u00f3n de las ayudas &#8216;Beatriz Galindo&#8217;\",\"previousItem\":{\"@type\":\"ListItem\",\"@id\":\"https:\\\/\\\/www.eldigitaldeasturias.com\\\/noticias\\\/category\\\/actualidad\\\/#listItem\",\"name\":\"Actualidad\"}}]},{\"@type\":\"Organization\",\"@id\":\"https:\\\/\\\/www.eldigitaldeasturias.com\\\/noticias\\\/#organization\",\"name\":\"El Digital de Asturias\",\"description\":\"Hemeroteca\",\"url\":\"https:\\\/\\\/www.eldigitaldeasturias.com\\\/noticias\\\/\",\"email\":\"info@eldigitaldeasturias.com\",\"telephone\":\"+34652131393\",\"logo\":{\"@type\":\"ImageObject\",\"url\":\"https:\\\/\\\/www.eldigitaldeasturias.com\\\/noticias\\\/wp-content\\\/uploads\\\/2020\\\/12\\\/EDA.jpg\",\"@id\":\"https:\\\/\\\/www.eldigitaldeasturias.com\\\/noticias\\\/mendez-de-vigo-anuncia-la-creacion-de-las-ayudas-beatriz-galindo\\\/#organizationLogo\"},\"image\":{\"@id\":\"https:\\\/\\\/www.eldigitaldeasturias.com\\\/noticias\\\/mendez-de-vigo-anuncia-la-creacion-de-las-ayudas-beatriz-galindo\\\/#organizationLogo\"},\"sameAs\":[\"https:\\\/\\\/facebook.com\\\/eldigitaldeasturias\",\"https:\\\/\\\/www.youtube.com\\\/channel\\\/UCZP-2wLEB9Rv6erhFmqVnvg\"],\"address\":{\"@id\":\"https:\\\/\\\/www.eldigitaldeasturias.com\\\/noticias\\\/#postaladdress\",\"@type\":\"PostalAddress\",\"streetAddress\":\"san antonio 4\",\"postalCode\":\"33430\",\"addressLocality\":\"Cand\\u00e1s\",\"addressRegion\":\"Asturias\",\"addressCountry\":\"ES\"}},{\"@type\":\"Person\",\"@id\":\"https:\\\/\\\/www.eldigitaldeasturias.com\\\/noticias\\\/author\\\/admin\\\/#author\",\"url\":\"https:\\\/\\\/www.eldigitaldeasturias.com\\\/noticias\\\/author\\\/admin\\\/\",\"name\":\"El Digital de Asturias\",\"image\":{\"@type\":\"ImageObject\",\"@id\":\"https:\\\/\\\/www.eldigitaldeasturias.com\\\/noticias\\\/mendez-de-vigo-anuncia-la-creacion-de-las-ayudas-beatriz-galindo\\\/#authorImage\",\"url\":\"https:\\\/\\\/secure.gravatar.com\\\/avatar\\\/df2aeffc32bcd13f8d26072ef8a91b623d677766deac7f97ca815868cd41bf5e?s=96&d=mm&r=g\",\"width\":96,\"height\":96,\"caption\":\"El Digital de Asturias\"}},{\"@type\":\"WebPage\",\"@id\":\"https:\\\/\\\/www.eldigitaldeasturias.com\\\/noticias\\\/mendez-de-vigo-anuncia-la-creacion-de-las-ayudas-beatriz-galindo\\\/#webpage\",\"url\":\"https:\\\/\\\/www.eldigitaldeasturias.com\\\/noticias\\\/mendez-de-vigo-anuncia-la-creacion-de-las-ayudas-beatriz-galindo\\\/\",\"name\":\"M\\u00e9ndez de Vigo anuncia la creaci\\u00f3n de las ayudas \\u2018Beatriz Galindo\\u2019 - El Digital de Asturias\",\"description\":\"El ministro de Educaci\\u00f3n, Cultura y Deporte, \\u00cd\\u00f1igo M\\u00e9ndez de Vigo, ha anunciado en Salamanca, durante la inauguraci\\u00f3n del curso universitario, la puesta en marcha de las ayudas 'Beatriz Galindo' para \\\"atraer y recuperar talento investigador a nuestras universidades\\\". Adem\\u00e1s, ha avanzado que su Departamento destinar\\u00e1 en los Presupuestos Generales del Estado de 2018 un\",\"inLanguage\":\"es-ES\",\"isPartOf\":{\"@id\":\"https:\\\/\\\/www.eldigitaldeasturias.com\\\/noticias\\\/#website\"},\"breadcrumb\":{\"@id\":\"https:\\\/\\\/www.eldigitaldeasturias.com\\\/noticias\\\/mendez-de-vigo-anuncia-la-creacion-de-las-ayudas-beatriz-galindo\\\/#breadcrumblist\"},\"author\":{\"@id\":\"https:\\\/\\\/www.eldigitaldeasturias.com\\\/noticias\\\/author\\\/admin\\\/#author\"},\"creator\":{\"@id\":\"https:\\\/\\\/www.eldigitaldeasturias.com\\\/noticias\\\/author\\\/admin\\\/#author\"},\"image\":{\"@type\":\"ImageObject\",\"url\":952858,\"@id\":\"https:\\\/\\\/www.eldigitaldeasturias.com\\\/noticias\\\/mendez-de-vigo-anuncia-la-creacion-de-las-ayudas-beatriz-galindo\\\/#mainImage\"},\"primaryImageOfPage\":{\"@id\":\"https:\\\/\\\/www.eldigitaldeasturias.com\\\/noticias\\\/mendez-de-vigo-anuncia-la-creacion-de-las-ayudas-beatriz-galindo\\\/#mainImage\"},\"datePublished\":\"2017-09-14T21:03:34+02:00\",\"dateModified\":\"2017-09-14T21:03:34+02:00\"},{\"@type\":\"WebSite\",\"@id\":\"https:\\\/\\\/www.eldigitaldeasturias.com\\\/noticias\\\/#website\",\"url\":\"https:\\\/\\\/www.eldigitaldeasturias.com\\\/noticias\\\/\",\"name\":\"El Digital de Asturias - Diario de actualidad y noticias\",\"alternateName\":\"El Digital de Asturias - Diario de actualidad y noticias\",\"description\":\"Hemeroteca\",\"inLanguage\":\"es-ES\",\"publisher\":{\"@id\":\"https:\\\/\\\/www.eldigitaldeasturias.com\\\/noticias\\\/#organization\"}}]}\n\t\t<\/script>\n\t\t<!-- All in One SEO Pro -->\r\n\t\t<title>M\u00e9ndez de Vigo anuncia la creaci\u00f3n de las ayudas \u2018Beatriz Galindo\u2019 - El Digital de Asturias<\/title>\n\n","aioseo_head_json":{"title":"M\u00e9ndez de Vigo anuncia la creaci\u00f3n de las ayudas \u2018Beatriz Galindo\u2019 - El Digital de Asturias","description":"El ministro de Educaci\u00f3n, Cultura y Deporte, \u00cd\u00f1igo M\u00e9ndez de Vigo, ha anunciado en Salamanca, durante la inauguraci\u00f3n del curso universitario, la puesta en marcha de las ayudas 'Beatriz Galindo' para \"atraer y recuperar talento investigador a nuestras universidades\". Adem\u00e1s, ha avanzado que su Departamento destinar\u00e1 en los Presupuestos Generales del Estado de 2018 un","canonical_url":"https:\/\/www.eldigitaldeasturias.com\/noticias\/mendez-de-vigo-anuncia-la-creacion-de-las-ayudas-beatriz-galindo\/","robots":"max-image-preview:large","keywords":"actualidad","webmasterTools":{"google-site-verification":"UA-38556648-1","msvalidate.01":"7dfe9f3f1b24437ab69f4f2559babe99","miscellaneous":""},"schema":{"@context":"https:\/\/schema.org","@graph":[{"@type":"BlogPosting","@id":"https:\/\/www.eldigitaldeasturias.com\/noticias\/mendez-de-vigo-anuncia-la-creacion-de-las-ayudas-beatriz-galindo\/#blogposting","name":"M\u00e9ndez de Vigo anuncia la creaci\u00f3n de las ayudas \u2018Beatriz Galindo\u2019 - El Digital de Asturias","headline":"M\u00e9ndez de Vigo anuncia la creaci\u00f3n de las ayudas &#8216;Beatriz Galindo&#8217;","author":{"@id":"https:\/\/www.eldigitaldeasturias.com\/noticias\/author\/admin\/#author"},"publisher":{"@id":"https:\/\/www.eldigitaldeasturias.com\/noticias\/#organization"},"image":{"@type":"ImageObject","url":952858},"datePublished":"2017-09-14T21:03:34+02:00","dateModified":"2017-09-14T21:03:34+02:00","inLanguage":"es-ES","mainEntityOfPage":{"@id":"https:\/\/www.eldigitaldeasturias.com\/noticias\/mendez-de-vigo-anuncia-la-creacion-de-las-ayudas-beatriz-galindo\/#webpage"},"isPartOf":{"@id":"https:\/\/www.eldigitaldeasturias.com\/noticias\/mendez-de-vigo-anuncia-la-creacion-de-las-ayudas-beatriz-galindo\/#webpage"},"articleSection":"Actualidad"},{"@type":"BreadcrumbList","@id":"https:\/\/www.eldigitaldeasturias.com\/noticias\/mendez-de-vigo-anuncia-la-creacion-de-las-ayudas-beatriz-galindo\/#breadcrumblist","itemListElement":[{"@type":"ListItem","@id":"https:\/\/www.eldigitaldeasturias.com\/noticias#listItem","position":1,"name":"Home","item":"https:\/\/www.eldigitaldeasturias.com\/noticias","nextItem":{"@type":"ListItem","@id":"https:\/\/www.eldigitaldeasturias.com\/noticias\/category\/actualidad\/#listItem","name":"Actualidad"}},{"@type":"ListItem","@id":"https:\/\/www.eldigitaldeasturias.com\/noticias\/category\/actualidad\/#listItem","position":2,"name":"Actualidad","item":"https:\/\/www.eldigitaldeasturias.com\/noticias\/category\/actualidad\/","nextItem":{"@type":"ListItem","@id":"https:\/\/www.eldigitaldeasturias.com\/noticias\/mendez-de-vigo-anuncia-la-creacion-de-las-ayudas-beatriz-galindo\/#listItem","name":"M\u00e9ndez de Vigo anuncia la creaci\u00f3n de las ayudas &#8216;Beatriz Galindo&#8217;"},"previousItem":{"@type":"ListItem","@id":"https:\/\/www.eldigitaldeasturias.com\/noticias#listItem","name":"Home"}},{"@type":"ListItem","@id":"https:\/\/www.eldigitaldeasturias.com\/noticias\/mendez-de-vigo-anuncia-la-creacion-de-las-ayudas-beatriz-galindo\/#listItem","position":3,"name":"M\u00e9ndez de Vigo anuncia la creaci\u00f3n de las ayudas &#8216;Beatriz Galindo&#8217;","previousItem":{"@type":"ListItem","@id":"https:\/\/www.eldigitaldeasturias.com\/noticias\/category\/actualidad\/#listItem","name":"Actualidad"}}]},{"@type":"Organization","@id":"https:\/\/www.eldigitaldeasturias.com\/noticias\/#organization","name":"El Digital de Asturias","description":"Hemeroteca","url":"https:\/\/www.eldigitaldeasturias.com\/noticias\/","email":"info@eldigitaldeasturias.com","telephone":"+34652131393","logo":{"@type":"ImageObject","url":"https:\/\/www.eldigitaldeasturias.com\/noticias\/wp-content\/uploads\/2020\/12\/EDA.jpg","@id":"https:\/\/www.eldigitaldeasturias.com\/noticias\/mendez-de-vigo-anuncia-la-creacion-de-las-ayudas-beatriz-galindo\/#organizationLogo"},"image":{"@id":"https:\/\/www.eldigitaldeasturias.com\/noticias\/mendez-de-vigo-anuncia-la-creacion-de-las-ayudas-beatriz-galindo\/#organizationLogo"},"sameAs":["https:\/\/facebook.com\/eldigitaldeasturias","https:\/\/www.youtube.com\/channel\/UCZP-2wLEB9Rv6erhFmqVnvg"],"address":{"@id":"https:\/\/www.eldigitaldeasturias.com\/noticias\/#postaladdress","@type":"PostalAddress","streetAddress":"san antonio 4","postalCode":"33430","addressLocality":"Cand\u00e1s","addressRegion":"Asturias","addressCountry":"ES"}},{"@type":"Person","@id":"https:\/\/www.eldigitaldeasturias.com\/noticias\/author\/admin\/#author","url":"https:\/\/www.eldigitaldeasturias.com\/noticias\/author\/admin\/","name":"El Digital de Asturias","image":{"@type":"ImageObject","@id":"https:\/\/www.eldigitaldeasturias.com\/noticias\/mendez-de-vigo-anuncia-la-creacion-de-las-ayudas-beatriz-galindo\/#authorImage","url":"https:\/\/secure.gravatar.com\/avatar\/df2aeffc32bcd13f8d26072ef8a91b623d677766deac7f97ca815868cd41bf5e?s=96&d=mm&r=g","width":96,"height":96,"caption":"El Digital de Asturias"}},{"@type":"WebPage","@id":"https:\/\/www.eldigitaldeasturias.com\/noticias\/mendez-de-vigo-anuncia-la-creacion-de-las-ayudas-beatriz-galindo\/#webpage","url":"https:\/\/www.eldigitaldeasturias.com\/noticias\/mendez-de-vigo-anuncia-la-creacion-de-las-ayudas-beatriz-galindo\/","name":"M\u00e9ndez de Vigo anuncia la creaci\u00f3n de las ayudas \u2018Beatriz Galindo\u2019 - El Digital de Asturias","description":"El ministro de Educaci\u00f3n, Cultura y Deporte, \u00cd\u00f1igo M\u00e9ndez de Vigo, ha anunciado en Salamanca, durante la inauguraci\u00f3n del curso universitario, la puesta en marcha de las ayudas 'Beatriz Galindo' para \"atraer y recuperar talento investigador a nuestras universidades\". Adem\u00e1s, ha avanzado que su Departamento destinar\u00e1 en los Presupuestos Generales del Estado de 2018 un","inLanguage":"es-ES","isPartOf":{"@id":"https:\/\/www.eldigitaldeasturias.com\/noticias\/#website"},"breadcrumb":{"@id":"https:\/\/www.eldigitaldeasturias.com\/noticias\/mendez-de-vigo-anuncia-la-creacion-de-las-ayudas-beatriz-galindo\/#breadcrumblist"},"author":{"@id":"https:\/\/www.eldigitaldeasturias.com\/noticias\/author\/admin\/#author"},"creator":{"@id":"https:\/\/www.eldigitaldeasturias.com\/noticias\/author\/admin\/#author"},"image":{"@type":"ImageObject","url":952858,"@id":"https:\/\/www.eldigitaldeasturias.com\/noticias\/mendez-de-vigo-anuncia-la-creacion-de-las-ayudas-beatriz-galindo\/#mainImage"},"primaryImageOfPage":{"@id":"https:\/\/www.eldigitaldeasturias.com\/noticias\/mendez-de-vigo-anuncia-la-creacion-de-las-ayudas-beatriz-galindo\/#mainImage"},"datePublished":"2017-09-14T21:03:34+02:00","dateModified":"2017-09-14T21:03:34+02:00"},{"@type":"WebSite","@id":"https:\/\/www.eldigitaldeasturias.com\/noticias\/#website","url":"https:\/\/www.eldigitaldeasturias.com\/noticias\/","name":"El Digital de Asturias - Diario de actualidad y noticias","alternateName":"El Digital de Asturias - Diario de actualidad y noticias","description":"Hemeroteca","inLanguage":"es-ES","publisher":{"@id":"https:\/\/www.eldigitaldeasturias.com\/noticias\/#organization"}}]},"og:locale":"es_ES","og:site_name":"El Digital de Asturias","og:type":"article","og:title":"M\u00e9ndez de Vigo anuncia la creaci\u00f3n de las ayudas \u2018Beatriz Galindo\u2019 - El Digital de Asturias","og:description":"El ministro de Educaci\u00f3n, Cultura y Deporte, \u00cd\u00f1igo M\u00e9ndez de Vigo, ha anunciado en Salamanca, durante la inauguraci\u00f3n del curso universitario, la puesta en marcha de las ayudas 'Beatriz Galindo' para &quot;atraer y recuperar talento investigador a nuestras universidades&quot;. Adem\u00e1s, ha avanzado que su Departamento destinar\u00e1 en los Presupuestos Generales del Estado de 2018 un","og:url":"https:\/\/www.eldigitaldeasturias.com\/noticias\/mendez-de-vigo-anuncia-la-creacion-de-las-ayudas-beatriz-galindo\/","article:tag":["actualidad"],"article:published_time":"2017-09-14T21:03:34+00:00","article:modified_time":"2017-09-14T21:03:34+00:00","article:publisher":"https:\/\/facebook.com\/eldigitaldeasturias","twitter:card":"summary_large_image","twitter:title":"M\u00e9ndez de Vigo anuncia la creaci\u00f3n de las ayudas \u2018Beatriz Galindo\u2019 - El Digital de Asturias","twitter:description":"El ministro de Educaci\u00f3n, Cultura y Deporte, \u00cd\u00f1igo M\u00e9ndez de Vigo, ha anunciado en Salamanca, durante la inauguraci\u00f3n del curso universitario, la puesta en marcha de las ayudas 'Beatriz Galindo' para &quot;atraer y recuperar talento investigador a nuestras universidades&quot;. Adem\u00e1s, ha avanzado que su Departamento destinar\u00e1 en los Presupuestos Generales del Estado de 2018 un","twitter:image":"https:\/\/www.eldigitaldeasturias.com\/noticias\/wp-content\/uploads\/2020\/12\/EDA-1.jpg","twitter:label1":"Escrito por","twitter:data1":"El Digital de Asturias","twitter:label2":"Tiempo de lectura estimado","twitter:data2":"5 minutos"},"aioseo_meta_data":{"post_id":"952857","title":null,"description":null,"keywords":null,"keyphrases":null,"primary_term":null,"canonical_url":null,"og_title":null,"og_description":null,"og_object_type":"default","og_image_type":"default","og_image_url":null,"og_image_width":null,"og_image_height":null,"og_image_custom_url":null,"og_image_custom_fields":null,"og_video":null,"og_custom_url":null,"og_article_section":null,"og_article_tags":null,"twitter_use_og":false,"twitter_card":"default","twitter_image_type":"default","twitter_image_url":null,"twitter_image_custom_url":null,"twitter_image_custom_fields":null,"twitter_title":null,"twitter_description":null,"schema":{"blockGraphs":[],"customGraphs":[],"default":{"data":{"Article":[],"Course":[],"Dataset":[],"FAQPage":[],"Movie":[],"Person":[],"Product":[],"ProductReview":[],"Car":[],"Recipe":[],"Service":[],"SoftwareApplication":[],"WebPage":[]},"graphName":"","isEnabled":true},"graphs":[],"defaultGraph":"","defaultPostTypeGraph":""},"schema_type":null,"schema_type_options":null,"pillar_content":false,"robots_default":true,"robots_noindex":false,"robots_noarchive":false,"robots_nosnippet":false,"robots_nofollow":false,"robots_noimageindex":false,"robots_noodp":false,"robots_notranslate":false,"robots_max_snippet":null,"robots_max_videopreview":null,"robots_max_imagepreview":"large","priority":null,"frequency":null,"local_seo":null,"seo_analyzer_scan_date":"2025-12-06 00:23:22","breadcrumb_settings":null,"limit_modified_date":false,"open_ai":null,"ai":null,"created":"2020-12-21 12:57:32","updated":"2025-12-06 00:23:22","focus_keyword":null,"additional_keywords":null,"truseo_locale":null},"aioseo_breadcrumb":"<div class=\"aioseo-breadcrumbs\"><span class=\"aioseo-breadcrumb\">\n\t<a href=\"https:\/\/www.eldigitaldeasturias.com\/noticias\" title=\"Home\">Home<\/a>\n<\/span><span class=\"aioseo-breadcrumb-separator\">\u2013<\/span><span class=\"aioseo-breadcrumb\">\n\t<a href=\"https:\/\/www.eldigitaldeasturias.com\/noticias\/category\/actualidad\/\" title=\"Actualidad\">Actualidad<\/a>\n<\/span><span class=\"aioseo-breadcrumb-separator\">\u2013<\/span><span class=\"aioseo-breadcrumb\">\n\t<a href=\"https:\/\/www.eldigitaldeasturias.com\/noticias\/mendez-de-vigo-anuncia-la-creacion-de-las-ayudas-beatriz-galindo\/\" title=\"M\u00e9ndez de Vigo anuncia la creaci\u00f3n de las ayudas \u2018Beatriz Galindo\u2019\">M\u00e9ndez de Vigo anuncia la creaci\u00f3n de las ayudas \u2018Beatriz Galindo\u2019<\/a>\n<\/span><\/div>","aioseo_breadcrumb_json":[{"label":"Home","link":"https:\/\/www.eldigitaldeasturias.com\/noticias"},{"label":"Actualidad","link":"https:\/\/www.eldigitaldeasturias.com\/noticias\/category\/actualidad\/"},{"label":"M\u00e9ndez de Vigo anuncia la creaci\u00f3n de las ayudas &#8216;Beatriz Galindo&#8217;","link":"https:\/\/www.eldigitaldeasturias.com\/noticias\/mendez-de-vigo-anuncia-la-creacion-de-las-ayudas-beatriz-galindo\/"}],"_links":{"self":[{"href":"https:\/\/www.eldigitaldeasturias.com\/noticias\/wp-json\/wp\/v2\/posts\/952857","targetHints":{"allow":["GET"]}}],"collection":[{"href":"https:\/\/www.eldigitaldeasturias.com\/noticias\/wp-json\/wp\/v2\/posts"}],"about":[{"href":"https:\/\/www.eldigitaldeasturias.com\/noticias\/wp-json\/wp\/v2\/types\/post"}],"author":[{"embeddable":true,"href":"https:\/\/www.eldigitaldeasturias.com\/noticias\/wp-json\/wp\/v2\/users\/1"}],"replies":[{"embeddable":true,"href":"https:\/\/www.eldigitaldeasturias.com\/noticias\/wp-json\/wp\/v2\/comments?post=952857"}],"version-history":[{"count":0,"href":"https:\/\/www.eldigitaldeasturias.com\/noticias\/wp-json\/wp\/v2\/posts\/952857\/revisions"}],"wp:attachment":[{"href":"https:\/\/www.eldigitaldeasturias.com\/noticias\/wp-json\/wp\/v2\/media?parent=952857"}],"wp:term":[{"taxonomy":"category","embeddable":true,"href":"https:\/\/www.eldigitaldeasturias.com\/noticias\/wp-json\/wp\/v2\/categories?post=952857"},{"taxonomy":"post_tag","embeddable":true,"href":"https:\/\/www.eldigitaldeasturias.com\/noticias\/wp-json\/wp\/v2\/tags?post=952857"}],"curies":[{"name":"wp","href":"https:\/\/api.w.org\/{rel}","templated":true}]}}