{"id":952794,"date":"2017-09-14T12:21:53","date_gmt":"2017-09-14T12:21:53","guid":{"rendered":"http:\/\/www.eldigitaldeasturias.com\/noticias\/?p=952794"},"modified":"2017-09-14T12:21:53","modified_gmt":"2017-09-14T12:21:53","slug":"banez-tres-de-cada-cuatro-personas-que-trabajan-tienen-un-contrato-indefinido","status":"publish","type":"post","link":"https:\/\/www.eldigitaldeasturias.com\/noticias\/banez-tres-de-cada-cuatro-personas-que-trabajan-tienen-un-contrato-indefinido\/","title":{"rendered":"B\u00e1\u00f1ez: \u00abTres de cada cuatro personas que trabajan tienen un contrato indefinido\u201d"},"content":{"rendered":"<p><img loading=\"lazy\" decoding=\"async\" class=\"alignleft size-medium wp-image-778139\" src=\"https:\/\/www.eldigitaldeasturias.com\/noticias\/wp-content\/uploads\/2015\/04\/industria1-360x270.jpg\" alt=\"\" width=\"360\" height=\"270\" \/>La ministra de Empleo y Seguridad Social, F\u00e1tima B\u00e1\u00f1ez, ha manifestado en el pleno del Congreso de los Diputados que \u00abseg\u00fan los datos de Eurostat del segundo trimestre del a\u00f1o, Espa\u00f1a consolida el liderazgo de la creaci\u00f3n de empleo en Europa, con 165.000 empleos, un 25% m\u00e1s que en Polonia, que es el segundo, y un 35% m\u00e1s que Alemania\u00bb.<\/p>\n<p>La ministra ha puntualizado que en ese trimestre Espa\u00f1a duplica la media de toda la eurozona en creaci\u00f3n de empleo y ha resaltado que se debe al esfuerzo colectivo de todos los espa\u00f1oles.<\/p>\n<p>\u200bDurante su intervenci\u00f3n, la titular del Departamento ha destacado que \u00abgracias a la responsabilidad de los interlocutores sociales y, aunque queda mucho por hacer, Espa\u00f1a est\u00e1 siendo capaz de conjugar la creaci\u00f3n de 500.000 empleos al a\u00f1o, con ganancias de productividad e incrementos moderados de poder adquisitivo\u00bb.<\/p>\n<p>La ministra ha resaltado que la recuperaci\u00f3n llega a trabajadores y empresarios porque hoy, con un mill\u00f3n y medio menos de asalariados y de trabajadores en Espa\u00f1a, la remuneraci\u00f3n total de la econom\u00eda de asalariados es de un 0,5% mayor que en el a\u00f1o 2007. \u00abLa remuneraci\u00f3n de asalariados ha crecido un 9,8% desde la recuperaci\u00f3n y s\u00f3lo un 9,3 los beneficios de explotaci\u00f3n\u00bb.<\/p>\n<p>B\u00e1\u00f1ez ha puesto de relieve que el crecimiento econ\u00f3mico se traduce de manera intensa en creaci\u00f3n de empleo. \u00abEso ha hecho posible, ha continuado, que hayamos recuperado el 65% del empleo que destruy\u00f3 la crisis\u00bb. La ministra ha reconocido el papel fundamental de los interlocutores sociales desde el a\u00f1o 2011, \u00absu compromiso y responsabilidad y con acuerdos de negociaci\u00f3n colectiva\u00bb ha permitido subidas de salarios todos los a\u00f1os\u00bb.<\/p>\n<p>Para la responsable de Empleo la recuperaci\u00f3n es sana, se crean 500.000 empleos al a\u00f1o, se producen ganancias de la productividad y, adem\u00e1s, ganancias de poder adquisitivo. \u00abEspa\u00f1a, ha dicho, est\u00e1 entre los pa\u00edses de la Zona Euro d\u00f3nde m\u00e1s ha crecido la productividad real, ha crecido un 3,9%, y lo novedoso de esta recuperaci\u00f3n es que esas ganancias de la productividad se han producido en 2014, un 0,4%, en 2015, un 0,7% y en 2016, un 1,7%\u00bb.<\/p>\n<p>La ministra ha concluido resaltando que la recuperaci\u00f3n es social, pero tambi\u00e9n segura para los trabajadores, porque van ganando en productividad y mejora de los salarios. \u00abAyer conocimos que en Espa\u00f1a la subida media pactada en convenio colectivo est\u00e1 en el 1,33% y son los representantes de los trabajadores y las empresas, los que tienen que decidir, en negociaci\u00f3n colectiva, lo que se subir\u00e1n los salarios en los pr\u00f3ximos a\u00f1os\u00bb.<\/p>\n<p>Respecto a la calidad en el empleo B\u00e1\u00f1ez ha se\u00f1alado que en Espa\u00f1a la contrataci\u00f3n indefinida crece el doble que la temporal. \u00abHoy tres de cada cuatro personas que trabajan tienen un contrato indefinido, siete puntos m\u00e1s que antes de la crisis, y se ha recuperado el 82% del empleo indefinido destruido y el 44% del temporal\u00bb.<\/p>\n<p>&nbsp;<\/p>\n","protected":false},"excerpt":{"rendered":"<p>La ministra de Empleo y Seguridad Social, F\u00e1tima B\u00e1\u00f1ez, ha manifestado en el pleno del Congreso de los Diputados que \u00abseg\u00fan los datos de Eurostat del segundo trimestre del a\u00f1o, Espa\u00f1a consolida el liderazgo de la creaci\u00f3n de empleo en Europa, con 165.000 empleos, un 25% m\u00e1s que en Polonia, que es el segundo, y [&hellip;]<\/p>\n","protected":false},"author":1,"featured_media":778139,"comment_status":"closed","ping_status":"closed","sticky":false,"template":"","format":"standard","meta":{"footnotes":""},"categories":[1],"tags":[],"class_list":["post-952794","post","type-post","status-publish","format-standard","has-post-thumbnail","hentry","category-actualidad"],"aioseo_notices":[],"aioseo_head":"\n\t\t<!-- All in One SEO Pro 5.0.1 - aioseo.com -->\n\t<meta name=\"description\" content=\"La ministra de Empleo y Seguridad Social, F\u00e1tima B\u00e1\u00f1ez, ha manifestado en el pleno del Congreso de los Diputados que &quot;seg\u00fan los datos de Eurostat del segundo trimestre del a\u00f1o, Espa\u00f1a consolida el liderazgo de la creaci\u00f3n de empleo en Europa, con 165.000 empleos, un 25% m\u00e1s que en Polonia, que es el segundo, y\" \/>\n\t<meta name=\"robots\" content=\"max-image-preview:large\" \/>\n\t<meta name=\"author\" content=\"El Digital de Asturias\"\/>\n\t<meta name=\"google-site-verification\" content=\"UA-38556648-1\" \/>\n\t<meta name=\"msvalidate.01\" content=\"7dfe9f3f1b24437ab69f4f2559babe99\" \/>\n\t<meta name=\"keywords\" content=\"actualidad\" \/>\n\t<link rel=\"canonical\" href=\"https:\/\/www.eldigitaldeasturias.com\/noticias\/banez-tres-de-cada-cuatro-personas-que-trabajan-tienen-un-contrato-indefinido\/\" \/>\n\t<meta name=\"generator\" content=\"All in One SEO Pro (AIOSEO) 5.0.1\" \/>\n\t\t<meta property=\"og:locale\" content=\"es_ES\" \/>\n\t\t<meta property=\"og:site_name\" content=\"El Digital de Asturias\" \/>\n\t\t<meta property=\"og:type\" content=\"article\" \/>\n\t\t<meta property=\"og:title\" content=\"B\u00e1\u00f1ez: \u00abTres de cada cuatro personas que trabajan tienen un contrato indefinido\u201d - El Digital de Asturias\" \/>\n\t\t<meta property=\"og:description\" content=\"La ministra de Empleo y Seguridad Social, F\u00e1tima B\u00e1\u00f1ez, ha manifestado en el pleno del Congreso de los Diputados que &quot;seg\u00fan los datos de Eurostat del segundo trimestre del a\u00f1o, Espa\u00f1a consolida el liderazgo de la creaci\u00f3n de empleo en Europa, con 165.000 empleos, un 25% m\u00e1s que en Polonia, que es el segundo, y\" \/>\n\t\t<meta property=\"og:url\" content=\"https:\/\/www.eldigitaldeasturias.com\/noticias\/banez-tres-de-cada-cuatro-personas-que-trabajan-tienen-un-contrato-indefinido\/\" \/>\n\t\t<meta property=\"article:tag\" content=\"actualidad\" \/>\n\t\t<meta property=\"article:published_time\" content=\"2017-09-14T12:21:53+00:00\" \/>\n\t\t<meta property=\"article:modified_time\" content=\"2017-09-14T12:21:53+00:00\" \/>\n\t\t<meta property=\"article:publisher\" content=\"https:\/\/facebook.com\/eldigitaldeasturias\" \/>\n\t\t<meta name=\"twitter:card\" content=\"summary_large_image\" \/>\n\t\t<meta name=\"twitter:title\" content=\"B\u00e1\u00f1ez: \u00abTres de cada cuatro personas que trabajan tienen un contrato indefinido\u201d - El Digital de Asturias\" \/>\n\t\t<meta name=\"twitter:description\" content=\"La ministra de Empleo y Seguridad Social, F\u00e1tima B\u00e1\u00f1ez, ha manifestado en el pleno del Congreso de los Diputados que &quot;seg\u00fan los datos de Eurostat del segundo trimestre del a\u00f1o, Espa\u00f1a consolida el liderazgo de la creaci\u00f3n de empleo en Europa, con 165.000 empleos, un 25% m\u00e1s que en Polonia, que es el segundo, y\" \/>\n\t\t<meta name=\"twitter:image\" content=\"https:\/\/www.eldigitaldeasturias.com\/noticias\/wp-content\/uploads\/2020\/12\/EDA-1.jpg\" \/>\n\t\t<meta name=\"twitter:label1\" content=\"Escrito por\" \/>\n\t\t<meta name=\"twitter:data1\" content=\"El Digital de Asturias\" \/>\n\t\t<meta name=\"twitter:label2\" content=\"Tiempo de lectura estimado\" \/>\n\t\t<meta name=\"twitter:data2\" content=\"3 minutos\" \/>\n\t\t<script type=\"application\/ld+json\" class=\"aioseo-schema\">\n\t\t\t{\"@context\":\"https:\\\/\\\/schema.org\",\"@graph\":[{\"@type\":\"BlogPosting\",\"@id\":\"https:\\\/\\\/www.eldigitaldeasturias.com\\\/noticias\\\/banez-tres-de-cada-cuatro-personas-que-trabajan-tienen-un-contrato-indefinido\\\/#blogposting\",\"name\":\"B\\u00e1\\u00f1ez: \\u00abTres de cada cuatro personas que trabajan tienen un contrato indefinido\\u201d - El Digital de Asturias\",\"headline\":\"B\\u00e1\\u00f1ez: \\u00abTres de cada cuatro personas que trabajan tienen un contrato indefinido\\u201d\",\"author\":{\"@id\":\"https:\\\/\\\/www.eldigitaldeasturias.com\\\/noticias\\\/author\\\/admin\\\/#author\"},\"publisher\":{\"@id\":\"https:\\\/\\\/www.eldigitaldeasturias.com\\\/noticias\\\/#organization\"},\"image\":{\"@type\":\"ImageObject\",\"url\":778139},\"datePublished\":\"2017-09-14T12:21:53+02:00\",\"dateModified\":\"2017-09-14T12:21:53+02:00\",\"inLanguage\":\"es-ES\",\"mainEntityOfPage\":{\"@id\":\"https:\\\/\\\/www.eldigitaldeasturias.com\\\/noticias\\\/banez-tres-de-cada-cuatro-personas-que-trabajan-tienen-un-contrato-indefinido\\\/#webpage\"},\"isPartOf\":{\"@id\":\"https:\\\/\\\/www.eldigitaldeasturias.com\\\/noticias\\\/banez-tres-de-cada-cuatro-personas-que-trabajan-tienen-un-contrato-indefinido\\\/#webpage\"},\"articleSection\":\"Actualidad\"},{\"@type\":\"BreadcrumbList\",\"@id\":\"https:\\\/\\\/www.eldigitaldeasturias.com\\\/noticias\\\/banez-tres-de-cada-cuatro-personas-que-trabajan-tienen-un-contrato-indefinido\\\/#breadcrumblist\",\"itemListElement\":[{\"@type\":\"ListItem\",\"@id\":\"https:\\\/\\\/www.eldigitaldeasturias.com\\\/noticias#listItem\",\"position\":1,\"name\":\"Home\",\"item\":\"https:\\\/\\\/www.eldigitaldeasturias.com\\\/noticias\",\"nextItem\":{\"@type\":\"ListItem\",\"@id\":\"https:\\\/\\\/www.eldigitaldeasturias.com\\\/noticias\\\/category\\\/actualidad\\\/#listItem\",\"name\":\"Actualidad\"}},{\"@type\":\"ListItem\",\"@id\":\"https:\\\/\\\/www.eldigitaldeasturias.com\\\/noticias\\\/category\\\/actualidad\\\/#listItem\",\"position\":2,\"name\":\"Actualidad\",\"item\":\"https:\\\/\\\/www.eldigitaldeasturias.com\\\/noticias\\\/category\\\/actualidad\\\/\",\"nextItem\":{\"@type\":\"ListItem\",\"@id\":\"https:\\\/\\\/www.eldigitaldeasturias.com\\\/noticias\\\/banez-tres-de-cada-cuatro-personas-que-trabajan-tienen-un-contrato-indefinido\\\/#listItem\",\"name\":\"B\\u00e1\\u00f1ez: \\u00abTres de cada cuatro personas que trabajan tienen un contrato indefinido\\u201d\"},\"previousItem\":{\"@type\":\"ListItem\",\"@id\":\"https:\\\/\\\/www.eldigitaldeasturias.com\\\/noticias#listItem\",\"name\":\"Home\"}},{\"@type\":\"ListItem\",\"@id\":\"https:\\\/\\\/www.eldigitaldeasturias.com\\\/noticias\\\/banez-tres-de-cada-cuatro-personas-que-trabajan-tienen-un-contrato-indefinido\\\/#listItem\",\"position\":3,\"name\":\"B\\u00e1\\u00f1ez: \\u00abTres de cada cuatro personas que trabajan tienen un contrato indefinido\\u201d\",\"previousItem\":{\"@type\":\"ListItem\",\"@id\":\"https:\\\/\\\/www.eldigitaldeasturias.com\\\/noticias\\\/category\\\/actualidad\\\/#listItem\",\"name\":\"Actualidad\"}}]},{\"@type\":\"Organization\",\"@id\":\"https:\\\/\\\/www.eldigitaldeasturias.com\\\/noticias\\\/#organization\",\"name\":\"El Digital de Asturias\",\"description\":\"Hemeroteca\",\"url\":\"https:\\\/\\\/www.eldigitaldeasturias.com\\\/noticias\\\/\",\"email\":\"info@eldigitaldeasturias.com\",\"telephone\":\"+34652131393\",\"logo\":{\"@type\":\"ImageObject\",\"url\":\"https:\\\/\\\/www.eldigitaldeasturias.com\\\/noticias\\\/wp-content\\\/uploads\\\/2020\\\/12\\\/EDA.jpg\",\"@id\":\"https:\\\/\\\/www.eldigitaldeasturias.com\\\/noticias\\\/banez-tres-de-cada-cuatro-personas-que-trabajan-tienen-un-contrato-indefinido\\\/#organizationLogo\"},\"image\":{\"@id\":\"https:\\\/\\\/www.eldigitaldeasturias.com\\\/noticias\\\/banez-tres-de-cada-cuatro-personas-que-trabajan-tienen-un-contrato-indefinido\\\/#organizationLogo\"},\"sameAs\":[\"https:\\\/\\\/facebook.com\\\/eldigitaldeasturias\",\"https:\\\/\\\/www.youtube.com\\\/channel\\\/UCZP-2wLEB9Rv6erhFmqVnvg\"],\"address\":{\"@id\":\"https:\\\/\\\/www.eldigitaldeasturias.com\\\/noticias\\\/#postaladdress\",\"@type\":\"PostalAddress\",\"streetAddress\":\"san antonio 4\",\"postalCode\":\"33430\",\"addressLocality\":\"Cand\\u00e1s\",\"addressRegion\":\"Asturias\",\"addressCountry\":\"ES\"}},{\"@type\":\"Person\",\"@id\":\"https:\\\/\\\/www.eldigitaldeasturias.com\\\/noticias\\\/author\\\/admin\\\/#author\",\"url\":\"https:\\\/\\\/www.eldigitaldeasturias.com\\\/noticias\\\/author\\\/admin\\\/\",\"name\":\"El Digital de Asturias\",\"image\":{\"@type\":\"ImageObject\",\"@id\":\"https:\\\/\\\/www.eldigitaldeasturias.com\\\/noticias\\\/banez-tres-de-cada-cuatro-personas-que-trabajan-tienen-un-contrato-indefinido\\\/#authorImage\",\"url\":\"https:\\\/\\\/secure.gravatar.com\\\/avatar\\\/df2aeffc32bcd13f8d26072ef8a91b623d677766deac7f97ca815868cd41bf5e?s=96&d=mm&r=g\",\"width\":96,\"height\":96,\"caption\":\"El Digital de Asturias\"}},{\"@type\":\"WebPage\",\"@id\":\"https:\\\/\\\/www.eldigitaldeasturias.com\\\/noticias\\\/banez-tres-de-cada-cuatro-personas-que-trabajan-tienen-un-contrato-indefinido\\\/#webpage\",\"url\":\"https:\\\/\\\/www.eldigitaldeasturias.com\\\/noticias\\\/banez-tres-de-cada-cuatro-personas-que-trabajan-tienen-un-contrato-indefinido\\\/\",\"name\":\"B\\u00e1\\u00f1ez: \\u00abTres de cada cuatro personas que trabajan tienen un contrato indefinido\\u201d - El Digital de Asturias\",\"description\":\"La ministra de Empleo y Seguridad Social, F\\u00e1tima B\\u00e1\\u00f1ez, ha manifestado en el pleno del Congreso de los Diputados que \\\"seg\\u00fan los datos de Eurostat del segundo trimestre del a\\u00f1o, Espa\\u00f1a consolida el liderazgo de la creaci\\u00f3n de empleo en Europa, con 165.000 empleos, un 25% m\\u00e1s que en Polonia, que es el segundo, y\",\"inLanguage\":\"es-ES\",\"isPartOf\":{\"@id\":\"https:\\\/\\\/www.eldigitaldeasturias.com\\\/noticias\\\/#website\"},\"breadcrumb\":{\"@id\":\"https:\\\/\\\/www.eldigitaldeasturias.com\\\/noticias\\\/banez-tres-de-cada-cuatro-personas-que-trabajan-tienen-un-contrato-indefinido\\\/#breadcrumblist\"},\"author\":{\"@id\":\"https:\\\/\\\/www.eldigitaldeasturias.com\\\/noticias\\\/author\\\/admin\\\/#author\"},\"creator\":{\"@id\":\"https:\\\/\\\/www.eldigitaldeasturias.com\\\/noticias\\\/author\\\/admin\\\/#author\"},\"image\":{\"@type\":\"ImageObject\",\"url\":778139,\"@id\":\"https:\\\/\\\/www.eldigitaldeasturias.com\\\/noticias\\\/banez-tres-de-cada-cuatro-personas-que-trabajan-tienen-un-contrato-indefinido\\\/#mainImage\"},\"primaryImageOfPage\":{\"@id\":\"https:\\\/\\\/www.eldigitaldeasturias.com\\\/noticias\\\/banez-tres-de-cada-cuatro-personas-que-trabajan-tienen-un-contrato-indefinido\\\/#mainImage\"},\"datePublished\":\"2017-09-14T12:21:53+02:00\",\"dateModified\":\"2017-09-14T12:21:53+02:00\"},{\"@type\":\"WebSite\",\"@id\":\"https:\\\/\\\/www.eldigitaldeasturias.com\\\/noticias\\\/#website\",\"url\":\"https:\\\/\\\/www.eldigitaldeasturias.com\\\/noticias\\\/\",\"name\":\"El Digital de Asturias - Diario de actualidad y noticias\",\"alternateName\":\"El Digital de Asturias - Diario de actualidad y noticias\",\"description\":\"Hemeroteca\",\"inLanguage\":\"es-ES\",\"publisher\":{\"@id\":\"https:\\\/\\\/www.eldigitaldeasturias.com\\\/noticias\\\/#organization\"}}]}\n\t\t<\/script>\n\t\t<!-- All in One SEO Pro -->\r\n\t\t<title>B\u00e1\u00f1ez: \u00abTres de cada cuatro personas que trabajan tienen un contrato indefinido\u201d - El Digital de Asturias<\/title>\n\n","aioseo_head_json":{"title":"B\u00e1\u00f1ez: \u00abTres de cada cuatro personas que trabajan tienen un contrato indefinido\u201d - El Digital de Asturias","description":"La ministra de Empleo y Seguridad Social, F\u00e1tima B\u00e1\u00f1ez, ha manifestado en el pleno del Congreso de los Diputados que \"seg\u00fan los datos de Eurostat del segundo trimestre del a\u00f1o, Espa\u00f1a consolida el liderazgo de la creaci\u00f3n de empleo en Europa, con 165.000 empleos, un 25% m\u00e1s que en Polonia, que es el segundo, y","canonical_url":"https:\/\/www.eldigitaldeasturias.com\/noticias\/banez-tres-de-cada-cuatro-personas-que-trabajan-tienen-un-contrato-indefinido\/","robots":"max-image-preview:large","keywords":"actualidad","webmasterTools":{"google-site-verification":"UA-38556648-1","msvalidate.01":"7dfe9f3f1b24437ab69f4f2559babe99","miscellaneous":""},"schema":{"@context":"https:\/\/schema.org","@graph":[{"@type":"BlogPosting","@id":"https:\/\/www.eldigitaldeasturias.com\/noticias\/banez-tres-de-cada-cuatro-personas-que-trabajan-tienen-un-contrato-indefinido\/#blogposting","name":"B\u00e1\u00f1ez: \u00abTres de cada cuatro personas que trabajan tienen un contrato indefinido\u201d - El Digital de Asturias","headline":"B\u00e1\u00f1ez: \u00abTres de cada cuatro personas que trabajan tienen un contrato indefinido\u201d","author":{"@id":"https:\/\/www.eldigitaldeasturias.com\/noticias\/author\/admin\/#author"},"publisher":{"@id":"https:\/\/www.eldigitaldeasturias.com\/noticias\/#organization"},"image":{"@type":"ImageObject","url":778139},"datePublished":"2017-09-14T12:21:53+02:00","dateModified":"2017-09-14T12:21:53+02:00","inLanguage":"es-ES","mainEntityOfPage":{"@id":"https:\/\/www.eldigitaldeasturias.com\/noticias\/banez-tres-de-cada-cuatro-personas-que-trabajan-tienen-un-contrato-indefinido\/#webpage"},"isPartOf":{"@id":"https:\/\/www.eldigitaldeasturias.com\/noticias\/banez-tres-de-cada-cuatro-personas-que-trabajan-tienen-un-contrato-indefinido\/#webpage"},"articleSection":"Actualidad"},{"@type":"BreadcrumbList","@id":"https:\/\/www.eldigitaldeasturias.com\/noticias\/banez-tres-de-cada-cuatro-personas-que-trabajan-tienen-un-contrato-indefinido\/#breadcrumblist","itemListElement":[{"@type":"ListItem","@id":"https:\/\/www.eldigitaldeasturias.com\/noticias#listItem","position":1,"name":"Home","item":"https:\/\/www.eldigitaldeasturias.com\/noticias","nextItem":{"@type":"ListItem","@id":"https:\/\/www.eldigitaldeasturias.com\/noticias\/category\/actualidad\/#listItem","name":"Actualidad"}},{"@type":"ListItem","@id":"https:\/\/www.eldigitaldeasturias.com\/noticias\/category\/actualidad\/#listItem","position":2,"name":"Actualidad","item":"https:\/\/www.eldigitaldeasturias.com\/noticias\/category\/actualidad\/","nextItem":{"@type":"ListItem","@id":"https:\/\/www.eldigitaldeasturias.com\/noticias\/banez-tres-de-cada-cuatro-personas-que-trabajan-tienen-un-contrato-indefinido\/#listItem","name":"B\u00e1\u00f1ez: \u00abTres de cada cuatro personas que trabajan tienen un contrato indefinido\u201d"},"previousItem":{"@type":"ListItem","@id":"https:\/\/www.eldigitaldeasturias.com\/noticias#listItem","name":"Home"}},{"@type":"ListItem","@id":"https:\/\/www.eldigitaldeasturias.com\/noticias\/banez-tres-de-cada-cuatro-personas-que-trabajan-tienen-un-contrato-indefinido\/#listItem","position":3,"name":"B\u00e1\u00f1ez: \u00abTres de cada cuatro personas que trabajan tienen un contrato indefinido\u201d","previousItem":{"@type":"ListItem","@id":"https:\/\/www.eldigitaldeasturias.com\/noticias\/category\/actualidad\/#listItem","name":"Actualidad"}}]},{"@type":"Organization","@id":"https:\/\/www.eldigitaldeasturias.com\/noticias\/#organization","name":"El Digital de Asturias","description":"Hemeroteca","url":"https:\/\/www.eldigitaldeasturias.com\/noticias\/","email":"info@eldigitaldeasturias.com","telephone":"+34652131393","logo":{"@type":"ImageObject","url":"https:\/\/www.eldigitaldeasturias.com\/noticias\/wp-content\/uploads\/2020\/12\/EDA.jpg","@id":"https:\/\/www.eldigitaldeasturias.com\/noticias\/banez-tres-de-cada-cuatro-personas-que-trabajan-tienen-un-contrato-indefinido\/#organizationLogo"},"image":{"@id":"https:\/\/www.eldigitaldeasturias.com\/noticias\/banez-tres-de-cada-cuatro-personas-que-trabajan-tienen-un-contrato-indefinido\/#organizationLogo"},"sameAs":["https:\/\/facebook.com\/eldigitaldeasturias","https:\/\/www.youtube.com\/channel\/UCZP-2wLEB9Rv6erhFmqVnvg"],"address":{"@id":"https:\/\/www.eldigitaldeasturias.com\/noticias\/#postaladdress","@type":"PostalAddress","streetAddress":"san antonio 4","postalCode":"33430","addressLocality":"Cand\u00e1s","addressRegion":"Asturias","addressCountry":"ES"}},{"@type":"Person","@id":"https:\/\/www.eldigitaldeasturias.com\/noticias\/author\/admin\/#author","url":"https:\/\/www.eldigitaldeasturias.com\/noticias\/author\/admin\/","name":"El Digital de Asturias","image":{"@type":"ImageObject","@id":"https:\/\/www.eldigitaldeasturias.com\/noticias\/banez-tres-de-cada-cuatro-personas-que-trabajan-tienen-un-contrato-indefinido\/#authorImage","url":"https:\/\/secure.gravatar.com\/avatar\/df2aeffc32bcd13f8d26072ef8a91b623d677766deac7f97ca815868cd41bf5e?s=96&d=mm&r=g","width":96,"height":96,"caption":"El Digital de Asturias"}},{"@type":"WebPage","@id":"https:\/\/www.eldigitaldeasturias.com\/noticias\/banez-tres-de-cada-cuatro-personas-que-trabajan-tienen-un-contrato-indefinido\/#webpage","url":"https:\/\/www.eldigitaldeasturias.com\/noticias\/banez-tres-de-cada-cuatro-personas-que-trabajan-tienen-un-contrato-indefinido\/","name":"B\u00e1\u00f1ez: \u00abTres de cada cuatro personas que trabajan tienen un contrato indefinido\u201d - El Digital de Asturias","description":"La ministra de Empleo y Seguridad Social, F\u00e1tima B\u00e1\u00f1ez, ha manifestado en el pleno del Congreso de los Diputados que \"seg\u00fan los datos de Eurostat del segundo trimestre del a\u00f1o, Espa\u00f1a consolida el liderazgo de la creaci\u00f3n de empleo en Europa, con 165.000 empleos, un 25% m\u00e1s que en Polonia, que es el segundo, y","inLanguage":"es-ES","isPartOf":{"@id":"https:\/\/www.eldigitaldeasturias.com\/noticias\/#website"},"breadcrumb":{"@id":"https:\/\/www.eldigitaldeasturias.com\/noticias\/banez-tres-de-cada-cuatro-personas-que-trabajan-tienen-un-contrato-indefinido\/#breadcrumblist"},"author":{"@id":"https:\/\/www.eldigitaldeasturias.com\/noticias\/author\/admin\/#author"},"creator":{"@id":"https:\/\/www.eldigitaldeasturias.com\/noticias\/author\/admin\/#author"},"image":{"@type":"ImageObject","url":778139,"@id":"https:\/\/www.eldigitaldeasturias.com\/noticias\/banez-tres-de-cada-cuatro-personas-que-trabajan-tienen-un-contrato-indefinido\/#mainImage"},"primaryImageOfPage":{"@id":"https:\/\/www.eldigitaldeasturias.com\/noticias\/banez-tres-de-cada-cuatro-personas-que-trabajan-tienen-un-contrato-indefinido\/#mainImage"},"datePublished":"2017-09-14T12:21:53+02:00","dateModified":"2017-09-14T12:21:53+02:00"},{"@type":"WebSite","@id":"https:\/\/www.eldigitaldeasturias.com\/noticias\/#website","url":"https:\/\/www.eldigitaldeasturias.com\/noticias\/","name":"El Digital de Asturias - Diario de actualidad y noticias","alternateName":"El Digital de Asturias - Diario de actualidad y noticias","description":"Hemeroteca","inLanguage":"es-ES","publisher":{"@id":"https:\/\/www.eldigitaldeasturias.com\/noticias\/#organization"}}]},"og:locale":"es_ES","og:site_name":"El Digital de Asturias","og:type":"article","og:title":"B\u00e1\u00f1ez: \u00abTres de cada cuatro personas que trabajan tienen un contrato indefinido\u201d - El Digital de Asturias","og:description":"La ministra de Empleo y Seguridad Social, F\u00e1tima B\u00e1\u00f1ez, ha manifestado en el pleno del Congreso de los Diputados que &quot;seg\u00fan los datos de Eurostat del segundo trimestre del a\u00f1o, Espa\u00f1a consolida el liderazgo de la creaci\u00f3n de empleo en Europa, con 165.000 empleos, un 25% m\u00e1s que en Polonia, que es el segundo, y","og:url":"https:\/\/www.eldigitaldeasturias.com\/noticias\/banez-tres-de-cada-cuatro-personas-que-trabajan-tienen-un-contrato-indefinido\/","article:tag":["actualidad"],"article:published_time":"2017-09-14T12:21:53+00:00","article:modified_time":"2017-09-14T12:21:53+00:00","article:publisher":"https:\/\/facebook.com\/eldigitaldeasturias","twitter:card":"summary_large_image","twitter:title":"B\u00e1\u00f1ez: \u00abTres de cada cuatro personas que trabajan tienen un contrato indefinido\u201d - El Digital de Asturias","twitter:description":"La ministra de Empleo y Seguridad Social, F\u00e1tima B\u00e1\u00f1ez, ha manifestado en el pleno del Congreso de los Diputados que &quot;seg\u00fan los datos de Eurostat del segundo trimestre del a\u00f1o, Espa\u00f1a consolida el liderazgo de la creaci\u00f3n de empleo en Europa, con 165.000 empleos, un 25% m\u00e1s que en Polonia, que es el segundo, y","twitter:image":"https:\/\/www.eldigitaldeasturias.com\/noticias\/wp-content\/uploads\/2020\/12\/EDA-1.jpg","twitter:label1":"Escrito por","twitter:data1":"El Digital de Asturias","twitter:label2":"Tiempo de lectura estimado","twitter:data2":"3 minutos"},"aioseo_meta_data":{"post_id":"952794","title":null,"description":null,"keywords":null,"keyphrases":null,"primary_term":null,"canonical_url":null,"og_title":null,"og_description":null,"og_object_type":"default","og_image_type":"default","og_image_url":null,"og_image_width":null,"og_image_height":null,"og_image_custom_url":null,"og_image_custom_fields":null,"og_video":null,"og_custom_url":null,"og_article_section":null,"og_article_tags":null,"twitter_use_og":false,"twitter_card":"default","twitter_image_type":"default","twitter_image_url":null,"twitter_image_custom_url":null,"twitter_image_custom_fields":null,"twitter_title":null,"twitter_description":null,"schema":{"blockGraphs":[],"customGraphs":[],"default":{"data":{"Article":[],"Course":[],"Dataset":[],"FAQPage":[],"Movie":[],"Person":[],"Product":[],"ProductReview":[],"Car":[],"Recipe":[],"Service":[],"SoftwareApplication":[],"WebPage":[]},"graphName":"","isEnabled":true},"graphs":[]},"schema_type":null,"schema_type_options":null,"pillar_content":false,"robots_default":true,"robots_noindex":false,"robots_noarchive":false,"robots_nosnippet":false,"robots_nofollow":false,"robots_noimageindex":false,"robots_noodp":false,"robots_notranslate":false,"robots_max_snippet":null,"robots_max_videopreview":null,"robots_max_imagepreview":"large","priority":null,"frequency":null,"local_seo":null,"seo_analyzer_scan_date":"2025-12-06 00:10:38","breadcrumb_settings":null,"limit_modified_date":false,"open_ai":null,"ai":null,"created":"2020-12-21 12:57:32","updated":"2025-12-06 00:10:38","focus_keyword":null,"additional_keywords":null,"truseo_locale":null},"aioseo_breadcrumb":"<div class=\"aioseo-breadcrumbs\"><span class=\"aioseo-breadcrumb\">\n\t<a href=\"https:\/\/www.eldigitaldeasturias.com\/noticias\" title=\"Home\">Home<\/a>\n<\/span><span class=\"aioseo-breadcrumb-separator\">\u2013<\/span><span class=\"aioseo-breadcrumb\">\n\t<a href=\"https:\/\/www.eldigitaldeasturias.com\/noticias\/category\/actualidad\/\" title=\"Actualidad\">Actualidad<\/a>\n<\/span><span class=\"aioseo-breadcrumb-separator\">\u2013<\/span><span class=\"aioseo-breadcrumb\">\n\t<a href=\"https:\/\/www.eldigitaldeasturias.com\/noticias\/banez-tres-de-cada-cuatro-personas-que-trabajan-tienen-un-contrato-indefinido\/\" title=\"B\u00e1\u00f1ez: \u00abTres de cada cuatro personas que trabajan tienen un contrato indefinido\u201d\">B\u00e1\u00f1ez: \u00abTres de cada cuatro personas que trabajan tienen un contrato indefinido\u201d<\/a>\n<\/span><\/div>","aioseo_breadcrumb_json":[{"label":"Home","link":"https:\/\/www.eldigitaldeasturias.com\/noticias"},{"label":"Actualidad","link":"https:\/\/www.eldigitaldeasturias.com\/noticias\/category\/actualidad\/"},{"label":"B\u00e1\u00f1ez: \u00abTres de cada cuatro personas que trabajan tienen un contrato indefinido\u201d","link":"https:\/\/www.eldigitaldeasturias.com\/noticias\/banez-tres-de-cada-cuatro-personas-que-trabajan-tienen-un-contrato-indefinido\/"}],"_links":{"self":[{"href":"https:\/\/www.eldigitaldeasturias.com\/noticias\/wp-json\/wp\/v2\/posts\/952794","targetHints":{"allow":["GET"]}}],"collection":[{"href":"https:\/\/www.eldigitaldeasturias.com\/noticias\/wp-json\/wp\/v2\/posts"}],"about":[{"href":"https:\/\/www.eldigitaldeasturias.com\/noticias\/wp-json\/wp\/v2\/types\/post"}],"author":[{"embeddable":true,"href":"https:\/\/www.eldigitaldeasturias.com\/noticias\/wp-json\/wp\/v2\/users\/1"}],"replies":[{"embeddable":true,"href":"https:\/\/www.eldigitaldeasturias.com\/noticias\/wp-json\/wp\/v2\/comments?post=952794"}],"version-history":[{"count":0,"href":"https:\/\/www.eldigitaldeasturias.com\/noticias\/wp-json\/wp\/v2\/posts\/952794\/revisions"}],"wp:attachment":[{"href":"https:\/\/www.eldigitaldeasturias.com\/noticias\/wp-json\/wp\/v2\/media?parent=952794"}],"wp:term":[{"taxonomy":"category","embeddable":true,"href":"https:\/\/www.eldigitaldeasturias.com\/noticias\/wp-json\/wp\/v2\/categories?post=952794"},{"taxonomy":"post_tag","embeddable":true,"href":"https:\/\/www.eldigitaldeasturias.com\/noticias\/wp-json\/wp\/v2\/tags?post=952794"}],"curies":[{"name":"wp","href":"https:\/\/api.w.org\/{rel}","templated":true}]}}