{"id":952784,"date":"2017-09-14T12:14:35","date_gmt":"2017-09-14T12:14:35","guid":{"rendered":"http:\/\/www.eldigitaldeasturias.com\/noticias\/?p=952784"},"modified":"2017-09-14T12:14:35","modified_gmt":"2017-09-14T12:14:35","slug":"la-mujer-de-la-escalera-de-pedro-a-gonzalez-moreno-ganadora-del-premio-de-novela-cafe-gijon-2017","status":"publish","type":"post","link":"https:\/\/www.eldigitaldeasturias.com\/noticias\/la-mujer-de-la-escalera-de-pedro-a-gonzalez-moreno-ganadora-del-premio-de-novela-cafe-gijon-2017\/","title":{"rendered":"\u201cLa mujer de la escalera\u201d, de Pedro A. Gonz\u00e1lez Moreno, ganadora del Premio de Novela Caf\u00e9 Gij\u00f3n 2017"},"content":{"rendered":"<p><img loading=\"lazy\" decoding=\"async\" class=\"alignleft size-medium wp-image-952785\" src=\"https:\/\/www.eldigitaldeasturias.com\/noticias\/wp-content\/uploads\/2017\/09\/IMG_5225-240x320.jpg\" alt=\"\" width=\"240\" height=\"320\" \/>Tras estar reunido desde las 20:00 horas del mi\u00e9rcoles 13 de setiembre de 2017 en el Caf\u00e9 Gij\u00f3n, el Jurado calificador del Premio de Novela Caf\u00e9 Gij\u00f3n, compuesto por D\u00f1a. Mercedes Monmany, D. Antonio Colinas, D. Marcos Giralt Torrente, D. Jos\u00e9 Mar\u00eda Guelbenzu en calidad de presidente y las valoraciones y votos emitidos telef\u00f3nicamente por D\u00f1a. Rosa Reg\u00e0s, y actuando como secretaria D\u00f1a. Patricia Men\u00e9ndez Benavente, tras las oportunas deliberaciones y votaciones, el Jurado acuerda\u00a0otorgar por mayor\u00eda el <strong>Premio de Novela Caf\u00e9 Gij\u00f3n 2017<\/strong> a la novela \u00ab<strong>La mujer de la escalera\u00bb<\/strong> presentada por <strong>Pedro A. Gonz\u00e1lez Moreno<\/strong>.<\/p>\n<p>Dos cr\u00edmenes y la b\u00fasqueda de unas supuestas obras de teatro anteriores a la aparici\u00f3n de La Celestina crean una apasionante novela ambientada en el mundo universitario.<\/p>\n<p>La protagonista se ver\u00e1 inmersa en un cruce de intrigas que el autor desarrolla h\u00e1bilmente y con un excelente despliegue de recursos narrativos.<\/p>\n<p>&nbsp;<\/p>\n","protected":false},"excerpt":{"rendered":"<p>Tras estar reunido desde las 20:00 horas del mi\u00e9rcoles 13 de setiembre de 2017 en el Caf\u00e9 Gij\u00f3n, el Jurado calificador del Premio de Novela Caf\u00e9 Gij\u00f3n, compuesto por D\u00f1a. Mercedes Monmany, D. Antonio Colinas, D. Marcos Giralt Torrente, D. Jos\u00e9 Mar\u00eda Guelbenzu en calidad de presidente y las valoraciones y votos emitidos telef\u00f3nicamente por [&hellip;]<\/p>\n","protected":false},"author":1,"featured_media":952785,"comment_status":"closed","ping_status":"closed","sticky":false,"template":"","format":"standard","meta":{"footnotes":""},"categories":[1],"tags":[],"class_list":["post-952784","post","type-post","status-publish","format-standard","has-post-thumbnail","hentry","category-actualidad"],"aioseo_notices":[],"aioseo_head":"\n\t\t<!-- All in One SEO Pro 5.0.1 - aioseo.com -->\n\t<meta name=\"description\" content=\"Tras estar reunido desde las 20:00 horas del mi\u00e9rcoles 13 de setiembre de 2017 en el Caf\u00e9 Gij\u00f3n, el Jurado calificador del Premio de Novela Caf\u00e9 Gij\u00f3n, compuesto por D\u00f1a. Mercedes Monmany, D. Antonio Colinas, D. Marcos Giralt Torrente, D. Jos\u00e9 Mar\u00eda Guelbenzu en calidad de presidente y las valoraciones y votos emitidos telef\u00f3nicamente por\" \/>\n\t<meta name=\"robots\" content=\"max-image-preview:large\" \/>\n\t<meta name=\"author\" content=\"El Digital de Asturias\"\/>\n\t<meta name=\"google-site-verification\" content=\"UA-38556648-1\" \/>\n\t<meta name=\"msvalidate.01\" content=\"7dfe9f3f1b24437ab69f4f2559babe99\" \/>\n\t<meta name=\"keywords\" content=\"actualidad\" \/>\n\t<link rel=\"canonical\" href=\"https:\/\/www.eldigitaldeasturias.com\/noticias\/la-mujer-de-la-escalera-de-pedro-a-gonzalez-moreno-ganadora-del-premio-de-novela-cafe-gijon-2017\/\" \/>\n\t<meta name=\"generator\" content=\"All in One SEO Pro (AIOSEO) 5.0.1\" \/>\n\t\t<meta property=\"og:locale\" content=\"es_ES\" \/>\n\t\t<meta property=\"og:site_name\" content=\"El Digital de Asturias\" \/>\n\t\t<meta property=\"og:type\" content=\"article\" \/>\n\t\t<meta property=\"og:title\" content=\"\u201cLa mujer de la escalera\u201d, de Pedro A. Gonz\u00e1lez Moreno, ganadora del Premio de Novela Caf\u00e9 Gij\u00f3n 2017 - El Digital de Asturias\" \/>\n\t\t<meta property=\"og:description\" content=\"Tras estar reunido desde las 20:00 horas del mi\u00e9rcoles 13 de setiembre de 2017 en el Caf\u00e9 Gij\u00f3n, el Jurado calificador del Premio de Novela Caf\u00e9 Gij\u00f3n, compuesto por D\u00f1a. Mercedes Monmany, D. Antonio Colinas, D. Marcos Giralt Torrente, D. Jos\u00e9 Mar\u00eda Guelbenzu en calidad de presidente y las valoraciones y votos emitidos telef\u00f3nicamente por\" \/>\n\t\t<meta property=\"og:url\" content=\"https:\/\/www.eldigitaldeasturias.com\/noticias\/la-mujer-de-la-escalera-de-pedro-a-gonzalez-moreno-ganadora-del-premio-de-novela-cafe-gijon-2017\/\" \/>\n\t\t<meta property=\"article:tag\" content=\"actualidad\" \/>\n\t\t<meta property=\"article:published_time\" content=\"2017-09-14T12:14:35+00:00\" \/>\n\t\t<meta property=\"article:modified_time\" content=\"2017-09-14T12:14:35+00:00\" \/>\n\t\t<meta property=\"article:publisher\" content=\"https:\/\/facebook.com\/eldigitaldeasturias\" \/>\n\t\t<meta name=\"twitter:card\" content=\"summary_large_image\" \/>\n\t\t<meta name=\"twitter:title\" content=\"\u201cLa mujer de la escalera\u201d, de Pedro A. Gonz\u00e1lez Moreno, ganadora del Premio de Novela Caf\u00e9 Gij\u00f3n 2017 - El Digital de Asturias\" \/>\n\t\t<meta name=\"twitter:description\" content=\"Tras estar reunido desde las 20:00 horas del mi\u00e9rcoles 13 de setiembre de 2017 en el Caf\u00e9 Gij\u00f3n, el Jurado calificador del Premio de Novela Caf\u00e9 Gij\u00f3n, compuesto por D\u00f1a. Mercedes Monmany, D. Antonio Colinas, D. Marcos Giralt Torrente, D. Jos\u00e9 Mar\u00eda Guelbenzu en calidad de presidente y las valoraciones y votos emitidos telef\u00f3nicamente por\" \/>\n\t\t<meta name=\"twitter:image\" content=\"https:\/\/www.eldigitaldeasturias.com\/noticias\/wp-content\/uploads\/2020\/12\/EDA-1.jpg\" \/>\n\t\t<meta name=\"twitter:label1\" content=\"Escrito por\" \/>\n\t\t<meta name=\"twitter:data1\" content=\"El Digital de Asturias\" \/>\n\t\t<meta name=\"twitter:label2\" content=\"Tiempo de lectura estimado\" \/>\n\t\t<meta name=\"twitter:data2\" content=\"1 minuto\" \/>\n\t\t<script type=\"application\/ld+json\" class=\"aioseo-schema\">\n\t\t\t{\"@context\":\"https:\\\/\\\/schema.org\",\"@graph\":[{\"@type\":\"BlogPosting\",\"@id\":\"https:\\\/\\\/www.eldigitaldeasturias.com\\\/noticias\\\/la-mujer-de-la-escalera-de-pedro-a-gonzalez-moreno-ganadora-del-premio-de-novela-cafe-gijon-2017\\\/#blogposting\",\"name\":\"\\u201cLa mujer de la escalera\\u201d, de Pedro A. Gonz\\u00e1lez Moreno, ganadora del Premio de Novela Caf\\u00e9 Gij\\u00f3n 2017 - El Digital de Asturias\",\"headline\":\"\\u201cLa mujer de la escalera\\u201d, de Pedro A. Gonz\\u00e1lez Moreno, ganadora del Premio de Novela Caf\\u00e9 Gij\\u00f3n 2017\",\"author\":{\"@id\":\"https:\\\/\\\/www.eldigitaldeasturias.com\\\/noticias\\\/author\\\/admin\\\/#author\"},\"publisher\":{\"@id\":\"https:\\\/\\\/www.eldigitaldeasturias.com\\\/noticias\\\/#organization\"},\"image\":{\"@type\":\"ImageObject\",\"url\":952785},\"datePublished\":\"2017-09-14T12:14:35+02:00\",\"dateModified\":\"2017-09-14T12:14:35+02:00\",\"inLanguage\":\"es-ES\",\"mainEntityOfPage\":{\"@id\":\"https:\\\/\\\/www.eldigitaldeasturias.com\\\/noticias\\\/la-mujer-de-la-escalera-de-pedro-a-gonzalez-moreno-ganadora-del-premio-de-novela-cafe-gijon-2017\\\/#webpage\"},\"isPartOf\":{\"@id\":\"https:\\\/\\\/www.eldigitaldeasturias.com\\\/noticias\\\/la-mujer-de-la-escalera-de-pedro-a-gonzalez-moreno-ganadora-del-premio-de-novela-cafe-gijon-2017\\\/#webpage\"},\"articleSection\":\"Actualidad\"},{\"@type\":\"BreadcrumbList\",\"@id\":\"https:\\\/\\\/www.eldigitaldeasturias.com\\\/noticias\\\/la-mujer-de-la-escalera-de-pedro-a-gonzalez-moreno-ganadora-del-premio-de-novela-cafe-gijon-2017\\\/#breadcrumblist\",\"itemListElement\":[{\"@type\":\"ListItem\",\"@id\":\"https:\\\/\\\/www.eldigitaldeasturias.com\\\/noticias#listItem\",\"position\":1,\"name\":\"Home\",\"item\":\"https:\\\/\\\/www.eldigitaldeasturias.com\\\/noticias\",\"nextItem\":{\"@type\":\"ListItem\",\"@id\":\"https:\\\/\\\/www.eldigitaldeasturias.com\\\/noticias\\\/category\\\/actualidad\\\/#listItem\",\"name\":\"Actualidad\"}},{\"@type\":\"ListItem\",\"@id\":\"https:\\\/\\\/www.eldigitaldeasturias.com\\\/noticias\\\/category\\\/actualidad\\\/#listItem\",\"position\":2,\"name\":\"Actualidad\",\"item\":\"https:\\\/\\\/www.eldigitaldeasturias.com\\\/noticias\\\/category\\\/actualidad\\\/\",\"nextItem\":{\"@type\":\"ListItem\",\"@id\":\"https:\\\/\\\/www.eldigitaldeasturias.com\\\/noticias\\\/la-mujer-de-la-escalera-de-pedro-a-gonzalez-moreno-ganadora-del-premio-de-novela-cafe-gijon-2017\\\/#listItem\",\"name\":\"\\u201cLa mujer de la escalera\\u201d, de Pedro A. Gonz\\u00e1lez Moreno, ganadora del Premio de Novela Caf\\u00e9 Gij\\u00f3n 2017\"},\"previousItem\":{\"@type\":\"ListItem\",\"@id\":\"https:\\\/\\\/www.eldigitaldeasturias.com\\\/noticias#listItem\",\"name\":\"Home\"}},{\"@type\":\"ListItem\",\"@id\":\"https:\\\/\\\/www.eldigitaldeasturias.com\\\/noticias\\\/la-mujer-de-la-escalera-de-pedro-a-gonzalez-moreno-ganadora-del-premio-de-novela-cafe-gijon-2017\\\/#listItem\",\"position\":3,\"name\":\"\\u201cLa mujer de la escalera\\u201d, de Pedro A. Gonz\\u00e1lez Moreno, ganadora del Premio de Novela Caf\\u00e9 Gij\\u00f3n 2017\",\"previousItem\":{\"@type\":\"ListItem\",\"@id\":\"https:\\\/\\\/www.eldigitaldeasturias.com\\\/noticias\\\/category\\\/actualidad\\\/#listItem\",\"name\":\"Actualidad\"}}]},{\"@type\":\"Organization\",\"@id\":\"https:\\\/\\\/www.eldigitaldeasturias.com\\\/noticias\\\/#organization\",\"name\":\"El Digital de Asturias\",\"description\":\"Hemeroteca\",\"url\":\"https:\\\/\\\/www.eldigitaldeasturias.com\\\/noticias\\\/\",\"email\":\"info@eldigitaldeasturias.com\",\"telephone\":\"+34652131393\",\"logo\":{\"@type\":\"ImageObject\",\"url\":\"https:\\\/\\\/www.eldigitaldeasturias.com\\\/noticias\\\/wp-content\\\/uploads\\\/2020\\\/12\\\/EDA.jpg\",\"@id\":\"https:\\\/\\\/www.eldigitaldeasturias.com\\\/noticias\\\/la-mujer-de-la-escalera-de-pedro-a-gonzalez-moreno-ganadora-del-premio-de-novela-cafe-gijon-2017\\\/#organizationLogo\"},\"image\":{\"@id\":\"https:\\\/\\\/www.eldigitaldeasturias.com\\\/noticias\\\/la-mujer-de-la-escalera-de-pedro-a-gonzalez-moreno-ganadora-del-premio-de-novela-cafe-gijon-2017\\\/#organizationLogo\"},\"sameAs\":[\"https:\\\/\\\/facebook.com\\\/eldigitaldeasturias\",\"https:\\\/\\\/www.youtube.com\\\/channel\\\/UCZP-2wLEB9Rv6erhFmqVnvg\"],\"address\":{\"@id\":\"https:\\\/\\\/www.eldigitaldeasturias.com\\\/noticias\\\/#postaladdress\",\"@type\":\"PostalAddress\",\"streetAddress\":\"san antonio 4\",\"postalCode\":\"33430\",\"addressLocality\":\"Cand\\u00e1s\",\"addressRegion\":\"Asturias\",\"addressCountry\":\"ES\"}},{\"@type\":\"Person\",\"@id\":\"https:\\\/\\\/www.eldigitaldeasturias.com\\\/noticias\\\/author\\\/admin\\\/#author\",\"url\":\"https:\\\/\\\/www.eldigitaldeasturias.com\\\/noticias\\\/author\\\/admin\\\/\",\"name\":\"El Digital de Asturias\",\"image\":{\"@type\":\"ImageObject\",\"@id\":\"https:\\\/\\\/www.eldigitaldeasturias.com\\\/noticias\\\/la-mujer-de-la-escalera-de-pedro-a-gonzalez-moreno-ganadora-del-premio-de-novela-cafe-gijon-2017\\\/#authorImage\",\"url\":\"https:\\\/\\\/secure.gravatar.com\\\/avatar\\\/df2aeffc32bcd13f8d26072ef8a91b623d677766deac7f97ca815868cd41bf5e?s=96&d=mm&r=g\",\"width\":96,\"height\":96,\"caption\":\"El Digital de Asturias\"}},{\"@type\":\"WebPage\",\"@id\":\"https:\\\/\\\/www.eldigitaldeasturias.com\\\/noticias\\\/la-mujer-de-la-escalera-de-pedro-a-gonzalez-moreno-ganadora-del-premio-de-novela-cafe-gijon-2017\\\/#webpage\",\"url\":\"https:\\\/\\\/www.eldigitaldeasturias.com\\\/noticias\\\/la-mujer-de-la-escalera-de-pedro-a-gonzalez-moreno-ganadora-del-premio-de-novela-cafe-gijon-2017\\\/\",\"name\":\"\\u201cLa mujer de la escalera\\u201d, de Pedro A. Gonz\\u00e1lez Moreno, ganadora del Premio de Novela Caf\\u00e9 Gij\\u00f3n 2017 - El Digital de Asturias\",\"description\":\"Tras estar reunido desde las 20:00 horas del mi\\u00e9rcoles 13 de setiembre de 2017 en el Caf\\u00e9 Gij\\u00f3n, el Jurado calificador del Premio de Novela Caf\\u00e9 Gij\\u00f3n, compuesto por D\\u00f1a. Mercedes Monmany, D. Antonio Colinas, D. Marcos Giralt Torrente, D. Jos\\u00e9 Mar\\u00eda Guelbenzu en calidad de presidente y las valoraciones y votos emitidos telef\\u00f3nicamente por\",\"inLanguage\":\"es-ES\",\"isPartOf\":{\"@id\":\"https:\\\/\\\/www.eldigitaldeasturias.com\\\/noticias\\\/#website\"},\"breadcrumb\":{\"@id\":\"https:\\\/\\\/www.eldigitaldeasturias.com\\\/noticias\\\/la-mujer-de-la-escalera-de-pedro-a-gonzalez-moreno-ganadora-del-premio-de-novela-cafe-gijon-2017\\\/#breadcrumblist\"},\"author\":{\"@id\":\"https:\\\/\\\/www.eldigitaldeasturias.com\\\/noticias\\\/author\\\/admin\\\/#author\"},\"creator\":{\"@id\":\"https:\\\/\\\/www.eldigitaldeasturias.com\\\/noticias\\\/author\\\/admin\\\/#author\"},\"image\":{\"@type\":\"ImageObject\",\"url\":952785,\"@id\":\"https:\\\/\\\/www.eldigitaldeasturias.com\\\/noticias\\\/la-mujer-de-la-escalera-de-pedro-a-gonzalez-moreno-ganadora-del-premio-de-novela-cafe-gijon-2017\\\/#mainImage\"},\"primaryImageOfPage\":{\"@id\":\"https:\\\/\\\/www.eldigitaldeasturias.com\\\/noticias\\\/la-mujer-de-la-escalera-de-pedro-a-gonzalez-moreno-ganadora-del-premio-de-novela-cafe-gijon-2017\\\/#mainImage\"},\"datePublished\":\"2017-09-14T12:14:35+02:00\",\"dateModified\":\"2017-09-14T12:14:35+02:00\"},{\"@type\":\"WebSite\",\"@id\":\"https:\\\/\\\/www.eldigitaldeasturias.com\\\/noticias\\\/#website\",\"url\":\"https:\\\/\\\/www.eldigitaldeasturias.com\\\/noticias\\\/\",\"name\":\"El Digital de Asturias - Diario de actualidad y noticias\",\"alternateName\":\"El Digital de Asturias - Diario de actualidad y noticias\",\"description\":\"Hemeroteca\",\"inLanguage\":\"es-ES\",\"publisher\":{\"@id\":\"https:\\\/\\\/www.eldigitaldeasturias.com\\\/noticias\\\/#organization\"}}]}\n\t\t<\/script>\n\t\t<!-- All in One SEO Pro -->\r\n\t\t<title>\u201cLa mujer de la escalera\u201d, de Pedro A. Gonz\u00e1lez Moreno, ganadora del Premio de Novela Caf\u00e9 Gij\u00f3n 2017 - El Digital de Asturias<\/title>\n\n","aioseo_head_json":{"title":"\u201cLa mujer de la escalera\u201d, de Pedro A. Gonz\u00e1lez Moreno, ganadora del Premio de Novela Caf\u00e9 Gij\u00f3n 2017 - El Digital de Asturias","description":"Tras estar reunido desde las 20:00 horas del mi\u00e9rcoles 13 de setiembre de 2017 en el Caf\u00e9 Gij\u00f3n, el Jurado calificador del Premio de Novela Caf\u00e9 Gij\u00f3n, compuesto por D\u00f1a. Mercedes Monmany, D. Antonio Colinas, D. Marcos Giralt Torrente, D. Jos\u00e9 Mar\u00eda Guelbenzu en calidad de presidente y las valoraciones y votos emitidos telef\u00f3nicamente por","canonical_url":"https:\/\/www.eldigitaldeasturias.com\/noticias\/la-mujer-de-la-escalera-de-pedro-a-gonzalez-moreno-ganadora-del-premio-de-novela-cafe-gijon-2017\/","robots":"max-image-preview:large","keywords":"actualidad","webmasterTools":{"google-site-verification":"UA-38556648-1","msvalidate.01":"7dfe9f3f1b24437ab69f4f2559babe99","miscellaneous":""},"schema":{"@context":"https:\/\/schema.org","@graph":[{"@type":"BlogPosting","@id":"https:\/\/www.eldigitaldeasturias.com\/noticias\/la-mujer-de-la-escalera-de-pedro-a-gonzalez-moreno-ganadora-del-premio-de-novela-cafe-gijon-2017\/#blogposting","name":"\u201cLa mujer de la escalera\u201d, de Pedro A. Gonz\u00e1lez Moreno, ganadora del Premio de Novela Caf\u00e9 Gij\u00f3n 2017 - El Digital de Asturias","headline":"\u201cLa mujer de la escalera\u201d, de Pedro A. Gonz\u00e1lez Moreno, ganadora del Premio de Novela Caf\u00e9 Gij\u00f3n 2017","author":{"@id":"https:\/\/www.eldigitaldeasturias.com\/noticias\/author\/admin\/#author"},"publisher":{"@id":"https:\/\/www.eldigitaldeasturias.com\/noticias\/#organization"},"image":{"@type":"ImageObject","url":952785},"datePublished":"2017-09-14T12:14:35+02:00","dateModified":"2017-09-14T12:14:35+02:00","inLanguage":"es-ES","mainEntityOfPage":{"@id":"https:\/\/www.eldigitaldeasturias.com\/noticias\/la-mujer-de-la-escalera-de-pedro-a-gonzalez-moreno-ganadora-del-premio-de-novela-cafe-gijon-2017\/#webpage"},"isPartOf":{"@id":"https:\/\/www.eldigitaldeasturias.com\/noticias\/la-mujer-de-la-escalera-de-pedro-a-gonzalez-moreno-ganadora-del-premio-de-novela-cafe-gijon-2017\/#webpage"},"articleSection":"Actualidad"},{"@type":"BreadcrumbList","@id":"https:\/\/www.eldigitaldeasturias.com\/noticias\/la-mujer-de-la-escalera-de-pedro-a-gonzalez-moreno-ganadora-del-premio-de-novela-cafe-gijon-2017\/#breadcrumblist","itemListElement":[{"@type":"ListItem","@id":"https:\/\/www.eldigitaldeasturias.com\/noticias#listItem","position":1,"name":"Home","item":"https:\/\/www.eldigitaldeasturias.com\/noticias","nextItem":{"@type":"ListItem","@id":"https:\/\/www.eldigitaldeasturias.com\/noticias\/category\/actualidad\/#listItem","name":"Actualidad"}},{"@type":"ListItem","@id":"https:\/\/www.eldigitaldeasturias.com\/noticias\/category\/actualidad\/#listItem","position":2,"name":"Actualidad","item":"https:\/\/www.eldigitaldeasturias.com\/noticias\/category\/actualidad\/","nextItem":{"@type":"ListItem","@id":"https:\/\/www.eldigitaldeasturias.com\/noticias\/la-mujer-de-la-escalera-de-pedro-a-gonzalez-moreno-ganadora-del-premio-de-novela-cafe-gijon-2017\/#listItem","name":"\u201cLa mujer de la escalera\u201d, de Pedro A. Gonz\u00e1lez Moreno, ganadora del Premio de Novela Caf\u00e9 Gij\u00f3n 2017"},"previousItem":{"@type":"ListItem","@id":"https:\/\/www.eldigitaldeasturias.com\/noticias#listItem","name":"Home"}},{"@type":"ListItem","@id":"https:\/\/www.eldigitaldeasturias.com\/noticias\/la-mujer-de-la-escalera-de-pedro-a-gonzalez-moreno-ganadora-del-premio-de-novela-cafe-gijon-2017\/#listItem","position":3,"name":"\u201cLa mujer de la escalera\u201d, de Pedro A. Gonz\u00e1lez Moreno, ganadora del Premio de Novela Caf\u00e9 Gij\u00f3n 2017","previousItem":{"@type":"ListItem","@id":"https:\/\/www.eldigitaldeasturias.com\/noticias\/category\/actualidad\/#listItem","name":"Actualidad"}}]},{"@type":"Organization","@id":"https:\/\/www.eldigitaldeasturias.com\/noticias\/#organization","name":"El Digital de Asturias","description":"Hemeroteca","url":"https:\/\/www.eldigitaldeasturias.com\/noticias\/","email":"info@eldigitaldeasturias.com","telephone":"+34652131393","logo":{"@type":"ImageObject","url":"https:\/\/www.eldigitaldeasturias.com\/noticias\/wp-content\/uploads\/2020\/12\/EDA.jpg","@id":"https:\/\/www.eldigitaldeasturias.com\/noticias\/la-mujer-de-la-escalera-de-pedro-a-gonzalez-moreno-ganadora-del-premio-de-novela-cafe-gijon-2017\/#organizationLogo"},"image":{"@id":"https:\/\/www.eldigitaldeasturias.com\/noticias\/la-mujer-de-la-escalera-de-pedro-a-gonzalez-moreno-ganadora-del-premio-de-novela-cafe-gijon-2017\/#organizationLogo"},"sameAs":["https:\/\/facebook.com\/eldigitaldeasturias","https:\/\/www.youtube.com\/channel\/UCZP-2wLEB9Rv6erhFmqVnvg"],"address":{"@id":"https:\/\/www.eldigitaldeasturias.com\/noticias\/#postaladdress","@type":"PostalAddress","streetAddress":"san antonio 4","postalCode":"33430","addressLocality":"Cand\u00e1s","addressRegion":"Asturias","addressCountry":"ES"}},{"@type":"Person","@id":"https:\/\/www.eldigitaldeasturias.com\/noticias\/author\/admin\/#author","url":"https:\/\/www.eldigitaldeasturias.com\/noticias\/author\/admin\/","name":"El Digital de Asturias","image":{"@type":"ImageObject","@id":"https:\/\/www.eldigitaldeasturias.com\/noticias\/la-mujer-de-la-escalera-de-pedro-a-gonzalez-moreno-ganadora-del-premio-de-novela-cafe-gijon-2017\/#authorImage","url":"https:\/\/secure.gravatar.com\/avatar\/df2aeffc32bcd13f8d26072ef8a91b623d677766deac7f97ca815868cd41bf5e?s=96&d=mm&r=g","width":96,"height":96,"caption":"El Digital de Asturias"}},{"@type":"WebPage","@id":"https:\/\/www.eldigitaldeasturias.com\/noticias\/la-mujer-de-la-escalera-de-pedro-a-gonzalez-moreno-ganadora-del-premio-de-novela-cafe-gijon-2017\/#webpage","url":"https:\/\/www.eldigitaldeasturias.com\/noticias\/la-mujer-de-la-escalera-de-pedro-a-gonzalez-moreno-ganadora-del-premio-de-novela-cafe-gijon-2017\/","name":"\u201cLa mujer de la escalera\u201d, de Pedro A. Gonz\u00e1lez Moreno, ganadora del Premio de Novela Caf\u00e9 Gij\u00f3n 2017 - El Digital de Asturias","description":"Tras estar reunido desde las 20:00 horas del mi\u00e9rcoles 13 de setiembre de 2017 en el Caf\u00e9 Gij\u00f3n, el Jurado calificador del Premio de Novela Caf\u00e9 Gij\u00f3n, compuesto por D\u00f1a. Mercedes Monmany, D. Antonio Colinas, D. Marcos Giralt Torrente, D. Jos\u00e9 Mar\u00eda Guelbenzu en calidad de presidente y las valoraciones y votos emitidos telef\u00f3nicamente por","inLanguage":"es-ES","isPartOf":{"@id":"https:\/\/www.eldigitaldeasturias.com\/noticias\/#website"},"breadcrumb":{"@id":"https:\/\/www.eldigitaldeasturias.com\/noticias\/la-mujer-de-la-escalera-de-pedro-a-gonzalez-moreno-ganadora-del-premio-de-novela-cafe-gijon-2017\/#breadcrumblist"},"author":{"@id":"https:\/\/www.eldigitaldeasturias.com\/noticias\/author\/admin\/#author"},"creator":{"@id":"https:\/\/www.eldigitaldeasturias.com\/noticias\/author\/admin\/#author"},"image":{"@type":"ImageObject","url":952785,"@id":"https:\/\/www.eldigitaldeasturias.com\/noticias\/la-mujer-de-la-escalera-de-pedro-a-gonzalez-moreno-ganadora-del-premio-de-novela-cafe-gijon-2017\/#mainImage"},"primaryImageOfPage":{"@id":"https:\/\/www.eldigitaldeasturias.com\/noticias\/la-mujer-de-la-escalera-de-pedro-a-gonzalez-moreno-ganadora-del-premio-de-novela-cafe-gijon-2017\/#mainImage"},"datePublished":"2017-09-14T12:14:35+02:00","dateModified":"2017-09-14T12:14:35+02:00"},{"@type":"WebSite","@id":"https:\/\/www.eldigitaldeasturias.com\/noticias\/#website","url":"https:\/\/www.eldigitaldeasturias.com\/noticias\/","name":"El Digital de Asturias - Diario de actualidad y noticias","alternateName":"El Digital de Asturias - Diario de actualidad y noticias","description":"Hemeroteca","inLanguage":"es-ES","publisher":{"@id":"https:\/\/www.eldigitaldeasturias.com\/noticias\/#organization"}}]},"og:locale":"es_ES","og:site_name":"El Digital de Asturias","og:type":"article","og:title":"\u201cLa mujer de la escalera\u201d, de Pedro A. Gonz\u00e1lez Moreno, ganadora del Premio de Novela Caf\u00e9 Gij\u00f3n 2017 - El Digital de Asturias","og:description":"Tras estar reunido desde las 20:00 horas del mi\u00e9rcoles 13 de setiembre de 2017 en el Caf\u00e9 Gij\u00f3n, el Jurado calificador del Premio de Novela Caf\u00e9 Gij\u00f3n, compuesto por D\u00f1a. Mercedes Monmany, D. Antonio Colinas, D. Marcos Giralt Torrente, D. Jos\u00e9 Mar\u00eda Guelbenzu en calidad de presidente y las valoraciones y votos emitidos telef\u00f3nicamente por","og:url":"https:\/\/www.eldigitaldeasturias.com\/noticias\/la-mujer-de-la-escalera-de-pedro-a-gonzalez-moreno-ganadora-del-premio-de-novela-cafe-gijon-2017\/","article:tag":["actualidad"],"article:published_time":"2017-09-14T12:14:35+00:00","article:modified_time":"2017-09-14T12:14:35+00:00","article:publisher":"https:\/\/facebook.com\/eldigitaldeasturias","twitter:card":"summary_large_image","twitter:title":"\u201cLa mujer de la escalera\u201d, de Pedro A. Gonz\u00e1lez Moreno, ganadora del Premio de Novela Caf\u00e9 Gij\u00f3n 2017 - El Digital de Asturias","twitter:description":"Tras estar reunido desde las 20:00 horas del mi\u00e9rcoles 13 de setiembre de 2017 en el Caf\u00e9 Gij\u00f3n, el Jurado calificador del Premio de Novela Caf\u00e9 Gij\u00f3n, compuesto por D\u00f1a. Mercedes Monmany, D. Antonio Colinas, D. Marcos Giralt Torrente, D. Jos\u00e9 Mar\u00eda Guelbenzu en calidad de presidente y las valoraciones y votos emitidos telef\u00f3nicamente por","twitter:image":"https:\/\/www.eldigitaldeasturias.com\/noticias\/wp-content\/uploads\/2020\/12\/EDA-1.jpg","twitter:label1":"Escrito por","twitter:data1":"El Digital de Asturias","twitter:label2":"Tiempo de lectura estimado","twitter:data2":"1 minuto"},"aioseo_meta_data":{"post_id":"952784","title":null,"description":null,"keywords":null,"keyphrases":null,"primary_term":null,"canonical_url":null,"og_title":null,"og_description":null,"og_object_type":"default","og_image_type":"default","og_image_url":null,"og_image_width":null,"og_image_height":null,"og_image_custom_url":null,"og_image_custom_fields":null,"og_video":null,"og_custom_url":null,"og_article_section":null,"og_article_tags":null,"twitter_use_og":false,"twitter_card":"default","twitter_image_type":"default","twitter_image_url":null,"twitter_image_custom_url":null,"twitter_image_custom_fields":null,"twitter_title":null,"twitter_description":null,"schema":{"blockGraphs":[],"customGraphs":[],"default":{"data":{"Article":[],"Course":[],"Dataset":[],"FAQPage":[],"Movie":[],"Person":[],"Product":[],"ProductReview":[],"Car":[],"Recipe":[],"Service":[],"SoftwareApplication":[],"WebPage":[]},"graphName":"","isEnabled":true},"graphs":[],"defaultGraph":"","defaultPostTypeGraph":""},"schema_type":null,"schema_type_options":null,"pillar_content":false,"robots_default":true,"robots_noindex":false,"robots_noarchive":false,"robots_nosnippet":false,"robots_nofollow":false,"robots_noimageindex":false,"robots_noodp":false,"robots_notranslate":false,"robots_max_snippet":null,"robots_max_videopreview":null,"robots_max_imagepreview":"large","priority":null,"frequency":null,"local_seo":null,"seo_analyzer_scan_date":"2025-12-06 00:08:07","breadcrumb_settings":null,"limit_modified_date":false,"open_ai":null,"ai":null,"created":"2020-12-21 12:57:32","updated":"2025-12-06 00:08:07","focus_keyword":null,"additional_keywords":null,"truseo_locale":null},"aioseo_breadcrumb":"<div class=\"aioseo-breadcrumbs\"><span class=\"aioseo-breadcrumb\">\n\t<a href=\"https:\/\/www.eldigitaldeasturias.com\/noticias\" title=\"Home\">Home<\/a>\n<\/span><span class=\"aioseo-breadcrumb-separator\">\u2013<\/span><span class=\"aioseo-breadcrumb\">\n\t<a href=\"https:\/\/www.eldigitaldeasturias.com\/noticias\/category\/actualidad\/\" title=\"Actualidad\">Actualidad<\/a>\n<\/span><span class=\"aioseo-breadcrumb-separator\">\u2013<\/span><span class=\"aioseo-breadcrumb\">\n\t<a href=\"https:\/\/www.eldigitaldeasturias.com\/noticias\/la-mujer-de-la-escalera-de-pedro-a-gonzalez-moreno-ganadora-del-premio-de-novela-cafe-gijon-2017\/\" title=\"\u201cLa mujer de la escalera\u201d, de Pedro A. Gonz\u00e1lez Moreno, ganadora del Premio de Novela Caf\u00e9 Gij\u00f3n 2017\">\u201cLa mujer de la escalera\u201d, de Pedro A. Gonz\u00e1lez Moreno, ganadora del Premio de Novela Caf\u00e9 Gij\u00f3n 2017<\/a>\n<\/span><\/div>","aioseo_breadcrumb_json":[{"label":"Home","link":"https:\/\/www.eldigitaldeasturias.com\/noticias"},{"label":"Actualidad","link":"https:\/\/www.eldigitaldeasturias.com\/noticias\/category\/actualidad\/"},{"label":"\u201cLa mujer de la escalera\u201d, de Pedro A. Gonz\u00e1lez Moreno, ganadora del Premio de Novela Caf\u00e9 Gij\u00f3n 2017","link":"https:\/\/www.eldigitaldeasturias.com\/noticias\/la-mujer-de-la-escalera-de-pedro-a-gonzalez-moreno-ganadora-del-premio-de-novela-cafe-gijon-2017\/"}],"_links":{"self":[{"href":"https:\/\/www.eldigitaldeasturias.com\/noticias\/wp-json\/wp\/v2\/posts\/952784","targetHints":{"allow":["GET"]}}],"collection":[{"href":"https:\/\/www.eldigitaldeasturias.com\/noticias\/wp-json\/wp\/v2\/posts"}],"about":[{"href":"https:\/\/www.eldigitaldeasturias.com\/noticias\/wp-json\/wp\/v2\/types\/post"}],"author":[{"embeddable":true,"href":"https:\/\/www.eldigitaldeasturias.com\/noticias\/wp-json\/wp\/v2\/users\/1"}],"replies":[{"embeddable":true,"href":"https:\/\/www.eldigitaldeasturias.com\/noticias\/wp-json\/wp\/v2\/comments?post=952784"}],"version-history":[{"count":0,"href":"https:\/\/www.eldigitaldeasturias.com\/noticias\/wp-json\/wp\/v2\/posts\/952784\/revisions"}],"wp:attachment":[{"href":"https:\/\/www.eldigitaldeasturias.com\/noticias\/wp-json\/wp\/v2\/media?parent=952784"}],"wp:term":[{"taxonomy":"category","embeddable":true,"href":"https:\/\/www.eldigitaldeasturias.com\/noticias\/wp-json\/wp\/v2\/categories?post=952784"},{"taxonomy":"post_tag","embeddable":true,"href":"https:\/\/www.eldigitaldeasturias.com\/noticias\/wp-json\/wp\/v2\/tags?post=952784"}],"curies":[{"name":"wp","href":"https:\/\/api.w.org\/{rel}","templated":true}]}}