{"id":952733,"date":"2017-09-13T20:37:15","date_gmt":"2017-09-13T20:37:15","guid":{"rendered":"http:\/\/www.eldigitaldeasturias.com\/noticias\/?p=952733"},"modified":"2017-09-13T20:37:15","modified_gmt":"2017-09-13T20:37:15","slug":"ortega-lara-y-santiago-abascal-han-participado-en-la-conferencia-el-futuro-de-espana","status":"publish","type":"post","link":"https:\/\/www.eldigitaldeasturias.com\/noticias\/ortega-lara-y-santiago-abascal-han-participado-en-la-conferencia-el-futuro-de-espana\/","title":{"rendered":"Ortega Lara y Santiago Abascal han participado en la conferencia \u201cEl futuro de Espa\u00f1a\u201d"},"content":{"rendered":"<p><img loading=\"lazy\" decoding=\"async\" class=\"alignleft size-medium wp-image-952734\" src=\"https:\/\/www.eldigitaldeasturias.com\/noticias\/wp-content\/uploads\/2017\/09\/Conferencia-VOX-360x203.jpg\" alt=\"\" width=\"360\" height=\"203\" \/>Villaviciosa de Od\u00f3n ha acogido esta tarde la conferencia \u201cEl futuro de Espa\u00f1a\u201d, impartida por Jos\u00e9 Antonio Ortega Lara, fundador de VOX, Santiago Abascal, presidente de la formaci\u00f3n, y Rocio Monasterio, presidenta de VOX Madrid, en el Palacio de Godoy de la localidad.<\/p>\n<p>Jos\u00e9 Antonio Ortega Lara ha afirmado durante el acto: \u201cSon m\u00e1s necesarias que nunca las propuestas de VOX\u201d para \u201csuperar la crisis moral y econ\u00f3mica de Espa\u00f1a\u201d. \u201cEspa\u00f1a \u2014a\u00f1adi\u00f3 Ortega Lara \u2014 necesita a VOX para que salgan adelante propuestas que millones de espa\u00f1oles defienden, como recuperar la libertad para educar a nuestros hijos, la consideraci\u00f3n de la vida como principal valor de la persona, promocionar el reconocimiento y la memoria de cuantos dieron su vida por lo dem\u00e1s, inculcar a nuestras generaciones el esp\u00edritu de emprendedor, preservar la unidad de la Naci\u00f3n, promulgar una justicia independiente, implantar un nuevo modelo electoral y eliminar los privilegios y subvenciones a partidos, sindicatos y a organizaciones empresariales. Y afirm\u00f3: \u201cSoy de VOX porque lucha por la unidad de Espa\u00f1a, no es indiferente a la amenaza del islamismo y defiende la vida, la libertad y la propiedad\u201d.<\/p>\n<p>Ortega Lara tambi\u00e9n ha reconocimiento a los Cuerpos y Fuerzas de Seguridad: \u00abDesde aqu\u00ed, un aplauso y reconocimiento a la labor de la Polic\u00eda, la Guardia Civil y de nuestros militares\u201d.<\/p>\n<p>Ante la amenaza islamista que sufre Europa, Ortega Lara afirm\u00f3 que \u201ces hora de plantar cara, dejemos bien claro que vamos a luchar por conservar nuestro pa\u00eds y nuestro modelo de civilizaci\u00f3n\u201d<\/p>\n<p>Tambi\u00e9n ha recordad al candidato de VOX en las pasadas elecciones vascas Santiago Abascal Escuza, fallecido el pasado mes de julio: \u201cHoy quiero recordar a Abascal Escuza y su amor y su compromiso con Espa\u00f1a\u201d.<\/p>\n<p>Santiago Abascal, presidente de VOX, comenz\u00f3 su intervenci\u00f3n en una sala con m\u00e1s de 200 asistentes, se\u00f1alando que \u201cMariano Rajoy no ofrece ninguna respuesta a los grandes problemas de Espa\u00f1a, solo pasividad. En estos momentos no ofrece una soluci\u00f3n a la crisis estructural econ\u00f3mica, ni a la crisis institucional, ni a la crisis del separatismo\u201d.<\/p>\n<p>Santiago Abascal dedic\u00f3 buena parte de su intervenci\u00f3n a analizar la amenaza separatista: \u201cMariano Rajoy es el principal responsable del \u00f3rdago de Puigdemont de este 1 de octubre por no hacer nada contra los golpistas durante sus dos legislaturas. El presidente ha perdido toda la legitimidad para resolver el grave problema que se vive en Catalu\u00f1a. Por su culpa, el Estado ha ca\u00eddo en una absoluta pasividad pol\u00edtica y democr\u00e1tica para reaccionar contra el golpe de Estado a plazos que estamos viviendo\u201d.<\/p>\n<p>\u201cNo callaremos ante la grav\u00edsima responsabilidad de los distintos gobiernos, especialmente el Gobierno de Mariano Rajoy, por dejar llegar a los separatistas hasta donde han llegado. No es suficiente con que se aplique la Ley de Seguridad Nacional, hay que aplicar el C\u00f3digo Penal contra los golpistas, el art\u00edculo 155 de la Constituci\u00f3n y transformar el Estado de las autonom\u00edas. Urge devolver las competencias de Educaci\u00f3n, Sanidad y Justicia al Estado\u201d, ha se\u00f1alado el presidente de VOX, quien tambi\u00e9n ha afirmado que \u00abel Gobierno tendr\u00e1 el apoyo de VOX si decide actuar aplicando la Ley\u00bb.<\/p>\n<p>Y ha concluido afirmando: \u201cContra el separatismo hay dos soluciones: aplicar la Ley y reconstruir un relato de lo qu\u00e9 es Espa\u00f1a\u201d<\/p>\n<p>Por su parte, Rocio Monasterio, ha explicado que VOX representa un proyecto pol\u00edtico \u201cque aspira a mejorar la vida de los espa\u00f1oles y de sus proyectos personales y profesionales desde el sentido com\u00fan. Porque defender bajar los impuestos, la libertad, la unidad de Espa\u00f1a&#8230; etc es lo que quieren y necesitan los espa\u00f1oles\u201d. Rocio Monasterio ha a\u00f1adido que VOX es un partido en alza: \u201cVOX est\u00e1 creciendo y son muchos los espa\u00f1oles que se est\u00e1n ilusionando con las ideas de VOX. Muchos cuando leen el manifiesto y el programa de VOX ven un proyecto que defiende sus principios con valent\u00eda\u201d.<\/p>\n<p>Entre los asistentes, se encontraban Javier Ortega, secretario general de VOX, y Joaqu\u00edn Navarro, primer teniente de alcalde de Villaviciosa de Od\u00f3n.<\/p>\n<p>Esta conferencia se enmarca en un ciclo de actos que est\u00e1n realizando Jos\u00e9 Antonio Ortega Lara y Santiago Abascal por ciudades de toda Espa\u00f1a para analizar el futuro de Espa\u00f1a y explicar el proyecto de VOX, que tiene como fin que \u201cgrandeza\u201d sea la palabra que defina \u201cel porvenir de nuestra Naci\u00f3n\u201d.<\/p>\n<p>&nbsp;<\/p>\n","protected":false},"excerpt":{"rendered":"<p>Villaviciosa de Od\u00f3n ha acogido esta tarde la conferencia \u201cEl futuro de Espa\u00f1a\u201d, impartida por Jos\u00e9 Antonio Ortega Lara, fundador de VOX, Santiago Abascal, presidente de la formaci\u00f3n, y Rocio Monasterio, presidenta de VOX Madrid, en el Palacio de Godoy de la localidad. Jos\u00e9 Antonio Ortega Lara ha afirmado durante el acto: \u201cSon m\u00e1s necesarias [&hellip;]<\/p>\n","protected":false},"author":1,"featured_media":952734,"comment_status":"closed","ping_status":"closed","sticky":false,"template":"","format":"standard","meta":{"footnotes":""},"categories":[1],"tags":[],"class_list":["post-952733","post","type-post","status-publish","format-standard","has-post-thumbnail","hentry","category-actualidad"],"aioseo_notices":[],"aioseo_head":"\n\t\t<!-- All in One SEO Pro 5.0.1 - aioseo.com -->\n\t<meta name=\"description\" content=\"Villaviciosa de Od\u00f3n ha acogido esta tarde la conferencia \u201cEl futuro de Espa\u00f1a\u201d, impartida por Jos\u00e9 Antonio Ortega Lara, fundador de VOX, Santiago Abascal, presidente de la formaci\u00f3n, y Rocio Monasterio, presidenta de VOX Madrid, en el Palacio de Godoy de la localidad. Jos\u00e9 Antonio Ortega Lara ha afirmado durante el acto: \u201cSon m\u00e1s necesarias\" \/>\n\t<meta name=\"robots\" content=\"max-image-preview:large\" \/>\n\t<meta name=\"author\" content=\"El Digital de Asturias\"\/>\n\t<meta name=\"google-site-verification\" content=\"UA-38556648-1\" \/>\n\t<meta name=\"msvalidate.01\" content=\"7dfe9f3f1b24437ab69f4f2559babe99\" \/>\n\t<meta name=\"keywords\" content=\"actualidad\" \/>\n\t<link rel=\"canonical\" href=\"https:\/\/www.eldigitaldeasturias.com\/noticias\/ortega-lara-y-santiago-abascal-han-participado-en-la-conferencia-el-futuro-de-espana\/\" \/>\n\t<meta name=\"generator\" content=\"All in One SEO Pro (AIOSEO) 5.0.1\" \/>\n\t\t<meta property=\"og:locale\" content=\"es_ES\" \/>\n\t\t<meta property=\"og:site_name\" content=\"El Digital de Asturias\" \/>\n\t\t<meta property=\"og:type\" content=\"article\" \/>\n\t\t<meta property=\"og:title\" content=\"Ortega Lara y Santiago Abascal han participado en la conferencia \u201cEl futuro de Espa\u00f1a\u201d - El Digital de Asturias\" \/>\n\t\t<meta property=\"og:description\" content=\"Villaviciosa de Od\u00f3n ha acogido esta tarde la conferencia \u201cEl futuro de Espa\u00f1a\u201d, impartida por Jos\u00e9 Antonio Ortega Lara, fundador de VOX, Santiago Abascal, presidente de la formaci\u00f3n, y Rocio Monasterio, presidenta de VOX Madrid, en el Palacio de Godoy de la localidad. Jos\u00e9 Antonio Ortega Lara ha afirmado durante el acto: \u201cSon m\u00e1s necesarias\" \/>\n\t\t<meta property=\"og:url\" content=\"https:\/\/www.eldigitaldeasturias.com\/noticias\/ortega-lara-y-santiago-abascal-han-participado-en-la-conferencia-el-futuro-de-espana\/\" \/>\n\t\t<meta property=\"article:tag\" content=\"actualidad\" \/>\n\t\t<meta property=\"article:published_time\" content=\"2017-09-13T20:37:15+00:00\" \/>\n\t\t<meta property=\"article:modified_time\" content=\"2017-09-13T20:37:15+00:00\" \/>\n\t\t<meta property=\"article:publisher\" content=\"https:\/\/facebook.com\/eldigitaldeasturias\" \/>\n\t\t<meta name=\"twitter:card\" content=\"summary_large_image\" \/>\n\t\t<meta name=\"twitter:title\" content=\"Ortega Lara y Santiago Abascal han participado en la conferencia \u201cEl futuro de Espa\u00f1a\u201d - El Digital de Asturias\" \/>\n\t\t<meta name=\"twitter:description\" content=\"Villaviciosa de Od\u00f3n ha acogido esta tarde la conferencia \u201cEl futuro de Espa\u00f1a\u201d, impartida por Jos\u00e9 Antonio Ortega Lara, fundador de VOX, Santiago Abascal, presidente de la formaci\u00f3n, y Rocio Monasterio, presidenta de VOX Madrid, en el Palacio de Godoy de la localidad. Jos\u00e9 Antonio Ortega Lara ha afirmado durante el acto: \u201cSon m\u00e1s necesarias\" \/>\n\t\t<meta name=\"twitter:image\" content=\"https:\/\/www.eldigitaldeasturias.com\/noticias\/wp-content\/uploads\/2020\/12\/EDA-1.jpg\" \/>\n\t\t<meta name=\"twitter:label1\" content=\"Escrito por\" \/>\n\t\t<meta name=\"twitter:data1\" content=\"El Digital de Asturias\" \/>\n\t\t<meta name=\"twitter:label2\" content=\"Tiempo de lectura estimado\" \/>\n\t\t<meta name=\"twitter:data2\" content=\"4 minutos\" \/>\n\t\t<script type=\"application\/ld+json\" class=\"aioseo-schema\">\n\t\t\t{\"@context\":\"https:\\\/\\\/schema.org\",\"@graph\":[{\"@type\":\"BlogPosting\",\"@id\":\"https:\\\/\\\/www.eldigitaldeasturias.com\\\/noticias\\\/ortega-lara-y-santiago-abascal-han-participado-en-la-conferencia-el-futuro-de-espana\\\/#blogposting\",\"name\":\"Ortega Lara y Santiago Abascal han participado en la conferencia \\u201cEl futuro de Espa\\u00f1a\\u201d - El Digital de Asturias\",\"headline\":\"Ortega Lara y Santiago Abascal han participado en la conferencia \\u201cEl futuro de Espa\\u00f1a\\u201d\",\"author\":{\"@id\":\"https:\\\/\\\/www.eldigitaldeasturias.com\\\/noticias\\\/author\\\/admin\\\/#author\"},\"publisher\":{\"@id\":\"https:\\\/\\\/www.eldigitaldeasturias.com\\\/noticias\\\/#organization\"},\"image\":{\"@type\":\"ImageObject\",\"url\":952734},\"datePublished\":\"2017-09-13T20:37:15+02:00\",\"dateModified\":\"2017-09-13T20:37:15+02:00\",\"inLanguage\":\"es-ES\",\"mainEntityOfPage\":{\"@id\":\"https:\\\/\\\/www.eldigitaldeasturias.com\\\/noticias\\\/ortega-lara-y-santiago-abascal-han-participado-en-la-conferencia-el-futuro-de-espana\\\/#webpage\"},\"isPartOf\":{\"@id\":\"https:\\\/\\\/www.eldigitaldeasturias.com\\\/noticias\\\/ortega-lara-y-santiago-abascal-han-participado-en-la-conferencia-el-futuro-de-espana\\\/#webpage\"},\"articleSection\":\"Actualidad\"},{\"@type\":\"BreadcrumbList\",\"@id\":\"https:\\\/\\\/www.eldigitaldeasturias.com\\\/noticias\\\/ortega-lara-y-santiago-abascal-han-participado-en-la-conferencia-el-futuro-de-espana\\\/#breadcrumblist\",\"itemListElement\":[{\"@type\":\"ListItem\",\"@id\":\"https:\\\/\\\/www.eldigitaldeasturias.com\\\/noticias#listItem\",\"position\":1,\"name\":\"Home\",\"item\":\"https:\\\/\\\/www.eldigitaldeasturias.com\\\/noticias\",\"nextItem\":{\"@type\":\"ListItem\",\"@id\":\"https:\\\/\\\/www.eldigitaldeasturias.com\\\/noticias\\\/category\\\/actualidad\\\/#listItem\",\"name\":\"Actualidad\"}},{\"@type\":\"ListItem\",\"@id\":\"https:\\\/\\\/www.eldigitaldeasturias.com\\\/noticias\\\/category\\\/actualidad\\\/#listItem\",\"position\":2,\"name\":\"Actualidad\",\"item\":\"https:\\\/\\\/www.eldigitaldeasturias.com\\\/noticias\\\/category\\\/actualidad\\\/\",\"nextItem\":{\"@type\":\"ListItem\",\"@id\":\"https:\\\/\\\/www.eldigitaldeasturias.com\\\/noticias\\\/ortega-lara-y-santiago-abascal-han-participado-en-la-conferencia-el-futuro-de-espana\\\/#listItem\",\"name\":\"Ortega Lara y Santiago Abascal han participado en la conferencia \\u201cEl futuro de Espa\\u00f1a\\u201d\"},\"previousItem\":{\"@type\":\"ListItem\",\"@id\":\"https:\\\/\\\/www.eldigitaldeasturias.com\\\/noticias#listItem\",\"name\":\"Home\"}},{\"@type\":\"ListItem\",\"@id\":\"https:\\\/\\\/www.eldigitaldeasturias.com\\\/noticias\\\/ortega-lara-y-santiago-abascal-han-participado-en-la-conferencia-el-futuro-de-espana\\\/#listItem\",\"position\":3,\"name\":\"Ortega Lara y Santiago Abascal han participado en la conferencia \\u201cEl futuro de Espa\\u00f1a\\u201d\",\"previousItem\":{\"@type\":\"ListItem\",\"@id\":\"https:\\\/\\\/www.eldigitaldeasturias.com\\\/noticias\\\/category\\\/actualidad\\\/#listItem\",\"name\":\"Actualidad\"}}]},{\"@type\":\"Organization\",\"@id\":\"https:\\\/\\\/www.eldigitaldeasturias.com\\\/noticias\\\/#organization\",\"name\":\"El Digital de Asturias\",\"description\":\"Hemeroteca\",\"url\":\"https:\\\/\\\/www.eldigitaldeasturias.com\\\/noticias\\\/\",\"email\":\"info@eldigitaldeasturias.com\",\"telephone\":\"+34652131393\",\"logo\":{\"@type\":\"ImageObject\",\"url\":\"https:\\\/\\\/www.eldigitaldeasturias.com\\\/noticias\\\/wp-content\\\/uploads\\\/2020\\\/12\\\/EDA.jpg\",\"@id\":\"https:\\\/\\\/www.eldigitaldeasturias.com\\\/noticias\\\/ortega-lara-y-santiago-abascal-han-participado-en-la-conferencia-el-futuro-de-espana\\\/#organizationLogo\"},\"image\":{\"@id\":\"https:\\\/\\\/www.eldigitaldeasturias.com\\\/noticias\\\/ortega-lara-y-santiago-abascal-han-participado-en-la-conferencia-el-futuro-de-espana\\\/#organizationLogo\"},\"sameAs\":[\"https:\\\/\\\/facebook.com\\\/eldigitaldeasturias\",\"https:\\\/\\\/www.youtube.com\\\/channel\\\/UCZP-2wLEB9Rv6erhFmqVnvg\"],\"address\":{\"@id\":\"https:\\\/\\\/www.eldigitaldeasturias.com\\\/noticias\\\/#postaladdress\",\"@type\":\"PostalAddress\",\"streetAddress\":\"san antonio 4\",\"postalCode\":\"33430\",\"addressLocality\":\"Cand\\u00e1s\",\"addressRegion\":\"Asturias\",\"addressCountry\":\"ES\"}},{\"@type\":\"Person\",\"@id\":\"https:\\\/\\\/www.eldigitaldeasturias.com\\\/noticias\\\/author\\\/admin\\\/#author\",\"url\":\"https:\\\/\\\/www.eldigitaldeasturias.com\\\/noticias\\\/author\\\/admin\\\/\",\"name\":\"El Digital de Asturias\",\"image\":{\"@type\":\"ImageObject\",\"@id\":\"https:\\\/\\\/www.eldigitaldeasturias.com\\\/noticias\\\/ortega-lara-y-santiago-abascal-han-participado-en-la-conferencia-el-futuro-de-espana\\\/#authorImage\",\"url\":\"https:\\\/\\\/secure.gravatar.com\\\/avatar\\\/df2aeffc32bcd13f8d26072ef8a91b623d677766deac7f97ca815868cd41bf5e?s=96&d=mm&r=g\",\"width\":96,\"height\":96,\"caption\":\"El Digital de Asturias\"}},{\"@type\":\"WebPage\",\"@id\":\"https:\\\/\\\/www.eldigitaldeasturias.com\\\/noticias\\\/ortega-lara-y-santiago-abascal-han-participado-en-la-conferencia-el-futuro-de-espana\\\/#webpage\",\"url\":\"https:\\\/\\\/www.eldigitaldeasturias.com\\\/noticias\\\/ortega-lara-y-santiago-abascal-han-participado-en-la-conferencia-el-futuro-de-espana\\\/\",\"name\":\"Ortega Lara y Santiago Abascal han participado en la conferencia \\u201cEl futuro de Espa\\u00f1a\\u201d - El Digital de Asturias\",\"description\":\"Villaviciosa de Od\\u00f3n ha acogido esta tarde la conferencia \\u201cEl futuro de Espa\\u00f1a\\u201d, impartida por Jos\\u00e9 Antonio Ortega Lara, fundador de VOX, Santiago Abascal, presidente de la formaci\\u00f3n, y Rocio Monasterio, presidenta de VOX Madrid, en el Palacio de Godoy de la localidad. Jos\\u00e9 Antonio Ortega Lara ha afirmado durante el acto: \\u201cSon m\\u00e1s necesarias\",\"inLanguage\":\"es-ES\",\"isPartOf\":{\"@id\":\"https:\\\/\\\/www.eldigitaldeasturias.com\\\/noticias\\\/#website\"},\"breadcrumb\":{\"@id\":\"https:\\\/\\\/www.eldigitaldeasturias.com\\\/noticias\\\/ortega-lara-y-santiago-abascal-han-participado-en-la-conferencia-el-futuro-de-espana\\\/#breadcrumblist\"},\"author\":{\"@id\":\"https:\\\/\\\/www.eldigitaldeasturias.com\\\/noticias\\\/author\\\/admin\\\/#author\"},\"creator\":{\"@id\":\"https:\\\/\\\/www.eldigitaldeasturias.com\\\/noticias\\\/author\\\/admin\\\/#author\"},\"image\":{\"@type\":\"ImageObject\",\"url\":952734,\"@id\":\"https:\\\/\\\/www.eldigitaldeasturias.com\\\/noticias\\\/ortega-lara-y-santiago-abascal-han-participado-en-la-conferencia-el-futuro-de-espana\\\/#mainImage\"},\"primaryImageOfPage\":{\"@id\":\"https:\\\/\\\/www.eldigitaldeasturias.com\\\/noticias\\\/ortega-lara-y-santiago-abascal-han-participado-en-la-conferencia-el-futuro-de-espana\\\/#mainImage\"},\"datePublished\":\"2017-09-13T20:37:15+02:00\",\"dateModified\":\"2017-09-13T20:37:15+02:00\"},{\"@type\":\"WebSite\",\"@id\":\"https:\\\/\\\/www.eldigitaldeasturias.com\\\/noticias\\\/#website\",\"url\":\"https:\\\/\\\/www.eldigitaldeasturias.com\\\/noticias\\\/\",\"name\":\"El Digital de Asturias - Diario de actualidad y noticias\",\"alternateName\":\"El Digital de Asturias - Diario de actualidad y noticias\",\"description\":\"Hemeroteca\",\"inLanguage\":\"es-ES\",\"publisher\":{\"@id\":\"https:\\\/\\\/www.eldigitaldeasturias.com\\\/noticias\\\/#organization\"}}]}\n\t\t<\/script>\n\t\t<!-- All in One SEO Pro -->\r\n\t\t<title>Ortega Lara y Santiago Abascal han participado en la conferencia \u201cEl futuro de Espa\u00f1a\u201d - El Digital de Asturias<\/title>\n\n","aioseo_head_json":{"title":"Ortega Lara y Santiago Abascal han participado en la conferencia \u201cEl futuro de Espa\u00f1a\u201d - El Digital de Asturias","description":"Villaviciosa de Od\u00f3n ha acogido esta tarde la conferencia \u201cEl futuro de Espa\u00f1a\u201d, impartida por Jos\u00e9 Antonio Ortega Lara, fundador de VOX, Santiago Abascal, presidente de la formaci\u00f3n, y Rocio Monasterio, presidenta de VOX Madrid, en el Palacio de Godoy de la localidad. Jos\u00e9 Antonio Ortega Lara ha afirmado durante el acto: \u201cSon m\u00e1s necesarias","canonical_url":"https:\/\/www.eldigitaldeasturias.com\/noticias\/ortega-lara-y-santiago-abascal-han-participado-en-la-conferencia-el-futuro-de-espana\/","robots":"max-image-preview:large","keywords":"actualidad","webmasterTools":{"google-site-verification":"UA-38556648-1","msvalidate.01":"7dfe9f3f1b24437ab69f4f2559babe99","miscellaneous":""},"schema":{"@context":"https:\/\/schema.org","@graph":[{"@type":"BlogPosting","@id":"https:\/\/www.eldigitaldeasturias.com\/noticias\/ortega-lara-y-santiago-abascal-han-participado-en-la-conferencia-el-futuro-de-espana\/#blogposting","name":"Ortega Lara y Santiago Abascal han participado en la conferencia \u201cEl futuro de Espa\u00f1a\u201d - El Digital de Asturias","headline":"Ortega Lara y Santiago Abascal han participado en la conferencia \u201cEl futuro de Espa\u00f1a\u201d","author":{"@id":"https:\/\/www.eldigitaldeasturias.com\/noticias\/author\/admin\/#author"},"publisher":{"@id":"https:\/\/www.eldigitaldeasturias.com\/noticias\/#organization"},"image":{"@type":"ImageObject","url":952734},"datePublished":"2017-09-13T20:37:15+02:00","dateModified":"2017-09-13T20:37:15+02:00","inLanguage":"es-ES","mainEntityOfPage":{"@id":"https:\/\/www.eldigitaldeasturias.com\/noticias\/ortega-lara-y-santiago-abascal-han-participado-en-la-conferencia-el-futuro-de-espana\/#webpage"},"isPartOf":{"@id":"https:\/\/www.eldigitaldeasturias.com\/noticias\/ortega-lara-y-santiago-abascal-han-participado-en-la-conferencia-el-futuro-de-espana\/#webpage"},"articleSection":"Actualidad"},{"@type":"BreadcrumbList","@id":"https:\/\/www.eldigitaldeasturias.com\/noticias\/ortega-lara-y-santiago-abascal-han-participado-en-la-conferencia-el-futuro-de-espana\/#breadcrumblist","itemListElement":[{"@type":"ListItem","@id":"https:\/\/www.eldigitaldeasturias.com\/noticias#listItem","position":1,"name":"Home","item":"https:\/\/www.eldigitaldeasturias.com\/noticias","nextItem":{"@type":"ListItem","@id":"https:\/\/www.eldigitaldeasturias.com\/noticias\/category\/actualidad\/#listItem","name":"Actualidad"}},{"@type":"ListItem","@id":"https:\/\/www.eldigitaldeasturias.com\/noticias\/category\/actualidad\/#listItem","position":2,"name":"Actualidad","item":"https:\/\/www.eldigitaldeasturias.com\/noticias\/category\/actualidad\/","nextItem":{"@type":"ListItem","@id":"https:\/\/www.eldigitaldeasturias.com\/noticias\/ortega-lara-y-santiago-abascal-han-participado-en-la-conferencia-el-futuro-de-espana\/#listItem","name":"Ortega Lara y Santiago Abascal han participado en la conferencia \u201cEl futuro de Espa\u00f1a\u201d"},"previousItem":{"@type":"ListItem","@id":"https:\/\/www.eldigitaldeasturias.com\/noticias#listItem","name":"Home"}},{"@type":"ListItem","@id":"https:\/\/www.eldigitaldeasturias.com\/noticias\/ortega-lara-y-santiago-abascal-han-participado-en-la-conferencia-el-futuro-de-espana\/#listItem","position":3,"name":"Ortega Lara y Santiago Abascal han participado en la conferencia \u201cEl futuro de Espa\u00f1a\u201d","previousItem":{"@type":"ListItem","@id":"https:\/\/www.eldigitaldeasturias.com\/noticias\/category\/actualidad\/#listItem","name":"Actualidad"}}]},{"@type":"Organization","@id":"https:\/\/www.eldigitaldeasturias.com\/noticias\/#organization","name":"El Digital de Asturias","description":"Hemeroteca","url":"https:\/\/www.eldigitaldeasturias.com\/noticias\/","email":"info@eldigitaldeasturias.com","telephone":"+34652131393","logo":{"@type":"ImageObject","url":"https:\/\/www.eldigitaldeasturias.com\/noticias\/wp-content\/uploads\/2020\/12\/EDA.jpg","@id":"https:\/\/www.eldigitaldeasturias.com\/noticias\/ortega-lara-y-santiago-abascal-han-participado-en-la-conferencia-el-futuro-de-espana\/#organizationLogo"},"image":{"@id":"https:\/\/www.eldigitaldeasturias.com\/noticias\/ortega-lara-y-santiago-abascal-han-participado-en-la-conferencia-el-futuro-de-espana\/#organizationLogo"},"sameAs":["https:\/\/facebook.com\/eldigitaldeasturias","https:\/\/www.youtube.com\/channel\/UCZP-2wLEB9Rv6erhFmqVnvg"],"address":{"@id":"https:\/\/www.eldigitaldeasturias.com\/noticias\/#postaladdress","@type":"PostalAddress","streetAddress":"san antonio 4","postalCode":"33430","addressLocality":"Cand\u00e1s","addressRegion":"Asturias","addressCountry":"ES"}},{"@type":"Person","@id":"https:\/\/www.eldigitaldeasturias.com\/noticias\/author\/admin\/#author","url":"https:\/\/www.eldigitaldeasturias.com\/noticias\/author\/admin\/","name":"El Digital de Asturias","image":{"@type":"ImageObject","@id":"https:\/\/www.eldigitaldeasturias.com\/noticias\/ortega-lara-y-santiago-abascal-han-participado-en-la-conferencia-el-futuro-de-espana\/#authorImage","url":"https:\/\/secure.gravatar.com\/avatar\/df2aeffc32bcd13f8d26072ef8a91b623d677766deac7f97ca815868cd41bf5e?s=96&d=mm&r=g","width":96,"height":96,"caption":"El Digital de Asturias"}},{"@type":"WebPage","@id":"https:\/\/www.eldigitaldeasturias.com\/noticias\/ortega-lara-y-santiago-abascal-han-participado-en-la-conferencia-el-futuro-de-espana\/#webpage","url":"https:\/\/www.eldigitaldeasturias.com\/noticias\/ortega-lara-y-santiago-abascal-han-participado-en-la-conferencia-el-futuro-de-espana\/","name":"Ortega Lara y Santiago Abascal han participado en la conferencia \u201cEl futuro de Espa\u00f1a\u201d - El Digital de Asturias","description":"Villaviciosa de Od\u00f3n ha acogido esta tarde la conferencia \u201cEl futuro de Espa\u00f1a\u201d, impartida por Jos\u00e9 Antonio Ortega Lara, fundador de VOX, Santiago Abascal, presidente de la formaci\u00f3n, y Rocio Monasterio, presidenta de VOX Madrid, en el Palacio de Godoy de la localidad. Jos\u00e9 Antonio Ortega Lara ha afirmado durante el acto: \u201cSon m\u00e1s necesarias","inLanguage":"es-ES","isPartOf":{"@id":"https:\/\/www.eldigitaldeasturias.com\/noticias\/#website"},"breadcrumb":{"@id":"https:\/\/www.eldigitaldeasturias.com\/noticias\/ortega-lara-y-santiago-abascal-han-participado-en-la-conferencia-el-futuro-de-espana\/#breadcrumblist"},"author":{"@id":"https:\/\/www.eldigitaldeasturias.com\/noticias\/author\/admin\/#author"},"creator":{"@id":"https:\/\/www.eldigitaldeasturias.com\/noticias\/author\/admin\/#author"},"image":{"@type":"ImageObject","url":952734,"@id":"https:\/\/www.eldigitaldeasturias.com\/noticias\/ortega-lara-y-santiago-abascal-han-participado-en-la-conferencia-el-futuro-de-espana\/#mainImage"},"primaryImageOfPage":{"@id":"https:\/\/www.eldigitaldeasturias.com\/noticias\/ortega-lara-y-santiago-abascal-han-participado-en-la-conferencia-el-futuro-de-espana\/#mainImage"},"datePublished":"2017-09-13T20:37:15+02:00","dateModified":"2017-09-13T20:37:15+02:00"},{"@type":"WebSite","@id":"https:\/\/www.eldigitaldeasturias.com\/noticias\/#website","url":"https:\/\/www.eldigitaldeasturias.com\/noticias\/","name":"El Digital de Asturias - Diario de actualidad y noticias","alternateName":"El Digital de Asturias - Diario de actualidad y noticias","description":"Hemeroteca","inLanguage":"es-ES","publisher":{"@id":"https:\/\/www.eldigitaldeasturias.com\/noticias\/#organization"}}]},"og:locale":"es_ES","og:site_name":"El Digital de Asturias","og:type":"article","og:title":"Ortega Lara y Santiago Abascal han participado en la conferencia \u201cEl futuro de Espa\u00f1a\u201d - El Digital de Asturias","og:description":"Villaviciosa de Od\u00f3n ha acogido esta tarde la conferencia \u201cEl futuro de Espa\u00f1a\u201d, impartida por Jos\u00e9 Antonio Ortega Lara, fundador de VOX, Santiago Abascal, presidente de la formaci\u00f3n, y Rocio Monasterio, presidenta de VOX Madrid, en el Palacio de Godoy de la localidad. Jos\u00e9 Antonio Ortega Lara ha afirmado durante el acto: \u201cSon m\u00e1s necesarias","og:url":"https:\/\/www.eldigitaldeasturias.com\/noticias\/ortega-lara-y-santiago-abascal-han-participado-en-la-conferencia-el-futuro-de-espana\/","article:tag":["actualidad"],"article:published_time":"2017-09-13T20:37:15+00:00","article:modified_time":"2017-09-13T20:37:15+00:00","article:publisher":"https:\/\/facebook.com\/eldigitaldeasturias","twitter:card":"summary_large_image","twitter:title":"Ortega Lara y Santiago Abascal han participado en la conferencia \u201cEl futuro de Espa\u00f1a\u201d - El Digital de Asturias","twitter:description":"Villaviciosa de Od\u00f3n ha acogido esta tarde la conferencia \u201cEl futuro de Espa\u00f1a\u201d, impartida por Jos\u00e9 Antonio Ortega Lara, fundador de VOX, Santiago Abascal, presidente de la formaci\u00f3n, y Rocio Monasterio, presidenta de VOX Madrid, en el Palacio de Godoy de la localidad. Jos\u00e9 Antonio Ortega Lara ha afirmado durante el acto: \u201cSon m\u00e1s necesarias","twitter:image":"https:\/\/www.eldigitaldeasturias.com\/noticias\/wp-content\/uploads\/2020\/12\/EDA-1.jpg","twitter:label1":"Escrito por","twitter:data1":"El Digital de Asturias","twitter:label2":"Tiempo de lectura estimado","twitter:data2":"4 minutos"},"aioseo_meta_data":{"post_id":"952733","title":null,"description":null,"keywords":null,"keyphrases":null,"primary_term":null,"canonical_url":null,"og_title":null,"og_description":null,"og_object_type":"default","og_image_type":"default","og_image_url":null,"og_image_width":null,"og_image_height":null,"og_image_custom_url":null,"og_image_custom_fields":null,"og_video":null,"og_custom_url":null,"og_article_section":null,"og_article_tags":null,"twitter_use_og":false,"twitter_card":"default","twitter_image_type":"default","twitter_image_url":null,"twitter_image_custom_url":null,"twitter_image_custom_fields":null,"twitter_title":null,"twitter_description":null,"schema":{"blockGraphs":[],"customGraphs":[],"default":{"data":{"Article":[],"Course":[],"Dataset":[],"FAQPage":[],"Movie":[],"Person":[],"Product":[],"ProductReview":[],"Car":[],"Recipe":[],"Service":[],"SoftwareApplication":[],"WebPage":[]},"graphName":"","isEnabled":true},"graphs":[],"defaultGraph":"","defaultPostTypeGraph":""},"schema_type":null,"schema_type_options":null,"pillar_content":false,"robots_default":true,"robots_noindex":false,"robots_noarchive":false,"robots_nosnippet":false,"robots_nofollow":false,"robots_noimageindex":false,"robots_noodp":false,"robots_notranslate":false,"robots_max_snippet":null,"robots_max_videopreview":null,"robots_max_imagepreview":"large","priority":null,"frequency":null,"local_seo":null,"seo_analyzer_scan_date":"2025-12-05 23:57:49","breadcrumb_settings":null,"limit_modified_date":false,"open_ai":null,"ai":null,"created":"2020-12-21 12:57:33","updated":"2025-12-05 23:57:49","focus_keyword":null,"additional_keywords":null,"truseo_locale":null},"aioseo_breadcrumb":"<div class=\"aioseo-breadcrumbs\"><span class=\"aioseo-breadcrumb\">\n\t<a href=\"https:\/\/www.eldigitaldeasturias.com\/noticias\" title=\"Home\">Home<\/a>\n<\/span><span class=\"aioseo-breadcrumb-separator\">\u2013<\/span><span class=\"aioseo-breadcrumb\">\n\t<a href=\"https:\/\/www.eldigitaldeasturias.com\/noticias\/category\/actualidad\/\" title=\"Actualidad\">Actualidad<\/a>\n<\/span><span class=\"aioseo-breadcrumb-separator\">\u2013<\/span><span class=\"aioseo-breadcrumb\">\n\t<a href=\"https:\/\/www.eldigitaldeasturias.com\/noticias\/ortega-lara-y-santiago-abascal-han-participado-en-la-conferencia-el-futuro-de-espana\/\" title=\"Ortega Lara y Santiago Abascal han participado en la conferencia \u201cEl futuro de Espa\u00f1a\u201d\">Ortega Lara y Santiago Abascal han participado en la conferencia \u201cEl futuro de Espa\u00f1a\u201d<\/a>\n<\/span><\/div>","aioseo_breadcrumb_json":[{"label":"Home","link":"https:\/\/www.eldigitaldeasturias.com\/noticias"},{"label":"Actualidad","link":"https:\/\/www.eldigitaldeasturias.com\/noticias\/category\/actualidad\/"},{"label":"Ortega Lara y Santiago Abascal han participado en la conferencia \u201cEl futuro de Espa\u00f1a\u201d","link":"https:\/\/www.eldigitaldeasturias.com\/noticias\/ortega-lara-y-santiago-abascal-han-participado-en-la-conferencia-el-futuro-de-espana\/"}],"_links":{"self":[{"href":"https:\/\/www.eldigitaldeasturias.com\/noticias\/wp-json\/wp\/v2\/posts\/952733","targetHints":{"allow":["GET"]}}],"collection":[{"href":"https:\/\/www.eldigitaldeasturias.com\/noticias\/wp-json\/wp\/v2\/posts"}],"about":[{"href":"https:\/\/www.eldigitaldeasturias.com\/noticias\/wp-json\/wp\/v2\/types\/post"}],"author":[{"embeddable":true,"href":"https:\/\/www.eldigitaldeasturias.com\/noticias\/wp-json\/wp\/v2\/users\/1"}],"replies":[{"embeddable":true,"href":"https:\/\/www.eldigitaldeasturias.com\/noticias\/wp-json\/wp\/v2\/comments?post=952733"}],"version-history":[{"count":0,"href":"https:\/\/www.eldigitaldeasturias.com\/noticias\/wp-json\/wp\/v2\/posts\/952733\/revisions"}],"wp:attachment":[{"href":"https:\/\/www.eldigitaldeasturias.com\/noticias\/wp-json\/wp\/v2\/media?parent=952733"}],"wp:term":[{"taxonomy":"category","embeddable":true,"href":"https:\/\/www.eldigitaldeasturias.com\/noticias\/wp-json\/wp\/v2\/categories?post=952733"},{"taxonomy":"post_tag","embeddable":true,"href":"https:\/\/www.eldigitaldeasturias.com\/noticias\/wp-json\/wp\/v2\/tags?post=952733"}],"curies":[{"name":"wp","href":"https:\/\/api.w.org\/{rel}","templated":true}]}}