{"id":952702,"date":"2017-09-13T17:10:16","date_gmt":"2017-09-13T17:10:16","guid":{"rendered":"http:\/\/www.eldigitaldeasturias.com\/noticias\/?p=952702"},"modified":"2017-09-13T17:10:16","modified_gmt":"2017-09-13T17:10:16","slug":"los-reyes-de-espana-entregan-los-premios-nacionales-de-cultura-2016","status":"publish","type":"post","link":"https:\/\/www.eldigitaldeasturias.com\/noticias\/los-reyes-de-espana-entregan-los-premios-nacionales-de-cultura-2016\/","title":{"rendered":"Los Reyes de Espa\u00f1a entregan los Premios Nacionales de Cultura 2016"},"content":{"rendered":"<p><img loading=\"lazy\" decoding=\"async\" class=\"alignleft size-medium wp-image-952703\" src=\"https:\/\/www.eldigitaldeasturias.com\/noticias\/wp-content\/uploads\/2017\/09\/13092017-360x239.jpg\" alt=\"\" width=\"360\" height=\"239\" \/>Sus Majestades los Reyes de Espa\u00f1a han hecho entrega hoy en la Catedral de Cuenca de los Premios Nacionales 2016, galardones con los que el Ministerio de Educaci\u00f3n, Cultura y Deporte distingue a personalidades del mundo de la cultura.<\/p>\n<p>\u200bSus Majestades han sido acompa\u00f1ados por el ministro de Educaci\u00f3n, Cultura y Deporte y portavoz del Gobierno, \u00cd\u00f1igo M\u00e9ndez de Vigo, el presidente de la Junta de Comunidades de Castilla-La Mancha, Emiliano Garc\u00eda-Page, y el alcalde de Cuenca, \u00c1ngel L. Mariscal, entre otras autoridades.<\/p>\n<p>En la ceremonia de entrega ha intervenido en representaci\u00f3n de los premiados la actriz Concha Velasco, reconocida en esta edici\u00f3n con el Premio Nacional de Teatro.<\/p>\n<p>Los Premios Nacionales 2016 fueron concedidos por el Ministerio de Educaci\u00f3n, Cultura y Deporte a las siguientes personalidades:<\/p>\n<p><strong>Premio Nacional de Teatro<\/strong><\/p>\n<p>Concha Velasco (Valladolid, 1939), actriz muy querida y respetada por el p\u00fablico desde sus comienzos. Reconocida profesional de larga trayectoria en cine, teatro y televisi\u00f3n. Desde muy temprano estudi\u00f3 ballet cl\u00e1sico, danza espa\u00f1ola, solfeo en el Conservatorio Nacional de M\u00fasica y Danza de Madrid, y Arte Dram\u00e1tico. Entre sus m\u00e1s recientes galardones destacan: la Medalla de Oro al M\u00e9rito en el Trabajo en 2009, el Premio de la Academia de Televisi\u00f3n a &#8216;Toda una Vida&#8217; en 2009 y el Goya de Honor en 2012. En 2016 recibi\u00f3 el 16\u00ba Premio Corral de Comedias del Festival Internacional de Teatro Cl\u00e1sico de Almagro.<\/p>\n<p><strong>Premio Nacional de Televisi\u00f3n<\/strong><\/p>\n<p>Concedido al programa televisivo El Hormiguero. La productora 7yAcci\u00f3n es una de las compa\u00f1\u00edas de entretenimiento l\u00edderes en Espa\u00f1a. Fue creada en 2007 por Pablo Motos, uno de los presentadores con mayor relevancia de nuestro pa\u00eds y Jorge Salvador, un ejecutivo que acumula m\u00e1s de 25 a\u00f1os de experiencia en el sector audiovisual. El Hormiguero es el programa m\u00e1s exitoso de 7yAcci\u00f3n que emite Antena3 y goza de un gran \u00e9xito internacional.<\/p>\n<p><strong>Premio Nacional de Tauromaquia<\/strong><\/p>\n<p>Victorino Mart\u00edn (Galapagar, Madrid, 1929). Algunas de sus fechas destacadas como ganadero tienen lugar en 1961, cuando lidia su primer festejo como ganadero en Zaragoza. En 1967 se lidia la primera corrida a nombre de Victorino Mart\u00edn en Castro Urdiales (Cantabria). En 1969 debuta su ganader\u00eda en la Plaza de las Ventas. En sus casi 50 a\u00f1os de existencia, la ganader\u00eda de Victorino Mart\u00edn Andr\u00e9s ha obtenido 12 indultos, destacando el del toro &#8216;Belador&#8217; el 19 de julio de 1982, \u00fanico indulto hasta hoy en la historia de Las Ventas.<\/p>\n<p><strong>Premio Nacional de Narrativa<\/strong><\/p>\n<p>Cristina Fern\u00e1ndez Cubas (Arenys de Mar, Barcelona, 1945), galardonada por su obra &#8216;La habitaci\u00f3n de Nona&#8217;. Estudi\u00f3 en Barcelona Derecho y Periodismo, profesi\u00f3n que ejercer\u00eda posteriormente. Todas sus obras han recibido una calurosa acogida por parte de la cr\u00edtica y del p\u00fablico. Sus relatos configuran uno de los universos literarios m\u00e1s singulares de la literatura contempor\u00e1nea, un espacio donde lo inesperado y lo cotidiano, lo inexplicable y lo real, se entrelazan para ofrecer una ins\u00f3lita visi\u00f3n de la experiencia humana.<\/p>\n<p><strong>Premio Nacional de Fotograf\u00eda<\/strong><\/p>\n<p>Isabel Mu\u00f1oz (Barcelona, 1951) se matricula en 1979 en el Photocentro y decide convertir su afici\u00f3n en profesi\u00f3n. En 1982 decide ampliar sus estudios en Nueva York. Ha obtenido el premio World Press Photo en 1999 (en la categor\u00eda Arte y Entretenimiento) y 2004 (en la categor\u00eda Retratos), y Premio PHotoEspa\u00f1a en 2009. Recibi\u00f3 la Medalla al M\u00e9rito de las Bellas Artes en 2009. Su obra forma parte de colecciones como la de la Maison Europ\u00e9enne de la Photographie (Par\u00eds) y el New Museum de Nueva York, entre otras.<\/p>\n<p><strong>Premio Nacional de las Letras Espa\u00f1olas<\/strong><\/p>\n<p>Juan Eduardo Z\u00fa\u00f1iga (Madrid, 1929). Ha editado numerosos estudios y ensayos como experto en literaturas eslavas, principalmente la rusa y la b\u00falgara. Entre sus obras destaca una biograf\u00eda de Turgueniev titulada Los imposibles afectos de Ivan Turgueniev (1977), varios ensayos sobre escritores rusos como Ch\u00e9jov y numerosos art\u00edculos acerca de la cultura b\u00falgara. En 1951 edit\u00f3 su primera novela, In\u00fatiles totales, y m\u00e1s tarde, en 1962, public\u00f3 El coral y las aguas. En 1980, public\u00f3 el libro de relatos Largo noviembre de Madrid, basado en la situaci\u00f3n de la capital espa\u00f1ola en plena Guerra Civil.<\/p>\n<p><strong>Premio Nacional de Artes Pl\u00e1sticas<\/strong><\/p>\n<p>Juan Hidalgo (Las Palmas, 1927) encarna el esp\u00edritu de las vanguardias con su af\u00e1n por borrar los l\u00edmites y ampliar los m\u00e1rgenes de la creaci\u00f3n. Su primera formaci\u00f3n fue musical, pero su interpretaci\u00f3n abierta del hecho creativo le convierte en un artista multimedia que se mueve libremente por el mundo de la m\u00fasica, la poes\u00eda y la pl\u00e1stica. Para Juan Hidalgo los g\u00e9neros art\u00edsticos son permeables, la actitud ante el hecho creativo es lo que lo define.<\/p>\n<p><strong>Premio Nacional de M\u00fasicas Actuales<\/strong><\/p>\n<p>Mar\u00eda Isabel Qui\u00f1ones, Martirio (Huelva, 1954). Tras formar parte del grupo &#8216;Jarcha&#8217; en la d\u00e9cada de los 80, y posteriormente del grupo &#8216;Veneno&#8217;, junto a Pata Negra y Kiko Veneno, en 1986, publica su primer disco, producido por este \u00faltimo, Estoy mala.<\/p>\n<p>Martirio se define a s\u00ed misma como \u00abuna especie de arque\u00f3loga musical\u00bb. Su imagen enigm\u00e1tica y sofisticada es la tarjeta de presentaci\u00f3n de una artista viva, siempre curiosa, a ras de suelo, moderna y vanguardista.<\/p>\n<ul>\n<li><strong>Premio Nacional de M\u00fasica<\/strong><\/li>\n<\/ul>\n<p><strong>Modalidad interpretaci\u00f3n<\/strong><\/p>\n<p>Juan Jos\u00e9 Mena Ost\u00e9riz, Juanjo Mena (Vitoria, 1965), es actualmente director asociado de la Orquesta Nacional de Espa\u00f1a y director titular de la BBC Philarmonic Orquestra, con la que ha viajado por Alemania, Austria, China, Corea del Sur, Hungr\u00eda, Croacia, Eslovenia y Espa\u00f1a, adem\u00e1s de tener una presencia estable en el prestigioso ciclo de conciertos BBC Proms.<\/p>\n<p><strong>Modalidad composici\u00f3n<\/strong><\/p>\n<p>Antoni Parera Fons (Manacor, Mallorca, 1943). Se form\u00f3 en el Conservatorio de Palma de Mallorca y Superior de Valencia y Barcelona; estudi\u00f3 composici\u00f3n y posteriormente prosigui\u00f3 sus estudios de piano con Rosa Sabater. Los music\u00f3logos Garcia Matos y Galm\u00e9s orientaron el inter\u00e9s del premiado por la m\u00fasica tradicional y popular, lo que ha marcado poderosamente el estilo de su obra, tanto pian\u00edstica como vocal o sinf\u00f3nica.<\/p>\n<p><strong>Premio Nacional de Literatura Infantil y Juvenil<\/strong><\/p>\n<p>Alejandro Palomas (Barcelona, 1967) es licenciado en Filolog\u00eda inglesa y Master in Poetics por el New College de California (San Francisco, EEUU). Ha traducido obras de cl\u00e1sicos anglosajones como Katherine Mansfield, Willa Carther, Oscar Wilde, Jack London o Gertrude Stein; y dirige la colecci\u00f3n P\u00e9rfidos e Iluminadas, de El Cobre Ediciones, en la que ha traducido las memorias de Fran\u00e7oise Sagan, Desde el recuerdo. Se le concedi\u00f3 el Premio Nacional por su por su novela Un fill.<\/p>\n<ul>\n<li><strong>Premio Nacional de Danza<\/strong><\/li>\n<\/ul>\n<p><strong>Modalidad interpretaci\u00f3n<\/strong><\/p>\n<p>Joaqu\u00edn de Luz (Madrid, 1976). Bailar\u00edn principal del New York City Ballet, comenz\u00f3 su formaci\u00f3n en danza cl\u00e1sica en la Compa\u00f1\u00eda de V\u00edctor Ullate. En 1996 se incorpor\u00f3 a la compa\u00f1\u00eda de Pennsylvania Ballet con categor\u00eda de solista. Con esta compa\u00f1\u00eda interpret\u00f3 roles principales en obras como La Bayadera, Don Quijote y El lago de los cisnes, entre otras. En 1997, entra a formar parte del American Ballet Theater y, un a\u00f1o m\u00e1s tarde, logr\u00f3 ser bailar\u00edn solista.<\/p>\n<p><strong>Modalidad creaci\u00f3n<\/strong><\/p>\n<p>Sol Pic\u00f3 (Alcoy, Alicante, 1967). Core\u00f3grafa y bailarina afincada en Barcelona, es conocedora de la danza cl\u00e1sica, espa\u00f1ola y contempor\u00e1nea, tres disciplinas que se pueden sentir en su trabajo coreogr\u00e1fico, aunque enmarcado en la expresi\u00f3n m\u00e1s contempor\u00e1nea de la danza. Con la compa\u00f1\u00eda que lleva su nombre, la Sol Pic\u00f3 Compa\u00f1\u00eda de Danza, nacida en 1993, es con la que ha desarrollado su sello m\u00e1s personal.<\/p>\n<p><strong>Premio Nacional de Poes\u00eda<\/strong><\/p>\n<p>\u00c1ngeles Mora Fragoso (C\u00f3rdoba, 1952) es licenciada en Filolog\u00eda Hisp\u00e1nica por la Universidad de Granada, donde ha sido profesora de Lengua y Literatura Espa\u00f1ola. Es presidenta de la Asociaci\u00f3n de Mujer y Literatura Verso Libre y miembro numerario de la Academia de Buenas Letras de Granada. El jurado del Premio Nacional acord\u00f3 otorgarle el Premio de Poes\u00eda por su obra &#8216;Ficciones para una autobiograf\u00eda&#8217;.<\/p>\n<p><strong>Premio Nacional de Ensayo<\/strong><\/p>\n<p>Josep Maria Esquirol Calaf (Mediona, Barcelona, 1963), galardonado por su obra &#8216;La resistencia \u00edntima: ensayo de una filosof\u00eda de la proximidad&#8217;. Es fil\u00f3sofo y profesor de la Universidad de Barcelona, donde imparte asignaturas de filosof\u00eda pol\u00edtica y de pensamiento contempor\u00e1neo. Es director del grupo de investigaci\u00f3n \u00c9tica y Filosof\u00eda Contempor\u00e1nea y del m\u00e1ster Pensamiento y Creatividad de La Salle. Ha publicado diez libros y m\u00e1s de setenta trabajos en libros colectivos y en revistas.<\/p>\n<p><strong>Premio Nacional de Historia de Espa\u00f1a<\/strong><\/p>\n<p>Feliciano Barrios (Madrid, 1954), se le concedi\u00f3 el Premio por su obra La gobernaci\u00f3n de la Monarqu\u00eda de Espa\u00f1a: consejos, juntas y secretarios de la administraci\u00f3n de corte, 1556-1700. Es especialista en Historia de la Administraci\u00f3n P\u00fablica de la Edad Moderna, Instituciones Nobiliarias e Historia del Derecho Indiano. En 1986 obtiene por oposici\u00f3n la c\u00e1tedra de Historia del Derecho y de las Instituciones de la Universidad de Castilla-La Mancha. En esta misma Universidad ha sido decano, hoy honorario, de la Facultad de Ciencias Jur\u00eddicas y Sociales de Toledo.<\/p>\n<ul>\n<li><strong>Premio Nacional de Fomento de la Lectura<\/strong><\/li>\n<\/ul>\n<p><strong>&#8216;La conspiraci\u00f3n de la p\u00f3lvora&#8217;<\/strong><\/p>\n<p>Se trata de la alianza creada por las librer\u00edas Letras corsarias (Salamanca), Intempestivos (Segovia) y La Puerta de Tannhauser (Plasencia, C\u00e1ceres) para organizar conjuntamente presentaciones de libros y editoriales y otras actividades.<\/p>\n<p><strong>Blog &#8216;Ana Tarambana&#8217;<\/strong><\/p>\n<p>Ana Garral\u00f3n (Madrid, 1965). Su blog &#8216;Ana Tarambana&#8217; es una herramienta ineludible para todas las cuestiones relacionadas con libro infantil y lectura, y en un espacio de encuentro de profesionales y lectores a los que dirige su escuela on line.<\/p>\n<p><strong>Premio Nacional del C\u00f3mic<\/strong><\/p>\n<p>Pablo Auladell P\u00e9rez (Alicante, 1972), por su obra El para\u00edso perdido. Es docente del Master Ars in Fabula y de la AIF Summer School en Macerata (Italia). Ha ilustrado m\u00e1s de treinta \u00e1lbumes, novelas y c\u00f3mics y su obra ha sido expuesta en galer\u00edas y ferias de Madrid, Barcelona, Roma, Bolonia y Ginebra. Asimismo, ha impartido charlas y talleres en Espa\u00f1a e Italia.<\/p>\n<p><strong>Premio Nacional de Periodismo Cultural<\/strong><\/p>\n<p>Jaume Figueras i Rabert (Barcelona, 1940) es cr\u00edtico de cine y periodista. Con 75 a\u00f1os, y todav\u00eda en activo, es una referencia para espectadores y periodistas de distintas generaciones, a trav\u00e9s de personajes c\u00e9lebres como su alter-ego, Mr. Belvedere.<\/p>\n<p><strong>Premio Nacional de Ilustraci\u00f3n<\/strong><\/p>\n<p>Javier Sa\u00e9z Cast\u00e1n (Huesca, 1964) es ilustrador y escritor especializado en libros para ni\u00f1os. Estudi\u00f3 Bellas Artes, especialidad de Dibujo, por la Universidad Polit\u00e9cnica de Valencia. El jurado del Premio destac\u00f3 \u00absu creatividad y talento narrativo que implica la dimensi\u00f3n objetual del libro; por su capacidad para construir mundos y contagiarlos; por la calidad de sus obras, muchas de las cuales son grandes cl\u00e1sicos contempor\u00e1neos de dimensi\u00f3n internacional y por su generosidad como formador\u00bb.<\/p>\n<p><strong>Premio Nacional a la Obra de un Traductor<\/strong><\/p>\n<p>Ram\u00f3n Buenaventura (T\u00e1nger, Marruecos, 1940) es uno de los grandes de la traducci\u00f3n del ingl\u00e9s y el franc\u00e9s al castellano, como destac\u00f3 el jurado al concederle el Premio Nacional, con una larga trayectoria que abarca obras cl\u00e1sicas y contempor\u00e1neas y autores diversos como Rimbaud, Sylvia Plath, Anthony Burgess, Scott Fitzgerald. Philip Roth y Jonathan Franzen.<\/p>\n<p><strong>Premio Nacional a la Mejor Traducci\u00f3n<\/strong><\/p>\n<p>Ana Mar\u00eda Bejarano Escanilla (Salamanca, 1959) es profesora de la Secci\u00f3n de Hebreo y Arameo del Departamento de Filolog\u00eda Sem\u00edtica de la Universidad de Barcelona. Bejarano, premiada por la traducci\u00f3n del hebreo al castellano de la obra Gran Cabaret de David Grossman, ha publicado versiones de m\u00e1s de cincuenta obras de la literatura hebrea contempor\u00e1nea, traducidas directamente del hebreo al espa\u00f1ol.<\/p>\n<p><strong>Premio Nacional de Literatura Dram\u00e1tica<\/strong><\/p>\n<p>Mar\u00eda Dolores Blasco Mena, Lola Blasco (Alicante, 1983), por su obra Siglo m\u00edo, bestia m\u00eda. Es escritora, directora e int\u00e9rprete. Se licenci\u00f3 en Dramaturgia por la Real Escuela Superior de Arte Dram\u00e1tico y se form\u00f3 en interpretaci\u00f3n en el Estudio de Jorge Eines. Es m\u00e1ster en Humanidades por la Universidad Carlos III de Madrid, donde contin\u00faa sus investigaciones y realiza labores docentes para el Departamento de Humanidades.<\/p>\n<p><strong>Premio Nacional de Poes\u00eda Joven Miguel Hern\u00e1ndez<\/strong><\/p>\n<p>Constantino Molina Monteagudo (Albacete, 1985), por la obra Las ramas del azar. Ha obtenido el Premio J\u00f3venes Artistas de Castilla-La Mancha 2011 y el Premio de Poes\u00eda Joven Ciudad de Albacete 2012. Algunos de sus poemas han sido recogidos en las antolog\u00edas El llano en llamas (2011) y Ten\u00edan veinte a\u00f1os y estaban locos (2011), as\u00ed como en las revistas Barcarola y La Galla Ciencia. Obtuvo en 2014 el Premio Adonais de Poes\u00eda.<\/p>\n<p><strong>Premio Nacional de Circo<\/strong><\/p>\n<p>Miguel \u00c1ngel Moreno, Bolo (M\u00e1laga, 1977). Licenciado en Ciencias de la Actividad F\u00edsica y el Deporte por la Universidad de Granada. A partir del a\u00f1o 2011 se especializa en equilibrios acrob\u00e1ticos. Fue fundador de la compa\u00f1\u00eda de Teatro de Calle Yastin Gigol\u00f3, con la que cre\u00f3 dos espect\u00e1culos, Circ\u00f3bolo y 24 horas, representados en festivales de toda Espa\u00f1a. Es presidente de la Asociaci\u00f3n de Circo de Andaluc\u00eda, desde donde lucha para posicionar el circo como un arte esc\u00e9nico de primer nivel.<\/p>\n<p><strong>Premio Nacional de Restauraci\u00f3n y Conservaci\u00f3n de Bienes Culturales<\/strong><\/p>\n<p>Antonio Almagro Gorbea (Barcelona, 1948) es arquitecto en las dos especialidades de Urbanismo y Edificaci\u00f3n por la Escuela T\u00e9cnica Superior de Arquitectura de Madrid desde 1971 y profesor de Investigaci\u00f3n especializado en Arquitectura Isl\u00e1mica en la Escuela de Estudios \u00c1rabes de Granada del Consejo Superior de Investigaciones Cient\u00edficas desde julio de 2002. Almagro fue uno de los iniciadores de la fotogrametr\u00eda y la infograf\u00eda aplicada a los estudios del patrimonio arquitect\u00f3nico y ha desarrollado una muy cualificada labor en dicho campo.<\/p>\n<p><strong>Premio Nacional de Artes Esc\u00e9nicas para la Infancia y la Juventud<\/strong><\/p>\n<p>Mar\u00eda Jos\u00e9 Fr\u00edas Arevalillo (Cabezuela, Segovia, 1970) es licenciada en Bellas Artes, especializada en dise\u00f1o, por la universidad Complutense de Madrid. En 1981 crea la &#8216;Compa\u00f1\u00eda Kiriki&#8217;, que posteriormente, en 1997, pasa a llamarse &#8216;T\u00edteres de Mar\u00eda Parrato&#8217;. Esta compa\u00f1\u00eda lleva m\u00e1s de quince a\u00f1os recorriendo los escenarios nacionales e internacionales con espect\u00e1culos destacados como Las andanzas de Pepit\u00edn, Hace muchas lunas o Canci\u00f3n de Navidad. Su espect\u00e1culo m\u00e1s reciente es la adaptaci\u00f3n de la obra de Ernest Hemingway El viejo y el mar.<\/p>\n<p>&nbsp;<\/p>\n","protected":false},"excerpt":{"rendered":"<p>Sus Majestades los Reyes de Espa\u00f1a han hecho entrega hoy en la Catedral de Cuenca de los Premios Nacionales 2016, galardones con los que el Ministerio de Educaci\u00f3n, Cultura y Deporte distingue a personalidades del mundo de la cultura. \u200bSus Majestades han sido acompa\u00f1ados por el ministro de Educaci\u00f3n, Cultura y Deporte y portavoz del [&hellip;]<\/p>\n","protected":false},"author":1,"featured_media":952703,"comment_status":"closed","ping_status":"closed","sticky":false,"template":"","format":"standard","meta":{"footnotes":""},"categories":[1],"tags":[],"class_list":["post-952702","post","type-post","status-publish","format-standard","has-post-thumbnail","hentry","category-actualidad"],"aioseo_notices":[],"aioseo_head":"\n\t\t<!-- All in One SEO Pro 5.0.1 - aioseo.com -->\n\t<meta name=\"description\" content=\"Sus Majestades los Reyes de Espa\u00f1a han hecho entrega hoy en la Catedral de Cuenca de los Premios Nacionales 2016, galardones con los que el Ministerio de Educaci\u00f3n, Cultura y Deporte distingue a personalidades del mundo de la cultura. \u200bSus Majestades han sido acompa\u00f1ados por el ministro de Educaci\u00f3n, Cultura y Deporte y portavoz del\" \/>\n\t<meta name=\"robots\" content=\"max-image-preview:large\" \/>\n\t<meta name=\"author\" content=\"El Digital de Asturias\"\/>\n\t<meta name=\"google-site-verification\" content=\"UA-38556648-1\" \/>\n\t<meta name=\"msvalidate.01\" content=\"7dfe9f3f1b24437ab69f4f2559babe99\" \/>\n\t<meta name=\"keywords\" content=\"actualidad\" \/>\n\t<link rel=\"canonical\" href=\"https:\/\/www.eldigitaldeasturias.com\/noticias\/los-reyes-de-espana-entregan-los-premios-nacionales-de-cultura-2016\/\" \/>\n\t<meta name=\"generator\" content=\"All in One SEO Pro (AIOSEO) 5.0.1\" \/>\n\t\t<meta property=\"og:locale\" content=\"es_ES\" \/>\n\t\t<meta property=\"og:site_name\" content=\"El Digital de Asturias\" \/>\n\t\t<meta property=\"og:type\" content=\"article\" \/>\n\t\t<meta property=\"og:title\" content=\"Los Reyes de Espa\u00f1a entregan los Premios Nacionales de Cultura 2016 - El Digital de Asturias\" \/>\n\t\t<meta property=\"og:description\" content=\"Sus Majestades los Reyes de Espa\u00f1a han hecho entrega hoy en la Catedral de Cuenca de los Premios Nacionales 2016, galardones con los que el Ministerio de Educaci\u00f3n, Cultura y Deporte distingue a personalidades del mundo de la cultura. \u200bSus Majestades han sido acompa\u00f1ados por el ministro de Educaci\u00f3n, Cultura y Deporte y portavoz del\" \/>\n\t\t<meta property=\"og:url\" content=\"https:\/\/www.eldigitaldeasturias.com\/noticias\/los-reyes-de-espana-entregan-los-premios-nacionales-de-cultura-2016\/\" \/>\n\t\t<meta property=\"article:tag\" content=\"actualidad\" \/>\n\t\t<meta property=\"article:published_time\" content=\"2017-09-13T17:10:16+00:00\" \/>\n\t\t<meta property=\"article:modified_time\" content=\"2017-09-13T17:10:16+00:00\" \/>\n\t\t<meta property=\"article:publisher\" content=\"https:\/\/facebook.com\/eldigitaldeasturias\" \/>\n\t\t<meta name=\"twitter:card\" content=\"summary_large_image\" \/>\n\t\t<meta name=\"twitter:title\" content=\"Los Reyes de Espa\u00f1a entregan los Premios Nacionales de Cultura 2016 - El Digital de Asturias\" \/>\n\t\t<meta name=\"twitter:description\" content=\"Sus Majestades los Reyes de Espa\u00f1a han hecho entrega hoy en la Catedral de Cuenca de los Premios Nacionales 2016, galardones con los que el Ministerio de Educaci\u00f3n, Cultura y Deporte distingue a personalidades del mundo de la cultura. \u200bSus Majestades han sido acompa\u00f1ados por el ministro de Educaci\u00f3n, Cultura y Deporte y portavoz del\" \/>\n\t\t<meta name=\"twitter:image\" content=\"https:\/\/www.eldigitaldeasturias.com\/noticias\/wp-content\/uploads\/2020\/12\/EDA-1.jpg\" \/>\n\t\t<meta name=\"twitter:label1\" content=\"Escrito por\" \/>\n\t\t<meta name=\"twitter:data1\" content=\"El Digital de Asturias\" \/>\n\t\t<meta name=\"twitter:label2\" content=\"Tiempo de lectura estimado\" \/>\n\t\t<meta name=\"twitter:data2\" content=\"12 minutos\" \/>\n\t\t<script type=\"application\/ld+json\" class=\"aioseo-schema\">\n\t\t\t{\"@context\":\"https:\\\/\\\/schema.org\",\"@graph\":[{\"@type\":\"BlogPosting\",\"@id\":\"https:\\\/\\\/www.eldigitaldeasturias.com\\\/noticias\\\/los-reyes-de-espana-entregan-los-premios-nacionales-de-cultura-2016\\\/#blogposting\",\"name\":\"Los Reyes de Espa\\u00f1a entregan los Premios Nacionales de Cultura 2016 - El Digital de Asturias\",\"headline\":\"Los Reyes de Espa\\u00f1a entregan los Premios Nacionales de Cultura 2016\",\"author\":{\"@id\":\"https:\\\/\\\/www.eldigitaldeasturias.com\\\/noticias\\\/author\\\/admin\\\/#author\"},\"publisher\":{\"@id\":\"https:\\\/\\\/www.eldigitaldeasturias.com\\\/noticias\\\/#organization\"},\"image\":{\"@type\":\"ImageObject\",\"url\":952703},\"datePublished\":\"2017-09-13T17:10:16+02:00\",\"dateModified\":\"2017-09-13T17:10:16+02:00\",\"inLanguage\":\"es-ES\",\"mainEntityOfPage\":{\"@id\":\"https:\\\/\\\/www.eldigitaldeasturias.com\\\/noticias\\\/los-reyes-de-espana-entregan-los-premios-nacionales-de-cultura-2016\\\/#webpage\"},\"isPartOf\":{\"@id\":\"https:\\\/\\\/www.eldigitaldeasturias.com\\\/noticias\\\/los-reyes-de-espana-entregan-los-premios-nacionales-de-cultura-2016\\\/#webpage\"},\"articleSection\":\"Actualidad\"},{\"@type\":\"BreadcrumbList\",\"@id\":\"https:\\\/\\\/www.eldigitaldeasturias.com\\\/noticias\\\/los-reyes-de-espana-entregan-los-premios-nacionales-de-cultura-2016\\\/#breadcrumblist\",\"itemListElement\":[{\"@type\":\"ListItem\",\"@id\":\"https:\\\/\\\/www.eldigitaldeasturias.com\\\/noticias#listItem\",\"position\":1,\"name\":\"Home\",\"item\":\"https:\\\/\\\/www.eldigitaldeasturias.com\\\/noticias\",\"nextItem\":{\"@type\":\"ListItem\",\"@id\":\"https:\\\/\\\/www.eldigitaldeasturias.com\\\/noticias\\\/category\\\/actualidad\\\/#listItem\",\"name\":\"Actualidad\"}},{\"@type\":\"ListItem\",\"@id\":\"https:\\\/\\\/www.eldigitaldeasturias.com\\\/noticias\\\/category\\\/actualidad\\\/#listItem\",\"position\":2,\"name\":\"Actualidad\",\"item\":\"https:\\\/\\\/www.eldigitaldeasturias.com\\\/noticias\\\/category\\\/actualidad\\\/\",\"nextItem\":{\"@type\":\"ListItem\",\"@id\":\"https:\\\/\\\/www.eldigitaldeasturias.com\\\/noticias\\\/los-reyes-de-espana-entregan-los-premios-nacionales-de-cultura-2016\\\/#listItem\",\"name\":\"Los Reyes de Espa\\u00f1a entregan los Premios Nacionales de Cultura 2016\"},\"previousItem\":{\"@type\":\"ListItem\",\"@id\":\"https:\\\/\\\/www.eldigitaldeasturias.com\\\/noticias#listItem\",\"name\":\"Home\"}},{\"@type\":\"ListItem\",\"@id\":\"https:\\\/\\\/www.eldigitaldeasturias.com\\\/noticias\\\/los-reyes-de-espana-entregan-los-premios-nacionales-de-cultura-2016\\\/#listItem\",\"position\":3,\"name\":\"Los Reyes de Espa\\u00f1a entregan los Premios Nacionales de Cultura 2016\",\"previousItem\":{\"@type\":\"ListItem\",\"@id\":\"https:\\\/\\\/www.eldigitaldeasturias.com\\\/noticias\\\/category\\\/actualidad\\\/#listItem\",\"name\":\"Actualidad\"}}]},{\"@type\":\"Organization\",\"@id\":\"https:\\\/\\\/www.eldigitaldeasturias.com\\\/noticias\\\/#organization\",\"name\":\"El Digital de Asturias\",\"description\":\"Hemeroteca\",\"url\":\"https:\\\/\\\/www.eldigitaldeasturias.com\\\/noticias\\\/\",\"email\":\"info@eldigitaldeasturias.com\",\"telephone\":\"+34652131393\",\"logo\":{\"@type\":\"ImageObject\",\"url\":\"https:\\\/\\\/www.eldigitaldeasturias.com\\\/noticias\\\/wp-content\\\/uploads\\\/2020\\\/12\\\/EDA.jpg\",\"@id\":\"https:\\\/\\\/www.eldigitaldeasturias.com\\\/noticias\\\/los-reyes-de-espana-entregan-los-premios-nacionales-de-cultura-2016\\\/#organizationLogo\"},\"image\":{\"@id\":\"https:\\\/\\\/www.eldigitaldeasturias.com\\\/noticias\\\/los-reyes-de-espana-entregan-los-premios-nacionales-de-cultura-2016\\\/#organizationLogo\"},\"sameAs\":[\"https:\\\/\\\/facebook.com\\\/eldigitaldeasturias\",\"https:\\\/\\\/www.youtube.com\\\/channel\\\/UCZP-2wLEB9Rv6erhFmqVnvg\"],\"address\":{\"@id\":\"https:\\\/\\\/www.eldigitaldeasturias.com\\\/noticias\\\/#postaladdress\",\"@type\":\"PostalAddress\",\"streetAddress\":\"san antonio 4\",\"postalCode\":\"33430\",\"addressLocality\":\"Cand\\u00e1s\",\"addressRegion\":\"Asturias\",\"addressCountry\":\"ES\"}},{\"@type\":\"Person\",\"@id\":\"https:\\\/\\\/www.eldigitaldeasturias.com\\\/noticias\\\/author\\\/admin\\\/#author\",\"url\":\"https:\\\/\\\/www.eldigitaldeasturias.com\\\/noticias\\\/author\\\/admin\\\/\",\"name\":\"El Digital de Asturias\",\"image\":{\"@type\":\"ImageObject\",\"@id\":\"https:\\\/\\\/www.eldigitaldeasturias.com\\\/noticias\\\/los-reyes-de-espana-entregan-los-premios-nacionales-de-cultura-2016\\\/#authorImage\",\"url\":\"https:\\\/\\\/secure.gravatar.com\\\/avatar\\\/df2aeffc32bcd13f8d26072ef8a91b623d677766deac7f97ca815868cd41bf5e?s=96&d=mm&r=g\",\"width\":96,\"height\":96,\"caption\":\"El Digital de Asturias\"}},{\"@type\":\"WebPage\",\"@id\":\"https:\\\/\\\/www.eldigitaldeasturias.com\\\/noticias\\\/los-reyes-de-espana-entregan-los-premios-nacionales-de-cultura-2016\\\/#webpage\",\"url\":\"https:\\\/\\\/www.eldigitaldeasturias.com\\\/noticias\\\/los-reyes-de-espana-entregan-los-premios-nacionales-de-cultura-2016\\\/\",\"name\":\"Los Reyes de Espa\\u00f1a entregan los Premios Nacionales de Cultura 2016 - El Digital de Asturias\",\"description\":\"Sus Majestades los Reyes de Espa\\u00f1a han hecho entrega hoy en la Catedral de Cuenca de los Premios Nacionales 2016, galardones con los que el Ministerio de Educaci\\u00f3n, Cultura y Deporte distingue a personalidades del mundo de la cultura. \\u200bSus Majestades han sido acompa\\u00f1ados por el ministro de Educaci\\u00f3n, Cultura y Deporte y portavoz del\",\"inLanguage\":\"es-ES\",\"isPartOf\":{\"@id\":\"https:\\\/\\\/www.eldigitaldeasturias.com\\\/noticias\\\/#website\"},\"breadcrumb\":{\"@id\":\"https:\\\/\\\/www.eldigitaldeasturias.com\\\/noticias\\\/los-reyes-de-espana-entregan-los-premios-nacionales-de-cultura-2016\\\/#breadcrumblist\"},\"author\":{\"@id\":\"https:\\\/\\\/www.eldigitaldeasturias.com\\\/noticias\\\/author\\\/admin\\\/#author\"},\"creator\":{\"@id\":\"https:\\\/\\\/www.eldigitaldeasturias.com\\\/noticias\\\/author\\\/admin\\\/#author\"},\"image\":{\"@type\":\"ImageObject\",\"url\":952703,\"@id\":\"https:\\\/\\\/www.eldigitaldeasturias.com\\\/noticias\\\/los-reyes-de-espana-entregan-los-premios-nacionales-de-cultura-2016\\\/#mainImage\"},\"primaryImageOfPage\":{\"@id\":\"https:\\\/\\\/www.eldigitaldeasturias.com\\\/noticias\\\/los-reyes-de-espana-entregan-los-premios-nacionales-de-cultura-2016\\\/#mainImage\"},\"datePublished\":\"2017-09-13T17:10:16+02:00\",\"dateModified\":\"2017-09-13T17:10:16+02:00\"},{\"@type\":\"WebSite\",\"@id\":\"https:\\\/\\\/www.eldigitaldeasturias.com\\\/noticias\\\/#website\",\"url\":\"https:\\\/\\\/www.eldigitaldeasturias.com\\\/noticias\\\/\",\"name\":\"El Digital de Asturias - Diario de actualidad y noticias\",\"alternateName\":\"El Digital de Asturias - Diario de actualidad y noticias\",\"description\":\"Hemeroteca\",\"inLanguage\":\"es-ES\",\"publisher\":{\"@id\":\"https:\\\/\\\/www.eldigitaldeasturias.com\\\/noticias\\\/#organization\"}}]}\n\t\t<\/script>\n\t\t<!-- All in One SEO Pro -->\r\n\t\t<title>Los Reyes de Espa\u00f1a entregan los Premios Nacionales de Cultura 2016 - El Digital de Asturias<\/title>\n\n","aioseo_head_json":{"title":"Los Reyes de Espa\u00f1a entregan los Premios Nacionales de Cultura 2016 - El Digital de Asturias","description":"Sus Majestades los Reyes de Espa\u00f1a han hecho entrega hoy en la Catedral de Cuenca de los Premios Nacionales 2016, galardones con los que el Ministerio de Educaci\u00f3n, Cultura y Deporte distingue a personalidades del mundo de la cultura. \u200bSus Majestades han sido acompa\u00f1ados por el ministro de Educaci\u00f3n, Cultura y Deporte y portavoz del","canonical_url":"https:\/\/www.eldigitaldeasturias.com\/noticias\/los-reyes-de-espana-entregan-los-premios-nacionales-de-cultura-2016\/","robots":"max-image-preview:large","keywords":"actualidad","webmasterTools":{"google-site-verification":"UA-38556648-1","msvalidate.01":"7dfe9f3f1b24437ab69f4f2559babe99","miscellaneous":""},"schema":{"@context":"https:\/\/schema.org","@graph":[{"@type":"BlogPosting","@id":"https:\/\/www.eldigitaldeasturias.com\/noticias\/los-reyes-de-espana-entregan-los-premios-nacionales-de-cultura-2016\/#blogposting","name":"Los Reyes de Espa\u00f1a entregan los Premios Nacionales de Cultura 2016 - El Digital de Asturias","headline":"Los Reyes de Espa\u00f1a entregan los Premios Nacionales de Cultura 2016","author":{"@id":"https:\/\/www.eldigitaldeasturias.com\/noticias\/author\/admin\/#author"},"publisher":{"@id":"https:\/\/www.eldigitaldeasturias.com\/noticias\/#organization"},"image":{"@type":"ImageObject","url":952703},"datePublished":"2017-09-13T17:10:16+02:00","dateModified":"2017-09-13T17:10:16+02:00","inLanguage":"es-ES","mainEntityOfPage":{"@id":"https:\/\/www.eldigitaldeasturias.com\/noticias\/los-reyes-de-espana-entregan-los-premios-nacionales-de-cultura-2016\/#webpage"},"isPartOf":{"@id":"https:\/\/www.eldigitaldeasturias.com\/noticias\/los-reyes-de-espana-entregan-los-premios-nacionales-de-cultura-2016\/#webpage"},"articleSection":"Actualidad"},{"@type":"BreadcrumbList","@id":"https:\/\/www.eldigitaldeasturias.com\/noticias\/los-reyes-de-espana-entregan-los-premios-nacionales-de-cultura-2016\/#breadcrumblist","itemListElement":[{"@type":"ListItem","@id":"https:\/\/www.eldigitaldeasturias.com\/noticias#listItem","position":1,"name":"Home","item":"https:\/\/www.eldigitaldeasturias.com\/noticias","nextItem":{"@type":"ListItem","@id":"https:\/\/www.eldigitaldeasturias.com\/noticias\/category\/actualidad\/#listItem","name":"Actualidad"}},{"@type":"ListItem","@id":"https:\/\/www.eldigitaldeasturias.com\/noticias\/category\/actualidad\/#listItem","position":2,"name":"Actualidad","item":"https:\/\/www.eldigitaldeasturias.com\/noticias\/category\/actualidad\/","nextItem":{"@type":"ListItem","@id":"https:\/\/www.eldigitaldeasturias.com\/noticias\/los-reyes-de-espana-entregan-los-premios-nacionales-de-cultura-2016\/#listItem","name":"Los Reyes de Espa\u00f1a entregan los Premios Nacionales de Cultura 2016"},"previousItem":{"@type":"ListItem","@id":"https:\/\/www.eldigitaldeasturias.com\/noticias#listItem","name":"Home"}},{"@type":"ListItem","@id":"https:\/\/www.eldigitaldeasturias.com\/noticias\/los-reyes-de-espana-entregan-los-premios-nacionales-de-cultura-2016\/#listItem","position":3,"name":"Los Reyes de Espa\u00f1a entregan los Premios Nacionales de Cultura 2016","previousItem":{"@type":"ListItem","@id":"https:\/\/www.eldigitaldeasturias.com\/noticias\/category\/actualidad\/#listItem","name":"Actualidad"}}]},{"@type":"Organization","@id":"https:\/\/www.eldigitaldeasturias.com\/noticias\/#organization","name":"El Digital de Asturias","description":"Hemeroteca","url":"https:\/\/www.eldigitaldeasturias.com\/noticias\/","email":"info@eldigitaldeasturias.com","telephone":"+34652131393","logo":{"@type":"ImageObject","url":"https:\/\/www.eldigitaldeasturias.com\/noticias\/wp-content\/uploads\/2020\/12\/EDA.jpg","@id":"https:\/\/www.eldigitaldeasturias.com\/noticias\/los-reyes-de-espana-entregan-los-premios-nacionales-de-cultura-2016\/#organizationLogo"},"image":{"@id":"https:\/\/www.eldigitaldeasturias.com\/noticias\/los-reyes-de-espana-entregan-los-premios-nacionales-de-cultura-2016\/#organizationLogo"},"sameAs":["https:\/\/facebook.com\/eldigitaldeasturias","https:\/\/www.youtube.com\/channel\/UCZP-2wLEB9Rv6erhFmqVnvg"],"address":{"@id":"https:\/\/www.eldigitaldeasturias.com\/noticias\/#postaladdress","@type":"PostalAddress","streetAddress":"san antonio 4","postalCode":"33430","addressLocality":"Cand\u00e1s","addressRegion":"Asturias","addressCountry":"ES"}},{"@type":"Person","@id":"https:\/\/www.eldigitaldeasturias.com\/noticias\/author\/admin\/#author","url":"https:\/\/www.eldigitaldeasturias.com\/noticias\/author\/admin\/","name":"El Digital de Asturias","image":{"@type":"ImageObject","@id":"https:\/\/www.eldigitaldeasturias.com\/noticias\/los-reyes-de-espana-entregan-los-premios-nacionales-de-cultura-2016\/#authorImage","url":"https:\/\/secure.gravatar.com\/avatar\/df2aeffc32bcd13f8d26072ef8a91b623d677766deac7f97ca815868cd41bf5e?s=96&d=mm&r=g","width":96,"height":96,"caption":"El Digital de Asturias"}},{"@type":"WebPage","@id":"https:\/\/www.eldigitaldeasturias.com\/noticias\/los-reyes-de-espana-entregan-los-premios-nacionales-de-cultura-2016\/#webpage","url":"https:\/\/www.eldigitaldeasturias.com\/noticias\/los-reyes-de-espana-entregan-los-premios-nacionales-de-cultura-2016\/","name":"Los Reyes de Espa\u00f1a entregan los Premios Nacionales de Cultura 2016 - El Digital de Asturias","description":"Sus Majestades los Reyes de Espa\u00f1a han hecho entrega hoy en la Catedral de Cuenca de los Premios Nacionales 2016, galardones con los que el Ministerio de Educaci\u00f3n, Cultura y Deporte distingue a personalidades del mundo de la cultura. \u200bSus Majestades han sido acompa\u00f1ados por el ministro de Educaci\u00f3n, Cultura y Deporte y portavoz del","inLanguage":"es-ES","isPartOf":{"@id":"https:\/\/www.eldigitaldeasturias.com\/noticias\/#website"},"breadcrumb":{"@id":"https:\/\/www.eldigitaldeasturias.com\/noticias\/los-reyes-de-espana-entregan-los-premios-nacionales-de-cultura-2016\/#breadcrumblist"},"author":{"@id":"https:\/\/www.eldigitaldeasturias.com\/noticias\/author\/admin\/#author"},"creator":{"@id":"https:\/\/www.eldigitaldeasturias.com\/noticias\/author\/admin\/#author"},"image":{"@type":"ImageObject","url":952703,"@id":"https:\/\/www.eldigitaldeasturias.com\/noticias\/los-reyes-de-espana-entregan-los-premios-nacionales-de-cultura-2016\/#mainImage"},"primaryImageOfPage":{"@id":"https:\/\/www.eldigitaldeasturias.com\/noticias\/los-reyes-de-espana-entregan-los-premios-nacionales-de-cultura-2016\/#mainImage"},"datePublished":"2017-09-13T17:10:16+02:00","dateModified":"2017-09-13T17:10:16+02:00"},{"@type":"WebSite","@id":"https:\/\/www.eldigitaldeasturias.com\/noticias\/#website","url":"https:\/\/www.eldigitaldeasturias.com\/noticias\/","name":"El Digital de Asturias - Diario de actualidad y noticias","alternateName":"El Digital de Asturias - Diario de actualidad y noticias","description":"Hemeroteca","inLanguage":"es-ES","publisher":{"@id":"https:\/\/www.eldigitaldeasturias.com\/noticias\/#organization"}}]},"og:locale":"es_ES","og:site_name":"El Digital de Asturias","og:type":"article","og:title":"Los Reyes de Espa\u00f1a entregan los Premios Nacionales de Cultura 2016 - El Digital de Asturias","og:description":"Sus Majestades los Reyes de Espa\u00f1a han hecho entrega hoy en la Catedral de Cuenca de los Premios Nacionales 2016, galardones con los que el Ministerio de Educaci\u00f3n, Cultura y Deporte distingue a personalidades del mundo de la cultura. \u200bSus Majestades han sido acompa\u00f1ados por el ministro de Educaci\u00f3n, Cultura y Deporte y portavoz del","og:url":"https:\/\/www.eldigitaldeasturias.com\/noticias\/los-reyes-de-espana-entregan-los-premios-nacionales-de-cultura-2016\/","article:tag":["actualidad"],"article:published_time":"2017-09-13T17:10:16+00:00","article:modified_time":"2017-09-13T17:10:16+00:00","article:publisher":"https:\/\/facebook.com\/eldigitaldeasturias","twitter:card":"summary_large_image","twitter:title":"Los Reyes de Espa\u00f1a entregan los Premios Nacionales de Cultura 2016 - El Digital de Asturias","twitter:description":"Sus Majestades los Reyes de Espa\u00f1a han hecho entrega hoy en la Catedral de Cuenca de los Premios Nacionales 2016, galardones con los que el Ministerio de Educaci\u00f3n, Cultura y Deporte distingue a personalidades del mundo de la cultura. \u200bSus Majestades han sido acompa\u00f1ados por el ministro de Educaci\u00f3n, Cultura y Deporte y portavoz del","twitter:image":"https:\/\/www.eldigitaldeasturias.com\/noticias\/wp-content\/uploads\/2020\/12\/EDA-1.jpg","twitter:label1":"Escrito por","twitter:data1":"El Digital de Asturias","twitter:label2":"Tiempo de lectura estimado","twitter:data2":"12 minutos"},"aioseo_meta_data":{"post_id":"952702","title":null,"description":null,"keywords":null,"keyphrases":null,"primary_term":null,"canonical_url":null,"og_title":null,"og_description":null,"og_object_type":"default","og_image_type":"default","og_image_url":null,"og_image_width":null,"og_image_height":null,"og_image_custom_url":null,"og_image_custom_fields":null,"og_video":null,"og_custom_url":null,"og_article_section":null,"og_article_tags":null,"twitter_use_og":false,"twitter_card":"default","twitter_image_type":"default","twitter_image_url":null,"twitter_image_custom_url":null,"twitter_image_custom_fields":null,"twitter_title":null,"twitter_description":null,"schema":{"blockGraphs":[],"customGraphs":[],"default":{"data":{"Article":[],"Course":[],"Dataset":[],"FAQPage":[],"Movie":[],"Person":[],"Product":[],"ProductReview":[],"Car":[],"Recipe":[],"Service":[],"SoftwareApplication":[],"WebPage":[]},"graphName":"","isEnabled":true},"graphs":[],"defaultGraph":"","defaultPostTypeGraph":""},"schema_type":null,"schema_type_options":null,"pillar_content":false,"robots_default":true,"robots_noindex":false,"robots_noarchive":false,"robots_nosnippet":false,"robots_nofollow":false,"robots_noimageindex":false,"robots_noodp":false,"robots_notranslate":false,"robots_max_snippet":null,"robots_max_videopreview":null,"robots_max_imagepreview":"large","priority":null,"frequency":null,"local_seo":null,"seo_analyzer_scan_date":"2025-12-05 23:51:08","breadcrumb_settings":null,"limit_modified_date":false,"open_ai":null,"ai":null,"created":"2020-12-21 12:57:33","updated":"2025-12-05 23:51:08","focus_keyword":null,"additional_keywords":null,"truseo_locale":null},"aioseo_breadcrumb":"<div class=\"aioseo-breadcrumbs\"><span class=\"aioseo-breadcrumb\">\n\t<a href=\"https:\/\/www.eldigitaldeasturias.com\/noticias\" title=\"Home\">Home<\/a>\n<\/span><span class=\"aioseo-breadcrumb-separator\">\u2013<\/span><span class=\"aioseo-breadcrumb\">\n\t<a href=\"https:\/\/www.eldigitaldeasturias.com\/noticias\/category\/actualidad\/\" title=\"Actualidad\">Actualidad<\/a>\n<\/span><span class=\"aioseo-breadcrumb-separator\">\u2013<\/span><span class=\"aioseo-breadcrumb\">\n\t<a href=\"https:\/\/www.eldigitaldeasturias.com\/noticias\/los-reyes-de-espana-entregan-los-premios-nacionales-de-cultura-2016\/\" title=\"Los Reyes de Espa\u00f1a entregan los Premios Nacionales de Cultura 2016\">Los Reyes de Espa\u00f1a entregan los Premios Nacionales de Cultura 2016<\/a>\n<\/span><\/div>","aioseo_breadcrumb_json":[{"label":"Home","link":"https:\/\/www.eldigitaldeasturias.com\/noticias"},{"label":"Actualidad","link":"https:\/\/www.eldigitaldeasturias.com\/noticias\/category\/actualidad\/"},{"label":"Los Reyes de Espa\u00f1a entregan los Premios Nacionales de Cultura 2016","link":"https:\/\/www.eldigitaldeasturias.com\/noticias\/los-reyes-de-espana-entregan-los-premios-nacionales-de-cultura-2016\/"}],"_links":{"self":[{"href":"https:\/\/www.eldigitaldeasturias.com\/noticias\/wp-json\/wp\/v2\/posts\/952702","targetHints":{"allow":["GET"]}}],"collection":[{"href":"https:\/\/www.eldigitaldeasturias.com\/noticias\/wp-json\/wp\/v2\/posts"}],"about":[{"href":"https:\/\/www.eldigitaldeasturias.com\/noticias\/wp-json\/wp\/v2\/types\/post"}],"author":[{"embeddable":true,"href":"https:\/\/www.eldigitaldeasturias.com\/noticias\/wp-json\/wp\/v2\/users\/1"}],"replies":[{"embeddable":true,"href":"https:\/\/www.eldigitaldeasturias.com\/noticias\/wp-json\/wp\/v2\/comments?post=952702"}],"version-history":[{"count":0,"href":"https:\/\/www.eldigitaldeasturias.com\/noticias\/wp-json\/wp\/v2\/posts\/952702\/revisions"}],"wp:attachment":[{"href":"https:\/\/www.eldigitaldeasturias.com\/noticias\/wp-json\/wp\/v2\/media?parent=952702"}],"wp:term":[{"taxonomy":"category","embeddable":true,"href":"https:\/\/www.eldigitaldeasturias.com\/noticias\/wp-json\/wp\/v2\/categories?post=952702"},{"taxonomy":"post_tag","embeddable":true,"href":"https:\/\/www.eldigitaldeasturias.com\/noticias\/wp-json\/wp\/v2\/tags?post=952702"}],"curies":[{"name":"wp","href":"https:\/\/api.w.org\/{rel}","templated":true}]}}