{"id":952694,"date":"2017-09-13T17:01:04","date_gmt":"2017-09-13T17:01:04","guid":{"rendered":"http:\/\/www.eldigitaldeasturias.com\/noticias\/?p=952694"},"modified":"2017-09-13T17:01:04","modified_gmt":"2017-09-13T17:01:04","slug":"garcia-tejerina-reitera-el-apoyo-del-mapama-al-sector-remolachero-espanol","status":"publish","type":"post","link":"https:\/\/www.eldigitaldeasturias.com\/noticias\/garcia-tejerina-reitera-el-apoyo-del-mapama-al-sector-remolachero-espanol\/","title":{"rendered":"Garc\u00eda Tejerina reitera el apoyo del MAPAMA al sector remolachero espa\u00f1ol"},"content":{"rendered":"<p><img loading=\"lazy\" decoding=\"async\" class=\"alignleft size-medium wp-image-952695\" src=\"https:\/\/www.eldigitaldeasturias.com\/noticias\/wp-content\/uploads\/2017\/09\/130917-Remolacha-360x239.jpg\" alt=\"\" width=\"360\" height=\"239\" \/>La ministra de Agricultura y Pesca, Alimentaci\u00f3n y Medio Ambiente, Isabel Garc\u00eda Tejerina, ha asegurado que el sector azucarero ha sabido afrontar con madurez los cambios experimentados en la regulaci\u00f3n del mercado del az\u00facar.<\/p>\n<p>Ante esta situaci\u00f3n, la ministra ha reiterado el apoyo del MAPAMA al sector remolachero espa\u00f1ol y a su industria transformadora ante la finalizaci\u00f3n del r\u00e9gimen de cuotas de producci\u00f3n, \u00ababogando por el mantenimiento de la competitividad ante el nuevo marco comunitario\u00bb.<\/p>\n<p>Isabel Garc\u00eda Tejerina y el presidente de la Junta de Castilla y Le\u00f3n, Juan Vicente Herrera, han inaugurado hoy la Planta de Especialidades L\u00edquidas de Azucarera, en Toro (Zamora), en un acto al que han asistido tambi\u00e9n el director ejecutivo del Grupo ABF (&#8216;Associated British Food&#8217;), el consejero delegado de Azucarera, la delegada del Gobierno en Castilla y Le\u00f3n y el secretario general de Agricultura y Alimentaci\u00f3n del MAPAMA.<\/p>\n<p>En su intervenci\u00f3n, Garc\u00eda Tejerina ha destacado que esta nueva planta aporta al sector azucarero elementos de innovaci\u00f3n, \u00abimprescindible para poder estar presentes en un mundo globalizado y con la competitividad necesaria para la conquista de los mercados\u00bb. En este sentido, la Ministra ha se\u00f1alado que esta nueva planta hace uso de la innovaci\u00f3n para atender mejor a las nuevas demandas de los consumidores, cada vez m\u00e1s preocupados por su salud, nutrici\u00f3n y bienestar.<\/p>\n<p>Asimismo, Garc\u00eda Tejerina ha comentado que, en los \u00faltimos a\u00f1os, Azucarera de Toro se ha consolidado como una de las empresas m\u00e1s importantes de la ciudad, no solo por los puestos de trabajo que genera sino porque es uno de los centros principales de recepci\u00f3n de remolacha del pa\u00eds, que responde a un modelo productivo de econom\u00eda circular capaz de valorizar y explotar el 100% de la remolacha azucarera.<\/p>\n<p>Se trata de un sector que participa de \u00ablos buenos resultados del potente sector agroalimentario espa\u00f1ol\u00bb, que supone para nuestro pa\u00eds m\u00e1s del 10% de su PIB, es soporte de m\u00e1s de 2,5 millones de empleos y exporta m\u00e1s de 49.000 millones de euros al a\u00f1o en productos. \u00abEllo ha hecho de este sector un motor del despegue econ\u00f3mico de Espa\u00f1a\u00bb, ha recalcado.<\/p>\n<p><strong>Escenario sin cuotas<\/strong><\/p>\n<p>Por otra parte, Garc\u00eda Tejerina ha comentado que la desaparici\u00f3n del sistema comunitario de cuotas de producci\u00f3n de az\u00facar, a partir de octubre de este a\u00f1o, supondr\u00e1 un punto de inflexi\u00f3n en la distribuci\u00f3n de la producci\u00f3n azucarera en la Uni\u00f3n Europea.<\/p>\n<p>Precisamente, Azucarera se anticipa a ese futuro escenario, con inversiones como la realizada en esta planta de casi 3 millones de euros. Con esta inversi\u00f3n, ha a\u00f1adido la Ministra, \u00abAzucarera refuerza su dimensi\u00f3n empresarial\u00bb, en un contexto sin limitaci\u00f3n de la producci\u00f3n, sin un precio m\u00ednimo garantizado a la remolacha azucarera y con una mayor competencia internacional.<\/p>\n<p>Para afrontar los nuevos retos, Garc\u00eda Tejerina ha apuntado que el sector cuenta con las ayudas acopladas al cultivo de la remolacha, la contribuci\u00f3n de la Oficina Espa\u00f1ola de Variedades Vegetales, y medidas como la racionalizaci\u00f3n de la fertilizaci\u00f3n nitrogenada mineral en el cultivo de remolacha azucarera y el incremento de la eficiencia energ\u00e9tica en su transporte.<\/p>\n<p>&nbsp;<\/p>\n","protected":false},"excerpt":{"rendered":"<p>La ministra de Agricultura y Pesca, Alimentaci\u00f3n y Medio Ambiente, Isabel Garc\u00eda Tejerina, ha asegurado que el sector azucarero ha sabido afrontar con madurez los cambios experimentados en la regulaci\u00f3n del mercado del az\u00facar. Ante esta situaci\u00f3n, la ministra ha reiterado el apoyo del MAPAMA al sector remolachero espa\u00f1ol y a su industria transformadora ante [&hellip;]<\/p>\n","protected":false},"author":1,"featured_media":952695,"comment_status":"closed","ping_status":"closed","sticky":false,"template":"","format":"standard","meta":{"footnotes":""},"categories":[1],"tags":[],"class_list":["post-952694","post","type-post","status-publish","format-standard","has-post-thumbnail","hentry","category-actualidad"],"aioseo_notices":[],"aioseo_head":"\n\t\t<!-- All in One SEO Pro 5.0.1 - aioseo.com -->\n\t<meta name=\"description\" content=\"La ministra de Agricultura y Pesca, Alimentaci\u00f3n y Medio Ambiente, Isabel Garc\u00eda Tejerina, ha asegurado que el sector azucarero ha sabido afrontar con madurez los cambios experimentados en la regulaci\u00f3n del mercado del az\u00facar. Ante esta situaci\u00f3n, la ministra ha reiterado el apoyo del MAPAMA al sector remolachero espa\u00f1ol y a su industria transformadora ante\" \/>\n\t<meta name=\"robots\" content=\"max-image-preview:large\" \/>\n\t<meta name=\"author\" content=\"El Digital de Asturias\"\/>\n\t<meta name=\"google-site-verification\" content=\"UA-38556648-1\" \/>\n\t<meta name=\"msvalidate.01\" content=\"7dfe9f3f1b24437ab69f4f2559babe99\" \/>\n\t<meta name=\"keywords\" content=\"actualidad\" \/>\n\t<link rel=\"canonical\" href=\"https:\/\/www.eldigitaldeasturias.com\/noticias\/garcia-tejerina-reitera-el-apoyo-del-mapama-al-sector-remolachero-espanol\/\" \/>\n\t<meta name=\"generator\" content=\"All in One SEO Pro (AIOSEO) 5.0.1\" \/>\n\t\t<meta property=\"og:locale\" content=\"es_ES\" \/>\n\t\t<meta property=\"og:site_name\" content=\"El Digital de Asturias\" \/>\n\t\t<meta property=\"og:type\" content=\"article\" \/>\n\t\t<meta property=\"og:title\" content=\"Garc\u00eda Tejerina reitera el apoyo del MAPAMA al sector remolachero espa\u00f1ol - El Digital de Asturias\" \/>\n\t\t<meta property=\"og:description\" content=\"La ministra de Agricultura y Pesca, Alimentaci\u00f3n y Medio Ambiente, Isabel Garc\u00eda Tejerina, ha asegurado que el sector azucarero ha sabido afrontar con madurez los cambios experimentados en la regulaci\u00f3n del mercado del az\u00facar. Ante esta situaci\u00f3n, la ministra ha reiterado el apoyo del MAPAMA al sector remolachero espa\u00f1ol y a su industria transformadora ante\" \/>\n\t\t<meta property=\"og:url\" content=\"https:\/\/www.eldigitaldeasturias.com\/noticias\/garcia-tejerina-reitera-el-apoyo-del-mapama-al-sector-remolachero-espanol\/\" \/>\n\t\t<meta property=\"article:tag\" content=\"actualidad\" \/>\n\t\t<meta property=\"article:published_time\" content=\"2017-09-13T17:01:04+00:00\" \/>\n\t\t<meta property=\"article:modified_time\" content=\"2017-09-13T17:01:04+00:00\" \/>\n\t\t<meta property=\"article:publisher\" content=\"https:\/\/facebook.com\/eldigitaldeasturias\" \/>\n\t\t<meta name=\"twitter:card\" content=\"summary_large_image\" \/>\n\t\t<meta name=\"twitter:title\" content=\"Garc\u00eda Tejerina reitera el apoyo del MAPAMA al sector remolachero espa\u00f1ol - El Digital de Asturias\" \/>\n\t\t<meta name=\"twitter:description\" content=\"La ministra de Agricultura y Pesca, Alimentaci\u00f3n y Medio Ambiente, Isabel Garc\u00eda Tejerina, ha asegurado que el sector azucarero ha sabido afrontar con madurez los cambios experimentados en la regulaci\u00f3n del mercado del az\u00facar. Ante esta situaci\u00f3n, la ministra ha reiterado el apoyo del MAPAMA al sector remolachero espa\u00f1ol y a su industria transformadora ante\" \/>\n\t\t<meta name=\"twitter:image\" content=\"https:\/\/www.eldigitaldeasturias.com\/noticias\/wp-content\/uploads\/2020\/12\/EDA-1.jpg\" \/>\n\t\t<meta name=\"twitter:label1\" content=\"Escrito por\" \/>\n\t\t<meta name=\"twitter:data1\" content=\"El Digital de Asturias\" \/>\n\t\t<meta name=\"twitter:label2\" content=\"Tiempo de lectura estimado\" \/>\n\t\t<meta name=\"twitter:data2\" content=\"3 minutos\" \/>\n\t\t<script type=\"application\/ld+json\" class=\"aioseo-schema\">\n\t\t\t{\"@context\":\"https:\\\/\\\/schema.org\",\"@graph\":[{\"@type\":\"BlogPosting\",\"@id\":\"https:\\\/\\\/www.eldigitaldeasturias.com\\\/noticias\\\/garcia-tejerina-reitera-el-apoyo-del-mapama-al-sector-remolachero-espanol\\\/#blogposting\",\"name\":\"Garc\\u00eda Tejerina reitera el apoyo del MAPAMA al sector remolachero espa\\u00f1ol - El Digital de Asturias\",\"headline\":\"Garc\\u00eda Tejerina reitera el apoyo del MAPAMA al sector remolachero espa\\u00f1ol\",\"author\":{\"@id\":\"https:\\\/\\\/www.eldigitaldeasturias.com\\\/noticias\\\/author\\\/admin\\\/#author\"},\"publisher\":{\"@id\":\"https:\\\/\\\/www.eldigitaldeasturias.com\\\/noticias\\\/#organization\"},\"image\":{\"@type\":\"ImageObject\",\"url\":952695},\"datePublished\":\"2017-09-13T17:01:04+02:00\",\"dateModified\":\"2017-09-13T17:01:04+02:00\",\"inLanguage\":\"es-ES\",\"mainEntityOfPage\":{\"@id\":\"https:\\\/\\\/www.eldigitaldeasturias.com\\\/noticias\\\/garcia-tejerina-reitera-el-apoyo-del-mapama-al-sector-remolachero-espanol\\\/#webpage\"},\"isPartOf\":{\"@id\":\"https:\\\/\\\/www.eldigitaldeasturias.com\\\/noticias\\\/garcia-tejerina-reitera-el-apoyo-del-mapama-al-sector-remolachero-espanol\\\/#webpage\"},\"articleSection\":\"Actualidad\"},{\"@type\":\"BreadcrumbList\",\"@id\":\"https:\\\/\\\/www.eldigitaldeasturias.com\\\/noticias\\\/garcia-tejerina-reitera-el-apoyo-del-mapama-al-sector-remolachero-espanol\\\/#breadcrumblist\",\"itemListElement\":[{\"@type\":\"ListItem\",\"@id\":\"https:\\\/\\\/www.eldigitaldeasturias.com\\\/noticias#listItem\",\"position\":1,\"name\":\"Home\",\"item\":\"https:\\\/\\\/www.eldigitaldeasturias.com\\\/noticias\",\"nextItem\":{\"@type\":\"ListItem\",\"@id\":\"https:\\\/\\\/www.eldigitaldeasturias.com\\\/noticias\\\/category\\\/actualidad\\\/#listItem\",\"name\":\"Actualidad\"}},{\"@type\":\"ListItem\",\"@id\":\"https:\\\/\\\/www.eldigitaldeasturias.com\\\/noticias\\\/category\\\/actualidad\\\/#listItem\",\"position\":2,\"name\":\"Actualidad\",\"item\":\"https:\\\/\\\/www.eldigitaldeasturias.com\\\/noticias\\\/category\\\/actualidad\\\/\",\"nextItem\":{\"@type\":\"ListItem\",\"@id\":\"https:\\\/\\\/www.eldigitaldeasturias.com\\\/noticias\\\/garcia-tejerina-reitera-el-apoyo-del-mapama-al-sector-remolachero-espanol\\\/#listItem\",\"name\":\"Garc\\u00eda Tejerina reitera el apoyo del MAPAMA al sector remolachero espa\\u00f1ol\"},\"previousItem\":{\"@type\":\"ListItem\",\"@id\":\"https:\\\/\\\/www.eldigitaldeasturias.com\\\/noticias#listItem\",\"name\":\"Home\"}},{\"@type\":\"ListItem\",\"@id\":\"https:\\\/\\\/www.eldigitaldeasturias.com\\\/noticias\\\/garcia-tejerina-reitera-el-apoyo-del-mapama-al-sector-remolachero-espanol\\\/#listItem\",\"position\":3,\"name\":\"Garc\\u00eda Tejerina reitera el apoyo del MAPAMA al sector remolachero espa\\u00f1ol\",\"previousItem\":{\"@type\":\"ListItem\",\"@id\":\"https:\\\/\\\/www.eldigitaldeasturias.com\\\/noticias\\\/category\\\/actualidad\\\/#listItem\",\"name\":\"Actualidad\"}}]},{\"@type\":\"Organization\",\"@id\":\"https:\\\/\\\/www.eldigitaldeasturias.com\\\/noticias\\\/#organization\",\"name\":\"El Digital de Asturias\",\"description\":\"Hemeroteca\",\"url\":\"https:\\\/\\\/www.eldigitaldeasturias.com\\\/noticias\\\/\",\"email\":\"info@eldigitaldeasturias.com\",\"telephone\":\"+34652131393\",\"logo\":{\"@type\":\"ImageObject\",\"url\":\"https:\\\/\\\/www.eldigitaldeasturias.com\\\/noticias\\\/wp-content\\\/uploads\\\/2020\\\/12\\\/EDA.jpg\",\"@id\":\"https:\\\/\\\/www.eldigitaldeasturias.com\\\/noticias\\\/garcia-tejerina-reitera-el-apoyo-del-mapama-al-sector-remolachero-espanol\\\/#organizationLogo\"},\"image\":{\"@id\":\"https:\\\/\\\/www.eldigitaldeasturias.com\\\/noticias\\\/garcia-tejerina-reitera-el-apoyo-del-mapama-al-sector-remolachero-espanol\\\/#organizationLogo\"},\"sameAs\":[\"https:\\\/\\\/facebook.com\\\/eldigitaldeasturias\",\"https:\\\/\\\/www.youtube.com\\\/channel\\\/UCZP-2wLEB9Rv6erhFmqVnvg\"],\"address\":{\"@id\":\"https:\\\/\\\/www.eldigitaldeasturias.com\\\/noticias\\\/#postaladdress\",\"@type\":\"PostalAddress\",\"streetAddress\":\"san antonio 4\",\"postalCode\":\"33430\",\"addressLocality\":\"Cand\\u00e1s\",\"addressRegion\":\"Asturias\",\"addressCountry\":\"ES\"}},{\"@type\":\"Person\",\"@id\":\"https:\\\/\\\/www.eldigitaldeasturias.com\\\/noticias\\\/author\\\/admin\\\/#author\",\"url\":\"https:\\\/\\\/www.eldigitaldeasturias.com\\\/noticias\\\/author\\\/admin\\\/\",\"name\":\"El Digital de Asturias\",\"image\":{\"@type\":\"ImageObject\",\"@id\":\"https:\\\/\\\/www.eldigitaldeasturias.com\\\/noticias\\\/garcia-tejerina-reitera-el-apoyo-del-mapama-al-sector-remolachero-espanol\\\/#authorImage\",\"url\":\"https:\\\/\\\/secure.gravatar.com\\\/avatar\\\/df2aeffc32bcd13f8d26072ef8a91b623d677766deac7f97ca815868cd41bf5e?s=96&d=mm&r=g\",\"width\":96,\"height\":96,\"caption\":\"El Digital de Asturias\"}},{\"@type\":\"WebPage\",\"@id\":\"https:\\\/\\\/www.eldigitaldeasturias.com\\\/noticias\\\/garcia-tejerina-reitera-el-apoyo-del-mapama-al-sector-remolachero-espanol\\\/#webpage\",\"url\":\"https:\\\/\\\/www.eldigitaldeasturias.com\\\/noticias\\\/garcia-tejerina-reitera-el-apoyo-del-mapama-al-sector-remolachero-espanol\\\/\",\"name\":\"Garc\\u00eda Tejerina reitera el apoyo del MAPAMA al sector remolachero espa\\u00f1ol - El Digital de Asturias\",\"description\":\"La ministra de Agricultura y Pesca, Alimentaci\\u00f3n y Medio Ambiente, Isabel Garc\\u00eda Tejerina, ha asegurado que el sector azucarero ha sabido afrontar con madurez los cambios experimentados en la regulaci\\u00f3n del mercado del az\\u00facar. Ante esta situaci\\u00f3n, la ministra ha reiterado el apoyo del MAPAMA al sector remolachero espa\\u00f1ol y a su industria transformadora ante\",\"inLanguage\":\"es-ES\",\"isPartOf\":{\"@id\":\"https:\\\/\\\/www.eldigitaldeasturias.com\\\/noticias\\\/#website\"},\"breadcrumb\":{\"@id\":\"https:\\\/\\\/www.eldigitaldeasturias.com\\\/noticias\\\/garcia-tejerina-reitera-el-apoyo-del-mapama-al-sector-remolachero-espanol\\\/#breadcrumblist\"},\"author\":{\"@id\":\"https:\\\/\\\/www.eldigitaldeasturias.com\\\/noticias\\\/author\\\/admin\\\/#author\"},\"creator\":{\"@id\":\"https:\\\/\\\/www.eldigitaldeasturias.com\\\/noticias\\\/author\\\/admin\\\/#author\"},\"image\":{\"@type\":\"ImageObject\",\"url\":952695,\"@id\":\"https:\\\/\\\/www.eldigitaldeasturias.com\\\/noticias\\\/garcia-tejerina-reitera-el-apoyo-del-mapama-al-sector-remolachero-espanol\\\/#mainImage\"},\"primaryImageOfPage\":{\"@id\":\"https:\\\/\\\/www.eldigitaldeasturias.com\\\/noticias\\\/garcia-tejerina-reitera-el-apoyo-del-mapama-al-sector-remolachero-espanol\\\/#mainImage\"},\"datePublished\":\"2017-09-13T17:01:04+02:00\",\"dateModified\":\"2017-09-13T17:01:04+02:00\"},{\"@type\":\"WebSite\",\"@id\":\"https:\\\/\\\/www.eldigitaldeasturias.com\\\/noticias\\\/#website\",\"url\":\"https:\\\/\\\/www.eldigitaldeasturias.com\\\/noticias\\\/\",\"name\":\"El Digital de Asturias - Diario de actualidad y noticias\",\"alternateName\":\"El Digital de Asturias - Diario de actualidad y noticias\",\"description\":\"Hemeroteca\",\"inLanguage\":\"es-ES\",\"publisher\":{\"@id\":\"https:\\\/\\\/www.eldigitaldeasturias.com\\\/noticias\\\/#organization\"}}]}\n\t\t<\/script>\n\t\t<!-- All in One SEO Pro -->\r\n\t\t<title>Garc\u00eda Tejerina reitera el apoyo del MAPAMA al sector remolachero espa\u00f1ol - El Digital de Asturias<\/title>\n\n","aioseo_head_json":{"title":"Garc\u00eda Tejerina reitera el apoyo del MAPAMA al sector remolachero espa\u00f1ol - El Digital de Asturias","description":"La ministra de Agricultura y Pesca, Alimentaci\u00f3n y Medio Ambiente, Isabel Garc\u00eda Tejerina, ha asegurado que el sector azucarero ha sabido afrontar con madurez los cambios experimentados en la regulaci\u00f3n del mercado del az\u00facar. Ante esta situaci\u00f3n, la ministra ha reiterado el apoyo del MAPAMA al sector remolachero espa\u00f1ol y a su industria transformadora ante","canonical_url":"https:\/\/www.eldigitaldeasturias.com\/noticias\/garcia-tejerina-reitera-el-apoyo-del-mapama-al-sector-remolachero-espanol\/","robots":"max-image-preview:large","keywords":"actualidad","webmasterTools":{"google-site-verification":"UA-38556648-1","msvalidate.01":"7dfe9f3f1b24437ab69f4f2559babe99","miscellaneous":""},"schema":{"@context":"https:\/\/schema.org","@graph":[{"@type":"BlogPosting","@id":"https:\/\/www.eldigitaldeasturias.com\/noticias\/garcia-tejerina-reitera-el-apoyo-del-mapama-al-sector-remolachero-espanol\/#blogposting","name":"Garc\u00eda Tejerina reitera el apoyo del MAPAMA al sector remolachero espa\u00f1ol - El Digital de Asturias","headline":"Garc\u00eda Tejerina reitera el apoyo del MAPAMA al sector remolachero espa\u00f1ol","author":{"@id":"https:\/\/www.eldigitaldeasturias.com\/noticias\/author\/admin\/#author"},"publisher":{"@id":"https:\/\/www.eldigitaldeasturias.com\/noticias\/#organization"},"image":{"@type":"ImageObject","url":952695},"datePublished":"2017-09-13T17:01:04+02:00","dateModified":"2017-09-13T17:01:04+02:00","inLanguage":"es-ES","mainEntityOfPage":{"@id":"https:\/\/www.eldigitaldeasturias.com\/noticias\/garcia-tejerina-reitera-el-apoyo-del-mapama-al-sector-remolachero-espanol\/#webpage"},"isPartOf":{"@id":"https:\/\/www.eldigitaldeasturias.com\/noticias\/garcia-tejerina-reitera-el-apoyo-del-mapama-al-sector-remolachero-espanol\/#webpage"},"articleSection":"Actualidad"},{"@type":"BreadcrumbList","@id":"https:\/\/www.eldigitaldeasturias.com\/noticias\/garcia-tejerina-reitera-el-apoyo-del-mapama-al-sector-remolachero-espanol\/#breadcrumblist","itemListElement":[{"@type":"ListItem","@id":"https:\/\/www.eldigitaldeasturias.com\/noticias#listItem","position":1,"name":"Home","item":"https:\/\/www.eldigitaldeasturias.com\/noticias","nextItem":{"@type":"ListItem","@id":"https:\/\/www.eldigitaldeasturias.com\/noticias\/category\/actualidad\/#listItem","name":"Actualidad"}},{"@type":"ListItem","@id":"https:\/\/www.eldigitaldeasturias.com\/noticias\/category\/actualidad\/#listItem","position":2,"name":"Actualidad","item":"https:\/\/www.eldigitaldeasturias.com\/noticias\/category\/actualidad\/","nextItem":{"@type":"ListItem","@id":"https:\/\/www.eldigitaldeasturias.com\/noticias\/garcia-tejerina-reitera-el-apoyo-del-mapama-al-sector-remolachero-espanol\/#listItem","name":"Garc\u00eda Tejerina reitera el apoyo del MAPAMA al sector remolachero espa\u00f1ol"},"previousItem":{"@type":"ListItem","@id":"https:\/\/www.eldigitaldeasturias.com\/noticias#listItem","name":"Home"}},{"@type":"ListItem","@id":"https:\/\/www.eldigitaldeasturias.com\/noticias\/garcia-tejerina-reitera-el-apoyo-del-mapama-al-sector-remolachero-espanol\/#listItem","position":3,"name":"Garc\u00eda Tejerina reitera el apoyo del MAPAMA al sector remolachero espa\u00f1ol","previousItem":{"@type":"ListItem","@id":"https:\/\/www.eldigitaldeasturias.com\/noticias\/category\/actualidad\/#listItem","name":"Actualidad"}}]},{"@type":"Organization","@id":"https:\/\/www.eldigitaldeasturias.com\/noticias\/#organization","name":"El Digital de Asturias","description":"Hemeroteca","url":"https:\/\/www.eldigitaldeasturias.com\/noticias\/","email":"info@eldigitaldeasturias.com","telephone":"+34652131393","logo":{"@type":"ImageObject","url":"https:\/\/www.eldigitaldeasturias.com\/noticias\/wp-content\/uploads\/2020\/12\/EDA.jpg","@id":"https:\/\/www.eldigitaldeasturias.com\/noticias\/garcia-tejerina-reitera-el-apoyo-del-mapama-al-sector-remolachero-espanol\/#organizationLogo"},"image":{"@id":"https:\/\/www.eldigitaldeasturias.com\/noticias\/garcia-tejerina-reitera-el-apoyo-del-mapama-al-sector-remolachero-espanol\/#organizationLogo"},"sameAs":["https:\/\/facebook.com\/eldigitaldeasturias","https:\/\/www.youtube.com\/channel\/UCZP-2wLEB9Rv6erhFmqVnvg"],"address":{"@id":"https:\/\/www.eldigitaldeasturias.com\/noticias\/#postaladdress","@type":"PostalAddress","streetAddress":"san antonio 4","postalCode":"33430","addressLocality":"Cand\u00e1s","addressRegion":"Asturias","addressCountry":"ES"}},{"@type":"Person","@id":"https:\/\/www.eldigitaldeasturias.com\/noticias\/author\/admin\/#author","url":"https:\/\/www.eldigitaldeasturias.com\/noticias\/author\/admin\/","name":"El Digital de Asturias","image":{"@type":"ImageObject","@id":"https:\/\/www.eldigitaldeasturias.com\/noticias\/garcia-tejerina-reitera-el-apoyo-del-mapama-al-sector-remolachero-espanol\/#authorImage","url":"https:\/\/secure.gravatar.com\/avatar\/df2aeffc32bcd13f8d26072ef8a91b623d677766deac7f97ca815868cd41bf5e?s=96&d=mm&r=g","width":96,"height":96,"caption":"El Digital de Asturias"}},{"@type":"WebPage","@id":"https:\/\/www.eldigitaldeasturias.com\/noticias\/garcia-tejerina-reitera-el-apoyo-del-mapama-al-sector-remolachero-espanol\/#webpage","url":"https:\/\/www.eldigitaldeasturias.com\/noticias\/garcia-tejerina-reitera-el-apoyo-del-mapama-al-sector-remolachero-espanol\/","name":"Garc\u00eda Tejerina reitera el apoyo del MAPAMA al sector remolachero espa\u00f1ol - El Digital de Asturias","description":"La ministra de Agricultura y Pesca, Alimentaci\u00f3n y Medio Ambiente, Isabel Garc\u00eda Tejerina, ha asegurado que el sector azucarero ha sabido afrontar con madurez los cambios experimentados en la regulaci\u00f3n del mercado del az\u00facar. Ante esta situaci\u00f3n, la ministra ha reiterado el apoyo del MAPAMA al sector remolachero espa\u00f1ol y a su industria transformadora ante","inLanguage":"es-ES","isPartOf":{"@id":"https:\/\/www.eldigitaldeasturias.com\/noticias\/#website"},"breadcrumb":{"@id":"https:\/\/www.eldigitaldeasturias.com\/noticias\/garcia-tejerina-reitera-el-apoyo-del-mapama-al-sector-remolachero-espanol\/#breadcrumblist"},"author":{"@id":"https:\/\/www.eldigitaldeasturias.com\/noticias\/author\/admin\/#author"},"creator":{"@id":"https:\/\/www.eldigitaldeasturias.com\/noticias\/author\/admin\/#author"},"image":{"@type":"ImageObject","url":952695,"@id":"https:\/\/www.eldigitaldeasturias.com\/noticias\/garcia-tejerina-reitera-el-apoyo-del-mapama-al-sector-remolachero-espanol\/#mainImage"},"primaryImageOfPage":{"@id":"https:\/\/www.eldigitaldeasturias.com\/noticias\/garcia-tejerina-reitera-el-apoyo-del-mapama-al-sector-remolachero-espanol\/#mainImage"},"datePublished":"2017-09-13T17:01:04+02:00","dateModified":"2017-09-13T17:01:04+02:00"},{"@type":"WebSite","@id":"https:\/\/www.eldigitaldeasturias.com\/noticias\/#website","url":"https:\/\/www.eldigitaldeasturias.com\/noticias\/","name":"El Digital de Asturias - Diario de actualidad y noticias","alternateName":"El Digital de Asturias - Diario de actualidad y noticias","description":"Hemeroteca","inLanguage":"es-ES","publisher":{"@id":"https:\/\/www.eldigitaldeasturias.com\/noticias\/#organization"}}]},"og:locale":"es_ES","og:site_name":"El Digital de Asturias","og:type":"article","og:title":"Garc\u00eda Tejerina reitera el apoyo del MAPAMA al sector remolachero espa\u00f1ol - El Digital de Asturias","og:description":"La ministra de Agricultura y Pesca, Alimentaci\u00f3n y Medio Ambiente, Isabel Garc\u00eda Tejerina, ha asegurado que el sector azucarero ha sabido afrontar con madurez los cambios experimentados en la regulaci\u00f3n del mercado del az\u00facar. Ante esta situaci\u00f3n, la ministra ha reiterado el apoyo del MAPAMA al sector remolachero espa\u00f1ol y a su industria transformadora ante","og:url":"https:\/\/www.eldigitaldeasturias.com\/noticias\/garcia-tejerina-reitera-el-apoyo-del-mapama-al-sector-remolachero-espanol\/","article:tag":["actualidad"],"article:published_time":"2017-09-13T17:01:04+00:00","article:modified_time":"2017-09-13T17:01:04+00:00","article:publisher":"https:\/\/facebook.com\/eldigitaldeasturias","twitter:card":"summary_large_image","twitter:title":"Garc\u00eda Tejerina reitera el apoyo del MAPAMA al sector remolachero espa\u00f1ol - El Digital de Asturias","twitter:description":"La ministra de Agricultura y Pesca, Alimentaci\u00f3n y Medio Ambiente, Isabel Garc\u00eda Tejerina, ha asegurado que el sector azucarero ha sabido afrontar con madurez los cambios experimentados en la regulaci\u00f3n del mercado del az\u00facar. Ante esta situaci\u00f3n, la ministra ha reiterado el apoyo del MAPAMA al sector remolachero espa\u00f1ol y a su industria transformadora ante","twitter:image":"https:\/\/www.eldigitaldeasturias.com\/noticias\/wp-content\/uploads\/2020\/12\/EDA-1.jpg","twitter:label1":"Escrito por","twitter:data1":"El Digital de Asturias","twitter:label2":"Tiempo de lectura estimado","twitter:data2":"3 minutos"},"aioseo_meta_data":{"post_id":"952694","title":null,"description":null,"keywords":null,"keyphrases":null,"primary_term":null,"canonical_url":null,"og_title":null,"og_description":null,"og_object_type":"default","og_image_type":"default","og_image_url":null,"og_image_width":null,"og_image_height":null,"og_image_custom_url":null,"og_image_custom_fields":null,"og_video":null,"og_custom_url":null,"og_article_section":null,"og_article_tags":null,"twitter_use_og":false,"twitter_card":"default","twitter_image_type":"default","twitter_image_url":null,"twitter_image_custom_url":null,"twitter_image_custom_fields":null,"twitter_title":null,"twitter_description":null,"schema":{"blockGraphs":[],"customGraphs":[],"default":{"data":{"Article":[],"Course":[],"Dataset":[],"FAQPage":[],"Movie":[],"Person":[],"Product":[],"ProductReview":[],"Car":[],"Recipe":[],"Service":[],"SoftwareApplication":[],"WebPage":[]},"graphName":"","isEnabled":true},"graphs":[],"defaultGraph":"","defaultPostTypeGraph":""},"schema_type":null,"schema_type_options":null,"pillar_content":false,"robots_default":true,"robots_noindex":false,"robots_noarchive":false,"robots_nosnippet":false,"robots_nofollow":false,"robots_noimageindex":false,"robots_noodp":false,"robots_notranslate":false,"robots_max_snippet":null,"robots_max_videopreview":null,"robots_max_imagepreview":"large","priority":null,"frequency":null,"local_seo":null,"seo_analyzer_scan_date":"2025-12-05 23:48:55","breadcrumb_settings":null,"limit_modified_date":false,"open_ai":null,"ai":null,"created":"2020-12-21 12:57:39","updated":"2025-12-05 23:48:55","focus_keyword":null,"additional_keywords":null,"truseo_locale":null},"aioseo_breadcrumb":"<div class=\"aioseo-breadcrumbs\"><span class=\"aioseo-breadcrumb\">\n\t<a href=\"https:\/\/www.eldigitaldeasturias.com\/noticias\" title=\"Home\">Home<\/a>\n<\/span><span class=\"aioseo-breadcrumb-separator\">\u2013<\/span><span class=\"aioseo-breadcrumb\">\n\t<a href=\"https:\/\/www.eldigitaldeasturias.com\/noticias\/category\/actualidad\/\" title=\"Actualidad\">Actualidad<\/a>\n<\/span><span class=\"aioseo-breadcrumb-separator\">\u2013<\/span><span class=\"aioseo-breadcrumb\">\n\t<a href=\"https:\/\/www.eldigitaldeasturias.com\/noticias\/garcia-tejerina-reitera-el-apoyo-del-mapama-al-sector-remolachero-espanol\/\" title=\"Garc\u00eda Tejerina reitera el apoyo del MAPAMA al sector remolachero espa\u00f1ol\">Garc\u00eda Tejerina reitera el apoyo del MAPAMA al sector remolachero espa\u00f1ol<\/a>\n<\/span><\/div>","aioseo_breadcrumb_json":[{"label":"Home","link":"https:\/\/www.eldigitaldeasturias.com\/noticias"},{"label":"Actualidad","link":"https:\/\/www.eldigitaldeasturias.com\/noticias\/category\/actualidad\/"},{"label":"Garc\u00eda Tejerina reitera el apoyo del MAPAMA al sector remolachero espa\u00f1ol","link":"https:\/\/www.eldigitaldeasturias.com\/noticias\/garcia-tejerina-reitera-el-apoyo-del-mapama-al-sector-remolachero-espanol\/"}],"_links":{"self":[{"href":"https:\/\/www.eldigitaldeasturias.com\/noticias\/wp-json\/wp\/v2\/posts\/952694","targetHints":{"allow":["GET"]}}],"collection":[{"href":"https:\/\/www.eldigitaldeasturias.com\/noticias\/wp-json\/wp\/v2\/posts"}],"about":[{"href":"https:\/\/www.eldigitaldeasturias.com\/noticias\/wp-json\/wp\/v2\/types\/post"}],"author":[{"embeddable":true,"href":"https:\/\/www.eldigitaldeasturias.com\/noticias\/wp-json\/wp\/v2\/users\/1"}],"replies":[{"embeddable":true,"href":"https:\/\/www.eldigitaldeasturias.com\/noticias\/wp-json\/wp\/v2\/comments?post=952694"}],"version-history":[{"count":0,"href":"https:\/\/www.eldigitaldeasturias.com\/noticias\/wp-json\/wp\/v2\/posts\/952694\/revisions"}],"wp:attachment":[{"href":"https:\/\/www.eldigitaldeasturias.com\/noticias\/wp-json\/wp\/v2\/media?parent=952694"}],"wp:term":[{"taxonomy":"category","embeddable":true,"href":"https:\/\/www.eldigitaldeasturias.com\/noticias\/wp-json\/wp\/v2\/categories?post=952694"},{"taxonomy":"post_tag","embeddable":true,"href":"https:\/\/www.eldigitaldeasturias.com\/noticias\/wp-json\/wp\/v2\/tags?post=952694"}],"curies":[{"name":"wp","href":"https:\/\/api.w.org\/{rel}","templated":true}]}}