{"id":952687,"date":"2017-09-13T16:57:03","date_gmt":"2017-09-13T16:57:03","guid":{"rendered":"http:\/\/www.eldigitaldeasturias.com\/noticias\/?p=952687"},"modified":"2017-09-13T16:57:03","modified_gmt":"2017-09-13T16:57:03","slug":"alfonso-dastis-se-reune-con-jorge-arreaza","status":"publish","type":"post","link":"https:\/\/www.eldigitaldeasturias.com\/noticias\/alfonso-dastis-se-reune-con-jorge-arreaza\/","title":{"rendered":"Alfonso Dastis se re\u00fane con Jorge Arreaza"},"content":{"rendered":"<p><img loading=\"lazy\" decoding=\"async\" class=\"alignleft size-medium wp-image-952688\" src=\"https:\/\/www.eldigitaldeasturias.com\/noticias\/wp-content\/uploads\/2017\/09\/Exteriores-I-360x239.jpg\" alt=\"\" width=\"360\" height=\"239\" \/>El ministro de Asuntos Exteriores y de Cooperaci\u00f3n, Alfonso Dastis, ha mantenido un encuentro con el ministro del Poder Popular de Relaciones Exteriores de la Rep\u00fablica Bolivariana de Venezuela, Jorge Arreaza, a petici\u00f3n de este \u00faltimo, de escala de su estancia en Ginebra para participar el Consejo de Derechos Humanos.<\/p>\n<p>La entrevista se ha desarrollado en t\u00e9rminos muy francos y respetuosos. El ministro Dastis ha indicado a su hom\u00f3logo venezolano que Espa\u00f1a sigue con mucho inter\u00e9s la situaci\u00f3n en Venezuela, apoyando con decisi\u00f3n todo aquello que contribuya a la reconciliaci\u00f3n y a la prosperidad de los venezolanos, y ayude a forjar un acuerdo que garantice el pleno respeto a la Constituci\u00f3n venezolana y al estado de Derecho.<\/p>\n<p>El ministro Dastis le ha manifestado que considera que no es suficiente que el Gobierno venezolano exprese su deseo de mantener un di\u00e1logo con la oposici\u00f3n; a su juicio es indispensable que se concrete en un proceso sin dilaci\u00f3n de negociaciones que resulten en acuerdos con concesiones concretas y con garant\u00edas de cumplimiento de los acuerdos alcanzados.<\/p>\n<p>En el transcurso del encuentro, Alfonso Dastis se ha interesado por la situaci\u00f3n de los presos pol\u00edticos de nacionalidad espa\u00f1ola, en especial por el caso de Yon Goicoechea, que lleva un a\u00f1o detenido en las dependencias de los servicios de inteligencia venezolanos a pesar la existencia de una orden judicial de excarcelaci\u00f3n.<\/p>\n<p>El ministro Dastis se ha referido tambi\u00e9n a la preocupaci\u00f3n que genera el hecho de que los m\u00e1s de 7.000 pensionistas venezolanos residentes en Espa\u00f1a lleven desde enero de 2016 sin que el Instituto Venezolano de Seguros Sociales les abone las prestaciones contributivas que les corresponden.<\/p>\n<p>&nbsp;<\/p>\n<p>&nbsp;<\/p>\n","protected":false},"excerpt":{"rendered":"<p>El ministro de Asuntos Exteriores y de Cooperaci\u00f3n, Alfonso Dastis, ha mantenido un encuentro con el ministro del Poder Popular de Relaciones Exteriores de la Rep\u00fablica Bolivariana de Venezuela, Jorge Arreaza, a petici\u00f3n de este \u00faltimo, de escala de su estancia en Ginebra para participar el Consejo de Derechos Humanos. La entrevista se ha desarrollado [&hellip;]<\/p>\n","protected":false},"author":1,"featured_media":952688,"comment_status":"closed","ping_status":"closed","sticky":false,"template":"","format":"standard","meta":{"footnotes":""},"categories":[1],"tags":[],"class_list":["post-952687","post","type-post","status-publish","format-standard","has-post-thumbnail","hentry","category-actualidad"],"aioseo_notices":[],"aioseo_head":"\n\t\t<!-- All in One SEO Pro 5.0.1 - aioseo.com -->\n\t<meta name=\"description\" content=\"El ministro de Asuntos Exteriores y de Cooperaci\u00f3n, Alfonso Dastis, ha mantenido un encuentro con el ministro del Poder Popular de Relaciones Exteriores de la Rep\u00fablica Bolivariana de Venezuela, Jorge Arreaza, a petici\u00f3n de este \u00faltimo, de escala de su estancia en Ginebra para participar el Consejo de Derechos Humanos. La entrevista se ha desarrollado\" \/>\n\t<meta name=\"robots\" content=\"max-image-preview:large\" \/>\n\t<meta name=\"author\" content=\"El Digital de Asturias\"\/>\n\t<meta name=\"google-site-verification\" content=\"UA-38556648-1\" \/>\n\t<meta name=\"msvalidate.01\" content=\"7dfe9f3f1b24437ab69f4f2559babe99\" \/>\n\t<meta name=\"keywords\" content=\"actualidad\" \/>\n\t<link rel=\"canonical\" href=\"https:\/\/www.eldigitaldeasturias.com\/noticias\/alfonso-dastis-se-reune-con-jorge-arreaza\/\" \/>\n\t<meta name=\"generator\" content=\"All in One SEO Pro (AIOSEO) 5.0.1\" \/>\n\t\t<meta property=\"og:locale\" content=\"es_ES\" \/>\n\t\t<meta property=\"og:site_name\" content=\"El Digital de Asturias\" \/>\n\t\t<meta property=\"og:type\" content=\"article\" \/>\n\t\t<meta property=\"og:title\" content=\"Alfonso Dastis se re\u00fane con Jorge Arreaza - El Digital de Asturias\" \/>\n\t\t<meta property=\"og:description\" content=\"El ministro de Asuntos Exteriores y de Cooperaci\u00f3n, Alfonso Dastis, ha mantenido un encuentro con el ministro del Poder Popular de Relaciones Exteriores de la Rep\u00fablica Bolivariana de Venezuela, Jorge Arreaza, a petici\u00f3n de este \u00faltimo, de escala de su estancia en Ginebra para participar el Consejo de Derechos Humanos. La entrevista se ha desarrollado\" \/>\n\t\t<meta property=\"og:url\" content=\"https:\/\/www.eldigitaldeasturias.com\/noticias\/alfonso-dastis-se-reune-con-jorge-arreaza\/\" \/>\n\t\t<meta property=\"article:tag\" content=\"actualidad\" \/>\n\t\t<meta property=\"article:published_time\" content=\"2017-09-13T16:57:03+00:00\" \/>\n\t\t<meta property=\"article:modified_time\" content=\"2017-09-13T16:57:03+00:00\" \/>\n\t\t<meta property=\"article:publisher\" content=\"https:\/\/facebook.com\/eldigitaldeasturias\" \/>\n\t\t<meta name=\"twitter:card\" content=\"summary_large_image\" \/>\n\t\t<meta name=\"twitter:title\" content=\"Alfonso Dastis se re\u00fane con Jorge Arreaza - El Digital de Asturias\" \/>\n\t\t<meta name=\"twitter:description\" content=\"El ministro de Asuntos Exteriores y de Cooperaci\u00f3n, Alfonso Dastis, ha mantenido un encuentro con el ministro del Poder Popular de Relaciones Exteriores de la Rep\u00fablica Bolivariana de Venezuela, Jorge Arreaza, a petici\u00f3n de este \u00faltimo, de escala de su estancia en Ginebra para participar el Consejo de Derechos Humanos. La entrevista se ha desarrollado\" \/>\n\t\t<meta name=\"twitter:image\" content=\"https:\/\/www.eldigitaldeasturias.com\/noticias\/wp-content\/uploads\/2020\/12\/EDA-1.jpg\" \/>\n\t\t<meta name=\"twitter:label1\" content=\"Escrito por\" \/>\n\t\t<meta name=\"twitter:data1\" content=\"El Digital de Asturias\" \/>\n\t\t<meta name=\"twitter:label2\" content=\"Tiempo de lectura estimado\" \/>\n\t\t<meta name=\"twitter:data2\" content=\"1 minuto\" \/>\n\t\t<script type=\"application\/ld+json\" class=\"aioseo-schema\">\n\t\t\t{\"@context\":\"https:\\\/\\\/schema.org\",\"@graph\":[{\"@type\":\"BlogPosting\",\"@id\":\"https:\\\/\\\/www.eldigitaldeasturias.com\\\/noticias\\\/alfonso-dastis-se-reune-con-jorge-arreaza\\\/#blogposting\",\"name\":\"Alfonso Dastis se re\\u00fane con Jorge Arreaza - El Digital de Asturias\",\"headline\":\"Alfonso Dastis se re\\u00fane con Jorge Arreaza\",\"author\":{\"@id\":\"https:\\\/\\\/www.eldigitaldeasturias.com\\\/noticias\\\/author\\\/admin\\\/#author\"},\"publisher\":{\"@id\":\"https:\\\/\\\/www.eldigitaldeasturias.com\\\/noticias\\\/#organization\"},\"image\":{\"@type\":\"ImageObject\",\"url\":952688},\"datePublished\":\"2017-09-13T16:57:03+02:00\",\"dateModified\":\"2017-09-13T16:57:03+02:00\",\"inLanguage\":\"es-ES\",\"mainEntityOfPage\":{\"@id\":\"https:\\\/\\\/www.eldigitaldeasturias.com\\\/noticias\\\/alfonso-dastis-se-reune-con-jorge-arreaza\\\/#webpage\"},\"isPartOf\":{\"@id\":\"https:\\\/\\\/www.eldigitaldeasturias.com\\\/noticias\\\/alfonso-dastis-se-reune-con-jorge-arreaza\\\/#webpage\"},\"articleSection\":\"Actualidad\"},{\"@type\":\"BreadcrumbList\",\"@id\":\"https:\\\/\\\/www.eldigitaldeasturias.com\\\/noticias\\\/alfonso-dastis-se-reune-con-jorge-arreaza\\\/#breadcrumblist\",\"itemListElement\":[{\"@type\":\"ListItem\",\"@id\":\"https:\\\/\\\/www.eldigitaldeasturias.com\\\/noticias#listItem\",\"position\":1,\"name\":\"Home\",\"item\":\"https:\\\/\\\/www.eldigitaldeasturias.com\\\/noticias\",\"nextItem\":{\"@type\":\"ListItem\",\"@id\":\"https:\\\/\\\/www.eldigitaldeasturias.com\\\/noticias\\\/category\\\/actualidad\\\/#listItem\",\"name\":\"Actualidad\"}},{\"@type\":\"ListItem\",\"@id\":\"https:\\\/\\\/www.eldigitaldeasturias.com\\\/noticias\\\/category\\\/actualidad\\\/#listItem\",\"position\":2,\"name\":\"Actualidad\",\"item\":\"https:\\\/\\\/www.eldigitaldeasturias.com\\\/noticias\\\/category\\\/actualidad\\\/\",\"nextItem\":{\"@type\":\"ListItem\",\"@id\":\"https:\\\/\\\/www.eldigitaldeasturias.com\\\/noticias\\\/alfonso-dastis-se-reune-con-jorge-arreaza\\\/#listItem\",\"name\":\"Alfonso Dastis se re\\u00fane con Jorge Arreaza\"},\"previousItem\":{\"@type\":\"ListItem\",\"@id\":\"https:\\\/\\\/www.eldigitaldeasturias.com\\\/noticias#listItem\",\"name\":\"Home\"}},{\"@type\":\"ListItem\",\"@id\":\"https:\\\/\\\/www.eldigitaldeasturias.com\\\/noticias\\\/alfonso-dastis-se-reune-con-jorge-arreaza\\\/#listItem\",\"position\":3,\"name\":\"Alfonso Dastis se re\\u00fane con Jorge Arreaza\",\"previousItem\":{\"@type\":\"ListItem\",\"@id\":\"https:\\\/\\\/www.eldigitaldeasturias.com\\\/noticias\\\/category\\\/actualidad\\\/#listItem\",\"name\":\"Actualidad\"}}]},{\"@type\":\"Organization\",\"@id\":\"https:\\\/\\\/www.eldigitaldeasturias.com\\\/noticias\\\/#organization\",\"name\":\"El Digital de Asturias\",\"description\":\"Hemeroteca\",\"url\":\"https:\\\/\\\/www.eldigitaldeasturias.com\\\/noticias\\\/\",\"email\":\"info@eldigitaldeasturias.com\",\"telephone\":\"+34652131393\",\"logo\":{\"@type\":\"ImageObject\",\"url\":\"https:\\\/\\\/www.eldigitaldeasturias.com\\\/noticias\\\/wp-content\\\/uploads\\\/2020\\\/12\\\/EDA.jpg\",\"@id\":\"https:\\\/\\\/www.eldigitaldeasturias.com\\\/noticias\\\/alfonso-dastis-se-reune-con-jorge-arreaza\\\/#organizationLogo\"},\"image\":{\"@id\":\"https:\\\/\\\/www.eldigitaldeasturias.com\\\/noticias\\\/alfonso-dastis-se-reune-con-jorge-arreaza\\\/#organizationLogo\"},\"sameAs\":[\"https:\\\/\\\/facebook.com\\\/eldigitaldeasturias\",\"https:\\\/\\\/www.youtube.com\\\/channel\\\/UCZP-2wLEB9Rv6erhFmqVnvg\"],\"address\":{\"@id\":\"https:\\\/\\\/www.eldigitaldeasturias.com\\\/noticias\\\/#postaladdress\",\"@type\":\"PostalAddress\",\"streetAddress\":\"san antonio 4\",\"postalCode\":\"33430\",\"addressLocality\":\"Cand\\u00e1s\",\"addressRegion\":\"Asturias\",\"addressCountry\":\"ES\"}},{\"@type\":\"Person\",\"@id\":\"https:\\\/\\\/www.eldigitaldeasturias.com\\\/noticias\\\/author\\\/admin\\\/#author\",\"url\":\"https:\\\/\\\/www.eldigitaldeasturias.com\\\/noticias\\\/author\\\/admin\\\/\",\"name\":\"El Digital de Asturias\",\"image\":{\"@type\":\"ImageObject\",\"@id\":\"https:\\\/\\\/www.eldigitaldeasturias.com\\\/noticias\\\/alfonso-dastis-se-reune-con-jorge-arreaza\\\/#authorImage\",\"url\":\"https:\\\/\\\/secure.gravatar.com\\\/avatar\\\/df2aeffc32bcd13f8d26072ef8a91b623d677766deac7f97ca815868cd41bf5e?s=96&d=mm&r=g\",\"width\":96,\"height\":96,\"caption\":\"El Digital de Asturias\"}},{\"@type\":\"WebPage\",\"@id\":\"https:\\\/\\\/www.eldigitaldeasturias.com\\\/noticias\\\/alfonso-dastis-se-reune-con-jorge-arreaza\\\/#webpage\",\"url\":\"https:\\\/\\\/www.eldigitaldeasturias.com\\\/noticias\\\/alfonso-dastis-se-reune-con-jorge-arreaza\\\/\",\"name\":\"Alfonso Dastis se re\\u00fane con Jorge Arreaza - El Digital de Asturias\",\"description\":\"El ministro de Asuntos Exteriores y de Cooperaci\\u00f3n, Alfonso Dastis, ha mantenido un encuentro con el ministro del Poder Popular de Relaciones Exteriores de la Rep\\u00fablica Bolivariana de Venezuela, Jorge Arreaza, a petici\\u00f3n de este \\u00faltimo, de escala de su estancia en Ginebra para participar el Consejo de Derechos Humanos. La entrevista se ha desarrollado\",\"inLanguage\":\"es-ES\",\"isPartOf\":{\"@id\":\"https:\\\/\\\/www.eldigitaldeasturias.com\\\/noticias\\\/#website\"},\"breadcrumb\":{\"@id\":\"https:\\\/\\\/www.eldigitaldeasturias.com\\\/noticias\\\/alfonso-dastis-se-reune-con-jorge-arreaza\\\/#breadcrumblist\"},\"author\":{\"@id\":\"https:\\\/\\\/www.eldigitaldeasturias.com\\\/noticias\\\/author\\\/admin\\\/#author\"},\"creator\":{\"@id\":\"https:\\\/\\\/www.eldigitaldeasturias.com\\\/noticias\\\/author\\\/admin\\\/#author\"},\"image\":{\"@type\":\"ImageObject\",\"url\":952688,\"@id\":\"https:\\\/\\\/www.eldigitaldeasturias.com\\\/noticias\\\/alfonso-dastis-se-reune-con-jorge-arreaza\\\/#mainImage\"},\"primaryImageOfPage\":{\"@id\":\"https:\\\/\\\/www.eldigitaldeasturias.com\\\/noticias\\\/alfonso-dastis-se-reune-con-jorge-arreaza\\\/#mainImage\"},\"datePublished\":\"2017-09-13T16:57:03+02:00\",\"dateModified\":\"2017-09-13T16:57:03+02:00\"},{\"@type\":\"WebSite\",\"@id\":\"https:\\\/\\\/www.eldigitaldeasturias.com\\\/noticias\\\/#website\",\"url\":\"https:\\\/\\\/www.eldigitaldeasturias.com\\\/noticias\\\/\",\"name\":\"El Digital de Asturias - Diario de actualidad y noticias\",\"alternateName\":\"El Digital de Asturias - Diario de actualidad y noticias\",\"description\":\"Hemeroteca\",\"inLanguage\":\"es-ES\",\"publisher\":{\"@id\":\"https:\\\/\\\/www.eldigitaldeasturias.com\\\/noticias\\\/#organization\"}}]}\n\t\t<\/script>\n\t\t<!-- All in One SEO Pro -->\r\n\t\t<title>Alfonso Dastis se re\u00fane con Jorge Arreaza - El Digital de Asturias<\/title>\n\n","aioseo_head_json":{"title":"Alfonso Dastis se re\u00fane con Jorge Arreaza - El Digital de Asturias","description":"El ministro de Asuntos Exteriores y de Cooperaci\u00f3n, Alfonso Dastis, ha mantenido un encuentro con el ministro del Poder Popular de Relaciones Exteriores de la Rep\u00fablica Bolivariana de Venezuela, Jorge Arreaza, a petici\u00f3n de este \u00faltimo, de escala de su estancia en Ginebra para participar el Consejo de Derechos Humanos. La entrevista se ha desarrollado","canonical_url":"https:\/\/www.eldigitaldeasturias.com\/noticias\/alfonso-dastis-se-reune-con-jorge-arreaza\/","robots":"max-image-preview:large","keywords":"actualidad","webmasterTools":{"google-site-verification":"UA-38556648-1","msvalidate.01":"7dfe9f3f1b24437ab69f4f2559babe99","miscellaneous":""},"schema":{"@context":"https:\/\/schema.org","@graph":[{"@type":"BlogPosting","@id":"https:\/\/www.eldigitaldeasturias.com\/noticias\/alfonso-dastis-se-reune-con-jorge-arreaza\/#blogposting","name":"Alfonso Dastis se re\u00fane con Jorge Arreaza - El Digital de Asturias","headline":"Alfonso Dastis se re\u00fane con Jorge Arreaza","author":{"@id":"https:\/\/www.eldigitaldeasturias.com\/noticias\/author\/admin\/#author"},"publisher":{"@id":"https:\/\/www.eldigitaldeasturias.com\/noticias\/#organization"},"image":{"@type":"ImageObject","url":952688},"datePublished":"2017-09-13T16:57:03+02:00","dateModified":"2017-09-13T16:57:03+02:00","inLanguage":"es-ES","mainEntityOfPage":{"@id":"https:\/\/www.eldigitaldeasturias.com\/noticias\/alfonso-dastis-se-reune-con-jorge-arreaza\/#webpage"},"isPartOf":{"@id":"https:\/\/www.eldigitaldeasturias.com\/noticias\/alfonso-dastis-se-reune-con-jorge-arreaza\/#webpage"},"articleSection":"Actualidad"},{"@type":"BreadcrumbList","@id":"https:\/\/www.eldigitaldeasturias.com\/noticias\/alfonso-dastis-se-reune-con-jorge-arreaza\/#breadcrumblist","itemListElement":[{"@type":"ListItem","@id":"https:\/\/www.eldigitaldeasturias.com\/noticias#listItem","position":1,"name":"Home","item":"https:\/\/www.eldigitaldeasturias.com\/noticias","nextItem":{"@type":"ListItem","@id":"https:\/\/www.eldigitaldeasturias.com\/noticias\/category\/actualidad\/#listItem","name":"Actualidad"}},{"@type":"ListItem","@id":"https:\/\/www.eldigitaldeasturias.com\/noticias\/category\/actualidad\/#listItem","position":2,"name":"Actualidad","item":"https:\/\/www.eldigitaldeasturias.com\/noticias\/category\/actualidad\/","nextItem":{"@type":"ListItem","@id":"https:\/\/www.eldigitaldeasturias.com\/noticias\/alfonso-dastis-se-reune-con-jorge-arreaza\/#listItem","name":"Alfonso Dastis se re\u00fane con Jorge Arreaza"},"previousItem":{"@type":"ListItem","@id":"https:\/\/www.eldigitaldeasturias.com\/noticias#listItem","name":"Home"}},{"@type":"ListItem","@id":"https:\/\/www.eldigitaldeasturias.com\/noticias\/alfonso-dastis-se-reune-con-jorge-arreaza\/#listItem","position":3,"name":"Alfonso Dastis se re\u00fane con Jorge Arreaza","previousItem":{"@type":"ListItem","@id":"https:\/\/www.eldigitaldeasturias.com\/noticias\/category\/actualidad\/#listItem","name":"Actualidad"}}]},{"@type":"Organization","@id":"https:\/\/www.eldigitaldeasturias.com\/noticias\/#organization","name":"El Digital de Asturias","description":"Hemeroteca","url":"https:\/\/www.eldigitaldeasturias.com\/noticias\/","email":"info@eldigitaldeasturias.com","telephone":"+34652131393","logo":{"@type":"ImageObject","url":"https:\/\/www.eldigitaldeasturias.com\/noticias\/wp-content\/uploads\/2020\/12\/EDA.jpg","@id":"https:\/\/www.eldigitaldeasturias.com\/noticias\/alfonso-dastis-se-reune-con-jorge-arreaza\/#organizationLogo"},"image":{"@id":"https:\/\/www.eldigitaldeasturias.com\/noticias\/alfonso-dastis-se-reune-con-jorge-arreaza\/#organizationLogo"},"sameAs":["https:\/\/facebook.com\/eldigitaldeasturias","https:\/\/www.youtube.com\/channel\/UCZP-2wLEB9Rv6erhFmqVnvg"],"address":{"@id":"https:\/\/www.eldigitaldeasturias.com\/noticias\/#postaladdress","@type":"PostalAddress","streetAddress":"san antonio 4","postalCode":"33430","addressLocality":"Cand\u00e1s","addressRegion":"Asturias","addressCountry":"ES"}},{"@type":"Person","@id":"https:\/\/www.eldigitaldeasturias.com\/noticias\/author\/admin\/#author","url":"https:\/\/www.eldigitaldeasturias.com\/noticias\/author\/admin\/","name":"El Digital de Asturias","image":{"@type":"ImageObject","@id":"https:\/\/www.eldigitaldeasturias.com\/noticias\/alfonso-dastis-se-reune-con-jorge-arreaza\/#authorImage","url":"https:\/\/secure.gravatar.com\/avatar\/df2aeffc32bcd13f8d26072ef8a91b623d677766deac7f97ca815868cd41bf5e?s=96&d=mm&r=g","width":96,"height":96,"caption":"El Digital de Asturias"}},{"@type":"WebPage","@id":"https:\/\/www.eldigitaldeasturias.com\/noticias\/alfonso-dastis-se-reune-con-jorge-arreaza\/#webpage","url":"https:\/\/www.eldigitaldeasturias.com\/noticias\/alfonso-dastis-se-reune-con-jorge-arreaza\/","name":"Alfonso Dastis se re\u00fane con Jorge Arreaza - El Digital de Asturias","description":"El ministro de Asuntos Exteriores y de Cooperaci\u00f3n, Alfonso Dastis, ha mantenido un encuentro con el ministro del Poder Popular de Relaciones Exteriores de la Rep\u00fablica Bolivariana de Venezuela, Jorge Arreaza, a petici\u00f3n de este \u00faltimo, de escala de su estancia en Ginebra para participar el Consejo de Derechos Humanos. La entrevista se ha desarrollado","inLanguage":"es-ES","isPartOf":{"@id":"https:\/\/www.eldigitaldeasturias.com\/noticias\/#website"},"breadcrumb":{"@id":"https:\/\/www.eldigitaldeasturias.com\/noticias\/alfonso-dastis-se-reune-con-jorge-arreaza\/#breadcrumblist"},"author":{"@id":"https:\/\/www.eldigitaldeasturias.com\/noticias\/author\/admin\/#author"},"creator":{"@id":"https:\/\/www.eldigitaldeasturias.com\/noticias\/author\/admin\/#author"},"image":{"@type":"ImageObject","url":952688,"@id":"https:\/\/www.eldigitaldeasturias.com\/noticias\/alfonso-dastis-se-reune-con-jorge-arreaza\/#mainImage"},"primaryImageOfPage":{"@id":"https:\/\/www.eldigitaldeasturias.com\/noticias\/alfonso-dastis-se-reune-con-jorge-arreaza\/#mainImage"},"datePublished":"2017-09-13T16:57:03+02:00","dateModified":"2017-09-13T16:57:03+02:00"},{"@type":"WebSite","@id":"https:\/\/www.eldigitaldeasturias.com\/noticias\/#website","url":"https:\/\/www.eldigitaldeasturias.com\/noticias\/","name":"El Digital de Asturias - Diario de actualidad y noticias","alternateName":"El Digital de Asturias - Diario de actualidad y noticias","description":"Hemeroteca","inLanguage":"es-ES","publisher":{"@id":"https:\/\/www.eldigitaldeasturias.com\/noticias\/#organization"}}]},"og:locale":"es_ES","og:site_name":"El Digital de Asturias","og:type":"article","og:title":"Alfonso Dastis se re\u00fane con Jorge Arreaza - El Digital de Asturias","og:description":"El ministro de Asuntos Exteriores y de Cooperaci\u00f3n, Alfonso Dastis, ha mantenido un encuentro con el ministro del Poder Popular de Relaciones Exteriores de la Rep\u00fablica Bolivariana de Venezuela, Jorge Arreaza, a petici\u00f3n de este \u00faltimo, de escala de su estancia en Ginebra para participar el Consejo de Derechos Humanos. La entrevista se ha desarrollado","og:url":"https:\/\/www.eldigitaldeasturias.com\/noticias\/alfonso-dastis-se-reune-con-jorge-arreaza\/","article:tag":["actualidad"],"article:published_time":"2017-09-13T16:57:03+00:00","article:modified_time":"2017-09-13T16:57:03+00:00","article:publisher":"https:\/\/facebook.com\/eldigitaldeasturias","twitter:card":"summary_large_image","twitter:title":"Alfonso Dastis se re\u00fane con Jorge Arreaza - El Digital de Asturias","twitter:description":"El ministro de Asuntos Exteriores y de Cooperaci\u00f3n, Alfonso Dastis, ha mantenido un encuentro con el ministro del Poder Popular de Relaciones Exteriores de la Rep\u00fablica Bolivariana de Venezuela, Jorge Arreaza, a petici\u00f3n de este \u00faltimo, de escala de su estancia en Ginebra para participar el Consejo de Derechos Humanos. La entrevista se ha desarrollado","twitter:image":"https:\/\/www.eldigitaldeasturias.com\/noticias\/wp-content\/uploads\/2020\/12\/EDA-1.jpg","twitter:label1":"Escrito por","twitter:data1":"El Digital de Asturias","twitter:label2":"Tiempo de lectura estimado","twitter:data2":"1 minuto"},"aioseo_meta_data":{"post_id":"952687","title":null,"description":null,"keywords":null,"keyphrases":null,"primary_term":null,"canonical_url":null,"og_title":null,"og_description":null,"og_object_type":"default","og_image_type":"default","og_image_url":null,"og_image_width":null,"og_image_height":null,"og_image_custom_url":null,"og_image_custom_fields":null,"og_video":null,"og_custom_url":null,"og_article_section":null,"og_article_tags":null,"twitter_use_og":false,"twitter_card":"default","twitter_image_type":"default","twitter_image_url":null,"twitter_image_custom_url":null,"twitter_image_custom_fields":null,"twitter_title":null,"twitter_description":null,"schema":{"blockGraphs":[],"customGraphs":[],"default":{"data":{"Article":[],"Course":[],"Dataset":[],"FAQPage":[],"Movie":[],"Person":[],"Product":[],"ProductReview":[],"Car":[],"Recipe":[],"Service":[],"SoftwareApplication":[],"WebPage":[]},"graphName":"","isEnabled":true},"graphs":[],"defaultGraph":"","defaultPostTypeGraph":""},"schema_type":null,"schema_type_options":null,"pillar_content":false,"robots_default":true,"robots_noindex":false,"robots_noarchive":false,"robots_nosnippet":false,"robots_nofollow":false,"robots_noimageindex":false,"robots_noodp":false,"robots_notranslate":false,"robots_max_snippet":null,"robots_max_videopreview":null,"robots_max_imagepreview":"large","priority":null,"frequency":null,"local_seo":null,"seo_analyzer_scan_date":"2025-12-05 23:46:31","breadcrumb_settings":null,"limit_modified_date":false,"open_ai":null,"ai":null,"created":"2020-12-21 12:57:39","updated":"2025-12-05 23:46:31","focus_keyword":null,"additional_keywords":null,"truseo_locale":null},"aioseo_breadcrumb":"<div class=\"aioseo-breadcrumbs\"><span class=\"aioseo-breadcrumb\">\n\t<a href=\"https:\/\/www.eldigitaldeasturias.com\/noticias\" title=\"Home\">Home<\/a>\n<\/span><span class=\"aioseo-breadcrumb-separator\">\u2013<\/span><span class=\"aioseo-breadcrumb\">\n\t<a href=\"https:\/\/www.eldigitaldeasturias.com\/noticias\/category\/actualidad\/\" title=\"Actualidad\">Actualidad<\/a>\n<\/span><span class=\"aioseo-breadcrumb-separator\">\u2013<\/span><span class=\"aioseo-breadcrumb\">\n\t<a href=\"https:\/\/www.eldigitaldeasturias.com\/noticias\/alfonso-dastis-se-reune-con-jorge-arreaza\/\" title=\"Alfonso Dastis se re\u00fane con Jorge Arreaza\">Alfonso Dastis se re\u00fane con Jorge Arreaza<\/a>\n<\/span><\/div>","aioseo_breadcrumb_json":[{"label":"Home","link":"https:\/\/www.eldigitaldeasturias.com\/noticias"},{"label":"Actualidad","link":"https:\/\/www.eldigitaldeasturias.com\/noticias\/category\/actualidad\/"},{"label":"Alfonso Dastis se re\u00fane con Jorge Arreaza","link":"https:\/\/www.eldigitaldeasturias.com\/noticias\/alfonso-dastis-se-reune-con-jorge-arreaza\/"}],"_links":{"self":[{"href":"https:\/\/www.eldigitaldeasturias.com\/noticias\/wp-json\/wp\/v2\/posts\/952687","targetHints":{"allow":["GET"]}}],"collection":[{"href":"https:\/\/www.eldigitaldeasturias.com\/noticias\/wp-json\/wp\/v2\/posts"}],"about":[{"href":"https:\/\/www.eldigitaldeasturias.com\/noticias\/wp-json\/wp\/v2\/types\/post"}],"author":[{"embeddable":true,"href":"https:\/\/www.eldigitaldeasturias.com\/noticias\/wp-json\/wp\/v2\/users\/1"}],"replies":[{"embeddable":true,"href":"https:\/\/www.eldigitaldeasturias.com\/noticias\/wp-json\/wp\/v2\/comments?post=952687"}],"version-history":[{"count":0,"href":"https:\/\/www.eldigitaldeasturias.com\/noticias\/wp-json\/wp\/v2\/posts\/952687\/revisions"}],"wp:attachment":[{"href":"https:\/\/www.eldigitaldeasturias.com\/noticias\/wp-json\/wp\/v2\/media?parent=952687"}],"wp:term":[{"taxonomy":"category","embeddable":true,"href":"https:\/\/www.eldigitaldeasturias.com\/noticias\/wp-json\/wp\/v2\/categories?post=952687"},{"taxonomy":"post_tag","embeddable":true,"href":"https:\/\/www.eldigitaldeasturias.com\/noticias\/wp-json\/wp\/v2\/tags?post=952687"}],"curies":[{"name":"wp","href":"https:\/\/api.w.org\/{rel}","templated":true}]}}