{"id":952663,"date":"2017-09-13T10:31:47","date_gmt":"2017-09-13T10:31:47","guid":{"rendered":"http:\/\/www.eldigitaldeasturias.com\/noticias\/?p=952663"},"modified":"2017-09-13T10:31:47","modified_gmt":"2017-09-13T10:31:47","slug":"la-inflacion-se-eleva-al-16-por-la-aceleracion-del-precio-de-la-energia","status":"publish","type":"post","link":"https:\/\/www.eldigitaldeasturias.com\/noticias\/la-inflacion-se-eleva-al-16-por-la-aceleracion-del-precio-de-la-energia\/","title":{"rendered":"La inflaci\u00f3n se eleva al 1,6% por la aceleraci\u00f3n del precio de la energ\u00eda"},"content":{"rendered":"<p><img loading=\"lazy\" decoding=\"async\" class=\"alignleft size-medium wp-image-952664\" src=\"https:\/\/www.eldigitaldeasturias.com\/noticias\/wp-content\/uploads\/2017\/09\/727162_960_720-360x239.jpg\" alt=\"\" width=\"360\" height=\"239\" \/>El \u00cdndice de Precios de Consumo (IPC) aument\u00f3 en agosto de 2017 un 1,6% interanual, una d\u00e9cima m\u00e1s que en julio, seg\u00fan las cifras publicadas por el Instituto Nacional de Estad\u00edstica (INE), tasa coincidente con la adelantada por el INE a finales del pasado mes.<\/p>\n<p>Esta evoluci\u00f3n se explica principalmente por la aceleraci\u00f3n de los precios de los productos energ\u00e9ticos y, en menor medida, de la alimentaci\u00f3n elaborada, parcialmente compensada por el menor ritmo de crecimiento de los precios de servicios y bienes industriales no energ\u00e9ticos (BINE), y por el descenso m\u00e1s pronunciado de los precios de la alimentaci\u00f3n no elaborada. En t\u00e9rminos intermensuales, el IPC ha crecido un 0,2% en agosto de 2017, frente a la subida del 0,1% en el mismo mes de 2016.<\/p>\n<p>Los precios de los productos energ\u00e9ticos aumentaron un 6,3% interanual, 2,2 puntos m\u00e1s que en julio, fundamentalmente por la aceleraci\u00f3n de los precios de los carburantes y lubricantes, que pasaron del 1,9% interanual en julio al 5,4% en agosto. Asimismo, los precios del gas crecieron el 12,6%, frente al 10,7% del mes anterior. Por su parte, los precios de la electricidad redujeron ocho d\u00e9cimas su ritmo de aumento, hasta el 5,4%.<\/p>\n<p>La inflaci\u00f3n de la alimentaci\u00f3n se situ\u00f3 en el 0,3% en agosto, igual a la del mes precedente. Los precios de la alimentaci\u00f3n no elaborada se redujeron el 1,6%, seis d\u00e9cimas m\u00e1s que el mes anterior, destacando el comportamiento de las frutas frescas, cuyos precios intensificaron 2,8 puntos su ritmo de descenso (pasaron de caer el 12% en julio al 14,8% en agosto). Los precios de la alimentaci\u00f3n elaborada, bebidas y tabaco aumentaron el 1,1% en agosto, una d\u00e9cima m\u00e1s que en julio. Cabe se\u00f1alar la aceleraci\u00f3n de nueve d\u00e9cimas de aceites y grasas, hasta el 7%.<\/p>\n<p>La inflaci\u00f3n subyacente, que excluye la alimentaci\u00f3n no elaborada y la energ\u00eda, los elementos m\u00e1s vol\u00e1tiles del IPC, disminuy\u00f3 dos d\u00e9cimas en agosto, hasta el 1,2%, debido principalmente al menor ritmo de aumento de los precios de los servicios y de los bienes industriales no energ\u00e9ticos (BINE). Los servicios crecieron el 1,7% interanual, dos d\u00e9cimas menos que en julio, destacando la evoluci\u00f3n de los precios de los paquetes tur\u00edsticos, que se desaceleraron 2,2 puntos, hasta el 6,2%, y de los servicios de telefon\u00eda y fax, que moderaron el ritmo de aumento nueve d\u00e9cimas, hasta el 1,5%. Por su parte, los precios de los BINE se estabilizaron en agosto, tras el aumento del 0,3% en julio, destacando la desaceleraci\u00f3n de los precios de los autom\u00f3viles, que pasaron de crecer el 3,3% en julio al 1,7% en agosto. Por el contrario, la alimentaci\u00f3n elaborada aument\u00f3 el 1,1%, una d\u00e9cima m\u00e1s que en el mes anterior.<\/p>\n<p>En t\u00e9rminos intermensuales, el IPC registr\u00f3 una tasa de variaci\u00f3n del 0,2% en agosto, frente al incremento del 0,1% registrado en el mismo mes de 2016. Por componentes, los precios de los servicios aumentaron un 0,4%, dos d\u00e9cimas menos que un a\u00f1o antes; los de los BINE cayeron el 0,2%, frente a la estabilidad de agosto de 2016; los de la alimentaci\u00f3n disminuyeron el 0,1%, tras la variaci\u00f3n nula de un a\u00f1o antes; y los de los productos energ\u00e9ticos crecieron un 1%, tras la ca\u00edda de igual magnitud de agosto del a\u00f1o pasado.<\/p>\n<p>Dentro del grupo de alimentaci\u00f3n, los precios de los alimentos no elaborados registraron en agosto de 2017 una tasa intermensual del -0,9% (-0,3% en el mismo mes de 2016), y los de los alimentos elaborados del 0,2% (0,1% un a\u00f1o antes).<\/p>\n<p>La tasa interanual del IPC aument\u00f3 en agosto en diez comunidades aut\u00f3nomas, se mantuvo inalterada en cuatro y disminuy\u00f3 en las tres restantes. Los mayores repuntes se produjeron en las tasas de inflaci\u00f3n de Cantabria y Principado de Asturias (cinco y dos d\u00e9cimas, respectivamente, hasta el 1,8% y 1,5%), y las mayores bajadas en La Rioja y Comunidad Foral de Navarra (dos d\u00e9cimas ambas, hasta el 1,5% y el 1%, respectivamente).<\/p>\n<p>La tasa interanual del IPC a impuestos constantes se situ\u00f3 en agosto en el 1,6%, al igual que la del IPC general.<\/p>\n<p>El INE ha publicado asimismo el IPC armonizado (IPCA) correspondiente al mes de agosto de 2017, cuya tasa de variaci\u00f3n interanual se sit\u00faa en el 2%, tres d\u00e9cimas superior a la de julio. Por su parte, la tasa adelantada por Eurostat para el conjunto de la zona euro fue del 1,5% en agosto, dos d\u00e9cimas por encima de la del mes anterior, resultando un diferencial de inflaci\u00f3n para Espa\u00f1a respecto a la zona euro de 0,5 puntos, una d\u00e9cima superior al de julio.<\/p>\n<p>&nbsp;<\/p>\n","protected":false},"excerpt":{"rendered":"<p>El \u00cdndice de Precios de Consumo (IPC) aument\u00f3 en agosto de 2017 un 1,6% interanual, una d\u00e9cima m\u00e1s que en julio, seg\u00fan las cifras publicadas por el Instituto Nacional de Estad\u00edstica (INE), tasa coincidente con la adelantada por el INE a finales del pasado mes. Esta evoluci\u00f3n se explica principalmente por la aceleraci\u00f3n de los [&hellip;]<\/p>\n","protected":false},"author":1,"featured_media":952664,"comment_status":"closed","ping_status":"closed","sticky":false,"template":"","format":"standard","meta":{"footnotes":""},"categories":[1],"tags":[],"class_list":["post-952663","post","type-post","status-publish","format-standard","has-post-thumbnail","hentry","category-actualidad"],"aioseo_notices":[],"aioseo_head":"\n\t\t<!-- All in One SEO Pro 5.0.1 - aioseo.com -->\n\t<meta name=\"description\" content=\"El \u00cdndice de Precios de Consumo (IPC) aument\u00f3 en agosto de 2017 un 1,6% interanual, una d\u00e9cima m\u00e1s que en julio, seg\u00fan las cifras publicadas por el Instituto Nacional de Estad\u00edstica (INE), tasa coincidente con la adelantada por el INE a finales del pasado mes. Esta evoluci\u00f3n se explica principalmente por la aceleraci\u00f3n de los\" \/>\n\t<meta name=\"robots\" content=\"max-image-preview:large\" \/>\n\t<meta name=\"author\" content=\"El Digital de Asturias\"\/>\n\t<meta name=\"google-site-verification\" content=\"UA-38556648-1\" \/>\n\t<meta name=\"msvalidate.01\" content=\"7dfe9f3f1b24437ab69f4f2559babe99\" \/>\n\t<meta name=\"keywords\" content=\"actualidad\" \/>\n\t<link rel=\"canonical\" href=\"https:\/\/www.eldigitaldeasturias.com\/noticias\/la-inflacion-se-eleva-al-16-por-la-aceleracion-del-precio-de-la-energia\/\" \/>\n\t<meta name=\"generator\" content=\"All in One SEO Pro (AIOSEO) 5.0.1\" \/>\n\t\t<meta property=\"og:locale\" content=\"es_ES\" \/>\n\t\t<meta property=\"og:site_name\" content=\"El Digital de Asturias\" \/>\n\t\t<meta property=\"og:type\" content=\"article\" \/>\n\t\t<meta property=\"og:title\" content=\"La inflaci\u00f3n se eleva al 1,6% por la aceleraci\u00f3n del precio de la energ\u00eda - El Digital de Asturias\" \/>\n\t\t<meta property=\"og:description\" content=\"El \u00cdndice de Precios de Consumo (IPC) aument\u00f3 en agosto de 2017 un 1,6% interanual, una d\u00e9cima m\u00e1s que en julio, seg\u00fan las cifras publicadas por el Instituto Nacional de Estad\u00edstica (INE), tasa coincidente con la adelantada por el INE a finales del pasado mes. Esta evoluci\u00f3n se explica principalmente por la aceleraci\u00f3n de los\" \/>\n\t\t<meta property=\"og:url\" content=\"https:\/\/www.eldigitaldeasturias.com\/noticias\/la-inflacion-se-eleva-al-16-por-la-aceleracion-del-precio-de-la-energia\/\" \/>\n\t\t<meta property=\"article:tag\" content=\"actualidad\" \/>\n\t\t<meta property=\"article:published_time\" content=\"2017-09-13T10:31:47+00:00\" \/>\n\t\t<meta property=\"article:modified_time\" content=\"2017-09-13T10:31:47+00:00\" \/>\n\t\t<meta property=\"article:publisher\" content=\"https:\/\/facebook.com\/eldigitaldeasturias\" \/>\n\t\t<meta name=\"twitter:card\" content=\"summary_large_image\" \/>\n\t\t<meta name=\"twitter:title\" content=\"La inflaci\u00f3n se eleva al 1,6% por la aceleraci\u00f3n del precio de la energ\u00eda - El Digital de Asturias\" \/>\n\t\t<meta name=\"twitter:description\" content=\"El \u00cdndice de Precios de Consumo (IPC) aument\u00f3 en agosto de 2017 un 1,6% interanual, una d\u00e9cima m\u00e1s que en julio, seg\u00fan las cifras publicadas por el Instituto Nacional de Estad\u00edstica (INE), tasa coincidente con la adelantada por el INE a finales del pasado mes. Esta evoluci\u00f3n se explica principalmente por la aceleraci\u00f3n de los\" \/>\n\t\t<meta name=\"twitter:image\" content=\"https:\/\/www.eldigitaldeasturias.com\/noticias\/wp-content\/uploads\/2020\/12\/EDA-1.jpg\" \/>\n\t\t<meta name=\"twitter:label1\" content=\"Escrito por\" \/>\n\t\t<meta name=\"twitter:data1\" content=\"El Digital de Asturias\" \/>\n\t\t<meta name=\"twitter:label2\" content=\"Tiempo de lectura estimado\" \/>\n\t\t<meta name=\"twitter:data2\" content=\"4 minutos\" \/>\n\t\t<script type=\"application\/ld+json\" class=\"aioseo-schema\">\n\t\t\t{\"@context\":\"https:\\\/\\\/schema.org\",\"@graph\":[{\"@type\":\"BlogPosting\",\"@id\":\"https:\\\/\\\/www.eldigitaldeasturias.com\\\/noticias\\\/la-inflacion-se-eleva-al-16-por-la-aceleracion-del-precio-de-la-energia\\\/#blogposting\",\"name\":\"La inflaci\\u00f3n se eleva al 1,6% por la aceleraci\\u00f3n del precio de la energ\\u00eda - El Digital de Asturias\",\"headline\":\"La inflaci\\u00f3n se eleva al 1,6% por la aceleraci\\u00f3n del precio de la energ\\u00eda\",\"author\":{\"@id\":\"https:\\\/\\\/www.eldigitaldeasturias.com\\\/noticias\\\/author\\\/admin\\\/#author\"},\"publisher\":{\"@id\":\"https:\\\/\\\/www.eldigitaldeasturias.com\\\/noticias\\\/#organization\"},\"image\":{\"@type\":\"ImageObject\",\"url\":952664},\"datePublished\":\"2017-09-13T10:31:47+02:00\",\"dateModified\":\"2017-09-13T10:31:47+02:00\",\"inLanguage\":\"es-ES\",\"mainEntityOfPage\":{\"@id\":\"https:\\\/\\\/www.eldigitaldeasturias.com\\\/noticias\\\/la-inflacion-se-eleva-al-16-por-la-aceleracion-del-precio-de-la-energia\\\/#webpage\"},\"isPartOf\":{\"@id\":\"https:\\\/\\\/www.eldigitaldeasturias.com\\\/noticias\\\/la-inflacion-se-eleva-al-16-por-la-aceleracion-del-precio-de-la-energia\\\/#webpage\"},\"articleSection\":\"Actualidad\"},{\"@type\":\"BreadcrumbList\",\"@id\":\"https:\\\/\\\/www.eldigitaldeasturias.com\\\/noticias\\\/la-inflacion-se-eleva-al-16-por-la-aceleracion-del-precio-de-la-energia\\\/#breadcrumblist\",\"itemListElement\":[{\"@type\":\"ListItem\",\"@id\":\"https:\\\/\\\/www.eldigitaldeasturias.com\\\/noticias#listItem\",\"position\":1,\"name\":\"Home\",\"item\":\"https:\\\/\\\/www.eldigitaldeasturias.com\\\/noticias\",\"nextItem\":{\"@type\":\"ListItem\",\"@id\":\"https:\\\/\\\/www.eldigitaldeasturias.com\\\/noticias\\\/category\\\/actualidad\\\/#listItem\",\"name\":\"Actualidad\"}},{\"@type\":\"ListItem\",\"@id\":\"https:\\\/\\\/www.eldigitaldeasturias.com\\\/noticias\\\/category\\\/actualidad\\\/#listItem\",\"position\":2,\"name\":\"Actualidad\",\"item\":\"https:\\\/\\\/www.eldigitaldeasturias.com\\\/noticias\\\/category\\\/actualidad\\\/\",\"nextItem\":{\"@type\":\"ListItem\",\"@id\":\"https:\\\/\\\/www.eldigitaldeasturias.com\\\/noticias\\\/la-inflacion-se-eleva-al-16-por-la-aceleracion-del-precio-de-la-energia\\\/#listItem\",\"name\":\"La inflaci\\u00f3n se eleva al 1,6% por la aceleraci\\u00f3n del precio de la energ\\u00eda\"},\"previousItem\":{\"@type\":\"ListItem\",\"@id\":\"https:\\\/\\\/www.eldigitaldeasturias.com\\\/noticias#listItem\",\"name\":\"Home\"}},{\"@type\":\"ListItem\",\"@id\":\"https:\\\/\\\/www.eldigitaldeasturias.com\\\/noticias\\\/la-inflacion-se-eleva-al-16-por-la-aceleracion-del-precio-de-la-energia\\\/#listItem\",\"position\":3,\"name\":\"La inflaci\\u00f3n se eleva al 1,6% por la aceleraci\\u00f3n del precio de la energ\\u00eda\",\"previousItem\":{\"@type\":\"ListItem\",\"@id\":\"https:\\\/\\\/www.eldigitaldeasturias.com\\\/noticias\\\/category\\\/actualidad\\\/#listItem\",\"name\":\"Actualidad\"}}]},{\"@type\":\"Organization\",\"@id\":\"https:\\\/\\\/www.eldigitaldeasturias.com\\\/noticias\\\/#organization\",\"name\":\"El Digital de Asturias\",\"description\":\"Hemeroteca\",\"url\":\"https:\\\/\\\/www.eldigitaldeasturias.com\\\/noticias\\\/\",\"email\":\"info@eldigitaldeasturias.com\",\"telephone\":\"+34652131393\",\"logo\":{\"@type\":\"ImageObject\",\"url\":\"https:\\\/\\\/www.eldigitaldeasturias.com\\\/noticias\\\/wp-content\\\/uploads\\\/2020\\\/12\\\/EDA.jpg\",\"@id\":\"https:\\\/\\\/www.eldigitaldeasturias.com\\\/noticias\\\/la-inflacion-se-eleva-al-16-por-la-aceleracion-del-precio-de-la-energia\\\/#organizationLogo\"},\"image\":{\"@id\":\"https:\\\/\\\/www.eldigitaldeasturias.com\\\/noticias\\\/la-inflacion-se-eleva-al-16-por-la-aceleracion-del-precio-de-la-energia\\\/#organizationLogo\"},\"sameAs\":[\"https:\\\/\\\/facebook.com\\\/eldigitaldeasturias\",\"https:\\\/\\\/www.youtube.com\\\/channel\\\/UCZP-2wLEB9Rv6erhFmqVnvg\"],\"address\":{\"@id\":\"https:\\\/\\\/www.eldigitaldeasturias.com\\\/noticias\\\/#postaladdress\",\"@type\":\"PostalAddress\",\"streetAddress\":\"san antonio 4\",\"postalCode\":\"33430\",\"addressLocality\":\"Cand\\u00e1s\",\"addressRegion\":\"Asturias\",\"addressCountry\":\"ES\"}},{\"@type\":\"Person\",\"@id\":\"https:\\\/\\\/www.eldigitaldeasturias.com\\\/noticias\\\/author\\\/admin\\\/#author\",\"url\":\"https:\\\/\\\/www.eldigitaldeasturias.com\\\/noticias\\\/author\\\/admin\\\/\",\"name\":\"El Digital de Asturias\",\"image\":{\"@type\":\"ImageObject\",\"@id\":\"https:\\\/\\\/www.eldigitaldeasturias.com\\\/noticias\\\/la-inflacion-se-eleva-al-16-por-la-aceleracion-del-precio-de-la-energia\\\/#authorImage\",\"url\":\"https:\\\/\\\/secure.gravatar.com\\\/avatar\\\/df2aeffc32bcd13f8d26072ef8a91b623d677766deac7f97ca815868cd41bf5e?s=96&d=mm&r=g\",\"width\":96,\"height\":96,\"caption\":\"El Digital de Asturias\"}},{\"@type\":\"WebPage\",\"@id\":\"https:\\\/\\\/www.eldigitaldeasturias.com\\\/noticias\\\/la-inflacion-se-eleva-al-16-por-la-aceleracion-del-precio-de-la-energia\\\/#webpage\",\"url\":\"https:\\\/\\\/www.eldigitaldeasturias.com\\\/noticias\\\/la-inflacion-se-eleva-al-16-por-la-aceleracion-del-precio-de-la-energia\\\/\",\"name\":\"La inflaci\\u00f3n se eleva al 1,6% por la aceleraci\\u00f3n del precio de la energ\\u00eda - El Digital de Asturias\",\"description\":\"El \\u00cdndice de Precios de Consumo (IPC) aument\\u00f3 en agosto de 2017 un 1,6% interanual, una d\\u00e9cima m\\u00e1s que en julio, seg\\u00fan las cifras publicadas por el Instituto Nacional de Estad\\u00edstica (INE), tasa coincidente con la adelantada por el INE a finales del pasado mes. Esta evoluci\\u00f3n se explica principalmente por la aceleraci\\u00f3n de los\",\"inLanguage\":\"es-ES\",\"isPartOf\":{\"@id\":\"https:\\\/\\\/www.eldigitaldeasturias.com\\\/noticias\\\/#website\"},\"breadcrumb\":{\"@id\":\"https:\\\/\\\/www.eldigitaldeasturias.com\\\/noticias\\\/la-inflacion-se-eleva-al-16-por-la-aceleracion-del-precio-de-la-energia\\\/#breadcrumblist\"},\"author\":{\"@id\":\"https:\\\/\\\/www.eldigitaldeasturias.com\\\/noticias\\\/author\\\/admin\\\/#author\"},\"creator\":{\"@id\":\"https:\\\/\\\/www.eldigitaldeasturias.com\\\/noticias\\\/author\\\/admin\\\/#author\"},\"image\":{\"@type\":\"ImageObject\",\"url\":952664,\"@id\":\"https:\\\/\\\/www.eldigitaldeasturias.com\\\/noticias\\\/la-inflacion-se-eleva-al-16-por-la-aceleracion-del-precio-de-la-energia\\\/#mainImage\"},\"primaryImageOfPage\":{\"@id\":\"https:\\\/\\\/www.eldigitaldeasturias.com\\\/noticias\\\/la-inflacion-se-eleva-al-16-por-la-aceleracion-del-precio-de-la-energia\\\/#mainImage\"},\"datePublished\":\"2017-09-13T10:31:47+02:00\",\"dateModified\":\"2017-09-13T10:31:47+02:00\"},{\"@type\":\"WebSite\",\"@id\":\"https:\\\/\\\/www.eldigitaldeasturias.com\\\/noticias\\\/#website\",\"url\":\"https:\\\/\\\/www.eldigitaldeasturias.com\\\/noticias\\\/\",\"name\":\"El Digital de Asturias - Diario de actualidad y noticias\",\"alternateName\":\"El Digital de Asturias - Diario de actualidad y noticias\",\"description\":\"Hemeroteca\",\"inLanguage\":\"es-ES\",\"publisher\":{\"@id\":\"https:\\\/\\\/www.eldigitaldeasturias.com\\\/noticias\\\/#organization\"}}]}\n\t\t<\/script>\n\t\t<!-- All in One SEO Pro -->\r\n\t\t<title>La inflaci\u00f3n se eleva al 1,6% por la aceleraci\u00f3n del precio de la energ\u00eda - El Digital de Asturias<\/title>\n\n","aioseo_head_json":{"title":"La inflaci\u00f3n se eleva al 1,6% por la aceleraci\u00f3n del precio de la energ\u00eda - El Digital de Asturias","description":"El \u00cdndice de Precios de Consumo (IPC) aument\u00f3 en agosto de 2017 un 1,6% interanual, una d\u00e9cima m\u00e1s que en julio, seg\u00fan las cifras publicadas por el Instituto Nacional de Estad\u00edstica (INE), tasa coincidente con la adelantada por el INE a finales del pasado mes. Esta evoluci\u00f3n se explica principalmente por la aceleraci\u00f3n de los","canonical_url":"https:\/\/www.eldigitaldeasturias.com\/noticias\/la-inflacion-se-eleva-al-16-por-la-aceleracion-del-precio-de-la-energia\/","robots":"max-image-preview:large","keywords":"actualidad","webmasterTools":{"google-site-verification":"UA-38556648-1","msvalidate.01":"7dfe9f3f1b24437ab69f4f2559babe99","miscellaneous":""},"schema":{"@context":"https:\/\/schema.org","@graph":[{"@type":"BlogPosting","@id":"https:\/\/www.eldigitaldeasturias.com\/noticias\/la-inflacion-se-eleva-al-16-por-la-aceleracion-del-precio-de-la-energia\/#blogposting","name":"La inflaci\u00f3n se eleva al 1,6% por la aceleraci\u00f3n del precio de la energ\u00eda - El Digital de Asturias","headline":"La inflaci\u00f3n se eleva al 1,6% por la aceleraci\u00f3n del precio de la energ\u00eda","author":{"@id":"https:\/\/www.eldigitaldeasturias.com\/noticias\/author\/admin\/#author"},"publisher":{"@id":"https:\/\/www.eldigitaldeasturias.com\/noticias\/#organization"},"image":{"@type":"ImageObject","url":952664},"datePublished":"2017-09-13T10:31:47+02:00","dateModified":"2017-09-13T10:31:47+02:00","inLanguage":"es-ES","mainEntityOfPage":{"@id":"https:\/\/www.eldigitaldeasturias.com\/noticias\/la-inflacion-se-eleva-al-16-por-la-aceleracion-del-precio-de-la-energia\/#webpage"},"isPartOf":{"@id":"https:\/\/www.eldigitaldeasturias.com\/noticias\/la-inflacion-se-eleva-al-16-por-la-aceleracion-del-precio-de-la-energia\/#webpage"},"articleSection":"Actualidad"},{"@type":"BreadcrumbList","@id":"https:\/\/www.eldigitaldeasturias.com\/noticias\/la-inflacion-se-eleva-al-16-por-la-aceleracion-del-precio-de-la-energia\/#breadcrumblist","itemListElement":[{"@type":"ListItem","@id":"https:\/\/www.eldigitaldeasturias.com\/noticias#listItem","position":1,"name":"Home","item":"https:\/\/www.eldigitaldeasturias.com\/noticias","nextItem":{"@type":"ListItem","@id":"https:\/\/www.eldigitaldeasturias.com\/noticias\/category\/actualidad\/#listItem","name":"Actualidad"}},{"@type":"ListItem","@id":"https:\/\/www.eldigitaldeasturias.com\/noticias\/category\/actualidad\/#listItem","position":2,"name":"Actualidad","item":"https:\/\/www.eldigitaldeasturias.com\/noticias\/category\/actualidad\/","nextItem":{"@type":"ListItem","@id":"https:\/\/www.eldigitaldeasturias.com\/noticias\/la-inflacion-se-eleva-al-16-por-la-aceleracion-del-precio-de-la-energia\/#listItem","name":"La inflaci\u00f3n se eleva al 1,6% por la aceleraci\u00f3n del precio de la energ\u00eda"},"previousItem":{"@type":"ListItem","@id":"https:\/\/www.eldigitaldeasturias.com\/noticias#listItem","name":"Home"}},{"@type":"ListItem","@id":"https:\/\/www.eldigitaldeasturias.com\/noticias\/la-inflacion-se-eleva-al-16-por-la-aceleracion-del-precio-de-la-energia\/#listItem","position":3,"name":"La inflaci\u00f3n se eleva al 1,6% por la aceleraci\u00f3n del precio de la energ\u00eda","previousItem":{"@type":"ListItem","@id":"https:\/\/www.eldigitaldeasturias.com\/noticias\/category\/actualidad\/#listItem","name":"Actualidad"}}]},{"@type":"Organization","@id":"https:\/\/www.eldigitaldeasturias.com\/noticias\/#organization","name":"El Digital de Asturias","description":"Hemeroteca","url":"https:\/\/www.eldigitaldeasturias.com\/noticias\/","email":"info@eldigitaldeasturias.com","telephone":"+34652131393","logo":{"@type":"ImageObject","url":"https:\/\/www.eldigitaldeasturias.com\/noticias\/wp-content\/uploads\/2020\/12\/EDA.jpg","@id":"https:\/\/www.eldigitaldeasturias.com\/noticias\/la-inflacion-se-eleva-al-16-por-la-aceleracion-del-precio-de-la-energia\/#organizationLogo"},"image":{"@id":"https:\/\/www.eldigitaldeasturias.com\/noticias\/la-inflacion-se-eleva-al-16-por-la-aceleracion-del-precio-de-la-energia\/#organizationLogo"},"sameAs":["https:\/\/facebook.com\/eldigitaldeasturias","https:\/\/www.youtube.com\/channel\/UCZP-2wLEB9Rv6erhFmqVnvg"],"address":{"@id":"https:\/\/www.eldigitaldeasturias.com\/noticias\/#postaladdress","@type":"PostalAddress","streetAddress":"san antonio 4","postalCode":"33430","addressLocality":"Cand\u00e1s","addressRegion":"Asturias","addressCountry":"ES"}},{"@type":"Person","@id":"https:\/\/www.eldigitaldeasturias.com\/noticias\/author\/admin\/#author","url":"https:\/\/www.eldigitaldeasturias.com\/noticias\/author\/admin\/","name":"El Digital de Asturias","image":{"@type":"ImageObject","@id":"https:\/\/www.eldigitaldeasturias.com\/noticias\/la-inflacion-se-eleva-al-16-por-la-aceleracion-del-precio-de-la-energia\/#authorImage","url":"https:\/\/secure.gravatar.com\/avatar\/df2aeffc32bcd13f8d26072ef8a91b623d677766deac7f97ca815868cd41bf5e?s=96&d=mm&r=g","width":96,"height":96,"caption":"El Digital de Asturias"}},{"@type":"WebPage","@id":"https:\/\/www.eldigitaldeasturias.com\/noticias\/la-inflacion-se-eleva-al-16-por-la-aceleracion-del-precio-de-la-energia\/#webpage","url":"https:\/\/www.eldigitaldeasturias.com\/noticias\/la-inflacion-se-eleva-al-16-por-la-aceleracion-del-precio-de-la-energia\/","name":"La inflaci\u00f3n se eleva al 1,6% por la aceleraci\u00f3n del precio de la energ\u00eda - El Digital de Asturias","description":"El \u00cdndice de Precios de Consumo (IPC) aument\u00f3 en agosto de 2017 un 1,6% interanual, una d\u00e9cima m\u00e1s que en julio, seg\u00fan las cifras publicadas por el Instituto Nacional de Estad\u00edstica (INE), tasa coincidente con la adelantada por el INE a finales del pasado mes. Esta evoluci\u00f3n se explica principalmente por la aceleraci\u00f3n de los","inLanguage":"es-ES","isPartOf":{"@id":"https:\/\/www.eldigitaldeasturias.com\/noticias\/#website"},"breadcrumb":{"@id":"https:\/\/www.eldigitaldeasturias.com\/noticias\/la-inflacion-se-eleva-al-16-por-la-aceleracion-del-precio-de-la-energia\/#breadcrumblist"},"author":{"@id":"https:\/\/www.eldigitaldeasturias.com\/noticias\/author\/admin\/#author"},"creator":{"@id":"https:\/\/www.eldigitaldeasturias.com\/noticias\/author\/admin\/#author"},"image":{"@type":"ImageObject","url":952664,"@id":"https:\/\/www.eldigitaldeasturias.com\/noticias\/la-inflacion-se-eleva-al-16-por-la-aceleracion-del-precio-de-la-energia\/#mainImage"},"primaryImageOfPage":{"@id":"https:\/\/www.eldigitaldeasturias.com\/noticias\/la-inflacion-se-eleva-al-16-por-la-aceleracion-del-precio-de-la-energia\/#mainImage"},"datePublished":"2017-09-13T10:31:47+02:00","dateModified":"2017-09-13T10:31:47+02:00"},{"@type":"WebSite","@id":"https:\/\/www.eldigitaldeasturias.com\/noticias\/#website","url":"https:\/\/www.eldigitaldeasturias.com\/noticias\/","name":"El Digital de Asturias - Diario de actualidad y noticias","alternateName":"El Digital de Asturias - Diario de actualidad y noticias","description":"Hemeroteca","inLanguage":"es-ES","publisher":{"@id":"https:\/\/www.eldigitaldeasturias.com\/noticias\/#organization"}}]},"og:locale":"es_ES","og:site_name":"El Digital de Asturias","og:type":"article","og:title":"La inflaci\u00f3n se eleva al 1,6% por la aceleraci\u00f3n del precio de la energ\u00eda - El Digital de Asturias","og:description":"El \u00cdndice de Precios de Consumo (IPC) aument\u00f3 en agosto de 2017 un 1,6% interanual, una d\u00e9cima m\u00e1s que en julio, seg\u00fan las cifras publicadas por el Instituto Nacional de Estad\u00edstica (INE), tasa coincidente con la adelantada por el INE a finales del pasado mes. Esta evoluci\u00f3n se explica principalmente por la aceleraci\u00f3n de los","og:url":"https:\/\/www.eldigitaldeasturias.com\/noticias\/la-inflacion-se-eleva-al-16-por-la-aceleracion-del-precio-de-la-energia\/","article:tag":["actualidad"],"article:published_time":"2017-09-13T10:31:47+00:00","article:modified_time":"2017-09-13T10:31:47+00:00","article:publisher":"https:\/\/facebook.com\/eldigitaldeasturias","twitter:card":"summary_large_image","twitter:title":"La inflaci\u00f3n se eleva al 1,6% por la aceleraci\u00f3n del precio de la energ\u00eda - El Digital de Asturias","twitter:description":"El \u00cdndice de Precios de Consumo (IPC) aument\u00f3 en agosto de 2017 un 1,6% interanual, una d\u00e9cima m\u00e1s que en julio, seg\u00fan las cifras publicadas por el Instituto Nacional de Estad\u00edstica (INE), tasa coincidente con la adelantada por el INE a finales del pasado mes. Esta evoluci\u00f3n se explica principalmente por la aceleraci\u00f3n de los","twitter:image":"https:\/\/www.eldigitaldeasturias.com\/noticias\/wp-content\/uploads\/2020\/12\/EDA-1.jpg","twitter:label1":"Escrito por","twitter:data1":"El Digital de Asturias","twitter:label2":"Tiempo de lectura estimado","twitter:data2":"4 minutos"},"aioseo_meta_data":{"post_id":"952663","title":null,"description":null,"keywords":null,"keyphrases":null,"primary_term":null,"canonical_url":null,"og_title":null,"og_description":null,"og_object_type":"default","og_image_type":"default","og_image_url":null,"og_image_width":null,"og_image_height":null,"og_image_custom_url":null,"og_image_custom_fields":null,"og_video":null,"og_custom_url":null,"og_article_section":null,"og_article_tags":null,"twitter_use_og":false,"twitter_card":"default","twitter_image_type":"default","twitter_image_url":null,"twitter_image_custom_url":null,"twitter_image_custom_fields":null,"twitter_title":null,"twitter_description":null,"schema":{"blockGraphs":[],"customGraphs":[],"default":{"data":{"Article":[],"Course":[],"Dataset":[],"FAQPage":[],"Movie":[],"Person":[],"Product":[],"ProductReview":[],"Car":[],"Recipe":[],"Service":[],"SoftwareApplication":[],"WebPage":[]},"graphName":"","isEnabled":true},"graphs":[],"defaultGraph":"","defaultPostTypeGraph":""},"schema_type":null,"schema_type_options":null,"pillar_content":false,"robots_default":true,"robots_noindex":false,"robots_noarchive":false,"robots_nosnippet":false,"robots_nofollow":false,"robots_noimageindex":false,"robots_noodp":false,"robots_notranslate":false,"robots_max_snippet":null,"robots_max_videopreview":null,"robots_max_imagepreview":"large","priority":null,"frequency":null,"local_seo":null,"seo_analyzer_scan_date":"2025-12-05 23:42:13","breadcrumb_settings":null,"limit_modified_date":false,"open_ai":null,"ai":null,"created":"2020-12-21 12:57:40","updated":"2025-12-05 23:42:13","focus_keyword":null,"additional_keywords":null,"truseo_locale":null},"aioseo_breadcrumb":"<div class=\"aioseo-breadcrumbs\"><span class=\"aioseo-breadcrumb\">\n\t<a href=\"https:\/\/www.eldigitaldeasturias.com\/noticias\" title=\"Home\">Home<\/a>\n<\/span><span class=\"aioseo-breadcrumb-separator\">\u2013<\/span><span class=\"aioseo-breadcrumb\">\n\t<a href=\"https:\/\/www.eldigitaldeasturias.com\/noticias\/category\/actualidad\/\" title=\"Actualidad\">Actualidad<\/a>\n<\/span><span class=\"aioseo-breadcrumb-separator\">\u2013<\/span><span class=\"aioseo-breadcrumb\">\n\t<a href=\"https:\/\/www.eldigitaldeasturias.com\/noticias\/la-inflacion-se-eleva-al-16-por-la-aceleracion-del-precio-de-la-energia\/\" title=\"La inflaci\u00f3n se eleva al 1,6% por la aceleraci\u00f3n del precio de la energ\u00eda\">La inflaci\u00f3n se eleva al 1,6% por la aceleraci\u00f3n del precio de la energ\u00eda<\/a>\n<\/span><\/div>","aioseo_breadcrumb_json":[{"label":"Home","link":"https:\/\/www.eldigitaldeasturias.com\/noticias"},{"label":"Actualidad","link":"https:\/\/www.eldigitaldeasturias.com\/noticias\/category\/actualidad\/"},{"label":"La inflaci\u00f3n se eleva al 1,6% por la aceleraci\u00f3n del precio de la energ\u00eda","link":"https:\/\/www.eldigitaldeasturias.com\/noticias\/la-inflacion-se-eleva-al-16-por-la-aceleracion-del-precio-de-la-energia\/"}],"_links":{"self":[{"href":"https:\/\/www.eldigitaldeasturias.com\/noticias\/wp-json\/wp\/v2\/posts\/952663","targetHints":{"allow":["GET"]}}],"collection":[{"href":"https:\/\/www.eldigitaldeasturias.com\/noticias\/wp-json\/wp\/v2\/posts"}],"about":[{"href":"https:\/\/www.eldigitaldeasturias.com\/noticias\/wp-json\/wp\/v2\/types\/post"}],"author":[{"embeddable":true,"href":"https:\/\/www.eldigitaldeasturias.com\/noticias\/wp-json\/wp\/v2\/users\/1"}],"replies":[{"embeddable":true,"href":"https:\/\/www.eldigitaldeasturias.com\/noticias\/wp-json\/wp\/v2\/comments?post=952663"}],"version-history":[{"count":0,"href":"https:\/\/www.eldigitaldeasturias.com\/noticias\/wp-json\/wp\/v2\/posts\/952663\/revisions"}],"wp:attachment":[{"href":"https:\/\/www.eldigitaldeasturias.com\/noticias\/wp-json\/wp\/v2\/media?parent=952663"}],"wp:term":[{"taxonomy":"category","embeddable":true,"href":"https:\/\/www.eldigitaldeasturias.com\/noticias\/wp-json\/wp\/v2\/categories?post=952663"},{"taxonomy":"post_tag","embeddable":true,"href":"https:\/\/www.eldigitaldeasturias.com\/noticias\/wp-json\/wp\/v2\/tags?post=952663"}],"curies":[{"name":"wp","href":"https:\/\/api.w.org\/{rel}","templated":true}]}}