{"id":952643,"date":"2017-09-12T21:49:56","date_gmt":"2017-09-12T21:49:56","guid":{"rendered":"http:\/\/www.eldigitaldeasturias.com\/noticias\/?p=952643"},"modified":"2017-09-12T21:49:56","modified_gmt":"2017-09-12T21:49:56","slug":"cs-defiende-en-el-congreso-el-fin-de-los-aforamientos-en-murcia","status":"publish","type":"post","link":"https:\/\/www.eldigitaldeasturias.com\/noticias\/cs-defiende-en-el-congreso-el-fin-de-los-aforamientos-en-murcia\/","title":{"rendered":"Cs defiende en el Congreso el fin de los aforamientos en Murcia"},"content":{"rendered":"<p><img loading=\"lazy\" decoding=\"async\" class=\"alignleft size-medium wp-image-952644\" src=\"https:\/\/www.eldigitaldeasturias.com\/noticias\/wp-content\/uploads\/2017\/09\/GIRAUTA-CS-360x240.jpg\" alt=\"\" width=\"360\" height=\"240\" \/>El pleno del Congreso de los Diputados ha aprobado, pese a la abstenci\u00f3n del Partido Popular, la propuesta de reforma de la Ley Org\u00e1nica 4\/1982 de 9 de junio de Estatuto de Autonom\u00eda de la Regi\u00f3n de Murcia para la supresi\u00f3n de los aforamientos.<\/p>\n<p>Juan Carlos Girauta, portavoz del Grupo Parlamentario Ciudadanos (GPCs) ha mostrado su satisfacci\u00f3n \u201cporque uno de los anhelos de regeneraci\u00f3n democr\u00e1tica de Ciudadanos se va a materializar en Murcia, y esto forma parte de una corriente que alcanzar\u00e1 a los miembros de las Cortes Generales\u201d. En este sentido ha pedido a PP, PSOE y Podemos que se sumen a este corriente regeneradora \u201cpara que los pol\u00edticos seamos juzgados por los mismos jueces que el resto de ciudadanos espa\u00f1oles\u201d.<\/p>\n<p>Girauta ha incidido en que \u201cla supresi\u00f3n de los aforamientos es una medida clave de en materia de regeneraci\u00f3n democr\u00e1tica ya que el abuso de los mismos ha corrompido el sentido original de prerrogativa en defensa del buen funcionamiento de las instituciones para convertirse en un foco de privilegios\u201d. A este respecto, el portavoz de Cs, ha resaltado que \u201clos aforamientos quiebran el principio de igualdad\u201d.<\/p>\n<p>En opini\u00f3n de Girauta, el n\u00famero de aforados es un disparate \u201cy creemos que su supresi\u00f3n es oportuna. La supresi\u00f3n de los aforamientos se recoge tanto en el acuerdo firmado con el PSOE como en el que firmamos con el PP. Pedimos coherencia a quienes firmaron este acuerdo y creemos que las dem\u00e1s fuerzas pol\u00edticas tambi\u00e9n lo van a apoyar\u201d.<\/p>\n<p>Por su parte, Miguel S\u00e1nchez, portavoz de Cs en la Asamblea Regional de Murcia, se ha felicitado porque \u201ces una muy buena noticia que hayamos dado otro paso para acabar con el privilegio anacr\u00f3nico del aforamiento en la Regi\u00f3n de Murcia\u201d y ha argumentado \u201cque no es de recibo que los jueces que van a juzgar supuestos casos de corrupci\u00f3n pol\u00edtica hayan sido nombrados muy probablemente con el voto de quienes van a ser juzgados, o a instancias de su partido\u201d. El portavoz murciano de Cs tambi\u00e9n ha recordado que en pa\u00edses como Estados Unidos, Reino Unido y Alemania no existe ni una sola persona aforada, \u201cy ha llegado el momento de ponernos al nivel de estos pa\u00edses\u201d.<\/p>\n<p>S\u00e1nchez ha recordado que Murcia ha sido una regi\u00f3n muy castigada por la lacra de la corrupci\u00f3n \u201cy, por este motivo, queremos ser punta de lanza en materia de regeneraci\u00f3n democr\u00e1tica. Adem\u00e1s esta iniciativa viene avalada por la voluntad un\u00e1nime de la Asamblea Regional de Murcia\u201d.<\/p>\n<p>El portavoz de la formaci\u00f3n naranja en la Regi\u00f3n de Murcia ha recordado que los populares \u201cuna vez m\u00e1s han demostrado su falta de palabra y de principios al negarse a votar a favor de la supresi\u00f3n de los aforamientos, pese a que esta propuesta fue aprobada por unanimidad en la Asamblea Regional. El PP se comprometi\u00f3 a apoyar la eliminaci\u00f3n de los aforamientos a cambio de que Ciudadanos facilitara la investidura de L\u00f3pez Miras. Ahora tendr\u00e1n que explicarle a los murcianos porqu\u00e9 ha modificado su voto para defender que los pol\u00edticos murcianos tengan unos privilegios judiciales de los que ellos carecen\u201d.<\/p>\n","protected":false},"excerpt":{"rendered":"<p>El pleno del Congreso de los Diputados ha aprobado, pese a la abstenci\u00f3n del Partido Popular, la propuesta de reforma de la Ley Org\u00e1nica 4\/1982 de 9 de junio de Estatuto de Autonom\u00eda de la Regi\u00f3n de Murcia para la supresi\u00f3n de los aforamientos. Juan Carlos Girauta, portavoz del Grupo Parlamentario Ciudadanos (GPCs) ha mostrado [&hellip;]<\/p>\n","protected":false},"author":1,"featured_media":952644,"comment_status":"closed","ping_status":"closed","sticky":false,"template":"","format":"standard","meta":{"footnotes":""},"categories":[1],"tags":[],"class_list":["post-952643","post","type-post","status-publish","format-standard","has-post-thumbnail","hentry","category-actualidad"],"aioseo_notices":[],"aioseo_head":"\n\t\t<!-- All in One SEO Pro 5.0.1 - aioseo.com -->\n\t<meta name=\"description\" content=\"El pleno del Congreso de los Diputados ha aprobado, pese a la abstenci\u00f3n del Partido Popular, la propuesta de reforma de la Ley Org\u00e1nica 4\/1982 de 9 de junio de Estatuto de Autonom\u00eda de la Regi\u00f3n de Murcia para la supresi\u00f3n de los aforamientos. Juan Carlos Girauta, portavoz del Grupo Parlamentario Ciudadanos (GPCs) ha mostrado\" \/>\n\t<meta name=\"robots\" content=\"max-image-preview:large\" \/>\n\t<meta name=\"author\" content=\"El Digital de Asturias\"\/>\n\t<meta name=\"google-site-verification\" content=\"UA-38556648-1\" \/>\n\t<meta name=\"msvalidate.01\" content=\"7dfe9f3f1b24437ab69f4f2559babe99\" \/>\n\t<meta name=\"keywords\" content=\"actualidad\" \/>\n\t<link rel=\"canonical\" href=\"https:\/\/www.eldigitaldeasturias.com\/noticias\/cs-defiende-en-el-congreso-el-fin-de-los-aforamientos-en-murcia\/\" \/>\n\t<meta name=\"generator\" content=\"All in One SEO Pro (AIOSEO) 5.0.1\" \/>\n\t\t<meta property=\"og:locale\" content=\"es_ES\" \/>\n\t\t<meta property=\"og:site_name\" content=\"El Digital de Asturias\" \/>\n\t\t<meta property=\"og:type\" content=\"article\" \/>\n\t\t<meta property=\"og:title\" content=\"Cs defiende en el Congreso el fin de los aforamientos en Murcia - El Digital de Asturias\" \/>\n\t\t<meta property=\"og:description\" content=\"El pleno del Congreso de los Diputados ha aprobado, pese a la abstenci\u00f3n del Partido Popular, la propuesta de reforma de la Ley Org\u00e1nica 4\/1982 de 9 de junio de Estatuto de Autonom\u00eda de la Regi\u00f3n de Murcia para la supresi\u00f3n de los aforamientos. Juan Carlos Girauta, portavoz del Grupo Parlamentario Ciudadanos (GPCs) ha mostrado\" \/>\n\t\t<meta property=\"og:url\" content=\"https:\/\/www.eldigitaldeasturias.com\/noticias\/cs-defiende-en-el-congreso-el-fin-de-los-aforamientos-en-murcia\/\" \/>\n\t\t<meta property=\"article:tag\" content=\"actualidad\" \/>\n\t\t<meta property=\"article:published_time\" content=\"2017-09-12T21:49:56+00:00\" \/>\n\t\t<meta property=\"article:modified_time\" content=\"2017-09-12T21:49:56+00:00\" \/>\n\t\t<meta property=\"article:publisher\" content=\"https:\/\/facebook.com\/eldigitaldeasturias\" \/>\n\t\t<meta name=\"twitter:card\" content=\"summary_large_image\" \/>\n\t\t<meta name=\"twitter:title\" content=\"Cs defiende en el Congreso el fin de los aforamientos en Murcia - El Digital de Asturias\" \/>\n\t\t<meta name=\"twitter:description\" content=\"El pleno del Congreso de los Diputados ha aprobado, pese a la abstenci\u00f3n del Partido Popular, la propuesta de reforma de la Ley Org\u00e1nica 4\/1982 de 9 de junio de Estatuto de Autonom\u00eda de la Regi\u00f3n de Murcia para la supresi\u00f3n de los aforamientos. Juan Carlos Girauta, portavoz del Grupo Parlamentario Ciudadanos (GPCs) ha mostrado\" \/>\n\t\t<meta name=\"twitter:image\" content=\"https:\/\/www.eldigitaldeasturias.com\/noticias\/wp-content\/uploads\/2020\/12\/EDA-1.jpg\" \/>\n\t\t<meta name=\"twitter:label1\" content=\"Escrito por\" \/>\n\t\t<meta name=\"twitter:data1\" content=\"El Digital de Asturias\" \/>\n\t\t<meta name=\"twitter:label2\" content=\"Tiempo de lectura estimado\" \/>\n\t\t<meta name=\"twitter:data2\" content=\"3 minutos\" \/>\n\t\t<script type=\"application\/ld+json\" class=\"aioseo-schema\">\n\t\t\t{\"@context\":\"https:\\\/\\\/schema.org\",\"@graph\":[{\"@type\":\"BlogPosting\",\"@id\":\"https:\\\/\\\/www.eldigitaldeasturias.com\\\/noticias\\\/cs-defiende-en-el-congreso-el-fin-de-los-aforamientos-en-murcia\\\/#blogposting\",\"name\":\"Cs defiende en el Congreso el fin de los aforamientos en Murcia - El Digital de Asturias\",\"headline\":\"Cs defiende en el Congreso el fin de los aforamientos en Murcia\",\"author\":{\"@id\":\"https:\\\/\\\/www.eldigitaldeasturias.com\\\/noticias\\\/author\\\/admin\\\/#author\"},\"publisher\":{\"@id\":\"https:\\\/\\\/www.eldigitaldeasturias.com\\\/noticias\\\/#organization\"},\"image\":{\"@type\":\"ImageObject\",\"url\":952644},\"datePublished\":\"2017-09-12T21:49:56+02:00\",\"dateModified\":\"2017-09-12T21:49:56+02:00\",\"inLanguage\":\"es-ES\",\"mainEntityOfPage\":{\"@id\":\"https:\\\/\\\/www.eldigitaldeasturias.com\\\/noticias\\\/cs-defiende-en-el-congreso-el-fin-de-los-aforamientos-en-murcia\\\/#webpage\"},\"isPartOf\":{\"@id\":\"https:\\\/\\\/www.eldigitaldeasturias.com\\\/noticias\\\/cs-defiende-en-el-congreso-el-fin-de-los-aforamientos-en-murcia\\\/#webpage\"},\"articleSection\":\"Actualidad\"},{\"@type\":\"BreadcrumbList\",\"@id\":\"https:\\\/\\\/www.eldigitaldeasturias.com\\\/noticias\\\/cs-defiende-en-el-congreso-el-fin-de-los-aforamientos-en-murcia\\\/#breadcrumblist\",\"itemListElement\":[{\"@type\":\"ListItem\",\"@id\":\"https:\\\/\\\/www.eldigitaldeasturias.com\\\/noticias#listItem\",\"position\":1,\"name\":\"Home\",\"item\":\"https:\\\/\\\/www.eldigitaldeasturias.com\\\/noticias\",\"nextItem\":{\"@type\":\"ListItem\",\"@id\":\"https:\\\/\\\/www.eldigitaldeasturias.com\\\/noticias\\\/category\\\/actualidad\\\/#listItem\",\"name\":\"Actualidad\"}},{\"@type\":\"ListItem\",\"@id\":\"https:\\\/\\\/www.eldigitaldeasturias.com\\\/noticias\\\/category\\\/actualidad\\\/#listItem\",\"position\":2,\"name\":\"Actualidad\",\"item\":\"https:\\\/\\\/www.eldigitaldeasturias.com\\\/noticias\\\/category\\\/actualidad\\\/\",\"nextItem\":{\"@type\":\"ListItem\",\"@id\":\"https:\\\/\\\/www.eldigitaldeasturias.com\\\/noticias\\\/cs-defiende-en-el-congreso-el-fin-de-los-aforamientos-en-murcia\\\/#listItem\",\"name\":\"Cs defiende en el Congreso el fin de los aforamientos en Murcia\"},\"previousItem\":{\"@type\":\"ListItem\",\"@id\":\"https:\\\/\\\/www.eldigitaldeasturias.com\\\/noticias#listItem\",\"name\":\"Home\"}},{\"@type\":\"ListItem\",\"@id\":\"https:\\\/\\\/www.eldigitaldeasturias.com\\\/noticias\\\/cs-defiende-en-el-congreso-el-fin-de-los-aforamientos-en-murcia\\\/#listItem\",\"position\":3,\"name\":\"Cs defiende en el Congreso el fin de los aforamientos en Murcia\",\"previousItem\":{\"@type\":\"ListItem\",\"@id\":\"https:\\\/\\\/www.eldigitaldeasturias.com\\\/noticias\\\/category\\\/actualidad\\\/#listItem\",\"name\":\"Actualidad\"}}]},{\"@type\":\"Organization\",\"@id\":\"https:\\\/\\\/www.eldigitaldeasturias.com\\\/noticias\\\/#organization\",\"name\":\"El Digital de Asturias\",\"description\":\"Hemeroteca\",\"url\":\"https:\\\/\\\/www.eldigitaldeasturias.com\\\/noticias\\\/\",\"email\":\"info@eldigitaldeasturias.com\",\"telephone\":\"+34652131393\",\"logo\":{\"@type\":\"ImageObject\",\"url\":\"https:\\\/\\\/www.eldigitaldeasturias.com\\\/noticias\\\/wp-content\\\/uploads\\\/2020\\\/12\\\/EDA.jpg\",\"@id\":\"https:\\\/\\\/www.eldigitaldeasturias.com\\\/noticias\\\/cs-defiende-en-el-congreso-el-fin-de-los-aforamientos-en-murcia\\\/#organizationLogo\"},\"image\":{\"@id\":\"https:\\\/\\\/www.eldigitaldeasturias.com\\\/noticias\\\/cs-defiende-en-el-congreso-el-fin-de-los-aforamientos-en-murcia\\\/#organizationLogo\"},\"sameAs\":[\"https:\\\/\\\/facebook.com\\\/eldigitaldeasturias\",\"https:\\\/\\\/www.youtube.com\\\/channel\\\/UCZP-2wLEB9Rv6erhFmqVnvg\"],\"address\":{\"@id\":\"https:\\\/\\\/www.eldigitaldeasturias.com\\\/noticias\\\/#postaladdress\",\"@type\":\"PostalAddress\",\"streetAddress\":\"san antonio 4\",\"postalCode\":\"33430\",\"addressLocality\":\"Cand\\u00e1s\",\"addressRegion\":\"Asturias\",\"addressCountry\":\"ES\"}},{\"@type\":\"Person\",\"@id\":\"https:\\\/\\\/www.eldigitaldeasturias.com\\\/noticias\\\/author\\\/admin\\\/#author\",\"url\":\"https:\\\/\\\/www.eldigitaldeasturias.com\\\/noticias\\\/author\\\/admin\\\/\",\"name\":\"El Digital de Asturias\",\"image\":{\"@type\":\"ImageObject\",\"@id\":\"https:\\\/\\\/www.eldigitaldeasturias.com\\\/noticias\\\/cs-defiende-en-el-congreso-el-fin-de-los-aforamientos-en-murcia\\\/#authorImage\",\"url\":\"https:\\\/\\\/secure.gravatar.com\\\/avatar\\\/df2aeffc32bcd13f8d26072ef8a91b623d677766deac7f97ca815868cd41bf5e?s=96&d=mm&r=g\",\"width\":96,\"height\":96,\"caption\":\"El Digital de Asturias\"}},{\"@type\":\"WebPage\",\"@id\":\"https:\\\/\\\/www.eldigitaldeasturias.com\\\/noticias\\\/cs-defiende-en-el-congreso-el-fin-de-los-aforamientos-en-murcia\\\/#webpage\",\"url\":\"https:\\\/\\\/www.eldigitaldeasturias.com\\\/noticias\\\/cs-defiende-en-el-congreso-el-fin-de-los-aforamientos-en-murcia\\\/\",\"name\":\"Cs defiende en el Congreso el fin de los aforamientos en Murcia - El Digital de Asturias\",\"description\":\"El pleno del Congreso de los Diputados ha aprobado, pese a la abstenci\\u00f3n del Partido Popular, la propuesta de reforma de la Ley Org\\u00e1nica 4\\\/1982 de 9 de junio de Estatuto de Autonom\\u00eda de la Regi\\u00f3n de Murcia para la supresi\\u00f3n de los aforamientos. Juan Carlos Girauta, portavoz del Grupo Parlamentario Ciudadanos (GPCs) ha mostrado\",\"inLanguage\":\"es-ES\",\"isPartOf\":{\"@id\":\"https:\\\/\\\/www.eldigitaldeasturias.com\\\/noticias\\\/#website\"},\"breadcrumb\":{\"@id\":\"https:\\\/\\\/www.eldigitaldeasturias.com\\\/noticias\\\/cs-defiende-en-el-congreso-el-fin-de-los-aforamientos-en-murcia\\\/#breadcrumblist\"},\"author\":{\"@id\":\"https:\\\/\\\/www.eldigitaldeasturias.com\\\/noticias\\\/author\\\/admin\\\/#author\"},\"creator\":{\"@id\":\"https:\\\/\\\/www.eldigitaldeasturias.com\\\/noticias\\\/author\\\/admin\\\/#author\"},\"image\":{\"@type\":\"ImageObject\",\"url\":952644,\"@id\":\"https:\\\/\\\/www.eldigitaldeasturias.com\\\/noticias\\\/cs-defiende-en-el-congreso-el-fin-de-los-aforamientos-en-murcia\\\/#mainImage\"},\"primaryImageOfPage\":{\"@id\":\"https:\\\/\\\/www.eldigitaldeasturias.com\\\/noticias\\\/cs-defiende-en-el-congreso-el-fin-de-los-aforamientos-en-murcia\\\/#mainImage\"},\"datePublished\":\"2017-09-12T21:49:56+02:00\",\"dateModified\":\"2017-09-12T21:49:56+02:00\"},{\"@type\":\"WebSite\",\"@id\":\"https:\\\/\\\/www.eldigitaldeasturias.com\\\/noticias\\\/#website\",\"url\":\"https:\\\/\\\/www.eldigitaldeasturias.com\\\/noticias\\\/\",\"name\":\"El Digital de Asturias - Diario de actualidad y noticias\",\"alternateName\":\"El Digital de Asturias - Diario de actualidad y noticias\",\"description\":\"Hemeroteca\",\"inLanguage\":\"es-ES\",\"publisher\":{\"@id\":\"https:\\\/\\\/www.eldigitaldeasturias.com\\\/noticias\\\/#organization\"}}]}\n\t\t<\/script>\n\t\t<!-- All in One SEO Pro -->\r\n\t\t<title>Cs defiende en el Congreso el fin de los aforamientos en Murcia - El Digital de Asturias<\/title>\n\n","aioseo_head_json":{"title":"Cs defiende en el Congreso el fin de los aforamientos en Murcia - El Digital de Asturias","description":"El pleno del Congreso de los Diputados ha aprobado, pese a la abstenci\u00f3n del Partido Popular, la propuesta de reforma de la Ley Org\u00e1nica 4\/1982 de 9 de junio de Estatuto de Autonom\u00eda de la Regi\u00f3n de Murcia para la supresi\u00f3n de los aforamientos. Juan Carlos Girauta, portavoz del Grupo Parlamentario Ciudadanos (GPCs) ha mostrado","canonical_url":"https:\/\/www.eldigitaldeasturias.com\/noticias\/cs-defiende-en-el-congreso-el-fin-de-los-aforamientos-en-murcia\/","robots":"max-image-preview:large","keywords":"actualidad","webmasterTools":{"google-site-verification":"UA-38556648-1","msvalidate.01":"7dfe9f3f1b24437ab69f4f2559babe99","miscellaneous":""},"schema":{"@context":"https:\/\/schema.org","@graph":[{"@type":"BlogPosting","@id":"https:\/\/www.eldigitaldeasturias.com\/noticias\/cs-defiende-en-el-congreso-el-fin-de-los-aforamientos-en-murcia\/#blogposting","name":"Cs defiende en el Congreso el fin de los aforamientos en Murcia - El Digital de Asturias","headline":"Cs defiende en el Congreso el fin de los aforamientos en Murcia","author":{"@id":"https:\/\/www.eldigitaldeasturias.com\/noticias\/author\/admin\/#author"},"publisher":{"@id":"https:\/\/www.eldigitaldeasturias.com\/noticias\/#organization"},"image":{"@type":"ImageObject","url":952644},"datePublished":"2017-09-12T21:49:56+02:00","dateModified":"2017-09-12T21:49:56+02:00","inLanguage":"es-ES","mainEntityOfPage":{"@id":"https:\/\/www.eldigitaldeasturias.com\/noticias\/cs-defiende-en-el-congreso-el-fin-de-los-aforamientos-en-murcia\/#webpage"},"isPartOf":{"@id":"https:\/\/www.eldigitaldeasturias.com\/noticias\/cs-defiende-en-el-congreso-el-fin-de-los-aforamientos-en-murcia\/#webpage"},"articleSection":"Actualidad"},{"@type":"BreadcrumbList","@id":"https:\/\/www.eldigitaldeasturias.com\/noticias\/cs-defiende-en-el-congreso-el-fin-de-los-aforamientos-en-murcia\/#breadcrumblist","itemListElement":[{"@type":"ListItem","@id":"https:\/\/www.eldigitaldeasturias.com\/noticias#listItem","position":1,"name":"Home","item":"https:\/\/www.eldigitaldeasturias.com\/noticias","nextItem":{"@type":"ListItem","@id":"https:\/\/www.eldigitaldeasturias.com\/noticias\/category\/actualidad\/#listItem","name":"Actualidad"}},{"@type":"ListItem","@id":"https:\/\/www.eldigitaldeasturias.com\/noticias\/category\/actualidad\/#listItem","position":2,"name":"Actualidad","item":"https:\/\/www.eldigitaldeasturias.com\/noticias\/category\/actualidad\/","nextItem":{"@type":"ListItem","@id":"https:\/\/www.eldigitaldeasturias.com\/noticias\/cs-defiende-en-el-congreso-el-fin-de-los-aforamientos-en-murcia\/#listItem","name":"Cs defiende en el Congreso el fin de los aforamientos en Murcia"},"previousItem":{"@type":"ListItem","@id":"https:\/\/www.eldigitaldeasturias.com\/noticias#listItem","name":"Home"}},{"@type":"ListItem","@id":"https:\/\/www.eldigitaldeasturias.com\/noticias\/cs-defiende-en-el-congreso-el-fin-de-los-aforamientos-en-murcia\/#listItem","position":3,"name":"Cs defiende en el Congreso el fin de los aforamientos en Murcia","previousItem":{"@type":"ListItem","@id":"https:\/\/www.eldigitaldeasturias.com\/noticias\/category\/actualidad\/#listItem","name":"Actualidad"}}]},{"@type":"Organization","@id":"https:\/\/www.eldigitaldeasturias.com\/noticias\/#organization","name":"El Digital de Asturias","description":"Hemeroteca","url":"https:\/\/www.eldigitaldeasturias.com\/noticias\/","email":"info@eldigitaldeasturias.com","telephone":"+34652131393","logo":{"@type":"ImageObject","url":"https:\/\/www.eldigitaldeasturias.com\/noticias\/wp-content\/uploads\/2020\/12\/EDA.jpg","@id":"https:\/\/www.eldigitaldeasturias.com\/noticias\/cs-defiende-en-el-congreso-el-fin-de-los-aforamientos-en-murcia\/#organizationLogo"},"image":{"@id":"https:\/\/www.eldigitaldeasturias.com\/noticias\/cs-defiende-en-el-congreso-el-fin-de-los-aforamientos-en-murcia\/#organizationLogo"},"sameAs":["https:\/\/facebook.com\/eldigitaldeasturias","https:\/\/www.youtube.com\/channel\/UCZP-2wLEB9Rv6erhFmqVnvg"],"address":{"@id":"https:\/\/www.eldigitaldeasturias.com\/noticias\/#postaladdress","@type":"PostalAddress","streetAddress":"san antonio 4","postalCode":"33430","addressLocality":"Cand\u00e1s","addressRegion":"Asturias","addressCountry":"ES"}},{"@type":"Person","@id":"https:\/\/www.eldigitaldeasturias.com\/noticias\/author\/admin\/#author","url":"https:\/\/www.eldigitaldeasturias.com\/noticias\/author\/admin\/","name":"El Digital de Asturias","image":{"@type":"ImageObject","@id":"https:\/\/www.eldigitaldeasturias.com\/noticias\/cs-defiende-en-el-congreso-el-fin-de-los-aforamientos-en-murcia\/#authorImage","url":"https:\/\/secure.gravatar.com\/avatar\/df2aeffc32bcd13f8d26072ef8a91b623d677766deac7f97ca815868cd41bf5e?s=96&d=mm&r=g","width":96,"height":96,"caption":"El Digital de Asturias"}},{"@type":"WebPage","@id":"https:\/\/www.eldigitaldeasturias.com\/noticias\/cs-defiende-en-el-congreso-el-fin-de-los-aforamientos-en-murcia\/#webpage","url":"https:\/\/www.eldigitaldeasturias.com\/noticias\/cs-defiende-en-el-congreso-el-fin-de-los-aforamientos-en-murcia\/","name":"Cs defiende en el Congreso el fin de los aforamientos en Murcia - El Digital de Asturias","description":"El pleno del Congreso de los Diputados ha aprobado, pese a la abstenci\u00f3n del Partido Popular, la propuesta de reforma de la Ley Org\u00e1nica 4\/1982 de 9 de junio de Estatuto de Autonom\u00eda de la Regi\u00f3n de Murcia para la supresi\u00f3n de los aforamientos. Juan Carlos Girauta, portavoz del Grupo Parlamentario Ciudadanos (GPCs) ha mostrado","inLanguage":"es-ES","isPartOf":{"@id":"https:\/\/www.eldigitaldeasturias.com\/noticias\/#website"},"breadcrumb":{"@id":"https:\/\/www.eldigitaldeasturias.com\/noticias\/cs-defiende-en-el-congreso-el-fin-de-los-aforamientos-en-murcia\/#breadcrumblist"},"author":{"@id":"https:\/\/www.eldigitaldeasturias.com\/noticias\/author\/admin\/#author"},"creator":{"@id":"https:\/\/www.eldigitaldeasturias.com\/noticias\/author\/admin\/#author"},"image":{"@type":"ImageObject","url":952644,"@id":"https:\/\/www.eldigitaldeasturias.com\/noticias\/cs-defiende-en-el-congreso-el-fin-de-los-aforamientos-en-murcia\/#mainImage"},"primaryImageOfPage":{"@id":"https:\/\/www.eldigitaldeasturias.com\/noticias\/cs-defiende-en-el-congreso-el-fin-de-los-aforamientos-en-murcia\/#mainImage"},"datePublished":"2017-09-12T21:49:56+02:00","dateModified":"2017-09-12T21:49:56+02:00"},{"@type":"WebSite","@id":"https:\/\/www.eldigitaldeasturias.com\/noticias\/#website","url":"https:\/\/www.eldigitaldeasturias.com\/noticias\/","name":"El Digital de Asturias - Diario de actualidad y noticias","alternateName":"El Digital de Asturias - Diario de actualidad y noticias","description":"Hemeroteca","inLanguage":"es-ES","publisher":{"@id":"https:\/\/www.eldigitaldeasturias.com\/noticias\/#organization"}}]},"og:locale":"es_ES","og:site_name":"El Digital de Asturias","og:type":"article","og:title":"Cs defiende en el Congreso el fin de los aforamientos en Murcia - El Digital de Asturias","og:description":"El pleno del Congreso de los Diputados ha aprobado, pese a la abstenci\u00f3n del Partido Popular, la propuesta de reforma de la Ley Org\u00e1nica 4\/1982 de 9 de junio de Estatuto de Autonom\u00eda de la Regi\u00f3n de Murcia para la supresi\u00f3n de los aforamientos. Juan Carlos Girauta, portavoz del Grupo Parlamentario Ciudadanos (GPCs) ha mostrado","og:url":"https:\/\/www.eldigitaldeasturias.com\/noticias\/cs-defiende-en-el-congreso-el-fin-de-los-aforamientos-en-murcia\/","article:tag":["actualidad"],"article:published_time":"2017-09-12T21:49:56+00:00","article:modified_time":"2017-09-12T21:49:56+00:00","article:publisher":"https:\/\/facebook.com\/eldigitaldeasturias","twitter:card":"summary_large_image","twitter:title":"Cs defiende en el Congreso el fin de los aforamientos en Murcia - El Digital de Asturias","twitter:description":"El pleno del Congreso de los Diputados ha aprobado, pese a la abstenci\u00f3n del Partido Popular, la propuesta de reforma de la Ley Org\u00e1nica 4\/1982 de 9 de junio de Estatuto de Autonom\u00eda de la Regi\u00f3n de Murcia para la supresi\u00f3n de los aforamientos. Juan Carlos Girauta, portavoz del Grupo Parlamentario Ciudadanos (GPCs) ha mostrado","twitter:image":"https:\/\/www.eldigitaldeasturias.com\/noticias\/wp-content\/uploads\/2020\/12\/EDA-1.jpg","twitter:label1":"Escrito por","twitter:data1":"El Digital de Asturias","twitter:label2":"Tiempo de lectura estimado","twitter:data2":"3 minutos"},"aioseo_meta_data":{"post_id":"952643","title":null,"description":null,"keywords":null,"keyphrases":null,"primary_term":null,"canonical_url":null,"og_title":null,"og_description":null,"og_object_type":"default","og_image_type":"default","og_image_url":null,"og_image_width":null,"og_image_height":null,"og_image_custom_url":null,"og_image_custom_fields":null,"og_video":null,"og_custom_url":null,"og_article_section":null,"og_article_tags":null,"twitter_use_og":false,"twitter_card":"default","twitter_image_type":"default","twitter_image_url":null,"twitter_image_custom_url":null,"twitter_image_custom_fields":null,"twitter_title":null,"twitter_description":null,"schema":{"blockGraphs":[],"customGraphs":[],"default":{"data":{"Article":[],"Course":[],"Dataset":[],"FAQPage":[],"Movie":[],"Person":[],"Product":[],"ProductReview":[],"Car":[],"Recipe":[],"Service":[],"SoftwareApplication":[],"WebPage":[]},"graphName":"","isEnabled":true},"graphs":[],"defaultGraph":"","defaultPostTypeGraph":""},"schema_type":null,"schema_type_options":null,"pillar_content":false,"robots_default":true,"robots_noindex":false,"robots_noarchive":false,"robots_nosnippet":false,"robots_nofollow":false,"robots_noimageindex":false,"robots_noodp":false,"robots_notranslate":false,"robots_max_snippet":null,"robots_max_videopreview":null,"robots_max_imagepreview":"large","priority":null,"frequency":null,"local_seo":null,"seo_analyzer_scan_date":"2025-12-05 23:38:16","breadcrumb_settings":null,"limit_modified_date":false,"open_ai":null,"ai":null,"created":"2020-12-21 11:33:11","updated":"2025-12-05 23:38:16","focus_keyword":null,"additional_keywords":null,"truseo_locale":null},"aioseo_breadcrumb":"<div class=\"aioseo-breadcrumbs\"><span class=\"aioseo-breadcrumb\">\n\t<a href=\"https:\/\/www.eldigitaldeasturias.com\/noticias\" title=\"Home\">Home<\/a>\n<\/span><span class=\"aioseo-breadcrumb-separator\">\u2013<\/span><span class=\"aioseo-breadcrumb\">\n\t<a href=\"https:\/\/www.eldigitaldeasturias.com\/noticias\/category\/actualidad\/\" title=\"Actualidad\">Actualidad<\/a>\n<\/span><span class=\"aioseo-breadcrumb-separator\">\u2013<\/span><span class=\"aioseo-breadcrumb\">\n\t<a href=\"https:\/\/www.eldigitaldeasturias.com\/noticias\/cs-defiende-en-el-congreso-el-fin-de-los-aforamientos-en-murcia\/\" title=\"Cs defiende en el Congreso el fin de los aforamientos en Murcia\">Cs defiende en el Congreso el fin de los aforamientos en Murcia<\/a>\n<\/span><\/div>","aioseo_breadcrumb_json":[{"label":"Home","link":"https:\/\/www.eldigitaldeasturias.com\/noticias"},{"label":"Actualidad","link":"https:\/\/www.eldigitaldeasturias.com\/noticias\/category\/actualidad\/"},{"label":"Cs defiende en el Congreso el fin de los aforamientos en Murcia","link":"https:\/\/www.eldigitaldeasturias.com\/noticias\/cs-defiende-en-el-congreso-el-fin-de-los-aforamientos-en-murcia\/"}],"_links":{"self":[{"href":"https:\/\/www.eldigitaldeasturias.com\/noticias\/wp-json\/wp\/v2\/posts\/952643","targetHints":{"allow":["GET"]}}],"collection":[{"href":"https:\/\/www.eldigitaldeasturias.com\/noticias\/wp-json\/wp\/v2\/posts"}],"about":[{"href":"https:\/\/www.eldigitaldeasturias.com\/noticias\/wp-json\/wp\/v2\/types\/post"}],"author":[{"embeddable":true,"href":"https:\/\/www.eldigitaldeasturias.com\/noticias\/wp-json\/wp\/v2\/users\/1"}],"replies":[{"embeddable":true,"href":"https:\/\/www.eldigitaldeasturias.com\/noticias\/wp-json\/wp\/v2\/comments?post=952643"}],"version-history":[{"count":0,"href":"https:\/\/www.eldigitaldeasturias.com\/noticias\/wp-json\/wp\/v2\/posts\/952643\/revisions"}],"wp:attachment":[{"href":"https:\/\/www.eldigitaldeasturias.com\/noticias\/wp-json\/wp\/v2\/media?parent=952643"}],"wp:term":[{"taxonomy":"category","embeddable":true,"href":"https:\/\/www.eldigitaldeasturias.com\/noticias\/wp-json\/wp\/v2\/categories?post=952643"},{"taxonomy":"post_tag","embeddable":true,"href":"https:\/\/www.eldigitaldeasturias.com\/noticias\/wp-json\/wp\/v2\/tags?post=952643"}],"curies":[{"name":"wp","href":"https:\/\/api.w.org\/{rel}","templated":true}]}}