{"id":952635,"date":"2017-09-12T21:42:12","date_gmt":"2017-09-12T21:42:12","guid":{"rendered":"http:\/\/www.eldigitaldeasturias.com\/noticias\/?p=952635"},"modified":"2017-09-12T21:42:12","modified_gmt":"2017-09-12T21:42:12","slug":"el-cinturon-de-seguridad-y-los-sistemas-de-retencion-infantil-objetivos-de-la-nueva-campana-de-la-dgt","status":"publish","type":"post","link":"https:\/\/www.eldigitaldeasturias.com\/noticias\/el-cinturon-de-seguridad-y-los-sistemas-de-retencion-infantil-objetivos-de-la-nueva-campana-de-la-dgt\/","title":{"rendered":"El cintur\u00f3n de seguridad y los sistemas de retenci\u00f3n infantil objetivos de la nueva campa\u00f1a de la DGT"},"content":{"rendered":"<p><img loading=\"lazy\" decoding=\"async\" class=\"alignleft size-medium wp-image-898248\" src=\"https:\/\/www.eldigitaldeasturias.com\/noticias\/wp-content\/uploads\/2016\/07\/carretera-asturias-360x270.jpg\" alt=\"\" width=\"360\" height=\"270\" \/>No llevar puesto el cintur\u00f3n de seguridad en el veh\u00edculo es la segunda mayor causa de muerte en carretera, despu\u00e9s del exceso de velocidad, pero por delante del alcohol al volante, seg\u00fan la Comisi\u00f3n Europea.<\/p>\n<p>En Espa\u00f1a, el 28% de los fallecidos en accidente de tr\u00e1fico durante el verano, ocupantes de turismos no hac\u00edan uso del cintur\u00f3n de seguridad en el momento del accidente. Este porcentaje es similar al de fallecidos sin dispositivo de retenci\u00f3n durante todo el a\u00f1o pasado (190 de los 823 fallecidos en turismo o furgoneta).<\/p>\n<p>Por este motivo, durante una semana los agentes de la Agrupaci\u00f3n de Tr\u00e1fico de la Guardia Civil, junto con las distintas polic\u00edas auton\u00f3micas y locales que se suman a la campa\u00f1a, van a intensificar los controles tanto en el entorno interurbano, como en las v\u00edas urbanas para comprobar que todos los ocupantes de los veh\u00edculos hacen un uso correcto de dicho dispositivo.<\/p>\n<p>Se prestar\u00e1 especial inter\u00e9s en controlar que los menores vayan correctamente sentados en sus sistemas de retenci\u00f3n infantil, en una semana en la que miles de escolares est\u00e1n comenzando un nuevo curso y muchos de ellos son trasladados en veh\u00edculo privado al colegio.<\/p>\n<p>Seg\u00fan Gregorio Serrano, director de la DGT \u201cpara evitar m\u00e1s v\u00edctimas por no llevarlo puesto, hoy lunes entran en funcionamiento las primeras 50 c\u00e1maras de control del cintur\u00f3n de seguridad que detectan si los conductores no hacen uso de este elemento de protecci\u00f3n\u201d. \u201cDurante dos meses los conductores que hayan sido captados por las mismas \u00fanicamente recibir\u00e1n una carta informativa, pero pasado este plazo se iniciar\u00e1 el correspondiente procedimiento sancionador\u201d.<\/p>\n<p>Adem\u00e1s ha destacado que \u201cen el accidente de Pancorbo, Burgos, de la semana pasada, cinco (tres menores, la madre y la abuela) de los seis ocupantes del veh\u00edculo no llevaban cintur\u00f3n de seguridad en el momento del accidente, un hecho que teniendo en cuenta que su uso reduce a la mitad el riesgo de muerte, seguro que con un 70% de probabilidad hubieran salvado la vida\u201d.<\/p>\n<p>De forma progresiva durante los pr\u00f3ximos meses entrar\u00e1n en funcionamiento el resto de c\u00e1maras hasta completar las 227 instaladas tanto en v\u00edas convencionales (60%) como en las de alta capacidad y cuya localizaci\u00f3n se puede consultar en dgt.es<\/p>\n<p>Adem\u00e1s de los controles que realizar\u00e1n a pie de carretera los agentes de la ATGC, de las c\u00e1maras instaladas en la carretera y desde el aire con los helic\u00f3pteros de la DGT, se intensificar\u00e1n los mensajes del uso de dicho dispositivo de seguridad en los paneles de mensaje variable ubicados en carretera, en las diferentes emisoras de radio y en las redes sociales con el fin de recordar la importancia de utilizar este dispositivo de retenci\u00f3n, que seg\u00fan la Organizaci\u00f3n Mundial de la Salud es uno de los inventos que m\u00e1s vidas ha salvado.<\/p>\n<p>&nbsp;<\/p>\n","protected":false},"excerpt":{"rendered":"<p>No llevar puesto el cintur\u00f3n de seguridad en el veh\u00edculo es la segunda mayor causa de muerte en carretera, despu\u00e9s del exceso de velocidad, pero por delante del alcohol al volante, seg\u00fan la Comisi\u00f3n Europea. En Espa\u00f1a, el 28% de los fallecidos en accidente de tr\u00e1fico durante el verano, ocupantes de turismos no hac\u00edan uso [&hellip;]<\/p>\n","protected":false},"author":1,"featured_media":898248,"comment_status":"closed","ping_status":"closed","sticky":false,"template":"","format":"standard","meta":{"footnotes":""},"categories":[1],"tags":[],"class_list":["post-952635","post","type-post","status-publish","format-standard","has-post-thumbnail","hentry","category-actualidad"],"aioseo_notices":[],"aioseo_head":"\n\t\t<!-- All in One SEO Pro 5.0.1 - aioseo.com -->\n\t<meta name=\"description\" content=\"No llevar puesto el cintur\u00f3n de seguridad en el veh\u00edculo es la segunda mayor causa de muerte en carretera, despu\u00e9s del exceso de velocidad, pero por delante del alcohol al volante, seg\u00fan la Comisi\u00f3n Europea. En Espa\u00f1a, el 28% de los fallecidos en accidente de tr\u00e1fico durante el verano, ocupantes de turismos no hac\u00edan uso\" \/>\n\t<meta name=\"robots\" content=\"max-image-preview:large\" \/>\n\t<meta name=\"author\" content=\"El Digital de Asturias\"\/>\n\t<meta name=\"google-site-verification\" content=\"UA-38556648-1\" \/>\n\t<meta name=\"msvalidate.01\" content=\"7dfe9f3f1b24437ab69f4f2559babe99\" \/>\n\t<meta name=\"keywords\" content=\"actualidad\" \/>\n\t<link rel=\"canonical\" href=\"https:\/\/www.eldigitaldeasturias.com\/noticias\/el-cinturon-de-seguridad-y-los-sistemas-de-retencion-infantil-objetivos-de-la-nueva-campana-de-la-dgt\/\" \/>\n\t<meta name=\"generator\" content=\"All in One SEO Pro (AIOSEO) 5.0.1\" \/>\n\t\t<meta property=\"og:locale\" content=\"es_ES\" \/>\n\t\t<meta property=\"og:site_name\" content=\"El Digital de Asturias\" \/>\n\t\t<meta property=\"og:type\" content=\"article\" \/>\n\t\t<meta property=\"og:title\" content=\"El cintur\u00f3n de seguridad y los sistemas de retenci\u00f3n infantil objetivos de la nueva campa\u00f1a de la DGT - El Digital de Asturias\" \/>\n\t\t<meta property=\"og:description\" content=\"No llevar puesto el cintur\u00f3n de seguridad en el veh\u00edculo es la segunda mayor causa de muerte en carretera, despu\u00e9s del exceso de velocidad, pero por delante del alcohol al volante, seg\u00fan la Comisi\u00f3n Europea. En Espa\u00f1a, el 28% de los fallecidos en accidente de tr\u00e1fico durante el verano, ocupantes de turismos no hac\u00edan uso\" \/>\n\t\t<meta property=\"og:url\" content=\"https:\/\/www.eldigitaldeasturias.com\/noticias\/el-cinturon-de-seguridad-y-los-sistemas-de-retencion-infantil-objetivos-de-la-nueva-campana-de-la-dgt\/\" \/>\n\t\t<meta property=\"article:tag\" content=\"actualidad\" \/>\n\t\t<meta property=\"article:published_time\" content=\"2017-09-12T21:42:12+00:00\" \/>\n\t\t<meta property=\"article:modified_time\" content=\"2017-09-12T21:42:12+00:00\" \/>\n\t\t<meta property=\"article:publisher\" content=\"https:\/\/facebook.com\/eldigitaldeasturias\" \/>\n\t\t<meta name=\"twitter:card\" content=\"summary_large_image\" \/>\n\t\t<meta name=\"twitter:title\" content=\"El cintur\u00f3n de seguridad y los sistemas de retenci\u00f3n infantil objetivos de la nueva campa\u00f1a de la DGT - El Digital de Asturias\" \/>\n\t\t<meta name=\"twitter:description\" content=\"No llevar puesto el cintur\u00f3n de seguridad en el veh\u00edculo es la segunda mayor causa de muerte en carretera, despu\u00e9s del exceso de velocidad, pero por delante del alcohol al volante, seg\u00fan la Comisi\u00f3n Europea. En Espa\u00f1a, el 28% de los fallecidos en accidente de tr\u00e1fico durante el verano, ocupantes de turismos no hac\u00edan uso\" \/>\n\t\t<meta name=\"twitter:image\" content=\"https:\/\/www.eldigitaldeasturias.com\/noticias\/wp-content\/uploads\/2020\/12\/EDA-1.jpg\" \/>\n\t\t<meta name=\"twitter:label1\" content=\"Escrito por\" \/>\n\t\t<meta name=\"twitter:data1\" content=\"El Digital de Asturias\" \/>\n\t\t<meta name=\"twitter:label2\" content=\"Tiempo de lectura estimado\" \/>\n\t\t<meta name=\"twitter:data2\" content=\"3 minutos\" \/>\n\t\t<script type=\"application\/ld+json\" class=\"aioseo-schema\">\n\t\t\t{\"@context\":\"https:\\\/\\\/schema.org\",\"@graph\":[{\"@type\":\"BlogPosting\",\"@id\":\"https:\\\/\\\/www.eldigitaldeasturias.com\\\/noticias\\\/el-cinturon-de-seguridad-y-los-sistemas-de-retencion-infantil-objetivos-de-la-nueva-campana-de-la-dgt\\\/#blogposting\",\"name\":\"El cintur\\u00f3n de seguridad y los sistemas de retenci\\u00f3n infantil objetivos de la nueva campa\\u00f1a de la DGT - El Digital de Asturias\",\"headline\":\"El cintur\\u00f3n de seguridad y los sistemas de retenci\\u00f3n infantil objetivos de la nueva campa\\u00f1a de la DGT\",\"author\":{\"@id\":\"https:\\\/\\\/www.eldigitaldeasturias.com\\\/noticias\\\/author\\\/admin\\\/#author\"},\"publisher\":{\"@id\":\"https:\\\/\\\/www.eldigitaldeasturias.com\\\/noticias\\\/#organization\"},\"image\":{\"@type\":\"ImageObject\",\"url\":898248},\"datePublished\":\"2017-09-12T21:42:12+02:00\",\"dateModified\":\"2017-09-12T21:42:12+02:00\",\"inLanguage\":\"es-ES\",\"mainEntityOfPage\":{\"@id\":\"https:\\\/\\\/www.eldigitaldeasturias.com\\\/noticias\\\/el-cinturon-de-seguridad-y-los-sistemas-de-retencion-infantil-objetivos-de-la-nueva-campana-de-la-dgt\\\/#webpage\"},\"isPartOf\":{\"@id\":\"https:\\\/\\\/www.eldigitaldeasturias.com\\\/noticias\\\/el-cinturon-de-seguridad-y-los-sistemas-de-retencion-infantil-objetivos-de-la-nueva-campana-de-la-dgt\\\/#webpage\"},\"articleSection\":\"Actualidad\"},{\"@type\":\"BreadcrumbList\",\"@id\":\"https:\\\/\\\/www.eldigitaldeasturias.com\\\/noticias\\\/el-cinturon-de-seguridad-y-los-sistemas-de-retencion-infantil-objetivos-de-la-nueva-campana-de-la-dgt\\\/#breadcrumblist\",\"itemListElement\":[{\"@type\":\"ListItem\",\"@id\":\"https:\\\/\\\/www.eldigitaldeasturias.com\\\/noticias#listItem\",\"position\":1,\"name\":\"Home\",\"item\":\"https:\\\/\\\/www.eldigitaldeasturias.com\\\/noticias\",\"nextItem\":{\"@type\":\"ListItem\",\"@id\":\"https:\\\/\\\/www.eldigitaldeasturias.com\\\/noticias\\\/category\\\/actualidad\\\/#listItem\",\"name\":\"Actualidad\"}},{\"@type\":\"ListItem\",\"@id\":\"https:\\\/\\\/www.eldigitaldeasturias.com\\\/noticias\\\/category\\\/actualidad\\\/#listItem\",\"position\":2,\"name\":\"Actualidad\",\"item\":\"https:\\\/\\\/www.eldigitaldeasturias.com\\\/noticias\\\/category\\\/actualidad\\\/\",\"nextItem\":{\"@type\":\"ListItem\",\"@id\":\"https:\\\/\\\/www.eldigitaldeasturias.com\\\/noticias\\\/el-cinturon-de-seguridad-y-los-sistemas-de-retencion-infantil-objetivos-de-la-nueva-campana-de-la-dgt\\\/#listItem\",\"name\":\"El cintur\\u00f3n de seguridad y los sistemas de retenci\\u00f3n infantil objetivos de la nueva campa\\u00f1a de la DGT\"},\"previousItem\":{\"@type\":\"ListItem\",\"@id\":\"https:\\\/\\\/www.eldigitaldeasturias.com\\\/noticias#listItem\",\"name\":\"Home\"}},{\"@type\":\"ListItem\",\"@id\":\"https:\\\/\\\/www.eldigitaldeasturias.com\\\/noticias\\\/el-cinturon-de-seguridad-y-los-sistemas-de-retencion-infantil-objetivos-de-la-nueva-campana-de-la-dgt\\\/#listItem\",\"position\":3,\"name\":\"El cintur\\u00f3n de seguridad y los sistemas de retenci\\u00f3n infantil objetivos de la nueva campa\\u00f1a de la DGT\",\"previousItem\":{\"@type\":\"ListItem\",\"@id\":\"https:\\\/\\\/www.eldigitaldeasturias.com\\\/noticias\\\/category\\\/actualidad\\\/#listItem\",\"name\":\"Actualidad\"}}]},{\"@type\":\"Organization\",\"@id\":\"https:\\\/\\\/www.eldigitaldeasturias.com\\\/noticias\\\/#organization\",\"name\":\"El Digital de Asturias\",\"description\":\"Hemeroteca\",\"url\":\"https:\\\/\\\/www.eldigitaldeasturias.com\\\/noticias\\\/\",\"email\":\"info@eldigitaldeasturias.com\",\"telephone\":\"+34652131393\",\"logo\":{\"@type\":\"ImageObject\",\"url\":\"https:\\\/\\\/www.eldigitaldeasturias.com\\\/noticias\\\/wp-content\\\/uploads\\\/2020\\\/12\\\/EDA.jpg\",\"@id\":\"https:\\\/\\\/www.eldigitaldeasturias.com\\\/noticias\\\/el-cinturon-de-seguridad-y-los-sistemas-de-retencion-infantil-objetivos-de-la-nueva-campana-de-la-dgt\\\/#organizationLogo\"},\"image\":{\"@id\":\"https:\\\/\\\/www.eldigitaldeasturias.com\\\/noticias\\\/el-cinturon-de-seguridad-y-los-sistemas-de-retencion-infantil-objetivos-de-la-nueva-campana-de-la-dgt\\\/#organizationLogo\"},\"sameAs\":[\"https:\\\/\\\/facebook.com\\\/eldigitaldeasturias\",\"https:\\\/\\\/www.youtube.com\\\/channel\\\/UCZP-2wLEB9Rv6erhFmqVnvg\"],\"address\":{\"@id\":\"https:\\\/\\\/www.eldigitaldeasturias.com\\\/noticias\\\/#postaladdress\",\"@type\":\"PostalAddress\",\"streetAddress\":\"san antonio 4\",\"postalCode\":\"33430\",\"addressLocality\":\"Cand\\u00e1s\",\"addressRegion\":\"Asturias\",\"addressCountry\":\"ES\"}},{\"@type\":\"Person\",\"@id\":\"https:\\\/\\\/www.eldigitaldeasturias.com\\\/noticias\\\/author\\\/admin\\\/#author\",\"url\":\"https:\\\/\\\/www.eldigitaldeasturias.com\\\/noticias\\\/author\\\/admin\\\/\",\"name\":\"El Digital de Asturias\",\"image\":{\"@type\":\"ImageObject\",\"@id\":\"https:\\\/\\\/www.eldigitaldeasturias.com\\\/noticias\\\/el-cinturon-de-seguridad-y-los-sistemas-de-retencion-infantil-objetivos-de-la-nueva-campana-de-la-dgt\\\/#authorImage\",\"url\":\"https:\\\/\\\/secure.gravatar.com\\\/avatar\\\/df2aeffc32bcd13f8d26072ef8a91b623d677766deac7f97ca815868cd41bf5e?s=96&d=mm&r=g\",\"width\":96,\"height\":96,\"caption\":\"El Digital de Asturias\"}},{\"@type\":\"WebPage\",\"@id\":\"https:\\\/\\\/www.eldigitaldeasturias.com\\\/noticias\\\/el-cinturon-de-seguridad-y-los-sistemas-de-retencion-infantil-objetivos-de-la-nueva-campana-de-la-dgt\\\/#webpage\",\"url\":\"https:\\\/\\\/www.eldigitaldeasturias.com\\\/noticias\\\/el-cinturon-de-seguridad-y-los-sistemas-de-retencion-infantil-objetivos-de-la-nueva-campana-de-la-dgt\\\/\",\"name\":\"El cintur\\u00f3n de seguridad y los sistemas de retenci\\u00f3n infantil objetivos de la nueva campa\\u00f1a de la DGT - El Digital de Asturias\",\"description\":\"No llevar puesto el cintur\\u00f3n de seguridad en el veh\\u00edculo es la segunda mayor causa de muerte en carretera, despu\\u00e9s del exceso de velocidad, pero por delante del alcohol al volante, seg\\u00fan la Comisi\\u00f3n Europea. En Espa\\u00f1a, el 28% de los fallecidos en accidente de tr\\u00e1fico durante el verano, ocupantes de turismos no hac\\u00edan uso\",\"inLanguage\":\"es-ES\",\"isPartOf\":{\"@id\":\"https:\\\/\\\/www.eldigitaldeasturias.com\\\/noticias\\\/#website\"},\"breadcrumb\":{\"@id\":\"https:\\\/\\\/www.eldigitaldeasturias.com\\\/noticias\\\/el-cinturon-de-seguridad-y-los-sistemas-de-retencion-infantil-objetivos-de-la-nueva-campana-de-la-dgt\\\/#breadcrumblist\"},\"author\":{\"@id\":\"https:\\\/\\\/www.eldigitaldeasturias.com\\\/noticias\\\/author\\\/admin\\\/#author\"},\"creator\":{\"@id\":\"https:\\\/\\\/www.eldigitaldeasturias.com\\\/noticias\\\/author\\\/admin\\\/#author\"},\"image\":{\"@type\":\"ImageObject\",\"url\":898248,\"@id\":\"https:\\\/\\\/www.eldigitaldeasturias.com\\\/noticias\\\/el-cinturon-de-seguridad-y-los-sistemas-de-retencion-infantil-objetivos-de-la-nueva-campana-de-la-dgt\\\/#mainImage\"},\"primaryImageOfPage\":{\"@id\":\"https:\\\/\\\/www.eldigitaldeasturias.com\\\/noticias\\\/el-cinturon-de-seguridad-y-los-sistemas-de-retencion-infantil-objetivos-de-la-nueva-campana-de-la-dgt\\\/#mainImage\"},\"datePublished\":\"2017-09-12T21:42:12+02:00\",\"dateModified\":\"2017-09-12T21:42:12+02:00\"},{\"@type\":\"WebSite\",\"@id\":\"https:\\\/\\\/www.eldigitaldeasturias.com\\\/noticias\\\/#website\",\"url\":\"https:\\\/\\\/www.eldigitaldeasturias.com\\\/noticias\\\/\",\"name\":\"El Digital de Asturias - Diario de actualidad y noticias\",\"alternateName\":\"El Digital de Asturias - Diario de actualidad y noticias\",\"description\":\"Hemeroteca\",\"inLanguage\":\"es-ES\",\"publisher\":{\"@id\":\"https:\\\/\\\/www.eldigitaldeasturias.com\\\/noticias\\\/#organization\"}}]}\n\t\t<\/script>\n\t\t<!-- All in One SEO Pro -->\r\n\t\t<title>El cintur\u00f3n de seguridad y los sistemas de retenci\u00f3n infantil objetivos de la nueva campa\u00f1a de la DGT - El Digital de Asturias<\/title>\n\n","aioseo_head_json":{"title":"El cintur\u00f3n de seguridad y los sistemas de retenci\u00f3n infantil objetivos de la nueva campa\u00f1a de la DGT - El Digital de Asturias","description":"No llevar puesto el cintur\u00f3n de seguridad en el veh\u00edculo es la segunda mayor causa de muerte en carretera, despu\u00e9s del exceso de velocidad, pero por delante del alcohol al volante, seg\u00fan la Comisi\u00f3n Europea. En Espa\u00f1a, el 28% de los fallecidos en accidente de tr\u00e1fico durante el verano, ocupantes de turismos no hac\u00edan uso","canonical_url":"https:\/\/www.eldigitaldeasturias.com\/noticias\/el-cinturon-de-seguridad-y-los-sistemas-de-retencion-infantil-objetivos-de-la-nueva-campana-de-la-dgt\/","robots":"max-image-preview:large","keywords":"actualidad","webmasterTools":{"google-site-verification":"UA-38556648-1","msvalidate.01":"7dfe9f3f1b24437ab69f4f2559babe99","miscellaneous":""},"schema":{"@context":"https:\/\/schema.org","@graph":[{"@type":"BlogPosting","@id":"https:\/\/www.eldigitaldeasturias.com\/noticias\/el-cinturon-de-seguridad-y-los-sistemas-de-retencion-infantil-objetivos-de-la-nueva-campana-de-la-dgt\/#blogposting","name":"El cintur\u00f3n de seguridad y los sistemas de retenci\u00f3n infantil objetivos de la nueva campa\u00f1a de la DGT - El Digital de Asturias","headline":"El cintur\u00f3n de seguridad y los sistemas de retenci\u00f3n infantil objetivos de la nueva campa\u00f1a de la DGT","author":{"@id":"https:\/\/www.eldigitaldeasturias.com\/noticias\/author\/admin\/#author"},"publisher":{"@id":"https:\/\/www.eldigitaldeasturias.com\/noticias\/#organization"},"image":{"@type":"ImageObject","url":898248},"datePublished":"2017-09-12T21:42:12+02:00","dateModified":"2017-09-12T21:42:12+02:00","inLanguage":"es-ES","mainEntityOfPage":{"@id":"https:\/\/www.eldigitaldeasturias.com\/noticias\/el-cinturon-de-seguridad-y-los-sistemas-de-retencion-infantil-objetivos-de-la-nueva-campana-de-la-dgt\/#webpage"},"isPartOf":{"@id":"https:\/\/www.eldigitaldeasturias.com\/noticias\/el-cinturon-de-seguridad-y-los-sistemas-de-retencion-infantil-objetivos-de-la-nueva-campana-de-la-dgt\/#webpage"},"articleSection":"Actualidad"},{"@type":"BreadcrumbList","@id":"https:\/\/www.eldigitaldeasturias.com\/noticias\/el-cinturon-de-seguridad-y-los-sistemas-de-retencion-infantil-objetivos-de-la-nueva-campana-de-la-dgt\/#breadcrumblist","itemListElement":[{"@type":"ListItem","@id":"https:\/\/www.eldigitaldeasturias.com\/noticias#listItem","position":1,"name":"Home","item":"https:\/\/www.eldigitaldeasturias.com\/noticias","nextItem":{"@type":"ListItem","@id":"https:\/\/www.eldigitaldeasturias.com\/noticias\/category\/actualidad\/#listItem","name":"Actualidad"}},{"@type":"ListItem","@id":"https:\/\/www.eldigitaldeasturias.com\/noticias\/category\/actualidad\/#listItem","position":2,"name":"Actualidad","item":"https:\/\/www.eldigitaldeasturias.com\/noticias\/category\/actualidad\/","nextItem":{"@type":"ListItem","@id":"https:\/\/www.eldigitaldeasturias.com\/noticias\/el-cinturon-de-seguridad-y-los-sistemas-de-retencion-infantil-objetivos-de-la-nueva-campana-de-la-dgt\/#listItem","name":"El cintur\u00f3n de seguridad y los sistemas de retenci\u00f3n infantil objetivos de la nueva campa\u00f1a de la DGT"},"previousItem":{"@type":"ListItem","@id":"https:\/\/www.eldigitaldeasturias.com\/noticias#listItem","name":"Home"}},{"@type":"ListItem","@id":"https:\/\/www.eldigitaldeasturias.com\/noticias\/el-cinturon-de-seguridad-y-los-sistemas-de-retencion-infantil-objetivos-de-la-nueva-campana-de-la-dgt\/#listItem","position":3,"name":"El cintur\u00f3n de seguridad y los sistemas de retenci\u00f3n infantil objetivos de la nueva campa\u00f1a de la DGT","previousItem":{"@type":"ListItem","@id":"https:\/\/www.eldigitaldeasturias.com\/noticias\/category\/actualidad\/#listItem","name":"Actualidad"}}]},{"@type":"Organization","@id":"https:\/\/www.eldigitaldeasturias.com\/noticias\/#organization","name":"El Digital de Asturias","description":"Hemeroteca","url":"https:\/\/www.eldigitaldeasturias.com\/noticias\/","email":"info@eldigitaldeasturias.com","telephone":"+34652131393","logo":{"@type":"ImageObject","url":"https:\/\/www.eldigitaldeasturias.com\/noticias\/wp-content\/uploads\/2020\/12\/EDA.jpg","@id":"https:\/\/www.eldigitaldeasturias.com\/noticias\/el-cinturon-de-seguridad-y-los-sistemas-de-retencion-infantil-objetivos-de-la-nueva-campana-de-la-dgt\/#organizationLogo"},"image":{"@id":"https:\/\/www.eldigitaldeasturias.com\/noticias\/el-cinturon-de-seguridad-y-los-sistemas-de-retencion-infantil-objetivos-de-la-nueva-campana-de-la-dgt\/#organizationLogo"},"sameAs":["https:\/\/facebook.com\/eldigitaldeasturias","https:\/\/www.youtube.com\/channel\/UCZP-2wLEB9Rv6erhFmqVnvg"],"address":{"@id":"https:\/\/www.eldigitaldeasturias.com\/noticias\/#postaladdress","@type":"PostalAddress","streetAddress":"san antonio 4","postalCode":"33430","addressLocality":"Cand\u00e1s","addressRegion":"Asturias","addressCountry":"ES"}},{"@type":"Person","@id":"https:\/\/www.eldigitaldeasturias.com\/noticias\/author\/admin\/#author","url":"https:\/\/www.eldigitaldeasturias.com\/noticias\/author\/admin\/","name":"El Digital de Asturias","image":{"@type":"ImageObject","@id":"https:\/\/www.eldigitaldeasturias.com\/noticias\/el-cinturon-de-seguridad-y-los-sistemas-de-retencion-infantil-objetivos-de-la-nueva-campana-de-la-dgt\/#authorImage","url":"https:\/\/secure.gravatar.com\/avatar\/df2aeffc32bcd13f8d26072ef8a91b623d677766deac7f97ca815868cd41bf5e?s=96&d=mm&r=g","width":96,"height":96,"caption":"El Digital de Asturias"}},{"@type":"WebPage","@id":"https:\/\/www.eldigitaldeasturias.com\/noticias\/el-cinturon-de-seguridad-y-los-sistemas-de-retencion-infantil-objetivos-de-la-nueva-campana-de-la-dgt\/#webpage","url":"https:\/\/www.eldigitaldeasturias.com\/noticias\/el-cinturon-de-seguridad-y-los-sistemas-de-retencion-infantil-objetivos-de-la-nueva-campana-de-la-dgt\/","name":"El cintur\u00f3n de seguridad y los sistemas de retenci\u00f3n infantil objetivos de la nueva campa\u00f1a de la DGT - El Digital de Asturias","description":"No llevar puesto el cintur\u00f3n de seguridad en el veh\u00edculo es la segunda mayor causa de muerte en carretera, despu\u00e9s del exceso de velocidad, pero por delante del alcohol al volante, seg\u00fan la Comisi\u00f3n Europea. En Espa\u00f1a, el 28% de los fallecidos en accidente de tr\u00e1fico durante el verano, ocupantes de turismos no hac\u00edan uso","inLanguage":"es-ES","isPartOf":{"@id":"https:\/\/www.eldigitaldeasturias.com\/noticias\/#website"},"breadcrumb":{"@id":"https:\/\/www.eldigitaldeasturias.com\/noticias\/el-cinturon-de-seguridad-y-los-sistemas-de-retencion-infantil-objetivos-de-la-nueva-campana-de-la-dgt\/#breadcrumblist"},"author":{"@id":"https:\/\/www.eldigitaldeasturias.com\/noticias\/author\/admin\/#author"},"creator":{"@id":"https:\/\/www.eldigitaldeasturias.com\/noticias\/author\/admin\/#author"},"image":{"@type":"ImageObject","url":898248,"@id":"https:\/\/www.eldigitaldeasturias.com\/noticias\/el-cinturon-de-seguridad-y-los-sistemas-de-retencion-infantil-objetivos-de-la-nueva-campana-de-la-dgt\/#mainImage"},"primaryImageOfPage":{"@id":"https:\/\/www.eldigitaldeasturias.com\/noticias\/el-cinturon-de-seguridad-y-los-sistemas-de-retencion-infantil-objetivos-de-la-nueva-campana-de-la-dgt\/#mainImage"},"datePublished":"2017-09-12T21:42:12+02:00","dateModified":"2017-09-12T21:42:12+02:00"},{"@type":"WebSite","@id":"https:\/\/www.eldigitaldeasturias.com\/noticias\/#website","url":"https:\/\/www.eldigitaldeasturias.com\/noticias\/","name":"El Digital de Asturias - Diario de actualidad y noticias","alternateName":"El Digital de Asturias - Diario de actualidad y noticias","description":"Hemeroteca","inLanguage":"es-ES","publisher":{"@id":"https:\/\/www.eldigitaldeasturias.com\/noticias\/#organization"}}]},"og:locale":"es_ES","og:site_name":"El Digital de Asturias","og:type":"article","og:title":"El cintur\u00f3n de seguridad y los sistemas de retenci\u00f3n infantil objetivos de la nueva campa\u00f1a de la DGT - El Digital de Asturias","og:description":"No llevar puesto el cintur\u00f3n de seguridad en el veh\u00edculo es la segunda mayor causa de muerte en carretera, despu\u00e9s del exceso de velocidad, pero por delante del alcohol al volante, seg\u00fan la Comisi\u00f3n Europea. En Espa\u00f1a, el 28% de los fallecidos en accidente de tr\u00e1fico durante el verano, ocupantes de turismos no hac\u00edan uso","og:url":"https:\/\/www.eldigitaldeasturias.com\/noticias\/el-cinturon-de-seguridad-y-los-sistemas-de-retencion-infantil-objetivos-de-la-nueva-campana-de-la-dgt\/","article:tag":["actualidad"],"article:published_time":"2017-09-12T21:42:12+00:00","article:modified_time":"2017-09-12T21:42:12+00:00","article:publisher":"https:\/\/facebook.com\/eldigitaldeasturias","twitter:card":"summary_large_image","twitter:title":"El cintur\u00f3n de seguridad y los sistemas de retenci\u00f3n infantil objetivos de la nueva campa\u00f1a de la DGT - El Digital de Asturias","twitter:description":"No llevar puesto el cintur\u00f3n de seguridad en el veh\u00edculo es la segunda mayor causa de muerte en carretera, despu\u00e9s del exceso de velocidad, pero por delante del alcohol al volante, seg\u00fan la Comisi\u00f3n Europea. En Espa\u00f1a, el 28% de los fallecidos en accidente de tr\u00e1fico durante el verano, ocupantes de turismos no hac\u00edan uso","twitter:image":"https:\/\/www.eldigitaldeasturias.com\/noticias\/wp-content\/uploads\/2020\/12\/EDA-1.jpg","twitter:label1":"Escrito por","twitter:data1":"El Digital de Asturias","twitter:label2":"Tiempo de lectura estimado","twitter:data2":"3 minutos"},"aioseo_meta_data":{"post_id":"952635","title":null,"description":null,"keywords":null,"keyphrases":null,"primary_term":null,"canonical_url":null,"og_title":null,"og_description":null,"og_object_type":"default","og_image_type":"default","og_image_url":null,"og_image_width":null,"og_image_height":null,"og_image_custom_url":null,"og_image_custom_fields":null,"og_video":null,"og_custom_url":null,"og_article_section":null,"og_article_tags":null,"twitter_use_og":false,"twitter_card":"default","twitter_image_type":"default","twitter_image_url":null,"twitter_image_custom_url":null,"twitter_image_custom_fields":null,"twitter_title":null,"twitter_description":null,"schema":{"blockGraphs":[],"customGraphs":[],"default":{"data":{"Article":[],"Course":[],"Dataset":[],"FAQPage":[],"Movie":[],"Person":[],"Product":[],"ProductReview":[],"Car":[],"Recipe":[],"Service":[],"SoftwareApplication":[],"WebPage":[]},"graphName":"","isEnabled":true},"graphs":[],"defaultGraph":"","defaultPostTypeGraph":""},"schema_type":null,"schema_type_options":null,"pillar_content":false,"robots_default":true,"robots_noindex":false,"robots_noarchive":false,"robots_nosnippet":false,"robots_nofollow":false,"robots_noimageindex":false,"robots_noodp":false,"robots_notranslate":false,"robots_max_snippet":null,"robots_max_videopreview":null,"robots_max_imagepreview":"large","priority":null,"frequency":null,"local_seo":null,"seo_analyzer_scan_date":"2025-12-05 23:38:13","breadcrumb_settings":null,"limit_modified_date":false,"open_ai":null,"ai":null,"created":"2020-12-21 12:57:40","updated":"2025-12-05 23:38:13","focus_keyword":null,"additional_keywords":null,"truseo_locale":null},"aioseo_breadcrumb":"<div class=\"aioseo-breadcrumbs\"><span class=\"aioseo-breadcrumb\">\n\t<a href=\"https:\/\/www.eldigitaldeasturias.com\/noticias\" title=\"Home\">Home<\/a>\n<\/span><span class=\"aioseo-breadcrumb-separator\">\u2013<\/span><span class=\"aioseo-breadcrumb\">\n\t<a href=\"https:\/\/www.eldigitaldeasturias.com\/noticias\/category\/actualidad\/\" title=\"Actualidad\">Actualidad<\/a>\n<\/span><span class=\"aioseo-breadcrumb-separator\">\u2013<\/span><span class=\"aioseo-breadcrumb\">\n\t<a href=\"https:\/\/www.eldigitaldeasturias.com\/noticias\/el-cinturon-de-seguridad-y-los-sistemas-de-retencion-infantil-objetivos-de-la-nueva-campana-de-la-dgt\/\" title=\"El cintur\u00f3n de seguridad y los sistemas de retenci\u00f3n infantil objetivos de la nueva campa\u00f1a de la DGT\">El cintur\u00f3n de seguridad y los sistemas de retenci\u00f3n infantil objetivos de la nueva campa\u00f1a de la DGT<\/a>\n<\/span><\/div>","aioseo_breadcrumb_json":[{"label":"Home","link":"https:\/\/www.eldigitaldeasturias.com\/noticias"},{"label":"Actualidad","link":"https:\/\/www.eldigitaldeasturias.com\/noticias\/category\/actualidad\/"},{"label":"El cintur\u00f3n de seguridad y los sistemas de retenci\u00f3n infantil objetivos de la nueva campa\u00f1a de la DGT","link":"https:\/\/www.eldigitaldeasturias.com\/noticias\/el-cinturon-de-seguridad-y-los-sistemas-de-retencion-infantil-objetivos-de-la-nueva-campana-de-la-dgt\/"}],"_links":{"self":[{"href":"https:\/\/www.eldigitaldeasturias.com\/noticias\/wp-json\/wp\/v2\/posts\/952635","targetHints":{"allow":["GET"]}}],"collection":[{"href":"https:\/\/www.eldigitaldeasturias.com\/noticias\/wp-json\/wp\/v2\/posts"}],"about":[{"href":"https:\/\/www.eldigitaldeasturias.com\/noticias\/wp-json\/wp\/v2\/types\/post"}],"author":[{"embeddable":true,"href":"https:\/\/www.eldigitaldeasturias.com\/noticias\/wp-json\/wp\/v2\/users\/1"}],"replies":[{"embeddable":true,"href":"https:\/\/www.eldigitaldeasturias.com\/noticias\/wp-json\/wp\/v2\/comments?post=952635"}],"version-history":[{"count":0,"href":"https:\/\/www.eldigitaldeasturias.com\/noticias\/wp-json\/wp\/v2\/posts\/952635\/revisions"}],"wp:attachment":[{"href":"https:\/\/www.eldigitaldeasturias.com\/noticias\/wp-json\/wp\/v2\/media?parent=952635"}],"wp:term":[{"taxonomy":"category","embeddable":true,"href":"https:\/\/www.eldigitaldeasturias.com\/noticias\/wp-json\/wp\/v2\/categories?post=952635"},{"taxonomy":"post_tag","embeddable":true,"href":"https:\/\/www.eldigitaldeasturias.com\/noticias\/wp-json\/wp\/v2\/tags?post=952635"}],"curies":[{"name":"wp","href":"https:\/\/api.w.org\/{rel}","templated":true}]}}