{"id":952595,"date":"2017-09-12T17:15:09","date_gmt":"2017-09-12T17:15:09","guid":{"rendered":"http:\/\/www.eldigitaldeasturias.com\/noticias\/?p=952595"},"modified":"2017-09-12T17:15:09","modified_gmt":"2017-09-12T17:15:09","slug":"aumentan-las-exportaciones-de-aceite-de-oliva","status":"publish","type":"post","link":"https:\/\/www.eldigitaldeasturias.com\/noticias\/aumentan-las-exportaciones-de-aceite-de-oliva\/","title":{"rendered":"Aumentan las exportaciones de aceite de oliva"},"content":{"rendered":"<p><img loading=\"lazy\" decoding=\"async\" class=\"alignleft size-medium wp-image-943779\" src=\"https:\/\/www.eldigitaldeasturias.com\/noticias\/wp-content\/uploads\/2017\/06\/olivar-360x240.jpg\" alt=\"\" width=\"360\" height=\"240\" \/>La ministra de Agricultura y Pesca, Alimentaci\u00f3n y Medio Ambiente, Isabel Garc\u00eda Tejerina, ha subrayado que Espa\u00f1a es el primer productor y exportador mundial de aceite de oliva, con la mayor superficie de olivar y el mayor n\u00famero de olivos del mundo. En este contexto, la ministra entiende que este sector es y debe seguir siendo un referente a nivel internacional por marcar los m\u00e1ximos niveles de exigencia a su producci\u00f3n.<\/p>\n<p>La ministra ha se\u00f1alado que \u00abtenemos la enorme responsabilidad como pa\u00eds de defender, cuidar y promover la calidad de nuestro aceite\u00bb. Isabel Garc\u00eda Tejerina ha participado en la presentaci\u00f3n, en la sede del Ministerio, de un sistema de autocontrol reforzado para el aceite de oliva virgen extra, promovido por Cooperativas Agro-alimentarias de Espa\u00f1a, la Asociaci\u00f3n Nacional de Industriales Envasadores y Refinadores de Aceites Comestibles (ANIERAC) y la Asociaci\u00f3n Espa\u00f1ola de la Industria y Comercio Exportador de Aceite de Oliva (ASOLIVA).<\/p>\n<p>Seg\u00fan ha explicado la ministra, este sistema voluntario garantiza que aquellos aceites de oliva virgen extra que superen el control, cumplen con criterios anal\u00edticos de calidad m\u00e1s exigentes que los ya muy rigurosos fijados por la legislaci\u00f3n vigente.<\/p>\n<p>Tambi\u00e9n ha comentado que el apoyo del MAPAMA a este sistema es un ejemplo m\u00e1s del esfuerzo que se viene realizando para conseguir que los aceites de oliva virgen extra espa\u00f1oles tengan cada vez mayor prestigio en los mercados, tanto nacional como internacionales, incrementando su valor y a\u00f1adiendo riqueza a la cadena de producci\u00f3n.<\/p>\n<p>A este respecto, Garc\u00eda Tejerina ha puesto en valor la suma de esfuerzos de la iniciativa p\u00fablica y privada para ofrecer al consumidor mayor calidad, garant\u00edas y exigencias para nuestros aceites de oliva virgen extra. As\u00ed, desde la Administraci\u00f3n del Estado se promovi\u00f3 la Ley para la defensa de la calidad alimentaria, que el sector ha sabido aprovechar para amparar el sistema de autocontrol reforzado voluntario, signo inequ\u00edvoco de madurez de nuestro sector del aceite de oliva.<\/p>\n<p><strong>Incremento de las exportaciones<\/strong><\/p>\n<p>Por otra parte, la ministra ha asegurado que el aceite de oliva espa\u00f1ol conforma un sector de gran fortaleza y entidad en la estructura agroindustrial espa\u00f1ola. Se trata, ha a\u00f1adido, de un producto de gran relevancia econ\u00f3mica y comercial en nuestro pa\u00eds, con un prometedor mercado internacional y una demanda en constante crecimiento.<\/p>\n<p>En concreto, en los ocho primeros meses de campa\u00f1a, las exportaciones de aceite de oliva se sit\u00faan en m\u00e1s de 660.000 toneladas, lo que supone un incremento del 22% respecto de la pasada campa\u00f1a.<\/p>\n<p>Dada la importancia de este sector, Garc\u00eda Tejerina ha indicado que su Departamento trabaja para mejorar su calidad en distintas \u00e1reas, como desarrollo tecnol\u00f3gico, formaci\u00f3n, comercializaci\u00f3n, desarrollo de la normativa y control de su cumplimiento.<\/p>\n<p>De cara a la presente Legislatura, la Ministra ha avanzado que el Gobierno tiene previsto desarrollar un Programa para la excelencia de la Calidad Alimentaria. Una de sus primeras acciones ser\u00e1 el establecimiento de un Convenio de colaboraci\u00f3n para la calidad alimentaria y su garant\u00eda, en el que se espera contar con la participaci\u00f3n de toda la industria alimentaria y la distribuci\u00f3n. Seg\u00fan ha puntualizado, el establecimiento de sistemas de autocontrol, por parte de los sectores, ser\u00e1 una pieza b\u00e1sica.<\/p>\n<p>&nbsp;<\/p>\n","protected":false},"excerpt":{"rendered":"<p>La ministra de Agricultura y Pesca, Alimentaci\u00f3n y Medio Ambiente, Isabel Garc\u00eda Tejerina, ha subrayado que Espa\u00f1a es el primer productor y exportador mundial de aceite de oliva, con la mayor superficie de olivar y el mayor n\u00famero de olivos del mundo. En este contexto, la ministra entiende que este sector es y debe seguir [&hellip;]<\/p>\n","protected":false},"author":1,"featured_media":943779,"comment_status":"closed","ping_status":"closed","sticky":false,"template":"","format":"standard","meta":{"footnotes":""},"categories":[1],"tags":[],"class_list":["post-952595","post","type-post","status-publish","format-standard","has-post-thumbnail","hentry","category-actualidad"],"aioseo_notices":[],"aioseo_head":"\n\t\t<!-- All in One SEO Pro 5.0.1 - aioseo.com -->\n\t<meta name=\"description\" content=\"La ministra de Agricultura y Pesca, Alimentaci\u00f3n y Medio Ambiente, Isabel Garc\u00eda Tejerina, ha subrayado que Espa\u00f1a es el primer productor y exportador mundial de aceite de oliva, con la mayor superficie de olivar y el mayor n\u00famero de olivos del mundo. En este contexto, la ministra entiende que este sector es y debe seguir\" \/>\n\t<meta name=\"robots\" content=\"max-image-preview:large\" \/>\n\t<meta name=\"author\" content=\"El Digital de Asturias\"\/>\n\t<meta name=\"google-site-verification\" content=\"UA-38556648-1\" \/>\n\t<meta name=\"msvalidate.01\" content=\"7dfe9f3f1b24437ab69f4f2559babe99\" \/>\n\t<meta name=\"keywords\" content=\"actualidad\" \/>\n\t<link rel=\"canonical\" href=\"https:\/\/www.eldigitaldeasturias.com\/noticias\/aumentan-las-exportaciones-de-aceite-de-oliva\/\" \/>\n\t<meta name=\"generator\" content=\"All in One SEO Pro (AIOSEO) 5.0.1\" \/>\n\t\t<meta property=\"og:locale\" content=\"es_ES\" \/>\n\t\t<meta property=\"og:site_name\" content=\"El Digital de Asturias\" \/>\n\t\t<meta property=\"og:type\" content=\"article\" \/>\n\t\t<meta property=\"og:title\" content=\"Aumentan las exportaciones de aceite de oliva - El Digital de Asturias\" \/>\n\t\t<meta property=\"og:description\" content=\"La ministra de Agricultura y Pesca, Alimentaci\u00f3n y Medio Ambiente, Isabel Garc\u00eda Tejerina, ha subrayado que Espa\u00f1a es el primer productor y exportador mundial de aceite de oliva, con la mayor superficie de olivar y el mayor n\u00famero de olivos del mundo. En este contexto, la ministra entiende que este sector es y debe seguir\" \/>\n\t\t<meta property=\"og:url\" content=\"https:\/\/www.eldigitaldeasturias.com\/noticias\/aumentan-las-exportaciones-de-aceite-de-oliva\/\" \/>\n\t\t<meta property=\"article:tag\" content=\"actualidad\" \/>\n\t\t<meta property=\"article:published_time\" content=\"2017-09-12T17:15:09+00:00\" \/>\n\t\t<meta property=\"article:modified_time\" content=\"2017-09-12T17:15:09+00:00\" \/>\n\t\t<meta property=\"article:publisher\" content=\"https:\/\/facebook.com\/eldigitaldeasturias\" \/>\n\t\t<meta name=\"twitter:card\" content=\"summary_large_image\" \/>\n\t\t<meta name=\"twitter:title\" content=\"Aumentan las exportaciones de aceite de oliva - El Digital de Asturias\" \/>\n\t\t<meta name=\"twitter:description\" content=\"La ministra de Agricultura y Pesca, Alimentaci\u00f3n y Medio Ambiente, Isabel Garc\u00eda Tejerina, ha subrayado que Espa\u00f1a es el primer productor y exportador mundial de aceite de oliva, con la mayor superficie de olivar y el mayor n\u00famero de olivos del mundo. En este contexto, la ministra entiende que este sector es y debe seguir\" \/>\n\t\t<meta name=\"twitter:image\" content=\"https:\/\/www.eldigitaldeasturias.com\/noticias\/wp-content\/uploads\/2020\/12\/EDA-1.jpg\" \/>\n\t\t<meta name=\"twitter:label1\" content=\"Escrito por\" \/>\n\t\t<meta name=\"twitter:data1\" content=\"El Digital de Asturias\" \/>\n\t\t<meta name=\"twitter:label2\" content=\"Tiempo de lectura estimado\" \/>\n\t\t<meta name=\"twitter:data2\" content=\"3 minutos\" \/>\n\t\t<script type=\"application\/ld+json\" class=\"aioseo-schema\">\n\t\t\t{\"@context\":\"https:\\\/\\\/schema.org\",\"@graph\":[{\"@type\":\"BlogPosting\",\"@id\":\"https:\\\/\\\/www.eldigitaldeasturias.com\\\/noticias\\\/aumentan-las-exportaciones-de-aceite-de-oliva\\\/#blogposting\",\"name\":\"Aumentan las exportaciones de aceite de oliva - El Digital de Asturias\",\"headline\":\"Aumentan las exportaciones de aceite de oliva\",\"author\":{\"@id\":\"https:\\\/\\\/www.eldigitaldeasturias.com\\\/noticias\\\/author\\\/admin\\\/#author\"},\"publisher\":{\"@id\":\"https:\\\/\\\/www.eldigitaldeasturias.com\\\/noticias\\\/#organization\"},\"image\":{\"@type\":\"ImageObject\",\"url\":943779},\"datePublished\":\"2017-09-12T17:15:09+02:00\",\"dateModified\":\"2017-09-12T17:15:09+02:00\",\"inLanguage\":\"es-ES\",\"mainEntityOfPage\":{\"@id\":\"https:\\\/\\\/www.eldigitaldeasturias.com\\\/noticias\\\/aumentan-las-exportaciones-de-aceite-de-oliva\\\/#webpage\"},\"isPartOf\":{\"@id\":\"https:\\\/\\\/www.eldigitaldeasturias.com\\\/noticias\\\/aumentan-las-exportaciones-de-aceite-de-oliva\\\/#webpage\"},\"articleSection\":\"Actualidad\"},{\"@type\":\"BreadcrumbList\",\"@id\":\"https:\\\/\\\/www.eldigitaldeasturias.com\\\/noticias\\\/aumentan-las-exportaciones-de-aceite-de-oliva\\\/#breadcrumblist\",\"itemListElement\":[{\"@type\":\"ListItem\",\"@id\":\"https:\\\/\\\/www.eldigitaldeasturias.com\\\/noticias#listItem\",\"position\":1,\"name\":\"Home\",\"item\":\"https:\\\/\\\/www.eldigitaldeasturias.com\\\/noticias\",\"nextItem\":{\"@type\":\"ListItem\",\"@id\":\"https:\\\/\\\/www.eldigitaldeasturias.com\\\/noticias\\\/category\\\/actualidad\\\/#listItem\",\"name\":\"Actualidad\"}},{\"@type\":\"ListItem\",\"@id\":\"https:\\\/\\\/www.eldigitaldeasturias.com\\\/noticias\\\/category\\\/actualidad\\\/#listItem\",\"position\":2,\"name\":\"Actualidad\",\"item\":\"https:\\\/\\\/www.eldigitaldeasturias.com\\\/noticias\\\/category\\\/actualidad\\\/\",\"nextItem\":{\"@type\":\"ListItem\",\"@id\":\"https:\\\/\\\/www.eldigitaldeasturias.com\\\/noticias\\\/aumentan-las-exportaciones-de-aceite-de-oliva\\\/#listItem\",\"name\":\"Aumentan las exportaciones de aceite de oliva\"},\"previousItem\":{\"@type\":\"ListItem\",\"@id\":\"https:\\\/\\\/www.eldigitaldeasturias.com\\\/noticias#listItem\",\"name\":\"Home\"}},{\"@type\":\"ListItem\",\"@id\":\"https:\\\/\\\/www.eldigitaldeasturias.com\\\/noticias\\\/aumentan-las-exportaciones-de-aceite-de-oliva\\\/#listItem\",\"position\":3,\"name\":\"Aumentan las exportaciones de aceite de oliva\",\"previousItem\":{\"@type\":\"ListItem\",\"@id\":\"https:\\\/\\\/www.eldigitaldeasturias.com\\\/noticias\\\/category\\\/actualidad\\\/#listItem\",\"name\":\"Actualidad\"}}]},{\"@type\":\"Organization\",\"@id\":\"https:\\\/\\\/www.eldigitaldeasturias.com\\\/noticias\\\/#organization\",\"name\":\"El Digital de Asturias\",\"description\":\"Hemeroteca\",\"url\":\"https:\\\/\\\/www.eldigitaldeasturias.com\\\/noticias\\\/\",\"email\":\"info@eldigitaldeasturias.com\",\"telephone\":\"+34652131393\",\"logo\":{\"@type\":\"ImageObject\",\"url\":\"https:\\\/\\\/www.eldigitaldeasturias.com\\\/noticias\\\/wp-content\\\/uploads\\\/2020\\\/12\\\/EDA.jpg\",\"@id\":\"https:\\\/\\\/www.eldigitaldeasturias.com\\\/noticias\\\/aumentan-las-exportaciones-de-aceite-de-oliva\\\/#organizationLogo\"},\"image\":{\"@id\":\"https:\\\/\\\/www.eldigitaldeasturias.com\\\/noticias\\\/aumentan-las-exportaciones-de-aceite-de-oliva\\\/#organizationLogo\"},\"sameAs\":[\"https:\\\/\\\/facebook.com\\\/eldigitaldeasturias\",\"https:\\\/\\\/www.youtube.com\\\/channel\\\/UCZP-2wLEB9Rv6erhFmqVnvg\"],\"address\":{\"@id\":\"https:\\\/\\\/www.eldigitaldeasturias.com\\\/noticias\\\/#postaladdress\",\"@type\":\"PostalAddress\",\"streetAddress\":\"san antonio 4\",\"postalCode\":\"33430\",\"addressLocality\":\"Cand\\u00e1s\",\"addressRegion\":\"Asturias\",\"addressCountry\":\"ES\"}},{\"@type\":\"Person\",\"@id\":\"https:\\\/\\\/www.eldigitaldeasturias.com\\\/noticias\\\/author\\\/admin\\\/#author\",\"url\":\"https:\\\/\\\/www.eldigitaldeasturias.com\\\/noticias\\\/author\\\/admin\\\/\",\"name\":\"El Digital de Asturias\",\"image\":{\"@type\":\"ImageObject\",\"@id\":\"https:\\\/\\\/www.eldigitaldeasturias.com\\\/noticias\\\/aumentan-las-exportaciones-de-aceite-de-oliva\\\/#authorImage\",\"url\":\"https:\\\/\\\/secure.gravatar.com\\\/avatar\\\/df2aeffc32bcd13f8d26072ef8a91b623d677766deac7f97ca815868cd41bf5e?s=96&d=mm&r=g\",\"width\":96,\"height\":96,\"caption\":\"El Digital de Asturias\"}},{\"@type\":\"WebPage\",\"@id\":\"https:\\\/\\\/www.eldigitaldeasturias.com\\\/noticias\\\/aumentan-las-exportaciones-de-aceite-de-oliva\\\/#webpage\",\"url\":\"https:\\\/\\\/www.eldigitaldeasturias.com\\\/noticias\\\/aumentan-las-exportaciones-de-aceite-de-oliva\\\/\",\"name\":\"Aumentan las exportaciones de aceite de oliva - El Digital de Asturias\",\"description\":\"La ministra de Agricultura y Pesca, Alimentaci\\u00f3n y Medio Ambiente, Isabel Garc\\u00eda Tejerina, ha subrayado que Espa\\u00f1a es el primer productor y exportador mundial de aceite de oliva, con la mayor superficie de olivar y el mayor n\\u00famero de olivos del mundo. En este contexto, la ministra entiende que este sector es y debe seguir\",\"inLanguage\":\"es-ES\",\"isPartOf\":{\"@id\":\"https:\\\/\\\/www.eldigitaldeasturias.com\\\/noticias\\\/#website\"},\"breadcrumb\":{\"@id\":\"https:\\\/\\\/www.eldigitaldeasturias.com\\\/noticias\\\/aumentan-las-exportaciones-de-aceite-de-oliva\\\/#breadcrumblist\"},\"author\":{\"@id\":\"https:\\\/\\\/www.eldigitaldeasturias.com\\\/noticias\\\/author\\\/admin\\\/#author\"},\"creator\":{\"@id\":\"https:\\\/\\\/www.eldigitaldeasturias.com\\\/noticias\\\/author\\\/admin\\\/#author\"},\"image\":{\"@type\":\"ImageObject\",\"url\":943779,\"@id\":\"https:\\\/\\\/www.eldigitaldeasturias.com\\\/noticias\\\/aumentan-las-exportaciones-de-aceite-de-oliva\\\/#mainImage\"},\"primaryImageOfPage\":{\"@id\":\"https:\\\/\\\/www.eldigitaldeasturias.com\\\/noticias\\\/aumentan-las-exportaciones-de-aceite-de-oliva\\\/#mainImage\"},\"datePublished\":\"2017-09-12T17:15:09+02:00\",\"dateModified\":\"2017-09-12T17:15:09+02:00\"},{\"@type\":\"WebSite\",\"@id\":\"https:\\\/\\\/www.eldigitaldeasturias.com\\\/noticias\\\/#website\",\"url\":\"https:\\\/\\\/www.eldigitaldeasturias.com\\\/noticias\\\/\",\"name\":\"El Digital de Asturias - Diario de actualidad y noticias\",\"alternateName\":\"El Digital de Asturias - Diario de actualidad y noticias\",\"description\":\"Hemeroteca\",\"inLanguage\":\"es-ES\",\"publisher\":{\"@id\":\"https:\\\/\\\/www.eldigitaldeasturias.com\\\/noticias\\\/#organization\"}}]}\n\t\t<\/script>\n\t\t<!-- All in One SEO Pro -->\r\n\t\t<title>Aumentan las exportaciones de aceite de oliva - El Digital de Asturias<\/title>\n\n","aioseo_head_json":{"title":"Aumentan las exportaciones de aceite de oliva - El Digital de Asturias","description":"La ministra de Agricultura y Pesca, Alimentaci\u00f3n y Medio Ambiente, Isabel Garc\u00eda Tejerina, ha subrayado que Espa\u00f1a es el primer productor y exportador mundial de aceite de oliva, con la mayor superficie de olivar y el mayor n\u00famero de olivos del mundo. En este contexto, la ministra entiende que este sector es y debe seguir","canonical_url":"https:\/\/www.eldigitaldeasturias.com\/noticias\/aumentan-las-exportaciones-de-aceite-de-oliva\/","robots":"max-image-preview:large","keywords":"actualidad","webmasterTools":{"google-site-verification":"UA-38556648-1","msvalidate.01":"7dfe9f3f1b24437ab69f4f2559babe99","miscellaneous":""},"schema":{"@context":"https:\/\/schema.org","@graph":[{"@type":"BlogPosting","@id":"https:\/\/www.eldigitaldeasturias.com\/noticias\/aumentan-las-exportaciones-de-aceite-de-oliva\/#blogposting","name":"Aumentan las exportaciones de aceite de oliva - El Digital de Asturias","headline":"Aumentan las exportaciones de aceite de oliva","author":{"@id":"https:\/\/www.eldigitaldeasturias.com\/noticias\/author\/admin\/#author"},"publisher":{"@id":"https:\/\/www.eldigitaldeasturias.com\/noticias\/#organization"},"image":{"@type":"ImageObject","url":943779},"datePublished":"2017-09-12T17:15:09+02:00","dateModified":"2017-09-12T17:15:09+02:00","inLanguage":"es-ES","mainEntityOfPage":{"@id":"https:\/\/www.eldigitaldeasturias.com\/noticias\/aumentan-las-exportaciones-de-aceite-de-oliva\/#webpage"},"isPartOf":{"@id":"https:\/\/www.eldigitaldeasturias.com\/noticias\/aumentan-las-exportaciones-de-aceite-de-oliva\/#webpage"},"articleSection":"Actualidad"},{"@type":"BreadcrumbList","@id":"https:\/\/www.eldigitaldeasturias.com\/noticias\/aumentan-las-exportaciones-de-aceite-de-oliva\/#breadcrumblist","itemListElement":[{"@type":"ListItem","@id":"https:\/\/www.eldigitaldeasturias.com\/noticias#listItem","position":1,"name":"Home","item":"https:\/\/www.eldigitaldeasturias.com\/noticias","nextItem":{"@type":"ListItem","@id":"https:\/\/www.eldigitaldeasturias.com\/noticias\/category\/actualidad\/#listItem","name":"Actualidad"}},{"@type":"ListItem","@id":"https:\/\/www.eldigitaldeasturias.com\/noticias\/category\/actualidad\/#listItem","position":2,"name":"Actualidad","item":"https:\/\/www.eldigitaldeasturias.com\/noticias\/category\/actualidad\/","nextItem":{"@type":"ListItem","@id":"https:\/\/www.eldigitaldeasturias.com\/noticias\/aumentan-las-exportaciones-de-aceite-de-oliva\/#listItem","name":"Aumentan las exportaciones de aceite de oliva"},"previousItem":{"@type":"ListItem","@id":"https:\/\/www.eldigitaldeasturias.com\/noticias#listItem","name":"Home"}},{"@type":"ListItem","@id":"https:\/\/www.eldigitaldeasturias.com\/noticias\/aumentan-las-exportaciones-de-aceite-de-oliva\/#listItem","position":3,"name":"Aumentan las exportaciones de aceite de oliva","previousItem":{"@type":"ListItem","@id":"https:\/\/www.eldigitaldeasturias.com\/noticias\/category\/actualidad\/#listItem","name":"Actualidad"}}]},{"@type":"Organization","@id":"https:\/\/www.eldigitaldeasturias.com\/noticias\/#organization","name":"El Digital de Asturias","description":"Hemeroteca","url":"https:\/\/www.eldigitaldeasturias.com\/noticias\/","email":"info@eldigitaldeasturias.com","telephone":"+34652131393","logo":{"@type":"ImageObject","url":"https:\/\/www.eldigitaldeasturias.com\/noticias\/wp-content\/uploads\/2020\/12\/EDA.jpg","@id":"https:\/\/www.eldigitaldeasturias.com\/noticias\/aumentan-las-exportaciones-de-aceite-de-oliva\/#organizationLogo"},"image":{"@id":"https:\/\/www.eldigitaldeasturias.com\/noticias\/aumentan-las-exportaciones-de-aceite-de-oliva\/#organizationLogo"},"sameAs":["https:\/\/facebook.com\/eldigitaldeasturias","https:\/\/www.youtube.com\/channel\/UCZP-2wLEB9Rv6erhFmqVnvg"],"address":{"@id":"https:\/\/www.eldigitaldeasturias.com\/noticias\/#postaladdress","@type":"PostalAddress","streetAddress":"san antonio 4","postalCode":"33430","addressLocality":"Cand\u00e1s","addressRegion":"Asturias","addressCountry":"ES"}},{"@type":"Person","@id":"https:\/\/www.eldigitaldeasturias.com\/noticias\/author\/admin\/#author","url":"https:\/\/www.eldigitaldeasturias.com\/noticias\/author\/admin\/","name":"El Digital de Asturias","image":{"@type":"ImageObject","@id":"https:\/\/www.eldigitaldeasturias.com\/noticias\/aumentan-las-exportaciones-de-aceite-de-oliva\/#authorImage","url":"https:\/\/secure.gravatar.com\/avatar\/df2aeffc32bcd13f8d26072ef8a91b623d677766deac7f97ca815868cd41bf5e?s=96&d=mm&r=g","width":96,"height":96,"caption":"El Digital de Asturias"}},{"@type":"WebPage","@id":"https:\/\/www.eldigitaldeasturias.com\/noticias\/aumentan-las-exportaciones-de-aceite-de-oliva\/#webpage","url":"https:\/\/www.eldigitaldeasturias.com\/noticias\/aumentan-las-exportaciones-de-aceite-de-oliva\/","name":"Aumentan las exportaciones de aceite de oliva - El Digital de Asturias","description":"La ministra de Agricultura y Pesca, Alimentaci\u00f3n y Medio Ambiente, Isabel Garc\u00eda Tejerina, ha subrayado que Espa\u00f1a es el primer productor y exportador mundial de aceite de oliva, con la mayor superficie de olivar y el mayor n\u00famero de olivos del mundo. En este contexto, la ministra entiende que este sector es y debe seguir","inLanguage":"es-ES","isPartOf":{"@id":"https:\/\/www.eldigitaldeasturias.com\/noticias\/#website"},"breadcrumb":{"@id":"https:\/\/www.eldigitaldeasturias.com\/noticias\/aumentan-las-exportaciones-de-aceite-de-oliva\/#breadcrumblist"},"author":{"@id":"https:\/\/www.eldigitaldeasturias.com\/noticias\/author\/admin\/#author"},"creator":{"@id":"https:\/\/www.eldigitaldeasturias.com\/noticias\/author\/admin\/#author"},"image":{"@type":"ImageObject","url":943779,"@id":"https:\/\/www.eldigitaldeasturias.com\/noticias\/aumentan-las-exportaciones-de-aceite-de-oliva\/#mainImage"},"primaryImageOfPage":{"@id":"https:\/\/www.eldigitaldeasturias.com\/noticias\/aumentan-las-exportaciones-de-aceite-de-oliva\/#mainImage"},"datePublished":"2017-09-12T17:15:09+02:00","dateModified":"2017-09-12T17:15:09+02:00"},{"@type":"WebSite","@id":"https:\/\/www.eldigitaldeasturias.com\/noticias\/#website","url":"https:\/\/www.eldigitaldeasturias.com\/noticias\/","name":"El Digital de Asturias - Diario de actualidad y noticias","alternateName":"El Digital de Asturias - Diario de actualidad y noticias","description":"Hemeroteca","inLanguage":"es-ES","publisher":{"@id":"https:\/\/www.eldigitaldeasturias.com\/noticias\/#organization"}}]},"og:locale":"es_ES","og:site_name":"El Digital de Asturias","og:type":"article","og:title":"Aumentan las exportaciones de aceite de oliva - El Digital de Asturias","og:description":"La ministra de Agricultura y Pesca, Alimentaci\u00f3n y Medio Ambiente, Isabel Garc\u00eda Tejerina, ha subrayado que Espa\u00f1a es el primer productor y exportador mundial de aceite de oliva, con la mayor superficie de olivar y el mayor n\u00famero de olivos del mundo. En este contexto, la ministra entiende que este sector es y debe seguir","og:url":"https:\/\/www.eldigitaldeasturias.com\/noticias\/aumentan-las-exportaciones-de-aceite-de-oliva\/","article:tag":["actualidad"],"article:published_time":"2017-09-12T17:15:09+00:00","article:modified_time":"2017-09-12T17:15:09+00:00","article:publisher":"https:\/\/facebook.com\/eldigitaldeasturias","twitter:card":"summary_large_image","twitter:title":"Aumentan las exportaciones de aceite de oliva - El Digital de Asturias","twitter:description":"La ministra de Agricultura y Pesca, Alimentaci\u00f3n y Medio Ambiente, Isabel Garc\u00eda Tejerina, ha subrayado que Espa\u00f1a es el primer productor y exportador mundial de aceite de oliva, con la mayor superficie de olivar y el mayor n\u00famero de olivos del mundo. En este contexto, la ministra entiende que este sector es y debe seguir","twitter:image":"https:\/\/www.eldigitaldeasturias.com\/noticias\/wp-content\/uploads\/2020\/12\/EDA-1.jpg","twitter:label1":"Escrito por","twitter:data1":"El Digital de Asturias","twitter:label2":"Tiempo de lectura estimado","twitter:data2":"3 minutos"},"aioseo_meta_data":{"post_id":"952595","title":null,"description":null,"keywords":null,"keyphrases":null,"primary_term":null,"canonical_url":null,"og_title":null,"og_description":null,"og_object_type":"default","og_image_type":"default","og_image_url":null,"og_image_width":null,"og_image_height":null,"og_image_custom_url":null,"og_image_custom_fields":null,"og_video":null,"og_custom_url":null,"og_article_section":null,"og_article_tags":null,"twitter_use_og":false,"twitter_card":"default","twitter_image_type":"default","twitter_image_url":null,"twitter_image_custom_url":null,"twitter_image_custom_fields":null,"twitter_title":null,"twitter_description":null,"schema":{"blockGraphs":[],"customGraphs":[],"default":{"data":{"Article":[],"Course":[],"Dataset":[],"FAQPage":[],"Movie":[],"Person":[],"Product":[],"ProductReview":[],"Car":[],"Recipe":[],"Service":[],"SoftwareApplication":[],"WebPage":[]},"graphName":"","isEnabled":true},"graphs":[],"defaultGraph":"","defaultPostTypeGraph":""},"schema_type":null,"schema_type_options":null,"pillar_content":false,"robots_default":true,"robots_noindex":false,"robots_noarchive":false,"robots_nosnippet":false,"robots_nofollow":false,"robots_noimageindex":false,"robots_noodp":false,"robots_notranslate":false,"robots_max_snippet":null,"robots_max_videopreview":null,"robots_max_imagepreview":"large","priority":null,"frequency":null,"local_seo":null,"seo_analyzer_scan_date":"2025-12-05 23:30:34","breadcrumb_settings":null,"limit_modified_date":false,"open_ai":null,"ai":null,"created":"2020-12-21 12:57:40","updated":"2025-12-05 23:30:34","focus_keyword":null,"additional_keywords":null,"truseo_locale":null},"aioseo_breadcrumb":"<div class=\"aioseo-breadcrumbs\"><span class=\"aioseo-breadcrumb\">\n\t<a href=\"https:\/\/www.eldigitaldeasturias.com\/noticias\" title=\"Home\">Home<\/a>\n<\/span><span class=\"aioseo-breadcrumb-separator\">\u2013<\/span><span class=\"aioseo-breadcrumb\">\n\t<a href=\"https:\/\/www.eldigitaldeasturias.com\/noticias\/category\/actualidad\/\" title=\"Actualidad\">Actualidad<\/a>\n<\/span><span class=\"aioseo-breadcrumb-separator\">\u2013<\/span><span class=\"aioseo-breadcrumb\">\n\t<a href=\"https:\/\/www.eldigitaldeasturias.com\/noticias\/aumentan-las-exportaciones-de-aceite-de-oliva\/\" title=\"Aumentan las exportaciones de aceite de oliva\">Aumentan las exportaciones de aceite de oliva<\/a>\n<\/span><\/div>","aioseo_breadcrumb_json":[{"label":"Home","link":"https:\/\/www.eldigitaldeasturias.com\/noticias"},{"label":"Actualidad","link":"https:\/\/www.eldigitaldeasturias.com\/noticias\/category\/actualidad\/"},{"label":"Aumentan las exportaciones de aceite de oliva","link":"https:\/\/www.eldigitaldeasturias.com\/noticias\/aumentan-las-exportaciones-de-aceite-de-oliva\/"}],"_links":{"self":[{"href":"https:\/\/www.eldigitaldeasturias.com\/noticias\/wp-json\/wp\/v2\/posts\/952595","targetHints":{"allow":["GET"]}}],"collection":[{"href":"https:\/\/www.eldigitaldeasturias.com\/noticias\/wp-json\/wp\/v2\/posts"}],"about":[{"href":"https:\/\/www.eldigitaldeasturias.com\/noticias\/wp-json\/wp\/v2\/types\/post"}],"author":[{"embeddable":true,"href":"https:\/\/www.eldigitaldeasturias.com\/noticias\/wp-json\/wp\/v2\/users\/1"}],"replies":[{"embeddable":true,"href":"https:\/\/www.eldigitaldeasturias.com\/noticias\/wp-json\/wp\/v2\/comments?post=952595"}],"version-history":[{"count":0,"href":"https:\/\/www.eldigitaldeasturias.com\/noticias\/wp-json\/wp\/v2\/posts\/952595\/revisions"}],"wp:attachment":[{"href":"https:\/\/www.eldigitaldeasturias.com\/noticias\/wp-json\/wp\/v2\/media?parent=952595"}],"wp:term":[{"taxonomy":"category","embeddable":true,"href":"https:\/\/www.eldigitaldeasturias.com\/noticias\/wp-json\/wp\/v2\/categories?post=952595"},{"taxonomy":"post_tag","embeddable":true,"href":"https:\/\/www.eldigitaldeasturias.com\/noticias\/wp-json\/wp\/v2\/tags?post=952595"}],"curies":[{"name":"wp","href":"https:\/\/api.w.org\/{rel}","templated":true}]}}