{"id":952528,"date":"2017-09-12T09:02:51","date_gmt":"2017-09-12T09:02:51","guid":{"rendered":"http:\/\/www.eldigitaldeasturias.com\/noticias\/?p=952528"},"modified":"2017-09-12T09:02:51","modified_gmt":"2017-09-12T09:02:51","slug":"fomento-se-reunira-con-el-sepla-para-tratar-la-implantacion-del-reglamento-de-la-ue-sobre-el-uso-del-ingles","status":"publish","type":"post","link":"https:\/\/www.eldigitaldeasturias.com\/noticias\/fomento-se-reunira-con-el-sepla-para-tratar-la-implantacion-del-reglamento-de-la-ue-sobre-el-uso-del-ingles\/","title":{"rendered":"Fomento se reunir\u00e1 con el SEPLA para tratar la implantaci\u00f3n del Reglamento de la UE sobre el uso del ingl\u00e9s"},"content":{"rendered":"<p><img loading=\"lazy\" decoding=\"async\" class=\"alignleft size-medium wp-image-952529\" src=\"https:\/\/www.eldigitaldeasturias.com\/noticias\/wp-content\/uploads\/2017\/09\/TorredeControl-360x239.jpg\" alt=\"\" width=\"360\" height=\"239\" \/>El Ministerio de Fomento se reunir\u00e1 con el SEPLA en los pr\u00f3ximos d\u00edas para abordar el uso del ingl\u00e9s en las comunicaciones entre pilotos y controladores en los aeropuertos con mayor tr\u00e1fico internacional, por razones de seguridad del tr\u00e1fico a\u00e9reo.<\/p>\n<p>El pr\u00f3ximo d\u00eda 12 de octubre entra en vigor el Reglamento de Ejecuci\u00f3n (UE) 2016\/1185 de la Comisi\u00f3n de 20 de julio de 2016 (Reglamento \u00abSERA C\u00bb) que establece, entre otras cuestiones, el uso obligatorio del ingl\u00e9s en las comunicaciones entre la aeronave y el controlador, en los aeropuertos con m\u00e1s de 50.000 operaciones a\u00e9reas instrumentales internacionales, por razones de seguridad del tr\u00e1fico a\u00e9reo.<\/p>\n<p>En Espa\u00f1a esta medida afectar\u00e1 a siete aeropuertos: Adolfo Suarez Madrid-Barajas, Alicante-Elche, Barcelona-El Prat, Gran Canaria, M\u00e1laga-Costa del Sol, Palma de Mallorca y Tenerife Sur-Reina Sof\u00eda.<\/p>\n<p>De acuerdo con el Reglamento, en estos aeropuertos el ingl\u00e9s tendr\u00e1 que ser empleado siempre en las comunicaciones entre la torre de control y las aeronaves que est\u00e1n cerca del aeropuerto (a unos ocho kil\u00f3metros), las que acaban de aterrizar o las que se preparan para despegar.<\/p>\n<p>El Ministerio de Fomento est\u00e1 tramitando un Proyecto de Real Decreto, elaborado de forma conjunta por AESA y la Direcci\u00f3n General de Aviaci\u00f3n Civil, para implementar esta normativa en Espa\u00f1a. En la tramitaci\u00f3n de este Real Decreto se est\u00e1n considerando todos los informes recibidos en el tr\u00e1mite de audiencia, entre ellos el de SEPLA, que defiende el uso de un \u00fanico idioma en estas comunicaciones cuando en la frecuencia-radio todos los pilotos a la escucha hablen el mismo idioma, sin que necesariamente tenga que ser el ingl\u00e9s.<\/p>\n<p>Para abordar este asunto, el Ministerio de Fomento ha convocado a SEPLA a una reuni\u00f3n, teniendo en cuenta que la prioridad de la normativa que se establezca ser\u00e1 la b\u00fasqueda de los mayores niveles de seguridad.<\/p>\n","protected":false},"excerpt":{"rendered":"<p>El Ministerio de Fomento se reunir\u00e1 con el SEPLA en los pr\u00f3ximos d\u00edas para abordar el uso del ingl\u00e9s en las comunicaciones entre pilotos y controladores en los aeropuertos con mayor tr\u00e1fico internacional, por razones de seguridad del tr\u00e1fico a\u00e9reo. El pr\u00f3ximo d\u00eda 12 de octubre entra en vigor el Reglamento de Ejecuci\u00f3n (UE) 2016\/1185 [&hellip;]<\/p>\n","protected":false},"author":1,"featured_media":952529,"comment_status":"closed","ping_status":"closed","sticky":false,"template":"","format":"standard","meta":{"footnotes":""},"categories":[1],"tags":[],"class_list":["post-952528","post","type-post","status-publish","format-standard","has-post-thumbnail","hentry","category-actualidad"],"aioseo_notices":[],"aioseo_head":"\n\t\t<!-- All in One SEO Pro 5.0.1 - aioseo.com -->\n\t<meta name=\"description\" content=\"El Ministerio de Fomento se reunir\u00e1 con el SEPLA en los pr\u00f3ximos d\u00edas para abordar el uso del ingl\u00e9s en las comunicaciones entre pilotos y controladores en los aeropuertos con mayor tr\u00e1fico internacional, por razones de seguridad del tr\u00e1fico a\u00e9reo. El pr\u00f3ximo d\u00eda 12 de octubre entra en vigor el Reglamento de Ejecuci\u00f3n (UE) 2016\/1185\" \/>\n\t<meta name=\"robots\" content=\"max-image-preview:large\" \/>\n\t<meta name=\"author\" content=\"El Digital de Asturias\"\/>\n\t<meta name=\"google-site-verification\" content=\"UA-38556648-1\" \/>\n\t<meta name=\"msvalidate.01\" content=\"7dfe9f3f1b24437ab69f4f2559babe99\" \/>\n\t<meta name=\"keywords\" content=\"actualidad\" \/>\n\t<link rel=\"canonical\" href=\"https:\/\/www.eldigitaldeasturias.com\/noticias\/fomento-se-reunira-con-el-sepla-para-tratar-la-implantacion-del-reglamento-de-la-ue-sobre-el-uso-del-ingles\/\" \/>\n\t<meta name=\"generator\" content=\"All in One SEO Pro (AIOSEO) 5.0.1\" \/>\n\t\t<meta property=\"og:locale\" content=\"es_ES\" \/>\n\t\t<meta property=\"og:site_name\" content=\"El Digital de Asturias\" \/>\n\t\t<meta property=\"og:type\" content=\"article\" \/>\n\t\t<meta property=\"og:title\" content=\"Fomento se reunir\u00e1 con el SEPLA para tratar la implantaci\u00f3n del Reglamento de la UE sobre el uso del ingl\u00e9s - El Digital de Asturias\" \/>\n\t\t<meta property=\"og:description\" content=\"El Ministerio de Fomento se reunir\u00e1 con el SEPLA en los pr\u00f3ximos d\u00edas para abordar el uso del ingl\u00e9s en las comunicaciones entre pilotos y controladores en los aeropuertos con mayor tr\u00e1fico internacional, por razones de seguridad del tr\u00e1fico a\u00e9reo. El pr\u00f3ximo d\u00eda 12 de octubre entra en vigor el Reglamento de Ejecuci\u00f3n (UE) 2016\/1185\" \/>\n\t\t<meta property=\"og:url\" content=\"https:\/\/www.eldigitaldeasturias.com\/noticias\/fomento-se-reunira-con-el-sepla-para-tratar-la-implantacion-del-reglamento-de-la-ue-sobre-el-uso-del-ingles\/\" \/>\n\t\t<meta property=\"article:tag\" content=\"actualidad\" \/>\n\t\t<meta property=\"article:published_time\" content=\"2017-09-12T09:02:51+00:00\" \/>\n\t\t<meta property=\"article:modified_time\" content=\"2017-09-12T09:02:51+00:00\" \/>\n\t\t<meta property=\"article:publisher\" content=\"https:\/\/facebook.com\/eldigitaldeasturias\" \/>\n\t\t<meta name=\"twitter:card\" content=\"summary_large_image\" \/>\n\t\t<meta name=\"twitter:title\" content=\"Fomento se reunir\u00e1 con el SEPLA para tratar la implantaci\u00f3n del Reglamento de la UE sobre el uso del ingl\u00e9s - El Digital de Asturias\" \/>\n\t\t<meta name=\"twitter:description\" content=\"El Ministerio de Fomento se reunir\u00e1 con el SEPLA en los pr\u00f3ximos d\u00edas para abordar el uso del ingl\u00e9s en las comunicaciones entre pilotos y controladores en los aeropuertos con mayor tr\u00e1fico internacional, por razones de seguridad del tr\u00e1fico a\u00e9reo. El pr\u00f3ximo d\u00eda 12 de octubre entra en vigor el Reglamento de Ejecuci\u00f3n (UE) 2016\/1185\" \/>\n\t\t<meta name=\"twitter:image\" content=\"https:\/\/www.eldigitaldeasturias.com\/noticias\/wp-content\/uploads\/2020\/12\/EDA-1.jpg\" \/>\n\t\t<meta name=\"twitter:label1\" content=\"Escrito por\" \/>\n\t\t<meta name=\"twitter:data1\" content=\"El Digital de Asturias\" \/>\n\t\t<meta name=\"twitter:label2\" content=\"Tiempo de lectura estimado\" \/>\n\t\t<meta name=\"twitter:data2\" content=\"2 minutos\" \/>\n\t\t<script type=\"application\/ld+json\" class=\"aioseo-schema\">\n\t\t\t{\"@context\":\"https:\\\/\\\/schema.org\",\"@graph\":[{\"@type\":\"BlogPosting\",\"@id\":\"https:\\\/\\\/www.eldigitaldeasturias.com\\\/noticias\\\/fomento-se-reunira-con-el-sepla-para-tratar-la-implantacion-del-reglamento-de-la-ue-sobre-el-uso-del-ingles\\\/#blogposting\",\"name\":\"Fomento se reunir\\u00e1 con el SEPLA para tratar la implantaci\\u00f3n del Reglamento de la UE sobre el uso del ingl\\u00e9s - El Digital de Asturias\",\"headline\":\"Fomento se reunir\\u00e1 con el SEPLA para tratar la implantaci\\u00f3n del Reglamento de la UE sobre el uso del ingl\\u00e9s\",\"author\":{\"@id\":\"https:\\\/\\\/www.eldigitaldeasturias.com\\\/noticias\\\/author\\\/admin\\\/#author\"},\"publisher\":{\"@id\":\"https:\\\/\\\/www.eldigitaldeasturias.com\\\/noticias\\\/#organization\"},\"image\":{\"@type\":\"ImageObject\",\"url\":952529},\"datePublished\":\"2017-09-12T09:02:51+02:00\",\"dateModified\":\"2017-09-12T09:02:51+02:00\",\"inLanguage\":\"es-ES\",\"mainEntityOfPage\":{\"@id\":\"https:\\\/\\\/www.eldigitaldeasturias.com\\\/noticias\\\/fomento-se-reunira-con-el-sepla-para-tratar-la-implantacion-del-reglamento-de-la-ue-sobre-el-uso-del-ingles\\\/#webpage\"},\"isPartOf\":{\"@id\":\"https:\\\/\\\/www.eldigitaldeasturias.com\\\/noticias\\\/fomento-se-reunira-con-el-sepla-para-tratar-la-implantacion-del-reglamento-de-la-ue-sobre-el-uso-del-ingles\\\/#webpage\"},\"articleSection\":\"Actualidad\"},{\"@type\":\"BreadcrumbList\",\"@id\":\"https:\\\/\\\/www.eldigitaldeasturias.com\\\/noticias\\\/fomento-se-reunira-con-el-sepla-para-tratar-la-implantacion-del-reglamento-de-la-ue-sobre-el-uso-del-ingles\\\/#breadcrumblist\",\"itemListElement\":[{\"@type\":\"ListItem\",\"@id\":\"https:\\\/\\\/www.eldigitaldeasturias.com\\\/noticias#listItem\",\"position\":1,\"name\":\"Home\",\"item\":\"https:\\\/\\\/www.eldigitaldeasturias.com\\\/noticias\",\"nextItem\":{\"@type\":\"ListItem\",\"@id\":\"https:\\\/\\\/www.eldigitaldeasturias.com\\\/noticias\\\/category\\\/actualidad\\\/#listItem\",\"name\":\"Actualidad\"}},{\"@type\":\"ListItem\",\"@id\":\"https:\\\/\\\/www.eldigitaldeasturias.com\\\/noticias\\\/category\\\/actualidad\\\/#listItem\",\"position\":2,\"name\":\"Actualidad\",\"item\":\"https:\\\/\\\/www.eldigitaldeasturias.com\\\/noticias\\\/category\\\/actualidad\\\/\",\"nextItem\":{\"@type\":\"ListItem\",\"@id\":\"https:\\\/\\\/www.eldigitaldeasturias.com\\\/noticias\\\/fomento-se-reunira-con-el-sepla-para-tratar-la-implantacion-del-reglamento-de-la-ue-sobre-el-uso-del-ingles\\\/#listItem\",\"name\":\"Fomento se reunir\\u00e1 con el SEPLA para tratar la implantaci\\u00f3n del Reglamento de la UE sobre el uso del ingl\\u00e9s\"},\"previousItem\":{\"@type\":\"ListItem\",\"@id\":\"https:\\\/\\\/www.eldigitaldeasturias.com\\\/noticias#listItem\",\"name\":\"Home\"}},{\"@type\":\"ListItem\",\"@id\":\"https:\\\/\\\/www.eldigitaldeasturias.com\\\/noticias\\\/fomento-se-reunira-con-el-sepla-para-tratar-la-implantacion-del-reglamento-de-la-ue-sobre-el-uso-del-ingles\\\/#listItem\",\"position\":3,\"name\":\"Fomento se reunir\\u00e1 con el SEPLA para tratar la implantaci\\u00f3n del Reglamento de la UE sobre el uso del ingl\\u00e9s\",\"previousItem\":{\"@type\":\"ListItem\",\"@id\":\"https:\\\/\\\/www.eldigitaldeasturias.com\\\/noticias\\\/category\\\/actualidad\\\/#listItem\",\"name\":\"Actualidad\"}}]},{\"@type\":\"Organization\",\"@id\":\"https:\\\/\\\/www.eldigitaldeasturias.com\\\/noticias\\\/#organization\",\"name\":\"El Digital de Asturias\",\"description\":\"Hemeroteca\",\"url\":\"https:\\\/\\\/www.eldigitaldeasturias.com\\\/noticias\\\/\",\"email\":\"info@eldigitaldeasturias.com\",\"telephone\":\"+34652131393\",\"logo\":{\"@type\":\"ImageObject\",\"url\":\"https:\\\/\\\/www.eldigitaldeasturias.com\\\/noticias\\\/wp-content\\\/uploads\\\/2020\\\/12\\\/EDA.jpg\",\"@id\":\"https:\\\/\\\/www.eldigitaldeasturias.com\\\/noticias\\\/fomento-se-reunira-con-el-sepla-para-tratar-la-implantacion-del-reglamento-de-la-ue-sobre-el-uso-del-ingles\\\/#organizationLogo\"},\"image\":{\"@id\":\"https:\\\/\\\/www.eldigitaldeasturias.com\\\/noticias\\\/fomento-se-reunira-con-el-sepla-para-tratar-la-implantacion-del-reglamento-de-la-ue-sobre-el-uso-del-ingles\\\/#organizationLogo\"},\"sameAs\":[\"https:\\\/\\\/facebook.com\\\/eldigitaldeasturias\",\"https:\\\/\\\/www.youtube.com\\\/channel\\\/UCZP-2wLEB9Rv6erhFmqVnvg\"],\"address\":{\"@id\":\"https:\\\/\\\/www.eldigitaldeasturias.com\\\/noticias\\\/#postaladdress\",\"@type\":\"PostalAddress\",\"streetAddress\":\"san antonio 4\",\"postalCode\":\"33430\",\"addressLocality\":\"Cand\\u00e1s\",\"addressRegion\":\"Asturias\",\"addressCountry\":\"ES\"}},{\"@type\":\"Person\",\"@id\":\"https:\\\/\\\/www.eldigitaldeasturias.com\\\/noticias\\\/author\\\/admin\\\/#author\",\"url\":\"https:\\\/\\\/www.eldigitaldeasturias.com\\\/noticias\\\/author\\\/admin\\\/\",\"name\":\"El Digital de Asturias\",\"image\":{\"@type\":\"ImageObject\",\"@id\":\"https:\\\/\\\/www.eldigitaldeasturias.com\\\/noticias\\\/fomento-se-reunira-con-el-sepla-para-tratar-la-implantacion-del-reglamento-de-la-ue-sobre-el-uso-del-ingles\\\/#authorImage\",\"url\":\"https:\\\/\\\/secure.gravatar.com\\\/avatar\\\/df2aeffc32bcd13f8d26072ef8a91b623d677766deac7f97ca815868cd41bf5e?s=96&d=mm&r=g\",\"width\":96,\"height\":96,\"caption\":\"El Digital de Asturias\"}},{\"@type\":\"WebPage\",\"@id\":\"https:\\\/\\\/www.eldigitaldeasturias.com\\\/noticias\\\/fomento-se-reunira-con-el-sepla-para-tratar-la-implantacion-del-reglamento-de-la-ue-sobre-el-uso-del-ingles\\\/#webpage\",\"url\":\"https:\\\/\\\/www.eldigitaldeasturias.com\\\/noticias\\\/fomento-se-reunira-con-el-sepla-para-tratar-la-implantacion-del-reglamento-de-la-ue-sobre-el-uso-del-ingles\\\/\",\"name\":\"Fomento se reunir\\u00e1 con el SEPLA para tratar la implantaci\\u00f3n del Reglamento de la UE sobre el uso del ingl\\u00e9s - El Digital de Asturias\",\"description\":\"El Ministerio de Fomento se reunir\\u00e1 con el SEPLA en los pr\\u00f3ximos d\\u00edas para abordar el uso del ingl\\u00e9s en las comunicaciones entre pilotos y controladores en los aeropuertos con mayor tr\\u00e1fico internacional, por razones de seguridad del tr\\u00e1fico a\\u00e9reo. El pr\\u00f3ximo d\\u00eda 12 de octubre entra en vigor el Reglamento de Ejecuci\\u00f3n (UE) 2016\\\/1185\",\"inLanguage\":\"es-ES\",\"isPartOf\":{\"@id\":\"https:\\\/\\\/www.eldigitaldeasturias.com\\\/noticias\\\/#website\"},\"breadcrumb\":{\"@id\":\"https:\\\/\\\/www.eldigitaldeasturias.com\\\/noticias\\\/fomento-se-reunira-con-el-sepla-para-tratar-la-implantacion-del-reglamento-de-la-ue-sobre-el-uso-del-ingles\\\/#breadcrumblist\"},\"author\":{\"@id\":\"https:\\\/\\\/www.eldigitaldeasturias.com\\\/noticias\\\/author\\\/admin\\\/#author\"},\"creator\":{\"@id\":\"https:\\\/\\\/www.eldigitaldeasturias.com\\\/noticias\\\/author\\\/admin\\\/#author\"},\"image\":{\"@type\":\"ImageObject\",\"url\":952529,\"@id\":\"https:\\\/\\\/www.eldigitaldeasturias.com\\\/noticias\\\/fomento-se-reunira-con-el-sepla-para-tratar-la-implantacion-del-reglamento-de-la-ue-sobre-el-uso-del-ingles\\\/#mainImage\"},\"primaryImageOfPage\":{\"@id\":\"https:\\\/\\\/www.eldigitaldeasturias.com\\\/noticias\\\/fomento-se-reunira-con-el-sepla-para-tratar-la-implantacion-del-reglamento-de-la-ue-sobre-el-uso-del-ingles\\\/#mainImage\"},\"datePublished\":\"2017-09-12T09:02:51+02:00\",\"dateModified\":\"2017-09-12T09:02:51+02:00\"},{\"@type\":\"WebSite\",\"@id\":\"https:\\\/\\\/www.eldigitaldeasturias.com\\\/noticias\\\/#website\",\"url\":\"https:\\\/\\\/www.eldigitaldeasturias.com\\\/noticias\\\/\",\"name\":\"El Digital de Asturias - Diario de actualidad y noticias\",\"alternateName\":\"El Digital de Asturias - Diario de actualidad y noticias\",\"description\":\"Hemeroteca\",\"inLanguage\":\"es-ES\",\"publisher\":{\"@id\":\"https:\\\/\\\/www.eldigitaldeasturias.com\\\/noticias\\\/#organization\"}}]}\n\t\t<\/script>\n\t\t<!-- All in One SEO Pro -->\r\n\t\t<title>Fomento se reunir\u00e1 con el SEPLA para tratar la implantaci\u00f3n del Reglamento de la UE sobre el uso del ingl\u00e9s - El Digital de Asturias<\/title>\n\n","aioseo_head_json":{"title":"Fomento se reunir\u00e1 con el SEPLA para tratar la implantaci\u00f3n del Reglamento de la UE sobre el uso del ingl\u00e9s - El Digital de Asturias","description":"El Ministerio de Fomento se reunir\u00e1 con el SEPLA en los pr\u00f3ximos d\u00edas para abordar el uso del ingl\u00e9s en las comunicaciones entre pilotos y controladores en los aeropuertos con mayor tr\u00e1fico internacional, por razones de seguridad del tr\u00e1fico a\u00e9reo. El pr\u00f3ximo d\u00eda 12 de octubre entra en vigor el Reglamento de Ejecuci\u00f3n (UE) 2016\/1185","canonical_url":"https:\/\/www.eldigitaldeasturias.com\/noticias\/fomento-se-reunira-con-el-sepla-para-tratar-la-implantacion-del-reglamento-de-la-ue-sobre-el-uso-del-ingles\/","robots":"max-image-preview:large","keywords":"actualidad","webmasterTools":{"google-site-verification":"UA-38556648-1","msvalidate.01":"7dfe9f3f1b24437ab69f4f2559babe99","miscellaneous":""},"schema":{"@context":"https:\/\/schema.org","@graph":[{"@type":"BlogPosting","@id":"https:\/\/www.eldigitaldeasturias.com\/noticias\/fomento-se-reunira-con-el-sepla-para-tratar-la-implantacion-del-reglamento-de-la-ue-sobre-el-uso-del-ingles\/#blogposting","name":"Fomento se reunir\u00e1 con el SEPLA para tratar la implantaci\u00f3n del Reglamento de la UE sobre el uso del ingl\u00e9s - El Digital de Asturias","headline":"Fomento se reunir\u00e1 con el SEPLA para tratar la implantaci\u00f3n del Reglamento de la UE sobre el uso del ingl\u00e9s","author":{"@id":"https:\/\/www.eldigitaldeasturias.com\/noticias\/author\/admin\/#author"},"publisher":{"@id":"https:\/\/www.eldigitaldeasturias.com\/noticias\/#organization"},"image":{"@type":"ImageObject","url":952529},"datePublished":"2017-09-12T09:02:51+02:00","dateModified":"2017-09-12T09:02:51+02:00","inLanguage":"es-ES","mainEntityOfPage":{"@id":"https:\/\/www.eldigitaldeasturias.com\/noticias\/fomento-se-reunira-con-el-sepla-para-tratar-la-implantacion-del-reglamento-de-la-ue-sobre-el-uso-del-ingles\/#webpage"},"isPartOf":{"@id":"https:\/\/www.eldigitaldeasturias.com\/noticias\/fomento-se-reunira-con-el-sepla-para-tratar-la-implantacion-del-reglamento-de-la-ue-sobre-el-uso-del-ingles\/#webpage"},"articleSection":"Actualidad"},{"@type":"BreadcrumbList","@id":"https:\/\/www.eldigitaldeasturias.com\/noticias\/fomento-se-reunira-con-el-sepla-para-tratar-la-implantacion-del-reglamento-de-la-ue-sobre-el-uso-del-ingles\/#breadcrumblist","itemListElement":[{"@type":"ListItem","@id":"https:\/\/www.eldigitaldeasturias.com\/noticias#listItem","position":1,"name":"Home","item":"https:\/\/www.eldigitaldeasturias.com\/noticias","nextItem":{"@type":"ListItem","@id":"https:\/\/www.eldigitaldeasturias.com\/noticias\/category\/actualidad\/#listItem","name":"Actualidad"}},{"@type":"ListItem","@id":"https:\/\/www.eldigitaldeasturias.com\/noticias\/category\/actualidad\/#listItem","position":2,"name":"Actualidad","item":"https:\/\/www.eldigitaldeasturias.com\/noticias\/category\/actualidad\/","nextItem":{"@type":"ListItem","@id":"https:\/\/www.eldigitaldeasturias.com\/noticias\/fomento-se-reunira-con-el-sepla-para-tratar-la-implantacion-del-reglamento-de-la-ue-sobre-el-uso-del-ingles\/#listItem","name":"Fomento se reunir\u00e1 con el SEPLA para tratar la implantaci\u00f3n del Reglamento de la UE sobre el uso del ingl\u00e9s"},"previousItem":{"@type":"ListItem","@id":"https:\/\/www.eldigitaldeasturias.com\/noticias#listItem","name":"Home"}},{"@type":"ListItem","@id":"https:\/\/www.eldigitaldeasturias.com\/noticias\/fomento-se-reunira-con-el-sepla-para-tratar-la-implantacion-del-reglamento-de-la-ue-sobre-el-uso-del-ingles\/#listItem","position":3,"name":"Fomento se reunir\u00e1 con el SEPLA para tratar la implantaci\u00f3n del Reglamento de la UE sobre el uso del ingl\u00e9s","previousItem":{"@type":"ListItem","@id":"https:\/\/www.eldigitaldeasturias.com\/noticias\/category\/actualidad\/#listItem","name":"Actualidad"}}]},{"@type":"Organization","@id":"https:\/\/www.eldigitaldeasturias.com\/noticias\/#organization","name":"El Digital de Asturias","description":"Hemeroteca","url":"https:\/\/www.eldigitaldeasturias.com\/noticias\/","email":"info@eldigitaldeasturias.com","telephone":"+34652131393","logo":{"@type":"ImageObject","url":"https:\/\/www.eldigitaldeasturias.com\/noticias\/wp-content\/uploads\/2020\/12\/EDA.jpg","@id":"https:\/\/www.eldigitaldeasturias.com\/noticias\/fomento-se-reunira-con-el-sepla-para-tratar-la-implantacion-del-reglamento-de-la-ue-sobre-el-uso-del-ingles\/#organizationLogo"},"image":{"@id":"https:\/\/www.eldigitaldeasturias.com\/noticias\/fomento-se-reunira-con-el-sepla-para-tratar-la-implantacion-del-reglamento-de-la-ue-sobre-el-uso-del-ingles\/#organizationLogo"},"sameAs":["https:\/\/facebook.com\/eldigitaldeasturias","https:\/\/www.youtube.com\/channel\/UCZP-2wLEB9Rv6erhFmqVnvg"],"address":{"@id":"https:\/\/www.eldigitaldeasturias.com\/noticias\/#postaladdress","@type":"PostalAddress","streetAddress":"san antonio 4","postalCode":"33430","addressLocality":"Cand\u00e1s","addressRegion":"Asturias","addressCountry":"ES"}},{"@type":"Person","@id":"https:\/\/www.eldigitaldeasturias.com\/noticias\/author\/admin\/#author","url":"https:\/\/www.eldigitaldeasturias.com\/noticias\/author\/admin\/","name":"El Digital de Asturias","image":{"@type":"ImageObject","@id":"https:\/\/www.eldigitaldeasturias.com\/noticias\/fomento-se-reunira-con-el-sepla-para-tratar-la-implantacion-del-reglamento-de-la-ue-sobre-el-uso-del-ingles\/#authorImage","url":"https:\/\/secure.gravatar.com\/avatar\/df2aeffc32bcd13f8d26072ef8a91b623d677766deac7f97ca815868cd41bf5e?s=96&d=mm&r=g","width":96,"height":96,"caption":"El Digital de Asturias"}},{"@type":"WebPage","@id":"https:\/\/www.eldigitaldeasturias.com\/noticias\/fomento-se-reunira-con-el-sepla-para-tratar-la-implantacion-del-reglamento-de-la-ue-sobre-el-uso-del-ingles\/#webpage","url":"https:\/\/www.eldigitaldeasturias.com\/noticias\/fomento-se-reunira-con-el-sepla-para-tratar-la-implantacion-del-reglamento-de-la-ue-sobre-el-uso-del-ingles\/","name":"Fomento se reunir\u00e1 con el SEPLA para tratar la implantaci\u00f3n del Reglamento de la UE sobre el uso del ingl\u00e9s - El Digital de Asturias","description":"El Ministerio de Fomento se reunir\u00e1 con el SEPLA en los pr\u00f3ximos d\u00edas para abordar el uso del ingl\u00e9s en las comunicaciones entre pilotos y controladores en los aeropuertos con mayor tr\u00e1fico internacional, por razones de seguridad del tr\u00e1fico a\u00e9reo. El pr\u00f3ximo d\u00eda 12 de octubre entra en vigor el Reglamento de Ejecuci\u00f3n (UE) 2016\/1185","inLanguage":"es-ES","isPartOf":{"@id":"https:\/\/www.eldigitaldeasturias.com\/noticias\/#website"},"breadcrumb":{"@id":"https:\/\/www.eldigitaldeasturias.com\/noticias\/fomento-se-reunira-con-el-sepla-para-tratar-la-implantacion-del-reglamento-de-la-ue-sobre-el-uso-del-ingles\/#breadcrumblist"},"author":{"@id":"https:\/\/www.eldigitaldeasturias.com\/noticias\/author\/admin\/#author"},"creator":{"@id":"https:\/\/www.eldigitaldeasturias.com\/noticias\/author\/admin\/#author"},"image":{"@type":"ImageObject","url":952529,"@id":"https:\/\/www.eldigitaldeasturias.com\/noticias\/fomento-se-reunira-con-el-sepla-para-tratar-la-implantacion-del-reglamento-de-la-ue-sobre-el-uso-del-ingles\/#mainImage"},"primaryImageOfPage":{"@id":"https:\/\/www.eldigitaldeasturias.com\/noticias\/fomento-se-reunira-con-el-sepla-para-tratar-la-implantacion-del-reglamento-de-la-ue-sobre-el-uso-del-ingles\/#mainImage"},"datePublished":"2017-09-12T09:02:51+02:00","dateModified":"2017-09-12T09:02:51+02:00"},{"@type":"WebSite","@id":"https:\/\/www.eldigitaldeasturias.com\/noticias\/#website","url":"https:\/\/www.eldigitaldeasturias.com\/noticias\/","name":"El Digital de Asturias - Diario de actualidad y noticias","alternateName":"El Digital de Asturias - Diario de actualidad y noticias","description":"Hemeroteca","inLanguage":"es-ES","publisher":{"@id":"https:\/\/www.eldigitaldeasturias.com\/noticias\/#organization"}}]},"og:locale":"es_ES","og:site_name":"El Digital de Asturias","og:type":"article","og:title":"Fomento se reunir\u00e1 con el SEPLA para tratar la implantaci\u00f3n del Reglamento de la UE sobre el uso del ingl\u00e9s - El Digital de Asturias","og:description":"El Ministerio de Fomento se reunir\u00e1 con el SEPLA en los pr\u00f3ximos d\u00edas para abordar el uso del ingl\u00e9s en las comunicaciones entre pilotos y controladores en los aeropuertos con mayor tr\u00e1fico internacional, por razones de seguridad del tr\u00e1fico a\u00e9reo. El pr\u00f3ximo d\u00eda 12 de octubre entra en vigor el Reglamento de Ejecuci\u00f3n (UE) 2016\/1185","og:url":"https:\/\/www.eldigitaldeasturias.com\/noticias\/fomento-se-reunira-con-el-sepla-para-tratar-la-implantacion-del-reglamento-de-la-ue-sobre-el-uso-del-ingles\/","article:tag":["actualidad"],"article:published_time":"2017-09-12T09:02:51+00:00","article:modified_time":"2017-09-12T09:02:51+00:00","article:publisher":"https:\/\/facebook.com\/eldigitaldeasturias","twitter:card":"summary_large_image","twitter:title":"Fomento se reunir\u00e1 con el SEPLA para tratar la implantaci\u00f3n del Reglamento de la UE sobre el uso del ingl\u00e9s - El Digital de Asturias","twitter:description":"El Ministerio de Fomento se reunir\u00e1 con el SEPLA en los pr\u00f3ximos d\u00edas para abordar el uso del ingl\u00e9s en las comunicaciones entre pilotos y controladores en los aeropuertos con mayor tr\u00e1fico internacional, por razones de seguridad del tr\u00e1fico a\u00e9reo. El pr\u00f3ximo d\u00eda 12 de octubre entra en vigor el Reglamento de Ejecuci\u00f3n (UE) 2016\/1185","twitter:image":"https:\/\/www.eldigitaldeasturias.com\/noticias\/wp-content\/uploads\/2020\/12\/EDA-1.jpg","twitter:label1":"Escrito por","twitter:data1":"El Digital de Asturias","twitter:label2":"Tiempo de lectura estimado","twitter:data2":"2 minutos"},"aioseo_meta_data":{"post_id":"952528","title":null,"description":null,"keywords":null,"keyphrases":null,"primary_term":null,"canonical_url":null,"og_title":null,"og_description":null,"og_object_type":"default","og_image_type":"default","og_image_url":null,"og_image_width":null,"og_image_height":null,"og_image_custom_url":null,"og_image_custom_fields":null,"og_video":null,"og_custom_url":null,"og_article_section":null,"og_article_tags":null,"twitter_use_og":false,"twitter_card":"default","twitter_image_type":"default","twitter_image_url":null,"twitter_image_custom_url":null,"twitter_image_custom_fields":null,"twitter_title":null,"twitter_description":null,"schema":{"blockGraphs":[],"customGraphs":[],"default":{"data":{"Article":[],"Course":[],"Dataset":[],"FAQPage":[],"Movie":[],"Person":[],"Product":[],"ProductReview":[],"Car":[],"Recipe":[],"Service":[],"SoftwareApplication":[],"WebPage":[]},"graphName":"","isEnabled":true},"graphs":[],"defaultGraph":"","defaultPostTypeGraph":""},"schema_type":null,"schema_type_options":null,"pillar_content":false,"robots_default":true,"robots_noindex":false,"robots_noarchive":false,"robots_nosnippet":false,"robots_nofollow":false,"robots_noimageindex":false,"robots_noodp":false,"robots_notranslate":false,"robots_max_snippet":null,"robots_max_videopreview":null,"robots_max_imagepreview":"large","priority":null,"frequency":null,"local_seo":null,"seo_analyzer_scan_date":"2025-12-05 23:12:44","breadcrumb_settings":null,"limit_modified_date":false,"open_ai":null,"ai":null,"created":"2020-12-21 12:57:40","updated":"2025-12-05 23:12:44","focus_keyword":null,"additional_keywords":null,"truseo_locale":null},"aioseo_breadcrumb":"<div class=\"aioseo-breadcrumbs\"><span class=\"aioseo-breadcrumb\">\n\t<a href=\"https:\/\/www.eldigitaldeasturias.com\/noticias\" title=\"Home\">Home<\/a>\n<\/span><span class=\"aioseo-breadcrumb-separator\">\u2013<\/span><span class=\"aioseo-breadcrumb\">\n\t<a href=\"https:\/\/www.eldigitaldeasturias.com\/noticias\/category\/actualidad\/\" title=\"Actualidad\">Actualidad<\/a>\n<\/span><span class=\"aioseo-breadcrumb-separator\">\u2013<\/span><span class=\"aioseo-breadcrumb\">\n\t<a href=\"https:\/\/www.eldigitaldeasturias.com\/noticias\/fomento-se-reunira-con-el-sepla-para-tratar-la-implantacion-del-reglamento-de-la-ue-sobre-el-uso-del-ingles\/\" title=\"Fomento se reunir\u00e1 con el SEPLA para tratar la implantaci\u00f3n del Reglamento de la UE sobre el uso del ingl\u00e9s\">Fomento se reunir\u00e1 con el SEPLA para tratar la implantaci\u00f3n del Reglamento de la UE sobre el uso del ingl\u00e9s<\/a>\n<\/span><\/div>","aioseo_breadcrumb_json":[{"label":"Home","link":"https:\/\/www.eldigitaldeasturias.com\/noticias"},{"label":"Actualidad","link":"https:\/\/www.eldigitaldeasturias.com\/noticias\/category\/actualidad\/"},{"label":"Fomento se reunir\u00e1 con el SEPLA para tratar la implantaci\u00f3n del Reglamento de la UE sobre el uso del ingl\u00e9s","link":"https:\/\/www.eldigitaldeasturias.com\/noticias\/fomento-se-reunira-con-el-sepla-para-tratar-la-implantacion-del-reglamento-de-la-ue-sobre-el-uso-del-ingles\/"}],"_links":{"self":[{"href":"https:\/\/www.eldigitaldeasturias.com\/noticias\/wp-json\/wp\/v2\/posts\/952528","targetHints":{"allow":["GET"]}}],"collection":[{"href":"https:\/\/www.eldigitaldeasturias.com\/noticias\/wp-json\/wp\/v2\/posts"}],"about":[{"href":"https:\/\/www.eldigitaldeasturias.com\/noticias\/wp-json\/wp\/v2\/types\/post"}],"author":[{"embeddable":true,"href":"https:\/\/www.eldigitaldeasturias.com\/noticias\/wp-json\/wp\/v2\/users\/1"}],"replies":[{"embeddable":true,"href":"https:\/\/www.eldigitaldeasturias.com\/noticias\/wp-json\/wp\/v2\/comments?post=952528"}],"version-history":[{"count":0,"href":"https:\/\/www.eldigitaldeasturias.com\/noticias\/wp-json\/wp\/v2\/posts\/952528\/revisions"}],"wp:attachment":[{"href":"https:\/\/www.eldigitaldeasturias.com\/noticias\/wp-json\/wp\/v2\/media?parent=952528"}],"wp:term":[{"taxonomy":"category","embeddable":true,"href":"https:\/\/www.eldigitaldeasturias.com\/noticias\/wp-json\/wp\/v2\/categories?post=952528"},{"taxonomy":"post_tag","embeddable":true,"href":"https:\/\/www.eldigitaldeasturias.com\/noticias\/wp-json\/wp\/v2\/tags?post=952528"}],"curies":[{"name":"wp","href":"https:\/\/api.w.org\/{rel}","templated":true}]}}