{"id":952505,"date":"2017-09-11T19:03:30","date_gmt":"2017-09-11T19:03:30","guid":{"rendered":"http:\/\/www.eldigitaldeasturias.com\/noticias\/?p=952505"},"modified":"2017-09-11T19:03:30","modified_gmt":"2017-09-11T19:03:30","slug":"albiol-han-convertido-el-dia-de-la-diada-en-el-dia-de-los-independentistas","status":"publish","type":"post","link":"https:\/\/www.eldigitaldeasturias.com\/noticias\/albiol-han-convertido-el-dia-de-la-diada-en-el-dia-de-los-independentistas\/","title":{"rendered":"Albiol: \u201cHan convertido el d\u00eda de la Diada en el d\u00eda de los Independentistas\u00bb"},"content":{"rendered":"<p><img loading=\"lazy\" decoding=\"async\" class=\"alignleft size-medium wp-image-952506\" src=\"https:\/\/www.eldigitaldeasturias.com\/noticias\/wp-content\/uploads\/2017\/09\/Albiol-1-360x163.jpg\" alt=\"\" width=\"360\" height=\"163\" \/>Xavier Garc\u00eda Albiol, Presidente del Partido Popular de Catalu\u00f1a, tras intervenir esta ma\u00f1ana en el programa \u201cLos Desayunos\u201d de TVE, ha asegurado que \u201clos que no somos independentistas hemos sido excluidos de la celebraci\u00f3n de la Diada\u201d (11-S).<\/p>\n<p>De esta manera ha defendido que los independentistas que est\u00e1n llevando a los ciudadanos al conflicto social, incit\u00e1ndoles a la desobediencia, \u201cdeber\u00e1n dar explicaciones ante los \u00f3rganos e instituciones p\u00fablicas\u201d. En esta misma l\u00ednea Albiol ha asegurado que aunque \u201cel gobierno de la Generalitat este convencido de que lo est\u00e1 haciendo bien, en realidad viven en una realidad paralela en la que creen que pueden estar por encima de la ley\u201d.<\/p>\n<p>En este mismo orden de cosas, el presidente de los populares vascos opina que el PPC \u201cno tiene nada que celebrar hoy\u201d ya que los independentistas \u201chan convertido el d\u00eda de la Diada en el d\u00eda de los Independentistas\u201d.<\/p>\n<p>Ante la pregunta de uno de los tertulianos del programa sobre la actuaci\u00f3n del Gobierno para darle voz a la mayor\u00eda silenciada, Albiol ha defendido que las respuestas dadas por los partidos de la oposici\u00f3n y el propio Gobierno han sido ejemplares. Opina que \u201ctodos los partidos fuimos capaces de dejar de lado nuestras diferencias e intereses pol\u00edticos para avanzar en la misma direcci\u00f3n en defensa de la democracia\u201d. A\u00f1ade adem\u00e1s que a partir de ahora se trata de ir avanzando \u201ccomo lo estamos haciendo\u201d, y que aunque \u201cnos gustar\u00eda que se pudiera plantear una moci\u00f3n de censura, los n\u00fameros no dan\u201d.<\/p>\n","protected":false},"excerpt":{"rendered":"<p>Xavier Garc\u00eda Albiol, Presidente del Partido Popular de Catalu\u00f1a, tras intervenir esta ma\u00f1ana en el programa \u201cLos Desayunos\u201d de TVE, ha asegurado que \u201clos que no somos independentistas hemos sido excluidos de la celebraci\u00f3n de la Diada\u201d (11-S). De esta manera ha defendido que los independentistas que est\u00e1n llevando a los ciudadanos al conflicto social, [&hellip;]<\/p>\n","protected":false},"author":1,"featured_media":952506,"comment_status":"closed","ping_status":"closed","sticky":false,"template":"","format":"standard","meta":{"footnotes":""},"categories":[1],"tags":[],"class_list":["post-952505","post","type-post","status-publish","format-standard","has-post-thumbnail","hentry","category-actualidad"],"aioseo_notices":[],"aioseo_head":"\n\t\t<!-- All in One SEO Pro 5.0.1 - aioseo.com -->\n\t<meta name=\"description\" content=\"Xavier Garc\u00eda Albiol, Presidente del Partido Popular de Catalu\u00f1a, tras intervenir esta ma\u00f1ana en el programa \u201cLos Desayunos\u201d de TVE, ha asegurado que \u201clos que no somos independentistas hemos sido excluidos de la celebraci\u00f3n de la Diada\u201d (11-S). De esta manera ha defendido que los independentistas que est\u00e1n llevando a los ciudadanos al conflicto social,\" \/>\n\t<meta name=\"robots\" content=\"max-image-preview:large\" \/>\n\t<meta name=\"author\" content=\"El Digital de Asturias\"\/>\n\t<meta name=\"google-site-verification\" content=\"UA-38556648-1\" \/>\n\t<meta name=\"msvalidate.01\" content=\"7dfe9f3f1b24437ab69f4f2559babe99\" \/>\n\t<meta name=\"keywords\" content=\"actualidad\" \/>\n\t<link rel=\"canonical\" href=\"https:\/\/www.eldigitaldeasturias.com\/noticias\/albiol-han-convertido-el-dia-de-la-diada-en-el-dia-de-los-independentistas\/\" \/>\n\t<meta name=\"generator\" content=\"All in One SEO Pro (AIOSEO) 5.0.1\" \/>\n\t\t<meta property=\"og:locale\" content=\"es_ES\" \/>\n\t\t<meta property=\"og:site_name\" content=\"El Digital de Asturias\" \/>\n\t\t<meta property=\"og:type\" content=\"article\" \/>\n\t\t<meta property=\"og:title\" content=\"Albiol: \u201cHan convertido el d\u00eda de la Diada en el d\u00eda de los Independentistas\u00bb - El Digital de Asturias\" \/>\n\t\t<meta property=\"og:description\" content=\"Xavier Garc\u00eda Albiol, Presidente del Partido Popular de Catalu\u00f1a, tras intervenir esta ma\u00f1ana en el programa \u201cLos Desayunos\u201d de TVE, ha asegurado que \u201clos que no somos independentistas hemos sido excluidos de la celebraci\u00f3n de la Diada\u201d (11-S). De esta manera ha defendido que los independentistas que est\u00e1n llevando a los ciudadanos al conflicto social,\" \/>\n\t\t<meta property=\"og:url\" content=\"https:\/\/www.eldigitaldeasturias.com\/noticias\/albiol-han-convertido-el-dia-de-la-diada-en-el-dia-de-los-independentistas\/\" \/>\n\t\t<meta property=\"article:tag\" content=\"actualidad\" \/>\n\t\t<meta property=\"article:published_time\" content=\"2017-09-11T19:03:30+00:00\" \/>\n\t\t<meta property=\"article:modified_time\" content=\"2017-09-11T19:03:30+00:00\" \/>\n\t\t<meta property=\"article:publisher\" content=\"https:\/\/facebook.com\/eldigitaldeasturias\" \/>\n\t\t<meta name=\"twitter:card\" content=\"summary_large_image\" \/>\n\t\t<meta name=\"twitter:title\" content=\"Albiol: \u201cHan convertido el d\u00eda de la Diada en el d\u00eda de los Independentistas\u00bb - El Digital de Asturias\" \/>\n\t\t<meta name=\"twitter:description\" content=\"Xavier Garc\u00eda Albiol, Presidente del Partido Popular de Catalu\u00f1a, tras intervenir esta ma\u00f1ana en el programa \u201cLos Desayunos\u201d de TVE, ha asegurado que \u201clos que no somos independentistas hemos sido excluidos de la celebraci\u00f3n de la Diada\u201d (11-S). De esta manera ha defendido que los independentistas que est\u00e1n llevando a los ciudadanos al conflicto social,\" \/>\n\t\t<meta name=\"twitter:image\" content=\"https:\/\/www.eldigitaldeasturias.com\/noticias\/wp-content\/uploads\/2020\/12\/EDA-1.jpg\" \/>\n\t\t<meta name=\"twitter:label1\" content=\"Escrito por\" \/>\n\t\t<meta name=\"twitter:data1\" content=\"El Digital de Asturias\" \/>\n\t\t<meta name=\"twitter:label2\" content=\"Tiempo de lectura estimado\" \/>\n\t\t<meta name=\"twitter:data2\" content=\"1 minuto\" \/>\n\t\t<script type=\"application\/ld+json\" class=\"aioseo-schema\">\n\t\t\t{\"@context\":\"https:\\\/\\\/schema.org\",\"@graph\":[{\"@type\":\"BlogPosting\",\"@id\":\"https:\\\/\\\/www.eldigitaldeasturias.com\\\/noticias\\\/albiol-han-convertido-el-dia-de-la-diada-en-el-dia-de-los-independentistas\\\/#blogposting\",\"name\":\"Albiol: \\u201cHan convertido el d\\u00eda de la Diada en el d\\u00eda de los Independentistas\\u00bb - El Digital de Asturias\",\"headline\":\"Albiol: \\u201cHan convertido el d\\u00eda de la Diada en el d\\u00eda de los Independentistas\\u00bb\",\"author\":{\"@id\":\"https:\\\/\\\/www.eldigitaldeasturias.com\\\/noticias\\\/author\\\/admin\\\/#author\"},\"publisher\":{\"@id\":\"https:\\\/\\\/www.eldigitaldeasturias.com\\\/noticias\\\/#organization\"},\"image\":{\"@type\":\"ImageObject\",\"url\":952506},\"datePublished\":\"2017-09-11T19:03:30+02:00\",\"dateModified\":\"2017-09-11T19:03:30+02:00\",\"inLanguage\":\"es-ES\",\"mainEntityOfPage\":{\"@id\":\"https:\\\/\\\/www.eldigitaldeasturias.com\\\/noticias\\\/albiol-han-convertido-el-dia-de-la-diada-en-el-dia-de-los-independentistas\\\/#webpage\"},\"isPartOf\":{\"@id\":\"https:\\\/\\\/www.eldigitaldeasturias.com\\\/noticias\\\/albiol-han-convertido-el-dia-de-la-diada-en-el-dia-de-los-independentistas\\\/#webpage\"},\"articleSection\":\"Actualidad\"},{\"@type\":\"BreadcrumbList\",\"@id\":\"https:\\\/\\\/www.eldigitaldeasturias.com\\\/noticias\\\/albiol-han-convertido-el-dia-de-la-diada-en-el-dia-de-los-independentistas\\\/#breadcrumblist\",\"itemListElement\":[{\"@type\":\"ListItem\",\"@id\":\"https:\\\/\\\/www.eldigitaldeasturias.com\\\/noticias#listItem\",\"position\":1,\"name\":\"Home\",\"item\":\"https:\\\/\\\/www.eldigitaldeasturias.com\\\/noticias\",\"nextItem\":{\"@type\":\"ListItem\",\"@id\":\"https:\\\/\\\/www.eldigitaldeasturias.com\\\/noticias\\\/category\\\/actualidad\\\/#listItem\",\"name\":\"Actualidad\"}},{\"@type\":\"ListItem\",\"@id\":\"https:\\\/\\\/www.eldigitaldeasturias.com\\\/noticias\\\/category\\\/actualidad\\\/#listItem\",\"position\":2,\"name\":\"Actualidad\",\"item\":\"https:\\\/\\\/www.eldigitaldeasturias.com\\\/noticias\\\/category\\\/actualidad\\\/\",\"nextItem\":{\"@type\":\"ListItem\",\"@id\":\"https:\\\/\\\/www.eldigitaldeasturias.com\\\/noticias\\\/albiol-han-convertido-el-dia-de-la-diada-en-el-dia-de-los-independentistas\\\/#listItem\",\"name\":\"Albiol: \\u201cHan convertido el d\\u00eda de la Diada en el d\\u00eda de los Independentistas\\u00bb\"},\"previousItem\":{\"@type\":\"ListItem\",\"@id\":\"https:\\\/\\\/www.eldigitaldeasturias.com\\\/noticias#listItem\",\"name\":\"Home\"}},{\"@type\":\"ListItem\",\"@id\":\"https:\\\/\\\/www.eldigitaldeasturias.com\\\/noticias\\\/albiol-han-convertido-el-dia-de-la-diada-en-el-dia-de-los-independentistas\\\/#listItem\",\"position\":3,\"name\":\"Albiol: \\u201cHan convertido el d\\u00eda de la Diada en el d\\u00eda de los Independentistas\\u00bb\",\"previousItem\":{\"@type\":\"ListItem\",\"@id\":\"https:\\\/\\\/www.eldigitaldeasturias.com\\\/noticias\\\/category\\\/actualidad\\\/#listItem\",\"name\":\"Actualidad\"}}]},{\"@type\":\"Organization\",\"@id\":\"https:\\\/\\\/www.eldigitaldeasturias.com\\\/noticias\\\/#organization\",\"name\":\"El Digital de Asturias\",\"description\":\"Hemeroteca\",\"url\":\"https:\\\/\\\/www.eldigitaldeasturias.com\\\/noticias\\\/\",\"email\":\"info@eldigitaldeasturias.com\",\"telephone\":\"+34652131393\",\"logo\":{\"@type\":\"ImageObject\",\"url\":\"https:\\\/\\\/www.eldigitaldeasturias.com\\\/noticias\\\/wp-content\\\/uploads\\\/2020\\\/12\\\/EDA.jpg\",\"@id\":\"https:\\\/\\\/www.eldigitaldeasturias.com\\\/noticias\\\/albiol-han-convertido-el-dia-de-la-diada-en-el-dia-de-los-independentistas\\\/#organizationLogo\"},\"image\":{\"@id\":\"https:\\\/\\\/www.eldigitaldeasturias.com\\\/noticias\\\/albiol-han-convertido-el-dia-de-la-diada-en-el-dia-de-los-independentistas\\\/#organizationLogo\"},\"sameAs\":[\"https:\\\/\\\/facebook.com\\\/eldigitaldeasturias\",\"https:\\\/\\\/www.youtube.com\\\/channel\\\/UCZP-2wLEB9Rv6erhFmqVnvg\"],\"address\":{\"@id\":\"https:\\\/\\\/www.eldigitaldeasturias.com\\\/noticias\\\/#postaladdress\",\"@type\":\"PostalAddress\",\"streetAddress\":\"san antonio 4\",\"postalCode\":\"33430\",\"addressLocality\":\"Cand\\u00e1s\",\"addressRegion\":\"Asturias\",\"addressCountry\":\"ES\"}},{\"@type\":\"Person\",\"@id\":\"https:\\\/\\\/www.eldigitaldeasturias.com\\\/noticias\\\/author\\\/admin\\\/#author\",\"url\":\"https:\\\/\\\/www.eldigitaldeasturias.com\\\/noticias\\\/author\\\/admin\\\/\",\"name\":\"El Digital de Asturias\",\"image\":{\"@type\":\"ImageObject\",\"@id\":\"https:\\\/\\\/www.eldigitaldeasturias.com\\\/noticias\\\/albiol-han-convertido-el-dia-de-la-diada-en-el-dia-de-los-independentistas\\\/#authorImage\",\"url\":\"https:\\\/\\\/secure.gravatar.com\\\/avatar\\\/df2aeffc32bcd13f8d26072ef8a91b623d677766deac7f97ca815868cd41bf5e?s=96&d=mm&r=g\",\"width\":96,\"height\":96,\"caption\":\"El Digital de Asturias\"}},{\"@type\":\"WebPage\",\"@id\":\"https:\\\/\\\/www.eldigitaldeasturias.com\\\/noticias\\\/albiol-han-convertido-el-dia-de-la-diada-en-el-dia-de-los-independentistas\\\/#webpage\",\"url\":\"https:\\\/\\\/www.eldigitaldeasturias.com\\\/noticias\\\/albiol-han-convertido-el-dia-de-la-diada-en-el-dia-de-los-independentistas\\\/\",\"name\":\"Albiol: \\u201cHan convertido el d\\u00eda de la Diada en el d\\u00eda de los Independentistas\\u00bb - El Digital de Asturias\",\"description\":\"Xavier Garc\\u00eda Albiol, Presidente del Partido Popular de Catalu\\u00f1a, tras intervenir esta ma\\u00f1ana en el programa \\u201cLos Desayunos\\u201d de TVE, ha asegurado que \\u201clos que no somos independentistas hemos sido excluidos de la celebraci\\u00f3n de la Diada\\u201d (11-S). De esta manera ha defendido que los independentistas que est\\u00e1n llevando a los ciudadanos al conflicto social,\",\"inLanguage\":\"es-ES\",\"isPartOf\":{\"@id\":\"https:\\\/\\\/www.eldigitaldeasturias.com\\\/noticias\\\/#website\"},\"breadcrumb\":{\"@id\":\"https:\\\/\\\/www.eldigitaldeasturias.com\\\/noticias\\\/albiol-han-convertido-el-dia-de-la-diada-en-el-dia-de-los-independentistas\\\/#breadcrumblist\"},\"author\":{\"@id\":\"https:\\\/\\\/www.eldigitaldeasturias.com\\\/noticias\\\/author\\\/admin\\\/#author\"},\"creator\":{\"@id\":\"https:\\\/\\\/www.eldigitaldeasturias.com\\\/noticias\\\/author\\\/admin\\\/#author\"},\"image\":{\"@type\":\"ImageObject\",\"url\":952506,\"@id\":\"https:\\\/\\\/www.eldigitaldeasturias.com\\\/noticias\\\/albiol-han-convertido-el-dia-de-la-diada-en-el-dia-de-los-independentistas\\\/#mainImage\"},\"primaryImageOfPage\":{\"@id\":\"https:\\\/\\\/www.eldigitaldeasturias.com\\\/noticias\\\/albiol-han-convertido-el-dia-de-la-diada-en-el-dia-de-los-independentistas\\\/#mainImage\"},\"datePublished\":\"2017-09-11T19:03:30+02:00\",\"dateModified\":\"2017-09-11T19:03:30+02:00\"},{\"@type\":\"WebSite\",\"@id\":\"https:\\\/\\\/www.eldigitaldeasturias.com\\\/noticias\\\/#website\",\"url\":\"https:\\\/\\\/www.eldigitaldeasturias.com\\\/noticias\\\/\",\"name\":\"El Digital de Asturias - Diario de actualidad y noticias\",\"alternateName\":\"El Digital de Asturias - Diario de actualidad y noticias\",\"description\":\"Hemeroteca\",\"inLanguage\":\"es-ES\",\"publisher\":{\"@id\":\"https:\\\/\\\/www.eldigitaldeasturias.com\\\/noticias\\\/#organization\"}}]}\n\t\t<\/script>\n\t\t<!-- All in One SEO Pro -->\r\n\t\t<title>Albiol: \u201cHan convertido el d\u00eda de la Diada en el d\u00eda de los Independentistas\u00bb - El Digital de Asturias<\/title>\n\n","aioseo_head_json":{"title":"Albiol: \u201cHan convertido el d\u00eda de la Diada en el d\u00eda de los Independentistas\u00bb - El Digital de Asturias","description":"Xavier Garc\u00eda Albiol, Presidente del Partido Popular de Catalu\u00f1a, tras intervenir esta ma\u00f1ana en el programa \u201cLos Desayunos\u201d de TVE, ha asegurado que \u201clos que no somos independentistas hemos sido excluidos de la celebraci\u00f3n de la Diada\u201d (11-S). De esta manera ha defendido que los independentistas que est\u00e1n llevando a los ciudadanos al conflicto social,","canonical_url":"https:\/\/www.eldigitaldeasturias.com\/noticias\/albiol-han-convertido-el-dia-de-la-diada-en-el-dia-de-los-independentistas\/","robots":"max-image-preview:large","keywords":"actualidad","webmasterTools":{"google-site-verification":"UA-38556648-1","msvalidate.01":"7dfe9f3f1b24437ab69f4f2559babe99","miscellaneous":""},"schema":{"@context":"https:\/\/schema.org","@graph":[{"@type":"BlogPosting","@id":"https:\/\/www.eldigitaldeasturias.com\/noticias\/albiol-han-convertido-el-dia-de-la-diada-en-el-dia-de-los-independentistas\/#blogposting","name":"Albiol: \u201cHan convertido el d\u00eda de la Diada en el d\u00eda de los Independentistas\u00bb - El Digital de Asturias","headline":"Albiol: \u201cHan convertido el d\u00eda de la Diada en el d\u00eda de los Independentistas\u00bb","author":{"@id":"https:\/\/www.eldigitaldeasturias.com\/noticias\/author\/admin\/#author"},"publisher":{"@id":"https:\/\/www.eldigitaldeasturias.com\/noticias\/#organization"},"image":{"@type":"ImageObject","url":952506},"datePublished":"2017-09-11T19:03:30+02:00","dateModified":"2017-09-11T19:03:30+02:00","inLanguage":"es-ES","mainEntityOfPage":{"@id":"https:\/\/www.eldigitaldeasturias.com\/noticias\/albiol-han-convertido-el-dia-de-la-diada-en-el-dia-de-los-independentistas\/#webpage"},"isPartOf":{"@id":"https:\/\/www.eldigitaldeasturias.com\/noticias\/albiol-han-convertido-el-dia-de-la-diada-en-el-dia-de-los-independentistas\/#webpage"},"articleSection":"Actualidad"},{"@type":"BreadcrumbList","@id":"https:\/\/www.eldigitaldeasturias.com\/noticias\/albiol-han-convertido-el-dia-de-la-diada-en-el-dia-de-los-independentistas\/#breadcrumblist","itemListElement":[{"@type":"ListItem","@id":"https:\/\/www.eldigitaldeasturias.com\/noticias#listItem","position":1,"name":"Home","item":"https:\/\/www.eldigitaldeasturias.com\/noticias","nextItem":{"@type":"ListItem","@id":"https:\/\/www.eldigitaldeasturias.com\/noticias\/category\/actualidad\/#listItem","name":"Actualidad"}},{"@type":"ListItem","@id":"https:\/\/www.eldigitaldeasturias.com\/noticias\/category\/actualidad\/#listItem","position":2,"name":"Actualidad","item":"https:\/\/www.eldigitaldeasturias.com\/noticias\/category\/actualidad\/","nextItem":{"@type":"ListItem","@id":"https:\/\/www.eldigitaldeasturias.com\/noticias\/albiol-han-convertido-el-dia-de-la-diada-en-el-dia-de-los-independentistas\/#listItem","name":"Albiol: \u201cHan convertido el d\u00eda de la Diada en el d\u00eda de los Independentistas\u00bb"},"previousItem":{"@type":"ListItem","@id":"https:\/\/www.eldigitaldeasturias.com\/noticias#listItem","name":"Home"}},{"@type":"ListItem","@id":"https:\/\/www.eldigitaldeasturias.com\/noticias\/albiol-han-convertido-el-dia-de-la-diada-en-el-dia-de-los-independentistas\/#listItem","position":3,"name":"Albiol: \u201cHan convertido el d\u00eda de la Diada en el d\u00eda de los Independentistas\u00bb","previousItem":{"@type":"ListItem","@id":"https:\/\/www.eldigitaldeasturias.com\/noticias\/category\/actualidad\/#listItem","name":"Actualidad"}}]},{"@type":"Organization","@id":"https:\/\/www.eldigitaldeasturias.com\/noticias\/#organization","name":"El Digital de Asturias","description":"Hemeroteca","url":"https:\/\/www.eldigitaldeasturias.com\/noticias\/","email":"info@eldigitaldeasturias.com","telephone":"+34652131393","logo":{"@type":"ImageObject","url":"https:\/\/www.eldigitaldeasturias.com\/noticias\/wp-content\/uploads\/2020\/12\/EDA.jpg","@id":"https:\/\/www.eldigitaldeasturias.com\/noticias\/albiol-han-convertido-el-dia-de-la-diada-en-el-dia-de-los-independentistas\/#organizationLogo"},"image":{"@id":"https:\/\/www.eldigitaldeasturias.com\/noticias\/albiol-han-convertido-el-dia-de-la-diada-en-el-dia-de-los-independentistas\/#organizationLogo"},"sameAs":["https:\/\/facebook.com\/eldigitaldeasturias","https:\/\/www.youtube.com\/channel\/UCZP-2wLEB9Rv6erhFmqVnvg"],"address":{"@id":"https:\/\/www.eldigitaldeasturias.com\/noticias\/#postaladdress","@type":"PostalAddress","streetAddress":"san antonio 4","postalCode":"33430","addressLocality":"Cand\u00e1s","addressRegion":"Asturias","addressCountry":"ES"}},{"@type":"Person","@id":"https:\/\/www.eldigitaldeasturias.com\/noticias\/author\/admin\/#author","url":"https:\/\/www.eldigitaldeasturias.com\/noticias\/author\/admin\/","name":"El Digital de Asturias","image":{"@type":"ImageObject","@id":"https:\/\/www.eldigitaldeasturias.com\/noticias\/albiol-han-convertido-el-dia-de-la-diada-en-el-dia-de-los-independentistas\/#authorImage","url":"https:\/\/secure.gravatar.com\/avatar\/df2aeffc32bcd13f8d26072ef8a91b623d677766deac7f97ca815868cd41bf5e?s=96&d=mm&r=g","width":96,"height":96,"caption":"El Digital de Asturias"}},{"@type":"WebPage","@id":"https:\/\/www.eldigitaldeasturias.com\/noticias\/albiol-han-convertido-el-dia-de-la-diada-en-el-dia-de-los-independentistas\/#webpage","url":"https:\/\/www.eldigitaldeasturias.com\/noticias\/albiol-han-convertido-el-dia-de-la-diada-en-el-dia-de-los-independentistas\/","name":"Albiol: \u201cHan convertido el d\u00eda de la Diada en el d\u00eda de los Independentistas\u00bb - El Digital de Asturias","description":"Xavier Garc\u00eda Albiol, Presidente del Partido Popular de Catalu\u00f1a, tras intervenir esta ma\u00f1ana en el programa \u201cLos Desayunos\u201d de TVE, ha asegurado que \u201clos que no somos independentistas hemos sido excluidos de la celebraci\u00f3n de la Diada\u201d (11-S). De esta manera ha defendido que los independentistas que est\u00e1n llevando a los ciudadanos al conflicto social,","inLanguage":"es-ES","isPartOf":{"@id":"https:\/\/www.eldigitaldeasturias.com\/noticias\/#website"},"breadcrumb":{"@id":"https:\/\/www.eldigitaldeasturias.com\/noticias\/albiol-han-convertido-el-dia-de-la-diada-en-el-dia-de-los-independentistas\/#breadcrumblist"},"author":{"@id":"https:\/\/www.eldigitaldeasturias.com\/noticias\/author\/admin\/#author"},"creator":{"@id":"https:\/\/www.eldigitaldeasturias.com\/noticias\/author\/admin\/#author"},"image":{"@type":"ImageObject","url":952506,"@id":"https:\/\/www.eldigitaldeasturias.com\/noticias\/albiol-han-convertido-el-dia-de-la-diada-en-el-dia-de-los-independentistas\/#mainImage"},"primaryImageOfPage":{"@id":"https:\/\/www.eldigitaldeasturias.com\/noticias\/albiol-han-convertido-el-dia-de-la-diada-en-el-dia-de-los-independentistas\/#mainImage"},"datePublished":"2017-09-11T19:03:30+02:00","dateModified":"2017-09-11T19:03:30+02:00"},{"@type":"WebSite","@id":"https:\/\/www.eldigitaldeasturias.com\/noticias\/#website","url":"https:\/\/www.eldigitaldeasturias.com\/noticias\/","name":"El Digital de Asturias - Diario de actualidad y noticias","alternateName":"El Digital de Asturias - Diario de actualidad y noticias","description":"Hemeroteca","inLanguage":"es-ES","publisher":{"@id":"https:\/\/www.eldigitaldeasturias.com\/noticias\/#organization"}}]},"og:locale":"es_ES","og:site_name":"El Digital de Asturias","og:type":"article","og:title":"Albiol: \u201cHan convertido el d\u00eda de la Diada en el d\u00eda de los Independentistas\u00bb - El Digital de Asturias","og:description":"Xavier Garc\u00eda Albiol, Presidente del Partido Popular de Catalu\u00f1a, tras intervenir esta ma\u00f1ana en el programa \u201cLos Desayunos\u201d de TVE, ha asegurado que \u201clos que no somos independentistas hemos sido excluidos de la celebraci\u00f3n de la Diada\u201d (11-S). De esta manera ha defendido que los independentistas que est\u00e1n llevando a los ciudadanos al conflicto social,","og:url":"https:\/\/www.eldigitaldeasturias.com\/noticias\/albiol-han-convertido-el-dia-de-la-diada-en-el-dia-de-los-independentistas\/","article:tag":["actualidad"],"article:published_time":"2017-09-11T19:03:30+00:00","article:modified_time":"2017-09-11T19:03:30+00:00","article:publisher":"https:\/\/facebook.com\/eldigitaldeasturias","twitter:card":"summary_large_image","twitter:title":"Albiol: \u201cHan convertido el d\u00eda de la Diada en el d\u00eda de los Independentistas\u00bb - El Digital de Asturias","twitter:description":"Xavier Garc\u00eda Albiol, Presidente del Partido Popular de Catalu\u00f1a, tras intervenir esta ma\u00f1ana en el programa \u201cLos Desayunos\u201d de TVE, ha asegurado que \u201clos que no somos independentistas hemos sido excluidos de la celebraci\u00f3n de la Diada\u201d (11-S). De esta manera ha defendido que los independentistas que est\u00e1n llevando a los ciudadanos al conflicto social,","twitter:image":"https:\/\/www.eldigitaldeasturias.com\/noticias\/wp-content\/uploads\/2020\/12\/EDA-1.jpg","twitter:label1":"Escrito por","twitter:data1":"El Digital de Asturias","twitter:label2":"Tiempo de lectura estimado","twitter:data2":"1 minuto"},"aioseo_meta_data":{"post_id":"952505","title":null,"description":null,"keywords":null,"keyphrases":null,"primary_term":null,"canonical_url":null,"og_title":null,"og_description":null,"og_object_type":"default","og_image_type":"default","og_image_url":null,"og_image_width":null,"og_image_height":null,"og_image_custom_url":null,"og_image_custom_fields":null,"og_video":null,"og_custom_url":null,"og_article_section":null,"og_article_tags":null,"twitter_use_og":false,"twitter_card":"default","twitter_image_type":"default","twitter_image_url":null,"twitter_image_custom_url":null,"twitter_image_custom_fields":null,"twitter_title":null,"twitter_description":null,"schema":{"blockGraphs":[],"customGraphs":[],"default":{"data":{"Article":[],"Course":[],"Dataset":[],"FAQPage":[],"Movie":[],"Person":[],"Product":[],"ProductReview":[],"Car":[],"Recipe":[],"Service":[],"SoftwareApplication":[],"WebPage":[]},"graphName":"","isEnabled":true},"graphs":[],"defaultGraph":"","defaultPostTypeGraph":""},"schema_type":null,"schema_type_options":null,"pillar_content":false,"robots_default":true,"robots_noindex":false,"robots_noarchive":false,"robots_nosnippet":false,"robots_nofollow":false,"robots_noimageindex":false,"robots_noodp":false,"robots_notranslate":false,"robots_max_snippet":null,"robots_max_videopreview":null,"robots_max_imagepreview":"large","priority":null,"frequency":null,"local_seo":null,"seo_analyzer_scan_date":"2025-12-05 23:09:18","breadcrumb_settings":null,"limit_modified_date":false,"open_ai":null,"ai":null,"created":"2020-12-21 12:57:41","updated":"2025-12-05 23:09:18","focus_keyword":null,"additional_keywords":null,"truseo_locale":null},"aioseo_breadcrumb":"<div class=\"aioseo-breadcrumbs\"><span class=\"aioseo-breadcrumb\">\n\t<a href=\"https:\/\/www.eldigitaldeasturias.com\/noticias\" title=\"Home\">Home<\/a>\n<\/span><span class=\"aioseo-breadcrumb-separator\">\u2013<\/span><span class=\"aioseo-breadcrumb\">\n\t<a href=\"https:\/\/www.eldigitaldeasturias.com\/noticias\/category\/actualidad\/\" title=\"Actualidad\">Actualidad<\/a>\n<\/span><span class=\"aioseo-breadcrumb-separator\">\u2013<\/span><span class=\"aioseo-breadcrumb\">\n\t<a href=\"https:\/\/www.eldigitaldeasturias.com\/noticias\/albiol-han-convertido-el-dia-de-la-diada-en-el-dia-de-los-independentistas\/\" title=\"Albiol: \u201cHan convertido el d\u00eda de la Diada en el d\u00eda de los Independentistas\u00bb\">Albiol: \u201cHan convertido el d\u00eda de la Diada en el d\u00eda de los Independentistas\u00bb<\/a>\n<\/span><\/div>","aioseo_breadcrumb_json":[{"label":"Home","link":"https:\/\/www.eldigitaldeasturias.com\/noticias"},{"label":"Actualidad","link":"https:\/\/www.eldigitaldeasturias.com\/noticias\/category\/actualidad\/"},{"label":"Albiol: \u201cHan convertido el d\u00eda de la Diada en el d\u00eda de los Independentistas\u00bb","link":"https:\/\/www.eldigitaldeasturias.com\/noticias\/albiol-han-convertido-el-dia-de-la-diada-en-el-dia-de-los-independentistas\/"}],"_links":{"self":[{"href":"https:\/\/www.eldigitaldeasturias.com\/noticias\/wp-json\/wp\/v2\/posts\/952505","targetHints":{"allow":["GET"]}}],"collection":[{"href":"https:\/\/www.eldigitaldeasturias.com\/noticias\/wp-json\/wp\/v2\/posts"}],"about":[{"href":"https:\/\/www.eldigitaldeasturias.com\/noticias\/wp-json\/wp\/v2\/types\/post"}],"author":[{"embeddable":true,"href":"https:\/\/www.eldigitaldeasturias.com\/noticias\/wp-json\/wp\/v2\/users\/1"}],"replies":[{"embeddable":true,"href":"https:\/\/www.eldigitaldeasturias.com\/noticias\/wp-json\/wp\/v2\/comments?post=952505"}],"version-history":[{"count":0,"href":"https:\/\/www.eldigitaldeasturias.com\/noticias\/wp-json\/wp\/v2\/posts\/952505\/revisions"}],"wp:attachment":[{"href":"https:\/\/www.eldigitaldeasturias.com\/noticias\/wp-json\/wp\/v2\/media?parent=952505"}],"wp:term":[{"taxonomy":"category","embeddable":true,"href":"https:\/\/www.eldigitaldeasturias.com\/noticias\/wp-json\/wp\/v2\/categories?post=952505"},{"taxonomy":"post_tag","embeddable":true,"href":"https:\/\/www.eldigitaldeasturias.com\/noticias\/wp-json\/wp\/v2\/tags?post=952505"}],"curies":[{"name":"wp","href":"https:\/\/api.w.org\/{rel}","templated":true}]}}