{"id":952476,"date":"2017-09-11T16:39:18","date_gmt":"2017-09-11T16:39:18","guid":{"rendered":"http:\/\/www.eldigitaldeasturias.com\/noticias\/?p=952476"},"modified":"2017-09-11T16:39:18","modified_gmt":"2017-09-11T16:39:18","slug":"recortes-cero-por-la-democracia-con-los-alcaldes-del-no","status":"publish","type":"post","link":"https:\/\/www.eldigitaldeasturias.com\/noticias\/recortes-cero-por-la-democracia-con-los-alcaldes-del-no\/","title":{"rendered":"Recortes Cero por la democracia con los alcaldes del No"},"content":{"rendered":"<p><img loading=\"lazy\" decoding=\"async\" class=\"alignleft size-medium wp-image-952477\" src=\"https:\/\/www.eldigitaldeasturias.com\/noticias\/wp-content\/uploads\/2017\/09\/Recortes0-360x270.jpg\" alt=\"\" width=\"360\" height=\"270\" \/>Los ataques, amenazas e intimidaciones contra los que no comulgan con el 1-O son mucho m\u00e1s que algunos excesos. Buscan el objetivo de doblegar a quienes se rebelan. El Govern de Puigdemont, que ha expulsado a los moderados y purgado a los prudentes, es el responsable de amparar a los \u00abtalibanes\u00bb que amenazan, intimidan y lanzan campa\u00f1as de \u00abse\u00f1al\u00e9mosles\u00bb, \u00bfqu\u00e9 estrella pondr\u00e1n en el pecho de los se\u00f1alados?<\/p>\n<p>Ante el llamamiento del president Puigdemont a encararse con los alcaldes que no colaboren con el 1-O, Recortes Cero queremos manifestar:<\/p>\n<p>Nuestro apoyo incondicional a estos alcaldes y su libertad, democr\u00e1ticamente decidida, de no ceder locales municipales para el 1-O.<\/p>\n<p>El llamamiento de Puigdemont es un nuevo ataque a la democracia. Nunca un presidente de la Generalitat hab\u00eda degradado tanto la instituci\u00f3n de todos los catalanes con un llamamiento de este tipo a la confrontaci\u00f3n civil. Ha quedado claro que su carta p\u00fablica a los alcaldes, dando 48 horas para que confirmaran que ced\u00edan los locales municipales, no era un requerimiento democr\u00e1tico sino una forma de presi\u00f3n, y as\u00ed poder se\u00f1alar a los disidentes.<\/p>\n<p>El \u00abderecho a decidir\u00bb de Puigdemont no permite que nadie ejerza la m\u00ednima libertad democr\u00e1tica de decidir, especialmente si son los alcaldes de las grandes capitales y principales poblaciones obreras y populares de Catalu\u00f1a, con Barcelona a la cabeza.<\/p>\n<p>El llamamiento de Puigdemont a encararse con los alcaldes con expresiones como \u00abm\u00edrame a los ojos, me dejar\u00e1s votar o me impedir\u00e1s que vote\u00bb, es un llamamiento a un \u00abescrache\u00bb general, que azuzado desde la m\u00e1xima autoridad es, en grado sumo, antidemocr\u00e1tico.<\/p>\n<p>Recortes Cero rechaza cualquier tipo de presiones, amenazas y chantajes a los alcaldes que no ven el 1-O un proceso democr\u00e1tico, y que este no es el refer\u00e9ndum que Catalu\u00f1a necesita, o no est\u00e1n dispuestos a poner en riesgo su ayuntamiento y sus funcionarios.<\/p>\n<p>Se confirma que el 1-O no es sino una estafa antidemocr\u00e1tica. Ning\u00fan dem\u00f3crata, independientemente de su posici\u00f3n pol\u00edtica, puede colaborar con quienes quieren imponer, por medios cada vez mas antidemocr\u00e1ticos, su proyecto.<\/p>\n<p><strong><span class=\"rpHighlightAllClass rpHighlightSubjectClass\" role=\"heading\" aria-level=\"2\">Recortes Cero Asturias<\/span><\/strong><\/p>\n","protected":false},"excerpt":{"rendered":"<p>Los ataques, amenazas e intimidaciones contra los que no comulgan con el 1-O son mucho m\u00e1s que algunos excesos. Buscan el objetivo de doblegar a quienes se rebelan. El Govern de Puigdemont, que ha expulsado a los moderados y purgado a los prudentes, es el responsable de amparar a los \u00abtalibanes\u00bb que amenazan, intimidan y [&hellip;]<\/p>\n","protected":false},"author":1,"featured_media":952477,"comment_status":"closed","ping_status":"closed","sticky":false,"template":"","format":"standard","meta":{"footnotes":""},"categories":[1],"tags":[],"class_list":["post-952476","post","type-post","status-publish","format-standard","has-post-thumbnail","hentry","category-actualidad"],"aioseo_notices":[],"aioseo_head":"\n\t\t<!-- All in One SEO Pro 5.0.1 - aioseo.com -->\n\t<meta name=\"description\" content=\"Los ataques, amenazas e intimidaciones contra los que no comulgan con el 1-O son mucho m\u00e1s que algunos excesos. Buscan el objetivo de doblegar a quienes se rebelan. El Govern de Puigdemont, que ha expulsado a los moderados y purgado a los prudentes, es el responsable de amparar a los &quot;talibanes&quot; que amenazan, intimidan y\" \/>\n\t<meta name=\"robots\" content=\"max-image-preview:large\" \/>\n\t<meta name=\"author\" content=\"El Digital de Asturias\"\/>\n\t<meta name=\"google-site-verification\" content=\"UA-38556648-1\" \/>\n\t<meta name=\"msvalidate.01\" content=\"7dfe9f3f1b24437ab69f4f2559babe99\" \/>\n\t<meta name=\"keywords\" content=\"actualidad\" \/>\n\t<link rel=\"canonical\" href=\"https:\/\/www.eldigitaldeasturias.com\/noticias\/recortes-cero-por-la-democracia-con-los-alcaldes-del-no\/\" \/>\n\t<meta name=\"generator\" content=\"All in One SEO Pro (AIOSEO) 5.0.1\" \/>\n\t\t<meta property=\"og:locale\" content=\"es_ES\" \/>\n\t\t<meta property=\"og:site_name\" content=\"El Digital de Asturias\" \/>\n\t\t<meta property=\"og:type\" content=\"article\" \/>\n\t\t<meta property=\"og:title\" content=\"Recortes Cero por la democracia con los alcaldes del No - El Digital de Asturias\" \/>\n\t\t<meta property=\"og:description\" content=\"Los ataques, amenazas e intimidaciones contra los que no comulgan con el 1-O son mucho m\u00e1s que algunos excesos. Buscan el objetivo de doblegar a quienes se rebelan. El Govern de Puigdemont, que ha expulsado a los moderados y purgado a los prudentes, es el responsable de amparar a los &quot;talibanes&quot; que amenazan, intimidan y\" \/>\n\t\t<meta property=\"og:url\" content=\"https:\/\/www.eldigitaldeasturias.com\/noticias\/recortes-cero-por-la-democracia-con-los-alcaldes-del-no\/\" \/>\n\t\t<meta property=\"article:tag\" content=\"actualidad\" \/>\n\t\t<meta property=\"article:published_time\" content=\"2017-09-11T16:39:18+00:00\" \/>\n\t\t<meta property=\"article:modified_time\" content=\"2017-09-11T16:39:18+00:00\" \/>\n\t\t<meta property=\"article:publisher\" content=\"https:\/\/facebook.com\/eldigitaldeasturias\" \/>\n\t\t<meta name=\"twitter:card\" content=\"summary_large_image\" \/>\n\t\t<meta name=\"twitter:title\" content=\"Recortes Cero por la democracia con los alcaldes del No - El Digital de Asturias\" \/>\n\t\t<meta name=\"twitter:description\" content=\"Los ataques, amenazas e intimidaciones contra los que no comulgan con el 1-O son mucho m\u00e1s que algunos excesos. Buscan el objetivo de doblegar a quienes se rebelan. El Govern de Puigdemont, que ha expulsado a los moderados y purgado a los prudentes, es el responsable de amparar a los &quot;talibanes&quot; que amenazan, intimidan y\" \/>\n\t\t<meta name=\"twitter:image\" content=\"https:\/\/www.eldigitaldeasturias.com\/noticias\/wp-content\/uploads\/2020\/12\/EDA-1.jpg\" \/>\n\t\t<meta name=\"twitter:label1\" content=\"Escrito por\" \/>\n\t\t<meta name=\"twitter:data1\" content=\"El Digital de Asturias\" \/>\n\t\t<meta name=\"twitter:label2\" content=\"Tiempo de lectura estimado\" \/>\n\t\t<meta name=\"twitter:data2\" content=\"2 minutos\" \/>\n\t\t<script type=\"application\/ld+json\" class=\"aioseo-schema\">\n\t\t\t{\"@context\":\"https:\\\/\\\/schema.org\",\"@graph\":[{\"@type\":\"BlogPosting\",\"@id\":\"https:\\\/\\\/www.eldigitaldeasturias.com\\\/noticias\\\/recortes-cero-por-la-democracia-con-los-alcaldes-del-no\\\/#blogposting\",\"name\":\"Recortes Cero por la democracia con los alcaldes del No - El Digital de Asturias\",\"headline\":\"Recortes Cero por la democracia con los alcaldes del No\",\"author\":{\"@id\":\"https:\\\/\\\/www.eldigitaldeasturias.com\\\/noticias\\\/author\\\/admin\\\/#author\"},\"publisher\":{\"@id\":\"https:\\\/\\\/www.eldigitaldeasturias.com\\\/noticias\\\/#organization\"},\"image\":{\"@type\":\"ImageObject\",\"url\":952477},\"datePublished\":\"2017-09-11T16:39:18+02:00\",\"dateModified\":\"2017-09-11T16:39:18+02:00\",\"inLanguage\":\"es-ES\",\"mainEntityOfPage\":{\"@id\":\"https:\\\/\\\/www.eldigitaldeasturias.com\\\/noticias\\\/recortes-cero-por-la-democracia-con-los-alcaldes-del-no\\\/#webpage\"},\"isPartOf\":{\"@id\":\"https:\\\/\\\/www.eldigitaldeasturias.com\\\/noticias\\\/recortes-cero-por-la-democracia-con-los-alcaldes-del-no\\\/#webpage\"},\"articleSection\":\"Actualidad\"},{\"@type\":\"BreadcrumbList\",\"@id\":\"https:\\\/\\\/www.eldigitaldeasturias.com\\\/noticias\\\/recortes-cero-por-la-democracia-con-los-alcaldes-del-no\\\/#breadcrumblist\",\"itemListElement\":[{\"@type\":\"ListItem\",\"@id\":\"https:\\\/\\\/www.eldigitaldeasturias.com\\\/noticias#listItem\",\"position\":1,\"name\":\"Home\",\"item\":\"https:\\\/\\\/www.eldigitaldeasturias.com\\\/noticias\",\"nextItem\":{\"@type\":\"ListItem\",\"@id\":\"https:\\\/\\\/www.eldigitaldeasturias.com\\\/noticias\\\/category\\\/actualidad\\\/#listItem\",\"name\":\"Actualidad\"}},{\"@type\":\"ListItem\",\"@id\":\"https:\\\/\\\/www.eldigitaldeasturias.com\\\/noticias\\\/category\\\/actualidad\\\/#listItem\",\"position\":2,\"name\":\"Actualidad\",\"item\":\"https:\\\/\\\/www.eldigitaldeasturias.com\\\/noticias\\\/category\\\/actualidad\\\/\",\"nextItem\":{\"@type\":\"ListItem\",\"@id\":\"https:\\\/\\\/www.eldigitaldeasturias.com\\\/noticias\\\/recortes-cero-por-la-democracia-con-los-alcaldes-del-no\\\/#listItem\",\"name\":\"Recortes Cero por la democracia con los alcaldes del No\"},\"previousItem\":{\"@type\":\"ListItem\",\"@id\":\"https:\\\/\\\/www.eldigitaldeasturias.com\\\/noticias#listItem\",\"name\":\"Home\"}},{\"@type\":\"ListItem\",\"@id\":\"https:\\\/\\\/www.eldigitaldeasturias.com\\\/noticias\\\/recortes-cero-por-la-democracia-con-los-alcaldes-del-no\\\/#listItem\",\"position\":3,\"name\":\"Recortes Cero por la democracia con los alcaldes del No\",\"previousItem\":{\"@type\":\"ListItem\",\"@id\":\"https:\\\/\\\/www.eldigitaldeasturias.com\\\/noticias\\\/category\\\/actualidad\\\/#listItem\",\"name\":\"Actualidad\"}}]},{\"@type\":\"Organization\",\"@id\":\"https:\\\/\\\/www.eldigitaldeasturias.com\\\/noticias\\\/#organization\",\"name\":\"El Digital de Asturias\",\"description\":\"Hemeroteca\",\"url\":\"https:\\\/\\\/www.eldigitaldeasturias.com\\\/noticias\\\/\",\"email\":\"info@eldigitaldeasturias.com\",\"telephone\":\"+34652131393\",\"logo\":{\"@type\":\"ImageObject\",\"url\":\"https:\\\/\\\/www.eldigitaldeasturias.com\\\/noticias\\\/wp-content\\\/uploads\\\/2020\\\/12\\\/EDA.jpg\",\"@id\":\"https:\\\/\\\/www.eldigitaldeasturias.com\\\/noticias\\\/recortes-cero-por-la-democracia-con-los-alcaldes-del-no\\\/#organizationLogo\"},\"image\":{\"@id\":\"https:\\\/\\\/www.eldigitaldeasturias.com\\\/noticias\\\/recortes-cero-por-la-democracia-con-los-alcaldes-del-no\\\/#organizationLogo\"},\"sameAs\":[\"https:\\\/\\\/facebook.com\\\/eldigitaldeasturias\",\"https:\\\/\\\/www.youtube.com\\\/channel\\\/UCZP-2wLEB9Rv6erhFmqVnvg\"],\"address\":{\"@id\":\"https:\\\/\\\/www.eldigitaldeasturias.com\\\/noticias\\\/#postaladdress\",\"@type\":\"PostalAddress\",\"streetAddress\":\"san antonio 4\",\"postalCode\":\"33430\",\"addressLocality\":\"Cand\\u00e1s\",\"addressRegion\":\"Asturias\",\"addressCountry\":\"ES\"}},{\"@type\":\"Person\",\"@id\":\"https:\\\/\\\/www.eldigitaldeasturias.com\\\/noticias\\\/author\\\/admin\\\/#author\",\"url\":\"https:\\\/\\\/www.eldigitaldeasturias.com\\\/noticias\\\/author\\\/admin\\\/\",\"name\":\"El Digital de Asturias\",\"image\":{\"@type\":\"ImageObject\",\"@id\":\"https:\\\/\\\/www.eldigitaldeasturias.com\\\/noticias\\\/recortes-cero-por-la-democracia-con-los-alcaldes-del-no\\\/#authorImage\",\"url\":\"https:\\\/\\\/secure.gravatar.com\\\/avatar\\\/df2aeffc32bcd13f8d26072ef8a91b623d677766deac7f97ca815868cd41bf5e?s=96&d=mm&r=g\",\"width\":96,\"height\":96,\"caption\":\"El Digital de Asturias\"}},{\"@type\":\"WebPage\",\"@id\":\"https:\\\/\\\/www.eldigitaldeasturias.com\\\/noticias\\\/recortes-cero-por-la-democracia-con-los-alcaldes-del-no\\\/#webpage\",\"url\":\"https:\\\/\\\/www.eldigitaldeasturias.com\\\/noticias\\\/recortes-cero-por-la-democracia-con-los-alcaldes-del-no\\\/\",\"name\":\"Recortes Cero por la democracia con los alcaldes del No - El Digital de Asturias\",\"description\":\"Los ataques, amenazas e intimidaciones contra los que no comulgan con el 1-O son mucho m\\u00e1s que algunos excesos. Buscan el objetivo de doblegar a quienes se rebelan. El Govern de Puigdemont, que ha expulsado a los moderados y purgado a los prudentes, es el responsable de amparar a los \\\"talibanes\\\" que amenazan, intimidan y\",\"inLanguage\":\"es-ES\",\"isPartOf\":{\"@id\":\"https:\\\/\\\/www.eldigitaldeasturias.com\\\/noticias\\\/#website\"},\"breadcrumb\":{\"@id\":\"https:\\\/\\\/www.eldigitaldeasturias.com\\\/noticias\\\/recortes-cero-por-la-democracia-con-los-alcaldes-del-no\\\/#breadcrumblist\"},\"author\":{\"@id\":\"https:\\\/\\\/www.eldigitaldeasturias.com\\\/noticias\\\/author\\\/admin\\\/#author\"},\"creator\":{\"@id\":\"https:\\\/\\\/www.eldigitaldeasturias.com\\\/noticias\\\/author\\\/admin\\\/#author\"},\"image\":{\"@type\":\"ImageObject\",\"url\":952477,\"@id\":\"https:\\\/\\\/www.eldigitaldeasturias.com\\\/noticias\\\/recortes-cero-por-la-democracia-con-los-alcaldes-del-no\\\/#mainImage\"},\"primaryImageOfPage\":{\"@id\":\"https:\\\/\\\/www.eldigitaldeasturias.com\\\/noticias\\\/recortes-cero-por-la-democracia-con-los-alcaldes-del-no\\\/#mainImage\"},\"datePublished\":\"2017-09-11T16:39:18+02:00\",\"dateModified\":\"2017-09-11T16:39:18+02:00\"},{\"@type\":\"WebSite\",\"@id\":\"https:\\\/\\\/www.eldigitaldeasturias.com\\\/noticias\\\/#website\",\"url\":\"https:\\\/\\\/www.eldigitaldeasturias.com\\\/noticias\\\/\",\"name\":\"El Digital de Asturias - Diario de actualidad y noticias\",\"alternateName\":\"El Digital de Asturias - Diario de actualidad y noticias\",\"description\":\"Hemeroteca\",\"inLanguage\":\"es-ES\",\"publisher\":{\"@id\":\"https:\\\/\\\/www.eldigitaldeasturias.com\\\/noticias\\\/#organization\"}}]}\n\t\t<\/script>\n\t\t<!-- All in One SEO Pro -->\r\n\t\t<title>Recortes Cero por la democracia con los alcaldes del No - El Digital de Asturias<\/title>\n\n","aioseo_head_json":{"title":"Recortes Cero por la democracia con los alcaldes del No - El Digital de Asturias","description":"Los ataques, amenazas e intimidaciones contra los que no comulgan con el 1-O son mucho m\u00e1s que algunos excesos. Buscan el objetivo de doblegar a quienes se rebelan. El Govern de Puigdemont, que ha expulsado a los moderados y purgado a los prudentes, es el responsable de amparar a los \"talibanes\" que amenazan, intimidan y","canonical_url":"https:\/\/www.eldigitaldeasturias.com\/noticias\/recortes-cero-por-la-democracia-con-los-alcaldes-del-no\/","robots":"max-image-preview:large","keywords":"actualidad","webmasterTools":{"google-site-verification":"UA-38556648-1","msvalidate.01":"7dfe9f3f1b24437ab69f4f2559babe99","miscellaneous":""},"schema":{"@context":"https:\/\/schema.org","@graph":[{"@type":"BlogPosting","@id":"https:\/\/www.eldigitaldeasturias.com\/noticias\/recortes-cero-por-la-democracia-con-los-alcaldes-del-no\/#blogposting","name":"Recortes Cero por la democracia con los alcaldes del No - El Digital de Asturias","headline":"Recortes Cero por la democracia con los alcaldes del No","author":{"@id":"https:\/\/www.eldigitaldeasturias.com\/noticias\/author\/admin\/#author"},"publisher":{"@id":"https:\/\/www.eldigitaldeasturias.com\/noticias\/#organization"},"image":{"@type":"ImageObject","url":952477},"datePublished":"2017-09-11T16:39:18+02:00","dateModified":"2017-09-11T16:39:18+02:00","inLanguage":"es-ES","mainEntityOfPage":{"@id":"https:\/\/www.eldigitaldeasturias.com\/noticias\/recortes-cero-por-la-democracia-con-los-alcaldes-del-no\/#webpage"},"isPartOf":{"@id":"https:\/\/www.eldigitaldeasturias.com\/noticias\/recortes-cero-por-la-democracia-con-los-alcaldes-del-no\/#webpage"},"articleSection":"Actualidad"},{"@type":"BreadcrumbList","@id":"https:\/\/www.eldigitaldeasturias.com\/noticias\/recortes-cero-por-la-democracia-con-los-alcaldes-del-no\/#breadcrumblist","itemListElement":[{"@type":"ListItem","@id":"https:\/\/www.eldigitaldeasturias.com\/noticias#listItem","position":1,"name":"Home","item":"https:\/\/www.eldigitaldeasturias.com\/noticias","nextItem":{"@type":"ListItem","@id":"https:\/\/www.eldigitaldeasturias.com\/noticias\/category\/actualidad\/#listItem","name":"Actualidad"}},{"@type":"ListItem","@id":"https:\/\/www.eldigitaldeasturias.com\/noticias\/category\/actualidad\/#listItem","position":2,"name":"Actualidad","item":"https:\/\/www.eldigitaldeasturias.com\/noticias\/category\/actualidad\/","nextItem":{"@type":"ListItem","@id":"https:\/\/www.eldigitaldeasturias.com\/noticias\/recortes-cero-por-la-democracia-con-los-alcaldes-del-no\/#listItem","name":"Recortes Cero por la democracia con los alcaldes del No"},"previousItem":{"@type":"ListItem","@id":"https:\/\/www.eldigitaldeasturias.com\/noticias#listItem","name":"Home"}},{"@type":"ListItem","@id":"https:\/\/www.eldigitaldeasturias.com\/noticias\/recortes-cero-por-la-democracia-con-los-alcaldes-del-no\/#listItem","position":3,"name":"Recortes Cero por la democracia con los alcaldes del No","previousItem":{"@type":"ListItem","@id":"https:\/\/www.eldigitaldeasturias.com\/noticias\/category\/actualidad\/#listItem","name":"Actualidad"}}]},{"@type":"Organization","@id":"https:\/\/www.eldigitaldeasturias.com\/noticias\/#organization","name":"El Digital de Asturias","description":"Hemeroteca","url":"https:\/\/www.eldigitaldeasturias.com\/noticias\/","email":"info@eldigitaldeasturias.com","telephone":"+34652131393","logo":{"@type":"ImageObject","url":"https:\/\/www.eldigitaldeasturias.com\/noticias\/wp-content\/uploads\/2020\/12\/EDA.jpg","@id":"https:\/\/www.eldigitaldeasturias.com\/noticias\/recortes-cero-por-la-democracia-con-los-alcaldes-del-no\/#organizationLogo"},"image":{"@id":"https:\/\/www.eldigitaldeasturias.com\/noticias\/recortes-cero-por-la-democracia-con-los-alcaldes-del-no\/#organizationLogo"},"sameAs":["https:\/\/facebook.com\/eldigitaldeasturias","https:\/\/www.youtube.com\/channel\/UCZP-2wLEB9Rv6erhFmqVnvg"],"address":{"@id":"https:\/\/www.eldigitaldeasturias.com\/noticias\/#postaladdress","@type":"PostalAddress","streetAddress":"san antonio 4","postalCode":"33430","addressLocality":"Cand\u00e1s","addressRegion":"Asturias","addressCountry":"ES"}},{"@type":"Person","@id":"https:\/\/www.eldigitaldeasturias.com\/noticias\/author\/admin\/#author","url":"https:\/\/www.eldigitaldeasturias.com\/noticias\/author\/admin\/","name":"El Digital de Asturias","image":{"@type":"ImageObject","@id":"https:\/\/www.eldigitaldeasturias.com\/noticias\/recortes-cero-por-la-democracia-con-los-alcaldes-del-no\/#authorImage","url":"https:\/\/secure.gravatar.com\/avatar\/df2aeffc32bcd13f8d26072ef8a91b623d677766deac7f97ca815868cd41bf5e?s=96&d=mm&r=g","width":96,"height":96,"caption":"El Digital de Asturias"}},{"@type":"WebPage","@id":"https:\/\/www.eldigitaldeasturias.com\/noticias\/recortes-cero-por-la-democracia-con-los-alcaldes-del-no\/#webpage","url":"https:\/\/www.eldigitaldeasturias.com\/noticias\/recortes-cero-por-la-democracia-con-los-alcaldes-del-no\/","name":"Recortes Cero por la democracia con los alcaldes del No - El Digital de Asturias","description":"Los ataques, amenazas e intimidaciones contra los que no comulgan con el 1-O son mucho m\u00e1s que algunos excesos. Buscan el objetivo de doblegar a quienes se rebelan. El Govern de Puigdemont, que ha expulsado a los moderados y purgado a los prudentes, es el responsable de amparar a los \"talibanes\" que amenazan, intimidan y","inLanguage":"es-ES","isPartOf":{"@id":"https:\/\/www.eldigitaldeasturias.com\/noticias\/#website"},"breadcrumb":{"@id":"https:\/\/www.eldigitaldeasturias.com\/noticias\/recortes-cero-por-la-democracia-con-los-alcaldes-del-no\/#breadcrumblist"},"author":{"@id":"https:\/\/www.eldigitaldeasturias.com\/noticias\/author\/admin\/#author"},"creator":{"@id":"https:\/\/www.eldigitaldeasturias.com\/noticias\/author\/admin\/#author"},"image":{"@type":"ImageObject","url":952477,"@id":"https:\/\/www.eldigitaldeasturias.com\/noticias\/recortes-cero-por-la-democracia-con-los-alcaldes-del-no\/#mainImage"},"primaryImageOfPage":{"@id":"https:\/\/www.eldigitaldeasturias.com\/noticias\/recortes-cero-por-la-democracia-con-los-alcaldes-del-no\/#mainImage"},"datePublished":"2017-09-11T16:39:18+02:00","dateModified":"2017-09-11T16:39:18+02:00"},{"@type":"WebSite","@id":"https:\/\/www.eldigitaldeasturias.com\/noticias\/#website","url":"https:\/\/www.eldigitaldeasturias.com\/noticias\/","name":"El Digital de Asturias - Diario de actualidad y noticias","alternateName":"El Digital de Asturias - Diario de actualidad y noticias","description":"Hemeroteca","inLanguage":"es-ES","publisher":{"@id":"https:\/\/www.eldigitaldeasturias.com\/noticias\/#organization"}}]},"og:locale":"es_ES","og:site_name":"El Digital de Asturias","og:type":"article","og:title":"Recortes Cero por la democracia con los alcaldes del No - El Digital de Asturias","og:description":"Los ataques, amenazas e intimidaciones contra los que no comulgan con el 1-O son mucho m\u00e1s que algunos excesos. Buscan el objetivo de doblegar a quienes se rebelan. El Govern de Puigdemont, que ha expulsado a los moderados y purgado a los prudentes, es el responsable de amparar a los &quot;talibanes&quot; que amenazan, intimidan y","og:url":"https:\/\/www.eldigitaldeasturias.com\/noticias\/recortes-cero-por-la-democracia-con-los-alcaldes-del-no\/","article:tag":["actualidad"],"article:published_time":"2017-09-11T16:39:18+00:00","article:modified_time":"2017-09-11T16:39:18+00:00","article:publisher":"https:\/\/facebook.com\/eldigitaldeasturias","twitter:card":"summary_large_image","twitter:title":"Recortes Cero por la democracia con los alcaldes del No - El Digital de Asturias","twitter:description":"Los ataques, amenazas e intimidaciones contra los que no comulgan con el 1-O son mucho m\u00e1s que algunos excesos. Buscan el objetivo de doblegar a quienes se rebelan. El Govern de Puigdemont, que ha expulsado a los moderados y purgado a los prudentes, es el responsable de amparar a los &quot;talibanes&quot; que amenazan, intimidan y","twitter:image":"https:\/\/www.eldigitaldeasturias.com\/noticias\/wp-content\/uploads\/2020\/12\/EDA-1.jpg","twitter:label1":"Escrito por","twitter:data1":"El Digital de Asturias","twitter:label2":"Tiempo de lectura estimado","twitter:data2":"2 minutos"},"aioseo_meta_data":{"post_id":"952476","title":null,"description":null,"keywords":null,"keyphrases":null,"primary_term":null,"canonical_url":null,"og_title":null,"og_description":null,"og_object_type":"default","og_image_type":"default","og_image_url":null,"og_image_width":null,"og_image_height":null,"og_image_custom_url":null,"og_image_custom_fields":null,"og_video":null,"og_custom_url":null,"og_article_section":null,"og_article_tags":null,"twitter_use_og":false,"twitter_card":"default","twitter_image_type":"default","twitter_image_url":null,"twitter_image_custom_url":null,"twitter_image_custom_fields":null,"twitter_title":null,"twitter_description":null,"schema":{"blockGraphs":[],"customGraphs":[],"default":{"data":{"Article":[],"Course":[],"Dataset":[],"FAQPage":[],"Movie":[],"Person":[],"Product":[],"ProductReview":[],"Car":[],"Recipe":[],"Service":[],"SoftwareApplication":[],"WebPage":[]},"graphName":"","isEnabled":true},"graphs":[],"defaultGraph":"","defaultPostTypeGraph":""},"schema_type":null,"schema_type_options":null,"pillar_content":false,"robots_default":true,"robots_noindex":false,"robots_noarchive":false,"robots_nosnippet":false,"robots_nofollow":false,"robots_noimageindex":false,"robots_noodp":false,"robots_notranslate":false,"robots_max_snippet":null,"robots_max_videopreview":null,"robots_max_imagepreview":"large","priority":null,"frequency":null,"local_seo":null,"seo_analyzer_scan_date":"2025-12-05 23:05:16","breadcrumb_settings":null,"limit_modified_date":false,"open_ai":null,"ai":null,"created":"2020-12-21 12:57:41","updated":"2025-12-05 23:05:16","focus_keyword":null,"additional_keywords":null,"truseo_locale":null},"aioseo_breadcrumb":"<div class=\"aioseo-breadcrumbs\"><span class=\"aioseo-breadcrumb\">\n\t<a href=\"https:\/\/www.eldigitaldeasturias.com\/noticias\" title=\"Home\">Home<\/a>\n<\/span><span class=\"aioseo-breadcrumb-separator\">\u2013<\/span><span class=\"aioseo-breadcrumb\">\n\t<a href=\"https:\/\/www.eldigitaldeasturias.com\/noticias\/category\/actualidad\/\" title=\"Actualidad\">Actualidad<\/a>\n<\/span><span class=\"aioseo-breadcrumb-separator\">\u2013<\/span><span class=\"aioseo-breadcrumb\">\n\t<a href=\"https:\/\/www.eldigitaldeasturias.com\/noticias\/recortes-cero-por-la-democracia-con-los-alcaldes-del-no\/\" title=\"Recortes Cero por la democracia con los alcaldes del No\">Recortes Cero por la democracia con los alcaldes del No<\/a>\n<\/span><\/div>","aioseo_breadcrumb_json":[{"label":"Home","link":"https:\/\/www.eldigitaldeasturias.com\/noticias"},{"label":"Actualidad","link":"https:\/\/www.eldigitaldeasturias.com\/noticias\/category\/actualidad\/"},{"label":"Recortes Cero por la democracia con los alcaldes del No","link":"https:\/\/www.eldigitaldeasturias.com\/noticias\/recortes-cero-por-la-democracia-con-los-alcaldes-del-no\/"}],"_links":{"self":[{"href":"https:\/\/www.eldigitaldeasturias.com\/noticias\/wp-json\/wp\/v2\/posts\/952476","targetHints":{"allow":["GET"]}}],"collection":[{"href":"https:\/\/www.eldigitaldeasturias.com\/noticias\/wp-json\/wp\/v2\/posts"}],"about":[{"href":"https:\/\/www.eldigitaldeasturias.com\/noticias\/wp-json\/wp\/v2\/types\/post"}],"author":[{"embeddable":true,"href":"https:\/\/www.eldigitaldeasturias.com\/noticias\/wp-json\/wp\/v2\/users\/1"}],"replies":[{"embeddable":true,"href":"https:\/\/www.eldigitaldeasturias.com\/noticias\/wp-json\/wp\/v2\/comments?post=952476"}],"version-history":[{"count":0,"href":"https:\/\/www.eldigitaldeasturias.com\/noticias\/wp-json\/wp\/v2\/posts\/952476\/revisions"}],"wp:attachment":[{"href":"https:\/\/www.eldigitaldeasturias.com\/noticias\/wp-json\/wp\/v2\/media?parent=952476"}],"wp:term":[{"taxonomy":"category","embeddable":true,"href":"https:\/\/www.eldigitaldeasturias.com\/noticias\/wp-json\/wp\/v2\/categories?post=952476"},{"taxonomy":"post_tag","embeddable":true,"href":"https:\/\/www.eldigitaldeasturias.com\/noticias\/wp-json\/wp\/v2\/tags?post=952476"}],"curies":[{"name":"wp","href":"https:\/\/api.w.org\/{rel}","templated":true}]}}