{"id":952382,"date":"2017-09-11T11:07:44","date_gmt":"2017-09-11T11:07:44","guid":{"rendered":"http:\/\/www.eldigitaldeasturias.com\/noticias\/?p=952382"},"modified":"2017-09-11T11:07:44","modified_gmt":"2017-09-11T11:07:44","slug":"fatima-banez-firma-tres-convenios-de-colaboracion-para-mejorar-el-empleo-y-la-empleabilidad-en-canarias","status":"publish","type":"post","link":"https:\/\/www.eldigitaldeasturias.com\/noticias\/fatima-banez-firma-tres-convenios-de-colaboracion-para-mejorar-el-empleo-y-la-empleabilidad-en-canarias\/","title":{"rendered":"F\u00e1tima B\u00e1\u00f1ez firma tres convenios de colaboraci\u00f3n para mejorar el empleo y la empleabilidad en Canarias"},"content":{"rendered":"<p><img loading=\"lazy\" decoding=\"async\" class=\"alignleft size-medium wp-image-952383\" src=\"https:\/\/www.eldigitaldeasturias.com\/noticias\/wp-content\/uploads\/2017\/09\/110917Ba\u00f1ez-360x239.jpg\" alt=\"\" width=\"360\" height=\"239\" \/>La ministra de Empleo y Seguridad Social, F\u00e1tima B\u00e1\u00f1ez, y el presidente del Gobierno de Canarias, Fernando Clavijo, han firmado hoy en Madrid tres convenios de colaboraci\u00f3n para avanzar en la empleabilidad y el empleo en Canarias. Con esta firma se pondr\u00e1 el marcha el Plan Integral de Empleo en el archipi\u00e9lago, que fue autorizado por el Consejo de Ministros del pasado viernes. Asimismo, se han firmado acuerdos para avanzar en materia de lucha contra el fraude e incapacidad temporal.<\/p>\n<p>\u200bF\u00e1tima B\u00e1\u00f1ez, ha afirmado, en el acto celebrado en la sede del Departamento, que el empleo en Canarias avanza con intensidad: a un ritmo intenso del 4,7%.<\/p>\n<p>La ministra ha apuntado que Canarias ha recuperado 117.789 empleos destruidos por la crisis, a lo que ha a\u00f1adido que la comunidad aut\u00f3noma \u00abavanza en el segundo gran objetivo, que es el empleo de calidad: en 2017 se ha incrementado a un ritmo del 15%, 3% m\u00e1s que la media nacional\u00bb.<\/p>\n<p>El acuerdo que se ha firmado hoy aprueba un Plan Integral de Empleo para Canarias, de car\u00e1cter transversal, que sit\u00faa entre sus objetivos ofrecer oportunidades a los parados de larga duraci\u00f3n, a los j\u00f3venes y a los colectivos m\u00e1s vulnerables; que promueve la formaci\u00f3n para vincularla a las necesidades del mercado laboral; que potencia la movilidad laboral entre las islas y fomenta la calidad y estabilidad en el empleo, concentrando los esfuerzos en la diversificaci\u00f3n de la econom\u00eda canaria.<\/p>\n<p>Seg\u00fan ha informado la titular de Empleo y Seguridad Social, este Plan estar\u00e1 dotado con 42 millones de euros, que se sumar\u00e1n a los fondos que recibe Canarias en Conferencia Sectorial. De ellos el SEPE aportar\u00e1 24.150.000 euros y el resto, 17.850.000, ser\u00e1 una contribuci\u00f3n que se canalizar\u00e1 a trav\u00e9s de una ayuda adicional del Fondo Social Europeo.<\/p>\n<p>\u00abEs un Plan que estoy convencida que permitir\u00e1 mejorar la empleabilidad de los trabajadores canarios, ganar tiempo y acelerar la transici\u00f3n del desempleo al empleo\u00bb, ha matizado.<\/p>\n<p>En el protocolo que se ha firmado hoy se incluye, adem\u00e1s, un segundo acuerdo destinado no s\u00f3lo \u00aba crear m\u00e1s empleos, sino mejores empleos\u00bb. En el \u00e1mbito de la Seguridad Social, se trata de un convenio para modernizar la gesti\u00f3n de la prestaci\u00f3n econ\u00f3mica que supone la incapacidad temporal.<\/p>\n<p><strong>Convenio en materia de inspecci\u00f3n<\/strong><\/p>\n<p>En materia de Inspecci\u00f3n de Trabajo se firma un tercer convenio, que contin\u00faa con la l\u00ednea de labor conjunta que se inici\u00f3 en 2014 -y tuvo su continuaci\u00f3n en 2016-, en el campo de la lucha contra la econom\u00eda sumergida y el empleo irregular, as\u00ed como en materia de formaci\u00f3n profesional.<\/p>\n<p>\u00abEn la agenda integral de la calidad en el empleo cobra una vital importancia la labor de la Inspecci\u00f3n como garante \u00faltimo de los derechos de los trabajadores\u00bb, ha advertido F\u00e1tima B\u00e1\u00f1ez, quien ha a\u00f1adido que \u00absin contrato no hay derecho a salario m\u00ednimo, ni a jornada m\u00e1xima, ni a vacaciones, ni a prestaci\u00f3n por enfermedad, ni a una futura pensi\u00f3n. Sin contrato no hay derecho a nada\u00bb.<\/p>\n<p>La ministra de Empleo y Seguridad Social ha afirmado que con el esfuerzo conjunto se han aflorado en la comunidad canaria desde 2012 m\u00e1s de 23.500 empleos irregulares, se han detectado 326 empresas ficticias y 22.000 contratos temporales se han convertido en indefinidos.<\/p>\n<p>B\u00e1\u00f1ez ha finalizado afirmando que con este nuevo convenio se refuerza la plantilla de la Inspecci\u00f3n de Trabajo con 32 nuevos inspectores y subinspectores en el per\u00edodo de mayor actividad econ\u00f3mica de las islas.<\/p>\n<p>&nbsp;<\/p>\n","protected":false},"excerpt":{"rendered":"<p>La ministra de Empleo y Seguridad Social, F\u00e1tima B\u00e1\u00f1ez, y el presidente del Gobierno de Canarias, Fernando Clavijo, han firmado hoy en Madrid tres convenios de colaboraci\u00f3n para avanzar en la empleabilidad y el empleo en Canarias. Con esta firma se pondr\u00e1 el marcha el Plan Integral de Empleo en el archipi\u00e9lago, que fue autorizado [&hellip;]<\/p>\n","protected":false},"author":1,"featured_media":952383,"comment_status":"closed","ping_status":"closed","sticky":false,"template":"","format":"standard","meta":{"footnotes":""},"categories":[1],"tags":[],"class_list":["post-952382","post","type-post","status-publish","format-standard","has-post-thumbnail","hentry","category-actualidad"],"aioseo_notices":[],"aioseo_head":"\n\t\t<!-- All in One SEO Pro 5.0.1 - aioseo.com -->\n\t<meta name=\"description\" content=\"La ministra de Empleo y Seguridad Social, F\u00e1tima B\u00e1\u00f1ez, y el presidente del Gobierno de Canarias, Fernando Clavijo, han firmado hoy en Madrid tres convenios de colaboraci\u00f3n para avanzar en la empleabilidad y el empleo en Canarias. Con esta firma se pondr\u00e1 el marcha el Plan Integral de Empleo en el archipi\u00e9lago, que fue autorizado\" \/>\n\t<meta name=\"robots\" content=\"max-image-preview:large\" \/>\n\t<meta name=\"author\" content=\"El Digital de Asturias\"\/>\n\t<meta name=\"google-site-verification\" content=\"UA-38556648-1\" \/>\n\t<meta name=\"msvalidate.01\" content=\"7dfe9f3f1b24437ab69f4f2559babe99\" \/>\n\t<meta name=\"keywords\" content=\"actualidad\" \/>\n\t<link rel=\"canonical\" href=\"https:\/\/www.eldigitaldeasturias.com\/noticias\/fatima-banez-firma-tres-convenios-de-colaboracion-para-mejorar-el-empleo-y-la-empleabilidad-en-canarias\/\" \/>\n\t<meta name=\"generator\" content=\"All in One SEO Pro (AIOSEO) 5.0.1\" \/>\n\t\t<meta property=\"og:locale\" content=\"es_ES\" \/>\n\t\t<meta property=\"og:site_name\" content=\"El Digital de Asturias\" \/>\n\t\t<meta property=\"og:type\" content=\"article\" \/>\n\t\t<meta property=\"og:title\" content=\"F\u00e1tima B\u00e1\u00f1ez firma tres convenios de colaboraci\u00f3n para mejorar el empleo y la empleabilidad en Canarias - El Digital de Asturias\" \/>\n\t\t<meta property=\"og:description\" content=\"La ministra de Empleo y Seguridad Social, F\u00e1tima B\u00e1\u00f1ez, y el presidente del Gobierno de Canarias, Fernando Clavijo, han firmado hoy en Madrid tres convenios de colaboraci\u00f3n para avanzar en la empleabilidad y el empleo en Canarias. Con esta firma se pondr\u00e1 el marcha el Plan Integral de Empleo en el archipi\u00e9lago, que fue autorizado\" \/>\n\t\t<meta property=\"og:url\" content=\"https:\/\/www.eldigitaldeasturias.com\/noticias\/fatima-banez-firma-tres-convenios-de-colaboracion-para-mejorar-el-empleo-y-la-empleabilidad-en-canarias\/\" \/>\n\t\t<meta property=\"article:tag\" content=\"actualidad\" \/>\n\t\t<meta property=\"article:published_time\" content=\"2017-09-11T11:07:44+00:00\" \/>\n\t\t<meta property=\"article:modified_time\" content=\"2017-09-11T11:07:44+00:00\" \/>\n\t\t<meta property=\"article:publisher\" content=\"https:\/\/facebook.com\/eldigitaldeasturias\" \/>\n\t\t<meta name=\"twitter:card\" content=\"summary_large_image\" \/>\n\t\t<meta name=\"twitter:title\" content=\"F\u00e1tima B\u00e1\u00f1ez firma tres convenios de colaboraci\u00f3n para mejorar el empleo y la empleabilidad en Canarias - El Digital de Asturias\" \/>\n\t\t<meta name=\"twitter:description\" content=\"La ministra de Empleo y Seguridad Social, F\u00e1tima B\u00e1\u00f1ez, y el presidente del Gobierno de Canarias, Fernando Clavijo, han firmado hoy en Madrid tres convenios de colaboraci\u00f3n para avanzar en la empleabilidad y el empleo en Canarias. Con esta firma se pondr\u00e1 el marcha el Plan Integral de Empleo en el archipi\u00e9lago, que fue autorizado\" \/>\n\t\t<meta name=\"twitter:image\" content=\"https:\/\/www.eldigitaldeasturias.com\/noticias\/wp-content\/uploads\/2020\/12\/EDA-1.jpg\" \/>\n\t\t<meta name=\"twitter:label1\" content=\"Escrito por\" \/>\n\t\t<meta name=\"twitter:data1\" content=\"El Digital de Asturias\" \/>\n\t\t<meta name=\"twitter:label2\" content=\"Tiempo de lectura estimado\" \/>\n\t\t<meta name=\"twitter:data2\" content=\"3 minutos\" \/>\n\t\t<script type=\"application\/ld+json\" class=\"aioseo-schema\">\n\t\t\t{\"@context\":\"https:\\\/\\\/schema.org\",\"@graph\":[{\"@type\":\"BlogPosting\",\"@id\":\"https:\\\/\\\/www.eldigitaldeasturias.com\\\/noticias\\\/fatima-banez-firma-tres-convenios-de-colaboracion-para-mejorar-el-empleo-y-la-empleabilidad-en-canarias\\\/#blogposting\",\"name\":\"F\\u00e1tima B\\u00e1\\u00f1ez firma tres convenios de colaboraci\\u00f3n para mejorar el empleo y la empleabilidad en Canarias - El Digital de Asturias\",\"headline\":\"F\\u00e1tima B\\u00e1\\u00f1ez firma tres convenios de colaboraci\\u00f3n para mejorar el empleo y la empleabilidad en Canarias\",\"author\":{\"@id\":\"https:\\\/\\\/www.eldigitaldeasturias.com\\\/noticias\\\/author\\\/admin\\\/#author\"},\"publisher\":{\"@id\":\"https:\\\/\\\/www.eldigitaldeasturias.com\\\/noticias\\\/#organization\"},\"image\":{\"@type\":\"ImageObject\",\"url\":952383},\"datePublished\":\"2017-09-11T11:07:44+02:00\",\"dateModified\":\"2017-09-11T11:07:44+02:00\",\"inLanguage\":\"es-ES\",\"mainEntityOfPage\":{\"@id\":\"https:\\\/\\\/www.eldigitaldeasturias.com\\\/noticias\\\/fatima-banez-firma-tres-convenios-de-colaboracion-para-mejorar-el-empleo-y-la-empleabilidad-en-canarias\\\/#webpage\"},\"isPartOf\":{\"@id\":\"https:\\\/\\\/www.eldigitaldeasturias.com\\\/noticias\\\/fatima-banez-firma-tres-convenios-de-colaboracion-para-mejorar-el-empleo-y-la-empleabilidad-en-canarias\\\/#webpage\"},\"articleSection\":\"Actualidad\"},{\"@type\":\"BreadcrumbList\",\"@id\":\"https:\\\/\\\/www.eldigitaldeasturias.com\\\/noticias\\\/fatima-banez-firma-tres-convenios-de-colaboracion-para-mejorar-el-empleo-y-la-empleabilidad-en-canarias\\\/#breadcrumblist\",\"itemListElement\":[{\"@type\":\"ListItem\",\"@id\":\"https:\\\/\\\/www.eldigitaldeasturias.com\\\/noticias#listItem\",\"position\":1,\"name\":\"Home\",\"item\":\"https:\\\/\\\/www.eldigitaldeasturias.com\\\/noticias\",\"nextItem\":{\"@type\":\"ListItem\",\"@id\":\"https:\\\/\\\/www.eldigitaldeasturias.com\\\/noticias\\\/category\\\/actualidad\\\/#listItem\",\"name\":\"Actualidad\"}},{\"@type\":\"ListItem\",\"@id\":\"https:\\\/\\\/www.eldigitaldeasturias.com\\\/noticias\\\/category\\\/actualidad\\\/#listItem\",\"position\":2,\"name\":\"Actualidad\",\"item\":\"https:\\\/\\\/www.eldigitaldeasturias.com\\\/noticias\\\/category\\\/actualidad\\\/\",\"nextItem\":{\"@type\":\"ListItem\",\"@id\":\"https:\\\/\\\/www.eldigitaldeasturias.com\\\/noticias\\\/fatima-banez-firma-tres-convenios-de-colaboracion-para-mejorar-el-empleo-y-la-empleabilidad-en-canarias\\\/#listItem\",\"name\":\"F\\u00e1tima B\\u00e1\\u00f1ez firma tres convenios de colaboraci\\u00f3n para mejorar el empleo y la empleabilidad en Canarias\"},\"previousItem\":{\"@type\":\"ListItem\",\"@id\":\"https:\\\/\\\/www.eldigitaldeasturias.com\\\/noticias#listItem\",\"name\":\"Home\"}},{\"@type\":\"ListItem\",\"@id\":\"https:\\\/\\\/www.eldigitaldeasturias.com\\\/noticias\\\/fatima-banez-firma-tres-convenios-de-colaboracion-para-mejorar-el-empleo-y-la-empleabilidad-en-canarias\\\/#listItem\",\"position\":3,\"name\":\"F\\u00e1tima B\\u00e1\\u00f1ez firma tres convenios de colaboraci\\u00f3n para mejorar el empleo y la empleabilidad en Canarias\",\"previousItem\":{\"@type\":\"ListItem\",\"@id\":\"https:\\\/\\\/www.eldigitaldeasturias.com\\\/noticias\\\/category\\\/actualidad\\\/#listItem\",\"name\":\"Actualidad\"}}]},{\"@type\":\"Organization\",\"@id\":\"https:\\\/\\\/www.eldigitaldeasturias.com\\\/noticias\\\/#organization\",\"name\":\"El Digital de Asturias\",\"description\":\"Hemeroteca\",\"url\":\"https:\\\/\\\/www.eldigitaldeasturias.com\\\/noticias\\\/\",\"email\":\"info@eldigitaldeasturias.com\",\"telephone\":\"+34652131393\",\"logo\":{\"@type\":\"ImageObject\",\"url\":\"https:\\\/\\\/www.eldigitaldeasturias.com\\\/noticias\\\/wp-content\\\/uploads\\\/2020\\\/12\\\/EDA.jpg\",\"@id\":\"https:\\\/\\\/www.eldigitaldeasturias.com\\\/noticias\\\/fatima-banez-firma-tres-convenios-de-colaboracion-para-mejorar-el-empleo-y-la-empleabilidad-en-canarias\\\/#organizationLogo\"},\"image\":{\"@id\":\"https:\\\/\\\/www.eldigitaldeasturias.com\\\/noticias\\\/fatima-banez-firma-tres-convenios-de-colaboracion-para-mejorar-el-empleo-y-la-empleabilidad-en-canarias\\\/#organizationLogo\"},\"sameAs\":[\"https:\\\/\\\/facebook.com\\\/eldigitaldeasturias\",\"https:\\\/\\\/www.youtube.com\\\/channel\\\/UCZP-2wLEB9Rv6erhFmqVnvg\"],\"address\":{\"@id\":\"https:\\\/\\\/www.eldigitaldeasturias.com\\\/noticias\\\/#postaladdress\",\"@type\":\"PostalAddress\",\"streetAddress\":\"san antonio 4\",\"postalCode\":\"33430\",\"addressLocality\":\"Cand\\u00e1s\",\"addressRegion\":\"Asturias\",\"addressCountry\":\"ES\"}},{\"@type\":\"Person\",\"@id\":\"https:\\\/\\\/www.eldigitaldeasturias.com\\\/noticias\\\/author\\\/admin\\\/#author\",\"url\":\"https:\\\/\\\/www.eldigitaldeasturias.com\\\/noticias\\\/author\\\/admin\\\/\",\"name\":\"El Digital de Asturias\",\"image\":{\"@type\":\"ImageObject\",\"@id\":\"https:\\\/\\\/www.eldigitaldeasturias.com\\\/noticias\\\/fatima-banez-firma-tres-convenios-de-colaboracion-para-mejorar-el-empleo-y-la-empleabilidad-en-canarias\\\/#authorImage\",\"url\":\"https:\\\/\\\/secure.gravatar.com\\\/avatar\\\/df2aeffc32bcd13f8d26072ef8a91b623d677766deac7f97ca815868cd41bf5e?s=96&d=mm&r=g\",\"width\":96,\"height\":96,\"caption\":\"El Digital de Asturias\"}},{\"@type\":\"WebPage\",\"@id\":\"https:\\\/\\\/www.eldigitaldeasturias.com\\\/noticias\\\/fatima-banez-firma-tres-convenios-de-colaboracion-para-mejorar-el-empleo-y-la-empleabilidad-en-canarias\\\/#webpage\",\"url\":\"https:\\\/\\\/www.eldigitaldeasturias.com\\\/noticias\\\/fatima-banez-firma-tres-convenios-de-colaboracion-para-mejorar-el-empleo-y-la-empleabilidad-en-canarias\\\/\",\"name\":\"F\\u00e1tima B\\u00e1\\u00f1ez firma tres convenios de colaboraci\\u00f3n para mejorar el empleo y la empleabilidad en Canarias - El Digital de Asturias\",\"description\":\"La ministra de Empleo y Seguridad Social, F\\u00e1tima B\\u00e1\\u00f1ez, y el presidente del Gobierno de Canarias, Fernando Clavijo, han firmado hoy en Madrid tres convenios de colaboraci\\u00f3n para avanzar en la empleabilidad y el empleo en Canarias. Con esta firma se pondr\\u00e1 el marcha el Plan Integral de Empleo en el archipi\\u00e9lago, que fue autorizado\",\"inLanguage\":\"es-ES\",\"isPartOf\":{\"@id\":\"https:\\\/\\\/www.eldigitaldeasturias.com\\\/noticias\\\/#website\"},\"breadcrumb\":{\"@id\":\"https:\\\/\\\/www.eldigitaldeasturias.com\\\/noticias\\\/fatima-banez-firma-tres-convenios-de-colaboracion-para-mejorar-el-empleo-y-la-empleabilidad-en-canarias\\\/#breadcrumblist\"},\"author\":{\"@id\":\"https:\\\/\\\/www.eldigitaldeasturias.com\\\/noticias\\\/author\\\/admin\\\/#author\"},\"creator\":{\"@id\":\"https:\\\/\\\/www.eldigitaldeasturias.com\\\/noticias\\\/author\\\/admin\\\/#author\"},\"image\":{\"@type\":\"ImageObject\",\"url\":952383,\"@id\":\"https:\\\/\\\/www.eldigitaldeasturias.com\\\/noticias\\\/fatima-banez-firma-tres-convenios-de-colaboracion-para-mejorar-el-empleo-y-la-empleabilidad-en-canarias\\\/#mainImage\"},\"primaryImageOfPage\":{\"@id\":\"https:\\\/\\\/www.eldigitaldeasturias.com\\\/noticias\\\/fatima-banez-firma-tres-convenios-de-colaboracion-para-mejorar-el-empleo-y-la-empleabilidad-en-canarias\\\/#mainImage\"},\"datePublished\":\"2017-09-11T11:07:44+02:00\",\"dateModified\":\"2017-09-11T11:07:44+02:00\"},{\"@type\":\"WebSite\",\"@id\":\"https:\\\/\\\/www.eldigitaldeasturias.com\\\/noticias\\\/#website\",\"url\":\"https:\\\/\\\/www.eldigitaldeasturias.com\\\/noticias\\\/\",\"name\":\"El Digital de Asturias - Diario de actualidad y noticias\",\"alternateName\":\"El Digital de Asturias - Diario de actualidad y noticias\",\"description\":\"Hemeroteca\",\"inLanguage\":\"es-ES\",\"publisher\":{\"@id\":\"https:\\\/\\\/www.eldigitaldeasturias.com\\\/noticias\\\/#organization\"}}]}\n\t\t<\/script>\n\t\t<!-- All in One SEO Pro -->\r\n\t\t<title>F\u00e1tima B\u00e1\u00f1ez firma tres convenios de colaboraci\u00f3n para mejorar el empleo y la empleabilidad en Canarias - El Digital de Asturias<\/title>\n\n","aioseo_head_json":{"title":"F\u00e1tima B\u00e1\u00f1ez firma tres convenios de colaboraci\u00f3n para mejorar el empleo y la empleabilidad en Canarias - El Digital de Asturias","description":"La ministra de Empleo y Seguridad Social, F\u00e1tima B\u00e1\u00f1ez, y el presidente del Gobierno de Canarias, Fernando Clavijo, han firmado hoy en Madrid tres convenios de colaboraci\u00f3n para avanzar en la empleabilidad y el empleo en Canarias. Con esta firma se pondr\u00e1 el marcha el Plan Integral de Empleo en el archipi\u00e9lago, que fue autorizado","canonical_url":"https:\/\/www.eldigitaldeasturias.com\/noticias\/fatima-banez-firma-tres-convenios-de-colaboracion-para-mejorar-el-empleo-y-la-empleabilidad-en-canarias\/","robots":"max-image-preview:large","keywords":"actualidad","webmasterTools":{"google-site-verification":"UA-38556648-1","msvalidate.01":"7dfe9f3f1b24437ab69f4f2559babe99","miscellaneous":""},"schema":{"@context":"https:\/\/schema.org","@graph":[{"@type":"BlogPosting","@id":"https:\/\/www.eldigitaldeasturias.com\/noticias\/fatima-banez-firma-tres-convenios-de-colaboracion-para-mejorar-el-empleo-y-la-empleabilidad-en-canarias\/#blogposting","name":"F\u00e1tima B\u00e1\u00f1ez firma tres convenios de colaboraci\u00f3n para mejorar el empleo y la empleabilidad en Canarias - El Digital de Asturias","headline":"F\u00e1tima B\u00e1\u00f1ez firma tres convenios de colaboraci\u00f3n para mejorar el empleo y la empleabilidad en Canarias","author":{"@id":"https:\/\/www.eldigitaldeasturias.com\/noticias\/author\/admin\/#author"},"publisher":{"@id":"https:\/\/www.eldigitaldeasturias.com\/noticias\/#organization"},"image":{"@type":"ImageObject","url":952383},"datePublished":"2017-09-11T11:07:44+02:00","dateModified":"2017-09-11T11:07:44+02:00","inLanguage":"es-ES","mainEntityOfPage":{"@id":"https:\/\/www.eldigitaldeasturias.com\/noticias\/fatima-banez-firma-tres-convenios-de-colaboracion-para-mejorar-el-empleo-y-la-empleabilidad-en-canarias\/#webpage"},"isPartOf":{"@id":"https:\/\/www.eldigitaldeasturias.com\/noticias\/fatima-banez-firma-tres-convenios-de-colaboracion-para-mejorar-el-empleo-y-la-empleabilidad-en-canarias\/#webpage"},"articleSection":"Actualidad"},{"@type":"BreadcrumbList","@id":"https:\/\/www.eldigitaldeasturias.com\/noticias\/fatima-banez-firma-tres-convenios-de-colaboracion-para-mejorar-el-empleo-y-la-empleabilidad-en-canarias\/#breadcrumblist","itemListElement":[{"@type":"ListItem","@id":"https:\/\/www.eldigitaldeasturias.com\/noticias#listItem","position":1,"name":"Home","item":"https:\/\/www.eldigitaldeasturias.com\/noticias","nextItem":{"@type":"ListItem","@id":"https:\/\/www.eldigitaldeasturias.com\/noticias\/category\/actualidad\/#listItem","name":"Actualidad"}},{"@type":"ListItem","@id":"https:\/\/www.eldigitaldeasturias.com\/noticias\/category\/actualidad\/#listItem","position":2,"name":"Actualidad","item":"https:\/\/www.eldigitaldeasturias.com\/noticias\/category\/actualidad\/","nextItem":{"@type":"ListItem","@id":"https:\/\/www.eldigitaldeasturias.com\/noticias\/fatima-banez-firma-tres-convenios-de-colaboracion-para-mejorar-el-empleo-y-la-empleabilidad-en-canarias\/#listItem","name":"F\u00e1tima B\u00e1\u00f1ez firma tres convenios de colaboraci\u00f3n para mejorar el empleo y la empleabilidad en Canarias"},"previousItem":{"@type":"ListItem","@id":"https:\/\/www.eldigitaldeasturias.com\/noticias#listItem","name":"Home"}},{"@type":"ListItem","@id":"https:\/\/www.eldigitaldeasturias.com\/noticias\/fatima-banez-firma-tres-convenios-de-colaboracion-para-mejorar-el-empleo-y-la-empleabilidad-en-canarias\/#listItem","position":3,"name":"F\u00e1tima B\u00e1\u00f1ez firma tres convenios de colaboraci\u00f3n para mejorar el empleo y la empleabilidad en Canarias","previousItem":{"@type":"ListItem","@id":"https:\/\/www.eldigitaldeasturias.com\/noticias\/category\/actualidad\/#listItem","name":"Actualidad"}}]},{"@type":"Organization","@id":"https:\/\/www.eldigitaldeasturias.com\/noticias\/#organization","name":"El Digital de Asturias","description":"Hemeroteca","url":"https:\/\/www.eldigitaldeasturias.com\/noticias\/","email":"info@eldigitaldeasturias.com","telephone":"+34652131393","logo":{"@type":"ImageObject","url":"https:\/\/www.eldigitaldeasturias.com\/noticias\/wp-content\/uploads\/2020\/12\/EDA.jpg","@id":"https:\/\/www.eldigitaldeasturias.com\/noticias\/fatima-banez-firma-tres-convenios-de-colaboracion-para-mejorar-el-empleo-y-la-empleabilidad-en-canarias\/#organizationLogo"},"image":{"@id":"https:\/\/www.eldigitaldeasturias.com\/noticias\/fatima-banez-firma-tres-convenios-de-colaboracion-para-mejorar-el-empleo-y-la-empleabilidad-en-canarias\/#organizationLogo"},"sameAs":["https:\/\/facebook.com\/eldigitaldeasturias","https:\/\/www.youtube.com\/channel\/UCZP-2wLEB9Rv6erhFmqVnvg"],"address":{"@id":"https:\/\/www.eldigitaldeasturias.com\/noticias\/#postaladdress","@type":"PostalAddress","streetAddress":"san antonio 4","postalCode":"33430","addressLocality":"Cand\u00e1s","addressRegion":"Asturias","addressCountry":"ES"}},{"@type":"Person","@id":"https:\/\/www.eldigitaldeasturias.com\/noticias\/author\/admin\/#author","url":"https:\/\/www.eldigitaldeasturias.com\/noticias\/author\/admin\/","name":"El Digital de Asturias","image":{"@type":"ImageObject","@id":"https:\/\/www.eldigitaldeasturias.com\/noticias\/fatima-banez-firma-tres-convenios-de-colaboracion-para-mejorar-el-empleo-y-la-empleabilidad-en-canarias\/#authorImage","url":"https:\/\/secure.gravatar.com\/avatar\/df2aeffc32bcd13f8d26072ef8a91b623d677766deac7f97ca815868cd41bf5e?s=96&d=mm&r=g","width":96,"height":96,"caption":"El Digital de Asturias"}},{"@type":"WebPage","@id":"https:\/\/www.eldigitaldeasturias.com\/noticias\/fatima-banez-firma-tres-convenios-de-colaboracion-para-mejorar-el-empleo-y-la-empleabilidad-en-canarias\/#webpage","url":"https:\/\/www.eldigitaldeasturias.com\/noticias\/fatima-banez-firma-tres-convenios-de-colaboracion-para-mejorar-el-empleo-y-la-empleabilidad-en-canarias\/","name":"F\u00e1tima B\u00e1\u00f1ez firma tres convenios de colaboraci\u00f3n para mejorar el empleo y la empleabilidad en Canarias - El Digital de Asturias","description":"La ministra de Empleo y Seguridad Social, F\u00e1tima B\u00e1\u00f1ez, y el presidente del Gobierno de Canarias, Fernando Clavijo, han firmado hoy en Madrid tres convenios de colaboraci\u00f3n para avanzar en la empleabilidad y el empleo en Canarias. Con esta firma se pondr\u00e1 el marcha el Plan Integral de Empleo en el archipi\u00e9lago, que fue autorizado","inLanguage":"es-ES","isPartOf":{"@id":"https:\/\/www.eldigitaldeasturias.com\/noticias\/#website"},"breadcrumb":{"@id":"https:\/\/www.eldigitaldeasturias.com\/noticias\/fatima-banez-firma-tres-convenios-de-colaboracion-para-mejorar-el-empleo-y-la-empleabilidad-en-canarias\/#breadcrumblist"},"author":{"@id":"https:\/\/www.eldigitaldeasturias.com\/noticias\/author\/admin\/#author"},"creator":{"@id":"https:\/\/www.eldigitaldeasturias.com\/noticias\/author\/admin\/#author"},"image":{"@type":"ImageObject","url":952383,"@id":"https:\/\/www.eldigitaldeasturias.com\/noticias\/fatima-banez-firma-tres-convenios-de-colaboracion-para-mejorar-el-empleo-y-la-empleabilidad-en-canarias\/#mainImage"},"primaryImageOfPage":{"@id":"https:\/\/www.eldigitaldeasturias.com\/noticias\/fatima-banez-firma-tres-convenios-de-colaboracion-para-mejorar-el-empleo-y-la-empleabilidad-en-canarias\/#mainImage"},"datePublished":"2017-09-11T11:07:44+02:00","dateModified":"2017-09-11T11:07:44+02:00"},{"@type":"WebSite","@id":"https:\/\/www.eldigitaldeasturias.com\/noticias\/#website","url":"https:\/\/www.eldigitaldeasturias.com\/noticias\/","name":"El Digital de Asturias - Diario de actualidad y noticias","alternateName":"El Digital de Asturias - Diario de actualidad y noticias","description":"Hemeroteca","inLanguage":"es-ES","publisher":{"@id":"https:\/\/www.eldigitaldeasturias.com\/noticias\/#organization"}}]},"og:locale":"es_ES","og:site_name":"El Digital de Asturias","og:type":"article","og:title":"F\u00e1tima B\u00e1\u00f1ez firma tres convenios de colaboraci\u00f3n para mejorar el empleo y la empleabilidad en Canarias - El Digital de Asturias","og:description":"La ministra de Empleo y Seguridad Social, F\u00e1tima B\u00e1\u00f1ez, y el presidente del Gobierno de Canarias, Fernando Clavijo, han firmado hoy en Madrid tres convenios de colaboraci\u00f3n para avanzar en la empleabilidad y el empleo en Canarias. Con esta firma se pondr\u00e1 el marcha el Plan Integral de Empleo en el archipi\u00e9lago, que fue autorizado","og:url":"https:\/\/www.eldigitaldeasturias.com\/noticias\/fatima-banez-firma-tres-convenios-de-colaboracion-para-mejorar-el-empleo-y-la-empleabilidad-en-canarias\/","article:tag":["actualidad"],"article:published_time":"2017-09-11T11:07:44+00:00","article:modified_time":"2017-09-11T11:07:44+00:00","article:publisher":"https:\/\/facebook.com\/eldigitaldeasturias","twitter:card":"summary_large_image","twitter:title":"F\u00e1tima B\u00e1\u00f1ez firma tres convenios de colaboraci\u00f3n para mejorar el empleo y la empleabilidad en Canarias - El Digital de Asturias","twitter:description":"La ministra de Empleo y Seguridad Social, F\u00e1tima B\u00e1\u00f1ez, y el presidente del Gobierno de Canarias, Fernando Clavijo, han firmado hoy en Madrid tres convenios de colaboraci\u00f3n para avanzar en la empleabilidad y el empleo en Canarias. Con esta firma se pondr\u00e1 el marcha el Plan Integral de Empleo en el archipi\u00e9lago, que fue autorizado","twitter:image":"https:\/\/www.eldigitaldeasturias.com\/noticias\/wp-content\/uploads\/2020\/12\/EDA-1.jpg","twitter:label1":"Escrito por","twitter:data1":"El Digital de Asturias","twitter:label2":"Tiempo de lectura estimado","twitter:data2":"3 minutos"},"aioseo_meta_data":{"post_id":"952382","title":null,"description":null,"keywords":null,"keyphrases":null,"primary_term":null,"canonical_url":null,"og_title":null,"og_description":null,"og_object_type":"default","og_image_type":"default","og_image_url":null,"og_image_width":null,"og_image_height":null,"og_image_custom_url":null,"og_image_custom_fields":null,"og_video":null,"og_custom_url":null,"og_article_section":null,"og_article_tags":null,"twitter_use_og":false,"twitter_card":"default","twitter_image_type":"default","twitter_image_url":null,"twitter_image_custom_url":null,"twitter_image_custom_fields":null,"twitter_title":null,"twitter_description":null,"schema":{"blockGraphs":[],"customGraphs":[],"default":{"data":{"Article":[],"Course":[],"Dataset":[],"FAQPage":[],"Movie":[],"Person":[],"Product":[],"ProductReview":[],"Car":[],"Recipe":[],"Service":[],"SoftwareApplication":[],"WebPage":[]},"graphName":"","isEnabled":true},"graphs":[],"defaultGraph":"","defaultPostTypeGraph":""},"schema_type":null,"schema_type_options":null,"pillar_content":false,"robots_default":true,"robots_noindex":false,"robots_noarchive":false,"robots_nosnippet":false,"robots_nofollow":false,"robots_noimageindex":false,"robots_noodp":false,"robots_notranslate":false,"robots_max_snippet":null,"robots_max_videopreview":null,"robots_max_imagepreview":"large","priority":null,"frequency":null,"local_seo":null,"seo_analyzer_scan_date":"2025-12-05 22:39:06","breadcrumb_settings":null,"limit_modified_date":false,"open_ai":null,"ai":null,"created":"2020-12-21 10:44:09","updated":"2025-12-05 22:39:06","focus_keyword":null,"additional_keywords":null,"truseo_locale":null},"aioseo_breadcrumb":"<div class=\"aioseo-breadcrumbs\"><span class=\"aioseo-breadcrumb\">\n\t<a href=\"https:\/\/www.eldigitaldeasturias.com\/noticias\" title=\"Home\">Home<\/a>\n<\/span><span class=\"aioseo-breadcrumb-separator\">\u2013<\/span><span class=\"aioseo-breadcrumb\">\n\t<a href=\"https:\/\/www.eldigitaldeasturias.com\/noticias\/category\/actualidad\/\" title=\"Actualidad\">Actualidad<\/a>\n<\/span><span class=\"aioseo-breadcrumb-separator\">\u2013<\/span><span class=\"aioseo-breadcrumb\">\n\t<a href=\"https:\/\/www.eldigitaldeasturias.com\/noticias\/fatima-banez-firma-tres-convenios-de-colaboracion-para-mejorar-el-empleo-y-la-empleabilidad-en-canarias\/\" title=\"F\u00e1tima B\u00e1\u00f1ez firma tres convenios de colaboraci\u00f3n para mejorar el empleo y la empleabilidad en Canarias\">F\u00e1tima B\u00e1\u00f1ez firma tres convenios de colaboraci\u00f3n para mejorar el empleo y la empleabilidad en Canarias<\/a>\n<\/span><\/div>","aioseo_breadcrumb_json":[{"label":"Home","link":"https:\/\/www.eldigitaldeasturias.com\/noticias"},{"label":"Actualidad","link":"https:\/\/www.eldigitaldeasturias.com\/noticias\/category\/actualidad\/"},{"label":"F\u00e1tima B\u00e1\u00f1ez firma tres convenios de colaboraci\u00f3n para mejorar el empleo y la empleabilidad en Canarias","link":"https:\/\/www.eldigitaldeasturias.com\/noticias\/fatima-banez-firma-tres-convenios-de-colaboracion-para-mejorar-el-empleo-y-la-empleabilidad-en-canarias\/"}],"_links":{"self":[{"href":"https:\/\/www.eldigitaldeasturias.com\/noticias\/wp-json\/wp\/v2\/posts\/952382","targetHints":{"allow":["GET"]}}],"collection":[{"href":"https:\/\/www.eldigitaldeasturias.com\/noticias\/wp-json\/wp\/v2\/posts"}],"about":[{"href":"https:\/\/www.eldigitaldeasturias.com\/noticias\/wp-json\/wp\/v2\/types\/post"}],"author":[{"embeddable":true,"href":"https:\/\/www.eldigitaldeasturias.com\/noticias\/wp-json\/wp\/v2\/users\/1"}],"replies":[{"embeddable":true,"href":"https:\/\/www.eldigitaldeasturias.com\/noticias\/wp-json\/wp\/v2\/comments?post=952382"}],"version-history":[{"count":0,"href":"https:\/\/www.eldigitaldeasturias.com\/noticias\/wp-json\/wp\/v2\/posts\/952382\/revisions"}],"wp:attachment":[{"href":"https:\/\/www.eldigitaldeasturias.com\/noticias\/wp-json\/wp\/v2\/media?parent=952382"}],"wp:term":[{"taxonomy":"category","embeddable":true,"href":"https:\/\/www.eldigitaldeasturias.com\/noticias\/wp-json\/wp\/v2\/categories?post=952382"},{"taxonomy":"post_tag","embeddable":true,"href":"https:\/\/www.eldigitaldeasturias.com\/noticias\/wp-json\/wp\/v2\/tags?post=952382"}],"curies":[{"name":"wp","href":"https:\/\/api.w.org\/{rel}","templated":true}]}}