{"id":952347,"date":"2017-09-10T15:56:22","date_gmt":"2017-09-10T15:56:22","guid":{"rendered":"http:\/\/www.eldigitaldeasturias.com\/noticias\/?p=952347"},"modified":"2017-09-10T15:56:22","modified_gmt":"2017-09-10T15:56:22","slug":"pedro-sanchez-los-independentistas-cometen-un-error-historico","status":"publish","type":"post","link":"https:\/\/www.eldigitaldeasturias.com\/noticias\/pedro-sanchez-los-independentistas-cometen-un-error-historico\/","title":{"rendered":"Pedro S\u00e1nchez: \u00abLos independentistas cometen un error hist\u00f3rico\u00bb"},"content":{"rendered":"<p><img loading=\"lazy\" decoding=\"async\" class=\"alignleft size-medium wp-image-793321\" src=\"https:\/\/www.eldigitaldeasturias.com\/noticias\/wp-content\/uploads\/2015\/07\/pedro-sanchez-360x240.jpg\" alt=\"\" width=\"360\" height=\"240\" \/>\u201cLos independentistas cometen un error hist\u00f3rico, considerar que cualquier idea est\u00e1 por encima de la democracia y no es cierto\u201d. El secretario general del PSOE, Pedro S\u00e1nchez, ha insistido en que \u201ccualquier idea se puede defender, pero siempre dentro de la legalidad democr\u00e1tica\u201d y no desde \u201cel atropello al autogobierno, la legalidad constitucional y al Estatuto de Catalu\u00f1a\u201d. Por eso el l\u00edder de los socialistas ha vuelto a insistir desde Badajoz en que \u201cel Partido Socialista est\u00e1 donde ha estado siempre: en la ley y en la b\u00fasqueda de una soluci\u00f3n pol\u00edtica en Catalu\u00f1a\u201d. S\u00e1nchez ha recordado que fueron los socialistas los que ya hace \u201cseis a\u00f1os\u201d advirtieron del deterioro de la situaci\u00f3n pol\u00edtica en Catalu\u00f1a y ha defendido que el PSOE, cuando gobierna, \u201csabe hacerlo desde la diversidad territorial\u201d, pero \u201cno es el momento de siglas ni partidos sino el momento de defender la democracia y la integridad territorial de nuestro pa\u00eds\u201d.<\/p>\n<p>No acepta S\u00e1nchez que el president Puigdemont ataque a los alcaldes que van a respetar la ley y ha lanzado un mensaje directo a los primeros ediles del PSC. Los socialistas de todo el pa\u00eds est\u00e1n \u201corgullosos\u201d de ellos por \u201cdefender la legalidad, el autogobierno y la concordia entre catalanes\u201d y se ha mostrado convencido de que, \u201ccon su fuerza democr\u00e1tica, abren un nuevo tiempo de esperanza en Catalu\u00f1a\u201d.<\/p>\n<p><strong>PACTO DE RENTAS<\/strong><\/p>\n<p>S\u00e1nchez es consciente de la gravedad de la situaci\u00f3n pol\u00edtica en Catalu\u00f1a, pero no ha querido pasar por alto en su intervenci\u00f3n en un acto del PSOE de Extremadura en Badajoz sobre la necesidad de que los espa\u00f1oles noten la recuperaci\u00f3n econ\u00f3mica que defiende el Partido Popular. \u201cUn pa\u00eds rico no puede tener trabajadores pobres y si la clase media fue la primera en sufrir la crisis, tiene que ser la primera en notar los efectos de la recuperaci\u00f3n\u201d.<\/p>\n<p>Por eso ha defendido el Pacto de Rentas que propone el Partido Socialista para mejorar los salarios de los trabajadores de aqu\u00ed a 2020 y que tambi\u00e9n incluye la subida del SMI a 1.000 euros. El secretario general de los socialistas ha hecho hincapi\u00e9 tambi\u00e9n en que el Gobierno de Mariano Rajoy reduce el d\u00e9ficit p\u00fablico, pero que lo est\u00e1 haciendo \u201crecortando el gasto\u201d y ha puesto como ejemplo el recorte de las coberturas por desempleo.<\/p>\n<p>S\u00e1nchez tampoco quiso dejar de lado el tema de las pensiones. Para los socialistas tambi\u00e9n es fundamental \u201creconstruir el Pacto de Toledo\u201d para garantizar las pensiones del presente, pero tambi\u00e9n las del futuro. \u201cDebemos sentarnos a reconstruir\u201d el pacto para garantizar \u201cpensiones dignas y que el sistema siga siendo p\u00fablico\u201d.<\/p>\n<p><strong>EXTREMADURA<\/strong><\/p>\n<p>S\u00e1nchez, ha compartido escenario con el secretario general de los socialistas extreme\u00f1os y presidente de Extremadura, Guillermo Fern\u00e1ndez Vara. Ha felicitado a S\u00e1nchez Vara por renovar liderazgo en Extremadura y ha asegurado que conoce las necesidades de los extreme\u00f1os y desde Madrid est\u00e1 dispuesto a \u201cromper los techos de cristal\u201d a los que se enfrenta la comunidad aut\u00f3noma y ha puesto como ejemplo las infraestructuras ferroviarias as\u00ed como la financiaci\u00f3n auton\u00f3mica.<\/p>\n<p>&nbsp;<\/p>\n","protected":false},"excerpt":{"rendered":"<p>\u201cLos independentistas cometen un error hist\u00f3rico, considerar que cualquier idea est\u00e1 por encima de la democracia y no es cierto\u201d. El secretario general del PSOE, Pedro S\u00e1nchez, ha insistido en que \u201ccualquier idea se puede defender, pero siempre dentro de la legalidad democr\u00e1tica\u201d y no desde \u201cel atropello al autogobierno, la legalidad constitucional y al [&hellip;]<\/p>\n","protected":false},"author":1,"featured_media":793321,"comment_status":"closed","ping_status":"closed","sticky":false,"template":"","format":"standard","meta":{"footnotes":""},"categories":[1],"tags":[],"class_list":["post-952347","post","type-post","status-publish","format-standard","has-post-thumbnail","hentry","category-actualidad"],"aioseo_notices":[],"aioseo_head":"\n\t\t<!-- All in One SEO Pro 5.0.1 - aioseo.com -->\n\t<meta name=\"description\" content=\"\u201cLos independentistas cometen un error hist\u00f3rico, considerar que cualquier idea est\u00e1 por encima de la democracia y no es cierto\u201d. El secretario general del PSOE, Pedro S\u00e1nchez, ha insistido en que \u201ccualquier idea se puede defender, pero siempre dentro de la legalidad democr\u00e1tica\u201d y no desde \u201cel atropello al autogobierno, la legalidad constitucional y al\" \/>\n\t<meta name=\"robots\" content=\"max-image-preview:large\" \/>\n\t<meta name=\"author\" content=\"El Digital de Asturias\"\/>\n\t<meta name=\"google-site-verification\" content=\"UA-38556648-1\" \/>\n\t<meta name=\"msvalidate.01\" content=\"7dfe9f3f1b24437ab69f4f2559babe99\" \/>\n\t<meta name=\"keywords\" content=\"actualidad\" \/>\n\t<link rel=\"canonical\" href=\"https:\/\/www.eldigitaldeasturias.com\/noticias\/pedro-sanchez-los-independentistas-cometen-un-error-historico\/\" \/>\n\t<meta name=\"generator\" content=\"All in One SEO Pro (AIOSEO) 5.0.1\" \/>\n\t\t<meta property=\"og:locale\" content=\"es_ES\" \/>\n\t\t<meta property=\"og:site_name\" content=\"El Digital de Asturias\" \/>\n\t\t<meta property=\"og:type\" content=\"article\" \/>\n\t\t<meta property=\"og:title\" content=\"Pedro S\u00e1nchez: \u00abLos independentistas cometen un error hist\u00f3rico\u00bb - El Digital de Asturias\" \/>\n\t\t<meta property=\"og:description\" content=\"\u201cLos independentistas cometen un error hist\u00f3rico, considerar que cualquier idea est\u00e1 por encima de la democracia y no es cierto\u201d. El secretario general del PSOE, Pedro S\u00e1nchez, ha insistido en que \u201ccualquier idea se puede defender, pero siempre dentro de la legalidad democr\u00e1tica\u201d y no desde \u201cel atropello al autogobierno, la legalidad constitucional y al\" \/>\n\t\t<meta property=\"og:url\" content=\"https:\/\/www.eldigitaldeasturias.com\/noticias\/pedro-sanchez-los-independentistas-cometen-un-error-historico\/\" \/>\n\t\t<meta property=\"article:tag\" content=\"actualidad\" \/>\n\t\t<meta property=\"article:published_time\" content=\"2017-09-10T15:56:22+00:00\" \/>\n\t\t<meta property=\"article:modified_time\" content=\"2017-09-10T15:56:22+00:00\" \/>\n\t\t<meta property=\"article:publisher\" content=\"https:\/\/facebook.com\/eldigitaldeasturias\" \/>\n\t\t<meta name=\"twitter:card\" content=\"summary_large_image\" \/>\n\t\t<meta name=\"twitter:title\" content=\"Pedro S\u00e1nchez: \u00abLos independentistas cometen un error hist\u00f3rico\u00bb - El Digital de Asturias\" \/>\n\t\t<meta name=\"twitter:description\" content=\"\u201cLos independentistas cometen un error hist\u00f3rico, considerar que cualquier idea est\u00e1 por encima de la democracia y no es cierto\u201d. El secretario general del PSOE, Pedro S\u00e1nchez, ha insistido en que \u201ccualquier idea se puede defender, pero siempre dentro de la legalidad democr\u00e1tica\u201d y no desde \u201cel atropello al autogobierno, la legalidad constitucional y al\" \/>\n\t\t<meta name=\"twitter:image\" content=\"https:\/\/www.eldigitaldeasturias.com\/noticias\/wp-content\/uploads\/2020\/12\/EDA-1.jpg\" \/>\n\t\t<meta name=\"twitter:label1\" content=\"Escrito por\" \/>\n\t\t<meta name=\"twitter:data1\" content=\"El Digital de Asturias\" \/>\n\t\t<meta name=\"twitter:label2\" content=\"Tiempo de lectura estimado\" \/>\n\t\t<meta name=\"twitter:data2\" content=\"3 minutos\" \/>\n\t\t<script type=\"application\/ld+json\" class=\"aioseo-schema\">\n\t\t\t{\"@context\":\"https:\\\/\\\/schema.org\",\"@graph\":[{\"@type\":\"BlogPosting\",\"@id\":\"https:\\\/\\\/www.eldigitaldeasturias.com\\\/noticias\\\/pedro-sanchez-los-independentistas-cometen-un-error-historico\\\/#blogposting\",\"name\":\"Pedro S\\u00e1nchez: \\u00abLos independentistas cometen un error hist\\u00f3rico\\u00bb - El Digital de Asturias\",\"headline\":\"Pedro S\\u00e1nchez: \\u00abLos independentistas cometen un error hist\\u00f3rico\\u00bb\",\"author\":{\"@id\":\"https:\\\/\\\/www.eldigitaldeasturias.com\\\/noticias\\\/author\\\/admin\\\/#author\"},\"publisher\":{\"@id\":\"https:\\\/\\\/www.eldigitaldeasturias.com\\\/noticias\\\/#organization\"},\"image\":{\"@type\":\"ImageObject\",\"url\":793321},\"datePublished\":\"2017-09-10T15:56:22+02:00\",\"dateModified\":\"2017-09-10T15:56:22+02:00\",\"inLanguage\":\"es-ES\",\"mainEntityOfPage\":{\"@id\":\"https:\\\/\\\/www.eldigitaldeasturias.com\\\/noticias\\\/pedro-sanchez-los-independentistas-cometen-un-error-historico\\\/#webpage\"},\"isPartOf\":{\"@id\":\"https:\\\/\\\/www.eldigitaldeasturias.com\\\/noticias\\\/pedro-sanchez-los-independentistas-cometen-un-error-historico\\\/#webpage\"},\"articleSection\":\"Actualidad\"},{\"@type\":\"BreadcrumbList\",\"@id\":\"https:\\\/\\\/www.eldigitaldeasturias.com\\\/noticias\\\/pedro-sanchez-los-independentistas-cometen-un-error-historico\\\/#breadcrumblist\",\"itemListElement\":[{\"@type\":\"ListItem\",\"@id\":\"https:\\\/\\\/www.eldigitaldeasturias.com\\\/noticias#listItem\",\"position\":1,\"name\":\"Home\",\"item\":\"https:\\\/\\\/www.eldigitaldeasturias.com\\\/noticias\",\"nextItem\":{\"@type\":\"ListItem\",\"@id\":\"https:\\\/\\\/www.eldigitaldeasturias.com\\\/noticias\\\/category\\\/actualidad\\\/#listItem\",\"name\":\"Actualidad\"}},{\"@type\":\"ListItem\",\"@id\":\"https:\\\/\\\/www.eldigitaldeasturias.com\\\/noticias\\\/category\\\/actualidad\\\/#listItem\",\"position\":2,\"name\":\"Actualidad\",\"item\":\"https:\\\/\\\/www.eldigitaldeasturias.com\\\/noticias\\\/category\\\/actualidad\\\/\",\"nextItem\":{\"@type\":\"ListItem\",\"@id\":\"https:\\\/\\\/www.eldigitaldeasturias.com\\\/noticias\\\/pedro-sanchez-los-independentistas-cometen-un-error-historico\\\/#listItem\",\"name\":\"Pedro S\\u00e1nchez: \\u00abLos independentistas cometen un error hist\\u00f3rico\\u00bb\"},\"previousItem\":{\"@type\":\"ListItem\",\"@id\":\"https:\\\/\\\/www.eldigitaldeasturias.com\\\/noticias#listItem\",\"name\":\"Home\"}},{\"@type\":\"ListItem\",\"@id\":\"https:\\\/\\\/www.eldigitaldeasturias.com\\\/noticias\\\/pedro-sanchez-los-independentistas-cometen-un-error-historico\\\/#listItem\",\"position\":3,\"name\":\"Pedro S\\u00e1nchez: \\u00abLos independentistas cometen un error hist\\u00f3rico\\u00bb\",\"previousItem\":{\"@type\":\"ListItem\",\"@id\":\"https:\\\/\\\/www.eldigitaldeasturias.com\\\/noticias\\\/category\\\/actualidad\\\/#listItem\",\"name\":\"Actualidad\"}}]},{\"@type\":\"Organization\",\"@id\":\"https:\\\/\\\/www.eldigitaldeasturias.com\\\/noticias\\\/#organization\",\"name\":\"El Digital de Asturias\",\"description\":\"Hemeroteca\",\"url\":\"https:\\\/\\\/www.eldigitaldeasturias.com\\\/noticias\\\/\",\"email\":\"info@eldigitaldeasturias.com\",\"telephone\":\"+34652131393\",\"logo\":{\"@type\":\"ImageObject\",\"url\":\"https:\\\/\\\/www.eldigitaldeasturias.com\\\/noticias\\\/wp-content\\\/uploads\\\/2020\\\/12\\\/EDA.jpg\",\"@id\":\"https:\\\/\\\/www.eldigitaldeasturias.com\\\/noticias\\\/pedro-sanchez-los-independentistas-cometen-un-error-historico\\\/#organizationLogo\"},\"image\":{\"@id\":\"https:\\\/\\\/www.eldigitaldeasturias.com\\\/noticias\\\/pedro-sanchez-los-independentistas-cometen-un-error-historico\\\/#organizationLogo\"},\"sameAs\":[\"https:\\\/\\\/facebook.com\\\/eldigitaldeasturias\",\"https:\\\/\\\/www.youtube.com\\\/channel\\\/UCZP-2wLEB9Rv6erhFmqVnvg\"],\"address\":{\"@id\":\"https:\\\/\\\/www.eldigitaldeasturias.com\\\/noticias\\\/#postaladdress\",\"@type\":\"PostalAddress\",\"streetAddress\":\"san antonio 4\",\"postalCode\":\"33430\",\"addressLocality\":\"Cand\\u00e1s\",\"addressRegion\":\"Asturias\",\"addressCountry\":\"ES\"}},{\"@type\":\"Person\",\"@id\":\"https:\\\/\\\/www.eldigitaldeasturias.com\\\/noticias\\\/author\\\/admin\\\/#author\",\"url\":\"https:\\\/\\\/www.eldigitaldeasturias.com\\\/noticias\\\/author\\\/admin\\\/\",\"name\":\"El Digital de Asturias\",\"image\":{\"@type\":\"ImageObject\",\"@id\":\"https:\\\/\\\/www.eldigitaldeasturias.com\\\/noticias\\\/pedro-sanchez-los-independentistas-cometen-un-error-historico\\\/#authorImage\",\"url\":\"https:\\\/\\\/secure.gravatar.com\\\/avatar\\\/df2aeffc32bcd13f8d26072ef8a91b623d677766deac7f97ca815868cd41bf5e?s=96&d=mm&r=g\",\"width\":96,\"height\":96,\"caption\":\"El Digital de Asturias\"}},{\"@type\":\"WebPage\",\"@id\":\"https:\\\/\\\/www.eldigitaldeasturias.com\\\/noticias\\\/pedro-sanchez-los-independentistas-cometen-un-error-historico\\\/#webpage\",\"url\":\"https:\\\/\\\/www.eldigitaldeasturias.com\\\/noticias\\\/pedro-sanchez-los-independentistas-cometen-un-error-historico\\\/\",\"name\":\"Pedro S\\u00e1nchez: \\u00abLos independentistas cometen un error hist\\u00f3rico\\u00bb - El Digital de Asturias\",\"description\":\"\\u201cLos independentistas cometen un error hist\\u00f3rico, considerar que cualquier idea est\\u00e1 por encima de la democracia y no es cierto\\u201d. El secretario general del PSOE, Pedro S\\u00e1nchez, ha insistido en que \\u201ccualquier idea se puede defender, pero siempre dentro de la legalidad democr\\u00e1tica\\u201d y no desde \\u201cel atropello al autogobierno, la legalidad constitucional y al\",\"inLanguage\":\"es-ES\",\"isPartOf\":{\"@id\":\"https:\\\/\\\/www.eldigitaldeasturias.com\\\/noticias\\\/#website\"},\"breadcrumb\":{\"@id\":\"https:\\\/\\\/www.eldigitaldeasturias.com\\\/noticias\\\/pedro-sanchez-los-independentistas-cometen-un-error-historico\\\/#breadcrumblist\"},\"author\":{\"@id\":\"https:\\\/\\\/www.eldigitaldeasturias.com\\\/noticias\\\/author\\\/admin\\\/#author\"},\"creator\":{\"@id\":\"https:\\\/\\\/www.eldigitaldeasturias.com\\\/noticias\\\/author\\\/admin\\\/#author\"},\"image\":{\"@type\":\"ImageObject\",\"url\":793321,\"@id\":\"https:\\\/\\\/www.eldigitaldeasturias.com\\\/noticias\\\/pedro-sanchez-los-independentistas-cometen-un-error-historico\\\/#mainImage\"},\"primaryImageOfPage\":{\"@id\":\"https:\\\/\\\/www.eldigitaldeasturias.com\\\/noticias\\\/pedro-sanchez-los-independentistas-cometen-un-error-historico\\\/#mainImage\"},\"datePublished\":\"2017-09-10T15:56:22+02:00\",\"dateModified\":\"2017-09-10T15:56:22+02:00\"},{\"@type\":\"WebSite\",\"@id\":\"https:\\\/\\\/www.eldigitaldeasturias.com\\\/noticias\\\/#website\",\"url\":\"https:\\\/\\\/www.eldigitaldeasturias.com\\\/noticias\\\/\",\"name\":\"El Digital de Asturias - Diario de actualidad y noticias\",\"alternateName\":\"El Digital de Asturias - Diario de actualidad y noticias\",\"description\":\"Hemeroteca\",\"inLanguage\":\"es-ES\",\"publisher\":{\"@id\":\"https:\\\/\\\/www.eldigitaldeasturias.com\\\/noticias\\\/#organization\"}}]}\n\t\t<\/script>\n\t\t<!-- All in One SEO Pro -->\r\n\t\t<title>Pedro S\u00e1nchez: \u00abLos independentistas cometen un error hist\u00f3rico\u00bb - El Digital de Asturias<\/title>\n\n","aioseo_head_json":{"title":"Pedro S\u00e1nchez: \u00abLos independentistas cometen un error hist\u00f3rico\u00bb - El Digital de Asturias","description":"\u201cLos independentistas cometen un error hist\u00f3rico, considerar que cualquier idea est\u00e1 por encima de la democracia y no es cierto\u201d. El secretario general del PSOE, Pedro S\u00e1nchez, ha insistido en que \u201ccualquier idea se puede defender, pero siempre dentro de la legalidad democr\u00e1tica\u201d y no desde \u201cel atropello al autogobierno, la legalidad constitucional y al","canonical_url":"https:\/\/www.eldigitaldeasturias.com\/noticias\/pedro-sanchez-los-independentistas-cometen-un-error-historico\/","robots":"max-image-preview:large","keywords":"actualidad","webmasterTools":{"google-site-verification":"UA-38556648-1","msvalidate.01":"7dfe9f3f1b24437ab69f4f2559babe99","miscellaneous":""},"schema":{"@context":"https:\/\/schema.org","@graph":[{"@type":"BlogPosting","@id":"https:\/\/www.eldigitaldeasturias.com\/noticias\/pedro-sanchez-los-independentistas-cometen-un-error-historico\/#blogposting","name":"Pedro S\u00e1nchez: \u00abLos independentistas cometen un error hist\u00f3rico\u00bb - El Digital de Asturias","headline":"Pedro S\u00e1nchez: \u00abLos independentistas cometen un error hist\u00f3rico\u00bb","author":{"@id":"https:\/\/www.eldigitaldeasturias.com\/noticias\/author\/admin\/#author"},"publisher":{"@id":"https:\/\/www.eldigitaldeasturias.com\/noticias\/#organization"},"image":{"@type":"ImageObject","url":793321},"datePublished":"2017-09-10T15:56:22+02:00","dateModified":"2017-09-10T15:56:22+02:00","inLanguage":"es-ES","mainEntityOfPage":{"@id":"https:\/\/www.eldigitaldeasturias.com\/noticias\/pedro-sanchez-los-independentistas-cometen-un-error-historico\/#webpage"},"isPartOf":{"@id":"https:\/\/www.eldigitaldeasturias.com\/noticias\/pedro-sanchez-los-independentistas-cometen-un-error-historico\/#webpage"},"articleSection":"Actualidad"},{"@type":"BreadcrumbList","@id":"https:\/\/www.eldigitaldeasturias.com\/noticias\/pedro-sanchez-los-independentistas-cometen-un-error-historico\/#breadcrumblist","itemListElement":[{"@type":"ListItem","@id":"https:\/\/www.eldigitaldeasturias.com\/noticias#listItem","position":1,"name":"Home","item":"https:\/\/www.eldigitaldeasturias.com\/noticias","nextItem":{"@type":"ListItem","@id":"https:\/\/www.eldigitaldeasturias.com\/noticias\/category\/actualidad\/#listItem","name":"Actualidad"}},{"@type":"ListItem","@id":"https:\/\/www.eldigitaldeasturias.com\/noticias\/category\/actualidad\/#listItem","position":2,"name":"Actualidad","item":"https:\/\/www.eldigitaldeasturias.com\/noticias\/category\/actualidad\/","nextItem":{"@type":"ListItem","@id":"https:\/\/www.eldigitaldeasturias.com\/noticias\/pedro-sanchez-los-independentistas-cometen-un-error-historico\/#listItem","name":"Pedro S\u00e1nchez: \u00abLos independentistas cometen un error hist\u00f3rico\u00bb"},"previousItem":{"@type":"ListItem","@id":"https:\/\/www.eldigitaldeasturias.com\/noticias#listItem","name":"Home"}},{"@type":"ListItem","@id":"https:\/\/www.eldigitaldeasturias.com\/noticias\/pedro-sanchez-los-independentistas-cometen-un-error-historico\/#listItem","position":3,"name":"Pedro S\u00e1nchez: \u00abLos independentistas cometen un error hist\u00f3rico\u00bb","previousItem":{"@type":"ListItem","@id":"https:\/\/www.eldigitaldeasturias.com\/noticias\/category\/actualidad\/#listItem","name":"Actualidad"}}]},{"@type":"Organization","@id":"https:\/\/www.eldigitaldeasturias.com\/noticias\/#organization","name":"El Digital de Asturias","description":"Hemeroteca","url":"https:\/\/www.eldigitaldeasturias.com\/noticias\/","email":"info@eldigitaldeasturias.com","telephone":"+34652131393","logo":{"@type":"ImageObject","url":"https:\/\/www.eldigitaldeasturias.com\/noticias\/wp-content\/uploads\/2020\/12\/EDA.jpg","@id":"https:\/\/www.eldigitaldeasturias.com\/noticias\/pedro-sanchez-los-independentistas-cometen-un-error-historico\/#organizationLogo"},"image":{"@id":"https:\/\/www.eldigitaldeasturias.com\/noticias\/pedro-sanchez-los-independentistas-cometen-un-error-historico\/#organizationLogo"},"sameAs":["https:\/\/facebook.com\/eldigitaldeasturias","https:\/\/www.youtube.com\/channel\/UCZP-2wLEB9Rv6erhFmqVnvg"],"address":{"@id":"https:\/\/www.eldigitaldeasturias.com\/noticias\/#postaladdress","@type":"PostalAddress","streetAddress":"san antonio 4","postalCode":"33430","addressLocality":"Cand\u00e1s","addressRegion":"Asturias","addressCountry":"ES"}},{"@type":"Person","@id":"https:\/\/www.eldigitaldeasturias.com\/noticias\/author\/admin\/#author","url":"https:\/\/www.eldigitaldeasturias.com\/noticias\/author\/admin\/","name":"El Digital de Asturias","image":{"@type":"ImageObject","@id":"https:\/\/www.eldigitaldeasturias.com\/noticias\/pedro-sanchez-los-independentistas-cometen-un-error-historico\/#authorImage","url":"https:\/\/secure.gravatar.com\/avatar\/df2aeffc32bcd13f8d26072ef8a91b623d677766deac7f97ca815868cd41bf5e?s=96&d=mm&r=g","width":96,"height":96,"caption":"El Digital de Asturias"}},{"@type":"WebPage","@id":"https:\/\/www.eldigitaldeasturias.com\/noticias\/pedro-sanchez-los-independentistas-cometen-un-error-historico\/#webpage","url":"https:\/\/www.eldigitaldeasturias.com\/noticias\/pedro-sanchez-los-independentistas-cometen-un-error-historico\/","name":"Pedro S\u00e1nchez: \u00abLos independentistas cometen un error hist\u00f3rico\u00bb - El Digital de Asturias","description":"\u201cLos independentistas cometen un error hist\u00f3rico, considerar que cualquier idea est\u00e1 por encima de la democracia y no es cierto\u201d. El secretario general del PSOE, Pedro S\u00e1nchez, ha insistido en que \u201ccualquier idea se puede defender, pero siempre dentro de la legalidad democr\u00e1tica\u201d y no desde \u201cel atropello al autogobierno, la legalidad constitucional y al","inLanguage":"es-ES","isPartOf":{"@id":"https:\/\/www.eldigitaldeasturias.com\/noticias\/#website"},"breadcrumb":{"@id":"https:\/\/www.eldigitaldeasturias.com\/noticias\/pedro-sanchez-los-independentistas-cometen-un-error-historico\/#breadcrumblist"},"author":{"@id":"https:\/\/www.eldigitaldeasturias.com\/noticias\/author\/admin\/#author"},"creator":{"@id":"https:\/\/www.eldigitaldeasturias.com\/noticias\/author\/admin\/#author"},"image":{"@type":"ImageObject","url":793321,"@id":"https:\/\/www.eldigitaldeasturias.com\/noticias\/pedro-sanchez-los-independentistas-cometen-un-error-historico\/#mainImage"},"primaryImageOfPage":{"@id":"https:\/\/www.eldigitaldeasturias.com\/noticias\/pedro-sanchez-los-independentistas-cometen-un-error-historico\/#mainImage"},"datePublished":"2017-09-10T15:56:22+02:00","dateModified":"2017-09-10T15:56:22+02:00"},{"@type":"WebSite","@id":"https:\/\/www.eldigitaldeasturias.com\/noticias\/#website","url":"https:\/\/www.eldigitaldeasturias.com\/noticias\/","name":"El Digital de Asturias - Diario de actualidad y noticias","alternateName":"El Digital de Asturias - Diario de actualidad y noticias","description":"Hemeroteca","inLanguage":"es-ES","publisher":{"@id":"https:\/\/www.eldigitaldeasturias.com\/noticias\/#organization"}}]},"og:locale":"es_ES","og:site_name":"El Digital de Asturias","og:type":"article","og:title":"Pedro S\u00e1nchez: \u00abLos independentistas cometen un error hist\u00f3rico\u00bb - El Digital de Asturias","og:description":"\u201cLos independentistas cometen un error hist\u00f3rico, considerar que cualquier idea est\u00e1 por encima de la democracia y no es cierto\u201d. El secretario general del PSOE, Pedro S\u00e1nchez, ha insistido en que \u201ccualquier idea se puede defender, pero siempre dentro de la legalidad democr\u00e1tica\u201d y no desde \u201cel atropello al autogobierno, la legalidad constitucional y al","og:url":"https:\/\/www.eldigitaldeasturias.com\/noticias\/pedro-sanchez-los-independentistas-cometen-un-error-historico\/","article:tag":["actualidad"],"article:published_time":"2017-09-10T15:56:22+00:00","article:modified_time":"2017-09-10T15:56:22+00:00","article:publisher":"https:\/\/facebook.com\/eldigitaldeasturias","twitter:card":"summary_large_image","twitter:title":"Pedro S\u00e1nchez: \u00abLos independentistas cometen un error hist\u00f3rico\u00bb - El Digital de Asturias","twitter:description":"\u201cLos independentistas cometen un error hist\u00f3rico, considerar que cualquier idea est\u00e1 por encima de la democracia y no es cierto\u201d. El secretario general del PSOE, Pedro S\u00e1nchez, ha insistido en que \u201ccualquier idea se puede defender, pero siempre dentro de la legalidad democr\u00e1tica\u201d y no desde \u201cel atropello al autogobierno, la legalidad constitucional y al","twitter:image":"https:\/\/www.eldigitaldeasturias.com\/noticias\/wp-content\/uploads\/2020\/12\/EDA-1.jpg","twitter:label1":"Escrito por","twitter:data1":"El Digital de Asturias","twitter:label2":"Tiempo de lectura estimado","twitter:data2":"3 minutos"},"aioseo_meta_data":{"post_id":"952347","title":null,"description":null,"keywords":null,"keyphrases":null,"primary_term":null,"canonical_url":null,"og_title":null,"og_description":null,"og_object_type":"default","og_image_type":"default","og_image_url":null,"og_image_width":null,"og_image_height":null,"og_image_custom_url":null,"og_image_custom_fields":null,"og_video":null,"og_custom_url":null,"og_article_section":null,"og_article_tags":null,"twitter_use_og":false,"twitter_card":"default","twitter_image_type":"default","twitter_image_url":null,"twitter_image_custom_url":null,"twitter_image_custom_fields":null,"twitter_title":null,"twitter_description":null,"schema":{"blockGraphs":[],"customGraphs":[],"default":{"data":{"Article":[],"Course":[],"Dataset":[],"FAQPage":[],"Movie":[],"Person":[],"Product":[],"ProductReview":[],"Car":[],"Recipe":[],"Service":[],"SoftwareApplication":[],"WebPage":[]},"graphName":"","isEnabled":true},"graphs":[],"defaultGraph":"","defaultPostTypeGraph":""},"schema_type":null,"schema_type_options":null,"pillar_content":false,"robots_default":true,"robots_noindex":false,"robots_noarchive":false,"robots_nosnippet":false,"robots_nofollow":false,"robots_noimageindex":false,"robots_noodp":false,"robots_notranslate":false,"robots_max_snippet":null,"robots_max_videopreview":null,"robots_max_imagepreview":"large","priority":null,"frequency":null,"local_seo":null,"seo_analyzer_scan_date":"2025-12-05 22:31:08","breadcrumb_settings":null,"limit_modified_date":false,"open_ai":null,"ai":null,"created":"2020-12-21 12:57:41","updated":"2025-12-05 22:31:08","focus_keyword":null,"additional_keywords":null,"truseo_locale":null},"aioseo_breadcrumb":"<div class=\"aioseo-breadcrumbs\"><span class=\"aioseo-breadcrumb\">\n\t<a href=\"https:\/\/www.eldigitaldeasturias.com\/noticias\" title=\"Home\">Home<\/a>\n<\/span><span class=\"aioseo-breadcrumb-separator\">\u2013<\/span><span class=\"aioseo-breadcrumb\">\n\t<a href=\"https:\/\/www.eldigitaldeasturias.com\/noticias\/category\/actualidad\/\" title=\"Actualidad\">Actualidad<\/a>\n<\/span><span class=\"aioseo-breadcrumb-separator\">\u2013<\/span><span class=\"aioseo-breadcrumb\">\n\t<a href=\"https:\/\/www.eldigitaldeasturias.com\/noticias\/pedro-sanchez-los-independentistas-cometen-un-error-historico\/\" title=\"Pedro S\u00e1nchez: \u00abLos independentistas cometen un error hist\u00f3rico\u00bb\">Pedro S\u00e1nchez: \u00abLos independentistas cometen un error hist\u00f3rico\u00bb<\/a>\n<\/span><\/div>","aioseo_breadcrumb_json":[{"label":"Home","link":"https:\/\/www.eldigitaldeasturias.com\/noticias"},{"label":"Actualidad","link":"https:\/\/www.eldigitaldeasturias.com\/noticias\/category\/actualidad\/"},{"label":"Pedro S\u00e1nchez: \u00abLos independentistas cometen un error hist\u00f3rico\u00bb","link":"https:\/\/www.eldigitaldeasturias.com\/noticias\/pedro-sanchez-los-independentistas-cometen-un-error-historico\/"}],"_links":{"self":[{"href":"https:\/\/www.eldigitaldeasturias.com\/noticias\/wp-json\/wp\/v2\/posts\/952347","targetHints":{"allow":["GET"]}}],"collection":[{"href":"https:\/\/www.eldigitaldeasturias.com\/noticias\/wp-json\/wp\/v2\/posts"}],"about":[{"href":"https:\/\/www.eldigitaldeasturias.com\/noticias\/wp-json\/wp\/v2\/types\/post"}],"author":[{"embeddable":true,"href":"https:\/\/www.eldigitaldeasturias.com\/noticias\/wp-json\/wp\/v2\/users\/1"}],"replies":[{"embeddable":true,"href":"https:\/\/www.eldigitaldeasturias.com\/noticias\/wp-json\/wp\/v2\/comments?post=952347"}],"version-history":[{"count":0,"href":"https:\/\/www.eldigitaldeasturias.com\/noticias\/wp-json\/wp\/v2\/posts\/952347\/revisions"}],"wp:attachment":[{"href":"https:\/\/www.eldigitaldeasturias.com\/noticias\/wp-json\/wp\/v2\/media?parent=952347"}],"wp:term":[{"taxonomy":"category","embeddable":true,"href":"https:\/\/www.eldigitaldeasturias.com\/noticias\/wp-json\/wp\/v2\/categories?post=952347"},{"taxonomy":"post_tag","embeddable":true,"href":"https:\/\/www.eldigitaldeasturias.com\/noticias\/wp-json\/wp\/v2\/tags?post=952347"}],"curies":[{"name":"wp","href":"https:\/\/api.w.org\/{rel}","templated":true}]}}