{"id":952344,"date":"2017-09-10T15:52:22","date_gmt":"2017-09-10T15:52:22","guid":{"rendered":"http:\/\/www.eldigitaldeasturias.com\/noticias\/?p=952344"},"modified":"2017-09-10T15:52:22","modified_gmt":"2017-09-10T15:52:22","slug":"carrizosa-ningun-alcalde-puede-poner-a-los-funcionarios-entre-la-espada-y-la-pared","status":"publish","type":"post","link":"https:\/\/www.eldigitaldeasturias.com\/noticias\/carrizosa-ningun-alcalde-puede-poner-a-los-funcionarios-entre-la-espada-y-la-pared\/","title":{"rendered":"Carrizosa: \u201cNing\u00fan alcalde puede poner a los funcionarios entre la espada y la pared\u201d"},"content":{"rendered":"<p><img loading=\"lazy\" decoding=\"async\" class=\"alignleft size-medium wp-image-952345\" src=\"https:\/\/www.eldigitaldeasturias.com\/noticias\/wp-content\/uploads\/2017\/09\/CARRIZOSA-360x270.jpg\" alt=\"\" width=\"360\" height=\"270\" \/>\u201cSi yo fuera independentista y me dicen que voy a votar en un refer\u00e9ndum vinculante y con reconocimiento internacional, y luego tengo que imprimirme la papeleta, me sentir\u00eda enga\u00f1ado, estafado e indignado\u201d. As\u00ed lo ha dicho el portavoz de Ciudadanos (Cs) en el Parlament, Carlos Carrizosa, quien ha a\u00f1adido que \u201cque el portavoz del Govern salga proponiendo imprimirse las papeletas en casa, despu\u00e9s de que Junqueras prometiera un refer\u00e9ndum con las mismas garant\u00edas que en cualquier proceso electoral, supone el reconocimiento de que han perdido la partida\u201d.<\/p>\n<p>El portavoz de Cs considera \u201cincre\u00edble\u201d que Puigdemont utilice el eslogan \u201cno tinc por\u201d en un acto de su partido. \u201cDenigra nuestra democracia y la memoria de las v\u00edctimas que hagan un uso partidista del eslogan que encabez\u00f3 una manifestaci\u00f3n de repulsa por los atentados de Barcelona y Cambrils\u201d. Y ha recordado que \u201cen esta manifestaci\u00f3n, la ANC ya hizo todo lo posible para convertirla en una reivindicaci\u00f3n separatista\u201d.<\/p>\n<p>Tras los \u00faltimos registros de la Guardia Civil en un medio de comunicaci\u00f3n local, Carrizosa ha asegurado que \u201clas actuaciones policiales dirigidas por jueces y fiscales tienen absolutamente toda la legitimidad\u201d y que \u201cest\u00e1n defendiendo a todos los catalanes que no quieren ver como sus datos personales est\u00e1n en manos de personas que no tienen legitimidad\u201d.<\/p>\n<p>Por otra parte, el portavoz de la formaci\u00f3n naranja le ha recordado a la alcaldesa de Barcelona, Ada Colau, que \u201cpor muchas ganas que tenga de votar, como independentista que es, debe someterse al dictado de las leyes\u201d porque \u201cning\u00fan alcalde puede poner a los funcionarios entre la espada y la pared\u201d.<\/p>\n<p>Finalmente, Carrizosa ha recordado que Ciudadanos organiza un acto para la Diada, con Albert Rivera e In\u00e9s Arrimadas, y que los actos institucionales impulsados desde el Govern \u201cno representan en absoluto a todos los catalanes\u201d sino que es \u201cuna Diada \u00fanicamente con contenido reivindicativo, secesionista y nacionalista\u201d.<\/p>\n<p>&nbsp;<\/p>\n","protected":false},"excerpt":{"rendered":"<p>\u201cSi yo fuera independentista y me dicen que voy a votar en un refer\u00e9ndum vinculante y con reconocimiento internacional, y luego tengo que imprimirme la papeleta, me sentir\u00eda enga\u00f1ado, estafado e indignado\u201d. As\u00ed lo ha dicho el portavoz de Ciudadanos (Cs) en el Parlament, Carlos Carrizosa, quien ha a\u00f1adido que \u201cque el portavoz del Govern [&hellip;]<\/p>\n","protected":false},"author":1,"featured_media":952345,"comment_status":"closed","ping_status":"closed","sticky":false,"template":"","format":"standard","meta":{"footnotes":""},"categories":[1],"tags":[],"class_list":["post-952344","post","type-post","status-publish","format-standard","has-post-thumbnail","hentry","category-actualidad"],"aioseo_notices":[],"aioseo_head":"\n\t\t<!-- All in One SEO Pro 5.0.1 - aioseo.com -->\n\t<meta name=\"description\" content=\"\u201cSi yo fuera independentista y me dicen que voy a votar en un refer\u00e9ndum vinculante y con reconocimiento internacional, y luego tengo que imprimirme la papeleta, me sentir\u00eda enga\u00f1ado, estafado e indignado\u201d. As\u00ed lo ha dicho el portavoz de Ciudadanos (Cs) en el Parlament, Carlos Carrizosa, quien ha a\u00f1adido que \u201cque el portavoz del Govern\" \/>\n\t<meta name=\"robots\" content=\"max-image-preview:large\" \/>\n\t<meta name=\"author\" content=\"El Digital de Asturias\"\/>\n\t<meta name=\"google-site-verification\" content=\"UA-38556648-1\" \/>\n\t<meta name=\"msvalidate.01\" content=\"7dfe9f3f1b24437ab69f4f2559babe99\" \/>\n\t<meta name=\"keywords\" content=\"actualidad\" \/>\n\t<link rel=\"canonical\" href=\"https:\/\/www.eldigitaldeasturias.com\/noticias\/carrizosa-ningun-alcalde-puede-poner-a-los-funcionarios-entre-la-espada-y-la-pared\/\" \/>\n\t<meta name=\"generator\" content=\"All in One SEO Pro (AIOSEO) 5.0.1\" \/>\n\t\t<meta property=\"og:locale\" content=\"es_ES\" \/>\n\t\t<meta property=\"og:site_name\" content=\"El Digital de Asturias\" \/>\n\t\t<meta property=\"og:type\" content=\"article\" \/>\n\t\t<meta property=\"og:title\" content=\"Carrizosa: \u201cNing\u00fan alcalde puede poner a los funcionarios entre la espada y la pared\u201d - El Digital de Asturias\" \/>\n\t\t<meta property=\"og:description\" content=\"\u201cSi yo fuera independentista y me dicen que voy a votar en un refer\u00e9ndum vinculante y con reconocimiento internacional, y luego tengo que imprimirme la papeleta, me sentir\u00eda enga\u00f1ado, estafado e indignado\u201d. As\u00ed lo ha dicho el portavoz de Ciudadanos (Cs) en el Parlament, Carlos Carrizosa, quien ha a\u00f1adido que \u201cque el portavoz del Govern\" \/>\n\t\t<meta property=\"og:url\" content=\"https:\/\/www.eldigitaldeasturias.com\/noticias\/carrizosa-ningun-alcalde-puede-poner-a-los-funcionarios-entre-la-espada-y-la-pared\/\" \/>\n\t\t<meta property=\"article:tag\" content=\"actualidad\" \/>\n\t\t<meta property=\"article:published_time\" content=\"2017-09-10T15:52:22+00:00\" \/>\n\t\t<meta property=\"article:modified_time\" content=\"2017-09-10T15:52:22+00:00\" \/>\n\t\t<meta property=\"article:publisher\" content=\"https:\/\/facebook.com\/eldigitaldeasturias\" \/>\n\t\t<meta name=\"twitter:card\" content=\"summary_large_image\" \/>\n\t\t<meta name=\"twitter:title\" content=\"Carrizosa: \u201cNing\u00fan alcalde puede poner a los funcionarios entre la espada y la pared\u201d - El Digital de Asturias\" \/>\n\t\t<meta name=\"twitter:description\" content=\"\u201cSi yo fuera independentista y me dicen que voy a votar en un refer\u00e9ndum vinculante y con reconocimiento internacional, y luego tengo que imprimirme la papeleta, me sentir\u00eda enga\u00f1ado, estafado e indignado\u201d. As\u00ed lo ha dicho el portavoz de Ciudadanos (Cs) en el Parlament, Carlos Carrizosa, quien ha a\u00f1adido que \u201cque el portavoz del Govern\" \/>\n\t\t<meta name=\"twitter:image\" content=\"https:\/\/www.eldigitaldeasturias.com\/noticias\/wp-content\/uploads\/2020\/12\/EDA-1.jpg\" \/>\n\t\t<meta name=\"twitter:label1\" content=\"Escrito por\" \/>\n\t\t<meta name=\"twitter:data1\" content=\"El Digital de Asturias\" \/>\n\t\t<meta name=\"twitter:label2\" content=\"Tiempo de lectura estimado\" \/>\n\t\t<meta name=\"twitter:data2\" content=\"2 minutos\" \/>\n\t\t<script type=\"application\/ld+json\" class=\"aioseo-schema\">\n\t\t\t{\"@context\":\"https:\\\/\\\/schema.org\",\"@graph\":[{\"@type\":\"BlogPosting\",\"@id\":\"https:\\\/\\\/www.eldigitaldeasturias.com\\\/noticias\\\/carrizosa-ningun-alcalde-puede-poner-a-los-funcionarios-entre-la-espada-y-la-pared\\\/#blogposting\",\"name\":\"Carrizosa: \\u201cNing\\u00fan alcalde puede poner a los funcionarios entre la espada y la pared\\u201d - El Digital de Asturias\",\"headline\":\"Carrizosa: \\u201cNing\\u00fan alcalde puede poner a los funcionarios entre la espada y la pared\\u201d\",\"author\":{\"@id\":\"https:\\\/\\\/www.eldigitaldeasturias.com\\\/noticias\\\/author\\\/admin\\\/#author\"},\"publisher\":{\"@id\":\"https:\\\/\\\/www.eldigitaldeasturias.com\\\/noticias\\\/#organization\"},\"image\":{\"@type\":\"ImageObject\",\"url\":952345},\"datePublished\":\"2017-09-10T15:52:22+02:00\",\"dateModified\":\"2017-09-10T15:52:22+02:00\",\"inLanguage\":\"es-ES\",\"mainEntityOfPage\":{\"@id\":\"https:\\\/\\\/www.eldigitaldeasturias.com\\\/noticias\\\/carrizosa-ningun-alcalde-puede-poner-a-los-funcionarios-entre-la-espada-y-la-pared\\\/#webpage\"},\"isPartOf\":{\"@id\":\"https:\\\/\\\/www.eldigitaldeasturias.com\\\/noticias\\\/carrizosa-ningun-alcalde-puede-poner-a-los-funcionarios-entre-la-espada-y-la-pared\\\/#webpage\"},\"articleSection\":\"Actualidad\"},{\"@type\":\"BreadcrumbList\",\"@id\":\"https:\\\/\\\/www.eldigitaldeasturias.com\\\/noticias\\\/carrizosa-ningun-alcalde-puede-poner-a-los-funcionarios-entre-la-espada-y-la-pared\\\/#breadcrumblist\",\"itemListElement\":[{\"@type\":\"ListItem\",\"@id\":\"https:\\\/\\\/www.eldigitaldeasturias.com\\\/noticias#listItem\",\"position\":1,\"name\":\"Home\",\"item\":\"https:\\\/\\\/www.eldigitaldeasturias.com\\\/noticias\",\"nextItem\":{\"@type\":\"ListItem\",\"@id\":\"https:\\\/\\\/www.eldigitaldeasturias.com\\\/noticias\\\/category\\\/actualidad\\\/#listItem\",\"name\":\"Actualidad\"}},{\"@type\":\"ListItem\",\"@id\":\"https:\\\/\\\/www.eldigitaldeasturias.com\\\/noticias\\\/category\\\/actualidad\\\/#listItem\",\"position\":2,\"name\":\"Actualidad\",\"item\":\"https:\\\/\\\/www.eldigitaldeasturias.com\\\/noticias\\\/category\\\/actualidad\\\/\",\"nextItem\":{\"@type\":\"ListItem\",\"@id\":\"https:\\\/\\\/www.eldigitaldeasturias.com\\\/noticias\\\/carrizosa-ningun-alcalde-puede-poner-a-los-funcionarios-entre-la-espada-y-la-pared\\\/#listItem\",\"name\":\"Carrizosa: \\u201cNing\\u00fan alcalde puede poner a los funcionarios entre la espada y la pared\\u201d\"},\"previousItem\":{\"@type\":\"ListItem\",\"@id\":\"https:\\\/\\\/www.eldigitaldeasturias.com\\\/noticias#listItem\",\"name\":\"Home\"}},{\"@type\":\"ListItem\",\"@id\":\"https:\\\/\\\/www.eldigitaldeasturias.com\\\/noticias\\\/carrizosa-ningun-alcalde-puede-poner-a-los-funcionarios-entre-la-espada-y-la-pared\\\/#listItem\",\"position\":3,\"name\":\"Carrizosa: \\u201cNing\\u00fan alcalde puede poner a los funcionarios entre la espada y la pared\\u201d\",\"previousItem\":{\"@type\":\"ListItem\",\"@id\":\"https:\\\/\\\/www.eldigitaldeasturias.com\\\/noticias\\\/category\\\/actualidad\\\/#listItem\",\"name\":\"Actualidad\"}}]},{\"@type\":\"Organization\",\"@id\":\"https:\\\/\\\/www.eldigitaldeasturias.com\\\/noticias\\\/#organization\",\"name\":\"El Digital de Asturias\",\"description\":\"Hemeroteca\",\"url\":\"https:\\\/\\\/www.eldigitaldeasturias.com\\\/noticias\\\/\",\"email\":\"info@eldigitaldeasturias.com\",\"telephone\":\"+34652131393\",\"logo\":{\"@type\":\"ImageObject\",\"url\":\"https:\\\/\\\/www.eldigitaldeasturias.com\\\/noticias\\\/wp-content\\\/uploads\\\/2020\\\/12\\\/EDA.jpg\",\"@id\":\"https:\\\/\\\/www.eldigitaldeasturias.com\\\/noticias\\\/carrizosa-ningun-alcalde-puede-poner-a-los-funcionarios-entre-la-espada-y-la-pared\\\/#organizationLogo\"},\"image\":{\"@id\":\"https:\\\/\\\/www.eldigitaldeasturias.com\\\/noticias\\\/carrizosa-ningun-alcalde-puede-poner-a-los-funcionarios-entre-la-espada-y-la-pared\\\/#organizationLogo\"},\"sameAs\":[\"https:\\\/\\\/facebook.com\\\/eldigitaldeasturias\",\"https:\\\/\\\/www.youtube.com\\\/channel\\\/UCZP-2wLEB9Rv6erhFmqVnvg\"],\"address\":{\"@id\":\"https:\\\/\\\/www.eldigitaldeasturias.com\\\/noticias\\\/#postaladdress\",\"@type\":\"PostalAddress\",\"streetAddress\":\"san antonio 4\",\"postalCode\":\"33430\",\"addressLocality\":\"Cand\\u00e1s\",\"addressRegion\":\"Asturias\",\"addressCountry\":\"ES\"}},{\"@type\":\"Person\",\"@id\":\"https:\\\/\\\/www.eldigitaldeasturias.com\\\/noticias\\\/author\\\/admin\\\/#author\",\"url\":\"https:\\\/\\\/www.eldigitaldeasturias.com\\\/noticias\\\/author\\\/admin\\\/\",\"name\":\"El Digital de Asturias\",\"image\":{\"@type\":\"ImageObject\",\"@id\":\"https:\\\/\\\/www.eldigitaldeasturias.com\\\/noticias\\\/carrizosa-ningun-alcalde-puede-poner-a-los-funcionarios-entre-la-espada-y-la-pared\\\/#authorImage\",\"url\":\"https:\\\/\\\/secure.gravatar.com\\\/avatar\\\/df2aeffc32bcd13f8d26072ef8a91b623d677766deac7f97ca815868cd41bf5e?s=96&d=mm&r=g\",\"width\":96,\"height\":96,\"caption\":\"El Digital de Asturias\"}},{\"@type\":\"WebPage\",\"@id\":\"https:\\\/\\\/www.eldigitaldeasturias.com\\\/noticias\\\/carrizosa-ningun-alcalde-puede-poner-a-los-funcionarios-entre-la-espada-y-la-pared\\\/#webpage\",\"url\":\"https:\\\/\\\/www.eldigitaldeasturias.com\\\/noticias\\\/carrizosa-ningun-alcalde-puede-poner-a-los-funcionarios-entre-la-espada-y-la-pared\\\/\",\"name\":\"Carrizosa: \\u201cNing\\u00fan alcalde puede poner a los funcionarios entre la espada y la pared\\u201d - El Digital de Asturias\",\"description\":\"\\u201cSi yo fuera independentista y me dicen que voy a votar en un refer\\u00e9ndum vinculante y con reconocimiento internacional, y luego tengo que imprimirme la papeleta, me sentir\\u00eda enga\\u00f1ado, estafado e indignado\\u201d. As\\u00ed lo ha dicho el portavoz de Ciudadanos (Cs) en el Parlament, Carlos Carrizosa, quien ha a\\u00f1adido que \\u201cque el portavoz del Govern\",\"inLanguage\":\"es-ES\",\"isPartOf\":{\"@id\":\"https:\\\/\\\/www.eldigitaldeasturias.com\\\/noticias\\\/#website\"},\"breadcrumb\":{\"@id\":\"https:\\\/\\\/www.eldigitaldeasturias.com\\\/noticias\\\/carrizosa-ningun-alcalde-puede-poner-a-los-funcionarios-entre-la-espada-y-la-pared\\\/#breadcrumblist\"},\"author\":{\"@id\":\"https:\\\/\\\/www.eldigitaldeasturias.com\\\/noticias\\\/author\\\/admin\\\/#author\"},\"creator\":{\"@id\":\"https:\\\/\\\/www.eldigitaldeasturias.com\\\/noticias\\\/author\\\/admin\\\/#author\"},\"image\":{\"@type\":\"ImageObject\",\"url\":952345,\"@id\":\"https:\\\/\\\/www.eldigitaldeasturias.com\\\/noticias\\\/carrizosa-ningun-alcalde-puede-poner-a-los-funcionarios-entre-la-espada-y-la-pared\\\/#mainImage\"},\"primaryImageOfPage\":{\"@id\":\"https:\\\/\\\/www.eldigitaldeasturias.com\\\/noticias\\\/carrizosa-ningun-alcalde-puede-poner-a-los-funcionarios-entre-la-espada-y-la-pared\\\/#mainImage\"},\"datePublished\":\"2017-09-10T15:52:22+02:00\",\"dateModified\":\"2017-09-10T15:52:22+02:00\"},{\"@type\":\"WebSite\",\"@id\":\"https:\\\/\\\/www.eldigitaldeasturias.com\\\/noticias\\\/#website\",\"url\":\"https:\\\/\\\/www.eldigitaldeasturias.com\\\/noticias\\\/\",\"name\":\"El Digital de Asturias - Diario de actualidad y noticias\",\"alternateName\":\"El Digital de Asturias - Diario de actualidad y noticias\",\"description\":\"Hemeroteca\",\"inLanguage\":\"es-ES\",\"publisher\":{\"@id\":\"https:\\\/\\\/www.eldigitaldeasturias.com\\\/noticias\\\/#organization\"}}]}\n\t\t<\/script>\n\t\t<!-- All in One SEO Pro -->\r\n\t\t<title>Carrizosa: \u201cNing\u00fan alcalde puede poner a los funcionarios entre la espada y la pared\u201d - El Digital de Asturias<\/title>\n\n","aioseo_head_json":{"title":"Carrizosa: \u201cNing\u00fan alcalde puede poner a los funcionarios entre la espada y la pared\u201d - El Digital de Asturias","description":"\u201cSi yo fuera independentista y me dicen que voy a votar en un refer\u00e9ndum vinculante y con reconocimiento internacional, y luego tengo que imprimirme la papeleta, me sentir\u00eda enga\u00f1ado, estafado e indignado\u201d. As\u00ed lo ha dicho el portavoz de Ciudadanos (Cs) en el Parlament, Carlos Carrizosa, quien ha a\u00f1adido que \u201cque el portavoz del Govern","canonical_url":"https:\/\/www.eldigitaldeasturias.com\/noticias\/carrizosa-ningun-alcalde-puede-poner-a-los-funcionarios-entre-la-espada-y-la-pared\/","robots":"max-image-preview:large","keywords":"actualidad","webmasterTools":{"google-site-verification":"UA-38556648-1","msvalidate.01":"7dfe9f3f1b24437ab69f4f2559babe99","miscellaneous":""},"schema":{"@context":"https:\/\/schema.org","@graph":[{"@type":"BlogPosting","@id":"https:\/\/www.eldigitaldeasturias.com\/noticias\/carrizosa-ningun-alcalde-puede-poner-a-los-funcionarios-entre-la-espada-y-la-pared\/#blogposting","name":"Carrizosa: \u201cNing\u00fan alcalde puede poner a los funcionarios entre la espada y la pared\u201d - El Digital de Asturias","headline":"Carrizosa: \u201cNing\u00fan alcalde puede poner a los funcionarios entre la espada y la pared\u201d","author":{"@id":"https:\/\/www.eldigitaldeasturias.com\/noticias\/author\/admin\/#author"},"publisher":{"@id":"https:\/\/www.eldigitaldeasturias.com\/noticias\/#organization"},"image":{"@type":"ImageObject","url":952345},"datePublished":"2017-09-10T15:52:22+02:00","dateModified":"2017-09-10T15:52:22+02:00","inLanguage":"es-ES","mainEntityOfPage":{"@id":"https:\/\/www.eldigitaldeasturias.com\/noticias\/carrizosa-ningun-alcalde-puede-poner-a-los-funcionarios-entre-la-espada-y-la-pared\/#webpage"},"isPartOf":{"@id":"https:\/\/www.eldigitaldeasturias.com\/noticias\/carrizosa-ningun-alcalde-puede-poner-a-los-funcionarios-entre-la-espada-y-la-pared\/#webpage"},"articleSection":"Actualidad"},{"@type":"BreadcrumbList","@id":"https:\/\/www.eldigitaldeasturias.com\/noticias\/carrizosa-ningun-alcalde-puede-poner-a-los-funcionarios-entre-la-espada-y-la-pared\/#breadcrumblist","itemListElement":[{"@type":"ListItem","@id":"https:\/\/www.eldigitaldeasturias.com\/noticias#listItem","position":1,"name":"Home","item":"https:\/\/www.eldigitaldeasturias.com\/noticias","nextItem":{"@type":"ListItem","@id":"https:\/\/www.eldigitaldeasturias.com\/noticias\/category\/actualidad\/#listItem","name":"Actualidad"}},{"@type":"ListItem","@id":"https:\/\/www.eldigitaldeasturias.com\/noticias\/category\/actualidad\/#listItem","position":2,"name":"Actualidad","item":"https:\/\/www.eldigitaldeasturias.com\/noticias\/category\/actualidad\/","nextItem":{"@type":"ListItem","@id":"https:\/\/www.eldigitaldeasturias.com\/noticias\/carrizosa-ningun-alcalde-puede-poner-a-los-funcionarios-entre-la-espada-y-la-pared\/#listItem","name":"Carrizosa: \u201cNing\u00fan alcalde puede poner a los funcionarios entre la espada y la pared\u201d"},"previousItem":{"@type":"ListItem","@id":"https:\/\/www.eldigitaldeasturias.com\/noticias#listItem","name":"Home"}},{"@type":"ListItem","@id":"https:\/\/www.eldigitaldeasturias.com\/noticias\/carrizosa-ningun-alcalde-puede-poner-a-los-funcionarios-entre-la-espada-y-la-pared\/#listItem","position":3,"name":"Carrizosa: \u201cNing\u00fan alcalde puede poner a los funcionarios entre la espada y la pared\u201d","previousItem":{"@type":"ListItem","@id":"https:\/\/www.eldigitaldeasturias.com\/noticias\/category\/actualidad\/#listItem","name":"Actualidad"}}]},{"@type":"Organization","@id":"https:\/\/www.eldigitaldeasturias.com\/noticias\/#organization","name":"El Digital de Asturias","description":"Hemeroteca","url":"https:\/\/www.eldigitaldeasturias.com\/noticias\/","email":"info@eldigitaldeasturias.com","telephone":"+34652131393","logo":{"@type":"ImageObject","url":"https:\/\/www.eldigitaldeasturias.com\/noticias\/wp-content\/uploads\/2020\/12\/EDA.jpg","@id":"https:\/\/www.eldigitaldeasturias.com\/noticias\/carrizosa-ningun-alcalde-puede-poner-a-los-funcionarios-entre-la-espada-y-la-pared\/#organizationLogo"},"image":{"@id":"https:\/\/www.eldigitaldeasturias.com\/noticias\/carrizosa-ningun-alcalde-puede-poner-a-los-funcionarios-entre-la-espada-y-la-pared\/#organizationLogo"},"sameAs":["https:\/\/facebook.com\/eldigitaldeasturias","https:\/\/www.youtube.com\/channel\/UCZP-2wLEB9Rv6erhFmqVnvg"],"address":{"@id":"https:\/\/www.eldigitaldeasturias.com\/noticias\/#postaladdress","@type":"PostalAddress","streetAddress":"san antonio 4","postalCode":"33430","addressLocality":"Cand\u00e1s","addressRegion":"Asturias","addressCountry":"ES"}},{"@type":"Person","@id":"https:\/\/www.eldigitaldeasturias.com\/noticias\/author\/admin\/#author","url":"https:\/\/www.eldigitaldeasturias.com\/noticias\/author\/admin\/","name":"El Digital de Asturias","image":{"@type":"ImageObject","@id":"https:\/\/www.eldigitaldeasturias.com\/noticias\/carrizosa-ningun-alcalde-puede-poner-a-los-funcionarios-entre-la-espada-y-la-pared\/#authorImage","url":"https:\/\/secure.gravatar.com\/avatar\/df2aeffc32bcd13f8d26072ef8a91b623d677766deac7f97ca815868cd41bf5e?s=96&d=mm&r=g","width":96,"height":96,"caption":"El Digital de Asturias"}},{"@type":"WebPage","@id":"https:\/\/www.eldigitaldeasturias.com\/noticias\/carrizosa-ningun-alcalde-puede-poner-a-los-funcionarios-entre-la-espada-y-la-pared\/#webpage","url":"https:\/\/www.eldigitaldeasturias.com\/noticias\/carrizosa-ningun-alcalde-puede-poner-a-los-funcionarios-entre-la-espada-y-la-pared\/","name":"Carrizosa: \u201cNing\u00fan alcalde puede poner a los funcionarios entre la espada y la pared\u201d - El Digital de Asturias","description":"\u201cSi yo fuera independentista y me dicen que voy a votar en un refer\u00e9ndum vinculante y con reconocimiento internacional, y luego tengo que imprimirme la papeleta, me sentir\u00eda enga\u00f1ado, estafado e indignado\u201d. As\u00ed lo ha dicho el portavoz de Ciudadanos (Cs) en el Parlament, Carlos Carrizosa, quien ha a\u00f1adido que \u201cque el portavoz del Govern","inLanguage":"es-ES","isPartOf":{"@id":"https:\/\/www.eldigitaldeasturias.com\/noticias\/#website"},"breadcrumb":{"@id":"https:\/\/www.eldigitaldeasturias.com\/noticias\/carrizosa-ningun-alcalde-puede-poner-a-los-funcionarios-entre-la-espada-y-la-pared\/#breadcrumblist"},"author":{"@id":"https:\/\/www.eldigitaldeasturias.com\/noticias\/author\/admin\/#author"},"creator":{"@id":"https:\/\/www.eldigitaldeasturias.com\/noticias\/author\/admin\/#author"},"image":{"@type":"ImageObject","url":952345,"@id":"https:\/\/www.eldigitaldeasturias.com\/noticias\/carrizosa-ningun-alcalde-puede-poner-a-los-funcionarios-entre-la-espada-y-la-pared\/#mainImage"},"primaryImageOfPage":{"@id":"https:\/\/www.eldigitaldeasturias.com\/noticias\/carrizosa-ningun-alcalde-puede-poner-a-los-funcionarios-entre-la-espada-y-la-pared\/#mainImage"},"datePublished":"2017-09-10T15:52:22+02:00","dateModified":"2017-09-10T15:52:22+02:00"},{"@type":"WebSite","@id":"https:\/\/www.eldigitaldeasturias.com\/noticias\/#website","url":"https:\/\/www.eldigitaldeasturias.com\/noticias\/","name":"El Digital de Asturias - Diario de actualidad y noticias","alternateName":"El Digital de Asturias - Diario de actualidad y noticias","description":"Hemeroteca","inLanguage":"es-ES","publisher":{"@id":"https:\/\/www.eldigitaldeasturias.com\/noticias\/#organization"}}]},"og:locale":"es_ES","og:site_name":"El Digital de Asturias","og:type":"article","og:title":"Carrizosa: \u201cNing\u00fan alcalde puede poner a los funcionarios entre la espada y la pared\u201d - El Digital de Asturias","og:description":"\u201cSi yo fuera independentista y me dicen que voy a votar en un refer\u00e9ndum vinculante y con reconocimiento internacional, y luego tengo que imprimirme la papeleta, me sentir\u00eda enga\u00f1ado, estafado e indignado\u201d. As\u00ed lo ha dicho el portavoz de Ciudadanos (Cs) en el Parlament, Carlos Carrizosa, quien ha a\u00f1adido que \u201cque el portavoz del Govern","og:url":"https:\/\/www.eldigitaldeasturias.com\/noticias\/carrizosa-ningun-alcalde-puede-poner-a-los-funcionarios-entre-la-espada-y-la-pared\/","article:tag":["actualidad"],"article:published_time":"2017-09-10T15:52:22+00:00","article:modified_time":"2017-09-10T15:52:22+00:00","article:publisher":"https:\/\/facebook.com\/eldigitaldeasturias","twitter:card":"summary_large_image","twitter:title":"Carrizosa: \u201cNing\u00fan alcalde puede poner a los funcionarios entre la espada y la pared\u201d - El Digital de Asturias","twitter:description":"\u201cSi yo fuera independentista y me dicen que voy a votar en un refer\u00e9ndum vinculante y con reconocimiento internacional, y luego tengo que imprimirme la papeleta, me sentir\u00eda enga\u00f1ado, estafado e indignado\u201d. As\u00ed lo ha dicho el portavoz de Ciudadanos (Cs) en el Parlament, Carlos Carrizosa, quien ha a\u00f1adido que \u201cque el portavoz del Govern","twitter:image":"https:\/\/www.eldigitaldeasturias.com\/noticias\/wp-content\/uploads\/2020\/12\/EDA-1.jpg","twitter:label1":"Escrito por","twitter:data1":"El Digital de Asturias","twitter:label2":"Tiempo de lectura estimado","twitter:data2":"2 minutos"},"aioseo_meta_data":{"post_id":"952344","title":null,"description":null,"keywords":null,"keyphrases":null,"primary_term":null,"canonical_url":null,"og_title":null,"og_description":null,"og_object_type":"default","og_image_type":"default","og_image_url":null,"og_image_width":null,"og_image_height":null,"og_image_custom_url":null,"og_image_custom_fields":null,"og_video":null,"og_custom_url":null,"og_article_section":null,"og_article_tags":null,"twitter_use_og":false,"twitter_card":"default","twitter_image_type":"default","twitter_image_url":null,"twitter_image_custom_url":null,"twitter_image_custom_fields":null,"twitter_title":null,"twitter_description":null,"schema":{"blockGraphs":[],"customGraphs":[],"default":{"data":{"Article":[],"Course":[],"Dataset":[],"FAQPage":[],"Movie":[],"Person":[],"Product":[],"ProductReview":[],"Car":[],"Recipe":[],"Service":[],"SoftwareApplication":[],"WebPage":[]},"graphName":"","isEnabled":true},"graphs":[]},"schema_type":null,"schema_type_options":null,"pillar_content":false,"robots_default":true,"robots_noindex":false,"robots_noarchive":false,"robots_nosnippet":false,"robots_nofollow":false,"robots_noimageindex":false,"robots_noodp":false,"robots_notranslate":false,"robots_max_snippet":null,"robots_max_videopreview":null,"robots_max_imagepreview":"large","priority":null,"frequency":null,"local_seo":null,"seo_analyzer_scan_date":"2025-12-05 22:31:06","breadcrumb_settings":null,"limit_modified_date":false,"open_ai":null,"ai":null,"created":"2020-12-21 12:57:41","updated":"2025-12-05 22:31:06","focus_keyword":null,"additional_keywords":null,"truseo_locale":null},"aioseo_breadcrumb":"<div class=\"aioseo-breadcrumbs\"><span class=\"aioseo-breadcrumb\">\n\t<a href=\"https:\/\/www.eldigitaldeasturias.com\/noticias\" title=\"Home\">Home<\/a>\n<\/span><span class=\"aioseo-breadcrumb-separator\">\u2013<\/span><span class=\"aioseo-breadcrumb\">\n\t<a href=\"https:\/\/www.eldigitaldeasturias.com\/noticias\/category\/actualidad\/\" title=\"Actualidad\">Actualidad<\/a>\n<\/span><span class=\"aioseo-breadcrumb-separator\">\u2013<\/span><span class=\"aioseo-breadcrumb\">\n\t<a href=\"https:\/\/www.eldigitaldeasturias.com\/noticias\/carrizosa-ningun-alcalde-puede-poner-a-los-funcionarios-entre-la-espada-y-la-pared\/\" title=\"Carrizosa: \u201cNing\u00fan alcalde puede poner a los funcionarios entre la espada y la pared\u201d\">Carrizosa: \u201cNing\u00fan alcalde puede poner a los funcionarios entre la espada y la pared\u201d<\/a>\n<\/span><\/div>","aioseo_breadcrumb_json":[{"label":"Home","link":"https:\/\/www.eldigitaldeasturias.com\/noticias"},{"label":"Actualidad","link":"https:\/\/www.eldigitaldeasturias.com\/noticias\/category\/actualidad\/"},{"label":"Carrizosa: \u201cNing\u00fan alcalde puede poner a los funcionarios entre la espada y la pared\u201d","link":"https:\/\/www.eldigitaldeasturias.com\/noticias\/carrizosa-ningun-alcalde-puede-poner-a-los-funcionarios-entre-la-espada-y-la-pared\/"}],"_links":{"self":[{"href":"https:\/\/www.eldigitaldeasturias.com\/noticias\/wp-json\/wp\/v2\/posts\/952344","targetHints":{"allow":["GET"]}}],"collection":[{"href":"https:\/\/www.eldigitaldeasturias.com\/noticias\/wp-json\/wp\/v2\/posts"}],"about":[{"href":"https:\/\/www.eldigitaldeasturias.com\/noticias\/wp-json\/wp\/v2\/types\/post"}],"author":[{"embeddable":true,"href":"https:\/\/www.eldigitaldeasturias.com\/noticias\/wp-json\/wp\/v2\/users\/1"}],"replies":[{"embeddable":true,"href":"https:\/\/www.eldigitaldeasturias.com\/noticias\/wp-json\/wp\/v2\/comments?post=952344"}],"version-history":[{"count":0,"href":"https:\/\/www.eldigitaldeasturias.com\/noticias\/wp-json\/wp\/v2\/posts\/952344\/revisions"}],"wp:attachment":[{"href":"https:\/\/www.eldigitaldeasturias.com\/noticias\/wp-json\/wp\/v2\/media?parent=952344"}],"wp:term":[{"taxonomy":"category","embeddable":true,"href":"https:\/\/www.eldigitaldeasturias.com\/noticias\/wp-json\/wp\/v2\/categories?post=952344"},{"taxonomy":"post_tag","embeddable":true,"href":"https:\/\/www.eldigitaldeasturias.com\/noticias\/wp-json\/wp\/v2\/tags?post=952344"}],"curies":[{"name":"wp","href":"https:\/\/api.w.org\/{rel}","templated":true}]}}