{"id":952335,"date":"2017-09-10T15:45:45","date_gmt":"2017-09-10T15:45:45","guid":{"rendered":"http:\/\/www.eldigitaldeasturias.com\/noticias\/?p=952335"},"modified":"2017-09-10T15:46:09","modified_gmt":"2017-09-10T15:46:09","slug":"javier-maroto-a-los-independentistas-se-les-ha-caido-la-careta","status":"publish","type":"post","link":"https:\/\/www.eldigitaldeasturias.com\/noticias\/javier-maroto-a-los-independentistas-se-les-ha-caido-la-careta\/","title":{"rendered":"Javier Maroto: \u00abA los independentistas se les ha ca\u00eddo la careta\u00bb"},"content":{"rendered":"<p><img loading=\"lazy\" decoding=\"async\" class=\"alignleft size-medium wp-image-952336\" src=\"https:\/\/www.eldigitaldeasturias.com\/noticias\/wp-content\/uploads\/2017\/09\/maroto-2-360x163.jpg\" alt=\"\" width=\"360\" height=\"163\" \/>El vicesecretario de Sectorial del Partido Popular, Javier Maroto, ha destacado que \u00abse\u00f1alando al que discrepa, coaccionando a alcaldes e imponiendo leyes no est\u00e1n consiguiendo una Catalu\u00f1a independiente, s\u00f3lo est\u00e1n consiguiendo que todo el mundo sepa que su modelo es una Catalu\u00f1a donde los ciudadanos nunca ser\u00edan libres. Parece de locos pero es cierto. Tan cierto como la respuesta contundente que van a recibir sin contemplaciones por parte del Estado de derecho y del Gobierno de Espa\u00f1a\u00bb.<\/p>\n<p>El dirigente popular ha afirmado que con su actuaci\u00f3n esta semana en el Parlamento de Catalu\u00f1a \u00aba los independentistas se les ha ca\u00eddo la careta y se les ha visto lo que hab\u00eda detr\u00e1s: sectarismo y falta de cultura democr\u00e1tica\u00bb. \u00abLo que ha sucedido es muy grave porque se han cargado el principio de legalidad, que es lo mismo que cargarse la propia voluntad de los ciudadanos y vulnerar sus derechos\u00bb, ha a\u00f1adido.<\/p>\n<p>Adem\u00e1s, Maroto ha explicado que los independentistas han liquidado su propio Estatuto y se han saltado sus propias reglas. \u00ab\u00bfC\u00f3mo pueden pedir estos se\u00f1ores respeto si son incapaces de respetarse a s\u00ed mismos y a las normas que ellos mismos han aprobado en su momento?, \u00bfeste es el Estado de derecho que proponen para una supuesta Catalu\u00f1a independiente?\u00bb, se ha preguntado.<\/p>\n<p><strong>PROCEDIMIENTO CON GARANT\u00cdAS<\/strong><\/p>\n<p>El vicesecretario del PP ha valorado que \u00abno llega antes el que corre m\u00e1s sino el que no se sale del camino. A diferencia de los independentistas que corren mucho, tropiezan y van dando tumbos, el Gobierno de Espa\u00f1a sigue un procedimiento que da garant\u00edas. Esa es la gran diferencia de la actuaci\u00f3n de unos respecto a la actuaci\u00f3n de los que creemos en la democracia y respetamos las reglas del juego. Seguir el procedimiento es lo que da garant\u00edas de que quien la hace la paga\u00bb.<\/p>\n<p><strong>20 MILLONES EN 2020<\/strong><\/p>\n<p>En otro orden de cosas, Maroto ha explicado que el gran reto del PP y del Gobierno es conseguir que en el a\u00f1o 2020 haya 20 millones de espa\u00f1oles trabajando. \u00abEste sigue siendo el principal reto que tiene el Gobierno porque el empleo es la principal preocupaci\u00f3n de los espa\u00f1oles. Y para conseguirlo hay que evitar que las pol\u00edticas que est\u00e1n funcionando se reviertan\u00bb, ha concluido.<\/p>\n<p>&nbsp;<\/p>\n","protected":false},"excerpt":{"rendered":"<p>El vicesecretario de Sectorial del Partido Popular, Javier Maroto, ha destacado que \u00abse\u00f1alando al que discrepa, coaccionando a alcaldes e imponiendo leyes no est\u00e1n consiguiendo una Catalu\u00f1a independiente, s\u00f3lo est\u00e1n consiguiendo que todo el mundo sepa que su modelo es una Catalu\u00f1a donde los ciudadanos nunca ser\u00edan libres. Parece de locos pero es cierto. Tan [&hellip;]<\/p>\n","protected":false},"author":1,"featured_media":952336,"comment_status":"closed","ping_status":"closed","sticky":false,"template":"","format":"standard","meta":{"footnotes":""},"categories":[1],"tags":[],"class_list":["post-952335","post","type-post","status-publish","format-standard","has-post-thumbnail","hentry","category-actualidad"],"aioseo_notices":[],"aioseo_head":"\n\t\t<!-- All in One SEO Pro 5.0.1 - aioseo.com -->\n\t<meta name=\"description\" content=\"El vicesecretario de Sectorial del Partido Popular, Javier Maroto, ha destacado que &quot;se\u00f1alando al que discrepa, coaccionando a alcaldes e imponiendo leyes no est\u00e1n consiguiendo una Catalu\u00f1a independiente, s\u00f3lo est\u00e1n consiguiendo que todo el mundo sepa que su modelo es una Catalu\u00f1a donde los ciudadanos nunca ser\u00edan libres. Parece de locos pero es cierto. Tan\" \/>\n\t<meta name=\"robots\" content=\"max-image-preview:large\" \/>\n\t<meta name=\"author\" content=\"El Digital de Asturias\"\/>\n\t<meta name=\"google-site-verification\" content=\"UA-38556648-1\" \/>\n\t<meta name=\"msvalidate.01\" content=\"7dfe9f3f1b24437ab69f4f2559babe99\" \/>\n\t<meta name=\"keywords\" content=\"actualidad\" \/>\n\t<link rel=\"canonical\" href=\"https:\/\/www.eldigitaldeasturias.com\/noticias\/javier-maroto-a-los-independentistas-se-les-ha-caido-la-careta\/\" \/>\n\t<meta name=\"generator\" content=\"All in One SEO Pro (AIOSEO) 5.0.1\" \/>\n\t\t<meta property=\"og:locale\" content=\"es_ES\" \/>\n\t\t<meta property=\"og:site_name\" content=\"El Digital de Asturias\" \/>\n\t\t<meta property=\"og:type\" content=\"article\" \/>\n\t\t<meta property=\"og:title\" content=\"Javier Maroto: \u00abA los independentistas se les ha ca\u00eddo la careta\u00bb - El Digital de Asturias\" \/>\n\t\t<meta property=\"og:description\" content=\"El vicesecretario de Sectorial del Partido Popular, Javier Maroto, ha destacado que &quot;se\u00f1alando al que discrepa, coaccionando a alcaldes e imponiendo leyes no est\u00e1n consiguiendo una Catalu\u00f1a independiente, s\u00f3lo est\u00e1n consiguiendo que todo el mundo sepa que su modelo es una Catalu\u00f1a donde los ciudadanos nunca ser\u00edan libres. Parece de locos pero es cierto. Tan\" \/>\n\t\t<meta property=\"og:url\" content=\"https:\/\/www.eldigitaldeasturias.com\/noticias\/javier-maroto-a-los-independentistas-se-les-ha-caido-la-careta\/\" \/>\n\t\t<meta property=\"article:tag\" content=\"actualidad\" \/>\n\t\t<meta property=\"article:published_time\" content=\"2017-09-10T15:45:45+00:00\" \/>\n\t\t<meta property=\"article:modified_time\" content=\"2017-09-10T15:46:09+00:00\" \/>\n\t\t<meta property=\"article:publisher\" content=\"https:\/\/facebook.com\/eldigitaldeasturias\" \/>\n\t\t<meta name=\"twitter:card\" content=\"summary_large_image\" \/>\n\t\t<meta name=\"twitter:title\" content=\"Javier Maroto: \u00abA los independentistas se les ha ca\u00eddo la careta\u00bb - El Digital de Asturias\" \/>\n\t\t<meta name=\"twitter:description\" content=\"El vicesecretario de Sectorial del Partido Popular, Javier Maroto, ha destacado que &quot;se\u00f1alando al que discrepa, coaccionando a alcaldes e imponiendo leyes no est\u00e1n consiguiendo una Catalu\u00f1a independiente, s\u00f3lo est\u00e1n consiguiendo que todo el mundo sepa que su modelo es una Catalu\u00f1a donde los ciudadanos nunca ser\u00edan libres. Parece de locos pero es cierto. Tan\" \/>\n\t\t<meta name=\"twitter:image\" content=\"https:\/\/www.eldigitaldeasturias.com\/noticias\/wp-content\/uploads\/2020\/12\/EDA-1.jpg\" \/>\n\t\t<meta name=\"twitter:label1\" content=\"Escrito por\" \/>\n\t\t<meta name=\"twitter:data1\" content=\"El Digital de Asturias\" \/>\n\t\t<meta name=\"twitter:label2\" content=\"Tiempo de lectura estimado\" \/>\n\t\t<meta name=\"twitter:data2\" content=\"2 minutos\" \/>\n\t\t<script type=\"application\/ld+json\" class=\"aioseo-schema\">\n\t\t\t{\"@context\":\"https:\\\/\\\/schema.org\",\"@graph\":[{\"@type\":\"BlogPosting\",\"@id\":\"https:\\\/\\\/www.eldigitaldeasturias.com\\\/noticias\\\/javier-maroto-a-los-independentistas-se-les-ha-caido-la-careta\\\/#blogposting\",\"name\":\"Javier Maroto: \\u00abA los independentistas se les ha ca\\u00eddo la careta\\u00bb - El Digital de Asturias\",\"headline\":\"Javier Maroto: \\u00abA los independentistas se les ha ca\\u00eddo la careta\\u00bb\",\"author\":{\"@id\":\"https:\\\/\\\/www.eldigitaldeasturias.com\\\/noticias\\\/author\\\/admin\\\/#author\"},\"publisher\":{\"@id\":\"https:\\\/\\\/www.eldigitaldeasturias.com\\\/noticias\\\/#organization\"},\"image\":{\"@type\":\"ImageObject\",\"url\":952336},\"datePublished\":\"2017-09-10T15:45:45+02:00\",\"dateModified\":\"2017-09-10T15:46:09+02:00\",\"inLanguage\":\"es-ES\",\"mainEntityOfPage\":{\"@id\":\"https:\\\/\\\/www.eldigitaldeasturias.com\\\/noticias\\\/javier-maroto-a-los-independentistas-se-les-ha-caido-la-careta\\\/#webpage\"},\"isPartOf\":{\"@id\":\"https:\\\/\\\/www.eldigitaldeasturias.com\\\/noticias\\\/javier-maroto-a-los-independentistas-se-les-ha-caido-la-careta\\\/#webpage\"},\"articleSection\":\"Actualidad\"},{\"@type\":\"BreadcrumbList\",\"@id\":\"https:\\\/\\\/www.eldigitaldeasturias.com\\\/noticias\\\/javier-maroto-a-los-independentistas-se-les-ha-caido-la-careta\\\/#breadcrumblist\",\"itemListElement\":[{\"@type\":\"ListItem\",\"@id\":\"https:\\\/\\\/www.eldigitaldeasturias.com\\\/noticias#listItem\",\"position\":1,\"name\":\"Home\",\"item\":\"https:\\\/\\\/www.eldigitaldeasturias.com\\\/noticias\",\"nextItem\":{\"@type\":\"ListItem\",\"@id\":\"https:\\\/\\\/www.eldigitaldeasturias.com\\\/noticias\\\/category\\\/actualidad\\\/#listItem\",\"name\":\"Actualidad\"}},{\"@type\":\"ListItem\",\"@id\":\"https:\\\/\\\/www.eldigitaldeasturias.com\\\/noticias\\\/category\\\/actualidad\\\/#listItem\",\"position\":2,\"name\":\"Actualidad\",\"item\":\"https:\\\/\\\/www.eldigitaldeasturias.com\\\/noticias\\\/category\\\/actualidad\\\/\",\"nextItem\":{\"@type\":\"ListItem\",\"@id\":\"https:\\\/\\\/www.eldigitaldeasturias.com\\\/noticias\\\/javier-maroto-a-los-independentistas-se-les-ha-caido-la-careta\\\/#listItem\",\"name\":\"Javier Maroto: \\u00abA los independentistas se les ha ca\\u00eddo la careta\\u00bb\"},\"previousItem\":{\"@type\":\"ListItem\",\"@id\":\"https:\\\/\\\/www.eldigitaldeasturias.com\\\/noticias#listItem\",\"name\":\"Home\"}},{\"@type\":\"ListItem\",\"@id\":\"https:\\\/\\\/www.eldigitaldeasturias.com\\\/noticias\\\/javier-maroto-a-los-independentistas-se-les-ha-caido-la-careta\\\/#listItem\",\"position\":3,\"name\":\"Javier Maroto: \\u00abA los independentistas se les ha ca\\u00eddo la careta\\u00bb\",\"previousItem\":{\"@type\":\"ListItem\",\"@id\":\"https:\\\/\\\/www.eldigitaldeasturias.com\\\/noticias\\\/category\\\/actualidad\\\/#listItem\",\"name\":\"Actualidad\"}}]},{\"@type\":\"Organization\",\"@id\":\"https:\\\/\\\/www.eldigitaldeasturias.com\\\/noticias\\\/#organization\",\"name\":\"El Digital de Asturias\",\"description\":\"Hemeroteca\",\"url\":\"https:\\\/\\\/www.eldigitaldeasturias.com\\\/noticias\\\/\",\"email\":\"info@eldigitaldeasturias.com\",\"telephone\":\"+34652131393\",\"logo\":{\"@type\":\"ImageObject\",\"url\":\"https:\\\/\\\/www.eldigitaldeasturias.com\\\/noticias\\\/wp-content\\\/uploads\\\/2020\\\/12\\\/EDA.jpg\",\"@id\":\"https:\\\/\\\/www.eldigitaldeasturias.com\\\/noticias\\\/javier-maroto-a-los-independentistas-se-les-ha-caido-la-careta\\\/#organizationLogo\"},\"image\":{\"@id\":\"https:\\\/\\\/www.eldigitaldeasturias.com\\\/noticias\\\/javier-maroto-a-los-independentistas-se-les-ha-caido-la-careta\\\/#organizationLogo\"},\"sameAs\":[\"https:\\\/\\\/facebook.com\\\/eldigitaldeasturias\",\"https:\\\/\\\/www.youtube.com\\\/channel\\\/UCZP-2wLEB9Rv6erhFmqVnvg\"],\"address\":{\"@id\":\"https:\\\/\\\/www.eldigitaldeasturias.com\\\/noticias\\\/#postaladdress\",\"@type\":\"PostalAddress\",\"streetAddress\":\"san antonio 4\",\"postalCode\":\"33430\",\"addressLocality\":\"Cand\\u00e1s\",\"addressRegion\":\"Asturias\",\"addressCountry\":\"ES\"}},{\"@type\":\"Person\",\"@id\":\"https:\\\/\\\/www.eldigitaldeasturias.com\\\/noticias\\\/author\\\/admin\\\/#author\",\"url\":\"https:\\\/\\\/www.eldigitaldeasturias.com\\\/noticias\\\/author\\\/admin\\\/\",\"name\":\"El Digital de Asturias\",\"image\":{\"@type\":\"ImageObject\",\"@id\":\"https:\\\/\\\/www.eldigitaldeasturias.com\\\/noticias\\\/javier-maroto-a-los-independentistas-se-les-ha-caido-la-careta\\\/#authorImage\",\"url\":\"https:\\\/\\\/secure.gravatar.com\\\/avatar\\\/df2aeffc32bcd13f8d26072ef8a91b623d677766deac7f97ca815868cd41bf5e?s=96&d=mm&r=g\",\"width\":96,\"height\":96,\"caption\":\"El Digital de Asturias\"}},{\"@type\":\"WebPage\",\"@id\":\"https:\\\/\\\/www.eldigitaldeasturias.com\\\/noticias\\\/javier-maroto-a-los-independentistas-se-les-ha-caido-la-careta\\\/#webpage\",\"url\":\"https:\\\/\\\/www.eldigitaldeasturias.com\\\/noticias\\\/javier-maroto-a-los-independentistas-se-les-ha-caido-la-careta\\\/\",\"name\":\"Javier Maroto: \\u00abA los independentistas se les ha ca\\u00eddo la careta\\u00bb - El Digital de Asturias\",\"description\":\"El vicesecretario de Sectorial del Partido Popular, Javier Maroto, ha destacado que \\\"se\\u00f1alando al que discrepa, coaccionando a alcaldes e imponiendo leyes no est\\u00e1n consiguiendo una Catalu\\u00f1a independiente, s\\u00f3lo est\\u00e1n consiguiendo que todo el mundo sepa que su modelo es una Catalu\\u00f1a donde los ciudadanos nunca ser\\u00edan libres. Parece de locos pero es cierto. Tan\",\"inLanguage\":\"es-ES\",\"isPartOf\":{\"@id\":\"https:\\\/\\\/www.eldigitaldeasturias.com\\\/noticias\\\/#website\"},\"breadcrumb\":{\"@id\":\"https:\\\/\\\/www.eldigitaldeasturias.com\\\/noticias\\\/javier-maroto-a-los-independentistas-se-les-ha-caido-la-careta\\\/#breadcrumblist\"},\"author\":{\"@id\":\"https:\\\/\\\/www.eldigitaldeasturias.com\\\/noticias\\\/author\\\/admin\\\/#author\"},\"creator\":{\"@id\":\"https:\\\/\\\/www.eldigitaldeasturias.com\\\/noticias\\\/author\\\/admin\\\/#author\"},\"image\":{\"@type\":\"ImageObject\",\"url\":952336,\"@id\":\"https:\\\/\\\/www.eldigitaldeasturias.com\\\/noticias\\\/javier-maroto-a-los-independentistas-se-les-ha-caido-la-careta\\\/#mainImage\"},\"primaryImageOfPage\":{\"@id\":\"https:\\\/\\\/www.eldigitaldeasturias.com\\\/noticias\\\/javier-maroto-a-los-independentistas-se-les-ha-caido-la-careta\\\/#mainImage\"},\"datePublished\":\"2017-09-10T15:45:45+02:00\",\"dateModified\":\"2017-09-10T15:46:09+02:00\"},{\"@type\":\"WebSite\",\"@id\":\"https:\\\/\\\/www.eldigitaldeasturias.com\\\/noticias\\\/#website\",\"url\":\"https:\\\/\\\/www.eldigitaldeasturias.com\\\/noticias\\\/\",\"name\":\"El Digital de Asturias - Diario de actualidad y noticias\",\"alternateName\":\"El Digital de Asturias - Diario de actualidad y noticias\",\"description\":\"Hemeroteca\",\"inLanguage\":\"es-ES\",\"publisher\":{\"@id\":\"https:\\\/\\\/www.eldigitaldeasturias.com\\\/noticias\\\/#organization\"}}]}\n\t\t<\/script>\n\t\t<!-- All in One SEO Pro -->\r\n\t\t<title>Javier Maroto: \u00abA los independentistas se les ha ca\u00eddo la careta\u00bb - El Digital de Asturias<\/title>\n\n","aioseo_head_json":{"title":"Javier Maroto: \u00abA los independentistas se les ha ca\u00eddo la careta\u00bb - El Digital de Asturias","description":"El vicesecretario de Sectorial del Partido Popular, Javier Maroto, ha destacado que \"se\u00f1alando al que discrepa, coaccionando a alcaldes e imponiendo leyes no est\u00e1n consiguiendo una Catalu\u00f1a independiente, s\u00f3lo est\u00e1n consiguiendo que todo el mundo sepa que su modelo es una Catalu\u00f1a donde los ciudadanos nunca ser\u00edan libres. Parece de locos pero es cierto. Tan","canonical_url":"https:\/\/www.eldigitaldeasturias.com\/noticias\/javier-maroto-a-los-independentistas-se-les-ha-caido-la-careta\/","robots":"max-image-preview:large","keywords":"actualidad","webmasterTools":{"google-site-verification":"UA-38556648-1","msvalidate.01":"7dfe9f3f1b24437ab69f4f2559babe99","miscellaneous":""},"schema":{"@context":"https:\/\/schema.org","@graph":[{"@type":"BlogPosting","@id":"https:\/\/www.eldigitaldeasturias.com\/noticias\/javier-maroto-a-los-independentistas-se-les-ha-caido-la-careta\/#blogposting","name":"Javier Maroto: \u00abA los independentistas se les ha ca\u00eddo la careta\u00bb - El Digital de Asturias","headline":"Javier Maroto: \u00abA los independentistas se les ha ca\u00eddo la careta\u00bb","author":{"@id":"https:\/\/www.eldigitaldeasturias.com\/noticias\/author\/admin\/#author"},"publisher":{"@id":"https:\/\/www.eldigitaldeasturias.com\/noticias\/#organization"},"image":{"@type":"ImageObject","url":952336},"datePublished":"2017-09-10T15:45:45+02:00","dateModified":"2017-09-10T15:46:09+02:00","inLanguage":"es-ES","mainEntityOfPage":{"@id":"https:\/\/www.eldigitaldeasturias.com\/noticias\/javier-maroto-a-los-independentistas-se-les-ha-caido-la-careta\/#webpage"},"isPartOf":{"@id":"https:\/\/www.eldigitaldeasturias.com\/noticias\/javier-maroto-a-los-independentistas-se-les-ha-caido-la-careta\/#webpage"},"articleSection":"Actualidad"},{"@type":"BreadcrumbList","@id":"https:\/\/www.eldigitaldeasturias.com\/noticias\/javier-maroto-a-los-independentistas-se-les-ha-caido-la-careta\/#breadcrumblist","itemListElement":[{"@type":"ListItem","@id":"https:\/\/www.eldigitaldeasturias.com\/noticias#listItem","position":1,"name":"Home","item":"https:\/\/www.eldigitaldeasturias.com\/noticias","nextItem":{"@type":"ListItem","@id":"https:\/\/www.eldigitaldeasturias.com\/noticias\/category\/actualidad\/#listItem","name":"Actualidad"}},{"@type":"ListItem","@id":"https:\/\/www.eldigitaldeasturias.com\/noticias\/category\/actualidad\/#listItem","position":2,"name":"Actualidad","item":"https:\/\/www.eldigitaldeasturias.com\/noticias\/category\/actualidad\/","nextItem":{"@type":"ListItem","@id":"https:\/\/www.eldigitaldeasturias.com\/noticias\/javier-maroto-a-los-independentistas-se-les-ha-caido-la-careta\/#listItem","name":"Javier Maroto: \u00abA los independentistas se les ha ca\u00eddo la careta\u00bb"},"previousItem":{"@type":"ListItem","@id":"https:\/\/www.eldigitaldeasturias.com\/noticias#listItem","name":"Home"}},{"@type":"ListItem","@id":"https:\/\/www.eldigitaldeasturias.com\/noticias\/javier-maroto-a-los-independentistas-se-les-ha-caido-la-careta\/#listItem","position":3,"name":"Javier Maroto: \u00abA los independentistas se les ha ca\u00eddo la careta\u00bb","previousItem":{"@type":"ListItem","@id":"https:\/\/www.eldigitaldeasturias.com\/noticias\/category\/actualidad\/#listItem","name":"Actualidad"}}]},{"@type":"Organization","@id":"https:\/\/www.eldigitaldeasturias.com\/noticias\/#organization","name":"El Digital de Asturias","description":"Hemeroteca","url":"https:\/\/www.eldigitaldeasturias.com\/noticias\/","email":"info@eldigitaldeasturias.com","telephone":"+34652131393","logo":{"@type":"ImageObject","url":"https:\/\/www.eldigitaldeasturias.com\/noticias\/wp-content\/uploads\/2020\/12\/EDA.jpg","@id":"https:\/\/www.eldigitaldeasturias.com\/noticias\/javier-maroto-a-los-independentistas-se-les-ha-caido-la-careta\/#organizationLogo"},"image":{"@id":"https:\/\/www.eldigitaldeasturias.com\/noticias\/javier-maroto-a-los-independentistas-se-les-ha-caido-la-careta\/#organizationLogo"},"sameAs":["https:\/\/facebook.com\/eldigitaldeasturias","https:\/\/www.youtube.com\/channel\/UCZP-2wLEB9Rv6erhFmqVnvg"],"address":{"@id":"https:\/\/www.eldigitaldeasturias.com\/noticias\/#postaladdress","@type":"PostalAddress","streetAddress":"san antonio 4","postalCode":"33430","addressLocality":"Cand\u00e1s","addressRegion":"Asturias","addressCountry":"ES"}},{"@type":"Person","@id":"https:\/\/www.eldigitaldeasturias.com\/noticias\/author\/admin\/#author","url":"https:\/\/www.eldigitaldeasturias.com\/noticias\/author\/admin\/","name":"El Digital de Asturias","image":{"@type":"ImageObject","@id":"https:\/\/www.eldigitaldeasturias.com\/noticias\/javier-maroto-a-los-independentistas-se-les-ha-caido-la-careta\/#authorImage","url":"https:\/\/secure.gravatar.com\/avatar\/df2aeffc32bcd13f8d26072ef8a91b623d677766deac7f97ca815868cd41bf5e?s=96&d=mm&r=g","width":96,"height":96,"caption":"El Digital de Asturias"}},{"@type":"WebPage","@id":"https:\/\/www.eldigitaldeasturias.com\/noticias\/javier-maroto-a-los-independentistas-se-les-ha-caido-la-careta\/#webpage","url":"https:\/\/www.eldigitaldeasturias.com\/noticias\/javier-maroto-a-los-independentistas-se-les-ha-caido-la-careta\/","name":"Javier Maroto: \u00abA los independentistas se les ha ca\u00eddo la careta\u00bb - El Digital de Asturias","description":"El vicesecretario de Sectorial del Partido Popular, Javier Maroto, ha destacado que \"se\u00f1alando al que discrepa, coaccionando a alcaldes e imponiendo leyes no est\u00e1n consiguiendo una Catalu\u00f1a independiente, s\u00f3lo est\u00e1n consiguiendo que todo el mundo sepa que su modelo es una Catalu\u00f1a donde los ciudadanos nunca ser\u00edan libres. Parece de locos pero es cierto. Tan","inLanguage":"es-ES","isPartOf":{"@id":"https:\/\/www.eldigitaldeasturias.com\/noticias\/#website"},"breadcrumb":{"@id":"https:\/\/www.eldigitaldeasturias.com\/noticias\/javier-maroto-a-los-independentistas-se-les-ha-caido-la-careta\/#breadcrumblist"},"author":{"@id":"https:\/\/www.eldigitaldeasturias.com\/noticias\/author\/admin\/#author"},"creator":{"@id":"https:\/\/www.eldigitaldeasturias.com\/noticias\/author\/admin\/#author"},"image":{"@type":"ImageObject","url":952336,"@id":"https:\/\/www.eldigitaldeasturias.com\/noticias\/javier-maroto-a-los-independentistas-se-les-ha-caido-la-careta\/#mainImage"},"primaryImageOfPage":{"@id":"https:\/\/www.eldigitaldeasturias.com\/noticias\/javier-maroto-a-los-independentistas-se-les-ha-caido-la-careta\/#mainImage"},"datePublished":"2017-09-10T15:45:45+02:00","dateModified":"2017-09-10T15:46:09+02:00"},{"@type":"WebSite","@id":"https:\/\/www.eldigitaldeasturias.com\/noticias\/#website","url":"https:\/\/www.eldigitaldeasturias.com\/noticias\/","name":"El Digital de Asturias - Diario de actualidad y noticias","alternateName":"El Digital de Asturias - Diario de actualidad y noticias","description":"Hemeroteca","inLanguage":"es-ES","publisher":{"@id":"https:\/\/www.eldigitaldeasturias.com\/noticias\/#organization"}}]},"og:locale":"es_ES","og:site_name":"El Digital de Asturias","og:type":"article","og:title":"Javier Maroto: \u00abA los independentistas se les ha ca\u00eddo la careta\u00bb - El Digital de Asturias","og:description":"El vicesecretario de Sectorial del Partido Popular, Javier Maroto, ha destacado que &quot;se\u00f1alando al que discrepa, coaccionando a alcaldes e imponiendo leyes no est\u00e1n consiguiendo una Catalu\u00f1a independiente, s\u00f3lo est\u00e1n consiguiendo que todo el mundo sepa que su modelo es una Catalu\u00f1a donde los ciudadanos nunca ser\u00edan libres. Parece de locos pero es cierto. Tan","og:url":"https:\/\/www.eldigitaldeasturias.com\/noticias\/javier-maroto-a-los-independentistas-se-les-ha-caido-la-careta\/","article:tag":["actualidad"],"article:published_time":"2017-09-10T15:45:45+00:00","article:modified_time":"2017-09-10T15:46:09+00:00","article:publisher":"https:\/\/facebook.com\/eldigitaldeasturias","twitter:card":"summary_large_image","twitter:title":"Javier Maroto: \u00abA los independentistas se les ha ca\u00eddo la careta\u00bb - El Digital de Asturias","twitter:description":"El vicesecretario de Sectorial del Partido Popular, Javier Maroto, ha destacado que &quot;se\u00f1alando al que discrepa, coaccionando a alcaldes e imponiendo leyes no est\u00e1n consiguiendo una Catalu\u00f1a independiente, s\u00f3lo est\u00e1n consiguiendo que todo el mundo sepa que su modelo es una Catalu\u00f1a donde los ciudadanos nunca ser\u00edan libres. Parece de locos pero es cierto. Tan","twitter:image":"https:\/\/www.eldigitaldeasturias.com\/noticias\/wp-content\/uploads\/2020\/12\/EDA-1.jpg","twitter:label1":"Escrito por","twitter:data1":"El Digital de Asturias","twitter:label2":"Tiempo de lectura estimado","twitter:data2":"2 minutos"},"aioseo_meta_data":{"post_id":"952335","title":null,"description":null,"keywords":null,"keyphrases":null,"primary_term":null,"canonical_url":null,"og_title":null,"og_description":null,"og_object_type":"default","og_image_type":"default","og_image_url":null,"og_image_width":null,"og_image_height":null,"og_image_custom_url":null,"og_image_custom_fields":null,"og_video":null,"og_custom_url":null,"og_article_section":null,"og_article_tags":null,"twitter_use_og":false,"twitter_card":"default","twitter_image_type":"default","twitter_image_url":null,"twitter_image_custom_url":null,"twitter_image_custom_fields":null,"twitter_title":null,"twitter_description":null,"schema":{"blockGraphs":[],"customGraphs":[],"default":{"data":{"Article":[],"Course":[],"Dataset":[],"FAQPage":[],"Movie":[],"Person":[],"Product":[],"ProductReview":[],"Car":[],"Recipe":[],"Service":[],"SoftwareApplication":[],"WebPage":[]},"graphName":"","isEnabled":true},"graphs":[],"defaultGraph":"","defaultPostTypeGraph":""},"schema_type":null,"schema_type_options":null,"pillar_content":false,"robots_default":true,"robots_noindex":false,"robots_noarchive":false,"robots_nosnippet":false,"robots_nofollow":false,"robots_noimageindex":false,"robots_noodp":false,"robots_notranslate":false,"robots_max_snippet":null,"robots_max_videopreview":null,"robots_max_imagepreview":"large","priority":null,"frequency":null,"local_seo":null,"seo_analyzer_scan_date":"2025-12-05 22:29:34","breadcrumb_settings":null,"limit_modified_date":false,"open_ai":null,"ai":null,"created":"2020-12-21 12:57:41","updated":"2025-12-05 22:29:34","focus_keyword":null,"additional_keywords":null,"truseo_locale":null},"aioseo_breadcrumb":"<div class=\"aioseo-breadcrumbs\"><span class=\"aioseo-breadcrumb\">\n\t<a href=\"https:\/\/www.eldigitaldeasturias.com\/noticias\" title=\"Home\">Home<\/a>\n<\/span><span class=\"aioseo-breadcrumb-separator\">\u2013<\/span><span class=\"aioseo-breadcrumb\">\n\t<a href=\"https:\/\/www.eldigitaldeasturias.com\/noticias\/category\/actualidad\/\" title=\"Actualidad\">Actualidad<\/a>\n<\/span><span class=\"aioseo-breadcrumb-separator\">\u2013<\/span><span class=\"aioseo-breadcrumb\">\n\t<a href=\"https:\/\/www.eldigitaldeasturias.com\/noticias\/javier-maroto-a-los-independentistas-se-les-ha-caido-la-careta\/\" title=\"Javier Maroto: \u00abA los independentistas se les ha ca\u00eddo la careta\u00bb\">Javier Maroto: \u00abA los independentistas se les ha ca\u00eddo la careta\u00bb<\/a>\n<\/span><\/div>","aioseo_breadcrumb_json":[{"label":"Home","link":"https:\/\/www.eldigitaldeasturias.com\/noticias"},{"label":"Actualidad","link":"https:\/\/www.eldigitaldeasturias.com\/noticias\/category\/actualidad\/"},{"label":"Javier Maroto: \u00abA los independentistas se les ha ca\u00eddo la careta\u00bb","link":"https:\/\/www.eldigitaldeasturias.com\/noticias\/javier-maroto-a-los-independentistas-se-les-ha-caido-la-careta\/"}],"_links":{"self":[{"href":"https:\/\/www.eldigitaldeasturias.com\/noticias\/wp-json\/wp\/v2\/posts\/952335","targetHints":{"allow":["GET"]}}],"collection":[{"href":"https:\/\/www.eldigitaldeasturias.com\/noticias\/wp-json\/wp\/v2\/posts"}],"about":[{"href":"https:\/\/www.eldigitaldeasturias.com\/noticias\/wp-json\/wp\/v2\/types\/post"}],"author":[{"embeddable":true,"href":"https:\/\/www.eldigitaldeasturias.com\/noticias\/wp-json\/wp\/v2\/users\/1"}],"replies":[{"embeddable":true,"href":"https:\/\/www.eldigitaldeasturias.com\/noticias\/wp-json\/wp\/v2\/comments?post=952335"}],"version-history":[{"count":0,"href":"https:\/\/www.eldigitaldeasturias.com\/noticias\/wp-json\/wp\/v2\/posts\/952335\/revisions"}],"wp:attachment":[{"href":"https:\/\/www.eldigitaldeasturias.com\/noticias\/wp-json\/wp\/v2\/media?parent=952335"}],"wp:term":[{"taxonomy":"category","embeddable":true,"href":"https:\/\/www.eldigitaldeasturias.com\/noticias\/wp-json\/wp\/v2\/categories?post=952335"},{"taxonomy":"post_tag","embeddable":true,"href":"https:\/\/www.eldigitaldeasturias.com\/noticias\/wp-json\/wp\/v2\/tags?post=952335"}],"curies":[{"name":"wp","href":"https:\/\/api.w.org\/{rel}","templated":true}]}}