{"id":952327,"date":"2017-09-10T15:40:17","date_gmt":"2017-09-10T15:40:17","guid":{"rendered":"http:\/\/www.eldigitaldeasturias.com\/noticias\/?p=952327"},"modified":"2017-09-10T15:40:17","modified_gmt":"2017-09-10T15:40:17","slug":"rajoy-se-mantiene-firme-frente-a-los-separatistas","status":"publish","type":"post","link":"https:\/\/www.eldigitaldeasturias.com\/noticias\/rajoy-se-mantiene-firme-frente-a-los-separatistas\/","title":{"rendered":"Rajoy se mantiene firme frente a los separatistas"},"content":{"rendered":"<p><img loading=\"lazy\" decoding=\"async\" class=\"alignleft size-medium wp-image-952328\" src=\"https:\/\/www.eldigitaldeasturias.com\/noticias\/wp-content\/uploads\/2017\/09\/20170909-360x163.jpg\" alt=\"\" width=\"360\" height=\"163\" \/>El presidente del Gobierno y del Partido Popular, Mariano Rajoy, ha afirmado que tiene clara que su obligaci\u00f3n como presidente de todos los espa\u00f1oles es \u00abcumplir la ley y hacerla cumplir\u00bb.<\/p>\n<p>Por ello, ha aseverado \u00abno habr\u00e1 refer\u00e9ndum y har\u00e9 todo lo que sea necesario para ello, porque es mi obligaci\u00f3n y no voy a abdicar como presidente del Gobierno de cumplir lo m\u00e1s importante que me han encargado los espa\u00f1oles: que preserve la unidad nacional\u00bb.<\/p>\n<p>\u00abVamos a responder con firmeza, inteligencia, aplomo, proporcionalidad, serenidad y con la rapidez necesaria. El Estado de Derecho implica procedimientos y respeto a los mismos, eso es lo que nos diferencia de ellos. Mientras ellos corren salt\u00e1ndose los procedimientos y alej\u00e1ndose de la democracia, nosotros nos atenemos a las formas y a los procedimientos democr\u00e1ticos. En democracia no llega m\u00e1s lejos quien m\u00e1s corre, sino quien no se desv\u00eda del buen camino\u00bb, ha se\u00f1alado.<\/p>\n<p><strong>APOYO A LOS ALCALDES QUE RESPETAN LA LEY<\/strong><\/p>\n<p>El l\u00edder del PP ha lanzado un mensaje de apoyo a todos los alcaldes que se han negado, cumpliendo con la legislaci\u00f3n, a celebrar cualquier tipo de consulta ilegal en sus municipios. \u00abNos vamos a solidarizar y queremos que sientan nuestro apoyo todos esos alcaldes de Catalu\u00f1a\u00bb, de los cuales Puigdemont dijo que sus vecinos les interpelar\u00e1n por la calle.<\/p>\n<p>\u00abLos alcaldes tienen detr\u00e1s a mucha gente y cuentan con el Estado. Cumplir con su obligaci\u00f3n ser\u00e1 lo que les d\u00e9 tranquilidad a ellos y a la inmensa mayor\u00eda de sus vecinos. Que sepan que estamos con ellos\u00bb, ha subrayado.<\/p>\n<p><strong>PARAR EL REFER\u00c9NDUM<\/strong><\/p>\n<p>Mariano Rajoy ha insistido en que se evitar\u00edan \u00abmales mayores\u00bb si los que promueven este refer\u00e9ndum desistieran de su intento, porque \u00abest\u00e1n menospreciando la fuerza de la democracia y de las instituciones espa\u00f1olas, europeas y catalanas\u00bb, as\u00ed como al conjunto de los espa\u00f1oles, y de manera especial a los catalanes.<\/p>\n<p>En este sentido, ha reiterado que \u00abcumpliendo con nuestra obligaci\u00f3n, vamos a defender la democracia, la libertad y los derechos de tanta gente que est\u00e1n liquid\u00e1ndose a la brava\u00bb.<\/p>\n<p><strong>LA IMPORTANCIA DE LOS AYUNTAMIENTOS<\/strong><\/p>\n<p>El presidente del PP que querido ensalzar el trabajo que realizan los alcaldes del PP en toda Espa\u00f1a, porque el PP es el primer partido de Espa\u00f1a. En todos los pueblos y ciudades de Espa\u00f1a siempre hay alguien dispuesto a levantar la bandera de PP.<\/p>\n<p>\u00abGente dispuesta a trabajar que a partir de mayo de 2019 haya m\u00e1s alcaldes y concejales, cuando se celebren las elecciones municipales en toda Espa\u00f1a. Estas elecciones se ganan trabajando, con esfuerzo, dedicaci\u00f3n, estando con la gente y convenci\u00e9ndola\u00bb, ha destacado.<\/p>\n<p><strong>ESPA\u00d1A A LA CABEZA DE LA UNI\u00d3N EUROPEA<\/strong><\/p>\n<p>El presidente del PP se ha referido a los datos de los tres \u00faltimos a\u00f1os de crecimiento econ\u00f3mico en la Uni\u00f3n Europea, con Espa\u00f1a a la cabeza, al tiempo que ha recordado que nuestro pa\u00eds fue el que m\u00e1s empleo cre\u00f3 el pasado ejercicio.<\/p>\n<p>En este contexto, Rajoy ha pedido un esfuerzo al PSOE en materia de financiaci\u00f3n auton\u00f3mica, porque no \u00e9ste no puede aprobarse sin el acuerdo de, al menos, los dos grandes partidos nacionales: PP y PSOE. \u00abQueremos pactarlo y se puede hacer, por eso el PSOE tiene la misma responsabilidad que nosotros\u00bb, ha concluido.<\/p>\n<p>&nbsp;<\/p>\n","protected":false},"excerpt":{"rendered":"<p>El presidente del Gobierno y del Partido Popular, Mariano Rajoy, ha afirmado que tiene clara que su obligaci\u00f3n como presidente de todos los espa\u00f1oles es \u00abcumplir la ley y hacerla cumplir\u00bb. Por ello, ha aseverado \u00abno habr\u00e1 refer\u00e9ndum y har\u00e9 todo lo que sea necesario para ello, porque es mi obligaci\u00f3n y no voy a [&hellip;]<\/p>\n","protected":false},"author":1,"featured_media":952328,"comment_status":"closed","ping_status":"closed","sticky":false,"template":"","format":"standard","meta":{"footnotes":""},"categories":[1],"tags":[],"class_list":["post-952327","post","type-post","status-publish","format-standard","has-post-thumbnail","hentry","category-actualidad"],"aioseo_notices":[],"aioseo_head":"\n\t\t<!-- All in One SEO Pro 5.0.1 - aioseo.com -->\n\t<meta name=\"description\" content=\"El presidente del Gobierno y del Partido Popular, Mariano Rajoy, ha afirmado que tiene clara que su obligaci\u00f3n como presidente de todos los espa\u00f1oles es &quot;cumplir la ley y hacerla cumplir&quot;. Por ello, ha aseverado &quot;no habr\u00e1 refer\u00e9ndum y har\u00e9 todo lo que sea necesario para ello, porque es mi obligaci\u00f3n y no voy a\" \/>\n\t<meta name=\"robots\" content=\"max-image-preview:large\" \/>\n\t<meta name=\"author\" content=\"El Digital de Asturias\"\/>\n\t<meta name=\"google-site-verification\" content=\"UA-38556648-1\" \/>\n\t<meta name=\"msvalidate.01\" content=\"7dfe9f3f1b24437ab69f4f2559babe99\" \/>\n\t<meta name=\"keywords\" content=\"actualidad\" \/>\n\t<link rel=\"canonical\" href=\"https:\/\/www.eldigitaldeasturias.com\/noticias\/rajoy-se-mantiene-firme-frente-a-los-separatistas\/\" \/>\n\t<meta name=\"generator\" content=\"All in One SEO Pro (AIOSEO) 5.0.1\" \/>\n\t\t<meta property=\"og:locale\" content=\"es_ES\" \/>\n\t\t<meta property=\"og:site_name\" content=\"El Digital de Asturias\" \/>\n\t\t<meta property=\"og:type\" content=\"article\" \/>\n\t\t<meta property=\"og:title\" content=\"Rajoy se mantiene firme frente a los separatistas - El Digital de Asturias\" \/>\n\t\t<meta property=\"og:description\" content=\"El presidente del Gobierno y del Partido Popular, Mariano Rajoy, ha afirmado que tiene clara que su obligaci\u00f3n como presidente de todos los espa\u00f1oles es &quot;cumplir la ley y hacerla cumplir&quot;. Por ello, ha aseverado &quot;no habr\u00e1 refer\u00e9ndum y har\u00e9 todo lo que sea necesario para ello, porque es mi obligaci\u00f3n y no voy a\" \/>\n\t\t<meta property=\"og:url\" content=\"https:\/\/www.eldigitaldeasturias.com\/noticias\/rajoy-se-mantiene-firme-frente-a-los-separatistas\/\" \/>\n\t\t<meta property=\"article:tag\" content=\"actualidad\" \/>\n\t\t<meta property=\"article:published_time\" content=\"2017-09-10T15:40:17+00:00\" \/>\n\t\t<meta property=\"article:modified_time\" content=\"2017-09-10T15:40:17+00:00\" \/>\n\t\t<meta property=\"article:publisher\" content=\"https:\/\/facebook.com\/eldigitaldeasturias\" \/>\n\t\t<meta name=\"twitter:card\" content=\"summary_large_image\" \/>\n\t\t<meta name=\"twitter:title\" content=\"Rajoy se mantiene firme frente a los separatistas - El Digital de Asturias\" \/>\n\t\t<meta name=\"twitter:description\" content=\"El presidente del Gobierno y del Partido Popular, Mariano Rajoy, ha afirmado que tiene clara que su obligaci\u00f3n como presidente de todos los espa\u00f1oles es &quot;cumplir la ley y hacerla cumplir&quot;. Por ello, ha aseverado &quot;no habr\u00e1 refer\u00e9ndum y har\u00e9 todo lo que sea necesario para ello, porque es mi obligaci\u00f3n y no voy a\" \/>\n\t\t<meta name=\"twitter:image\" content=\"https:\/\/www.eldigitaldeasturias.com\/noticias\/wp-content\/uploads\/2020\/12\/EDA-1.jpg\" \/>\n\t\t<meta name=\"twitter:label1\" content=\"Escrito por\" \/>\n\t\t<meta name=\"twitter:data1\" content=\"El Digital de Asturias\" \/>\n\t\t<meta name=\"twitter:label2\" content=\"Tiempo de lectura estimado\" \/>\n\t\t<meta name=\"twitter:data2\" content=\"3 minutos\" \/>\n\t\t<script type=\"application\/ld+json\" class=\"aioseo-schema\">\n\t\t\t{\"@context\":\"https:\\\/\\\/schema.org\",\"@graph\":[{\"@type\":\"BlogPosting\",\"@id\":\"https:\\\/\\\/www.eldigitaldeasturias.com\\\/noticias\\\/rajoy-se-mantiene-firme-frente-a-los-separatistas\\\/#blogposting\",\"name\":\"Rajoy se mantiene firme frente a los separatistas - El Digital de Asturias\",\"headline\":\"Rajoy se mantiene firme frente a los separatistas\",\"author\":{\"@id\":\"https:\\\/\\\/www.eldigitaldeasturias.com\\\/noticias\\\/author\\\/admin\\\/#author\"},\"publisher\":{\"@id\":\"https:\\\/\\\/www.eldigitaldeasturias.com\\\/noticias\\\/#organization\"},\"image\":{\"@type\":\"ImageObject\",\"url\":952328},\"datePublished\":\"2017-09-10T15:40:17+02:00\",\"dateModified\":\"2017-09-10T15:40:17+02:00\",\"inLanguage\":\"es-ES\",\"mainEntityOfPage\":{\"@id\":\"https:\\\/\\\/www.eldigitaldeasturias.com\\\/noticias\\\/rajoy-se-mantiene-firme-frente-a-los-separatistas\\\/#webpage\"},\"isPartOf\":{\"@id\":\"https:\\\/\\\/www.eldigitaldeasturias.com\\\/noticias\\\/rajoy-se-mantiene-firme-frente-a-los-separatistas\\\/#webpage\"},\"articleSection\":\"Actualidad\"},{\"@type\":\"BreadcrumbList\",\"@id\":\"https:\\\/\\\/www.eldigitaldeasturias.com\\\/noticias\\\/rajoy-se-mantiene-firme-frente-a-los-separatistas\\\/#breadcrumblist\",\"itemListElement\":[{\"@type\":\"ListItem\",\"@id\":\"https:\\\/\\\/www.eldigitaldeasturias.com\\\/noticias#listItem\",\"position\":1,\"name\":\"Home\",\"item\":\"https:\\\/\\\/www.eldigitaldeasturias.com\\\/noticias\",\"nextItem\":{\"@type\":\"ListItem\",\"@id\":\"https:\\\/\\\/www.eldigitaldeasturias.com\\\/noticias\\\/category\\\/actualidad\\\/#listItem\",\"name\":\"Actualidad\"}},{\"@type\":\"ListItem\",\"@id\":\"https:\\\/\\\/www.eldigitaldeasturias.com\\\/noticias\\\/category\\\/actualidad\\\/#listItem\",\"position\":2,\"name\":\"Actualidad\",\"item\":\"https:\\\/\\\/www.eldigitaldeasturias.com\\\/noticias\\\/category\\\/actualidad\\\/\",\"nextItem\":{\"@type\":\"ListItem\",\"@id\":\"https:\\\/\\\/www.eldigitaldeasturias.com\\\/noticias\\\/rajoy-se-mantiene-firme-frente-a-los-separatistas\\\/#listItem\",\"name\":\"Rajoy se mantiene firme frente a los separatistas\"},\"previousItem\":{\"@type\":\"ListItem\",\"@id\":\"https:\\\/\\\/www.eldigitaldeasturias.com\\\/noticias#listItem\",\"name\":\"Home\"}},{\"@type\":\"ListItem\",\"@id\":\"https:\\\/\\\/www.eldigitaldeasturias.com\\\/noticias\\\/rajoy-se-mantiene-firme-frente-a-los-separatistas\\\/#listItem\",\"position\":3,\"name\":\"Rajoy se mantiene firme frente a los separatistas\",\"previousItem\":{\"@type\":\"ListItem\",\"@id\":\"https:\\\/\\\/www.eldigitaldeasturias.com\\\/noticias\\\/category\\\/actualidad\\\/#listItem\",\"name\":\"Actualidad\"}}]},{\"@type\":\"Organization\",\"@id\":\"https:\\\/\\\/www.eldigitaldeasturias.com\\\/noticias\\\/#organization\",\"name\":\"El Digital de Asturias\",\"description\":\"Hemeroteca\",\"url\":\"https:\\\/\\\/www.eldigitaldeasturias.com\\\/noticias\\\/\",\"email\":\"info@eldigitaldeasturias.com\",\"telephone\":\"+34652131393\",\"logo\":{\"@type\":\"ImageObject\",\"url\":\"https:\\\/\\\/www.eldigitaldeasturias.com\\\/noticias\\\/wp-content\\\/uploads\\\/2020\\\/12\\\/EDA.jpg\",\"@id\":\"https:\\\/\\\/www.eldigitaldeasturias.com\\\/noticias\\\/rajoy-se-mantiene-firme-frente-a-los-separatistas\\\/#organizationLogo\"},\"image\":{\"@id\":\"https:\\\/\\\/www.eldigitaldeasturias.com\\\/noticias\\\/rajoy-se-mantiene-firme-frente-a-los-separatistas\\\/#organizationLogo\"},\"sameAs\":[\"https:\\\/\\\/facebook.com\\\/eldigitaldeasturias\",\"https:\\\/\\\/www.youtube.com\\\/channel\\\/UCZP-2wLEB9Rv6erhFmqVnvg\"],\"address\":{\"@id\":\"https:\\\/\\\/www.eldigitaldeasturias.com\\\/noticias\\\/#postaladdress\",\"@type\":\"PostalAddress\",\"streetAddress\":\"san antonio 4\",\"postalCode\":\"33430\",\"addressLocality\":\"Cand\\u00e1s\",\"addressRegion\":\"Asturias\",\"addressCountry\":\"ES\"}},{\"@type\":\"Person\",\"@id\":\"https:\\\/\\\/www.eldigitaldeasturias.com\\\/noticias\\\/author\\\/admin\\\/#author\",\"url\":\"https:\\\/\\\/www.eldigitaldeasturias.com\\\/noticias\\\/author\\\/admin\\\/\",\"name\":\"El Digital de Asturias\",\"image\":{\"@type\":\"ImageObject\",\"@id\":\"https:\\\/\\\/www.eldigitaldeasturias.com\\\/noticias\\\/rajoy-se-mantiene-firme-frente-a-los-separatistas\\\/#authorImage\",\"url\":\"https:\\\/\\\/secure.gravatar.com\\\/avatar\\\/df2aeffc32bcd13f8d26072ef8a91b623d677766deac7f97ca815868cd41bf5e?s=96&d=mm&r=g\",\"width\":96,\"height\":96,\"caption\":\"El Digital de Asturias\"}},{\"@type\":\"WebPage\",\"@id\":\"https:\\\/\\\/www.eldigitaldeasturias.com\\\/noticias\\\/rajoy-se-mantiene-firme-frente-a-los-separatistas\\\/#webpage\",\"url\":\"https:\\\/\\\/www.eldigitaldeasturias.com\\\/noticias\\\/rajoy-se-mantiene-firme-frente-a-los-separatistas\\\/\",\"name\":\"Rajoy se mantiene firme frente a los separatistas - El Digital de Asturias\",\"description\":\"El presidente del Gobierno y del Partido Popular, Mariano Rajoy, ha afirmado que tiene clara que su obligaci\\u00f3n como presidente de todos los espa\\u00f1oles es \\\"cumplir la ley y hacerla cumplir\\\". Por ello, ha aseverado \\\"no habr\\u00e1 refer\\u00e9ndum y har\\u00e9 todo lo que sea necesario para ello, porque es mi obligaci\\u00f3n y no voy a\",\"inLanguage\":\"es-ES\",\"isPartOf\":{\"@id\":\"https:\\\/\\\/www.eldigitaldeasturias.com\\\/noticias\\\/#website\"},\"breadcrumb\":{\"@id\":\"https:\\\/\\\/www.eldigitaldeasturias.com\\\/noticias\\\/rajoy-se-mantiene-firme-frente-a-los-separatistas\\\/#breadcrumblist\"},\"author\":{\"@id\":\"https:\\\/\\\/www.eldigitaldeasturias.com\\\/noticias\\\/author\\\/admin\\\/#author\"},\"creator\":{\"@id\":\"https:\\\/\\\/www.eldigitaldeasturias.com\\\/noticias\\\/author\\\/admin\\\/#author\"},\"image\":{\"@type\":\"ImageObject\",\"url\":952328,\"@id\":\"https:\\\/\\\/www.eldigitaldeasturias.com\\\/noticias\\\/rajoy-se-mantiene-firme-frente-a-los-separatistas\\\/#mainImage\"},\"primaryImageOfPage\":{\"@id\":\"https:\\\/\\\/www.eldigitaldeasturias.com\\\/noticias\\\/rajoy-se-mantiene-firme-frente-a-los-separatistas\\\/#mainImage\"},\"datePublished\":\"2017-09-10T15:40:17+02:00\",\"dateModified\":\"2017-09-10T15:40:17+02:00\"},{\"@type\":\"WebSite\",\"@id\":\"https:\\\/\\\/www.eldigitaldeasturias.com\\\/noticias\\\/#website\",\"url\":\"https:\\\/\\\/www.eldigitaldeasturias.com\\\/noticias\\\/\",\"name\":\"El Digital de Asturias - Diario de actualidad y noticias\",\"alternateName\":\"El Digital de Asturias - Diario de actualidad y noticias\",\"description\":\"Hemeroteca\",\"inLanguage\":\"es-ES\",\"publisher\":{\"@id\":\"https:\\\/\\\/www.eldigitaldeasturias.com\\\/noticias\\\/#organization\"}}]}\n\t\t<\/script>\n\t\t<!-- All in One SEO Pro -->\r\n\t\t<title>Rajoy se mantiene firme frente a los separatistas - El Digital de Asturias<\/title>\n\n","aioseo_head_json":{"title":"Rajoy se mantiene firme frente a los separatistas - El Digital de Asturias","description":"El presidente del Gobierno y del Partido Popular, Mariano Rajoy, ha afirmado que tiene clara que su obligaci\u00f3n como presidente de todos los espa\u00f1oles es \"cumplir la ley y hacerla cumplir\". Por ello, ha aseverado \"no habr\u00e1 refer\u00e9ndum y har\u00e9 todo lo que sea necesario para ello, porque es mi obligaci\u00f3n y no voy a","canonical_url":"https:\/\/www.eldigitaldeasturias.com\/noticias\/rajoy-se-mantiene-firme-frente-a-los-separatistas\/","robots":"max-image-preview:large","keywords":"actualidad","webmasterTools":{"google-site-verification":"UA-38556648-1","msvalidate.01":"7dfe9f3f1b24437ab69f4f2559babe99","miscellaneous":""},"schema":{"@context":"https:\/\/schema.org","@graph":[{"@type":"BlogPosting","@id":"https:\/\/www.eldigitaldeasturias.com\/noticias\/rajoy-se-mantiene-firme-frente-a-los-separatistas\/#blogposting","name":"Rajoy se mantiene firme frente a los separatistas - El Digital de Asturias","headline":"Rajoy se mantiene firme frente a los separatistas","author":{"@id":"https:\/\/www.eldigitaldeasturias.com\/noticias\/author\/admin\/#author"},"publisher":{"@id":"https:\/\/www.eldigitaldeasturias.com\/noticias\/#organization"},"image":{"@type":"ImageObject","url":952328},"datePublished":"2017-09-10T15:40:17+02:00","dateModified":"2017-09-10T15:40:17+02:00","inLanguage":"es-ES","mainEntityOfPage":{"@id":"https:\/\/www.eldigitaldeasturias.com\/noticias\/rajoy-se-mantiene-firme-frente-a-los-separatistas\/#webpage"},"isPartOf":{"@id":"https:\/\/www.eldigitaldeasturias.com\/noticias\/rajoy-se-mantiene-firme-frente-a-los-separatistas\/#webpage"},"articleSection":"Actualidad"},{"@type":"BreadcrumbList","@id":"https:\/\/www.eldigitaldeasturias.com\/noticias\/rajoy-se-mantiene-firme-frente-a-los-separatistas\/#breadcrumblist","itemListElement":[{"@type":"ListItem","@id":"https:\/\/www.eldigitaldeasturias.com\/noticias#listItem","position":1,"name":"Home","item":"https:\/\/www.eldigitaldeasturias.com\/noticias","nextItem":{"@type":"ListItem","@id":"https:\/\/www.eldigitaldeasturias.com\/noticias\/category\/actualidad\/#listItem","name":"Actualidad"}},{"@type":"ListItem","@id":"https:\/\/www.eldigitaldeasturias.com\/noticias\/category\/actualidad\/#listItem","position":2,"name":"Actualidad","item":"https:\/\/www.eldigitaldeasturias.com\/noticias\/category\/actualidad\/","nextItem":{"@type":"ListItem","@id":"https:\/\/www.eldigitaldeasturias.com\/noticias\/rajoy-se-mantiene-firme-frente-a-los-separatistas\/#listItem","name":"Rajoy se mantiene firme frente a los separatistas"},"previousItem":{"@type":"ListItem","@id":"https:\/\/www.eldigitaldeasturias.com\/noticias#listItem","name":"Home"}},{"@type":"ListItem","@id":"https:\/\/www.eldigitaldeasturias.com\/noticias\/rajoy-se-mantiene-firme-frente-a-los-separatistas\/#listItem","position":3,"name":"Rajoy se mantiene firme frente a los separatistas","previousItem":{"@type":"ListItem","@id":"https:\/\/www.eldigitaldeasturias.com\/noticias\/category\/actualidad\/#listItem","name":"Actualidad"}}]},{"@type":"Organization","@id":"https:\/\/www.eldigitaldeasturias.com\/noticias\/#organization","name":"El Digital de Asturias","description":"Hemeroteca","url":"https:\/\/www.eldigitaldeasturias.com\/noticias\/","email":"info@eldigitaldeasturias.com","telephone":"+34652131393","logo":{"@type":"ImageObject","url":"https:\/\/www.eldigitaldeasturias.com\/noticias\/wp-content\/uploads\/2020\/12\/EDA.jpg","@id":"https:\/\/www.eldigitaldeasturias.com\/noticias\/rajoy-se-mantiene-firme-frente-a-los-separatistas\/#organizationLogo"},"image":{"@id":"https:\/\/www.eldigitaldeasturias.com\/noticias\/rajoy-se-mantiene-firme-frente-a-los-separatistas\/#organizationLogo"},"sameAs":["https:\/\/facebook.com\/eldigitaldeasturias","https:\/\/www.youtube.com\/channel\/UCZP-2wLEB9Rv6erhFmqVnvg"],"address":{"@id":"https:\/\/www.eldigitaldeasturias.com\/noticias\/#postaladdress","@type":"PostalAddress","streetAddress":"san antonio 4","postalCode":"33430","addressLocality":"Cand\u00e1s","addressRegion":"Asturias","addressCountry":"ES"}},{"@type":"Person","@id":"https:\/\/www.eldigitaldeasturias.com\/noticias\/author\/admin\/#author","url":"https:\/\/www.eldigitaldeasturias.com\/noticias\/author\/admin\/","name":"El Digital de Asturias","image":{"@type":"ImageObject","@id":"https:\/\/www.eldigitaldeasturias.com\/noticias\/rajoy-se-mantiene-firme-frente-a-los-separatistas\/#authorImage","url":"https:\/\/secure.gravatar.com\/avatar\/df2aeffc32bcd13f8d26072ef8a91b623d677766deac7f97ca815868cd41bf5e?s=96&d=mm&r=g","width":96,"height":96,"caption":"El Digital de Asturias"}},{"@type":"WebPage","@id":"https:\/\/www.eldigitaldeasturias.com\/noticias\/rajoy-se-mantiene-firme-frente-a-los-separatistas\/#webpage","url":"https:\/\/www.eldigitaldeasturias.com\/noticias\/rajoy-se-mantiene-firme-frente-a-los-separatistas\/","name":"Rajoy se mantiene firme frente a los separatistas - El Digital de Asturias","description":"El presidente del Gobierno y del Partido Popular, Mariano Rajoy, ha afirmado que tiene clara que su obligaci\u00f3n como presidente de todos los espa\u00f1oles es \"cumplir la ley y hacerla cumplir\". Por ello, ha aseverado \"no habr\u00e1 refer\u00e9ndum y har\u00e9 todo lo que sea necesario para ello, porque es mi obligaci\u00f3n y no voy a","inLanguage":"es-ES","isPartOf":{"@id":"https:\/\/www.eldigitaldeasturias.com\/noticias\/#website"},"breadcrumb":{"@id":"https:\/\/www.eldigitaldeasturias.com\/noticias\/rajoy-se-mantiene-firme-frente-a-los-separatistas\/#breadcrumblist"},"author":{"@id":"https:\/\/www.eldigitaldeasturias.com\/noticias\/author\/admin\/#author"},"creator":{"@id":"https:\/\/www.eldigitaldeasturias.com\/noticias\/author\/admin\/#author"},"image":{"@type":"ImageObject","url":952328,"@id":"https:\/\/www.eldigitaldeasturias.com\/noticias\/rajoy-se-mantiene-firme-frente-a-los-separatistas\/#mainImage"},"primaryImageOfPage":{"@id":"https:\/\/www.eldigitaldeasturias.com\/noticias\/rajoy-se-mantiene-firme-frente-a-los-separatistas\/#mainImage"},"datePublished":"2017-09-10T15:40:17+02:00","dateModified":"2017-09-10T15:40:17+02:00"},{"@type":"WebSite","@id":"https:\/\/www.eldigitaldeasturias.com\/noticias\/#website","url":"https:\/\/www.eldigitaldeasturias.com\/noticias\/","name":"El Digital de Asturias - Diario de actualidad y noticias","alternateName":"El Digital de Asturias - Diario de actualidad y noticias","description":"Hemeroteca","inLanguage":"es-ES","publisher":{"@id":"https:\/\/www.eldigitaldeasturias.com\/noticias\/#organization"}}]},"og:locale":"es_ES","og:site_name":"El Digital de Asturias","og:type":"article","og:title":"Rajoy se mantiene firme frente a los separatistas - El Digital de Asturias","og:description":"El presidente del Gobierno y del Partido Popular, Mariano Rajoy, ha afirmado que tiene clara que su obligaci\u00f3n como presidente de todos los espa\u00f1oles es &quot;cumplir la ley y hacerla cumplir&quot;. Por ello, ha aseverado &quot;no habr\u00e1 refer\u00e9ndum y har\u00e9 todo lo que sea necesario para ello, porque es mi obligaci\u00f3n y no voy a","og:url":"https:\/\/www.eldigitaldeasturias.com\/noticias\/rajoy-se-mantiene-firme-frente-a-los-separatistas\/","article:tag":["actualidad"],"article:published_time":"2017-09-10T15:40:17+00:00","article:modified_time":"2017-09-10T15:40:17+00:00","article:publisher":"https:\/\/facebook.com\/eldigitaldeasturias","twitter:card":"summary_large_image","twitter:title":"Rajoy se mantiene firme frente a los separatistas - El Digital de Asturias","twitter:description":"El presidente del Gobierno y del Partido Popular, Mariano Rajoy, ha afirmado que tiene clara que su obligaci\u00f3n como presidente de todos los espa\u00f1oles es &quot;cumplir la ley y hacerla cumplir&quot;. Por ello, ha aseverado &quot;no habr\u00e1 refer\u00e9ndum y har\u00e9 todo lo que sea necesario para ello, porque es mi obligaci\u00f3n y no voy a","twitter:image":"https:\/\/www.eldigitaldeasturias.com\/noticias\/wp-content\/uploads\/2020\/12\/EDA-1.jpg","twitter:label1":"Escrito por","twitter:data1":"El Digital de Asturias","twitter:label2":"Tiempo de lectura estimado","twitter:data2":"3 minutos"},"aioseo_meta_data":{"post_id":"952327","title":null,"description":null,"keywords":null,"keyphrases":null,"primary_term":null,"canonical_url":null,"og_title":null,"og_description":null,"og_object_type":"default","og_image_type":"default","og_image_url":null,"og_image_width":null,"og_image_height":null,"og_image_custom_url":null,"og_image_custom_fields":null,"og_video":null,"og_custom_url":null,"og_article_section":null,"og_article_tags":null,"twitter_use_og":false,"twitter_card":"default","twitter_image_type":"default","twitter_image_url":null,"twitter_image_custom_url":null,"twitter_image_custom_fields":null,"twitter_title":null,"twitter_description":null,"schema":{"blockGraphs":[],"customGraphs":[],"default":{"data":{"Article":[],"Course":[],"Dataset":[],"FAQPage":[],"Movie":[],"Person":[],"Product":[],"ProductReview":[],"Car":[],"Recipe":[],"Service":[],"SoftwareApplication":[],"WebPage":[]},"graphName":"","isEnabled":true},"graphs":[],"defaultGraph":"","defaultPostTypeGraph":""},"schema_type":null,"schema_type_options":null,"pillar_content":false,"robots_default":true,"robots_noindex":false,"robots_noarchive":false,"robots_nosnippet":false,"robots_nofollow":false,"robots_noimageindex":false,"robots_noodp":false,"robots_notranslate":false,"robots_max_snippet":null,"robots_max_videopreview":null,"robots_max_imagepreview":"large","priority":null,"frequency":null,"local_seo":null,"seo_analyzer_scan_date":"2025-12-05 22:28:05","breadcrumb_settings":null,"limit_modified_date":false,"open_ai":null,"ai":null,"created":"2020-12-21 12:57:48","updated":"2025-12-05 22:28:05","focus_keyword":null,"additional_keywords":null,"truseo_locale":null},"aioseo_breadcrumb":"<div class=\"aioseo-breadcrumbs\"><span class=\"aioseo-breadcrumb\">\n\t<a href=\"https:\/\/www.eldigitaldeasturias.com\/noticias\" title=\"Home\">Home<\/a>\n<\/span><span class=\"aioseo-breadcrumb-separator\">\u2013<\/span><span class=\"aioseo-breadcrumb\">\n\t<a href=\"https:\/\/www.eldigitaldeasturias.com\/noticias\/category\/actualidad\/\" title=\"Actualidad\">Actualidad<\/a>\n<\/span><span class=\"aioseo-breadcrumb-separator\">\u2013<\/span><span class=\"aioseo-breadcrumb\">\n\t<a href=\"https:\/\/www.eldigitaldeasturias.com\/noticias\/rajoy-se-mantiene-firme-frente-a-los-separatistas\/\" title=\"Rajoy se mantiene firme frente a los separatistas\">Rajoy se mantiene firme frente a los separatistas<\/a>\n<\/span><\/div>","aioseo_breadcrumb_json":[{"label":"Home","link":"https:\/\/www.eldigitaldeasturias.com\/noticias"},{"label":"Actualidad","link":"https:\/\/www.eldigitaldeasturias.com\/noticias\/category\/actualidad\/"},{"label":"Rajoy se mantiene firme frente a los separatistas","link":"https:\/\/www.eldigitaldeasturias.com\/noticias\/rajoy-se-mantiene-firme-frente-a-los-separatistas\/"}],"_links":{"self":[{"href":"https:\/\/www.eldigitaldeasturias.com\/noticias\/wp-json\/wp\/v2\/posts\/952327","targetHints":{"allow":["GET"]}}],"collection":[{"href":"https:\/\/www.eldigitaldeasturias.com\/noticias\/wp-json\/wp\/v2\/posts"}],"about":[{"href":"https:\/\/www.eldigitaldeasturias.com\/noticias\/wp-json\/wp\/v2\/types\/post"}],"author":[{"embeddable":true,"href":"https:\/\/www.eldigitaldeasturias.com\/noticias\/wp-json\/wp\/v2\/users\/1"}],"replies":[{"embeddable":true,"href":"https:\/\/www.eldigitaldeasturias.com\/noticias\/wp-json\/wp\/v2\/comments?post=952327"}],"version-history":[{"count":0,"href":"https:\/\/www.eldigitaldeasturias.com\/noticias\/wp-json\/wp\/v2\/posts\/952327\/revisions"}],"wp:attachment":[{"href":"https:\/\/www.eldigitaldeasturias.com\/noticias\/wp-json\/wp\/v2\/media?parent=952327"}],"wp:term":[{"taxonomy":"category","embeddable":true,"href":"https:\/\/www.eldigitaldeasturias.com\/noticias\/wp-json\/wp\/v2\/categories?post=952327"},{"taxonomy":"post_tag","embeddable":true,"href":"https:\/\/www.eldigitaldeasturias.com\/noticias\/wp-json\/wp\/v2\/tags?post=952327"}],"curies":[{"name":"wp","href":"https:\/\/api.w.org\/{rel}","templated":true}]}}