{"id":952235,"date":"2017-09-08T21:01:32","date_gmt":"2017-09-08T21:01:32","guid":{"rendered":"http:\/\/www.eldigitaldeasturias.com\/noticias\/?p=952235"},"modified":"2017-09-08T21:01:32","modified_gmt":"2017-09-08T21:01:32","slug":"cristobal-montoro-en-el-pp-trabajamos-para-que-en-este-pais-haya-crecimiento-y-empleo","status":"publish","type":"post","link":"https:\/\/www.eldigitaldeasturias.com\/noticias\/cristobal-montoro-en-el-pp-trabajamos-para-que-en-este-pais-haya-crecimiento-y-empleo\/","title":{"rendered":"Crist\u00f3bal Montoro: \u201cEn el PP trabajamos para que en este pa\u00eds haya crecimiento y empleo\u00bb"},"content":{"rendered":"<p><img loading=\"lazy\" decoding=\"async\" class=\"alignleft size-medium wp-image-952236\" src=\"https:\/\/www.eldigitaldeasturias.com\/noticias\/wp-content\/uploads\/2017\/09\/36270951284-360x163.jpg\" alt=\"\" width=\"360\" height=\"163\" \/>Crist\u00f3bal Montoro fue firme y contundente durante su intervenci\u00f3n en la 23 Intermunicipal del Partido Popular en Zaragoza respecto a los sucesos de Catalu\u00f1a tras recibir la palabra del vicesecretario de Pol\u00edtica Social y Sectorial del PP, Javier Maroto, quien expres\u00f3 su opini\u00f3n respecto al tema: \u201clamento que en Catalu\u00f1a se est\u00e9 liando una bien gorda con el desaf\u00edo independentista porque han decidido arrasar con todo y con todos\u201d.<\/p>\n<p>En este punto, ha denunciado el \u201catropello\u201d de todos los derechos de los partidos de la oposici\u00f3n en el Parlament. \u201cDicen ahora que van a pedir a los Mossos d\u00b4Esquadra que el 1 de octubre tienen que elegir si quieren obedecer al Fiscal o la Generalitat, ponen en un brete a los alcaldes que se ven forzados a ceder locales a su disposici\u00f3n, y arrasan incluso con la voluntad de los ciudadanos de Catalu\u00f1a, a los que les dicen que es obligatorio que acudan a las mesas como presidentes\u201d.<\/p>\n<p>La IV Mesa se centr\u00f3 en La generaci\u00f3n de los buenos gestores de la Administraci\u00f3n local. Tanto Maroto como Montoro aseguraron que Mariano Rajoy es, de lejos, el mejor gestor. Para demostrarlo, el vicesecretario se ha referido al discurso del presidente de ayer: \u201cha sabido responder con eficacia en un momento complicado, ha demostrado su capacidad de gesti\u00f3n en primera l\u00ednea y con palabras mayores\u201d.<\/p>\n<p>Adem\u00e1s, Maroto ha puesto en valor la labor de las corporaciones locales y ha asegurado que \u201cser alcalde es de lo mejor que se puede hacer en pol\u00edtica\u201d; es ejercitar \u201cla pol\u00edtica m\u00e1s cercana, esa que te permite estar en la calle y con tus vecinos, amar tu tierra y hacer lo que te gusta\u201d. Desde los ayuntamientos, ha a\u00f1adido, es \u201cdesde donde se empieza a hacer la Ruta Social, desde donde se sabe que escuchar ya no es una opci\u00f3n, sino un deber y una obligaci\u00f3n\u201d. De hecho, para Javier Maroto \u201cescuchar es fundamental para acertar y debe estar en el ADN de cualquier pol\u00edtico\u201d.<\/p>\n<p>Para concluir, el vicesecretario ha agradecido al ministro Crist\u00f3bal Montoro el respaldo econ\u00f3mico que ha dado al Pacto de Estado contra la Violencia de g\u00e9nero.<\/p>\n<p>En su turno, Crist\u00f3bal Montoro ha asegurado que no va a haber ning\u00fan tipo de financiaci\u00f3n p\u00fablica ni privada para la actividad ilegal que pretenden acometer los independentistas. Con esto se garantiza el privar a la minor\u00eda separatista los medios operativos: \u201cni un solo euro p\u00fablico va a financiar el refer\u00e9ndum del 1 de octubre porque no va a haber refer\u00e9ndum\u201d.<\/p>\n<p>Siguiendo con el mismo tema, ha subrayado que el Gobierno actuar\u00e1 con \u201cfirmeza y proporcionalidad\u201d, adem\u00e1s de asegurar que todos aquellos que se sit\u00faan en la ilegalidad solo se centran en cumplir sus objetivos pol\u00edticos y se olvidan de la prioridad actual: la recuperaci\u00f3n econ\u00f3mica. \u201cEn el PP trabajamos para que en este pa\u00eds haya crecimiento y empleo, para que se garantice la oferta de servicios p\u00fablicos y haya igualdad de oportunidades para todos los ciudadanos\u201d, ha concluido.<\/p>\n","protected":false},"excerpt":{"rendered":"<p>Crist\u00f3bal Montoro fue firme y contundente durante su intervenci\u00f3n en la 23 Intermunicipal del Partido Popular en Zaragoza respecto a los sucesos de Catalu\u00f1a tras recibir la palabra del vicesecretario de Pol\u00edtica Social y Sectorial del PP, Javier Maroto, quien expres\u00f3 su opini\u00f3n respecto al tema: \u201clamento que en Catalu\u00f1a se est\u00e9 liando una bien [&hellip;]<\/p>\n","protected":false},"author":1,"featured_media":952236,"comment_status":"closed","ping_status":"closed","sticky":false,"template":"","format":"standard","meta":{"footnotes":""},"categories":[1],"tags":[],"class_list":["post-952235","post","type-post","status-publish","format-standard","has-post-thumbnail","hentry","category-actualidad"],"aioseo_notices":[],"aioseo_head":"\n\t\t<!-- All in One SEO Pro 5.0.1 - aioseo.com -->\n\t<meta name=\"description\" content=\"Crist\u00f3bal Montoro fue firme y contundente durante su intervenci\u00f3n en la 23 Intermunicipal del Partido Popular en Zaragoza respecto a los sucesos de Catalu\u00f1a tras recibir la palabra del vicesecretario de Pol\u00edtica Social y Sectorial del PP, Javier Maroto, quien expres\u00f3 su opini\u00f3n respecto al tema: \u201clamento que en Catalu\u00f1a se est\u00e9 liando una bien\" \/>\n\t<meta name=\"robots\" content=\"max-image-preview:large\" \/>\n\t<meta name=\"author\" content=\"El Digital de Asturias\"\/>\n\t<meta name=\"google-site-verification\" content=\"UA-38556648-1\" \/>\n\t<meta name=\"msvalidate.01\" content=\"7dfe9f3f1b24437ab69f4f2559babe99\" \/>\n\t<meta name=\"keywords\" content=\"actualidad\" \/>\n\t<link rel=\"canonical\" href=\"https:\/\/www.eldigitaldeasturias.com\/noticias\/cristobal-montoro-en-el-pp-trabajamos-para-que-en-este-pais-haya-crecimiento-y-empleo\/\" \/>\n\t<meta name=\"generator\" content=\"All in One SEO Pro (AIOSEO) 5.0.1\" \/>\n\t\t<meta property=\"og:locale\" content=\"es_ES\" \/>\n\t\t<meta property=\"og:site_name\" content=\"El Digital de Asturias\" \/>\n\t\t<meta property=\"og:type\" content=\"article\" \/>\n\t\t<meta property=\"og:title\" content=\"Crist\u00f3bal Montoro: \u201cEn el PP trabajamos para que en este pa\u00eds haya crecimiento y empleo\u00bb - El Digital de Asturias\" \/>\n\t\t<meta property=\"og:description\" content=\"Crist\u00f3bal Montoro fue firme y contundente durante su intervenci\u00f3n en la 23 Intermunicipal del Partido Popular en Zaragoza respecto a los sucesos de Catalu\u00f1a tras recibir la palabra del vicesecretario de Pol\u00edtica Social y Sectorial del PP, Javier Maroto, quien expres\u00f3 su opini\u00f3n respecto al tema: \u201clamento que en Catalu\u00f1a se est\u00e9 liando una bien\" \/>\n\t\t<meta property=\"og:url\" content=\"https:\/\/www.eldigitaldeasturias.com\/noticias\/cristobal-montoro-en-el-pp-trabajamos-para-que-en-este-pais-haya-crecimiento-y-empleo\/\" \/>\n\t\t<meta property=\"article:tag\" content=\"actualidad\" \/>\n\t\t<meta property=\"article:published_time\" content=\"2017-09-08T21:01:32+00:00\" \/>\n\t\t<meta property=\"article:modified_time\" content=\"2017-09-08T21:01:32+00:00\" \/>\n\t\t<meta property=\"article:publisher\" content=\"https:\/\/facebook.com\/eldigitaldeasturias\" \/>\n\t\t<meta name=\"twitter:card\" content=\"summary_large_image\" \/>\n\t\t<meta name=\"twitter:title\" content=\"Crist\u00f3bal Montoro: \u201cEn el PP trabajamos para que en este pa\u00eds haya crecimiento y empleo\u00bb - El Digital de Asturias\" \/>\n\t\t<meta name=\"twitter:description\" content=\"Crist\u00f3bal Montoro fue firme y contundente durante su intervenci\u00f3n en la 23 Intermunicipal del Partido Popular en Zaragoza respecto a los sucesos de Catalu\u00f1a tras recibir la palabra del vicesecretario de Pol\u00edtica Social y Sectorial del PP, Javier Maroto, quien expres\u00f3 su opini\u00f3n respecto al tema: \u201clamento que en Catalu\u00f1a se est\u00e9 liando una bien\" \/>\n\t\t<meta name=\"twitter:image\" content=\"https:\/\/www.eldigitaldeasturias.com\/noticias\/wp-content\/uploads\/2020\/12\/EDA-1.jpg\" \/>\n\t\t<meta name=\"twitter:label1\" content=\"Escrito por\" \/>\n\t\t<meta name=\"twitter:data1\" content=\"El Digital de Asturias\" \/>\n\t\t<meta name=\"twitter:label2\" content=\"Tiempo de lectura estimado\" \/>\n\t\t<meta name=\"twitter:data2\" content=\"3 minutos\" \/>\n\t\t<script type=\"application\/ld+json\" class=\"aioseo-schema\">\n\t\t\t{\"@context\":\"https:\\\/\\\/schema.org\",\"@graph\":[{\"@type\":\"BlogPosting\",\"@id\":\"https:\\\/\\\/www.eldigitaldeasturias.com\\\/noticias\\\/cristobal-montoro-en-el-pp-trabajamos-para-que-en-este-pais-haya-crecimiento-y-empleo\\\/#blogposting\",\"name\":\"Crist\\u00f3bal Montoro: \\u201cEn el PP trabajamos para que en este pa\\u00eds haya crecimiento y empleo\\u00bb - El Digital de Asturias\",\"headline\":\"Crist\\u00f3bal Montoro: \\u201cEn el PP trabajamos para que en este pa\\u00eds haya crecimiento y empleo\\u00bb\",\"author\":{\"@id\":\"https:\\\/\\\/www.eldigitaldeasturias.com\\\/noticias\\\/author\\\/admin\\\/#author\"},\"publisher\":{\"@id\":\"https:\\\/\\\/www.eldigitaldeasturias.com\\\/noticias\\\/#organization\"},\"image\":{\"@type\":\"ImageObject\",\"url\":952236},\"datePublished\":\"2017-09-08T21:01:32+02:00\",\"dateModified\":\"2017-09-08T21:01:32+02:00\",\"inLanguage\":\"es-ES\",\"mainEntityOfPage\":{\"@id\":\"https:\\\/\\\/www.eldigitaldeasturias.com\\\/noticias\\\/cristobal-montoro-en-el-pp-trabajamos-para-que-en-este-pais-haya-crecimiento-y-empleo\\\/#webpage\"},\"isPartOf\":{\"@id\":\"https:\\\/\\\/www.eldigitaldeasturias.com\\\/noticias\\\/cristobal-montoro-en-el-pp-trabajamos-para-que-en-este-pais-haya-crecimiento-y-empleo\\\/#webpage\"},\"articleSection\":\"Actualidad\"},{\"@type\":\"BreadcrumbList\",\"@id\":\"https:\\\/\\\/www.eldigitaldeasturias.com\\\/noticias\\\/cristobal-montoro-en-el-pp-trabajamos-para-que-en-este-pais-haya-crecimiento-y-empleo\\\/#breadcrumblist\",\"itemListElement\":[{\"@type\":\"ListItem\",\"@id\":\"https:\\\/\\\/www.eldigitaldeasturias.com\\\/noticias#listItem\",\"position\":1,\"name\":\"Home\",\"item\":\"https:\\\/\\\/www.eldigitaldeasturias.com\\\/noticias\",\"nextItem\":{\"@type\":\"ListItem\",\"@id\":\"https:\\\/\\\/www.eldigitaldeasturias.com\\\/noticias\\\/category\\\/actualidad\\\/#listItem\",\"name\":\"Actualidad\"}},{\"@type\":\"ListItem\",\"@id\":\"https:\\\/\\\/www.eldigitaldeasturias.com\\\/noticias\\\/category\\\/actualidad\\\/#listItem\",\"position\":2,\"name\":\"Actualidad\",\"item\":\"https:\\\/\\\/www.eldigitaldeasturias.com\\\/noticias\\\/category\\\/actualidad\\\/\",\"nextItem\":{\"@type\":\"ListItem\",\"@id\":\"https:\\\/\\\/www.eldigitaldeasturias.com\\\/noticias\\\/cristobal-montoro-en-el-pp-trabajamos-para-que-en-este-pais-haya-crecimiento-y-empleo\\\/#listItem\",\"name\":\"Crist\\u00f3bal Montoro: \\u201cEn el PP trabajamos para que en este pa\\u00eds haya crecimiento y empleo\\u00bb\"},\"previousItem\":{\"@type\":\"ListItem\",\"@id\":\"https:\\\/\\\/www.eldigitaldeasturias.com\\\/noticias#listItem\",\"name\":\"Home\"}},{\"@type\":\"ListItem\",\"@id\":\"https:\\\/\\\/www.eldigitaldeasturias.com\\\/noticias\\\/cristobal-montoro-en-el-pp-trabajamos-para-que-en-este-pais-haya-crecimiento-y-empleo\\\/#listItem\",\"position\":3,\"name\":\"Crist\\u00f3bal Montoro: \\u201cEn el PP trabajamos para que en este pa\\u00eds haya crecimiento y empleo\\u00bb\",\"previousItem\":{\"@type\":\"ListItem\",\"@id\":\"https:\\\/\\\/www.eldigitaldeasturias.com\\\/noticias\\\/category\\\/actualidad\\\/#listItem\",\"name\":\"Actualidad\"}}]},{\"@type\":\"Organization\",\"@id\":\"https:\\\/\\\/www.eldigitaldeasturias.com\\\/noticias\\\/#organization\",\"name\":\"El Digital de Asturias\",\"description\":\"Hemeroteca\",\"url\":\"https:\\\/\\\/www.eldigitaldeasturias.com\\\/noticias\\\/\",\"email\":\"info@eldigitaldeasturias.com\",\"telephone\":\"+34652131393\",\"logo\":{\"@type\":\"ImageObject\",\"url\":\"https:\\\/\\\/www.eldigitaldeasturias.com\\\/noticias\\\/wp-content\\\/uploads\\\/2020\\\/12\\\/EDA.jpg\",\"@id\":\"https:\\\/\\\/www.eldigitaldeasturias.com\\\/noticias\\\/cristobal-montoro-en-el-pp-trabajamos-para-que-en-este-pais-haya-crecimiento-y-empleo\\\/#organizationLogo\"},\"image\":{\"@id\":\"https:\\\/\\\/www.eldigitaldeasturias.com\\\/noticias\\\/cristobal-montoro-en-el-pp-trabajamos-para-que-en-este-pais-haya-crecimiento-y-empleo\\\/#organizationLogo\"},\"sameAs\":[\"https:\\\/\\\/facebook.com\\\/eldigitaldeasturias\",\"https:\\\/\\\/www.youtube.com\\\/channel\\\/UCZP-2wLEB9Rv6erhFmqVnvg\"],\"address\":{\"@id\":\"https:\\\/\\\/www.eldigitaldeasturias.com\\\/noticias\\\/#postaladdress\",\"@type\":\"PostalAddress\",\"streetAddress\":\"san antonio 4\",\"postalCode\":\"33430\",\"addressLocality\":\"Cand\\u00e1s\",\"addressRegion\":\"Asturias\",\"addressCountry\":\"ES\"}},{\"@type\":\"Person\",\"@id\":\"https:\\\/\\\/www.eldigitaldeasturias.com\\\/noticias\\\/author\\\/admin\\\/#author\",\"url\":\"https:\\\/\\\/www.eldigitaldeasturias.com\\\/noticias\\\/author\\\/admin\\\/\",\"name\":\"El Digital de Asturias\",\"image\":{\"@type\":\"ImageObject\",\"@id\":\"https:\\\/\\\/www.eldigitaldeasturias.com\\\/noticias\\\/cristobal-montoro-en-el-pp-trabajamos-para-que-en-este-pais-haya-crecimiento-y-empleo\\\/#authorImage\",\"url\":\"https:\\\/\\\/secure.gravatar.com\\\/avatar\\\/df2aeffc32bcd13f8d26072ef8a91b623d677766deac7f97ca815868cd41bf5e?s=96&d=mm&r=g\",\"width\":96,\"height\":96,\"caption\":\"El Digital de Asturias\"}},{\"@type\":\"WebPage\",\"@id\":\"https:\\\/\\\/www.eldigitaldeasturias.com\\\/noticias\\\/cristobal-montoro-en-el-pp-trabajamos-para-que-en-este-pais-haya-crecimiento-y-empleo\\\/#webpage\",\"url\":\"https:\\\/\\\/www.eldigitaldeasturias.com\\\/noticias\\\/cristobal-montoro-en-el-pp-trabajamos-para-que-en-este-pais-haya-crecimiento-y-empleo\\\/\",\"name\":\"Crist\\u00f3bal Montoro: \\u201cEn el PP trabajamos para que en este pa\\u00eds haya crecimiento y empleo\\u00bb - El Digital de Asturias\",\"description\":\"Crist\\u00f3bal Montoro fue firme y contundente durante su intervenci\\u00f3n en la 23 Intermunicipal del Partido Popular en Zaragoza respecto a los sucesos de Catalu\\u00f1a tras recibir la palabra del vicesecretario de Pol\\u00edtica Social y Sectorial del PP, Javier Maroto, quien expres\\u00f3 su opini\\u00f3n respecto al tema: \\u201clamento que en Catalu\\u00f1a se est\\u00e9 liando una bien\",\"inLanguage\":\"es-ES\",\"isPartOf\":{\"@id\":\"https:\\\/\\\/www.eldigitaldeasturias.com\\\/noticias\\\/#website\"},\"breadcrumb\":{\"@id\":\"https:\\\/\\\/www.eldigitaldeasturias.com\\\/noticias\\\/cristobal-montoro-en-el-pp-trabajamos-para-que-en-este-pais-haya-crecimiento-y-empleo\\\/#breadcrumblist\"},\"author\":{\"@id\":\"https:\\\/\\\/www.eldigitaldeasturias.com\\\/noticias\\\/author\\\/admin\\\/#author\"},\"creator\":{\"@id\":\"https:\\\/\\\/www.eldigitaldeasturias.com\\\/noticias\\\/author\\\/admin\\\/#author\"},\"image\":{\"@type\":\"ImageObject\",\"url\":952236,\"@id\":\"https:\\\/\\\/www.eldigitaldeasturias.com\\\/noticias\\\/cristobal-montoro-en-el-pp-trabajamos-para-que-en-este-pais-haya-crecimiento-y-empleo\\\/#mainImage\"},\"primaryImageOfPage\":{\"@id\":\"https:\\\/\\\/www.eldigitaldeasturias.com\\\/noticias\\\/cristobal-montoro-en-el-pp-trabajamos-para-que-en-este-pais-haya-crecimiento-y-empleo\\\/#mainImage\"},\"datePublished\":\"2017-09-08T21:01:32+02:00\",\"dateModified\":\"2017-09-08T21:01:32+02:00\"},{\"@type\":\"WebSite\",\"@id\":\"https:\\\/\\\/www.eldigitaldeasturias.com\\\/noticias\\\/#website\",\"url\":\"https:\\\/\\\/www.eldigitaldeasturias.com\\\/noticias\\\/\",\"name\":\"El Digital de Asturias - Diario de actualidad y noticias\",\"alternateName\":\"El Digital de Asturias - Diario de actualidad y noticias\",\"description\":\"Hemeroteca\",\"inLanguage\":\"es-ES\",\"publisher\":{\"@id\":\"https:\\\/\\\/www.eldigitaldeasturias.com\\\/noticias\\\/#organization\"}}]}\n\t\t<\/script>\n\t\t<!-- All in One SEO Pro -->\r\n\t\t<title>Crist\u00f3bal Montoro: \u201cEn el PP trabajamos para que en este pa\u00eds haya crecimiento y empleo\u00bb - El Digital de Asturias<\/title>\n\n","aioseo_head_json":{"title":"Crist\u00f3bal Montoro: \u201cEn el PP trabajamos para que en este pa\u00eds haya crecimiento y empleo\u00bb - El Digital de Asturias","description":"Crist\u00f3bal Montoro fue firme y contundente durante su intervenci\u00f3n en la 23 Intermunicipal del Partido Popular en Zaragoza respecto a los sucesos de Catalu\u00f1a tras recibir la palabra del vicesecretario de Pol\u00edtica Social y Sectorial del PP, Javier Maroto, quien expres\u00f3 su opini\u00f3n respecto al tema: \u201clamento que en Catalu\u00f1a se est\u00e9 liando una bien","canonical_url":"https:\/\/www.eldigitaldeasturias.com\/noticias\/cristobal-montoro-en-el-pp-trabajamos-para-que-en-este-pais-haya-crecimiento-y-empleo\/","robots":"max-image-preview:large","keywords":"actualidad","webmasterTools":{"google-site-verification":"UA-38556648-1","msvalidate.01":"7dfe9f3f1b24437ab69f4f2559babe99","miscellaneous":""},"schema":{"@context":"https:\/\/schema.org","@graph":[{"@type":"BlogPosting","@id":"https:\/\/www.eldigitaldeasturias.com\/noticias\/cristobal-montoro-en-el-pp-trabajamos-para-que-en-este-pais-haya-crecimiento-y-empleo\/#blogposting","name":"Crist\u00f3bal Montoro: \u201cEn el PP trabajamos para que en este pa\u00eds haya crecimiento y empleo\u00bb - El Digital de Asturias","headline":"Crist\u00f3bal Montoro: \u201cEn el PP trabajamos para que en este pa\u00eds haya crecimiento y empleo\u00bb","author":{"@id":"https:\/\/www.eldigitaldeasturias.com\/noticias\/author\/admin\/#author"},"publisher":{"@id":"https:\/\/www.eldigitaldeasturias.com\/noticias\/#organization"},"image":{"@type":"ImageObject","url":952236},"datePublished":"2017-09-08T21:01:32+02:00","dateModified":"2017-09-08T21:01:32+02:00","inLanguage":"es-ES","mainEntityOfPage":{"@id":"https:\/\/www.eldigitaldeasturias.com\/noticias\/cristobal-montoro-en-el-pp-trabajamos-para-que-en-este-pais-haya-crecimiento-y-empleo\/#webpage"},"isPartOf":{"@id":"https:\/\/www.eldigitaldeasturias.com\/noticias\/cristobal-montoro-en-el-pp-trabajamos-para-que-en-este-pais-haya-crecimiento-y-empleo\/#webpage"},"articleSection":"Actualidad"},{"@type":"BreadcrumbList","@id":"https:\/\/www.eldigitaldeasturias.com\/noticias\/cristobal-montoro-en-el-pp-trabajamos-para-que-en-este-pais-haya-crecimiento-y-empleo\/#breadcrumblist","itemListElement":[{"@type":"ListItem","@id":"https:\/\/www.eldigitaldeasturias.com\/noticias#listItem","position":1,"name":"Home","item":"https:\/\/www.eldigitaldeasturias.com\/noticias","nextItem":{"@type":"ListItem","@id":"https:\/\/www.eldigitaldeasturias.com\/noticias\/category\/actualidad\/#listItem","name":"Actualidad"}},{"@type":"ListItem","@id":"https:\/\/www.eldigitaldeasturias.com\/noticias\/category\/actualidad\/#listItem","position":2,"name":"Actualidad","item":"https:\/\/www.eldigitaldeasturias.com\/noticias\/category\/actualidad\/","nextItem":{"@type":"ListItem","@id":"https:\/\/www.eldigitaldeasturias.com\/noticias\/cristobal-montoro-en-el-pp-trabajamos-para-que-en-este-pais-haya-crecimiento-y-empleo\/#listItem","name":"Crist\u00f3bal Montoro: \u201cEn el PP trabajamos para que en este pa\u00eds haya crecimiento y empleo\u00bb"},"previousItem":{"@type":"ListItem","@id":"https:\/\/www.eldigitaldeasturias.com\/noticias#listItem","name":"Home"}},{"@type":"ListItem","@id":"https:\/\/www.eldigitaldeasturias.com\/noticias\/cristobal-montoro-en-el-pp-trabajamos-para-que-en-este-pais-haya-crecimiento-y-empleo\/#listItem","position":3,"name":"Crist\u00f3bal Montoro: \u201cEn el PP trabajamos para que en este pa\u00eds haya crecimiento y empleo\u00bb","previousItem":{"@type":"ListItem","@id":"https:\/\/www.eldigitaldeasturias.com\/noticias\/category\/actualidad\/#listItem","name":"Actualidad"}}]},{"@type":"Organization","@id":"https:\/\/www.eldigitaldeasturias.com\/noticias\/#organization","name":"El Digital de Asturias","description":"Hemeroteca","url":"https:\/\/www.eldigitaldeasturias.com\/noticias\/","email":"info@eldigitaldeasturias.com","telephone":"+34652131393","logo":{"@type":"ImageObject","url":"https:\/\/www.eldigitaldeasturias.com\/noticias\/wp-content\/uploads\/2020\/12\/EDA.jpg","@id":"https:\/\/www.eldigitaldeasturias.com\/noticias\/cristobal-montoro-en-el-pp-trabajamos-para-que-en-este-pais-haya-crecimiento-y-empleo\/#organizationLogo"},"image":{"@id":"https:\/\/www.eldigitaldeasturias.com\/noticias\/cristobal-montoro-en-el-pp-trabajamos-para-que-en-este-pais-haya-crecimiento-y-empleo\/#organizationLogo"},"sameAs":["https:\/\/facebook.com\/eldigitaldeasturias","https:\/\/www.youtube.com\/channel\/UCZP-2wLEB9Rv6erhFmqVnvg"],"address":{"@id":"https:\/\/www.eldigitaldeasturias.com\/noticias\/#postaladdress","@type":"PostalAddress","streetAddress":"san antonio 4","postalCode":"33430","addressLocality":"Cand\u00e1s","addressRegion":"Asturias","addressCountry":"ES"}},{"@type":"Person","@id":"https:\/\/www.eldigitaldeasturias.com\/noticias\/author\/admin\/#author","url":"https:\/\/www.eldigitaldeasturias.com\/noticias\/author\/admin\/","name":"El Digital de Asturias","image":{"@type":"ImageObject","@id":"https:\/\/www.eldigitaldeasturias.com\/noticias\/cristobal-montoro-en-el-pp-trabajamos-para-que-en-este-pais-haya-crecimiento-y-empleo\/#authorImage","url":"https:\/\/secure.gravatar.com\/avatar\/df2aeffc32bcd13f8d26072ef8a91b623d677766deac7f97ca815868cd41bf5e?s=96&d=mm&r=g","width":96,"height":96,"caption":"El Digital de Asturias"}},{"@type":"WebPage","@id":"https:\/\/www.eldigitaldeasturias.com\/noticias\/cristobal-montoro-en-el-pp-trabajamos-para-que-en-este-pais-haya-crecimiento-y-empleo\/#webpage","url":"https:\/\/www.eldigitaldeasturias.com\/noticias\/cristobal-montoro-en-el-pp-trabajamos-para-que-en-este-pais-haya-crecimiento-y-empleo\/","name":"Crist\u00f3bal Montoro: \u201cEn el PP trabajamos para que en este pa\u00eds haya crecimiento y empleo\u00bb - El Digital de Asturias","description":"Crist\u00f3bal Montoro fue firme y contundente durante su intervenci\u00f3n en la 23 Intermunicipal del Partido Popular en Zaragoza respecto a los sucesos de Catalu\u00f1a tras recibir la palabra del vicesecretario de Pol\u00edtica Social y Sectorial del PP, Javier Maroto, quien expres\u00f3 su opini\u00f3n respecto al tema: \u201clamento que en Catalu\u00f1a se est\u00e9 liando una bien","inLanguage":"es-ES","isPartOf":{"@id":"https:\/\/www.eldigitaldeasturias.com\/noticias\/#website"},"breadcrumb":{"@id":"https:\/\/www.eldigitaldeasturias.com\/noticias\/cristobal-montoro-en-el-pp-trabajamos-para-que-en-este-pais-haya-crecimiento-y-empleo\/#breadcrumblist"},"author":{"@id":"https:\/\/www.eldigitaldeasturias.com\/noticias\/author\/admin\/#author"},"creator":{"@id":"https:\/\/www.eldigitaldeasturias.com\/noticias\/author\/admin\/#author"},"image":{"@type":"ImageObject","url":952236,"@id":"https:\/\/www.eldigitaldeasturias.com\/noticias\/cristobal-montoro-en-el-pp-trabajamos-para-que-en-este-pais-haya-crecimiento-y-empleo\/#mainImage"},"primaryImageOfPage":{"@id":"https:\/\/www.eldigitaldeasturias.com\/noticias\/cristobal-montoro-en-el-pp-trabajamos-para-que-en-este-pais-haya-crecimiento-y-empleo\/#mainImage"},"datePublished":"2017-09-08T21:01:32+02:00","dateModified":"2017-09-08T21:01:32+02:00"},{"@type":"WebSite","@id":"https:\/\/www.eldigitaldeasturias.com\/noticias\/#website","url":"https:\/\/www.eldigitaldeasturias.com\/noticias\/","name":"El Digital de Asturias - Diario de actualidad y noticias","alternateName":"El Digital de Asturias - Diario de actualidad y noticias","description":"Hemeroteca","inLanguage":"es-ES","publisher":{"@id":"https:\/\/www.eldigitaldeasturias.com\/noticias\/#organization"}}]},"og:locale":"es_ES","og:site_name":"El Digital de Asturias","og:type":"article","og:title":"Crist\u00f3bal Montoro: \u201cEn el PP trabajamos para que en este pa\u00eds haya crecimiento y empleo\u00bb - El Digital de Asturias","og:description":"Crist\u00f3bal Montoro fue firme y contundente durante su intervenci\u00f3n en la 23 Intermunicipal del Partido Popular en Zaragoza respecto a los sucesos de Catalu\u00f1a tras recibir la palabra del vicesecretario de Pol\u00edtica Social y Sectorial del PP, Javier Maroto, quien expres\u00f3 su opini\u00f3n respecto al tema: \u201clamento que en Catalu\u00f1a se est\u00e9 liando una bien","og:url":"https:\/\/www.eldigitaldeasturias.com\/noticias\/cristobal-montoro-en-el-pp-trabajamos-para-que-en-este-pais-haya-crecimiento-y-empleo\/","article:tag":["actualidad"],"article:published_time":"2017-09-08T21:01:32+00:00","article:modified_time":"2017-09-08T21:01:32+00:00","article:publisher":"https:\/\/facebook.com\/eldigitaldeasturias","twitter:card":"summary_large_image","twitter:title":"Crist\u00f3bal Montoro: \u201cEn el PP trabajamos para que en este pa\u00eds haya crecimiento y empleo\u00bb - El Digital de Asturias","twitter:description":"Crist\u00f3bal Montoro fue firme y contundente durante su intervenci\u00f3n en la 23 Intermunicipal del Partido Popular en Zaragoza respecto a los sucesos de Catalu\u00f1a tras recibir la palabra del vicesecretario de Pol\u00edtica Social y Sectorial del PP, Javier Maroto, quien expres\u00f3 su opini\u00f3n respecto al tema: \u201clamento que en Catalu\u00f1a se est\u00e9 liando una bien","twitter:image":"https:\/\/www.eldigitaldeasturias.com\/noticias\/wp-content\/uploads\/2020\/12\/EDA-1.jpg","twitter:label1":"Escrito por","twitter:data1":"El Digital de Asturias","twitter:label2":"Tiempo de lectura estimado","twitter:data2":"3 minutos"},"aioseo_meta_data":{"post_id":"952235","title":null,"description":null,"keywords":null,"keyphrases":null,"primary_term":null,"canonical_url":null,"og_title":null,"og_description":null,"og_object_type":"default","og_image_type":"default","og_image_url":null,"og_image_width":null,"og_image_height":null,"og_image_custom_url":null,"og_image_custom_fields":null,"og_video":null,"og_custom_url":null,"og_article_section":null,"og_article_tags":null,"twitter_use_og":false,"twitter_card":"default","twitter_image_type":"default","twitter_image_url":null,"twitter_image_custom_url":null,"twitter_image_custom_fields":null,"twitter_title":null,"twitter_description":null,"schema":{"blockGraphs":[],"customGraphs":[],"default":{"data":{"Article":[],"Course":[],"Dataset":[],"FAQPage":[],"Movie":[],"Person":[],"Product":[],"ProductReview":[],"Car":[],"Recipe":[],"Service":[],"SoftwareApplication":[],"WebPage":[]},"graphName":"","isEnabled":true},"graphs":[],"defaultGraph":"","defaultPostTypeGraph":""},"schema_type":null,"schema_type_options":null,"pillar_content":false,"robots_default":true,"robots_noindex":false,"robots_noarchive":false,"robots_nosnippet":false,"robots_nofollow":false,"robots_noimageindex":false,"robots_noodp":false,"robots_notranslate":false,"robots_max_snippet":null,"robots_max_videopreview":null,"robots_max_imagepreview":"large","priority":null,"frequency":null,"local_seo":null,"seo_analyzer_scan_date":"2025-12-05 22:03:14","breadcrumb_settings":null,"limit_modified_date":false,"open_ai":null,"ai":null,"created":"2020-12-21 12:57:50","updated":"2025-12-05 22:03:14","focus_keyword":null,"additional_keywords":null,"truseo_locale":null},"aioseo_breadcrumb":"<div class=\"aioseo-breadcrumbs\"><span class=\"aioseo-breadcrumb\">\n\t<a href=\"https:\/\/www.eldigitaldeasturias.com\/noticias\" title=\"Home\">Home<\/a>\n<\/span><span class=\"aioseo-breadcrumb-separator\">\u2013<\/span><span class=\"aioseo-breadcrumb\">\n\t<a href=\"https:\/\/www.eldigitaldeasturias.com\/noticias\/category\/actualidad\/\" title=\"Actualidad\">Actualidad<\/a>\n<\/span><span class=\"aioseo-breadcrumb-separator\">\u2013<\/span><span class=\"aioseo-breadcrumb\">\n\t<a href=\"https:\/\/www.eldigitaldeasturias.com\/noticias\/cristobal-montoro-en-el-pp-trabajamos-para-que-en-este-pais-haya-crecimiento-y-empleo\/\" title=\"Crist\u00f3bal Montoro: \u201cEn el PP trabajamos para que en este pa\u00eds haya crecimiento y empleo\u00bb\">Crist\u00f3bal Montoro: \u201cEn el PP trabajamos para que en este pa\u00eds haya crecimiento y empleo\u00bb<\/a>\n<\/span><\/div>","aioseo_breadcrumb_json":[{"label":"Home","link":"https:\/\/www.eldigitaldeasturias.com\/noticias"},{"label":"Actualidad","link":"https:\/\/www.eldigitaldeasturias.com\/noticias\/category\/actualidad\/"},{"label":"Crist\u00f3bal Montoro: \u201cEn el PP trabajamos para que en este pa\u00eds haya crecimiento y empleo\u00bb","link":"https:\/\/www.eldigitaldeasturias.com\/noticias\/cristobal-montoro-en-el-pp-trabajamos-para-que-en-este-pais-haya-crecimiento-y-empleo\/"}],"_links":{"self":[{"href":"https:\/\/www.eldigitaldeasturias.com\/noticias\/wp-json\/wp\/v2\/posts\/952235","targetHints":{"allow":["GET"]}}],"collection":[{"href":"https:\/\/www.eldigitaldeasturias.com\/noticias\/wp-json\/wp\/v2\/posts"}],"about":[{"href":"https:\/\/www.eldigitaldeasturias.com\/noticias\/wp-json\/wp\/v2\/types\/post"}],"author":[{"embeddable":true,"href":"https:\/\/www.eldigitaldeasturias.com\/noticias\/wp-json\/wp\/v2\/users\/1"}],"replies":[{"embeddable":true,"href":"https:\/\/www.eldigitaldeasturias.com\/noticias\/wp-json\/wp\/v2\/comments?post=952235"}],"version-history":[{"count":0,"href":"https:\/\/www.eldigitaldeasturias.com\/noticias\/wp-json\/wp\/v2\/posts\/952235\/revisions"}],"wp:attachment":[{"href":"https:\/\/www.eldigitaldeasturias.com\/noticias\/wp-json\/wp\/v2\/media?parent=952235"}],"wp:term":[{"taxonomy":"category","embeddable":true,"href":"https:\/\/www.eldigitaldeasturias.com\/noticias\/wp-json\/wp\/v2\/categories?post=952235"},{"taxonomy":"post_tag","embeddable":true,"href":"https:\/\/www.eldigitaldeasturias.com\/noticias\/wp-json\/wp\/v2\/tags?post=952235"}],"curies":[{"name":"wp","href":"https:\/\/api.w.org\/{rel}","templated":true}]}}