{"id":952233,"date":"2017-09-08T20:56:28","date_gmt":"2017-09-08T20:56:28","guid":{"rendered":"http:\/\/www.eldigitaldeasturias.com\/noticias\/?p=952233"},"modified":"2017-09-08T20:56:28","modified_gmt":"2017-09-08T20:56:28","slug":"el-deficit-del-estado-se-reduce-un-286-hasta-julio-de-2017","status":"publish","type":"post","link":"https:\/\/www.eldigitaldeasturias.com\/noticias\/el-deficit-del-estado-se-reduce-un-286-hasta-julio-de-2017\/","title":{"rendered":"El d\u00e9ficit del Estado se reduce un 28,6% hasta julio de 2017"},"content":{"rendered":"<p><img loading=\"lazy\" decoding=\"async\" class=\"alignleft size-medium wp-image-822740\" src=\"https:\/\/www.eldigitaldeasturias.com\/noticias\/wp-content\/uploads\/2015\/11\/euros-360x241.jpg\" alt=\"\" width=\"360\" height=\"241\" \/>Hoy se han publicado en la web del Ministerio de Hacienda y Funci\u00f3n P\u00fablica los datos de ejecuci\u00f3n presupuestaria del Estado correspondientes al mes de julio.<\/p>\n<p>Los datos referidos al conjunto de la Administraci\u00f3n Central, Comunidades Aut\u00f3nomas y Seguridad Social correspondiente al mes de junio en t\u00e9rminos de contabilidad nacional se publicar\u00e1n en la web del ministerio el pr\u00f3ximo 12 de septiembre.<\/p>\n<p>Los datos de ejecuci\u00f3n del Estado del mes de julio incluyen la liquidaci\u00f3n definitiva del sistema de financiaci\u00f3n de las Comunidades Aut\u00f3nomas y Corporaciones Locales correspondiente al ejercicio 2015, que afecta tanto a los ingresos del Estado (por las cantidades que se reciben de las Administraciones Territoriales) como a los gastos (por las cuant\u00edas que el Estado les debe transferir).<\/p>\n<p>La liquidaci\u00f3n del sistema de financiaci\u00f3n de las Administraciones Territoriales del a\u00f1o 2015 asciende a 9.262 millones de euros, 675 millones m\u00e1s que la liquidaci\u00f3n efectuada el a\u00f1o pasado. La liquidaci\u00f3n ha resultado a favor de las Comunidades Aut\u00f3nomas por importe de 8.653 millones y a favor de las Corporaciones Locales por importe de 609 millones.<\/p>\n<p>La liquidaci\u00f3n del sistema de financiaci\u00f3n no afecta al d\u00e9ficit del conjunto de las Administraciones P\u00fablicas, pero s\u00ed al de los distintos subsectores, suponiendo un mayor d\u00e9ficit para el Estado en julio que se ver\u00e1 compensado por la mejor\u00eda de los saldos en las Comunidades Aut\u00f3nomas y de las Corporaciones Locales que se publicar\u00e1n el siguiente mes.<\/p>\n<p><strong>D\u00c9FICIT DEL ESTADO (JULIO)<\/strong><\/p>\n<p>El Estado ha registrado un d\u00e9ficit en julio de 21.604 millones de euros, 8.655 millones menos que en el mismo periodo de 2016, y supone un descenso del 28,6% respecto al a\u00f1o anterior. Este descenso incluye el impacto de la liquidaci\u00f3n del sistema de financiaci\u00f3n de 2015 efectuada en julio, que aumenta en 675 millones respecto a la liquidaci\u00f3n realizada en julio del a\u00f1o pasado. Excluyendo el efecto de la liquidaci\u00f3n en ambos a\u00f1os, el d\u00e9ficit del Estado caer\u00eda un 43,1% interanual.<\/p>\n<p>En t\u00e9rminos de PIB, hasta julio el d\u00e9ficit del Estado es equivalente al 1,86% frente al 2,72% del a\u00f1o anterior, y es el resultado de unos recursos que ascienden al 8,54% del PIB y de unos empleos que suponen el 10,40% del PIB.<\/p>\n<p>Recursos no financieros del Estado<\/p>\n<p>Hasta julio, los recursos no financieros del Estado han ascendido a 99.329 millones, frente a los 94.736 millones registrados en el mismo periodo de 2016.<\/p>\n<p>Los ingresos por impuestos y cotizaciones ascienden a 90.501 millones de los cuales, 56.085 millones corresponden a impuestos sobre la producci\u00f3n y las importaciones, que crecen un 5,1% debido fundamentalmente a la evoluci\u00f3n de los ingresos por IVA que aumenta un 5,9% respecto al mismo periodo del a\u00f1o anterior. Por su parte, los impuestos corrientes sobre la renta y el patrimonio ascienden a 29.962 millones, con un incremento del 11,1%. En este grupo de impuestos se encuadra el Impuesto sobre la Renta de las Personas F\u00edsicas que aumentan un 2% hasta alcanzar los 19.588 millones. Este aumento se ha compensado en parte con el efecto de la liquidaci\u00f3n del sistema de financiaci\u00f3n del 2015 que supone unos mayores ingresos para las Comunidades Aut\u00f3nomas por importe de 640 millones. En cuanto al Impuesto sobre Sociedades, esta figura crece un 36,3%, debido al incremento del primer pago fraccionado como consecuencia del impacto del RD-Ley 2\/2016 y del RD-Ley 3\/2016.<\/p>\n<p>Respecto al resto de recursos, con un importe de 8.828 millones, destacan los menores dividendos procedentes del Banco de Espa\u00f1a que disminuyen en 584 millones, compensado en parte con los dividendos de ENAIRE que ascienden a 292 millones sin correspondencia con el a\u00f1o anterior.<\/p>\n<p><strong>Empleos no financieros del Estado<\/strong><\/p>\n<p>Contin\u00faa la reducci\u00f3n de los gastos no financieros del Estado en el mes de julio, con una ca\u00edda acumulada del 3,2% en lo que va de a\u00f1o, hasta los 120.933 millones. Esta cifra tambi\u00e9n est\u00e1 afectada por la liquidaci\u00f3n del sistema de financiaci\u00f3n que supone 7.571 millones de gasto para el Estado. Eliminando el efecto de la liquidaci\u00f3n a Comunidades Aut\u00f3nomas del sistema de financiaci\u00f3n en 2015 y 2016, la reducci\u00f3n de los gastos no financieros alcanzar\u00eda el 3,4%.<\/p>\n<p>Se observa un descenso generalizado en pr\u00e1cticamente todas las r\u00fabricas de gasto, con una disminuci\u00f3n del 5,5% de los intereses, del 6,5% en consumos intermedios, del 4,1% en remuneraci\u00f3n de asalariados, afectado en parte por la devoluci\u00f3n de la paga extra realizada en 2016, sin reflejo en 2017, y el descenso del 10,1% en la aportaci\u00f3n para financiar el Presupuesto de la Uni\u00f3n Europea.<\/p>\n<p>Descienden tambi\u00e9n las transferencias corrientes entre Administraciones P\u00fablicas, que son la partida de mayor volumen, un 3,3% menos que en 2016, destacando el descenso de las transferencias realizadas al Servicio P\u00fablico de Empleo Estatal para financiar las prestaciones por desempleo en 1.775 millones, gracias que se mantiene la favorable evoluci\u00f3n del mercado laboral. Las transferencias a los Organismos de la Administraci\u00f3n Central tambi\u00e9n han sido inferiores en un 18,4%.<\/p>\n<p>Por \u00faltimo las Corporaciones Locales han recibido del Estado un 3% menos en 2016, por los menores pagos derivados de la liquidaci\u00f3n de 2015. En sentido contrario, aumentan un 1% las transferencias destinadas a Comunidades Aut\u00f3nomas consecuencia de la liquidaci\u00f3n definitiva de 2015, debido al aumento de las entregas a cuenta del sistema de financiaci\u00f3n que crecen un 1,1%.<\/p>\n<p>Entre las partidas de gasto corriente que aumentan cabe se\u00f1alar las prestaciones sociales distintas de las transferencias sociales en especie, que registran un incremento del 1,9 %, consecuencia fundamentalmente del crecimiento de las pensiones de clases pasivas.<\/p>\n<p>Dentro de los empleos de capital, la formaci\u00f3n bruta asciende a 2.457 millones frente a los 2.589 millones del a\u00f1o anterior. La ayuda a la inversi\u00f3n crece hasta los 319 millones frente a los 281 de 2016, debido a las aportaciones de ADIF-Alta Velocidad por importe de 187 millones, sin correspondencia en 2016.<\/p>\n<p>Por \u00faltimo se reducen las transferencias de capital un 4,6% hasta los 1.424 millones.<\/p>\n","protected":false},"excerpt":{"rendered":"<p>Hoy se han publicado en la web del Ministerio de Hacienda y Funci\u00f3n P\u00fablica los datos de ejecuci\u00f3n presupuestaria del Estado correspondientes al mes de julio. Los datos referidos al conjunto de la Administraci\u00f3n Central, Comunidades Aut\u00f3nomas y Seguridad Social correspondiente al mes de junio en t\u00e9rminos de contabilidad nacional se publicar\u00e1n en la web [&hellip;]<\/p>\n","protected":false},"author":1,"featured_media":822740,"comment_status":"closed","ping_status":"closed","sticky":false,"template":"","format":"standard","meta":{"footnotes":""},"categories":[1],"tags":[],"class_list":["post-952233","post","type-post","status-publish","format-standard","has-post-thumbnail","hentry","category-actualidad"],"aioseo_notices":[],"aioseo_head":"\n\t\t<!-- All in One SEO Pro 5.0.1 - aioseo.com -->\n\t<meta name=\"description\" content=\"Hoy se han publicado en la web del Ministerio de Hacienda y Funci\u00f3n P\u00fablica los datos de ejecuci\u00f3n presupuestaria del Estado correspondientes al mes de julio. Los datos referidos al conjunto de la Administraci\u00f3n Central, Comunidades Aut\u00f3nomas y Seguridad Social correspondiente al mes de junio en t\u00e9rminos de contabilidad nacional se publicar\u00e1n en la web\" \/>\n\t<meta name=\"robots\" content=\"max-image-preview:large\" \/>\n\t<meta name=\"author\" content=\"El Digital de Asturias\"\/>\n\t<meta name=\"google-site-verification\" content=\"UA-38556648-1\" \/>\n\t<meta name=\"msvalidate.01\" content=\"7dfe9f3f1b24437ab69f4f2559babe99\" \/>\n\t<meta name=\"keywords\" content=\"actualidad\" \/>\n\t<link rel=\"canonical\" href=\"https:\/\/www.eldigitaldeasturias.com\/noticias\/el-deficit-del-estado-se-reduce-un-286-hasta-julio-de-2017\/\" \/>\n\t<meta name=\"generator\" content=\"All in One SEO Pro (AIOSEO) 5.0.1\" \/>\n\t\t<meta property=\"og:locale\" content=\"es_ES\" \/>\n\t\t<meta property=\"og:site_name\" content=\"El Digital de Asturias\" \/>\n\t\t<meta property=\"og:type\" content=\"article\" \/>\n\t\t<meta property=\"og:title\" content=\"El d\u00e9ficit del Estado se reduce un 28,6% hasta julio de 2017 - El Digital de Asturias\" \/>\n\t\t<meta property=\"og:description\" content=\"Hoy se han publicado en la web del Ministerio de Hacienda y Funci\u00f3n P\u00fablica los datos de ejecuci\u00f3n presupuestaria del Estado correspondientes al mes de julio. Los datos referidos al conjunto de la Administraci\u00f3n Central, Comunidades Aut\u00f3nomas y Seguridad Social correspondiente al mes de junio en t\u00e9rminos de contabilidad nacional se publicar\u00e1n en la web\" \/>\n\t\t<meta property=\"og:url\" content=\"https:\/\/www.eldigitaldeasturias.com\/noticias\/el-deficit-del-estado-se-reduce-un-286-hasta-julio-de-2017\/\" \/>\n\t\t<meta property=\"article:tag\" content=\"actualidad\" \/>\n\t\t<meta property=\"article:published_time\" content=\"2017-09-08T20:56:28+00:00\" \/>\n\t\t<meta property=\"article:modified_time\" content=\"2017-09-08T20:56:28+00:00\" \/>\n\t\t<meta property=\"article:publisher\" content=\"https:\/\/facebook.com\/eldigitaldeasturias\" \/>\n\t\t<meta name=\"twitter:card\" content=\"summary_large_image\" \/>\n\t\t<meta name=\"twitter:title\" content=\"El d\u00e9ficit del Estado se reduce un 28,6% hasta julio de 2017 - El Digital de Asturias\" \/>\n\t\t<meta name=\"twitter:description\" content=\"Hoy se han publicado en la web del Ministerio de Hacienda y Funci\u00f3n P\u00fablica los datos de ejecuci\u00f3n presupuestaria del Estado correspondientes al mes de julio. Los datos referidos al conjunto de la Administraci\u00f3n Central, Comunidades Aut\u00f3nomas y Seguridad Social correspondiente al mes de junio en t\u00e9rminos de contabilidad nacional se publicar\u00e1n en la web\" \/>\n\t\t<meta name=\"twitter:image\" content=\"https:\/\/www.eldigitaldeasturias.com\/noticias\/wp-content\/uploads\/2020\/12\/EDA-1.jpg\" \/>\n\t\t<meta name=\"twitter:label1\" content=\"Escrito por\" \/>\n\t\t<meta name=\"twitter:data1\" content=\"El Digital de Asturias\" \/>\n\t\t<meta name=\"twitter:label2\" content=\"Tiempo de lectura estimado\" \/>\n\t\t<meta name=\"twitter:data2\" content=\"5 minutos\" \/>\n\t\t<script type=\"application\/ld+json\" class=\"aioseo-schema\">\n\t\t\t{\"@context\":\"https:\\\/\\\/schema.org\",\"@graph\":[{\"@type\":\"BlogPosting\",\"@id\":\"https:\\\/\\\/www.eldigitaldeasturias.com\\\/noticias\\\/el-deficit-del-estado-se-reduce-un-286-hasta-julio-de-2017\\\/#blogposting\",\"name\":\"El d\\u00e9ficit del Estado se reduce un 28,6% hasta julio de 2017 - El Digital de Asturias\",\"headline\":\"El d\\u00e9ficit del Estado se reduce un 28,6% hasta julio de 2017\",\"author\":{\"@id\":\"https:\\\/\\\/www.eldigitaldeasturias.com\\\/noticias\\\/author\\\/admin\\\/#author\"},\"publisher\":{\"@id\":\"https:\\\/\\\/www.eldigitaldeasturias.com\\\/noticias\\\/#organization\"},\"image\":{\"@type\":\"ImageObject\",\"url\":822740},\"datePublished\":\"2017-09-08T20:56:28+02:00\",\"dateModified\":\"2017-09-08T20:56:28+02:00\",\"inLanguage\":\"es-ES\",\"mainEntityOfPage\":{\"@id\":\"https:\\\/\\\/www.eldigitaldeasturias.com\\\/noticias\\\/el-deficit-del-estado-se-reduce-un-286-hasta-julio-de-2017\\\/#webpage\"},\"isPartOf\":{\"@id\":\"https:\\\/\\\/www.eldigitaldeasturias.com\\\/noticias\\\/el-deficit-del-estado-se-reduce-un-286-hasta-julio-de-2017\\\/#webpage\"},\"articleSection\":\"Actualidad\"},{\"@type\":\"BreadcrumbList\",\"@id\":\"https:\\\/\\\/www.eldigitaldeasturias.com\\\/noticias\\\/el-deficit-del-estado-se-reduce-un-286-hasta-julio-de-2017\\\/#breadcrumblist\",\"itemListElement\":[{\"@type\":\"ListItem\",\"@id\":\"https:\\\/\\\/www.eldigitaldeasturias.com\\\/noticias#listItem\",\"position\":1,\"name\":\"Home\",\"item\":\"https:\\\/\\\/www.eldigitaldeasturias.com\\\/noticias\",\"nextItem\":{\"@type\":\"ListItem\",\"@id\":\"https:\\\/\\\/www.eldigitaldeasturias.com\\\/noticias\\\/category\\\/actualidad\\\/#listItem\",\"name\":\"Actualidad\"}},{\"@type\":\"ListItem\",\"@id\":\"https:\\\/\\\/www.eldigitaldeasturias.com\\\/noticias\\\/category\\\/actualidad\\\/#listItem\",\"position\":2,\"name\":\"Actualidad\",\"item\":\"https:\\\/\\\/www.eldigitaldeasturias.com\\\/noticias\\\/category\\\/actualidad\\\/\",\"nextItem\":{\"@type\":\"ListItem\",\"@id\":\"https:\\\/\\\/www.eldigitaldeasturias.com\\\/noticias\\\/el-deficit-del-estado-se-reduce-un-286-hasta-julio-de-2017\\\/#listItem\",\"name\":\"El d\\u00e9ficit del Estado se reduce un 28,6% hasta julio de 2017\"},\"previousItem\":{\"@type\":\"ListItem\",\"@id\":\"https:\\\/\\\/www.eldigitaldeasturias.com\\\/noticias#listItem\",\"name\":\"Home\"}},{\"@type\":\"ListItem\",\"@id\":\"https:\\\/\\\/www.eldigitaldeasturias.com\\\/noticias\\\/el-deficit-del-estado-se-reduce-un-286-hasta-julio-de-2017\\\/#listItem\",\"position\":3,\"name\":\"El d\\u00e9ficit del Estado se reduce un 28,6% hasta julio de 2017\",\"previousItem\":{\"@type\":\"ListItem\",\"@id\":\"https:\\\/\\\/www.eldigitaldeasturias.com\\\/noticias\\\/category\\\/actualidad\\\/#listItem\",\"name\":\"Actualidad\"}}]},{\"@type\":\"Organization\",\"@id\":\"https:\\\/\\\/www.eldigitaldeasturias.com\\\/noticias\\\/#organization\",\"name\":\"El Digital de Asturias\",\"description\":\"Hemeroteca\",\"url\":\"https:\\\/\\\/www.eldigitaldeasturias.com\\\/noticias\\\/\",\"email\":\"info@eldigitaldeasturias.com\",\"telephone\":\"+34652131393\",\"logo\":{\"@type\":\"ImageObject\",\"url\":\"https:\\\/\\\/www.eldigitaldeasturias.com\\\/noticias\\\/wp-content\\\/uploads\\\/2020\\\/12\\\/EDA.jpg\",\"@id\":\"https:\\\/\\\/www.eldigitaldeasturias.com\\\/noticias\\\/el-deficit-del-estado-se-reduce-un-286-hasta-julio-de-2017\\\/#organizationLogo\"},\"image\":{\"@id\":\"https:\\\/\\\/www.eldigitaldeasturias.com\\\/noticias\\\/el-deficit-del-estado-se-reduce-un-286-hasta-julio-de-2017\\\/#organizationLogo\"},\"sameAs\":[\"https:\\\/\\\/facebook.com\\\/eldigitaldeasturias\",\"https:\\\/\\\/www.youtube.com\\\/channel\\\/UCZP-2wLEB9Rv6erhFmqVnvg\"],\"address\":{\"@id\":\"https:\\\/\\\/www.eldigitaldeasturias.com\\\/noticias\\\/#postaladdress\",\"@type\":\"PostalAddress\",\"streetAddress\":\"san antonio 4\",\"postalCode\":\"33430\",\"addressLocality\":\"Cand\\u00e1s\",\"addressRegion\":\"Asturias\",\"addressCountry\":\"ES\"}},{\"@type\":\"Person\",\"@id\":\"https:\\\/\\\/www.eldigitaldeasturias.com\\\/noticias\\\/author\\\/admin\\\/#author\",\"url\":\"https:\\\/\\\/www.eldigitaldeasturias.com\\\/noticias\\\/author\\\/admin\\\/\",\"name\":\"El Digital de Asturias\",\"image\":{\"@type\":\"ImageObject\",\"@id\":\"https:\\\/\\\/www.eldigitaldeasturias.com\\\/noticias\\\/el-deficit-del-estado-se-reduce-un-286-hasta-julio-de-2017\\\/#authorImage\",\"url\":\"https:\\\/\\\/secure.gravatar.com\\\/avatar\\\/df2aeffc32bcd13f8d26072ef8a91b623d677766deac7f97ca815868cd41bf5e?s=96&d=mm&r=g\",\"width\":96,\"height\":96,\"caption\":\"El Digital de Asturias\"}},{\"@type\":\"WebPage\",\"@id\":\"https:\\\/\\\/www.eldigitaldeasturias.com\\\/noticias\\\/el-deficit-del-estado-se-reduce-un-286-hasta-julio-de-2017\\\/#webpage\",\"url\":\"https:\\\/\\\/www.eldigitaldeasturias.com\\\/noticias\\\/el-deficit-del-estado-se-reduce-un-286-hasta-julio-de-2017\\\/\",\"name\":\"El d\\u00e9ficit del Estado se reduce un 28,6% hasta julio de 2017 - El Digital de Asturias\",\"description\":\"Hoy se han publicado en la web del Ministerio de Hacienda y Funci\\u00f3n P\\u00fablica los datos de ejecuci\\u00f3n presupuestaria del Estado correspondientes al mes de julio. Los datos referidos al conjunto de la Administraci\\u00f3n Central, Comunidades Aut\\u00f3nomas y Seguridad Social correspondiente al mes de junio en t\\u00e9rminos de contabilidad nacional se publicar\\u00e1n en la web\",\"inLanguage\":\"es-ES\",\"isPartOf\":{\"@id\":\"https:\\\/\\\/www.eldigitaldeasturias.com\\\/noticias\\\/#website\"},\"breadcrumb\":{\"@id\":\"https:\\\/\\\/www.eldigitaldeasturias.com\\\/noticias\\\/el-deficit-del-estado-se-reduce-un-286-hasta-julio-de-2017\\\/#breadcrumblist\"},\"author\":{\"@id\":\"https:\\\/\\\/www.eldigitaldeasturias.com\\\/noticias\\\/author\\\/admin\\\/#author\"},\"creator\":{\"@id\":\"https:\\\/\\\/www.eldigitaldeasturias.com\\\/noticias\\\/author\\\/admin\\\/#author\"},\"image\":{\"@type\":\"ImageObject\",\"url\":822740,\"@id\":\"https:\\\/\\\/www.eldigitaldeasturias.com\\\/noticias\\\/el-deficit-del-estado-se-reduce-un-286-hasta-julio-de-2017\\\/#mainImage\"},\"primaryImageOfPage\":{\"@id\":\"https:\\\/\\\/www.eldigitaldeasturias.com\\\/noticias\\\/el-deficit-del-estado-se-reduce-un-286-hasta-julio-de-2017\\\/#mainImage\"},\"datePublished\":\"2017-09-08T20:56:28+02:00\",\"dateModified\":\"2017-09-08T20:56:28+02:00\"},{\"@type\":\"WebSite\",\"@id\":\"https:\\\/\\\/www.eldigitaldeasturias.com\\\/noticias\\\/#website\",\"url\":\"https:\\\/\\\/www.eldigitaldeasturias.com\\\/noticias\\\/\",\"name\":\"El Digital de Asturias - Diario de actualidad y noticias\",\"alternateName\":\"El Digital de Asturias - Diario de actualidad y noticias\",\"description\":\"Hemeroteca\",\"inLanguage\":\"es-ES\",\"publisher\":{\"@id\":\"https:\\\/\\\/www.eldigitaldeasturias.com\\\/noticias\\\/#organization\"}}]}\n\t\t<\/script>\n\t\t<!-- All in One SEO Pro -->\r\n\t\t<title>El d\u00e9ficit del Estado se reduce un 28,6% hasta julio de 2017 - El Digital de Asturias<\/title>\n\n","aioseo_head_json":{"title":"El d\u00e9ficit del Estado se reduce un 28,6% hasta julio de 2017 - El Digital de Asturias","description":"Hoy se han publicado en la web del Ministerio de Hacienda y Funci\u00f3n P\u00fablica los datos de ejecuci\u00f3n presupuestaria del Estado correspondientes al mes de julio. Los datos referidos al conjunto de la Administraci\u00f3n Central, Comunidades Aut\u00f3nomas y Seguridad Social correspondiente al mes de junio en t\u00e9rminos de contabilidad nacional se publicar\u00e1n en la web","canonical_url":"https:\/\/www.eldigitaldeasturias.com\/noticias\/el-deficit-del-estado-se-reduce-un-286-hasta-julio-de-2017\/","robots":"max-image-preview:large","keywords":"actualidad","webmasterTools":{"google-site-verification":"UA-38556648-1","msvalidate.01":"7dfe9f3f1b24437ab69f4f2559babe99","miscellaneous":""},"schema":{"@context":"https:\/\/schema.org","@graph":[{"@type":"BlogPosting","@id":"https:\/\/www.eldigitaldeasturias.com\/noticias\/el-deficit-del-estado-se-reduce-un-286-hasta-julio-de-2017\/#blogposting","name":"El d\u00e9ficit del Estado se reduce un 28,6% hasta julio de 2017 - El Digital de Asturias","headline":"El d\u00e9ficit del Estado se reduce un 28,6% hasta julio de 2017","author":{"@id":"https:\/\/www.eldigitaldeasturias.com\/noticias\/author\/admin\/#author"},"publisher":{"@id":"https:\/\/www.eldigitaldeasturias.com\/noticias\/#organization"},"image":{"@type":"ImageObject","url":822740},"datePublished":"2017-09-08T20:56:28+02:00","dateModified":"2017-09-08T20:56:28+02:00","inLanguage":"es-ES","mainEntityOfPage":{"@id":"https:\/\/www.eldigitaldeasturias.com\/noticias\/el-deficit-del-estado-se-reduce-un-286-hasta-julio-de-2017\/#webpage"},"isPartOf":{"@id":"https:\/\/www.eldigitaldeasturias.com\/noticias\/el-deficit-del-estado-se-reduce-un-286-hasta-julio-de-2017\/#webpage"},"articleSection":"Actualidad"},{"@type":"BreadcrumbList","@id":"https:\/\/www.eldigitaldeasturias.com\/noticias\/el-deficit-del-estado-se-reduce-un-286-hasta-julio-de-2017\/#breadcrumblist","itemListElement":[{"@type":"ListItem","@id":"https:\/\/www.eldigitaldeasturias.com\/noticias#listItem","position":1,"name":"Home","item":"https:\/\/www.eldigitaldeasturias.com\/noticias","nextItem":{"@type":"ListItem","@id":"https:\/\/www.eldigitaldeasturias.com\/noticias\/category\/actualidad\/#listItem","name":"Actualidad"}},{"@type":"ListItem","@id":"https:\/\/www.eldigitaldeasturias.com\/noticias\/category\/actualidad\/#listItem","position":2,"name":"Actualidad","item":"https:\/\/www.eldigitaldeasturias.com\/noticias\/category\/actualidad\/","nextItem":{"@type":"ListItem","@id":"https:\/\/www.eldigitaldeasturias.com\/noticias\/el-deficit-del-estado-se-reduce-un-286-hasta-julio-de-2017\/#listItem","name":"El d\u00e9ficit del Estado se reduce un 28,6% hasta julio de 2017"},"previousItem":{"@type":"ListItem","@id":"https:\/\/www.eldigitaldeasturias.com\/noticias#listItem","name":"Home"}},{"@type":"ListItem","@id":"https:\/\/www.eldigitaldeasturias.com\/noticias\/el-deficit-del-estado-se-reduce-un-286-hasta-julio-de-2017\/#listItem","position":3,"name":"El d\u00e9ficit del Estado se reduce un 28,6% hasta julio de 2017","previousItem":{"@type":"ListItem","@id":"https:\/\/www.eldigitaldeasturias.com\/noticias\/category\/actualidad\/#listItem","name":"Actualidad"}}]},{"@type":"Organization","@id":"https:\/\/www.eldigitaldeasturias.com\/noticias\/#organization","name":"El Digital de Asturias","description":"Hemeroteca","url":"https:\/\/www.eldigitaldeasturias.com\/noticias\/","email":"info@eldigitaldeasturias.com","telephone":"+34652131393","logo":{"@type":"ImageObject","url":"https:\/\/www.eldigitaldeasturias.com\/noticias\/wp-content\/uploads\/2020\/12\/EDA.jpg","@id":"https:\/\/www.eldigitaldeasturias.com\/noticias\/el-deficit-del-estado-se-reduce-un-286-hasta-julio-de-2017\/#organizationLogo"},"image":{"@id":"https:\/\/www.eldigitaldeasturias.com\/noticias\/el-deficit-del-estado-se-reduce-un-286-hasta-julio-de-2017\/#organizationLogo"},"sameAs":["https:\/\/facebook.com\/eldigitaldeasturias","https:\/\/www.youtube.com\/channel\/UCZP-2wLEB9Rv6erhFmqVnvg"],"address":{"@id":"https:\/\/www.eldigitaldeasturias.com\/noticias\/#postaladdress","@type":"PostalAddress","streetAddress":"san antonio 4","postalCode":"33430","addressLocality":"Cand\u00e1s","addressRegion":"Asturias","addressCountry":"ES"}},{"@type":"Person","@id":"https:\/\/www.eldigitaldeasturias.com\/noticias\/author\/admin\/#author","url":"https:\/\/www.eldigitaldeasturias.com\/noticias\/author\/admin\/","name":"El Digital de Asturias","image":{"@type":"ImageObject","@id":"https:\/\/www.eldigitaldeasturias.com\/noticias\/el-deficit-del-estado-se-reduce-un-286-hasta-julio-de-2017\/#authorImage","url":"https:\/\/secure.gravatar.com\/avatar\/df2aeffc32bcd13f8d26072ef8a91b623d677766deac7f97ca815868cd41bf5e?s=96&d=mm&r=g","width":96,"height":96,"caption":"El Digital de Asturias"}},{"@type":"WebPage","@id":"https:\/\/www.eldigitaldeasturias.com\/noticias\/el-deficit-del-estado-se-reduce-un-286-hasta-julio-de-2017\/#webpage","url":"https:\/\/www.eldigitaldeasturias.com\/noticias\/el-deficit-del-estado-se-reduce-un-286-hasta-julio-de-2017\/","name":"El d\u00e9ficit del Estado se reduce un 28,6% hasta julio de 2017 - El Digital de Asturias","description":"Hoy se han publicado en la web del Ministerio de Hacienda y Funci\u00f3n P\u00fablica los datos de ejecuci\u00f3n presupuestaria del Estado correspondientes al mes de julio. Los datos referidos al conjunto de la Administraci\u00f3n Central, Comunidades Aut\u00f3nomas y Seguridad Social correspondiente al mes de junio en t\u00e9rminos de contabilidad nacional se publicar\u00e1n en la web","inLanguage":"es-ES","isPartOf":{"@id":"https:\/\/www.eldigitaldeasturias.com\/noticias\/#website"},"breadcrumb":{"@id":"https:\/\/www.eldigitaldeasturias.com\/noticias\/el-deficit-del-estado-se-reduce-un-286-hasta-julio-de-2017\/#breadcrumblist"},"author":{"@id":"https:\/\/www.eldigitaldeasturias.com\/noticias\/author\/admin\/#author"},"creator":{"@id":"https:\/\/www.eldigitaldeasturias.com\/noticias\/author\/admin\/#author"},"image":{"@type":"ImageObject","url":822740,"@id":"https:\/\/www.eldigitaldeasturias.com\/noticias\/el-deficit-del-estado-se-reduce-un-286-hasta-julio-de-2017\/#mainImage"},"primaryImageOfPage":{"@id":"https:\/\/www.eldigitaldeasturias.com\/noticias\/el-deficit-del-estado-se-reduce-un-286-hasta-julio-de-2017\/#mainImage"},"datePublished":"2017-09-08T20:56:28+02:00","dateModified":"2017-09-08T20:56:28+02:00"},{"@type":"WebSite","@id":"https:\/\/www.eldigitaldeasturias.com\/noticias\/#website","url":"https:\/\/www.eldigitaldeasturias.com\/noticias\/","name":"El Digital de Asturias - Diario de actualidad y noticias","alternateName":"El Digital de Asturias - Diario de actualidad y noticias","description":"Hemeroteca","inLanguage":"es-ES","publisher":{"@id":"https:\/\/www.eldigitaldeasturias.com\/noticias\/#organization"}}]},"og:locale":"es_ES","og:site_name":"El Digital de Asturias","og:type":"article","og:title":"El d\u00e9ficit del Estado se reduce un 28,6% hasta julio de 2017 - El Digital de Asturias","og:description":"Hoy se han publicado en la web del Ministerio de Hacienda y Funci\u00f3n P\u00fablica los datos de ejecuci\u00f3n presupuestaria del Estado correspondientes al mes de julio. Los datos referidos al conjunto de la Administraci\u00f3n Central, Comunidades Aut\u00f3nomas y Seguridad Social correspondiente al mes de junio en t\u00e9rminos de contabilidad nacional se publicar\u00e1n en la web","og:url":"https:\/\/www.eldigitaldeasturias.com\/noticias\/el-deficit-del-estado-se-reduce-un-286-hasta-julio-de-2017\/","article:tag":["actualidad"],"article:published_time":"2017-09-08T20:56:28+00:00","article:modified_time":"2017-09-08T20:56:28+00:00","article:publisher":"https:\/\/facebook.com\/eldigitaldeasturias","twitter:card":"summary_large_image","twitter:title":"El d\u00e9ficit del Estado se reduce un 28,6% hasta julio de 2017 - El Digital de Asturias","twitter:description":"Hoy se han publicado en la web del Ministerio de Hacienda y Funci\u00f3n P\u00fablica los datos de ejecuci\u00f3n presupuestaria del Estado correspondientes al mes de julio. Los datos referidos al conjunto de la Administraci\u00f3n Central, Comunidades Aut\u00f3nomas y Seguridad Social correspondiente al mes de junio en t\u00e9rminos de contabilidad nacional se publicar\u00e1n en la web","twitter:image":"https:\/\/www.eldigitaldeasturias.com\/noticias\/wp-content\/uploads\/2020\/12\/EDA-1.jpg","twitter:label1":"Escrito por","twitter:data1":"El Digital de Asturias","twitter:label2":"Tiempo de lectura estimado","twitter:data2":"5 minutos"},"aioseo_meta_data":{"post_id":"952233","title":null,"description":null,"keywords":null,"keyphrases":null,"primary_term":null,"canonical_url":null,"og_title":null,"og_description":null,"og_object_type":"default","og_image_type":"default","og_image_url":null,"og_image_width":null,"og_image_height":null,"og_image_custom_url":null,"og_image_custom_fields":null,"og_video":null,"og_custom_url":null,"og_article_section":null,"og_article_tags":null,"twitter_use_og":false,"twitter_card":"default","twitter_image_type":"default","twitter_image_url":null,"twitter_image_custom_url":null,"twitter_image_custom_fields":null,"twitter_title":null,"twitter_description":null,"schema":{"blockGraphs":[],"customGraphs":[],"default":{"data":{"Article":[],"Course":[],"Dataset":[],"FAQPage":[],"Movie":[],"Person":[],"Product":[],"ProductReview":[],"Car":[],"Recipe":[],"Service":[],"SoftwareApplication":[],"WebPage":[]},"graphName":"","isEnabled":true},"graphs":[]},"schema_type":null,"schema_type_options":null,"pillar_content":false,"robots_default":true,"robots_noindex":false,"robots_noarchive":false,"robots_nosnippet":false,"robots_nofollow":false,"robots_noimageindex":false,"robots_noodp":false,"robots_notranslate":false,"robots_max_snippet":null,"robots_max_videopreview":null,"robots_max_imagepreview":"large","priority":null,"frequency":null,"local_seo":null,"seo_analyzer_scan_date":"2025-12-05 22:03:14","breadcrumb_settings":null,"limit_modified_date":false,"open_ai":null,"ai":null,"created":"2020-12-21 12:57:50","updated":"2025-12-05 22:03:14","focus_keyword":null,"additional_keywords":null,"truseo_locale":null},"aioseo_breadcrumb":"<div class=\"aioseo-breadcrumbs\"><span class=\"aioseo-breadcrumb\">\n\t<a href=\"https:\/\/www.eldigitaldeasturias.com\/noticias\" title=\"Home\">Home<\/a>\n<\/span><span class=\"aioseo-breadcrumb-separator\">\u2013<\/span><span class=\"aioseo-breadcrumb\">\n\t<a href=\"https:\/\/www.eldigitaldeasturias.com\/noticias\/category\/actualidad\/\" title=\"Actualidad\">Actualidad<\/a>\n<\/span><span class=\"aioseo-breadcrumb-separator\">\u2013<\/span><span class=\"aioseo-breadcrumb\">\n\t<a href=\"https:\/\/www.eldigitaldeasturias.com\/noticias\/el-deficit-del-estado-se-reduce-un-286-hasta-julio-de-2017\/\" title=\"El d\u00e9ficit del Estado se reduce un 28,6% hasta julio de 2017\">El d\u00e9ficit del Estado se reduce un 28,6% hasta julio de 2017<\/a>\n<\/span><\/div>","aioseo_breadcrumb_json":[{"label":"Home","link":"https:\/\/www.eldigitaldeasturias.com\/noticias"},{"label":"Actualidad","link":"https:\/\/www.eldigitaldeasturias.com\/noticias\/category\/actualidad\/"},{"label":"El d\u00e9ficit del Estado se reduce un 28,6% hasta julio de 2017","link":"https:\/\/www.eldigitaldeasturias.com\/noticias\/el-deficit-del-estado-se-reduce-un-286-hasta-julio-de-2017\/"}],"_links":{"self":[{"href":"https:\/\/www.eldigitaldeasturias.com\/noticias\/wp-json\/wp\/v2\/posts\/952233","targetHints":{"allow":["GET"]}}],"collection":[{"href":"https:\/\/www.eldigitaldeasturias.com\/noticias\/wp-json\/wp\/v2\/posts"}],"about":[{"href":"https:\/\/www.eldigitaldeasturias.com\/noticias\/wp-json\/wp\/v2\/types\/post"}],"author":[{"embeddable":true,"href":"https:\/\/www.eldigitaldeasturias.com\/noticias\/wp-json\/wp\/v2\/users\/1"}],"replies":[{"embeddable":true,"href":"https:\/\/www.eldigitaldeasturias.com\/noticias\/wp-json\/wp\/v2\/comments?post=952233"}],"version-history":[{"count":0,"href":"https:\/\/www.eldigitaldeasturias.com\/noticias\/wp-json\/wp\/v2\/posts\/952233\/revisions"}],"wp:attachment":[{"href":"https:\/\/www.eldigitaldeasturias.com\/noticias\/wp-json\/wp\/v2\/media?parent=952233"}],"wp:term":[{"taxonomy":"category","embeddable":true,"href":"https:\/\/www.eldigitaldeasturias.com\/noticias\/wp-json\/wp\/v2\/categories?post=952233"},{"taxonomy":"post_tag","embeddable":true,"href":"https:\/\/www.eldigitaldeasturias.com\/noticias\/wp-json\/wp\/v2\/tags?post=952233"}],"curies":[{"name":"wp","href":"https:\/\/api.w.org\/{rel}","templated":true}]}}