{"id":952227,"date":"2017-09-08T20:48:28","date_gmt":"2017-09-08T20:48:28","guid":{"rendered":"http:\/\/www.eldigitaldeasturias.com\/noticias\/?p=952227"},"modified":"2017-09-08T20:48:28","modified_gmt":"2017-09-08T20:48:28","slug":"cabo-tinoso-es-declarado-nueva-reserva-marina-de-interes-pesquero","status":"publish","type":"post","link":"https:\/\/www.eldigitaldeasturias.com\/noticias\/cabo-tinoso-es-declarado-nueva-reserva-marina-de-interes-pesquero\/","title":{"rendered":"Cabo Ti\u00f1oso es declarado nueva Reserva Marina de Inter\u00e9s Pesquero"},"content":{"rendered":"<p><img loading=\"lazy\" decoding=\"async\" class=\"alignleft size-medium wp-image-952228\" src=\"https:\/\/www.eldigitaldeasturias.com\/noticias\/wp-content\/uploads\/2017\/09\/1709085-360x240.jpg\" alt=\"\" width=\"360\" height=\"240\" \/>El Ministerio de Agricultura y Pesca, Alimentaci\u00f3n y Medio Ambiente (MAPAMA) ha publicado en el Bolet\u00edn Oficial del Estado la declaraci\u00f3n de Cabo Ti\u00f1oso como nueva Reserva Marina de Inter\u00e9s Pesquero, mediante una Orden ministerial en la que se define su delimitaci\u00f3n, zonas y usos.<\/p>\n<p>Este reconocimiento ha estado precedido por un largo proceso de recopilaci\u00f3n de informaci\u00f3n mediante sistemas avanzados de estudio y prospecciones submarinas llevadas a cabo en el entorno de Cabo Ti\u00f1oso. Estos trabajos han confirmado su importancia y potencial para la protecci\u00f3n y regeneraci\u00f3n de los recursos pesqueros, y su elevado valor ecol\u00f3gico por la presencia de h\u00e1bitats y especies, tales como cuevas submarinas y praderas de faner\u00f3gamas (plantas de porte herb\u00e1ceo adaptadas a la vida en el mar).<\/p>\n<p>Todo ello configura un h\u00e1bitat excepcional para la reproducci\u00f3n y alevinaje de distintas especies destacando en este caso las de inter\u00e9s pesquero, aportando riqueza a los caladeros de pesca artesanal de la zona.<\/p>\n<p>La declaraci\u00f3n de la Reserva Marina se completa la actuaci\u00f3n iniciada por la Comunidad Aut\u00f3noma de la Regi\u00f3n de Murcia para proteger la zona de aguas interiores de Cabo Ti\u00f1oso.<\/p>\n<p>Con la nueva reserva marina, son ya once las gestionadas por el Ministerio, que confirma as\u00ed su compromiso con el impulso de estos espacios creados al amparo de la Ley de Pesca. Una labor que se complementa con la concienciaci\u00f3n a toda la sociedad sobre la importancia de proteger el mar y apoyar las actividades tradicionales de forma sostenible bajo el lema \u201cgarant\u00eda de futuro\u201d, cuando se cumplen ya m\u00e1s de 30 a\u00f1os de existencia.<\/p>\n<p><strong>FIGURA DE PROTECCI\u00d3N<\/strong><\/p>\n<p>La figura de la Reserva Marina tiene como objetivo dotar a la zona de un r\u00e9gimen de protecci\u00f3n que garantice la conservaci\u00f3n y regeneraci\u00f3n de los recursos pesqueros de la zona y de los h\u00e1bitats y especies que contiene, en beneficio tanto de la pesca artesanal, como de otras actividades que tambi\u00e9n se realizan con criterios de sostenibilidad y responsabilidad en sus aguas.<\/p>\n<p>Por sus condiciones especiales, toda la zona de reserva marina quedar\u00e1 establecida como reserva integral, pudiendo realizarse en la misma aquellas actividades cient\u00edfica expresamente autorizadas en funci\u00f3n de su inter\u00e9s para el seguimiento del estado y la evoluci\u00f3n de las especies, las aguas y los fondos de la reserva marina.<\/p>\n<p>Como en el resto de Reservas Marinas de la Red, los tres pilares en los que se basar\u00e1 la gesti\u00f3n de la Secretar\u00eda General de Pesca ser\u00e1n la divulgaci\u00f3n, el seguimiento del estado de la reserva y el control\/vigilancia de la misma. Para garantizar esto \u00faltimo en los pr\u00f3ximos d\u00edas se proceder\u00e1 a la cesi\u00f3n formal de una embarcaci\u00f3n a Regi\u00f3n de Murcia y se ampliar\u00e1 el convenio existente con dicha Comunidad para cubrir las tareas de vigilancia.<\/p>\n<p><strong>RED DE RESERVAS MARINAS DE INTER\u00c9S PESQUERO<\/strong><\/p>\n<p>Las Reservas marinas son espacios protegidos por la legislaci\u00f3n pesquera, cuyo objetivo principal es la regeneraci\u00f3n del recurso pesquero y el mantenimiento de las pesquer\u00edas artesanales tradicionales de la zona. Se apuesta tambi\u00e9n por el mantenimiento de h\u00e1bitats destacados y por el disfrute responsable de los mismos.<\/p>\n<p>Desde la creaci\u00f3n de la primera de ellas, la de la Isla de Tabarca hace ya 31 a\u00f1os, eran diez las Reservas Marinas de competencia estatal exclusiva o compartida con distintas Comunidades Aut\u00f3nomas:Mas\u00eda Blanca en Catalu\u00f1a; Levante de Mallorca-Cala Rajada en Islas Baleares; Islas Columbretes e Isla de Tabarca en la Comunidad Valenciana; Cabo de Palos- Islas Hormigas en Regi\u00f3n de Murcia; Cabo de Gata-Nijar e Isla de Albor\u00e1n en Andaluc\u00eda; Isla Graciosa e Islotes del Norte de Lanzarote, Isla de la Palma y Punta de la Restinga-Mar de las Calmas en Canarias), a las que diez a\u00f1os despu\u00e9s de la \u00faltima de ellas (Cala Rajada) se une la nueva Reserva Marina de Cabo Ti\u00f1oso.<\/p>\n","protected":false},"excerpt":{"rendered":"<p>El Ministerio de Agricultura y Pesca, Alimentaci\u00f3n y Medio Ambiente (MAPAMA) ha publicado en el Bolet\u00edn Oficial del Estado la declaraci\u00f3n de Cabo Ti\u00f1oso como nueva Reserva Marina de Inter\u00e9s Pesquero, mediante una Orden ministerial en la que se define su delimitaci\u00f3n, zonas y usos. Este reconocimiento ha estado precedido por un largo proceso de [&hellip;]<\/p>\n","protected":false},"author":1,"featured_media":952228,"comment_status":"closed","ping_status":"closed","sticky":false,"template":"","format":"standard","meta":{"footnotes":""},"categories":[1],"tags":[],"class_list":["post-952227","post","type-post","status-publish","format-standard","has-post-thumbnail","hentry","category-actualidad"],"aioseo_notices":[],"aioseo_head":"\n\t\t<!-- All in One SEO Pro 5.0.1 - aioseo.com -->\n\t<meta name=\"description\" content=\"El Ministerio de Agricultura y Pesca, Alimentaci\u00f3n y Medio Ambiente (MAPAMA) ha publicado en el Bolet\u00edn Oficial del Estado la declaraci\u00f3n de Cabo Ti\u00f1oso como nueva Reserva Marina de Inter\u00e9s Pesquero, mediante una Orden ministerial en la que se define su delimitaci\u00f3n, zonas y usos. Este reconocimiento ha estado precedido por un largo proceso de\" \/>\n\t<meta name=\"robots\" content=\"max-image-preview:large\" \/>\n\t<meta name=\"author\" content=\"El Digital de Asturias\"\/>\n\t<meta name=\"google-site-verification\" content=\"UA-38556648-1\" \/>\n\t<meta name=\"msvalidate.01\" content=\"7dfe9f3f1b24437ab69f4f2559babe99\" \/>\n\t<meta name=\"keywords\" content=\"actualidad\" \/>\n\t<link rel=\"canonical\" href=\"https:\/\/www.eldigitaldeasturias.com\/noticias\/cabo-tinoso-es-declarado-nueva-reserva-marina-de-interes-pesquero\/\" \/>\n\t<meta name=\"generator\" content=\"All in One SEO Pro (AIOSEO) 5.0.1\" \/>\n\t\t<meta property=\"og:locale\" content=\"es_ES\" \/>\n\t\t<meta property=\"og:site_name\" content=\"El Digital de Asturias\" \/>\n\t\t<meta property=\"og:type\" content=\"article\" \/>\n\t\t<meta property=\"og:title\" content=\"Cabo Ti\u00f1oso es declarado nueva Reserva Marina de Inter\u00e9s Pesquero - El Digital de Asturias\" \/>\n\t\t<meta property=\"og:description\" content=\"El Ministerio de Agricultura y Pesca, Alimentaci\u00f3n y Medio Ambiente (MAPAMA) ha publicado en el Bolet\u00edn Oficial del Estado la declaraci\u00f3n de Cabo Ti\u00f1oso como nueva Reserva Marina de Inter\u00e9s Pesquero, mediante una Orden ministerial en la que se define su delimitaci\u00f3n, zonas y usos. Este reconocimiento ha estado precedido por un largo proceso de\" \/>\n\t\t<meta property=\"og:url\" content=\"https:\/\/www.eldigitaldeasturias.com\/noticias\/cabo-tinoso-es-declarado-nueva-reserva-marina-de-interes-pesquero\/\" \/>\n\t\t<meta property=\"article:tag\" content=\"actualidad\" \/>\n\t\t<meta property=\"article:published_time\" content=\"2017-09-08T20:48:28+00:00\" \/>\n\t\t<meta property=\"article:modified_time\" content=\"2017-09-08T20:48:28+00:00\" \/>\n\t\t<meta property=\"article:publisher\" content=\"https:\/\/facebook.com\/eldigitaldeasturias\" \/>\n\t\t<meta name=\"twitter:card\" content=\"summary_large_image\" \/>\n\t\t<meta name=\"twitter:title\" content=\"Cabo Ti\u00f1oso es declarado nueva Reserva Marina de Inter\u00e9s Pesquero - El Digital de Asturias\" \/>\n\t\t<meta name=\"twitter:description\" content=\"El Ministerio de Agricultura y Pesca, Alimentaci\u00f3n y Medio Ambiente (MAPAMA) ha publicado en el Bolet\u00edn Oficial del Estado la declaraci\u00f3n de Cabo Ti\u00f1oso como nueva Reserva Marina de Inter\u00e9s Pesquero, mediante una Orden ministerial en la que se define su delimitaci\u00f3n, zonas y usos. Este reconocimiento ha estado precedido por un largo proceso de\" \/>\n\t\t<meta name=\"twitter:image\" content=\"https:\/\/www.eldigitaldeasturias.com\/noticias\/wp-content\/uploads\/2020\/12\/EDA-1.jpg\" \/>\n\t\t<meta name=\"twitter:label1\" content=\"Escrito por\" \/>\n\t\t<meta name=\"twitter:data1\" content=\"El Digital de Asturias\" \/>\n\t\t<meta name=\"twitter:label2\" content=\"Tiempo de lectura estimado\" \/>\n\t\t<meta name=\"twitter:data2\" content=\"3 minutos\" \/>\n\t\t<script type=\"application\/ld+json\" class=\"aioseo-schema\">\n\t\t\t{\"@context\":\"https:\\\/\\\/schema.org\",\"@graph\":[{\"@type\":\"BlogPosting\",\"@id\":\"https:\\\/\\\/www.eldigitaldeasturias.com\\\/noticias\\\/cabo-tinoso-es-declarado-nueva-reserva-marina-de-interes-pesquero\\\/#blogposting\",\"name\":\"Cabo Ti\\u00f1oso es declarado nueva Reserva Marina de Inter\\u00e9s Pesquero - El Digital de Asturias\",\"headline\":\"Cabo Ti\\u00f1oso es declarado nueva Reserva Marina de Inter\\u00e9s Pesquero\",\"author\":{\"@id\":\"https:\\\/\\\/www.eldigitaldeasturias.com\\\/noticias\\\/author\\\/admin\\\/#author\"},\"publisher\":{\"@id\":\"https:\\\/\\\/www.eldigitaldeasturias.com\\\/noticias\\\/#organization\"},\"image\":{\"@type\":\"ImageObject\",\"url\":952228},\"datePublished\":\"2017-09-08T20:48:28+02:00\",\"dateModified\":\"2017-09-08T20:48:28+02:00\",\"inLanguage\":\"es-ES\",\"mainEntityOfPage\":{\"@id\":\"https:\\\/\\\/www.eldigitaldeasturias.com\\\/noticias\\\/cabo-tinoso-es-declarado-nueva-reserva-marina-de-interes-pesquero\\\/#webpage\"},\"isPartOf\":{\"@id\":\"https:\\\/\\\/www.eldigitaldeasturias.com\\\/noticias\\\/cabo-tinoso-es-declarado-nueva-reserva-marina-de-interes-pesquero\\\/#webpage\"},\"articleSection\":\"Actualidad\"},{\"@type\":\"BreadcrumbList\",\"@id\":\"https:\\\/\\\/www.eldigitaldeasturias.com\\\/noticias\\\/cabo-tinoso-es-declarado-nueva-reserva-marina-de-interes-pesquero\\\/#breadcrumblist\",\"itemListElement\":[{\"@type\":\"ListItem\",\"@id\":\"https:\\\/\\\/www.eldigitaldeasturias.com\\\/noticias#listItem\",\"position\":1,\"name\":\"Home\",\"item\":\"https:\\\/\\\/www.eldigitaldeasturias.com\\\/noticias\",\"nextItem\":{\"@type\":\"ListItem\",\"@id\":\"https:\\\/\\\/www.eldigitaldeasturias.com\\\/noticias\\\/category\\\/actualidad\\\/#listItem\",\"name\":\"Actualidad\"}},{\"@type\":\"ListItem\",\"@id\":\"https:\\\/\\\/www.eldigitaldeasturias.com\\\/noticias\\\/category\\\/actualidad\\\/#listItem\",\"position\":2,\"name\":\"Actualidad\",\"item\":\"https:\\\/\\\/www.eldigitaldeasturias.com\\\/noticias\\\/category\\\/actualidad\\\/\",\"nextItem\":{\"@type\":\"ListItem\",\"@id\":\"https:\\\/\\\/www.eldigitaldeasturias.com\\\/noticias\\\/cabo-tinoso-es-declarado-nueva-reserva-marina-de-interes-pesquero\\\/#listItem\",\"name\":\"Cabo Ti\\u00f1oso es declarado nueva Reserva Marina de Inter\\u00e9s Pesquero\"},\"previousItem\":{\"@type\":\"ListItem\",\"@id\":\"https:\\\/\\\/www.eldigitaldeasturias.com\\\/noticias#listItem\",\"name\":\"Home\"}},{\"@type\":\"ListItem\",\"@id\":\"https:\\\/\\\/www.eldigitaldeasturias.com\\\/noticias\\\/cabo-tinoso-es-declarado-nueva-reserva-marina-de-interes-pesquero\\\/#listItem\",\"position\":3,\"name\":\"Cabo Ti\\u00f1oso es declarado nueva Reserva Marina de Inter\\u00e9s Pesquero\",\"previousItem\":{\"@type\":\"ListItem\",\"@id\":\"https:\\\/\\\/www.eldigitaldeasturias.com\\\/noticias\\\/category\\\/actualidad\\\/#listItem\",\"name\":\"Actualidad\"}}]},{\"@type\":\"Organization\",\"@id\":\"https:\\\/\\\/www.eldigitaldeasturias.com\\\/noticias\\\/#organization\",\"name\":\"El Digital de Asturias\",\"description\":\"Hemeroteca\",\"url\":\"https:\\\/\\\/www.eldigitaldeasturias.com\\\/noticias\\\/\",\"email\":\"info@eldigitaldeasturias.com\",\"telephone\":\"+34652131393\",\"logo\":{\"@type\":\"ImageObject\",\"url\":\"https:\\\/\\\/www.eldigitaldeasturias.com\\\/noticias\\\/wp-content\\\/uploads\\\/2020\\\/12\\\/EDA.jpg\",\"@id\":\"https:\\\/\\\/www.eldigitaldeasturias.com\\\/noticias\\\/cabo-tinoso-es-declarado-nueva-reserva-marina-de-interes-pesquero\\\/#organizationLogo\"},\"image\":{\"@id\":\"https:\\\/\\\/www.eldigitaldeasturias.com\\\/noticias\\\/cabo-tinoso-es-declarado-nueva-reserva-marina-de-interes-pesquero\\\/#organizationLogo\"},\"sameAs\":[\"https:\\\/\\\/facebook.com\\\/eldigitaldeasturias\",\"https:\\\/\\\/www.youtube.com\\\/channel\\\/UCZP-2wLEB9Rv6erhFmqVnvg\"],\"address\":{\"@id\":\"https:\\\/\\\/www.eldigitaldeasturias.com\\\/noticias\\\/#postaladdress\",\"@type\":\"PostalAddress\",\"streetAddress\":\"san antonio 4\",\"postalCode\":\"33430\",\"addressLocality\":\"Cand\\u00e1s\",\"addressRegion\":\"Asturias\",\"addressCountry\":\"ES\"}},{\"@type\":\"Person\",\"@id\":\"https:\\\/\\\/www.eldigitaldeasturias.com\\\/noticias\\\/author\\\/admin\\\/#author\",\"url\":\"https:\\\/\\\/www.eldigitaldeasturias.com\\\/noticias\\\/author\\\/admin\\\/\",\"name\":\"El Digital de Asturias\",\"image\":{\"@type\":\"ImageObject\",\"@id\":\"https:\\\/\\\/www.eldigitaldeasturias.com\\\/noticias\\\/cabo-tinoso-es-declarado-nueva-reserva-marina-de-interes-pesquero\\\/#authorImage\",\"url\":\"https:\\\/\\\/secure.gravatar.com\\\/avatar\\\/df2aeffc32bcd13f8d26072ef8a91b623d677766deac7f97ca815868cd41bf5e?s=96&d=mm&r=g\",\"width\":96,\"height\":96,\"caption\":\"El Digital de Asturias\"}},{\"@type\":\"WebPage\",\"@id\":\"https:\\\/\\\/www.eldigitaldeasturias.com\\\/noticias\\\/cabo-tinoso-es-declarado-nueva-reserva-marina-de-interes-pesquero\\\/#webpage\",\"url\":\"https:\\\/\\\/www.eldigitaldeasturias.com\\\/noticias\\\/cabo-tinoso-es-declarado-nueva-reserva-marina-de-interes-pesquero\\\/\",\"name\":\"Cabo Ti\\u00f1oso es declarado nueva Reserva Marina de Inter\\u00e9s Pesquero - El Digital de Asturias\",\"description\":\"El Ministerio de Agricultura y Pesca, Alimentaci\\u00f3n y Medio Ambiente (MAPAMA) ha publicado en el Bolet\\u00edn Oficial del Estado la declaraci\\u00f3n de Cabo Ti\\u00f1oso como nueva Reserva Marina de Inter\\u00e9s Pesquero, mediante una Orden ministerial en la que se define su delimitaci\\u00f3n, zonas y usos. Este reconocimiento ha estado precedido por un largo proceso de\",\"inLanguage\":\"es-ES\",\"isPartOf\":{\"@id\":\"https:\\\/\\\/www.eldigitaldeasturias.com\\\/noticias\\\/#website\"},\"breadcrumb\":{\"@id\":\"https:\\\/\\\/www.eldigitaldeasturias.com\\\/noticias\\\/cabo-tinoso-es-declarado-nueva-reserva-marina-de-interes-pesquero\\\/#breadcrumblist\"},\"author\":{\"@id\":\"https:\\\/\\\/www.eldigitaldeasturias.com\\\/noticias\\\/author\\\/admin\\\/#author\"},\"creator\":{\"@id\":\"https:\\\/\\\/www.eldigitaldeasturias.com\\\/noticias\\\/author\\\/admin\\\/#author\"},\"image\":{\"@type\":\"ImageObject\",\"url\":952228,\"@id\":\"https:\\\/\\\/www.eldigitaldeasturias.com\\\/noticias\\\/cabo-tinoso-es-declarado-nueva-reserva-marina-de-interes-pesquero\\\/#mainImage\"},\"primaryImageOfPage\":{\"@id\":\"https:\\\/\\\/www.eldigitaldeasturias.com\\\/noticias\\\/cabo-tinoso-es-declarado-nueva-reserva-marina-de-interes-pesquero\\\/#mainImage\"},\"datePublished\":\"2017-09-08T20:48:28+02:00\",\"dateModified\":\"2017-09-08T20:48:28+02:00\"},{\"@type\":\"WebSite\",\"@id\":\"https:\\\/\\\/www.eldigitaldeasturias.com\\\/noticias\\\/#website\",\"url\":\"https:\\\/\\\/www.eldigitaldeasturias.com\\\/noticias\\\/\",\"name\":\"El Digital de Asturias - Diario de actualidad y noticias\",\"alternateName\":\"El Digital de Asturias - Diario de actualidad y noticias\",\"description\":\"Hemeroteca\",\"inLanguage\":\"es-ES\",\"publisher\":{\"@id\":\"https:\\\/\\\/www.eldigitaldeasturias.com\\\/noticias\\\/#organization\"}}]}\n\t\t<\/script>\n\t\t<!-- All in One SEO Pro -->\r\n\t\t<title>Cabo Ti\u00f1oso es declarado nueva Reserva Marina de Inter\u00e9s Pesquero - El Digital de Asturias<\/title>\n\n","aioseo_head_json":{"title":"Cabo Ti\u00f1oso es declarado nueva Reserva Marina de Inter\u00e9s Pesquero - El Digital de Asturias","description":"El Ministerio de Agricultura y Pesca, Alimentaci\u00f3n y Medio Ambiente (MAPAMA) ha publicado en el Bolet\u00edn Oficial del Estado la declaraci\u00f3n de Cabo Ti\u00f1oso como nueva Reserva Marina de Inter\u00e9s Pesquero, mediante una Orden ministerial en la que se define su delimitaci\u00f3n, zonas y usos. Este reconocimiento ha estado precedido por un largo proceso de","canonical_url":"https:\/\/www.eldigitaldeasturias.com\/noticias\/cabo-tinoso-es-declarado-nueva-reserva-marina-de-interes-pesquero\/","robots":"max-image-preview:large","keywords":"actualidad","webmasterTools":{"google-site-verification":"UA-38556648-1","msvalidate.01":"7dfe9f3f1b24437ab69f4f2559babe99","miscellaneous":""},"schema":{"@context":"https:\/\/schema.org","@graph":[{"@type":"BlogPosting","@id":"https:\/\/www.eldigitaldeasturias.com\/noticias\/cabo-tinoso-es-declarado-nueva-reserva-marina-de-interes-pesquero\/#blogposting","name":"Cabo Ti\u00f1oso es declarado nueva Reserva Marina de Inter\u00e9s Pesquero - El Digital de Asturias","headline":"Cabo Ti\u00f1oso es declarado nueva Reserva Marina de Inter\u00e9s Pesquero","author":{"@id":"https:\/\/www.eldigitaldeasturias.com\/noticias\/author\/admin\/#author"},"publisher":{"@id":"https:\/\/www.eldigitaldeasturias.com\/noticias\/#organization"},"image":{"@type":"ImageObject","url":952228},"datePublished":"2017-09-08T20:48:28+02:00","dateModified":"2017-09-08T20:48:28+02:00","inLanguage":"es-ES","mainEntityOfPage":{"@id":"https:\/\/www.eldigitaldeasturias.com\/noticias\/cabo-tinoso-es-declarado-nueva-reserva-marina-de-interes-pesquero\/#webpage"},"isPartOf":{"@id":"https:\/\/www.eldigitaldeasturias.com\/noticias\/cabo-tinoso-es-declarado-nueva-reserva-marina-de-interes-pesquero\/#webpage"},"articleSection":"Actualidad"},{"@type":"BreadcrumbList","@id":"https:\/\/www.eldigitaldeasturias.com\/noticias\/cabo-tinoso-es-declarado-nueva-reserva-marina-de-interes-pesquero\/#breadcrumblist","itemListElement":[{"@type":"ListItem","@id":"https:\/\/www.eldigitaldeasturias.com\/noticias#listItem","position":1,"name":"Home","item":"https:\/\/www.eldigitaldeasturias.com\/noticias","nextItem":{"@type":"ListItem","@id":"https:\/\/www.eldigitaldeasturias.com\/noticias\/category\/actualidad\/#listItem","name":"Actualidad"}},{"@type":"ListItem","@id":"https:\/\/www.eldigitaldeasturias.com\/noticias\/category\/actualidad\/#listItem","position":2,"name":"Actualidad","item":"https:\/\/www.eldigitaldeasturias.com\/noticias\/category\/actualidad\/","nextItem":{"@type":"ListItem","@id":"https:\/\/www.eldigitaldeasturias.com\/noticias\/cabo-tinoso-es-declarado-nueva-reserva-marina-de-interes-pesquero\/#listItem","name":"Cabo Ti\u00f1oso es declarado nueva Reserva Marina de Inter\u00e9s Pesquero"},"previousItem":{"@type":"ListItem","@id":"https:\/\/www.eldigitaldeasturias.com\/noticias#listItem","name":"Home"}},{"@type":"ListItem","@id":"https:\/\/www.eldigitaldeasturias.com\/noticias\/cabo-tinoso-es-declarado-nueva-reserva-marina-de-interes-pesquero\/#listItem","position":3,"name":"Cabo Ti\u00f1oso es declarado nueva Reserva Marina de Inter\u00e9s Pesquero","previousItem":{"@type":"ListItem","@id":"https:\/\/www.eldigitaldeasturias.com\/noticias\/category\/actualidad\/#listItem","name":"Actualidad"}}]},{"@type":"Organization","@id":"https:\/\/www.eldigitaldeasturias.com\/noticias\/#organization","name":"El Digital de Asturias","description":"Hemeroteca","url":"https:\/\/www.eldigitaldeasturias.com\/noticias\/","email":"info@eldigitaldeasturias.com","telephone":"+34652131393","logo":{"@type":"ImageObject","url":"https:\/\/www.eldigitaldeasturias.com\/noticias\/wp-content\/uploads\/2020\/12\/EDA.jpg","@id":"https:\/\/www.eldigitaldeasturias.com\/noticias\/cabo-tinoso-es-declarado-nueva-reserva-marina-de-interes-pesquero\/#organizationLogo"},"image":{"@id":"https:\/\/www.eldigitaldeasturias.com\/noticias\/cabo-tinoso-es-declarado-nueva-reserva-marina-de-interes-pesquero\/#organizationLogo"},"sameAs":["https:\/\/facebook.com\/eldigitaldeasturias","https:\/\/www.youtube.com\/channel\/UCZP-2wLEB9Rv6erhFmqVnvg"],"address":{"@id":"https:\/\/www.eldigitaldeasturias.com\/noticias\/#postaladdress","@type":"PostalAddress","streetAddress":"san antonio 4","postalCode":"33430","addressLocality":"Cand\u00e1s","addressRegion":"Asturias","addressCountry":"ES"}},{"@type":"Person","@id":"https:\/\/www.eldigitaldeasturias.com\/noticias\/author\/admin\/#author","url":"https:\/\/www.eldigitaldeasturias.com\/noticias\/author\/admin\/","name":"El Digital de Asturias","image":{"@type":"ImageObject","@id":"https:\/\/www.eldigitaldeasturias.com\/noticias\/cabo-tinoso-es-declarado-nueva-reserva-marina-de-interes-pesquero\/#authorImage","url":"https:\/\/secure.gravatar.com\/avatar\/df2aeffc32bcd13f8d26072ef8a91b623d677766deac7f97ca815868cd41bf5e?s=96&d=mm&r=g","width":96,"height":96,"caption":"El Digital de Asturias"}},{"@type":"WebPage","@id":"https:\/\/www.eldigitaldeasturias.com\/noticias\/cabo-tinoso-es-declarado-nueva-reserva-marina-de-interes-pesquero\/#webpage","url":"https:\/\/www.eldigitaldeasturias.com\/noticias\/cabo-tinoso-es-declarado-nueva-reserva-marina-de-interes-pesquero\/","name":"Cabo Ti\u00f1oso es declarado nueva Reserva Marina de Inter\u00e9s Pesquero - El Digital de Asturias","description":"El Ministerio de Agricultura y Pesca, Alimentaci\u00f3n y Medio Ambiente (MAPAMA) ha publicado en el Bolet\u00edn Oficial del Estado la declaraci\u00f3n de Cabo Ti\u00f1oso como nueva Reserva Marina de Inter\u00e9s Pesquero, mediante una Orden ministerial en la que se define su delimitaci\u00f3n, zonas y usos. Este reconocimiento ha estado precedido por un largo proceso de","inLanguage":"es-ES","isPartOf":{"@id":"https:\/\/www.eldigitaldeasturias.com\/noticias\/#website"},"breadcrumb":{"@id":"https:\/\/www.eldigitaldeasturias.com\/noticias\/cabo-tinoso-es-declarado-nueva-reserva-marina-de-interes-pesquero\/#breadcrumblist"},"author":{"@id":"https:\/\/www.eldigitaldeasturias.com\/noticias\/author\/admin\/#author"},"creator":{"@id":"https:\/\/www.eldigitaldeasturias.com\/noticias\/author\/admin\/#author"},"image":{"@type":"ImageObject","url":952228,"@id":"https:\/\/www.eldigitaldeasturias.com\/noticias\/cabo-tinoso-es-declarado-nueva-reserva-marina-de-interes-pesquero\/#mainImage"},"primaryImageOfPage":{"@id":"https:\/\/www.eldigitaldeasturias.com\/noticias\/cabo-tinoso-es-declarado-nueva-reserva-marina-de-interes-pesquero\/#mainImage"},"datePublished":"2017-09-08T20:48:28+02:00","dateModified":"2017-09-08T20:48:28+02:00"},{"@type":"WebSite","@id":"https:\/\/www.eldigitaldeasturias.com\/noticias\/#website","url":"https:\/\/www.eldigitaldeasturias.com\/noticias\/","name":"El Digital de Asturias - Diario de actualidad y noticias","alternateName":"El Digital de Asturias - Diario de actualidad y noticias","description":"Hemeroteca","inLanguage":"es-ES","publisher":{"@id":"https:\/\/www.eldigitaldeasturias.com\/noticias\/#organization"}}]},"og:locale":"es_ES","og:site_name":"El Digital de Asturias","og:type":"article","og:title":"Cabo Ti\u00f1oso es declarado nueva Reserva Marina de Inter\u00e9s Pesquero - El Digital de Asturias","og:description":"El Ministerio de Agricultura y Pesca, Alimentaci\u00f3n y Medio Ambiente (MAPAMA) ha publicado en el Bolet\u00edn Oficial del Estado la declaraci\u00f3n de Cabo Ti\u00f1oso como nueva Reserva Marina de Inter\u00e9s Pesquero, mediante una Orden ministerial en la que se define su delimitaci\u00f3n, zonas y usos. Este reconocimiento ha estado precedido por un largo proceso de","og:url":"https:\/\/www.eldigitaldeasturias.com\/noticias\/cabo-tinoso-es-declarado-nueva-reserva-marina-de-interes-pesquero\/","article:tag":["actualidad"],"article:published_time":"2017-09-08T20:48:28+00:00","article:modified_time":"2017-09-08T20:48:28+00:00","article:publisher":"https:\/\/facebook.com\/eldigitaldeasturias","twitter:card":"summary_large_image","twitter:title":"Cabo Ti\u00f1oso es declarado nueva Reserva Marina de Inter\u00e9s Pesquero - El Digital de Asturias","twitter:description":"El Ministerio de Agricultura y Pesca, Alimentaci\u00f3n y Medio Ambiente (MAPAMA) ha publicado en el Bolet\u00edn Oficial del Estado la declaraci\u00f3n de Cabo Ti\u00f1oso como nueva Reserva Marina de Inter\u00e9s Pesquero, mediante una Orden ministerial en la que se define su delimitaci\u00f3n, zonas y usos. Este reconocimiento ha estado precedido por un largo proceso de","twitter:image":"https:\/\/www.eldigitaldeasturias.com\/noticias\/wp-content\/uploads\/2020\/12\/EDA-1.jpg","twitter:label1":"Escrito por","twitter:data1":"El Digital de Asturias","twitter:label2":"Tiempo de lectura estimado","twitter:data2":"3 minutos"},"aioseo_meta_data":{"post_id":"952227","title":null,"description":null,"keywords":null,"keyphrases":null,"primary_term":null,"canonical_url":null,"og_title":null,"og_description":null,"og_object_type":"default","og_image_type":"default","og_image_url":null,"og_image_width":null,"og_image_height":null,"og_image_custom_url":null,"og_image_custom_fields":null,"og_video":null,"og_custom_url":null,"og_article_section":null,"og_article_tags":null,"twitter_use_og":false,"twitter_card":"default","twitter_image_type":"default","twitter_image_url":null,"twitter_image_custom_url":null,"twitter_image_custom_fields":null,"twitter_title":null,"twitter_description":null,"schema":{"blockGraphs":[],"customGraphs":[],"default":{"data":{"Article":[],"Course":[],"Dataset":[],"FAQPage":[],"Movie":[],"Person":[],"Product":[],"ProductReview":[],"Car":[],"Recipe":[],"Service":[],"SoftwareApplication":[],"WebPage":[]},"graphName":"","isEnabled":true},"graphs":[],"defaultGraph":"","defaultPostTypeGraph":""},"schema_type":null,"schema_type_options":null,"pillar_content":false,"robots_default":true,"robots_noindex":false,"robots_noarchive":false,"robots_nosnippet":false,"robots_nofollow":false,"robots_noimageindex":false,"robots_noodp":false,"robots_notranslate":false,"robots_max_snippet":null,"robots_max_videopreview":null,"robots_max_imagepreview":"large","priority":null,"frequency":null,"local_seo":null,"seo_analyzer_scan_date":"2025-12-05 22:03:12","breadcrumb_settings":null,"limit_modified_date":false,"open_ai":null,"ai":null,"created":"2020-12-21 12:57:50","updated":"2025-12-05 22:03:12","focus_keyword":null,"additional_keywords":null,"truseo_locale":null},"aioseo_breadcrumb":"<div class=\"aioseo-breadcrumbs\"><span class=\"aioseo-breadcrumb\">\n\t<a href=\"https:\/\/www.eldigitaldeasturias.com\/noticias\" title=\"Home\">Home<\/a>\n<\/span><span class=\"aioseo-breadcrumb-separator\">\u2013<\/span><span class=\"aioseo-breadcrumb\">\n\t<a href=\"https:\/\/www.eldigitaldeasturias.com\/noticias\/category\/actualidad\/\" title=\"Actualidad\">Actualidad<\/a>\n<\/span><span class=\"aioseo-breadcrumb-separator\">\u2013<\/span><span class=\"aioseo-breadcrumb\">\n\t<a href=\"https:\/\/www.eldigitaldeasturias.com\/noticias\/cabo-tinoso-es-declarado-nueva-reserva-marina-de-interes-pesquero\/\" title=\"Cabo Ti\u00f1oso es declarado nueva Reserva Marina de Inter\u00e9s Pesquero\">Cabo Ti\u00f1oso es declarado nueva Reserva Marina de Inter\u00e9s Pesquero<\/a>\n<\/span><\/div>","aioseo_breadcrumb_json":[{"label":"Home","link":"https:\/\/www.eldigitaldeasturias.com\/noticias"},{"label":"Actualidad","link":"https:\/\/www.eldigitaldeasturias.com\/noticias\/category\/actualidad\/"},{"label":"Cabo Ti\u00f1oso es declarado nueva Reserva Marina de Inter\u00e9s Pesquero","link":"https:\/\/www.eldigitaldeasturias.com\/noticias\/cabo-tinoso-es-declarado-nueva-reserva-marina-de-interes-pesquero\/"}],"_links":{"self":[{"href":"https:\/\/www.eldigitaldeasturias.com\/noticias\/wp-json\/wp\/v2\/posts\/952227","targetHints":{"allow":["GET"]}}],"collection":[{"href":"https:\/\/www.eldigitaldeasturias.com\/noticias\/wp-json\/wp\/v2\/posts"}],"about":[{"href":"https:\/\/www.eldigitaldeasturias.com\/noticias\/wp-json\/wp\/v2\/types\/post"}],"author":[{"embeddable":true,"href":"https:\/\/www.eldigitaldeasturias.com\/noticias\/wp-json\/wp\/v2\/users\/1"}],"replies":[{"embeddable":true,"href":"https:\/\/www.eldigitaldeasturias.com\/noticias\/wp-json\/wp\/v2\/comments?post=952227"}],"version-history":[{"count":0,"href":"https:\/\/www.eldigitaldeasturias.com\/noticias\/wp-json\/wp\/v2\/posts\/952227\/revisions"}],"wp:attachment":[{"href":"https:\/\/www.eldigitaldeasturias.com\/noticias\/wp-json\/wp\/v2\/media?parent=952227"}],"wp:term":[{"taxonomy":"category","embeddable":true,"href":"https:\/\/www.eldigitaldeasturias.com\/noticias\/wp-json\/wp\/v2\/categories?post=952227"},{"taxonomy":"post_tag","embeddable":true,"href":"https:\/\/www.eldigitaldeasturias.com\/noticias\/wp-json\/wp\/v2\/tags?post=952227"}],"curies":[{"name":"wp","href":"https:\/\/api.w.org\/{rel}","templated":true}]}}