{"id":952194,"date":"2017-09-08T19:41:59","date_gmt":"2017-09-08T19:41:59","guid":{"rendered":"http:\/\/www.eldigitaldeasturias.com\/noticias\/?p=952194"},"modified":"2017-09-08T19:41:59","modified_gmt":"2017-09-08T19:41:59","slug":"cospedal-lo-ocurrido-en-cataluna-en-las-ultimas-48-horas-ha-sido-una-autentica-verguenza","status":"publish","type":"post","link":"https:\/\/www.eldigitaldeasturias.com\/noticias\/cospedal-lo-ocurrido-en-cataluna-en-las-ultimas-48-horas-ha-sido-una-autentica-verguenza\/","title":{"rendered":"Cospedal: \u201cLo ocurrido en Catalu\u00f1a en las \u00faltimas 48 horas ha sido una aut\u00e9ntica verg\u00fcenza\u201d"},"content":{"rendered":"<p><img loading=\"lazy\" decoding=\"async\" class=\"alignleft size-medium wp-image-952195\" src=\"https:\/\/www.eldigitaldeasturias.com\/noticias\/wp-content\/uploads\/2017\/09\/20170908-360x163.jpg\" alt=\"\" width=\"360\" height=\"163\" \/>La Secretaria general del PP, Mar\u00eda Dolores de Cospedal ha recordado hoy c\u00f3mo el PP de Arag\u00f3n gan\u00f3 las elecciones auton\u00f3micas con un porcentaje muy importante, y que tal y como ocurri\u00f3 en los principales Ayuntamientos de Espa\u00f1a, no se les dej\u00f3 gobernar.<\/p>\n<p>De la misma manera, Mar\u00eda Dolores de Cospedal ha recordado que todo lo ganado a lo largo del tiempo en las Comunidades Aut\u00f3nomas \u201cno lo podemos dejar perder\u201d. Dice que es muy importante \u00abimpedir que se pierda todo lo hecho por el PP\u00bb, durante tanto tiempo en estos lugares. As\u00ed mismo, ha defendido la labor de los Ayuntamientos como un motor fundamental para la cohesi\u00f3n de Espa\u00f1a y de nuestro pa\u00eds. Cospedal ha querido remontarse a los or\u00edgenes del Partido para recordar c\u00f3mo este ha sido un partido municipalista ya que naci\u00f3 ganando unas elecciones locales, empezando siempre desde abajo.<\/p>\n<p>Cospedal se ha referido a Catalu\u00f1a al asegurar que los parlamentaristas catalanes son los primeros que deben hacer cumplir la ley, pero ahora, asegura, han predispuesto todo para \u201cpasar la l\u00ednea roja que hay entre la democracia y un golpe de estado\u201d. Opina que son \u201crepresentantes p\u00fablicos que se han instalado en la radicalidad hasta abandonar su funci\u00f3n representativa, \u201cvulnerando de forma grosera las garant\u00edas de la ciudadan\u00eda catalana y tambi\u00e9n la dignidad de las instituciones catalanas\u201d.<\/p>\n<p>Reconoce que lo ocurrido en Catalu\u00f1a en las \u00faltimas 48 horas ha sido \u201cuna aut\u00e9ntica verg\u00fcenza\u201d, donde \u201clos miembros del gobiernos se han convertido en unos aut\u00e9nticos carceleros de la democracia\u201d, sentencia.<\/p>\n<p>Finalmente ha mandado un mensaje de tranquilidad a los espa\u00f1oles, asegurando que la que \u201cla dimensi\u00f3n del fracaso de los independentistas ser\u00e1 proporcional a la tropel\u00eda democr\u00e1tica que han cometido\u201d.<\/p>\n","protected":false},"excerpt":{"rendered":"<p>La Secretaria general del PP, Mar\u00eda Dolores de Cospedal ha recordado hoy c\u00f3mo el PP de Arag\u00f3n gan\u00f3 las elecciones auton\u00f3micas con un porcentaje muy importante, y que tal y como ocurri\u00f3 en los principales Ayuntamientos de Espa\u00f1a, no se les dej\u00f3 gobernar. De la misma manera, Mar\u00eda Dolores de Cospedal ha recordado que todo [&hellip;]<\/p>\n","protected":false},"author":1,"featured_media":952195,"comment_status":"closed","ping_status":"closed","sticky":false,"template":"","format":"standard","meta":{"footnotes":""},"categories":[1],"tags":[],"class_list":["post-952194","post","type-post","status-publish","format-standard","has-post-thumbnail","hentry","category-actualidad"],"aioseo_notices":[],"aioseo_head":"\n\t\t<!-- All in One SEO Pro 5.0.1 - aioseo.com -->\n\t<meta name=\"description\" content=\"La Secretaria general del PP, Mar\u00eda Dolores de Cospedal ha recordado hoy c\u00f3mo el PP de Arag\u00f3n gan\u00f3 las elecciones auton\u00f3micas con un porcentaje muy importante, y que tal y como ocurri\u00f3 en los principales Ayuntamientos de Espa\u00f1a, no se les dej\u00f3 gobernar. De la misma manera, Mar\u00eda Dolores de Cospedal ha recordado que todo\" \/>\n\t<meta name=\"robots\" content=\"max-image-preview:large\" \/>\n\t<meta name=\"author\" content=\"El Digital de Asturias\"\/>\n\t<meta name=\"google-site-verification\" content=\"UA-38556648-1\" \/>\n\t<meta name=\"msvalidate.01\" content=\"7dfe9f3f1b24437ab69f4f2559babe99\" \/>\n\t<meta name=\"keywords\" content=\"actualidad\" \/>\n\t<link rel=\"canonical\" href=\"https:\/\/www.eldigitaldeasturias.com\/noticias\/cospedal-lo-ocurrido-en-cataluna-en-las-ultimas-48-horas-ha-sido-una-autentica-verguenza\/\" \/>\n\t<meta name=\"generator\" content=\"All in One SEO Pro (AIOSEO) 5.0.1\" \/>\n\t\t<meta property=\"og:locale\" content=\"es_ES\" \/>\n\t\t<meta property=\"og:site_name\" content=\"El Digital de Asturias\" \/>\n\t\t<meta property=\"og:type\" content=\"article\" \/>\n\t\t<meta property=\"og:title\" content=\"Cospedal: \u201cLo ocurrido en Catalu\u00f1a en las \u00faltimas 48 horas ha sido una aut\u00e9ntica verg\u00fcenza\u201d - El Digital de Asturias\" \/>\n\t\t<meta property=\"og:description\" content=\"La Secretaria general del PP, Mar\u00eda Dolores de Cospedal ha recordado hoy c\u00f3mo el PP de Arag\u00f3n gan\u00f3 las elecciones auton\u00f3micas con un porcentaje muy importante, y que tal y como ocurri\u00f3 en los principales Ayuntamientos de Espa\u00f1a, no se les dej\u00f3 gobernar. De la misma manera, Mar\u00eda Dolores de Cospedal ha recordado que todo\" \/>\n\t\t<meta property=\"og:url\" content=\"https:\/\/www.eldigitaldeasturias.com\/noticias\/cospedal-lo-ocurrido-en-cataluna-en-las-ultimas-48-horas-ha-sido-una-autentica-verguenza\/\" \/>\n\t\t<meta property=\"article:tag\" content=\"actualidad\" \/>\n\t\t<meta property=\"article:published_time\" content=\"2017-09-08T19:41:59+00:00\" \/>\n\t\t<meta property=\"article:modified_time\" content=\"2017-09-08T19:41:59+00:00\" \/>\n\t\t<meta property=\"article:publisher\" content=\"https:\/\/facebook.com\/eldigitaldeasturias\" \/>\n\t\t<meta name=\"twitter:card\" content=\"summary_large_image\" \/>\n\t\t<meta name=\"twitter:title\" content=\"Cospedal: \u201cLo ocurrido en Catalu\u00f1a en las \u00faltimas 48 horas ha sido una aut\u00e9ntica verg\u00fcenza\u201d - El Digital de Asturias\" \/>\n\t\t<meta name=\"twitter:description\" content=\"La Secretaria general del PP, Mar\u00eda Dolores de Cospedal ha recordado hoy c\u00f3mo el PP de Arag\u00f3n gan\u00f3 las elecciones auton\u00f3micas con un porcentaje muy importante, y que tal y como ocurri\u00f3 en los principales Ayuntamientos de Espa\u00f1a, no se les dej\u00f3 gobernar. De la misma manera, Mar\u00eda Dolores de Cospedal ha recordado que todo\" \/>\n\t\t<meta name=\"twitter:image\" content=\"https:\/\/www.eldigitaldeasturias.com\/noticias\/wp-content\/uploads\/2020\/12\/EDA-1.jpg\" \/>\n\t\t<meta name=\"twitter:label1\" content=\"Escrito por\" \/>\n\t\t<meta name=\"twitter:data1\" content=\"El Digital de Asturias\" \/>\n\t\t<meta name=\"twitter:label2\" content=\"Tiempo de lectura estimado\" \/>\n\t\t<meta name=\"twitter:data2\" content=\"2 minutos\" \/>\n\t\t<script type=\"application\/ld+json\" class=\"aioseo-schema\">\n\t\t\t{\"@context\":\"https:\\\/\\\/schema.org\",\"@graph\":[{\"@type\":\"BlogPosting\",\"@id\":\"https:\\\/\\\/www.eldigitaldeasturias.com\\\/noticias\\\/cospedal-lo-ocurrido-en-cataluna-en-las-ultimas-48-horas-ha-sido-una-autentica-verguenza\\\/#blogposting\",\"name\":\"Cospedal: \\u201cLo ocurrido en Catalu\\u00f1a en las \\u00faltimas 48 horas ha sido una aut\\u00e9ntica verg\\u00fcenza\\u201d - El Digital de Asturias\",\"headline\":\"Cospedal: \\u201cLo ocurrido en Catalu\\u00f1a en las \\u00faltimas 48 horas ha sido una aut\\u00e9ntica verg\\u00fcenza\\u201d\",\"author\":{\"@id\":\"https:\\\/\\\/www.eldigitaldeasturias.com\\\/noticias\\\/author\\\/admin\\\/#author\"},\"publisher\":{\"@id\":\"https:\\\/\\\/www.eldigitaldeasturias.com\\\/noticias\\\/#organization\"},\"image\":{\"@type\":\"ImageObject\",\"url\":952195},\"datePublished\":\"2017-09-08T19:41:59+02:00\",\"dateModified\":\"2017-09-08T19:41:59+02:00\",\"inLanguage\":\"es-ES\",\"mainEntityOfPage\":{\"@id\":\"https:\\\/\\\/www.eldigitaldeasturias.com\\\/noticias\\\/cospedal-lo-ocurrido-en-cataluna-en-las-ultimas-48-horas-ha-sido-una-autentica-verguenza\\\/#webpage\"},\"isPartOf\":{\"@id\":\"https:\\\/\\\/www.eldigitaldeasturias.com\\\/noticias\\\/cospedal-lo-ocurrido-en-cataluna-en-las-ultimas-48-horas-ha-sido-una-autentica-verguenza\\\/#webpage\"},\"articleSection\":\"Actualidad\"},{\"@type\":\"BreadcrumbList\",\"@id\":\"https:\\\/\\\/www.eldigitaldeasturias.com\\\/noticias\\\/cospedal-lo-ocurrido-en-cataluna-en-las-ultimas-48-horas-ha-sido-una-autentica-verguenza\\\/#breadcrumblist\",\"itemListElement\":[{\"@type\":\"ListItem\",\"@id\":\"https:\\\/\\\/www.eldigitaldeasturias.com\\\/noticias#listItem\",\"position\":1,\"name\":\"Home\",\"item\":\"https:\\\/\\\/www.eldigitaldeasturias.com\\\/noticias\",\"nextItem\":{\"@type\":\"ListItem\",\"@id\":\"https:\\\/\\\/www.eldigitaldeasturias.com\\\/noticias\\\/category\\\/actualidad\\\/#listItem\",\"name\":\"Actualidad\"}},{\"@type\":\"ListItem\",\"@id\":\"https:\\\/\\\/www.eldigitaldeasturias.com\\\/noticias\\\/category\\\/actualidad\\\/#listItem\",\"position\":2,\"name\":\"Actualidad\",\"item\":\"https:\\\/\\\/www.eldigitaldeasturias.com\\\/noticias\\\/category\\\/actualidad\\\/\",\"nextItem\":{\"@type\":\"ListItem\",\"@id\":\"https:\\\/\\\/www.eldigitaldeasturias.com\\\/noticias\\\/cospedal-lo-ocurrido-en-cataluna-en-las-ultimas-48-horas-ha-sido-una-autentica-verguenza\\\/#listItem\",\"name\":\"Cospedal: \\u201cLo ocurrido en Catalu\\u00f1a en las \\u00faltimas 48 horas ha sido una aut\\u00e9ntica verg\\u00fcenza\\u201d\"},\"previousItem\":{\"@type\":\"ListItem\",\"@id\":\"https:\\\/\\\/www.eldigitaldeasturias.com\\\/noticias#listItem\",\"name\":\"Home\"}},{\"@type\":\"ListItem\",\"@id\":\"https:\\\/\\\/www.eldigitaldeasturias.com\\\/noticias\\\/cospedal-lo-ocurrido-en-cataluna-en-las-ultimas-48-horas-ha-sido-una-autentica-verguenza\\\/#listItem\",\"position\":3,\"name\":\"Cospedal: \\u201cLo ocurrido en Catalu\\u00f1a en las \\u00faltimas 48 horas ha sido una aut\\u00e9ntica verg\\u00fcenza\\u201d\",\"previousItem\":{\"@type\":\"ListItem\",\"@id\":\"https:\\\/\\\/www.eldigitaldeasturias.com\\\/noticias\\\/category\\\/actualidad\\\/#listItem\",\"name\":\"Actualidad\"}}]},{\"@type\":\"Organization\",\"@id\":\"https:\\\/\\\/www.eldigitaldeasturias.com\\\/noticias\\\/#organization\",\"name\":\"El Digital de Asturias\",\"description\":\"Hemeroteca\",\"url\":\"https:\\\/\\\/www.eldigitaldeasturias.com\\\/noticias\\\/\",\"email\":\"info@eldigitaldeasturias.com\",\"telephone\":\"+34652131393\",\"logo\":{\"@type\":\"ImageObject\",\"url\":\"https:\\\/\\\/www.eldigitaldeasturias.com\\\/noticias\\\/wp-content\\\/uploads\\\/2020\\\/12\\\/EDA.jpg\",\"@id\":\"https:\\\/\\\/www.eldigitaldeasturias.com\\\/noticias\\\/cospedal-lo-ocurrido-en-cataluna-en-las-ultimas-48-horas-ha-sido-una-autentica-verguenza\\\/#organizationLogo\"},\"image\":{\"@id\":\"https:\\\/\\\/www.eldigitaldeasturias.com\\\/noticias\\\/cospedal-lo-ocurrido-en-cataluna-en-las-ultimas-48-horas-ha-sido-una-autentica-verguenza\\\/#organizationLogo\"},\"sameAs\":[\"https:\\\/\\\/facebook.com\\\/eldigitaldeasturias\",\"https:\\\/\\\/www.youtube.com\\\/channel\\\/UCZP-2wLEB9Rv6erhFmqVnvg\"],\"address\":{\"@id\":\"https:\\\/\\\/www.eldigitaldeasturias.com\\\/noticias\\\/#postaladdress\",\"@type\":\"PostalAddress\",\"streetAddress\":\"san antonio 4\",\"postalCode\":\"33430\",\"addressLocality\":\"Cand\\u00e1s\",\"addressRegion\":\"Asturias\",\"addressCountry\":\"ES\"}},{\"@type\":\"Person\",\"@id\":\"https:\\\/\\\/www.eldigitaldeasturias.com\\\/noticias\\\/author\\\/admin\\\/#author\",\"url\":\"https:\\\/\\\/www.eldigitaldeasturias.com\\\/noticias\\\/author\\\/admin\\\/\",\"name\":\"El Digital de Asturias\",\"image\":{\"@type\":\"ImageObject\",\"@id\":\"https:\\\/\\\/www.eldigitaldeasturias.com\\\/noticias\\\/cospedal-lo-ocurrido-en-cataluna-en-las-ultimas-48-horas-ha-sido-una-autentica-verguenza\\\/#authorImage\",\"url\":\"https:\\\/\\\/secure.gravatar.com\\\/avatar\\\/df2aeffc32bcd13f8d26072ef8a91b623d677766deac7f97ca815868cd41bf5e?s=96&d=mm&r=g\",\"width\":96,\"height\":96,\"caption\":\"El Digital de Asturias\"}},{\"@type\":\"WebPage\",\"@id\":\"https:\\\/\\\/www.eldigitaldeasturias.com\\\/noticias\\\/cospedal-lo-ocurrido-en-cataluna-en-las-ultimas-48-horas-ha-sido-una-autentica-verguenza\\\/#webpage\",\"url\":\"https:\\\/\\\/www.eldigitaldeasturias.com\\\/noticias\\\/cospedal-lo-ocurrido-en-cataluna-en-las-ultimas-48-horas-ha-sido-una-autentica-verguenza\\\/\",\"name\":\"Cospedal: \\u201cLo ocurrido en Catalu\\u00f1a en las \\u00faltimas 48 horas ha sido una aut\\u00e9ntica verg\\u00fcenza\\u201d - El Digital de Asturias\",\"description\":\"La Secretaria general del PP, Mar\\u00eda Dolores de Cospedal ha recordado hoy c\\u00f3mo el PP de Arag\\u00f3n gan\\u00f3 las elecciones auton\\u00f3micas con un porcentaje muy importante, y que tal y como ocurri\\u00f3 en los principales Ayuntamientos de Espa\\u00f1a, no se les dej\\u00f3 gobernar. De la misma manera, Mar\\u00eda Dolores de Cospedal ha recordado que todo\",\"inLanguage\":\"es-ES\",\"isPartOf\":{\"@id\":\"https:\\\/\\\/www.eldigitaldeasturias.com\\\/noticias\\\/#website\"},\"breadcrumb\":{\"@id\":\"https:\\\/\\\/www.eldigitaldeasturias.com\\\/noticias\\\/cospedal-lo-ocurrido-en-cataluna-en-las-ultimas-48-horas-ha-sido-una-autentica-verguenza\\\/#breadcrumblist\"},\"author\":{\"@id\":\"https:\\\/\\\/www.eldigitaldeasturias.com\\\/noticias\\\/author\\\/admin\\\/#author\"},\"creator\":{\"@id\":\"https:\\\/\\\/www.eldigitaldeasturias.com\\\/noticias\\\/author\\\/admin\\\/#author\"},\"image\":{\"@type\":\"ImageObject\",\"url\":952195,\"@id\":\"https:\\\/\\\/www.eldigitaldeasturias.com\\\/noticias\\\/cospedal-lo-ocurrido-en-cataluna-en-las-ultimas-48-horas-ha-sido-una-autentica-verguenza\\\/#mainImage\"},\"primaryImageOfPage\":{\"@id\":\"https:\\\/\\\/www.eldigitaldeasturias.com\\\/noticias\\\/cospedal-lo-ocurrido-en-cataluna-en-las-ultimas-48-horas-ha-sido-una-autentica-verguenza\\\/#mainImage\"},\"datePublished\":\"2017-09-08T19:41:59+02:00\",\"dateModified\":\"2017-09-08T19:41:59+02:00\"},{\"@type\":\"WebSite\",\"@id\":\"https:\\\/\\\/www.eldigitaldeasturias.com\\\/noticias\\\/#website\",\"url\":\"https:\\\/\\\/www.eldigitaldeasturias.com\\\/noticias\\\/\",\"name\":\"El Digital de Asturias - Diario de actualidad y noticias\",\"alternateName\":\"El Digital de Asturias - Diario de actualidad y noticias\",\"description\":\"Hemeroteca\",\"inLanguage\":\"es-ES\",\"publisher\":{\"@id\":\"https:\\\/\\\/www.eldigitaldeasturias.com\\\/noticias\\\/#organization\"}}]}\n\t\t<\/script>\n\t\t<!-- All in One SEO Pro -->\r\n\t\t<title>Cospedal: \u201cLo ocurrido en Catalu\u00f1a en las \u00faltimas 48 horas ha sido una aut\u00e9ntica verg\u00fcenza\u201d - El Digital de Asturias<\/title>\n\n","aioseo_head_json":{"title":"Cospedal: \u201cLo ocurrido en Catalu\u00f1a en las \u00faltimas 48 horas ha sido una aut\u00e9ntica verg\u00fcenza\u201d - El Digital de Asturias","description":"La Secretaria general del PP, Mar\u00eda Dolores de Cospedal ha recordado hoy c\u00f3mo el PP de Arag\u00f3n gan\u00f3 las elecciones auton\u00f3micas con un porcentaje muy importante, y que tal y como ocurri\u00f3 en los principales Ayuntamientos de Espa\u00f1a, no se les dej\u00f3 gobernar. De la misma manera, Mar\u00eda Dolores de Cospedal ha recordado que todo","canonical_url":"https:\/\/www.eldigitaldeasturias.com\/noticias\/cospedal-lo-ocurrido-en-cataluna-en-las-ultimas-48-horas-ha-sido-una-autentica-verguenza\/","robots":"max-image-preview:large","keywords":"actualidad","webmasterTools":{"google-site-verification":"UA-38556648-1","msvalidate.01":"7dfe9f3f1b24437ab69f4f2559babe99","miscellaneous":""},"schema":{"@context":"https:\/\/schema.org","@graph":[{"@type":"BlogPosting","@id":"https:\/\/www.eldigitaldeasturias.com\/noticias\/cospedal-lo-ocurrido-en-cataluna-en-las-ultimas-48-horas-ha-sido-una-autentica-verguenza\/#blogposting","name":"Cospedal: \u201cLo ocurrido en Catalu\u00f1a en las \u00faltimas 48 horas ha sido una aut\u00e9ntica verg\u00fcenza\u201d - El Digital de Asturias","headline":"Cospedal: \u201cLo ocurrido en Catalu\u00f1a en las \u00faltimas 48 horas ha sido una aut\u00e9ntica verg\u00fcenza\u201d","author":{"@id":"https:\/\/www.eldigitaldeasturias.com\/noticias\/author\/admin\/#author"},"publisher":{"@id":"https:\/\/www.eldigitaldeasturias.com\/noticias\/#organization"},"image":{"@type":"ImageObject","url":952195},"datePublished":"2017-09-08T19:41:59+02:00","dateModified":"2017-09-08T19:41:59+02:00","inLanguage":"es-ES","mainEntityOfPage":{"@id":"https:\/\/www.eldigitaldeasturias.com\/noticias\/cospedal-lo-ocurrido-en-cataluna-en-las-ultimas-48-horas-ha-sido-una-autentica-verguenza\/#webpage"},"isPartOf":{"@id":"https:\/\/www.eldigitaldeasturias.com\/noticias\/cospedal-lo-ocurrido-en-cataluna-en-las-ultimas-48-horas-ha-sido-una-autentica-verguenza\/#webpage"},"articleSection":"Actualidad"},{"@type":"BreadcrumbList","@id":"https:\/\/www.eldigitaldeasturias.com\/noticias\/cospedal-lo-ocurrido-en-cataluna-en-las-ultimas-48-horas-ha-sido-una-autentica-verguenza\/#breadcrumblist","itemListElement":[{"@type":"ListItem","@id":"https:\/\/www.eldigitaldeasturias.com\/noticias#listItem","position":1,"name":"Home","item":"https:\/\/www.eldigitaldeasturias.com\/noticias","nextItem":{"@type":"ListItem","@id":"https:\/\/www.eldigitaldeasturias.com\/noticias\/category\/actualidad\/#listItem","name":"Actualidad"}},{"@type":"ListItem","@id":"https:\/\/www.eldigitaldeasturias.com\/noticias\/category\/actualidad\/#listItem","position":2,"name":"Actualidad","item":"https:\/\/www.eldigitaldeasturias.com\/noticias\/category\/actualidad\/","nextItem":{"@type":"ListItem","@id":"https:\/\/www.eldigitaldeasturias.com\/noticias\/cospedal-lo-ocurrido-en-cataluna-en-las-ultimas-48-horas-ha-sido-una-autentica-verguenza\/#listItem","name":"Cospedal: \u201cLo ocurrido en Catalu\u00f1a en las \u00faltimas 48 horas ha sido una aut\u00e9ntica verg\u00fcenza\u201d"},"previousItem":{"@type":"ListItem","@id":"https:\/\/www.eldigitaldeasturias.com\/noticias#listItem","name":"Home"}},{"@type":"ListItem","@id":"https:\/\/www.eldigitaldeasturias.com\/noticias\/cospedal-lo-ocurrido-en-cataluna-en-las-ultimas-48-horas-ha-sido-una-autentica-verguenza\/#listItem","position":3,"name":"Cospedal: \u201cLo ocurrido en Catalu\u00f1a en las \u00faltimas 48 horas ha sido una aut\u00e9ntica verg\u00fcenza\u201d","previousItem":{"@type":"ListItem","@id":"https:\/\/www.eldigitaldeasturias.com\/noticias\/category\/actualidad\/#listItem","name":"Actualidad"}}]},{"@type":"Organization","@id":"https:\/\/www.eldigitaldeasturias.com\/noticias\/#organization","name":"El Digital de Asturias","description":"Hemeroteca","url":"https:\/\/www.eldigitaldeasturias.com\/noticias\/","email":"info@eldigitaldeasturias.com","telephone":"+34652131393","logo":{"@type":"ImageObject","url":"https:\/\/www.eldigitaldeasturias.com\/noticias\/wp-content\/uploads\/2020\/12\/EDA.jpg","@id":"https:\/\/www.eldigitaldeasturias.com\/noticias\/cospedal-lo-ocurrido-en-cataluna-en-las-ultimas-48-horas-ha-sido-una-autentica-verguenza\/#organizationLogo"},"image":{"@id":"https:\/\/www.eldigitaldeasturias.com\/noticias\/cospedal-lo-ocurrido-en-cataluna-en-las-ultimas-48-horas-ha-sido-una-autentica-verguenza\/#organizationLogo"},"sameAs":["https:\/\/facebook.com\/eldigitaldeasturias","https:\/\/www.youtube.com\/channel\/UCZP-2wLEB9Rv6erhFmqVnvg"],"address":{"@id":"https:\/\/www.eldigitaldeasturias.com\/noticias\/#postaladdress","@type":"PostalAddress","streetAddress":"san antonio 4","postalCode":"33430","addressLocality":"Cand\u00e1s","addressRegion":"Asturias","addressCountry":"ES"}},{"@type":"Person","@id":"https:\/\/www.eldigitaldeasturias.com\/noticias\/author\/admin\/#author","url":"https:\/\/www.eldigitaldeasturias.com\/noticias\/author\/admin\/","name":"El Digital de Asturias","image":{"@type":"ImageObject","@id":"https:\/\/www.eldigitaldeasturias.com\/noticias\/cospedal-lo-ocurrido-en-cataluna-en-las-ultimas-48-horas-ha-sido-una-autentica-verguenza\/#authorImage","url":"https:\/\/secure.gravatar.com\/avatar\/df2aeffc32bcd13f8d26072ef8a91b623d677766deac7f97ca815868cd41bf5e?s=96&d=mm&r=g","width":96,"height":96,"caption":"El Digital de Asturias"}},{"@type":"WebPage","@id":"https:\/\/www.eldigitaldeasturias.com\/noticias\/cospedal-lo-ocurrido-en-cataluna-en-las-ultimas-48-horas-ha-sido-una-autentica-verguenza\/#webpage","url":"https:\/\/www.eldigitaldeasturias.com\/noticias\/cospedal-lo-ocurrido-en-cataluna-en-las-ultimas-48-horas-ha-sido-una-autentica-verguenza\/","name":"Cospedal: \u201cLo ocurrido en Catalu\u00f1a en las \u00faltimas 48 horas ha sido una aut\u00e9ntica verg\u00fcenza\u201d - El Digital de Asturias","description":"La Secretaria general del PP, Mar\u00eda Dolores de Cospedal ha recordado hoy c\u00f3mo el PP de Arag\u00f3n gan\u00f3 las elecciones auton\u00f3micas con un porcentaje muy importante, y que tal y como ocurri\u00f3 en los principales Ayuntamientos de Espa\u00f1a, no se les dej\u00f3 gobernar. De la misma manera, Mar\u00eda Dolores de Cospedal ha recordado que todo","inLanguage":"es-ES","isPartOf":{"@id":"https:\/\/www.eldigitaldeasturias.com\/noticias\/#website"},"breadcrumb":{"@id":"https:\/\/www.eldigitaldeasturias.com\/noticias\/cospedal-lo-ocurrido-en-cataluna-en-las-ultimas-48-horas-ha-sido-una-autentica-verguenza\/#breadcrumblist"},"author":{"@id":"https:\/\/www.eldigitaldeasturias.com\/noticias\/author\/admin\/#author"},"creator":{"@id":"https:\/\/www.eldigitaldeasturias.com\/noticias\/author\/admin\/#author"},"image":{"@type":"ImageObject","url":952195,"@id":"https:\/\/www.eldigitaldeasturias.com\/noticias\/cospedal-lo-ocurrido-en-cataluna-en-las-ultimas-48-horas-ha-sido-una-autentica-verguenza\/#mainImage"},"primaryImageOfPage":{"@id":"https:\/\/www.eldigitaldeasturias.com\/noticias\/cospedal-lo-ocurrido-en-cataluna-en-las-ultimas-48-horas-ha-sido-una-autentica-verguenza\/#mainImage"},"datePublished":"2017-09-08T19:41:59+02:00","dateModified":"2017-09-08T19:41:59+02:00"},{"@type":"WebSite","@id":"https:\/\/www.eldigitaldeasturias.com\/noticias\/#website","url":"https:\/\/www.eldigitaldeasturias.com\/noticias\/","name":"El Digital de Asturias - Diario de actualidad y noticias","alternateName":"El Digital de Asturias - Diario de actualidad y noticias","description":"Hemeroteca","inLanguage":"es-ES","publisher":{"@id":"https:\/\/www.eldigitaldeasturias.com\/noticias\/#organization"}}]},"og:locale":"es_ES","og:site_name":"El Digital de Asturias","og:type":"article","og:title":"Cospedal: \u201cLo ocurrido en Catalu\u00f1a en las \u00faltimas 48 horas ha sido una aut\u00e9ntica verg\u00fcenza\u201d - El Digital de Asturias","og:description":"La Secretaria general del PP, Mar\u00eda Dolores de Cospedal ha recordado hoy c\u00f3mo el PP de Arag\u00f3n gan\u00f3 las elecciones auton\u00f3micas con un porcentaje muy importante, y que tal y como ocurri\u00f3 en los principales Ayuntamientos de Espa\u00f1a, no se les dej\u00f3 gobernar. De la misma manera, Mar\u00eda Dolores de Cospedal ha recordado que todo","og:url":"https:\/\/www.eldigitaldeasturias.com\/noticias\/cospedal-lo-ocurrido-en-cataluna-en-las-ultimas-48-horas-ha-sido-una-autentica-verguenza\/","article:tag":["actualidad"],"article:published_time":"2017-09-08T19:41:59+00:00","article:modified_time":"2017-09-08T19:41:59+00:00","article:publisher":"https:\/\/facebook.com\/eldigitaldeasturias","twitter:card":"summary_large_image","twitter:title":"Cospedal: \u201cLo ocurrido en Catalu\u00f1a en las \u00faltimas 48 horas ha sido una aut\u00e9ntica verg\u00fcenza\u201d - El Digital de Asturias","twitter:description":"La Secretaria general del PP, Mar\u00eda Dolores de Cospedal ha recordado hoy c\u00f3mo el PP de Arag\u00f3n gan\u00f3 las elecciones auton\u00f3micas con un porcentaje muy importante, y que tal y como ocurri\u00f3 en los principales Ayuntamientos de Espa\u00f1a, no se les dej\u00f3 gobernar. De la misma manera, Mar\u00eda Dolores de Cospedal ha recordado que todo","twitter:image":"https:\/\/www.eldigitaldeasturias.com\/noticias\/wp-content\/uploads\/2020\/12\/EDA-1.jpg","twitter:label1":"Escrito por","twitter:data1":"El Digital de Asturias","twitter:label2":"Tiempo de lectura estimado","twitter:data2":"2 minutos"},"aioseo_meta_data":{"post_id":"952194","title":null,"description":null,"keywords":null,"keyphrases":null,"primary_term":null,"canonical_url":null,"og_title":null,"og_description":null,"og_object_type":"default","og_image_type":"default","og_image_url":null,"og_image_width":null,"og_image_height":null,"og_image_custom_url":null,"og_image_custom_fields":null,"og_video":null,"og_custom_url":null,"og_article_section":null,"og_article_tags":null,"twitter_use_og":false,"twitter_card":"default","twitter_image_type":"default","twitter_image_url":null,"twitter_image_custom_url":null,"twitter_image_custom_fields":null,"twitter_title":null,"twitter_description":null,"schema":{"blockGraphs":[],"customGraphs":[],"default":{"data":{"Article":[],"Course":[],"Dataset":[],"FAQPage":[],"Movie":[],"Person":[],"Product":[],"ProductReview":[],"Car":[],"Recipe":[],"Service":[],"SoftwareApplication":[],"WebPage":[]},"graphName":"","isEnabled":true},"graphs":[],"defaultGraph":"","defaultPostTypeGraph":""},"schema_type":null,"schema_type_options":null,"pillar_content":false,"robots_default":true,"robots_noindex":false,"robots_noarchive":false,"robots_nosnippet":false,"robots_nofollow":false,"robots_noimageindex":false,"robots_noodp":false,"robots_notranslate":false,"robots_max_snippet":null,"robots_max_videopreview":null,"robots_max_imagepreview":"large","priority":null,"frequency":null,"local_seo":null,"seo_analyzer_scan_date":"2025-12-05 21:55:15","breadcrumb_settings":null,"limit_modified_date":false,"open_ai":null,"ai":null,"created":"2020-12-21 12:57:50","updated":"2025-12-05 21:55:15","focus_keyword":null,"additional_keywords":null,"truseo_locale":null},"aioseo_breadcrumb":"<div class=\"aioseo-breadcrumbs\"><span class=\"aioseo-breadcrumb\">\n\t<a href=\"https:\/\/www.eldigitaldeasturias.com\/noticias\" title=\"Home\">Home<\/a>\n<\/span><span class=\"aioseo-breadcrumb-separator\">\u2013<\/span><span class=\"aioseo-breadcrumb\">\n\t<a href=\"https:\/\/www.eldigitaldeasturias.com\/noticias\/category\/actualidad\/\" title=\"Actualidad\">Actualidad<\/a>\n<\/span><span class=\"aioseo-breadcrumb-separator\">\u2013<\/span><span class=\"aioseo-breadcrumb\">\n\t<a href=\"https:\/\/www.eldigitaldeasturias.com\/noticias\/cospedal-lo-ocurrido-en-cataluna-en-las-ultimas-48-horas-ha-sido-una-autentica-verguenza\/\" title=\"Cospedal: \u201cLo ocurrido en Catalu\u00f1a en las \u00faltimas 48 horas ha sido una aut\u00e9ntica verg\u00fcenza\u201d\">Cospedal: \u201cLo ocurrido en Catalu\u00f1a en las \u00faltimas 48 horas ha sido una aut\u00e9ntica verg\u00fcenza\u201d<\/a>\n<\/span><\/div>","aioseo_breadcrumb_json":[{"label":"Home","link":"https:\/\/www.eldigitaldeasturias.com\/noticias"},{"label":"Actualidad","link":"https:\/\/www.eldigitaldeasturias.com\/noticias\/category\/actualidad\/"},{"label":"Cospedal: \u201cLo ocurrido en Catalu\u00f1a en las \u00faltimas 48 horas ha sido una aut\u00e9ntica verg\u00fcenza\u201d","link":"https:\/\/www.eldigitaldeasturias.com\/noticias\/cospedal-lo-ocurrido-en-cataluna-en-las-ultimas-48-horas-ha-sido-una-autentica-verguenza\/"}],"_links":{"self":[{"href":"https:\/\/www.eldigitaldeasturias.com\/noticias\/wp-json\/wp\/v2\/posts\/952194","targetHints":{"allow":["GET"]}}],"collection":[{"href":"https:\/\/www.eldigitaldeasturias.com\/noticias\/wp-json\/wp\/v2\/posts"}],"about":[{"href":"https:\/\/www.eldigitaldeasturias.com\/noticias\/wp-json\/wp\/v2\/types\/post"}],"author":[{"embeddable":true,"href":"https:\/\/www.eldigitaldeasturias.com\/noticias\/wp-json\/wp\/v2\/users\/1"}],"replies":[{"embeddable":true,"href":"https:\/\/www.eldigitaldeasturias.com\/noticias\/wp-json\/wp\/v2\/comments?post=952194"}],"version-history":[{"count":0,"href":"https:\/\/www.eldigitaldeasturias.com\/noticias\/wp-json\/wp\/v2\/posts\/952194\/revisions"}],"wp:attachment":[{"href":"https:\/\/www.eldigitaldeasturias.com\/noticias\/wp-json\/wp\/v2\/media?parent=952194"}],"wp:term":[{"taxonomy":"category","embeddable":true,"href":"https:\/\/www.eldigitaldeasturias.com\/noticias\/wp-json\/wp\/v2\/categories?post=952194"},{"taxonomy":"post_tag","embeddable":true,"href":"https:\/\/www.eldigitaldeasturias.com\/noticias\/wp-json\/wp\/v2\/tags?post=952194"}],"curies":[{"name":"wp","href":"https:\/\/api.w.org\/{rel}","templated":true}]}}