{"id":952145,"date":"2017-09-08T14:51:23","date_gmt":"2017-09-08T14:51:23","guid":{"rendered":"http:\/\/www.eldigitaldeasturias.com\/noticias\/?p=952145"},"modified":"2017-09-08T14:51:23","modified_gmt":"2017-09-08T14:51:23","slug":"espana-mantiene-su-nivel-actual-de-alerta-terrorista","status":"publish","type":"post","link":"https:\/\/www.eldigitaldeasturias.com\/noticias\/espana-mantiene-su-nivel-actual-de-alerta-terrorista\/","title":{"rendered":"Espa\u00f1a mantiene su nivel actual de alerta terrorista"},"content":{"rendered":"<p><img loading=\"lazy\" decoding=\"async\" class=\"alignleft size-medium wp-image-952146\" src=\"https:\/\/www.eldigitaldeasturias.com\/noticias\/wp-content\/uploads\/2017\/09\/0709171-360x239.jpg\" alt=\"\" width=\"360\" height=\"239\" \/>El ministro del Interior, Juan Ignacio Zoido, ha presidido, acompa\u00f1ado por el secretario de Estado de Seguridad, Jos\u00e9 Antonio Nieto, uno de los principales \u00f3rganos de coordinaci\u00f3n recogidos en el Plan de Prevenci\u00f3n y Protecci\u00f3n Antiterrorista: la Mesa de Coordinaci\u00f3n de Medidas contra el Terrorismo.<\/p>\n<p>Previamente, en otra reuni\u00f3n que ha tenido lugar\u00a0en el Ministerio del Interior, la Mesa de Valoraci\u00f3n de la Amenaza Terrorista ha decidido mantener el <span style=\"color: #ff0000;\"><strong>nivel de amenaza en Espa\u00f1a en el actual nivel 4 (alto) reforzado.<\/strong><\/span><\/p>\n<p>Al t\u00e9rmino de la Mesa de Valoraci\u00f3n, Juan Ignacio Zoido ha presidido la Mesa de Coordinaci\u00f3n de Medidas contra el Terrorismo, compuesta por representantes de la Polic\u00eda Nacional, la Guardia Civil, el CITCO (Centro de Inteligencia contra el Terrorismo y el Crimen Organizado), la Ertzaintza, los Mossos d&#8217;Esquadra y tambi\u00e9n del CNPIC (Centro Nacional para la Protecci\u00f3n de las Infraestructuras Cr\u00edticas).<\/p>\n<p>El Plan de Prevenci\u00f3n y Protecci\u00f3n Antiterrorista establece directrices generales que permitan asegurar la detecci\u00f3n, seguimiento, an\u00e1lisis y evaluaci\u00f3n continuada del riesgo de atentado terrorista, as\u00ed como la puesta en marcha y coordinaci\u00f3n de los dispositivos preventivos en caso necesario. Asimismo, el Plan contempla la activaci\u00f3n de los dos \u00f3rganos principales de coordinaci\u00f3n en la materia (la Mesa de Valoraci\u00f3n de la Amenaza Terrorista y la Mesa de Coordinaci\u00f3n de Medidas contra el Terrorismo) a partir del nivel 3 de amenaza terrorista.<\/p>\n<p><strong>Refuerzo de la colaboraci\u00f3n y coordinaci\u00f3n antiterrorista<\/strong><\/p>\n<p>En concreto, la reuni\u00f3n de la Mesa de Coordinaci\u00f3n de Medidas contra el Terrorismo presidida hoy por el ministro del Interior ha abordado el estudio y coordinaci\u00f3n tanto de los criterios generales de actuaci\u00f3n antiterrorista recogidos en el actual nivel 4 de alerta como de las medidas de refuerzo de la seguridad establecidas tras los atentados de Catalu\u00f1a. En esta Mesa de Coordinaci\u00f3n, los expertos antiterroristas han tratado asimismo el refuerzo de los sistemas de colaboraci\u00f3n y coordinaci\u00f3n para la aplicaci\u00f3n de las medidas de seguridad antiterrorista, en lo que respecta a las Fuerzas de Seguridad y tambi\u00e9n en lo relativo a la protecci\u00f3n de infraestructuras cr\u00edticas, dedicadas a servicios esenciales como la electricidad, agua potable, sanidad, transporte, telecomunicaciones, petr\u00f3leo o alimentaci\u00f3n, entre otros.<\/p>\n<p>&nbsp;<\/p>\n","protected":false},"excerpt":{"rendered":"<p>El ministro del Interior, Juan Ignacio Zoido, ha presidido, acompa\u00f1ado por el secretario de Estado de Seguridad, Jos\u00e9 Antonio Nieto, uno de los principales \u00f3rganos de coordinaci\u00f3n recogidos en el Plan de Prevenci\u00f3n y Protecci\u00f3n Antiterrorista: la Mesa de Coordinaci\u00f3n de Medidas contra el Terrorismo. Previamente, en otra reuni\u00f3n que ha tenido lugar\u00a0en el Ministerio [&hellip;]<\/p>\n","protected":false},"author":1,"featured_media":952146,"comment_status":"closed","ping_status":"closed","sticky":false,"template":"","format":"standard","meta":{"footnotes":""},"categories":[1],"tags":[],"class_list":["post-952145","post","type-post","status-publish","format-standard","has-post-thumbnail","hentry","category-actualidad"],"aioseo_notices":[],"aioseo_head":"\n\t\t<!-- All in One SEO Pro 5.0.1 - aioseo.com -->\n\t<meta name=\"description\" content=\"El ministro del Interior, Juan Ignacio Zoido, ha presidido, acompa\u00f1ado por el secretario de Estado de Seguridad, Jos\u00e9 Antonio Nieto, uno de los principales \u00f3rganos de coordinaci\u00f3n recogidos en el Plan de Prevenci\u00f3n y Protecci\u00f3n Antiterrorista: la Mesa de Coordinaci\u00f3n de Medidas contra el Terrorismo. Previamente, en otra reuni\u00f3n que ha tenido lugar en el Ministerio\" \/>\n\t<meta name=\"robots\" content=\"max-image-preview:large\" \/>\n\t<meta name=\"author\" content=\"El Digital de Asturias\"\/>\n\t<meta name=\"google-site-verification\" content=\"UA-38556648-1\" \/>\n\t<meta name=\"msvalidate.01\" content=\"7dfe9f3f1b24437ab69f4f2559babe99\" \/>\n\t<meta name=\"keywords\" content=\"actualidad\" \/>\n\t<link rel=\"canonical\" href=\"https:\/\/www.eldigitaldeasturias.com\/noticias\/espana-mantiene-su-nivel-actual-de-alerta-terrorista\/\" \/>\n\t<meta name=\"generator\" content=\"All in One SEO Pro (AIOSEO) 5.0.1\" \/>\n\t\t<meta property=\"og:locale\" content=\"es_ES\" \/>\n\t\t<meta property=\"og:site_name\" content=\"El Digital de Asturias\" \/>\n\t\t<meta property=\"og:type\" content=\"article\" \/>\n\t\t<meta property=\"og:title\" content=\"Espa\u00f1a mantiene su nivel actual de alerta terrorista - El Digital de Asturias\" \/>\n\t\t<meta property=\"og:description\" content=\"El ministro del Interior, Juan Ignacio Zoido, ha presidido, acompa\u00f1ado por el secretario de Estado de Seguridad, Jos\u00e9 Antonio Nieto, uno de los principales \u00f3rganos de coordinaci\u00f3n recogidos en el Plan de Prevenci\u00f3n y Protecci\u00f3n Antiterrorista: la Mesa de Coordinaci\u00f3n de Medidas contra el Terrorismo. Previamente, en otra reuni\u00f3n que ha tenido lugar en el Ministerio\" \/>\n\t\t<meta property=\"og:url\" content=\"https:\/\/www.eldigitaldeasturias.com\/noticias\/espana-mantiene-su-nivel-actual-de-alerta-terrorista\/\" \/>\n\t\t<meta property=\"article:tag\" content=\"actualidad\" \/>\n\t\t<meta property=\"article:published_time\" content=\"2017-09-08T14:51:23+00:00\" \/>\n\t\t<meta property=\"article:modified_time\" content=\"2017-09-08T14:51:23+00:00\" \/>\n\t\t<meta property=\"article:publisher\" content=\"https:\/\/facebook.com\/eldigitaldeasturias\" \/>\n\t\t<meta name=\"twitter:card\" content=\"summary_large_image\" \/>\n\t\t<meta name=\"twitter:title\" content=\"Espa\u00f1a mantiene su nivel actual de alerta terrorista - El Digital de Asturias\" \/>\n\t\t<meta name=\"twitter:description\" content=\"El ministro del Interior, Juan Ignacio Zoido, ha presidido, acompa\u00f1ado por el secretario de Estado de Seguridad, Jos\u00e9 Antonio Nieto, uno de los principales \u00f3rganos de coordinaci\u00f3n recogidos en el Plan de Prevenci\u00f3n y Protecci\u00f3n Antiterrorista: la Mesa de Coordinaci\u00f3n de Medidas contra el Terrorismo. Previamente, en otra reuni\u00f3n que ha tenido lugar en el Ministerio\" \/>\n\t\t<meta name=\"twitter:image\" content=\"https:\/\/www.eldigitaldeasturias.com\/noticias\/wp-content\/uploads\/2020\/12\/EDA-1.jpg\" \/>\n\t\t<meta name=\"twitter:label1\" content=\"Escrito por\" \/>\n\t\t<meta name=\"twitter:data1\" content=\"El Digital de Asturias\" \/>\n\t\t<meta name=\"twitter:label2\" content=\"Tiempo de lectura estimado\" \/>\n\t\t<meta name=\"twitter:data2\" content=\"2 minutos\" \/>\n\t\t<script type=\"application\/ld+json\" class=\"aioseo-schema\">\n\t\t\t{\"@context\":\"https:\\\/\\\/schema.org\",\"@graph\":[{\"@type\":\"BlogPosting\",\"@id\":\"https:\\\/\\\/www.eldigitaldeasturias.com\\\/noticias\\\/espana-mantiene-su-nivel-actual-de-alerta-terrorista\\\/#blogposting\",\"name\":\"Espa\\u00f1a mantiene su nivel actual de alerta terrorista - El Digital de Asturias\",\"headline\":\"Espa\\u00f1a mantiene su nivel actual de alerta terrorista\",\"author\":{\"@id\":\"https:\\\/\\\/www.eldigitaldeasturias.com\\\/noticias\\\/author\\\/admin\\\/#author\"},\"publisher\":{\"@id\":\"https:\\\/\\\/www.eldigitaldeasturias.com\\\/noticias\\\/#organization\"},\"image\":{\"@type\":\"ImageObject\",\"url\":952146},\"datePublished\":\"2017-09-08T14:51:23+02:00\",\"dateModified\":\"2017-09-08T14:51:23+02:00\",\"inLanguage\":\"es-ES\",\"mainEntityOfPage\":{\"@id\":\"https:\\\/\\\/www.eldigitaldeasturias.com\\\/noticias\\\/espana-mantiene-su-nivel-actual-de-alerta-terrorista\\\/#webpage\"},\"isPartOf\":{\"@id\":\"https:\\\/\\\/www.eldigitaldeasturias.com\\\/noticias\\\/espana-mantiene-su-nivel-actual-de-alerta-terrorista\\\/#webpage\"},\"articleSection\":\"Actualidad\"},{\"@type\":\"BreadcrumbList\",\"@id\":\"https:\\\/\\\/www.eldigitaldeasturias.com\\\/noticias\\\/espana-mantiene-su-nivel-actual-de-alerta-terrorista\\\/#breadcrumblist\",\"itemListElement\":[{\"@type\":\"ListItem\",\"@id\":\"https:\\\/\\\/www.eldigitaldeasturias.com\\\/noticias#listItem\",\"position\":1,\"name\":\"Home\",\"item\":\"https:\\\/\\\/www.eldigitaldeasturias.com\\\/noticias\",\"nextItem\":{\"@type\":\"ListItem\",\"@id\":\"https:\\\/\\\/www.eldigitaldeasturias.com\\\/noticias\\\/category\\\/actualidad\\\/#listItem\",\"name\":\"Actualidad\"}},{\"@type\":\"ListItem\",\"@id\":\"https:\\\/\\\/www.eldigitaldeasturias.com\\\/noticias\\\/category\\\/actualidad\\\/#listItem\",\"position\":2,\"name\":\"Actualidad\",\"item\":\"https:\\\/\\\/www.eldigitaldeasturias.com\\\/noticias\\\/category\\\/actualidad\\\/\",\"nextItem\":{\"@type\":\"ListItem\",\"@id\":\"https:\\\/\\\/www.eldigitaldeasturias.com\\\/noticias\\\/espana-mantiene-su-nivel-actual-de-alerta-terrorista\\\/#listItem\",\"name\":\"Espa\\u00f1a mantiene su nivel actual de alerta terrorista\"},\"previousItem\":{\"@type\":\"ListItem\",\"@id\":\"https:\\\/\\\/www.eldigitaldeasturias.com\\\/noticias#listItem\",\"name\":\"Home\"}},{\"@type\":\"ListItem\",\"@id\":\"https:\\\/\\\/www.eldigitaldeasturias.com\\\/noticias\\\/espana-mantiene-su-nivel-actual-de-alerta-terrorista\\\/#listItem\",\"position\":3,\"name\":\"Espa\\u00f1a mantiene su nivel actual de alerta terrorista\",\"previousItem\":{\"@type\":\"ListItem\",\"@id\":\"https:\\\/\\\/www.eldigitaldeasturias.com\\\/noticias\\\/category\\\/actualidad\\\/#listItem\",\"name\":\"Actualidad\"}}]},{\"@type\":\"Organization\",\"@id\":\"https:\\\/\\\/www.eldigitaldeasturias.com\\\/noticias\\\/#organization\",\"name\":\"El Digital de Asturias\",\"description\":\"Hemeroteca\",\"url\":\"https:\\\/\\\/www.eldigitaldeasturias.com\\\/noticias\\\/\",\"email\":\"info@eldigitaldeasturias.com\",\"telephone\":\"+34652131393\",\"logo\":{\"@type\":\"ImageObject\",\"url\":\"https:\\\/\\\/www.eldigitaldeasturias.com\\\/noticias\\\/wp-content\\\/uploads\\\/2020\\\/12\\\/EDA.jpg\",\"@id\":\"https:\\\/\\\/www.eldigitaldeasturias.com\\\/noticias\\\/espana-mantiene-su-nivel-actual-de-alerta-terrorista\\\/#organizationLogo\"},\"image\":{\"@id\":\"https:\\\/\\\/www.eldigitaldeasturias.com\\\/noticias\\\/espana-mantiene-su-nivel-actual-de-alerta-terrorista\\\/#organizationLogo\"},\"sameAs\":[\"https:\\\/\\\/facebook.com\\\/eldigitaldeasturias\",\"https:\\\/\\\/www.youtube.com\\\/channel\\\/UCZP-2wLEB9Rv6erhFmqVnvg\"],\"address\":{\"@id\":\"https:\\\/\\\/www.eldigitaldeasturias.com\\\/noticias\\\/#postaladdress\",\"@type\":\"PostalAddress\",\"streetAddress\":\"san antonio 4\",\"postalCode\":\"33430\",\"addressLocality\":\"Cand\\u00e1s\",\"addressRegion\":\"Asturias\",\"addressCountry\":\"ES\"}},{\"@type\":\"Person\",\"@id\":\"https:\\\/\\\/www.eldigitaldeasturias.com\\\/noticias\\\/author\\\/admin\\\/#author\",\"url\":\"https:\\\/\\\/www.eldigitaldeasturias.com\\\/noticias\\\/author\\\/admin\\\/\",\"name\":\"El Digital de Asturias\",\"image\":{\"@type\":\"ImageObject\",\"@id\":\"https:\\\/\\\/www.eldigitaldeasturias.com\\\/noticias\\\/espana-mantiene-su-nivel-actual-de-alerta-terrorista\\\/#authorImage\",\"url\":\"https:\\\/\\\/secure.gravatar.com\\\/avatar\\\/df2aeffc32bcd13f8d26072ef8a91b623d677766deac7f97ca815868cd41bf5e?s=96&d=mm&r=g\",\"width\":96,\"height\":96,\"caption\":\"El Digital de Asturias\"}},{\"@type\":\"WebPage\",\"@id\":\"https:\\\/\\\/www.eldigitaldeasturias.com\\\/noticias\\\/espana-mantiene-su-nivel-actual-de-alerta-terrorista\\\/#webpage\",\"url\":\"https:\\\/\\\/www.eldigitaldeasturias.com\\\/noticias\\\/espana-mantiene-su-nivel-actual-de-alerta-terrorista\\\/\",\"name\":\"Espa\\u00f1a mantiene su nivel actual de alerta terrorista - El Digital de Asturias\",\"description\":\"El ministro del Interior, Juan Ignacio Zoido, ha presidido, acompa\\u00f1ado por el secretario de Estado de Seguridad, Jos\\u00e9 Antonio Nieto, uno de los principales \\u00f3rganos de coordinaci\\u00f3n recogidos en el Plan de Prevenci\\u00f3n y Protecci\\u00f3n Antiterrorista: la Mesa de Coordinaci\\u00f3n de Medidas contra el Terrorismo. Previamente, en otra reuni\\u00f3n que ha tenido lugar en el Ministerio\",\"inLanguage\":\"es-ES\",\"isPartOf\":{\"@id\":\"https:\\\/\\\/www.eldigitaldeasturias.com\\\/noticias\\\/#website\"},\"breadcrumb\":{\"@id\":\"https:\\\/\\\/www.eldigitaldeasturias.com\\\/noticias\\\/espana-mantiene-su-nivel-actual-de-alerta-terrorista\\\/#breadcrumblist\"},\"author\":{\"@id\":\"https:\\\/\\\/www.eldigitaldeasturias.com\\\/noticias\\\/author\\\/admin\\\/#author\"},\"creator\":{\"@id\":\"https:\\\/\\\/www.eldigitaldeasturias.com\\\/noticias\\\/author\\\/admin\\\/#author\"},\"image\":{\"@type\":\"ImageObject\",\"url\":952146,\"@id\":\"https:\\\/\\\/www.eldigitaldeasturias.com\\\/noticias\\\/espana-mantiene-su-nivel-actual-de-alerta-terrorista\\\/#mainImage\"},\"primaryImageOfPage\":{\"@id\":\"https:\\\/\\\/www.eldigitaldeasturias.com\\\/noticias\\\/espana-mantiene-su-nivel-actual-de-alerta-terrorista\\\/#mainImage\"},\"datePublished\":\"2017-09-08T14:51:23+02:00\",\"dateModified\":\"2017-09-08T14:51:23+02:00\"},{\"@type\":\"WebSite\",\"@id\":\"https:\\\/\\\/www.eldigitaldeasturias.com\\\/noticias\\\/#website\",\"url\":\"https:\\\/\\\/www.eldigitaldeasturias.com\\\/noticias\\\/\",\"name\":\"El Digital de Asturias - Diario de actualidad y noticias\",\"alternateName\":\"El Digital de Asturias - Diario de actualidad y noticias\",\"description\":\"Hemeroteca\",\"inLanguage\":\"es-ES\",\"publisher\":{\"@id\":\"https:\\\/\\\/www.eldigitaldeasturias.com\\\/noticias\\\/#organization\"}}]}\n\t\t<\/script>\n\t\t<!-- All in One SEO Pro -->\r\n\t\t<title>Espa\u00f1a mantiene su nivel actual de alerta terrorista - El Digital de Asturias<\/title>\n\n","aioseo_head_json":{"title":"Espa\u00f1a mantiene su nivel actual de alerta terrorista - El Digital de Asturias","description":"El ministro del Interior, Juan Ignacio Zoido, ha presidido, acompa\u00f1ado por el secretario de Estado de Seguridad, Jos\u00e9 Antonio Nieto, uno de los principales \u00f3rganos de coordinaci\u00f3n recogidos en el Plan de Prevenci\u00f3n y Protecci\u00f3n Antiterrorista: la Mesa de Coordinaci\u00f3n de Medidas contra el Terrorismo. Previamente, en otra reuni\u00f3n que ha tenido lugar en el Ministerio","canonical_url":"https:\/\/www.eldigitaldeasturias.com\/noticias\/espana-mantiene-su-nivel-actual-de-alerta-terrorista\/","robots":"max-image-preview:large","keywords":"actualidad","webmasterTools":{"google-site-verification":"UA-38556648-1","msvalidate.01":"7dfe9f3f1b24437ab69f4f2559babe99","miscellaneous":""},"schema":{"@context":"https:\/\/schema.org","@graph":[{"@type":"BlogPosting","@id":"https:\/\/www.eldigitaldeasturias.com\/noticias\/espana-mantiene-su-nivel-actual-de-alerta-terrorista\/#blogposting","name":"Espa\u00f1a mantiene su nivel actual de alerta terrorista - El Digital de Asturias","headline":"Espa\u00f1a mantiene su nivel actual de alerta terrorista","author":{"@id":"https:\/\/www.eldigitaldeasturias.com\/noticias\/author\/admin\/#author"},"publisher":{"@id":"https:\/\/www.eldigitaldeasturias.com\/noticias\/#organization"},"image":{"@type":"ImageObject","url":952146},"datePublished":"2017-09-08T14:51:23+02:00","dateModified":"2017-09-08T14:51:23+02:00","inLanguage":"es-ES","mainEntityOfPage":{"@id":"https:\/\/www.eldigitaldeasturias.com\/noticias\/espana-mantiene-su-nivel-actual-de-alerta-terrorista\/#webpage"},"isPartOf":{"@id":"https:\/\/www.eldigitaldeasturias.com\/noticias\/espana-mantiene-su-nivel-actual-de-alerta-terrorista\/#webpage"},"articleSection":"Actualidad"},{"@type":"BreadcrumbList","@id":"https:\/\/www.eldigitaldeasturias.com\/noticias\/espana-mantiene-su-nivel-actual-de-alerta-terrorista\/#breadcrumblist","itemListElement":[{"@type":"ListItem","@id":"https:\/\/www.eldigitaldeasturias.com\/noticias#listItem","position":1,"name":"Home","item":"https:\/\/www.eldigitaldeasturias.com\/noticias","nextItem":{"@type":"ListItem","@id":"https:\/\/www.eldigitaldeasturias.com\/noticias\/category\/actualidad\/#listItem","name":"Actualidad"}},{"@type":"ListItem","@id":"https:\/\/www.eldigitaldeasturias.com\/noticias\/category\/actualidad\/#listItem","position":2,"name":"Actualidad","item":"https:\/\/www.eldigitaldeasturias.com\/noticias\/category\/actualidad\/","nextItem":{"@type":"ListItem","@id":"https:\/\/www.eldigitaldeasturias.com\/noticias\/espana-mantiene-su-nivel-actual-de-alerta-terrorista\/#listItem","name":"Espa\u00f1a mantiene su nivel actual de alerta terrorista"},"previousItem":{"@type":"ListItem","@id":"https:\/\/www.eldigitaldeasturias.com\/noticias#listItem","name":"Home"}},{"@type":"ListItem","@id":"https:\/\/www.eldigitaldeasturias.com\/noticias\/espana-mantiene-su-nivel-actual-de-alerta-terrorista\/#listItem","position":3,"name":"Espa\u00f1a mantiene su nivel actual de alerta terrorista","previousItem":{"@type":"ListItem","@id":"https:\/\/www.eldigitaldeasturias.com\/noticias\/category\/actualidad\/#listItem","name":"Actualidad"}}]},{"@type":"Organization","@id":"https:\/\/www.eldigitaldeasturias.com\/noticias\/#organization","name":"El Digital de Asturias","description":"Hemeroteca","url":"https:\/\/www.eldigitaldeasturias.com\/noticias\/","email":"info@eldigitaldeasturias.com","telephone":"+34652131393","logo":{"@type":"ImageObject","url":"https:\/\/www.eldigitaldeasturias.com\/noticias\/wp-content\/uploads\/2020\/12\/EDA.jpg","@id":"https:\/\/www.eldigitaldeasturias.com\/noticias\/espana-mantiene-su-nivel-actual-de-alerta-terrorista\/#organizationLogo"},"image":{"@id":"https:\/\/www.eldigitaldeasturias.com\/noticias\/espana-mantiene-su-nivel-actual-de-alerta-terrorista\/#organizationLogo"},"sameAs":["https:\/\/facebook.com\/eldigitaldeasturias","https:\/\/www.youtube.com\/channel\/UCZP-2wLEB9Rv6erhFmqVnvg"],"address":{"@id":"https:\/\/www.eldigitaldeasturias.com\/noticias\/#postaladdress","@type":"PostalAddress","streetAddress":"san antonio 4","postalCode":"33430","addressLocality":"Cand\u00e1s","addressRegion":"Asturias","addressCountry":"ES"}},{"@type":"Person","@id":"https:\/\/www.eldigitaldeasturias.com\/noticias\/author\/admin\/#author","url":"https:\/\/www.eldigitaldeasturias.com\/noticias\/author\/admin\/","name":"El Digital de Asturias","image":{"@type":"ImageObject","@id":"https:\/\/www.eldigitaldeasturias.com\/noticias\/espana-mantiene-su-nivel-actual-de-alerta-terrorista\/#authorImage","url":"https:\/\/secure.gravatar.com\/avatar\/df2aeffc32bcd13f8d26072ef8a91b623d677766deac7f97ca815868cd41bf5e?s=96&d=mm&r=g","width":96,"height":96,"caption":"El Digital de Asturias"}},{"@type":"WebPage","@id":"https:\/\/www.eldigitaldeasturias.com\/noticias\/espana-mantiene-su-nivel-actual-de-alerta-terrorista\/#webpage","url":"https:\/\/www.eldigitaldeasturias.com\/noticias\/espana-mantiene-su-nivel-actual-de-alerta-terrorista\/","name":"Espa\u00f1a mantiene su nivel actual de alerta terrorista - El Digital de Asturias","description":"El ministro del Interior, Juan Ignacio Zoido, ha presidido, acompa\u00f1ado por el secretario de Estado de Seguridad, Jos\u00e9 Antonio Nieto, uno de los principales \u00f3rganos de coordinaci\u00f3n recogidos en el Plan de Prevenci\u00f3n y Protecci\u00f3n Antiterrorista: la Mesa de Coordinaci\u00f3n de Medidas contra el Terrorismo. Previamente, en otra reuni\u00f3n que ha tenido lugar en el Ministerio","inLanguage":"es-ES","isPartOf":{"@id":"https:\/\/www.eldigitaldeasturias.com\/noticias\/#website"},"breadcrumb":{"@id":"https:\/\/www.eldigitaldeasturias.com\/noticias\/espana-mantiene-su-nivel-actual-de-alerta-terrorista\/#breadcrumblist"},"author":{"@id":"https:\/\/www.eldigitaldeasturias.com\/noticias\/author\/admin\/#author"},"creator":{"@id":"https:\/\/www.eldigitaldeasturias.com\/noticias\/author\/admin\/#author"},"image":{"@type":"ImageObject","url":952146,"@id":"https:\/\/www.eldigitaldeasturias.com\/noticias\/espana-mantiene-su-nivel-actual-de-alerta-terrorista\/#mainImage"},"primaryImageOfPage":{"@id":"https:\/\/www.eldigitaldeasturias.com\/noticias\/espana-mantiene-su-nivel-actual-de-alerta-terrorista\/#mainImage"},"datePublished":"2017-09-08T14:51:23+02:00","dateModified":"2017-09-08T14:51:23+02:00"},{"@type":"WebSite","@id":"https:\/\/www.eldigitaldeasturias.com\/noticias\/#website","url":"https:\/\/www.eldigitaldeasturias.com\/noticias\/","name":"El Digital de Asturias - Diario de actualidad y noticias","alternateName":"El Digital de Asturias - Diario de actualidad y noticias","description":"Hemeroteca","inLanguage":"es-ES","publisher":{"@id":"https:\/\/www.eldigitaldeasturias.com\/noticias\/#organization"}}]},"og:locale":"es_ES","og:site_name":"El Digital de Asturias","og:type":"article","og:title":"Espa\u00f1a mantiene su nivel actual de alerta terrorista - El Digital de Asturias","og:description":"El ministro del Interior, Juan Ignacio Zoido, ha presidido, acompa\u00f1ado por el secretario de Estado de Seguridad, Jos\u00e9 Antonio Nieto, uno de los principales \u00f3rganos de coordinaci\u00f3n recogidos en el Plan de Prevenci\u00f3n y Protecci\u00f3n Antiterrorista: la Mesa de Coordinaci\u00f3n de Medidas contra el Terrorismo. Previamente, en otra reuni\u00f3n que ha tenido lugar en el Ministerio","og:url":"https:\/\/www.eldigitaldeasturias.com\/noticias\/espana-mantiene-su-nivel-actual-de-alerta-terrorista\/","article:tag":["actualidad"],"article:published_time":"2017-09-08T14:51:23+00:00","article:modified_time":"2017-09-08T14:51:23+00:00","article:publisher":"https:\/\/facebook.com\/eldigitaldeasturias","twitter:card":"summary_large_image","twitter:title":"Espa\u00f1a mantiene su nivel actual de alerta terrorista - El Digital de Asturias","twitter:description":"El ministro del Interior, Juan Ignacio Zoido, ha presidido, acompa\u00f1ado por el secretario de Estado de Seguridad, Jos\u00e9 Antonio Nieto, uno de los principales \u00f3rganos de coordinaci\u00f3n recogidos en el Plan de Prevenci\u00f3n y Protecci\u00f3n Antiterrorista: la Mesa de Coordinaci\u00f3n de Medidas contra el Terrorismo. Previamente, en otra reuni\u00f3n que ha tenido lugar en el Ministerio","twitter:image":"https:\/\/www.eldigitaldeasturias.com\/noticias\/wp-content\/uploads\/2020\/12\/EDA-1.jpg","twitter:label1":"Escrito por","twitter:data1":"El Digital de Asturias","twitter:label2":"Tiempo de lectura estimado","twitter:data2":"2 minutos"},"aioseo_meta_data":{"post_id":"952145","title":null,"description":null,"keywords":null,"keyphrases":null,"primary_term":null,"canonical_url":null,"og_title":null,"og_description":null,"og_object_type":"default","og_image_type":"default","og_image_url":null,"og_image_width":null,"og_image_height":null,"og_image_custom_url":null,"og_image_custom_fields":null,"og_video":null,"og_custom_url":null,"og_article_section":null,"og_article_tags":null,"twitter_use_og":false,"twitter_card":"default","twitter_image_type":"default","twitter_image_url":null,"twitter_image_custom_url":null,"twitter_image_custom_fields":null,"twitter_title":null,"twitter_description":null,"schema":{"blockGraphs":[],"customGraphs":[],"default":{"data":{"Article":[],"Course":[],"Dataset":[],"FAQPage":[],"Movie":[],"Person":[],"Product":[],"ProductReview":[],"Car":[],"Recipe":[],"Service":[],"SoftwareApplication":[],"WebPage":[]},"graphName":"","isEnabled":true},"graphs":[],"defaultGraph":"","defaultPostTypeGraph":""},"schema_type":null,"schema_type_options":null,"pillar_content":false,"robots_default":true,"robots_noindex":false,"robots_noarchive":false,"robots_nosnippet":false,"robots_nofollow":false,"robots_noimageindex":false,"robots_noodp":false,"robots_notranslate":false,"robots_max_snippet":null,"robots_max_videopreview":null,"robots_max_imagepreview":"large","priority":null,"frequency":null,"local_seo":null,"seo_analyzer_scan_date":"2025-12-05 21:47:09","breadcrumb_settings":null,"limit_modified_date":false,"open_ai":null,"ai":null,"created":"2020-12-21 12:57:52","updated":"2025-12-05 21:47:09","focus_keyword":null,"additional_keywords":null,"truseo_locale":null},"aioseo_breadcrumb":"<div class=\"aioseo-breadcrumbs\"><span class=\"aioseo-breadcrumb\">\n\t<a href=\"https:\/\/www.eldigitaldeasturias.com\/noticias\" title=\"Home\">Home<\/a>\n<\/span><span class=\"aioseo-breadcrumb-separator\">\u2013<\/span><span class=\"aioseo-breadcrumb\">\n\t<a href=\"https:\/\/www.eldigitaldeasturias.com\/noticias\/category\/actualidad\/\" title=\"Actualidad\">Actualidad<\/a>\n<\/span><span class=\"aioseo-breadcrumb-separator\">\u2013<\/span><span class=\"aioseo-breadcrumb\">\n\t<a href=\"https:\/\/www.eldigitaldeasturias.com\/noticias\/espana-mantiene-su-nivel-actual-de-alerta-terrorista\/\" title=\"Espa\u00f1a mantiene su nivel actual de alerta terrorista\">Espa\u00f1a mantiene su nivel actual de alerta terrorista<\/a>\n<\/span><\/div>","aioseo_breadcrumb_json":[{"label":"Home","link":"https:\/\/www.eldigitaldeasturias.com\/noticias"},{"label":"Actualidad","link":"https:\/\/www.eldigitaldeasturias.com\/noticias\/category\/actualidad\/"},{"label":"Espa\u00f1a mantiene su nivel actual de alerta terrorista","link":"https:\/\/www.eldigitaldeasturias.com\/noticias\/espana-mantiene-su-nivel-actual-de-alerta-terrorista\/"}],"_links":{"self":[{"href":"https:\/\/www.eldigitaldeasturias.com\/noticias\/wp-json\/wp\/v2\/posts\/952145","targetHints":{"allow":["GET"]}}],"collection":[{"href":"https:\/\/www.eldigitaldeasturias.com\/noticias\/wp-json\/wp\/v2\/posts"}],"about":[{"href":"https:\/\/www.eldigitaldeasturias.com\/noticias\/wp-json\/wp\/v2\/types\/post"}],"author":[{"embeddable":true,"href":"https:\/\/www.eldigitaldeasturias.com\/noticias\/wp-json\/wp\/v2\/users\/1"}],"replies":[{"embeddable":true,"href":"https:\/\/www.eldigitaldeasturias.com\/noticias\/wp-json\/wp\/v2\/comments?post=952145"}],"version-history":[{"count":0,"href":"https:\/\/www.eldigitaldeasturias.com\/noticias\/wp-json\/wp\/v2\/posts\/952145\/revisions"}],"wp:attachment":[{"href":"https:\/\/www.eldigitaldeasturias.com\/noticias\/wp-json\/wp\/v2\/media?parent=952145"}],"wp:term":[{"taxonomy":"category","embeddable":true,"href":"https:\/\/www.eldigitaldeasturias.com\/noticias\/wp-json\/wp\/v2\/categories?post=952145"},{"taxonomy":"post_tag","embeddable":true,"href":"https:\/\/www.eldigitaldeasturias.com\/noticias\/wp-json\/wp\/v2\/tags?post=952145"}],"curies":[{"name":"wp","href":"https:\/\/api.w.org\/{rel}","templated":true}]}}