{"id":952138,"date":"2017-09-08T14:46:10","date_gmt":"2017-09-08T14:46:10","guid":{"rendered":"http:\/\/www.eldigitaldeasturias.com\/noticias\/?p=952138"},"modified":"2017-09-08T14:46:10","modified_gmt":"2017-09-08T14:46:10","slug":"justicia-trabaja-en-borrador-de-reforma-de-la-ley-de-enjuiciamiento-civil","status":"publish","type":"post","link":"https:\/\/www.eldigitaldeasturias.com\/noticias\/justicia-trabaja-en-borrador-de-reforma-de-la-ley-de-enjuiciamiento-civil\/","title":{"rendered":"Justicia trabaja en borrador de reforma de la Ley de Enjuiciamiento Civil"},"content":{"rendered":"<p><img loading=\"lazy\" decoding=\"async\" class=\"alignleft size-medium wp-image-952139\" src=\"https:\/\/www.eldigitaldeasturias.com\/noticias\/wp-content\/uploads\/2017\/09\/070917-360x239.jpg\" alt=\"\" width=\"360\" height=\"239\" \/>El ministro de Justicia, Rafael Catal\u00e1, se ha reunido\u00a0con la presidenta del Consejo General de la Abogac\u00eda Espa\u00f1ola, Victoria Ortega; el presidente del Consejo General de Procuradores de Espa\u00f1a, Juan Carlos Est\u00e9vez; y el presidente del Consejo General de Colegios Oficiales de Graduados Sociales, Javier San Mart\u00edn; con quienes ha abordado los proyectos e iniciativas que est\u00e1 llevando a cabo su departamento para seguir avanzando en la reforma de la Justicia.<\/p>\n<p>Durante el encuentro, el ministro ha defendido el objetivo inaplazable de la transformaci\u00f3n digital de la Administraci\u00f3n de Justicia como uno de los proyectos estrat\u00e9gicos del Ministerio. Catal\u00e1 ha destacado la normalidad en el funcionamiento del sistema LexNET tras la oleada de ciberataques que el 1 de septiembre sufri\u00f3 la red de Telef\u00f3nica que le presta servicio. De hecho, en los primeros cuatro d\u00edas h\u00e1biles del mes de septiembre la presentaci\u00f3n de demandas se ha incrementado un 51% respecto al mismo periodo de 2016 y la presentaci\u00f3n de escritos lo ha hecho en un 27%.<\/p>\n<p>El ministro ha manifestado, no obstante, la intenci\u00f3n de seguir mejorando la funcionalidad, seguridad y prestaciones del sistema que utilizan 230.000 profesionales de todo el territorio para la realizaci\u00f3n de comunicaciones electr\u00f3nicas con los juzgados. Catal\u00e1 ha expresado asimismo su voluntad de reforzar el di\u00e1logo institucional con los colectivos de profesionales en relaci\u00f3n a esta materia a trav\u00e9s de reuniones mensuales de seguimiento del funcionamiento de las comunicaciones electr\u00f3nicas que presidir\u00e1 el secretario general de la Administraci\u00f3n de Justicia.<\/p>\n<p>Adem\u00e1s, el ministro ha abordado con la presidenta del Consejo General de la Abogac\u00eda Espa\u00f1ola, Victoria Ortega, el proyecto de adaptaci\u00f3n del vigente Estatuto General de la Abogac\u00eda Espa\u00f1ola a las sucesivas novedades normativas y jurisprudenciales que se han producido desde su aprobaci\u00f3n en el a\u00f1o 2001. Tambi\u00e9n se ha puesto sobre la mesa el proyecto de Ley Org\u00e1nica del Derecho de Defensa, en cuyo texto se est\u00e1 trabajando con la Abogac\u00eda. El ministro ha informado que se est\u00e1 elaborando el borrador del anteproyecto de la ley que introducir\u00e1 el cat\u00e1logo de derechos y deberes del ciudadano y de los abogados. Se han revisado tambi\u00e9n los trabajos preparatorios para la redacci\u00f3n del borrador del anteproyecto de la reforma de la Ley de Tasas Judiciales que permitir\u00e1 cumplir con la sentencia del Tribunal Constitucional.<\/p>\n<p>En materia de asistencia jur\u00eddica gratuita, el ministro ha se\u00f1alado que se est\u00e1 abordando el nuevo proyecto de reglamento del servicio que supondr\u00e1, entre otros aspectos, la simplificaci\u00f3n de la tramitaci\u00f3n y la agilizaci\u00f3n del pago de la justicia gratuita, la constituci\u00f3n de una comisi\u00f3n consultiva y una regulaci\u00f3n m\u00e1s amplia de los procedimientos transfronterizos. Adem\u00e1s, est\u00e1 previsto modificar los requisitos de formaci\u00f3n y especializaci\u00f3n necesarios para la prestaci\u00f3n de esta asistencia por parte de los profesionales.<\/p>\n<p>Entre otros asuntos, el ministro ha informado al presidente del Consejo General de Procuradores de Espa\u00f1a, Juan Carlos Est\u00e9vez, de que se est\u00e1 trabajando en el borrador de reforma de la Ley de Enjuiciamiento Civil que supondr\u00e1 la reforma de la ejecuci\u00f3n civil y el refuerzo de la figura del procurador en la realizaci\u00f3n de actos en este orden jurisdiccional.<\/p>\n<p>Asimismo, el ministro ha abordado con los representantes de los colegios de profesionales la modificaci\u00f3n del actual sistema de acceso a la profesi\u00f3n de abogado, procurador y graduado social.<\/p>\n<p>&nbsp;<\/p>\n","protected":false},"excerpt":{"rendered":"<p>El ministro de Justicia, Rafael Catal\u00e1, se ha reunido\u00a0con la presidenta del Consejo General de la Abogac\u00eda Espa\u00f1ola, Victoria Ortega; el presidente del Consejo General de Procuradores de Espa\u00f1a, Juan Carlos Est\u00e9vez; y el presidente del Consejo General de Colegios Oficiales de Graduados Sociales, Javier San Mart\u00edn; con quienes ha abordado los proyectos e iniciativas [&hellip;]<\/p>\n","protected":false},"author":1,"featured_media":952139,"comment_status":"closed","ping_status":"closed","sticky":false,"template":"","format":"standard","meta":{"footnotes":""},"categories":[1],"tags":[],"class_list":["post-952138","post","type-post","status-publish","format-standard","has-post-thumbnail","hentry","category-actualidad"],"aioseo_notices":[],"aioseo_head":"\n\t\t<!-- All in One SEO Pro 5.0.1 - aioseo.com -->\n\t<meta name=\"description\" content=\"El ministro de Justicia, Rafael Catal\u00e1, se ha reunido con la presidenta del Consejo General de la Abogac\u00eda Espa\u00f1ola, Victoria Ortega; el presidente del Consejo General de Procuradores de Espa\u00f1a, Juan Carlos Est\u00e9vez; y el presidente del Consejo General de Colegios Oficiales de Graduados Sociales, Javier San Mart\u00edn; con quienes ha abordado los proyectos e iniciativas\" \/>\n\t<meta name=\"robots\" content=\"max-image-preview:large\" \/>\n\t<meta name=\"author\" content=\"El Digital de Asturias\"\/>\n\t<meta name=\"google-site-verification\" content=\"UA-38556648-1\" \/>\n\t<meta name=\"msvalidate.01\" content=\"7dfe9f3f1b24437ab69f4f2559babe99\" \/>\n\t<meta name=\"keywords\" content=\"actualidad\" \/>\n\t<link rel=\"canonical\" href=\"https:\/\/www.eldigitaldeasturias.com\/noticias\/justicia-trabaja-en-borrador-de-reforma-de-la-ley-de-enjuiciamiento-civil\/\" \/>\n\t<meta name=\"generator\" content=\"All in One SEO Pro (AIOSEO) 5.0.1\" \/>\n\t\t<meta property=\"og:locale\" content=\"es_ES\" \/>\n\t\t<meta property=\"og:site_name\" content=\"El Digital de Asturias\" \/>\n\t\t<meta property=\"og:type\" content=\"article\" \/>\n\t\t<meta property=\"og:title\" content=\"Justicia trabaja en borrador de reforma de la Ley de Enjuiciamiento Civil - El Digital de Asturias\" \/>\n\t\t<meta property=\"og:description\" content=\"El ministro de Justicia, Rafael Catal\u00e1, se ha reunido con la presidenta del Consejo General de la Abogac\u00eda Espa\u00f1ola, Victoria Ortega; el presidente del Consejo General de Procuradores de Espa\u00f1a, Juan Carlos Est\u00e9vez; y el presidente del Consejo General de Colegios Oficiales de Graduados Sociales, Javier San Mart\u00edn; con quienes ha abordado los proyectos e iniciativas\" \/>\n\t\t<meta property=\"og:url\" content=\"https:\/\/www.eldigitaldeasturias.com\/noticias\/justicia-trabaja-en-borrador-de-reforma-de-la-ley-de-enjuiciamiento-civil\/\" \/>\n\t\t<meta property=\"article:tag\" content=\"actualidad\" \/>\n\t\t<meta property=\"article:published_time\" content=\"2017-09-08T14:46:10+00:00\" \/>\n\t\t<meta property=\"article:modified_time\" content=\"2017-09-08T14:46:10+00:00\" \/>\n\t\t<meta property=\"article:publisher\" content=\"https:\/\/facebook.com\/eldigitaldeasturias\" \/>\n\t\t<meta name=\"twitter:card\" content=\"summary_large_image\" \/>\n\t\t<meta name=\"twitter:title\" content=\"Justicia trabaja en borrador de reforma de la Ley de Enjuiciamiento Civil - El Digital de Asturias\" \/>\n\t\t<meta name=\"twitter:description\" content=\"El ministro de Justicia, Rafael Catal\u00e1, se ha reunido con la presidenta del Consejo General de la Abogac\u00eda Espa\u00f1ola, Victoria Ortega; el presidente del Consejo General de Procuradores de Espa\u00f1a, Juan Carlos Est\u00e9vez; y el presidente del Consejo General de Colegios Oficiales de Graduados Sociales, Javier San Mart\u00edn; con quienes ha abordado los proyectos e iniciativas\" \/>\n\t\t<meta name=\"twitter:image\" content=\"https:\/\/www.eldigitaldeasturias.com\/noticias\/wp-content\/uploads\/2020\/12\/EDA-1.jpg\" \/>\n\t\t<meta name=\"twitter:label1\" content=\"Escrito por\" \/>\n\t\t<meta name=\"twitter:data1\" content=\"El Digital de Asturias\" \/>\n\t\t<meta name=\"twitter:label2\" content=\"Tiempo de lectura estimado\" \/>\n\t\t<meta name=\"twitter:data2\" content=\"3 minutos\" \/>\n\t\t<script type=\"application\/ld+json\" class=\"aioseo-schema\">\n\t\t\t{\"@context\":\"https:\\\/\\\/schema.org\",\"@graph\":[{\"@type\":\"BlogPosting\",\"@id\":\"https:\\\/\\\/www.eldigitaldeasturias.com\\\/noticias\\\/justicia-trabaja-en-borrador-de-reforma-de-la-ley-de-enjuiciamiento-civil\\\/#blogposting\",\"name\":\"Justicia trabaja en borrador de reforma de la Ley de Enjuiciamiento Civil - El Digital de Asturias\",\"headline\":\"Justicia trabaja en borrador de reforma de la Ley de Enjuiciamiento Civil\",\"author\":{\"@id\":\"https:\\\/\\\/www.eldigitaldeasturias.com\\\/noticias\\\/author\\\/admin\\\/#author\"},\"publisher\":{\"@id\":\"https:\\\/\\\/www.eldigitaldeasturias.com\\\/noticias\\\/#organization\"},\"image\":{\"@type\":\"ImageObject\",\"url\":952139},\"datePublished\":\"2017-09-08T14:46:10+02:00\",\"dateModified\":\"2017-09-08T14:46:10+02:00\",\"inLanguage\":\"es-ES\",\"mainEntityOfPage\":{\"@id\":\"https:\\\/\\\/www.eldigitaldeasturias.com\\\/noticias\\\/justicia-trabaja-en-borrador-de-reforma-de-la-ley-de-enjuiciamiento-civil\\\/#webpage\"},\"isPartOf\":{\"@id\":\"https:\\\/\\\/www.eldigitaldeasturias.com\\\/noticias\\\/justicia-trabaja-en-borrador-de-reforma-de-la-ley-de-enjuiciamiento-civil\\\/#webpage\"},\"articleSection\":\"Actualidad\"},{\"@type\":\"BreadcrumbList\",\"@id\":\"https:\\\/\\\/www.eldigitaldeasturias.com\\\/noticias\\\/justicia-trabaja-en-borrador-de-reforma-de-la-ley-de-enjuiciamiento-civil\\\/#breadcrumblist\",\"itemListElement\":[{\"@type\":\"ListItem\",\"@id\":\"https:\\\/\\\/www.eldigitaldeasturias.com\\\/noticias#listItem\",\"position\":1,\"name\":\"Home\",\"item\":\"https:\\\/\\\/www.eldigitaldeasturias.com\\\/noticias\",\"nextItem\":{\"@type\":\"ListItem\",\"@id\":\"https:\\\/\\\/www.eldigitaldeasturias.com\\\/noticias\\\/category\\\/actualidad\\\/#listItem\",\"name\":\"Actualidad\"}},{\"@type\":\"ListItem\",\"@id\":\"https:\\\/\\\/www.eldigitaldeasturias.com\\\/noticias\\\/category\\\/actualidad\\\/#listItem\",\"position\":2,\"name\":\"Actualidad\",\"item\":\"https:\\\/\\\/www.eldigitaldeasturias.com\\\/noticias\\\/category\\\/actualidad\\\/\",\"nextItem\":{\"@type\":\"ListItem\",\"@id\":\"https:\\\/\\\/www.eldigitaldeasturias.com\\\/noticias\\\/justicia-trabaja-en-borrador-de-reforma-de-la-ley-de-enjuiciamiento-civil\\\/#listItem\",\"name\":\"Justicia trabaja en borrador de reforma de la Ley de Enjuiciamiento Civil\"},\"previousItem\":{\"@type\":\"ListItem\",\"@id\":\"https:\\\/\\\/www.eldigitaldeasturias.com\\\/noticias#listItem\",\"name\":\"Home\"}},{\"@type\":\"ListItem\",\"@id\":\"https:\\\/\\\/www.eldigitaldeasturias.com\\\/noticias\\\/justicia-trabaja-en-borrador-de-reforma-de-la-ley-de-enjuiciamiento-civil\\\/#listItem\",\"position\":3,\"name\":\"Justicia trabaja en borrador de reforma de la Ley de Enjuiciamiento Civil\",\"previousItem\":{\"@type\":\"ListItem\",\"@id\":\"https:\\\/\\\/www.eldigitaldeasturias.com\\\/noticias\\\/category\\\/actualidad\\\/#listItem\",\"name\":\"Actualidad\"}}]},{\"@type\":\"Organization\",\"@id\":\"https:\\\/\\\/www.eldigitaldeasturias.com\\\/noticias\\\/#organization\",\"name\":\"El Digital de Asturias\",\"description\":\"Hemeroteca\",\"url\":\"https:\\\/\\\/www.eldigitaldeasturias.com\\\/noticias\\\/\",\"email\":\"info@eldigitaldeasturias.com\",\"telephone\":\"+34652131393\",\"logo\":{\"@type\":\"ImageObject\",\"url\":\"https:\\\/\\\/www.eldigitaldeasturias.com\\\/noticias\\\/wp-content\\\/uploads\\\/2020\\\/12\\\/EDA.jpg\",\"@id\":\"https:\\\/\\\/www.eldigitaldeasturias.com\\\/noticias\\\/justicia-trabaja-en-borrador-de-reforma-de-la-ley-de-enjuiciamiento-civil\\\/#organizationLogo\"},\"image\":{\"@id\":\"https:\\\/\\\/www.eldigitaldeasturias.com\\\/noticias\\\/justicia-trabaja-en-borrador-de-reforma-de-la-ley-de-enjuiciamiento-civil\\\/#organizationLogo\"},\"sameAs\":[\"https:\\\/\\\/facebook.com\\\/eldigitaldeasturias\",\"https:\\\/\\\/www.youtube.com\\\/channel\\\/UCZP-2wLEB9Rv6erhFmqVnvg\"],\"address\":{\"@id\":\"https:\\\/\\\/www.eldigitaldeasturias.com\\\/noticias\\\/#postaladdress\",\"@type\":\"PostalAddress\",\"streetAddress\":\"san antonio 4\",\"postalCode\":\"33430\",\"addressLocality\":\"Cand\\u00e1s\",\"addressRegion\":\"Asturias\",\"addressCountry\":\"ES\"}},{\"@type\":\"Person\",\"@id\":\"https:\\\/\\\/www.eldigitaldeasturias.com\\\/noticias\\\/author\\\/admin\\\/#author\",\"url\":\"https:\\\/\\\/www.eldigitaldeasturias.com\\\/noticias\\\/author\\\/admin\\\/\",\"name\":\"El Digital de Asturias\",\"image\":{\"@type\":\"ImageObject\",\"@id\":\"https:\\\/\\\/www.eldigitaldeasturias.com\\\/noticias\\\/justicia-trabaja-en-borrador-de-reforma-de-la-ley-de-enjuiciamiento-civil\\\/#authorImage\",\"url\":\"https:\\\/\\\/secure.gravatar.com\\\/avatar\\\/df2aeffc32bcd13f8d26072ef8a91b623d677766deac7f97ca815868cd41bf5e?s=96&d=mm&r=g\",\"width\":96,\"height\":96,\"caption\":\"El Digital de Asturias\"}},{\"@type\":\"WebPage\",\"@id\":\"https:\\\/\\\/www.eldigitaldeasturias.com\\\/noticias\\\/justicia-trabaja-en-borrador-de-reforma-de-la-ley-de-enjuiciamiento-civil\\\/#webpage\",\"url\":\"https:\\\/\\\/www.eldigitaldeasturias.com\\\/noticias\\\/justicia-trabaja-en-borrador-de-reforma-de-la-ley-de-enjuiciamiento-civil\\\/\",\"name\":\"Justicia trabaja en borrador de reforma de la Ley de Enjuiciamiento Civil - El Digital de Asturias\",\"description\":\"El ministro de Justicia, Rafael Catal\\u00e1, se ha reunido con la presidenta del Consejo General de la Abogac\\u00eda Espa\\u00f1ola, Victoria Ortega; el presidente del Consejo General de Procuradores de Espa\\u00f1a, Juan Carlos Est\\u00e9vez; y el presidente del Consejo General de Colegios Oficiales de Graduados Sociales, Javier San Mart\\u00edn; con quienes ha abordado los proyectos e iniciativas\",\"inLanguage\":\"es-ES\",\"isPartOf\":{\"@id\":\"https:\\\/\\\/www.eldigitaldeasturias.com\\\/noticias\\\/#website\"},\"breadcrumb\":{\"@id\":\"https:\\\/\\\/www.eldigitaldeasturias.com\\\/noticias\\\/justicia-trabaja-en-borrador-de-reforma-de-la-ley-de-enjuiciamiento-civil\\\/#breadcrumblist\"},\"author\":{\"@id\":\"https:\\\/\\\/www.eldigitaldeasturias.com\\\/noticias\\\/author\\\/admin\\\/#author\"},\"creator\":{\"@id\":\"https:\\\/\\\/www.eldigitaldeasturias.com\\\/noticias\\\/author\\\/admin\\\/#author\"},\"image\":{\"@type\":\"ImageObject\",\"url\":952139,\"@id\":\"https:\\\/\\\/www.eldigitaldeasturias.com\\\/noticias\\\/justicia-trabaja-en-borrador-de-reforma-de-la-ley-de-enjuiciamiento-civil\\\/#mainImage\"},\"primaryImageOfPage\":{\"@id\":\"https:\\\/\\\/www.eldigitaldeasturias.com\\\/noticias\\\/justicia-trabaja-en-borrador-de-reforma-de-la-ley-de-enjuiciamiento-civil\\\/#mainImage\"},\"datePublished\":\"2017-09-08T14:46:10+02:00\",\"dateModified\":\"2017-09-08T14:46:10+02:00\"},{\"@type\":\"WebSite\",\"@id\":\"https:\\\/\\\/www.eldigitaldeasturias.com\\\/noticias\\\/#website\",\"url\":\"https:\\\/\\\/www.eldigitaldeasturias.com\\\/noticias\\\/\",\"name\":\"El Digital de Asturias - Diario de actualidad y noticias\",\"alternateName\":\"El Digital de Asturias - Diario de actualidad y noticias\",\"description\":\"Hemeroteca\",\"inLanguage\":\"es-ES\",\"publisher\":{\"@id\":\"https:\\\/\\\/www.eldigitaldeasturias.com\\\/noticias\\\/#organization\"}}]}\n\t\t<\/script>\n\t\t<!-- All in One SEO Pro -->\r\n\t\t<title>Justicia trabaja en borrador de reforma de la Ley de Enjuiciamiento Civil - El Digital de Asturias<\/title>\n\n","aioseo_head_json":{"title":"Justicia trabaja en borrador de reforma de la Ley de Enjuiciamiento Civil - El Digital de Asturias","description":"El ministro de Justicia, Rafael Catal\u00e1, se ha reunido con la presidenta del Consejo General de la Abogac\u00eda Espa\u00f1ola, Victoria Ortega; el presidente del Consejo General de Procuradores de Espa\u00f1a, Juan Carlos Est\u00e9vez; y el presidente del Consejo General de Colegios Oficiales de Graduados Sociales, Javier San Mart\u00edn; con quienes ha abordado los proyectos e iniciativas","canonical_url":"https:\/\/www.eldigitaldeasturias.com\/noticias\/justicia-trabaja-en-borrador-de-reforma-de-la-ley-de-enjuiciamiento-civil\/","robots":"max-image-preview:large","keywords":"actualidad","webmasterTools":{"google-site-verification":"UA-38556648-1","msvalidate.01":"7dfe9f3f1b24437ab69f4f2559babe99","miscellaneous":""},"schema":{"@context":"https:\/\/schema.org","@graph":[{"@type":"BlogPosting","@id":"https:\/\/www.eldigitaldeasturias.com\/noticias\/justicia-trabaja-en-borrador-de-reforma-de-la-ley-de-enjuiciamiento-civil\/#blogposting","name":"Justicia trabaja en borrador de reforma de la Ley de Enjuiciamiento Civil - El Digital de Asturias","headline":"Justicia trabaja en borrador de reforma de la Ley de Enjuiciamiento Civil","author":{"@id":"https:\/\/www.eldigitaldeasturias.com\/noticias\/author\/admin\/#author"},"publisher":{"@id":"https:\/\/www.eldigitaldeasturias.com\/noticias\/#organization"},"image":{"@type":"ImageObject","url":952139},"datePublished":"2017-09-08T14:46:10+02:00","dateModified":"2017-09-08T14:46:10+02:00","inLanguage":"es-ES","mainEntityOfPage":{"@id":"https:\/\/www.eldigitaldeasturias.com\/noticias\/justicia-trabaja-en-borrador-de-reforma-de-la-ley-de-enjuiciamiento-civil\/#webpage"},"isPartOf":{"@id":"https:\/\/www.eldigitaldeasturias.com\/noticias\/justicia-trabaja-en-borrador-de-reforma-de-la-ley-de-enjuiciamiento-civil\/#webpage"},"articleSection":"Actualidad"},{"@type":"BreadcrumbList","@id":"https:\/\/www.eldigitaldeasturias.com\/noticias\/justicia-trabaja-en-borrador-de-reforma-de-la-ley-de-enjuiciamiento-civil\/#breadcrumblist","itemListElement":[{"@type":"ListItem","@id":"https:\/\/www.eldigitaldeasturias.com\/noticias#listItem","position":1,"name":"Home","item":"https:\/\/www.eldigitaldeasturias.com\/noticias","nextItem":{"@type":"ListItem","@id":"https:\/\/www.eldigitaldeasturias.com\/noticias\/category\/actualidad\/#listItem","name":"Actualidad"}},{"@type":"ListItem","@id":"https:\/\/www.eldigitaldeasturias.com\/noticias\/category\/actualidad\/#listItem","position":2,"name":"Actualidad","item":"https:\/\/www.eldigitaldeasturias.com\/noticias\/category\/actualidad\/","nextItem":{"@type":"ListItem","@id":"https:\/\/www.eldigitaldeasturias.com\/noticias\/justicia-trabaja-en-borrador-de-reforma-de-la-ley-de-enjuiciamiento-civil\/#listItem","name":"Justicia trabaja en borrador de reforma de la Ley de Enjuiciamiento Civil"},"previousItem":{"@type":"ListItem","@id":"https:\/\/www.eldigitaldeasturias.com\/noticias#listItem","name":"Home"}},{"@type":"ListItem","@id":"https:\/\/www.eldigitaldeasturias.com\/noticias\/justicia-trabaja-en-borrador-de-reforma-de-la-ley-de-enjuiciamiento-civil\/#listItem","position":3,"name":"Justicia trabaja en borrador de reforma de la Ley de Enjuiciamiento Civil","previousItem":{"@type":"ListItem","@id":"https:\/\/www.eldigitaldeasturias.com\/noticias\/category\/actualidad\/#listItem","name":"Actualidad"}}]},{"@type":"Organization","@id":"https:\/\/www.eldigitaldeasturias.com\/noticias\/#organization","name":"El Digital de Asturias","description":"Hemeroteca","url":"https:\/\/www.eldigitaldeasturias.com\/noticias\/","email":"info@eldigitaldeasturias.com","telephone":"+34652131393","logo":{"@type":"ImageObject","url":"https:\/\/www.eldigitaldeasturias.com\/noticias\/wp-content\/uploads\/2020\/12\/EDA.jpg","@id":"https:\/\/www.eldigitaldeasturias.com\/noticias\/justicia-trabaja-en-borrador-de-reforma-de-la-ley-de-enjuiciamiento-civil\/#organizationLogo"},"image":{"@id":"https:\/\/www.eldigitaldeasturias.com\/noticias\/justicia-trabaja-en-borrador-de-reforma-de-la-ley-de-enjuiciamiento-civil\/#organizationLogo"},"sameAs":["https:\/\/facebook.com\/eldigitaldeasturias","https:\/\/www.youtube.com\/channel\/UCZP-2wLEB9Rv6erhFmqVnvg"],"address":{"@id":"https:\/\/www.eldigitaldeasturias.com\/noticias\/#postaladdress","@type":"PostalAddress","streetAddress":"san antonio 4","postalCode":"33430","addressLocality":"Cand\u00e1s","addressRegion":"Asturias","addressCountry":"ES"}},{"@type":"Person","@id":"https:\/\/www.eldigitaldeasturias.com\/noticias\/author\/admin\/#author","url":"https:\/\/www.eldigitaldeasturias.com\/noticias\/author\/admin\/","name":"El Digital de Asturias","image":{"@type":"ImageObject","@id":"https:\/\/www.eldigitaldeasturias.com\/noticias\/justicia-trabaja-en-borrador-de-reforma-de-la-ley-de-enjuiciamiento-civil\/#authorImage","url":"https:\/\/secure.gravatar.com\/avatar\/df2aeffc32bcd13f8d26072ef8a91b623d677766deac7f97ca815868cd41bf5e?s=96&d=mm&r=g","width":96,"height":96,"caption":"El Digital de Asturias"}},{"@type":"WebPage","@id":"https:\/\/www.eldigitaldeasturias.com\/noticias\/justicia-trabaja-en-borrador-de-reforma-de-la-ley-de-enjuiciamiento-civil\/#webpage","url":"https:\/\/www.eldigitaldeasturias.com\/noticias\/justicia-trabaja-en-borrador-de-reforma-de-la-ley-de-enjuiciamiento-civil\/","name":"Justicia trabaja en borrador de reforma de la Ley de Enjuiciamiento Civil - El Digital de Asturias","description":"El ministro de Justicia, Rafael Catal\u00e1, se ha reunido con la presidenta del Consejo General de la Abogac\u00eda Espa\u00f1ola, Victoria Ortega; el presidente del Consejo General de Procuradores de Espa\u00f1a, Juan Carlos Est\u00e9vez; y el presidente del Consejo General de Colegios Oficiales de Graduados Sociales, Javier San Mart\u00edn; con quienes ha abordado los proyectos e iniciativas","inLanguage":"es-ES","isPartOf":{"@id":"https:\/\/www.eldigitaldeasturias.com\/noticias\/#website"},"breadcrumb":{"@id":"https:\/\/www.eldigitaldeasturias.com\/noticias\/justicia-trabaja-en-borrador-de-reforma-de-la-ley-de-enjuiciamiento-civil\/#breadcrumblist"},"author":{"@id":"https:\/\/www.eldigitaldeasturias.com\/noticias\/author\/admin\/#author"},"creator":{"@id":"https:\/\/www.eldigitaldeasturias.com\/noticias\/author\/admin\/#author"},"image":{"@type":"ImageObject","url":952139,"@id":"https:\/\/www.eldigitaldeasturias.com\/noticias\/justicia-trabaja-en-borrador-de-reforma-de-la-ley-de-enjuiciamiento-civil\/#mainImage"},"primaryImageOfPage":{"@id":"https:\/\/www.eldigitaldeasturias.com\/noticias\/justicia-trabaja-en-borrador-de-reforma-de-la-ley-de-enjuiciamiento-civil\/#mainImage"},"datePublished":"2017-09-08T14:46:10+02:00","dateModified":"2017-09-08T14:46:10+02:00"},{"@type":"WebSite","@id":"https:\/\/www.eldigitaldeasturias.com\/noticias\/#website","url":"https:\/\/www.eldigitaldeasturias.com\/noticias\/","name":"El Digital de Asturias - Diario de actualidad y noticias","alternateName":"El Digital de Asturias - Diario de actualidad y noticias","description":"Hemeroteca","inLanguage":"es-ES","publisher":{"@id":"https:\/\/www.eldigitaldeasturias.com\/noticias\/#organization"}}]},"og:locale":"es_ES","og:site_name":"El Digital de Asturias","og:type":"article","og:title":"Justicia trabaja en borrador de reforma de la Ley de Enjuiciamiento Civil - El Digital de Asturias","og:description":"El ministro de Justicia, Rafael Catal\u00e1, se ha reunido con la presidenta del Consejo General de la Abogac\u00eda Espa\u00f1ola, Victoria Ortega; el presidente del Consejo General de Procuradores de Espa\u00f1a, Juan Carlos Est\u00e9vez; y el presidente del Consejo General de Colegios Oficiales de Graduados Sociales, Javier San Mart\u00edn; con quienes ha abordado los proyectos e iniciativas","og:url":"https:\/\/www.eldigitaldeasturias.com\/noticias\/justicia-trabaja-en-borrador-de-reforma-de-la-ley-de-enjuiciamiento-civil\/","article:tag":["actualidad"],"article:published_time":"2017-09-08T14:46:10+00:00","article:modified_time":"2017-09-08T14:46:10+00:00","article:publisher":"https:\/\/facebook.com\/eldigitaldeasturias","twitter:card":"summary_large_image","twitter:title":"Justicia trabaja en borrador de reforma de la Ley de Enjuiciamiento Civil - El Digital de Asturias","twitter:description":"El ministro de Justicia, Rafael Catal\u00e1, se ha reunido con la presidenta del Consejo General de la Abogac\u00eda Espa\u00f1ola, Victoria Ortega; el presidente del Consejo General de Procuradores de Espa\u00f1a, Juan Carlos Est\u00e9vez; y el presidente del Consejo General de Colegios Oficiales de Graduados Sociales, Javier San Mart\u00edn; con quienes ha abordado los proyectos e iniciativas","twitter:image":"https:\/\/www.eldigitaldeasturias.com\/noticias\/wp-content\/uploads\/2020\/12\/EDA-1.jpg","twitter:label1":"Escrito por","twitter:data1":"El Digital de Asturias","twitter:label2":"Tiempo de lectura estimado","twitter:data2":"3 minutos"},"aioseo_meta_data":{"post_id":"952138","title":null,"description":null,"keywords":null,"keyphrases":null,"primary_term":null,"canonical_url":null,"og_title":null,"og_description":null,"og_object_type":"default","og_image_type":"default","og_image_url":null,"og_image_width":null,"og_image_height":null,"og_image_custom_url":null,"og_image_custom_fields":null,"og_video":null,"og_custom_url":null,"og_article_section":null,"og_article_tags":null,"twitter_use_og":false,"twitter_card":"default","twitter_image_type":"default","twitter_image_url":null,"twitter_image_custom_url":null,"twitter_image_custom_fields":null,"twitter_title":null,"twitter_description":null,"schema":{"blockGraphs":[],"customGraphs":[],"default":{"data":{"Article":[],"Course":[],"Dataset":[],"FAQPage":[],"Movie":[],"Person":[],"Product":[],"ProductReview":[],"Car":[],"Recipe":[],"Service":[],"SoftwareApplication":[],"WebPage":[]},"graphName":"","isEnabled":true},"graphs":[]},"schema_type":null,"schema_type_options":null,"pillar_content":false,"robots_default":true,"robots_noindex":false,"robots_noarchive":false,"robots_nosnippet":false,"robots_nofollow":false,"robots_noimageindex":false,"robots_noodp":false,"robots_notranslate":false,"robots_max_snippet":null,"robots_max_videopreview":null,"robots_max_imagepreview":"large","priority":null,"frequency":null,"local_seo":null,"seo_analyzer_scan_date":"2025-12-05 21:45:07","breadcrumb_settings":null,"limit_modified_date":false,"open_ai":null,"ai":null,"created":"2020-12-21 12:57:52","updated":"2025-12-05 21:45:07","focus_keyword":null,"additional_keywords":null,"truseo_locale":null},"aioseo_breadcrumb":"<div class=\"aioseo-breadcrumbs\"><span class=\"aioseo-breadcrumb\">\n\t<a href=\"https:\/\/www.eldigitaldeasturias.com\/noticias\" title=\"Home\">Home<\/a>\n<\/span><span class=\"aioseo-breadcrumb-separator\">\u2013<\/span><span class=\"aioseo-breadcrumb\">\n\t<a href=\"https:\/\/www.eldigitaldeasturias.com\/noticias\/category\/actualidad\/\" title=\"Actualidad\">Actualidad<\/a>\n<\/span><span class=\"aioseo-breadcrumb-separator\">\u2013<\/span><span class=\"aioseo-breadcrumb\">\n\t<a href=\"https:\/\/www.eldigitaldeasturias.com\/noticias\/justicia-trabaja-en-borrador-de-reforma-de-la-ley-de-enjuiciamiento-civil\/\" title=\"Justicia trabaja en borrador de reforma de la Ley de Enjuiciamiento Civil\">Justicia trabaja en borrador de reforma de la Ley de Enjuiciamiento Civil<\/a>\n<\/span><\/div>","aioseo_breadcrumb_json":[{"label":"Home","link":"https:\/\/www.eldigitaldeasturias.com\/noticias"},{"label":"Actualidad","link":"https:\/\/www.eldigitaldeasturias.com\/noticias\/category\/actualidad\/"},{"label":"Justicia trabaja en borrador de reforma de la Ley de Enjuiciamiento Civil","link":"https:\/\/www.eldigitaldeasturias.com\/noticias\/justicia-trabaja-en-borrador-de-reforma-de-la-ley-de-enjuiciamiento-civil\/"}],"_links":{"self":[{"href":"https:\/\/www.eldigitaldeasturias.com\/noticias\/wp-json\/wp\/v2\/posts\/952138","targetHints":{"allow":["GET"]}}],"collection":[{"href":"https:\/\/www.eldigitaldeasturias.com\/noticias\/wp-json\/wp\/v2\/posts"}],"about":[{"href":"https:\/\/www.eldigitaldeasturias.com\/noticias\/wp-json\/wp\/v2\/types\/post"}],"author":[{"embeddable":true,"href":"https:\/\/www.eldigitaldeasturias.com\/noticias\/wp-json\/wp\/v2\/users\/1"}],"replies":[{"embeddable":true,"href":"https:\/\/www.eldigitaldeasturias.com\/noticias\/wp-json\/wp\/v2\/comments?post=952138"}],"version-history":[{"count":0,"href":"https:\/\/www.eldigitaldeasturias.com\/noticias\/wp-json\/wp\/v2\/posts\/952138\/revisions"}],"wp:attachment":[{"href":"https:\/\/www.eldigitaldeasturias.com\/noticias\/wp-json\/wp\/v2\/media?parent=952138"}],"wp:term":[{"taxonomy":"category","embeddable":true,"href":"https:\/\/www.eldigitaldeasturias.com\/noticias\/wp-json\/wp\/v2\/categories?post=952138"},{"taxonomy":"post_tag","embeddable":true,"href":"https:\/\/www.eldigitaldeasturias.com\/noticias\/wp-json\/wp\/v2\/tags?post=952138"}],"curies":[{"name":"wp","href":"https:\/\/api.w.org\/{rel}","templated":true}]}}