{"id":952012,"date":"2017-09-07T08:33:48","date_gmt":"2017-09-07T08:33:48","guid":{"rendered":"http:\/\/www.eldigitaldeasturias.com\/noticias\/?p=952012"},"modified":"2017-09-07T08:33:48","modified_gmt":"2017-09-07T08:33:48","slug":"mas-de-23-000-expertos-participaran-en-el-congreso-de-la-sociedad-europea-de-oncologia-medica","status":"publish","type":"post","link":"https:\/\/www.eldigitaldeasturias.com\/noticias\/mas-de-23-000-expertos-participaran-en-el-congreso-de-la-sociedad-europea-de-oncologia-medica\/","title":{"rendered":"Mas de 23.000 expertos participar\u00e1n en el congreso de la Sociedad Europea de Oncolog\u00eda M\u00e9dica"},"content":{"rendered":"<p><img loading=\"lazy\" decoding=\"async\" class=\"alignleft size-medium wp-image-952013\" src=\"https:\/\/www.eldigitaldeasturias.com\/noticias\/wp-content\/uploads\/2017\/09\/expertos-360x268.jpg\" alt=\"\" width=\"360\" height=\"268\" \/>Mas de 23.000 expertos de 130 pa\u00edses participar\u00e1n en el congreso de la Sociedad Europea de Oncolog\u00eda M\u00e9dica, que se celebrar\u00e1 en Madrid del 8 al 12 de septiembre. Para esta convocatoria se han recibido un total de 3.260 estudios cient\u00edficos, 150 de ellos espa\u00f1oles. Gracias a las campa\u00f1as de prevenci\u00f3n, el cambio de h\u00e1bitos y la detecci\u00f3n temprana, los especialistas esperan que la incidencia de la enfermedad disminuya dentro de ocho a\u00f1os<\/p>\n<p>\u00abHasta el 2025 se incrementar\u00e1n los casos de c\u00e1ncer, debido al aumento de la esperanza de vida y al consiguiente envejecimiento de la poblaci\u00f3n\u00bb, ha se\u00f1alado hoy en una conferencia de prensa Josep Tabernero, jefe del servicio de Oncolog\u00eda M\u00e9dica del Hospital Vall d\u2019Hebron de Barcelona y presidente electo de la Sociedad Europea de Oncolog\u00eda M\u00e9dica (ESMO).<\/p>\n<p>Sin embargo, Tabernero ha destacado que a partir de dicha fecha \u00abesa tendencia empezar\u00e1 a remitir, gracias a las campa\u00f1as de prevenci\u00f3n que ya se est\u00e1n llevando a cabo, al cambio de h\u00e1bitos y los m\u00e9todos de detecci\u00f3n tempranos como el screening\u00bb.<\/p>\n<blockquote><p><strong><em>El congreso de ESMO, el mayor evento cient\u00edfico y m\u00e9dico sobre el c\u00e1ncer, se celebrar\u00e1 en Madrid del 8 al 12 de septiembre<\/em><\/strong><\/p><\/blockquote>\n<p>El nuevo presidente ha adelantado los principales contenidos que se abordar\u00e1n en el congreso de ESMO, que se celebra en Madrid entre el 8 y el 12 de septiembre y que est\u00e1 considerado como el mayor evento cient\u00edfico y m\u00e9dico sobre el c\u00e1ncer.<\/p>\n<p>Algunos de los temas sobre los que se profundizar\u00e1 en este evento son los nuevos marcadores para diagnosticar y evaluar la respuesta al tratamiento de cada paciente, las inmunoterapias basadas en el sistema defensivo del organismo contra el tumor, las combinaciones de f\u00e1rmacos ya conocidos y de otros en proceso de investigaci\u00f3n, el papel de las agencias reguladoras y el precio de los f\u00e1rmacos.<\/p>\n<p>Tabernero ha puesto de relieve el hecho de que en esta ocasi\u00f3n el congreso se celebre en colaboraci\u00f3n con la Asociaci\u00f3n Europea de Investigaci\u00f3n en C\u00e1ncer (EACR). \u00abEl avance en nuevos tratamientos oncol\u00f3gicos no puede llevarse a cabo sin el detallado conocimiento molecular que nos llega a trav\u00e9s de los investigadores que hacen ciencia b\u00e1sica\u201d, ha a\u00f1adido.<\/p>\n<p>Por su parte Miguel Mart\u00edn, presidente de la Sociedad Espa\u00f1ola de Oncolog\u00eda M\u00e9dica (SEOM) y anfitri\u00f3n del evento, ha destacado el alto contenido cient\u00edfico del congreso, \u00abya que se han recibido 3.260 estudios, 150 de ellos espa\u00f1oles\u00bb.<\/p>\n<p>Seg\u00fan Mart\u00edn, se esperan resultados muy interesantes de varios estudios que pueden cambiar la pr\u00e1ctica cl\u00ednica en diversos tumores. \u00abEn el pasado, las comunicaciones de estos trabajos se realizaban casi exclusivamente en congresos m\u00e9dicos celebrados en Estados Unidos, pero en los \u00faltimos a\u00f1os el congreso de ESMO es cada vez m\u00e1s elegido para las primeras presentaciones de datos novedosos, lo que es un reflejo del creciente prestigio que este evento y la oncolog\u00eda m\u00e9dica europea est\u00e1n adquiriendo\u201d, ha subrayado.<\/p>\n<p><strong>Novedades cient\u00edficas sobre el c\u00e1ncer de pulm\u00f3n<\/strong><\/p>\n<p>Por otra parte, Andr\u00e9s Cervantes, jefe de Secci\u00f3n del Servicio de Oncolog\u00eda M\u00e9dica del Hospital Universitario de Valencia y director del Comit\u00e9 Educativo de ESMO, ha indicado que el c\u00e1ncer de pulm\u00f3n ser\u00e1 uno de los tumores en los que se esperan m\u00e1s novedades cient\u00edficas en este congreso.<\/p>\n<p>\u201cTambi\u00e9n conoceremos avances en c\u00e1ncer de ri\u00f1\u00f3n y vejiga, tumores del cuello uterino, nuevas mol\u00e9culas en c\u00e1ncer de mama y resultados positivos tanto con terapias dirigidas como inmunoterapias\u201d, ha comentado.<\/p>\n<p>En la conferencia de prensa, tambi\u00e9n ha intervenido Pilar Garrido, jefa de la Unidad de Tumores Tor\u00e1cicos del Hospital Universitario Ram\u00f3n y Cajal, quien ha insistido en \u00abla importancia de la colaboraci\u00f3n entre cl\u00ednicos e investigadores b\u00e1sicos\u00bb. De esta forma, \u00abse potencia la interacci\u00f3n y se favorece el aprendizaje mutuo que son motores del conocimiento\u201d.<\/p>\n<blockquote><p><em><strong>\u00abEn este evento se van a presentar resultados que pueden cambiar la pr\u00e1ctica asistencial en distintos tumores\u00bb, ha dicho Pilar Garrido<\/strong><\/em><\/p><\/blockquote>\n<p>La especialista es responsable tambi\u00e9n del comit\u00e9 que evaluar\u00e1 los estudios sobre c\u00e1ncer de pulm\u00f3n de c\u00e9lulas no metast\u00e1sico y otros tumores tor\u00e1cicos. Garrido ha indicado que los beneficios que se conocer\u00e1n en ESMO 2017 no se limitan a la enfermedad avanzada, \u201csino que se esperan resultados tambi\u00e9n en primera l\u00ednea, lo que nos permitir\u00e1 modificar el est\u00e1ndar en el tratamiento de algunos tipos de c\u00e1ncer de pulm\u00f3n\u201d.<\/p>\n<p>De hecho, \u201cen este evento se van a presentar resultados que pueden cambiar la pr\u00e1ctica asistencial en distintos c\u00e1nceres, por lo que hay previstas tres sesiones presidenciales, adem\u00e1s de m\u00faltiples sesiones dirigidas a tumores concretos\u201d, ha remarcado.<\/p>\n<p>Garrido es adem\u00e1s una de las l\u00edderes europeas del proyecto Women for Oncology, una iniciativa internacional que aborda desde varios puntos de vista la escasa representaci\u00f3n de las mujeres en los puestos de responsabilidad de la oncolog\u00eda mundial, como jefaturas de servicio en los hospitales, grupos cooperativos o comit\u00e9s de ensayos cl\u00ednicos.<\/p>\n<p>&nbsp;<\/p>\n","protected":false},"excerpt":{"rendered":"<p>Mas de 23.000 expertos de 130 pa\u00edses participar\u00e1n en el congreso de la Sociedad Europea de Oncolog\u00eda M\u00e9dica, que se celebrar\u00e1 en Madrid del 8 al 12 de septiembre. Para esta convocatoria se han recibido un total de 3.260 estudios cient\u00edficos, 150 de ellos espa\u00f1oles. Gracias a las campa\u00f1as de prevenci\u00f3n, el cambio de h\u00e1bitos [&hellip;]<\/p>\n","protected":false},"author":1,"featured_media":952013,"comment_status":"closed","ping_status":"closed","sticky":false,"template":"","format":"standard","meta":{"footnotes":""},"categories":[1],"tags":[],"class_list":["post-952012","post","type-post","status-publish","format-standard","has-post-thumbnail","hentry","category-actualidad"],"aioseo_notices":[],"aioseo_head":"\n\t\t<!-- All in One SEO Pro 5.0.1 - aioseo.com -->\n\t<meta name=\"description\" content=\"Mas de 23.000 expertos de 130 pa\u00edses participar\u00e1n en el congreso de la Sociedad Europea de Oncolog\u00eda M\u00e9dica, que se celebrar\u00e1 en Madrid del 8 al 12 de septiembre. Para esta convocatoria se han recibido un total de 3.260 estudios cient\u00edficos, 150 de ellos espa\u00f1oles. Gracias a las campa\u00f1as de prevenci\u00f3n, el cambio de h\u00e1bitos\" \/>\n\t<meta name=\"robots\" content=\"max-image-preview:large\" \/>\n\t<meta name=\"author\" content=\"El Digital de Asturias\"\/>\n\t<meta name=\"google-site-verification\" content=\"UA-38556648-1\" \/>\n\t<meta name=\"msvalidate.01\" content=\"7dfe9f3f1b24437ab69f4f2559babe99\" \/>\n\t<meta name=\"keywords\" content=\"actualidad\" \/>\n\t<link rel=\"canonical\" href=\"https:\/\/www.eldigitaldeasturias.com\/noticias\/mas-de-23-000-expertos-participaran-en-el-congreso-de-la-sociedad-europea-de-oncologia-medica\/\" \/>\n\t<meta name=\"generator\" content=\"All in One SEO Pro (AIOSEO) 5.0.1\" \/>\n\t\t<meta property=\"og:locale\" content=\"es_ES\" \/>\n\t\t<meta property=\"og:site_name\" content=\"El Digital de Asturias\" \/>\n\t\t<meta property=\"og:type\" content=\"article\" \/>\n\t\t<meta property=\"og:title\" content=\"Mas de 23.000 expertos participar\u00e1n en el congreso de la Sociedad Europea de Oncolog\u00eda M\u00e9dica - El Digital de Asturias\" \/>\n\t\t<meta property=\"og:description\" content=\"Mas de 23.000 expertos de 130 pa\u00edses participar\u00e1n en el congreso de la Sociedad Europea de Oncolog\u00eda M\u00e9dica, que se celebrar\u00e1 en Madrid del 8 al 12 de septiembre. Para esta convocatoria se han recibido un total de 3.260 estudios cient\u00edficos, 150 de ellos espa\u00f1oles. Gracias a las campa\u00f1as de prevenci\u00f3n, el cambio de h\u00e1bitos\" \/>\n\t\t<meta property=\"og:url\" content=\"https:\/\/www.eldigitaldeasturias.com\/noticias\/mas-de-23-000-expertos-participaran-en-el-congreso-de-la-sociedad-europea-de-oncologia-medica\/\" \/>\n\t\t<meta property=\"article:tag\" content=\"actualidad\" \/>\n\t\t<meta property=\"article:published_time\" content=\"2017-09-07T08:33:48+00:00\" \/>\n\t\t<meta property=\"article:modified_time\" content=\"2017-09-07T08:33:48+00:00\" \/>\n\t\t<meta property=\"article:publisher\" content=\"https:\/\/facebook.com\/eldigitaldeasturias\" \/>\n\t\t<meta name=\"twitter:card\" content=\"summary_large_image\" \/>\n\t\t<meta name=\"twitter:title\" content=\"Mas de 23.000 expertos participar\u00e1n en el congreso de la Sociedad Europea de Oncolog\u00eda M\u00e9dica - El Digital de Asturias\" \/>\n\t\t<meta name=\"twitter:description\" content=\"Mas de 23.000 expertos de 130 pa\u00edses participar\u00e1n en el congreso de la Sociedad Europea de Oncolog\u00eda M\u00e9dica, que se celebrar\u00e1 en Madrid del 8 al 12 de septiembre. Para esta convocatoria se han recibido un total de 3.260 estudios cient\u00edficos, 150 de ellos espa\u00f1oles. Gracias a las campa\u00f1as de prevenci\u00f3n, el cambio de h\u00e1bitos\" \/>\n\t\t<meta name=\"twitter:image\" content=\"https:\/\/www.eldigitaldeasturias.com\/noticias\/wp-content\/uploads\/2020\/12\/EDA-1.jpg\" \/>\n\t\t<meta name=\"twitter:label1\" content=\"Escrito por\" \/>\n\t\t<meta name=\"twitter:data1\" content=\"El Digital de Asturias\" \/>\n\t\t<meta name=\"twitter:label2\" content=\"Tiempo de lectura estimado\" \/>\n\t\t<meta name=\"twitter:data2\" content=\"4 minutos\" \/>\n\t\t<script type=\"application\/ld+json\" class=\"aioseo-schema\">\n\t\t\t{\"@context\":\"https:\\\/\\\/schema.org\",\"@graph\":[{\"@type\":\"BlogPosting\",\"@id\":\"https:\\\/\\\/www.eldigitaldeasturias.com\\\/noticias\\\/mas-de-23-000-expertos-participaran-en-el-congreso-de-la-sociedad-europea-de-oncologia-medica\\\/#blogposting\",\"name\":\"Mas de 23.000 expertos participar\\u00e1n en el congreso de la Sociedad Europea de Oncolog\\u00eda M\\u00e9dica - El Digital de Asturias\",\"headline\":\"Mas de 23.000 expertos participar\\u00e1n en el congreso de la Sociedad Europea de Oncolog\\u00eda M\\u00e9dica\",\"author\":{\"@id\":\"https:\\\/\\\/www.eldigitaldeasturias.com\\\/noticias\\\/author\\\/admin\\\/#author\"},\"publisher\":{\"@id\":\"https:\\\/\\\/www.eldigitaldeasturias.com\\\/noticias\\\/#organization\"},\"image\":{\"@type\":\"ImageObject\",\"url\":952013},\"datePublished\":\"2017-09-07T08:33:48+02:00\",\"dateModified\":\"2017-09-07T08:33:48+02:00\",\"inLanguage\":\"es-ES\",\"mainEntityOfPage\":{\"@id\":\"https:\\\/\\\/www.eldigitaldeasturias.com\\\/noticias\\\/mas-de-23-000-expertos-participaran-en-el-congreso-de-la-sociedad-europea-de-oncologia-medica\\\/#webpage\"},\"isPartOf\":{\"@id\":\"https:\\\/\\\/www.eldigitaldeasturias.com\\\/noticias\\\/mas-de-23-000-expertos-participaran-en-el-congreso-de-la-sociedad-europea-de-oncologia-medica\\\/#webpage\"},\"articleSection\":\"Actualidad\"},{\"@type\":\"BreadcrumbList\",\"@id\":\"https:\\\/\\\/www.eldigitaldeasturias.com\\\/noticias\\\/mas-de-23-000-expertos-participaran-en-el-congreso-de-la-sociedad-europea-de-oncologia-medica\\\/#breadcrumblist\",\"itemListElement\":[{\"@type\":\"ListItem\",\"@id\":\"https:\\\/\\\/www.eldigitaldeasturias.com\\\/noticias#listItem\",\"position\":1,\"name\":\"Home\",\"item\":\"https:\\\/\\\/www.eldigitaldeasturias.com\\\/noticias\",\"nextItem\":{\"@type\":\"ListItem\",\"@id\":\"https:\\\/\\\/www.eldigitaldeasturias.com\\\/noticias\\\/category\\\/actualidad\\\/#listItem\",\"name\":\"Actualidad\"}},{\"@type\":\"ListItem\",\"@id\":\"https:\\\/\\\/www.eldigitaldeasturias.com\\\/noticias\\\/category\\\/actualidad\\\/#listItem\",\"position\":2,\"name\":\"Actualidad\",\"item\":\"https:\\\/\\\/www.eldigitaldeasturias.com\\\/noticias\\\/category\\\/actualidad\\\/\",\"nextItem\":{\"@type\":\"ListItem\",\"@id\":\"https:\\\/\\\/www.eldigitaldeasturias.com\\\/noticias\\\/mas-de-23-000-expertos-participaran-en-el-congreso-de-la-sociedad-europea-de-oncologia-medica\\\/#listItem\",\"name\":\"Mas de 23.000 expertos participar\\u00e1n en el congreso de la Sociedad Europea de Oncolog\\u00eda M\\u00e9dica\"},\"previousItem\":{\"@type\":\"ListItem\",\"@id\":\"https:\\\/\\\/www.eldigitaldeasturias.com\\\/noticias#listItem\",\"name\":\"Home\"}},{\"@type\":\"ListItem\",\"@id\":\"https:\\\/\\\/www.eldigitaldeasturias.com\\\/noticias\\\/mas-de-23-000-expertos-participaran-en-el-congreso-de-la-sociedad-europea-de-oncologia-medica\\\/#listItem\",\"position\":3,\"name\":\"Mas de 23.000 expertos participar\\u00e1n en el congreso de la Sociedad Europea de Oncolog\\u00eda M\\u00e9dica\",\"previousItem\":{\"@type\":\"ListItem\",\"@id\":\"https:\\\/\\\/www.eldigitaldeasturias.com\\\/noticias\\\/category\\\/actualidad\\\/#listItem\",\"name\":\"Actualidad\"}}]},{\"@type\":\"Organization\",\"@id\":\"https:\\\/\\\/www.eldigitaldeasturias.com\\\/noticias\\\/#organization\",\"name\":\"El Digital de Asturias\",\"description\":\"Hemeroteca\",\"url\":\"https:\\\/\\\/www.eldigitaldeasturias.com\\\/noticias\\\/\",\"email\":\"info@eldigitaldeasturias.com\",\"telephone\":\"+34652131393\",\"logo\":{\"@type\":\"ImageObject\",\"url\":\"https:\\\/\\\/www.eldigitaldeasturias.com\\\/noticias\\\/wp-content\\\/uploads\\\/2020\\\/12\\\/EDA.jpg\",\"@id\":\"https:\\\/\\\/www.eldigitaldeasturias.com\\\/noticias\\\/mas-de-23-000-expertos-participaran-en-el-congreso-de-la-sociedad-europea-de-oncologia-medica\\\/#organizationLogo\"},\"image\":{\"@id\":\"https:\\\/\\\/www.eldigitaldeasturias.com\\\/noticias\\\/mas-de-23-000-expertos-participaran-en-el-congreso-de-la-sociedad-europea-de-oncologia-medica\\\/#organizationLogo\"},\"sameAs\":[\"https:\\\/\\\/facebook.com\\\/eldigitaldeasturias\",\"https:\\\/\\\/www.youtube.com\\\/channel\\\/UCZP-2wLEB9Rv6erhFmqVnvg\"],\"address\":{\"@id\":\"https:\\\/\\\/www.eldigitaldeasturias.com\\\/noticias\\\/#postaladdress\",\"@type\":\"PostalAddress\",\"streetAddress\":\"san antonio 4\",\"postalCode\":\"33430\",\"addressLocality\":\"Cand\\u00e1s\",\"addressRegion\":\"Asturias\",\"addressCountry\":\"ES\"}},{\"@type\":\"Person\",\"@id\":\"https:\\\/\\\/www.eldigitaldeasturias.com\\\/noticias\\\/author\\\/admin\\\/#author\",\"url\":\"https:\\\/\\\/www.eldigitaldeasturias.com\\\/noticias\\\/author\\\/admin\\\/\",\"name\":\"El Digital de Asturias\",\"image\":{\"@type\":\"ImageObject\",\"@id\":\"https:\\\/\\\/www.eldigitaldeasturias.com\\\/noticias\\\/mas-de-23-000-expertos-participaran-en-el-congreso-de-la-sociedad-europea-de-oncologia-medica\\\/#authorImage\",\"url\":\"https:\\\/\\\/secure.gravatar.com\\\/avatar\\\/df2aeffc32bcd13f8d26072ef8a91b623d677766deac7f97ca815868cd41bf5e?s=96&d=mm&r=g\",\"width\":96,\"height\":96,\"caption\":\"El Digital de Asturias\"}},{\"@type\":\"WebPage\",\"@id\":\"https:\\\/\\\/www.eldigitaldeasturias.com\\\/noticias\\\/mas-de-23-000-expertos-participaran-en-el-congreso-de-la-sociedad-europea-de-oncologia-medica\\\/#webpage\",\"url\":\"https:\\\/\\\/www.eldigitaldeasturias.com\\\/noticias\\\/mas-de-23-000-expertos-participaran-en-el-congreso-de-la-sociedad-europea-de-oncologia-medica\\\/\",\"name\":\"Mas de 23.000 expertos participar\\u00e1n en el congreso de la Sociedad Europea de Oncolog\\u00eda M\\u00e9dica - El Digital de Asturias\",\"description\":\"Mas de 23.000 expertos de 130 pa\\u00edses participar\\u00e1n en el congreso de la Sociedad Europea de Oncolog\\u00eda M\\u00e9dica, que se celebrar\\u00e1 en Madrid del 8 al 12 de septiembre. Para esta convocatoria se han recibido un total de 3.260 estudios cient\\u00edficos, 150 de ellos espa\\u00f1oles. Gracias a las campa\\u00f1as de prevenci\\u00f3n, el cambio de h\\u00e1bitos\",\"inLanguage\":\"es-ES\",\"isPartOf\":{\"@id\":\"https:\\\/\\\/www.eldigitaldeasturias.com\\\/noticias\\\/#website\"},\"breadcrumb\":{\"@id\":\"https:\\\/\\\/www.eldigitaldeasturias.com\\\/noticias\\\/mas-de-23-000-expertos-participaran-en-el-congreso-de-la-sociedad-europea-de-oncologia-medica\\\/#breadcrumblist\"},\"author\":{\"@id\":\"https:\\\/\\\/www.eldigitaldeasturias.com\\\/noticias\\\/author\\\/admin\\\/#author\"},\"creator\":{\"@id\":\"https:\\\/\\\/www.eldigitaldeasturias.com\\\/noticias\\\/author\\\/admin\\\/#author\"},\"image\":{\"@type\":\"ImageObject\",\"url\":952013,\"@id\":\"https:\\\/\\\/www.eldigitaldeasturias.com\\\/noticias\\\/mas-de-23-000-expertos-participaran-en-el-congreso-de-la-sociedad-europea-de-oncologia-medica\\\/#mainImage\"},\"primaryImageOfPage\":{\"@id\":\"https:\\\/\\\/www.eldigitaldeasturias.com\\\/noticias\\\/mas-de-23-000-expertos-participaran-en-el-congreso-de-la-sociedad-europea-de-oncologia-medica\\\/#mainImage\"},\"datePublished\":\"2017-09-07T08:33:48+02:00\",\"dateModified\":\"2017-09-07T08:33:48+02:00\"},{\"@type\":\"WebSite\",\"@id\":\"https:\\\/\\\/www.eldigitaldeasturias.com\\\/noticias\\\/#website\",\"url\":\"https:\\\/\\\/www.eldigitaldeasturias.com\\\/noticias\\\/\",\"name\":\"El Digital de Asturias - Diario de actualidad y noticias\",\"alternateName\":\"El Digital de Asturias - Diario de actualidad y noticias\",\"description\":\"Hemeroteca\",\"inLanguage\":\"es-ES\",\"publisher\":{\"@id\":\"https:\\\/\\\/www.eldigitaldeasturias.com\\\/noticias\\\/#organization\"}}]}\n\t\t<\/script>\n\t\t<!-- All in One SEO Pro -->\r\n\t\t<title>Mas de 23.000 expertos participar\u00e1n en el congreso de la Sociedad Europea de Oncolog\u00eda M\u00e9dica - El Digital de Asturias<\/title>\n\n","aioseo_head_json":{"title":"Mas de 23.000 expertos participar\u00e1n en el congreso de la Sociedad Europea de Oncolog\u00eda M\u00e9dica - El Digital de Asturias","description":"Mas de 23.000 expertos de 130 pa\u00edses participar\u00e1n en el congreso de la Sociedad Europea de Oncolog\u00eda M\u00e9dica, que se celebrar\u00e1 en Madrid del 8 al 12 de septiembre. Para esta convocatoria se han recibido un total de 3.260 estudios cient\u00edficos, 150 de ellos espa\u00f1oles. Gracias a las campa\u00f1as de prevenci\u00f3n, el cambio de h\u00e1bitos","canonical_url":"https:\/\/www.eldigitaldeasturias.com\/noticias\/mas-de-23-000-expertos-participaran-en-el-congreso-de-la-sociedad-europea-de-oncologia-medica\/","robots":"max-image-preview:large","keywords":"actualidad","webmasterTools":{"google-site-verification":"UA-38556648-1","msvalidate.01":"7dfe9f3f1b24437ab69f4f2559babe99","miscellaneous":""},"schema":{"@context":"https:\/\/schema.org","@graph":[{"@type":"BlogPosting","@id":"https:\/\/www.eldigitaldeasturias.com\/noticias\/mas-de-23-000-expertos-participaran-en-el-congreso-de-la-sociedad-europea-de-oncologia-medica\/#blogposting","name":"Mas de 23.000 expertos participar\u00e1n en el congreso de la Sociedad Europea de Oncolog\u00eda M\u00e9dica - El Digital de Asturias","headline":"Mas de 23.000 expertos participar\u00e1n en el congreso de la Sociedad Europea de Oncolog\u00eda M\u00e9dica","author":{"@id":"https:\/\/www.eldigitaldeasturias.com\/noticias\/author\/admin\/#author"},"publisher":{"@id":"https:\/\/www.eldigitaldeasturias.com\/noticias\/#organization"},"image":{"@type":"ImageObject","url":952013},"datePublished":"2017-09-07T08:33:48+02:00","dateModified":"2017-09-07T08:33:48+02:00","inLanguage":"es-ES","mainEntityOfPage":{"@id":"https:\/\/www.eldigitaldeasturias.com\/noticias\/mas-de-23-000-expertos-participaran-en-el-congreso-de-la-sociedad-europea-de-oncologia-medica\/#webpage"},"isPartOf":{"@id":"https:\/\/www.eldigitaldeasturias.com\/noticias\/mas-de-23-000-expertos-participaran-en-el-congreso-de-la-sociedad-europea-de-oncologia-medica\/#webpage"},"articleSection":"Actualidad"},{"@type":"BreadcrumbList","@id":"https:\/\/www.eldigitaldeasturias.com\/noticias\/mas-de-23-000-expertos-participaran-en-el-congreso-de-la-sociedad-europea-de-oncologia-medica\/#breadcrumblist","itemListElement":[{"@type":"ListItem","@id":"https:\/\/www.eldigitaldeasturias.com\/noticias#listItem","position":1,"name":"Home","item":"https:\/\/www.eldigitaldeasturias.com\/noticias","nextItem":{"@type":"ListItem","@id":"https:\/\/www.eldigitaldeasturias.com\/noticias\/category\/actualidad\/#listItem","name":"Actualidad"}},{"@type":"ListItem","@id":"https:\/\/www.eldigitaldeasturias.com\/noticias\/category\/actualidad\/#listItem","position":2,"name":"Actualidad","item":"https:\/\/www.eldigitaldeasturias.com\/noticias\/category\/actualidad\/","nextItem":{"@type":"ListItem","@id":"https:\/\/www.eldigitaldeasturias.com\/noticias\/mas-de-23-000-expertos-participaran-en-el-congreso-de-la-sociedad-europea-de-oncologia-medica\/#listItem","name":"Mas de 23.000 expertos participar\u00e1n en el congreso de la Sociedad Europea de Oncolog\u00eda M\u00e9dica"},"previousItem":{"@type":"ListItem","@id":"https:\/\/www.eldigitaldeasturias.com\/noticias#listItem","name":"Home"}},{"@type":"ListItem","@id":"https:\/\/www.eldigitaldeasturias.com\/noticias\/mas-de-23-000-expertos-participaran-en-el-congreso-de-la-sociedad-europea-de-oncologia-medica\/#listItem","position":3,"name":"Mas de 23.000 expertos participar\u00e1n en el congreso de la Sociedad Europea de Oncolog\u00eda M\u00e9dica","previousItem":{"@type":"ListItem","@id":"https:\/\/www.eldigitaldeasturias.com\/noticias\/category\/actualidad\/#listItem","name":"Actualidad"}}]},{"@type":"Organization","@id":"https:\/\/www.eldigitaldeasturias.com\/noticias\/#organization","name":"El Digital de Asturias","description":"Hemeroteca","url":"https:\/\/www.eldigitaldeasturias.com\/noticias\/","email":"info@eldigitaldeasturias.com","telephone":"+34652131393","logo":{"@type":"ImageObject","url":"https:\/\/www.eldigitaldeasturias.com\/noticias\/wp-content\/uploads\/2020\/12\/EDA.jpg","@id":"https:\/\/www.eldigitaldeasturias.com\/noticias\/mas-de-23-000-expertos-participaran-en-el-congreso-de-la-sociedad-europea-de-oncologia-medica\/#organizationLogo"},"image":{"@id":"https:\/\/www.eldigitaldeasturias.com\/noticias\/mas-de-23-000-expertos-participaran-en-el-congreso-de-la-sociedad-europea-de-oncologia-medica\/#organizationLogo"},"sameAs":["https:\/\/facebook.com\/eldigitaldeasturias","https:\/\/www.youtube.com\/channel\/UCZP-2wLEB9Rv6erhFmqVnvg"],"address":{"@id":"https:\/\/www.eldigitaldeasturias.com\/noticias\/#postaladdress","@type":"PostalAddress","streetAddress":"san antonio 4","postalCode":"33430","addressLocality":"Cand\u00e1s","addressRegion":"Asturias","addressCountry":"ES"}},{"@type":"Person","@id":"https:\/\/www.eldigitaldeasturias.com\/noticias\/author\/admin\/#author","url":"https:\/\/www.eldigitaldeasturias.com\/noticias\/author\/admin\/","name":"El Digital de Asturias","image":{"@type":"ImageObject","@id":"https:\/\/www.eldigitaldeasturias.com\/noticias\/mas-de-23-000-expertos-participaran-en-el-congreso-de-la-sociedad-europea-de-oncologia-medica\/#authorImage","url":"https:\/\/secure.gravatar.com\/avatar\/df2aeffc32bcd13f8d26072ef8a91b623d677766deac7f97ca815868cd41bf5e?s=96&d=mm&r=g","width":96,"height":96,"caption":"El Digital de Asturias"}},{"@type":"WebPage","@id":"https:\/\/www.eldigitaldeasturias.com\/noticias\/mas-de-23-000-expertos-participaran-en-el-congreso-de-la-sociedad-europea-de-oncologia-medica\/#webpage","url":"https:\/\/www.eldigitaldeasturias.com\/noticias\/mas-de-23-000-expertos-participaran-en-el-congreso-de-la-sociedad-europea-de-oncologia-medica\/","name":"Mas de 23.000 expertos participar\u00e1n en el congreso de la Sociedad Europea de Oncolog\u00eda M\u00e9dica - El Digital de Asturias","description":"Mas de 23.000 expertos de 130 pa\u00edses participar\u00e1n en el congreso de la Sociedad Europea de Oncolog\u00eda M\u00e9dica, que se celebrar\u00e1 en Madrid del 8 al 12 de septiembre. Para esta convocatoria se han recibido un total de 3.260 estudios cient\u00edficos, 150 de ellos espa\u00f1oles. Gracias a las campa\u00f1as de prevenci\u00f3n, el cambio de h\u00e1bitos","inLanguage":"es-ES","isPartOf":{"@id":"https:\/\/www.eldigitaldeasturias.com\/noticias\/#website"},"breadcrumb":{"@id":"https:\/\/www.eldigitaldeasturias.com\/noticias\/mas-de-23-000-expertos-participaran-en-el-congreso-de-la-sociedad-europea-de-oncologia-medica\/#breadcrumblist"},"author":{"@id":"https:\/\/www.eldigitaldeasturias.com\/noticias\/author\/admin\/#author"},"creator":{"@id":"https:\/\/www.eldigitaldeasturias.com\/noticias\/author\/admin\/#author"},"image":{"@type":"ImageObject","url":952013,"@id":"https:\/\/www.eldigitaldeasturias.com\/noticias\/mas-de-23-000-expertos-participaran-en-el-congreso-de-la-sociedad-europea-de-oncologia-medica\/#mainImage"},"primaryImageOfPage":{"@id":"https:\/\/www.eldigitaldeasturias.com\/noticias\/mas-de-23-000-expertos-participaran-en-el-congreso-de-la-sociedad-europea-de-oncologia-medica\/#mainImage"},"datePublished":"2017-09-07T08:33:48+02:00","dateModified":"2017-09-07T08:33:48+02:00"},{"@type":"WebSite","@id":"https:\/\/www.eldigitaldeasturias.com\/noticias\/#website","url":"https:\/\/www.eldigitaldeasturias.com\/noticias\/","name":"El Digital de Asturias - Diario de actualidad y noticias","alternateName":"El Digital de Asturias - Diario de actualidad y noticias","description":"Hemeroteca","inLanguage":"es-ES","publisher":{"@id":"https:\/\/www.eldigitaldeasturias.com\/noticias\/#organization"}}]},"og:locale":"es_ES","og:site_name":"El Digital de Asturias","og:type":"article","og:title":"Mas de 23.000 expertos participar\u00e1n en el congreso de la Sociedad Europea de Oncolog\u00eda M\u00e9dica - El Digital de Asturias","og:description":"Mas de 23.000 expertos de 130 pa\u00edses participar\u00e1n en el congreso de la Sociedad Europea de Oncolog\u00eda M\u00e9dica, que se celebrar\u00e1 en Madrid del 8 al 12 de septiembre. Para esta convocatoria se han recibido un total de 3.260 estudios cient\u00edficos, 150 de ellos espa\u00f1oles. Gracias a las campa\u00f1as de prevenci\u00f3n, el cambio de h\u00e1bitos","og:url":"https:\/\/www.eldigitaldeasturias.com\/noticias\/mas-de-23-000-expertos-participaran-en-el-congreso-de-la-sociedad-europea-de-oncologia-medica\/","article:tag":["actualidad"],"article:published_time":"2017-09-07T08:33:48+00:00","article:modified_time":"2017-09-07T08:33:48+00:00","article:publisher":"https:\/\/facebook.com\/eldigitaldeasturias","twitter:card":"summary_large_image","twitter:title":"Mas de 23.000 expertos participar\u00e1n en el congreso de la Sociedad Europea de Oncolog\u00eda M\u00e9dica - El Digital de Asturias","twitter:description":"Mas de 23.000 expertos de 130 pa\u00edses participar\u00e1n en el congreso de la Sociedad Europea de Oncolog\u00eda M\u00e9dica, que se celebrar\u00e1 en Madrid del 8 al 12 de septiembre. Para esta convocatoria se han recibido un total de 3.260 estudios cient\u00edficos, 150 de ellos espa\u00f1oles. Gracias a las campa\u00f1as de prevenci\u00f3n, el cambio de h\u00e1bitos","twitter:image":"https:\/\/www.eldigitaldeasturias.com\/noticias\/wp-content\/uploads\/2020\/12\/EDA-1.jpg","twitter:label1":"Escrito por","twitter:data1":"El Digital de Asturias","twitter:label2":"Tiempo de lectura estimado","twitter:data2":"4 minutos"},"aioseo_meta_data":{"post_id":"952012","title":null,"description":null,"keywords":null,"keyphrases":null,"primary_term":null,"canonical_url":null,"og_title":null,"og_description":null,"og_object_type":"default","og_image_type":"default","og_image_url":null,"og_image_width":null,"og_image_height":null,"og_image_custom_url":null,"og_image_custom_fields":null,"og_video":null,"og_custom_url":null,"og_article_section":null,"og_article_tags":null,"twitter_use_og":false,"twitter_card":"default","twitter_image_type":"default","twitter_image_url":null,"twitter_image_custom_url":null,"twitter_image_custom_fields":null,"twitter_title":null,"twitter_description":null,"schema":{"blockGraphs":[],"customGraphs":[],"default":{"data":{"Article":[],"Course":[],"Dataset":[],"FAQPage":[],"Movie":[],"Person":[],"Product":[],"ProductReview":[],"Car":[],"Recipe":[],"Service":[],"SoftwareApplication":[],"WebPage":[]},"graphName":"","isEnabled":true},"graphs":[],"defaultGraph":"","defaultPostTypeGraph":""},"schema_type":null,"schema_type_options":null,"pillar_content":false,"robots_default":true,"robots_noindex":false,"robots_noarchive":false,"robots_nosnippet":false,"robots_nofollow":false,"robots_noimageindex":false,"robots_noodp":false,"robots_notranslate":false,"robots_max_snippet":null,"robots_max_videopreview":null,"robots_max_imagepreview":"large","priority":null,"frequency":null,"local_seo":null,"seo_analyzer_scan_date":"2025-12-05 21:18:12","breadcrumb_settings":null,"limit_modified_date":false,"open_ai":null,"ai":null,"created":"2020-12-21 12:57:52","updated":"2025-12-05 21:18:12","focus_keyword":null,"additional_keywords":null,"truseo_locale":null},"aioseo_breadcrumb":"<div class=\"aioseo-breadcrumbs\"><span class=\"aioseo-breadcrumb\">\n\t<a href=\"https:\/\/www.eldigitaldeasturias.com\/noticias\" title=\"Home\">Home<\/a>\n<\/span><span class=\"aioseo-breadcrumb-separator\">\u2013<\/span><span class=\"aioseo-breadcrumb\">\n\t<a href=\"https:\/\/www.eldigitaldeasturias.com\/noticias\/category\/actualidad\/\" title=\"Actualidad\">Actualidad<\/a>\n<\/span><span class=\"aioseo-breadcrumb-separator\">\u2013<\/span><span class=\"aioseo-breadcrumb\">\n\t<a href=\"https:\/\/www.eldigitaldeasturias.com\/noticias\/mas-de-23-000-expertos-participaran-en-el-congreso-de-la-sociedad-europea-de-oncologia-medica\/\" title=\"Mas de 23.000 expertos participar\u00e1n en el congreso de la Sociedad Europea de Oncolog\u00eda M\u00e9dica\">Mas de 23.000 expertos participar\u00e1n en el congreso de la Sociedad Europea de Oncolog\u00eda M\u00e9dica<\/a>\n<\/span><\/div>","aioseo_breadcrumb_json":[{"label":"Home","link":"https:\/\/www.eldigitaldeasturias.com\/noticias"},{"label":"Actualidad","link":"https:\/\/www.eldigitaldeasturias.com\/noticias\/category\/actualidad\/"},{"label":"Mas de 23.000 expertos participar\u00e1n en el congreso de la Sociedad Europea de Oncolog\u00eda M\u00e9dica","link":"https:\/\/www.eldigitaldeasturias.com\/noticias\/mas-de-23-000-expertos-participaran-en-el-congreso-de-la-sociedad-europea-de-oncologia-medica\/"}],"_links":{"self":[{"href":"https:\/\/www.eldigitaldeasturias.com\/noticias\/wp-json\/wp\/v2\/posts\/952012","targetHints":{"allow":["GET"]}}],"collection":[{"href":"https:\/\/www.eldigitaldeasturias.com\/noticias\/wp-json\/wp\/v2\/posts"}],"about":[{"href":"https:\/\/www.eldigitaldeasturias.com\/noticias\/wp-json\/wp\/v2\/types\/post"}],"author":[{"embeddable":true,"href":"https:\/\/www.eldigitaldeasturias.com\/noticias\/wp-json\/wp\/v2\/users\/1"}],"replies":[{"embeddable":true,"href":"https:\/\/www.eldigitaldeasturias.com\/noticias\/wp-json\/wp\/v2\/comments?post=952012"}],"version-history":[{"count":0,"href":"https:\/\/www.eldigitaldeasturias.com\/noticias\/wp-json\/wp\/v2\/posts\/952012\/revisions"}],"wp:attachment":[{"href":"https:\/\/www.eldigitaldeasturias.com\/noticias\/wp-json\/wp\/v2\/media?parent=952012"}],"wp:term":[{"taxonomy":"category","embeddable":true,"href":"https:\/\/www.eldigitaldeasturias.com\/noticias\/wp-json\/wp\/v2\/categories?post=952012"},{"taxonomy":"post_tag","embeddable":true,"href":"https:\/\/www.eldigitaldeasturias.com\/noticias\/wp-json\/wp\/v2\/tags?post=952012"}],"curies":[{"name":"wp","href":"https:\/\/api.w.org\/{rel}","templated":true}]}}