{"id":951927,"date":"2017-09-06T12:58:42","date_gmt":"2017-09-06T12:58:42","guid":{"rendered":"http:\/\/www.eldigitaldeasturias.com\/noticias\/?p=951927"},"modified":"2017-09-06T12:58:42","modified_gmt":"2017-09-06T12:58:42","slug":"albiol-lo-que-se-celebra-hoy-en-el-parlament-de-cataluna-ni-es-legal-ni-es-legitimo","status":"publish","type":"post","link":"https:\/\/www.eldigitaldeasturias.com\/noticias\/albiol-lo-que-se-celebra-hoy-en-el-parlament-de-cataluna-ni-es-legal-ni-es-legitimo\/","title":{"rendered":"Albiol: \u00abLo que se celebra hoy en el Parlament de Catalu\u00f1a ni es legal ni es leg\u00edtimo\u00bb"},"content":{"rendered":"<p><img loading=\"lazy\" decoding=\"async\" class=\"alignleft size-medium wp-image-951928\" src=\"https:\/\/www.eldigitaldeasturias.com\/noticias\/wp-content\/uploads\/2017\/09\/Albiol-360x163.jpg\" alt=\"\" width=\"360\" height=\"163\" \/>Durante una entrevista en directo realizada en el programa \u201cEspejo P\u00fablico\u201d de Antena 3, el Presidente del PP Catal\u00e1n, Xavier Garc\u00eda Albiol, ha confirmado que a primera hora de la ma\u00f1ana del mi\u00e9rcoles, 6 de septiembre, se ha registrado la \u201cLey del Refer\u00e9ndum\u201d en el orden del d\u00eda.<\/p>\n<p>Aclara que el Partido Popular viene \u201cmonitorizado\u201d todas las actuaciones del Gobierno de la Generalitat para poder asegurar y defender los derechos que la oposici\u00f3n tiene. En esta misma l\u00ednea, dice que ante una \u201cpropuesta de tal magnitud\u201d, es la oposici\u00f3n la que tiene el derecho de pedir garant\u00edas estatutarias, estudiar propuestas, proponer enmiendas a la totalidad, etc. Una serie de derechos que exigiremos que se respeten, explica.<\/p>\n<p>Adem\u00e1s, se\u00f1ala que \u201clo \u00fanico que se va a llevar a cabo en el parlamento de Catalu\u00f1a ni es legal ni es leg\u00edtimo\u201d. Por ello, el Presidente de los catalanes vascos asegura que se iniciar\u00e1 un proceso pol\u00edtico por parte de Rajoy para que esa ley no se pueda acabar aprobando, trasladando a las instituciones democr\u00e1ticas una instrucci\u00f3n muy clara para que anule este acto, la aceptaci\u00f3n de la propuesta de la mesa y que finalmente no se llegue a la votaci\u00f3n por la tarde.<\/p>\n<p>Preguntado por la posible utilizaci\u00f3n del Art\u00edculo 155 de la Constituci\u00f3n, Albiol ha explicado que el estado de derecho pone a disposici\u00f3n de las instituciones un amplio elenco de leyes para actuar contra golpes a la democracia como este, pero que es el presidente y el Gobierno, quien debe decidir si aplicarlas o no.<\/p>\n<p>&nbsp;<\/p>\n","protected":false},"excerpt":{"rendered":"<p>Durante una entrevista en directo realizada en el programa \u201cEspejo P\u00fablico\u201d de Antena 3, el Presidente del PP Catal\u00e1n, Xavier Garc\u00eda Albiol, ha confirmado que a primera hora de la ma\u00f1ana del mi\u00e9rcoles, 6 de septiembre, se ha registrado la \u201cLey del Refer\u00e9ndum\u201d en el orden del d\u00eda. Aclara que el Partido Popular viene \u201cmonitorizado\u201d [&hellip;]<\/p>\n","protected":false},"author":1,"featured_media":951928,"comment_status":"closed","ping_status":"closed","sticky":false,"template":"","format":"standard","meta":{"footnotes":""},"categories":[1],"tags":[],"class_list":["post-951927","post","type-post","status-publish","format-standard","has-post-thumbnail","hentry","category-actualidad"],"aioseo_notices":[],"aioseo_head":"\n\t\t<!-- All in One SEO Pro 5.0.1 - aioseo.com -->\n\t<meta name=\"description\" content=\"Durante una entrevista en directo realizada en el programa \u201cEspejo P\u00fablico\u201d de Antena 3, el Presidente del PP Catal\u00e1n, Xavier Garc\u00eda Albiol, ha confirmado que a primera hora de la ma\u00f1ana del mi\u00e9rcoles, 6 de septiembre, se ha registrado la \u201cLey del Refer\u00e9ndum\u201d en el orden del d\u00eda. Aclara que el Partido Popular viene \u201cmonitorizado\u201d\" \/>\n\t<meta name=\"robots\" content=\"max-image-preview:large\" \/>\n\t<meta name=\"author\" content=\"El Digital de Asturias\"\/>\n\t<meta name=\"google-site-verification\" content=\"UA-38556648-1\" \/>\n\t<meta name=\"msvalidate.01\" content=\"7dfe9f3f1b24437ab69f4f2559babe99\" \/>\n\t<meta name=\"keywords\" content=\"actualidad\" \/>\n\t<link rel=\"canonical\" href=\"https:\/\/www.eldigitaldeasturias.com\/noticias\/albiol-lo-que-se-celebra-hoy-en-el-parlament-de-cataluna-ni-es-legal-ni-es-legitimo\/\" \/>\n\t<meta name=\"generator\" content=\"All in One SEO Pro (AIOSEO) 5.0.1\" \/>\n\t\t<meta property=\"og:locale\" content=\"es_ES\" \/>\n\t\t<meta property=\"og:site_name\" content=\"El Digital de Asturias\" \/>\n\t\t<meta property=\"og:type\" content=\"article\" \/>\n\t\t<meta property=\"og:title\" content=\"Albiol: \u00abLo que se celebra hoy en el Parlament de Catalu\u00f1a ni es legal ni es leg\u00edtimo\u00bb - El Digital de Asturias\" \/>\n\t\t<meta property=\"og:description\" content=\"Durante una entrevista en directo realizada en el programa \u201cEspejo P\u00fablico\u201d de Antena 3, el Presidente del PP Catal\u00e1n, Xavier Garc\u00eda Albiol, ha confirmado que a primera hora de la ma\u00f1ana del mi\u00e9rcoles, 6 de septiembre, se ha registrado la \u201cLey del Refer\u00e9ndum\u201d en el orden del d\u00eda. Aclara que el Partido Popular viene \u201cmonitorizado\u201d\" \/>\n\t\t<meta property=\"og:url\" content=\"https:\/\/www.eldigitaldeasturias.com\/noticias\/albiol-lo-que-se-celebra-hoy-en-el-parlament-de-cataluna-ni-es-legal-ni-es-legitimo\/\" \/>\n\t\t<meta property=\"article:tag\" content=\"actualidad\" \/>\n\t\t<meta property=\"article:published_time\" content=\"2017-09-06T12:58:42+00:00\" \/>\n\t\t<meta property=\"article:modified_time\" content=\"2017-09-06T12:58:42+00:00\" \/>\n\t\t<meta property=\"article:publisher\" content=\"https:\/\/facebook.com\/eldigitaldeasturias\" \/>\n\t\t<meta name=\"twitter:card\" content=\"summary_large_image\" \/>\n\t\t<meta name=\"twitter:title\" content=\"Albiol: \u00abLo que se celebra hoy en el Parlament de Catalu\u00f1a ni es legal ni es leg\u00edtimo\u00bb - El Digital de Asturias\" \/>\n\t\t<meta name=\"twitter:description\" content=\"Durante una entrevista en directo realizada en el programa \u201cEspejo P\u00fablico\u201d de Antena 3, el Presidente del PP Catal\u00e1n, Xavier Garc\u00eda Albiol, ha confirmado que a primera hora de la ma\u00f1ana del mi\u00e9rcoles, 6 de septiembre, se ha registrado la \u201cLey del Refer\u00e9ndum\u201d en el orden del d\u00eda. Aclara que el Partido Popular viene \u201cmonitorizado\u201d\" \/>\n\t\t<meta name=\"twitter:image\" content=\"https:\/\/www.eldigitaldeasturias.com\/noticias\/wp-content\/uploads\/2020\/12\/EDA-1.jpg\" \/>\n\t\t<meta name=\"twitter:label1\" content=\"Escrito por\" \/>\n\t\t<meta name=\"twitter:data1\" content=\"El Digital de Asturias\" \/>\n\t\t<meta name=\"twitter:label2\" content=\"Tiempo de lectura estimado\" \/>\n\t\t<meta name=\"twitter:data2\" content=\"1 minuto\" \/>\n\t\t<script type=\"application\/ld+json\" class=\"aioseo-schema\">\n\t\t\t{\"@context\":\"https:\\\/\\\/schema.org\",\"@graph\":[{\"@type\":\"BlogPosting\",\"@id\":\"https:\\\/\\\/www.eldigitaldeasturias.com\\\/noticias\\\/albiol-lo-que-se-celebra-hoy-en-el-parlament-de-cataluna-ni-es-legal-ni-es-legitimo\\\/#blogposting\",\"name\":\"Albiol: \\u00abLo que se celebra hoy en el Parlament de Catalu\\u00f1a ni es legal ni es leg\\u00edtimo\\u00bb - El Digital de Asturias\",\"headline\":\"Albiol: \\u00abLo que se celebra hoy en el Parlament de Catalu\\u00f1a ni es legal ni es leg\\u00edtimo\\u00bb\",\"author\":{\"@id\":\"https:\\\/\\\/www.eldigitaldeasturias.com\\\/noticias\\\/author\\\/admin\\\/#author\"},\"publisher\":{\"@id\":\"https:\\\/\\\/www.eldigitaldeasturias.com\\\/noticias\\\/#organization\"},\"image\":{\"@type\":\"ImageObject\",\"url\":951928},\"datePublished\":\"2017-09-06T12:58:42+02:00\",\"dateModified\":\"2017-09-06T12:58:42+02:00\",\"inLanguage\":\"es-ES\",\"mainEntityOfPage\":{\"@id\":\"https:\\\/\\\/www.eldigitaldeasturias.com\\\/noticias\\\/albiol-lo-que-se-celebra-hoy-en-el-parlament-de-cataluna-ni-es-legal-ni-es-legitimo\\\/#webpage\"},\"isPartOf\":{\"@id\":\"https:\\\/\\\/www.eldigitaldeasturias.com\\\/noticias\\\/albiol-lo-que-se-celebra-hoy-en-el-parlament-de-cataluna-ni-es-legal-ni-es-legitimo\\\/#webpage\"},\"articleSection\":\"Actualidad\"},{\"@type\":\"BreadcrumbList\",\"@id\":\"https:\\\/\\\/www.eldigitaldeasturias.com\\\/noticias\\\/albiol-lo-que-se-celebra-hoy-en-el-parlament-de-cataluna-ni-es-legal-ni-es-legitimo\\\/#breadcrumblist\",\"itemListElement\":[{\"@type\":\"ListItem\",\"@id\":\"https:\\\/\\\/www.eldigitaldeasturias.com\\\/noticias#listItem\",\"position\":1,\"name\":\"Home\",\"item\":\"https:\\\/\\\/www.eldigitaldeasturias.com\\\/noticias\",\"nextItem\":{\"@type\":\"ListItem\",\"@id\":\"https:\\\/\\\/www.eldigitaldeasturias.com\\\/noticias\\\/category\\\/actualidad\\\/#listItem\",\"name\":\"Actualidad\"}},{\"@type\":\"ListItem\",\"@id\":\"https:\\\/\\\/www.eldigitaldeasturias.com\\\/noticias\\\/category\\\/actualidad\\\/#listItem\",\"position\":2,\"name\":\"Actualidad\",\"item\":\"https:\\\/\\\/www.eldigitaldeasturias.com\\\/noticias\\\/category\\\/actualidad\\\/\",\"nextItem\":{\"@type\":\"ListItem\",\"@id\":\"https:\\\/\\\/www.eldigitaldeasturias.com\\\/noticias\\\/albiol-lo-que-se-celebra-hoy-en-el-parlament-de-cataluna-ni-es-legal-ni-es-legitimo\\\/#listItem\",\"name\":\"Albiol: \\u00abLo que se celebra hoy en el Parlament de Catalu\\u00f1a ni es legal ni es leg\\u00edtimo\\u00bb\"},\"previousItem\":{\"@type\":\"ListItem\",\"@id\":\"https:\\\/\\\/www.eldigitaldeasturias.com\\\/noticias#listItem\",\"name\":\"Home\"}},{\"@type\":\"ListItem\",\"@id\":\"https:\\\/\\\/www.eldigitaldeasturias.com\\\/noticias\\\/albiol-lo-que-se-celebra-hoy-en-el-parlament-de-cataluna-ni-es-legal-ni-es-legitimo\\\/#listItem\",\"position\":3,\"name\":\"Albiol: \\u00abLo que se celebra hoy en el Parlament de Catalu\\u00f1a ni es legal ni es leg\\u00edtimo\\u00bb\",\"previousItem\":{\"@type\":\"ListItem\",\"@id\":\"https:\\\/\\\/www.eldigitaldeasturias.com\\\/noticias\\\/category\\\/actualidad\\\/#listItem\",\"name\":\"Actualidad\"}}]},{\"@type\":\"Organization\",\"@id\":\"https:\\\/\\\/www.eldigitaldeasturias.com\\\/noticias\\\/#organization\",\"name\":\"El Digital de Asturias\",\"description\":\"Hemeroteca\",\"url\":\"https:\\\/\\\/www.eldigitaldeasturias.com\\\/noticias\\\/\",\"email\":\"info@eldigitaldeasturias.com\",\"telephone\":\"+34652131393\",\"logo\":{\"@type\":\"ImageObject\",\"url\":\"https:\\\/\\\/www.eldigitaldeasturias.com\\\/noticias\\\/wp-content\\\/uploads\\\/2020\\\/12\\\/EDA.jpg\",\"@id\":\"https:\\\/\\\/www.eldigitaldeasturias.com\\\/noticias\\\/albiol-lo-que-se-celebra-hoy-en-el-parlament-de-cataluna-ni-es-legal-ni-es-legitimo\\\/#organizationLogo\"},\"image\":{\"@id\":\"https:\\\/\\\/www.eldigitaldeasturias.com\\\/noticias\\\/albiol-lo-que-se-celebra-hoy-en-el-parlament-de-cataluna-ni-es-legal-ni-es-legitimo\\\/#organizationLogo\"},\"sameAs\":[\"https:\\\/\\\/facebook.com\\\/eldigitaldeasturias\",\"https:\\\/\\\/www.youtube.com\\\/channel\\\/UCZP-2wLEB9Rv6erhFmqVnvg\"],\"address\":{\"@id\":\"https:\\\/\\\/www.eldigitaldeasturias.com\\\/noticias\\\/#postaladdress\",\"@type\":\"PostalAddress\",\"streetAddress\":\"san antonio 4\",\"postalCode\":\"33430\",\"addressLocality\":\"Cand\\u00e1s\",\"addressRegion\":\"Asturias\",\"addressCountry\":\"ES\"}},{\"@type\":\"Person\",\"@id\":\"https:\\\/\\\/www.eldigitaldeasturias.com\\\/noticias\\\/author\\\/admin\\\/#author\",\"url\":\"https:\\\/\\\/www.eldigitaldeasturias.com\\\/noticias\\\/author\\\/admin\\\/\",\"name\":\"El Digital de Asturias\",\"image\":{\"@type\":\"ImageObject\",\"@id\":\"https:\\\/\\\/www.eldigitaldeasturias.com\\\/noticias\\\/albiol-lo-que-se-celebra-hoy-en-el-parlament-de-cataluna-ni-es-legal-ni-es-legitimo\\\/#authorImage\",\"url\":\"https:\\\/\\\/secure.gravatar.com\\\/avatar\\\/df2aeffc32bcd13f8d26072ef8a91b623d677766deac7f97ca815868cd41bf5e?s=96&d=mm&r=g\",\"width\":96,\"height\":96,\"caption\":\"El Digital de Asturias\"}},{\"@type\":\"WebPage\",\"@id\":\"https:\\\/\\\/www.eldigitaldeasturias.com\\\/noticias\\\/albiol-lo-que-se-celebra-hoy-en-el-parlament-de-cataluna-ni-es-legal-ni-es-legitimo\\\/#webpage\",\"url\":\"https:\\\/\\\/www.eldigitaldeasturias.com\\\/noticias\\\/albiol-lo-que-se-celebra-hoy-en-el-parlament-de-cataluna-ni-es-legal-ni-es-legitimo\\\/\",\"name\":\"Albiol: \\u00abLo que se celebra hoy en el Parlament de Catalu\\u00f1a ni es legal ni es leg\\u00edtimo\\u00bb - El Digital de Asturias\",\"description\":\"Durante una entrevista en directo realizada en el programa \\u201cEspejo P\\u00fablico\\u201d de Antena 3, el Presidente del PP Catal\\u00e1n, Xavier Garc\\u00eda Albiol, ha confirmado que a primera hora de la ma\\u00f1ana del mi\\u00e9rcoles, 6 de septiembre, se ha registrado la \\u201cLey del Refer\\u00e9ndum\\u201d en el orden del d\\u00eda. Aclara que el Partido Popular viene \\u201cmonitorizado\\u201d\",\"inLanguage\":\"es-ES\",\"isPartOf\":{\"@id\":\"https:\\\/\\\/www.eldigitaldeasturias.com\\\/noticias\\\/#website\"},\"breadcrumb\":{\"@id\":\"https:\\\/\\\/www.eldigitaldeasturias.com\\\/noticias\\\/albiol-lo-que-se-celebra-hoy-en-el-parlament-de-cataluna-ni-es-legal-ni-es-legitimo\\\/#breadcrumblist\"},\"author\":{\"@id\":\"https:\\\/\\\/www.eldigitaldeasturias.com\\\/noticias\\\/author\\\/admin\\\/#author\"},\"creator\":{\"@id\":\"https:\\\/\\\/www.eldigitaldeasturias.com\\\/noticias\\\/author\\\/admin\\\/#author\"},\"image\":{\"@type\":\"ImageObject\",\"url\":951928,\"@id\":\"https:\\\/\\\/www.eldigitaldeasturias.com\\\/noticias\\\/albiol-lo-que-se-celebra-hoy-en-el-parlament-de-cataluna-ni-es-legal-ni-es-legitimo\\\/#mainImage\"},\"primaryImageOfPage\":{\"@id\":\"https:\\\/\\\/www.eldigitaldeasturias.com\\\/noticias\\\/albiol-lo-que-se-celebra-hoy-en-el-parlament-de-cataluna-ni-es-legal-ni-es-legitimo\\\/#mainImage\"},\"datePublished\":\"2017-09-06T12:58:42+02:00\",\"dateModified\":\"2017-09-06T12:58:42+02:00\"},{\"@type\":\"WebSite\",\"@id\":\"https:\\\/\\\/www.eldigitaldeasturias.com\\\/noticias\\\/#website\",\"url\":\"https:\\\/\\\/www.eldigitaldeasturias.com\\\/noticias\\\/\",\"name\":\"El Digital de Asturias - Diario de actualidad y noticias\",\"alternateName\":\"El Digital de Asturias - Diario de actualidad y noticias\",\"description\":\"Hemeroteca\",\"inLanguage\":\"es-ES\",\"publisher\":{\"@id\":\"https:\\\/\\\/www.eldigitaldeasturias.com\\\/noticias\\\/#organization\"}}]}\n\t\t<\/script>\n\t\t<!-- All in One SEO Pro -->\r\n\t\t<title>Albiol: \u00abLo que se celebra hoy en el Parlament de Catalu\u00f1a ni es legal ni es leg\u00edtimo\u00bb - El Digital de Asturias<\/title>\n\n","aioseo_head_json":{"title":"Albiol: \u00abLo que se celebra hoy en el Parlament de Catalu\u00f1a ni es legal ni es leg\u00edtimo\u00bb - El Digital de Asturias","description":"Durante una entrevista en directo realizada en el programa \u201cEspejo P\u00fablico\u201d de Antena 3, el Presidente del PP Catal\u00e1n, Xavier Garc\u00eda Albiol, ha confirmado que a primera hora de la ma\u00f1ana del mi\u00e9rcoles, 6 de septiembre, se ha registrado la \u201cLey del Refer\u00e9ndum\u201d en el orden del d\u00eda. Aclara que el Partido Popular viene \u201cmonitorizado\u201d","canonical_url":"https:\/\/www.eldigitaldeasturias.com\/noticias\/albiol-lo-que-se-celebra-hoy-en-el-parlament-de-cataluna-ni-es-legal-ni-es-legitimo\/","robots":"max-image-preview:large","keywords":"actualidad","webmasterTools":{"google-site-verification":"UA-38556648-1","msvalidate.01":"7dfe9f3f1b24437ab69f4f2559babe99","miscellaneous":""},"schema":{"@context":"https:\/\/schema.org","@graph":[{"@type":"BlogPosting","@id":"https:\/\/www.eldigitaldeasturias.com\/noticias\/albiol-lo-que-se-celebra-hoy-en-el-parlament-de-cataluna-ni-es-legal-ni-es-legitimo\/#blogposting","name":"Albiol: \u00abLo que se celebra hoy en el Parlament de Catalu\u00f1a ni es legal ni es leg\u00edtimo\u00bb - El Digital de Asturias","headline":"Albiol: \u00abLo que se celebra hoy en el Parlament de Catalu\u00f1a ni es legal ni es leg\u00edtimo\u00bb","author":{"@id":"https:\/\/www.eldigitaldeasturias.com\/noticias\/author\/admin\/#author"},"publisher":{"@id":"https:\/\/www.eldigitaldeasturias.com\/noticias\/#organization"},"image":{"@type":"ImageObject","url":951928},"datePublished":"2017-09-06T12:58:42+02:00","dateModified":"2017-09-06T12:58:42+02:00","inLanguage":"es-ES","mainEntityOfPage":{"@id":"https:\/\/www.eldigitaldeasturias.com\/noticias\/albiol-lo-que-se-celebra-hoy-en-el-parlament-de-cataluna-ni-es-legal-ni-es-legitimo\/#webpage"},"isPartOf":{"@id":"https:\/\/www.eldigitaldeasturias.com\/noticias\/albiol-lo-que-se-celebra-hoy-en-el-parlament-de-cataluna-ni-es-legal-ni-es-legitimo\/#webpage"},"articleSection":"Actualidad"},{"@type":"BreadcrumbList","@id":"https:\/\/www.eldigitaldeasturias.com\/noticias\/albiol-lo-que-se-celebra-hoy-en-el-parlament-de-cataluna-ni-es-legal-ni-es-legitimo\/#breadcrumblist","itemListElement":[{"@type":"ListItem","@id":"https:\/\/www.eldigitaldeasturias.com\/noticias#listItem","position":1,"name":"Home","item":"https:\/\/www.eldigitaldeasturias.com\/noticias","nextItem":{"@type":"ListItem","@id":"https:\/\/www.eldigitaldeasturias.com\/noticias\/category\/actualidad\/#listItem","name":"Actualidad"}},{"@type":"ListItem","@id":"https:\/\/www.eldigitaldeasturias.com\/noticias\/category\/actualidad\/#listItem","position":2,"name":"Actualidad","item":"https:\/\/www.eldigitaldeasturias.com\/noticias\/category\/actualidad\/","nextItem":{"@type":"ListItem","@id":"https:\/\/www.eldigitaldeasturias.com\/noticias\/albiol-lo-que-se-celebra-hoy-en-el-parlament-de-cataluna-ni-es-legal-ni-es-legitimo\/#listItem","name":"Albiol: \u00abLo que se celebra hoy en el Parlament de Catalu\u00f1a ni es legal ni es leg\u00edtimo\u00bb"},"previousItem":{"@type":"ListItem","@id":"https:\/\/www.eldigitaldeasturias.com\/noticias#listItem","name":"Home"}},{"@type":"ListItem","@id":"https:\/\/www.eldigitaldeasturias.com\/noticias\/albiol-lo-que-se-celebra-hoy-en-el-parlament-de-cataluna-ni-es-legal-ni-es-legitimo\/#listItem","position":3,"name":"Albiol: \u00abLo que se celebra hoy en el Parlament de Catalu\u00f1a ni es legal ni es leg\u00edtimo\u00bb","previousItem":{"@type":"ListItem","@id":"https:\/\/www.eldigitaldeasturias.com\/noticias\/category\/actualidad\/#listItem","name":"Actualidad"}}]},{"@type":"Organization","@id":"https:\/\/www.eldigitaldeasturias.com\/noticias\/#organization","name":"El Digital de Asturias","description":"Hemeroteca","url":"https:\/\/www.eldigitaldeasturias.com\/noticias\/","email":"info@eldigitaldeasturias.com","telephone":"+34652131393","logo":{"@type":"ImageObject","url":"https:\/\/www.eldigitaldeasturias.com\/noticias\/wp-content\/uploads\/2020\/12\/EDA.jpg","@id":"https:\/\/www.eldigitaldeasturias.com\/noticias\/albiol-lo-que-se-celebra-hoy-en-el-parlament-de-cataluna-ni-es-legal-ni-es-legitimo\/#organizationLogo"},"image":{"@id":"https:\/\/www.eldigitaldeasturias.com\/noticias\/albiol-lo-que-se-celebra-hoy-en-el-parlament-de-cataluna-ni-es-legal-ni-es-legitimo\/#organizationLogo"},"sameAs":["https:\/\/facebook.com\/eldigitaldeasturias","https:\/\/www.youtube.com\/channel\/UCZP-2wLEB9Rv6erhFmqVnvg"],"address":{"@id":"https:\/\/www.eldigitaldeasturias.com\/noticias\/#postaladdress","@type":"PostalAddress","streetAddress":"san antonio 4","postalCode":"33430","addressLocality":"Cand\u00e1s","addressRegion":"Asturias","addressCountry":"ES"}},{"@type":"Person","@id":"https:\/\/www.eldigitaldeasturias.com\/noticias\/author\/admin\/#author","url":"https:\/\/www.eldigitaldeasturias.com\/noticias\/author\/admin\/","name":"El Digital de Asturias","image":{"@type":"ImageObject","@id":"https:\/\/www.eldigitaldeasturias.com\/noticias\/albiol-lo-que-se-celebra-hoy-en-el-parlament-de-cataluna-ni-es-legal-ni-es-legitimo\/#authorImage","url":"https:\/\/secure.gravatar.com\/avatar\/df2aeffc32bcd13f8d26072ef8a91b623d677766deac7f97ca815868cd41bf5e?s=96&d=mm&r=g","width":96,"height":96,"caption":"El Digital de Asturias"}},{"@type":"WebPage","@id":"https:\/\/www.eldigitaldeasturias.com\/noticias\/albiol-lo-que-se-celebra-hoy-en-el-parlament-de-cataluna-ni-es-legal-ni-es-legitimo\/#webpage","url":"https:\/\/www.eldigitaldeasturias.com\/noticias\/albiol-lo-que-se-celebra-hoy-en-el-parlament-de-cataluna-ni-es-legal-ni-es-legitimo\/","name":"Albiol: \u00abLo que se celebra hoy en el Parlament de Catalu\u00f1a ni es legal ni es leg\u00edtimo\u00bb - El Digital de Asturias","description":"Durante una entrevista en directo realizada en el programa \u201cEspejo P\u00fablico\u201d de Antena 3, el Presidente del PP Catal\u00e1n, Xavier Garc\u00eda Albiol, ha confirmado que a primera hora de la ma\u00f1ana del mi\u00e9rcoles, 6 de septiembre, se ha registrado la \u201cLey del Refer\u00e9ndum\u201d en el orden del d\u00eda. Aclara que el Partido Popular viene \u201cmonitorizado\u201d","inLanguage":"es-ES","isPartOf":{"@id":"https:\/\/www.eldigitaldeasturias.com\/noticias\/#website"},"breadcrumb":{"@id":"https:\/\/www.eldigitaldeasturias.com\/noticias\/albiol-lo-que-se-celebra-hoy-en-el-parlament-de-cataluna-ni-es-legal-ni-es-legitimo\/#breadcrumblist"},"author":{"@id":"https:\/\/www.eldigitaldeasturias.com\/noticias\/author\/admin\/#author"},"creator":{"@id":"https:\/\/www.eldigitaldeasturias.com\/noticias\/author\/admin\/#author"},"image":{"@type":"ImageObject","url":951928,"@id":"https:\/\/www.eldigitaldeasturias.com\/noticias\/albiol-lo-que-se-celebra-hoy-en-el-parlament-de-cataluna-ni-es-legal-ni-es-legitimo\/#mainImage"},"primaryImageOfPage":{"@id":"https:\/\/www.eldigitaldeasturias.com\/noticias\/albiol-lo-que-se-celebra-hoy-en-el-parlament-de-cataluna-ni-es-legal-ni-es-legitimo\/#mainImage"},"datePublished":"2017-09-06T12:58:42+02:00","dateModified":"2017-09-06T12:58:42+02:00"},{"@type":"WebSite","@id":"https:\/\/www.eldigitaldeasturias.com\/noticias\/#website","url":"https:\/\/www.eldigitaldeasturias.com\/noticias\/","name":"El Digital de Asturias - Diario de actualidad y noticias","alternateName":"El Digital de Asturias - Diario de actualidad y noticias","description":"Hemeroteca","inLanguage":"es-ES","publisher":{"@id":"https:\/\/www.eldigitaldeasturias.com\/noticias\/#organization"}}]},"og:locale":"es_ES","og:site_name":"El Digital de Asturias","og:type":"article","og:title":"Albiol: \u00abLo que se celebra hoy en el Parlament de Catalu\u00f1a ni es legal ni es leg\u00edtimo\u00bb - El Digital de Asturias","og:description":"Durante una entrevista en directo realizada en el programa \u201cEspejo P\u00fablico\u201d de Antena 3, el Presidente del PP Catal\u00e1n, Xavier Garc\u00eda Albiol, ha confirmado que a primera hora de la ma\u00f1ana del mi\u00e9rcoles, 6 de septiembre, se ha registrado la \u201cLey del Refer\u00e9ndum\u201d en el orden del d\u00eda. Aclara que el Partido Popular viene \u201cmonitorizado\u201d","og:url":"https:\/\/www.eldigitaldeasturias.com\/noticias\/albiol-lo-que-se-celebra-hoy-en-el-parlament-de-cataluna-ni-es-legal-ni-es-legitimo\/","article:tag":["actualidad"],"article:published_time":"2017-09-06T12:58:42+00:00","article:modified_time":"2017-09-06T12:58:42+00:00","article:publisher":"https:\/\/facebook.com\/eldigitaldeasturias","twitter:card":"summary_large_image","twitter:title":"Albiol: \u00abLo que se celebra hoy en el Parlament de Catalu\u00f1a ni es legal ni es leg\u00edtimo\u00bb - El Digital de Asturias","twitter:description":"Durante una entrevista en directo realizada en el programa \u201cEspejo P\u00fablico\u201d de Antena 3, el Presidente del PP Catal\u00e1n, Xavier Garc\u00eda Albiol, ha confirmado que a primera hora de la ma\u00f1ana del mi\u00e9rcoles, 6 de septiembre, se ha registrado la \u201cLey del Refer\u00e9ndum\u201d en el orden del d\u00eda. Aclara que el Partido Popular viene \u201cmonitorizado\u201d","twitter:image":"https:\/\/www.eldigitaldeasturias.com\/noticias\/wp-content\/uploads\/2020\/12\/EDA-1.jpg","twitter:label1":"Escrito por","twitter:data1":"El Digital de Asturias","twitter:label2":"Tiempo de lectura estimado","twitter:data2":"1 minuto"},"aioseo_meta_data":{"post_id":"951927","title":null,"description":null,"keywords":null,"keyphrases":null,"primary_term":null,"canonical_url":null,"og_title":null,"og_description":null,"og_object_type":"default","og_image_type":"default","og_image_url":null,"og_image_width":null,"og_image_height":null,"og_image_custom_url":null,"og_image_custom_fields":null,"og_video":null,"og_custom_url":null,"og_article_section":null,"og_article_tags":null,"twitter_use_og":false,"twitter_card":"default","twitter_image_type":"default","twitter_image_url":null,"twitter_image_custom_url":null,"twitter_image_custom_fields":null,"twitter_title":null,"twitter_description":null,"schema":{"blockGraphs":[],"customGraphs":[],"default":{"data":{"Article":[],"Course":[],"Dataset":[],"FAQPage":[],"Movie":[],"Person":[],"Product":[],"ProductReview":[],"Car":[],"Recipe":[],"Service":[],"SoftwareApplication":[],"WebPage":[]},"graphName":"","isEnabled":true},"graphs":[],"defaultGraph":"","defaultPostTypeGraph":""},"schema_type":null,"schema_type_options":null,"pillar_content":false,"robots_default":true,"robots_noindex":false,"robots_noarchive":false,"robots_nosnippet":false,"robots_nofollow":false,"robots_noimageindex":false,"robots_noodp":false,"robots_notranslate":false,"robots_max_snippet":null,"robots_max_videopreview":null,"robots_max_imagepreview":"large","priority":null,"frequency":null,"local_seo":null,"seo_analyzer_scan_date":"2025-12-05 20:58:07","breadcrumb_settings":null,"limit_modified_date":false,"open_ai":null,"ai":null,"created":"2020-12-21 12:58:02","updated":"2025-12-05 20:58:07","focus_keyword":null,"additional_keywords":null,"truseo_locale":null},"aioseo_breadcrumb":"<div class=\"aioseo-breadcrumbs\"><span class=\"aioseo-breadcrumb\">\n\t<a href=\"https:\/\/www.eldigitaldeasturias.com\/noticias\" title=\"Home\">Home<\/a>\n<\/span><span class=\"aioseo-breadcrumb-separator\">\u2013<\/span><span class=\"aioseo-breadcrumb\">\n\t<a href=\"https:\/\/www.eldigitaldeasturias.com\/noticias\/category\/actualidad\/\" title=\"Actualidad\">Actualidad<\/a>\n<\/span><span class=\"aioseo-breadcrumb-separator\">\u2013<\/span><span class=\"aioseo-breadcrumb\">\n\t<a href=\"https:\/\/www.eldigitaldeasturias.com\/noticias\/albiol-lo-que-se-celebra-hoy-en-el-parlament-de-cataluna-ni-es-legal-ni-es-legitimo\/\" title=\"Albiol: \u00abLo que se celebra hoy en el Parlament de Catalu\u00f1a ni es legal ni es leg\u00edtimo\u00bb\">Albiol: \u00abLo que se celebra hoy en el Parlament de Catalu\u00f1a ni es legal ni es leg\u00edtimo\u00bb<\/a>\n<\/span><\/div>","aioseo_breadcrumb_json":[{"label":"Home","link":"https:\/\/www.eldigitaldeasturias.com\/noticias"},{"label":"Actualidad","link":"https:\/\/www.eldigitaldeasturias.com\/noticias\/category\/actualidad\/"},{"label":"Albiol: \u00abLo que se celebra hoy en el Parlament de Catalu\u00f1a ni es legal ni es leg\u00edtimo\u00bb","link":"https:\/\/www.eldigitaldeasturias.com\/noticias\/albiol-lo-que-se-celebra-hoy-en-el-parlament-de-cataluna-ni-es-legal-ni-es-legitimo\/"}],"_links":{"self":[{"href":"https:\/\/www.eldigitaldeasturias.com\/noticias\/wp-json\/wp\/v2\/posts\/951927","targetHints":{"allow":["GET"]}}],"collection":[{"href":"https:\/\/www.eldigitaldeasturias.com\/noticias\/wp-json\/wp\/v2\/posts"}],"about":[{"href":"https:\/\/www.eldigitaldeasturias.com\/noticias\/wp-json\/wp\/v2\/types\/post"}],"author":[{"embeddable":true,"href":"https:\/\/www.eldigitaldeasturias.com\/noticias\/wp-json\/wp\/v2\/users\/1"}],"replies":[{"embeddable":true,"href":"https:\/\/www.eldigitaldeasturias.com\/noticias\/wp-json\/wp\/v2\/comments?post=951927"}],"version-history":[{"count":0,"href":"https:\/\/www.eldigitaldeasturias.com\/noticias\/wp-json\/wp\/v2\/posts\/951927\/revisions"}],"wp:attachment":[{"href":"https:\/\/www.eldigitaldeasturias.com\/noticias\/wp-json\/wp\/v2\/media?parent=951927"}],"wp:term":[{"taxonomy":"category","embeddable":true,"href":"https:\/\/www.eldigitaldeasturias.com\/noticias\/wp-json\/wp\/v2\/categories?post=951927"},{"taxonomy":"post_tag","embeddable":true,"href":"https:\/\/www.eldigitaldeasturias.com\/noticias\/wp-json\/wp\/v2\/tags?post=951927"}],"curies":[{"name":"wp","href":"https:\/\/api.w.org\/{rel}","templated":true}]}}