{"id":951900,"date":"2017-09-06T12:36:10","date_gmt":"2017-09-06T12:36:10","guid":{"rendered":"http:\/\/www.eldigitaldeasturias.com\/noticias\/?p=951900"},"modified":"2017-09-06T12:36:10","modified_gmt":"2017-09-06T12:36:10","slug":"mario-garces-preside-la-reunion-de-la-comision-para-el-analisis-de-la-situacion-de-la-dependencia","status":"publish","type":"post","link":"https:\/\/www.eldigitaldeasturias.com\/noticias\/mario-garces-preside-la-reunion-de-la-comision-para-el-analisis-de-la-situacion-de-la-dependencia\/","title":{"rendered":"Mario Garc\u00e9s preside la reuni\u00f3n de la Comisi\u00f3n para el An\u00e1lisis de la situaci\u00f3n de la Dependencia"},"content":{"rendered":"<p><img loading=\"lazy\" decoding=\"async\" class=\"alignleft size-medium wp-image-951901\" src=\"https:\/\/www.eldigitaldeasturias.com\/noticias\/wp-content\/uploads\/2017\/09\/18112016_MarioGarces-360x239.jpg\" alt=\"\" width=\"360\" height=\"239\" \/>El secretario de Estado de Servicios Sociales e Igualdad, Mario Garc\u00e9s, ha presidido la \u00faltima reuni\u00f3n de la Comisi\u00f3n para el An\u00e1lisis de la situaci\u00f3n de la Dependencia, en la que se ha puesto en com\u00fan el resultado de los trabajos realizados para un diagn\u00f3stico de la Dependencia y su modelo de financiaci\u00f3n.<\/p>\n<p>\u200bDicha Comisi\u00f3n fue creada por el Consejo de Ministros del pasado 10 de febrero tras los acuerdos alcanzados en la Conferencia de Presidentes del 17 de enero y est\u00e1 integrada por representantes de la Administraci\u00f3n del Estado y de las Comunidades Aut\u00f3nomas de Catalu\u00f1a, Galicia, Andaluc\u00eda, Asturias, Arag\u00f3n, Canarias y Castilla-Le\u00f3n.<\/p>\n<p>Tras nueve reuniones, la primera de ellas el pasado 7 de marzo y la \u00faltima el 10 de julio, el grupo de trabajo ha elaborado un informe consensuado en el que se analiza la situaci\u00f3n actual del Sistema de Dependencia y sus mecanismos de financiaci\u00f3n.<\/p>\n<p><strong>Conclusiones del informe<\/strong><\/p>\n<p>El Informe presenta la situaci\u00f3n actual del Sistema de Dependencia, donde se indica que a 30 de junio de 2017 hay 1.217.355 beneficiarios con derecho; 898.243 con prestaci\u00f3n efectiva; 319.092 en lista de espera. El coste del sistema a 31 de diciembre de 2016 era de 7.986 millones de euros.<\/p>\n<p>Tambi\u00e9n se contempla proceder a la reconsideraci\u00f3n del sistema de financiaci\u00f3n actual o en su caso a la adopci\u00f3n de un nuevo sistema de financiaci\u00f3n que adem\u00e1s garantice la incorporaci\u00f3n de las personas pendientes de ser atendidas, m\u00e1xime cuando se ha considerado necesario por la Comisi\u00f3n una revisi\u00f3n en profundidad de la Ley 39\/2006, en base a la experiencia acumulada y con el fin de adaptarla a las demandas de la ciudadan\u00eda y garantizar la sostenibilidad del sistema.<\/p>\n<p>Por ello, a\u00f1ade, en los pr\u00f3ximos a\u00f1os se debe avanzar en adecuar los recursos destinados a Dependencia a las necesidades generadas en este \u00e1mbito, en particular, en un contexto de envejecimiento de la poblaci\u00f3n y previsible crecimiento del n\u00famero de personas en situaci\u00f3n de dependencia.<\/p>\n<p>Respecto al voto particular emitido por la Generalitat de Catalu\u00f1a junto a los Gobiernos de Arag\u00f3n, Andaluc\u00eda y Asturias, el secretario de Estado de Servicios Sociales e Igualdad, Mario Garc\u00e9s, ha se\u00f1alado al t\u00e9rmino de la reuni\u00f3n que el mismo se incorporar\u00e1 al informe definitivo que se debatir\u00e1 en el Consejo Territorial extraordinario que se convocar\u00e1 pr\u00f3ximamente.<\/p>\n<p>&nbsp;<\/p>\n<p>&nbsp;<\/p>\n","protected":false},"excerpt":{"rendered":"<p>El secretario de Estado de Servicios Sociales e Igualdad, Mario Garc\u00e9s, ha presidido la \u00faltima reuni\u00f3n de la Comisi\u00f3n para el An\u00e1lisis de la situaci\u00f3n de la Dependencia, en la que se ha puesto en com\u00fan el resultado de los trabajos realizados para un diagn\u00f3stico de la Dependencia y su modelo de financiaci\u00f3n. \u200bDicha Comisi\u00f3n [&hellip;]<\/p>\n","protected":false},"author":1,"featured_media":951901,"comment_status":"closed","ping_status":"closed","sticky":false,"template":"","format":"standard","meta":{"footnotes":""},"categories":[1],"tags":[],"class_list":["post-951900","post","type-post","status-publish","format-standard","has-post-thumbnail","hentry","category-actualidad"],"aioseo_notices":[],"aioseo_head":"\n\t\t<!-- All in One SEO Pro 5.0.1 - aioseo.com -->\n\t<meta name=\"description\" content=\"El secretario de Estado de Servicios Sociales e Igualdad, Mario Garc\u00e9s, ha presidido la \u00faltima reuni\u00f3n de la Comisi\u00f3n para el An\u00e1lisis de la situaci\u00f3n de la Dependencia, en la que se ha puesto en com\u00fan el resultado de los trabajos realizados para un diagn\u00f3stico de la Dependencia y su modelo de financiaci\u00f3n. \u200bDicha Comisi\u00f3n\" \/>\n\t<meta name=\"robots\" content=\"max-image-preview:large\" \/>\n\t<meta name=\"author\" content=\"El Digital de Asturias\"\/>\n\t<meta name=\"google-site-verification\" content=\"UA-38556648-1\" \/>\n\t<meta name=\"msvalidate.01\" content=\"7dfe9f3f1b24437ab69f4f2559babe99\" \/>\n\t<meta name=\"keywords\" content=\"actualidad\" \/>\n\t<link rel=\"canonical\" href=\"https:\/\/www.eldigitaldeasturias.com\/noticias\/mario-garces-preside-la-reunion-de-la-comision-para-el-analisis-de-la-situacion-de-la-dependencia\/\" \/>\n\t<meta name=\"generator\" content=\"All in One SEO Pro (AIOSEO) 5.0.1\" \/>\n\t\t<meta property=\"og:locale\" content=\"es_ES\" \/>\n\t\t<meta property=\"og:site_name\" content=\"El Digital de Asturias\" \/>\n\t\t<meta property=\"og:type\" content=\"article\" \/>\n\t\t<meta property=\"og:title\" content=\"Mario Garc\u00e9s preside la reuni\u00f3n de la Comisi\u00f3n para el An\u00e1lisis de la situaci\u00f3n de la Dependencia - El Digital de Asturias\" \/>\n\t\t<meta property=\"og:description\" content=\"El secretario de Estado de Servicios Sociales e Igualdad, Mario Garc\u00e9s, ha presidido la \u00faltima reuni\u00f3n de la Comisi\u00f3n para el An\u00e1lisis de la situaci\u00f3n de la Dependencia, en la que se ha puesto en com\u00fan el resultado de los trabajos realizados para un diagn\u00f3stico de la Dependencia y su modelo de financiaci\u00f3n. \u200bDicha Comisi\u00f3n\" \/>\n\t\t<meta property=\"og:url\" content=\"https:\/\/www.eldigitaldeasturias.com\/noticias\/mario-garces-preside-la-reunion-de-la-comision-para-el-analisis-de-la-situacion-de-la-dependencia\/\" \/>\n\t\t<meta property=\"article:tag\" content=\"actualidad\" \/>\n\t\t<meta property=\"article:published_time\" content=\"2017-09-06T12:36:10+00:00\" \/>\n\t\t<meta property=\"article:modified_time\" content=\"2017-09-06T12:36:10+00:00\" \/>\n\t\t<meta property=\"article:publisher\" content=\"https:\/\/facebook.com\/eldigitaldeasturias\" \/>\n\t\t<meta name=\"twitter:card\" content=\"summary_large_image\" \/>\n\t\t<meta name=\"twitter:title\" content=\"Mario Garc\u00e9s preside la reuni\u00f3n de la Comisi\u00f3n para el An\u00e1lisis de la situaci\u00f3n de la Dependencia - El Digital de Asturias\" \/>\n\t\t<meta name=\"twitter:description\" content=\"El secretario de Estado de Servicios Sociales e Igualdad, Mario Garc\u00e9s, ha presidido la \u00faltima reuni\u00f3n de la Comisi\u00f3n para el An\u00e1lisis de la situaci\u00f3n de la Dependencia, en la que se ha puesto en com\u00fan el resultado de los trabajos realizados para un diagn\u00f3stico de la Dependencia y su modelo de financiaci\u00f3n. \u200bDicha Comisi\u00f3n\" \/>\n\t\t<meta name=\"twitter:image\" content=\"https:\/\/www.eldigitaldeasturias.com\/noticias\/wp-content\/uploads\/2020\/12\/EDA-1.jpg\" \/>\n\t\t<meta name=\"twitter:label1\" content=\"Escrito por\" \/>\n\t\t<meta name=\"twitter:data1\" content=\"El Digital de Asturias\" \/>\n\t\t<meta name=\"twitter:label2\" content=\"Tiempo de lectura estimado\" \/>\n\t\t<meta name=\"twitter:data2\" content=\"2 minutos\" \/>\n\t\t<script type=\"application\/ld+json\" class=\"aioseo-schema\">\n\t\t\t{\"@context\":\"https:\\\/\\\/schema.org\",\"@graph\":[{\"@type\":\"BlogPosting\",\"@id\":\"https:\\\/\\\/www.eldigitaldeasturias.com\\\/noticias\\\/mario-garces-preside-la-reunion-de-la-comision-para-el-analisis-de-la-situacion-de-la-dependencia\\\/#blogposting\",\"name\":\"Mario Garc\\u00e9s preside la reuni\\u00f3n de la Comisi\\u00f3n para el An\\u00e1lisis de la situaci\\u00f3n de la Dependencia - El Digital de Asturias\",\"headline\":\"Mario Garc\\u00e9s preside la reuni\\u00f3n de la Comisi\\u00f3n para el An\\u00e1lisis de la situaci\\u00f3n de la Dependencia\",\"author\":{\"@id\":\"https:\\\/\\\/www.eldigitaldeasturias.com\\\/noticias\\\/author\\\/admin\\\/#author\"},\"publisher\":{\"@id\":\"https:\\\/\\\/www.eldigitaldeasturias.com\\\/noticias\\\/#organization\"},\"image\":{\"@type\":\"ImageObject\",\"url\":951901},\"datePublished\":\"2017-09-06T12:36:10+02:00\",\"dateModified\":\"2017-09-06T12:36:10+02:00\",\"inLanguage\":\"es-ES\",\"mainEntityOfPage\":{\"@id\":\"https:\\\/\\\/www.eldigitaldeasturias.com\\\/noticias\\\/mario-garces-preside-la-reunion-de-la-comision-para-el-analisis-de-la-situacion-de-la-dependencia\\\/#webpage\"},\"isPartOf\":{\"@id\":\"https:\\\/\\\/www.eldigitaldeasturias.com\\\/noticias\\\/mario-garces-preside-la-reunion-de-la-comision-para-el-analisis-de-la-situacion-de-la-dependencia\\\/#webpage\"},\"articleSection\":\"Actualidad\"},{\"@type\":\"BreadcrumbList\",\"@id\":\"https:\\\/\\\/www.eldigitaldeasturias.com\\\/noticias\\\/mario-garces-preside-la-reunion-de-la-comision-para-el-analisis-de-la-situacion-de-la-dependencia\\\/#breadcrumblist\",\"itemListElement\":[{\"@type\":\"ListItem\",\"@id\":\"https:\\\/\\\/www.eldigitaldeasturias.com\\\/noticias#listItem\",\"position\":1,\"name\":\"Home\",\"item\":\"https:\\\/\\\/www.eldigitaldeasturias.com\\\/noticias\",\"nextItem\":{\"@type\":\"ListItem\",\"@id\":\"https:\\\/\\\/www.eldigitaldeasturias.com\\\/noticias\\\/category\\\/actualidad\\\/#listItem\",\"name\":\"Actualidad\"}},{\"@type\":\"ListItem\",\"@id\":\"https:\\\/\\\/www.eldigitaldeasturias.com\\\/noticias\\\/category\\\/actualidad\\\/#listItem\",\"position\":2,\"name\":\"Actualidad\",\"item\":\"https:\\\/\\\/www.eldigitaldeasturias.com\\\/noticias\\\/category\\\/actualidad\\\/\",\"nextItem\":{\"@type\":\"ListItem\",\"@id\":\"https:\\\/\\\/www.eldigitaldeasturias.com\\\/noticias\\\/mario-garces-preside-la-reunion-de-la-comision-para-el-analisis-de-la-situacion-de-la-dependencia\\\/#listItem\",\"name\":\"Mario Garc\\u00e9s preside la reuni\\u00f3n de la Comisi\\u00f3n para el An\\u00e1lisis de la situaci\\u00f3n de la Dependencia\"},\"previousItem\":{\"@type\":\"ListItem\",\"@id\":\"https:\\\/\\\/www.eldigitaldeasturias.com\\\/noticias#listItem\",\"name\":\"Home\"}},{\"@type\":\"ListItem\",\"@id\":\"https:\\\/\\\/www.eldigitaldeasturias.com\\\/noticias\\\/mario-garces-preside-la-reunion-de-la-comision-para-el-analisis-de-la-situacion-de-la-dependencia\\\/#listItem\",\"position\":3,\"name\":\"Mario Garc\\u00e9s preside la reuni\\u00f3n de la Comisi\\u00f3n para el An\\u00e1lisis de la situaci\\u00f3n de la Dependencia\",\"previousItem\":{\"@type\":\"ListItem\",\"@id\":\"https:\\\/\\\/www.eldigitaldeasturias.com\\\/noticias\\\/category\\\/actualidad\\\/#listItem\",\"name\":\"Actualidad\"}}]},{\"@type\":\"Organization\",\"@id\":\"https:\\\/\\\/www.eldigitaldeasturias.com\\\/noticias\\\/#organization\",\"name\":\"El Digital de Asturias\",\"description\":\"Hemeroteca\",\"url\":\"https:\\\/\\\/www.eldigitaldeasturias.com\\\/noticias\\\/\",\"email\":\"info@eldigitaldeasturias.com\",\"telephone\":\"+34652131393\",\"logo\":{\"@type\":\"ImageObject\",\"url\":\"https:\\\/\\\/www.eldigitaldeasturias.com\\\/noticias\\\/wp-content\\\/uploads\\\/2020\\\/12\\\/EDA.jpg\",\"@id\":\"https:\\\/\\\/www.eldigitaldeasturias.com\\\/noticias\\\/mario-garces-preside-la-reunion-de-la-comision-para-el-analisis-de-la-situacion-de-la-dependencia\\\/#organizationLogo\"},\"image\":{\"@id\":\"https:\\\/\\\/www.eldigitaldeasturias.com\\\/noticias\\\/mario-garces-preside-la-reunion-de-la-comision-para-el-analisis-de-la-situacion-de-la-dependencia\\\/#organizationLogo\"},\"sameAs\":[\"https:\\\/\\\/facebook.com\\\/eldigitaldeasturias\",\"https:\\\/\\\/www.youtube.com\\\/channel\\\/UCZP-2wLEB9Rv6erhFmqVnvg\"],\"address\":{\"@id\":\"https:\\\/\\\/www.eldigitaldeasturias.com\\\/noticias\\\/#postaladdress\",\"@type\":\"PostalAddress\",\"streetAddress\":\"san antonio 4\",\"postalCode\":\"33430\",\"addressLocality\":\"Cand\\u00e1s\",\"addressRegion\":\"Asturias\",\"addressCountry\":\"ES\"}},{\"@type\":\"Person\",\"@id\":\"https:\\\/\\\/www.eldigitaldeasturias.com\\\/noticias\\\/author\\\/admin\\\/#author\",\"url\":\"https:\\\/\\\/www.eldigitaldeasturias.com\\\/noticias\\\/author\\\/admin\\\/\",\"name\":\"El Digital de Asturias\",\"image\":{\"@type\":\"ImageObject\",\"@id\":\"https:\\\/\\\/www.eldigitaldeasturias.com\\\/noticias\\\/mario-garces-preside-la-reunion-de-la-comision-para-el-analisis-de-la-situacion-de-la-dependencia\\\/#authorImage\",\"url\":\"https:\\\/\\\/secure.gravatar.com\\\/avatar\\\/df2aeffc32bcd13f8d26072ef8a91b623d677766deac7f97ca815868cd41bf5e?s=96&d=mm&r=g\",\"width\":96,\"height\":96,\"caption\":\"El Digital de Asturias\"}},{\"@type\":\"WebPage\",\"@id\":\"https:\\\/\\\/www.eldigitaldeasturias.com\\\/noticias\\\/mario-garces-preside-la-reunion-de-la-comision-para-el-analisis-de-la-situacion-de-la-dependencia\\\/#webpage\",\"url\":\"https:\\\/\\\/www.eldigitaldeasturias.com\\\/noticias\\\/mario-garces-preside-la-reunion-de-la-comision-para-el-analisis-de-la-situacion-de-la-dependencia\\\/\",\"name\":\"Mario Garc\\u00e9s preside la reuni\\u00f3n de la Comisi\\u00f3n para el An\\u00e1lisis de la situaci\\u00f3n de la Dependencia - El Digital de Asturias\",\"description\":\"El secretario de Estado de Servicios Sociales e Igualdad, Mario Garc\\u00e9s, ha presidido la \\u00faltima reuni\\u00f3n de la Comisi\\u00f3n para el An\\u00e1lisis de la situaci\\u00f3n de la Dependencia, en la que se ha puesto en com\\u00fan el resultado de los trabajos realizados para un diagn\\u00f3stico de la Dependencia y su modelo de financiaci\\u00f3n. \\u200bDicha Comisi\\u00f3n\",\"inLanguage\":\"es-ES\",\"isPartOf\":{\"@id\":\"https:\\\/\\\/www.eldigitaldeasturias.com\\\/noticias\\\/#website\"},\"breadcrumb\":{\"@id\":\"https:\\\/\\\/www.eldigitaldeasturias.com\\\/noticias\\\/mario-garces-preside-la-reunion-de-la-comision-para-el-analisis-de-la-situacion-de-la-dependencia\\\/#breadcrumblist\"},\"author\":{\"@id\":\"https:\\\/\\\/www.eldigitaldeasturias.com\\\/noticias\\\/author\\\/admin\\\/#author\"},\"creator\":{\"@id\":\"https:\\\/\\\/www.eldigitaldeasturias.com\\\/noticias\\\/author\\\/admin\\\/#author\"},\"image\":{\"@type\":\"ImageObject\",\"url\":951901,\"@id\":\"https:\\\/\\\/www.eldigitaldeasturias.com\\\/noticias\\\/mario-garces-preside-la-reunion-de-la-comision-para-el-analisis-de-la-situacion-de-la-dependencia\\\/#mainImage\"},\"primaryImageOfPage\":{\"@id\":\"https:\\\/\\\/www.eldigitaldeasturias.com\\\/noticias\\\/mario-garces-preside-la-reunion-de-la-comision-para-el-analisis-de-la-situacion-de-la-dependencia\\\/#mainImage\"},\"datePublished\":\"2017-09-06T12:36:10+02:00\",\"dateModified\":\"2017-09-06T12:36:10+02:00\"},{\"@type\":\"WebSite\",\"@id\":\"https:\\\/\\\/www.eldigitaldeasturias.com\\\/noticias\\\/#website\",\"url\":\"https:\\\/\\\/www.eldigitaldeasturias.com\\\/noticias\\\/\",\"name\":\"El Digital de Asturias - Diario de actualidad y noticias\",\"alternateName\":\"El Digital de Asturias - Diario de actualidad y noticias\",\"description\":\"Hemeroteca\",\"inLanguage\":\"es-ES\",\"publisher\":{\"@id\":\"https:\\\/\\\/www.eldigitaldeasturias.com\\\/noticias\\\/#organization\"}}]}\n\t\t<\/script>\n\t\t<!-- All in One SEO Pro -->\r\n\t\t<title>Mario Garc\u00e9s preside la reuni\u00f3n de la Comisi\u00f3n para el An\u00e1lisis de la situaci\u00f3n de la Dependencia - El Digital de Asturias<\/title>\n\n","aioseo_head_json":{"title":"Mario Garc\u00e9s preside la reuni\u00f3n de la Comisi\u00f3n para el An\u00e1lisis de la situaci\u00f3n de la Dependencia - El Digital de Asturias","description":"El secretario de Estado de Servicios Sociales e Igualdad, Mario Garc\u00e9s, ha presidido la \u00faltima reuni\u00f3n de la Comisi\u00f3n para el An\u00e1lisis de la situaci\u00f3n de la Dependencia, en la que se ha puesto en com\u00fan el resultado de los trabajos realizados para un diagn\u00f3stico de la Dependencia y su modelo de financiaci\u00f3n. \u200bDicha Comisi\u00f3n","canonical_url":"https:\/\/www.eldigitaldeasturias.com\/noticias\/mario-garces-preside-la-reunion-de-la-comision-para-el-analisis-de-la-situacion-de-la-dependencia\/","robots":"max-image-preview:large","keywords":"actualidad","webmasterTools":{"google-site-verification":"UA-38556648-1","msvalidate.01":"7dfe9f3f1b24437ab69f4f2559babe99","miscellaneous":""},"schema":{"@context":"https:\/\/schema.org","@graph":[{"@type":"BlogPosting","@id":"https:\/\/www.eldigitaldeasturias.com\/noticias\/mario-garces-preside-la-reunion-de-la-comision-para-el-analisis-de-la-situacion-de-la-dependencia\/#blogposting","name":"Mario Garc\u00e9s preside la reuni\u00f3n de la Comisi\u00f3n para el An\u00e1lisis de la situaci\u00f3n de la Dependencia - El Digital de Asturias","headline":"Mario Garc\u00e9s preside la reuni\u00f3n de la Comisi\u00f3n para el An\u00e1lisis de la situaci\u00f3n de la Dependencia","author":{"@id":"https:\/\/www.eldigitaldeasturias.com\/noticias\/author\/admin\/#author"},"publisher":{"@id":"https:\/\/www.eldigitaldeasturias.com\/noticias\/#organization"},"image":{"@type":"ImageObject","url":951901},"datePublished":"2017-09-06T12:36:10+02:00","dateModified":"2017-09-06T12:36:10+02:00","inLanguage":"es-ES","mainEntityOfPage":{"@id":"https:\/\/www.eldigitaldeasturias.com\/noticias\/mario-garces-preside-la-reunion-de-la-comision-para-el-analisis-de-la-situacion-de-la-dependencia\/#webpage"},"isPartOf":{"@id":"https:\/\/www.eldigitaldeasturias.com\/noticias\/mario-garces-preside-la-reunion-de-la-comision-para-el-analisis-de-la-situacion-de-la-dependencia\/#webpage"},"articleSection":"Actualidad"},{"@type":"BreadcrumbList","@id":"https:\/\/www.eldigitaldeasturias.com\/noticias\/mario-garces-preside-la-reunion-de-la-comision-para-el-analisis-de-la-situacion-de-la-dependencia\/#breadcrumblist","itemListElement":[{"@type":"ListItem","@id":"https:\/\/www.eldigitaldeasturias.com\/noticias#listItem","position":1,"name":"Home","item":"https:\/\/www.eldigitaldeasturias.com\/noticias","nextItem":{"@type":"ListItem","@id":"https:\/\/www.eldigitaldeasturias.com\/noticias\/category\/actualidad\/#listItem","name":"Actualidad"}},{"@type":"ListItem","@id":"https:\/\/www.eldigitaldeasturias.com\/noticias\/category\/actualidad\/#listItem","position":2,"name":"Actualidad","item":"https:\/\/www.eldigitaldeasturias.com\/noticias\/category\/actualidad\/","nextItem":{"@type":"ListItem","@id":"https:\/\/www.eldigitaldeasturias.com\/noticias\/mario-garces-preside-la-reunion-de-la-comision-para-el-analisis-de-la-situacion-de-la-dependencia\/#listItem","name":"Mario Garc\u00e9s preside la reuni\u00f3n de la Comisi\u00f3n para el An\u00e1lisis de la situaci\u00f3n de la Dependencia"},"previousItem":{"@type":"ListItem","@id":"https:\/\/www.eldigitaldeasturias.com\/noticias#listItem","name":"Home"}},{"@type":"ListItem","@id":"https:\/\/www.eldigitaldeasturias.com\/noticias\/mario-garces-preside-la-reunion-de-la-comision-para-el-analisis-de-la-situacion-de-la-dependencia\/#listItem","position":3,"name":"Mario Garc\u00e9s preside la reuni\u00f3n de la Comisi\u00f3n para el An\u00e1lisis de la situaci\u00f3n de la Dependencia","previousItem":{"@type":"ListItem","@id":"https:\/\/www.eldigitaldeasturias.com\/noticias\/category\/actualidad\/#listItem","name":"Actualidad"}}]},{"@type":"Organization","@id":"https:\/\/www.eldigitaldeasturias.com\/noticias\/#organization","name":"El Digital de Asturias","description":"Hemeroteca","url":"https:\/\/www.eldigitaldeasturias.com\/noticias\/","email":"info@eldigitaldeasturias.com","telephone":"+34652131393","logo":{"@type":"ImageObject","url":"https:\/\/www.eldigitaldeasturias.com\/noticias\/wp-content\/uploads\/2020\/12\/EDA.jpg","@id":"https:\/\/www.eldigitaldeasturias.com\/noticias\/mario-garces-preside-la-reunion-de-la-comision-para-el-analisis-de-la-situacion-de-la-dependencia\/#organizationLogo"},"image":{"@id":"https:\/\/www.eldigitaldeasturias.com\/noticias\/mario-garces-preside-la-reunion-de-la-comision-para-el-analisis-de-la-situacion-de-la-dependencia\/#organizationLogo"},"sameAs":["https:\/\/facebook.com\/eldigitaldeasturias","https:\/\/www.youtube.com\/channel\/UCZP-2wLEB9Rv6erhFmqVnvg"],"address":{"@id":"https:\/\/www.eldigitaldeasturias.com\/noticias\/#postaladdress","@type":"PostalAddress","streetAddress":"san antonio 4","postalCode":"33430","addressLocality":"Cand\u00e1s","addressRegion":"Asturias","addressCountry":"ES"}},{"@type":"Person","@id":"https:\/\/www.eldigitaldeasturias.com\/noticias\/author\/admin\/#author","url":"https:\/\/www.eldigitaldeasturias.com\/noticias\/author\/admin\/","name":"El Digital de Asturias","image":{"@type":"ImageObject","@id":"https:\/\/www.eldigitaldeasturias.com\/noticias\/mario-garces-preside-la-reunion-de-la-comision-para-el-analisis-de-la-situacion-de-la-dependencia\/#authorImage","url":"https:\/\/secure.gravatar.com\/avatar\/df2aeffc32bcd13f8d26072ef8a91b623d677766deac7f97ca815868cd41bf5e?s=96&d=mm&r=g","width":96,"height":96,"caption":"El Digital de Asturias"}},{"@type":"WebPage","@id":"https:\/\/www.eldigitaldeasturias.com\/noticias\/mario-garces-preside-la-reunion-de-la-comision-para-el-analisis-de-la-situacion-de-la-dependencia\/#webpage","url":"https:\/\/www.eldigitaldeasturias.com\/noticias\/mario-garces-preside-la-reunion-de-la-comision-para-el-analisis-de-la-situacion-de-la-dependencia\/","name":"Mario Garc\u00e9s preside la reuni\u00f3n de la Comisi\u00f3n para el An\u00e1lisis de la situaci\u00f3n de la Dependencia - El Digital de Asturias","description":"El secretario de Estado de Servicios Sociales e Igualdad, Mario Garc\u00e9s, ha presidido la \u00faltima reuni\u00f3n de la Comisi\u00f3n para el An\u00e1lisis de la situaci\u00f3n de la Dependencia, en la que se ha puesto en com\u00fan el resultado de los trabajos realizados para un diagn\u00f3stico de la Dependencia y su modelo de financiaci\u00f3n. \u200bDicha Comisi\u00f3n","inLanguage":"es-ES","isPartOf":{"@id":"https:\/\/www.eldigitaldeasturias.com\/noticias\/#website"},"breadcrumb":{"@id":"https:\/\/www.eldigitaldeasturias.com\/noticias\/mario-garces-preside-la-reunion-de-la-comision-para-el-analisis-de-la-situacion-de-la-dependencia\/#breadcrumblist"},"author":{"@id":"https:\/\/www.eldigitaldeasturias.com\/noticias\/author\/admin\/#author"},"creator":{"@id":"https:\/\/www.eldigitaldeasturias.com\/noticias\/author\/admin\/#author"},"image":{"@type":"ImageObject","url":951901,"@id":"https:\/\/www.eldigitaldeasturias.com\/noticias\/mario-garces-preside-la-reunion-de-la-comision-para-el-analisis-de-la-situacion-de-la-dependencia\/#mainImage"},"primaryImageOfPage":{"@id":"https:\/\/www.eldigitaldeasturias.com\/noticias\/mario-garces-preside-la-reunion-de-la-comision-para-el-analisis-de-la-situacion-de-la-dependencia\/#mainImage"},"datePublished":"2017-09-06T12:36:10+02:00","dateModified":"2017-09-06T12:36:10+02:00"},{"@type":"WebSite","@id":"https:\/\/www.eldigitaldeasturias.com\/noticias\/#website","url":"https:\/\/www.eldigitaldeasturias.com\/noticias\/","name":"El Digital de Asturias - Diario de actualidad y noticias","alternateName":"El Digital de Asturias - Diario de actualidad y noticias","description":"Hemeroteca","inLanguage":"es-ES","publisher":{"@id":"https:\/\/www.eldigitaldeasturias.com\/noticias\/#organization"}}]},"og:locale":"es_ES","og:site_name":"El Digital de Asturias","og:type":"article","og:title":"Mario Garc\u00e9s preside la reuni\u00f3n de la Comisi\u00f3n para el An\u00e1lisis de la situaci\u00f3n de la Dependencia - El Digital de Asturias","og:description":"El secretario de Estado de Servicios Sociales e Igualdad, Mario Garc\u00e9s, ha presidido la \u00faltima reuni\u00f3n de la Comisi\u00f3n para el An\u00e1lisis de la situaci\u00f3n de la Dependencia, en la que se ha puesto en com\u00fan el resultado de los trabajos realizados para un diagn\u00f3stico de la Dependencia y su modelo de financiaci\u00f3n. \u200bDicha Comisi\u00f3n","og:url":"https:\/\/www.eldigitaldeasturias.com\/noticias\/mario-garces-preside-la-reunion-de-la-comision-para-el-analisis-de-la-situacion-de-la-dependencia\/","article:tag":["actualidad"],"article:published_time":"2017-09-06T12:36:10+00:00","article:modified_time":"2017-09-06T12:36:10+00:00","article:publisher":"https:\/\/facebook.com\/eldigitaldeasturias","twitter:card":"summary_large_image","twitter:title":"Mario Garc\u00e9s preside la reuni\u00f3n de la Comisi\u00f3n para el An\u00e1lisis de la situaci\u00f3n de la Dependencia - El Digital de Asturias","twitter:description":"El secretario de Estado de Servicios Sociales e Igualdad, Mario Garc\u00e9s, ha presidido la \u00faltima reuni\u00f3n de la Comisi\u00f3n para el An\u00e1lisis de la situaci\u00f3n de la Dependencia, en la que se ha puesto en com\u00fan el resultado de los trabajos realizados para un diagn\u00f3stico de la Dependencia y su modelo de financiaci\u00f3n. \u200bDicha Comisi\u00f3n","twitter:image":"https:\/\/www.eldigitaldeasturias.com\/noticias\/wp-content\/uploads\/2020\/12\/EDA-1.jpg","twitter:label1":"Escrito por","twitter:data1":"El Digital de Asturias","twitter:label2":"Tiempo de lectura estimado","twitter:data2":"2 minutos"},"aioseo_meta_data":{"post_id":"951900","title":null,"description":null,"keywords":null,"keyphrases":null,"primary_term":null,"canonical_url":null,"og_title":null,"og_description":null,"og_object_type":"default","og_image_type":"default","og_image_url":null,"og_image_width":null,"og_image_height":null,"og_image_custom_url":null,"og_image_custom_fields":null,"og_video":null,"og_custom_url":null,"og_article_section":null,"og_article_tags":null,"twitter_use_og":false,"twitter_card":"default","twitter_image_type":"default","twitter_image_url":null,"twitter_image_custom_url":null,"twitter_image_custom_fields":null,"twitter_title":null,"twitter_description":null,"schema":{"blockGraphs":[],"customGraphs":[],"default":{"data":{"Article":[],"Course":[],"Dataset":[],"FAQPage":[],"Movie":[],"Person":[],"Product":[],"ProductReview":[],"Car":[],"Recipe":[],"Service":[],"SoftwareApplication":[],"WebPage":[]},"graphName":"","isEnabled":true},"graphs":[],"defaultGraph":"","defaultPostTypeGraph":""},"schema_type":null,"schema_type_options":null,"pillar_content":false,"robots_default":true,"robots_noindex":false,"robots_noarchive":false,"robots_nosnippet":false,"robots_nofollow":false,"robots_noimageindex":false,"robots_noodp":false,"robots_notranslate":false,"robots_max_snippet":null,"robots_max_videopreview":null,"robots_max_imagepreview":"large","priority":null,"frequency":null,"local_seo":null,"seo_analyzer_scan_date":"2025-12-05 20:51:37","breadcrumb_settings":null,"limit_modified_date":false,"open_ai":null,"ai":null,"created":"2020-12-21 12:58:02","updated":"2025-12-05 20:51:37","focus_keyword":null,"additional_keywords":null,"truseo_locale":null},"aioseo_breadcrumb":"<div class=\"aioseo-breadcrumbs\"><span class=\"aioseo-breadcrumb\">\n\t<a href=\"https:\/\/www.eldigitaldeasturias.com\/noticias\" title=\"Home\">Home<\/a>\n<\/span><span class=\"aioseo-breadcrumb-separator\">\u2013<\/span><span class=\"aioseo-breadcrumb\">\n\t<a href=\"https:\/\/www.eldigitaldeasturias.com\/noticias\/category\/actualidad\/\" title=\"Actualidad\">Actualidad<\/a>\n<\/span><span class=\"aioseo-breadcrumb-separator\">\u2013<\/span><span class=\"aioseo-breadcrumb\">\n\t<a href=\"https:\/\/www.eldigitaldeasturias.com\/noticias\/mario-garces-preside-la-reunion-de-la-comision-para-el-analisis-de-la-situacion-de-la-dependencia\/\" title=\"Mario Garc\u00e9s preside la reuni\u00f3n de la Comisi\u00f3n para el An\u00e1lisis de la situaci\u00f3n de la Dependencia\">Mario Garc\u00e9s preside la reuni\u00f3n de la Comisi\u00f3n para el An\u00e1lisis de la situaci\u00f3n de la Dependencia<\/a>\n<\/span><\/div>","aioseo_breadcrumb_json":[{"label":"Home","link":"https:\/\/www.eldigitaldeasturias.com\/noticias"},{"label":"Actualidad","link":"https:\/\/www.eldigitaldeasturias.com\/noticias\/category\/actualidad\/"},{"label":"Mario Garc\u00e9s preside la reuni\u00f3n de la Comisi\u00f3n para el An\u00e1lisis de la situaci\u00f3n de la Dependencia","link":"https:\/\/www.eldigitaldeasturias.com\/noticias\/mario-garces-preside-la-reunion-de-la-comision-para-el-analisis-de-la-situacion-de-la-dependencia\/"}],"_links":{"self":[{"href":"https:\/\/www.eldigitaldeasturias.com\/noticias\/wp-json\/wp\/v2\/posts\/951900","targetHints":{"allow":["GET"]}}],"collection":[{"href":"https:\/\/www.eldigitaldeasturias.com\/noticias\/wp-json\/wp\/v2\/posts"}],"about":[{"href":"https:\/\/www.eldigitaldeasturias.com\/noticias\/wp-json\/wp\/v2\/types\/post"}],"author":[{"embeddable":true,"href":"https:\/\/www.eldigitaldeasturias.com\/noticias\/wp-json\/wp\/v2\/users\/1"}],"replies":[{"embeddable":true,"href":"https:\/\/www.eldigitaldeasturias.com\/noticias\/wp-json\/wp\/v2\/comments?post=951900"}],"version-history":[{"count":0,"href":"https:\/\/www.eldigitaldeasturias.com\/noticias\/wp-json\/wp\/v2\/posts\/951900\/revisions"}],"wp:attachment":[{"href":"https:\/\/www.eldigitaldeasturias.com\/noticias\/wp-json\/wp\/v2\/media?parent=951900"}],"wp:term":[{"taxonomy":"category","embeddable":true,"href":"https:\/\/www.eldigitaldeasturias.com\/noticias\/wp-json\/wp\/v2\/categories?post=951900"},{"taxonomy":"post_tag","embeddable":true,"href":"https:\/\/www.eldigitaldeasturias.com\/noticias\/wp-json\/wp\/v2\/tags?post=951900"}],"curies":[{"name":"wp","href":"https:\/\/api.w.org\/{rel}","templated":true}]}}