{"id":951836,"date":"2017-09-05T15:06:22","date_gmt":"2017-09-05T15:06:22","guid":{"rendered":"http:\/\/www.eldigitaldeasturias.com\/noticias\/?p=951836"},"modified":"2017-09-05T15:06:22","modified_gmt":"2017-09-05T15:06:22","slug":"rivera-pide-para-cataluna-una-alternativa-constitucionalista","status":"publish","type":"post","link":"https:\/\/www.eldigitaldeasturias.com\/noticias\/rivera-pide-para-cataluna-una-alternativa-constitucionalista\/","title":{"rendered":"Rivera pide para Catalu\u00f1a una alternativa constitucionalista"},"content":{"rendered":"<p><img loading=\"lazy\" decoding=\"async\" class=\"alignleft size-medium wp-image-951837\" src=\"https:\/\/www.eldigitaldeasturias.com\/noticias\/wp-content\/uploads\/2017\/09\/RIVERA-360x201.jpg\" alt=\"\" width=\"360\" height=\"201\" \/>El presidente de Ciudadanos (Cs), Albert Rivera, ha anunciado que esta ma\u00f1ana mantendr\u00e1 una reuni\u00f3n en Moncloa con el Presidente del Gobierno, en la que trasladar\u00e1 a Mariano Rajoy que desde Cs \u201capoyaremos todas las medidas legales y proporcionales que adopte el Gobierno para frenar el desaf\u00edo soberanista\u201d.<\/p>\n<p>\u201cAqu\u00ed no se trata de derechas o izquierdas, es un tema de Estado. Le voy a pedir al Presidente que actu\u00e9 y nos informe de los pasos que van dando para impedir que vuelva a ocurrir el bochorno del 9N\u201d, ha rese\u00f1ado Rivera.<\/p>\n<p>En una entrevista concedida al programa \u2018Un Caf\u00e9 con Susana\u2019, el l\u00edder de la formaci\u00f3n liberal ha avisado que \u00abla \u00fanica salida en Catalu\u00f1a es construir entre todos los partidos de derechas, de centro o de izquierdas una alternativa constitucionalista\u00bb, y ha informado que la l\u00edder de la oposici\u00f3n en Catalu\u00f1a, In\u00e9s Arrimadas, \u201ctiene intenci\u00f3n de contactar con el resto de partidos de \u00e1mbito nacional para articular una respuesta conjunta ante este asunto de Estado\u201d.<\/p>\n<p>Albert Rivera ha valorado tambi\u00e9n la indefinici\u00f3n de Podemos ante el refer\u00e9ndum ilegal, y ha advertido que \u201cIglesias tendr\u00e1 que escoger entre hacer presidente a Arrimadas o a Junqueras, y espero que su apuesta no sea apoyar a Junqueras y defender a los que quieren romper Espa\u00f1a\u201d.<\/p>\n<p>Asimismo, sobre las palabras ayer de Pedro S\u00e1nchez afirmando que todas las naciones son Espa\u00f1a, el presidente de Cs ha explicado que \u201cme inquietan\u201d. \u201cHay una indefinici\u00f3n en el PSOE que no les deja tener claro cu\u00e1l es el rumbo de Espa\u00f1a\u201d, ha asegurado.<\/p>\n<p>&nbsp;<\/p>\n","protected":false},"excerpt":{"rendered":"<p>El presidente de Ciudadanos (Cs), Albert Rivera, ha anunciado que esta ma\u00f1ana mantendr\u00e1 una reuni\u00f3n en Moncloa con el Presidente del Gobierno, en la que trasladar\u00e1 a Mariano Rajoy que desde Cs \u201capoyaremos todas las medidas legales y proporcionales que adopte el Gobierno para frenar el desaf\u00edo soberanista\u201d. \u201cAqu\u00ed no se trata de derechas o [&hellip;]<\/p>\n","protected":false},"author":1,"featured_media":951837,"comment_status":"closed","ping_status":"closed","sticky":false,"template":"","format":"standard","meta":{"footnotes":""},"categories":[1],"tags":[],"class_list":["post-951836","post","type-post","status-publish","format-standard","has-post-thumbnail","hentry","category-actualidad"],"aioseo_notices":[],"aioseo_head":"\n\t\t<!-- All in One SEO Pro 5.0.1 - aioseo.com -->\n\t<meta name=\"description\" content=\"El presidente de Ciudadanos (Cs), Albert Rivera, ha anunciado que esta ma\u00f1ana mantendr\u00e1 una reuni\u00f3n en Moncloa con el Presidente del Gobierno, en la que trasladar\u00e1 a Mariano Rajoy que desde Cs \u201capoyaremos todas las medidas legales y proporcionales que adopte el Gobierno para frenar el desaf\u00edo soberanista\u201d. \u201cAqu\u00ed no se trata de derechas o\" \/>\n\t<meta name=\"robots\" content=\"max-image-preview:large\" \/>\n\t<meta name=\"author\" content=\"El Digital de Asturias\"\/>\n\t<meta name=\"google-site-verification\" content=\"UA-38556648-1\" \/>\n\t<meta name=\"msvalidate.01\" content=\"7dfe9f3f1b24437ab69f4f2559babe99\" \/>\n\t<meta name=\"keywords\" content=\"actualidad\" \/>\n\t<link rel=\"canonical\" href=\"https:\/\/www.eldigitaldeasturias.com\/noticias\/rivera-pide-para-cataluna-una-alternativa-constitucionalista\/\" \/>\n\t<meta name=\"generator\" content=\"All in One SEO Pro (AIOSEO) 5.0.1\" \/>\n\t\t<meta property=\"og:locale\" content=\"es_ES\" \/>\n\t\t<meta property=\"og:site_name\" content=\"El Digital de Asturias\" \/>\n\t\t<meta property=\"og:type\" content=\"article\" \/>\n\t\t<meta property=\"og:title\" content=\"Rivera pide para Catalu\u00f1a una alternativa constitucionalista - El Digital de Asturias\" \/>\n\t\t<meta property=\"og:description\" content=\"El presidente de Ciudadanos (Cs), Albert Rivera, ha anunciado que esta ma\u00f1ana mantendr\u00e1 una reuni\u00f3n en Moncloa con el Presidente del Gobierno, en la que trasladar\u00e1 a Mariano Rajoy que desde Cs \u201capoyaremos todas las medidas legales y proporcionales que adopte el Gobierno para frenar el desaf\u00edo soberanista\u201d. \u201cAqu\u00ed no se trata de derechas o\" \/>\n\t\t<meta property=\"og:url\" content=\"https:\/\/www.eldigitaldeasturias.com\/noticias\/rivera-pide-para-cataluna-una-alternativa-constitucionalista\/\" \/>\n\t\t<meta property=\"article:tag\" content=\"actualidad\" \/>\n\t\t<meta property=\"article:published_time\" content=\"2017-09-05T15:06:22+00:00\" \/>\n\t\t<meta property=\"article:modified_time\" content=\"2017-09-05T15:06:22+00:00\" \/>\n\t\t<meta property=\"article:publisher\" content=\"https:\/\/facebook.com\/eldigitaldeasturias\" \/>\n\t\t<meta name=\"twitter:card\" content=\"summary_large_image\" \/>\n\t\t<meta name=\"twitter:title\" content=\"Rivera pide para Catalu\u00f1a una alternativa constitucionalista - El Digital de Asturias\" \/>\n\t\t<meta name=\"twitter:description\" content=\"El presidente de Ciudadanos (Cs), Albert Rivera, ha anunciado que esta ma\u00f1ana mantendr\u00e1 una reuni\u00f3n en Moncloa con el Presidente del Gobierno, en la que trasladar\u00e1 a Mariano Rajoy que desde Cs \u201capoyaremos todas las medidas legales y proporcionales que adopte el Gobierno para frenar el desaf\u00edo soberanista\u201d. \u201cAqu\u00ed no se trata de derechas o\" \/>\n\t\t<meta name=\"twitter:image\" content=\"https:\/\/www.eldigitaldeasturias.com\/noticias\/wp-content\/uploads\/2020\/12\/EDA-1.jpg\" \/>\n\t\t<meta name=\"twitter:label1\" content=\"Escrito por\" \/>\n\t\t<meta name=\"twitter:data1\" content=\"El Digital de Asturias\" \/>\n\t\t<meta name=\"twitter:label2\" content=\"Tiempo de lectura estimado\" \/>\n\t\t<meta name=\"twitter:data2\" content=\"1 minuto\" \/>\n\t\t<script type=\"application\/ld+json\" class=\"aioseo-schema\">\n\t\t\t{\"@context\":\"https:\\\/\\\/schema.org\",\"@graph\":[{\"@type\":\"BlogPosting\",\"@id\":\"https:\\\/\\\/www.eldigitaldeasturias.com\\\/noticias\\\/rivera-pide-para-cataluna-una-alternativa-constitucionalista\\\/#blogposting\",\"name\":\"Rivera pide para Catalu\\u00f1a una alternativa constitucionalista - El Digital de Asturias\",\"headline\":\"Rivera pide para Catalu\\u00f1a una alternativa constitucionalista\",\"author\":{\"@id\":\"https:\\\/\\\/www.eldigitaldeasturias.com\\\/noticias\\\/author\\\/admin\\\/#author\"},\"publisher\":{\"@id\":\"https:\\\/\\\/www.eldigitaldeasturias.com\\\/noticias\\\/#organization\"},\"image\":{\"@type\":\"ImageObject\",\"url\":951837},\"datePublished\":\"2017-09-05T15:06:22+02:00\",\"dateModified\":\"2017-09-05T15:06:22+02:00\",\"inLanguage\":\"es-ES\",\"mainEntityOfPage\":{\"@id\":\"https:\\\/\\\/www.eldigitaldeasturias.com\\\/noticias\\\/rivera-pide-para-cataluna-una-alternativa-constitucionalista\\\/#webpage\"},\"isPartOf\":{\"@id\":\"https:\\\/\\\/www.eldigitaldeasturias.com\\\/noticias\\\/rivera-pide-para-cataluna-una-alternativa-constitucionalista\\\/#webpage\"},\"articleSection\":\"Actualidad\"},{\"@type\":\"BreadcrumbList\",\"@id\":\"https:\\\/\\\/www.eldigitaldeasturias.com\\\/noticias\\\/rivera-pide-para-cataluna-una-alternativa-constitucionalista\\\/#breadcrumblist\",\"itemListElement\":[{\"@type\":\"ListItem\",\"@id\":\"https:\\\/\\\/www.eldigitaldeasturias.com\\\/noticias#listItem\",\"position\":1,\"name\":\"Home\",\"item\":\"https:\\\/\\\/www.eldigitaldeasturias.com\\\/noticias\",\"nextItem\":{\"@type\":\"ListItem\",\"@id\":\"https:\\\/\\\/www.eldigitaldeasturias.com\\\/noticias\\\/category\\\/actualidad\\\/#listItem\",\"name\":\"Actualidad\"}},{\"@type\":\"ListItem\",\"@id\":\"https:\\\/\\\/www.eldigitaldeasturias.com\\\/noticias\\\/category\\\/actualidad\\\/#listItem\",\"position\":2,\"name\":\"Actualidad\",\"item\":\"https:\\\/\\\/www.eldigitaldeasturias.com\\\/noticias\\\/category\\\/actualidad\\\/\",\"nextItem\":{\"@type\":\"ListItem\",\"@id\":\"https:\\\/\\\/www.eldigitaldeasturias.com\\\/noticias\\\/rivera-pide-para-cataluna-una-alternativa-constitucionalista\\\/#listItem\",\"name\":\"Rivera pide para Catalu\\u00f1a una alternativa constitucionalista\"},\"previousItem\":{\"@type\":\"ListItem\",\"@id\":\"https:\\\/\\\/www.eldigitaldeasturias.com\\\/noticias#listItem\",\"name\":\"Home\"}},{\"@type\":\"ListItem\",\"@id\":\"https:\\\/\\\/www.eldigitaldeasturias.com\\\/noticias\\\/rivera-pide-para-cataluna-una-alternativa-constitucionalista\\\/#listItem\",\"position\":3,\"name\":\"Rivera pide para Catalu\\u00f1a una alternativa constitucionalista\",\"previousItem\":{\"@type\":\"ListItem\",\"@id\":\"https:\\\/\\\/www.eldigitaldeasturias.com\\\/noticias\\\/category\\\/actualidad\\\/#listItem\",\"name\":\"Actualidad\"}}]},{\"@type\":\"Organization\",\"@id\":\"https:\\\/\\\/www.eldigitaldeasturias.com\\\/noticias\\\/#organization\",\"name\":\"El Digital de Asturias\",\"description\":\"Hemeroteca\",\"url\":\"https:\\\/\\\/www.eldigitaldeasturias.com\\\/noticias\\\/\",\"email\":\"info@eldigitaldeasturias.com\",\"telephone\":\"+34652131393\",\"logo\":{\"@type\":\"ImageObject\",\"url\":\"https:\\\/\\\/www.eldigitaldeasturias.com\\\/noticias\\\/wp-content\\\/uploads\\\/2020\\\/12\\\/EDA.jpg\",\"@id\":\"https:\\\/\\\/www.eldigitaldeasturias.com\\\/noticias\\\/rivera-pide-para-cataluna-una-alternativa-constitucionalista\\\/#organizationLogo\"},\"image\":{\"@id\":\"https:\\\/\\\/www.eldigitaldeasturias.com\\\/noticias\\\/rivera-pide-para-cataluna-una-alternativa-constitucionalista\\\/#organizationLogo\"},\"sameAs\":[\"https:\\\/\\\/facebook.com\\\/eldigitaldeasturias\",\"https:\\\/\\\/www.youtube.com\\\/channel\\\/UCZP-2wLEB9Rv6erhFmqVnvg\"],\"address\":{\"@id\":\"https:\\\/\\\/www.eldigitaldeasturias.com\\\/noticias\\\/#postaladdress\",\"@type\":\"PostalAddress\",\"streetAddress\":\"san antonio 4\",\"postalCode\":\"33430\",\"addressLocality\":\"Cand\\u00e1s\",\"addressRegion\":\"Asturias\",\"addressCountry\":\"ES\"}},{\"@type\":\"Person\",\"@id\":\"https:\\\/\\\/www.eldigitaldeasturias.com\\\/noticias\\\/author\\\/admin\\\/#author\",\"url\":\"https:\\\/\\\/www.eldigitaldeasturias.com\\\/noticias\\\/author\\\/admin\\\/\",\"name\":\"El Digital de Asturias\",\"image\":{\"@type\":\"ImageObject\",\"@id\":\"https:\\\/\\\/www.eldigitaldeasturias.com\\\/noticias\\\/rivera-pide-para-cataluna-una-alternativa-constitucionalista\\\/#authorImage\",\"url\":\"https:\\\/\\\/secure.gravatar.com\\\/avatar\\\/df2aeffc32bcd13f8d26072ef8a91b623d677766deac7f97ca815868cd41bf5e?s=96&d=mm&r=g\",\"width\":96,\"height\":96,\"caption\":\"El Digital de Asturias\"}},{\"@type\":\"WebPage\",\"@id\":\"https:\\\/\\\/www.eldigitaldeasturias.com\\\/noticias\\\/rivera-pide-para-cataluna-una-alternativa-constitucionalista\\\/#webpage\",\"url\":\"https:\\\/\\\/www.eldigitaldeasturias.com\\\/noticias\\\/rivera-pide-para-cataluna-una-alternativa-constitucionalista\\\/\",\"name\":\"Rivera pide para Catalu\\u00f1a una alternativa constitucionalista - El Digital de Asturias\",\"description\":\"El presidente de Ciudadanos (Cs), Albert Rivera, ha anunciado que esta ma\\u00f1ana mantendr\\u00e1 una reuni\\u00f3n en Moncloa con el Presidente del Gobierno, en la que trasladar\\u00e1 a Mariano Rajoy que desde Cs \\u201capoyaremos todas las medidas legales y proporcionales que adopte el Gobierno para frenar el desaf\\u00edo soberanista\\u201d. \\u201cAqu\\u00ed no se trata de derechas o\",\"inLanguage\":\"es-ES\",\"isPartOf\":{\"@id\":\"https:\\\/\\\/www.eldigitaldeasturias.com\\\/noticias\\\/#website\"},\"breadcrumb\":{\"@id\":\"https:\\\/\\\/www.eldigitaldeasturias.com\\\/noticias\\\/rivera-pide-para-cataluna-una-alternativa-constitucionalista\\\/#breadcrumblist\"},\"author\":{\"@id\":\"https:\\\/\\\/www.eldigitaldeasturias.com\\\/noticias\\\/author\\\/admin\\\/#author\"},\"creator\":{\"@id\":\"https:\\\/\\\/www.eldigitaldeasturias.com\\\/noticias\\\/author\\\/admin\\\/#author\"},\"image\":{\"@type\":\"ImageObject\",\"url\":951837,\"@id\":\"https:\\\/\\\/www.eldigitaldeasturias.com\\\/noticias\\\/rivera-pide-para-cataluna-una-alternativa-constitucionalista\\\/#mainImage\"},\"primaryImageOfPage\":{\"@id\":\"https:\\\/\\\/www.eldigitaldeasturias.com\\\/noticias\\\/rivera-pide-para-cataluna-una-alternativa-constitucionalista\\\/#mainImage\"},\"datePublished\":\"2017-09-05T15:06:22+02:00\",\"dateModified\":\"2017-09-05T15:06:22+02:00\"},{\"@type\":\"WebSite\",\"@id\":\"https:\\\/\\\/www.eldigitaldeasturias.com\\\/noticias\\\/#website\",\"url\":\"https:\\\/\\\/www.eldigitaldeasturias.com\\\/noticias\\\/\",\"name\":\"El Digital de Asturias - Diario de actualidad y noticias\",\"alternateName\":\"El Digital de Asturias - Diario de actualidad y noticias\",\"description\":\"Hemeroteca\",\"inLanguage\":\"es-ES\",\"publisher\":{\"@id\":\"https:\\\/\\\/www.eldigitaldeasturias.com\\\/noticias\\\/#organization\"}}]}\n\t\t<\/script>\n\t\t<!-- All in One SEO Pro -->\r\n\t\t<title>Rivera pide para Catalu\u00f1a una alternativa constitucionalista - El Digital de Asturias<\/title>\n\n","aioseo_head_json":{"title":"Rivera pide para Catalu\u00f1a una alternativa constitucionalista - El Digital de Asturias","description":"El presidente de Ciudadanos (Cs), Albert Rivera, ha anunciado que esta ma\u00f1ana mantendr\u00e1 una reuni\u00f3n en Moncloa con el Presidente del Gobierno, en la que trasladar\u00e1 a Mariano Rajoy que desde Cs \u201capoyaremos todas las medidas legales y proporcionales que adopte el Gobierno para frenar el desaf\u00edo soberanista\u201d. \u201cAqu\u00ed no se trata de derechas o","canonical_url":"https:\/\/www.eldigitaldeasturias.com\/noticias\/rivera-pide-para-cataluna-una-alternativa-constitucionalista\/","robots":"max-image-preview:large","keywords":"actualidad","webmasterTools":{"google-site-verification":"UA-38556648-1","msvalidate.01":"7dfe9f3f1b24437ab69f4f2559babe99","miscellaneous":""},"schema":{"@context":"https:\/\/schema.org","@graph":[{"@type":"BlogPosting","@id":"https:\/\/www.eldigitaldeasturias.com\/noticias\/rivera-pide-para-cataluna-una-alternativa-constitucionalista\/#blogposting","name":"Rivera pide para Catalu\u00f1a una alternativa constitucionalista - El Digital de Asturias","headline":"Rivera pide para Catalu\u00f1a una alternativa constitucionalista","author":{"@id":"https:\/\/www.eldigitaldeasturias.com\/noticias\/author\/admin\/#author"},"publisher":{"@id":"https:\/\/www.eldigitaldeasturias.com\/noticias\/#organization"},"image":{"@type":"ImageObject","url":951837},"datePublished":"2017-09-05T15:06:22+02:00","dateModified":"2017-09-05T15:06:22+02:00","inLanguage":"es-ES","mainEntityOfPage":{"@id":"https:\/\/www.eldigitaldeasturias.com\/noticias\/rivera-pide-para-cataluna-una-alternativa-constitucionalista\/#webpage"},"isPartOf":{"@id":"https:\/\/www.eldigitaldeasturias.com\/noticias\/rivera-pide-para-cataluna-una-alternativa-constitucionalista\/#webpage"},"articleSection":"Actualidad"},{"@type":"BreadcrumbList","@id":"https:\/\/www.eldigitaldeasturias.com\/noticias\/rivera-pide-para-cataluna-una-alternativa-constitucionalista\/#breadcrumblist","itemListElement":[{"@type":"ListItem","@id":"https:\/\/www.eldigitaldeasturias.com\/noticias#listItem","position":1,"name":"Home","item":"https:\/\/www.eldigitaldeasturias.com\/noticias","nextItem":{"@type":"ListItem","@id":"https:\/\/www.eldigitaldeasturias.com\/noticias\/category\/actualidad\/#listItem","name":"Actualidad"}},{"@type":"ListItem","@id":"https:\/\/www.eldigitaldeasturias.com\/noticias\/category\/actualidad\/#listItem","position":2,"name":"Actualidad","item":"https:\/\/www.eldigitaldeasturias.com\/noticias\/category\/actualidad\/","nextItem":{"@type":"ListItem","@id":"https:\/\/www.eldigitaldeasturias.com\/noticias\/rivera-pide-para-cataluna-una-alternativa-constitucionalista\/#listItem","name":"Rivera pide para Catalu\u00f1a una alternativa constitucionalista"},"previousItem":{"@type":"ListItem","@id":"https:\/\/www.eldigitaldeasturias.com\/noticias#listItem","name":"Home"}},{"@type":"ListItem","@id":"https:\/\/www.eldigitaldeasturias.com\/noticias\/rivera-pide-para-cataluna-una-alternativa-constitucionalista\/#listItem","position":3,"name":"Rivera pide para Catalu\u00f1a una alternativa constitucionalista","previousItem":{"@type":"ListItem","@id":"https:\/\/www.eldigitaldeasturias.com\/noticias\/category\/actualidad\/#listItem","name":"Actualidad"}}]},{"@type":"Organization","@id":"https:\/\/www.eldigitaldeasturias.com\/noticias\/#organization","name":"El Digital de Asturias","description":"Hemeroteca","url":"https:\/\/www.eldigitaldeasturias.com\/noticias\/","email":"info@eldigitaldeasturias.com","telephone":"+34652131393","logo":{"@type":"ImageObject","url":"https:\/\/www.eldigitaldeasturias.com\/noticias\/wp-content\/uploads\/2020\/12\/EDA.jpg","@id":"https:\/\/www.eldigitaldeasturias.com\/noticias\/rivera-pide-para-cataluna-una-alternativa-constitucionalista\/#organizationLogo"},"image":{"@id":"https:\/\/www.eldigitaldeasturias.com\/noticias\/rivera-pide-para-cataluna-una-alternativa-constitucionalista\/#organizationLogo"},"sameAs":["https:\/\/facebook.com\/eldigitaldeasturias","https:\/\/www.youtube.com\/channel\/UCZP-2wLEB9Rv6erhFmqVnvg"],"address":{"@id":"https:\/\/www.eldigitaldeasturias.com\/noticias\/#postaladdress","@type":"PostalAddress","streetAddress":"san antonio 4","postalCode":"33430","addressLocality":"Cand\u00e1s","addressRegion":"Asturias","addressCountry":"ES"}},{"@type":"Person","@id":"https:\/\/www.eldigitaldeasturias.com\/noticias\/author\/admin\/#author","url":"https:\/\/www.eldigitaldeasturias.com\/noticias\/author\/admin\/","name":"El Digital de Asturias","image":{"@type":"ImageObject","@id":"https:\/\/www.eldigitaldeasturias.com\/noticias\/rivera-pide-para-cataluna-una-alternativa-constitucionalista\/#authorImage","url":"https:\/\/secure.gravatar.com\/avatar\/df2aeffc32bcd13f8d26072ef8a91b623d677766deac7f97ca815868cd41bf5e?s=96&d=mm&r=g","width":96,"height":96,"caption":"El Digital de Asturias"}},{"@type":"WebPage","@id":"https:\/\/www.eldigitaldeasturias.com\/noticias\/rivera-pide-para-cataluna-una-alternativa-constitucionalista\/#webpage","url":"https:\/\/www.eldigitaldeasturias.com\/noticias\/rivera-pide-para-cataluna-una-alternativa-constitucionalista\/","name":"Rivera pide para Catalu\u00f1a una alternativa constitucionalista - El Digital de Asturias","description":"El presidente de Ciudadanos (Cs), Albert Rivera, ha anunciado que esta ma\u00f1ana mantendr\u00e1 una reuni\u00f3n en Moncloa con el Presidente del Gobierno, en la que trasladar\u00e1 a Mariano Rajoy que desde Cs \u201capoyaremos todas las medidas legales y proporcionales que adopte el Gobierno para frenar el desaf\u00edo soberanista\u201d. \u201cAqu\u00ed no se trata de derechas o","inLanguage":"es-ES","isPartOf":{"@id":"https:\/\/www.eldigitaldeasturias.com\/noticias\/#website"},"breadcrumb":{"@id":"https:\/\/www.eldigitaldeasturias.com\/noticias\/rivera-pide-para-cataluna-una-alternativa-constitucionalista\/#breadcrumblist"},"author":{"@id":"https:\/\/www.eldigitaldeasturias.com\/noticias\/author\/admin\/#author"},"creator":{"@id":"https:\/\/www.eldigitaldeasturias.com\/noticias\/author\/admin\/#author"},"image":{"@type":"ImageObject","url":951837,"@id":"https:\/\/www.eldigitaldeasturias.com\/noticias\/rivera-pide-para-cataluna-una-alternativa-constitucionalista\/#mainImage"},"primaryImageOfPage":{"@id":"https:\/\/www.eldigitaldeasturias.com\/noticias\/rivera-pide-para-cataluna-una-alternativa-constitucionalista\/#mainImage"},"datePublished":"2017-09-05T15:06:22+02:00","dateModified":"2017-09-05T15:06:22+02:00"},{"@type":"WebSite","@id":"https:\/\/www.eldigitaldeasturias.com\/noticias\/#website","url":"https:\/\/www.eldigitaldeasturias.com\/noticias\/","name":"El Digital de Asturias - Diario de actualidad y noticias","alternateName":"El Digital de Asturias - Diario de actualidad y noticias","description":"Hemeroteca","inLanguage":"es-ES","publisher":{"@id":"https:\/\/www.eldigitaldeasturias.com\/noticias\/#organization"}}]},"og:locale":"es_ES","og:site_name":"El Digital de Asturias","og:type":"article","og:title":"Rivera pide para Catalu\u00f1a una alternativa constitucionalista - El Digital de Asturias","og:description":"El presidente de Ciudadanos (Cs), Albert Rivera, ha anunciado que esta ma\u00f1ana mantendr\u00e1 una reuni\u00f3n en Moncloa con el Presidente del Gobierno, en la que trasladar\u00e1 a Mariano Rajoy que desde Cs \u201capoyaremos todas las medidas legales y proporcionales que adopte el Gobierno para frenar el desaf\u00edo soberanista\u201d. \u201cAqu\u00ed no se trata de derechas o","og:url":"https:\/\/www.eldigitaldeasturias.com\/noticias\/rivera-pide-para-cataluna-una-alternativa-constitucionalista\/","article:tag":["actualidad"],"article:published_time":"2017-09-05T15:06:22+00:00","article:modified_time":"2017-09-05T15:06:22+00:00","article:publisher":"https:\/\/facebook.com\/eldigitaldeasturias","twitter:card":"summary_large_image","twitter:title":"Rivera pide para Catalu\u00f1a una alternativa constitucionalista - El Digital de Asturias","twitter:description":"El presidente de Ciudadanos (Cs), Albert Rivera, ha anunciado que esta ma\u00f1ana mantendr\u00e1 una reuni\u00f3n en Moncloa con el Presidente del Gobierno, en la que trasladar\u00e1 a Mariano Rajoy que desde Cs \u201capoyaremos todas las medidas legales y proporcionales que adopte el Gobierno para frenar el desaf\u00edo soberanista\u201d. \u201cAqu\u00ed no se trata de derechas o","twitter:image":"https:\/\/www.eldigitaldeasturias.com\/noticias\/wp-content\/uploads\/2020\/12\/EDA-1.jpg","twitter:label1":"Escrito por","twitter:data1":"El Digital de Asturias","twitter:label2":"Tiempo de lectura estimado","twitter:data2":"1 minuto"},"aioseo_meta_data":{"post_id":"951836","title":null,"description":null,"keywords":null,"keyphrases":null,"primary_term":null,"canonical_url":null,"og_title":null,"og_description":null,"og_object_type":"default","og_image_type":"default","og_image_url":null,"og_image_width":null,"og_image_height":null,"og_image_custom_url":null,"og_image_custom_fields":null,"og_video":null,"og_custom_url":null,"og_article_section":null,"og_article_tags":null,"twitter_use_og":false,"twitter_card":"default","twitter_image_type":"default","twitter_image_url":null,"twitter_image_custom_url":null,"twitter_image_custom_fields":null,"twitter_title":null,"twitter_description":null,"schema":{"blockGraphs":[],"customGraphs":[],"default":{"data":{"Article":[],"Course":[],"Dataset":[],"FAQPage":[],"Movie":[],"Person":[],"Product":[],"ProductReview":[],"Car":[],"Recipe":[],"Service":[],"SoftwareApplication":[],"WebPage":[]},"graphName":"","isEnabled":true},"graphs":[],"defaultGraph":"","defaultPostTypeGraph":""},"schema_type":null,"schema_type_options":null,"pillar_content":false,"robots_default":true,"robots_noindex":false,"robots_noarchive":false,"robots_nosnippet":false,"robots_nofollow":false,"robots_noimageindex":false,"robots_noodp":false,"robots_notranslate":false,"robots_max_snippet":null,"robots_max_videopreview":null,"robots_max_imagepreview":"large","priority":null,"frequency":null,"local_seo":null,"seo_analyzer_scan_date":"2025-12-05 20:39:13","breadcrumb_settings":null,"limit_modified_date":false,"open_ai":null,"ai":null,"created":"2020-12-21 12:58:02","updated":"2025-12-05 20:39:13","focus_keyword":null,"additional_keywords":null,"truseo_locale":null},"aioseo_breadcrumb":"<div class=\"aioseo-breadcrumbs\"><span class=\"aioseo-breadcrumb\">\n\t<a href=\"https:\/\/www.eldigitaldeasturias.com\/noticias\" title=\"Home\">Home<\/a>\n<\/span><span class=\"aioseo-breadcrumb-separator\">\u2013<\/span><span class=\"aioseo-breadcrumb\">\n\t<a href=\"https:\/\/www.eldigitaldeasturias.com\/noticias\/category\/actualidad\/\" title=\"Actualidad\">Actualidad<\/a>\n<\/span><span class=\"aioseo-breadcrumb-separator\">\u2013<\/span><span class=\"aioseo-breadcrumb\">\n\t<a href=\"https:\/\/www.eldigitaldeasturias.com\/noticias\/rivera-pide-para-cataluna-una-alternativa-constitucionalista\/\" title=\"Rivera pide para Catalu\u00f1a una alternativa constitucionalista\">Rivera pide para Catalu\u00f1a una alternativa constitucionalista<\/a>\n<\/span><\/div>","aioseo_breadcrumb_json":[{"label":"Home","link":"https:\/\/www.eldigitaldeasturias.com\/noticias"},{"label":"Actualidad","link":"https:\/\/www.eldigitaldeasturias.com\/noticias\/category\/actualidad\/"},{"label":"Rivera pide para Catalu\u00f1a una alternativa constitucionalista","link":"https:\/\/www.eldigitaldeasturias.com\/noticias\/rivera-pide-para-cataluna-una-alternativa-constitucionalista\/"}],"_links":{"self":[{"href":"https:\/\/www.eldigitaldeasturias.com\/noticias\/wp-json\/wp\/v2\/posts\/951836","targetHints":{"allow":["GET"]}}],"collection":[{"href":"https:\/\/www.eldigitaldeasturias.com\/noticias\/wp-json\/wp\/v2\/posts"}],"about":[{"href":"https:\/\/www.eldigitaldeasturias.com\/noticias\/wp-json\/wp\/v2\/types\/post"}],"author":[{"embeddable":true,"href":"https:\/\/www.eldigitaldeasturias.com\/noticias\/wp-json\/wp\/v2\/users\/1"}],"replies":[{"embeddable":true,"href":"https:\/\/www.eldigitaldeasturias.com\/noticias\/wp-json\/wp\/v2\/comments?post=951836"}],"version-history":[{"count":0,"href":"https:\/\/www.eldigitaldeasturias.com\/noticias\/wp-json\/wp\/v2\/posts\/951836\/revisions"}],"wp:attachment":[{"href":"https:\/\/www.eldigitaldeasturias.com\/noticias\/wp-json\/wp\/v2\/media?parent=951836"}],"wp:term":[{"taxonomy":"category","embeddable":true,"href":"https:\/\/www.eldigitaldeasturias.com\/noticias\/wp-json\/wp\/v2\/categories?post=951836"},{"taxonomy":"post_tag","embeddable":true,"href":"https:\/\/www.eldigitaldeasturias.com\/noticias\/wp-json\/wp\/v2\/tags?post=951836"}],"curies":[{"name":"wp","href":"https:\/\/api.w.org\/{rel}","templated":true}]}}