{"id":951833,"date":"2017-09-05T15:03:46","date_gmt":"2017-09-05T15:03:46","guid":{"rendered":"http:\/\/www.eldigitaldeasturias.com\/noticias\/?p=951833"},"modified":"2017-09-05T15:03:46","modified_gmt":"2017-09-05T15:03:46","slug":"pedro-sanchez-espana-tendra-que-decidir-entre-el-miedo-o-la-esperanza","status":"publish","type":"post","link":"https:\/\/www.eldigitaldeasturias.com\/noticias\/pedro-sanchez-espana-tendra-que-decidir-entre-el-miedo-o-la-esperanza\/","title":{"rendered":"Pedro S\u00e1nchez: \u00abEspa\u00f1a tendr\u00e1 que decidir entre el miedo o la esperanza\u201d"},"content":{"rendered":"<p><img loading=\"lazy\" decoding=\"async\" class=\"alignleft size-medium wp-image-951834\" src=\"https:\/\/www.eldigitaldeasturias.com\/noticias\/wp-content\/uploads\/2017\/09\/Pedro-S\u00e1nchez-213x320.jpg\" alt=\"\" width=\"213\" height=\"320\" \/>El secretario general, Pedro S\u00e1nchez, anunci\u00f3 esta ma\u00f1ana que su partido va a \u00abproponer a los agentes sociales y al Gobierno un nuevo Pacto de Rentas que eleve los salarios de los trabajadores en un 2,5% de media en 2018. Es decir, una subida como m\u00ednimo del 2% y hasta un 3% durante el pr\u00f3ximo a\u00f1o. Y una subida de salarios del 3% de media anual en los a\u00f1os sucesivos: 2019, 2020 y 2021. Lo que supone una horquilla de subida salarial entre el 2,5 y el 3,5% durante los pr\u00f3ximos cuatro a\u00f1os\u00bb.<\/p>\n<p>Esta iniciativa, que el l\u00edder socialista ha dado a conocer durante su intervenci\u00f3n en el desayuno informativo de Europa Press celebrado esta ma\u00f1ana, se sustenta en que \u00abno habr\u00e1 recuperaci\u00f3n econ\u00f3mica si no llega a los trabajadores\u00bb y en que deben ser ellos, \u00ablos primeros en sufrir las consecuencias de la crisis, los primeros tambi\u00e9n en percibir los beneficios de esa recuperaci\u00f3n econ\u00f3mica\u00bb.<\/p>\n<p>S\u00e1nchez explic\u00f3 que \u00abel objetivo de esta hoja de ruta para los acuerdos anuales de incrementos salariales es lograr que en 2021 los salarios en Espa\u00f1a hayan recuperado el peso que ten\u00edan en el reparto de la renta nacional en el periodo previo a la crisis\u00bb.<\/p>\n<p><strong>Red de seguridad para j\u00f3venes, parados de larga duraci\u00f3n y jubilados<\/strong><\/p>\n<p>Otras pol\u00edticas que va a impulsar el PSOE en este nuevo curso estar\u00e1n encaminadas a \u00abampliar y fortalecer la &#8216;Red de Seguridad&#8217; social y econ\u00f3mica en tres frentes: j\u00f3venes, parados de larga duraci\u00f3n y jubilados\u00bb. As\u00ed, Pedro S\u00e1nchez anunci\u00f3 tambi\u00e9n que en octubre su Grupo registrar\u00e1 el plan de rescate a los j\u00f3venes, que se est\u00e1 elaborando en la mesa de coordinaci\u00f3n parlamentaria junto a otras formaciones como Unidos Podemos.<\/p>\n<p>Adem\u00e1s -se\u00f1al\u00f3 S\u00e1nchez- \u00abvamos a exigir al bloque conservador, Partido Popular y Ciudadanos, que desbloqueen este mes de septiembre el debate de la Iniciativa Legislativa Popular sobre la Prestaci\u00f3n de Ingresos M\u00ednimos, impulsada por los sindicatos y respaldada por m\u00e1s de un mill\u00f3n de firmas. Es un compromiso que el l\u00edder de Ciudadanos asumi\u00f3 conmigo, y que espero pueda ser aprobada con mayor\u00edas progresistas en el Congreso de los Diputados\u00bb.<\/p>\n<p>\u00abTambi\u00e9n estamos dispuestos a trabajar con los sindicatos y con todas las fuerzas pol\u00edticas y con el Gobierno, sin exclusiones, para levantar un nuevo Pacto de Toledo que permita garantizar, en los pr\u00f3ximos 30 a\u00f1os, jubilaciones dignas y un sistema de pensiones p\u00fablico y sostenible en el medio y largo plazo. Si estuvi\u00e9ramos en el Gobierno es lo que estar\u00edamos haciendo ya\u00bb.<\/p>\n<p>Todo ello ha ido precedido por una afirmaci\u00f3n del l\u00edder socialista seg\u00fan la cual el PSOE quiere \u00abunir a los espa\u00f1oles, recuperar la Espa\u00f1a de derechos y reconstruir el contrato social entre generaciones, quebrado como consecuencia de esta crisis. Y s\u00f3lo bajo un proyecto de estas caracter\u00edsticas, que vuelva a unir a espa\u00f1oles y espa\u00f1olas, me ver\u00e1n presidir un Consejo de Ministros\u00bb ha afirmado Pedro S\u00e1nchez, quien advirti\u00f3: \u00abNo voy a ser Presidente del Gobierno a cualquier precio. No vamos a participar en un qu\u00edtate t\u00fa para ponerme yo\u00bb.<\/p>\n<p>Adem\u00e1s, \u00aby como izquierda de Gobierno que somos\u00bb, S\u00e1nchez anunci\u00f3 tambi\u00e9n que partido va a presentar en octubre unos \u00abPresupuestos alternativos\u00bb a los del Gobierno, para que los ciudadanos puedan apreciar que \u00abesa Red de seguridad es prioritaria y lo m\u00e1s importante: financiable. Y que esa Espa\u00f1a de derechos que nos protege puede ser una realidad a la que no debemos renunciar\u00bb.<\/p>\n<p><strong>Catalu\u00f1a<\/strong><\/p>\n<p>En cuanto al problema de Catalu\u00f1a, Pedro S\u00e1nchez ha se\u00f1alado que \u00abha llegado el momento de reconciliar a nuestro pa\u00eds\u00bb y de \u00abencontrar pol\u00edticamente un nuevo encaje de Catalu\u00f1a en el conjunto de Espa\u00f1a\u00bb.<\/p>\n<p>\u00abCreemos que es la hora de que en Espa\u00f1a se deje de hablar de una pol\u00edtica que no se hace para hacer una pol\u00edtica de la que no se habla, y de que llevemos al Congreso lo que es normal en la calle: el di\u00e1logo\u00bb, y en ese marco ha inscrito su propuesta de crear una Comisi\u00f3n parlamentaria que permita avanzar en la evaluaci\u00f3n y la modernizaci\u00f3n de nuestro Estado auton\u00f3mico. Una iniciativa que, precisamente, pudo ayer comentar con el presidente del Gobierno, al que encontr\u00f3 \u00aben disposici\u00f3n favorable\u00bb.<\/p>\n<p>\u00abDurante los pr\u00f3ximos d\u00edas me empe\u00f1ar\u00e9 personalmente en hablar con todos los l\u00edderes de las fuerzas parlamentarias, sin exclusiones, para lograr el m\u00e1ximo apoyo posible, para lograr sumar el m\u00e1ximo posible de fuerzas pol\u00edticas hacia un S\u00ed a la creaci\u00f3n de esta Comisi\u00f3n, que ser\u00eda un S\u00ed a la reconstrucci\u00f3n de esa Espa\u00f1a que ahora mismo est\u00e1 puesta en cuesti\u00f3n\u00bb, a\u00f1adi\u00f3.<\/p>\n<p>Pedro S\u00e1nchez ha concluido asegurando que \u00abEspa\u00f1a tendr\u00e1 que decidir cuando haya elecciones entre el pasado o el futuro. Entre el miedo o la esperanza\u00bb, y que \u00abnuestro reto es construir durante estos meses esa alternativa\u00bb, as\u00ed como \u00abpreparar a nuestro partido para las pr\u00f3ximas elecciones europeas, auton\u00f3micas y municipales para ser primera fuerza pol\u00edtica en nuestro pa\u00eds y llevar hasta el \u00faltimo rinc\u00f3n de Espa\u00f1a el cambio que necesita\u00bb.<\/p>\n<p>&nbsp;<\/p>\n","protected":false},"excerpt":{"rendered":"<p>El secretario general, Pedro S\u00e1nchez, anunci\u00f3 esta ma\u00f1ana que su partido va a \u00abproponer a los agentes sociales y al Gobierno un nuevo Pacto de Rentas que eleve los salarios de los trabajadores en un 2,5% de media en 2018. Es decir, una subida como m\u00ednimo del 2% y hasta un 3% durante el pr\u00f3ximo [&hellip;]<\/p>\n","protected":false},"author":1,"featured_media":793321,"comment_status":"closed","ping_status":"closed","sticky":false,"template":"","format":"standard","meta":{"footnotes":""},"categories":[1],"tags":[],"class_list":["post-951833","post","type-post","status-publish","format-standard","has-post-thumbnail","hentry","category-actualidad"],"aioseo_notices":[],"aioseo_head":"\n\t\t<!-- All in One SEO Pro 5.0.1 - aioseo.com -->\n\t<meta name=\"description\" content=\"El secretario general, Pedro S\u00e1nchez, anunci\u00f3 esta ma\u00f1ana que su partido va a &quot;proponer a los agentes sociales y al Gobierno un nuevo Pacto de Rentas que eleve los salarios de los trabajadores en un 2,5% de media en 2018. Es decir, una subida como m\u00ednimo del 2% y hasta un 3% durante el pr\u00f3ximo\" \/>\n\t<meta name=\"robots\" content=\"max-image-preview:large\" \/>\n\t<meta name=\"author\" content=\"El Digital de Asturias\"\/>\n\t<meta name=\"google-site-verification\" content=\"UA-38556648-1\" \/>\n\t<meta name=\"msvalidate.01\" content=\"7dfe9f3f1b24437ab69f4f2559babe99\" \/>\n\t<meta name=\"keywords\" content=\"actualidad\" \/>\n\t<link rel=\"canonical\" href=\"https:\/\/www.eldigitaldeasturias.com\/noticias\/pedro-sanchez-espana-tendra-que-decidir-entre-el-miedo-o-la-esperanza\/\" \/>\n\t<meta name=\"generator\" content=\"All in One SEO Pro (AIOSEO) 5.0.1\" \/>\n\t\t<meta property=\"og:locale\" content=\"es_ES\" \/>\n\t\t<meta property=\"og:site_name\" content=\"El Digital de Asturias\" \/>\n\t\t<meta property=\"og:type\" content=\"article\" \/>\n\t\t<meta property=\"og:title\" content=\"Pedro S\u00e1nchez: \u00abEspa\u00f1a tendr\u00e1 que decidir entre el miedo o la esperanza\u201d - El Digital de Asturias\" \/>\n\t\t<meta property=\"og:description\" content=\"El secretario general, Pedro S\u00e1nchez, anunci\u00f3 esta ma\u00f1ana que su partido va a &quot;proponer a los agentes sociales y al Gobierno un nuevo Pacto de Rentas que eleve los salarios de los trabajadores en un 2,5% de media en 2018. Es decir, una subida como m\u00ednimo del 2% y hasta un 3% durante el pr\u00f3ximo\" \/>\n\t\t<meta property=\"og:url\" content=\"https:\/\/www.eldigitaldeasturias.com\/noticias\/pedro-sanchez-espana-tendra-que-decidir-entre-el-miedo-o-la-esperanza\/\" \/>\n\t\t<meta property=\"article:tag\" content=\"actualidad\" \/>\n\t\t<meta property=\"article:published_time\" content=\"2017-09-05T15:03:46+00:00\" \/>\n\t\t<meta property=\"article:modified_time\" content=\"2017-09-05T15:03:46+00:00\" \/>\n\t\t<meta property=\"article:publisher\" content=\"https:\/\/facebook.com\/eldigitaldeasturias\" \/>\n\t\t<meta name=\"twitter:card\" content=\"summary_large_image\" \/>\n\t\t<meta name=\"twitter:title\" content=\"Pedro S\u00e1nchez: \u00abEspa\u00f1a tendr\u00e1 que decidir entre el miedo o la esperanza\u201d - El Digital de Asturias\" \/>\n\t\t<meta name=\"twitter:description\" content=\"El secretario general, Pedro S\u00e1nchez, anunci\u00f3 esta ma\u00f1ana que su partido va a &quot;proponer a los agentes sociales y al Gobierno un nuevo Pacto de Rentas que eleve los salarios de los trabajadores en un 2,5% de media en 2018. Es decir, una subida como m\u00ednimo del 2% y hasta un 3% durante el pr\u00f3ximo\" \/>\n\t\t<meta name=\"twitter:image\" content=\"https:\/\/www.eldigitaldeasturias.com\/noticias\/wp-content\/uploads\/2020\/12\/EDA-1.jpg\" \/>\n\t\t<meta name=\"twitter:label1\" content=\"Escrito por\" \/>\n\t\t<meta name=\"twitter:data1\" content=\"El Digital de Asturias\" \/>\n\t\t<meta name=\"twitter:label2\" content=\"Tiempo de lectura estimado\" \/>\n\t\t<meta name=\"twitter:data2\" content=\"5 minutos\" \/>\n\t\t<script type=\"application\/ld+json\" class=\"aioseo-schema\">\n\t\t\t{\"@context\":\"https:\\\/\\\/schema.org\",\"@graph\":[{\"@type\":\"BlogPosting\",\"@id\":\"https:\\\/\\\/www.eldigitaldeasturias.com\\\/noticias\\\/pedro-sanchez-espana-tendra-que-decidir-entre-el-miedo-o-la-esperanza\\\/#blogposting\",\"name\":\"Pedro S\\u00e1nchez: \\u00abEspa\\u00f1a tendr\\u00e1 que decidir entre el miedo o la esperanza\\u201d - El Digital de Asturias\",\"headline\":\"Pedro S\\u00e1nchez: \\u00abEspa\\u00f1a tendr\\u00e1 que decidir entre el miedo o la esperanza\\u201d\",\"author\":{\"@id\":\"https:\\\/\\\/www.eldigitaldeasturias.com\\\/noticias\\\/author\\\/admin\\\/#author\"},\"publisher\":{\"@id\":\"https:\\\/\\\/www.eldigitaldeasturias.com\\\/noticias\\\/#organization\"},\"image\":{\"@type\":\"ImageObject\",\"url\":793321},\"datePublished\":\"2017-09-05T15:03:46+02:00\",\"dateModified\":\"2017-09-05T15:03:46+02:00\",\"inLanguage\":\"es-ES\",\"mainEntityOfPage\":{\"@id\":\"https:\\\/\\\/www.eldigitaldeasturias.com\\\/noticias\\\/pedro-sanchez-espana-tendra-que-decidir-entre-el-miedo-o-la-esperanza\\\/#webpage\"},\"isPartOf\":{\"@id\":\"https:\\\/\\\/www.eldigitaldeasturias.com\\\/noticias\\\/pedro-sanchez-espana-tendra-que-decidir-entre-el-miedo-o-la-esperanza\\\/#webpage\"},\"articleSection\":\"Actualidad\"},{\"@type\":\"BreadcrumbList\",\"@id\":\"https:\\\/\\\/www.eldigitaldeasturias.com\\\/noticias\\\/pedro-sanchez-espana-tendra-que-decidir-entre-el-miedo-o-la-esperanza\\\/#breadcrumblist\",\"itemListElement\":[{\"@type\":\"ListItem\",\"@id\":\"https:\\\/\\\/www.eldigitaldeasturias.com\\\/noticias#listItem\",\"position\":1,\"name\":\"Home\",\"item\":\"https:\\\/\\\/www.eldigitaldeasturias.com\\\/noticias\",\"nextItem\":{\"@type\":\"ListItem\",\"@id\":\"https:\\\/\\\/www.eldigitaldeasturias.com\\\/noticias\\\/category\\\/actualidad\\\/#listItem\",\"name\":\"Actualidad\"}},{\"@type\":\"ListItem\",\"@id\":\"https:\\\/\\\/www.eldigitaldeasturias.com\\\/noticias\\\/category\\\/actualidad\\\/#listItem\",\"position\":2,\"name\":\"Actualidad\",\"item\":\"https:\\\/\\\/www.eldigitaldeasturias.com\\\/noticias\\\/category\\\/actualidad\\\/\",\"nextItem\":{\"@type\":\"ListItem\",\"@id\":\"https:\\\/\\\/www.eldigitaldeasturias.com\\\/noticias\\\/pedro-sanchez-espana-tendra-que-decidir-entre-el-miedo-o-la-esperanza\\\/#listItem\",\"name\":\"Pedro S\\u00e1nchez: \\u00abEspa\\u00f1a tendr\\u00e1 que decidir entre el miedo o la esperanza\\u201d\"},\"previousItem\":{\"@type\":\"ListItem\",\"@id\":\"https:\\\/\\\/www.eldigitaldeasturias.com\\\/noticias#listItem\",\"name\":\"Home\"}},{\"@type\":\"ListItem\",\"@id\":\"https:\\\/\\\/www.eldigitaldeasturias.com\\\/noticias\\\/pedro-sanchez-espana-tendra-que-decidir-entre-el-miedo-o-la-esperanza\\\/#listItem\",\"position\":3,\"name\":\"Pedro S\\u00e1nchez: \\u00abEspa\\u00f1a tendr\\u00e1 que decidir entre el miedo o la esperanza\\u201d\",\"previousItem\":{\"@type\":\"ListItem\",\"@id\":\"https:\\\/\\\/www.eldigitaldeasturias.com\\\/noticias\\\/category\\\/actualidad\\\/#listItem\",\"name\":\"Actualidad\"}}]},{\"@type\":\"Organization\",\"@id\":\"https:\\\/\\\/www.eldigitaldeasturias.com\\\/noticias\\\/#organization\",\"name\":\"El Digital de Asturias\",\"description\":\"Hemeroteca\",\"url\":\"https:\\\/\\\/www.eldigitaldeasturias.com\\\/noticias\\\/\",\"email\":\"info@eldigitaldeasturias.com\",\"telephone\":\"+34652131393\",\"logo\":{\"@type\":\"ImageObject\",\"url\":\"https:\\\/\\\/www.eldigitaldeasturias.com\\\/noticias\\\/wp-content\\\/uploads\\\/2020\\\/12\\\/EDA.jpg\",\"@id\":\"https:\\\/\\\/www.eldigitaldeasturias.com\\\/noticias\\\/pedro-sanchez-espana-tendra-que-decidir-entre-el-miedo-o-la-esperanza\\\/#organizationLogo\"},\"image\":{\"@id\":\"https:\\\/\\\/www.eldigitaldeasturias.com\\\/noticias\\\/pedro-sanchez-espana-tendra-que-decidir-entre-el-miedo-o-la-esperanza\\\/#organizationLogo\"},\"sameAs\":[\"https:\\\/\\\/facebook.com\\\/eldigitaldeasturias\",\"https:\\\/\\\/www.youtube.com\\\/channel\\\/UCZP-2wLEB9Rv6erhFmqVnvg\"],\"address\":{\"@id\":\"https:\\\/\\\/www.eldigitaldeasturias.com\\\/noticias\\\/#postaladdress\",\"@type\":\"PostalAddress\",\"streetAddress\":\"san antonio 4\",\"postalCode\":\"33430\",\"addressLocality\":\"Cand\\u00e1s\",\"addressRegion\":\"Asturias\",\"addressCountry\":\"ES\"}},{\"@type\":\"Person\",\"@id\":\"https:\\\/\\\/www.eldigitaldeasturias.com\\\/noticias\\\/author\\\/admin\\\/#author\",\"url\":\"https:\\\/\\\/www.eldigitaldeasturias.com\\\/noticias\\\/author\\\/admin\\\/\",\"name\":\"El Digital de Asturias\",\"image\":{\"@type\":\"ImageObject\",\"@id\":\"https:\\\/\\\/www.eldigitaldeasturias.com\\\/noticias\\\/pedro-sanchez-espana-tendra-que-decidir-entre-el-miedo-o-la-esperanza\\\/#authorImage\",\"url\":\"https:\\\/\\\/secure.gravatar.com\\\/avatar\\\/df2aeffc32bcd13f8d26072ef8a91b623d677766deac7f97ca815868cd41bf5e?s=96&d=mm&r=g\",\"width\":96,\"height\":96,\"caption\":\"El Digital de Asturias\"}},{\"@type\":\"WebPage\",\"@id\":\"https:\\\/\\\/www.eldigitaldeasturias.com\\\/noticias\\\/pedro-sanchez-espana-tendra-que-decidir-entre-el-miedo-o-la-esperanza\\\/#webpage\",\"url\":\"https:\\\/\\\/www.eldigitaldeasturias.com\\\/noticias\\\/pedro-sanchez-espana-tendra-que-decidir-entre-el-miedo-o-la-esperanza\\\/\",\"name\":\"Pedro S\\u00e1nchez: \\u00abEspa\\u00f1a tendr\\u00e1 que decidir entre el miedo o la esperanza\\u201d - El Digital de Asturias\",\"description\":\"El secretario general, Pedro S\\u00e1nchez, anunci\\u00f3 esta ma\\u00f1ana que su partido va a \\\"proponer a los agentes sociales y al Gobierno un nuevo Pacto de Rentas que eleve los salarios de los trabajadores en un 2,5% de media en 2018. Es decir, una subida como m\\u00ednimo del 2% y hasta un 3% durante el pr\\u00f3ximo\",\"inLanguage\":\"es-ES\",\"isPartOf\":{\"@id\":\"https:\\\/\\\/www.eldigitaldeasturias.com\\\/noticias\\\/#website\"},\"breadcrumb\":{\"@id\":\"https:\\\/\\\/www.eldigitaldeasturias.com\\\/noticias\\\/pedro-sanchez-espana-tendra-que-decidir-entre-el-miedo-o-la-esperanza\\\/#breadcrumblist\"},\"author\":{\"@id\":\"https:\\\/\\\/www.eldigitaldeasturias.com\\\/noticias\\\/author\\\/admin\\\/#author\"},\"creator\":{\"@id\":\"https:\\\/\\\/www.eldigitaldeasturias.com\\\/noticias\\\/author\\\/admin\\\/#author\"},\"image\":{\"@type\":\"ImageObject\",\"url\":793321,\"@id\":\"https:\\\/\\\/www.eldigitaldeasturias.com\\\/noticias\\\/pedro-sanchez-espana-tendra-que-decidir-entre-el-miedo-o-la-esperanza\\\/#mainImage\"},\"primaryImageOfPage\":{\"@id\":\"https:\\\/\\\/www.eldigitaldeasturias.com\\\/noticias\\\/pedro-sanchez-espana-tendra-que-decidir-entre-el-miedo-o-la-esperanza\\\/#mainImage\"},\"datePublished\":\"2017-09-05T15:03:46+02:00\",\"dateModified\":\"2017-09-05T15:03:46+02:00\"},{\"@type\":\"WebSite\",\"@id\":\"https:\\\/\\\/www.eldigitaldeasturias.com\\\/noticias\\\/#website\",\"url\":\"https:\\\/\\\/www.eldigitaldeasturias.com\\\/noticias\\\/\",\"name\":\"El Digital de Asturias - Diario de actualidad y noticias\",\"alternateName\":\"El Digital de Asturias - Diario de actualidad y noticias\",\"description\":\"Hemeroteca\",\"inLanguage\":\"es-ES\",\"publisher\":{\"@id\":\"https:\\\/\\\/www.eldigitaldeasturias.com\\\/noticias\\\/#organization\"}}]}\n\t\t<\/script>\n\t\t<!-- All in One SEO Pro -->\r\n\t\t<title>Pedro S\u00e1nchez: \u00abEspa\u00f1a tendr\u00e1 que decidir entre el miedo o la esperanza\u201d - El Digital de Asturias<\/title>\n\n","aioseo_head_json":{"title":"Pedro S\u00e1nchez: \u00abEspa\u00f1a tendr\u00e1 que decidir entre el miedo o la esperanza\u201d - El Digital de Asturias","description":"El secretario general, Pedro S\u00e1nchez, anunci\u00f3 esta ma\u00f1ana que su partido va a \"proponer a los agentes sociales y al Gobierno un nuevo Pacto de Rentas que eleve los salarios de los trabajadores en un 2,5% de media en 2018. Es decir, una subida como m\u00ednimo del 2% y hasta un 3% durante el pr\u00f3ximo","canonical_url":"https:\/\/www.eldigitaldeasturias.com\/noticias\/pedro-sanchez-espana-tendra-que-decidir-entre-el-miedo-o-la-esperanza\/","robots":"max-image-preview:large","keywords":"actualidad","webmasterTools":{"google-site-verification":"UA-38556648-1","msvalidate.01":"7dfe9f3f1b24437ab69f4f2559babe99","miscellaneous":""},"schema":{"@context":"https:\/\/schema.org","@graph":[{"@type":"BlogPosting","@id":"https:\/\/www.eldigitaldeasturias.com\/noticias\/pedro-sanchez-espana-tendra-que-decidir-entre-el-miedo-o-la-esperanza\/#blogposting","name":"Pedro S\u00e1nchez: \u00abEspa\u00f1a tendr\u00e1 que decidir entre el miedo o la esperanza\u201d - El Digital de Asturias","headline":"Pedro S\u00e1nchez: \u00abEspa\u00f1a tendr\u00e1 que decidir entre el miedo o la esperanza\u201d","author":{"@id":"https:\/\/www.eldigitaldeasturias.com\/noticias\/author\/admin\/#author"},"publisher":{"@id":"https:\/\/www.eldigitaldeasturias.com\/noticias\/#organization"},"image":{"@type":"ImageObject","url":793321},"datePublished":"2017-09-05T15:03:46+02:00","dateModified":"2017-09-05T15:03:46+02:00","inLanguage":"es-ES","mainEntityOfPage":{"@id":"https:\/\/www.eldigitaldeasturias.com\/noticias\/pedro-sanchez-espana-tendra-que-decidir-entre-el-miedo-o-la-esperanza\/#webpage"},"isPartOf":{"@id":"https:\/\/www.eldigitaldeasturias.com\/noticias\/pedro-sanchez-espana-tendra-que-decidir-entre-el-miedo-o-la-esperanza\/#webpage"},"articleSection":"Actualidad"},{"@type":"BreadcrumbList","@id":"https:\/\/www.eldigitaldeasturias.com\/noticias\/pedro-sanchez-espana-tendra-que-decidir-entre-el-miedo-o-la-esperanza\/#breadcrumblist","itemListElement":[{"@type":"ListItem","@id":"https:\/\/www.eldigitaldeasturias.com\/noticias#listItem","position":1,"name":"Home","item":"https:\/\/www.eldigitaldeasturias.com\/noticias","nextItem":{"@type":"ListItem","@id":"https:\/\/www.eldigitaldeasturias.com\/noticias\/category\/actualidad\/#listItem","name":"Actualidad"}},{"@type":"ListItem","@id":"https:\/\/www.eldigitaldeasturias.com\/noticias\/category\/actualidad\/#listItem","position":2,"name":"Actualidad","item":"https:\/\/www.eldigitaldeasturias.com\/noticias\/category\/actualidad\/","nextItem":{"@type":"ListItem","@id":"https:\/\/www.eldigitaldeasturias.com\/noticias\/pedro-sanchez-espana-tendra-que-decidir-entre-el-miedo-o-la-esperanza\/#listItem","name":"Pedro S\u00e1nchez: \u00abEspa\u00f1a tendr\u00e1 que decidir entre el miedo o la esperanza\u201d"},"previousItem":{"@type":"ListItem","@id":"https:\/\/www.eldigitaldeasturias.com\/noticias#listItem","name":"Home"}},{"@type":"ListItem","@id":"https:\/\/www.eldigitaldeasturias.com\/noticias\/pedro-sanchez-espana-tendra-que-decidir-entre-el-miedo-o-la-esperanza\/#listItem","position":3,"name":"Pedro S\u00e1nchez: \u00abEspa\u00f1a tendr\u00e1 que decidir entre el miedo o la esperanza\u201d","previousItem":{"@type":"ListItem","@id":"https:\/\/www.eldigitaldeasturias.com\/noticias\/category\/actualidad\/#listItem","name":"Actualidad"}}]},{"@type":"Organization","@id":"https:\/\/www.eldigitaldeasturias.com\/noticias\/#organization","name":"El Digital de Asturias","description":"Hemeroteca","url":"https:\/\/www.eldigitaldeasturias.com\/noticias\/","email":"info@eldigitaldeasturias.com","telephone":"+34652131393","logo":{"@type":"ImageObject","url":"https:\/\/www.eldigitaldeasturias.com\/noticias\/wp-content\/uploads\/2020\/12\/EDA.jpg","@id":"https:\/\/www.eldigitaldeasturias.com\/noticias\/pedro-sanchez-espana-tendra-que-decidir-entre-el-miedo-o-la-esperanza\/#organizationLogo"},"image":{"@id":"https:\/\/www.eldigitaldeasturias.com\/noticias\/pedro-sanchez-espana-tendra-que-decidir-entre-el-miedo-o-la-esperanza\/#organizationLogo"},"sameAs":["https:\/\/facebook.com\/eldigitaldeasturias","https:\/\/www.youtube.com\/channel\/UCZP-2wLEB9Rv6erhFmqVnvg"],"address":{"@id":"https:\/\/www.eldigitaldeasturias.com\/noticias\/#postaladdress","@type":"PostalAddress","streetAddress":"san antonio 4","postalCode":"33430","addressLocality":"Cand\u00e1s","addressRegion":"Asturias","addressCountry":"ES"}},{"@type":"Person","@id":"https:\/\/www.eldigitaldeasturias.com\/noticias\/author\/admin\/#author","url":"https:\/\/www.eldigitaldeasturias.com\/noticias\/author\/admin\/","name":"El Digital de Asturias","image":{"@type":"ImageObject","@id":"https:\/\/www.eldigitaldeasturias.com\/noticias\/pedro-sanchez-espana-tendra-que-decidir-entre-el-miedo-o-la-esperanza\/#authorImage","url":"https:\/\/secure.gravatar.com\/avatar\/df2aeffc32bcd13f8d26072ef8a91b623d677766deac7f97ca815868cd41bf5e?s=96&d=mm&r=g","width":96,"height":96,"caption":"El Digital de Asturias"}},{"@type":"WebPage","@id":"https:\/\/www.eldigitaldeasturias.com\/noticias\/pedro-sanchez-espana-tendra-que-decidir-entre-el-miedo-o-la-esperanza\/#webpage","url":"https:\/\/www.eldigitaldeasturias.com\/noticias\/pedro-sanchez-espana-tendra-que-decidir-entre-el-miedo-o-la-esperanza\/","name":"Pedro S\u00e1nchez: \u00abEspa\u00f1a tendr\u00e1 que decidir entre el miedo o la esperanza\u201d - El Digital de Asturias","description":"El secretario general, Pedro S\u00e1nchez, anunci\u00f3 esta ma\u00f1ana que su partido va a \"proponer a los agentes sociales y al Gobierno un nuevo Pacto de Rentas que eleve los salarios de los trabajadores en un 2,5% de media en 2018. Es decir, una subida como m\u00ednimo del 2% y hasta un 3% durante el pr\u00f3ximo","inLanguage":"es-ES","isPartOf":{"@id":"https:\/\/www.eldigitaldeasturias.com\/noticias\/#website"},"breadcrumb":{"@id":"https:\/\/www.eldigitaldeasturias.com\/noticias\/pedro-sanchez-espana-tendra-que-decidir-entre-el-miedo-o-la-esperanza\/#breadcrumblist"},"author":{"@id":"https:\/\/www.eldigitaldeasturias.com\/noticias\/author\/admin\/#author"},"creator":{"@id":"https:\/\/www.eldigitaldeasturias.com\/noticias\/author\/admin\/#author"},"image":{"@type":"ImageObject","url":793321,"@id":"https:\/\/www.eldigitaldeasturias.com\/noticias\/pedro-sanchez-espana-tendra-que-decidir-entre-el-miedo-o-la-esperanza\/#mainImage"},"primaryImageOfPage":{"@id":"https:\/\/www.eldigitaldeasturias.com\/noticias\/pedro-sanchez-espana-tendra-que-decidir-entre-el-miedo-o-la-esperanza\/#mainImage"},"datePublished":"2017-09-05T15:03:46+02:00","dateModified":"2017-09-05T15:03:46+02:00"},{"@type":"WebSite","@id":"https:\/\/www.eldigitaldeasturias.com\/noticias\/#website","url":"https:\/\/www.eldigitaldeasturias.com\/noticias\/","name":"El Digital de Asturias - Diario de actualidad y noticias","alternateName":"El Digital de Asturias - Diario de actualidad y noticias","description":"Hemeroteca","inLanguage":"es-ES","publisher":{"@id":"https:\/\/www.eldigitaldeasturias.com\/noticias\/#organization"}}]},"og:locale":"es_ES","og:site_name":"El Digital de Asturias","og:type":"article","og:title":"Pedro S\u00e1nchez: \u00abEspa\u00f1a tendr\u00e1 que decidir entre el miedo o la esperanza\u201d - El Digital de Asturias","og:description":"El secretario general, Pedro S\u00e1nchez, anunci\u00f3 esta ma\u00f1ana que su partido va a &quot;proponer a los agentes sociales y al Gobierno un nuevo Pacto de Rentas que eleve los salarios de los trabajadores en un 2,5% de media en 2018. Es decir, una subida como m\u00ednimo del 2% y hasta un 3% durante el pr\u00f3ximo","og:url":"https:\/\/www.eldigitaldeasturias.com\/noticias\/pedro-sanchez-espana-tendra-que-decidir-entre-el-miedo-o-la-esperanza\/","article:tag":["actualidad"],"article:published_time":"2017-09-05T15:03:46+00:00","article:modified_time":"2017-09-05T15:03:46+00:00","article:publisher":"https:\/\/facebook.com\/eldigitaldeasturias","twitter:card":"summary_large_image","twitter:title":"Pedro S\u00e1nchez: \u00abEspa\u00f1a tendr\u00e1 que decidir entre el miedo o la esperanza\u201d - El Digital de Asturias","twitter:description":"El secretario general, Pedro S\u00e1nchez, anunci\u00f3 esta ma\u00f1ana que su partido va a &quot;proponer a los agentes sociales y al Gobierno un nuevo Pacto de Rentas que eleve los salarios de los trabajadores en un 2,5% de media en 2018. Es decir, una subida como m\u00ednimo del 2% y hasta un 3% durante el pr\u00f3ximo","twitter:image":"https:\/\/www.eldigitaldeasturias.com\/noticias\/wp-content\/uploads\/2020\/12\/EDA-1.jpg","twitter:label1":"Escrito por","twitter:data1":"El Digital de Asturias","twitter:label2":"Tiempo de lectura estimado","twitter:data2":"5 minutos"},"aioseo_meta_data":{"post_id":"951833","title":null,"description":null,"keywords":null,"keyphrases":null,"primary_term":null,"canonical_url":null,"og_title":null,"og_description":null,"og_object_type":"default","og_image_type":"default","og_image_url":null,"og_image_width":null,"og_image_height":null,"og_image_custom_url":null,"og_image_custom_fields":null,"og_video":null,"og_custom_url":null,"og_article_section":null,"og_article_tags":null,"twitter_use_og":false,"twitter_card":"default","twitter_image_type":"default","twitter_image_url":null,"twitter_image_custom_url":null,"twitter_image_custom_fields":null,"twitter_title":null,"twitter_description":null,"schema":{"blockGraphs":[],"customGraphs":[],"default":{"data":{"Article":[],"Course":[],"Dataset":[],"FAQPage":[],"Movie":[],"Person":[],"Product":[],"ProductReview":[],"Car":[],"Recipe":[],"Service":[],"SoftwareApplication":[],"WebPage":[]},"graphName":"","isEnabled":true},"graphs":[],"defaultGraph":"","defaultPostTypeGraph":""},"schema_type":null,"schema_type_options":null,"pillar_content":false,"robots_default":true,"robots_noindex":false,"robots_noarchive":false,"robots_nosnippet":false,"robots_nofollow":false,"robots_noimageindex":false,"robots_noodp":false,"robots_notranslate":false,"robots_max_snippet":null,"robots_max_videopreview":null,"robots_max_imagepreview":"large","priority":null,"frequency":null,"local_seo":null,"seo_analyzer_scan_date":"2025-12-05 20:37:09","breadcrumb_settings":null,"limit_modified_date":false,"open_ai":null,"ai":null,"created":"2020-12-21 12:58:02","updated":"2025-12-05 20:37:09","focus_keyword":null,"additional_keywords":null,"truseo_locale":null},"aioseo_breadcrumb":"<div class=\"aioseo-breadcrumbs\"><span class=\"aioseo-breadcrumb\">\n\t<a href=\"https:\/\/www.eldigitaldeasturias.com\/noticias\" title=\"Home\">Home<\/a>\n<\/span><span class=\"aioseo-breadcrumb-separator\">\u2013<\/span><span class=\"aioseo-breadcrumb\">\n\t<a href=\"https:\/\/www.eldigitaldeasturias.com\/noticias\/category\/actualidad\/\" title=\"Actualidad\">Actualidad<\/a>\n<\/span><span class=\"aioseo-breadcrumb-separator\">\u2013<\/span><span class=\"aioseo-breadcrumb\">\n\t<a href=\"https:\/\/www.eldigitaldeasturias.com\/noticias\/pedro-sanchez-espana-tendra-que-decidir-entre-el-miedo-o-la-esperanza\/\" title=\"Pedro S\u00e1nchez: \u00abEspa\u00f1a tendr\u00e1 que decidir entre el miedo o la esperanza\u201d\">Pedro S\u00e1nchez: \u00abEspa\u00f1a tendr\u00e1 que decidir entre el miedo o la esperanza\u201d<\/a>\n<\/span><\/div>","aioseo_breadcrumb_json":[{"label":"Home","link":"https:\/\/www.eldigitaldeasturias.com\/noticias"},{"label":"Actualidad","link":"https:\/\/www.eldigitaldeasturias.com\/noticias\/category\/actualidad\/"},{"label":"Pedro S\u00e1nchez: \u00abEspa\u00f1a tendr\u00e1 que decidir entre el miedo o la esperanza\u201d","link":"https:\/\/www.eldigitaldeasturias.com\/noticias\/pedro-sanchez-espana-tendra-que-decidir-entre-el-miedo-o-la-esperanza\/"}],"_links":{"self":[{"href":"https:\/\/www.eldigitaldeasturias.com\/noticias\/wp-json\/wp\/v2\/posts\/951833","targetHints":{"allow":["GET"]}}],"collection":[{"href":"https:\/\/www.eldigitaldeasturias.com\/noticias\/wp-json\/wp\/v2\/posts"}],"about":[{"href":"https:\/\/www.eldigitaldeasturias.com\/noticias\/wp-json\/wp\/v2\/types\/post"}],"author":[{"embeddable":true,"href":"https:\/\/www.eldigitaldeasturias.com\/noticias\/wp-json\/wp\/v2\/users\/1"}],"replies":[{"embeddable":true,"href":"https:\/\/www.eldigitaldeasturias.com\/noticias\/wp-json\/wp\/v2\/comments?post=951833"}],"version-history":[{"count":0,"href":"https:\/\/www.eldigitaldeasturias.com\/noticias\/wp-json\/wp\/v2\/posts\/951833\/revisions"}],"wp:attachment":[{"href":"https:\/\/www.eldigitaldeasturias.com\/noticias\/wp-json\/wp\/v2\/media?parent=951833"}],"wp:term":[{"taxonomy":"category","embeddable":true,"href":"https:\/\/www.eldigitaldeasturias.com\/noticias\/wp-json\/wp\/v2\/categories?post=951833"},{"taxonomy":"post_tag","embeddable":true,"href":"https:\/\/www.eldigitaldeasturias.com\/noticias\/wp-json\/wp\/v2\/tags?post=951833"}],"curies":[{"name":"wp","href":"https:\/\/api.w.org\/{rel}","templated":true}]}}