{"id":951821,"date":"2017-09-05T14:54:28","date_gmt":"2017-09-05T14:54:28","guid":{"rendered":"http:\/\/www.eldigitaldeasturias.com\/noticias\/?p=951821"},"modified":"2017-09-05T14:54:28","modified_gmt":"2017-09-05T14:54:28","slug":"comunicado-del-ministerio-de-hacienda-y-funcion-publica-sobre-la-agencia-tributaria-catalana","status":"publish","type":"post","link":"https:\/\/www.eldigitaldeasturias.com\/noticias\/comunicado-del-ministerio-de-hacienda-y-funcion-publica-sobre-la-agencia-tributaria-catalana\/","title":{"rendered":"Comunicado del Ministerio de Hacienda y Funci\u00f3n P\u00fablica sobre la Agencia Tributaria Catalana"},"content":{"rendered":"<p><img loading=\"lazy\" decoding=\"async\" class=\"alignleft size-medium wp-image-951822\" src=\"https:\/\/www.eldigitaldeasturias.com\/noticias\/wp-content\/uploads\/2017\/09\/MinisterioHacienda-360x239.jpg\" alt=\"\" width=\"360\" height=\"239\" \/>El Ministerio de Hacienda y Funci\u00f3n P\u00fablica aclara que, en el marco del sistema de financiaci\u00f3n auton\u00f3mico, Catalu\u00f1a, como las dem\u00e1s comunidades aut\u00f3nomas de r\u00e9gimen com\u00fan, dispone de su propia Administraci\u00f3n Tributaria, que es competente para gestionar sus propios tributos y los tributos estatales cuya recaudaci\u00f3n se cede \u00edntegramente a las CCAA de r\u00e9gimen com\u00fan.<\/p>\n<p>Son tributos estatales cuya recaudaci\u00f3n se cede de manera \u00edntegra a las comunidades de r\u00e9gimen com\u00fan el Impuesto sobre el Patrimonio, el Impuesto sobre Sucesiones y Donaciones, el Impuesto sobre Transmisiones Patrimoniales y Actos Jur\u00eddicos Documentados, los tributos sobre el juego y el Impuesto Especial sobre Determinados Medios de Transporte.<\/p>\n<p>El Ministerio recuerda que para el resto de tributos la normativa establece que los deberes de presentar las declaraciones y de pagar las deudas tributarias s\u00f3lo se tienen por cumplidos si se realizan en la Administraci\u00f3n Tributaria competente. Si se presentan ante otra Administraci\u00f3n, las declaraciones se tendr\u00e1n por no presentadas y las deudas por no pagadas.<\/p>\n<p>En consecuencia, en el caso de los impuestos cuya gesti\u00f3n corresponde al Estado, la AEAT podr\u00eda iniciar procedimientos de comprobaci\u00f3n, liquidar la deuda tributaria e imponer sanciones, as\u00ed como iniciar el procedimiento de apremio para hacer efectivo el importe de la deuda.<\/p>\n<p>En su caso, estas conductas podr\u00edan ser constitutivas de delito contra la Hacienda P\u00fablica. En este sentido, se debe recordar que las personas jur\u00eddicas no tienen s\u00f3lo responsabilidad tributaria, sino tambi\u00e9n responsabilidad penal, de acuerdo con el C\u00f3digo Penal. Adem\u00e1s, sus administradores pueden incurrir en responsabilidad tributaria, como responsables solidarios o subsidiarios del pago de la deuda tributaria defraudada, en funci\u00f3n de su grado de participaci\u00f3n en la infracci\u00f3n tributaria.<\/p>\n<p>La Generalitat cre\u00f3 en 2007 la Agencia Tributaria de Catalu\u00f1a (ATC), como ente encargado de la aplicaci\u00f3n de los tributos cuya gesti\u00f3n corresponde a la Generalitat, como otras comunidades aut\u00f3nomas disponen tambi\u00e9n de sus propias Agencias Tributarias auton\u00f3micas. La Generalitat ha aprobado disposiciones para impulsar la ATC y poder convertirla en la \u00abHacienda propia\u00bb de Catalu\u00f1a, pero el Tribunal Constitucional ha anulado todas aquellas previsiones que exced\u00edan el marco constitucional y estatutario.<\/p>\n<p>&nbsp;<\/p>\n","protected":false},"excerpt":{"rendered":"<p>El Ministerio de Hacienda y Funci\u00f3n P\u00fablica aclara que, en el marco del sistema de financiaci\u00f3n auton\u00f3mico, Catalu\u00f1a, como las dem\u00e1s comunidades aut\u00f3nomas de r\u00e9gimen com\u00fan, dispone de su propia Administraci\u00f3n Tributaria, que es competente para gestionar sus propios tributos y los tributos estatales cuya recaudaci\u00f3n se cede \u00edntegramente a las CCAA de r\u00e9gimen com\u00fan. [&hellip;]<\/p>\n","protected":false},"author":1,"featured_media":951822,"comment_status":"closed","ping_status":"closed","sticky":false,"template":"","format":"standard","meta":{"footnotes":""},"categories":[1],"tags":[],"class_list":["post-951821","post","type-post","status-publish","format-standard","has-post-thumbnail","hentry","category-actualidad"],"aioseo_notices":[],"aioseo_head":"\n\t\t<!-- All in One SEO Pro 5.0.1 - aioseo.com -->\n\t<meta name=\"description\" content=\"El Ministerio de Hacienda y Funci\u00f3n P\u00fablica aclara que, en el marco del sistema de financiaci\u00f3n auton\u00f3mico, Catalu\u00f1a, como las dem\u00e1s comunidades aut\u00f3nomas de r\u00e9gimen com\u00fan, dispone de su propia Administraci\u00f3n Tributaria, que es competente para gestionar sus propios tributos y los tributos estatales cuya recaudaci\u00f3n se cede \u00edntegramente a las CCAA de r\u00e9gimen com\u00fan.\" \/>\n\t<meta name=\"robots\" content=\"max-image-preview:large\" \/>\n\t<meta name=\"author\" content=\"El Digital de Asturias\"\/>\n\t<meta name=\"google-site-verification\" content=\"UA-38556648-1\" \/>\n\t<meta name=\"msvalidate.01\" content=\"7dfe9f3f1b24437ab69f4f2559babe99\" \/>\n\t<meta name=\"keywords\" content=\"actualidad\" \/>\n\t<link rel=\"canonical\" href=\"https:\/\/www.eldigitaldeasturias.com\/noticias\/comunicado-del-ministerio-de-hacienda-y-funcion-publica-sobre-la-agencia-tributaria-catalana\/\" \/>\n\t<meta name=\"generator\" content=\"All in One SEO Pro (AIOSEO) 5.0.1\" \/>\n\t\t<meta property=\"og:locale\" content=\"es_ES\" \/>\n\t\t<meta property=\"og:site_name\" content=\"El Digital de Asturias\" \/>\n\t\t<meta property=\"og:type\" content=\"article\" \/>\n\t\t<meta property=\"og:title\" content=\"Comunicado del Ministerio de Hacienda y Funci\u00f3n P\u00fablica sobre la Agencia Tributaria Catalana - El Digital de Asturias\" \/>\n\t\t<meta property=\"og:description\" content=\"El Ministerio de Hacienda y Funci\u00f3n P\u00fablica aclara que, en el marco del sistema de financiaci\u00f3n auton\u00f3mico, Catalu\u00f1a, como las dem\u00e1s comunidades aut\u00f3nomas de r\u00e9gimen com\u00fan, dispone de su propia Administraci\u00f3n Tributaria, que es competente para gestionar sus propios tributos y los tributos estatales cuya recaudaci\u00f3n se cede \u00edntegramente a las CCAA de r\u00e9gimen com\u00fan.\" \/>\n\t\t<meta property=\"og:url\" content=\"https:\/\/www.eldigitaldeasturias.com\/noticias\/comunicado-del-ministerio-de-hacienda-y-funcion-publica-sobre-la-agencia-tributaria-catalana\/\" \/>\n\t\t<meta property=\"article:tag\" content=\"actualidad\" \/>\n\t\t<meta property=\"article:published_time\" content=\"2017-09-05T14:54:28+00:00\" \/>\n\t\t<meta property=\"article:modified_time\" content=\"2017-09-05T14:54:28+00:00\" \/>\n\t\t<meta property=\"article:publisher\" content=\"https:\/\/facebook.com\/eldigitaldeasturias\" \/>\n\t\t<meta name=\"twitter:card\" content=\"summary_large_image\" \/>\n\t\t<meta name=\"twitter:title\" content=\"Comunicado del Ministerio de Hacienda y Funci\u00f3n P\u00fablica sobre la Agencia Tributaria Catalana - El Digital de Asturias\" \/>\n\t\t<meta name=\"twitter:description\" content=\"El Ministerio de Hacienda y Funci\u00f3n P\u00fablica aclara que, en el marco del sistema de financiaci\u00f3n auton\u00f3mico, Catalu\u00f1a, como las dem\u00e1s comunidades aut\u00f3nomas de r\u00e9gimen com\u00fan, dispone de su propia Administraci\u00f3n Tributaria, que es competente para gestionar sus propios tributos y los tributos estatales cuya recaudaci\u00f3n se cede \u00edntegramente a las CCAA de r\u00e9gimen com\u00fan.\" \/>\n\t\t<meta name=\"twitter:image\" content=\"https:\/\/www.eldigitaldeasturias.com\/noticias\/wp-content\/uploads\/2020\/12\/EDA-1.jpg\" \/>\n\t\t<meta name=\"twitter:label1\" content=\"Escrito por\" \/>\n\t\t<meta name=\"twitter:data1\" content=\"El Digital de Asturias\" \/>\n\t\t<meta name=\"twitter:label2\" content=\"Tiempo de lectura estimado\" \/>\n\t\t<meta name=\"twitter:data2\" content=\"2 minutos\" \/>\n\t\t<script type=\"application\/ld+json\" class=\"aioseo-schema\">\n\t\t\t{\"@context\":\"https:\\\/\\\/schema.org\",\"@graph\":[{\"@type\":\"BlogPosting\",\"@id\":\"https:\\\/\\\/www.eldigitaldeasturias.com\\\/noticias\\\/comunicado-del-ministerio-de-hacienda-y-funcion-publica-sobre-la-agencia-tributaria-catalana\\\/#blogposting\",\"name\":\"Comunicado del Ministerio de Hacienda y Funci\\u00f3n P\\u00fablica sobre la Agencia Tributaria Catalana - El Digital de Asturias\",\"headline\":\"Comunicado del Ministerio de Hacienda y Funci\\u00f3n P\\u00fablica sobre la Agencia Tributaria Catalana\",\"author\":{\"@id\":\"https:\\\/\\\/www.eldigitaldeasturias.com\\\/noticias\\\/author\\\/admin\\\/#author\"},\"publisher\":{\"@id\":\"https:\\\/\\\/www.eldigitaldeasturias.com\\\/noticias\\\/#organization\"},\"image\":{\"@type\":\"ImageObject\",\"url\":951822},\"datePublished\":\"2017-09-05T14:54:28+02:00\",\"dateModified\":\"2017-09-05T14:54:28+02:00\",\"inLanguage\":\"es-ES\",\"mainEntityOfPage\":{\"@id\":\"https:\\\/\\\/www.eldigitaldeasturias.com\\\/noticias\\\/comunicado-del-ministerio-de-hacienda-y-funcion-publica-sobre-la-agencia-tributaria-catalana\\\/#webpage\"},\"isPartOf\":{\"@id\":\"https:\\\/\\\/www.eldigitaldeasturias.com\\\/noticias\\\/comunicado-del-ministerio-de-hacienda-y-funcion-publica-sobre-la-agencia-tributaria-catalana\\\/#webpage\"},\"articleSection\":\"Actualidad\"},{\"@type\":\"BreadcrumbList\",\"@id\":\"https:\\\/\\\/www.eldigitaldeasturias.com\\\/noticias\\\/comunicado-del-ministerio-de-hacienda-y-funcion-publica-sobre-la-agencia-tributaria-catalana\\\/#breadcrumblist\",\"itemListElement\":[{\"@type\":\"ListItem\",\"@id\":\"https:\\\/\\\/www.eldigitaldeasturias.com\\\/noticias#listItem\",\"position\":1,\"name\":\"Home\",\"item\":\"https:\\\/\\\/www.eldigitaldeasturias.com\\\/noticias\",\"nextItem\":{\"@type\":\"ListItem\",\"@id\":\"https:\\\/\\\/www.eldigitaldeasturias.com\\\/noticias\\\/category\\\/actualidad\\\/#listItem\",\"name\":\"Actualidad\"}},{\"@type\":\"ListItem\",\"@id\":\"https:\\\/\\\/www.eldigitaldeasturias.com\\\/noticias\\\/category\\\/actualidad\\\/#listItem\",\"position\":2,\"name\":\"Actualidad\",\"item\":\"https:\\\/\\\/www.eldigitaldeasturias.com\\\/noticias\\\/category\\\/actualidad\\\/\",\"nextItem\":{\"@type\":\"ListItem\",\"@id\":\"https:\\\/\\\/www.eldigitaldeasturias.com\\\/noticias\\\/comunicado-del-ministerio-de-hacienda-y-funcion-publica-sobre-la-agencia-tributaria-catalana\\\/#listItem\",\"name\":\"Comunicado del Ministerio de Hacienda y Funci\\u00f3n P\\u00fablica sobre la Agencia Tributaria Catalana\"},\"previousItem\":{\"@type\":\"ListItem\",\"@id\":\"https:\\\/\\\/www.eldigitaldeasturias.com\\\/noticias#listItem\",\"name\":\"Home\"}},{\"@type\":\"ListItem\",\"@id\":\"https:\\\/\\\/www.eldigitaldeasturias.com\\\/noticias\\\/comunicado-del-ministerio-de-hacienda-y-funcion-publica-sobre-la-agencia-tributaria-catalana\\\/#listItem\",\"position\":3,\"name\":\"Comunicado del Ministerio de Hacienda y Funci\\u00f3n P\\u00fablica sobre la Agencia Tributaria Catalana\",\"previousItem\":{\"@type\":\"ListItem\",\"@id\":\"https:\\\/\\\/www.eldigitaldeasturias.com\\\/noticias\\\/category\\\/actualidad\\\/#listItem\",\"name\":\"Actualidad\"}}]},{\"@type\":\"Organization\",\"@id\":\"https:\\\/\\\/www.eldigitaldeasturias.com\\\/noticias\\\/#organization\",\"name\":\"El Digital de Asturias\",\"description\":\"Hemeroteca\",\"url\":\"https:\\\/\\\/www.eldigitaldeasturias.com\\\/noticias\\\/\",\"email\":\"info@eldigitaldeasturias.com\",\"telephone\":\"+34652131393\",\"logo\":{\"@type\":\"ImageObject\",\"url\":\"https:\\\/\\\/www.eldigitaldeasturias.com\\\/noticias\\\/wp-content\\\/uploads\\\/2020\\\/12\\\/EDA.jpg\",\"@id\":\"https:\\\/\\\/www.eldigitaldeasturias.com\\\/noticias\\\/comunicado-del-ministerio-de-hacienda-y-funcion-publica-sobre-la-agencia-tributaria-catalana\\\/#organizationLogo\"},\"image\":{\"@id\":\"https:\\\/\\\/www.eldigitaldeasturias.com\\\/noticias\\\/comunicado-del-ministerio-de-hacienda-y-funcion-publica-sobre-la-agencia-tributaria-catalana\\\/#organizationLogo\"},\"sameAs\":[\"https:\\\/\\\/facebook.com\\\/eldigitaldeasturias\",\"https:\\\/\\\/www.youtube.com\\\/channel\\\/UCZP-2wLEB9Rv6erhFmqVnvg\"],\"address\":{\"@id\":\"https:\\\/\\\/www.eldigitaldeasturias.com\\\/noticias\\\/#postaladdress\",\"@type\":\"PostalAddress\",\"streetAddress\":\"san antonio 4\",\"postalCode\":\"33430\",\"addressLocality\":\"Cand\\u00e1s\",\"addressRegion\":\"Asturias\",\"addressCountry\":\"ES\"}},{\"@type\":\"Person\",\"@id\":\"https:\\\/\\\/www.eldigitaldeasturias.com\\\/noticias\\\/author\\\/admin\\\/#author\",\"url\":\"https:\\\/\\\/www.eldigitaldeasturias.com\\\/noticias\\\/author\\\/admin\\\/\",\"name\":\"El Digital de Asturias\",\"image\":{\"@type\":\"ImageObject\",\"@id\":\"https:\\\/\\\/www.eldigitaldeasturias.com\\\/noticias\\\/comunicado-del-ministerio-de-hacienda-y-funcion-publica-sobre-la-agencia-tributaria-catalana\\\/#authorImage\",\"url\":\"https:\\\/\\\/secure.gravatar.com\\\/avatar\\\/df2aeffc32bcd13f8d26072ef8a91b623d677766deac7f97ca815868cd41bf5e?s=96&d=mm&r=g\",\"width\":96,\"height\":96,\"caption\":\"El Digital de Asturias\"}},{\"@type\":\"WebPage\",\"@id\":\"https:\\\/\\\/www.eldigitaldeasturias.com\\\/noticias\\\/comunicado-del-ministerio-de-hacienda-y-funcion-publica-sobre-la-agencia-tributaria-catalana\\\/#webpage\",\"url\":\"https:\\\/\\\/www.eldigitaldeasturias.com\\\/noticias\\\/comunicado-del-ministerio-de-hacienda-y-funcion-publica-sobre-la-agencia-tributaria-catalana\\\/\",\"name\":\"Comunicado del Ministerio de Hacienda y Funci\\u00f3n P\\u00fablica sobre la Agencia Tributaria Catalana - El Digital de Asturias\",\"description\":\"El Ministerio de Hacienda y Funci\\u00f3n P\\u00fablica aclara que, en el marco del sistema de financiaci\\u00f3n auton\\u00f3mico, Catalu\\u00f1a, como las dem\\u00e1s comunidades aut\\u00f3nomas de r\\u00e9gimen com\\u00fan, dispone de su propia Administraci\\u00f3n Tributaria, que es competente para gestionar sus propios tributos y los tributos estatales cuya recaudaci\\u00f3n se cede \\u00edntegramente a las CCAA de r\\u00e9gimen com\\u00fan.\",\"inLanguage\":\"es-ES\",\"isPartOf\":{\"@id\":\"https:\\\/\\\/www.eldigitaldeasturias.com\\\/noticias\\\/#website\"},\"breadcrumb\":{\"@id\":\"https:\\\/\\\/www.eldigitaldeasturias.com\\\/noticias\\\/comunicado-del-ministerio-de-hacienda-y-funcion-publica-sobre-la-agencia-tributaria-catalana\\\/#breadcrumblist\"},\"author\":{\"@id\":\"https:\\\/\\\/www.eldigitaldeasturias.com\\\/noticias\\\/author\\\/admin\\\/#author\"},\"creator\":{\"@id\":\"https:\\\/\\\/www.eldigitaldeasturias.com\\\/noticias\\\/author\\\/admin\\\/#author\"},\"image\":{\"@type\":\"ImageObject\",\"url\":951822,\"@id\":\"https:\\\/\\\/www.eldigitaldeasturias.com\\\/noticias\\\/comunicado-del-ministerio-de-hacienda-y-funcion-publica-sobre-la-agencia-tributaria-catalana\\\/#mainImage\"},\"primaryImageOfPage\":{\"@id\":\"https:\\\/\\\/www.eldigitaldeasturias.com\\\/noticias\\\/comunicado-del-ministerio-de-hacienda-y-funcion-publica-sobre-la-agencia-tributaria-catalana\\\/#mainImage\"},\"datePublished\":\"2017-09-05T14:54:28+02:00\",\"dateModified\":\"2017-09-05T14:54:28+02:00\"},{\"@type\":\"WebSite\",\"@id\":\"https:\\\/\\\/www.eldigitaldeasturias.com\\\/noticias\\\/#website\",\"url\":\"https:\\\/\\\/www.eldigitaldeasturias.com\\\/noticias\\\/\",\"name\":\"El Digital de Asturias - Diario de actualidad y noticias\",\"alternateName\":\"El Digital de Asturias - Diario de actualidad y noticias\",\"description\":\"Hemeroteca\",\"inLanguage\":\"es-ES\",\"publisher\":{\"@id\":\"https:\\\/\\\/www.eldigitaldeasturias.com\\\/noticias\\\/#organization\"}}]}\n\t\t<\/script>\n\t\t<!-- All in One SEO Pro -->\r\n\t\t<title>Comunicado del Ministerio de Hacienda y Funci\u00f3n P\u00fablica sobre la Agencia Tributaria Catalana - El Digital de Asturias<\/title>\n\n","aioseo_head_json":{"title":"Comunicado del Ministerio de Hacienda y Funci\u00f3n P\u00fablica sobre la Agencia Tributaria Catalana - El Digital de Asturias","description":"El Ministerio de Hacienda y Funci\u00f3n P\u00fablica aclara que, en el marco del sistema de financiaci\u00f3n auton\u00f3mico, Catalu\u00f1a, como las dem\u00e1s comunidades aut\u00f3nomas de r\u00e9gimen com\u00fan, dispone de su propia Administraci\u00f3n Tributaria, que es competente para gestionar sus propios tributos y los tributos estatales cuya recaudaci\u00f3n se cede \u00edntegramente a las CCAA de r\u00e9gimen com\u00fan.","canonical_url":"https:\/\/www.eldigitaldeasturias.com\/noticias\/comunicado-del-ministerio-de-hacienda-y-funcion-publica-sobre-la-agencia-tributaria-catalana\/","robots":"max-image-preview:large","keywords":"actualidad","webmasterTools":{"google-site-verification":"UA-38556648-1","msvalidate.01":"7dfe9f3f1b24437ab69f4f2559babe99","miscellaneous":""},"schema":{"@context":"https:\/\/schema.org","@graph":[{"@type":"BlogPosting","@id":"https:\/\/www.eldigitaldeasturias.com\/noticias\/comunicado-del-ministerio-de-hacienda-y-funcion-publica-sobre-la-agencia-tributaria-catalana\/#blogposting","name":"Comunicado del Ministerio de Hacienda y Funci\u00f3n P\u00fablica sobre la Agencia Tributaria Catalana - El Digital de Asturias","headline":"Comunicado del Ministerio de Hacienda y Funci\u00f3n P\u00fablica sobre la Agencia Tributaria Catalana","author":{"@id":"https:\/\/www.eldigitaldeasturias.com\/noticias\/author\/admin\/#author"},"publisher":{"@id":"https:\/\/www.eldigitaldeasturias.com\/noticias\/#organization"},"image":{"@type":"ImageObject","url":951822},"datePublished":"2017-09-05T14:54:28+02:00","dateModified":"2017-09-05T14:54:28+02:00","inLanguage":"es-ES","mainEntityOfPage":{"@id":"https:\/\/www.eldigitaldeasturias.com\/noticias\/comunicado-del-ministerio-de-hacienda-y-funcion-publica-sobre-la-agencia-tributaria-catalana\/#webpage"},"isPartOf":{"@id":"https:\/\/www.eldigitaldeasturias.com\/noticias\/comunicado-del-ministerio-de-hacienda-y-funcion-publica-sobre-la-agencia-tributaria-catalana\/#webpage"},"articleSection":"Actualidad"},{"@type":"BreadcrumbList","@id":"https:\/\/www.eldigitaldeasturias.com\/noticias\/comunicado-del-ministerio-de-hacienda-y-funcion-publica-sobre-la-agencia-tributaria-catalana\/#breadcrumblist","itemListElement":[{"@type":"ListItem","@id":"https:\/\/www.eldigitaldeasturias.com\/noticias#listItem","position":1,"name":"Home","item":"https:\/\/www.eldigitaldeasturias.com\/noticias","nextItem":{"@type":"ListItem","@id":"https:\/\/www.eldigitaldeasturias.com\/noticias\/category\/actualidad\/#listItem","name":"Actualidad"}},{"@type":"ListItem","@id":"https:\/\/www.eldigitaldeasturias.com\/noticias\/category\/actualidad\/#listItem","position":2,"name":"Actualidad","item":"https:\/\/www.eldigitaldeasturias.com\/noticias\/category\/actualidad\/","nextItem":{"@type":"ListItem","@id":"https:\/\/www.eldigitaldeasturias.com\/noticias\/comunicado-del-ministerio-de-hacienda-y-funcion-publica-sobre-la-agencia-tributaria-catalana\/#listItem","name":"Comunicado del Ministerio de Hacienda y Funci\u00f3n P\u00fablica sobre la Agencia Tributaria Catalana"},"previousItem":{"@type":"ListItem","@id":"https:\/\/www.eldigitaldeasturias.com\/noticias#listItem","name":"Home"}},{"@type":"ListItem","@id":"https:\/\/www.eldigitaldeasturias.com\/noticias\/comunicado-del-ministerio-de-hacienda-y-funcion-publica-sobre-la-agencia-tributaria-catalana\/#listItem","position":3,"name":"Comunicado del Ministerio de Hacienda y Funci\u00f3n P\u00fablica sobre la Agencia Tributaria Catalana","previousItem":{"@type":"ListItem","@id":"https:\/\/www.eldigitaldeasturias.com\/noticias\/category\/actualidad\/#listItem","name":"Actualidad"}}]},{"@type":"Organization","@id":"https:\/\/www.eldigitaldeasturias.com\/noticias\/#organization","name":"El Digital de Asturias","description":"Hemeroteca","url":"https:\/\/www.eldigitaldeasturias.com\/noticias\/","email":"info@eldigitaldeasturias.com","telephone":"+34652131393","logo":{"@type":"ImageObject","url":"https:\/\/www.eldigitaldeasturias.com\/noticias\/wp-content\/uploads\/2020\/12\/EDA.jpg","@id":"https:\/\/www.eldigitaldeasturias.com\/noticias\/comunicado-del-ministerio-de-hacienda-y-funcion-publica-sobre-la-agencia-tributaria-catalana\/#organizationLogo"},"image":{"@id":"https:\/\/www.eldigitaldeasturias.com\/noticias\/comunicado-del-ministerio-de-hacienda-y-funcion-publica-sobre-la-agencia-tributaria-catalana\/#organizationLogo"},"sameAs":["https:\/\/facebook.com\/eldigitaldeasturias","https:\/\/www.youtube.com\/channel\/UCZP-2wLEB9Rv6erhFmqVnvg"],"address":{"@id":"https:\/\/www.eldigitaldeasturias.com\/noticias\/#postaladdress","@type":"PostalAddress","streetAddress":"san antonio 4","postalCode":"33430","addressLocality":"Cand\u00e1s","addressRegion":"Asturias","addressCountry":"ES"}},{"@type":"Person","@id":"https:\/\/www.eldigitaldeasturias.com\/noticias\/author\/admin\/#author","url":"https:\/\/www.eldigitaldeasturias.com\/noticias\/author\/admin\/","name":"El Digital de Asturias","image":{"@type":"ImageObject","@id":"https:\/\/www.eldigitaldeasturias.com\/noticias\/comunicado-del-ministerio-de-hacienda-y-funcion-publica-sobre-la-agencia-tributaria-catalana\/#authorImage","url":"https:\/\/secure.gravatar.com\/avatar\/df2aeffc32bcd13f8d26072ef8a91b623d677766deac7f97ca815868cd41bf5e?s=96&d=mm&r=g","width":96,"height":96,"caption":"El Digital de Asturias"}},{"@type":"WebPage","@id":"https:\/\/www.eldigitaldeasturias.com\/noticias\/comunicado-del-ministerio-de-hacienda-y-funcion-publica-sobre-la-agencia-tributaria-catalana\/#webpage","url":"https:\/\/www.eldigitaldeasturias.com\/noticias\/comunicado-del-ministerio-de-hacienda-y-funcion-publica-sobre-la-agencia-tributaria-catalana\/","name":"Comunicado del Ministerio de Hacienda y Funci\u00f3n P\u00fablica sobre la Agencia Tributaria Catalana - El Digital de Asturias","description":"El Ministerio de Hacienda y Funci\u00f3n P\u00fablica aclara que, en el marco del sistema de financiaci\u00f3n auton\u00f3mico, Catalu\u00f1a, como las dem\u00e1s comunidades aut\u00f3nomas de r\u00e9gimen com\u00fan, dispone de su propia Administraci\u00f3n Tributaria, que es competente para gestionar sus propios tributos y los tributos estatales cuya recaudaci\u00f3n se cede \u00edntegramente a las CCAA de r\u00e9gimen com\u00fan.","inLanguage":"es-ES","isPartOf":{"@id":"https:\/\/www.eldigitaldeasturias.com\/noticias\/#website"},"breadcrumb":{"@id":"https:\/\/www.eldigitaldeasturias.com\/noticias\/comunicado-del-ministerio-de-hacienda-y-funcion-publica-sobre-la-agencia-tributaria-catalana\/#breadcrumblist"},"author":{"@id":"https:\/\/www.eldigitaldeasturias.com\/noticias\/author\/admin\/#author"},"creator":{"@id":"https:\/\/www.eldigitaldeasturias.com\/noticias\/author\/admin\/#author"},"image":{"@type":"ImageObject","url":951822,"@id":"https:\/\/www.eldigitaldeasturias.com\/noticias\/comunicado-del-ministerio-de-hacienda-y-funcion-publica-sobre-la-agencia-tributaria-catalana\/#mainImage"},"primaryImageOfPage":{"@id":"https:\/\/www.eldigitaldeasturias.com\/noticias\/comunicado-del-ministerio-de-hacienda-y-funcion-publica-sobre-la-agencia-tributaria-catalana\/#mainImage"},"datePublished":"2017-09-05T14:54:28+02:00","dateModified":"2017-09-05T14:54:28+02:00"},{"@type":"WebSite","@id":"https:\/\/www.eldigitaldeasturias.com\/noticias\/#website","url":"https:\/\/www.eldigitaldeasturias.com\/noticias\/","name":"El Digital de Asturias - Diario de actualidad y noticias","alternateName":"El Digital de Asturias - Diario de actualidad y noticias","description":"Hemeroteca","inLanguage":"es-ES","publisher":{"@id":"https:\/\/www.eldigitaldeasturias.com\/noticias\/#organization"}}]},"og:locale":"es_ES","og:site_name":"El Digital de Asturias","og:type":"article","og:title":"Comunicado del Ministerio de Hacienda y Funci\u00f3n P\u00fablica sobre la Agencia Tributaria Catalana - El Digital de Asturias","og:description":"El Ministerio de Hacienda y Funci\u00f3n P\u00fablica aclara que, en el marco del sistema de financiaci\u00f3n auton\u00f3mico, Catalu\u00f1a, como las dem\u00e1s comunidades aut\u00f3nomas de r\u00e9gimen com\u00fan, dispone de su propia Administraci\u00f3n Tributaria, que es competente para gestionar sus propios tributos y los tributos estatales cuya recaudaci\u00f3n se cede \u00edntegramente a las CCAA de r\u00e9gimen com\u00fan.","og:url":"https:\/\/www.eldigitaldeasturias.com\/noticias\/comunicado-del-ministerio-de-hacienda-y-funcion-publica-sobre-la-agencia-tributaria-catalana\/","article:tag":["actualidad"],"article:published_time":"2017-09-05T14:54:28+00:00","article:modified_time":"2017-09-05T14:54:28+00:00","article:publisher":"https:\/\/facebook.com\/eldigitaldeasturias","twitter:card":"summary_large_image","twitter:title":"Comunicado del Ministerio de Hacienda y Funci\u00f3n P\u00fablica sobre la Agencia Tributaria Catalana - El Digital de Asturias","twitter:description":"El Ministerio de Hacienda y Funci\u00f3n P\u00fablica aclara que, en el marco del sistema de financiaci\u00f3n auton\u00f3mico, Catalu\u00f1a, como las dem\u00e1s comunidades aut\u00f3nomas de r\u00e9gimen com\u00fan, dispone de su propia Administraci\u00f3n Tributaria, que es competente para gestionar sus propios tributos y los tributos estatales cuya recaudaci\u00f3n se cede \u00edntegramente a las CCAA de r\u00e9gimen com\u00fan.","twitter:image":"https:\/\/www.eldigitaldeasturias.com\/noticias\/wp-content\/uploads\/2020\/12\/EDA-1.jpg","twitter:label1":"Escrito por","twitter:data1":"El Digital de Asturias","twitter:label2":"Tiempo de lectura estimado","twitter:data2":"2 minutos"},"aioseo_meta_data":{"post_id":"951821","title":null,"description":null,"keywords":null,"keyphrases":null,"primary_term":null,"canonical_url":null,"og_title":null,"og_description":null,"og_object_type":"default","og_image_type":"default","og_image_url":null,"og_image_width":null,"og_image_height":null,"og_image_custom_url":null,"og_image_custom_fields":null,"og_video":null,"og_custom_url":null,"og_article_section":null,"og_article_tags":null,"twitter_use_og":false,"twitter_card":"default","twitter_image_type":"default","twitter_image_url":null,"twitter_image_custom_url":null,"twitter_image_custom_fields":null,"twitter_title":null,"twitter_description":null,"schema":{"blockGraphs":[],"customGraphs":[],"default":{"data":{"Article":[],"Course":[],"Dataset":[],"FAQPage":[],"Movie":[],"Person":[],"Product":[],"ProductReview":[],"Car":[],"Recipe":[],"Service":[],"SoftwareApplication":[],"WebPage":[]},"graphName":"","isEnabled":true},"graphs":[],"defaultGraph":"","defaultPostTypeGraph":""},"schema_type":null,"schema_type_options":null,"pillar_content":false,"robots_default":true,"robots_noindex":false,"robots_noarchive":false,"robots_nosnippet":false,"robots_nofollow":false,"robots_noimageindex":false,"robots_noodp":false,"robots_notranslate":false,"robots_max_snippet":null,"robots_max_videopreview":null,"robots_max_imagepreview":"large","priority":null,"frequency":null,"local_seo":null,"seo_analyzer_scan_date":"2025-12-05 20:37:07","breadcrumb_settings":null,"limit_modified_date":false,"open_ai":null,"ai":null,"created":"2020-12-21 12:58:02","updated":"2025-12-05 20:37:07","focus_keyword":null,"additional_keywords":null,"truseo_locale":null},"aioseo_breadcrumb":"<div class=\"aioseo-breadcrumbs\"><span class=\"aioseo-breadcrumb\">\n\t<a href=\"https:\/\/www.eldigitaldeasturias.com\/noticias\" title=\"Home\">Home<\/a>\n<\/span><span class=\"aioseo-breadcrumb-separator\">\u2013<\/span><span class=\"aioseo-breadcrumb\">\n\t<a href=\"https:\/\/www.eldigitaldeasturias.com\/noticias\/category\/actualidad\/\" title=\"Actualidad\">Actualidad<\/a>\n<\/span><span class=\"aioseo-breadcrumb-separator\">\u2013<\/span><span class=\"aioseo-breadcrumb\">\n\t<a href=\"https:\/\/www.eldigitaldeasturias.com\/noticias\/comunicado-del-ministerio-de-hacienda-y-funcion-publica-sobre-la-agencia-tributaria-catalana\/\" title=\"Comunicado del Ministerio de Hacienda y Funci\u00f3n P\u00fablica sobre la Agencia Tributaria Catalana\">Comunicado del Ministerio de Hacienda y Funci\u00f3n P\u00fablica sobre la Agencia Tributaria Catalana<\/a>\n<\/span><\/div>","aioseo_breadcrumb_json":[{"label":"Home","link":"https:\/\/www.eldigitaldeasturias.com\/noticias"},{"label":"Actualidad","link":"https:\/\/www.eldigitaldeasturias.com\/noticias\/category\/actualidad\/"},{"label":"Comunicado del Ministerio de Hacienda y Funci\u00f3n P\u00fablica sobre la Agencia Tributaria Catalana","link":"https:\/\/www.eldigitaldeasturias.com\/noticias\/comunicado-del-ministerio-de-hacienda-y-funcion-publica-sobre-la-agencia-tributaria-catalana\/"}],"_links":{"self":[{"href":"https:\/\/www.eldigitaldeasturias.com\/noticias\/wp-json\/wp\/v2\/posts\/951821","targetHints":{"allow":["GET"]}}],"collection":[{"href":"https:\/\/www.eldigitaldeasturias.com\/noticias\/wp-json\/wp\/v2\/posts"}],"about":[{"href":"https:\/\/www.eldigitaldeasturias.com\/noticias\/wp-json\/wp\/v2\/types\/post"}],"author":[{"embeddable":true,"href":"https:\/\/www.eldigitaldeasturias.com\/noticias\/wp-json\/wp\/v2\/users\/1"}],"replies":[{"embeddable":true,"href":"https:\/\/www.eldigitaldeasturias.com\/noticias\/wp-json\/wp\/v2\/comments?post=951821"}],"version-history":[{"count":0,"href":"https:\/\/www.eldigitaldeasturias.com\/noticias\/wp-json\/wp\/v2\/posts\/951821\/revisions"}],"wp:attachment":[{"href":"https:\/\/www.eldigitaldeasturias.com\/noticias\/wp-json\/wp\/v2\/media?parent=951821"}],"wp:term":[{"taxonomy":"category","embeddable":true,"href":"https:\/\/www.eldigitaldeasturias.com\/noticias\/wp-json\/wp\/v2\/categories?post=951821"},{"taxonomy":"post_tag","embeddable":true,"href":"https:\/\/www.eldigitaldeasturias.com\/noticias\/wp-json\/wp\/v2\/tags?post=951821"}],"curies":[{"name":"wp","href":"https:\/\/api.w.org\/{rel}","templated":true}]}}