{"id":951808,"date":"2017-09-05T14:32:28","date_gmt":"2017-09-05T14:32:28","guid":{"rendered":"http:\/\/www.eldigitaldeasturias.com\/noticias\/?p=951808"},"modified":"2017-09-05T14:32:28","modified_gmt":"2017-09-05T14:32:28","slug":"aragon-impulsara-el-tramo-del-camino-frances-del-camino-de-santiago","status":"publish","type":"post","link":"https:\/\/www.eldigitaldeasturias.com\/noticias\/aragon-impulsara-el-tramo-del-camino-frances-del-camino-de-santiago\/","title":{"rendered":"Arag\u00f3n impulsar\u00e1 el tramo del camino franc\u00e9s del Camino de Santiago"},"content":{"rendered":"<p><img loading=\"lazy\" decoding=\"async\" class=\"alignleft size-medium wp-image-951809\" src=\"https:\/\/www.eldigitaldeasturias.com\/noticias\/wp-content\/uploads\/2017\/09\/Joaquin_Palacin_en_Jaca-360x159.jpg\" alt=\"\" width=\"360\" height=\"159\" \/>El director general de Ordenaci\u00f3n del Territorio, Joaqu\u00edn Palac\u00edn, ha presentado en Jaca las estrategias y programas con los que se pretende dar un impulso global al tramo aragon\u00e9s del camino franc\u00e9s del Camino de Santiago. Se trata de 9 estrategias que se desarrollan en 34 programas y que componen la Directriz de Ordenaci\u00f3n Territorial del Camino de Santiago- Camino Franc\u00e9s a su paso por Arag\u00f3n. El objetivo de la presentaci\u00f3n de hoy ha sido dar a conocer, tanto a representantes institucionales como a las organizaciones vinculadas al camino, las principales l\u00edneas de trabajo recogidas en la Directriz.<\/p>\n<p>El director general de Ordenaci\u00f3n del Territorio ha recordado que esta Directriz nace con el objetivo de aunar los esfuerzos para hacer una intervenci\u00f3n eficaz que permita recuperar el potencial y el uso del camino de Santiago por Arag\u00f3n. Es una herramienta para actuar de forma continuada y organizada.<\/p>\n<p>Joaqu\u00edn Palac\u00edn ha destacado que \u201cla directriz cuenta con diferentes ejes de acci\u00f3n desde el punto de vista del turismo, la vinculaci\u00f3n con el sector primario, la movilidad y el transporte, la participaci\u00f3n y la sensibilizaci\u00f3n\u2026 de manera que el eje del camino sirva para impulsar el desarrollo en toda la zona\u201d.<\/p>\n<p>En la elaboraci\u00f3n de esta Directriz se comenz\u00f3 a trabajar a principios de 2016 y ha contado con la participaci\u00f3n de las entidades implicadas, con una visi\u00f3n global a trav\u00e9s de las reuniones con otras Comunidades Aut\u00f3nomas, con representantes de las zonas francesas vecinas y con un proceso de participaci\u00f3n a trav\u00e9s de la web del Gobierno de Arag\u00f3n.<\/p>\n<p>El documento de la Directriz se compone de una Memoria que recoge los datos y elementos que est\u00e1n directamente relacionados con el trazado y que sirven para realizar un diagn\u00f3stico de la situaci\u00f3n actual. Se estudia el sistema territorial, la poblaci\u00f3n, el medio natural, los servicios, el patrimonio\u2026<\/p>\n<p>Partiendo de este diagn\u00f3stico se plantean unos objetivos generales: conseguir una red territorial funcional equilibrada, apoyada en el Camino como eje vertebrador y motor de reactivaci\u00f3n econ\u00f3mica; potenciar su relaci\u00f3n\/integraci\u00f3n con las Comunidades Aut\u00f3nomas colindantes y transfronterizas; canalizar los recursos de forma homog\u00e9nea, adecuada a las caracter\u00edsticas de cada municipio; promover la mejorara de la calidad ambiental y la mitigaci\u00f3n del cambio clim\u00e1tico; valorar el paisaje natural, proteger los paisajes singulares y restaurar los que se encuentren degradados; fomentar la rehabilitaci\u00f3n y mejora de los n\u00facleos urbanos teniendo en cuenta su relaci\u00f3n con el Camino y con el entorno; coordinar inversiones de las diferentes Administraciones (infraestructuras, equipamientos, servicios\u2026); compatibilidad con el planeamiento territorial, ambiental y urban\u00edstico.<\/p>\n<p>Los citados objetivos se podr\u00e1n alcanzar gracias a las 9 estrategias que se desarrollan en 34 programas: estrategia sobre el Camino, estrategia para la reactivaci\u00f3n de los n\u00facleos urbanos, estrategia de dotaciones, estrategia de actividad econ\u00f3mica y turismo, estrategia medioambiental, estrategia de paisaje y patrimonio, estrategia de movilidad y accesibilidad, estrategia de coordinaci\u00f3n territorial, estrategia de participaci\u00f3n y sensibilizaci\u00f3n.<\/p>\n<p>Joaqu\u00edn Palac\u00edn explica que \u201cestas estrategias se desarrollan a trav\u00e9s de los programas abarcan temas muy variados y diferentes, desde la configuraci\u00f3n de una Puerta del Camino hasta el \u201cCamino para escolares\u201d, pasando por temas de implantaci\u00f3n de actividades econ\u00f3micas, dotaciones y servicios, espacios naturales y corredor ecol\u00f3gico, intervenci\u00f3n en el paisaje, movilidad, coordinaci\u00f3n administrativa\u2026\u201d Adem\u00e1s, se establecen tambi\u00e9n una serie de indicadores para analizar el cumplimiento del plan.<\/p>\n<p>La Directriz todav\u00eda est\u00e1 pendiente de la fase de informaci\u00f3n p\u00fablica, el informe del Consejo de Ordenaci\u00f3n del Territorio de Arag\u00f3n y la aprobaci\u00f3n final.<\/p>\n<p>&nbsp;<\/p>\n","protected":false},"excerpt":{"rendered":"<p>El director general de Ordenaci\u00f3n del Territorio, Joaqu\u00edn Palac\u00edn, ha presentado en Jaca las estrategias y programas con los que se pretende dar un impulso global al tramo aragon\u00e9s del camino franc\u00e9s del Camino de Santiago. Se trata de 9 estrategias que se desarrollan en 34 programas y que componen la Directriz de Ordenaci\u00f3n Territorial [&hellip;]<\/p>\n","protected":false},"author":1,"featured_media":951809,"comment_status":"closed","ping_status":"closed","sticky":false,"template":"","format":"standard","meta":{"footnotes":""},"categories":[1],"tags":[],"class_list":["post-951808","post","type-post","status-publish","format-standard","has-post-thumbnail","hentry","category-actualidad"],"aioseo_notices":[],"aioseo_head":"\n\t\t<!-- All in One SEO Pro 5.0.1 - aioseo.com -->\n\t<meta name=\"description\" content=\"El director general de Ordenaci\u00f3n del Territorio, Joaqu\u00edn Palac\u00edn, ha presentado en Jaca las estrategias y programas con los que se pretende dar un impulso global al tramo aragon\u00e9s del camino franc\u00e9s del Camino de Santiago. Se trata de 9 estrategias que se desarrollan en 34 programas y que componen la Directriz de Ordenaci\u00f3n Territorial\" \/>\n\t<meta name=\"robots\" content=\"max-image-preview:large\" \/>\n\t<meta name=\"author\" content=\"El Digital de Asturias\"\/>\n\t<meta name=\"google-site-verification\" content=\"UA-38556648-1\" \/>\n\t<meta name=\"msvalidate.01\" content=\"7dfe9f3f1b24437ab69f4f2559babe99\" \/>\n\t<meta name=\"keywords\" content=\"actualidad\" \/>\n\t<link rel=\"canonical\" href=\"https:\/\/www.eldigitaldeasturias.com\/noticias\/aragon-impulsara-el-tramo-del-camino-frances-del-camino-de-santiago\/\" \/>\n\t<meta name=\"generator\" content=\"All in One SEO Pro (AIOSEO) 5.0.1\" \/>\n\t\t<meta property=\"og:locale\" content=\"es_ES\" \/>\n\t\t<meta property=\"og:site_name\" content=\"El Digital de Asturias\" \/>\n\t\t<meta property=\"og:type\" content=\"article\" \/>\n\t\t<meta property=\"og:title\" content=\"Arag\u00f3n impulsar\u00e1 el tramo del camino franc\u00e9s del Camino de Santiago - El Digital de Asturias\" \/>\n\t\t<meta property=\"og:description\" content=\"El director general de Ordenaci\u00f3n del Territorio, Joaqu\u00edn Palac\u00edn, ha presentado en Jaca las estrategias y programas con los que se pretende dar un impulso global al tramo aragon\u00e9s del camino franc\u00e9s del Camino de Santiago. Se trata de 9 estrategias que se desarrollan en 34 programas y que componen la Directriz de Ordenaci\u00f3n Territorial\" \/>\n\t\t<meta property=\"og:url\" content=\"https:\/\/www.eldigitaldeasturias.com\/noticias\/aragon-impulsara-el-tramo-del-camino-frances-del-camino-de-santiago\/\" \/>\n\t\t<meta property=\"article:tag\" content=\"actualidad\" \/>\n\t\t<meta property=\"article:published_time\" content=\"2017-09-05T14:32:28+00:00\" \/>\n\t\t<meta property=\"article:modified_time\" content=\"2017-09-05T14:32:28+00:00\" \/>\n\t\t<meta property=\"article:publisher\" content=\"https:\/\/facebook.com\/eldigitaldeasturias\" \/>\n\t\t<meta name=\"twitter:card\" content=\"summary_large_image\" \/>\n\t\t<meta name=\"twitter:title\" content=\"Arag\u00f3n impulsar\u00e1 el tramo del camino franc\u00e9s del Camino de Santiago - El Digital de Asturias\" \/>\n\t\t<meta name=\"twitter:description\" content=\"El director general de Ordenaci\u00f3n del Territorio, Joaqu\u00edn Palac\u00edn, ha presentado en Jaca las estrategias y programas con los que se pretende dar un impulso global al tramo aragon\u00e9s del camino franc\u00e9s del Camino de Santiago. Se trata de 9 estrategias que se desarrollan en 34 programas y que componen la Directriz de Ordenaci\u00f3n Territorial\" \/>\n\t\t<meta name=\"twitter:image\" content=\"https:\/\/www.eldigitaldeasturias.com\/noticias\/wp-content\/uploads\/2020\/12\/EDA-1.jpg\" \/>\n\t\t<meta name=\"twitter:label1\" content=\"Escrito por\" \/>\n\t\t<meta name=\"twitter:data1\" content=\"El Digital de Asturias\" \/>\n\t\t<meta name=\"twitter:label2\" content=\"Tiempo de lectura estimado\" \/>\n\t\t<meta name=\"twitter:data2\" content=\"3 minutos\" \/>\n\t\t<script type=\"application\/ld+json\" class=\"aioseo-schema\">\n\t\t\t{\"@context\":\"https:\\\/\\\/schema.org\",\"@graph\":[{\"@type\":\"BlogPosting\",\"@id\":\"https:\\\/\\\/www.eldigitaldeasturias.com\\\/noticias\\\/aragon-impulsara-el-tramo-del-camino-frances-del-camino-de-santiago\\\/#blogposting\",\"name\":\"Arag\\u00f3n impulsar\\u00e1 el tramo del camino franc\\u00e9s del Camino de Santiago - El Digital de Asturias\",\"headline\":\"Arag\\u00f3n impulsar\\u00e1 el tramo del camino franc\\u00e9s del Camino de Santiago\",\"author\":{\"@id\":\"https:\\\/\\\/www.eldigitaldeasturias.com\\\/noticias\\\/author\\\/admin\\\/#author\"},\"publisher\":{\"@id\":\"https:\\\/\\\/www.eldigitaldeasturias.com\\\/noticias\\\/#organization\"},\"image\":{\"@type\":\"ImageObject\",\"url\":951809},\"datePublished\":\"2017-09-05T14:32:28+02:00\",\"dateModified\":\"2017-09-05T14:32:28+02:00\",\"inLanguage\":\"es-ES\",\"mainEntityOfPage\":{\"@id\":\"https:\\\/\\\/www.eldigitaldeasturias.com\\\/noticias\\\/aragon-impulsara-el-tramo-del-camino-frances-del-camino-de-santiago\\\/#webpage\"},\"isPartOf\":{\"@id\":\"https:\\\/\\\/www.eldigitaldeasturias.com\\\/noticias\\\/aragon-impulsara-el-tramo-del-camino-frances-del-camino-de-santiago\\\/#webpage\"},\"articleSection\":\"Actualidad\"},{\"@type\":\"BreadcrumbList\",\"@id\":\"https:\\\/\\\/www.eldigitaldeasturias.com\\\/noticias\\\/aragon-impulsara-el-tramo-del-camino-frances-del-camino-de-santiago\\\/#breadcrumblist\",\"itemListElement\":[{\"@type\":\"ListItem\",\"@id\":\"https:\\\/\\\/www.eldigitaldeasturias.com\\\/noticias#listItem\",\"position\":1,\"name\":\"Home\",\"item\":\"https:\\\/\\\/www.eldigitaldeasturias.com\\\/noticias\",\"nextItem\":{\"@type\":\"ListItem\",\"@id\":\"https:\\\/\\\/www.eldigitaldeasturias.com\\\/noticias\\\/category\\\/actualidad\\\/#listItem\",\"name\":\"Actualidad\"}},{\"@type\":\"ListItem\",\"@id\":\"https:\\\/\\\/www.eldigitaldeasturias.com\\\/noticias\\\/category\\\/actualidad\\\/#listItem\",\"position\":2,\"name\":\"Actualidad\",\"item\":\"https:\\\/\\\/www.eldigitaldeasturias.com\\\/noticias\\\/category\\\/actualidad\\\/\",\"nextItem\":{\"@type\":\"ListItem\",\"@id\":\"https:\\\/\\\/www.eldigitaldeasturias.com\\\/noticias\\\/aragon-impulsara-el-tramo-del-camino-frances-del-camino-de-santiago\\\/#listItem\",\"name\":\"Arag\\u00f3n impulsar\\u00e1 el tramo del camino franc\\u00e9s del Camino de Santiago\"},\"previousItem\":{\"@type\":\"ListItem\",\"@id\":\"https:\\\/\\\/www.eldigitaldeasturias.com\\\/noticias#listItem\",\"name\":\"Home\"}},{\"@type\":\"ListItem\",\"@id\":\"https:\\\/\\\/www.eldigitaldeasturias.com\\\/noticias\\\/aragon-impulsara-el-tramo-del-camino-frances-del-camino-de-santiago\\\/#listItem\",\"position\":3,\"name\":\"Arag\\u00f3n impulsar\\u00e1 el tramo del camino franc\\u00e9s del Camino de Santiago\",\"previousItem\":{\"@type\":\"ListItem\",\"@id\":\"https:\\\/\\\/www.eldigitaldeasturias.com\\\/noticias\\\/category\\\/actualidad\\\/#listItem\",\"name\":\"Actualidad\"}}]},{\"@type\":\"Organization\",\"@id\":\"https:\\\/\\\/www.eldigitaldeasturias.com\\\/noticias\\\/#organization\",\"name\":\"El Digital de Asturias\",\"description\":\"Hemeroteca\",\"url\":\"https:\\\/\\\/www.eldigitaldeasturias.com\\\/noticias\\\/\",\"email\":\"info@eldigitaldeasturias.com\",\"telephone\":\"+34652131393\",\"logo\":{\"@type\":\"ImageObject\",\"url\":\"https:\\\/\\\/www.eldigitaldeasturias.com\\\/noticias\\\/wp-content\\\/uploads\\\/2020\\\/12\\\/EDA.jpg\",\"@id\":\"https:\\\/\\\/www.eldigitaldeasturias.com\\\/noticias\\\/aragon-impulsara-el-tramo-del-camino-frances-del-camino-de-santiago\\\/#organizationLogo\"},\"image\":{\"@id\":\"https:\\\/\\\/www.eldigitaldeasturias.com\\\/noticias\\\/aragon-impulsara-el-tramo-del-camino-frances-del-camino-de-santiago\\\/#organizationLogo\"},\"sameAs\":[\"https:\\\/\\\/facebook.com\\\/eldigitaldeasturias\",\"https:\\\/\\\/www.youtube.com\\\/channel\\\/UCZP-2wLEB9Rv6erhFmqVnvg\"],\"address\":{\"@id\":\"https:\\\/\\\/www.eldigitaldeasturias.com\\\/noticias\\\/#postaladdress\",\"@type\":\"PostalAddress\",\"streetAddress\":\"san antonio 4\",\"postalCode\":\"33430\",\"addressLocality\":\"Cand\\u00e1s\",\"addressRegion\":\"Asturias\",\"addressCountry\":\"ES\"}},{\"@type\":\"Person\",\"@id\":\"https:\\\/\\\/www.eldigitaldeasturias.com\\\/noticias\\\/author\\\/admin\\\/#author\",\"url\":\"https:\\\/\\\/www.eldigitaldeasturias.com\\\/noticias\\\/author\\\/admin\\\/\",\"name\":\"El Digital de Asturias\",\"image\":{\"@type\":\"ImageObject\",\"@id\":\"https:\\\/\\\/www.eldigitaldeasturias.com\\\/noticias\\\/aragon-impulsara-el-tramo-del-camino-frances-del-camino-de-santiago\\\/#authorImage\",\"url\":\"https:\\\/\\\/secure.gravatar.com\\\/avatar\\\/df2aeffc32bcd13f8d26072ef8a91b623d677766deac7f97ca815868cd41bf5e?s=96&d=mm&r=g\",\"width\":96,\"height\":96,\"caption\":\"El Digital de Asturias\"}},{\"@type\":\"WebPage\",\"@id\":\"https:\\\/\\\/www.eldigitaldeasturias.com\\\/noticias\\\/aragon-impulsara-el-tramo-del-camino-frances-del-camino-de-santiago\\\/#webpage\",\"url\":\"https:\\\/\\\/www.eldigitaldeasturias.com\\\/noticias\\\/aragon-impulsara-el-tramo-del-camino-frances-del-camino-de-santiago\\\/\",\"name\":\"Arag\\u00f3n impulsar\\u00e1 el tramo del camino franc\\u00e9s del Camino de Santiago - El Digital de Asturias\",\"description\":\"El director general de Ordenaci\\u00f3n del Territorio, Joaqu\\u00edn Palac\\u00edn, ha presentado en Jaca las estrategias y programas con los que se pretende dar un impulso global al tramo aragon\\u00e9s del camino franc\\u00e9s del Camino de Santiago. Se trata de 9 estrategias que se desarrollan en 34 programas y que componen la Directriz de Ordenaci\\u00f3n Territorial\",\"inLanguage\":\"es-ES\",\"isPartOf\":{\"@id\":\"https:\\\/\\\/www.eldigitaldeasturias.com\\\/noticias\\\/#website\"},\"breadcrumb\":{\"@id\":\"https:\\\/\\\/www.eldigitaldeasturias.com\\\/noticias\\\/aragon-impulsara-el-tramo-del-camino-frances-del-camino-de-santiago\\\/#breadcrumblist\"},\"author\":{\"@id\":\"https:\\\/\\\/www.eldigitaldeasturias.com\\\/noticias\\\/author\\\/admin\\\/#author\"},\"creator\":{\"@id\":\"https:\\\/\\\/www.eldigitaldeasturias.com\\\/noticias\\\/author\\\/admin\\\/#author\"},\"image\":{\"@type\":\"ImageObject\",\"url\":951809,\"@id\":\"https:\\\/\\\/www.eldigitaldeasturias.com\\\/noticias\\\/aragon-impulsara-el-tramo-del-camino-frances-del-camino-de-santiago\\\/#mainImage\"},\"primaryImageOfPage\":{\"@id\":\"https:\\\/\\\/www.eldigitaldeasturias.com\\\/noticias\\\/aragon-impulsara-el-tramo-del-camino-frances-del-camino-de-santiago\\\/#mainImage\"},\"datePublished\":\"2017-09-05T14:32:28+02:00\",\"dateModified\":\"2017-09-05T14:32:28+02:00\"},{\"@type\":\"WebSite\",\"@id\":\"https:\\\/\\\/www.eldigitaldeasturias.com\\\/noticias\\\/#website\",\"url\":\"https:\\\/\\\/www.eldigitaldeasturias.com\\\/noticias\\\/\",\"name\":\"El Digital de Asturias - Diario de actualidad y noticias\",\"alternateName\":\"El Digital de Asturias - Diario de actualidad y noticias\",\"description\":\"Hemeroteca\",\"inLanguage\":\"es-ES\",\"publisher\":{\"@id\":\"https:\\\/\\\/www.eldigitaldeasturias.com\\\/noticias\\\/#organization\"}}]}\n\t\t<\/script>\n\t\t<!-- All in One SEO Pro -->\r\n\t\t<title>Arag\u00f3n impulsar\u00e1 el tramo del camino franc\u00e9s del Camino de Santiago - El Digital de Asturias<\/title>\n\n","aioseo_head_json":{"title":"Arag\u00f3n impulsar\u00e1 el tramo del camino franc\u00e9s del Camino de Santiago - El Digital de Asturias","description":"El director general de Ordenaci\u00f3n del Territorio, Joaqu\u00edn Palac\u00edn, ha presentado en Jaca las estrategias y programas con los que se pretende dar un impulso global al tramo aragon\u00e9s del camino franc\u00e9s del Camino de Santiago. Se trata de 9 estrategias que se desarrollan en 34 programas y que componen la Directriz de Ordenaci\u00f3n Territorial","canonical_url":"https:\/\/www.eldigitaldeasturias.com\/noticias\/aragon-impulsara-el-tramo-del-camino-frances-del-camino-de-santiago\/","robots":"max-image-preview:large","keywords":"actualidad","webmasterTools":{"google-site-verification":"UA-38556648-1","msvalidate.01":"7dfe9f3f1b24437ab69f4f2559babe99","miscellaneous":""},"schema":{"@context":"https:\/\/schema.org","@graph":[{"@type":"BlogPosting","@id":"https:\/\/www.eldigitaldeasturias.com\/noticias\/aragon-impulsara-el-tramo-del-camino-frances-del-camino-de-santiago\/#blogposting","name":"Arag\u00f3n impulsar\u00e1 el tramo del camino franc\u00e9s del Camino de Santiago - El Digital de Asturias","headline":"Arag\u00f3n impulsar\u00e1 el tramo del camino franc\u00e9s del Camino de Santiago","author":{"@id":"https:\/\/www.eldigitaldeasturias.com\/noticias\/author\/admin\/#author"},"publisher":{"@id":"https:\/\/www.eldigitaldeasturias.com\/noticias\/#organization"},"image":{"@type":"ImageObject","url":951809},"datePublished":"2017-09-05T14:32:28+02:00","dateModified":"2017-09-05T14:32:28+02:00","inLanguage":"es-ES","mainEntityOfPage":{"@id":"https:\/\/www.eldigitaldeasturias.com\/noticias\/aragon-impulsara-el-tramo-del-camino-frances-del-camino-de-santiago\/#webpage"},"isPartOf":{"@id":"https:\/\/www.eldigitaldeasturias.com\/noticias\/aragon-impulsara-el-tramo-del-camino-frances-del-camino-de-santiago\/#webpage"},"articleSection":"Actualidad"},{"@type":"BreadcrumbList","@id":"https:\/\/www.eldigitaldeasturias.com\/noticias\/aragon-impulsara-el-tramo-del-camino-frances-del-camino-de-santiago\/#breadcrumblist","itemListElement":[{"@type":"ListItem","@id":"https:\/\/www.eldigitaldeasturias.com\/noticias#listItem","position":1,"name":"Home","item":"https:\/\/www.eldigitaldeasturias.com\/noticias","nextItem":{"@type":"ListItem","@id":"https:\/\/www.eldigitaldeasturias.com\/noticias\/category\/actualidad\/#listItem","name":"Actualidad"}},{"@type":"ListItem","@id":"https:\/\/www.eldigitaldeasturias.com\/noticias\/category\/actualidad\/#listItem","position":2,"name":"Actualidad","item":"https:\/\/www.eldigitaldeasturias.com\/noticias\/category\/actualidad\/","nextItem":{"@type":"ListItem","@id":"https:\/\/www.eldigitaldeasturias.com\/noticias\/aragon-impulsara-el-tramo-del-camino-frances-del-camino-de-santiago\/#listItem","name":"Arag\u00f3n impulsar\u00e1 el tramo del camino franc\u00e9s del Camino de Santiago"},"previousItem":{"@type":"ListItem","@id":"https:\/\/www.eldigitaldeasturias.com\/noticias#listItem","name":"Home"}},{"@type":"ListItem","@id":"https:\/\/www.eldigitaldeasturias.com\/noticias\/aragon-impulsara-el-tramo-del-camino-frances-del-camino-de-santiago\/#listItem","position":3,"name":"Arag\u00f3n impulsar\u00e1 el tramo del camino franc\u00e9s del Camino de Santiago","previousItem":{"@type":"ListItem","@id":"https:\/\/www.eldigitaldeasturias.com\/noticias\/category\/actualidad\/#listItem","name":"Actualidad"}}]},{"@type":"Organization","@id":"https:\/\/www.eldigitaldeasturias.com\/noticias\/#organization","name":"El Digital de Asturias","description":"Hemeroteca","url":"https:\/\/www.eldigitaldeasturias.com\/noticias\/","email":"info@eldigitaldeasturias.com","telephone":"+34652131393","logo":{"@type":"ImageObject","url":"https:\/\/www.eldigitaldeasturias.com\/noticias\/wp-content\/uploads\/2020\/12\/EDA.jpg","@id":"https:\/\/www.eldigitaldeasturias.com\/noticias\/aragon-impulsara-el-tramo-del-camino-frances-del-camino-de-santiago\/#organizationLogo"},"image":{"@id":"https:\/\/www.eldigitaldeasturias.com\/noticias\/aragon-impulsara-el-tramo-del-camino-frances-del-camino-de-santiago\/#organizationLogo"},"sameAs":["https:\/\/facebook.com\/eldigitaldeasturias","https:\/\/www.youtube.com\/channel\/UCZP-2wLEB9Rv6erhFmqVnvg"],"address":{"@id":"https:\/\/www.eldigitaldeasturias.com\/noticias\/#postaladdress","@type":"PostalAddress","streetAddress":"san antonio 4","postalCode":"33430","addressLocality":"Cand\u00e1s","addressRegion":"Asturias","addressCountry":"ES"}},{"@type":"Person","@id":"https:\/\/www.eldigitaldeasturias.com\/noticias\/author\/admin\/#author","url":"https:\/\/www.eldigitaldeasturias.com\/noticias\/author\/admin\/","name":"El Digital de Asturias","image":{"@type":"ImageObject","@id":"https:\/\/www.eldigitaldeasturias.com\/noticias\/aragon-impulsara-el-tramo-del-camino-frances-del-camino-de-santiago\/#authorImage","url":"https:\/\/secure.gravatar.com\/avatar\/df2aeffc32bcd13f8d26072ef8a91b623d677766deac7f97ca815868cd41bf5e?s=96&d=mm&r=g","width":96,"height":96,"caption":"El Digital de Asturias"}},{"@type":"WebPage","@id":"https:\/\/www.eldigitaldeasturias.com\/noticias\/aragon-impulsara-el-tramo-del-camino-frances-del-camino-de-santiago\/#webpage","url":"https:\/\/www.eldigitaldeasturias.com\/noticias\/aragon-impulsara-el-tramo-del-camino-frances-del-camino-de-santiago\/","name":"Arag\u00f3n impulsar\u00e1 el tramo del camino franc\u00e9s del Camino de Santiago - El Digital de Asturias","description":"El director general de Ordenaci\u00f3n del Territorio, Joaqu\u00edn Palac\u00edn, ha presentado en Jaca las estrategias y programas con los que se pretende dar un impulso global al tramo aragon\u00e9s del camino franc\u00e9s del Camino de Santiago. Se trata de 9 estrategias que se desarrollan en 34 programas y que componen la Directriz de Ordenaci\u00f3n Territorial","inLanguage":"es-ES","isPartOf":{"@id":"https:\/\/www.eldigitaldeasturias.com\/noticias\/#website"},"breadcrumb":{"@id":"https:\/\/www.eldigitaldeasturias.com\/noticias\/aragon-impulsara-el-tramo-del-camino-frances-del-camino-de-santiago\/#breadcrumblist"},"author":{"@id":"https:\/\/www.eldigitaldeasturias.com\/noticias\/author\/admin\/#author"},"creator":{"@id":"https:\/\/www.eldigitaldeasturias.com\/noticias\/author\/admin\/#author"},"image":{"@type":"ImageObject","url":951809,"@id":"https:\/\/www.eldigitaldeasturias.com\/noticias\/aragon-impulsara-el-tramo-del-camino-frances-del-camino-de-santiago\/#mainImage"},"primaryImageOfPage":{"@id":"https:\/\/www.eldigitaldeasturias.com\/noticias\/aragon-impulsara-el-tramo-del-camino-frances-del-camino-de-santiago\/#mainImage"},"datePublished":"2017-09-05T14:32:28+02:00","dateModified":"2017-09-05T14:32:28+02:00"},{"@type":"WebSite","@id":"https:\/\/www.eldigitaldeasturias.com\/noticias\/#website","url":"https:\/\/www.eldigitaldeasturias.com\/noticias\/","name":"El Digital de Asturias - Diario de actualidad y noticias","alternateName":"El Digital de Asturias - Diario de actualidad y noticias","description":"Hemeroteca","inLanguage":"es-ES","publisher":{"@id":"https:\/\/www.eldigitaldeasturias.com\/noticias\/#organization"}}]},"og:locale":"es_ES","og:site_name":"El Digital de Asturias","og:type":"article","og:title":"Arag\u00f3n impulsar\u00e1 el tramo del camino franc\u00e9s del Camino de Santiago - El Digital de Asturias","og:description":"El director general de Ordenaci\u00f3n del Territorio, Joaqu\u00edn Palac\u00edn, ha presentado en Jaca las estrategias y programas con los que se pretende dar un impulso global al tramo aragon\u00e9s del camino franc\u00e9s del Camino de Santiago. Se trata de 9 estrategias que se desarrollan en 34 programas y que componen la Directriz de Ordenaci\u00f3n Territorial","og:url":"https:\/\/www.eldigitaldeasturias.com\/noticias\/aragon-impulsara-el-tramo-del-camino-frances-del-camino-de-santiago\/","article:tag":["actualidad"],"article:published_time":"2017-09-05T14:32:28+00:00","article:modified_time":"2017-09-05T14:32:28+00:00","article:publisher":"https:\/\/facebook.com\/eldigitaldeasturias","twitter:card":"summary_large_image","twitter:title":"Arag\u00f3n impulsar\u00e1 el tramo del camino franc\u00e9s del Camino de Santiago - El Digital de Asturias","twitter:description":"El director general de Ordenaci\u00f3n del Territorio, Joaqu\u00edn Palac\u00edn, ha presentado en Jaca las estrategias y programas con los que se pretende dar un impulso global al tramo aragon\u00e9s del camino franc\u00e9s del Camino de Santiago. Se trata de 9 estrategias que se desarrollan en 34 programas y que componen la Directriz de Ordenaci\u00f3n Territorial","twitter:image":"https:\/\/www.eldigitaldeasturias.com\/noticias\/wp-content\/uploads\/2020\/12\/EDA-1.jpg","twitter:label1":"Escrito por","twitter:data1":"El Digital de Asturias","twitter:label2":"Tiempo de lectura estimado","twitter:data2":"3 minutos"},"aioseo_meta_data":{"post_id":"951808","title":null,"description":null,"keywords":null,"keyphrases":null,"primary_term":null,"canonical_url":null,"og_title":null,"og_description":null,"og_object_type":"default","og_image_type":"default","og_image_url":null,"og_image_width":null,"og_image_height":null,"og_image_custom_url":null,"og_image_custom_fields":null,"og_video":null,"og_custom_url":null,"og_article_section":null,"og_article_tags":null,"twitter_use_og":false,"twitter_card":"default","twitter_image_type":"default","twitter_image_url":null,"twitter_image_custom_url":null,"twitter_image_custom_fields":null,"twitter_title":null,"twitter_description":null,"schema":{"blockGraphs":[],"customGraphs":[],"default":{"data":{"Article":[],"Course":[],"Dataset":[],"FAQPage":[],"Movie":[],"Person":[],"Product":[],"ProductReview":[],"Car":[],"Recipe":[],"Service":[],"SoftwareApplication":[],"WebPage":[]},"graphName":"","isEnabled":true},"graphs":[],"defaultGraph":"","defaultPostTypeGraph":""},"schema_type":null,"schema_type_options":null,"pillar_content":false,"robots_default":true,"robots_noindex":false,"robots_noarchive":false,"robots_nosnippet":false,"robots_nofollow":false,"robots_noimageindex":false,"robots_noodp":false,"robots_notranslate":false,"robots_max_snippet":null,"robots_max_videopreview":null,"robots_max_imagepreview":"large","priority":null,"frequency":null,"local_seo":null,"seo_analyzer_scan_date":"2025-12-05 20:33:12","breadcrumb_settings":null,"limit_modified_date":false,"open_ai":null,"ai":null,"created":"2020-12-21 12:58:02","updated":"2025-12-05 20:33:12","focus_keyword":null,"additional_keywords":null,"truseo_locale":null},"aioseo_breadcrumb":"<div class=\"aioseo-breadcrumbs\"><span class=\"aioseo-breadcrumb\">\n\t<a href=\"https:\/\/www.eldigitaldeasturias.com\/noticias\" title=\"Home\">Home<\/a>\n<\/span><span class=\"aioseo-breadcrumb-separator\">\u2013<\/span><span class=\"aioseo-breadcrumb\">\n\t<a href=\"https:\/\/www.eldigitaldeasturias.com\/noticias\/category\/actualidad\/\" title=\"Actualidad\">Actualidad<\/a>\n<\/span><span class=\"aioseo-breadcrumb-separator\">\u2013<\/span><span class=\"aioseo-breadcrumb\">\n\t<a href=\"https:\/\/www.eldigitaldeasturias.com\/noticias\/aragon-impulsara-el-tramo-del-camino-frances-del-camino-de-santiago\/\" title=\"Arag\u00f3n impulsar\u00e1 el tramo del camino franc\u00e9s del Camino de Santiago\">Arag\u00f3n impulsar\u00e1 el tramo del camino franc\u00e9s del Camino de Santiago<\/a>\n<\/span><\/div>","aioseo_breadcrumb_json":[{"label":"Home","link":"https:\/\/www.eldigitaldeasturias.com\/noticias"},{"label":"Actualidad","link":"https:\/\/www.eldigitaldeasturias.com\/noticias\/category\/actualidad\/"},{"label":"Arag\u00f3n impulsar\u00e1 el tramo del camino franc\u00e9s del Camino de Santiago","link":"https:\/\/www.eldigitaldeasturias.com\/noticias\/aragon-impulsara-el-tramo-del-camino-frances-del-camino-de-santiago\/"}],"_links":{"self":[{"href":"https:\/\/www.eldigitaldeasturias.com\/noticias\/wp-json\/wp\/v2\/posts\/951808","targetHints":{"allow":["GET"]}}],"collection":[{"href":"https:\/\/www.eldigitaldeasturias.com\/noticias\/wp-json\/wp\/v2\/posts"}],"about":[{"href":"https:\/\/www.eldigitaldeasturias.com\/noticias\/wp-json\/wp\/v2\/types\/post"}],"author":[{"embeddable":true,"href":"https:\/\/www.eldigitaldeasturias.com\/noticias\/wp-json\/wp\/v2\/users\/1"}],"replies":[{"embeddable":true,"href":"https:\/\/www.eldigitaldeasturias.com\/noticias\/wp-json\/wp\/v2\/comments?post=951808"}],"version-history":[{"count":0,"href":"https:\/\/www.eldigitaldeasturias.com\/noticias\/wp-json\/wp\/v2\/posts\/951808\/revisions"}],"wp:attachment":[{"href":"https:\/\/www.eldigitaldeasturias.com\/noticias\/wp-json\/wp\/v2\/media?parent=951808"}],"wp:term":[{"taxonomy":"category","embeddable":true,"href":"https:\/\/www.eldigitaldeasturias.com\/noticias\/wp-json\/wp\/v2\/categories?post=951808"},{"taxonomy":"post_tag","embeddable":true,"href":"https:\/\/www.eldigitaldeasturias.com\/noticias\/wp-json\/wp\/v2\/tags?post=951808"}],"curies":[{"name":"wp","href":"https:\/\/api.w.org\/{rel}","templated":true}]}}