{"id":951768,"date":"2017-09-05T12:24:40","date_gmt":"2017-09-05T12:24:40","guid":{"rendered":"http:\/\/www.eldigitaldeasturias.com\/noticias\/?p=951768"},"modified":"2017-09-05T12:24:40","modified_gmt":"2017-09-05T12:24:40","slug":"el-iacs-forma-a-sanitarios-en-la-deteccion-precoz-del-maltrato-en-ancianos","status":"publish","type":"post","link":"https:\/\/www.eldigitaldeasturias.com\/noticias\/el-iacs-forma-a-sanitarios-en-la-deteccion-precoz-del-maltrato-en-ancianos\/","title":{"rendered":"El IACS forma a sanitarios en la detecci\u00f3n precoz del maltrato en ancianos"},"content":{"rendered":"<p><img loading=\"lazy\" decoding=\"async\" class=\"alignleft size-medium wp-image-951769\" src=\"https:\/\/www.eldigitaldeasturias.com\/noticias\/wp-content\/uploads\/2017\/09\/hospice-1794351-360x159.jpg\" alt=\"\" width=\"360\" height=\"159\" \/>M\u00e1s de 125 profesionales sanitarios aragoneses ser\u00e1n capaces de detectar precozmente los casos de maltrato en ancianos antes de que acabe el a\u00f1o gracias a la formaci\u00f3n impartida desde el Instituto Aragon\u00e9s de Ciencias de la Salud (IACS).<\/p>\n<p>El Instituto est\u00e1 llevando a cabo una serie de cursos, uno de los cuales empieza hoy, para capacitar a los profesionales y mostrarles las distintas formas de maltrato sobre personas mayores, aprender a identificarlas y conocer los recursos con los que cuenta Arag\u00f3n para intervenir frente a supuestos casos.<\/p>\n<p>El objetivo es frenar este fen\u00f3meno emergente desde las propias consultas. A trav\u00e9s de la formaci\u00f3n, el IACS pretende empoderar a los trabajadores de los centros de Atenci\u00f3n Primaria y Especializada y dotarles de los conocimientos necesarios para intentar acabar con este problema.<\/p>\n<p>Solo en Arag\u00f3n, desde 2013 se registran cerca de un centenar de denuncias al respecto cada a\u00f1o aunque desde la Organizaci\u00f3n Mundial de la Salud se estima que s\u00f3lo el 10% de las v\u00edctimas llega a denunciar. Por eso, la actuaci\u00f3n de los sanitarios se convierte en imprescindible, al ser un sector que habitualmente se encuentra en contacto con las posibles v\u00edctimas.<\/p>\n<p>A partir de septiembre y durante el mes de octubre, 25 profesionales recibir\u00e1n formaci\u00f3n en este \u00e1mbito. A final de a\u00f1o se habr\u00e1 celebrado cinco ediciones del curso, cuatro de ellas en la capital y uno en Teruel.<\/p>\n<p>&nbsp;<\/p>\n","protected":false},"excerpt":{"rendered":"<p>M\u00e1s de 125 profesionales sanitarios aragoneses ser\u00e1n capaces de detectar precozmente los casos de maltrato en ancianos antes de que acabe el a\u00f1o gracias a la formaci\u00f3n impartida desde el Instituto Aragon\u00e9s de Ciencias de la Salud (IACS). El Instituto est\u00e1 llevando a cabo una serie de cursos, uno de los cuales empieza hoy, para [&hellip;]<\/p>\n","protected":false},"author":1,"featured_media":951769,"comment_status":"closed","ping_status":"closed","sticky":false,"template":"","format":"standard","meta":{"footnotes":""},"categories":[1],"tags":[],"class_list":["post-951768","post","type-post","status-publish","format-standard","has-post-thumbnail","hentry","category-actualidad"],"aioseo_notices":[],"aioseo_head":"\n\t\t<!-- All in One SEO Pro 5.0.1 - aioseo.com -->\n\t<meta name=\"description\" content=\"M\u00e1s de 125 profesionales sanitarios aragoneses ser\u00e1n capaces de detectar precozmente los casos de maltrato en ancianos antes de que acabe el a\u00f1o gracias a la formaci\u00f3n impartida desde el Instituto Aragon\u00e9s de Ciencias de la Salud (IACS). El Instituto est\u00e1 llevando a cabo una serie de cursos, uno de los cuales empieza hoy, para\" \/>\n\t<meta name=\"robots\" content=\"max-image-preview:large\" \/>\n\t<meta name=\"author\" content=\"El Digital de Asturias\"\/>\n\t<meta name=\"google-site-verification\" content=\"UA-38556648-1\" \/>\n\t<meta name=\"msvalidate.01\" content=\"7dfe9f3f1b24437ab69f4f2559babe99\" \/>\n\t<meta name=\"keywords\" content=\"actualidad\" \/>\n\t<link rel=\"canonical\" href=\"https:\/\/www.eldigitaldeasturias.com\/noticias\/el-iacs-forma-a-sanitarios-en-la-deteccion-precoz-del-maltrato-en-ancianos\/\" \/>\n\t<meta name=\"generator\" content=\"All in One SEO Pro (AIOSEO) 5.0.1\" \/>\n\t\t<meta property=\"og:locale\" content=\"es_ES\" \/>\n\t\t<meta property=\"og:site_name\" content=\"El Digital de Asturias\" \/>\n\t\t<meta property=\"og:type\" content=\"article\" \/>\n\t\t<meta property=\"og:title\" content=\"El IACS forma a sanitarios en la detecci\u00f3n precoz del maltrato en ancianos - El Digital de Asturias\" \/>\n\t\t<meta property=\"og:description\" content=\"M\u00e1s de 125 profesionales sanitarios aragoneses ser\u00e1n capaces de detectar precozmente los casos de maltrato en ancianos antes de que acabe el a\u00f1o gracias a la formaci\u00f3n impartida desde el Instituto Aragon\u00e9s de Ciencias de la Salud (IACS). El Instituto est\u00e1 llevando a cabo una serie de cursos, uno de los cuales empieza hoy, para\" \/>\n\t\t<meta property=\"og:url\" content=\"https:\/\/www.eldigitaldeasturias.com\/noticias\/el-iacs-forma-a-sanitarios-en-la-deteccion-precoz-del-maltrato-en-ancianos\/\" \/>\n\t\t<meta property=\"article:tag\" content=\"actualidad\" \/>\n\t\t<meta property=\"article:published_time\" content=\"2017-09-05T12:24:40+00:00\" \/>\n\t\t<meta property=\"article:modified_time\" content=\"2017-09-05T12:24:40+00:00\" \/>\n\t\t<meta property=\"article:publisher\" content=\"https:\/\/facebook.com\/eldigitaldeasturias\" \/>\n\t\t<meta name=\"twitter:card\" content=\"summary_large_image\" \/>\n\t\t<meta name=\"twitter:title\" content=\"El IACS forma a sanitarios en la detecci\u00f3n precoz del maltrato en ancianos - El Digital de Asturias\" \/>\n\t\t<meta name=\"twitter:description\" content=\"M\u00e1s de 125 profesionales sanitarios aragoneses ser\u00e1n capaces de detectar precozmente los casos de maltrato en ancianos antes de que acabe el a\u00f1o gracias a la formaci\u00f3n impartida desde el Instituto Aragon\u00e9s de Ciencias de la Salud (IACS). El Instituto est\u00e1 llevando a cabo una serie de cursos, uno de los cuales empieza hoy, para\" \/>\n\t\t<meta name=\"twitter:image\" content=\"https:\/\/www.eldigitaldeasturias.com\/noticias\/wp-content\/uploads\/2020\/12\/EDA-1.jpg\" \/>\n\t\t<meta name=\"twitter:label1\" content=\"Escrito por\" \/>\n\t\t<meta name=\"twitter:data1\" content=\"El Digital de Asturias\" \/>\n\t\t<meta name=\"twitter:label2\" content=\"Tiempo de lectura estimado\" \/>\n\t\t<meta name=\"twitter:data2\" content=\"1 minuto\" \/>\n\t\t<script type=\"application\/ld+json\" class=\"aioseo-schema\">\n\t\t\t{\"@context\":\"https:\\\/\\\/schema.org\",\"@graph\":[{\"@type\":\"BlogPosting\",\"@id\":\"https:\\\/\\\/www.eldigitaldeasturias.com\\\/noticias\\\/el-iacs-forma-a-sanitarios-en-la-deteccion-precoz-del-maltrato-en-ancianos\\\/#blogposting\",\"name\":\"El IACS forma a sanitarios en la detecci\\u00f3n precoz del maltrato en ancianos - El Digital de Asturias\",\"headline\":\"El IACS forma a sanitarios en la detecci\\u00f3n precoz del maltrato en ancianos\",\"author\":{\"@id\":\"https:\\\/\\\/www.eldigitaldeasturias.com\\\/noticias\\\/author\\\/admin\\\/#author\"},\"publisher\":{\"@id\":\"https:\\\/\\\/www.eldigitaldeasturias.com\\\/noticias\\\/#organization\"},\"image\":{\"@type\":\"ImageObject\",\"url\":951769},\"datePublished\":\"2017-09-05T12:24:40+02:00\",\"dateModified\":\"2017-09-05T12:24:40+02:00\",\"inLanguage\":\"es-ES\",\"mainEntityOfPage\":{\"@id\":\"https:\\\/\\\/www.eldigitaldeasturias.com\\\/noticias\\\/el-iacs-forma-a-sanitarios-en-la-deteccion-precoz-del-maltrato-en-ancianos\\\/#webpage\"},\"isPartOf\":{\"@id\":\"https:\\\/\\\/www.eldigitaldeasturias.com\\\/noticias\\\/el-iacs-forma-a-sanitarios-en-la-deteccion-precoz-del-maltrato-en-ancianos\\\/#webpage\"},\"articleSection\":\"Actualidad\"},{\"@type\":\"BreadcrumbList\",\"@id\":\"https:\\\/\\\/www.eldigitaldeasturias.com\\\/noticias\\\/el-iacs-forma-a-sanitarios-en-la-deteccion-precoz-del-maltrato-en-ancianos\\\/#breadcrumblist\",\"itemListElement\":[{\"@type\":\"ListItem\",\"@id\":\"https:\\\/\\\/www.eldigitaldeasturias.com\\\/noticias#listItem\",\"position\":1,\"name\":\"Home\",\"item\":\"https:\\\/\\\/www.eldigitaldeasturias.com\\\/noticias\",\"nextItem\":{\"@type\":\"ListItem\",\"@id\":\"https:\\\/\\\/www.eldigitaldeasturias.com\\\/noticias\\\/category\\\/actualidad\\\/#listItem\",\"name\":\"Actualidad\"}},{\"@type\":\"ListItem\",\"@id\":\"https:\\\/\\\/www.eldigitaldeasturias.com\\\/noticias\\\/category\\\/actualidad\\\/#listItem\",\"position\":2,\"name\":\"Actualidad\",\"item\":\"https:\\\/\\\/www.eldigitaldeasturias.com\\\/noticias\\\/category\\\/actualidad\\\/\",\"nextItem\":{\"@type\":\"ListItem\",\"@id\":\"https:\\\/\\\/www.eldigitaldeasturias.com\\\/noticias\\\/el-iacs-forma-a-sanitarios-en-la-deteccion-precoz-del-maltrato-en-ancianos\\\/#listItem\",\"name\":\"El IACS forma a sanitarios en la detecci\\u00f3n precoz del maltrato en ancianos\"},\"previousItem\":{\"@type\":\"ListItem\",\"@id\":\"https:\\\/\\\/www.eldigitaldeasturias.com\\\/noticias#listItem\",\"name\":\"Home\"}},{\"@type\":\"ListItem\",\"@id\":\"https:\\\/\\\/www.eldigitaldeasturias.com\\\/noticias\\\/el-iacs-forma-a-sanitarios-en-la-deteccion-precoz-del-maltrato-en-ancianos\\\/#listItem\",\"position\":3,\"name\":\"El IACS forma a sanitarios en la detecci\\u00f3n precoz del maltrato en ancianos\",\"previousItem\":{\"@type\":\"ListItem\",\"@id\":\"https:\\\/\\\/www.eldigitaldeasturias.com\\\/noticias\\\/category\\\/actualidad\\\/#listItem\",\"name\":\"Actualidad\"}}]},{\"@type\":\"Organization\",\"@id\":\"https:\\\/\\\/www.eldigitaldeasturias.com\\\/noticias\\\/#organization\",\"name\":\"El Digital de Asturias\",\"description\":\"Hemeroteca\",\"url\":\"https:\\\/\\\/www.eldigitaldeasturias.com\\\/noticias\\\/\",\"email\":\"info@eldigitaldeasturias.com\",\"telephone\":\"+34652131393\",\"logo\":{\"@type\":\"ImageObject\",\"url\":\"https:\\\/\\\/www.eldigitaldeasturias.com\\\/noticias\\\/wp-content\\\/uploads\\\/2020\\\/12\\\/EDA.jpg\",\"@id\":\"https:\\\/\\\/www.eldigitaldeasturias.com\\\/noticias\\\/el-iacs-forma-a-sanitarios-en-la-deteccion-precoz-del-maltrato-en-ancianos\\\/#organizationLogo\"},\"image\":{\"@id\":\"https:\\\/\\\/www.eldigitaldeasturias.com\\\/noticias\\\/el-iacs-forma-a-sanitarios-en-la-deteccion-precoz-del-maltrato-en-ancianos\\\/#organizationLogo\"},\"sameAs\":[\"https:\\\/\\\/facebook.com\\\/eldigitaldeasturias\",\"https:\\\/\\\/www.youtube.com\\\/channel\\\/UCZP-2wLEB9Rv6erhFmqVnvg\"],\"address\":{\"@id\":\"https:\\\/\\\/www.eldigitaldeasturias.com\\\/noticias\\\/#postaladdress\",\"@type\":\"PostalAddress\",\"streetAddress\":\"san antonio 4\",\"postalCode\":\"33430\",\"addressLocality\":\"Cand\\u00e1s\",\"addressRegion\":\"Asturias\",\"addressCountry\":\"ES\"}},{\"@type\":\"Person\",\"@id\":\"https:\\\/\\\/www.eldigitaldeasturias.com\\\/noticias\\\/author\\\/admin\\\/#author\",\"url\":\"https:\\\/\\\/www.eldigitaldeasturias.com\\\/noticias\\\/author\\\/admin\\\/\",\"name\":\"El Digital de Asturias\",\"image\":{\"@type\":\"ImageObject\",\"@id\":\"https:\\\/\\\/www.eldigitaldeasturias.com\\\/noticias\\\/el-iacs-forma-a-sanitarios-en-la-deteccion-precoz-del-maltrato-en-ancianos\\\/#authorImage\",\"url\":\"https:\\\/\\\/secure.gravatar.com\\\/avatar\\\/df2aeffc32bcd13f8d26072ef8a91b623d677766deac7f97ca815868cd41bf5e?s=96&d=mm&r=g\",\"width\":96,\"height\":96,\"caption\":\"El Digital de Asturias\"}},{\"@type\":\"WebPage\",\"@id\":\"https:\\\/\\\/www.eldigitaldeasturias.com\\\/noticias\\\/el-iacs-forma-a-sanitarios-en-la-deteccion-precoz-del-maltrato-en-ancianos\\\/#webpage\",\"url\":\"https:\\\/\\\/www.eldigitaldeasturias.com\\\/noticias\\\/el-iacs-forma-a-sanitarios-en-la-deteccion-precoz-del-maltrato-en-ancianos\\\/\",\"name\":\"El IACS forma a sanitarios en la detecci\\u00f3n precoz del maltrato en ancianos - El Digital de Asturias\",\"description\":\"M\\u00e1s de 125 profesionales sanitarios aragoneses ser\\u00e1n capaces de detectar precozmente los casos de maltrato en ancianos antes de que acabe el a\\u00f1o gracias a la formaci\\u00f3n impartida desde el Instituto Aragon\\u00e9s de Ciencias de la Salud (IACS). El Instituto est\\u00e1 llevando a cabo una serie de cursos, uno de los cuales empieza hoy, para\",\"inLanguage\":\"es-ES\",\"isPartOf\":{\"@id\":\"https:\\\/\\\/www.eldigitaldeasturias.com\\\/noticias\\\/#website\"},\"breadcrumb\":{\"@id\":\"https:\\\/\\\/www.eldigitaldeasturias.com\\\/noticias\\\/el-iacs-forma-a-sanitarios-en-la-deteccion-precoz-del-maltrato-en-ancianos\\\/#breadcrumblist\"},\"author\":{\"@id\":\"https:\\\/\\\/www.eldigitaldeasturias.com\\\/noticias\\\/author\\\/admin\\\/#author\"},\"creator\":{\"@id\":\"https:\\\/\\\/www.eldigitaldeasturias.com\\\/noticias\\\/author\\\/admin\\\/#author\"},\"image\":{\"@type\":\"ImageObject\",\"url\":951769,\"@id\":\"https:\\\/\\\/www.eldigitaldeasturias.com\\\/noticias\\\/el-iacs-forma-a-sanitarios-en-la-deteccion-precoz-del-maltrato-en-ancianos\\\/#mainImage\"},\"primaryImageOfPage\":{\"@id\":\"https:\\\/\\\/www.eldigitaldeasturias.com\\\/noticias\\\/el-iacs-forma-a-sanitarios-en-la-deteccion-precoz-del-maltrato-en-ancianos\\\/#mainImage\"},\"datePublished\":\"2017-09-05T12:24:40+02:00\",\"dateModified\":\"2017-09-05T12:24:40+02:00\"},{\"@type\":\"WebSite\",\"@id\":\"https:\\\/\\\/www.eldigitaldeasturias.com\\\/noticias\\\/#website\",\"url\":\"https:\\\/\\\/www.eldigitaldeasturias.com\\\/noticias\\\/\",\"name\":\"El Digital de Asturias - Diario de actualidad y noticias\",\"alternateName\":\"El Digital de Asturias - Diario de actualidad y noticias\",\"description\":\"Hemeroteca\",\"inLanguage\":\"es-ES\",\"publisher\":{\"@id\":\"https:\\\/\\\/www.eldigitaldeasturias.com\\\/noticias\\\/#organization\"}}]}\n\t\t<\/script>\n\t\t<!-- All in One SEO Pro -->\r\n\t\t<title>El IACS forma a sanitarios en la detecci\u00f3n precoz del maltrato en ancianos - El Digital de Asturias<\/title>\n\n","aioseo_head_json":{"title":"El IACS forma a sanitarios en la detecci\u00f3n precoz del maltrato en ancianos - El Digital de Asturias","description":"M\u00e1s de 125 profesionales sanitarios aragoneses ser\u00e1n capaces de detectar precozmente los casos de maltrato en ancianos antes de que acabe el a\u00f1o gracias a la formaci\u00f3n impartida desde el Instituto Aragon\u00e9s de Ciencias de la Salud (IACS). El Instituto est\u00e1 llevando a cabo una serie de cursos, uno de los cuales empieza hoy, para","canonical_url":"https:\/\/www.eldigitaldeasturias.com\/noticias\/el-iacs-forma-a-sanitarios-en-la-deteccion-precoz-del-maltrato-en-ancianos\/","robots":"max-image-preview:large","keywords":"actualidad","webmasterTools":{"google-site-verification":"UA-38556648-1","msvalidate.01":"7dfe9f3f1b24437ab69f4f2559babe99","miscellaneous":""},"schema":{"@context":"https:\/\/schema.org","@graph":[{"@type":"BlogPosting","@id":"https:\/\/www.eldigitaldeasturias.com\/noticias\/el-iacs-forma-a-sanitarios-en-la-deteccion-precoz-del-maltrato-en-ancianos\/#blogposting","name":"El IACS forma a sanitarios en la detecci\u00f3n precoz del maltrato en ancianos - El Digital de Asturias","headline":"El IACS forma a sanitarios en la detecci\u00f3n precoz del maltrato en ancianos","author":{"@id":"https:\/\/www.eldigitaldeasturias.com\/noticias\/author\/admin\/#author"},"publisher":{"@id":"https:\/\/www.eldigitaldeasturias.com\/noticias\/#organization"},"image":{"@type":"ImageObject","url":951769},"datePublished":"2017-09-05T12:24:40+02:00","dateModified":"2017-09-05T12:24:40+02:00","inLanguage":"es-ES","mainEntityOfPage":{"@id":"https:\/\/www.eldigitaldeasturias.com\/noticias\/el-iacs-forma-a-sanitarios-en-la-deteccion-precoz-del-maltrato-en-ancianos\/#webpage"},"isPartOf":{"@id":"https:\/\/www.eldigitaldeasturias.com\/noticias\/el-iacs-forma-a-sanitarios-en-la-deteccion-precoz-del-maltrato-en-ancianos\/#webpage"},"articleSection":"Actualidad"},{"@type":"BreadcrumbList","@id":"https:\/\/www.eldigitaldeasturias.com\/noticias\/el-iacs-forma-a-sanitarios-en-la-deteccion-precoz-del-maltrato-en-ancianos\/#breadcrumblist","itemListElement":[{"@type":"ListItem","@id":"https:\/\/www.eldigitaldeasturias.com\/noticias#listItem","position":1,"name":"Home","item":"https:\/\/www.eldigitaldeasturias.com\/noticias","nextItem":{"@type":"ListItem","@id":"https:\/\/www.eldigitaldeasturias.com\/noticias\/category\/actualidad\/#listItem","name":"Actualidad"}},{"@type":"ListItem","@id":"https:\/\/www.eldigitaldeasturias.com\/noticias\/category\/actualidad\/#listItem","position":2,"name":"Actualidad","item":"https:\/\/www.eldigitaldeasturias.com\/noticias\/category\/actualidad\/","nextItem":{"@type":"ListItem","@id":"https:\/\/www.eldigitaldeasturias.com\/noticias\/el-iacs-forma-a-sanitarios-en-la-deteccion-precoz-del-maltrato-en-ancianos\/#listItem","name":"El IACS forma a sanitarios en la detecci\u00f3n precoz del maltrato en ancianos"},"previousItem":{"@type":"ListItem","@id":"https:\/\/www.eldigitaldeasturias.com\/noticias#listItem","name":"Home"}},{"@type":"ListItem","@id":"https:\/\/www.eldigitaldeasturias.com\/noticias\/el-iacs-forma-a-sanitarios-en-la-deteccion-precoz-del-maltrato-en-ancianos\/#listItem","position":3,"name":"El IACS forma a sanitarios en la detecci\u00f3n precoz del maltrato en ancianos","previousItem":{"@type":"ListItem","@id":"https:\/\/www.eldigitaldeasturias.com\/noticias\/category\/actualidad\/#listItem","name":"Actualidad"}}]},{"@type":"Organization","@id":"https:\/\/www.eldigitaldeasturias.com\/noticias\/#organization","name":"El Digital de Asturias","description":"Hemeroteca","url":"https:\/\/www.eldigitaldeasturias.com\/noticias\/","email":"info@eldigitaldeasturias.com","telephone":"+34652131393","logo":{"@type":"ImageObject","url":"https:\/\/www.eldigitaldeasturias.com\/noticias\/wp-content\/uploads\/2020\/12\/EDA.jpg","@id":"https:\/\/www.eldigitaldeasturias.com\/noticias\/el-iacs-forma-a-sanitarios-en-la-deteccion-precoz-del-maltrato-en-ancianos\/#organizationLogo"},"image":{"@id":"https:\/\/www.eldigitaldeasturias.com\/noticias\/el-iacs-forma-a-sanitarios-en-la-deteccion-precoz-del-maltrato-en-ancianos\/#organizationLogo"},"sameAs":["https:\/\/facebook.com\/eldigitaldeasturias","https:\/\/www.youtube.com\/channel\/UCZP-2wLEB9Rv6erhFmqVnvg"],"address":{"@id":"https:\/\/www.eldigitaldeasturias.com\/noticias\/#postaladdress","@type":"PostalAddress","streetAddress":"san antonio 4","postalCode":"33430","addressLocality":"Cand\u00e1s","addressRegion":"Asturias","addressCountry":"ES"}},{"@type":"Person","@id":"https:\/\/www.eldigitaldeasturias.com\/noticias\/author\/admin\/#author","url":"https:\/\/www.eldigitaldeasturias.com\/noticias\/author\/admin\/","name":"El Digital de Asturias","image":{"@type":"ImageObject","@id":"https:\/\/www.eldigitaldeasturias.com\/noticias\/el-iacs-forma-a-sanitarios-en-la-deteccion-precoz-del-maltrato-en-ancianos\/#authorImage","url":"https:\/\/secure.gravatar.com\/avatar\/df2aeffc32bcd13f8d26072ef8a91b623d677766deac7f97ca815868cd41bf5e?s=96&d=mm&r=g","width":96,"height":96,"caption":"El Digital de Asturias"}},{"@type":"WebPage","@id":"https:\/\/www.eldigitaldeasturias.com\/noticias\/el-iacs-forma-a-sanitarios-en-la-deteccion-precoz-del-maltrato-en-ancianos\/#webpage","url":"https:\/\/www.eldigitaldeasturias.com\/noticias\/el-iacs-forma-a-sanitarios-en-la-deteccion-precoz-del-maltrato-en-ancianos\/","name":"El IACS forma a sanitarios en la detecci\u00f3n precoz del maltrato en ancianos - El Digital de Asturias","description":"M\u00e1s de 125 profesionales sanitarios aragoneses ser\u00e1n capaces de detectar precozmente los casos de maltrato en ancianos antes de que acabe el a\u00f1o gracias a la formaci\u00f3n impartida desde el Instituto Aragon\u00e9s de Ciencias de la Salud (IACS). El Instituto est\u00e1 llevando a cabo una serie de cursos, uno de los cuales empieza hoy, para","inLanguage":"es-ES","isPartOf":{"@id":"https:\/\/www.eldigitaldeasturias.com\/noticias\/#website"},"breadcrumb":{"@id":"https:\/\/www.eldigitaldeasturias.com\/noticias\/el-iacs-forma-a-sanitarios-en-la-deteccion-precoz-del-maltrato-en-ancianos\/#breadcrumblist"},"author":{"@id":"https:\/\/www.eldigitaldeasturias.com\/noticias\/author\/admin\/#author"},"creator":{"@id":"https:\/\/www.eldigitaldeasturias.com\/noticias\/author\/admin\/#author"},"image":{"@type":"ImageObject","url":951769,"@id":"https:\/\/www.eldigitaldeasturias.com\/noticias\/el-iacs-forma-a-sanitarios-en-la-deteccion-precoz-del-maltrato-en-ancianos\/#mainImage"},"primaryImageOfPage":{"@id":"https:\/\/www.eldigitaldeasturias.com\/noticias\/el-iacs-forma-a-sanitarios-en-la-deteccion-precoz-del-maltrato-en-ancianos\/#mainImage"},"datePublished":"2017-09-05T12:24:40+02:00","dateModified":"2017-09-05T12:24:40+02:00"},{"@type":"WebSite","@id":"https:\/\/www.eldigitaldeasturias.com\/noticias\/#website","url":"https:\/\/www.eldigitaldeasturias.com\/noticias\/","name":"El Digital de Asturias - Diario de actualidad y noticias","alternateName":"El Digital de Asturias - Diario de actualidad y noticias","description":"Hemeroteca","inLanguage":"es-ES","publisher":{"@id":"https:\/\/www.eldigitaldeasturias.com\/noticias\/#organization"}}]},"og:locale":"es_ES","og:site_name":"El Digital de Asturias","og:type":"article","og:title":"El IACS forma a sanitarios en la detecci\u00f3n precoz del maltrato en ancianos - El Digital de Asturias","og:description":"M\u00e1s de 125 profesionales sanitarios aragoneses ser\u00e1n capaces de detectar precozmente los casos de maltrato en ancianos antes de que acabe el a\u00f1o gracias a la formaci\u00f3n impartida desde el Instituto Aragon\u00e9s de Ciencias de la Salud (IACS). El Instituto est\u00e1 llevando a cabo una serie de cursos, uno de los cuales empieza hoy, para","og:url":"https:\/\/www.eldigitaldeasturias.com\/noticias\/el-iacs-forma-a-sanitarios-en-la-deteccion-precoz-del-maltrato-en-ancianos\/","article:tag":["actualidad"],"article:published_time":"2017-09-05T12:24:40+00:00","article:modified_time":"2017-09-05T12:24:40+00:00","article:publisher":"https:\/\/facebook.com\/eldigitaldeasturias","twitter:card":"summary_large_image","twitter:title":"El IACS forma a sanitarios en la detecci\u00f3n precoz del maltrato en ancianos - El Digital de Asturias","twitter:description":"M\u00e1s de 125 profesionales sanitarios aragoneses ser\u00e1n capaces de detectar precozmente los casos de maltrato en ancianos antes de que acabe el a\u00f1o gracias a la formaci\u00f3n impartida desde el Instituto Aragon\u00e9s de Ciencias de la Salud (IACS). El Instituto est\u00e1 llevando a cabo una serie de cursos, uno de los cuales empieza hoy, para","twitter:image":"https:\/\/www.eldigitaldeasturias.com\/noticias\/wp-content\/uploads\/2020\/12\/EDA-1.jpg","twitter:label1":"Escrito por","twitter:data1":"El Digital de Asturias","twitter:label2":"Tiempo de lectura estimado","twitter:data2":"1 minuto"},"aioseo_meta_data":{"post_id":"951768","title":null,"description":null,"keywords":null,"keyphrases":null,"primary_term":null,"canonical_url":null,"og_title":null,"og_description":null,"og_object_type":"default","og_image_type":"default","og_image_url":null,"og_image_width":null,"og_image_height":null,"og_image_custom_url":null,"og_image_custom_fields":null,"og_video":null,"og_custom_url":null,"og_article_section":null,"og_article_tags":null,"twitter_use_og":false,"twitter_card":"default","twitter_image_type":"default","twitter_image_url":null,"twitter_image_custom_url":null,"twitter_image_custom_fields":null,"twitter_title":null,"twitter_description":null,"schema":{"blockGraphs":[],"customGraphs":[],"default":{"data":{"Article":[],"Course":[],"Dataset":[],"FAQPage":[],"Movie":[],"Person":[],"Product":[],"ProductReview":[],"Car":[],"Recipe":[],"Service":[],"SoftwareApplication":[],"WebPage":[]},"graphName":"","isEnabled":true},"graphs":[]},"schema_type":null,"schema_type_options":null,"pillar_content":false,"robots_default":true,"robots_noindex":false,"robots_noarchive":false,"robots_nosnippet":false,"robots_nofollow":false,"robots_noimageindex":false,"robots_noodp":false,"robots_notranslate":false,"robots_max_snippet":null,"robots_max_videopreview":null,"robots_max_imagepreview":"large","priority":null,"frequency":null,"local_seo":null,"seo_analyzer_scan_date":"2025-12-05 20:25:10","breadcrumb_settings":null,"limit_modified_date":false,"open_ai":null,"ai":null,"created":"2020-12-21 12:58:03","updated":"2025-12-05 20:25:10","focus_keyword":null,"additional_keywords":null,"truseo_locale":null},"aioseo_breadcrumb":"<div class=\"aioseo-breadcrumbs\"><span class=\"aioseo-breadcrumb\">\n\t<a href=\"https:\/\/www.eldigitaldeasturias.com\/noticias\" title=\"Home\">Home<\/a>\n<\/span><span class=\"aioseo-breadcrumb-separator\">\u2013<\/span><span class=\"aioseo-breadcrumb\">\n\t<a href=\"https:\/\/www.eldigitaldeasturias.com\/noticias\/category\/actualidad\/\" title=\"Actualidad\">Actualidad<\/a>\n<\/span><span class=\"aioseo-breadcrumb-separator\">\u2013<\/span><span class=\"aioseo-breadcrumb\">\n\t<a href=\"https:\/\/www.eldigitaldeasturias.com\/noticias\/el-iacs-forma-a-sanitarios-en-la-deteccion-precoz-del-maltrato-en-ancianos\/\" title=\"El IACS forma a sanitarios en la detecci\u00f3n precoz del maltrato en ancianos\">El IACS forma a sanitarios en la detecci\u00f3n precoz del maltrato en ancianos<\/a>\n<\/span><\/div>","aioseo_breadcrumb_json":[{"label":"Home","link":"https:\/\/www.eldigitaldeasturias.com\/noticias"},{"label":"Actualidad","link":"https:\/\/www.eldigitaldeasturias.com\/noticias\/category\/actualidad\/"},{"label":"El IACS forma a sanitarios en la detecci\u00f3n precoz del maltrato en ancianos","link":"https:\/\/www.eldigitaldeasturias.com\/noticias\/el-iacs-forma-a-sanitarios-en-la-deteccion-precoz-del-maltrato-en-ancianos\/"}],"_links":{"self":[{"href":"https:\/\/www.eldigitaldeasturias.com\/noticias\/wp-json\/wp\/v2\/posts\/951768","targetHints":{"allow":["GET"]}}],"collection":[{"href":"https:\/\/www.eldigitaldeasturias.com\/noticias\/wp-json\/wp\/v2\/posts"}],"about":[{"href":"https:\/\/www.eldigitaldeasturias.com\/noticias\/wp-json\/wp\/v2\/types\/post"}],"author":[{"embeddable":true,"href":"https:\/\/www.eldigitaldeasturias.com\/noticias\/wp-json\/wp\/v2\/users\/1"}],"replies":[{"embeddable":true,"href":"https:\/\/www.eldigitaldeasturias.com\/noticias\/wp-json\/wp\/v2\/comments?post=951768"}],"version-history":[{"count":0,"href":"https:\/\/www.eldigitaldeasturias.com\/noticias\/wp-json\/wp\/v2\/posts\/951768\/revisions"}],"wp:attachment":[{"href":"https:\/\/www.eldigitaldeasturias.com\/noticias\/wp-json\/wp\/v2\/media?parent=951768"}],"wp:term":[{"taxonomy":"category","embeddable":true,"href":"https:\/\/www.eldigitaldeasturias.com\/noticias\/wp-json\/wp\/v2\/categories?post=951768"},{"taxonomy":"post_tag","embeddable":true,"href":"https:\/\/www.eldigitaldeasturias.com\/noticias\/wp-json\/wp\/v2\/tags?post=951768"}],"curies":[{"name":"wp","href":"https:\/\/api.w.org\/{rel}","templated":true}]}}