{"id":951749,"date":"2017-09-04T21:17:26","date_gmt":"2017-09-04T21:17:26","guid":{"rendered":"http:\/\/www.eldigitaldeasturias.com\/noticias\/?p=951749"},"modified":"2017-09-04T21:17:26","modified_gmt":"2017-09-04T21:17:26","slug":"susana-diaz-defiende-un-sistema-justo-e-igualitario-de-financiacion","status":"publish","type":"post","link":"https:\/\/www.eldigitaldeasturias.com\/noticias\/susana-diaz-defiende-un-sistema-justo-e-igualitario-de-financiacion\/","title":{"rendered":"Susana D\u00edaz defiende un sistema \u00abjusto e igualitario\u00bb de financiaci\u00f3n"},"content":{"rendered":"<p><img loading=\"lazy\" decoding=\"async\" class=\"alignleft size-medium wp-image-951750\" src=\"https:\/\/www.eldigitaldeasturias.com\/noticias\/wp-content\/uploads\/2017\/09\/1504512146379-360x240.jpg\" alt=\"\" width=\"360\" height=\"240\" \/>La presidenta de la Junta, Susana D\u00edaz, defiende \u00abun sistema justo e igualitario de financiaci\u00f3n que garantice unos servicios p\u00fablicos de calidad para los pr\u00f3ximos diez a\u00f1os\u00bb. As\u00ed se ha pronunciado en una entrevista en Canal Sur radio, previa a la ronda de reuniones que mantiene con los l\u00edderes de los partidos pol\u00edticos con representaci\u00f3n parlamentaria para acordar una postura com\u00fan ante la reforma del sistema de financiaci\u00f3n auton\u00f3mica.<\/p>\n<p>D\u00edaz insiste en \u00absumar voluntades\u00bb para defender Andaluc\u00eda porque \u00abnos jugamos qu\u00e9 sanidad, qu\u00e9 educaci\u00f3n, qu\u00e9 dependencia, qu\u00e9 infraestructuras y qu\u00e9 empleo\u00bb vamos a tener nueve millones de andaluces y andaluzas en los pr\u00f3ximos diez a\u00f1os. En este sentido, apunt\u00f3 que el criterio es \u00abgarantizar el coste de los servicios de una unidad sanitaria, educativa, etc. No solo teniendo en cuenta el territorio, sino tambi\u00e9n la poblaci\u00f3n\u00bb.<\/p>\n<p>El sistema de financiaci\u00f3n \u00abno aguanta una tercera pr\u00f3rroga\u00bb \u2013a\u00f1adi\u00f3 la presidenta-, tal y como lo demuestran los datos de liquidaci\u00f3n de 2015 del Gobierno: \u00abHemos recibido 104 euros por andaluz menos que la media y hay 220.000 andaluces sin ninguna financiaci\u00f3n\u00bb. Es necesario abordar la reforma, tal y como se comprometi\u00f3 el presidente del Gobierno en la Conferencia de Presidentes y as\u00ed lo estamos demandando presidentes auton\u00f3micos de diferentes partidos pol\u00edticos.<\/p>\n<p>Asimismo, la presidenta valor\u00f3 \u00ablas ganas de colaborar y arrimar el hombro de los agentes sociales y la patronal\u00bb teniendo intereses distintos, por lo que conf\u00eda en que los partidos pol\u00edticos, \u00abcon ideolog\u00edas diferentes, si quieren y ponen Andaluc\u00eda por delante, habr\u00e1 acuerdo\u00bb. No puede ser que \u00ablos mismos que piden inversiones, callan y bajan la cabeza cuando se habla de financiaci\u00f3n\u00bb, apostill\u00f3.<\/p>\n<p>&nbsp;<\/p>\n","protected":false},"excerpt":{"rendered":"<p>La presidenta de la Junta, Susana D\u00edaz, defiende \u00abun sistema justo e igualitario de financiaci\u00f3n que garantice unos servicios p\u00fablicos de calidad para los pr\u00f3ximos diez a\u00f1os\u00bb. As\u00ed se ha pronunciado en una entrevista en Canal Sur radio, previa a la ronda de reuniones que mantiene con los l\u00edderes de los partidos pol\u00edticos con representaci\u00f3n [&hellip;]<\/p>\n","protected":false},"author":1,"featured_media":951750,"comment_status":"closed","ping_status":"closed","sticky":false,"template":"","format":"standard","meta":{"footnotes":""},"categories":[1],"tags":[],"class_list":["post-951749","post","type-post","status-publish","format-standard","has-post-thumbnail","hentry","category-actualidad"],"aioseo_notices":[],"aioseo_head":"\n\t\t<!-- All in One SEO Pro 5.0.1 - aioseo.com -->\n\t<meta name=\"description\" content=\"La presidenta de la Junta, Susana D\u00edaz, defiende &quot;un sistema justo e igualitario de financiaci\u00f3n que garantice unos servicios p\u00fablicos de calidad para los pr\u00f3ximos diez a\u00f1os&quot;. As\u00ed se ha pronunciado en una entrevista en Canal Sur radio, previa a la ronda de reuniones que mantiene con los l\u00edderes de los partidos pol\u00edticos con representaci\u00f3n\" \/>\n\t<meta name=\"robots\" content=\"max-image-preview:large\" \/>\n\t<meta name=\"author\" content=\"El Digital de Asturias\"\/>\n\t<meta name=\"google-site-verification\" content=\"UA-38556648-1\" \/>\n\t<meta name=\"msvalidate.01\" content=\"7dfe9f3f1b24437ab69f4f2559babe99\" \/>\n\t<meta name=\"keywords\" content=\"actualidad\" \/>\n\t<link rel=\"canonical\" href=\"https:\/\/www.eldigitaldeasturias.com\/noticias\/susana-diaz-defiende-un-sistema-justo-e-igualitario-de-financiacion\/\" \/>\n\t<meta name=\"generator\" content=\"All in One SEO Pro (AIOSEO) 5.0.1\" \/>\n\t\t<meta property=\"og:locale\" content=\"es_ES\" \/>\n\t\t<meta property=\"og:site_name\" content=\"El Digital de Asturias\" \/>\n\t\t<meta property=\"og:type\" content=\"article\" \/>\n\t\t<meta property=\"og:title\" content=\"Susana D\u00edaz defiende un sistema \u00abjusto e igualitario\u00bb de financiaci\u00f3n - El Digital de Asturias\" \/>\n\t\t<meta property=\"og:description\" content=\"La presidenta de la Junta, Susana D\u00edaz, defiende &quot;un sistema justo e igualitario de financiaci\u00f3n que garantice unos servicios p\u00fablicos de calidad para los pr\u00f3ximos diez a\u00f1os&quot;. As\u00ed se ha pronunciado en una entrevista en Canal Sur radio, previa a la ronda de reuniones que mantiene con los l\u00edderes de los partidos pol\u00edticos con representaci\u00f3n\" \/>\n\t\t<meta property=\"og:url\" content=\"https:\/\/www.eldigitaldeasturias.com\/noticias\/susana-diaz-defiende-un-sistema-justo-e-igualitario-de-financiacion\/\" \/>\n\t\t<meta property=\"article:tag\" content=\"actualidad\" \/>\n\t\t<meta property=\"article:published_time\" content=\"2017-09-04T21:17:26+00:00\" \/>\n\t\t<meta property=\"article:modified_time\" content=\"2017-09-04T21:17:26+00:00\" \/>\n\t\t<meta property=\"article:publisher\" content=\"https:\/\/facebook.com\/eldigitaldeasturias\" \/>\n\t\t<meta name=\"twitter:card\" content=\"summary_large_image\" \/>\n\t\t<meta name=\"twitter:title\" content=\"Susana D\u00edaz defiende un sistema \u00abjusto e igualitario\u00bb de financiaci\u00f3n - El Digital de Asturias\" \/>\n\t\t<meta name=\"twitter:description\" content=\"La presidenta de la Junta, Susana D\u00edaz, defiende &quot;un sistema justo e igualitario de financiaci\u00f3n que garantice unos servicios p\u00fablicos de calidad para los pr\u00f3ximos diez a\u00f1os&quot;. As\u00ed se ha pronunciado en una entrevista en Canal Sur radio, previa a la ronda de reuniones que mantiene con los l\u00edderes de los partidos pol\u00edticos con representaci\u00f3n\" \/>\n\t\t<meta name=\"twitter:image\" content=\"https:\/\/www.eldigitaldeasturias.com\/noticias\/wp-content\/uploads\/2020\/12\/EDA-1.jpg\" \/>\n\t\t<meta name=\"twitter:label1\" content=\"Escrito por\" \/>\n\t\t<meta name=\"twitter:data1\" content=\"El Digital de Asturias\" \/>\n\t\t<meta name=\"twitter:label2\" content=\"Tiempo de lectura estimado\" \/>\n\t\t<meta name=\"twitter:data2\" content=\"1 minuto\" \/>\n\t\t<script type=\"application\/ld+json\" class=\"aioseo-schema\">\n\t\t\t{\"@context\":\"https:\\\/\\\/schema.org\",\"@graph\":[{\"@type\":\"BlogPosting\",\"@id\":\"https:\\\/\\\/www.eldigitaldeasturias.com\\\/noticias\\\/susana-diaz-defiende-un-sistema-justo-e-igualitario-de-financiacion\\\/#blogposting\",\"name\":\"Susana D\\u00edaz defiende un sistema \\u00abjusto e igualitario\\u00bb de financiaci\\u00f3n - El Digital de Asturias\",\"headline\":\"Susana D\\u00edaz defiende un sistema \\u00abjusto e igualitario\\u00bb de financiaci\\u00f3n\",\"author\":{\"@id\":\"https:\\\/\\\/www.eldigitaldeasturias.com\\\/noticias\\\/author\\\/admin\\\/#author\"},\"publisher\":{\"@id\":\"https:\\\/\\\/www.eldigitaldeasturias.com\\\/noticias\\\/#organization\"},\"image\":{\"@type\":\"ImageObject\",\"url\":951750},\"datePublished\":\"2017-09-04T21:17:26+02:00\",\"dateModified\":\"2017-09-04T21:17:26+02:00\",\"inLanguage\":\"es-ES\",\"mainEntityOfPage\":{\"@id\":\"https:\\\/\\\/www.eldigitaldeasturias.com\\\/noticias\\\/susana-diaz-defiende-un-sistema-justo-e-igualitario-de-financiacion\\\/#webpage\"},\"isPartOf\":{\"@id\":\"https:\\\/\\\/www.eldigitaldeasturias.com\\\/noticias\\\/susana-diaz-defiende-un-sistema-justo-e-igualitario-de-financiacion\\\/#webpage\"},\"articleSection\":\"Actualidad\"},{\"@type\":\"BreadcrumbList\",\"@id\":\"https:\\\/\\\/www.eldigitaldeasturias.com\\\/noticias\\\/susana-diaz-defiende-un-sistema-justo-e-igualitario-de-financiacion\\\/#breadcrumblist\",\"itemListElement\":[{\"@type\":\"ListItem\",\"@id\":\"https:\\\/\\\/www.eldigitaldeasturias.com\\\/noticias#listItem\",\"position\":1,\"name\":\"Home\",\"item\":\"https:\\\/\\\/www.eldigitaldeasturias.com\\\/noticias\",\"nextItem\":{\"@type\":\"ListItem\",\"@id\":\"https:\\\/\\\/www.eldigitaldeasturias.com\\\/noticias\\\/category\\\/actualidad\\\/#listItem\",\"name\":\"Actualidad\"}},{\"@type\":\"ListItem\",\"@id\":\"https:\\\/\\\/www.eldigitaldeasturias.com\\\/noticias\\\/category\\\/actualidad\\\/#listItem\",\"position\":2,\"name\":\"Actualidad\",\"item\":\"https:\\\/\\\/www.eldigitaldeasturias.com\\\/noticias\\\/category\\\/actualidad\\\/\",\"nextItem\":{\"@type\":\"ListItem\",\"@id\":\"https:\\\/\\\/www.eldigitaldeasturias.com\\\/noticias\\\/susana-diaz-defiende-un-sistema-justo-e-igualitario-de-financiacion\\\/#listItem\",\"name\":\"Susana D\\u00edaz defiende un sistema \\u00abjusto e igualitario\\u00bb de financiaci\\u00f3n\"},\"previousItem\":{\"@type\":\"ListItem\",\"@id\":\"https:\\\/\\\/www.eldigitaldeasturias.com\\\/noticias#listItem\",\"name\":\"Home\"}},{\"@type\":\"ListItem\",\"@id\":\"https:\\\/\\\/www.eldigitaldeasturias.com\\\/noticias\\\/susana-diaz-defiende-un-sistema-justo-e-igualitario-de-financiacion\\\/#listItem\",\"position\":3,\"name\":\"Susana D\\u00edaz defiende un sistema \\u00abjusto e igualitario\\u00bb de financiaci\\u00f3n\",\"previousItem\":{\"@type\":\"ListItem\",\"@id\":\"https:\\\/\\\/www.eldigitaldeasturias.com\\\/noticias\\\/category\\\/actualidad\\\/#listItem\",\"name\":\"Actualidad\"}}]},{\"@type\":\"Organization\",\"@id\":\"https:\\\/\\\/www.eldigitaldeasturias.com\\\/noticias\\\/#organization\",\"name\":\"El Digital de Asturias\",\"description\":\"Hemeroteca\",\"url\":\"https:\\\/\\\/www.eldigitaldeasturias.com\\\/noticias\\\/\",\"email\":\"info@eldigitaldeasturias.com\",\"telephone\":\"+34652131393\",\"logo\":{\"@type\":\"ImageObject\",\"url\":\"https:\\\/\\\/www.eldigitaldeasturias.com\\\/noticias\\\/wp-content\\\/uploads\\\/2020\\\/12\\\/EDA.jpg\",\"@id\":\"https:\\\/\\\/www.eldigitaldeasturias.com\\\/noticias\\\/susana-diaz-defiende-un-sistema-justo-e-igualitario-de-financiacion\\\/#organizationLogo\"},\"image\":{\"@id\":\"https:\\\/\\\/www.eldigitaldeasturias.com\\\/noticias\\\/susana-diaz-defiende-un-sistema-justo-e-igualitario-de-financiacion\\\/#organizationLogo\"},\"sameAs\":[\"https:\\\/\\\/facebook.com\\\/eldigitaldeasturias\",\"https:\\\/\\\/www.youtube.com\\\/channel\\\/UCZP-2wLEB9Rv6erhFmqVnvg\"],\"address\":{\"@id\":\"https:\\\/\\\/www.eldigitaldeasturias.com\\\/noticias\\\/#postaladdress\",\"@type\":\"PostalAddress\",\"streetAddress\":\"san antonio 4\",\"postalCode\":\"33430\",\"addressLocality\":\"Cand\\u00e1s\",\"addressRegion\":\"Asturias\",\"addressCountry\":\"ES\"}},{\"@type\":\"Person\",\"@id\":\"https:\\\/\\\/www.eldigitaldeasturias.com\\\/noticias\\\/author\\\/admin\\\/#author\",\"url\":\"https:\\\/\\\/www.eldigitaldeasturias.com\\\/noticias\\\/author\\\/admin\\\/\",\"name\":\"El Digital de Asturias\",\"image\":{\"@type\":\"ImageObject\",\"@id\":\"https:\\\/\\\/www.eldigitaldeasturias.com\\\/noticias\\\/susana-diaz-defiende-un-sistema-justo-e-igualitario-de-financiacion\\\/#authorImage\",\"url\":\"https:\\\/\\\/secure.gravatar.com\\\/avatar\\\/df2aeffc32bcd13f8d26072ef8a91b623d677766deac7f97ca815868cd41bf5e?s=96&d=mm&r=g\",\"width\":96,\"height\":96,\"caption\":\"El Digital de Asturias\"}},{\"@type\":\"WebPage\",\"@id\":\"https:\\\/\\\/www.eldigitaldeasturias.com\\\/noticias\\\/susana-diaz-defiende-un-sistema-justo-e-igualitario-de-financiacion\\\/#webpage\",\"url\":\"https:\\\/\\\/www.eldigitaldeasturias.com\\\/noticias\\\/susana-diaz-defiende-un-sistema-justo-e-igualitario-de-financiacion\\\/\",\"name\":\"Susana D\\u00edaz defiende un sistema \\u00abjusto e igualitario\\u00bb de financiaci\\u00f3n - El Digital de Asturias\",\"description\":\"La presidenta de la Junta, Susana D\\u00edaz, defiende \\\"un sistema justo e igualitario de financiaci\\u00f3n que garantice unos servicios p\\u00fablicos de calidad para los pr\\u00f3ximos diez a\\u00f1os\\\". As\\u00ed se ha pronunciado en una entrevista en Canal Sur radio, previa a la ronda de reuniones que mantiene con los l\\u00edderes de los partidos pol\\u00edticos con representaci\\u00f3n\",\"inLanguage\":\"es-ES\",\"isPartOf\":{\"@id\":\"https:\\\/\\\/www.eldigitaldeasturias.com\\\/noticias\\\/#website\"},\"breadcrumb\":{\"@id\":\"https:\\\/\\\/www.eldigitaldeasturias.com\\\/noticias\\\/susana-diaz-defiende-un-sistema-justo-e-igualitario-de-financiacion\\\/#breadcrumblist\"},\"author\":{\"@id\":\"https:\\\/\\\/www.eldigitaldeasturias.com\\\/noticias\\\/author\\\/admin\\\/#author\"},\"creator\":{\"@id\":\"https:\\\/\\\/www.eldigitaldeasturias.com\\\/noticias\\\/author\\\/admin\\\/#author\"},\"image\":{\"@type\":\"ImageObject\",\"url\":951750,\"@id\":\"https:\\\/\\\/www.eldigitaldeasturias.com\\\/noticias\\\/susana-diaz-defiende-un-sistema-justo-e-igualitario-de-financiacion\\\/#mainImage\"},\"primaryImageOfPage\":{\"@id\":\"https:\\\/\\\/www.eldigitaldeasturias.com\\\/noticias\\\/susana-diaz-defiende-un-sistema-justo-e-igualitario-de-financiacion\\\/#mainImage\"},\"datePublished\":\"2017-09-04T21:17:26+02:00\",\"dateModified\":\"2017-09-04T21:17:26+02:00\"},{\"@type\":\"WebSite\",\"@id\":\"https:\\\/\\\/www.eldigitaldeasturias.com\\\/noticias\\\/#website\",\"url\":\"https:\\\/\\\/www.eldigitaldeasturias.com\\\/noticias\\\/\",\"name\":\"El Digital de Asturias - Diario de actualidad y noticias\",\"alternateName\":\"El Digital de Asturias - Diario de actualidad y noticias\",\"description\":\"Hemeroteca\",\"inLanguage\":\"es-ES\",\"publisher\":{\"@id\":\"https:\\\/\\\/www.eldigitaldeasturias.com\\\/noticias\\\/#organization\"}}]}\n\t\t<\/script>\n\t\t<!-- All in One SEO Pro -->\r\n\t\t<title>Susana D\u00edaz defiende un sistema \u00abjusto e igualitario\u00bb de financiaci\u00f3n - El Digital de Asturias<\/title>\n\n","aioseo_head_json":{"title":"Susana D\u00edaz defiende un sistema \u00abjusto e igualitario\u00bb de financiaci\u00f3n - El Digital de Asturias","description":"La presidenta de la Junta, Susana D\u00edaz, defiende \"un sistema justo e igualitario de financiaci\u00f3n que garantice unos servicios p\u00fablicos de calidad para los pr\u00f3ximos diez a\u00f1os\". As\u00ed se ha pronunciado en una entrevista en Canal Sur radio, previa a la ronda de reuniones que mantiene con los l\u00edderes de los partidos pol\u00edticos con representaci\u00f3n","canonical_url":"https:\/\/www.eldigitaldeasturias.com\/noticias\/susana-diaz-defiende-un-sistema-justo-e-igualitario-de-financiacion\/","robots":"max-image-preview:large","keywords":"actualidad","webmasterTools":{"google-site-verification":"UA-38556648-1","msvalidate.01":"7dfe9f3f1b24437ab69f4f2559babe99","miscellaneous":""},"schema":{"@context":"https:\/\/schema.org","@graph":[{"@type":"BlogPosting","@id":"https:\/\/www.eldigitaldeasturias.com\/noticias\/susana-diaz-defiende-un-sistema-justo-e-igualitario-de-financiacion\/#blogposting","name":"Susana D\u00edaz defiende un sistema \u00abjusto e igualitario\u00bb de financiaci\u00f3n - El Digital de Asturias","headline":"Susana D\u00edaz defiende un sistema \u00abjusto e igualitario\u00bb de financiaci\u00f3n","author":{"@id":"https:\/\/www.eldigitaldeasturias.com\/noticias\/author\/admin\/#author"},"publisher":{"@id":"https:\/\/www.eldigitaldeasturias.com\/noticias\/#organization"},"image":{"@type":"ImageObject","url":951750},"datePublished":"2017-09-04T21:17:26+02:00","dateModified":"2017-09-04T21:17:26+02:00","inLanguage":"es-ES","mainEntityOfPage":{"@id":"https:\/\/www.eldigitaldeasturias.com\/noticias\/susana-diaz-defiende-un-sistema-justo-e-igualitario-de-financiacion\/#webpage"},"isPartOf":{"@id":"https:\/\/www.eldigitaldeasturias.com\/noticias\/susana-diaz-defiende-un-sistema-justo-e-igualitario-de-financiacion\/#webpage"},"articleSection":"Actualidad"},{"@type":"BreadcrumbList","@id":"https:\/\/www.eldigitaldeasturias.com\/noticias\/susana-diaz-defiende-un-sistema-justo-e-igualitario-de-financiacion\/#breadcrumblist","itemListElement":[{"@type":"ListItem","@id":"https:\/\/www.eldigitaldeasturias.com\/noticias#listItem","position":1,"name":"Home","item":"https:\/\/www.eldigitaldeasturias.com\/noticias","nextItem":{"@type":"ListItem","@id":"https:\/\/www.eldigitaldeasturias.com\/noticias\/category\/actualidad\/#listItem","name":"Actualidad"}},{"@type":"ListItem","@id":"https:\/\/www.eldigitaldeasturias.com\/noticias\/category\/actualidad\/#listItem","position":2,"name":"Actualidad","item":"https:\/\/www.eldigitaldeasturias.com\/noticias\/category\/actualidad\/","nextItem":{"@type":"ListItem","@id":"https:\/\/www.eldigitaldeasturias.com\/noticias\/susana-diaz-defiende-un-sistema-justo-e-igualitario-de-financiacion\/#listItem","name":"Susana D\u00edaz defiende un sistema \u00abjusto e igualitario\u00bb de financiaci\u00f3n"},"previousItem":{"@type":"ListItem","@id":"https:\/\/www.eldigitaldeasturias.com\/noticias#listItem","name":"Home"}},{"@type":"ListItem","@id":"https:\/\/www.eldigitaldeasturias.com\/noticias\/susana-diaz-defiende-un-sistema-justo-e-igualitario-de-financiacion\/#listItem","position":3,"name":"Susana D\u00edaz defiende un sistema \u00abjusto e igualitario\u00bb de financiaci\u00f3n","previousItem":{"@type":"ListItem","@id":"https:\/\/www.eldigitaldeasturias.com\/noticias\/category\/actualidad\/#listItem","name":"Actualidad"}}]},{"@type":"Organization","@id":"https:\/\/www.eldigitaldeasturias.com\/noticias\/#organization","name":"El Digital de Asturias","description":"Hemeroteca","url":"https:\/\/www.eldigitaldeasturias.com\/noticias\/","email":"info@eldigitaldeasturias.com","telephone":"+34652131393","logo":{"@type":"ImageObject","url":"https:\/\/www.eldigitaldeasturias.com\/noticias\/wp-content\/uploads\/2020\/12\/EDA.jpg","@id":"https:\/\/www.eldigitaldeasturias.com\/noticias\/susana-diaz-defiende-un-sistema-justo-e-igualitario-de-financiacion\/#organizationLogo"},"image":{"@id":"https:\/\/www.eldigitaldeasturias.com\/noticias\/susana-diaz-defiende-un-sistema-justo-e-igualitario-de-financiacion\/#organizationLogo"},"sameAs":["https:\/\/facebook.com\/eldigitaldeasturias","https:\/\/www.youtube.com\/channel\/UCZP-2wLEB9Rv6erhFmqVnvg"],"address":{"@id":"https:\/\/www.eldigitaldeasturias.com\/noticias\/#postaladdress","@type":"PostalAddress","streetAddress":"san antonio 4","postalCode":"33430","addressLocality":"Cand\u00e1s","addressRegion":"Asturias","addressCountry":"ES"}},{"@type":"Person","@id":"https:\/\/www.eldigitaldeasturias.com\/noticias\/author\/admin\/#author","url":"https:\/\/www.eldigitaldeasturias.com\/noticias\/author\/admin\/","name":"El Digital de Asturias","image":{"@type":"ImageObject","@id":"https:\/\/www.eldigitaldeasturias.com\/noticias\/susana-diaz-defiende-un-sistema-justo-e-igualitario-de-financiacion\/#authorImage","url":"https:\/\/secure.gravatar.com\/avatar\/df2aeffc32bcd13f8d26072ef8a91b623d677766deac7f97ca815868cd41bf5e?s=96&d=mm&r=g","width":96,"height":96,"caption":"El Digital de Asturias"}},{"@type":"WebPage","@id":"https:\/\/www.eldigitaldeasturias.com\/noticias\/susana-diaz-defiende-un-sistema-justo-e-igualitario-de-financiacion\/#webpage","url":"https:\/\/www.eldigitaldeasturias.com\/noticias\/susana-diaz-defiende-un-sistema-justo-e-igualitario-de-financiacion\/","name":"Susana D\u00edaz defiende un sistema \u00abjusto e igualitario\u00bb de financiaci\u00f3n - El Digital de Asturias","description":"La presidenta de la Junta, Susana D\u00edaz, defiende \"un sistema justo e igualitario de financiaci\u00f3n que garantice unos servicios p\u00fablicos de calidad para los pr\u00f3ximos diez a\u00f1os\". As\u00ed se ha pronunciado en una entrevista en Canal Sur radio, previa a la ronda de reuniones que mantiene con los l\u00edderes de los partidos pol\u00edticos con representaci\u00f3n","inLanguage":"es-ES","isPartOf":{"@id":"https:\/\/www.eldigitaldeasturias.com\/noticias\/#website"},"breadcrumb":{"@id":"https:\/\/www.eldigitaldeasturias.com\/noticias\/susana-diaz-defiende-un-sistema-justo-e-igualitario-de-financiacion\/#breadcrumblist"},"author":{"@id":"https:\/\/www.eldigitaldeasturias.com\/noticias\/author\/admin\/#author"},"creator":{"@id":"https:\/\/www.eldigitaldeasturias.com\/noticias\/author\/admin\/#author"},"image":{"@type":"ImageObject","url":951750,"@id":"https:\/\/www.eldigitaldeasturias.com\/noticias\/susana-diaz-defiende-un-sistema-justo-e-igualitario-de-financiacion\/#mainImage"},"primaryImageOfPage":{"@id":"https:\/\/www.eldigitaldeasturias.com\/noticias\/susana-diaz-defiende-un-sistema-justo-e-igualitario-de-financiacion\/#mainImage"},"datePublished":"2017-09-04T21:17:26+02:00","dateModified":"2017-09-04T21:17:26+02:00"},{"@type":"WebSite","@id":"https:\/\/www.eldigitaldeasturias.com\/noticias\/#website","url":"https:\/\/www.eldigitaldeasturias.com\/noticias\/","name":"El Digital de Asturias - Diario de actualidad y noticias","alternateName":"El Digital de Asturias - Diario de actualidad y noticias","description":"Hemeroteca","inLanguage":"es-ES","publisher":{"@id":"https:\/\/www.eldigitaldeasturias.com\/noticias\/#organization"}}]},"og:locale":"es_ES","og:site_name":"El Digital de Asturias","og:type":"article","og:title":"Susana D\u00edaz defiende un sistema \u00abjusto e igualitario\u00bb de financiaci\u00f3n - El Digital de Asturias","og:description":"La presidenta de la Junta, Susana D\u00edaz, defiende &quot;un sistema justo e igualitario de financiaci\u00f3n que garantice unos servicios p\u00fablicos de calidad para los pr\u00f3ximos diez a\u00f1os&quot;. As\u00ed se ha pronunciado en una entrevista en Canal Sur radio, previa a la ronda de reuniones que mantiene con los l\u00edderes de los partidos pol\u00edticos con representaci\u00f3n","og:url":"https:\/\/www.eldigitaldeasturias.com\/noticias\/susana-diaz-defiende-un-sistema-justo-e-igualitario-de-financiacion\/","article:tag":["actualidad"],"article:published_time":"2017-09-04T21:17:26+00:00","article:modified_time":"2017-09-04T21:17:26+00:00","article:publisher":"https:\/\/facebook.com\/eldigitaldeasturias","twitter:card":"summary_large_image","twitter:title":"Susana D\u00edaz defiende un sistema \u00abjusto e igualitario\u00bb de financiaci\u00f3n - El Digital de Asturias","twitter:description":"La presidenta de la Junta, Susana D\u00edaz, defiende &quot;un sistema justo e igualitario de financiaci\u00f3n que garantice unos servicios p\u00fablicos de calidad para los pr\u00f3ximos diez a\u00f1os&quot;. As\u00ed se ha pronunciado en una entrevista en Canal Sur radio, previa a la ronda de reuniones que mantiene con los l\u00edderes de los partidos pol\u00edticos con representaci\u00f3n","twitter:image":"https:\/\/www.eldigitaldeasturias.com\/noticias\/wp-content\/uploads\/2020\/12\/EDA-1.jpg","twitter:label1":"Escrito por","twitter:data1":"El Digital de Asturias","twitter:label2":"Tiempo de lectura estimado","twitter:data2":"1 minuto"},"aioseo_meta_data":{"post_id":"951749","title":null,"description":null,"keywords":null,"keyphrases":null,"primary_term":null,"canonical_url":null,"og_title":null,"og_description":null,"og_object_type":"default","og_image_type":"default","og_image_url":null,"og_image_width":null,"og_image_height":null,"og_image_custom_url":null,"og_image_custom_fields":null,"og_video":null,"og_custom_url":null,"og_article_section":null,"og_article_tags":null,"twitter_use_og":false,"twitter_card":"default","twitter_image_type":"default","twitter_image_url":null,"twitter_image_custom_url":null,"twitter_image_custom_fields":null,"twitter_title":null,"twitter_description":null,"schema":{"blockGraphs":[],"customGraphs":[],"default":{"data":{"Article":[],"Course":[],"Dataset":[],"FAQPage":[],"Movie":[],"Person":[],"Product":[],"ProductReview":[],"Car":[],"Recipe":[],"Service":[],"SoftwareApplication":[],"WebPage":[]},"graphName":"","isEnabled":true},"graphs":[]},"schema_type":null,"schema_type_options":null,"pillar_content":false,"robots_default":true,"robots_noindex":false,"robots_noarchive":false,"robots_nosnippet":false,"robots_nofollow":false,"robots_noimageindex":false,"robots_noodp":false,"robots_notranslate":false,"robots_max_snippet":null,"robots_max_videopreview":null,"robots_max_imagepreview":"large","priority":null,"frequency":null,"local_seo":null,"seo_analyzer_scan_date":"2025-12-05 20:21:34","breadcrumb_settings":null,"limit_modified_date":false,"open_ai":null,"ai":null,"created":"2020-12-21 12:58:03","updated":"2025-12-05 20:21:34","focus_keyword":null,"additional_keywords":null,"truseo_locale":null},"aioseo_breadcrumb":"<div class=\"aioseo-breadcrumbs\"><span class=\"aioseo-breadcrumb\">\n\t<a href=\"https:\/\/www.eldigitaldeasturias.com\/noticias\" title=\"Home\">Home<\/a>\n<\/span><span class=\"aioseo-breadcrumb-separator\">\u2013<\/span><span class=\"aioseo-breadcrumb\">\n\t<a href=\"https:\/\/www.eldigitaldeasturias.com\/noticias\/category\/actualidad\/\" title=\"Actualidad\">Actualidad<\/a>\n<\/span><span class=\"aioseo-breadcrumb-separator\">\u2013<\/span><span class=\"aioseo-breadcrumb\">\n\t<a href=\"https:\/\/www.eldigitaldeasturias.com\/noticias\/susana-diaz-defiende-un-sistema-justo-e-igualitario-de-financiacion\/\" title=\"Susana D\u00edaz defiende un sistema \u00abjusto e igualitario\u00bb de financiaci\u00f3n\">Susana D\u00edaz defiende un sistema \u00abjusto e igualitario\u00bb de financiaci\u00f3n<\/a>\n<\/span><\/div>","aioseo_breadcrumb_json":[{"label":"Home","link":"https:\/\/www.eldigitaldeasturias.com\/noticias"},{"label":"Actualidad","link":"https:\/\/www.eldigitaldeasturias.com\/noticias\/category\/actualidad\/"},{"label":"Susana D\u00edaz defiende un sistema \u00abjusto e igualitario\u00bb de financiaci\u00f3n","link":"https:\/\/www.eldigitaldeasturias.com\/noticias\/susana-diaz-defiende-un-sistema-justo-e-igualitario-de-financiacion\/"}],"_links":{"self":[{"href":"https:\/\/www.eldigitaldeasturias.com\/noticias\/wp-json\/wp\/v2\/posts\/951749","targetHints":{"allow":["GET"]}}],"collection":[{"href":"https:\/\/www.eldigitaldeasturias.com\/noticias\/wp-json\/wp\/v2\/posts"}],"about":[{"href":"https:\/\/www.eldigitaldeasturias.com\/noticias\/wp-json\/wp\/v2\/types\/post"}],"author":[{"embeddable":true,"href":"https:\/\/www.eldigitaldeasturias.com\/noticias\/wp-json\/wp\/v2\/users\/1"}],"replies":[{"embeddable":true,"href":"https:\/\/www.eldigitaldeasturias.com\/noticias\/wp-json\/wp\/v2\/comments?post=951749"}],"version-history":[{"count":0,"href":"https:\/\/www.eldigitaldeasturias.com\/noticias\/wp-json\/wp\/v2\/posts\/951749\/revisions"}],"wp:attachment":[{"href":"https:\/\/www.eldigitaldeasturias.com\/noticias\/wp-json\/wp\/v2\/media?parent=951749"}],"wp:term":[{"taxonomy":"category","embeddable":true,"href":"https:\/\/www.eldigitaldeasturias.com\/noticias\/wp-json\/wp\/v2\/categories?post=951749"},{"taxonomy":"post_tag","embeddable":true,"href":"https:\/\/www.eldigitaldeasturias.com\/noticias\/wp-json\/wp\/v2\/tags?post=951749"}],"curies":[{"name":"wp","href":"https:\/\/api.w.org\/{rel}","templated":true}]}}