{"id":951746,"date":"2017-09-04T21:15:23","date_gmt":"2017-09-04T21:15:23","guid":{"rendered":"http:\/\/www.eldigitaldeasturias.com\/noticias\/?p=951746"},"modified":"2017-09-04T21:15:23","modified_gmt":"2017-09-04T21:15:23","slug":"la-plantilla-del-servicio-andaluz-de-salud-crece-un-3-desde-2012","status":"publish","type":"post","link":"https:\/\/www.eldigitaldeasturias.com\/noticias\/la-plantilla-del-servicio-andaluz-de-salud-crece-un-3-desde-2012\/","title":{"rendered":"La plantilla del Servicio Andaluz de Salud crece un 3% desde 2012"},"content":{"rendered":"<p><img loading=\"lazy\" decoding=\"async\" class=\"alignleft size-medium wp-image-951747\" src=\"https:\/\/www.eldigitaldeasturias.com\/noticias\/wp-content\/uploads\/2017\/09\/1504523618667-360x257.jpg\" alt=\"\" width=\"360\" height=\"257\" \/>La consejera de Salud, Marina \u00c1lvarez, ha destacado durante su intervenci\u00f3n en Comisi\u00f3n de Salud extraordinaria que la plantilla del Servicio Andaluz de Salud (SAS) ha crecido un 3,02% desde 2012, pasando de 90.770 efectivos netos a 93.462 en 2017, cifra a la que habr\u00eda que a\u00f1adir la pr\u00f3xima contrataci\u00f3n de cerca de 400 profesionales en el \u00e1mbito de Atenci\u00f3n Primaria.<\/p>\n<p>El incremento de 2.692 profesionales m\u00e1s se sit\u00faa por encima del registrado en el Servicio Nacional de Salud, 0,69% frente al 3,02% en Andaluc\u00eda, seg\u00fan los datos del Bolet\u00edn Estad\u00edstico de personal al servicio de las administraciones p\u00fablicas y los propios datos del SAS, ya que dicho bolet\u00edn recoge los datos hasta enero de 2017 y no incluye, por tanto, la importante incorporaci\u00f3n de profesionales que Andaluc\u00eda ha experimentado a lo largo de este a\u00f1o como consecuencia, entre otras medidas, de la aplicaci\u00f3n de la jornada de 35 horas.<\/p>\n<p>Tal y como ha destacado la consejera de Salud, \u00abeste incremento de profesionales sit\u00faa a Andaluc\u00eda en una posici\u00f3n ventajosa, a pesar de las dificultades impuestas por el Gobierno de la naci\u00f3n\u00bb. El aumento de plantilla registrado en Andaluc\u00eda contrasta con las disminuciones de profesionales producidas en estos a\u00f1os en otras comunidades<\/p>\n<p>Seg\u00fan \u00c1lvarez, el mantenimiento del empleo en el sistema sanitario p\u00fablico andaluz se ha producido \u00aba pesar de las medidas impuestas por el Gobierno central\u00bb. As\u00ed, ha recordado que el Gobierno, a partir del a\u00f1o 2013, limit\u00f3 la tasa de reposici\u00f3n de los profesionales que se jubilaban. \u00abEsta medida, sumadas a las fuertes restricciones econ\u00f3micas, impidi\u00f3 crear nuevas plazas de personal interino vacante y normalizar al personal eventual\u00bb, ha subrayado la consejera de Salud.<\/p>\n<p>Adem\u00e1s, en la Ley de Presupuestos Generales del Estado para 2012, se ampli\u00f3 la jornada laboral de todos los empleados p\u00fablicos a 37,5 horas en c\u00f3mputo semanal, \u00abuno de los aspectos que m\u00e1s desmotivaci\u00f3n y descontento ha producido entre los profesionales sanitarios\u00bb, ha destacado la consejera de Salud. De hecho, Marina \u00c1lvarez ha recordado que \u00abla suma de estas medidas represent\u00f3 en ese momento y en los a\u00f1os posteriores un efecto de claras consecuencias negativas para el sistema sanitario p\u00fablico de Andaluc\u00eda y para el Sistema Nacional de Salud\u00bb.<\/p>\n<p><strong>Prioridades en Andaluc\u00eda<\/strong><\/p>\n<p>Tal y como ha explicado la titular andaluza de Salud, \u00abcada uno de los servicios regionales ha tenido que tomar decisiones en funci\u00f3n de sus prioridades, siendo las de Andaluc\u00eda mantener la cartera de servicios, mantener profesionales, la universalidad, recursos y la calidad del servicio prestado\u00bb.<\/p>\n<p>La consejera de Salud ha recordado que, desde el Gobierno andaluz, se aplic\u00f3 un conjunto de medidas para intentar minimizar los efectos de las decisiones del Gobierno central. As\u00ed, como hecho singular respecto a otras administraciones p\u00fablicas, mantuvo el compromiso de no reducir los nombramientos existentes en el momento de la entrada en vigor de la norma estatal.<\/p>\n<p>En este sentido, la decisi\u00f3n de reducir en un 25% la jornada laboral del personal laboral fue una medida adoptada para evitar el despido de m\u00e1s de 7.000 profesionales por la aplicaci\u00f3n de las 37,5 horas semanales.<\/p>\n<p><strong>Recuperaci\u00f3n de derechos profesionales<\/strong><\/p>\n<p>En el a\u00f1o 2015, los trabajadores eventuales del SAS recuperaron el 100% de su jornada y retribuciones, beneficiando a 14.122 profesionales que ya se hab\u00edan beneficiado de contratos de mayor duraci\u00f3n. En 2016, se inici\u00f3 la recuperaci\u00f3n de otros derechos como la paga extraordinaria y adicional, los conceptos retributivos variables, las ayudas de acci\u00f3n social, la recuperaci\u00f3n de d\u00edas de vacaciones y de libre disposici\u00f3n, as\u00ed como permisos para atender cuidados familiares u otras circunstancias.<\/p>\n<p>Igualmente, se est\u00e1 realizando una firme apuesta por la estabilizaci\u00f3n de empleo. Andaluc\u00eda tiene en la actualidad, en distintas fases de desarrollo, ofertas de empleo p\u00fablico que han supuesto m\u00e1s de 10.200 plazas. Teniendo en cuenta las convocatorias ordinarias y la extraordinaria de consolidaci\u00f3n, en total la comunidad se va a acercar a 30.000 plazas ofertadas entre turnos libres y de promoci\u00f3n interna.<\/p>\n<p>Asimismo, se est\u00e1 desarrollando el procedimiento extraordinario de nombramientos de personal interino al personal eventual que beneficiar\u00e1 a m\u00e1s de 15.000 profesionales.<\/p>\n<p>Otra de las medidas puestas en marcha para estabilizar plantilla y garantizar y desarrollar derechos ha sido el concurso de traslado que se convoc\u00f3 en abril-mayo 2015 y recog\u00eda 83 categor\u00edas profesionales. En estos momentos, se est\u00e1n valorando los desistimientos y alegaciones y la previsi\u00f3n es que todos los listados definitivos est\u00e9n publicados a partir de este mes de septiembre.<\/p>\n<p>En el concurso de traslados han participado 9.448 personas, de las que 5.203 (un 55,1%) han obtenido destino y, de \u00e9stas, 3.097 participantes han obtenido su primer destino (un 59,5%). Adem\u00e1s, ya se ha iniciado el proceso para la convocatoria antes de final de a\u00f1o de un nuevo concurso de traslado, con cerca de 7.000 plazas.<\/p>\n<p><strong>Reanudaci\u00f3n de carrera profesional<\/strong><\/p>\n<p>Adem\u00e1s, se ha reactivado la carrera profesional y se est\u00e1n resolviendo las convocatorias que hab\u00edan quedado suspendidas por las circunstancias econ\u00f3micas. En la actualidad, se est\u00e1n resolviendo las convocatorias que se hab\u00edan quedado suspendidas. Con el primer proceso de 2012, resuelto el a\u00f1o pasado, se certificaron nuevos niveles de carrera a 414 profesionales. En la segunda convocatoria de 2012, cuyo listado definitivo ser\u00e1 visto precisamente por la Comisi\u00f3n Central de valoraci\u00f3n de Carrera Profesional, permitir\u00e1 que otros 325 profesionales tengan certificado nuevos niveles de carrera.<\/p>\n<p>El compromiso de la Consejer\u00eda de Salud es resolver en breve las convocatorias pendientes (dos de 2013 y una de 2014) y, a partir de ese momento, reanudar el proceso de carrera. En paralelo, se est\u00e1 trabajando para que otras categor\u00edas (como veterinarios y farmac\u00e9uticos del SAS y profesionales de gesti\u00f3n y servicios) puedan disponer tambi\u00e9n de un modelo de carrera profesional.<\/p>\n<p>Todas estas medidas ponen de manifiesto una vez m\u00e1s el compromiso del Gobierno andaluz y de la Consejer\u00eda de Salud con el conjunto de los profesionales del sistema sanitario p\u00fablico, un compromiso que se refleja en el esfuerzo para incrementar la plantilla, recuperar derechos y dar mayor estabilidad a los profesionales de la sanidad p\u00fablica andaluza.<\/p>\n<p>Todo ello teniendo en cuenta, tal y como ha recordado la consejera de Salud, \u00abque Andaluc\u00eda tiene el mayor volumen de plantilla de profesionales sanitarios del conjunto del Sistema Nacional de Salud\u00bb.<\/p>\n<p>Finalmente, la consejera de Salud ha recordado que \u00abseguiremos trabajando por la mejora de las condiciones laborales de los profesionales de la sanidad p\u00fablica andaluza porque ello implica a la vez una mejora permanente de la calidad en la asistencia sanitaria y un mejor servicio a los ciudadanos que son el centro y eje a los que se dirigen todas nuestras actuaciones\u00bb.<\/p>\n<p>&nbsp;<\/p>\n","protected":false},"excerpt":{"rendered":"<p>La consejera de Salud, Marina \u00c1lvarez, ha destacado durante su intervenci\u00f3n en Comisi\u00f3n de Salud extraordinaria que la plantilla del Servicio Andaluz de Salud (SAS) ha crecido un 3,02% desde 2012, pasando de 90.770 efectivos netos a 93.462 en 2017, cifra a la que habr\u00eda que a\u00f1adir la pr\u00f3xima contrataci\u00f3n de cerca de 400 profesionales [&hellip;]<\/p>\n","protected":false},"author":1,"featured_media":951747,"comment_status":"closed","ping_status":"closed","sticky":false,"template":"","format":"standard","meta":{"footnotes":""},"categories":[1],"tags":[],"class_list":["post-951746","post","type-post","status-publish","format-standard","has-post-thumbnail","hentry","category-actualidad"],"aioseo_notices":[],"aioseo_head":"\n\t\t<!-- All in One SEO Pro 5.0.1 - aioseo.com -->\n\t<meta name=\"description\" content=\"La consejera de Salud, Marina \u00c1lvarez, ha destacado durante su intervenci\u00f3n en Comisi\u00f3n de Salud extraordinaria que la plantilla del Servicio Andaluz de Salud (SAS) ha crecido un 3,02% desde 2012, pasando de 90.770 efectivos netos a 93.462 en 2017, cifra a la que habr\u00eda que a\u00f1adir la pr\u00f3xima contrataci\u00f3n de cerca de 400 profesionales\" \/>\n\t<meta name=\"robots\" content=\"max-image-preview:large\" \/>\n\t<meta name=\"author\" content=\"El Digital de Asturias\"\/>\n\t<meta name=\"google-site-verification\" content=\"UA-38556648-1\" \/>\n\t<meta name=\"msvalidate.01\" content=\"7dfe9f3f1b24437ab69f4f2559babe99\" \/>\n\t<meta name=\"keywords\" content=\"actualidad\" \/>\n\t<link rel=\"canonical\" href=\"https:\/\/www.eldigitaldeasturias.com\/noticias\/la-plantilla-del-servicio-andaluz-de-salud-crece-un-3-desde-2012\/\" \/>\n\t<meta name=\"generator\" content=\"All in One SEO Pro (AIOSEO) 5.0.1\" \/>\n\t\t<meta property=\"og:locale\" content=\"es_ES\" \/>\n\t\t<meta property=\"og:site_name\" content=\"El Digital de Asturias\" \/>\n\t\t<meta property=\"og:type\" content=\"article\" \/>\n\t\t<meta property=\"og:title\" content=\"La plantilla del Servicio Andaluz de Salud crece un 3% desde 2012 - El Digital de Asturias\" \/>\n\t\t<meta property=\"og:description\" content=\"La consejera de Salud, Marina \u00c1lvarez, ha destacado durante su intervenci\u00f3n en Comisi\u00f3n de Salud extraordinaria que la plantilla del Servicio Andaluz de Salud (SAS) ha crecido un 3,02% desde 2012, pasando de 90.770 efectivos netos a 93.462 en 2017, cifra a la que habr\u00eda que a\u00f1adir la pr\u00f3xima contrataci\u00f3n de cerca de 400 profesionales\" \/>\n\t\t<meta property=\"og:url\" content=\"https:\/\/www.eldigitaldeasturias.com\/noticias\/la-plantilla-del-servicio-andaluz-de-salud-crece-un-3-desde-2012\/\" \/>\n\t\t<meta property=\"article:tag\" content=\"actualidad\" \/>\n\t\t<meta property=\"article:published_time\" content=\"2017-09-04T21:15:23+00:00\" \/>\n\t\t<meta property=\"article:modified_time\" content=\"2017-09-04T21:15:23+00:00\" \/>\n\t\t<meta property=\"article:publisher\" content=\"https:\/\/facebook.com\/eldigitaldeasturias\" \/>\n\t\t<meta name=\"twitter:card\" content=\"summary_large_image\" \/>\n\t\t<meta name=\"twitter:title\" content=\"La plantilla del Servicio Andaluz de Salud crece un 3% desde 2012 - El Digital de Asturias\" \/>\n\t\t<meta name=\"twitter:description\" content=\"La consejera de Salud, Marina \u00c1lvarez, ha destacado durante su intervenci\u00f3n en Comisi\u00f3n de Salud extraordinaria que la plantilla del Servicio Andaluz de Salud (SAS) ha crecido un 3,02% desde 2012, pasando de 90.770 efectivos netos a 93.462 en 2017, cifra a la que habr\u00eda que a\u00f1adir la pr\u00f3xima contrataci\u00f3n de cerca de 400 profesionales\" \/>\n\t\t<meta name=\"twitter:image\" content=\"https:\/\/www.eldigitaldeasturias.com\/noticias\/wp-content\/uploads\/2020\/12\/EDA-1.jpg\" \/>\n\t\t<meta name=\"twitter:label1\" content=\"Escrito por\" \/>\n\t\t<meta name=\"twitter:data1\" content=\"El Digital de Asturias\" \/>\n\t\t<meta name=\"twitter:label2\" content=\"Tiempo de lectura estimado\" \/>\n\t\t<meta name=\"twitter:data2\" content=\"6 minutos\" \/>\n\t\t<script type=\"application\/ld+json\" class=\"aioseo-schema\">\n\t\t\t{\"@context\":\"https:\\\/\\\/schema.org\",\"@graph\":[{\"@type\":\"BlogPosting\",\"@id\":\"https:\\\/\\\/www.eldigitaldeasturias.com\\\/noticias\\\/la-plantilla-del-servicio-andaluz-de-salud-crece-un-3-desde-2012\\\/#blogposting\",\"name\":\"La plantilla del Servicio Andaluz de Salud crece un 3% desde 2012 - El Digital de Asturias\",\"headline\":\"La plantilla del Servicio Andaluz de Salud crece un 3% desde 2012\",\"author\":{\"@id\":\"https:\\\/\\\/www.eldigitaldeasturias.com\\\/noticias\\\/author\\\/admin\\\/#author\"},\"publisher\":{\"@id\":\"https:\\\/\\\/www.eldigitaldeasturias.com\\\/noticias\\\/#organization\"},\"image\":{\"@type\":\"ImageObject\",\"url\":951747},\"datePublished\":\"2017-09-04T21:15:23+02:00\",\"dateModified\":\"2017-09-04T21:15:23+02:00\",\"inLanguage\":\"es-ES\",\"mainEntityOfPage\":{\"@id\":\"https:\\\/\\\/www.eldigitaldeasturias.com\\\/noticias\\\/la-plantilla-del-servicio-andaluz-de-salud-crece-un-3-desde-2012\\\/#webpage\"},\"isPartOf\":{\"@id\":\"https:\\\/\\\/www.eldigitaldeasturias.com\\\/noticias\\\/la-plantilla-del-servicio-andaluz-de-salud-crece-un-3-desde-2012\\\/#webpage\"},\"articleSection\":\"Actualidad\"},{\"@type\":\"BreadcrumbList\",\"@id\":\"https:\\\/\\\/www.eldigitaldeasturias.com\\\/noticias\\\/la-plantilla-del-servicio-andaluz-de-salud-crece-un-3-desde-2012\\\/#breadcrumblist\",\"itemListElement\":[{\"@type\":\"ListItem\",\"@id\":\"https:\\\/\\\/www.eldigitaldeasturias.com\\\/noticias#listItem\",\"position\":1,\"name\":\"Home\",\"item\":\"https:\\\/\\\/www.eldigitaldeasturias.com\\\/noticias\",\"nextItem\":{\"@type\":\"ListItem\",\"@id\":\"https:\\\/\\\/www.eldigitaldeasturias.com\\\/noticias\\\/category\\\/actualidad\\\/#listItem\",\"name\":\"Actualidad\"}},{\"@type\":\"ListItem\",\"@id\":\"https:\\\/\\\/www.eldigitaldeasturias.com\\\/noticias\\\/category\\\/actualidad\\\/#listItem\",\"position\":2,\"name\":\"Actualidad\",\"item\":\"https:\\\/\\\/www.eldigitaldeasturias.com\\\/noticias\\\/category\\\/actualidad\\\/\",\"nextItem\":{\"@type\":\"ListItem\",\"@id\":\"https:\\\/\\\/www.eldigitaldeasturias.com\\\/noticias\\\/la-plantilla-del-servicio-andaluz-de-salud-crece-un-3-desde-2012\\\/#listItem\",\"name\":\"La plantilla del Servicio Andaluz de Salud crece un 3% desde 2012\"},\"previousItem\":{\"@type\":\"ListItem\",\"@id\":\"https:\\\/\\\/www.eldigitaldeasturias.com\\\/noticias#listItem\",\"name\":\"Home\"}},{\"@type\":\"ListItem\",\"@id\":\"https:\\\/\\\/www.eldigitaldeasturias.com\\\/noticias\\\/la-plantilla-del-servicio-andaluz-de-salud-crece-un-3-desde-2012\\\/#listItem\",\"position\":3,\"name\":\"La plantilla del Servicio Andaluz de Salud crece un 3% desde 2012\",\"previousItem\":{\"@type\":\"ListItem\",\"@id\":\"https:\\\/\\\/www.eldigitaldeasturias.com\\\/noticias\\\/category\\\/actualidad\\\/#listItem\",\"name\":\"Actualidad\"}}]},{\"@type\":\"Organization\",\"@id\":\"https:\\\/\\\/www.eldigitaldeasturias.com\\\/noticias\\\/#organization\",\"name\":\"El Digital de Asturias\",\"description\":\"Hemeroteca\",\"url\":\"https:\\\/\\\/www.eldigitaldeasturias.com\\\/noticias\\\/\",\"email\":\"info@eldigitaldeasturias.com\",\"telephone\":\"+34652131393\",\"logo\":{\"@type\":\"ImageObject\",\"url\":\"https:\\\/\\\/www.eldigitaldeasturias.com\\\/noticias\\\/wp-content\\\/uploads\\\/2020\\\/12\\\/EDA.jpg\",\"@id\":\"https:\\\/\\\/www.eldigitaldeasturias.com\\\/noticias\\\/la-plantilla-del-servicio-andaluz-de-salud-crece-un-3-desde-2012\\\/#organizationLogo\"},\"image\":{\"@id\":\"https:\\\/\\\/www.eldigitaldeasturias.com\\\/noticias\\\/la-plantilla-del-servicio-andaluz-de-salud-crece-un-3-desde-2012\\\/#organizationLogo\"},\"sameAs\":[\"https:\\\/\\\/facebook.com\\\/eldigitaldeasturias\",\"https:\\\/\\\/www.youtube.com\\\/channel\\\/UCZP-2wLEB9Rv6erhFmqVnvg\"],\"address\":{\"@id\":\"https:\\\/\\\/www.eldigitaldeasturias.com\\\/noticias\\\/#postaladdress\",\"@type\":\"PostalAddress\",\"streetAddress\":\"san antonio 4\",\"postalCode\":\"33430\",\"addressLocality\":\"Cand\\u00e1s\",\"addressRegion\":\"Asturias\",\"addressCountry\":\"ES\"}},{\"@type\":\"Person\",\"@id\":\"https:\\\/\\\/www.eldigitaldeasturias.com\\\/noticias\\\/author\\\/admin\\\/#author\",\"url\":\"https:\\\/\\\/www.eldigitaldeasturias.com\\\/noticias\\\/author\\\/admin\\\/\",\"name\":\"El Digital de Asturias\",\"image\":{\"@type\":\"ImageObject\",\"@id\":\"https:\\\/\\\/www.eldigitaldeasturias.com\\\/noticias\\\/la-plantilla-del-servicio-andaluz-de-salud-crece-un-3-desde-2012\\\/#authorImage\",\"url\":\"https:\\\/\\\/secure.gravatar.com\\\/avatar\\\/df2aeffc32bcd13f8d26072ef8a91b623d677766deac7f97ca815868cd41bf5e?s=96&d=mm&r=g\",\"width\":96,\"height\":96,\"caption\":\"El Digital de Asturias\"}},{\"@type\":\"WebPage\",\"@id\":\"https:\\\/\\\/www.eldigitaldeasturias.com\\\/noticias\\\/la-plantilla-del-servicio-andaluz-de-salud-crece-un-3-desde-2012\\\/#webpage\",\"url\":\"https:\\\/\\\/www.eldigitaldeasturias.com\\\/noticias\\\/la-plantilla-del-servicio-andaluz-de-salud-crece-un-3-desde-2012\\\/\",\"name\":\"La plantilla del Servicio Andaluz de Salud crece un 3% desde 2012 - El Digital de Asturias\",\"description\":\"La consejera de Salud, Marina \\u00c1lvarez, ha destacado durante su intervenci\\u00f3n en Comisi\\u00f3n de Salud extraordinaria que la plantilla del Servicio Andaluz de Salud (SAS) ha crecido un 3,02% desde 2012, pasando de 90.770 efectivos netos a 93.462 en 2017, cifra a la que habr\\u00eda que a\\u00f1adir la pr\\u00f3xima contrataci\\u00f3n de cerca de 400 profesionales\",\"inLanguage\":\"es-ES\",\"isPartOf\":{\"@id\":\"https:\\\/\\\/www.eldigitaldeasturias.com\\\/noticias\\\/#website\"},\"breadcrumb\":{\"@id\":\"https:\\\/\\\/www.eldigitaldeasturias.com\\\/noticias\\\/la-plantilla-del-servicio-andaluz-de-salud-crece-un-3-desde-2012\\\/#breadcrumblist\"},\"author\":{\"@id\":\"https:\\\/\\\/www.eldigitaldeasturias.com\\\/noticias\\\/author\\\/admin\\\/#author\"},\"creator\":{\"@id\":\"https:\\\/\\\/www.eldigitaldeasturias.com\\\/noticias\\\/author\\\/admin\\\/#author\"},\"image\":{\"@type\":\"ImageObject\",\"url\":951747,\"@id\":\"https:\\\/\\\/www.eldigitaldeasturias.com\\\/noticias\\\/la-plantilla-del-servicio-andaluz-de-salud-crece-un-3-desde-2012\\\/#mainImage\"},\"primaryImageOfPage\":{\"@id\":\"https:\\\/\\\/www.eldigitaldeasturias.com\\\/noticias\\\/la-plantilla-del-servicio-andaluz-de-salud-crece-un-3-desde-2012\\\/#mainImage\"},\"datePublished\":\"2017-09-04T21:15:23+02:00\",\"dateModified\":\"2017-09-04T21:15:23+02:00\"},{\"@type\":\"WebSite\",\"@id\":\"https:\\\/\\\/www.eldigitaldeasturias.com\\\/noticias\\\/#website\",\"url\":\"https:\\\/\\\/www.eldigitaldeasturias.com\\\/noticias\\\/\",\"name\":\"El Digital de Asturias - Diario de actualidad y noticias\",\"alternateName\":\"El Digital de Asturias - Diario de actualidad y noticias\",\"description\":\"Hemeroteca\",\"inLanguage\":\"es-ES\",\"publisher\":{\"@id\":\"https:\\\/\\\/www.eldigitaldeasturias.com\\\/noticias\\\/#organization\"}}]}\n\t\t<\/script>\n\t\t<!-- All in One SEO Pro -->\r\n\t\t<title>La plantilla del Servicio Andaluz de Salud crece un 3% desde 2012 - El Digital de Asturias<\/title>\n\n","aioseo_head_json":{"title":"La plantilla del Servicio Andaluz de Salud crece un 3% desde 2012 - El Digital de Asturias","description":"La consejera de Salud, Marina \u00c1lvarez, ha destacado durante su intervenci\u00f3n en Comisi\u00f3n de Salud extraordinaria que la plantilla del Servicio Andaluz de Salud (SAS) ha crecido un 3,02% desde 2012, pasando de 90.770 efectivos netos a 93.462 en 2017, cifra a la que habr\u00eda que a\u00f1adir la pr\u00f3xima contrataci\u00f3n de cerca de 400 profesionales","canonical_url":"https:\/\/www.eldigitaldeasturias.com\/noticias\/la-plantilla-del-servicio-andaluz-de-salud-crece-un-3-desde-2012\/","robots":"max-image-preview:large","keywords":"actualidad","webmasterTools":{"google-site-verification":"UA-38556648-1","msvalidate.01":"7dfe9f3f1b24437ab69f4f2559babe99","miscellaneous":""},"schema":{"@context":"https:\/\/schema.org","@graph":[{"@type":"BlogPosting","@id":"https:\/\/www.eldigitaldeasturias.com\/noticias\/la-plantilla-del-servicio-andaluz-de-salud-crece-un-3-desde-2012\/#blogposting","name":"La plantilla del Servicio Andaluz de Salud crece un 3% desde 2012 - El Digital de Asturias","headline":"La plantilla del Servicio Andaluz de Salud crece un 3% desde 2012","author":{"@id":"https:\/\/www.eldigitaldeasturias.com\/noticias\/author\/admin\/#author"},"publisher":{"@id":"https:\/\/www.eldigitaldeasturias.com\/noticias\/#organization"},"image":{"@type":"ImageObject","url":951747},"datePublished":"2017-09-04T21:15:23+02:00","dateModified":"2017-09-04T21:15:23+02:00","inLanguage":"es-ES","mainEntityOfPage":{"@id":"https:\/\/www.eldigitaldeasturias.com\/noticias\/la-plantilla-del-servicio-andaluz-de-salud-crece-un-3-desde-2012\/#webpage"},"isPartOf":{"@id":"https:\/\/www.eldigitaldeasturias.com\/noticias\/la-plantilla-del-servicio-andaluz-de-salud-crece-un-3-desde-2012\/#webpage"},"articleSection":"Actualidad"},{"@type":"BreadcrumbList","@id":"https:\/\/www.eldigitaldeasturias.com\/noticias\/la-plantilla-del-servicio-andaluz-de-salud-crece-un-3-desde-2012\/#breadcrumblist","itemListElement":[{"@type":"ListItem","@id":"https:\/\/www.eldigitaldeasturias.com\/noticias#listItem","position":1,"name":"Home","item":"https:\/\/www.eldigitaldeasturias.com\/noticias","nextItem":{"@type":"ListItem","@id":"https:\/\/www.eldigitaldeasturias.com\/noticias\/category\/actualidad\/#listItem","name":"Actualidad"}},{"@type":"ListItem","@id":"https:\/\/www.eldigitaldeasturias.com\/noticias\/category\/actualidad\/#listItem","position":2,"name":"Actualidad","item":"https:\/\/www.eldigitaldeasturias.com\/noticias\/category\/actualidad\/","nextItem":{"@type":"ListItem","@id":"https:\/\/www.eldigitaldeasturias.com\/noticias\/la-plantilla-del-servicio-andaluz-de-salud-crece-un-3-desde-2012\/#listItem","name":"La plantilla del Servicio Andaluz de Salud crece un 3% desde 2012"},"previousItem":{"@type":"ListItem","@id":"https:\/\/www.eldigitaldeasturias.com\/noticias#listItem","name":"Home"}},{"@type":"ListItem","@id":"https:\/\/www.eldigitaldeasturias.com\/noticias\/la-plantilla-del-servicio-andaluz-de-salud-crece-un-3-desde-2012\/#listItem","position":3,"name":"La plantilla del Servicio Andaluz de Salud crece un 3% desde 2012","previousItem":{"@type":"ListItem","@id":"https:\/\/www.eldigitaldeasturias.com\/noticias\/category\/actualidad\/#listItem","name":"Actualidad"}}]},{"@type":"Organization","@id":"https:\/\/www.eldigitaldeasturias.com\/noticias\/#organization","name":"El Digital de Asturias","description":"Hemeroteca","url":"https:\/\/www.eldigitaldeasturias.com\/noticias\/","email":"info@eldigitaldeasturias.com","telephone":"+34652131393","logo":{"@type":"ImageObject","url":"https:\/\/www.eldigitaldeasturias.com\/noticias\/wp-content\/uploads\/2020\/12\/EDA.jpg","@id":"https:\/\/www.eldigitaldeasturias.com\/noticias\/la-plantilla-del-servicio-andaluz-de-salud-crece-un-3-desde-2012\/#organizationLogo"},"image":{"@id":"https:\/\/www.eldigitaldeasturias.com\/noticias\/la-plantilla-del-servicio-andaluz-de-salud-crece-un-3-desde-2012\/#organizationLogo"},"sameAs":["https:\/\/facebook.com\/eldigitaldeasturias","https:\/\/www.youtube.com\/channel\/UCZP-2wLEB9Rv6erhFmqVnvg"],"address":{"@id":"https:\/\/www.eldigitaldeasturias.com\/noticias\/#postaladdress","@type":"PostalAddress","streetAddress":"san antonio 4","postalCode":"33430","addressLocality":"Cand\u00e1s","addressRegion":"Asturias","addressCountry":"ES"}},{"@type":"Person","@id":"https:\/\/www.eldigitaldeasturias.com\/noticias\/author\/admin\/#author","url":"https:\/\/www.eldigitaldeasturias.com\/noticias\/author\/admin\/","name":"El Digital de Asturias","image":{"@type":"ImageObject","@id":"https:\/\/www.eldigitaldeasturias.com\/noticias\/la-plantilla-del-servicio-andaluz-de-salud-crece-un-3-desde-2012\/#authorImage","url":"https:\/\/secure.gravatar.com\/avatar\/df2aeffc32bcd13f8d26072ef8a91b623d677766deac7f97ca815868cd41bf5e?s=96&d=mm&r=g","width":96,"height":96,"caption":"El Digital de Asturias"}},{"@type":"WebPage","@id":"https:\/\/www.eldigitaldeasturias.com\/noticias\/la-plantilla-del-servicio-andaluz-de-salud-crece-un-3-desde-2012\/#webpage","url":"https:\/\/www.eldigitaldeasturias.com\/noticias\/la-plantilla-del-servicio-andaluz-de-salud-crece-un-3-desde-2012\/","name":"La plantilla del Servicio Andaluz de Salud crece un 3% desde 2012 - El Digital de Asturias","description":"La consejera de Salud, Marina \u00c1lvarez, ha destacado durante su intervenci\u00f3n en Comisi\u00f3n de Salud extraordinaria que la plantilla del Servicio Andaluz de Salud (SAS) ha crecido un 3,02% desde 2012, pasando de 90.770 efectivos netos a 93.462 en 2017, cifra a la que habr\u00eda que a\u00f1adir la pr\u00f3xima contrataci\u00f3n de cerca de 400 profesionales","inLanguage":"es-ES","isPartOf":{"@id":"https:\/\/www.eldigitaldeasturias.com\/noticias\/#website"},"breadcrumb":{"@id":"https:\/\/www.eldigitaldeasturias.com\/noticias\/la-plantilla-del-servicio-andaluz-de-salud-crece-un-3-desde-2012\/#breadcrumblist"},"author":{"@id":"https:\/\/www.eldigitaldeasturias.com\/noticias\/author\/admin\/#author"},"creator":{"@id":"https:\/\/www.eldigitaldeasturias.com\/noticias\/author\/admin\/#author"},"image":{"@type":"ImageObject","url":951747,"@id":"https:\/\/www.eldigitaldeasturias.com\/noticias\/la-plantilla-del-servicio-andaluz-de-salud-crece-un-3-desde-2012\/#mainImage"},"primaryImageOfPage":{"@id":"https:\/\/www.eldigitaldeasturias.com\/noticias\/la-plantilla-del-servicio-andaluz-de-salud-crece-un-3-desde-2012\/#mainImage"},"datePublished":"2017-09-04T21:15:23+02:00","dateModified":"2017-09-04T21:15:23+02:00"},{"@type":"WebSite","@id":"https:\/\/www.eldigitaldeasturias.com\/noticias\/#website","url":"https:\/\/www.eldigitaldeasturias.com\/noticias\/","name":"El Digital de Asturias - Diario de actualidad y noticias","alternateName":"El Digital de Asturias - Diario de actualidad y noticias","description":"Hemeroteca","inLanguage":"es-ES","publisher":{"@id":"https:\/\/www.eldigitaldeasturias.com\/noticias\/#organization"}}]},"og:locale":"es_ES","og:site_name":"El Digital de Asturias","og:type":"article","og:title":"La plantilla del Servicio Andaluz de Salud crece un 3% desde 2012 - El Digital de Asturias","og:description":"La consejera de Salud, Marina \u00c1lvarez, ha destacado durante su intervenci\u00f3n en Comisi\u00f3n de Salud extraordinaria que la plantilla del Servicio Andaluz de Salud (SAS) ha crecido un 3,02% desde 2012, pasando de 90.770 efectivos netos a 93.462 en 2017, cifra a la que habr\u00eda que a\u00f1adir la pr\u00f3xima contrataci\u00f3n de cerca de 400 profesionales","og:url":"https:\/\/www.eldigitaldeasturias.com\/noticias\/la-plantilla-del-servicio-andaluz-de-salud-crece-un-3-desde-2012\/","article:tag":["actualidad"],"article:published_time":"2017-09-04T21:15:23+00:00","article:modified_time":"2017-09-04T21:15:23+00:00","article:publisher":"https:\/\/facebook.com\/eldigitaldeasturias","twitter:card":"summary_large_image","twitter:title":"La plantilla del Servicio Andaluz de Salud crece un 3% desde 2012 - El Digital de Asturias","twitter:description":"La consejera de Salud, Marina \u00c1lvarez, ha destacado durante su intervenci\u00f3n en Comisi\u00f3n de Salud extraordinaria que la plantilla del Servicio Andaluz de Salud (SAS) ha crecido un 3,02% desde 2012, pasando de 90.770 efectivos netos a 93.462 en 2017, cifra a la que habr\u00eda que a\u00f1adir la pr\u00f3xima contrataci\u00f3n de cerca de 400 profesionales","twitter:image":"https:\/\/www.eldigitaldeasturias.com\/noticias\/wp-content\/uploads\/2020\/12\/EDA-1.jpg","twitter:label1":"Escrito por","twitter:data1":"El Digital de Asturias","twitter:label2":"Tiempo de lectura estimado","twitter:data2":"6 minutos"},"aioseo_meta_data":{"post_id":"951746","title":null,"description":null,"keywords":null,"keyphrases":null,"primary_term":null,"canonical_url":null,"og_title":null,"og_description":null,"og_object_type":"default","og_image_type":"default","og_image_url":null,"og_image_width":null,"og_image_height":null,"og_image_custom_url":null,"og_image_custom_fields":null,"og_video":null,"og_custom_url":null,"og_article_section":null,"og_article_tags":null,"twitter_use_og":false,"twitter_card":"default","twitter_image_type":"default","twitter_image_url":null,"twitter_image_custom_url":null,"twitter_image_custom_fields":null,"twitter_title":null,"twitter_description":null,"schema":{"blockGraphs":[],"customGraphs":[],"default":{"data":{"Article":[],"Course":[],"Dataset":[],"FAQPage":[],"Movie":[],"Person":[],"Product":[],"ProductReview":[],"Car":[],"Recipe":[],"Service":[],"SoftwareApplication":[],"WebPage":[]},"graphName":"","isEnabled":true},"graphs":[],"defaultGraph":"","defaultPostTypeGraph":""},"schema_type":null,"schema_type_options":null,"pillar_content":false,"robots_default":true,"robots_noindex":false,"robots_noarchive":false,"robots_nosnippet":false,"robots_nofollow":false,"robots_noimageindex":false,"robots_noodp":false,"robots_notranslate":false,"robots_max_snippet":null,"robots_max_videopreview":null,"robots_max_imagepreview":"large","priority":null,"frequency":null,"local_seo":null,"seo_analyzer_scan_date":"2025-12-05 20:21:34","breadcrumb_settings":null,"limit_modified_date":false,"open_ai":null,"ai":null,"created":"2020-12-21 12:58:03","updated":"2025-12-05 20:21:34","focus_keyword":null,"additional_keywords":null,"truseo_locale":null},"aioseo_breadcrumb":"<div class=\"aioseo-breadcrumbs\"><span class=\"aioseo-breadcrumb\">\n\t<a href=\"https:\/\/www.eldigitaldeasturias.com\/noticias\" title=\"Home\">Home<\/a>\n<\/span><span class=\"aioseo-breadcrumb-separator\">\u2013<\/span><span class=\"aioseo-breadcrumb\">\n\t<a href=\"https:\/\/www.eldigitaldeasturias.com\/noticias\/category\/actualidad\/\" title=\"Actualidad\">Actualidad<\/a>\n<\/span><span class=\"aioseo-breadcrumb-separator\">\u2013<\/span><span class=\"aioseo-breadcrumb\">\n\t<a href=\"https:\/\/www.eldigitaldeasturias.com\/noticias\/la-plantilla-del-servicio-andaluz-de-salud-crece-un-3-desde-2012\/\" title=\"La plantilla del Servicio Andaluz de Salud crece un 3% desde 2012\">La plantilla del Servicio Andaluz de Salud crece un 3% desde 2012<\/a>\n<\/span><\/div>","aioseo_breadcrumb_json":[{"label":"Home","link":"https:\/\/www.eldigitaldeasturias.com\/noticias"},{"label":"Actualidad","link":"https:\/\/www.eldigitaldeasturias.com\/noticias\/category\/actualidad\/"},{"label":"La plantilla del Servicio Andaluz de Salud crece un 3% desde 2012","link":"https:\/\/www.eldigitaldeasturias.com\/noticias\/la-plantilla-del-servicio-andaluz-de-salud-crece-un-3-desde-2012\/"}],"_links":{"self":[{"href":"https:\/\/www.eldigitaldeasturias.com\/noticias\/wp-json\/wp\/v2\/posts\/951746","targetHints":{"allow":["GET"]}}],"collection":[{"href":"https:\/\/www.eldigitaldeasturias.com\/noticias\/wp-json\/wp\/v2\/posts"}],"about":[{"href":"https:\/\/www.eldigitaldeasturias.com\/noticias\/wp-json\/wp\/v2\/types\/post"}],"author":[{"embeddable":true,"href":"https:\/\/www.eldigitaldeasturias.com\/noticias\/wp-json\/wp\/v2\/users\/1"}],"replies":[{"embeddable":true,"href":"https:\/\/www.eldigitaldeasturias.com\/noticias\/wp-json\/wp\/v2\/comments?post=951746"}],"version-history":[{"count":0,"href":"https:\/\/www.eldigitaldeasturias.com\/noticias\/wp-json\/wp\/v2\/posts\/951746\/revisions"}],"wp:attachment":[{"href":"https:\/\/www.eldigitaldeasturias.com\/noticias\/wp-json\/wp\/v2\/media?parent=951746"}],"wp:term":[{"taxonomy":"category","embeddable":true,"href":"https:\/\/www.eldigitaldeasturias.com\/noticias\/wp-json\/wp\/v2\/categories?post=951746"},{"taxonomy":"post_tag","embeddable":true,"href":"https:\/\/www.eldigitaldeasturias.com\/noticias\/wp-json\/wp\/v2\/tags?post=951746"}],"curies":[{"name":"wp","href":"https:\/\/api.w.org\/{rel}","templated":true}]}}