{"id":951743,"date":"2017-09-04T21:13:43","date_gmt":"2017-09-04T21:13:43","guid":{"rendered":"http:\/\/www.eldigitaldeasturias.com\/noticias\/?p=951743"},"modified":"2017-09-04T21:13:43","modified_gmt":"2017-09-04T21:13:43","slug":"la-junta-firma-un-convenio-para-mitigar-en-jaen-los-recortes-del-gobierno-en-dependencia","status":"publish","type":"post","link":"https:\/\/www.eldigitaldeasturias.com\/noticias\/la-junta-firma-un-convenio-para-mitigar-en-jaen-los-recortes-del-gobierno-en-dependencia\/","title":{"rendered":"La Junta firma un convenio para mitigar en Ja\u00e9n los recortes del Gobierno en dependencia"},"content":{"rendered":"<p><img loading=\"lazy\" decoding=\"async\" class=\"alignleft size-full wp-image-951744\" src=\"https:\/\/www.eldigitaldeasturias.com\/noticias\/wp-content\/uploads\/2017\/09\/1504516903750.jpg\" alt=\"\" width=\"312\" height=\"190\" \/>La consejera de Igualdad y Pol\u00edticas Sociales, Mar\u00eda Jos\u00e9 S\u00e1nchez Rubio, ha suscrito un convenio con la Diputaci\u00f3n Provincial de Ja\u00e9n y los ayuntamientos de Alcal\u00e1 la Real, And\u00fajar, Linares, Martos y \u00dabeda, que se enmarca en el plan aprobado por el Consejo de Gobierno para mitigar los efectos de los recortes del Ejecutivo central a Andaluc\u00eda en materia de dependencia, avanzar en la atenci\u00f3n de las personas sin prestaci\u00f3n reconocida y reducir los tiempos de respuesta.<\/p>\n<p>S\u00e1nchez Rubio ha detallado que este acuerdo permitir\u00e1 mejorar y agilizar la respuesta en los procesos de reconocimiento de la situaci\u00f3n de dependencia y del derecho a las prestaciones, y ha reconocido \u00abel importante desarrollo que est\u00e1 teniendo el sistema de dependencia en nuestra comunidad gracias al papel de las corporaciones locales, ya que son la puerta de entrada al sistema a trav\u00e9s de los servicios sociales comunitarios, de ah\u00ed que reforcemos la colaboraci\u00f3n entre la Junta y las corporaciones locales\u00bb.<\/p>\n<p>La consejera ha insistido en que, con estas medidas, se pretende contrarrestar los recortes del Gobierno central en los \u00faltimos a\u00f1os, que se cuantifican en 625 millones de euros desde 2012. Adem\u00e1s, ha denunciado que los Presupuestos Generales del Estados suponen \u00abde nuevo, una dejadez del Sistema de Dependencia, a los que se suman otros 17 millones por el pago de la teleasistencia avanzada, lo que permitir\u00eda atender a 105.000 personas m\u00e1s en Andaluc\u00eda\u00bb.<\/p>\n<p>La nueva estrategia, de car\u00e1cter anual, cuenta con un presupuesto de 25 millones de euros que permitir\u00e1 atender en la comunidad a m\u00e1s de 234.000 personas en situaci\u00f3n de dependencia en marzo de 2018 (alrededor de 28.800 en la provincia de Ja\u00e9n).<\/p>\n<p>La consejera ha informado de que desde la puesta en marcha de este plan se han incorporado al sistema 15.130 personas (1.841 en la provincia de Ja\u00e9n) con un total de 20.698 prestaciones (2.795 en Ja\u00e9n).<\/p>\n<p>A fecha de 31 de julio, Andaluc\u00eda cuenta con 186.800 personas en situaci\u00f3n de dependencia (23.092 en la provincia de Ja\u00e9n) que se benefician de 239.800 prestaciones (30.010 en Ja\u00e9n). En la provincia jiennense se han creado 4.900 empleos en la atenci\u00f3n a la dependencia, unos 2.320 en el Servicio de Ayuda a Domicilio.<\/p>\n<p><strong>Centros de Participaci\u00f3n Activa<\/strong><\/p>\n<p>La responsable de las pol\u00edticas sociales en Andaluc\u00eda ha subrayado tambi\u00e9n que este acuerdo supone un importante avance para la incorporaci\u00f3n de las personas con dependencia moderada reconocida, ya que, entre otras medidas, se potenciar\u00e1 la utilizaci\u00f3n de la red de Centros de Participaci\u00f3n Activa (m\u00e1s de 900 en toda Andaluc\u00eda), tanto los gestionados por la Consejer\u00eda de Igualdad y Pol\u00edticas Sociales (168 en Andaluc\u00eda, 17 en la provincia de Ja\u00e9n) como por las corporaciones locales, para los servicios de promoci\u00f3n de la autonom\u00eda personal y promoci\u00f3n de la dependencia. \u00abTodo ello con el fin de alcanzar el mayor nivel de autonom\u00eda y calidad de vida\u00bb, ha destacado.<\/p>\n<p>Este acuerdo establece que los servicios que pondr\u00e1n en marcha las corporaciones se prestar\u00e1n mediante la realizaci\u00f3n de programas grupales de car\u00e1cter preventivo y actividades ocupacionales, orientadas a mantener o mejorar la capacidad para realizar las acciones b\u00e1sicas de la vida diaria, evitar la aparici\u00f3n de limitaciones en la actividad, potenciar el desarrollo personal y la integraci\u00f3n social, fomentando y desarrollando las capacidades comunicativas y de interrelaci\u00f3n personal, generaci\u00f3n de grupos y otras habilidades sociales.<\/p>\n<p>La norma plantea que las corporaciones locales garantizar\u00e1n el acceso a las actividades grupales que se programen a las personas que tengan prescritos los servicios en su Programa Individual de Atenci\u00f3n. Estas se deben dise\u00f1ar y realizar atendiendo a las necesidades de mujeres y hombres, sobre todo en lo relativo a la organizaci\u00f3n de espacios, horarios y contenido de las actividades programadas, as\u00ed como atendiendo espec\u00edficamente las necesidades de mujeres en situaci\u00f3n de especial vulnerabilidad.<\/p>\n<p>La financiaci\u00f3n de dichas actividades correr\u00e1 a cargo de la Junta de Andaluc\u00eda, que consignar\u00e1 anualmente en sus presupuestos el cr\u00e9dito adecuado y suficiente para la financiaci\u00f3n de los servicios.<\/p>\n<p>&nbsp;<\/p>\n","protected":false},"excerpt":{"rendered":"<p>La consejera de Igualdad y Pol\u00edticas Sociales, Mar\u00eda Jos\u00e9 S\u00e1nchez Rubio, ha suscrito un convenio con la Diputaci\u00f3n Provincial de Ja\u00e9n y los ayuntamientos de Alcal\u00e1 la Real, And\u00fajar, Linares, Martos y \u00dabeda, que se enmarca en el plan aprobado por el Consejo de Gobierno para mitigar los efectos de los recortes del Ejecutivo central [&hellip;]<\/p>\n","protected":false},"author":1,"featured_media":951744,"comment_status":"closed","ping_status":"closed","sticky":false,"template":"","format":"standard","meta":{"footnotes":""},"categories":[1],"tags":[],"class_list":["post-951743","post","type-post","status-publish","format-standard","has-post-thumbnail","hentry","category-actualidad"],"aioseo_notices":[],"aioseo_head":"\n\t\t<!-- All in One SEO Pro 5.0.1 - aioseo.com -->\n\t<meta name=\"description\" content=\"La consejera de Igualdad y Pol\u00edticas Sociales, Mar\u00eda Jos\u00e9 S\u00e1nchez Rubio, ha suscrito un convenio con la Diputaci\u00f3n Provincial de Ja\u00e9n y los ayuntamientos de Alcal\u00e1 la Real, And\u00fajar, Linares, Martos y \u00dabeda, que se enmarca en el plan aprobado por el Consejo de Gobierno para mitigar los efectos de los recortes del Ejecutivo central\" \/>\n\t<meta name=\"robots\" content=\"max-image-preview:large\" \/>\n\t<meta name=\"author\" content=\"El Digital de Asturias\"\/>\n\t<meta name=\"google-site-verification\" content=\"UA-38556648-1\" \/>\n\t<meta name=\"msvalidate.01\" content=\"7dfe9f3f1b24437ab69f4f2559babe99\" \/>\n\t<meta name=\"keywords\" content=\"actualidad\" \/>\n\t<link rel=\"canonical\" href=\"https:\/\/www.eldigitaldeasturias.com\/noticias\/la-junta-firma-un-convenio-para-mitigar-en-jaen-los-recortes-del-gobierno-en-dependencia\/\" \/>\n\t<meta name=\"generator\" content=\"All in One SEO Pro (AIOSEO) 5.0.1\" \/>\n\t\t<meta property=\"og:locale\" content=\"es_ES\" \/>\n\t\t<meta property=\"og:site_name\" content=\"El Digital de Asturias\" \/>\n\t\t<meta property=\"og:type\" content=\"article\" \/>\n\t\t<meta property=\"og:title\" content=\"La Junta firma un convenio para mitigar en Ja\u00e9n los recortes del Gobierno en dependencia - El Digital de Asturias\" \/>\n\t\t<meta property=\"og:description\" content=\"La consejera de Igualdad y Pol\u00edticas Sociales, Mar\u00eda Jos\u00e9 S\u00e1nchez Rubio, ha suscrito un convenio con la Diputaci\u00f3n Provincial de Ja\u00e9n y los ayuntamientos de Alcal\u00e1 la Real, And\u00fajar, Linares, Martos y \u00dabeda, que se enmarca en el plan aprobado por el Consejo de Gobierno para mitigar los efectos de los recortes del Ejecutivo central\" \/>\n\t\t<meta property=\"og:url\" content=\"https:\/\/www.eldigitaldeasturias.com\/noticias\/la-junta-firma-un-convenio-para-mitigar-en-jaen-los-recortes-del-gobierno-en-dependencia\/\" \/>\n\t\t<meta property=\"article:tag\" content=\"actualidad\" \/>\n\t\t<meta property=\"article:published_time\" content=\"2017-09-04T21:13:43+00:00\" \/>\n\t\t<meta property=\"article:modified_time\" content=\"2017-09-04T21:13:43+00:00\" \/>\n\t\t<meta property=\"article:publisher\" content=\"https:\/\/facebook.com\/eldigitaldeasturias\" \/>\n\t\t<meta name=\"twitter:card\" content=\"summary_large_image\" \/>\n\t\t<meta name=\"twitter:title\" content=\"La Junta firma un convenio para mitigar en Ja\u00e9n los recortes del Gobierno en dependencia - El Digital de Asturias\" \/>\n\t\t<meta name=\"twitter:description\" content=\"La consejera de Igualdad y Pol\u00edticas Sociales, Mar\u00eda Jos\u00e9 S\u00e1nchez Rubio, ha suscrito un convenio con la Diputaci\u00f3n Provincial de Ja\u00e9n y los ayuntamientos de Alcal\u00e1 la Real, And\u00fajar, Linares, Martos y \u00dabeda, que se enmarca en el plan aprobado por el Consejo de Gobierno para mitigar los efectos de los recortes del Ejecutivo central\" \/>\n\t\t<meta name=\"twitter:image\" content=\"https:\/\/www.eldigitaldeasturias.com\/noticias\/wp-content\/uploads\/2020\/12\/EDA-1.jpg\" \/>\n\t\t<meta name=\"twitter:label1\" content=\"Escrito por\" \/>\n\t\t<meta name=\"twitter:data1\" content=\"El Digital de Asturias\" \/>\n\t\t<meta name=\"twitter:label2\" content=\"Tiempo de lectura estimado\" \/>\n\t\t<meta name=\"twitter:data2\" content=\"4 minutos\" \/>\n\t\t<script type=\"application\/ld+json\" class=\"aioseo-schema\">\n\t\t\t{\"@context\":\"https:\\\/\\\/schema.org\",\"@graph\":[{\"@type\":\"BlogPosting\",\"@id\":\"https:\\\/\\\/www.eldigitaldeasturias.com\\\/noticias\\\/la-junta-firma-un-convenio-para-mitigar-en-jaen-los-recortes-del-gobierno-en-dependencia\\\/#blogposting\",\"name\":\"La Junta firma un convenio para mitigar en Ja\\u00e9n los recortes del Gobierno en dependencia - El Digital de Asturias\",\"headline\":\"La Junta firma un convenio para mitigar en Ja\\u00e9n los recortes del Gobierno en dependencia\",\"author\":{\"@id\":\"https:\\\/\\\/www.eldigitaldeasturias.com\\\/noticias\\\/author\\\/admin\\\/#author\"},\"publisher\":{\"@id\":\"https:\\\/\\\/www.eldigitaldeasturias.com\\\/noticias\\\/#organization\"},\"image\":{\"@type\":\"ImageObject\",\"url\":951744},\"datePublished\":\"2017-09-04T21:13:43+02:00\",\"dateModified\":\"2017-09-04T21:13:43+02:00\",\"inLanguage\":\"es-ES\",\"mainEntityOfPage\":{\"@id\":\"https:\\\/\\\/www.eldigitaldeasturias.com\\\/noticias\\\/la-junta-firma-un-convenio-para-mitigar-en-jaen-los-recortes-del-gobierno-en-dependencia\\\/#webpage\"},\"isPartOf\":{\"@id\":\"https:\\\/\\\/www.eldigitaldeasturias.com\\\/noticias\\\/la-junta-firma-un-convenio-para-mitigar-en-jaen-los-recortes-del-gobierno-en-dependencia\\\/#webpage\"},\"articleSection\":\"Actualidad\"},{\"@type\":\"BreadcrumbList\",\"@id\":\"https:\\\/\\\/www.eldigitaldeasturias.com\\\/noticias\\\/la-junta-firma-un-convenio-para-mitigar-en-jaen-los-recortes-del-gobierno-en-dependencia\\\/#breadcrumblist\",\"itemListElement\":[{\"@type\":\"ListItem\",\"@id\":\"https:\\\/\\\/www.eldigitaldeasturias.com\\\/noticias#listItem\",\"position\":1,\"name\":\"Home\",\"item\":\"https:\\\/\\\/www.eldigitaldeasturias.com\\\/noticias\",\"nextItem\":{\"@type\":\"ListItem\",\"@id\":\"https:\\\/\\\/www.eldigitaldeasturias.com\\\/noticias\\\/category\\\/actualidad\\\/#listItem\",\"name\":\"Actualidad\"}},{\"@type\":\"ListItem\",\"@id\":\"https:\\\/\\\/www.eldigitaldeasturias.com\\\/noticias\\\/category\\\/actualidad\\\/#listItem\",\"position\":2,\"name\":\"Actualidad\",\"item\":\"https:\\\/\\\/www.eldigitaldeasturias.com\\\/noticias\\\/category\\\/actualidad\\\/\",\"nextItem\":{\"@type\":\"ListItem\",\"@id\":\"https:\\\/\\\/www.eldigitaldeasturias.com\\\/noticias\\\/la-junta-firma-un-convenio-para-mitigar-en-jaen-los-recortes-del-gobierno-en-dependencia\\\/#listItem\",\"name\":\"La Junta firma un convenio para mitigar en Ja\\u00e9n los recortes del Gobierno en dependencia\"},\"previousItem\":{\"@type\":\"ListItem\",\"@id\":\"https:\\\/\\\/www.eldigitaldeasturias.com\\\/noticias#listItem\",\"name\":\"Home\"}},{\"@type\":\"ListItem\",\"@id\":\"https:\\\/\\\/www.eldigitaldeasturias.com\\\/noticias\\\/la-junta-firma-un-convenio-para-mitigar-en-jaen-los-recortes-del-gobierno-en-dependencia\\\/#listItem\",\"position\":3,\"name\":\"La Junta firma un convenio para mitigar en Ja\\u00e9n los recortes del Gobierno en dependencia\",\"previousItem\":{\"@type\":\"ListItem\",\"@id\":\"https:\\\/\\\/www.eldigitaldeasturias.com\\\/noticias\\\/category\\\/actualidad\\\/#listItem\",\"name\":\"Actualidad\"}}]},{\"@type\":\"Organization\",\"@id\":\"https:\\\/\\\/www.eldigitaldeasturias.com\\\/noticias\\\/#organization\",\"name\":\"El Digital de Asturias\",\"description\":\"Hemeroteca\",\"url\":\"https:\\\/\\\/www.eldigitaldeasturias.com\\\/noticias\\\/\",\"email\":\"info@eldigitaldeasturias.com\",\"telephone\":\"+34652131393\",\"logo\":{\"@type\":\"ImageObject\",\"url\":\"https:\\\/\\\/www.eldigitaldeasturias.com\\\/noticias\\\/wp-content\\\/uploads\\\/2020\\\/12\\\/EDA.jpg\",\"@id\":\"https:\\\/\\\/www.eldigitaldeasturias.com\\\/noticias\\\/la-junta-firma-un-convenio-para-mitigar-en-jaen-los-recortes-del-gobierno-en-dependencia\\\/#organizationLogo\"},\"image\":{\"@id\":\"https:\\\/\\\/www.eldigitaldeasturias.com\\\/noticias\\\/la-junta-firma-un-convenio-para-mitigar-en-jaen-los-recortes-del-gobierno-en-dependencia\\\/#organizationLogo\"},\"sameAs\":[\"https:\\\/\\\/facebook.com\\\/eldigitaldeasturias\",\"https:\\\/\\\/www.youtube.com\\\/channel\\\/UCZP-2wLEB9Rv6erhFmqVnvg\"],\"address\":{\"@id\":\"https:\\\/\\\/www.eldigitaldeasturias.com\\\/noticias\\\/#postaladdress\",\"@type\":\"PostalAddress\",\"streetAddress\":\"san antonio 4\",\"postalCode\":\"33430\",\"addressLocality\":\"Cand\\u00e1s\",\"addressRegion\":\"Asturias\",\"addressCountry\":\"ES\"}},{\"@type\":\"Person\",\"@id\":\"https:\\\/\\\/www.eldigitaldeasturias.com\\\/noticias\\\/author\\\/admin\\\/#author\",\"url\":\"https:\\\/\\\/www.eldigitaldeasturias.com\\\/noticias\\\/author\\\/admin\\\/\",\"name\":\"El Digital de Asturias\",\"image\":{\"@type\":\"ImageObject\",\"@id\":\"https:\\\/\\\/www.eldigitaldeasturias.com\\\/noticias\\\/la-junta-firma-un-convenio-para-mitigar-en-jaen-los-recortes-del-gobierno-en-dependencia\\\/#authorImage\",\"url\":\"https:\\\/\\\/secure.gravatar.com\\\/avatar\\\/df2aeffc32bcd13f8d26072ef8a91b623d677766deac7f97ca815868cd41bf5e?s=96&d=mm&r=g\",\"width\":96,\"height\":96,\"caption\":\"El Digital de Asturias\"}},{\"@type\":\"WebPage\",\"@id\":\"https:\\\/\\\/www.eldigitaldeasturias.com\\\/noticias\\\/la-junta-firma-un-convenio-para-mitigar-en-jaen-los-recortes-del-gobierno-en-dependencia\\\/#webpage\",\"url\":\"https:\\\/\\\/www.eldigitaldeasturias.com\\\/noticias\\\/la-junta-firma-un-convenio-para-mitigar-en-jaen-los-recortes-del-gobierno-en-dependencia\\\/\",\"name\":\"La Junta firma un convenio para mitigar en Ja\\u00e9n los recortes del Gobierno en dependencia - El Digital de Asturias\",\"description\":\"La consejera de Igualdad y Pol\\u00edticas Sociales, Mar\\u00eda Jos\\u00e9 S\\u00e1nchez Rubio, ha suscrito un convenio con la Diputaci\\u00f3n Provincial de Ja\\u00e9n y los ayuntamientos de Alcal\\u00e1 la Real, And\\u00fajar, Linares, Martos y \\u00dabeda, que se enmarca en el plan aprobado por el Consejo de Gobierno para mitigar los efectos de los recortes del Ejecutivo central\",\"inLanguage\":\"es-ES\",\"isPartOf\":{\"@id\":\"https:\\\/\\\/www.eldigitaldeasturias.com\\\/noticias\\\/#website\"},\"breadcrumb\":{\"@id\":\"https:\\\/\\\/www.eldigitaldeasturias.com\\\/noticias\\\/la-junta-firma-un-convenio-para-mitigar-en-jaen-los-recortes-del-gobierno-en-dependencia\\\/#breadcrumblist\"},\"author\":{\"@id\":\"https:\\\/\\\/www.eldigitaldeasturias.com\\\/noticias\\\/author\\\/admin\\\/#author\"},\"creator\":{\"@id\":\"https:\\\/\\\/www.eldigitaldeasturias.com\\\/noticias\\\/author\\\/admin\\\/#author\"},\"image\":{\"@type\":\"ImageObject\",\"url\":951744,\"@id\":\"https:\\\/\\\/www.eldigitaldeasturias.com\\\/noticias\\\/la-junta-firma-un-convenio-para-mitigar-en-jaen-los-recortes-del-gobierno-en-dependencia\\\/#mainImage\"},\"primaryImageOfPage\":{\"@id\":\"https:\\\/\\\/www.eldigitaldeasturias.com\\\/noticias\\\/la-junta-firma-un-convenio-para-mitigar-en-jaen-los-recortes-del-gobierno-en-dependencia\\\/#mainImage\"},\"datePublished\":\"2017-09-04T21:13:43+02:00\",\"dateModified\":\"2017-09-04T21:13:43+02:00\"},{\"@type\":\"WebSite\",\"@id\":\"https:\\\/\\\/www.eldigitaldeasturias.com\\\/noticias\\\/#website\",\"url\":\"https:\\\/\\\/www.eldigitaldeasturias.com\\\/noticias\\\/\",\"name\":\"El Digital de Asturias - Diario de actualidad y noticias\",\"alternateName\":\"El Digital de Asturias - Diario de actualidad y noticias\",\"description\":\"Hemeroteca\",\"inLanguage\":\"es-ES\",\"publisher\":{\"@id\":\"https:\\\/\\\/www.eldigitaldeasturias.com\\\/noticias\\\/#organization\"}}]}\n\t\t<\/script>\n\t\t<!-- All in One SEO Pro -->\r\n\t\t<title>La Junta firma un convenio para mitigar en Ja\u00e9n los recortes del Gobierno en dependencia - El Digital de Asturias<\/title>\n\n","aioseo_head_json":{"title":"La Junta firma un convenio para mitigar en Ja\u00e9n los recortes del Gobierno en dependencia - El Digital de Asturias","description":"La consejera de Igualdad y Pol\u00edticas Sociales, Mar\u00eda Jos\u00e9 S\u00e1nchez Rubio, ha suscrito un convenio con la Diputaci\u00f3n Provincial de Ja\u00e9n y los ayuntamientos de Alcal\u00e1 la Real, And\u00fajar, Linares, Martos y \u00dabeda, que se enmarca en el plan aprobado por el Consejo de Gobierno para mitigar los efectos de los recortes del Ejecutivo central","canonical_url":"https:\/\/www.eldigitaldeasturias.com\/noticias\/la-junta-firma-un-convenio-para-mitigar-en-jaen-los-recortes-del-gobierno-en-dependencia\/","robots":"max-image-preview:large","keywords":"actualidad","webmasterTools":{"google-site-verification":"UA-38556648-1","msvalidate.01":"7dfe9f3f1b24437ab69f4f2559babe99","miscellaneous":""},"schema":{"@context":"https:\/\/schema.org","@graph":[{"@type":"BlogPosting","@id":"https:\/\/www.eldigitaldeasturias.com\/noticias\/la-junta-firma-un-convenio-para-mitigar-en-jaen-los-recortes-del-gobierno-en-dependencia\/#blogposting","name":"La Junta firma un convenio para mitigar en Ja\u00e9n los recortes del Gobierno en dependencia - El Digital de Asturias","headline":"La Junta firma un convenio para mitigar en Ja\u00e9n los recortes del Gobierno en dependencia","author":{"@id":"https:\/\/www.eldigitaldeasturias.com\/noticias\/author\/admin\/#author"},"publisher":{"@id":"https:\/\/www.eldigitaldeasturias.com\/noticias\/#organization"},"image":{"@type":"ImageObject","url":951744},"datePublished":"2017-09-04T21:13:43+02:00","dateModified":"2017-09-04T21:13:43+02:00","inLanguage":"es-ES","mainEntityOfPage":{"@id":"https:\/\/www.eldigitaldeasturias.com\/noticias\/la-junta-firma-un-convenio-para-mitigar-en-jaen-los-recortes-del-gobierno-en-dependencia\/#webpage"},"isPartOf":{"@id":"https:\/\/www.eldigitaldeasturias.com\/noticias\/la-junta-firma-un-convenio-para-mitigar-en-jaen-los-recortes-del-gobierno-en-dependencia\/#webpage"},"articleSection":"Actualidad"},{"@type":"BreadcrumbList","@id":"https:\/\/www.eldigitaldeasturias.com\/noticias\/la-junta-firma-un-convenio-para-mitigar-en-jaen-los-recortes-del-gobierno-en-dependencia\/#breadcrumblist","itemListElement":[{"@type":"ListItem","@id":"https:\/\/www.eldigitaldeasturias.com\/noticias#listItem","position":1,"name":"Home","item":"https:\/\/www.eldigitaldeasturias.com\/noticias","nextItem":{"@type":"ListItem","@id":"https:\/\/www.eldigitaldeasturias.com\/noticias\/category\/actualidad\/#listItem","name":"Actualidad"}},{"@type":"ListItem","@id":"https:\/\/www.eldigitaldeasturias.com\/noticias\/category\/actualidad\/#listItem","position":2,"name":"Actualidad","item":"https:\/\/www.eldigitaldeasturias.com\/noticias\/category\/actualidad\/","nextItem":{"@type":"ListItem","@id":"https:\/\/www.eldigitaldeasturias.com\/noticias\/la-junta-firma-un-convenio-para-mitigar-en-jaen-los-recortes-del-gobierno-en-dependencia\/#listItem","name":"La Junta firma un convenio para mitigar en Ja\u00e9n los recortes del Gobierno en dependencia"},"previousItem":{"@type":"ListItem","@id":"https:\/\/www.eldigitaldeasturias.com\/noticias#listItem","name":"Home"}},{"@type":"ListItem","@id":"https:\/\/www.eldigitaldeasturias.com\/noticias\/la-junta-firma-un-convenio-para-mitigar-en-jaen-los-recortes-del-gobierno-en-dependencia\/#listItem","position":3,"name":"La Junta firma un convenio para mitigar en Ja\u00e9n los recortes del Gobierno en dependencia","previousItem":{"@type":"ListItem","@id":"https:\/\/www.eldigitaldeasturias.com\/noticias\/category\/actualidad\/#listItem","name":"Actualidad"}}]},{"@type":"Organization","@id":"https:\/\/www.eldigitaldeasturias.com\/noticias\/#organization","name":"El Digital de Asturias","description":"Hemeroteca","url":"https:\/\/www.eldigitaldeasturias.com\/noticias\/","email":"info@eldigitaldeasturias.com","telephone":"+34652131393","logo":{"@type":"ImageObject","url":"https:\/\/www.eldigitaldeasturias.com\/noticias\/wp-content\/uploads\/2020\/12\/EDA.jpg","@id":"https:\/\/www.eldigitaldeasturias.com\/noticias\/la-junta-firma-un-convenio-para-mitigar-en-jaen-los-recortes-del-gobierno-en-dependencia\/#organizationLogo"},"image":{"@id":"https:\/\/www.eldigitaldeasturias.com\/noticias\/la-junta-firma-un-convenio-para-mitigar-en-jaen-los-recortes-del-gobierno-en-dependencia\/#organizationLogo"},"sameAs":["https:\/\/facebook.com\/eldigitaldeasturias","https:\/\/www.youtube.com\/channel\/UCZP-2wLEB9Rv6erhFmqVnvg"],"address":{"@id":"https:\/\/www.eldigitaldeasturias.com\/noticias\/#postaladdress","@type":"PostalAddress","streetAddress":"san antonio 4","postalCode":"33430","addressLocality":"Cand\u00e1s","addressRegion":"Asturias","addressCountry":"ES"}},{"@type":"Person","@id":"https:\/\/www.eldigitaldeasturias.com\/noticias\/author\/admin\/#author","url":"https:\/\/www.eldigitaldeasturias.com\/noticias\/author\/admin\/","name":"El Digital de Asturias","image":{"@type":"ImageObject","@id":"https:\/\/www.eldigitaldeasturias.com\/noticias\/la-junta-firma-un-convenio-para-mitigar-en-jaen-los-recortes-del-gobierno-en-dependencia\/#authorImage","url":"https:\/\/secure.gravatar.com\/avatar\/df2aeffc32bcd13f8d26072ef8a91b623d677766deac7f97ca815868cd41bf5e?s=96&d=mm&r=g","width":96,"height":96,"caption":"El Digital de Asturias"}},{"@type":"WebPage","@id":"https:\/\/www.eldigitaldeasturias.com\/noticias\/la-junta-firma-un-convenio-para-mitigar-en-jaen-los-recortes-del-gobierno-en-dependencia\/#webpage","url":"https:\/\/www.eldigitaldeasturias.com\/noticias\/la-junta-firma-un-convenio-para-mitigar-en-jaen-los-recortes-del-gobierno-en-dependencia\/","name":"La Junta firma un convenio para mitigar en Ja\u00e9n los recortes del Gobierno en dependencia - El Digital de Asturias","description":"La consejera de Igualdad y Pol\u00edticas Sociales, Mar\u00eda Jos\u00e9 S\u00e1nchez Rubio, ha suscrito un convenio con la Diputaci\u00f3n Provincial de Ja\u00e9n y los ayuntamientos de Alcal\u00e1 la Real, And\u00fajar, Linares, Martos y \u00dabeda, que se enmarca en el plan aprobado por el Consejo de Gobierno para mitigar los efectos de los recortes del Ejecutivo central","inLanguage":"es-ES","isPartOf":{"@id":"https:\/\/www.eldigitaldeasturias.com\/noticias\/#website"},"breadcrumb":{"@id":"https:\/\/www.eldigitaldeasturias.com\/noticias\/la-junta-firma-un-convenio-para-mitigar-en-jaen-los-recortes-del-gobierno-en-dependencia\/#breadcrumblist"},"author":{"@id":"https:\/\/www.eldigitaldeasturias.com\/noticias\/author\/admin\/#author"},"creator":{"@id":"https:\/\/www.eldigitaldeasturias.com\/noticias\/author\/admin\/#author"},"image":{"@type":"ImageObject","url":951744,"@id":"https:\/\/www.eldigitaldeasturias.com\/noticias\/la-junta-firma-un-convenio-para-mitigar-en-jaen-los-recortes-del-gobierno-en-dependencia\/#mainImage"},"primaryImageOfPage":{"@id":"https:\/\/www.eldigitaldeasturias.com\/noticias\/la-junta-firma-un-convenio-para-mitigar-en-jaen-los-recortes-del-gobierno-en-dependencia\/#mainImage"},"datePublished":"2017-09-04T21:13:43+02:00","dateModified":"2017-09-04T21:13:43+02:00"},{"@type":"WebSite","@id":"https:\/\/www.eldigitaldeasturias.com\/noticias\/#website","url":"https:\/\/www.eldigitaldeasturias.com\/noticias\/","name":"El Digital de Asturias - Diario de actualidad y noticias","alternateName":"El Digital de Asturias - Diario de actualidad y noticias","description":"Hemeroteca","inLanguage":"es-ES","publisher":{"@id":"https:\/\/www.eldigitaldeasturias.com\/noticias\/#organization"}}]},"og:locale":"es_ES","og:site_name":"El Digital de Asturias","og:type":"article","og:title":"La Junta firma un convenio para mitigar en Ja\u00e9n los recortes del Gobierno en dependencia - El Digital de Asturias","og:description":"La consejera de Igualdad y Pol\u00edticas Sociales, Mar\u00eda Jos\u00e9 S\u00e1nchez Rubio, ha suscrito un convenio con la Diputaci\u00f3n Provincial de Ja\u00e9n y los ayuntamientos de Alcal\u00e1 la Real, And\u00fajar, Linares, Martos y \u00dabeda, que se enmarca en el plan aprobado por el Consejo de Gobierno para mitigar los efectos de los recortes del Ejecutivo central","og:url":"https:\/\/www.eldigitaldeasturias.com\/noticias\/la-junta-firma-un-convenio-para-mitigar-en-jaen-los-recortes-del-gobierno-en-dependencia\/","article:tag":["actualidad"],"article:published_time":"2017-09-04T21:13:43+00:00","article:modified_time":"2017-09-04T21:13:43+00:00","article:publisher":"https:\/\/facebook.com\/eldigitaldeasturias","twitter:card":"summary_large_image","twitter:title":"La Junta firma un convenio para mitigar en Ja\u00e9n los recortes del Gobierno en dependencia - El Digital de Asturias","twitter:description":"La consejera de Igualdad y Pol\u00edticas Sociales, Mar\u00eda Jos\u00e9 S\u00e1nchez Rubio, ha suscrito un convenio con la Diputaci\u00f3n Provincial de Ja\u00e9n y los ayuntamientos de Alcal\u00e1 la Real, And\u00fajar, Linares, Martos y \u00dabeda, que se enmarca en el plan aprobado por el Consejo de Gobierno para mitigar los efectos de los recortes del Ejecutivo central","twitter:image":"https:\/\/www.eldigitaldeasturias.com\/noticias\/wp-content\/uploads\/2020\/12\/EDA-1.jpg","twitter:label1":"Escrito por","twitter:data1":"El Digital de Asturias","twitter:label2":"Tiempo de lectura estimado","twitter:data2":"4 minutos"},"aioseo_meta_data":{"post_id":"951743","title":null,"description":null,"keywords":null,"keyphrases":null,"primary_term":null,"canonical_url":null,"og_title":null,"og_description":null,"og_object_type":"default","og_image_type":"default","og_image_url":null,"og_image_width":null,"og_image_height":null,"og_image_custom_url":null,"og_image_custom_fields":null,"og_video":null,"og_custom_url":null,"og_article_section":null,"og_article_tags":null,"twitter_use_og":false,"twitter_card":"default","twitter_image_type":"default","twitter_image_url":null,"twitter_image_custom_url":null,"twitter_image_custom_fields":null,"twitter_title":null,"twitter_description":null,"schema":{"blockGraphs":[],"customGraphs":[],"default":{"data":{"Article":[],"Course":[],"Dataset":[],"FAQPage":[],"Movie":[],"Person":[],"Product":[],"ProductReview":[],"Car":[],"Recipe":[],"Service":[],"SoftwareApplication":[],"WebPage":[]},"graphName":"","isEnabled":true},"graphs":[],"defaultGraph":"","defaultPostTypeGraph":""},"schema_type":null,"schema_type_options":null,"pillar_content":false,"robots_default":true,"robots_noindex":false,"robots_noarchive":false,"robots_nosnippet":false,"robots_nofollow":false,"robots_noimageindex":false,"robots_noodp":false,"robots_notranslate":false,"robots_max_snippet":null,"robots_max_videopreview":null,"robots_max_imagepreview":"large","priority":null,"frequency":null,"local_seo":null,"seo_analyzer_scan_date":"2025-12-05 20:21:33","breadcrumb_settings":null,"limit_modified_date":false,"open_ai":null,"ai":null,"created":"2020-12-21 12:58:03","updated":"2025-12-05 20:21:33","focus_keyword":null,"additional_keywords":null,"truseo_locale":null},"aioseo_breadcrumb":"<div class=\"aioseo-breadcrumbs\"><span class=\"aioseo-breadcrumb\">\n\t<a href=\"https:\/\/www.eldigitaldeasturias.com\/noticias\" title=\"Home\">Home<\/a>\n<\/span><span class=\"aioseo-breadcrumb-separator\">\u2013<\/span><span class=\"aioseo-breadcrumb\">\n\t<a href=\"https:\/\/www.eldigitaldeasturias.com\/noticias\/category\/actualidad\/\" title=\"Actualidad\">Actualidad<\/a>\n<\/span><span class=\"aioseo-breadcrumb-separator\">\u2013<\/span><span class=\"aioseo-breadcrumb\">\n\t<a href=\"https:\/\/www.eldigitaldeasturias.com\/noticias\/la-junta-firma-un-convenio-para-mitigar-en-jaen-los-recortes-del-gobierno-en-dependencia\/\" title=\"La Junta firma un convenio para mitigar en Ja\u00e9n los recortes del Gobierno en dependencia\">La Junta firma un convenio para mitigar en Ja\u00e9n los recortes del Gobierno en dependencia<\/a>\n<\/span><\/div>","aioseo_breadcrumb_json":[{"label":"Home","link":"https:\/\/www.eldigitaldeasturias.com\/noticias"},{"label":"Actualidad","link":"https:\/\/www.eldigitaldeasturias.com\/noticias\/category\/actualidad\/"},{"label":"La Junta firma un convenio para mitigar en Ja\u00e9n los recortes del Gobierno en dependencia","link":"https:\/\/www.eldigitaldeasturias.com\/noticias\/la-junta-firma-un-convenio-para-mitigar-en-jaen-los-recortes-del-gobierno-en-dependencia\/"}],"_links":{"self":[{"href":"https:\/\/www.eldigitaldeasturias.com\/noticias\/wp-json\/wp\/v2\/posts\/951743","targetHints":{"allow":["GET"]}}],"collection":[{"href":"https:\/\/www.eldigitaldeasturias.com\/noticias\/wp-json\/wp\/v2\/posts"}],"about":[{"href":"https:\/\/www.eldigitaldeasturias.com\/noticias\/wp-json\/wp\/v2\/types\/post"}],"author":[{"embeddable":true,"href":"https:\/\/www.eldigitaldeasturias.com\/noticias\/wp-json\/wp\/v2\/users\/1"}],"replies":[{"embeddable":true,"href":"https:\/\/www.eldigitaldeasturias.com\/noticias\/wp-json\/wp\/v2\/comments?post=951743"}],"version-history":[{"count":0,"href":"https:\/\/www.eldigitaldeasturias.com\/noticias\/wp-json\/wp\/v2\/posts\/951743\/revisions"}],"wp:attachment":[{"href":"https:\/\/www.eldigitaldeasturias.com\/noticias\/wp-json\/wp\/v2\/media?parent=951743"}],"wp:term":[{"taxonomy":"category","embeddable":true,"href":"https:\/\/www.eldigitaldeasturias.com\/noticias\/wp-json\/wp\/v2\/categories?post=951743"},{"taxonomy":"post_tag","embeddable":true,"href":"https:\/\/www.eldigitaldeasturias.com\/noticias\/wp-json\/wp\/v2\/tags?post=951743"}],"curies":[{"name":"wp","href":"https:\/\/api.w.org\/{rel}","templated":true}]}}