{"id":951740,"date":"2017-09-04T21:05:38","date_gmt":"2017-09-04T21:05:38","guid":{"rendered":"http:\/\/www.eldigitaldeasturias.com\/noticias\/?p=951740"},"modified":"2017-09-04T21:05:38","modified_gmt":"2017-09-04T21:05:38","slug":"adjudicada-la-segunda-fase-de-construccion-del-colegio-raimundo-lulio-de-camas","status":"publish","type":"post","link":"https:\/\/www.eldigitaldeasturias.com\/noticias\/adjudicada-la-segunda-fase-de-construccion-del-colegio-raimundo-lulio-de-camas\/","title":{"rendered":"Adjudicada la segunda fase de construcci\u00f3n del colegio Raimundo Lulio de Camas"},"content":{"rendered":"<p><img loading=\"lazy\" decoding=\"async\" class=\"alignleft size-full wp-image-951741\" src=\"https:\/\/www.eldigitaldeasturias.com\/noticias\/wp-content\/uploads\/2017\/09\/1504523966485.jpg\" alt=\"\" width=\"312\" height=\"190\" \/>La Consejer\u00eda de Educaci\u00f3n ha adjudicado las obras de ampliaci\u00f3n del Colegio de Educaci\u00f3n Infantil y Primaria (CEIP) Raimundo Lulio de Camas (Sevilla), con un presupuesto superior a 2,71 millones de euros y un plazo de ejecuci\u00f3n de doce meses. Los trabajos, que ser\u00e1n realizados por la UTE Grupo Constructor Grucal Andaluc\u00eda, SA\/Juan Bueno y Compa\u00f1\u00eda, SA, dotar\u00e1n al centro de una l\u00ednea m\u00e1s, hasta contar con una capacidad de 675 puestos escolares.<\/p>\n<p>Las obras abordar\u00e1n la ejecuci\u00f3n de la segunda fase de sustituci\u00f3n del CEIP Raimundo Lulio en la parcela donde se ejecut\u00f3 la primera, correspondiente a un C1 (centro con una l\u00ednea de Infantil y Primaria). La actuaci\u00f3n permitir\u00e1n acoger a todo el alumnado en un \u00fanico recinto escolar y convertir\u00e1n al nuevo colegio en un centro de tipolog\u00eda C3, es decir, con tres l\u00edneas.<\/p>\n<p>El nuevo edificio albergar\u00e1 seis aulas de Infantil con aseos integrados y doce de Primaria, as\u00ed como un aula de Educaci\u00f3n Especial con ba\u00f1o adaptado, seis aulas de peque\u00f1o grupo y un aula-taller de m\u00fasica. Asimismo, el proyecto recoge la construcci\u00f3n de un sal\u00f3n de usos m\u00faltiples, una biblioteca, una zona de recursos, un gimnasio con vestuarios y aseos para alumnado y un almac\u00e9n general. En el \u00e1rea de administraci\u00f3n se crear\u00e1 un despacho de direcci\u00f3n, una sala de profesorado, un despacho de jefatura de estudios y una sala para las asociaciones de padres y alumnado.<\/p>\n<p>Adem\u00e1s, para dar respuesta a la nueva capacidad del centro, se ampliar\u00e1 el comedor construido en la primera fase de las obras, que duplicar\u00e1 su superficie actual. En el exterior se construir\u00e1n dos pistas polideportivas, un porche cubierto y otras zonas comunes como aulas exteriores, huerto, jard\u00edn y zona de estacionamiento. Tambi\u00e9n se ampliar\u00e1n las zonas de juegos para el alumnado de Infantil y Primaria.<\/p>\n<p>La primera fase de las obras, que cont\u00f3 con una inversi\u00f3n cercana a 1,5 millones de euros y fue inaugurada en el curso 2013\/14, supuso la construcci\u00f3n de un nuevo edificio dotado de una zona docente de Infantil, con tres aulas y aseos incorporados, as\u00ed como un aula de espacios comunes y seis aulas polivalentes y aseos para los alumnos de Primaria. Asimismo, se cre\u00f3 un \u00e1rea de administraci\u00f3n, zonas comunes, comedor con oficio para servicio de &#8216;catering&#8217; y diversos espacios exteriores.<\/p>\n<p>Esta nueva intervenci\u00f3n, que cuenta con la cofinanciaci\u00f3n del Fondo Europeo de Desarrollo Regional (FEDER) dentro del programa operativo de Andaluc\u00eda 2014-2020, est\u00e1 incluida en el Plan de Inversiones en Infraestructuras Educativas 2017-2018 de la Consejer\u00eda de Educaci\u00f3n, que se ejecuta a trav\u00e9s de la Agencia P\u00fablica Andaluza de Educaci\u00f3n. Este plan est\u00e1 dotado con 155,6 millones de euros e incluye actuaciones de construcci\u00f3n, ampliaci\u00f3n y mejora de centros en las ocho provincias andaluzas, adem\u00e1s de obras espec\u00edficas de escolarizaci\u00f3n y necesidades t\u00e9cnicas.<\/p>\n<p>&nbsp;<\/p>\n","protected":false},"excerpt":{"rendered":"<p>La Consejer\u00eda de Educaci\u00f3n ha adjudicado las obras de ampliaci\u00f3n del Colegio de Educaci\u00f3n Infantil y Primaria (CEIP) Raimundo Lulio de Camas (Sevilla), con un presupuesto superior a 2,71 millones de euros y un plazo de ejecuci\u00f3n de doce meses. Los trabajos, que ser\u00e1n realizados por la UTE Grupo Constructor Grucal Andaluc\u00eda, SA\/Juan Bueno y [&hellip;]<\/p>\n","protected":false},"author":1,"featured_media":951741,"comment_status":"closed","ping_status":"closed","sticky":false,"template":"","format":"standard","meta":{"footnotes":""},"categories":[1],"tags":[],"class_list":["post-951740","post","type-post","status-publish","format-standard","has-post-thumbnail","hentry","category-actualidad"],"aioseo_notices":[],"aioseo_head":"\n\t\t<!-- All in One SEO Pro 5.0.1 - aioseo.com -->\n\t<meta name=\"description\" content=\"La Consejer\u00eda de Educaci\u00f3n ha adjudicado las obras de ampliaci\u00f3n del Colegio de Educaci\u00f3n Infantil y Primaria (CEIP) Raimundo Lulio de Camas (Sevilla), con un presupuesto superior a 2,71 millones de euros y un plazo de ejecuci\u00f3n de doce meses. Los trabajos, que ser\u00e1n realizados por la UTE Grupo Constructor Grucal Andaluc\u00eda, SA\/Juan Bueno y\" \/>\n\t<meta name=\"robots\" content=\"max-image-preview:large\" \/>\n\t<meta name=\"author\" content=\"El Digital de Asturias\"\/>\n\t<meta name=\"google-site-verification\" content=\"UA-38556648-1\" \/>\n\t<meta name=\"msvalidate.01\" content=\"7dfe9f3f1b24437ab69f4f2559babe99\" \/>\n\t<meta name=\"keywords\" content=\"actualidad\" \/>\n\t<link rel=\"canonical\" href=\"https:\/\/www.eldigitaldeasturias.com\/noticias\/adjudicada-la-segunda-fase-de-construccion-del-colegio-raimundo-lulio-de-camas\/\" \/>\n\t<meta name=\"generator\" content=\"All in One SEO Pro (AIOSEO) 5.0.1\" \/>\n\t\t<meta property=\"og:locale\" content=\"es_ES\" \/>\n\t\t<meta property=\"og:site_name\" content=\"El Digital de Asturias\" \/>\n\t\t<meta property=\"og:type\" content=\"article\" \/>\n\t\t<meta property=\"og:title\" content=\"Adjudicada la segunda fase de construcci\u00f3n del colegio Raimundo Lulio de Camas - El Digital de Asturias\" \/>\n\t\t<meta property=\"og:description\" content=\"La Consejer\u00eda de Educaci\u00f3n ha adjudicado las obras de ampliaci\u00f3n del Colegio de Educaci\u00f3n Infantil y Primaria (CEIP) Raimundo Lulio de Camas (Sevilla), con un presupuesto superior a 2,71 millones de euros y un plazo de ejecuci\u00f3n de doce meses. Los trabajos, que ser\u00e1n realizados por la UTE Grupo Constructor Grucal Andaluc\u00eda, SA\/Juan Bueno y\" \/>\n\t\t<meta property=\"og:url\" content=\"https:\/\/www.eldigitaldeasturias.com\/noticias\/adjudicada-la-segunda-fase-de-construccion-del-colegio-raimundo-lulio-de-camas\/\" \/>\n\t\t<meta property=\"article:tag\" content=\"actualidad\" \/>\n\t\t<meta property=\"article:published_time\" content=\"2017-09-04T21:05:38+00:00\" \/>\n\t\t<meta property=\"article:modified_time\" content=\"2017-09-04T21:05:38+00:00\" \/>\n\t\t<meta property=\"article:publisher\" content=\"https:\/\/facebook.com\/eldigitaldeasturias\" \/>\n\t\t<meta name=\"twitter:card\" content=\"summary_large_image\" \/>\n\t\t<meta name=\"twitter:title\" content=\"Adjudicada la segunda fase de construcci\u00f3n del colegio Raimundo Lulio de Camas - El Digital de Asturias\" \/>\n\t\t<meta name=\"twitter:description\" content=\"La Consejer\u00eda de Educaci\u00f3n ha adjudicado las obras de ampliaci\u00f3n del Colegio de Educaci\u00f3n Infantil y Primaria (CEIP) Raimundo Lulio de Camas (Sevilla), con un presupuesto superior a 2,71 millones de euros y un plazo de ejecuci\u00f3n de doce meses. Los trabajos, que ser\u00e1n realizados por la UTE Grupo Constructor Grucal Andaluc\u00eda, SA\/Juan Bueno y\" \/>\n\t\t<meta name=\"twitter:image\" content=\"https:\/\/www.eldigitaldeasturias.com\/noticias\/wp-content\/uploads\/2020\/12\/EDA-1.jpg\" \/>\n\t\t<meta name=\"twitter:label1\" content=\"Escrito por\" \/>\n\t\t<meta name=\"twitter:data1\" content=\"El Digital de Asturias\" \/>\n\t\t<meta name=\"twitter:label2\" content=\"Tiempo de lectura estimado\" \/>\n\t\t<meta name=\"twitter:data2\" content=\"3 minutos\" \/>\n\t\t<script type=\"application\/ld+json\" class=\"aioseo-schema\">\n\t\t\t{\"@context\":\"https:\\\/\\\/schema.org\",\"@graph\":[{\"@type\":\"BlogPosting\",\"@id\":\"https:\\\/\\\/www.eldigitaldeasturias.com\\\/noticias\\\/adjudicada-la-segunda-fase-de-construccion-del-colegio-raimundo-lulio-de-camas\\\/#blogposting\",\"name\":\"Adjudicada la segunda fase de construcci\\u00f3n del colegio Raimundo Lulio de Camas - El Digital de Asturias\",\"headline\":\"Adjudicada la segunda fase de construcci\\u00f3n del colegio Raimundo Lulio de Camas\",\"author\":{\"@id\":\"https:\\\/\\\/www.eldigitaldeasturias.com\\\/noticias\\\/author\\\/admin\\\/#author\"},\"publisher\":{\"@id\":\"https:\\\/\\\/www.eldigitaldeasturias.com\\\/noticias\\\/#organization\"},\"image\":{\"@type\":\"ImageObject\",\"url\":951741},\"datePublished\":\"2017-09-04T21:05:38+02:00\",\"dateModified\":\"2017-09-04T21:05:38+02:00\",\"inLanguage\":\"es-ES\",\"mainEntityOfPage\":{\"@id\":\"https:\\\/\\\/www.eldigitaldeasturias.com\\\/noticias\\\/adjudicada-la-segunda-fase-de-construccion-del-colegio-raimundo-lulio-de-camas\\\/#webpage\"},\"isPartOf\":{\"@id\":\"https:\\\/\\\/www.eldigitaldeasturias.com\\\/noticias\\\/adjudicada-la-segunda-fase-de-construccion-del-colegio-raimundo-lulio-de-camas\\\/#webpage\"},\"articleSection\":\"Actualidad\"},{\"@type\":\"BreadcrumbList\",\"@id\":\"https:\\\/\\\/www.eldigitaldeasturias.com\\\/noticias\\\/adjudicada-la-segunda-fase-de-construccion-del-colegio-raimundo-lulio-de-camas\\\/#breadcrumblist\",\"itemListElement\":[{\"@type\":\"ListItem\",\"@id\":\"https:\\\/\\\/www.eldigitaldeasturias.com\\\/noticias#listItem\",\"position\":1,\"name\":\"Home\",\"item\":\"https:\\\/\\\/www.eldigitaldeasturias.com\\\/noticias\",\"nextItem\":{\"@type\":\"ListItem\",\"@id\":\"https:\\\/\\\/www.eldigitaldeasturias.com\\\/noticias\\\/category\\\/actualidad\\\/#listItem\",\"name\":\"Actualidad\"}},{\"@type\":\"ListItem\",\"@id\":\"https:\\\/\\\/www.eldigitaldeasturias.com\\\/noticias\\\/category\\\/actualidad\\\/#listItem\",\"position\":2,\"name\":\"Actualidad\",\"item\":\"https:\\\/\\\/www.eldigitaldeasturias.com\\\/noticias\\\/category\\\/actualidad\\\/\",\"nextItem\":{\"@type\":\"ListItem\",\"@id\":\"https:\\\/\\\/www.eldigitaldeasturias.com\\\/noticias\\\/adjudicada-la-segunda-fase-de-construccion-del-colegio-raimundo-lulio-de-camas\\\/#listItem\",\"name\":\"Adjudicada la segunda fase de construcci\\u00f3n del colegio Raimundo Lulio de Camas\"},\"previousItem\":{\"@type\":\"ListItem\",\"@id\":\"https:\\\/\\\/www.eldigitaldeasturias.com\\\/noticias#listItem\",\"name\":\"Home\"}},{\"@type\":\"ListItem\",\"@id\":\"https:\\\/\\\/www.eldigitaldeasturias.com\\\/noticias\\\/adjudicada-la-segunda-fase-de-construccion-del-colegio-raimundo-lulio-de-camas\\\/#listItem\",\"position\":3,\"name\":\"Adjudicada la segunda fase de construcci\\u00f3n del colegio Raimundo Lulio de Camas\",\"previousItem\":{\"@type\":\"ListItem\",\"@id\":\"https:\\\/\\\/www.eldigitaldeasturias.com\\\/noticias\\\/category\\\/actualidad\\\/#listItem\",\"name\":\"Actualidad\"}}]},{\"@type\":\"Organization\",\"@id\":\"https:\\\/\\\/www.eldigitaldeasturias.com\\\/noticias\\\/#organization\",\"name\":\"El Digital de Asturias\",\"description\":\"Hemeroteca\",\"url\":\"https:\\\/\\\/www.eldigitaldeasturias.com\\\/noticias\\\/\",\"email\":\"info@eldigitaldeasturias.com\",\"telephone\":\"+34652131393\",\"logo\":{\"@type\":\"ImageObject\",\"url\":\"https:\\\/\\\/www.eldigitaldeasturias.com\\\/noticias\\\/wp-content\\\/uploads\\\/2020\\\/12\\\/EDA.jpg\",\"@id\":\"https:\\\/\\\/www.eldigitaldeasturias.com\\\/noticias\\\/adjudicada-la-segunda-fase-de-construccion-del-colegio-raimundo-lulio-de-camas\\\/#organizationLogo\"},\"image\":{\"@id\":\"https:\\\/\\\/www.eldigitaldeasturias.com\\\/noticias\\\/adjudicada-la-segunda-fase-de-construccion-del-colegio-raimundo-lulio-de-camas\\\/#organizationLogo\"},\"sameAs\":[\"https:\\\/\\\/facebook.com\\\/eldigitaldeasturias\",\"https:\\\/\\\/www.youtube.com\\\/channel\\\/UCZP-2wLEB9Rv6erhFmqVnvg\"],\"address\":{\"@id\":\"https:\\\/\\\/www.eldigitaldeasturias.com\\\/noticias\\\/#postaladdress\",\"@type\":\"PostalAddress\",\"streetAddress\":\"san antonio 4\",\"postalCode\":\"33430\",\"addressLocality\":\"Cand\\u00e1s\",\"addressRegion\":\"Asturias\",\"addressCountry\":\"ES\"}},{\"@type\":\"Person\",\"@id\":\"https:\\\/\\\/www.eldigitaldeasturias.com\\\/noticias\\\/author\\\/admin\\\/#author\",\"url\":\"https:\\\/\\\/www.eldigitaldeasturias.com\\\/noticias\\\/author\\\/admin\\\/\",\"name\":\"El Digital de Asturias\",\"image\":{\"@type\":\"ImageObject\",\"@id\":\"https:\\\/\\\/www.eldigitaldeasturias.com\\\/noticias\\\/adjudicada-la-segunda-fase-de-construccion-del-colegio-raimundo-lulio-de-camas\\\/#authorImage\",\"url\":\"https:\\\/\\\/secure.gravatar.com\\\/avatar\\\/df2aeffc32bcd13f8d26072ef8a91b623d677766deac7f97ca815868cd41bf5e?s=96&d=mm&r=g\",\"width\":96,\"height\":96,\"caption\":\"El Digital de Asturias\"}},{\"@type\":\"WebPage\",\"@id\":\"https:\\\/\\\/www.eldigitaldeasturias.com\\\/noticias\\\/adjudicada-la-segunda-fase-de-construccion-del-colegio-raimundo-lulio-de-camas\\\/#webpage\",\"url\":\"https:\\\/\\\/www.eldigitaldeasturias.com\\\/noticias\\\/adjudicada-la-segunda-fase-de-construccion-del-colegio-raimundo-lulio-de-camas\\\/\",\"name\":\"Adjudicada la segunda fase de construcci\\u00f3n del colegio Raimundo Lulio de Camas - El Digital de Asturias\",\"description\":\"La Consejer\\u00eda de Educaci\\u00f3n ha adjudicado las obras de ampliaci\\u00f3n del Colegio de Educaci\\u00f3n Infantil y Primaria (CEIP) Raimundo Lulio de Camas (Sevilla), con un presupuesto superior a 2,71 millones de euros y un plazo de ejecuci\\u00f3n de doce meses. Los trabajos, que ser\\u00e1n realizados por la UTE Grupo Constructor Grucal Andaluc\\u00eda, SA\\\/Juan Bueno y\",\"inLanguage\":\"es-ES\",\"isPartOf\":{\"@id\":\"https:\\\/\\\/www.eldigitaldeasturias.com\\\/noticias\\\/#website\"},\"breadcrumb\":{\"@id\":\"https:\\\/\\\/www.eldigitaldeasturias.com\\\/noticias\\\/adjudicada-la-segunda-fase-de-construccion-del-colegio-raimundo-lulio-de-camas\\\/#breadcrumblist\"},\"author\":{\"@id\":\"https:\\\/\\\/www.eldigitaldeasturias.com\\\/noticias\\\/author\\\/admin\\\/#author\"},\"creator\":{\"@id\":\"https:\\\/\\\/www.eldigitaldeasturias.com\\\/noticias\\\/author\\\/admin\\\/#author\"},\"image\":{\"@type\":\"ImageObject\",\"url\":951741,\"@id\":\"https:\\\/\\\/www.eldigitaldeasturias.com\\\/noticias\\\/adjudicada-la-segunda-fase-de-construccion-del-colegio-raimundo-lulio-de-camas\\\/#mainImage\"},\"primaryImageOfPage\":{\"@id\":\"https:\\\/\\\/www.eldigitaldeasturias.com\\\/noticias\\\/adjudicada-la-segunda-fase-de-construccion-del-colegio-raimundo-lulio-de-camas\\\/#mainImage\"},\"datePublished\":\"2017-09-04T21:05:38+02:00\",\"dateModified\":\"2017-09-04T21:05:38+02:00\"},{\"@type\":\"WebSite\",\"@id\":\"https:\\\/\\\/www.eldigitaldeasturias.com\\\/noticias\\\/#website\",\"url\":\"https:\\\/\\\/www.eldigitaldeasturias.com\\\/noticias\\\/\",\"name\":\"El Digital de Asturias - Diario de actualidad y noticias\",\"alternateName\":\"El Digital de Asturias - Diario de actualidad y noticias\",\"description\":\"Hemeroteca\",\"inLanguage\":\"es-ES\",\"publisher\":{\"@id\":\"https:\\\/\\\/www.eldigitaldeasturias.com\\\/noticias\\\/#organization\"}}]}\n\t\t<\/script>\n\t\t<!-- All in One SEO Pro -->\r\n\t\t<title>Adjudicada la segunda fase de construcci\u00f3n del colegio Raimundo Lulio de Camas - El Digital de Asturias<\/title>\n\n","aioseo_head_json":{"title":"Adjudicada la segunda fase de construcci\u00f3n del colegio Raimundo Lulio de Camas - El Digital de Asturias","description":"La Consejer\u00eda de Educaci\u00f3n ha adjudicado las obras de ampliaci\u00f3n del Colegio de Educaci\u00f3n Infantil y Primaria (CEIP) Raimundo Lulio de Camas (Sevilla), con un presupuesto superior a 2,71 millones de euros y un plazo de ejecuci\u00f3n de doce meses. Los trabajos, que ser\u00e1n realizados por la UTE Grupo Constructor Grucal Andaluc\u00eda, SA\/Juan Bueno y","canonical_url":"https:\/\/www.eldigitaldeasturias.com\/noticias\/adjudicada-la-segunda-fase-de-construccion-del-colegio-raimundo-lulio-de-camas\/","robots":"max-image-preview:large","keywords":"actualidad","webmasterTools":{"google-site-verification":"UA-38556648-1","msvalidate.01":"7dfe9f3f1b24437ab69f4f2559babe99","miscellaneous":""},"schema":{"@context":"https:\/\/schema.org","@graph":[{"@type":"BlogPosting","@id":"https:\/\/www.eldigitaldeasturias.com\/noticias\/adjudicada-la-segunda-fase-de-construccion-del-colegio-raimundo-lulio-de-camas\/#blogposting","name":"Adjudicada la segunda fase de construcci\u00f3n del colegio Raimundo Lulio de Camas - El Digital de Asturias","headline":"Adjudicada la segunda fase de construcci\u00f3n del colegio Raimundo Lulio de Camas","author":{"@id":"https:\/\/www.eldigitaldeasturias.com\/noticias\/author\/admin\/#author"},"publisher":{"@id":"https:\/\/www.eldigitaldeasturias.com\/noticias\/#organization"},"image":{"@type":"ImageObject","url":951741},"datePublished":"2017-09-04T21:05:38+02:00","dateModified":"2017-09-04T21:05:38+02:00","inLanguage":"es-ES","mainEntityOfPage":{"@id":"https:\/\/www.eldigitaldeasturias.com\/noticias\/adjudicada-la-segunda-fase-de-construccion-del-colegio-raimundo-lulio-de-camas\/#webpage"},"isPartOf":{"@id":"https:\/\/www.eldigitaldeasturias.com\/noticias\/adjudicada-la-segunda-fase-de-construccion-del-colegio-raimundo-lulio-de-camas\/#webpage"},"articleSection":"Actualidad"},{"@type":"BreadcrumbList","@id":"https:\/\/www.eldigitaldeasturias.com\/noticias\/adjudicada-la-segunda-fase-de-construccion-del-colegio-raimundo-lulio-de-camas\/#breadcrumblist","itemListElement":[{"@type":"ListItem","@id":"https:\/\/www.eldigitaldeasturias.com\/noticias#listItem","position":1,"name":"Home","item":"https:\/\/www.eldigitaldeasturias.com\/noticias","nextItem":{"@type":"ListItem","@id":"https:\/\/www.eldigitaldeasturias.com\/noticias\/category\/actualidad\/#listItem","name":"Actualidad"}},{"@type":"ListItem","@id":"https:\/\/www.eldigitaldeasturias.com\/noticias\/category\/actualidad\/#listItem","position":2,"name":"Actualidad","item":"https:\/\/www.eldigitaldeasturias.com\/noticias\/category\/actualidad\/","nextItem":{"@type":"ListItem","@id":"https:\/\/www.eldigitaldeasturias.com\/noticias\/adjudicada-la-segunda-fase-de-construccion-del-colegio-raimundo-lulio-de-camas\/#listItem","name":"Adjudicada la segunda fase de construcci\u00f3n del colegio Raimundo Lulio de Camas"},"previousItem":{"@type":"ListItem","@id":"https:\/\/www.eldigitaldeasturias.com\/noticias#listItem","name":"Home"}},{"@type":"ListItem","@id":"https:\/\/www.eldigitaldeasturias.com\/noticias\/adjudicada-la-segunda-fase-de-construccion-del-colegio-raimundo-lulio-de-camas\/#listItem","position":3,"name":"Adjudicada la segunda fase de construcci\u00f3n del colegio Raimundo Lulio de Camas","previousItem":{"@type":"ListItem","@id":"https:\/\/www.eldigitaldeasturias.com\/noticias\/category\/actualidad\/#listItem","name":"Actualidad"}}]},{"@type":"Organization","@id":"https:\/\/www.eldigitaldeasturias.com\/noticias\/#organization","name":"El Digital de Asturias","description":"Hemeroteca","url":"https:\/\/www.eldigitaldeasturias.com\/noticias\/","email":"info@eldigitaldeasturias.com","telephone":"+34652131393","logo":{"@type":"ImageObject","url":"https:\/\/www.eldigitaldeasturias.com\/noticias\/wp-content\/uploads\/2020\/12\/EDA.jpg","@id":"https:\/\/www.eldigitaldeasturias.com\/noticias\/adjudicada-la-segunda-fase-de-construccion-del-colegio-raimundo-lulio-de-camas\/#organizationLogo"},"image":{"@id":"https:\/\/www.eldigitaldeasturias.com\/noticias\/adjudicada-la-segunda-fase-de-construccion-del-colegio-raimundo-lulio-de-camas\/#organizationLogo"},"sameAs":["https:\/\/facebook.com\/eldigitaldeasturias","https:\/\/www.youtube.com\/channel\/UCZP-2wLEB9Rv6erhFmqVnvg"],"address":{"@id":"https:\/\/www.eldigitaldeasturias.com\/noticias\/#postaladdress","@type":"PostalAddress","streetAddress":"san antonio 4","postalCode":"33430","addressLocality":"Cand\u00e1s","addressRegion":"Asturias","addressCountry":"ES"}},{"@type":"Person","@id":"https:\/\/www.eldigitaldeasturias.com\/noticias\/author\/admin\/#author","url":"https:\/\/www.eldigitaldeasturias.com\/noticias\/author\/admin\/","name":"El Digital de Asturias","image":{"@type":"ImageObject","@id":"https:\/\/www.eldigitaldeasturias.com\/noticias\/adjudicada-la-segunda-fase-de-construccion-del-colegio-raimundo-lulio-de-camas\/#authorImage","url":"https:\/\/secure.gravatar.com\/avatar\/df2aeffc32bcd13f8d26072ef8a91b623d677766deac7f97ca815868cd41bf5e?s=96&d=mm&r=g","width":96,"height":96,"caption":"El Digital de Asturias"}},{"@type":"WebPage","@id":"https:\/\/www.eldigitaldeasturias.com\/noticias\/adjudicada-la-segunda-fase-de-construccion-del-colegio-raimundo-lulio-de-camas\/#webpage","url":"https:\/\/www.eldigitaldeasturias.com\/noticias\/adjudicada-la-segunda-fase-de-construccion-del-colegio-raimundo-lulio-de-camas\/","name":"Adjudicada la segunda fase de construcci\u00f3n del colegio Raimundo Lulio de Camas - El Digital de Asturias","description":"La Consejer\u00eda de Educaci\u00f3n ha adjudicado las obras de ampliaci\u00f3n del Colegio de Educaci\u00f3n Infantil y Primaria (CEIP) Raimundo Lulio de Camas (Sevilla), con un presupuesto superior a 2,71 millones de euros y un plazo de ejecuci\u00f3n de doce meses. Los trabajos, que ser\u00e1n realizados por la UTE Grupo Constructor Grucal Andaluc\u00eda, SA\/Juan Bueno y","inLanguage":"es-ES","isPartOf":{"@id":"https:\/\/www.eldigitaldeasturias.com\/noticias\/#website"},"breadcrumb":{"@id":"https:\/\/www.eldigitaldeasturias.com\/noticias\/adjudicada-la-segunda-fase-de-construccion-del-colegio-raimundo-lulio-de-camas\/#breadcrumblist"},"author":{"@id":"https:\/\/www.eldigitaldeasturias.com\/noticias\/author\/admin\/#author"},"creator":{"@id":"https:\/\/www.eldigitaldeasturias.com\/noticias\/author\/admin\/#author"},"image":{"@type":"ImageObject","url":951741,"@id":"https:\/\/www.eldigitaldeasturias.com\/noticias\/adjudicada-la-segunda-fase-de-construccion-del-colegio-raimundo-lulio-de-camas\/#mainImage"},"primaryImageOfPage":{"@id":"https:\/\/www.eldigitaldeasturias.com\/noticias\/adjudicada-la-segunda-fase-de-construccion-del-colegio-raimundo-lulio-de-camas\/#mainImage"},"datePublished":"2017-09-04T21:05:38+02:00","dateModified":"2017-09-04T21:05:38+02:00"},{"@type":"WebSite","@id":"https:\/\/www.eldigitaldeasturias.com\/noticias\/#website","url":"https:\/\/www.eldigitaldeasturias.com\/noticias\/","name":"El Digital de Asturias - Diario de actualidad y noticias","alternateName":"El Digital de Asturias - Diario de actualidad y noticias","description":"Hemeroteca","inLanguage":"es-ES","publisher":{"@id":"https:\/\/www.eldigitaldeasturias.com\/noticias\/#organization"}}]},"og:locale":"es_ES","og:site_name":"El Digital de Asturias","og:type":"article","og:title":"Adjudicada la segunda fase de construcci\u00f3n del colegio Raimundo Lulio de Camas - El Digital de Asturias","og:description":"La Consejer\u00eda de Educaci\u00f3n ha adjudicado las obras de ampliaci\u00f3n del Colegio de Educaci\u00f3n Infantil y Primaria (CEIP) Raimundo Lulio de Camas (Sevilla), con un presupuesto superior a 2,71 millones de euros y un plazo de ejecuci\u00f3n de doce meses. Los trabajos, que ser\u00e1n realizados por la UTE Grupo Constructor Grucal Andaluc\u00eda, SA\/Juan Bueno y","og:url":"https:\/\/www.eldigitaldeasturias.com\/noticias\/adjudicada-la-segunda-fase-de-construccion-del-colegio-raimundo-lulio-de-camas\/","article:tag":["actualidad"],"article:published_time":"2017-09-04T21:05:38+00:00","article:modified_time":"2017-09-04T21:05:38+00:00","article:publisher":"https:\/\/facebook.com\/eldigitaldeasturias","twitter:card":"summary_large_image","twitter:title":"Adjudicada la segunda fase de construcci\u00f3n del colegio Raimundo Lulio de Camas - El Digital de Asturias","twitter:description":"La Consejer\u00eda de Educaci\u00f3n ha adjudicado las obras de ampliaci\u00f3n del Colegio de Educaci\u00f3n Infantil y Primaria (CEIP) Raimundo Lulio de Camas (Sevilla), con un presupuesto superior a 2,71 millones de euros y un plazo de ejecuci\u00f3n de doce meses. Los trabajos, que ser\u00e1n realizados por la UTE Grupo Constructor Grucal Andaluc\u00eda, SA\/Juan Bueno y","twitter:image":"https:\/\/www.eldigitaldeasturias.com\/noticias\/wp-content\/uploads\/2020\/12\/EDA-1.jpg","twitter:label1":"Escrito por","twitter:data1":"El Digital de Asturias","twitter:label2":"Tiempo de lectura estimado","twitter:data2":"3 minutos"},"aioseo_meta_data":{"post_id":"951740","title":null,"description":null,"keywords":null,"keyphrases":null,"primary_term":null,"canonical_url":null,"og_title":null,"og_description":null,"og_object_type":"default","og_image_type":"default","og_image_url":null,"og_image_width":null,"og_image_height":null,"og_image_custom_url":null,"og_image_custom_fields":null,"og_video":null,"og_custom_url":null,"og_article_section":null,"og_article_tags":null,"twitter_use_og":false,"twitter_card":"default","twitter_image_type":"default","twitter_image_url":null,"twitter_image_custom_url":null,"twitter_image_custom_fields":null,"twitter_title":null,"twitter_description":null,"schema":{"blockGraphs":[],"customGraphs":[],"default":{"data":{"Article":[],"Course":[],"Dataset":[],"FAQPage":[],"Movie":[],"Person":[],"Product":[],"ProductReview":[],"Car":[],"Recipe":[],"Service":[],"SoftwareApplication":[],"WebPage":[]},"graphName":"","isEnabled":true},"graphs":[],"defaultGraph":"","defaultPostTypeGraph":""},"schema_type":null,"schema_type_options":null,"pillar_content":false,"robots_default":true,"robots_noindex":false,"robots_noarchive":false,"robots_nosnippet":false,"robots_nofollow":false,"robots_noimageindex":false,"robots_noodp":false,"robots_notranslate":false,"robots_max_snippet":null,"robots_max_videopreview":null,"robots_max_imagepreview":"large","priority":null,"frequency":null,"local_seo":null,"seo_analyzer_scan_date":"2025-12-05 20:21:32","breadcrumb_settings":null,"limit_modified_date":false,"open_ai":null,"ai":null,"created":"2020-12-21 12:58:03","updated":"2025-12-05 20:21:32","focus_keyword":null,"additional_keywords":null,"truseo_locale":null},"aioseo_breadcrumb":"<div class=\"aioseo-breadcrumbs\"><span class=\"aioseo-breadcrumb\">\n\t<a href=\"https:\/\/www.eldigitaldeasturias.com\/noticias\" title=\"Home\">Home<\/a>\n<\/span><span class=\"aioseo-breadcrumb-separator\">\u2013<\/span><span class=\"aioseo-breadcrumb\">\n\t<a href=\"https:\/\/www.eldigitaldeasturias.com\/noticias\/category\/actualidad\/\" title=\"Actualidad\">Actualidad<\/a>\n<\/span><span class=\"aioseo-breadcrumb-separator\">\u2013<\/span><span class=\"aioseo-breadcrumb\">\n\t<a href=\"https:\/\/www.eldigitaldeasturias.com\/noticias\/adjudicada-la-segunda-fase-de-construccion-del-colegio-raimundo-lulio-de-camas\/\" title=\"Adjudicada la segunda fase de construcci\u00f3n del colegio Raimundo Lulio de Camas\">Adjudicada la segunda fase de construcci\u00f3n del colegio Raimundo Lulio de Camas<\/a>\n<\/span><\/div>","aioseo_breadcrumb_json":[{"label":"Home","link":"https:\/\/www.eldigitaldeasturias.com\/noticias"},{"label":"Actualidad","link":"https:\/\/www.eldigitaldeasturias.com\/noticias\/category\/actualidad\/"},{"label":"Adjudicada la segunda fase de construcci\u00f3n del colegio Raimundo Lulio de Camas","link":"https:\/\/www.eldigitaldeasturias.com\/noticias\/adjudicada-la-segunda-fase-de-construccion-del-colegio-raimundo-lulio-de-camas\/"}],"_links":{"self":[{"href":"https:\/\/www.eldigitaldeasturias.com\/noticias\/wp-json\/wp\/v2\/posts\/951740","targetHints":{"allow":["GET"]}}],"collection":[{"href":"https:\/\/www.eldigitaldeasturias.com\/noticias\/wp-json\/wp\/v2\/posts"}],"about":[{"href":"https:\/\/www.eldigitaldeasturias.com\/noticias\/wp-json\/wp\/v2\/types\/post"}],"author":[{"embeddable":true,"href":"https:\/\/www.eldigitaldeasturias.com\/noticias\/wp-json\/wp\/v2\/users\/1"}],"replies":[{"embeddable":true,"href":"https:\/\/www.eldigitaldeasturias.com\/noticias\/wp-json\/wp\/v2\/comments?post=951740"}],"version-history":[{"count":0,"href":"https:\/\/www.eldigitaldeasturias.com\/noticias\/wp-json\/wp\/v2\/posts\/951740\/revisions"}],"wp:attachment":[{"href":"https:\/\/www.eldigitaldeasturias.com\/noticias\/wp-json\/wp\/v2\/media?parent=951740"}],"wp:term":[{"taxonomy":"category","embeddable":true,"href":"https:\/\/www.eldigitaldeasturias.com\/noticias\/wp-json\/wp\/v2\/categories?post=951740"},{"taxonomy":"post_tag","embeddable":true,"href":"https:\/\/www.eldigitaldeasturias.com\/noticias\/wp-json\/wp\/v2\/tags?post=951740"}],"curies":[{"name":"wp","href":"https:\/\/api.w.org\/{rel}","templated":true}]}}