{"id":951737,"date":"2017-09-04T21:03:54","date_gmt":"2017-09-04T21:03:54","guid":{"rendered":"http:\/\/www.eldigitaldeasturias.com\/noticias\/?p=951737"},"modified":"2017-09-04T21:03:54","modified_gmt":"2017-09-04T21:03:54","slug":"vazquez-anuncia-la-restauracion-del-mosaico-los-amores-de-zeus-de-ecija","status":"publish","type":"post","link":"https:\/\/www.eldigitaldeasturias.com\/noticias\/vazquez-anuncia-la-restauracion-del-mosaico-los-amores-de-zeus-de-ecija\/","title":{"rendered":"V\u00e1zquez anuncia la restauraci\u00f3n del mosaico &#8216;Los amores de Zeus&#8217;, de \u00c9cija"},"content":{"rendered":"<p><img loading=\"lazy\" decoding=\"async\" class=\"alignleft size-full wp-image-951738\" src=\"https:\/\/www.eldigitaldeasturias.com\/noticias\/wp-content\/uploads\/2017\/09\/1504526609934.jpg\" alt=\"\" width=\"312\" height=\"190\" \/>El consejero de Cultura, Miguel \u00c1ngel V\u00e1zquez, ha anunciado que el Instituto Andaluz de Patrimonio Hist\u00f3rico (IAPH) va a restaurar el mosaico &#8216;Los amores de Zeus&#8217;, uno de los m\u00e1s impresionantes descubiertos hasta hoy en Andaluc\u00eda. V\u00e1zquez ha hecho este anuncio en \u00c9cija, durante la visita al lugar original en el que se descubri\u00f3 este mosaico.<\/p>\n<p>El Instituto Andaluz de Patrimonio Hist\u00f3rico acometer\u00e1 por primera vez los trabajos de restauraci\u00f3n de una pieza de estas caracter\u00edsticas traslad\u00e1ndola a su sede, lo que supone, ha comentado V\u00e1zquez, \u00abuna excelente oportunidad para el IAPH, ya que va a poder realizar un trabajo pionero que lo convertir\u00e1 en un referente en este tipo de actuaciones\u00bb.<\/p>\n<p>La actuaci\u00f3n, ha se\u00f1alado el consejero, es \u00abexigente y compleja\u00bb y permitir\u00e1 poner en pr\u00e1ctica muchos conocimientos cient\u00edficos, lo que otorgar\u00e1 a este trabajo una gran repercusi\u00f3n internacional dentro del \u00e1mbito de la restauraci\u00f3n. En este sentido, ha reiterado, para la Junta de Andaluc\u00eda \u00abes muy importante velar por nuestro patrimonio, para que \u00e9ste se transmita en las mejores condiciones a las pr\u00f3ximas generaciones\u00bb.<\/p>\n<p>El consejero de Cultura, que ha estado acompa\u00f1ado en la visita por el alcalde de \u00c9cija, David Garc\u00eda Ostos, ha subrayado tambi\u00e9n que esta actuaci\u00f3n conjunta, que se iniciar\u00e1 antes de finalizar el a\u00f1o, \u00abes una demostraci\u00f3n de la importancia de la colaboraci\u00f3n entre las instituciones, en este caso con una corporaci\u00f3n local, para recuperar, conservar y difundir el patrimonio\u00bb.<\/p>\n<p>\u00abEstamos convencidos de que restaurar y conservar nuestro pasado es invertir en el futuro, y con este mosaico invertimos en conocimiento y prestigio cient\u00edfico, pero tambi\u00e9n en oportunidades, situando a \u00c9cija en un referente patrimonial en el centro del turismo cultural, porque es un privilegio contar en nuestro legado con piezas tan excepcionales como este mosaico\u00bb, ha explicado V\u00e1zquez.<\/p>\n<p><strong>Un mosaico del siglo III<\/strong><\/p>\n<p>El mosaico se descubri\u00f3 en 2015 y es propiedad del Ayuntamiento. Seg\u00fan las investigaciones realizadas, formaba parte del comedor de un vivienda romana del siglo III de nuestra era. En la pieza, de 40 metros cuadrados, se representan hasta 30 figuras repartidas en 12 escenas mitol\u00f3gicas. Miles de teselas que dibujan las escenas de la vida amorosa del m\u00e1ximo Dios de la mitolog\u00eda cl\u00e1sica.<\/p>\n<p>Los trabajos tendr\u00e1n una duraci\u00f3n de 18 meses: dos de estudio cient\u00edfico, 14 de trabajos en el IAPH y dos de colocaci\u00f3n del mosaico en el lugar original.<\/p>\n<p>&nbsp;<\/p>\n","protected":false},"excerpt":{"rendered":"<p>El consejero de Cultura, Miguel \u00c1ngel V\u00e1zquez, ha anunciado que el Instituto Andaluz de Patrimonio Hist\u00f3rico (IAPH) va a restaurar el mosaico &#8216;Los amores de Zeus&#8217;, uno de los m\u00e1s impresionantes descubiertos hasta hoy en Andaluc\u00eda. V\u00e1zquez ha hecho este anuncio en \u00c9cija, durante la visita al lugar original en el que se descubri\u00f3 este [&hellip;]<\/p>\n","protected":false},"author":1,"featured_media":951738,"comment_status":"closed","ping_status":"closed","sticky":false,"template":"","format":"standard","meta":{"footnotes":""},"categories":[1],"tags":[],"class_list":["post-951737","post","type-post","status-publish","format-standard","has-post-thumbnail","hentry","category-actualidad"],"aioseo_notices":[],"aioseo_head":"\n\t\t<!-- All in One SEO Pro 5.0.1 - aioseo.com -->\n\t<meta name=\"description\" content=\"El consejero de Cultura, Miguel \u00c1ngel V\u00e1zquez, ha anunciado que el Instituto Andaluz de Patrimonio Hist\u00f3rico (IAPH) va a restaurar el mosaico &#039;Los amores de Zeus&#039;, uno de los m\u00e1s impresionantes descubiertos hasta hoy en Andaluc\u00eda. V\u00e1zquez ha hecho este anuncio en \u00c9cija, durante la visita al lugar original en el que se descubri\u00f3 este\" \/>\n\t<meta name=\"robots\" content=\"max-image-preview:large\" \/>\n\t<meta name=\"author\" content=\"El Digital de Asturias\"\/>\n\t<meta name=\"google-site-verification\" content=\"UA-38556648-1\" \/>\n\t<meta name=\"msvalidate.01\" content=\"7dfe9f3f1b24437ab69f4f2559babe99\" \/>\n\t<meta name=\"keywords\" content=\"actualidad\" \/>\n\t<link rel=\"canonical\" href=\"https:\/\/www.eldigitaldeasturias.com\/noticias\/vazquez-anuncia-la-restauracion-del-mosaico-los-amores-de-zeus-de-ecija\/\" \/>\n\t<meta name=\"generator\" content=\"All in One SEO Pro (AIOSEO) 5.0.1\" \/>\n\t\t<meta property=\"og:locale\" content=\"es_ES\" \/>\n\t\t<meta property=\"og:site_name\" content=\"El Digital de Asturias\" \/>\n\t\t<meta property=\"og:type\" content=\"article\" \/>\n\t\t<meta property=\"og:title\" content=\"V\u00e1zquez anuncia la restauraci\u00f3n del mosaico \u2018Los amores de Zeus\u2019, de \u00c9cija - El Digital de Asturias\" \/>\n\t\t<meta property=\"og:description\" content=\"El consejero de Cultura, Miguel \u00c1ngel V\u00e1zquez, ha anunciado que el Instituto Andaluz de Patrimonio Hist\u00f3rico (IAPH) va a restaurar el mosaico &#039;Los amores de Zeus&#039;, uno de los m\u00e1s impresionantes descubiertos hasta hoy en Andaluc\u00eda. V\u00e1zquez ha hecho este anuncio en \u00c9cija, durante la visita al lugar original en el que se descubri\u00f3 este\" \/>\n\t\t<meta property=\"og:url\" content=\"https:\/\/www.eldigitaldeasturias.com\/noticias\/vazquez-anuncia-la-restauracion-del-mosaico-los-amores-de-zeus-de-ecija\/\" \/>\n\t\t<meta property=\"article:tag\" content=\"actualidad\" \/>\n\t\t<meta property=\"article:published_time\" content=\"2017-09-04T21:03:54+00:00\" \/>\n\t\t<meta property=\"article:modified_time\" content=\"2017-09-04T21:03:54+00:00\" \/>\n\t\t<meta property=\"article:publisher\" content=\"https:\/\/facebook.com\/eldigitaldeasturias\" \/>\n\t\t<meta name=\"twitter:card\" content=\"summary_large_image\" \/>\n\t\t<meta name=\"twitter:title\" content=\"V\u00e1zquez anuncia la restauraci\u00f3n del mosaico \u2018Los amores de Zeus\u2019, de \u00c9cija - El Digital de Asturias\" \/>\n\t\t<meta name=\"twitter:description\" content=\"El consejero de Cultura, Miguel \u00c1ngel V\u00e1zquez, ha anunciado que el Instituto Andaluz de Patrimonio Hist\u00f3rico (IAPH) va a restaurar el mosaico &#039;Los amores de Zeus&#039;, uno de los m\u00e1s impresionantes descubiertos hasta hoy en Andaluc\u00eda. V\u00e1zquez ha hecho este anuncio en \u00c9cija, durante la visita al lugar original en el que se descubri\u00f3 este\" \/>\n\t\t<meta name=\"twitter:image\" content=\"https:\/\/www.eldigitaldeasturias.com\/noticias\/wp-content\/uploads\/2020\/12\/EDA-1.jpg\" \/>\n\t\t<meta name=\"twitter:label1\" content=\"Escrito por\" \/>\n\t\t<meta name=\"twitter:data1\" content=\"El Digital de Asturias\" \/>\n\t\t<meta name=\"twitter:label2\" content=\"Tiempo de lectura estimado\" \/>\n\t\t<meta name=\"twitter:data2\" content=\"2 minutos\" \/>\n\t\t<script type=\"application\/ld+json\" class=\"aioseo-schema\">\n\t\t\t{\"@context\":\"https:\\\/\\\/schema.org\",\"@graph\":[{\"@type\":\"BlogPosting\",\"@id\":\"https:\\\/\\\/www.eldigitaldeasturias.com\\\/noticias\\\/vazquez-anuncia-la-restauracion-del-mosaico-los-amores-de-zeus-de-ecija\\\/#blogposting\",\"name\":\"V\\u00e1zquez anuncia la restauraci\\u00f3n del mosaico \\u2018Los amores de Zeus\\u2019, de \\u00c9cija - El Digital de Asturias\",\"headline\":\"V\\u00e1zquez anuncia la restauraci\\u00f3n del mosaico &#8216;Los amores de Zeus&#8217;, de \\u00c9cija\",\"author\":{\"@id\":\"https:\\\/\\\/www.eldigitaldeasturias.com\\\/noticias\\\/author\\\/admin\\\/#author\"},\"publisher\":{\"@id\":\"https:\\\/\\\/www.eldigitaldeasturias.com\\\/noticias\\\/#organization\"},\"image\":{\"@type\":\"ImageObject\",\"url\":951738},\"datePublished\":\"2017-09-04T21:03:54+02:00\",\"dateModified\":\"2017-09-04T21:03:54+02:00\",\"inLanguage\":\"es-ES\",\"mainEntityOfPage\":{\"@id\":\"https:\\\/\\\/www.eldigitaldeasturias.com\\\/noticias\\\/vazquez-anuncia-la-restauracion-del-mosaico-los-amores-de-zeus-de-ecija\\\/#webpage\"},\"isPartOf\":{\"@id\":\"https:\\\/\\\/www.eldigitaldeasturias.com\\\/noticias\\\/vazquez-anuncia-la-restauracion-del-mosaico-los-amores-de-zeus-de-ecija\\\/#webpage\"},\"articleSection\":\"Actualidad\"},{\"@type\":\"BreadcrumbList\",\"@id\":\"https:\\\/\\\/www.eldigitaldeasturias.com\\\/noticias\\\/vazquez-anuncia-la-restauracion-del-mosaico-los-amores-de-zeus-de-ecija\\\/#breadcrumblist\",\"itemListElement\":[{\"@type\":\"ListItem\",\"@id\":\"https:\\\/\\\/www.eldigitaldeasturias.com\\\/noticias#listItem\",\"position\":1,\"name\":\"Home\",\"item\":\"https:\\\/\\\/www.eldigitaldeasturias.com\\\/noticias\",\"nextItem\":{\"@type\":\"ListItem\",\"@id\":\"https:\\\/\\\/www.eldigitaldeasturias.com\\\/noticias\\\/category\\\/actualidad\\\/#listItem\",\"name\":\"Actualidad\"}},{\"@type\":\"ListItem\",\"@id\":\"https:\\\/\\\/www.eldigitaldeasturias.com\\\/noticias\\\/category\\\/actualidad\\\/#listItem\",\"position\":2,\"name\":\"Actualidad\",\"item\":\"https:\\\/\\\/www.eldigitaldeasturias.com\\\/noticias\\\/category\\\/actualidad\\\/\",\"nextItem\":{\"@type\":\"ListItem\",\"@id\":\"https:\\\/\\\/www.eldigitaldeasturias.com\\\/noticias\\\/vazquez-anuncia-la-restauracion-del-mosaico-los-amores-de-zeus-de-ecija\\\/#listItem\",\"name\":\"V\\u00e1zquez anuncia la restauraci\\u00f3n del mosaico &#8216;Los amores de Zeus&#8217;, de \\u00c9cija\"},\"previousItem\":{\"@type\":\"ListItem\",\"@id\":\"https:\\\/\\\/www.eldigitaldeasturias.com\\\/noticias#listItem\",\"name\":\"Home\"}},{\"@type\":\"ListItem\",\"@id\":\"https:\\\/\\\/www.eldigitaldeasturias.com\\\/noticias\\\/vazquez-anuncia-la-restauracion-del-mosaico-los-amores-de-zeus-de-ecija\\\/#listItem\",\"position\":3,\"name\":\"V\\u00e1zquez anuncia la restauraci\\u00f3n del mosaico &#8216;Los amores de Zeus&#8217;, de \\u00c9cija\",\"previousItem\":{\"@type\":\"ListItem\",\"@id\":\"https:\\\/\\\/www.eldigitaldeasturias.com\\\/noticias\\\/category\\\/actualidad\\\/#listItem\",\"name\":\"Actualidad\"}}]},{\"@type\":\"Organization\",\"@id\":\"https:\\\/\\\/www.eldigitaldeasturias.com\\\/noticias\\\/#organization\",\"name\":\"El Digital de Asturias\",\"description\":\"Hemeroteca\",\"url\":\"https:\\\/\\\/www.eldigitaldeasturias.com\\\/noticias\\\/\",\"email\":\"info@eldigitaldeasturias.com\",\"telephone\":\"+34652131393\",\"logo\":{\"@type\":\"ImageObject\",\"url\":\"https:\\\/\\\/www.eldigitaldeasturias.com\\\/noticias\\\/wp-content\\\/uploads\\\/2020\\\/12\\\/EDA.jpg\",\"@id\":\"https:\\\/\\\/www.eldigitaldeasturias.com\\\/noticias\\\/vazquez-anuncia-la-restauracion-del-mosaico-los-amores-de-zeus-de-ecija\\\/#organizationLogo\"},\"image\":{\"@id\":\"https:\\\/\\\/www.eldigitaldeasturias.com\\\/noticias\\\/vazquez-anuncia-la-restauracion-del-mosaico-los-amores-de-zeus-de-ecija\\\/#organizationLogo\"},\"sameAs\":[\"https:\\\/\\\/facebook.com\\\/eldigitaldeasturias\",\"https:\\\/\\\/www.youtube.com\\\/channel\\\/UCZP-2wLEB9Rv6erhFmqVnvg\"],\"address\":{\"@id\":\"https:\\\/\\\/www.eldigitaldeasturias.com\\\/noticias\\\/#postaladdress\",\"@type\":\"PostalAddress\",\"streetAddress\":\"san antonio 4\",\"postalCode\":\"33430\",\"addressLocality\":\"Cand\\u00e1s\",\"addressRegion\":\"Asturias\",\"addressCountry\":\"ES\"}},{\"@type\":\"Person\",\"@id\":\"https:\\\/\\\/www.eldigitaldeasturias.com\\\/noticias\\\/author\\\/admin\\\/#author\",\"url\":\"https:\\\/\\\/www.eldigitaldeasturias.com\\\/noticias\\\/author\\\/admin\\\/\",\"name\":\"El Digital de Asturias\",\"image\":{\"@type\":\"ImageObject\",\"@id\":\"https:\\\/\\\/www.eldigitaldeasturias.com\\\/noticias\\\/vazquez-anuncia-la-restauracion-del-mosaico-los-amores-de-zeus-de-ecija\\\/#authorImage\",\"url\":\"https:\\\/\\\/secure.gravatar.com\\\/avatar\\\/df2aeffc32bcd13f8d26072ef8a91b623d677766deac7f97ca815868cd41bf5e?s=96&d=mm&r=g\",\"width\":96,\"height\":96,\"caption\":\"El Digital de Asturias\"}},{\"@type\":\"WebPage\",\"@id\":\"https:\\\/\\\/www.eldigitaldeasturias.com\\\/noticias\\\/vazquez-anuncia-la-restauracion-del-mosaico-los-amores-de-zeus-de-ecija\\\/#webpage\",\"url\":\"https:\\\/\\\/www.eldigitaldeasturias.com\\\/noticias\\\/vazquez-anuncia-la-restauracion-del-mosaico-los-amores-de-zeus-de-ecija\\\/\",\"name\":\"V\\u00e1zquez anuncia la restauraci\\u00f3n del mosaico \\u2018Los amores de Zeus\\u2019, de \\u00c9cija - El Digital de Asturias\",\"description\":\"El consejero de Cultura, Miguel \\u00c1ngel V\\u00e1zquez, ha anunciado que el Instituto Andaluz de Patrimonio Hist\\u00f3rico (IAPH) va a restaurar el mosaico 'Los amores de Zeus', uno de los m\\u00e1s impresionantes descubiertos hasta hoy en Andaluc\\u00eda. V\\u00e1zquez ha hecho este anuncio en \\u00c9cija, durante la visita al lugar original en el que se descubri\\u00f3 este\",\"inLanguage\":\"es-ES\",\"isPartOf\":{\"@id\":\"https:\\\/\\\/www.eldigitaldeasturias.com\\\/noticias\\\/#website\"},\"breadcrumb\":{\"@id\":\"https:\\\/\\\/www.eldigitaldeasturias.com\\\/noticias\\\/vazquez-anuncia-la-restauracion-del-mosaico-los-amores-de-zeus-de-ecija\\\/#breadcrumblist\"},\"author\":{\"@id\":\"https:\\\/\\\/www.eldigitaldeasturias.com\\\/noticias\\\/author\\\/admin\\\/#author\"},\"creator\":{\"@id\":\"https:\\\/\\\/www.eldigitaldeasturias.com\\\/noticias\\\/author\\\/admin\\\/#author\"},\"image\":{\"@type\":\"ImageObject\",\"url\":951738,\"@id\":\"https:\\\/\\\/www.eldigitaldeasturias.com\\\/noticias\\\/vazquez-anuncia-la-restauracion-del-mosaico-los-amores-de-zeus-de-ecija\\\/#mainImage\"},\"primaryImageOfPage\":{\"@id\":\"https:\\\/\\\/www.eldigitaldeasturias.com\\\/noticias\\\/vazquez-anuncia-la-restauracion-del-mosaico-los-amores-de-zeus-de-ecija\\\/#mainImage\"},\"datePublished\":\"2017-09-04T21:03:54+02:00\",\"dateModified\":\"2017-09-04T21:03:54+02:00\"},{\"@type\":\"WebSite\",\"@id\":\"https:\\\/\\\/www.eldigitaldeasturias.com\\\/noticias\\\/#website\",\"url\":\"https:\\\/\\\/www.eldigitaldeasturias.com\\\/noticias\\\/\",\"name\":\"El Digital de Asturias - Diario de actualidad y noticias\",\"alternateName\":\"El Digital de Asturias - Diario de actualidad y noticias\",\"description\":\"Hemeroteca\",\"inLanguage\":\"es-ES\",\"publisher\":{\"@id\":\"https:\\\/\\\/www.eldigitaldeasturias.com\\\/noticias\\\/#organization\"}}]}\n\t\t<\/script>\n\t\t<!-- All in One SEO Pro -->\r\n\t\t<title>V\u00e1zquez anuncia la restauraci\u00f3n del mosaico \u2018Los amores de Zeus\u2019, de \u00c9cija - El Digital de Asturias<\/title>\n\n","aioseo_head_json":{"title":"V\u00e1zquez anuncia la restauraci\u00f3n del mosaico \u2018Los amores de Zeus\u2019, de \u00c9cija - El Digital de Asturias","description":"El consejero de Cultura, Miguel \u00c1ngel V\u00e1zquez, ha anunciado que el Instituto Andaluz de Patrimonio Hist\u00f3rico (IAPH) va a restaurar el mosaico 'Los amores de Zeus', uno de los m\u00e1s impresionantes descubiertos hasta hoy en Andaluc\u00eda. V\u00e1zquez ha hecho este anuncio en \u00c9cija, durante la visita al lugar original en el que se descubri\u00f3 este","canonical_url":"https:\/\/www.eldigitaldeasturias.com\/noticias\/vazquez-anuncia-la-restauracion-del-mosaico-los-amores-de-zeus-de-ecija\/","robots":"max-image-preview:large","keywords":"actualidad","webmasterTools":{"google-site-verification":"UA-38556648-1","msvalidate.01":"7dfe9f3f1b24437ab69f4f2559babe99","miscellaneous":""},"schema":{"@context":"https:\/\/schema.org","@graph":[{"@type":"BlogPosting","@id":"https:\/\/www.eldigitaldeasturias.com\/noticias\/vazquez-anuncia-la-restauracion-del-mosaico-los-amores-de-zeus-de-ecija\/#blogposting","name":"V\u00e1zquez anuncia la restauraci\u00f3n del mosaico \u2018Los amores de Zeus\u2019, de \u00c9cija - El Digital de Asturias","headline":"V\u00e1zquez anuncia la restauraci\u00f3n del mosaico &#8216;Los amores de Zeus&#8217;, de \u00c9cija","author":{"@id":"https:\/\/www.eldigitaldeasturias.com\/noticias\/author\/admin\/#author"},"publisher":{"@id":"https:\/\/www.eldigitaldeasturias.com\/noticias\/#organization"},"image":{"@type":"ImageObject","url":951738},"datePublished":"2017-09-04T21:03:54+02:00","dateModified":"2017-09-04T21:03:54+02:00","inLanguage":"es-ES","mainEntityOfPage":{"@id":"https:\/\/www.eldigitaldeasturias.com\/noticias\/vazquez-anuncia-la-restauracion-del-mosaico-los-amores-de-zeus-de-ecija\/#webpage"},"isPartOf":{"@id":"https:\/\/www.eldigitaldeasturias.com\/noticias\/vazquez-anuncia-la-restauracion-del-mosaico-los-amores-de-zeus-de-ecija\/#webpage"},"articleSection":"Actualidad"},{"@type":"BreadcrumbList","@id":"https:\/\/www.eldigitaldeasturias.com\/noticias\/vazquez-anuncia-la-restauracion-del-mosaico-los-amores-de-zeus-de-ecija\/#breadcrumblist","itemListElement":[{"@type":"ListItem","@id":"https:\/\/www.eldigitaldeasturias.com\/noticias#listItem","position":1,"name":"Home","item":"https:\/\/www.eldigitaldeasturias.com\/noticias","nextItem":{"@type":"ListItem","@id":"https:\/\/www.eldigitaldeasturias.com\/noticias\/category\/actualidad\/#listItem","name":"Actualidad"}},{"@type":"ListItem","@id":"https:\/\/www.eldigitaldeasturias.com\/noticias\/category\/actualidad\/#listItem","position":2,"name":"Actualidad","item":"https:\/\/www.eldigitaldeasturias.com\/noticias\/category\/actualidad\/","nextItem":{"@type":"ListItem","@id":"https:\/\/www.eldigitaldeasturias.com\/noticias\/vazquez-anuncia-la-restauracion-del-mosaico-los-amores-de-zeus-de-ecija\/#listItem","name":"V\u00e1zquez anuncia la restauraci\u00f3n del mosaico &#8216;Los amores de Zeus&#8217;, de \u00c9cija"},"previousItem":{"@type":"ListItem","@id":"https:\/\/www.eldigitaldeasturias.com\/noticias#listItem","name":"Home"}},{"@type":"ListItem","@id":"https:\/\/www.eldigitaldeasturias.com\/noticias\/vazquez-anuncia-la-restauracion-del-mosaico-los-amores-de-zeus-de-ecija\/#listItem","position":3,"name":"V\u00e1zquez anuncia la restauraci\u00f3n del mosaico &#8216;Los amores de Zeus&#8217;, de \u00c9cija","previousItem":{"@type":"ListItem","@id":"https:\/\/www.eldigitaldeasturias.com\/noticias\/category\/actualidad\/#listItem","name":"Actualidad"}}]},{"@type":"Organization","@id":"https:\/\/www.eldigitaldeasturias.com\/noticias\/#organization","name":"El Digital de Asturias","description":"Hemeroteca","url":"https:\/\/www.eldigitaldeasturias.com\/noticias\/","email":"info@eldigitaldeasturias.com","telephone":"+34652131393","logo":{"@type":"ImageObject","url":"https:\/\/www.eldigitaldeasturias.com\/noticias\/wp-content\/uploads\/2020\/12\/EDA.jpg","@id":"https:\/\/www.eldigitaldeasturias.com\/noticias\/vazquez-anuncia-la-restauracion-del-mosaico-los-amores-de-zeus-de-ecija\/#organizationLogo"},"image":{"@id":"https:\/\/www.eldigitaldeasturias.com\/noticias\/vazquez-anuncia-la-restauracion-del-mosaico-los-amores-de-zeus-de-ecija\/#organizationLogo"},"sameAs":["https:\/\/facebook.com\/eldigitaldeasturias","https:\/\/www.youtube.com\/channel\/UCZP-2wLEB9Rv6erhFmqVnvg"],"address":{"@id":"https:\/\/www.eldigitaldeasturias.com\/noticias\/#postaladdress","@type":"PostalAddress","streetAddress":"san antonio 4","postalCode":"33430","addressLocality":"Cand\u00e1s","addressRegion":"Asturias","addressCountry":"ES"}},{"@type":"Person","@id":"https:\/\/www.eldigitaldeasturias.com\/noticias\/author\/admin\/#author","url":"https:\/\/www.eldigitaldeasturias.com\/noticias\/author\/admin\/","name":"El Digital de Asturias","image":{"@type":"ImageObject","@id":"https:\/\/www.eldigitaldeasturias.com\/noticias\/vazquez-anuncia-la-restauracion-del-mosaico-los-amores-de-zeus-de-ecija\/#authorImage","url":"https:\/\/secure.gravatar.com\/avatar\/df2aeffc32bcd13f8d26072ef8a91b623d677766deac7f97ca815868cd41bf5e?s=96&d=mm&r=g","width":96,"height":96,"caption":"El Digital de Asturias"}},{"@type":"WebPage","@id":"https:\/\/www.eldigitaldeasturias.com\/noticias\/vazquez-anuncia-la-restauracion-del-mosaico-los-amores-de-zeus-de-ecija\/#webpage","url":"https:\/\/www.eldigitaldeasturias.com\/noticias\/vazquez-anuncia-la-restauracion-del-mosaico-los-amores-de-zeus-de-ecija\/","name":"V\u00e1zquez anuncia la restauraci\u00f3n del mosaico \u2018Los amores de Zeus\u2019, de \u00c9cija - El Digital de Asturias","description":"El consejero de Cultura, Miguel \u00c1ngel V\u00e1zquez, ha anunciado que el Instituto Andaluz de Patrimonio Hist\u00f3rico (IAPH) va a restaurar el mosaico 'Los amores de Zeus', uno de los m\u00e1s impresionantes descubiertos hasta hoy en Andaluc\u00eda. V\u00e1zquez ha hecho este anuncio en \u00c9cija, durante la visita al lugar original en el que se descubri\u00f3 este","inLanguage":"es-ES","isPartOf":{"@id":"https:\/\/www.eldigitaldeasturias.com\/noticias\/#website"},"breadcrumb":{"@id":"https:\/\/www.eldigitaldeasturias.com\/noticias\/vazquez-anuncia-la-restauracion-del-mosaico-los-amores-de-zeus-de-ecija\/#breadcrumblist"},"author":{"@id":"https:\/\/www.eldigitaldeasturias.com\/noticias\/author\/admin\/#author"},"creator":{"@id":"https:\/\/www.eldigitaldeasturias.com\/noticias\/author\/admin\/#author"},"image":{"@type":"ImageObject","url":951738,"@id":"https:\/\/www.eldigitaldeasturias.com\/noticias\/vazquez-anuncia-la-restauracion-del-mosaico-los-amores-de-zeus-de-ecija\/#mainImage"},"primaryImageOfPage":{"@id":"https:\/\/www.eldigitaldeasturias.com\/noticias\/vazquez-anuncia-la-restauracion-del-mosaico-los-amores-de-zeus-de-ecija\/#mainImage"},"datePublished":"2017-09-04T21:03:54+02:00","dateModified":"2017-09-04T21:03:54+02:00"},{"@type":"WebSite","@id":"https:\/\/www.eldigitaldeasturias.com\/noticias\/#website","url":"https:\/\/www.eldigitaldeasturias.com\/noticias\/","name":"El Digital de Asturias - Diario de actualidad y noticias","alternateName":"El Digital de Asturias - Diario de actualidad y noticias","description":"Hemeroteca","inLanguage":"es-ES","publisher":{"@id":"https:\/\/www.eldigitaldeasturias.com\/noticias\/#organization"}}]},"og:locale":"es_ES","og:site_name":"El Digital de Asturias","og:type":"article","og:title":"V\u00e1zquez anuncia la restauraci\u00f3n del mosaico \u2018Los amores de Zeus\u2019, de \u00c9cija - El Digital de Asturias","og:description":"El consejero de Cultura, Miguel \u00c1ngel V\u00e1zquez, ha anunciado que el Instituto Andaluz de Patrimonio Hist\u00f3rico (IAPH) va a restaurar el mosaico 'Los amores de Zeus', uno de los m\u00e1s impresionantes descubiertos hasta hoy en Andaluc\u00eda. V\u00e1zquez ha hecho este anuncio en \u00c9cija, durante la visita al lugar original en el que se descubri\u00f3 este","og:url":"https:\/\/www.eldigitaldeasturias.com\/noticias\/vazquez-anuncia-la-restauracion-del-mosaico-los-amores-de-zeus-de-ecija\/","article:tag":["actualidad"],"article:published_time":"2017-09-04T21:03:54+00:00","article:modified_time":"2017-09-04T21:03:54+00:00","article:publisher":"https:\/\/facebook.com\/eldigitaldeasturias","twitter:card":"summary_large_image","twitter:title":"V\u00e1zquez anuncia la restauraci\u00f3n del mosaico \u2018Los amores de Zeus\u2019, de \u00c9cija - El Digital de Asturias","twitter:description":"El consejero de Cultura, Miguel \u00c1ngel V\u00e1zquez, ha anunciado que el Instituto Andaluz de Patrimonio Hist\u00f3rico (IAPH) va a restaurar el mosaico 'Los amores de Zeus', uno de los m\u00e1s impresionantes descubiertos hasta hoy en Andaluc\u00eda. V\u00e1zquez ha hecho este anuncio en \u00c9cija, durante la visita al lugar original en el que se descubri\u00f3 este","twitter:image":"https:\/\/www.eldigitaldeasturias.com\/noticias\/wp-content\/uploads\/2020\/12\/EDA-1.jpg","twitter:label1":"Escrito por","twitter:data1":"El Digital de Asturias","twitter:label2":"Tiempo de lectura estimado","twitter:data2":"2 minutos"},"aioseo_meta_data":{"post_id":"951737","title":null,"description":null,"keywords":null,"keyphrases":null,"primary_term":null,"canonical_url":null,"og_title":null,"og_description":null,"og_object_type":"default","og_image_type":"default","og_image_url":null,"og_image_width":null,"og_image_height":null,"og_image_custom_url":null,"og_image_custom_fields":null,"og_video":null,"og_custom_url":null,"og_article_section":null,"og_article_tags":null,"twitter_use_og":false,"twitter_card":"default","twitter_image_type":"default","twitter_image_url":null,"twitter_image_custom_url":null,"twitter_image_custom_fields":null,"twitter_title":null,"twitter_description":null,"schema":{"blockGraphs":[],"customGraphs":[],"default":{"data":{"Article":[],"Course":[],"Dataset":[],"FAQPage":[],"Movie":[],"Person":[],"Product":[],"ProductReview":[],"Car":[],"Recipe":[],"Service":[],"SoftwareApplication":[],"WebPage":[]},"graphName":"","isEnabled":true},"graphs":[],"defaultGraph":"","defaultPostTypeGraph":""},"schema_type":null,"schema_type_options":null,"pillar_content":false,"robots_default":true,"robots_noindex":false,"robots_noarchive":false,"robots_nosnippet":false,"robots_nofollow":false,"robots_noimageindex":false,"robots_noodp":false,"robots_notranslate":false,"robots_max_snippet":null,"robots_max_videopreview":null,"robots_max_imagepreview":"large","priority":null,"frequency":null,"local_seo":null,"seo_analyzer_scan_date":"2025-12-05 20:19:11","breadcrumb_settings":null,"limit_modified_date":false,"open_ai":null,"ai":null,"created":"2020-12-21 12:58:03","updated":"2025-12-05 20:19:11","focus_keyword":null,"additional_keywords":null,"truseo_locale":null},"aioseo_breadcrumb":"<div class=\"aioseo-breadcrumbs\"><span class=\"aioseo-breadcrumb\">\n\t<a href=\"https:\/\/www.eldigitaldeasturias.com\/noticias\" title=\"Home\">Home<\/a>\n<\/span><span class=\"aioseo-breadcrumb-separator\">\u2013<\/span><span class=\"aioseo-breadcrumb\">\n\t<a href=\"https:\/\/www.eldigitaldeasturias.com\/noticias\/category\/actualidad\/\" title=\"Actualidad\">Actualidad<\/a>\n<\/span><span class=\"aioseo-breadcrumb-separator\">\u2013<\/span><span class=\"aioseo-breadcrumb\">\n\t<a href=\"https:\/\/www.eldigitaldeasturias.com\/noticias\/vazquez-anuncia-la-restauracion-del-mosaico-los-amores-de-zeus-de-ecija\/\" title=\"V\u00e1zquez anuncia la restauraci\u00f3n del mosaico \u2018Los amores de Zeus\u2019, de \u00c9cija\">V\u00e1zquez anuncia la restauraci\u00f3n del mosaico \u2018Los amores de Zeus\u2019, de \u00c9cija<\/a>\n<\/span><\/div>","aioseo_breadcrumb_json":[{"label":"Home","link":"https:\/\/www.eldigitaldeasturias.com\/noticias"},{"label":"Actualidad","link":"https:\/\/www.eldigitaldeasturias.com\/noticias\/category\/actualidad\/"},{"label":"V\u00e1zquez anuncia la restauraci\u00f3n del mosaico &#8216;Los amores de Zeus&#8217;, de \u00c9cija","link":"https:\/\/www.eldigitaldeasturias.com\/noticias\/vazquez-anuncia-la-restauracion-del-mosaico-los-amores-de-zeus-de-ecija\/"}],"_links":{"self":[{"href":"https:\/\/www.eldigitaldeasturias.com\/noticias\/wp-json\/wp\/v2\/posts\/951737","targetHints":{"allow":["GET"]}}],"collection":[{"href":"https:\/\/www.eldigitaldeasturias.com\/noticias\/wp-json\/wp\/v2\/posts"}],"about":[{"href":"https:\/\/www.eldigitaldeasturias.com\/noticias\/wp-json\/wp\/v2\/types\/post"}],"author":[{"embeddable":true,"href":"https:\/\/www.eldigitaldeasturias.com\/noticias\/wp-json\/wp\/v2\/users\/1"}],"replies":[{"embeddable":true,"href":"https:\/\/www.eldigitaldeasturias.com\/noticias\/wp-json\/wp\/v2\/comments?post=951737"}],"version-history":[{"count":0,"href":"https:\/\/www.eldigitaldeasturias.com\/noticias\/wp-json\/wp\/v2\/posts\/951737\/revisions"}],"wp:attachment":[{"href":"https:\/\/www.eldigitaldeasturias.com\/noticias\/wp-json\/wp\/v2\/media?parent=951737"}],"wp:term":[{"taxonomy":"category","embeddable":true,"href":"https:\/\/www.eldigitaldeasturias.com\/noticias\/wp-json\/wp\/v2\/categories?post=951737"},{"taxonomy":"post_tag","embeddable":true,"href":"https:\/\/www.eldigitaldeasturias.com\/noticias\/wp-json\/wp\/v2\/tags?post=951737"}],"curies":[{"name":"wp","href":"https:\/\/api.w.org\/{rel}","templated":true}]}}